{"id":162646,"date":"2021-06-30T17:38:19","date_gmt":"2021-06-30T20:38:19","guid":{"rendered":"https:\/\/www.suno.com.br\/noticias\/?p=162646"},"modified":"2021-06-30T17:40:25","modified_gmt":"2021-06-30T20:40:25","slug":"dolar-tem-segunda-alta-consecutiva-e-se-aproxima-dos-r-5-novamente","status":"publish","type":"post","link":"https:\/\/www.suno.com.br\/noticias\/dolar-tem-segunda-alta-consecutiva-e-se-aproxima-dos-r-5-novamente\/","title":{"rendered":"D\u00f3lar tem segunda alta consecutiva e se aproxima dos R$ 5 novamente"},"content":{"rendered":"<p>O <strong><a href=\"https:\/\/www.suno.com.br\/artigos\/mercado-de-cambio\/\">d\u00f3lar<\/a><\/strong> encerrou o preg\u00e3o desta quarta-feira (30) em alta de 0,63%, negociado aos R$ 4,973.<\/p>\t<div class=\"wrapper-featured-image\">\n\t\t<figure class=\"spotlightImg\">\n\n\t\t\t<picture>\n\t\t\t\t<source media=\"(max-width: 768px)\" srcset=\"https:\/\/files.sunoresearch.com.br\/n\/uploads\/2021\/03\/d81eeb3f-usd-2874026_1280-400x200.webp\">\n\t\t\t\t<img loading=\"lazy\" decoding=\"async\" class=\"newsContent__article__imgCapa lazyloadDisabled \" src=\"https:\/\/files.sunoresearch.com.br\/n\/uploads\/2021\/03\/d81eeb3f-usd-2874026_1280-800x450.webp\" width=\"800\" height=\"450\" alt=\"D\u00f3lar tem segunda alta consecutiva e se aproxima dos R$ 5 novamente\" fetchpriority=high \/>\n\t\t\t<\/picture>\n\n\t\t\t<figcaption class=\"wp-caption-text wp-caption-text--show\">D\u00f3lar. Foto: Pixabay<\/figcaption>\n\t\t<\/figure>\n\t<\/div>\n\n\n\t<p>\n\t\t<a href=\"https:\/\/lp.suno.com.br\/planilha-controle-gastos\/\" target=\"_blank\" data-element=\"shortcode-suno-banner\" title=\"Banner SUNO, clique e saiba mais\">\n\t\t\t<picture>\n\t\t\t\t<source media=\"(max-width: 500px)\" srcset=\"https:\/\/files.sunoresearch.com.br\/n\/uploads\/2023\/03\/400x300-Planilha-controle-de-gastos.png\">\n\t\t\t\t<img class=\"newsContent__article__imgCapa newsContent__article__imgCapa--banner\"\n\t\t\t\t\tsrc=\"https:\/\/files.sunoresearch.com.br\/n\/uploads\/2023\/03\/1420x240-Planilha-controle-de-gastos.png\"\n\t\t\t\t\tdata-promo-id=\"101751\"\t\t\t\t\t\t\t\t\t\twidth='1420' height='240'\t\t\t\t\talt=\"https:\/\/files.sunoresearch.com.br\/n\/uploads\/2023\/03\/1420x240-Planilha-controle-de-gastos.png\"\n\t\t\t\t>\n\t\t\t<\/picture>\n\t\t<\/a>\n\t<\/p>\n\n\n<p>Hoje, o d\u00f3lar anotou sua segunda alta consecutiva, voltando a se aproximar dos R$ 5, ap\u00f3s ter acumulado uma queda de 2,58% na semana passada.<\/p>\n<p>De acordo com Rodrigo Franchini, s\u00f3cio da Monte Bravo Investimentos, hoje o mercado esteve atento \u00e0 quest\u00e3o da nova cepa do Coronav\u00edrus (Covid-19), contudo o pior movimento se d\u00e1 na \u00c1sia, explica o especialista.<\/p>\n<p>Al\u00e9m disso, o mercado tamb\u00e9m est\u00e1 de olho no pacote de infraestrutura norte-americano proposto por Joe Biden e na fala de Arthur Lira sobre dividendos, &#8220;que apesar de ter acalmado os investidores, uma taxa\u00e7\u00e3o de 0% para 15% ainda \u00e9 considerada um problema&#8221;.<\/p>\n<p><a href=\"https:\/\/lp.suno.com.br\/suno-one\/\">Suno One: acesse gratuitamente eBooks, Minicursos, Artigos e V\u00eddeo Aulas sobre investimentos com um \u00fanico cadastro. Clique para saber mais!<\/a><\/p>\n<h2>Not\u00edcias que movimentam o d\u00f3lar hoje<\/h2>\n<p>Confira outras not\u00edcias que tamb\u00e9m movimentaram o mercado hoje:<\/p>\n<ul>\n<li>Taxa de desemprego mant\u00e9m recorde de 14,7%, segundo IBGE<\/li>\n<li>D\u00edvida bruta do Governo Geral cai para 84,5% do PIB em maio<\/li>\n<li>Guedes sinaliza al\u00edquota menor para empresas<\/li>\n<\/ul>\n<h2>Taxa de desemprego<\/h2>\n<p>De acordo com a Pesquisa Nacional por Amostra de Domic\u00edlios (Pnad) Cont\u00ednua, divulgada nesta quarta-feira (30) pelo Instituto Brasileiro de Geografia e Estat\u00edstica (IBGE), o total de pessoas desempregadas no Brasil subiu 3,4% no trimestre encerrado em abril deste ano, elevando a taxa de desemprego para 14,7%.<\/p>\n<p>Frente ao trimestre encerrado em janeiro, quando a taxa de desemprego ficou em 14,2%, o aumento foi de 0,4 ponto percentual, o que representa mais 489 mil pessoas desocupadas, totalizando 14,8 milh\u00f5es de pessoas em busca de trabalho no Pa\u00eds. A alta ante o mesmo trimestre m\u00f3vel de 2020 \u00e9 de 2,1 pontos percentuais.<\/p>\n<p>De acordo com a analista da pesquisa, Adriana Beringuy, tanto a taxa quanto o contingente de desocupados mant\u00eam o recorde registrado no trimestre encerrado em mar\u00e7o, no maior n\u00edvel da s\u00e9rie compar\u00e1vel, iniciada em 2012.<\/p>\n<h2>D\u00edvida bruta<\/h2>\n<p>Apesar dos gastos dos governos para fazer frente \u00e0 pandemia do novo coronav\u00edrus, a <a class=\"suno-keyword\" href=\"https:\/\/www.suno.com.br\/artigos\/divida-publica\/\" target=\"_blank\" rel=\"noopener noreferrer\" data-force=\"no\" data-priority=\"1\">d\u00edvida p\u00fablica<\/a> brasileira desacelerou em maio. Dados divulgados nesta quarta-feira pelo Banco Central mostram que a <a class=\"suno-keyword\" href=\"https:\/\/www.suno.com.br\/artigos\/divida-bruta\/\" target=\"_blank\" rel=\"noopener noreferrer\" data-force=\"no\" data-priority=\"1\">D\u00edvida Bruta<\/a> do Governo Geral fechou maio aos R$ 6,696 trilh\u00f5es, o que representa 84,5% do Produto Interno Bruto (PIB). O porcentual \u00e9 menor que os 85,6% de abril (dado revisado).<\/p>\n<p>No melhor momento da s\u00e9rie, em dezembro de 2013, a d\u00edvida bruta chegou a 51,5% do PIB.<\/p>\n<p>Com o aumento de despesas p\u00fablicas em fun\u00e7\u00e3o da pandemia de covid-19, a expectativa \u00e9 de que a d\u00edvida bruta continue em patamares altos nos pr\u00f3ximos meses no Brasil. Este \u00e9 um dos principais fatores de preocupa\u00e7\u00e3o dos economistas do mercado financeiro.<\/p>\n<h2>Guedes<\/h2>\n<p>Para enfrentar as resist\u00eancias dos grandes empres\u00e1rios ao projeto de <a class=\"suno-keyword\" href=\"https:\/\/www.suno.com.br\/artigos\/reforma-tributaria\/\" target=\"_blank\" rel=\"noopener noreferrer\" data-force=\"no\" data-priority=\"2\">reforma tribut\u00e1ria<\/a>, o ministro da Economia, <strong>Paulo Guedes<\/strong>, sinalizou que o governo deve acelerar a queda do Imposto de Renda das empresas em 2022. Mas Guedes n\u00e3o quer abrir m\u00e3o da volta da taxa\u00e7\u00e3o na distribui\u00e7\u00e3o de lucros e dividendos com uma al\u00edquota de 20%.<\/p>\n<p>Pela proposta do governo, a al\u00edquota do IRPJ cairia cinco pontos porcentuais &#8211; de 25% para 20% &#8211; em dois anos. Guedes j\u00e1 antecipa que a queda pode ocorrer de uma vez s\u00f3 no ano que vem. A interlocutores, ele admitiu que, se a recupera\u00e7\u00e3o da arrecada\u00e7\u00e3o ao longo do ano que vem for ainda maior, a al\u00edquota poder\u00e1 ter uma queda adicional de 2,5 pontos porcentuais &#8211; chegando a 7,5 pontos.<\/p>\n<h2>Fechamento do c\u00e2mbio hoje<\/h2>\n<p>Al\u00e9m do d\u00f3lar comercial, confira a cota\u00e7\u00e3o das principais moedas hoje:<\/p>\n<ul>\n<li>Euro hoje: +0,29% aos R$ 5,89<\/li>\n<li>Libra hoje: +0,51% aos R$ 6,88<\/li>\n<li>D\u00f3lar turismo hoje: +0,65% aos R$ 5,13<\/li>\n<li>Bitcoin: -2,05% aos R$ 174.777,156<\/li>\n<\/ul>\n<h2>\u00daltima cota\u00e7\u00e3o do d\u00f3lar<\/h2>\n<p>Na \u00faltima sess\u00e3o, ter\u00e7a-feira (29) , o <strong>d\u00f3lar<\/strong> encerrou em\u00a0alta de 0,28%, aos R$ 4,942.<\/p>\n\t<p>\n\t\t<a href=\"https:\/\/lp.suno.com.br\/planilha-de-controle-de-investimentos\/\" target=\"_blank\" data-element=\"shortcode-suno-banner\" title=\"Banner SUNO, clique e saiba mais\">\n\t\t\t<picture>\n\t\t\t\t<source media=\"(max-width: 500px)\" srcset=\"https:\/\/files.sunoresearch.com.br\/n\/uploads\/2023\/03\/400x300-Controle-de-Investimentos.png\">\n\t\t\t\t<img class=\"newsContent__article__imgCapa newsContent__article__imgCapa--banner\"\n\t\t\t\t\tsrc=\"https:\/\/files.sunoresearch.com.br\/n\/uploads\/2023\/03\/1420x240-Controle-de-Investimentos.png\"\n\t\t\t\t\tdata-promo-id=\"75934\"\t\t\t\t\t\t\t\t\t\twidth='1420' height='240'\t\t\t\t\talt=\"https:\/\/files.sunoresearch.com.br\/n\/uploads\/2023\/03\/1420x240-Controle-de-Investimentos.png\"\n\t\t\t\t>\n\t\t\t<\/picture>\n\t\t<\/a>\n\t<\/p>\n\n\n","protected":false},"excerpt":{"rendered":"<p>O d\u00f3lar encerrou o preg\u00e3o desta quarta-feira (30) em alta de 0,63%, negociado aos R$ 4,973. D\u00f3lar. Foto: Pixabay Hoje, o d\u00f3lar anotou sua segunda alta consecutiva, voltando a se aproximar dos R$ 5, ap\u00f3s ter acumulado uma queda de 2,58% na semana passada. De acordo com Rodrigo Franchini, s\u00f3cio da Monte Bravo Investimentos, hoje [&hellip;]<\/p>\n","protected":false},"author":56,"featured_media":135828,"comment_status":"closed","ping_status":"closed","sticky":false,"template":"","format":"standard","meta":[],"categories":[60],"tags":[326,106467],"suno_strategy":[],"class_list":["post-162646","post","type-post","status-publish","format-standard","has-post-thumbnail","hentry","category-mercado","tag-dolar","tag-guedes"],"yoast_head":"<!-- This site is optimized with the Yoast SEO plugin v24.4 - https:\/\/yoast.com\/wordpress\/plugins\/seo\/ -->\n<title>D\u00f3lar tem segunda alta consecutiva e se aproxima dos R$ 5 novamente<\/title>\n<meta name=\"description\" content=\"O d\u00f3lar encerrou esta quarta-feira (30) em alta de 0,63%, negociado aos R$ 4,973. Clique aqui para saber mais sobre o desempenho da moeda.\" \/>\n<meta name=\"robots\" content=\"index, follow, max-snippet:-1, max-image-preview:large, max-video-preview:-1\" \/>\n<link rel=\"canonical\" href=\"https:\/\/www.suno.com.br\/noticias\/dolar-tem-segunda-alta-consecutiva-e-se-aproxima-dos-r-5-novamente\/\" \/>\n<meta property=\"og:locale\" content=\"pt_BR\" \/>\n<meta property=\"og:type\" content=\"article\" \/>\n<meta property=\"og:title\" content=\"D\u00f3lar tem segunda alta consecutiva e se aproxima dos R$ 5 novamente\" \/>\n<meta property=\"og:description\" content=\"O d\u00f3lar encerrou esta quarta-feira (30) em alta de 0,63%, negociado aos R$ 4,973. Clique aqui para saber mais sobre o desempenho da moeda.\" \/>\n<meta property=\"og:url\" content=\"https:\/\/www.suno.com.br\/noticias\/dolar-tem-segunda-alta-consecutiva-e-se-aproxima-dos-r-5-novamente\/\" \/>\n<meta property=\"og:site_name\" content=\"Suno Not\u00edcias\" \/>\n<meta property=\"article:publisher\" content=\"https:\/\/facebook.com\/sunoresearch\" \/>\n<meta property=\"og:image\" content=\"https:\/\/files.sunoresearch.com.br\/n\/uploads\/2021\/03\/d81eeb3f-usd-2874026_1280.jpg\" \/>\n\t<meta property=\"og:image:width\" content=\"1280\" \/>\n\t<meta property=\"og:image:height\" content=\"720\" \/>\n\t<meta property=\"og:image:type\" content=\"image\/jpeg\" \/>\n<meta name=\"author\" content=\"Rafaela La Regina\" \/>\n<meta name=\"twitter:card\" content=\"summary_large_image\" \/>\n<meta name=\"twitter:creator\" content=\"@sunoresearch\" \/>\n<meta name=\"twitter:site\" content=\"@sunoresearch\" \/>\n<meta name=\"twitter:label1\" content=\"Escrito por\" \/>\n\t<meta name=\"twitter:data1\" content=\"Rafaela La Regina\" \/>\n\t<meta name=\"twitter:label2\" content=\"Est. tempo de leitura\" \/>\n\t<meta name=\"twitter:data2\" content=\"3 minutos\" \/>\n<script type=\"application\/ld+json\" class=\"yoast-schema-graph\">{\"@context\":\"https:\/\/schema.org\",\"@graph\":[{\"@type\":\"NewsArticle\",\"@id\":\"https:\/\/www.suno.com.br\/noticias\/dolar-tem-segunda-alta-consecutiva-e-se-aproxima-dos-r-5-novamente\/#article\",\"isPartOf\":{\"@id\":\"https:\/\/www.suno.com.br\/noticias\/dolar-tem-segunda-alta-consecutiva-e-se-aproxima-dos-r-5-novamente\/\"},\"author\":{\"name\":\"Rafaela La Regina\",\"@id\":\"https:\/\/www.suno.com.br\/noticias\/#\/schema\/person\/e672ca8cea627fe715fa29bca7da95e0\"},\"headline\":\"D\u00f3lar tem segunda alta consecutiva e se aproxima dos R$ 5 novamente\",\"datePublished\":\"2021-06-30T20:38:19+00:00\",\"dateModified\":\"2021-06-30T20:40:25+00:00\",\"mainEntityOfPage\":{\"@id\":\"https:\/\/www.suno.com.br\/noticias\/dolar-tem-segunda-alta-consecutiva-e-se-aproxima-dos-r-5-novamente\/\"},\"wordCount\":662,\"publisher\":{\"@id\":\"https:\/\/www.suno.com.br\/noticias\/#organization\"},\"image\":{\"@id\":\"https:\/\/www.suno.com.br\/noticias\/dolar-tem-segunda-alta-consecutiva-e-se-aproxima-dos-r-5-novamente\/#primaryimage\"},\"thumbnailUrl\":\"https:\/\/files.sunoresearch.com.br\/n\/uploads\/2021\/03\/d81eeb3f-usd-2874026_1280-jpg.webp\",\"keywords\":[\"d\u00f3lar\",\"guedes\"],\"articleSection\":[\"Mercado\"],\"inLanguage\":\"pt-BR\"},{\"@type\":\"WebPage\",\"@id\":\"https:\/\/www.suno.com.br\/noticias\/dolar-tem-segunda-alta-consecutiva-e-se-aproxima-dos-r-5-novamente\/\",\"url\":\"https:\/\/www.suno.com.br\/noticias\/dolar-tem-segunda-alta-consecutiva-e-se-aproxima-dos-r-5-novamente\/\",\"name\":\"D\u00f3lar tem segunda alta consecutiva e se aproxima dos R$ 5 novamente\",\"isPartOf\":{\"@id\":\"https:\/\/www.suno.com.br\/noticias\/#website\"},\"primaryImageOfPage\":{\"@id\":\"https:\/\/www.suno.com.br\/noticias\/dolar-tem-segunda-alta-consecutiva-e-se-aproxima-dos-r-5-novamente\/#primaryimage\"},\"image\":{\"@id\":\"https:\/\/www.suno.com.br\/noticias\/dolar-tem-segunda-alta-consecutiva-e-se-aproxima-dos-r-5-novamente\/#primaryimage\"},\"thumbnailUrl\":\"https:\/\/files.sunoresearch.com.br\/n\/uploads\/2021\/03\/d81eeb3f-usd-2874026_1280-jpg.webp\",\"datePublished\":\"2021-06-30T20:38:19+00:00\",\"dateModified\":\"2021-06-30T20:40:25+00:00\",\"description\":\"O d\u00f3lar encerrou esta quarta-feira (30) em alta de 0,63%, negociado aos R$ 4,973. Clique aqui para saber mais sobre o desempenho da moeda.\",\"breadcrumb\":{\"@id\":\"https:\/\/www.suno.com.br\/noticias\/dolar-tem-segunda-alta-consecutiva-e-se-aproxima-dos-r-5-novamente\/#breadcrumb\"},\"inLanguage\":\"pt-BR\",\"potentialAction\":[{\"@type\":\"ReadAction\",\"target\":[\"https:\/\/www.suno.com.br\/noticias\/dolar-tem-segunda-alta-consecutiva-e-se-aproxima-dos-r-5-novamente\/\"]}]},{\"@type\":\"ImageObject\",\"inLanguage\":\"pt-BR\",\"@id\":\"https:\/\/www.suno.com.br\/noticias\/dolar-tem-segunda-alta-consecutiva-e-se-aproxima-dos-r-5-novamente\/#primaryimage\",\"url\":\"https:\/\/files.sunoresearch.com.br\/n\/uploads\/2021\/03\/d81eeb3f-usd-2874026_1280-jpg.webp\",\"contentUrl\":\"https:\/\/files.sunoresearch.com.br\/n\/uploads\/2021\/03\/d81eeb3f-usd-2874026_1280-jpg.webp\",\"width\":1280,\"height\":720,\"caption\":\"D\u00f3lar. Foto: Pixabay\"},{\"@type\":\"BreadcrumbList\",\"@id\":\"https:\/\/www.suno.com.br\/noticias\/dolar-tem-segunda-alta-consecutiva-e-se-aproxima-dos-r-5-novamente\/#breadcrumb\",\"itemListElement\":[{\"@type\":\"ListItem\",\"position\":1,\"name\":\"Not\u00edcias\",\"item\":\"https:\/\/www.suno.com.br\/noticias\/\"},{\"@type\":\"ListItem\",\"position\":2,\"name\":\"Mercado\",\"item\":\"https:\/\/www.suno.com.br\/noticias\/mercado\/\"},{\"@type\":\"ListItem\",\"position\":3,\"name\":\"D\u00f3lar tem segunda alta consecutiva e se aproxima dos R$ 5 novamente\"}]},{\"@type\":\"WebSite\",\"@id\":\"https:\/\/www.suno.com.br\/noticias\/#website\",\"url\":\"https:\/\/www.suno.com.br\/noticias\/\",\"name\":\"Suno Not\u00edcias\",\"description\":\"Seu portal de informa\u00e7\u00e3o sobre o mundo dos investimentos\",\"publisher\":{\"@id\":\"https:\/\/www.suno.com.br\/noticias\/#organization\"},\"potentialAction\":[{\"@type\":\"SearchAction\",\"target\":{\"@type\":\"EntryPoint\",\"urlTemplate\":\"https:\/\/www.suno.com.br\/noticias\/?s={search_term_string}\"},\"query-input\":{\"@type\":\"PropertyValueSpecification\",\"valueRequired\":true,\"valueName\":\"search_term_string\"}}],\"inLanguage\":\"pt-BR\"},{\"@type\":\"Organization\",\"@id\":\"https:\/\/www.suno.com.br\/noticias\/#organization\",\"name\":\"Suno Not\u00edcias\",\"url\":\"https:\/\/www.suno.com.br\/noticias\/\",\"logo\":{\"@type\":\"ImageObject\",\"inLanguage\":\"pt-BR\",\"@id\":\"https:\/\/www.suno.com.br\/noticias\/#\/schema\/logo\/image\/\",\"url\":\"https:\/\/files.sunoresearch.com.br\/n\/uploads\/2021\/09\/suno-logo.png\",\"contentUrl\":\"https:\/\/files.sunoresearch.com.br\/n\/uploads\/2021\/09\/suno-logo.png\",\"width\":180,\"height\":180,\"caption\":\"Suno Not\u00edcias\"},\"image\":{\"@id\":\"https:\/\/www.suno.com.br\/noticias\/#\/schema\/logo\/image\/\"},\"sameAs\":[\"https:\/\/facebook.com\/sunoresearch\",\"https:\/\/x.com\/sunoresearch\",\"https:\/\/www.instagram.com\/suno\",\"https:\/\/www.linkedin.com\/company\/suno-research\/\",\"https:\/\/www.youtube.com\/c\/sunoresearch\"]},{\"@type\":\"Person\",\"@id\":\"https:\/\/www.suno.com.br\/noticias\/#\/schema\/person\/e672ca8cea627fe715fa29bca7da95e0\",\"name\":\"Rafaela La Regina\",\"image\":{\"@type\":\"ImageObject\",\"inLanguage\":\"pt-BR\",\"@id\":\"https:\/\/www.suno.com.br\/noticias\/#\/schema\/person\/image\/\",\"url\":\"https:\/\/secure.gravatar.com\/avatar\/d2c75a52d243deb93d0465fdcb21bd37?s=96&r=g\",\"contentUrl\":\"https:\/\/secure.gravatar.com\/avatar\/d2c75a52d243deb93d0465fdcb21bd37?s=96&r=g\",\"caption\":\"Rafaela La Regina\"},\"description\":\"Estagi\u00e1ria no Suno Not\u00edcias. Escreve sobre economia, pol\u00edtica e neg\u00f3cios. Estuda Rela\u00e7\u00f5es Internacionais no IBMEC-SP.\",\"url\":\"https:\/\/www.suno.com.br\/noticias\/author\/rafaela-la-regina\/\"}]}<\/script>\n<!-- \/ Yoast SEO plugin. -->","yoast_head_json":{"title":"D\u00f3lar tem segunda alta consecutiva e se aproxima dos R$ 5 novamente","description":"O d\u00f3lar encerrou esta quarta-feira (30) em alta de 0,63%, negociado aos R$ 4,973. Clique aqui para saber mais sobre o desempenho da moeda.","robots":{"index":"index","follow":"follow","max-snippet":"max-snippet:-1","max-image-preview":"max-image-preview:large","max-video-preview":"max-video-preview:-1"},"canonical":"https:\/\/www.suno.com.br\/noticias\/dolar-tem-segunda-alta-consecutiva-e-se-aproxima-dos-r-5-novamente\/","og_locale":"pt_BR","og_type":"article","og_title":"D\u00f3lar tem segunda alta consecutiva e se aproxima dos R$ 5 novamente","og_description":"O d\u00f3lar encerrou esta quarta-feira (30) em alta de 0,63%, negociado aos R$ 4,973. Clique aqui para saber mais sobre o desempenho da moeda.","og_url":"https:\/\/www.suno.com.br\/noticias\/dolar-tem-segunda-alta-consecutiva-e-se-aproxima-dos-r-5-novamente\/","og_site_name":"Suno Not\u00edcias","article_publisher":"https:\/\/facebook.com\/sunoresearch","og_image":[{"width":1280,"height":720,"url":"https:\/\/files.sunoresearch.com.br\/n\/uploads\/2021\/03\/d81eeb3f-usd-2874026_1280.jpg","type":"image\/jpeg"}],"author":"Rafaela La Regina","twitter_card":"summary_large_image","twitter_creator":"@sunoresearch","twitter_site":"@sunoresearch","twitter_misc":{"Escrito por":"Rafaela La Regina","Est. tempo de leitura":"3 minutos"},"schema":{"@context":"https:\/\/schema.org","@graph":[{"@type":"NewsArticle","@id":"https:\/\/www.suno.com.br\/noticias\/dolar-tem-segunda-alta-consecutiva-e-se-aproxima-dos-r-5-novamente\/#article","isPartOf":{"@id":"https:\/\/www.suno.com.br\/noticias\/dolar-tem-segunda-alta-consecutiva-e-se-aproxima-dos-r-5-novamente\/"},"author":{"name":"Rafaela La Regina","@id":"https:\/\/www.suno.com.br\/noticias\/#\/schema\/person\/e672ca8cea627fe715fa29bca7da95e0"},"headline":"D\u00f3lar tem segunda alta consecutiva e se aproxima dos R$ 5 novamente","datePublished":"2021-06-30T20:38:19+00:00","dateModified":"2021-06-30T20:40:25+00:00","mainEntityOfPage":{"@id":"https:\/\/www.suno.com.br\/noticias\/dolar-tem-segunda-alta-consecutiva-e-se-aproxima-dos-r-5-novamente\/"},"wordCount":662,"publisher":{"@id":"https:\/\/www.suno.com.br\/noticias\/#organization"},"image":{"@id":"https:\/\/www.suno.com.br\/noticias\/dolar-tem-segunda-alta-consecutiva-e-se-aproxima-dos-r-5-novamente\/#primaryimage"},"thumbnailUrl":"https:\/\/files.sunoresearch.com.br\/n\/uploads\/2021\/03\/d81eeb3f-usd-2874026_1280-jpg.webp","keywords":["d\u00f3lar","guedes"],"articleSection":["Mercado"],"inLanguage":"pt-BR"},{"@type":"WebPage","@id":"https:\/\/www.suno.com.br\/noticias\/dolar-tem-segunda-alta-consecutiva-e-se-aproxima-dos-r-5-novamente\/","url":"https:\/\/www.suno.com.br\/noticias\/dolar-tem-segunda-alta-consecutiva-e-se-aproxima-dos-r-5-novamente\/","name":"D\u00f3lar tem segunda alta consecutiva e se aproxima dos R$ 5 novamente","isPartOf":{"@id":"https:\/\/www.suno.com.br\/noticias\/#website"},"primaryImageOfPage":{"@id":"https:\/\/www.suno.com.br\/noticias\/dolar-tem-segunda-alta-consecutiva-e-se-aproxima-dos-r-5-novamente\/#primaryimage"},"image":{"@id":"https:\/\/www.suno.com.br\/noticias\/dolar-tem-segunda-alta-consecutiva-e-se-aproxima-dos-r-5-novamente\/#primaryimage"},"thumbnailUrl":"https:\/\/files.sunoresearch.com.br\/n\/uploads\/2021\/03\/d81eeb3f-usd-2874026_1280-jpg.webp","datePublished":"2021-06-30T20:38:19+00:00","dateModified":"2021-06-30T20:40:25+00:00","description":"O d\u00f3lar encerrou esta quarta-feira (30) em alta de 0,63%, negociado aos R$ 4,973. Clique aqui para saber mais sobre o desempenho da moeda.","breadcrumb":{"@id":"https:\/\/www.suno.com.br\/noticias\/dolar-tem-segunda-alta-consecutiva-e-se-aproxima-dos-r-5-novamente\/#breadcrumb"},"inLanguage":"pt-BR","potentialAction":[{"@type":"ReadAction","target":["https:\/\/www.suno.com.br\/noticias\/dolar-tem-segunda-alta-consecutiva-e-se-aproxima-dos-r-5-novamente\/"]}]},{"@type":"ImageObject","inLanguage":"pt-BR","@id":"https:\/\/www.suno.com.br\/noticias\/dolar-tem-segunda-alta-consecutiva-e-se-aproxima-dos-r-5-novamente\/#primaryimage","url":"https:\/\/files.sunoresearch.com.br\/n\/uploads\/2021\/03\/d81eeb3f-usd-2874026_1280-jpg.webp","contentUrl":"https:\/\/files.sunoresearch.com.br\/n\/uploads\/2021\/03\/d81eeb3f-usd-2874026_1280-jpg.webp","width":1280,"height":720,"caption":"D\u00f3lar. Foto: Pixabay"},{"@type":"BreadcrumbList","@id":"https:\/\/www.suno.com.br\/noticias\/dolar-tem-segunda-alta-consecutiva-e-se-aproxima-dos-r-5-novamente\/#breadcrumb","itemListElement":[{"@type":"ListItem","position":1,"name":"Not\u00edcias","item":"https:\/\/www.suno.com.br\/noticias\/"},{"@type":"ListItem","position":2,"name":"Mercado","item":"https:\/\/www.suno.com.br\/noticias\/mercado\/"},{"@type":"ListItem","position":3,"name":"D\u00f3lar tem segunda alta consecutiva e se aproxima dos R$ 5 novamente"}]},{"@type":"WebSite","@id":"https:\/\/www.suno.com.br\/noticias\/#website","url":"https:\/\/www.suno.com.br\/noticias\/","name":"Suno Not\u00edcias","description":"Seu portal de informa\u00e7\u00e3o sobre o mundo dos investimentos","publisher":{"@id":"https:\/\/www.suno.com.br\/noticias\/#organization"},"potentialAction":[{"@type":"SearchAction","target":{"@type":"EntryPoint","urlTemplate":"https:\/\/www.suno.com.br\/noticias\/?s={search_term_string}"},"query-input":{"@type":"PropertyValueSpecification","valueRequired":true,"valueName":"search_term_string"}}],"inLanguage":"pt-BR"},{"@type":"Organization","@id":"https:\/\/www.suno.com.br\/noticias\/#organization","name":"Suno Not\u00edcias","url":"https:\/\/www.suno.com.br\/noticias\/","logo":{"@type":"ImageObject","inLanguage":"pt-BR","@id":"https:\/\/www.suno.com.br\/noticias\/#\/schema\/logo\/image\/","url":"https:\/\/files.sunoresearch.com.br\/n\/uploads\/2021\/09\/suno-logo.png","contentUrl":"https:\/\/files.sunoresearch.com.br\/n\/uploads\/2021\/09\/suno-logo.png","width":180,"height":180,"caption":"Suno Not\u00edcias"},"image":{"@id":"https:\/\/www.suno.com.br\/noticias\/#\/schema\/logo\/image\/"},"sameAs":["https:\/\/facebook.com\/sunoresearch","https:\/\/x.com\/sunoresearch","https:\/\/www.instagram.com\/suno","https:\/\/www.linkedin.com\/company\/suno-research\/","https:\/\/www.youtube.com\/c\/sunoresearch"]},{"@type":"Person","@id":"https:\/\/www.suno.com.br\/noticias\/#\/schema\/person\/e672ca8cea627fe715fa29bca7da95e0","name":"Rafaela La Regina","image":{"@type":"ImageObject","inLanguage":"pt-BR","@id":"https:\/\/www.suno.com.br\/noticias\/#\/schema\/person\/image\/","url":"https:\/\/secure.gravatar.com\/avatar\/d2c75a52d243deb93d0465fdcb21bd37?s=96&r=g","contentUrl":"https:\/\/secure.gravatar.com\/avatar\/d2c75a52d243deb93d0465fdcb21bd37?s=96&r=g","caption":"Rafaela La Regina"},"description":"Estagi\u00e1ria no Suno Not\u00edcias. Escreve sobre economia, pol\u00edtica e neg\u00f3cios. Estuda Rela\u00e7\u00f5es Internacionais no IBMEC-SP.","url":"https:\/\/www.suno.com.br\/noticias\/author\/rafaela-la-regina\/"}]}},"default_loop_html":"<div class=\"cardsPage__listCard__boxs\"><div class=\"cardsPage__listCard__boxs__img\"><a href=\"https:\/\/www.suno.com.br\/noticias\/dolar-tem-segunda-alta-consecutiva-e-se-aproxima-dos-r-5-novamente\/\"><img class=\"mask\" src=\"https:\/\/www.suno.com.br\/noticias\/wp-content\/themes\/suno\/resources\/images\/spotlight\/spotlight1img\/bg-mask.png\" alt=\"Image Mask\"\/><img src=\"https:\/\/files.sunoresearch.com.br\/n\/uploads\/2021\/03\/d81eeb3f-usd-2874026_1280-400x200.webp\" alt=\"D\u00f3lar tem segunda alta consecutiva e se aproxima dos R$ 5 novamente\"\/><\/a><span class=\"spotlightCategory\"><a href=\"https:\/\/www.suno.com.br\/noticias\/mercado\/\">Mercado<\/a><\/span><\/div><div class=\"cardsPage__listCard__boxs__content\"><a href=\"https:\/\/www.suno.com.br\/noticias\/dolar-tem-segunda-alta-consecutiva-e-se-aproxima-dos-r-5-novamente\/\"><h2 class=\"content__title\">D\u00f3lar tem segunda alta consecutiva e se aproxima dos R$ 5 novamente<\/h2><\/a><div class=\"newsContent__article__meta\"><div class=\"newsContent__article__meta__authorBox\"><a href=\"https:\/\/www.suno.com.br\/noticias\/author\/rafaela-la-regina\/\" class=\"authorBox__avatar noMobi\"><img src=\"https:\/\/secure.gravatar.com\/avatar\/d2c75a52d243deb93d0465fdcb21bd37?s=96&#038;r=g\" alt=\"Rafaela La Regina\"><\/a><div class=\"authorBox__name\"><span>por\n\t\t\t<a href=\"https:\/\/www.suno.com.br\/noticias\/author\/rafaela-la-regina\/\"><span itemprop=\"author\">Rafaela La Regina<\/span><\/a><\/span><time datetime=\"2021-06-30T17:38:19-03:00\" itemprop=\"datePublished\">30\/06\/2021 17:38<\/time><\/div><\/div><\/div><\/div><\/div>","single_layout":"posts","amp_enabled":true,"_links":{"self":[{"href":"https:\/\/www.suno.com.br\/noticias\/wp-json\/wp\/v2\/posts\/162646"}],"collection":[{"href":"https:\/\/www.suno.com.br\/noticias\/wp-json\/wp\/v2\/posts"}],"about":[{"href":"https:\/\/www.suno.com.br\/noticias\/wp-json\/wp\/v2\/types\/post"}],"author":[{"embeddable":true,"href":"https:\/\/www.suno.com.br\/noticias\/wp-json\/wp\/v2\/users\/56"}],"replies":[{"embeddable":true,"href":"https:\/\/www.suno.com.br\/noticias\/wp-json\/wp\/v2\/comments?post=162646"}],"version-history":[{"count":3,"href":"https:\/\/www.suno.com.br\/noticias\/wp-json\/wp\/v2\/posts\/162646\/revisions"}],"predecessor-version":[{"id":162655,"href":"https:\/\/www.suno.com.br\/noticias\/wp-json\/wp\/v2\/posts\/162646\/revisions\/162655"}],"wp:featuredmedia":[{"embeddable":true,"href":"https:\/\/www.suno.com.br\/noticias\/wp-json\/wp\/v2\/media\/135828"}],"wp:attachment":[{"href":"https:\/\/www.suno.com.br\/noticias\/wp-json\/wp\/v2\/media?parent=162646"}],"wp:term":[{"taxonomy":"category","embeddable":true,"href":"https:\/\/www.suno.com.br\/noticias\/wp-json\/wp\/v2\/categories?post=162646"},{"taxonomy":"post_tag","embeddable":true,"href":"https:\/\/www.suno.com.br\/noticias\/wp-json\/wp\/v2\/tags?post=162646"},{"taxonomy":"suno_strategy","embeddable":true,"href":"https:\/\/www.suno.com.br\/noticias\/wp-json\/wp\/v2\/suno_strategy?post=162646"}],"curies":[{"name":"wp","href":"https:\/\/api.w.org\/{rel}","templated":true}]}}