{"id":162608,"date":"2021-06-30T16:12:59","date_gmt":"2021-06-30T19:12:59","guid":{"rendered":"https:\/\/www.suno.com.br\/noticias\/?p=162608"},"modified":"2021-06-30T16:12:59","modified_gmt":"2021-06-30T19:12:59","slug":"oab-tributacao-de-dividendos-advogados","status":"publish","type":"post","link":"https:\/\/www.suno.com.br\/noticias\/oab-tributacao-de-dividendos-advogados\/","title":{"rendered":"OAB pede isen\u00e7\u00e3o de tributa\u00e7\u00e3o de dividendos para advogados"},"content":{"rendered":"<p>A Ordem dos Advogados do Brasil (OAB) pediu na \u00faltima ter\u00e7a-feira (30) ao governo federal que a proposta de reforma tribut\u00e1ria isente profissionais liberais organizados em forma de pessoa jur\u00eddica, como os advogados, da <strong>tributa\u00e7\u00e3o de dividendos<\/strong>.<\/p>\t<div class=\"wrapper-featured-image\">\n\t\t<figure class=\"spotlightImg\">\n\n\t\t\t<picture>\n\t\t\t\t<source media=\"(max-width: 768px)\" srcset=\"https:\/\/files.sunoresearch.com.br\/n\/uploads\/2021\/03\/f0c89d13-money-2889521_1280-400x200.webp\">\n\t\t\t\t<img loading=\"lazy\" decoding=\"async\" class=\"newsContent__article__imgCapa lazyloadDisabled \" src=\"https:\/\/files.sunoresearch.com.br\/n\/uploads\/2021\/03\/f0c89d13-money-2889521_1280-800x450.webp\" width=\"800\" height=\"450\" alt=\"OAB pede isen\u00e7\u00e3o de tributa\u00e7\u00e3o de dividendos para advogados\" fetchpriority=high \/>\n\t\t\t<\/picture>\n\n\t\t\t<figcaption class=\"wp-caption-text wp-caption-text--show\">Moedas de real. Foto: Pixabay<\/figcaption>\n\t\t<\/figure>\n\t<\/div>\n\n\n\t<p>\n\t\t<a href=\"https:\/\/lp.suno.com.br\/planilha-controle-gastos\/\" target=\"_blank\" data-element=\"shortcode-suno-banner\" title=\"Banner SUNO, clique e saiba mais\">\n\t\t\t<picture>\n\t\t\t\t<source media=\"(max-width: 500px)\" srcset=\"https:\/\/files.sunoresearch.com.br\/n\/uploads\/2023\/03\/400x300-Planilha-controle-de-gastos.png\">\n\t\t\t\t<img class=\"newsContent__article__imgCapa newsContent__article__imgCapa--banner\"\n\t\t\t\t\tsrc=\"https:\/\/files.sunoresearch.com.br\/n\/uploads\/2023\/03\/1420x240-Planilha-controle-de-gastos.png\"\n\t\t\t\t\tdata-promo-id=\"101751\"\t\t\t\t\t\t\t\t\t\twidth='1420' height='240'\t\t\t\t\talt=\"https:\/\/files.sunoresearch.com.br\/n\/uploads\/2023\/03\/1420x240-Planilha-controle-de-gastos.png\"\n\t\t\t\t>\n\t\t\t<\/picture>\n\t\t<\/a>\n\t<\/p>\n\n\n<p>Em nota, a <strong>OAB<\/strong> se posicionou contra a tributa\u00e7\u00e3o de dividendos, que poderia ser modificada com o PL 2.337\/21 enviado pelo governo Federal \u00e0 C\u00e2mara dos Deputados na \u00faltima sexta-feira (25).<\/p>\n<p>Segundo a associa\u00e7\u00e3o de categoria dos advogados brasileiros, os profissionais liberais j\u00e1 enfrentam uma carga tribut\u00e1ria do Imposto de <strong><a href=\"https:\/\/www.suno.com.br\/artigos\/imposto-de-renda-guia\/\">Renda sobre Pessoas Jur\u00eddicas (IPRJ)<\/a>, <a href=\"https:\/\/www.suno.com.br\/artigos\/csll\/\">Contribui\u00e7\u00e3o Social sobre Lucro L\u00edquido (CSLL)<\/a>, <a href=\"https:\/\/www.suno.com.br\/artigos\/abono-salarial\/\">PIS\/Cofins<\/a> e <a href=\"https:\/\/www.suno.com.br\/artigos\/iss\/#:~:text=incid%C3%AAncia%20do%20ISS.-,Al%C3%ADquota%20do%20ISS,todas%20os%20segmentos%20de%20atua%C3%A7%C3%A3o.\">ISS<\/a>.<\/strong><\/p>\n<p>Para a OAB, o aumento da <a href=\"https:\/\/www.suno.com.br\/artigos\/carga-tributaria\/\"><strong>carga tribut\u00e1ria<\/strong><\/a> seria &#8220;brutal&#8221;, e por isso pediram uma mudan\u00e7a na proposta enviada pelo ministro da Economia, Paulo Guedes.<\/p>\n<p>O projeto de lei enviado pelo governo prev\u00ea uma tributa\u00e7\u00e3o de dividendos e lucros no momento de sua distribui\u00e7\u00e3o, atrav\u00e9s do Imposto de Renda, com uma al\u00edquota de 20% na fonte.<\/p>\n\t<p>\n\t\t<a href=\"\" target=\"_blank\" data-element=\"shortcode-suno-banner\" title=\"Banner SUNO, clique e saiba mais\">\n\t\t\t<picture>\n\t\t\t\t<source media=\"(max-width: 500px)\" srcset=\"\">\n\t\t\t\t<img class=\"newsContent__article__imgCapa newsContent__article__imgCapa--banner\"\n\t\t\t\t\tsrc=\"\"\n\t\t\t\t\tdata-promo-id=\"77010\"\t\t\t\t\t\t\t\t\t\t\t\t\t\t\talt=\"\"\n\t\t\t\t>\n\t\t\t<\/picture>\n\t\t<\/a>\n\t<\/p>\n\n\n<h2>Nota da OAB contra tributa\u00e7\u00e3o de dividendos<\/h2>\n<p>&#8220;A proposta legislativa soma as j\u00e1 elevadas al\u00edquotas de IRPJ (15% + 10%) e CSLL (9%) \u00e0 tributa\u00e7\u00e3o dos dividendos (20%), totalizando inacredit\u00e1veis 49%, de modo que apenas o IR comprometer\u00e1 metade da renda do prestador de servi\u00e7o&#8221;, salientou a nota da OAB.<\/p>\n<p>Para os advogados brasileiros, &#8220;sob a falsa bandeira de justi\u00e7a fiscal, o referido projeto traz, na realidade, um aumento brutal de carga tribut\u00e1ria e que pode representar o golpe de miseric\u00f3rdia \u00e0s milhares de sociedades uniprofissionais que hoje lutam pela sobreviv\u00eancia e que j\u00e1 se submetem a uma das al\u00edquotas de tributa\u00e7\u00e3o sobre a renda mais altas do mundo&#8221;.<\/p>\n\n\t<div data-element=\"shortcode-read-more\" class=\"readToo\">\n\t\t\t\t<span class=\"readToo__title\">Veja tamb\u00e9m<\/span>\n\t\t\t\t<ul class=\"readToo__list\">\n\t\t\t<li><a href=\"https:\/\/www.suno.com.br\/noticias\/tributacao-dividendos-eleva-arrecadacao-2022\/\">Tributa\u00e7\u00e3o de dividendos eleva arrecada\u00e7\u00e3o em R$ 18,5 bilh\u00f5es em 2022<\/a><\/li><li><a href=\"https:\/\/www.suno.com.br\/noticias\/guedes-entrega-reforma-tributaria-ir-maior-taxacao-dvidendos\/\">Guedes entrega reforma tribut\u00e1ria com maior isen\u00e7\u00e3o do IR e taxa\u00e7\u00e3o de dividendos em 20%<\/a><\/li>\t\t<\/ul>\n\t<\/div>\n\n\n<p>&#8220;A tributa\u00e7\u00e3o dos dividendos prejudica especialmente m\u00e9dicos, <strong>advogados,<\/strong> dentistas, engenheiros, e outras profiss\u00f5es t\u00edpicas da classe m\u00e9dia, acarretando inaceit\u00e1vel injusti\u00e7a tribut\u00e1ria ao dar o mesmo tratamento aos acionistas de empresas (como organiza\u00e7\u00e3o dos fatores de produ\u00e7\u00e3o e detentoras de capital) e as sociedades de profissionais liberais, que vivem unicamente de seu esfor\u00e7o intelectual e se submetem a um regime distinto de responsabilidade patrimonial&#8221;, informou a nota da OAB.<\/p>\n<p>A nota da OAB, assinada, entre os outros, pelo presidente Felipe Santa Cruz, prop\u00f5e que a revoga\u00e7\u00e3o da isen\u00e7\u00e3o de <strong>tributa\u00e7\u00e3o de dividendos<\/strong> &#8220;deveria ser excepcionada para os profissionais liberais organizados em forma de pessoa jur\u00eddica, que j\u00e1 sofrem com a carga tribut\u00e1ria do IRPJ imposto de renda sobre pessoa jur\u00eddica, CSLL contribui\u00e7\u00e3o social sobre lucro l\u00edquido, PIS\/Cofins e ISS Imposto sobre Servi\u00e7os&#8221;.<\/p>\n\t<p>\n\t\t<a href=\"https:\/\/lp.suno.com.br\/planilha-de-controle-de-investimentos\/\" target=\"_blank\" data-element=\"shortcode-suno-banner\" title=\"Banner SUNO, clique e saiba mais\">\n\t\t\t<picture>\n\t\t\t\t<source media=\"(max-width: 500px)\" srcset=\"https:\/\/files.sunoresearch.com.br\/n\/uploads\/2023\/03\/400x300-Controle-de-Investimentos.png\">\n\t\t\t\t<img class=\"newsContent__article__imgCapa newsContent__article__imgCapa--banner\"\n\t\t\t\t\tsrc=\"https:\/\/files.sunoresearch.com.br\/n\/uploads\/2023\/03\/1420x240-Controle-de-Investimentos.png\"\n\t\t\t\t\tdata-promo-id=\"75934\"\t\t\t\t\t\t\t\t\t\twidth='1420' height='240'\t\t\t\t\talt=\"https:\/\/files.sunoresearch.com.br\/n\/uploads\/2023\/03\/1420x240-Controle-de-Investimentos.png\"\n\t\t\t\t>\n\t\t\t<\/picture>\n\t\t<\/a>\n\t<\/p>\n\n\n","protected":false},"excerpt":{"rendered":"<p>A Ordem dos Advogados do Brasil (OAB) pediu na \u00faltima ter\u00e7a-feira (30) ao governo federal que a proposta de reforma tribut\u00e1ria isente profissionais liberais organizados em forma de pessoa jur\u00eddica, como os advogados, da tributa\u00e7\u00e3o de dividendos. Texto da Reforma Tribut\u00e1ria entregue pelo ministro tem perspectiva positiva de tr\u00e2mite, segundo o presidente da C\u00e2mara &#8211; [&hellip;]<\/p>\n","protected":false},"author":9,"featured_media":135073,"comment_status":"closed","ping_status":"closed","sticky":false,"template":"","format":"standard","meta":[],"categories":[64],"tags":[1286],"suno_strategy":[],"class_list":["post-162608","post","type-post","status-publish","format-standard","has-post-thumbnail","hentry","category-negocios","tag-reforma-tributaria"],"yoast_head":"<!-- This site is optimized with the Yoast SEO plugin v24.4 - https:\/\/yoast.com\/wordpress\/plugins\/seo\/ -->\n<title>OAB pede isen\u00e7\u00e3o de tributa\u00e7\u00e3o de dividendos para advogados<\/title>\n<meta name=\"description\" content=\"A OAB pediu a isen\u00e7\u00e3o de tributa\u00e7\u00e3o de dividendos para os profissionais liberais, como os advogados. Clique aqui para saber mais.\" \/>\n<meta name=\"robots\" content=\"index, follow, max-snippet:-1, max-image-preview:large, max-video-preview:-1\" \/>\n<link rel=\"canonical\" href=\"https:\/\/www.suno.com.br\/noticias\/oab-tributacao-de-dividendos-advogados\/\" \/>\n<meta property=\"og:locale\" content=\"pt_BR\" \/>\n<meta property=\"og:type\" content=\"article\" \/>\n<meta property=\"og:title\" content=\"OAB pede isen\u00e7\u00e3o de tributa\u00e7\u00e3o de dividendos para advogados\" \/>\n<meta property=\"og:description\" content=\"A OAB pediu a isen\u00e7\u00e3o de tributa\u00e7\u00e3o de dividendos para os profissionais liberais, como os advogados. Clique aqui para saber mais.\" \/>\n<meta property=\"og:url\" content=\"https:\/\/www.suno.com.br\/noticias\/oab-tributacao-de-dividendos-advogados\/\" \/>\n<meta property=\"og:site_name\" content=\"Suno Not\u00edcias\" \/>\n<meta property=\"article:publisher\" content=\"https:\/\/facebook.com\/sunoresearch\" \/>\n<meta property=\"og:image\" content=\"https:\/\/files.sunoresearch.com.br\/n\/uploads\/2021\/03\/f0c89d13-money-2889521_1280.jpg\" \/>\n\t<meta property=\"og:image:width\" content=\"1280\" \/>\n\t<meta property=\"og:image:height\" content=\"720\" \/>\n\t<meta property=\"og:image:type\" content=\"image\/jpeg\" \/>\n<meta name=\"author\" content=\"Carlo Cauti\" \/>\n<meta name=\"twitter:card\" content=\"summary_large_image\" \/>\n<meta name=\"twitter:creator\" content=\"@sunoresearch\" \/>\n<meta name=\"twitter:site\" content=\"@sunoresearch\" \/>\n<meta name=\"twitter:label1\" content=\"Escrito por\" \/>\n\t<meta name=\"twitter:data1\" content=\"Carlo Cauti\" \/>\n\t<meta name=\"twitter:label2\" content=\"Est. tempo de leitura\" \/>\n\t<meta name=\"twitter:data2\" content=\"2 minutos\" \/>\n<script type=\"application\/ld+json\" class=\"yoast-schema-graph\">{\"@context\":\"https:\/\/schema.org\",\"@graph\":[{\"@type\":\"NewsArticle\",\"@id\":\"https:\/\/www.suno.com.br\/noticias\/oab-tributacao-de-dividendos-advogados\/#article\",\"isPartOf\":{\"@id\":\"https:\/\/www.suno.com.br\/noticias\/oab-tributacao-de-dividendos-advogados\/\"},\"author\":{\"name\":\"Carlo Cauti\",\"@id\":\"https:\/\/www.suno.com.br\/noticias\/#\/schema\/person\/e6e0f723cc177805027f4566c1d5e0c8\"},\"headline\":\"OAB pede isen\u00e7\u00e3o de tributa\u00e7\u00e3o de dividendos para advogados\",\"datePublished\":\"2021-06-30T19:12:59+00:00\",\"mainEntityOfPage\":{\"@id\":\"https:\/\/www.suno.com.br\/noticias\/oab-tributacao-de-dividendos-advogados\/\"},\"wordCount\":464,\"publisher\":{\"@id\":\"https:\/\/www.suno.com.br\/noticias\/#organization\"},\"image\":{\"@id\":\"https:\/\/www.suno.com.br\/noticias\/oab-tributacao-de-dividendos-advogados\/#primaryimage\"},\"thumbnailUrl\":\"https:\/\/files.sunoresearch.com.br\/n\/uploads\/2021\/03\/f0c89d13-money-2889521_1280-jpg.webp\",\"keywords\":[\"reforma tribut\u00e1ria\"],\"articleSection\":[\"Neg\u00f3cios\"],\"inLanguage\":\"pt-BR\"},{\"@type\":\"WebPage\",\"@id\":\"https:\/\/www.suno.com.br\/noticias\/oab-tributacao-de-dividendos-advogados\/\",\"url\":\"https:\/\/www.suno.com.br\/noticias\/oab-tributacao-de-dividendos-advogados\/\",\"name\":\"OAB pede isen\u00e7\u00e3o de tributa\u00e7\u00e3o de dividendos para advogados\",\"isPartOf\":{\"@id\":\"https:\/\/www.suno.com.br\/noticias\/#website\"},\"primaryImageOfPage\":{\"@id\":\"https:\/\/www.suno.com.br\/noticias\/oab-tributacao-de-dividendos-advogados\/#primaryimage\"},\"image\":{\"@id\":\"https:\/\/www.suno.com.br\/noticias\/oab-tributacao-de-dividendos-advogados\/#primaryimage\"},\"thumbnailUrl\":\"https:\/\/files.sunoresearch.com.br\/n\/uploads\/2021\/03\/f0c89d13-money-2889521_1280-jpg.webp\",\"datePublished\":\"2021-06-30T19:12:59+00:00\",\"description\":\"A OAB pediu a isen\u00e7\u00e3o de tributa\u00e7\u00e3o de dividendos para os profissionais liberais, como os advogados. Clique aqui para saber mais.\",\"breadcrumb\":{\"@id\":\"https:\/\/www.suno.com.br\/noticias\/oab-tributacao-de-dividendos-advogados\/#breadcrumb\"},\"inLanguage\":\"pt-BR\",\"potentialAction\":[{\"@type\":\"ReadAction\",\"target\":[\"https:\/\/www.suno.com.br\/noticias\/oab-tributacao-de-dividendos-advogados\/\"]}]},{\"@type\":\"ImageObject\",\"inLanguage\":\"pt-BR\",\"@id\":\"https:\/\/www.suno.com.br\/noticias\/oab-tributacao-de-dividendos-advogados\/#primaryimage\",\"url\":\"https:\/\/files.sunoresearch.com.br\/n\/uploads\/2021\/03\/f0c89d13-money-2889521_1280-jpg.webp\",\"contentUrl\":\"https:\/\/files.sunoresearch.com.br\/n\/uploads\/2021\/03\/f0c89d13-money-2889521_1280-jpg.webp\",\"width\":1280,\"height\":720,\"caption\":\"Moedas de real. Foto: Pixabay\"},{\"@type\":\"BreadcrumbList\",\"@id\":\"https:\/\/www.suno.com.br\/noticias\/oab-tributacao-de-dividendos-advogados\/#breadcrumb\",\"itemListElement\":[{\"@type\":\"ListItem\",\"position\":1,\"name\":\"Not\u00edcias\",\"item\":\"https:\/\/www.suno.com.br\/noticias\/\"},{\"@type\":\"ListItem\",\"position\":2,\"name\":\"Neg\u00f3cios\",\"item\":\"https:\/\/www.suno.com.br\/noticias\/negocios\/\"},{\"@type\":\"ListItem\",\"position\":3,\"name\":\"OAB pede isen\u00e7\u00e3o de tributa\u00e7\u00e3o de dividendos para advogados\"}]},{\"@type\":\"WebSite\",\"@id\":\"https:\/\/www.suno.com.br\/noticias\/#website\",\"url\":\"https:\/\/www.suno.com.br\/noticias\/\",\"name\":\"Suno Not\u00edcias\",\"description\":\"Seu portal de informa\u00e7\u00e3o sobre o mundo dos investimentos\",\"publisher\":{\"@id\":\"https:\/\/www.suno.com.br\/noticias\/#organization\"},\"potentialAction\":[{\"@type\":\"SearchAction\",\"target\":{\"@type\":\"EntryPoint\",\"urlTemplate\":\"https:\/\/www.suno.com.br\/noticias\/?s={search_term_string}\"},\"query-input\":{\"@type\":\"PropertyValueSpecification\",\"valueRequired\":true,\"valueName\":\"search_term_string\"}}],\"inLanguage\":\"pt-BR\"},{\"@type\":\"Organization\",\"@id\":\"https:\/\/www.suno.com.br\/noticias\/#organization\",\"name\":\"Suno Not\u00edcias\",\"url\":\"https:\/\/www.suno.com.br\/noticias\/\",\"logo\":{\"@type\":\"ImageObject\",\"inLanguage\":\"pt-BR\",\"@id\":\"https:\/\/www.suno.com.br\/noticias\/#\/schema\/logo\/image\/\",\"url\":\"https:\/\/files.sunoresearch.com.br\/n\/uploads\/2021\/09\/suno-logo.png\",\"contentUrl\":\"https:\/\/files.sunoresearch.com.br\/n\/uploads\/2021\/09\/suno-logo.png\",\"width\":180,\"height\":180,\"caption\":\"Suno Not\u00edcias\"},\"image\":{\"@id\":\"https:\/\/www.suno.com.br\/noticias\/#\/schema\/logo\/image\/\"},\"sameAs\":[\"https:\/\/facebook.com\/sunoresearch\",\"https:\/\/x.com\/sunoresearch\",\"https:\/\/www.instagram.com\/suno\",\"https:\/\/www.linkedin.com\/company\/suno-research\/\",\"https:\/\/www.youtube.com\/c\/sunoresearch\"]},{\"@type\":\"Person\",\"@id\":\"https:\/\/www.suno.com.br\/noticias\/#\/schema\/person\/e6e0f723cc177805027f4566c1d5e0c8\",\"name\":\"Carlo Cauti\",\"image\":{\"@type\":\"ImageObject\",\"inLanguage\":\"pt-BR\",\"@id\":\"https:\/\/www.suno.com.br\/noticias\/#\/schema\/person\/image\/\",\"url\":\"https:\/\/secure.gravatar.com\/avatar\/3ada9e0bd164c23abd4792a9606d583c?s=96&r=g\",\"contentUrl\":\"https:\/\/secure.gravatar.com\/avatar\/3ada9e0bd164c23abd4792a9606d583c?s=96&r=g\",\"caption\":\"Carlo Cauti\"},\"description\":\"Editor multim\u00eddia do SUNO Not\u00edcias. Italiano, formado em Ci\u00eancias Pol\u00edticas pela universidade LUISS G. Carli de Roma e mestre cum laude em Rela\u00e7\u00f5es Internacionais, Jornalismo Internacional e de Guerra e em Economia Internacional. Concluiu tamb\u00e9m um MBA em Finan\u00e7as na B3. No Brasil, teve passagem por ve\u00edculos como Estad\u00e3o, Globo, Veja e EXAME. e nas ag\u00eancias de not\u00edcias italianas ANSA e NOVA.\",\"url\":\"https:\/\/www.suno.com.br\/noticias\/author\/carlo-cauti\/\"}]}<\/script>\n<!-- \/ Yoast SEO plugin. -->","yoast_head_json":{"title":"OAB pede isen\u00e7\u00e3o de tributa\u00e7\u00e3o de dividendos para advogados","description":"A OAB pediu a isen\u00e7\u00e3o de tributa\u00e7\u00e3o de dividendos para os profissionais liberais, como os advogados. Clique aqui para saber mais.","robots":{"index":"index","follow":"follow","max-snippet":"max-snippet:-1","max-image-preview":"max-image-preview:large","max-video-preview":"max-video-preview:-1"},"canonical":"https:\/\/www.suno.com.br\/noticias\/oab-tributacao-de-dividendos-advogados\/","og_locale":"pt_BR","og_type":"article","og_title":"OAB pede isen\u00e7\u00e3o de tributa\u00e7\u00e3o de dividendos para advogados","og_description":"A OAB pediu a isen\u00e7\u00e3o de tributa\u00e7\u00e3o de dividendos para os profissionais liberais, como os advogados. Clique aqui para saber mais.","og_url":"https:\/\/www.suno.com.br\/noticias\/oab-tributacao-de-dividendos-advogados\/","og_site_name":"Suno Not\u00edcias","article_publisher":"https:\/\/facebook.com\/sunoresearch","og_image":[{"width":1280,"height":720,"url":"https:\/\/files.sunoresearch.com.br\/n\/uploads\/2021\/03\/f0c89d13-money-2889521_1280.jpg","type":"image\/jpeg"}],"author":"Carlo Cauti","twitter_card":"summary_large_image","twitter_creator":"@sunoresearch","twitter_site":"@sunoresearch","twitter_misc":{"Escrito por":"Carlo Cauti","Est. tempo de leitura":"2 minutos"},"schema":{"@context":"https:\/\/schema.org","@graph":[{"@type":"NewsArticle","@id":"https:\/\/www.suno.com.br\/noticias\/oab-tributacao-de-dividendos-advogados\/#article","isPartOf":{"@id":"https:\/\/www.suno.com.br\/noticias\/oab-tributacao-de-dividendos-advogados\/"},"author":{"name":"Carlo Cauti","@id":"https:\/\/www.suno.com.br\/noticias\/#\/schema\/person\/e6e0f723cc177805027f4566c1d5e0c8"},"headline":"OAB pede isen\u00e7\u00e3o de tributa\u00e7\u00e3o de dividendos para advogados","datePublished":"2021-06-30T19:12:59+00:00","mainEntityOfPage":{"@id":"https:\/\/www.suno.com.br\/noticias\/oab-tributacao-de-dividendos-advogados\/"},"wordCount":464,"publisher":{"@id":"https:\/\/www.suno.com.br\/noticias\/#organization"},"image":{"@id":"https:\/\/www.suno.com.br\/noticias\/oab-tributacao-de-dividendos-advogados\/#primaryimage"},"thumbnailUrl":"https:\/\/files.sunoresearch.com.br\/n\/uploads\/2021\/03\/f0c89d13-money-2889521_1280-jpg.webp","keywords":["reforma tribut\u00e1ria"],"articleSection":["Neg\u00f3cios"],"inLanguage":"pt-BR"},{"@type":"WebPage","@id":"https:\/\/www.suno.com.br\/noticias\/oab-tributacao-de-dividendos-advogados\/","url":"https:\/\/www.suno.com.br\/noticias\/oab-tributacao-de-dividendos-advogados\/","name":"OAB pede isen\u00e7\u00e3o de tributa\u00e7\u00e3o de dividendos para advogados","isPartOf":{"@id":"https:\/\/www.suno.com.br\/noticias\/#website"},"primaryImageOfPage":{"@id":"https:\/\/www.suno.com.br\/noticias\/oab-tributacao-de-dividendos-advogados\/#primaryimage"},"image":{"@id":"https:\/\/www.suno.com.br\/noticias\/oab-tributacao-de-dividendos-advogados\/#primaryimage"},"thumbnailUrl":"https:\/\/files.sunoresearch.com.br\/n\/uploads\/2021\/03\/f0c89d13-money-2889521_1280-jpg.webp","datePublished":"2021-06-30T19:12:59+00:00","description":"A OAB pediu a isen\u00e7\u00e3o de tributa\u00e7\u00e3o de dividendos para os profissionais liberais, como os advogados. Clique aqui para saber mais.","breadcrumb":{"@id":"https:\/\/www.suno.com.br\/noticias\/oab-tributacao-de-dividendos-advogados\/#breadcrumb"},"inLanguage":"pt-BR","potentialAction":[{"@type":"ReadAction","target":["https:\/\/www.suno.com.br\/noticias\/oab-tributacao-de-dividendos-advogados\/"]}]},{"@type":"ImageObject","inLanguage":"pt-BR","@id":"https:\/\/www.suno.com.br\/noticias\/oab-tributacao-de-dividendos-advogados\/#primaryimage","url":"https:\/\/files.sunoresearch.com.br\/n\/uploads\/2021\/03\/f0c89d13-money-2889521_1280-jpg.webp","contentUrl":"https:\/\/files.sunoresearch.com.br\/n\/uploads\/2021\/03\/f0c89d13-money-2889521_1280-jpg.webp","width":1280,"height":720,"caption":"Moedas de real. Foto: Pixabay"},{"@type":"BreadcrumbList","@id":"https:\/\/www.suno.com.br\/noticias\/oab-tributacao-de-dividendos-advogados\/#breadcrumb","itemListElement":[{"@type":"ListItem","position":1,"name":"Not\u00edcias","item":"https:\/\/www.suno.com.br\/noticias\/"},{"@type":"ListItem","position":2,"name":"Neg\u00f3cios","item":"https:\/\/www.suno.com.br\/noticias\/negocios\/"},{"@type":"ListItem","position":3,"name":"OAB pede isen\u00e7\u00e3o de tributa\u00e7\u00e3o de dividendos para advogados"}]},{"@type":"WebSite","@id":"https:\/\/www.suno.com.br\/noticias\/#website","url":"https:\/\/www.suno.com.br\/noticias\/","name":"Suno Not\u00edcias","description":"Seu portal de informa\u00e7\u00e3o sobre o mundo dos investimentos","publisher":{"@id":"https:\/\/www.suno.com.br\/noticias\/#organization"},"potentialAction":[{"@type":"SearchAction","target":{"@type":"EntryPoint","urlTemplate":"https:\/\/www.suno.com.br\/noticias\/?s={search_term_string}"},"query-input":{"@type":"PropertyValueSpecification","valueRequired":true,"valueName":"search_term_string"}}],"inLanguage":"pt-BR"},{"@type":"Organization","@id":"https:\/\/www.suno.com.br\/noticias\/#organization","name":"Suno Not\u00edcias","url":"https:\/\/www.suno.com.br\/noticias\/","logo":{"@type":"ImageObject","inLanguage":"pt-BR","@id":"https:\/\/www.suno.com.br\/noticias\/#\/schema\/logo\/image\/","url":"https:\/\/files.sunoresearch.com.br\/n\/uploads\/2021\/09\/suno-logo.png","contentUrl":"https:\/\/files.sunoresearch.com.br\/n\/uploads\/2021\/09\/suno-logo.png","width":180,"height":180,"caption":"Suno Not\u00edcias"},"image":{"@id":"https:\/\/www.suno.com.br\/noticias\/#\/schema\/logo\/image\/"},"sameAs":["https:\/\/facebook.com\/sunoresearch","https:\/\/x.com\/sunoresearch","https:\/\/www.instagram.com\/suno","https:\/\/www.linkedin.com\/company\/suno-research\/","https:\/\/www.youtube.com\/c\/sunoresearch"]},{"@type":"Person","@id":"https:\/\/www.suno.com.br\/noticias\/#\/schema\/person\/e6e0f723cc177805027f4566c1d5e0c8","name":"Carlo Cauti","image":{"@type":"ImageObject","inLanguage":"pt-BR","@id":"https:\/\/www.suno.com.br\/noticias\/#\/schema\/person\/image\/","url":"https:\/\/secure.gravatar.com\/avatar\/3ada9e0bd164c23abd4792a9606d583c?s=96&r=g","contentUrl":"https:\/\/secure.gravatar.com\/avatar\/3ada9e0bd164c23abd4792a9606d583c?s=96&r=g","caption":"Carlo Cauti"},"description":"Editor multim\u00eddia do SUNO Not\u00edcias. Italiano, formado em Ci\u00eancias Pol\u00edticas pela universidade LUISS G. Carli de Roma e mestre cum laude em Rela\u00e7\u00f5es Internacionais, Jornalismo Internacional e de Guerra e em Economia Internacional. Concluiu tamb\u00e9m um MBA em Finan\u00e7as na B3. No Brasil, teve passagem por ve\u00edculos como Estad\u00e3o, Globo, Veja e EXAME. e nas ag\u00eancias de not\u00edcias italianas ANSA e NOVA.","url":"https:\/\/www.suno.com.br\/noticias\/author\/carlo-cauti\/"}]}},"default_loop_html":"<div class=\"cardsPage__listCard__boxs\"><div class=\"cardsPage__listCard__boxs__img\"><a href=\"https:\/\/www.suno.com.br\/noticias\/guedes-entrega-reforma-tributaria-ir-maior-taxacao-dvidendos\/\"><img class=\"mask\" src=\"https:\/\/www.suno.com.br\/noticias\/wp-content\/themes\/suno\/resources\/images\/spotlight\/spotlight1img\/bg-mask.png\" alt=\"Image Mask\"\/><img src=\"https:\/\/files.sunoresearch.com.br\/n\/uploads\/2021\/06\/7804787d-jfcrz_abr_161019860_0-400x200.jpg\" alt=\"Guedes entrega reforma tribut\u00e1ria com maior isen\u00e7\u00e3o do IR e taxa\u00e7\u00e3o de dividendos em 20%\"\/><\/a><span class=\"spotlightCategory\"><a href=\"https:\/\/www.suno.com.br\/noticias\/economia\/\">Economia<\/a><\/span><\/div><div class=\"cardsPage__listCard__boxs__content\"><a href=\"https:\/\/www.suno.com.br\/noticias\/guedes-entrega-reforma-tributaria-ir-maior-taxacao-dvidendos\/\"><h2 class=\"content__title\">Guedes entrega reforma tribut\u00e1ria com maior isen\u00e7\u00e3o do IR e taxa\u00e7\u00e3o de dividendos em 20%<\/h2><\/a><div class=\"newsContent__article__meta\"><div class=\"newsContent__article__meta__authorBox\"><a href=\"https:\/\/www.suno.com.br\/noticias\/author\/eduardo-vargas\/\" class=\"authorBox__avatar noMobi\"><img src=\"https:\/\/secure.gravatar.com\/avatar\/dac340933427a22924c9f99d1eb2e3f2?s=96&#038;r=g\" alt=\"Eduardo Vargas\"><\/a><div class=\"authorBox__name\"><span>por\n\t\t\t<a href=\"https:\/\/www.suno.com.br\/noticias\/author\/eduardo-vargas\/\"><span itemprop=\"author\">Eduardo Vargas<\/span><\/a><\/span><time datetime=\"2021-06-25T13:11:08-03:00\" itemprop=\"datePublished\">25\/06\/2021 13:11<\/time><\/div><\/div><\/div><\/div><\/div>","single_layout":"posts","amp_enabled":true,"_links":{"self":[{"href":"https:\/\/www.suno.com.br\/noticias\/wp-json\/wp\/v2\/posts\/162608"}],"collection":[{"href":"https:\/\/www.suno.com.br\/noticias\/wp-json\/wp\/v2\/posts"}],"about":[{"href":"https:\/\/www.suno.com.br\/noticias\/wp-json\/wp\/v2\/types\/post"}],"author":[{"embeddable":true,"href":"https:\/\/www.suno.com.br\/noticias\/wp-json\/wp\/v2\/users\/9"}],"replies":[{"embeddable":true,"href":"https:\/\/www.suno.com.br\/noticias\/wp-json\/wp\/v2\/comments?post=162608"}],"version-history":[{"count":3,"href":"https:\/\/www.suno.com.br\/noticias\/wp-json\/wp\/v2\/posts\/162608\/revisions"}],"predecessor-version":[{"id":162620,"href":"https:\/\/www.suno.com.br\/noticias\/wp-json\/wp\/v2\/posts\/162608\/revisions\/162620"}],"wp:featuredmedia":[{"embeddable":true,"href":"https:\/\/www.suno.com.br\/noticias\/wp-json\/wp\/v2\/media\/135073"}],"wp:attachment":[{"href":"https:\/\/www.suno.com.br\/noticias\/wp-json\/wp\/v2\/media?parent=162608"}],"wp:term":[{"taxonomy":"category","embeddable":true,"href":"https:\/\/www.suno.com.br\/noticias\/wp-json\/wp\/v2\/categories?post=162608"},{"taxonomy":"post_tag","embeddable":true,"href":"https:\/\/www.suno.com.br\/noticias\/wp-json\/wp\/v2\/tags?post=162608"},{"taxonomy":"suno_strategy","embeddable":true,"href":"https:\/\/www.suno.com.br\/noticias\/wp-json\/wp\/v2\/suno_strategy?post=162608"}],"curies":[{"name":"wp","href":"https:\/\/api.w.org\/{rel}","templated":true}]}}