{"id":16250,"date":"2019-02-21T20:06:34","date_gmt":"2019-02-21T23:06:34","guid":{"rendered":"https:\/\/www.suno.com.br\/noticias\/?p=16250"},"modified":"2019-02-21T20:06:34","modified_gmt":"2019-02-21T23:06:34","slug":"previdencia-maia-determina-envio","status":"publish","type":"post","link":"https:\/\/www.suno.com.br\/noticias\/previdencia-maia-determina-envio\/","title":{"rendered":"Previd\u00eancia: Maia determina envio da PEC para a CCJ da C\u00e2mara"},"content":{"rendered":"<p>O presidente da C\u00e2mara dos deputados, Rodrigo Maia, determinou o envio da Proposta de Emenda \u00e0 Constitui\u00e7\u00e3o (PEC) da Previd\u00eancia para a Comiss\u00e3o de Constitui\u00e7\u00e3o e Justi\u00e7a (CCJ).<\/p>\t<div class=\"wrapper-featured-image\">\n\t\t<figure class=\"spotlightImg\">\n\n\t\t\t<picture>\n\t\t\t\t<source media=\"(max-width: 768px)\" srcset=\"https:\/\/files.sunoresearch.com.br\/n\/uploads\/2019\/02\/597eadef-rodrigo-maia-400x200.webp\">\n\t\t\t\t<img loading=\"lazy\" decoding=\"async\" class=\"newsContent__article__imgCapa lazyloadDisabled newsContent__article__imgCapa--noCaption\" src=\"https:\/\/files.sunoresearch.com.br\/n\/uploads\/2019\/02\/597eadef-rodrigo-maia-800x450.webp\" width=\"800\" height=\"450\" alt=\"Previd\u00eancia: Maia determina envio da PEC para a CCJ da C\u00e2mara\" fetchpriority=high \/>\n\t\t\t<\/picture>\n\n\t\t\t<figcaption class=\"wp-caption-text wp-caption-text--hide\">Maia diz que Arthur Lira \u00e9 candidato de Bolsonaro \u00e0 presid\u00eancia da C\u00e2mara<\/figcaption>\n\t\t<\/figure>\n\t<\/div>\n\n\n<p>A ordem foi dada nesta quinta-feira (21). Essa \u00e9 a primeira etapa do rito de tramita\u00e7\u00e3o da <strong>PEC <\/strong>da <strong>Previd\u00eancia<\/strong>. Por se tratar de uma emenda da <strong>Constitui\u00e7\u00e3o<\/strong>, o texto precisa passar pelas comiss\u00f5es.<\/p>\n<p><a href=\"https:\/\/www.suno.com.br\/noticias\/maia-ccj-tramitacao-pec-previdencia\/\">Saiba mais:\u00a0Maia vai agilizar CCJ para adiantar tramita\u00e7\u00e3o da PEC da Previd\u00eancia<\/a><\/p>\n<p>Na \u00faltima quarta (20), o presidente informou que tentar\u00e1 instalar a <strong>Comiss\u00e3o de Constitui\u00e7\u00e3o e Justi\u00e7a (CCJ)<\/strong> na pr\u00f3xima ter\u00e7a-feira. A medida \u00e9 vista como uma forma de mostrar para os mercados que a reforma da <strong>Previd\u00eancia<\/strong> \u00e9 prioridade.<\/p>\n<p>A <strong>CCJ<\/strong>, que conta com 66 deputados, dever\u00e1 verificar a admissibilidade do texto. Nesta etapa, os deputados ir\u00e3o analisar somente se o conte\u00fado da PEC est\u00e1 de acordo com a <strong>Constitui\u00e7\u00e3o<\/strong>. A comiss\u00e3o tem cinco sess\u00f5es para votar a admissibilidade da proposta.<\/p>\n<p><a href=\"https:\/\/www.suno.com.br\/noticias\/nova-previdencia-justa-todos-bolsonaro\/\">Saiba mais:\u00a0Nova Previd\u00eancia ser\u00e1 justa, para todos e sem privil\u00e9gios, diz Bolsonaro<\/a><\/p>\n<p>Depois, o texto \u00e9 enviado a uma comiss\u00e3o especial criada pelo <strong>presidente da C\u00e2mara<\/strong>. Com at\u00e9 40 sess\u00f5es, nesta etapa os deputados poder\u00e3o alterar o texto da <strong>reforma<\/strong>. Por\u00e9m, para modificar a <strong>PEC<\/strong> dever\u00e3o ter, no m\u00ednimo, 171 deputados (1\/3 da C\u00e2mara). N\u00e3o \u00e9 obrigat\u00f3rio cumprir as 40 sess\u00f5es: na 11\u00ba sess\u00e3o, o relator pode dar o seu parecer. Al\u00e9m disso, o relator tem a prerrogativa de apresentar um texto com outras propostas, chamado de substitutivo.<\/p>\n<p>Na \u00faltima quarta-feira (21), o <strong>ministro da Economia<\/strong>, <strong>Paulo Guedes<\/strong>, disse em entrevista a &#8220;NBR&#8221; que ser\u00e1 &#8220;uma surpresa muito grande para mim se mexerem muito nesse projeto&#8221;. Al\u00e9m disso, o ministro declarou que o <strong>Congresso<\/strong> &#8220;parece bastante maduro no aspecto da discuss\u00e3o da necessidade da nova <strong>Previd\u00eancia<\/strong>&#8220;.<\/p>\n<p><a href=\"https:\/\/www.suno.com.br\/noticias\/repercussoes-proposta-reforma-previdencia\/\">Saiba mais: Confira repercuss\u00f5es internacionais da proposta de reforma da Previd\u00eancia<\/a><\/p>\n<p>Ap\u00f3s passar pelas comiss\u00f5es da <strong>C\u00e2mara<\/strong>, o parecer \u00e9 publicado, e depois de duas sess\u00f5es, pode ser inclu\u00eddo na pauta do plen\u00e1rio.\u00a0 A <strong>PEC<\/strong> da <strong>Previd\u00eancia<\/strong> passar\u00e1 por duas vota\u00e7\u00f5es. A\u00a0<strong>reforma da Previd\u00eancia<\/strong> precisa de no m\u00ednimo 308\u00a0de 513 de\u00a0<strong>deputados<\/strong> na C\u00e2mara e 49 dos 81 <strong>senadores<\/strong>. Caso n\u00e3o alcance o n\u00famero m\u00ednimo necess\u00e1rio, \u00e9 arquivada.<\/p>\n","protected":false},"excerpt":{"rendered":"<p>O presidente da C\u00e2mara dos deputados, Rodrigo Maia, determinou o envio da Proposta de Emenda \u00e0 Constitui\u00e7\u00e3o (PEC) da Previd\u00eancia para a Comiss\u00e3o de Constitui\u00e7\u00e3o e Justi\u00e7a (CCJ). Maia diz que Arthur Lira \u00e9 candidato de Bolsonaro \u00e0 presid\u00eancia da C\u00e2mara A ordem foi dada nesta quinta-feira (21). Essa \u00e9 a primeira etapa do rito [&hellip;]<\/p>\n","protected":false},"author":14,"featured_media":16255,"comment_status":"closed","ping_status":"closed","sticky":false,"template":"","format":"standard","meta":[],"categories":[61],"tags":[938,901,940,892],"suno_strategy":[],"class_list":["post-16250","post","type-post","status-publish","format-standard","has-post-thumbnail","hentry","category-politica","tag-camara-dos-deputados","tag-congresso-nacional","tag-reforma-da-previdencia","tag-rodrigo-maia"],"yoast_head":"<!-- This site is optimized with the Yoast SEO plugin v24.4 - https:\/\/yoast.com\/wordpress\/plugins\/seo\/ -->\n<title>Previd\u00eancia: Maia determina envio da PEC para a CCJ da C\u00e2mara<\/title>\n<meta name=\"description\" content=\"A ordem foi dada nesta quinta-feira (21). Essa \u00e9 a primeira etapa do rito de tramita\u00e7\u00e3o da PEC da Previd\u00eancia. Clique para saber mais.\" \/>\n<meta name=\"robots\" content=\"index, follow, max-snippet:-1, max-image-preview:large, max-video-preview:-1\" \/>\n<link rel=\"canonical\" href=\"https:\/\/www.suno.com.br\/noticias\/previdencia-maia-determina-envio\/\" \/>\n<meta property=\"og:locale\" content=\"pt_BR\" \/>\n<meta property=\"og:type\" content=\"article\" \/>\n<meta property=\"og:title\" content=\"Previd\u00eancia: Maia determina envio da PEC para a CCJ da C\u00e2mara\" \/>\n<meta property=\"og:description\" content=\"A ordem foi dada nesta quinta-feira (21). Essa \u00e9 a primeira etapa do rito de tramita\u00e7\u00e3o da PEC da Previd\u00eancia. Clique para saber mais.\" \/>\n<meta property=\"og:url\" content=\"https:\/\/www.suno.com.br\/noticias\/previdencia-maia-determina-envio\/\" \/>\n<meta property=\"og:site_name\" content=\"Suno Not\u00edcias\" \/>\n<meta property=\"article:publisher\" content=\"https:\/\/facebook.com\/sunoresearch\" \/>\n<meta property=\"og:image\" content=\"https:\/\/files.sunoresearch.com.br\/n\/uploads\/2019\/02\/597eadef-rodrigo-maia.jpg\" \/>\n\t<meta property=\"og:image:width\" content=\"2048\" \/>\n\t<meta property=\"og:image:height\" content=\"1382\" \/>\n\t<meta property=\"og:image:type\" content=\"image\/jpeg\" \/>\n<meta name=\"author\" content=\"Renan Dantas\" \/>\n<meta name=\"twitter:card\" content=\"summary_large_image\" \/>\n<meta name=\"twitter:creator\" content=\"@sunoresearch\" \/>\n<meta name=\"twitter:site\" content=\"@sunoresearch\" \/>\n<meta name=\"twitter:label1\" content=\"Escrito por\" \/>\n\t<meta name=\"twitter:data1\" content=\"Renan Dantas\" \/>\n\t<meta name=\"twitter:label2\" content=\"Est. tempo de leitura\" \/>\n\t<meta name=\"twitter:data2\" content=\"2 minutos\" \/>\n<script type=\"application\/ld+json\" class=\"yoast-schema-graph\">{\"@context\":\"https:\/\/schema.org\",\"@graph\":[{\"@type\":\"NewsArticle\",\"@id\":\"https:\/\/www.suno.com.br\/noticias\/previdencia-maia-determina-envio\/#article\",\"isPartOf\":{\"@id\":\"https:\/\/www.suno.com.br\/noticias\/previdencia-maia-determina-envio\/\"},\"author\":{\"name\":\"Renan Dantas\",\"@id\":\"https:\/\/www.suno.com.br\/noticias\/#\/schema\/person\/3f7693d5795a3f6d5ce15309ee785699\"},\"headline\":\"Previd\u00eancia: Maia determina envio da PEC para a CCJ da C\u00e2mara\",\"datePublished\":\"2019-02-21T23:06:34+00:00\",\"mainEntityOfPage\":{\"@id\":\"https:\/\/www.suno.com.br\/noticias\/previdencia-maia-determina-envio\/\"},\"wordCount\":413,\"publisher\":{\"@id\":\"https:\/\/www.suno.com.br\/noticias\/#organization\"},\"image\":{\"@id\":\"https:\/\/www.suno.com.br\/noticias\/previdencia-maia-determina-envio\/#primaryimage\"},\"thumbnailUrl\":\"https:\/\/files.sunoresearch.com.br\/n\/uploads\/2019\/02\/597eadef-rodrigo-maia-jpg.webp\",\"keywords\":[\"C\u00e2mara dos Deputados\",\"Congresso Nacional\",\"Reforma da Previd\u00eancia\",\"Rodrigo Maia\"],\"articleSection\":[\"Pol\u00edtica\"],\"inLanguage\":\"pt-BR\"},{\"@type\":\"WebPage\",\"@id\":\"https:\/\/www.suno.com.br\/noticias\/previdencia-maia-determina-envio\/\",\"url\":\"https:\/\/www.suno.com.br\/noticias\/previdencia-maia-determina-envio\/\",\"name\":\"Previd\u00eancia: Maia determina envio da PEC para a CCJ da C\u00e2mara\",\"isPartOf\":{\"@id\":\"https:\/\/www.suno.com.br\/noticias\/#website\"},\"primaryImageOfPage\":{\"@id\":\"https:\/\/www.suno.com.br\/noticias\/previdencia-maia-determina-envio\/#primaryimage\"},\"image\":{\"@id\":\"https:\/\/www.suno.com.br\/noticias\/previdencia-maia-determina-envio\/#primaryimage\"},\"thumbnailUrl\":\"https:\/\/files.sunoresearch.com.br\/n\/uploads\/2019\/02\/597eadef-rodrigo-maia-jpg.webp\",\"datePublished\":\"2019-02-21T23:06:34+00:00\",\"description\":\"A ordem foi dada nesta quinta-feira (21). Essa \u00e9 a primeira etapa do rito de tramita\u00e7\u00e3o da PEC da Previd\u00eancia. Clique para saber mais.\",\"breadcrumb\":{\"@id\":\"https:\/\/www.suno.com.br\/noticias\/previdencia-maia-determina-envio\/#breadcrumb\"},\"inLanguage\":\"pt-BR\",\"potentialAction\":[{\"@type\":\"ReadAction\",\"target\":[\"https:\/\/www.suno.com.br\/noticias\/previdencia-maia-determina-envio\/\"]}]},{\"@type\":\"ImageObject\",\"inLanguage\":\"pt-BR\",\"@id\":\"https:\/\/www.suno.com.br\/noticias\/previdencia-maia-determina-envio\/#primaryimage\",\"url\":\"https:\/\/files.sunoresearch.com.br\/n\/uploads\/2019\/02\/597eadef-rodrigo-maia-jpg.webp\",\"contentUrl\":\"https:\/\/files.sunoresearch.com.br\/n\/uploads\/2019\/02\/597eadef-rodrigo-maia-jpg.webp\",\"width\":2048,\"height\":1382,\"caption\":\"Maia diz que Arthur Lira \u00e9 candidato de Bolsonaro \u00e0 presid\u00eancia da C\u00e2mara\"},{\"@type\":\"BreadcrumbList\",\"@id\":\"https:\/\/www.suno.com.br\/noticias\/previdencia-maia-determina-envio\/#breadcrumb\",\"itemListElement\":[{\"@type\":\"ListItem\",\"position\":1,\"name\":\"Not\u00edcias\",\"item\":\"https:\/\/www.suno.com.br\/noticias\/\"},{\"@type\":\"ListItem\",\"position\":2,\"name\":\"Pol\u00edtica\",\"item\":\"https:\/\/www.suno.com.br\/noticias\/politica\/\"},{\"@type\":\"ListItem\",\"position\":3,\"name\":\"Previd\u00eancia: Maia determina envio da PEC para a CCJ da C\u00e2mara\"}]},{\"@type\":\"WebSite\",\"@id\":\"https:\/\/www.suno.com.br\/noticias\/#website\",\"url\":\"https:\/\/www.suno.com.br\/noticias\/\",\"name\":\"Suno Not\u00edcias\",\"description\":\"Seu portal de informa\u00e7\u00e3o sobre o mundo dos investimentos\",\"publisher\":{\"@id\":\"https:\/\/www.suno.com.br\/noticias\/#organization\"},\"potentialAction\":[{\"@type\":\"SearchAction\",\"target\":{\"@type\":\"EntryPoint\",\"urlTemplate\":\"https:\/\/www.suno.com.br\/noticias\/?s={search_term_string}\"},\"query-input\":{\"@type\":\"PropertyValueSpecification\",\"valueRequired\":true,\"valueName\":\"search_term_string\"}}],\"inLanguage\":\"pt-BR\"},{\"@type\":\"Organization\",\"@id\":\"https:\/\/www.suno.com.br\/noticias\/#organization\",\"name\":\"Suno Not\u00edcias\",\"url\":\"https:\/\/www.suno.com.br\/noticias\/\",\"logo\":{\"@type\":\"ImageObject\",\"inLanguage\":\"pt-BR\",\"@id\":\"https:\/\/www.suno.com.br\/noticias\/#\/schema\/logo\/image\/\",\"url\":\"https:\/\/files.sunoresearch.com.br\/n\/uploads\/2021\/09\/suno-logo.png\",\"contentUrl\":\"https:\/\/files.sunoresearch.com.br\/n\/uploads\/2021\/09\/suno-logo.png\",\"width\":180,\"height\":180,\"caption\":\"Suno Not\u00edcias\"},\"image\":{\"@id\":\"https:\/\/www.suno.com.br\/noticias\/#\/schema\/logo\/image\/\"},\"sameAs\":[\"https:\/\/facebook.com\/sunoresearch\",\"https:\/\/x.com\/sunoresearch\",\"https:\/\/www.instagram.com\/suno\",\"https:\/\/www.linkedin.com\/company\/suno-research\/\",\"https:\/\/www.youtube.com\/c\/sunoresearch\"]},{\"@type\":\"Person\",\"@id\":\"https:\/\/www.suno.com.br\/noticias\/#\/schema\/person\/3f7693d5795a3f6d5ce15309ee785699\",\"name\":\"Renan Dantas\",\"image\":{\"@type\":\"ImageObject\",\"inLanguage\":\"pt-BR\",\"@id\":\"https:\/\/www.suno.com.br\/noticias\/#\/schema\/person\/image\/\",\"url\":\"https:\/\/secure.gravatar.com\/avatar\/1787b83e7484a08e51d62ac8b41c8396?s=96&r=g\",\"contentUrl\":\"https:\/\/secure.gravatar.com\/avatar\/1787b83e7484a08e51d62ac8b41c8396?s=96&r=g\",\"caption\":\"Renan Dantas\"},\"description\":\"Escreve sobre pol\u00edtica e mercado financeiro para o portal Suno Not\u00edcias. Antes, atuou na assessoria de comunica\u00e7\u00e3o do Minist\u00e9rio P\u00fablico do Trabalho e na R\u00e1dio Mackenzie, onde apresentava e produzia um programa sobre artistas da m\u00fasica brasileira. \u00c9 estudante na Universidade Presbiteriana Mackenzie.\",\"url\":\"https:\/\/www.suno.com.br\/noticias\/author\/renan-dantas\/\"}]}<\/script>\n<!-- \/ Yoast SEO plugin. -->","yoast_head_json":{"title":"Previd\u00eancia: Maia determina envio da PEC para a CCJ da C\u00e2mara","description":"A ordem foi dada nesta quinta-feira (21). Essa \u00e9 a primeira etapa do rito de tramita\u00e7\u00e3o da PEC da Previd\u00eancia. Clique para saber mais.","robots":{"index":"index","follow":"follow","max-snippet":"max-snippet:-1","max-image-preview":"max-image-preview:large","max-video-preview":"max-video-preview:-1"},"canonical":"https:\/\/www.suno.com.br\/noticias\/previdencia-maia-determina-envio\/","og_locale":"pt_BR","og_type":"article","og_title":"Previd\u00eancia: Maia determina envio da PEC para a CCJ da C\u00e2mara","og_description":"A ordem foi dada nesta quinta-feira (21). Essa \u00e9 a primeira etapa do rito de tramita\u00e7\u00e3o da PEC da Previd\u00eancia. Clique para saber mais.","og_url":"https:\/\/www.suno.com.br\/noticias\/previdencia-maia-determina-envio\/","og_site_name":"Suno Not\u00edcias","article_publisher":"https:\/\/facebook.com\/sunoresearch","og_image":[{"width":2048,"height":1382,"url":"https:\/\/files.sunoresearch.com.br\/n\/uploads\/2019\/02\/597eadef-rodrigo-maia.jpg","type":"image\/jpeg"}],"author":"Renan Dantas","twitter_card":"summary_large_image","twitter_creator":"@sunoresearch","twitter_site":"@sunoresearch","twitter_misc":{"Escrito por":"Renan Dantas","Est. tempo de leitura":"2 minutos"},"schema":{"@context":"https:\/\/schema.org","@graph":[{"@type":"NewsArticle","@id":"https:\/\/www.suno.com.br\/noticias\/previdencia-maia-determina-envio\/#article","isPartOf":{"@id":"https:\/\/www.suno.com.br\/noticias\/previdencia-maia-determina-envio\/"},"author":{"name":"Renan Dantas","@id":"https:\/\/www.suno.com.br\/noticias\/#\/schema\/person\/3f7693d5795a3f6d5ce15309ee785699"},"headline":"Previd\u00eancia: Maia determina envio da PEC para a CCJ da C\u00e2mara","datePublished":"2019-02-21T23:06:34+00:00","mainEntityOfPage":{"@id":"https:\/\/www.suno.com.br\/noticias\/previdencia-maia-determina-envio\/"},"wordCount":413,"publisher":{"@id":"https:\/\/www.suno.com.br\/noticias\/#organization"},"image":{"@id":"https:\/\/www.suno.com.br\/noticias\/previdencia-maia-determina-envio\/#primaryimage"},"thumbnailUrl":"https:\/\/files.sunoresearch.com.br\/n\/uploads\/2019\/02\/597eadef-rodrigo-maia-jpg.webp","keywords":["C\u00e2mara dos Deputados","Congresso Nacional","Reforma da Previd\u00eancia","Rodrigo Maia"],"articleSection":["Pol\u00edtica"],"inLanguage":"pt-BR"},{"@type":"WebPage","@id":"https:\/\/www.suno.com.br\/noticias\/previdencia-maia-determina-envio\/","url":"https:\/\/www.suno.com.br\/noticias\/previdencia-maia-determina-envio\/","name":"Previd\u00eancia: Maia determina envio da PEC para a CCJ da C\u00e2mara","isPartOf":{"@id":"https:\/\/www.suno.com.br\/noticias\/#website"},"primaryImageOfPage":{"@id":"https:\/\/www.suno.com.br\/noticias\/previdencia-maia-determina-envio\/#primaryimage"},"image":{"@id":"https:\/\/www.suno.com.br\/noticias\/previdencia-maia-determina-envio\/#primaryimage"},"thumbnailUrl":"https:\/\/files.sunoresearch.com.br\/n\/uploads\/2019\/02\/597eadef-rodrigo-maia-jpg.webp","datePublished":"2019-02-21T23:06:34+00:00","description":"A ordem foi dada nesta quinta-feira (21). Essa \u00e9 a primeira etapa do rito de tramita\u00e7\u00e3o da PEC da Previd\u00eancia. Clique para saber mais.","breadcrumb":{"@id":"https:\/\/www.suno.com.br\/noticias\/previdencia-maia-determina-envio\/#breadcrumb"},"inLanguage":"pt-BR","potentialAction":[{"@type":"ReadAction","target":["https:\/\/www.suno.com.br\/noticias\/previdencia-maia-determina-envio\/"]}]},{"@type":"ImageObject","inLanguage":"pt-BR","@id":"https:\/\/www.suno.com.br\/noticias\/previdencia-maia-determina-envio\/#primaryimage","url":"https:\/\/files.sunoresearch.com.br\/n\/uploads\/2019\/02\/597eadef-rodrigo-maia-jpg.webp","contentUrl":"https:\/\/files.sunoresearch.com.br\/n\/uploads\/2019\/02\/597eadef-rodrigo-maia-jpg.webp","width":2048,"height":1382,"caption":"Maia diz que Arthur Lira \u00e9 candidato de Bolsonaro \u00e0 presid\u00eancia da C\u00e2mara"},{"@type":"BreadcrumbList","@id":"https:\/\/www.suno.com.br\/noticias\/previdencia-maia-determina-envio\/#breadcrumb","itemListElement":[{"@type":"ListItem","position":1,"name":"Not\u00edcias","item":"https:\/\/www.suno.com.br\/noticias\/"},{"@type":"ListItem","position":2,"name":"Pol\u00edtica","item":"https:\/\/www.suno.com.br\/noticias\/politica\/"},{"@type":"ListItem","position":3,"name":"Previd\u00eancia: Maia determina envio da PEC para a CCJ da C\u00e2mara"}]},{"@type":"WebSite","@id":"https:\/\/www.suno.com.br\/noticias\/#website","url":"https:\/\/www.suno.com.br\/noticias\/","name":"Suno Not\u00edcias","description":"Seu portal de informa\u00e7\u00e3o sobre o mundo dos investimentos","publisher":{"@id":"https:\/\/www.suno.com.br\/noticias\/#organization"},"potentialAction":[{"@type":"SearchAction","target":{"@type":"EntryPoint","urlTemplate":"https:\/\/www.suno.com.br\/noticias\/?s={search_term_string}"},"query-input":{"@type":"PropertyValueSpecification","valueRequired":true,"valueName":"search_term_string"}}],"inLanguage":"pt-BR"},{"@type":"Organization","@id":"https:\/\/www.suno.com.br\/noticias\/#organization","name":"Suno Not\u00edcias","url":"https:\/\/www.suno.com.br\/noticias\/","logo":{"@type":"ImageObject","inLanguage":"pt-BR","@id":"https:\/\/www.suno.com.br\/noticias\/#\/schema\/logo\/image\/","url":"https:\/\/files.sunoresearch.com.br\/n\/uploads\/2021\/09\/suno-logo.png","contentUrl":"https:\/\/files.sunoresearch.com.br\/n\/uploads\/2021\/09\/suno-logo.png","width":180,"height":180,"caption":"Suno Not\u00edcias"},"image":{"@id":"https:\/\/www.suno.com.br\/noticias\/#\/schema\/logo\/image\/"},"sameAs":["https:\/\/facebook.com\/sunoresearch","https:\/\/x.com\/sunoresearch","https:\/\/www.instagram.com\/suno","https:\/\/www.linkedin.com\/company\/suno-research\/","https:\/\/www.youtube.com\/c\/sunoresearch"]},{"@type":"Person","@id":"https:\/\/www.suno.com.br\/noticias\/#\/schema\/person\/3f7693d5795a3f6d5ce15309ee785699","name":"Renan Dantas","image":{"@type":"ImageObject","inLanguage":"pt-BR","@id":"https:\/\/www.suno.com.br\/noticias\/#\/schema\/person\/image\/","url":"https:\/\/secure.gravatar.com\/avatar\/1787b83e7484a08e51d62ac8b41c8396?s=96&r=g","contentUrl":"https:\/\/secure.gravatar.com\/avatar\/1787b83e7484a08e51d62ac8b41c8396?s=96&r=g","caption":"Renan Dantas"},"description":"Escreve sobre pol\u00edtica e mercado financeiro para o portal Suno Not\u00edcias. Antes, atuou na assessoria de comunica\u00e7\u00e3o do Minist\u00e9rio P\u00fablico do Trabalho e na R\u00e1dio Mackenzie, onde apresentava e produzia um programa sobre artistas da m\u00fasica brasileira. \u00c9 estudante na Universidade Presbiteriana Mackenzie.","url":"https:\/\/www.suno.com.br\/noticias\/author\/renan-dantas\/"}]}},"default_loop_html":"<div class=\"cardsPage__listCard__boxs\"><div class=\"cardsPage__listCard__boxs__img\"><a href=\"https:\/\/www.suno.com.br\/noticias\/previdencia-maia-determina-envio\/\"><img class=\"mask\" src=\"https:\/\/www.suno.com.br\/noticias\/wp-content\/themes\/suno\/resources\/images\/spotlight\/spotlight1img\/bg-mask.png\" alt=\"Image Mask\"\/><img src=\"https:\/\/files.sunoresearch.com.br\/n\/uploads\/2019\/02\/597eadef-rodrigo-maia-400x200.webp\" alt=\"Previd\u00eancia: Maia determina envio da PEC para a CCJ da C\u00e2mara\"\/><\/a><span class=\"spotlightCategory\"><a href=\"https:\/\/www.suno.com.br\/noticias\/politica\/\">Pol\u00edtica<\/a><\/span><\/div><div class=\"cardsPage__listCard__boxs__content\"><a href=\"https:\/\/www.suno.com.br\/noticias\/previdencia-maia-determina-envio\/\"><h2 class=\"content__title\">Previd\u00eancia: Maia determina envio da PEC para a CCJ da C\u00e2mara<\/h2><\/a><div class=\"newsContent__article__meta\"><div class=\"newsContent__article__meta__authorBox\"><a href=\"https:\/\/www.suno.com.br\/noticias\/author\/renan-dantas\/\" class=\"authorBox__avatar noMobi\"><img src=\"https:\/\/secure.gravatar.com\/avatar\/1787b83e7484a08e51d62ac8b41c8396?s=96&#038;r=g\" alt=\"Renan Dantas\"><\/a><div class=\"authorBox__name\"><span>por\n\t\t\t<a href=\"https:\/\/www.suno.com.br\/noticias\/author\/renan-dantas\/\"><span itemprop=\"author\">Renan Dantas<\/span><\/a><\/span><time datetime=\"2019-02-21T20:06:34-03:00\" itemprop=\"datePublished\">21\/02\/2019 20:06<\/time><\/div><\/div><\/div><\/div><\/div>","single_layout":"posts","amp_enabled":true,"_links":{"self":[{"href":"https:\/\/www.suno.com.br\/noticias\/wp-json\/wp\/v2\/posts\/16250"}],"collection":[{"href":"https:\/\/www.suno.com.br\/noticias\/wp-json\/wp\/v2\/posts"}],"about":[{"href":"https:\/\/www.suno.com.br\/noticias\/wp-json\/wp\/v2\/types\/post"}],"author":[{"embeddable":true,"href":"https:\/\/www.suno.com.br\/noticias\/wp-json\/wp\/v2\/users\/14"}],"replies":[{"embeddable":true,"href":"https:\/\/www.suno.com.br\/noticias\/wp-json\/wp\/v2\/comments?post=16250"}],"version-history":[{"count":0,"href":"https:\/\/www.suno.com.br\/noticias\/wp-json\/wp\/v2\/posts\/16250\/revisions"}],"wp:featuredmedia":[{"embeddable":true,"href":"https:\/\/www.suno.com.br\/noticias\/wp-json\/wp\/v2\/media\/16255"}],"wp:attachment":[{"href":"https:\/\/www.suno.com.br\/noticias\/wp-json\/wp\/v2\/media?parent=16250"}],"wp:term":[{"taxonomy":"category","embeddable":true,"href":"https:\/\/www.suno.com.br\/noticias\/wp-json\/wp\/v2\/categories?post=16250"},{"taxonomy":"post_tag","embeddable":true,"href":"https:\/\/www.suno.com.br\/noticias\/wp-json\/wp\/v2\/tags?post=16250"},{"taxonomy":"suno_strategy","embeddable":true,"href":"https:\/\/www.suno.com.br\/noticias\/wp-json\/wp\/v2\/suno_strategy?post=16250"}],"curies":[{"name":"wp","href":"https:\/\/api.w.org\/{rel}","templated":true}]}}