{"id":162444,"date":"2021-06-30T11:06:38","date_gmt":"2021-06-30T14:06:38","guid":{"rendered":"https:\/\/www.suno.com.br\/noticias\/?p=162444"},"modified":"2021-06-30T11:06:38","modified_gmt":"2021-06-30T14:06:38","slug":"ibovespa-abre-queda-ccr-rodoviar-ccro3","status":"publish","type":"post","link":"https:\/\/www.suno.com.br\/noticias\/ibovespa-abre-queda-ccr-rodoviar-ccro3\/","title":{"rendered":"Ibovespa abre em queda, com CCR (CCRO3) destoando em alta de 4%"},"content":{"rendered":"<p>Seguindo na toada negativa dos \u00faltimos dias, o <a href=\"https:\/\/www.suno.com.br\/artigos\/ibovespa\/\"><strong>Ibovespa<\/strong> abre o preg\u00e3o em queda de 0,52%<\/a> nesta quarta-feira (30) \u00e0s 10h20, na mesma tend\u00eancia das bolsas internacionais e com uma exce\u00e7\u00e3o &#8211; a alta de quase 5% da <a href=\"https:\/\/www.suno.com.br\/acoes\/ccro3\/\">CCR Rodovias (CCRO3)<\/a>.<\/p>\t<div class=\"wrapper-featured-image\">\n\t\t<figure class=\"spotlightImg\">\n\n\t\t\t<picture>\n\t\t\t\t<source media=\"(max-width: 768px)\" srcset=\"https:\/\/files.sunoresearch.com.br\/n\/uploads\/2021\/03\/03863603-ccr-400x200.jpg\">\n\t\t\t\t<img loading=\"lazy\" decoding=\"async\" class=\"newsContent__article__imgCapa lazyloadDisabled \" src=\"https:\/\/files.sunoresearch.com.br\/n\/uploads\/2021\/03\/03863603-ccr-800x450.jpg\" width=\"800\" height=\"450\" alt=\"Ibovespa abre em queda, com CCR (CCRO3) destoando em alta de 4%\" fetchpriority=high \/>\n\t\t\t<\/picture>\n\n\t\t\t<figcaption class=\"wp-caption-text wp-caption-text--show\">IPO da companhia vem em janela de alta de aberturas de capital, com 29 somente neste ano - Foto: Divulga\u00e7\u00e3o.<\/figcaption>\n\t\t<\/figure>\n\t<\/div>\n\n\n\t<p>\n\t\t<a href=\"https:\/\/lp.suno.com.br\/planilha-controle-gastos\/\" target=\"_blank\" data-element=\"shortcode-suno-banner\" title=\"Banner SUNO, clique e saiba mais\">\n\t\t\t<picture>\n\t\t\t\t<source media=\"(max-width: 500px)\" srcset=\"https:\/\/files.sunoresearch.com.br\/n\/uploads\/2023\/03\/400x300-Planilha-controle-de-gastos.png\">\n\t\t\t\t<img class=\"newsContent__article__imgCapa newsContent__article__imgCapa--banner\"\n\t\t\t\t\tsrc=\"https:\/\/files.sunoresearch.com.br\/n\/uploads\/2023\/03\/1420x240-Planilha-controle-de-gastos.png\"\n\t\t\t\t\tdata-promo-id=\"101751\"\t\t\t\t\t\t\t\t\t\twidth='1420' height='240'\t\t\t\t\talt=\"https:\/\/files.sunoresearch.com.br\/n\/uploads\/2023\/03\/1420x240-Planilha-controle-de-gastos.png\"\n\t\t\t\t>\n\t\t\t<\/picture>\n\t\t<\/a>\n\t<\/p>\n\n\n<p>O <strong>Ibovespa hoje<\/strong> amanhece com dados sobre a rela\u00e7\u00e3o da d\u00edvida com o Produto Interno Bruto (PIB), que ficou em 59,7% em face de uma proje\u00e7\u00e3o de 60,7%, ampliando o dado do super\u00e1vit or\u00e7ament\u00e1rio.<\/p>\n<p>Os dados recente sobre a infla\u00e7\u00e3o puxam baixas razo\u00e1veis nos mercado internacionais, combinados com as not\u00edcias sobre a variante Delta da <strong>covid-19<\/strong>.<\/p>\n<p>Al\u00e9m disso, o Brasil deve chegar hoje aos 100 milh\u00f5es de vacinados, representando um marco na campanha e na retomada econ\u00f4mica. Por outro lado, mais cap\u00edtulos da CPI colocam o cen\u00e1rio nacional em complica\u00e7\u00f5es.<\/p>\n<p>Segundo mat\u00e9ria da Folha de S. Paulo da noite de ter\u00e7a (29), o Minist\u00e9rio da Sa\u00fade estaria envolvido em um esquema de propina que pedia US$ 1 para cada vacina da Covaxin. A aquisi\u00e7\u00e3o do imunizante indiano, do mesmo modo, tamb\u00e9m possui irregularidades apontadas por membros da comiss\u00e3o.<\/p>\n<h2>Not\u00edcias que v\u00e3o movimentar a Bolsa de Valores hoje<\/h2>\n<ul>\n<li>Justi\u00e7a nega pedido de bancos contra a Oi<\/li>\n<li>B3 reajusta JCP e dividendos<\/li>\n<li>CCR lidera altas com novo acordo<\/li>\n<\/ul>\n<h3>Recupera\u00e7\u00e3o judicial da Oi em pauta<\/h3>\n<p>Na disputa judicial entre <a href=\"https:\/\/www.suno.com.br\/acoes\/oibr3\/\">Oi (OIBR3)<\/a> e os seus credores &#8211; \u00a0<strong><a class=\"suno-keyword\" href=\"https:\/\/www.suno.com.br\/acoes\/ITUB4\/\" target=\"_blank\" rel=\"noopener noreferrer\" data-force=\"yes\" data-priority=\"2\">Ita\u00fa (ITUB4)<\/a><\/strong>,\u00a0<a href=\"https:\/\/www.suno.com.br\/acoes\/bbas3\/\"><strong>Banco do Brasil (BBSA3)<\/strong><\/a>,\u00a0<strong><a class=\"suno-keyword\" href=\"https:\/\/www.suno.com.br\/acoes\/SANB11\/\" target=\"_blank\" rel=\"noopener noreferrer\" data-force=\"yes\" data-priority=\"2\">Santander (SANB11)<\/a><\/strong> e Caixa &#8211; os bancos sofreram rev\u00e9s.<\/p>\n\n\t<div data-element=\"shortcode-read-more\" class=\"readToo\">\n\t\t\t\t<span class=\"readToo__title\">Saiba mais<\/span>\n\t\t\t\t<ul class=\"readToo__list\">\n\t\t\t<li><a href=\"https:\/\/www.suno.com.br\/noticias\/pao-de-acucar-pcar3-michael-klein-abilio-diniz\/\">P\u00e3o de A\u00e7\u00facar (PCAR3) na mira de Michael Klein e Ab\u00edlio Diniz<\/a><\/li><li><a href=\"https:\/\/www.suno.com.br\/noticias\/eletrobras-elet3-safra-goldman-sachs-recomendacao-compra\/\">Eletrobras (ELET3): Safra e Goldman Sachs recomendam compra<\/a><\/li>\t\t<\/ul>\n\t<\/div>\n\n\n<p>Todos eles haviam pedido liminar contra o aditamento do\u00a0<a class=\"suno-keyword\" href=\"https:\/\/www.suno.com.br\/artigos\/plano-de-recuperacao\/\" target=\"_blank\" rel=\"noopener noreferrer\" data-force=\"no\" data-priority=\"1\">plano de recupera\u00e7\u00e3o judicial<\/a> (PRJ), que foi negado pela 8\u00aa C\u00e2mara do Tribunal de Justi\u00e7a do Rio.<\/p>\n<p>Da mesma forma, todos discordavam dos 55% de desconto da d\u00edvida da operadora com os bancos, motivo pelo qual seguiam no entrave judicial.<\/p>\n<p>As a\u00e7\u00f5es a operadora andam de lado na cota\u00e7\u00e3o do Ibovespa, com pre\u00e7o em cerca de R$ 1,50 e queda de 0,65% no acumulado mensal e semanal. Em 12 meses, por outro lado, foram 25,62% de valoriza\u00e7\u00e3o.<\/p>\n<h3>B3 anuncia ajuste em JCP e Dividendos<\/h3>\n<p>Na noite de ter\u00e7a (29) a <a href=\"https:\/\/www.suno.com.br\/acoes\/b3sa3\/\">B3 (B3SA3)<\/a> informou aos acionistas que realizar\u00e1 um ajuste nos dividendos que ser\u00e3o pagos por a\u00e7\u00e3o, saindo de R$ 0,16842 para pouco mais de R$ 0,168543.<\/p>\n<p>Os proventos foram anunciados no dia 24 de junho, juntamente com o pagamento de\u00a0<strong><a href=\"https:\/\/www.suno.com.br\/artigos\/entenda-o-jcp\/\">juros sobre capital pr\u00f3prio<\/a><\/strong><a href=\"https:\/\/www.suno.com.br\/artigos\/entenda-o-jcp\/\"> (JCP)<\/a>, que devem ir de R$ 0,04607 para R$ 0,04610 ap\u00f3s o ajuste.<\/p>\n\t<p>\n\t\t<a href=\"https:\/\/lp.suno.com.br\/planilha-da-vida-financeira\/\" target=\"_blank\" data-element=\"shortcode-suno-banner\" title=\"Banner SUNO, clique e saiba mais\">\n\t\t\t<picture>\n\t\t\t\t<source media=\"(max-width: 500px)\" srcset=\"https:\/\/files.sunoresearch.com.br\/n\/uploads\/2023\/04\/400x300-Planilha-vida-financeira-true.png\">\n\t\t\t\t<img class=\"newsContent__article__imgCapa newsContent__article__imgCapa--banner\"\n\t\t\t\t\tsrc=\"https:\/\/files.sunoresearch.com.br\/n\/uploads\/2023\/04\/1420x240-Planilha-vida-financeira-true.png\"\n\t\t\t\t\tdata-promo-id=\"106682\"\t\t\t\t\t\t\t\t\t\twidth='1420' height='240'\t\t\t\t\talt=\"https:\/\/files.sunoresearch.com.br\/n\/uploads\/2023\/04\/1420x240-Planilha-vida-financeira-true.png\"\n\t\t\t\t>\n\t\t\t<\/picture>\n\t\t<\/a>\n\t<\/p>\n\n\n<p>A companhia, no meio da movimenta\u00e7\u00e3o do Ibovespa, enfrenta uma desvaloriza\u00e7\u00e3o cont\u00ednua, com 4% de queda no acumulado mensal e anual, ante 1,47% na \u00faltima semana.<\/p>\n<p>Com a cota\u00e7\u00e3o atual em cerca de R$ 16,75, alguns bancos e corretoras veem oportunidade de aquisi\u00e7\u00e3o dos pap\u00e9is em valores descontados, como o Safra, que manteve o\u00a0<em>rating<\/em> de compra em revis\u00e3o recente, com pre\u00e7o-alvo de R$ 21.<\/p>\n<h3><strong>Ap\u00f3s anula\u00e7\u00e3o de a\u00e7\u00f5es, CCR desponta<\/strong><\/h3>\n<p>Quem lidera as<strong> altas do Ibovespa<\/strong>, majorado por n\u00fameros vermelhos, s\u00e3o as a\u00e7\u00f5es da CCR Rodovias. A companhia teve uma anula\u00e7\u00e3o recente de a\u00e7\u00f5es.<\/p>\n<p>O acordo assinado pela companhia em conjunto com o Governo de S\u00e3o Paulo prev\u00ea o pagamento de R$ 1,2 bilh\u00e3o pelas concession\u00e1rias do grupo ao poder p\u00fablico em troca de desist\u00eancia de a\u00e7\u00f5es judiciais pelo Estado contra aditivos e manuten\u00e7\u00e3o de prorroga\u00e7\u00f5es de contratos, com in\u00edcio de pagamento em 15 dias.<\/p>\n<p>Tanto a companhia quanto o poder p\u00fablico estadual devem desistir das a\u00e7\u00f5es e os prazos de prorroga\u00e7\u00e3o dos contratos devem ser mantidos.<\/p>\n<p>Segundo o fato relevante da companhia, o acordo tem o objetivo de estabelecer:<\/p>\n<ul>\n<li>As medidas para encerramento das a\u00e7\u00f5es judiciais propostas pelo Poder Concedente e pela ARTESP para anula\u00e7\u00e3o dos Termos Aditivos e Modificativos celebrados em 2006, das a\u00e7\u00f5es judiciais propostas pelas Concession\u00e1rias<\/li>\n<li>A preserva\u00e7\u00e3o, de forma irrevog\u00e1vel e irretrat\u00e1vel, dos prazos de vig\u00eancia estabelecidos pelos TAMs 2006 e Termos Aditivos e Modificativos a eles subsequentes<\/li>\n<li>O reconhecimento, pelas Partes da ocorr\u00eancia de eventos de desequil\u00edbrio econ\u00f4mico-financeiro em favor do Poder Concedente e das Concession\u00e1rias e do direito da AutoBAn de que o reequil\u00edbrio econ\u00f4mico-financeiro a seu favor ocorra mediante prorroga\u00e7\u00e3o do prazo de vig\u00eancia do contrato de concess\u00e3o para data estimada em 31 de janeiro de 2037<\/li>\n<\/ul>\n<p>Atualmente, no preg\u00e3o, as a\u00e7\u00f5es da companhia sobem cerca de 4,5%.<\/p>\n<h2>Destaques do Ibovespa<\/h2>\n<p>As altas do Ibovespa, por volta das 10h30, eram:<\/p>\n<ul>\n<li><a href=\"https:\/\/www.suno.com.br\/acoes\/CCRO3\/\">CCR Rodovias (CCRO3)<\/a>: +4,53%<\/li>\n<li><a href=\"https:\/\/www.suno.com.br\/acoes\/BIDI11\/\">Banco Inter (BIDI11)<\/a>: +3,28%<\/li>\n<li><a href=\"https:\/\/www.suno.com.br\/acoes\/brdt3\/\">BR Distribuidora (BRDT3)<\/a>: +0,95%<\/li>\n<li><a href=\"https:\/\/www.suno.com.br\/acoes\/VALE3\/\">Vale (VALE3)<\/a>: +0,92%<\/li>\n<li><a href=\"https:\/\/www.suno.com.br\/acoes\/SUZB3\/\">Suzano (SUZB3)<\/a>: +2,81%<\/li>\n<li><a href=\"https:\/\/www.suno.com.br\/acoes\/goau4\/\">Gerdau Metais (GOAU4)<\/a>: +1,70%<\/li>\n<\/ul>\n<p>Os destaque negativos ficavam por conta das seguintes empresas:<\/p>\n<ul>\n<li><a href=\"https:\/\/www.suno.com.br\/acoes\/CVCB3\/\">CVC (CVCB3)<\/a>: -2,87%<\/li>\n<li><a href=\"https:\/\/www.suno.com.br\/acoes\/LWSA3\/\">Locaweb (LWSA3)<\/a>: -2,79%<\/li>\n<li><a href=\"https:\/\/www.suno.com.br\/acoes\/BTOW3\/\">B2W (BTOW3)<\/a>: -2,03%<\/li>\n<li><a href=\"https:\/\/www.suno.com.br\/acoes\/LAME4\/\">Lojas Americanas (LAME4)<\/a>: -1,85%<\/li>\n<li><a href=\"https:\/\/www.suno.com.br\/acoes\/EZTC3\/\">Eztec (EZTC3)<\/a>: -1,28%<\/li>\n<\/ul>\n<h2>Principais \u00edndices<\/h2>\n<ul>\n<li><a href=\"https:\/\/www.suno.com.br\/artigos\/ifix\/\">IFIX<\/a>: +0,50%<\/li>\n<li><a href=\"https:\/\/www.suno.com.br\/artigos\/smll\/\">SMLL<\/a>: -0,65%<\/li>\n<li><a href=\"https:\/\/www.suno.com.br\/artigos\/idiv\/\">IDIV<\/a>: -0,16%<\/li>\n<li><a href=\"https:\/\/www.suno.com.br\/artigos\/ibrx\/\">IBRX 100<\/a>: -0,36%<\/li>\n<\/ul>\n<h2>Bolsas mundiais<\/h2>\n<p>Veja o desempenho dos principais \u00edndices acion\u00e1rios no exterior, por volta do mesmo hor\u00e1rio, al\u00e9m do <strong>Ibovespa:<\/strong><\/p>\n<ul>\n<li>Nova York (S&amp;P 500) futuro: -0,04%<\/li>\n<li>Londres (FTSE 100): -0,63%<\/li>\n<li>Frankfurt (DAX 30): -1,01%<\/li>\n<li>Paris (CAC 40): -0,82%%<\/li>\n<li>Mil\u00e3o (FTSE\/MIB): -0,99%<\/li>\n<li>Hong Kong (Hang Seng): -0,57% (fechada)<\/li>\n<li>Xangai (SSE Composite): +0,50% (fechada)<\/li>\n<li>T\u00f3quio (Nikkei 225): -0,07% (fechada)<\/li>\n<\/ul>\n<h2>\u00daltima cota\u00e7\u00e3o do Ibovespa<\/h2>\n<p>Ainda com expectativas sobre a reforma tribut\u00e1ria, o <strong>Ibovespa <\/strong>fechou a ter\u00e7a-feira (29) em estabilidade, aos 127.327 pontos, em queda de 0,08%.<\/p>\n\t<p>\n\t\t<a href=\"https:\/\/lp.suno.com.br\/planilha-de-controle-de-investimentos\/\" target=\"_blank\" data-element=\"shortcode-suno-banner\" title=\"Banner SUNO, clique e saiba mais\">\n\t\t\t<picture>\n\t\t\t\t<source media=\"(max-width: 500px)\" srcset=\"https:\/\/files.sunoresearch.com.br\/n\/uploads\/2023\/03\/400x300-Controle-de-Investimentos.png\">\n\t\t\t\t<img class=\"newsContent__article__imgCapa newsContent__article__imgCapa--banner\"\n\t\t\t\t\tsrc=\"https:\/\/files.sunoresearch.com.br\/n\/uploads\/2023\/03\/1420x240-Controle-de-Investimentos.png\"\n\t\t\t\t\tdata-promo-id=\"75934\"\t\t\t\t\t\t\t\t\t\twidth='1420' height='240'\t\t\t\t\talt=\"https:\/\/files.sunoresearch.com.br\/n\/uploads\/2023\/03\/1420x240-Controle-de-Investimentos.png\"\n\t\t\t\t>\n\t\t\t<\/picture>\n\t\t<\/a>\n\t<\/p>\n\n\n","protected":false},"excerpt":{"rendered":"<p>Seguindo na toada negativa dos \u00faltimos dias, o Ibovespa abre o preg\u00e3o em queda de 0,52% nesta quarta-feira (30) \u00e0s 10h20, na mesma tend\u00eancia das bolsas internacionais e com uma exce\u00e7\u00e3o &#8211; a alta de quase 5% da CCR Rodovias (CCRO3). Funcion\u00e1rio Eletrobras (ELET3) em usina e\u00f3lica. Foto: Divulga\u00e7\u00e3o O Ibovespa hoje amanhece com dados [&hellip;]<\/p>\n","protected":false},"author":73,"featured_media":129102,"comment_status":"closed","ping_status":"closed","sticky":false,"template":"","format":"standard","meta":[],"categories":[60],"tags":[1937,407,721,104690],"suno_strategy":[],"class_list":["post-162444","post","type-post","status-publish","format-standard","has-post-thumbnail","hentry","category-mercado","tag-bolsa-de-valores-de-sao-paulo-b3","tag-ccr-ccro3","tag-ibovespa","tag-ibovespa-futuro"],"yoast_head":"<!-- This site is optimized with the Yoast SEO plugin v24.4 - https:\/\/yoast.com\/wordpress\/plugins\/seo\/ -->\n<title>Ibovespa abre em queda com CCR Rodovias (CCRO3) em alta de 4%<\/title>\n<meta name=\"description\" content=\"O Ibovespa abre sem muitos indicadores, mas com um notici\u00e1rio pol\u00edtico tenso em decorr\u00eancia da CPI. Clique aqui e leia mais.\" \/>\n<meta name=\"robots\" content=\"index, follow, max-snippet:-1, max-image-preview:large, max-video-preview:-1\" \/>\n<link rel=\"canonical\" href=\"https:\/\/www.suno.com.br\/noticias\/ibovespa-abre-queda-ccr-rodoviar-ccro3\/\" \/>\n<meta property=\"og:locale\" content=\"pt_BR\" \/>\n<meta property=\"og:type\" content=\"article\" \/>\n<meta property=\"og:title\" content=\"Ibovespa abre em queda com CCR Rodovias (CCRO3) em alta de 4%\" \/>\n<meta property=\"og:description\" content=\"O Ibovespa abre sem muitos indicadores, mas com um notici\u00e1rio pol\u00edtico tenso em decorr\u00eancia da CPI. Clique aqui e leia mais.\" \/>\n<meta property=\"og:url\" content=\"https:\/\/www.suno.com.br\/noticias\/ibovespa-abre-queda-ccr-rodoviar-ccro3\/\" \/>\n<meta property=\"og:site_name\" content=\"Suno Not\u00edcias\" \/>\n<meta property=\"article:publisher\" content=\"https:\/\/facebook.com\/sunoresearch\" \/>\n<meta property=\"og:image\" content=\"https:\/\/files.sunoresearch.com.br\/n\/uploads\/2021\/03\/03863603-ccr-scaled.jpg\" \/>\n\t<meta property=\"og:image:width\" content=\"2560\" \/>\n\t<meta property=\"og:image:height\" content=\"1976\" \/>\n\t<meta property=\"og:image:type\" content=\"image\/jpeg\" \/>\n<meta name=\"author\" content=\"Eduardo Vargas\" \/>\n<meta name=\"twitter:card\" content=\"summary_large_image\" \/>\n<meta name=\"twitter:creator\" content=\"@sunoresearch\" \/>\n<meta name=\"twitter:site\" content=\"@sunoresearch\" \/>\n<meta name=\"twitter:label1\" content=\"Escrito por\" \/>\n\t<meta name=\"twitter:data1\" content=\"Eduardo Vargas\" \/>\n\t<meta name=\"twitter:label2\" content=\"Est. tempo de leitura\" \/>\n\t<meta name=\"twitter:data2\" content=\"5 minutos\" \/>\n<script type=\"application\/ld+json\" class=\"yoast-schema-graph\">{\"@context\":\"https:\/\/schema.org\",\"@graph\":[{\"@type\":\"NewsArticle\",\"@id\":\"https:\/\/www.suno.com.br\/noticias\/ibovespa-abre-queda-ccr-rodoviar-ccro3\/#article\",\"isPartOf\":{\"@id\":\"https:\/\/www.suno.com.br\/noticias\/ibovespa-abre-queda-ccr-rodoviar-ccro3\/\"},\"author\":{\"name\":\"Eduardo Vargas\",\"@id\":\"https:\/\/www.suno.com.br\/noticias\/#\/schema\/person\/7f4d362bf3518e76090143ae77bb49a5\"},\"headline\":\"Ibovespa abre em queda, com CCR (CCRO3) destoando em alta de 4%\",\"datePublished\":\"2021-06-30T14:06:38+00:00\",\"mainEntityOfPage\":{\"@id\":\"https:\/\/www.suno.com.br\/noticias\/ibovespa-abre-queda-ccr-rodoviar-ccro3\/\"},\"wordCount\":926,\"publisher\":{\"@id\":\"https:\/\/www.suno.com.br\/noticias\/#organization\"},\"image\":{\"@id\":\"https:\/\/www.suno.com.br\/noticias\/ibovespa-abre-queda-ccr-rodoviar-ccro3\/#primaryimage\"},\"thumbnailUrl\":\"https:\/\/files.sunoresearch.com.br\/n\/uploads\/2021\/03\/03863603-ccr-scaled.jpg\",\"keywords\":[\"Bolsa de Valores de S\u00e3o Paulo (B3)\",\"CCR (CCRO3)\",\"Ibovespa\",\"Ibovespa futuro\"],\"articleSection\":[\"Mercado\"],\"inLanguage\":\"pt-BR\"},{\"@type\":\"WebPage\",\"@id\":\"https:\/\/www.suno.com.br\/noticias\/ibovespa-abre-queda-ccr-rodoviar-ccro3\/\",\"url\":\"https:\/\/www.suno.com.br\/noticias\/ibovespa-abre-queda-ccr-rodoviar-ccro3\/\",\"name\":\"Ibovespa abre em queda com CCR Rodovias (CCRO3) em alta de 4%\",\"isPartOf\":{\"@id\":\"https:\/\/www.suno.com.br\/noticias\/#website\"},\"primaryImageOfPage\":{\"@id\":\"https:\/\/www.suno.com.br\/noticias\/ibovespa-abre-queda-ccr-rodoviar-ccro3\/#primaryimage\"},\"image\":{\"@id\":\"https:\/\/www.suno.com.br\/noticias\/ibovespa-abre-queda-ccr-rodoviar-ccro3\/#primaryimage\"},\"thumbnailUrl\":\"https:\/\/files.sunoresearch.com.br\/n\/uploads\/2021\/03\/03863603-ccr-scaled.jpg\",\"datePublished\":\"2021-06-30T14:06:38+00:00\",\"description\":\"O Ibovespa abre sem muitos indicadores, mas com um notici\u00e1rio pol\u00edtico tenso em decorr\u00eancia da CPI. Clique aqui e leia mais.\",\"breadcrumb\":{\"@id\":\"https:\/\/www.suno.com.br\/noticias\/ibovespa-abre-queda-ccr-rodoviar-ccro3\/#breadcrumb\"},\"inLanguage\":\"pt-BR\",\"potentialAction\":[{\"@type\":\"ReadAction\",\"target\":[\"https:\/\/www.suno.com.br\/noticias\/ibovespa-abre-queda-ccr-rodoviar-ccro3\/\"]}]},{\"@type\":\"ImageObject\",\"inLanguage\":\"pt-BR\",\"@id\":\"https:\/\/www.suno.com.br\/noticias\/ibovespa-abre-queda-ccr-rodoviar-ccro3\/#primaryimage\",\"url\":\"https:\/\/files.sunoresearch.com.br\/n\/uploads\/2021\/03\/03863603-ccr-scaled.jpg\",\"contentUrl\":\"https:\/\/files.sunoresearch.com.br\/n\/uploads\/2021\/03\/03863603-ccr-scaled.jpg\",\"width\":2560,\"height\":1976,\"caption\":\"IPO da companhia vem em janela de alta de aberturas de capital, com 29 somente neste ano - Foto: Divulga\u00e7\u00e3o.\"},{\"@type\":\"BreadcrumbList\",\"@id\":\"https:\/\/www.suno.com.br\/noticias\/ibovespa-abre-queda-ccr-rodoviar-ccro3\/#breadcrumb\",\"itemListElement\":[{\"@type\":\"ListItem\",\"position\":1,\"name\":\"Not\u00edcias\",\"item\":\"https:\/\/www.suno.com.br\/noticias\/\"},{\"@type\":\"ListItem\",\"position\":2,\"name\":\"Mercado\",\"item\":\"https:\/\/www.suno.com.br\/noticias\/mercado\/\"},{\"@type\":\"ListItem\",\"position\":3,\"name\":\"Ibovespa abre em queda, com CCR (CCRO3) destoando em alta de 4%\"}]},{\"@type\":\"WebSite\",\"@id\":\"https:\/\/www.suno.com.br\/noticias\/#website\",\"url\":\"https:\/\/www.suno.com.br\/noticias\/\",\"name\":\"Suno Not\u00edcias\",\"description\":\"Seu portal de informa\u00e7\u00e3o sobre o mundo dos investimentos\",\"publisher\":{\"@id\":\"https:\/\/www.suno.com.br\/noticias\/#organization\"},\"potentialAction\":[{\"@type\":\"SearchAction\",\"target\":{\"@type\":\"EntryPoint\",\"urlTemplate\":\"https:\/\/www.suno.com.br\/noticias\/?s={search_term_string}\"},\"query-input\":{\"@type\":\"PropertyValueSpecification\",\"valueRequired\":true,\"valueName\":\"search_term_string\"}}],\"inLanguage\":\"pt-BR\"},{\"@type\":\"Organization\",\"@id\":\"https:\/\/www.suno.com.br\/noticias\/#organization\",\"name\":\"Suno Not\u00edcias\",\"url\":\"https:\/\/www.suno.com.br\/noticias\/\",\"logo\":{\"@type\":\"ImageObject\",\"inLanguage\":\"pt-BR\",\"@id\":\"https:\/\/www.suno.com.br\/noticias\/#\/schema\/logo\/image\/\",\"url\":\"https:\/\/files.sunoresearch.com.br\/n\/uploads\/2021\/09\/suno-logo.png\",\"contentUrl\":\"https:\/\/files.sunoresearch.com.br\/n\/uploads\/2021\/09\/suno-logo.png\",\"width\":180,\"height\":180,\"caption\":\"Suno Not\u00edcias\"},\"image\":{\"@id\":\"https:\/\/www.suno.com.br\/noticias\/#\/schema\/logo\/image\/\"},\"sameAs\":[\"https:\/\/facebook.com\/sunoresearch\",\"https:\/\/x.com\/sunoresearch\",\"https:\/\/www.instagram.com\/suno\",\"https:\/\/www.linkedin.com\/company\/suno-research\/\",\"https:\/\/www.youtube.com\/c\/sunoresearch\"]},{\"@type\":\"Person\",\"@id\":\"https:\/\/www.suno.com.br\/noticias\/#\/schema\/person\/7f4d362bf3518e76090143ae77bb49a5\",\"name\":\"Eduardo Vargas\",\"image\":{\"@type\":\"ImageObject\",\"inLanguage\":\"pt-BR\",\"@id\":\"https:\/\/www.suno.com.br\/noticias\/#\/schema\/person\/image\/\",\"url\":\"https:\/\/secure.gravatar.com\/avatar\/dac340933427a22924c9f99d1eb2e3f2?s=96&r=g\",\"contentUrl\":\"https:\/\/secure.gravatar.com\/avatar\/dac340933427a22924c9f99d1eb2e3f2?s=96&r=g\",\"caption\":\"Eduardo Vargas\"},\"description\":\"Jornalista formado pela UFSC, cobre macroeconomia, neg\u00f3cios e startups para o Suno Not\u00edcias, escrevendo principalmente not\u00edcias sobre o mercado financeiro e a bolsa de valores. No YouTube e no Instagram, \u00e9 respons\u00e1vel pela produ\u00e7\u00e3o de Reels e Shorts do Suno Not\u00edcias. Anteriormente, trabalhou cobrindo economia e cotidiano no ND+ e para o ND, maior jornal impresso de Santa Catarina. Cursou um semestre letivo de Estudos de M\u00eddia na Universidad de Buenos Aires.\",\"url\":\"https:\/\/www.suno.com.br\/noticias\/author\/eduardo-vargas\/\"}]}<\/script>\n<!-- \/ Yoast SEO plugin. -->","yoast_head_json":{"title":"Ibovespa abre em queda com CCR Rodovias (CCRO3) em alta de 4%","description":"O Ibovespa abre sem muitos indicadores, mas com um notici\u00e1rio pol\u00edtico tenso em decorr\u00eancia da CPI. Clique aqui e leia mais.","robots":{"index":"index","follow":"follow","max-snippet":"max-snippet:-1","max-image-preview":"max-image-preview:large","max-video-preview":"max-video-preview:-1"},"canonical":"https:\/\/www.suno.com.br\/noticias\/ibovespa-abre-queda-ccr-rodoviar-ccro3\/","og_locale":"pt_BR","og_type":"article","og_title":"Ibovespa abre em queda com CCR Rodovias (CCRO3) em alta de 4%","og_description":"O Ibovespa abre sem muitos indicadores, mas com um notici\u00e1rio pol\u00edtico tenso em decorr\u00eancia da CPI. Clique aqui e leia mais.","og_url":"https:\/\/www.suno.com.br\/noticias\/ibovespa-abre-queda-ccr-rodoviar-ccro3\/","og_site_name":"Suno Not\u00edcias","article_publisher":"https:\/\/facebook.com\/sunoresearch","og_image":[{"width":2560,"height":1976,"url":"https:\/\/files.sunoresearch.com.br\/n\/uploads\/2021\/03\/03863603-ccr-scaled.jpg","type":"image\/jpeg"}],"author":"Eduardo Vargas","twitter_card":"summary_large_image","twitter_creator":"@sunoresearch","twitter_site":"@sunoresearch","twitter_misc":{"Escrito por":"Eduardo Vargas","Est. tempo de leitura":"5 minutos"},"schema":{"@context":"https:\/\/schema.org","@graph":[{"@type":"NewsArticle","@id":"https:\/\/www.suno.com.br\/noticias\/ibovespa-abre-queda-ccr-rodoviar-ccro3\/#article","isPartOf":{"@id":"https:\/\/www.suno.com.br\/noticias\/ibovespa-abre-queda-ccr-rodoviar-ccro3\/"},"author":{"name":"Eduardo Vargas","@id":"https:\/\/www.suno.com.br\/noticias\/#\/schema\/person\/7f4d362bf3518e76090143ae77bb49a5"},"headline":"Ibovespa abre em queda, com CCR (CCRO3) destoando em alta de 4%","datePublished":"2021-06-30T14:06:38+00:00","mainEntityOfPage":{"@id":"https:\/\/www.suno.com.br\/noticias\/ibovespa-abre-queda-ccr-rodoviar-ccro3\/"},"wordCount":926,"publisher":{"@id":"https:\/\/www.suno.com.br\/noticias\/#organization"},"image":{"@id":"https:\/\/www.suno.com.br\/noticias\/ibovespa-abre-queda-ccr-rodoviar-ccro3\/#primaryimage"},"thumbnailUrl":"https:\/\/files.sunoresearch.com.br\/n\/uploads\/2021\/03\/03863603-ccr-scaled.jpg","keywords":["Bolsa de Valores de S\u00e3o Paulo (B3)","CCR (CCRO3)","Ibovespa","Ibovespa futuro"],"articleSection":["Mercado"],"inLanguage":"pt-BR"},{"@type":"WebPage","@id":"https:\/\/www.suno.com.br\/noticias\/ibovespa-abre-queda-ccr-rodoviar-ccro3\/","url":"https:\/\/www.suno.com.br\/noticias\/ibovespa-abre-queda-ccr-rodoviar-ccro3\/","name":"Ibovespa abre em queda com CCR Rodovias (CCRO3) em alta de 4%","isPartOf":{"@id":"https:\/\/www.suno.com.br\/noticias\/#website"},"primaryImageOfPage":{"@id":"https:\/\/www.suno.com.br\/noticias\/ibovespa-abre-queda-ccr-rodoviar-ccro3\/#primaryimage"},"image":{"@id":"https:\/\/www.suno.com.br\/noticias\/ibovespa-abre-queda-ccr-rodoviar-ccro3\/#primaryimage"},"thumbnailUrl":"https:\/\/files.sunoresearch.com.br\/n\/uploads\/2021\/03\/03863603-ccr-scaled.jpg","datePublished":"2021-06-30T14:06:38+00:00","description":"O Ibovespa abre sem muitos indicadores, mas com um notici\u00e1rio pol\u00edtico tenso em decorr\u00eancia da CPI. Clique aqui e leia mais.","breadcrumb":{"@id":"https:\/\/www.suno.com.br\/noticias\/ibovespa-abre-queda-ccr-rodoviar-ccro3\/#breadcrumb"},"inLanguage":"pt-BR","potentialAction":[{"@type":"ReadAction","target":["https:\/\/www.suno.com.br\/noticias\/ibovespa-abre-queda-ccr-rodoviar-ccro3\/"]}]},{"@type":"ImageObject","inLanguage":"pt-BR","@id":"https:\/\/www.suno.com.br\/noticias\/ibovespa-abre-queda-ccr-rodoviar-ccro3\/#primaryimage","url":"https:\/\/files.sunoresearch.com.br\/n\/uploads\/2021\/03\/03863603-ccr-scaled.jpg","contentUrl":"https:\/\/files.sunoresearch.com.br\/n\/uploads\/2021\/03\/03863603-ccr-scaled.jpg","width":2560,"height":1976,"caption":"IPO da companhia vem em janela de alta de aberturas de capital, com 29 somente neste ano - Foto: Divulga\u00e7\u00e3o."},{"@type":"BreadcrumbList","@id":"https:\/\/www.suno.com.br\/noticias\/ibovespa-abre-queda-ccr-rodoviar-ccro3\/#breadcrumb","itemListElement":[{"@type":"ListItem","position":1,"name":"Not\u00edcias","item":"https:\/\/www.suno.com.br\/noticias\/"},{"@type":"ListItem","position":2,"name":"Mercado","item":"https:\/\/www.suno.com.br\/noticias\/mercado\/"},{"@type":"ListItem","position":3,"name":"Ibovespa abre em queda, com CCR (CCRO3) destoando em alta de 4%"}]},{"@type":"WebSite","@id":"https:\/\/www.suno.com.br\/noticias\/#website","url":"https:\/\/www.suno.com.br\/noticias\/","name":"Suno Not\u00edcias","description":"Seu portal de informa\u00e7\u00e3o sobre o mundo dos investimentos","publisher":{"@id":"https:\/\/www.suno.com.br\/noticias\/#organization"},"potentialAction":[{"@type":"SearchAction","target":{"@type":"EntryPoint","urlTemplate":"https:\/\/www.suno.com.br\/noticias\/?s={search_term_string}"},"query-input":{"@type":"PropertyValueSpecification","valueRequired":true,"valueName":"search_term_string"}}],"inLanguage":"pt-BR"},{"@type":"Organization","@id":"https:\/\/www.suno.com.br\/noticias\/#organization","name":"Suno Not\u00edcias","url":"https:\/\/www.suno.com.br\/noticias\/","logo":{"@type":"ImageObject","inLanguage":"pt-BR","@id":"https:\/\/www.suno.com.br\/noticias\/#\/schema\/logo\/image\/","url":"https:\/\/files.sunoresearch.com.br\/n\/uploads\/2021\/09\/suno-logo.png","contentUrl":"https:\/\/files.sunoresearch.com.br\/n\/uploads\/2021\/09\/suno-logo.png","width":180,"height":180,"caption":"Suno Not\u00edcias"},"image":{"@id":"https:\/\/www.suno.com.br\/noticias\/#\/schema\/logo\/image\/"},"sameAs":["https:\/\/facebook.com\/sunoresearch","https:\/\/x.com\/sunoresearch","https:\/\/www.instagram.com\/suno","https:\/\/www.linkedin.com\/company\/suno-research\/","https:\/\/www.youtube.com\/c\/sunoresearch"]},{"@type":"Person","@id":"https:\/\/www.suno.com.br\/noticias\/#\/schema\/person\/7f4d362bf3518e76090143ae77bb49a5","name":"Eduardo Vargas","image":{"@type":"ImageObject","inLanguage":"pt-BR","@id":"https:\/\/www.suno.com.br\/noticias\/#\/schema\/person\/image\/","url":"https:\/\/secure.gravatar.com\/avatar\/dac340933427a22924c9f99d1eb2e3f2?s=96&r=g","contentUrl":"https:\/\/secure.gravatar.com\/avatar\/dac340933427a22924c9f99d1eb2e3f2?s=96&r=g","caption":"Eduardo Vargas"},"description":"Jornalista formado pela UFSC, cobre macroeconomia, neg\u00f3cios e startups para o Suno Not\u00edcias, escrevendo principalmente not\u00edcias sobre o mercado financeiro e a bolsa de valores. No YouTube e no Instagram, \u00e9 respons\u00e1vel pela produ\u00e7\u00e3o de Reels e Shorts do Suno Not\u00edcias. Anteriormente, trabalhou cobrindo economia e cotidiano no ND+ e para o ND, maior jornal impresso de Santa Catarina. Cursou um semestre letivo de Estudos de M\u00eddia na Universidad de Buenos Aires.","url":"https:\/\/www.suno.com.br\/noticias\/author\/eduardo-vargas\/"}]}},"default_loop_html":"<div class=\"cardsPage__listCard__boxs\"><div class=\"cardsPage__listCard__boxs__img\"><a href=\"https:\/\/www.suno.com.br\/noticias\/eletrobras-elet3-safra-goldman-sachs-recomendacao-compra\/\"><img class=\"mask\" src=\"https:\/\/www.suno.com.br\/noticias\/wp-content\/themes\/suno\/resources\/images\/spotlight\/spotlight1img\/bg-mask.png\" alt=\"Image Mask\"\/><img src=\"https:\/\/files.sunoresearch.com.br\/n\/uploads\/2021\/05\/d1a6d65e-eletrobras-05-1-400x200.webp\" alt=\"Eletrobras (ELET3): Safra e Goldman Sachs recomendam compra\"\/><\/a><span class=\"spotlightCategory\"><a href=\"https:\/\/www.suno.com.br\/noticias\/negocios\/\">Neg\u00f3cios<\/a><\/span><\/div><div class=\"cardsPage__listCard__boxs__content\"><a href=\"https:\/\/www.suno.com.br\/noticias\/eletrobras-elet3-safra-goldman-sachs-recomendacao-compra\/\"><h2 class=\"content__title\">Eletrobras (ELET3): Safra e Goldman Sachs recomendam compra<\/h2><\/a><div class=\"newsContent__article__meta\"><div class=\"newsContent__article__meta__authorBox\"><a href=\"https:\/\/www.suno.com.br\/noticias\/author\/jader-lazarini\/\" class=\"authorBox__avatar noMobi\"><img src=\"https:\/\/files.sunoresearch.com.br\/n\/uploads\/2021\/01\/178e6598-foto-perfil-2-150x150.jpg\" alt=\"Jader Lazarini\"><\/a><div class=\"authorBox__name\"><span>por\n\t\t\t<a href=\"https:\/\/www.suno.com.br\/noticias\/author\/jader-lazarini\/\"><span itemprop=\"author\">Jader Lazarini<\/span><\/a><\/span><time datetime=\"2021-06-18T13:31:36-03:00\" itemprop=\"datePublished\">18\/06\/2021 13:31<\/time><\/div><\/div><\/div><\/div><\/div>","single_layout":"posts","amp_enabled":true,"_links":{"self":[{"href":"https:\/\/www.suno.com.br\/noticias\/wp-json\/wp\/v2\/posts\/162444"}],"collection":[{"href":"https:\/\/www.suno.com.br\/noticias\/wp-json\/wp\/v2\/posts"}],"about":[{"href":"https:\/\/www.suno.com.br\/noticias\/wp-json\/wp\/v2\/types\/post"}],"author":[{"embeddable":true,"href":"https:\/\/www.suno.com.br\/noticias\/wp-json\/wp\/v2\/users\/73"}],"replies":[{"embeddable":true,"href":"https:\/\/www.suno.com.br\/noticias\/wp-json\/wp\/v2\/comments?post=162444"}],"version-history":[{"count":4,"href":"https:\/\/www.suno.com.br\/noticias\/wp-json\/wp\/v2\/posts\/162444\/revisions"}],"predecessor-version":[{"id":162804,"href":"https:\/\/www.suno.com.br\/noticias\/wp-json\/wp\/v2\/posts\/162444\/revisions\/162804"}],"wp:featuredmedia":[{"embeddable":true,"href":"https:\/\/www.suno.com.br\/noticias\/wp-json\/wp\/v2\/media\/129102"}],"wp:attachment":[{"href":"https:\/\/www.suno.com.br\/noticias\/wp-json\/wp\/v2\/media?parent=162444"}],"wp:term":[{"taxonomy":"category","embeddable":true,"href":"https:\/\/www.suno.com.br\/noticias\/wp-json\/wp\/v2\/categories?post=162444"},{"taxonomy":"post_tag","embeddable":true,"href":"https:\/\/www.suno.com.br\/noticias\/wp-json\/wp\/v2\/tags?post=162444"},{"taxonomy":"suno_strategy","embeddable":true,"href":"https:\/\/www.suno.com.br\/noticias\/wp-json\/wp\/v2\/suno_strategy?post=162444"}],"curies":[{"name":"wp","href":"https:\/\/api.w.org\/{rel}","templated":true}]}}