{"id":162184,"date":"2021-06-29T16:26:22","date_gmt":"2021-06-29T19:26:22","guid":{"rendered":"https:\/\/www.suno.com.br\/noticias\/?p=162184"},"modified":"2021-06-29T16:26:22","modified_gmt":"2021-06-29T19:26:22","slug":"empresarios-europeus-rapida-ratificacao-acordo-ue-mercosul","status":"publish","type":"post","link":"https:\/\/www.suno.com.br\/noticias\/empresarios-europeus-rapida-ratificacao-acordo-ue-mercosul\/","title":{"rendered":"Empres\u00e1rios europeus pedem r\u00e1pida ratifica\u00e7\u00e3o de acordo UE-Mercosul"},"content":{"rendered":"<p>A uma semana da reuni\u00e3o de <strong>C\u00fapula do Mercosul<\/strong>, associa\u00e7\u00f5es empresariais europeias de v\u00e1rios setores divulgaram um documento conjunto favor\u00e1vel \u00e0 ratifica\u00e7\u00e3o do <a class=\"suno-keyword\" href=\"https:\/\/www.suno.com.br\/artigos\/acordo-comercial\/\" target=\"_blank\" rel=\"noopener noreferrer\" data-force=\"no\" data-priority=\"1\">acordo comercial<\/a> fechado no ano passado entre o bloco do Sul e a <a href=\"https:\/\/www.suno.com.br\/artigos\/uniao-europeia\/\">Uni\u00e3o Europeia (UE).<\/a><\/p>\t<div class=\"wrapper-featured-image\">\n\t\t<figure class=\"spotlightImg\">\n\n\t\t\t<picture>\n\t\t\t\t<source media=\"(max-width: 768px)\" srcset=\"https:\/\/files.sunoresearch.com.br\/n\/uploads\/2021\/06\/e716f5b8-whatsapp-image-2021-06-29-at-16.23.33-400x200.webp\">\n\t\t\t\t<img loading=\"lazy\" decoding=\"async\" class=\"newsContent__article__imgCapa lazyloadDisabled \" src=\"https:\/\/files.sunoresearch.com.br\/n\/uploads\/2021\/06\/e716f5b8-whatsapp-image-2021-06-29-at-16.23.33-800x450.webp\" width=\"800\" height=\"450\" alt=\"Empres\u00e1rios europeus pedem r\u00e1pida ratifica\u00e7\u00e3o de acordo UE-Mercosul\" fetchpriority=high \/>\n\t\t\t<\/picture>\n\n\t\t\t<figcaption class=\"wp-caption-text wp-caption-text--show\">Crise da Evergrande e pol\u00edtica monet\u00e1ria do Fed s\u00e3o principais influ\u00eancias. Foto: Reprodu\u00e7\u00e3o Facebook <\/figcaption>\n\t\t<\/figure>\n\t<\/div>\n\n\n\t<p>\n\t\t<a href=\"https:\/\/lp.suno.com.br\/planilha-controle-gastos\/\" target=\"_blank\" data-element=\"shortcode-suno-banner\" title=\"Banner SUNO, clique e saiba mais\">\n\t\t\t<picture>\n\t\t\t\t<source media=\"(max-width: 500px)\" srcset=\"https:\/\/files.sunoresearch.com.br\/n\/uploads\/2023\/03\/400x300-Planilha-controle-de-gastos.png\">\n\t\t\t\t<img class=\"newsContent__article__imgCapa newsContent__article__imgCapa--banner\"\n\t\t\t\t\tsrc=\"https:\/\/files.sunoresearch.com.br\/n\/uploads\/2023\/03\/1420x240-Planilha-controle-de-gastos.png\"\n\t\t\t\t\tdata-promo-id=\"101751\"\t\t\t\t\t\t\t\t\t\twidth='1420' height='240'\t\t\t\t\talt=\"https:\/\/files.sunoresearch.com.br\/n\/uploads\/2023\/03\/1420x240-Planilha-controle-de-gastos.png\"\n\t\t\t\t>\n\t\t\t<\/picture>\n\t\t<\/a>\n\t<\/p>\n\n\n<p>&#8220;N\u00f3s, a coliga\u00e7\u00e3o de associa\u00e7\u00f5es empresariais europeias que representam diferentes setores europeus, pedimos a r\u00e1pida ratifica\u00e7\u00e3o do acordo de associa\u00e7\u00e3o UE-Mercosul&#8221;, escreveram.<\/p>\n<p>A tratativa entre os dois blocos foi finalizada ap\u00f3s duas d\u00e9cadas de costuras e negocia\u00e7\u00f5es sem sucesso e agora aguarda a aprova\u00e7\u00e3o pelos parlamentos dos pa\u00edses envolvidos e a ratifica\u00e7\u00e3o do texto. A declara\u00e7\u00e3o conjunta conta com seis p\u00e1ginas e \u00e9 assinada por associa\u00e7\u00f5es como Business Europe, European Footwear Confederation, Committee for European Construction Equipment, European Association of the Machine Tool Industries and related ManufacturingTechnologies e European Association of Automotive Suppliers, entre outras.<\/p>\n<p>&#8220;(O UE-Mercosul) \u00e9 o maior e mais ambicioso acordo comercial j\u00e1 negociado por ambos os lados, fornece certeza regulat\u00f3ria para o com\u00e9rcio de bens e servi\u00e7os, e estabelece melhores liga\u00e7\u00f5es comerciais entre os pa\u00edses de 440 e 260, respectivamente, milh\u00f5es de cidad\u00e3os&#8221;, enfatizou o comunicado, que tamb\u00e9m foi enviado para o governo brasileiro.<\/p>\n<p>As empresas acreditam que o acordo vai desbloquear o crescimento e ajudar as duas regi\u00f5es a se recuperarem da atual <a class=\"suno-keyword\" href=\"https:\/\/www.suno.com.br\/artigos\/crise-economica-oportunidade-ou-ameaca\/\" target=\"_blank\" rel=\"noopener noreferrer\" data-force=\"no\" data-priority=\"1\">crise econ\u00f4mica<\/a> e de sa\u00fade p\u00fablica, fazer a transi\u00e7\u00e3o para investimentos verdes e diversificar as cadeias de abastecimento globais. De acordo com o texto, a base principal do mercado europeu inclui disposi\u00e7\u00f5es de desenvolvimento sustent\u00e1vel mais avan\u00e7adas que ir\u00e3o fomentar parcerias, ajudar a mitigar as mudan\u00e7as clim\u00e1ticas e vincular ambos os lados a implantarem efetivamente o <strong>Acordo de Paris<\/strong>.<\/p>\n<p>&#8220;Iniciativas legislativas unilaterais no n\u00edvel da UE, como a pr\u00f3xima iniciativa sobre o desmatamento e a revis\u00e3o das regras existentes sobre o com\u00e9rcio de madeira e a luta contra a extra\u00e7\u00e3o ilegal de madeira ir\u00e3o melhorar esta coopera\u00e7\u00e3o e efetivamente garantir que as exporta\u00e7\u00f5es para a UE n\u00e3o contribuir\u00e3o para desmatamento ou degrada\u00e7\u00e3o do solo, afirmaram.<\/p>\n<p>A declara\u00e7\u00e3o tamb\u00e9m diz que o acordo inclui compromissos exequ\u00edveis sobre os direitos dos trabalhadores e prote\u00e7\u00e3o ambiental por meio de um mecanismo dedicado de solu\u00e7\u00e3o de controv\u00e9rsias, que inclui um papel ativo para as organiza\u00e7\u00f5es da sociedade civil e apela \u00e0 experi\u00eancia de organismos internacionais, cujos relat\u00f3rios e recomenda\u00e7\u00f5es devem ser feitos de forma p\u00fablica.<\/p>\n<p>Em caso de n\u00e3o cumprimento de qualquer uma dessas disposi\u00e7\u00f5es, lembram as associa\u00e7\u00f5es, um mecanismo autom\u00e1tico ir\u00e1 desencadear consultas governamentais formais.<\/p>\n\t<p>\n\t\t<a href=\"\" target=\"_blank\" data-element=\"shortcode-suno-banner\" title=\"Banner SUNO, clique e saiba mais\">\n\t\t\t<picture>\n\t\t\t\t<source media=\"(max-width: 500px)\" srcset=\"\">\n\t\t\t\t<img class=\"newsContent__article__imgCapa newsContent__article__imgCapa--banner\"\n\t\t\t\t\tsrc=\"\"\n\t\t\t\t\tdata-promo-id=\"77030\"\t\t\t\t\t\t\t\t\t\t\t\t\t\t\talt=\"\"\n\t\t\t\t>\n\t\t\t<\/picture>\n\t\t<\/a>\n\t<\/p>\n\n\n<p><b>Recupera\u00e7\u00e3o p\u00f3s-pandemia<\/b><\/p>\n<p>Para os empres\u00e1rios europeus, se as tratativas n\u00e3o forem adiante os dois grupos de pa\u00edses perdem a oportunidade de terem ferramentas que ajudem na retomada econ\u00f4mica. A falta de um consenso entre as partes ainda abriria uma oportunidade para que pa\u00edses do Mercosul fechem parcerias com na\u00e7\u00f5es menos exigentes em rela\u00e7\u00e3o a compromissos ambientais e trabalhistas, de acordo com o texto.<\/p>\n<p>&#8220;A n\u00e3o ratifica\u00e7\u00e3o do acordo deixaria <strong>UE e Mercosul<\/strong> com menos instrumentos para construir confian\u00e7a m\u00fatua e cooperar para enfrentar o maior desafio de nosso tempo&#8221;, argumentaram as empresas. &#8220;Al\u00e9m disso, a n\u00e3o ratifica\u00e7\u00e3o far\u00e1 com que os pa\u00edses do Mercosul continuem a negociar, ou mesmo expandir seu com\u00e9rcio, com outros parceiros comerciais que tenham padr\u00f5es ambientais e trabalhistas substancialmente mais baixos.&#8221;<\/p>\n<p>As companhias destacaram que o acordo \u00e9 &#8220;muito importante&#8221; tanto para a UE quanto para o Mercosul. Registraram que, em 2019, as exporta\u00e7\u00f5es de bens dos 27 pa\u00edses europeus para o Mercosul somaram 41,2 bilh\u00f5es de euros, enquanto a exporta\u00e7\u00e3o de servi\u00e7os atingiu 21,1 bilh\u00f5es de euros.<\/p>\n<p>Tamb\u00e9m informaram que empresas da UE investiram 114 bilh\u00f5es de euros nos mercados do Mercosul desde 2010, criando 290 mil empregos no Brasil, Argentina, Uruguai e Paraguai.<\/p>\n<p>Na outra ponta, prosseguiram, os pa\u00edses do Mercosul exportaram para a UE 35,9 bilh\u00f5es de bens em 2019 e 10,8 bilh\u00f5es em servi\u00e7os. As empresas locais investiram 1,7 bilh\u00e3o de euros na UE, de acordo com o documento, o que fez com que fossem criados mais de 7 mil empregos no continente desde 2010.<\/p>\n<p>A previs\u00e3o do grupo \u00e9 a de que o acordo deve aumentar em 10,6% as importa\u00e7\u00f5es do Mercosul e em 52,0% as exporta\u00e7\u00f5es para o bloco, o que devem deve gerar empregos e permitir um melhor escoamento de mercadorias e servi\u00e7os.<\/p>\n<p>&#8220;O desafio de mitigar as mudan\u00e7as clim\u00e1ticas e, ao mesmo tempo, manter prosperidade, \u00e9 grande demais para permitir que as tarifas limitem a acessibilidade de bens mais sustent\u00e1veis e servi\u00e7os inovadores&#8221;, alegaram as companhias. &#8220;O acordo n\u00e3o vai apenas melhorar o com\u00e9rcio de bens e servi\u00e7os, mas tamb\u00e9m proteger DPIs (direito de <a class=\"suno-keyword\" href=\"https:\/\/www.suno.com.br\/artigos\/propriedade-intelectual\/\" target=\"_blank\" rel=\"noopener noreferrer\" data-force=\"no\" data-priority=\"2\">propriedade intelectual<\/a>), aumentar a transpar\u00eancia e alinhamentos, bem como coopera\u00e7\u00e3o em padr\u00f5es, incluindo aqueles para tecnologias futuras que ser\u00e3o cr\u00edticas para realizar uma economia sustent\u00e1vel&#8221;, defenderam.<\/p>\n<p>Citando avalia\u00e7\u00f5es da Comiss\u00e3o da UE e da London School of Economics, o grupo estima a possibilidade de gera\u00e7\u00e3o de 390 mil empregos no continente com o acordo. &#8220;Al\u00e9m disso, a redu\u00e7\u00e3o das tarifas sobre as exporta\u00e7\u00f5es da UE para o Mercosul far\u00e1 com que as empresas europeias se tornem mais competitivas, economizando 4 bilh\u00f5es de euros em impostos por ano, e a elimina\u00e7\u00e3o progressiva de restri\u00e7\u00f5es \u00e0 exporta\u00e7\u00e3o e direitos de importa\u00e7\u00e3o permitir\u00e1 que empresas da UE possam adquirir mat\u00e9rias-primas essenciais de forma competitiva.&#8221;<\/p>\n<p>Esse ponto \u00e9 particularmente importante, de acordo com o grupo, j\u00e1 que muitos setores e empresas do bloco europeu enfrentam altas tarifas atuais, de at\u00e9 35% para exporta\u00e7\u00f5es para o Mercosul. &#8220;Com o acordo pol\u00edtico alcan\u00e7ado j\u00e1 h\u00e1 2 anos (junho de 2019), agora \u00e9 a hora de seguir em frente e desbloquear os m\u00faltiplos benef\u00edcios m\u00fatuos que este acordo vai entregar&#8221;, afirmaram.<\/p>\n\t<p>\n\t\t<a href=\"\" target=\"_blank\" data-element=\"shortcode-suno-banner\" title=\"Banner SUNO, clique e saiba mais\">\n\t\t\t<picture>\n\t\t\t\t<source media=\"(max-width: 500px)\" srcset=\"\">\n\t\t\t\t<img class=\"newsContent__article__imgCapa newsContent__article__imgCapa--banner\"\n\t\t\t\t\tsrc=\"\"\n\t\t\t\t\tdata-promo-id=\"92668\"\t\t\t\t\t\t\t\t\t\t\t\t\t\t\talt=\"\"\n\t\t\t\t>\n\t\t\t<\/picture>\n\t\t<\/a>\n\t<\/p>\n\n\n<p><b>Parceria com o Brasil<\/b><\/p>\n<p>As empresas tamb\u00e9m destacaram a import\u00e2ncia do Brasil para os neg\u00f3cios. De acordo com a declara\u00e7\u00e3o conjunta de associa\u00e7\u00f5es europeias, al\u00e9m do seu grande mercado, a maior economia da Am\u00e9rica Latina tem um grande desafio de proteger suas florestas. &#8220;O Brasil \u00e9, portanto, um parceiro com quem cooperar a <a class=\"suno-keyword\" href=\"https:\/\/www.suno.com.br\/artigos\/longo-prazo\/\" target=\"_blank\" rel=\"noopener noreferrer\" data-force=\"no\" data-priority=\"1\">longo prazo<\/a>, n\u00e3o um pa\u00eds para isolar&#8221;, defenderam as companhias.<\/p>\n<p>Segundo declara\u00e7\u00e3o, a transpar\u00eancia permitir\u00e1 que grupos da sociedade civil acumulem press\u00e3o baseada em evid\u00eancias do lado que n\u00e3o respeita seus compromissos, ajudando ainda mais a assegurar que as disposi\u00e7\u00f5es de desenvolvimento sustent\u00e1vel sejam respeitadas. O texto tamb\u00e9m diz que o crescimento do com\u00e9rcio decorrente do acordo dar\u00e1 suporte \u00e0 continuidade transforma\u00e7\u00e3o para uma economia sustent\u00e1vel nos pa\u00edses do Mercosul.<\/p>\n<p>As companhias citam que hidroeletricidade e energia renov\u00e1vel representam a\u00e7\u00f5es majorit\u00e1rias significativas da matriz energ\u00e9tica no Brasil, Paraguai e Uruguai e j\u00e1 um quarto do mix da energia na Argentina.<\/p>\n<p>Al\u00e9m disso, mencionam que o Brasil se comprometeu a reflorestar 12 milh\u00f5es hectares at\u00e9 2030, acabando com a extra\u00e7\u00e3o ilegal, compensando qualquer extra\u00e7\u00e3o legal e fortalecendo o C\u00f3digo Florestal. Quase 60% do territ\u00f3rio do Brasil \u00e9 coberto por floresta em compara\u00e7\u00e3o com 40% na UE, compararam.<\/p>\n<p>&#8220;O acordo proporcionaria uma via para a coopera\u00e7\u00e3o entre dois mercados globais significativos para realizar uma economia sustent\u00e1vel&#8221;, diz o texto.<\/p>\n<p>Por fim, o grupo diz que se o acordo <strong>UE-Mercosul<\/strong> n\u00e3o for ratificado, haver\u00e1 uma limita\u00e7\u00e3o da capacidade das empresas de cooperarem de forma eficaz para resolver os grandes desafios globais do nosso tempo.<\/p>\n\t<p>\n\t\t<a href=\"https:\/\/lp.suno.com.br\/planilha-de-controle-de-investimentos\/\" target=\"_blank\" data-element=\"shortcode-suno-banner\" title=\"Banner SUNO, clique e saiba mais\">\n\t\t\t<picture>\n\t\t\t\t<source media=\"(max-width: 500px)\" srcset=\"https:\/\/files.sunoresearch.com.br\/n\/uploads\/2023\/03\/400x300-Controle-de-Investimentos.png\">\n\t\t\t\t<img class=\"newsContent__article__imgCapa newsContent__article__imgCapa--banner\"\n\t\t\t\t\tsrc=\"https:\/\/files.sunoresearch.com.br\/n\/uploads\/2023\/03\/1420x240-Controle-de-Investimentos.png\"\n\t\t\t\t\tdata-promo-id=\"75934\"\t\t\t\t\t\t\t\t\t\twidth='1420' height='240'\t\t\t\t\talt=\"https:\/\/files.sunoresearch.com.br\/n\/uploads\/2023\/03\/1420x240-Controle-de-Investimentos.png\"\n\t\t\t\t>\n\t\t\t<\/picture>\n\t\t<\/a>\n\t<\/p>\n\n\n","protected":false},"excerpt":{"rendered":"<p>A uma semana da reuni\u00e3o de C\u00fapula do Mercosul, associa\u00e7\u00f5es empresariais europeias de v\u00e1rios setores divulgaram um documento conjunto favor\u00e1vel \u00e0 ratifica\u00e7\u00e3o do acordo comercial fechado no ano passado entre o bloco do Sul e a Uni\u00e3o Europeia (UE). Crise da Evergrande e pol\u00edtica monet\u00e1ria do Fed s\u00e3o principais influ\u00eancias. Foto: Reprodu\u00e7\u00e3o Facebook &#8220;N\u00f3s, a [&hellip;]<\/p>\n","protected":false},"author":56,"featured_media":162230,"comment_status":"closed","ping_status":"closed","sticky":false,"template":"","format":"standard","meta":[],"categories":[63],"tags":[868,731],"suno_strategy":[],"class_list":["post-162184","post","type-post","status-publish","format-standard","has-post-thumbnail","hentry","category-internacional","tag-mercosul","tag-uniao-europeia"],"yoast_head":"<!-- This site is optimized with the Yoast SEO plugin v24.4 - https:\/\/yoast.com\/wordpress\/plugins\/seo\/ -->\n<title>Empres\u00e1rios europeus pedem r\u00e1pida ratifica\u00e7\u00e3o de acordo UE-Mercosul<\/title>\n<meta name=\"description\" content=\"A uma semana da reuni\u00e3o de C\u00fapula do Mercosul, associa\u00e7\u00f5es empresariais europeias de v\u00e1rios setores divulgaram um documento conjunto. Veja mais.\" \/>\n<meta name=\"robots\" content=\"index, follow, max-snippet:-1, max-image-preview:large, max-video-preview:-1\" \/>\n<link rel=\"canonical\" href=\"https:\/\/www.suno.com.br\/noticias\/empresarios-europeus-rapida-ratificacao-acordo-ue-mercosul\/\" \/>\n<meta property=\"og:locale\" content=\"pt_BR\" \/>\n<meta property=\"og:type\" content=\"article\" \/>\n<meta property=\"og:title\" content=\"Empres\u00e1rios europeus pedem r\u00e1pida ratifica\u00e7\u00e3o de acordo UE-Mercosul\" \/>\n<meta property=\"og:description\" content=\"A uma semana da reuni\u00e3o de C\u00fapula do Mercosul, associa\u00e7\u00f5es empresariais europeias de v\u00e1rios setores divulgaram um documento conjunto. Veja mais.\" \/>\n<meta property=\"og:url\" content=\"https:\/\/www.suno.com.br\/noticias\/empresarios-europeus-rapida-ratificacao-acordo-ue-mercosul\/\" \/>\n<meta property=\"og:site_name\" content=\"Suno Not\u00edcias\" \/>\n<meta property=\"article:publisher\" content=\"https:\/\/facebook.com\/sunoresearch\" \/>\n<meta property=\"og:image\" content=\"https:\/\/files.sunoresearch.com.br\/n\/uploads\/2021\/06\/e716f5b8-whatsapp-image-2021-06-29-at-16.23.33.jpg\" \/>\n\t<meta property=\"og:image:width\" content=\"1200\" \/>\n\t<meta property=\"og:image:height\" content=\"1100\" \/>\n\t<meta property=\"og:image:type\" content=\"image\/jpeg\" \/>\n<meta name=\"author\" content=\"Rafaela La Regina\" \/>\n<meta name=\"twitter:card\" content=\"summary_large_image\" \/>\n<meta name=\"twitter:creator\" content=\"@sunoresearch\" \/>\n<meta name=\"twitter:site\" content=\"@sunoresearch\" \/>\n<meta name=\"twitter:label1\" content=\"Escrito por\" \/>\n\t<meta name=\"twitter:data1\" content=\"Rafaela La Regina\" \/>\n\t<meta name=\"twitter:label2\" content=\"Est. tempo de leitura\" \/>\n\t<meta name=\"twitter:data2\" content=\"7 minutos\" \/>\n<script type=\"application\/ld+json\" class=\"yoast-schema-graph\">{\"@context\":\"https:\/\/schema.org\",\"@graph\":[{\"@type\":\"NewsArticle\",\"@id\":\"https:\/\/www.suno.com.br\/noticias\/empresarios-europeus-rapida-ratificacao-acordo-ue-mercosul\/#article\",\"isPartOf\":{\"@id\":\"https:\/\/www.suno.com.br\/noticias\/empresarios-europeus-rapida-ratificacao-acordo-ue-mercosul\/\"},\"author\":{\"name\":\"Rafaela La Regina\",\"@id\":\"https:\/\/www.suno.com.br\/noticias\/#\/schema\/person\/e672ca8cea627fe715fa29bca7da95e0\"},\"headline\":\"Empres\u00e1rios europeus pedem r\u00e1pida ratifica\u00e7\u00e3o de acordo UE-Mercosul\",\"datePublished\":\"2021-06-29T19:26:22+00:00\",\"mainEntityOfPage\":{\"@id\":\"https:\/\/www.suno.com.br\/noticias\/empresarios-europeus-rapida-ratificacao-acordo-ue-mercosul\/\"},\"wordCount\":1328,\"publisher\":{\"@id\":\"https:\/\/www.suno.com.br\/noticias\/#organization\"},\"image\":{\"@id\":\"https:\/\/www.suno.com.br\/noticias\/empresarios-europeus-rapida-ratificacao-acordo-ue-mercosul\/#primaryimage\"},\"thumbnailUrl\":\"https:\/\/files.sunoresearch.com.br\/n\/uploads\/2021\/06\/e716f5b8-whatsapp-image-2021-06-29-at-16.23.33-jpg.webp\",\"keywords\":[\"Mercosul\",\"Uni\u00e3o Europeia\"],\"articleSection\":[\"Internacional\"],\"inLanguage\":\"pt-BR\"},{\"@type\":\"WebPage\",\"@id\":\"https:\/\/www.suno.com.br\/noticias\/empresarios-europeus-rapida-ratificacao-acordo-ue-mercosul\/\",\"url\":\"https:\/\/www.suno.com.br\/noticias\/empresarios-europeus-rapida-ratificacao-acordo-ue-mercosul\/\",\"name\":\"Empres\u00e1rios europeus pedem r\u00e1pida ratifica\u00e7\u00e3o de acordo UE-Mercosul\",\"isPartOf\":{\"@id\":\"https:\/\/www.suno.com.br\/noticias\/#website\"},\"primaryImageOfPage\":{\"@id\":\"https:\/\/www.suno.com.br\/noticias\/empresarios-europeus-rapida-ratificacao-acordo-ue-mercosul\/#primaryimage\"},\"image\":{\"@id\":\"https:\/\/www.suno.com.br\/noticias\/empresarios-europeus-rapida-ratificacao-acordo-ue-mercosul\/#primaryimage\"},\"thumbnailUrl\":\"https:\/\/files.sunoresearch.com.br\/n\/uploads\/2021\/06\/e716f5b8-whatsapp-image-2021-06-29-at-16.23.33-jpg.webp\",\"datePublished\":\"2021-06-29T19:26:22+00:00\",\"description\":\"A uma semana da reuni\u00e3o de C\u00fapula do Mercosul, associa\u00e7\u00f5es empresariais europeias de v\u00e1rios setores divulgaram um documento conjunto. Veja mais.\",\"breadcrumb\":{\"@id\":\"https:\/\/www.suno.com.br\/noticias\/empresarios-europeus-rapida-ratificacao-acordo-ue-mercosul\/#breadcrumb\"},\"inLanguage\":\"pt-BR\",\"potentialAction\":[{\"@type\":\"ReadAction\",\"target\":[\"https:\/\/www.suno.com.br\/noticias\/empresarios-europeus-rapida-ratificacao-acordo-ue-mercosul\/\"]}]},{\"@type\":\"ImageObject\",\"inLanguage\":\"pt-BR\",\"@id\":\"https:\/\/www.suno.com.br\/noticias\/empresarios-europeus-rapida-ratificacao-acordo-ue-mercosul\/#primaryimage\",\"url\":\"https:\/\/files.sunoresearch.com.br\/n\/uploads\/2021\/06\/e716f5b8-whatsapp-image-2021-06-29-at-16.23.33-jpg.webp\",\"contentUrl\":\"https:\/\/files.sunoresearch.com.br\/n\/uploads\/2021\/06\/e716f5b8-whatsapp-image-2021-06-29-at-16.23.33-jpg.webp\",\"width\":1200,\"height\":1100,\"caption\":\"Crise da Evergrande e pol\u00edtica monet\u00e1ria do Fed s\u00e3o principais influ\u00eancias. Foto: Reprodu\u00e7\u00e3o Facebook\"},{\"@type\":\"BreadcrumbList\",\"@id\":\"https:\/\/www.suno.com.br\/noticias\/empresarios-europeus-rapida-ratificacao-acordo-ue-mercosul\/#breadcrumb\",\"itemListElement\":[{\"@type\":\"ListItem\",\"position\":1,\"name\":\"Not\u00edcias\",\"item\":\"https:\/\/www.suno.com.br\/noticias\/\"},{\"@type\":\"ListItem\",\"position\":2,\"name\":\"Internacional\",\"item\":\"https:\/\/www.suno.com.br\/noticias\/internacional\/\"},{\"@type\":\"ListItem\",\"position\":3,\"name\":\"Empres\u00e1rios europeus pedem r\u00e1pida ratifica\u00e7\u00e3o de acordo UE-Mercosul\"}]},{\"@type\":\"WebSite\",\"@id\":\"https:\/\/www.suno.com.br\/noticias\/#website\",\"url\":\"https:\/\/www.suno.com.br\/noticias\/\",\"name\":\"Suno Not\u00edcias\",\"description\":\"Seu portal de informa\u00e7\u00e3o sobre o mundo dos investimentos\",\"publisher\":{\"@id\":\"https:\/\/www.suno.com.br\/noticias\/#organization\"},\"potentialAction\":[{\"@type\":\"SearchAction\",\"target\":{\"@type\":\"EntryPoint\",\"urlTemplate\":\"https:\/\/www.suno.com.br\/noticias\/?s={search_term_string}\"},\"query-input\":{\"@type\":\"PropertyValueSpecification\",\"valueRequired\":true,\"valueName\":\"search_term_string\"}}],\"inLanguage\":\"pt-BR\"},{\"@type\":\"Organization\",\"@id\":\"https:\/\/www.suno.com.br\/noticias\/#organization\",\"name\":\"Suno Not\u00edcias\",\"url\":\"https:\/\/www.suno.com.br\/noticias\/\",\"logo\":{\"@type\":\"ImageObject\",\"inLanguage\":\"pt-BR\",\"@id\":\"https:\/\/www.suno.com.br\/noticias\/#\/schema\/logo\/image\/\",\"url\":\"https:\/\/files.sunoresearch.com.br\/n\/uploads\/2021\/09\/suno-logo.png\",\"contentUrl\":\"https:\/\/files.sunoresearch.com.br\/n\/uploads\/2021\/09\/suno-logo.png\",\"width\":180,\"height\":180,\"caption\":\"Suno Not\u00edcias\"},\"image\":{\"@id\":\"https:\/\/www.suno.com.br\/noticias\/#\/schema\/logo\/image\/\"},\"sameAs\":[\"https:\/\/facebook.com\/sunoresearch\",\"https:\/\/x.com\/sunoresearch\",\"https:\/\/www.instagram.com\/suno\",\"https:\/\/www.linkedin.com\/company\/suno-research\/\",\"https:\/\/www.youtube.com\/c\/sunoresearch\"]},{\"@type\":\"Person\",\"@id\":\"https:\/\/www.suno.com.br\/noticias\/#\/schema\/person\/e672ca8cea627fe715fa29bca7da95e0\",\"name\":\"Rafaela La Regina\",\"image\":{\"@type\":\"ImageObject\",\"inLanguage\":\"pt-BR\",\"@id\":\"https:\/\/www.suno.com.br\/noticias\/#\/schema\/person\/image\/\",\"url\":\"https:\/\/secure.gravatar.com\/avatar\/d2c75a52d243deb93d0465fdcb21bd37?s=96&r=g\",\"contentUrl\":\"https:\/\/secure.gravatar.com\/avatar\/d2c75a52d243deb93d0465fdcb21bd37?s=96&r=g\",\"caption\":\"Rafaela La Regina\"},\"description\":\"Estagi\u00e1ria no Suno Not\u00edcias. Escreve sobre economia, pol\u00edtica e neg\u00f3cios. Estuda Rela\u00e7\u00f5es Internacionais no IBMEC-SP.\",\"url\":\"https:\/\/www.suno.com.br\/noticias\/author\/rafaela-la-regina\/\"}]}<\/script>\n<!-- \/ Yoast SEO plugin. -->","yoast_head_json":{"title":"Empres\u00e1rios europeus pedem r\u00e1pida ratifica\u00e7\u00e3o de acordo UE-Mercosul","description":"A uma semana da reuni\u00e3o de C\u00fapula do Mercosul, associa\u00e7\u00f5es empresariais europeias de v\u00e1rios setores divulgaram um documento conjunto. Veja mais.","robots":{"index":"index","follow":"follow","max-snippet":"max-snippet:-1","max-image-preview":"max-image-preview:large","max-video-preview":"max-video-preview:-1"},"canonical":"https:\/\/www.suno.com.br\/noticias\/empresarios-europeus-rapida-ratificacao-acordo-ue-mercosul\/","og_locale":"pt_BR","og_type":"article","og_title":"Empres\u00e1rios europeus pedem r\u00e1pida ratifica\u00e7\u00e3o de acordo UE-Mercosul","og_description":"A uma semana da reuni\u00e3o de C\u00fapula do Mercosul, associa\u00e7\u00f5es empresariais europeias de v\u00e1rios setores divulgaram um documento conjunto. Veja mais.","og_url":"https:\/\/www.suno.com.br\/noticias\/empresarios-europeus-rapida-ratificacao-acordo-ue-mercosul\/","og_site_name":"Suno Not\u00edcias","article_publisher":"https:\/\/facebook.com\/sunoresearch","og_image":[{"width":1200,"height":1100,"url":"https:\/\/files.sunoresearch.com.br\/n\/uploads\/2021\/06\/e716f5b8-whatsapp-image-2021-06-29-at-16.23.33.jpg","type":"image\/jpeg"}],"author":"Rafaela La Regina","twitter_card":"summary_large_image","twitter_creator":"@sunoresearch","twitter_site":"@sunoresearch","twitter_misc":{"Escrito por":"Rafaela La Regina","Est. tempo de leitura":"7 minutos"},"schema":{"@context":"https:\/\/schema.org","@graph":[{"@type":"NewsArticle","@id":"https:\/\/www.suno.com.br\/noticias\/empresarios-europeus-rapida-ratificacao-acordo-ue-mercosul\/#article","isPartOf":{"@id":"https:\/\/www.suno.com.br\/noticias\/empresarios-europeus-rapida-ratificacao-acordo-ue-mercosul\/"},"author":{"name":"Rafaela La Regina","@id":"https:\/\/www.suno.com.br\/noticias\/#\/schema\/person\/e672ca8cea627fe715fa29bca7da95e0"},"headline":"Empres\u00e1rios europeus pedem r\u00e1pida ratifica\u00e7\u00e3o de acordo UE-Mercosul","datePublished":"2021-06-29T19:26:22+00:00","mainEntityOfPage":{"@id":"https:\/\/www.suno.com.br\/noticias\/empresarios-europeus-rapida-ratificacao-acordo-ue-mercosul\/"},"wordCount":1328,"publisher":{"@id":"https:\/\/www.suno.com.br\/noticias\/#organization"},"image":{"@id":"https:\/\/www.suno.com.br\/noticias\/empresarios-europeus-rapida-ratificacao-acordo-ue-mercosul\/#primaryimage"},"thumbnailUrl":"https:\/\/files.sunoresearch.com.br\/n\/uploads\/2021\/06\/e716f5b8-whatsapp-image-2021-06-29-at-16.23.33-jpg.webp","keywords":["Mercosul","Uni\u00e3o Europeia"],"articleSection":["Internacional"],"inLanguage":"pt-BR"},{"@type":"WebPage","@id":"https:\/\/www.suno.com.br\/noticias\/empresarios-europeus-rapida-ratificacao-acordo-ue-mercosul\/","url":"https:\/\/www.suno.com.br\/noticias\/empresarios-europeus-rapida-ratificacao-acordo-ue-mercosul\/","name":"Empres\u00e1rios europeus pedem r\u00e1pida ratifica\u00e7\u00e3o de acordo UE-Mercosul","isPartOf":{"@id":"https:\/\/www.suno.com.br\/noticias\/#website"},"primaryImageOfPage":{"@id":"https:\/\/www.suno.com.br\/noticias\/empresarios-europeus-rapida-ratificacao-acordo-ue-mercosul\/#primaryimage"},"image":{"@id":"https:\/\/www.suno.com.br\/noticias\/empresarios-europeus-rapida-ratificacao-acordo-ue-mercosul\/#primaryimage"},"thumbnailUrl":"https:\/\/files.sunoresearch.com.br\/n\/uploads\/2021\/06\/e716f5b8-whatsapp-image-2021-06-29-at-16.23.33-jpg.webp","datePublished":"2021-06-29T19:26:22+00:00","description":"A uma semana da reuni\u00e3o de C\u00fapula do Mercosul, associa\u00e7\u00f5es empresariais europeias de v\u00e1rios setores divulgaram um documento conjunto. Veja mais.","breadcrumb":{"@id":"https:\/\/www.suno.com.br\/noticias\/empresarios-europeus-rapida-ratificacao-acordo-ue-mercosul\/#breadcrumb"},"inLanguage":"pt-BR","potentialAction":[{"@type":"ReadAction","target":["https:\/\/www.suno.com.br\/noticias\/empresarios-europeus-rapida-ratificacao-acordo-ue-mercosul\/"]}]},{"@type":"ImageObject","inLanguage":"pt-BR","@id":"https:\/\/www.suno.com.br\/noticias\/empresarios-europeus-rapida-ratificacao-acordo-ue-mercosul\/#primaryimage","url":"https:\/\/files.sunoresearch.com.br\/n\/uploads\/2021\/06\/e716f5b8-whatsapp-image-2021-06-29-at-16.23.33-jpg.webp","contentUrl":"https:\/\/files.sunoresearch.com.br\/n\/uploads\/2021\/06\/e716f5b8-whatsapp-image-2021-06-29-at-16.23.33-jpg.webp","width":1200,"height":1100,"caption":"Crise da Evergrande e pol\u00edtica monet\u00e1ria do Fed s\u00e3o principais influ\u00eancias. Foto: Reprodu\u00e7\u00e3o Facebook"},{"@type":"BreadcrumbList","@id":"https:\/\/www.suno.com.br\/noticias\/empresarios-europeus-rapida-ratificacao-acordo-ue-mercosul\/#breadcrumb","itemListElement":[{"@type":"ListItem","position":1,"name":"Not\u00edcias","item":"https:\/\/www.suno.com.br\/noticias\/"},{"@type":"ListItem","position":2,"name":"Internacional","item":"https:\/\/www.suno.com.br\/noticias\/internacional\/"},{"@type":"ListItem","position":3,"name":"Empres\u00e1rios europeus pedem r\u00e1pida ratifica\u00e7\u00e3o de acordo UE-Mercosul"}]},{"@type":"WebSite","@id":"https:\/\/www.suno.com.br\/noticias\/#website","url":"https:\/\/www.suno.com.br\/noticias\/","name":"Suno Not\u00edcias","description":"Seu portal de informa\u00e7\u00e3o sobre o mundo dos investimentos","publisher":{"@id":"https:\/\/www.suno.com.br\/noticias\/#organization"},"potentialAction":[{"@type":"SearchAction","target":{"@type":"EntryPoint","urlTemplate":"https:\/\/www.suno.com.br\/noticias\/?s={search_term_string}"},"query-input":{"@type":"PropertyValueSpecification","valueRequired":true,"valueName":"search_term_string"}}],"inLanguage":"pt-BR"},{"@type":"Organization","@id":"https:\/\/www.suno.com.br\/noticias\/#organization","name":"Suno Not\u00edcias","url":"https:\/\/www.suno.com.br\/noticias\/","logo":{"@type":"ImageObject","inLanguage":"pt-BR","@id":"https:\/\/www.suno.com.br\/noticias\/#\/schema\/logo\/image\/","url":"https:\/\/files.sunoresearch.com.br\/n\/uploads\/2021\/09\/suno-logo.png","contentUrl":"https:\/\/files.sunoresearch.com.br\/n\/uploads\/2021\/09\/suno-logo.png","width":180,"height":180,"caption":"Suno Not\u00edcias"},"image":{"@id":"https:\/\/www.suno.com.br\/noticias\/#\/schema\/logo\/image\/"},"sameAs":["https:\/\/facebook.com\/sunoresearch","https:\/\/x.com\/sunoresearch","https:\/\/www.instagram.com\/suno","https:\/\/www.linkedin.com\/company\/suno-research\/","https:\/\/www.youtube.com\/c\/sunoresearch"]},{"@type":"Person","@id":"https:\/\/www.suno.com.br\/noticias\/#\/schema\/person\/e672ca8cea627fe715fa29bca7da95e0","name":"Rafaela La Regina","image":{"@type":"ImageObject","inLanguage":"pt-BR","@id":"https:\/\/www.suno.com.br\/noticias\/#\/schema\/person\/image\/","url":"https:\/\/secure.gravatar.com\/avatar\/d2c75a52d243deb93d0465fdcb21bd37?s=96&r=g","contentUrl":"https:\/\/secure.gravatar.com\/avatar\/d2c75a52d243deb93d0465fdcb21bd37?s=96&r=g","caption":"Rafaela La Regina"},"description":"Estagi\u00e1ria no Suno Not\u00edcias. Escreve sobre economia, pol\u00edtica e neg\u00f3cios. Estuda Rela\u00e7\u00f5es Internacionais no IBMEC-SP.","url":"https:\/\/www.suno.com.br\/noticias\/author\/rafaela-la-regina\/"}]}},"default_loop_html":"<div class=\"cardsPage__listCard__boxs\"><div class=\"cardsPage__listCard__boxs__img\"><a href=\"https:\/\/www.suno.com.br\/noticias\/empresarios-europeus-rapida-ratificacao-acordo-ue-mercosul\/\"><img class=\"mask\" src=\"https:\/\/www.suno.com.br\/noticias\/wp-content\/themes\/suno\/resources\/images\/spotlight\/spotlight1img\/bg-mask.png\" alt=\"Image Mask\"\/><img src=\"https:\/\/files.sunoresearch.com.br\/n\/uploads\/2021\/06\/e716f5b8-whatsapp-image-2021-06-29-at-16.23.33-400x200.webp\" alt=\"Empres\u00e1rios europeus pedem r\u00e1pida ratifica\u00e7\u00e3o de acordo UE-Mercosul\"\/><\/a><span class=\"spotlightCategory\"><a href=\"https:\/\/www.suno.com.br\/noticias\/internacional\/\">Internacional<\/a><\/span><\/div><div class=\"cardsPage__listCard__boxs__content\"><a href=\"https:\/\/www.suno.com.br\/noticias\/empresarios-europeus-rapida-ratificacao-acordo-ue-mercosul\/\"><h2 class=\"content__title\">Empres\u00e1rios europeus pedem r\u00e1pida ratifica\u00e7\u00e3o de acordo UE-Mercosul<\/h2><\/a><div class=\"newsContent__article__meta\"><div class=\"newsContent__article__meta__authorBox\"><a href=\"https:\/\/www.suno.com.br\/noticias\/author\/rafaela-la-regina\/\" class=\"authorBox__avatar noMobi\"><img src=\"https:\/\/secure.gravatar.com\/avatar\/d2c75a52d243deb93d0465fdcb21bd37?s=96&#038;r=g\" alt=\"Rafaela La Regina\"><\/a><div class=\"authorBox__name\"><span>por\n\t\t\t<a href=\"https:\/\/www.suno.com.br\/noticias\/author\/rafaela-la-regina\/\"><span itemprop=\"author\">Rafaela La Regina<\/span><\/a><\/span><time datetime=\"2021-06-29T16:26:22-03:00\" itemprop=\"datePublished\">29\/06\/2021 16:26<\/time><\/div><\/div><\/div><\/div><\/div>","single_layout":"posts","amp_enabled":true,"_links":{"self":[{"href":"https:\/\/www.suno.com.br\/noticias\/wp-json\/wp\/v2\/posts\/162184"}],"collection":[{"href":"https:\/\/www.suno.com.br\/noticias\/wp-json\/wp\/v2\/posts"}],"about":[{"href":"https:\/\/www.suno.com.br\/noticias\/wp-json\/wp\/v2\/types\/post"}],"author":[{"embeddable":true,"href":"https:\/\/www.suno.com.br\/noticias\/wp-json\/wp\/v2\/users\/56"}],"replies":[{"embeddable":true,"href":"https:\/\/www.suno.com.br\/noticias\/wp-json\/wp\/v2\/comments?post=162184"}],"version-history":[{"count":3,"href":"https:\/\/www.suno.com.br\/noticias\/wp-json\/wp\/v2\/posts\/162184\/revisions"}],"predecessor-version":[{"id":162445,"href":"https:\/\/www.suno.com.br\/noticias\/wp-json\/wp\/v2\/posts\/162184\/revisions\/162445"}],"wp:featuredmedia":[{"embeddable":true,"href":"https:\/\/www.suno.com.br\/noticias\/wp-json\/wp\/v2\/media\/162230"}],"wp:attachment":[{"href":"https:\/\/www.suno.com.br\/noticias\/wp-json\/wp\/v2\/media?parent=162184"}],"wp:term":[{"taxonomy":"category","embeddable":true,"href":"https:\/\/www.suno.com.br\/noticias\/wp-json\/wp\/v2\/categories?post=162184"},{"taxonomy":"post_tag","embeddable":true,"href":"https:\/\/www.suno.com.br\/noticias\/wp-json\/wp\/v2\/tags?post=162184"},{"taxonomy":"suno_strategy","embeddable":true,"href":"https:\/\/www.suno.com.br\/noticias\/wp-json\/wp\/v2\/suno_strategy?post=162184"}],"curies":[{"name":"wp","href":"https:\/\/api.w.org\/{rel}","templated":true}]}}