{"id":162120,"date":"2021-06-29T13:59:43","date_gmt":"2021-06-29T16:59:43","guid":{"rendered":"https:\/\/www.suno.com.br\/noticias\/?p=162120"},"modified":"2021-07-01T14:06:10","modified_gmt":"2021-07-01T17:06:10","slug":"ibovespa-queda-reforma-tributaria-braskem-brkm5-29062021","status":"publish","type":"post","link":"https:\/\/www.suno.com.br\/noticias\/ibovespa-queda-reforma-tributaria-braskem-brkm5-29062021\/","title":{"rendered":"Ibovespa n\u00e3o acompanha bolsas mundiais e opera nos 126 mil pontos; Braskem (BRKM5) sobe 4%"},"content":{"rendered":"<p>Ainda refletindo os bastidores de Bras\u00edlia, o <strong>Ibovespa<\/strong> ampliou o campo negativo nesta ter\u00e7a-feira (29) ap\u00f3s abrir em estabilidade. O mercado brasileiro continua a avaliar os impactos do projeto de lei que tributa dividendos no \u00e2mbito da reforma tribut\u00e1ria.<\/p>\t<div class=\"wrapper-featured-image\">\n\t\t<figure class=\"spotlightImg\">\n\n\t\t\t<picture>\n\t\t\t\t<source media=\"(max-width: 768px)\" srcset=\"https:\/\/files.sunoresearch.com.br\/n\/uploads\/2021\/04\/ba30ad4c-stock-5010639_1280-400x200.webp\">\n\t\t\t\t<img loading=\"lazy\" decoding=\"async\" class=\"newsContent__article__imgCapa lazyloadDisabled \" src=\"https:\/\/files.sunoresearch.com.br\/n\/uploads\/2021\/04\/ba30ad4c-stock-5010639_1280-800x450.webp\" width=\"800\" height=\"450\" alt=\"Ibovespa n\u00e3o acompanha bolsas mundiais e opera nos 126 mil pontos; Braskem (BRKM5) sobe 4%\" fetchpriority=high \/>\n\t\t\t<\/picture>\n\n\t\t\t<figcaption class=\"wp-caption-text wp-caption-text--show\">Ibovespa. Foto: Pixabay<\/figcaption>\n\t\t<\/figure>\n\t<\/div>\n\n\n\t<p>\n\t\t<a href=\"https:\/\/lp.suno.com.br\/planilha-controle-gastos\/\" target=\"_blank\" data-element=\"shortcode-suno-banner\" title=\"Banner SUNO, clique e saiba mais\">\n\t\t\t<picture>\n\t\t\t\t<source media=\"(max-width: 500px)\" srcset=\"https:\/\/files.sunoresearch.com.br\/n\/uploads\/2023\/03\/400x300-Planilha-controle-de-gastos.png\">\n\t\t\t\t<img class=\"newsContent__article__imgCapa newsContent__article__imgCapa--banner\"\n\t\t\t\t\tsrc=\"https:\/\/files.sunoresearch.com.br\/n\/uploads\/2023\/03\/1420x240-Planilha-controle-de-gastos.png\"\n\t\t\t\t\tdata-promo-id=\"101751\"\t\t\t\t\t\t\t\t\t\twidth='1420' height='240'\t\t\t\t\talt=\"https:\/\/files.sunoresearch.com.br\/n\/uploads\/2023\/03\/1420x240-Planilha-controle-de-gastos.png\"\n\t\t\t\t>\n\t\t\t<\/picture>\n\t\t<\/a>\n\t<\/p>\n\n\n<p>Por volta das 13h56, o <a href=\"https:\/\/www.suno.com.br\/artigos\/ibovespa\/\">Ibovespa ca\u00eda 0,68%<\/a>, para 126.560 pontos. O maior \u00edndice acion\u00e1rio da Bolsa brasileira ignora o cen\u00e1rio positivo no exterior, com os mercados norte-americanos em leve alta e os europeus se recuperando da baixa na v\u00e9spera.<\/p>\n<p>O <strong>d\u00f3lar<\/strong>, por sua vez, opera em alta de 0,37% frente a moeda brasileira e \u00e9 negociado a R$ 4,943. O DXY, <a href=\"https:\/\/www.suno.com.br\/artigos\/dxy\/\">\u00edndice do d\u00f3lar<\/a>, avan\u00e7a 0,13% frente a cesta de moedas, para US$ 92,01.<\/p>\n<h3>Os temas que movimentam o Ibovespa nesta ter\u00e7a<\/h3>\n<ul>\n<li>Congresso discutir\u00e1 taxa\u00e7\u00e3o dos <strong>dividendos<\/strong>;<\/li>\n<li>Reajuste de 52% na <strong>conta de luz<\/strong>;<\/li>\n<li>Interessados na <strong>Braskem<\/strong> pede maior prazo.<\/li>\n<\/ul>\n<h2>Arthur Lira sugere al\u00edquota de 15%<\/h2>\n<p>De acordo com <strong>Arthur Lira<\/strong>, presidente da C\u00e2mara dos Deputados, a proposta de reforma no imposto de renda que prev\u00ea a taxa\u00e7\u00e3o dos dividendos, <a href=\"https:\/\/www.suno.com.br\/noticias\/congresso-discutira-taxacao-dividendos-lira\/\">ainda deve ser modificada<\/a>. As informa\u00e7\u00f5es s\u00e3o do jornal <em>Valor Econ\u00f4mico.<\/em><\/p>\n<p>O deputado disse que a Casa n\u00e3o visa aprovar nada que cause um aumento da carga tribut\u00e1ria. Lira explicou que o projeto de lei apresentado na \u00faltima semana \u00e9 o &#8220;ponto de partida&#8221;, e assim completou dizendo que os projetos &#8220;sempre v\u00eam com alguma gordura a mais para ajustar, \u00e9 do jogo&#8221;.<\/p>\n\n\t<div data-element=\"shortcode-read-more\" class=\"readToo\">\n\t\t\t\t<span class=\"readToo__title\">Leia tamb\u00e9m<\/span>\n\t\t\t\t<ul class=\"readToo__list\">\n\t\t\t<li><a href=\"https:\/\/www.suno.com.br\/noticias\/vale-vale3-dividendos-reforma-tributaria\/\">Vale (VALE3) pode antecipar dividendos com reforma tribut\u00e1ria, diz BTG<\/a><\/li><li><a href=\"https:\/\/www.suno.com.br\/noticias\/via-vvar3-logistica-concorrente-4t21\/\">Via (VVAR3) planeja ser &#8216;hub&#8217; de log\u00edstica para empresas<\/a><\/li>\t\t<\/ul>\n\t<\/div>\n\n\n<p>O texto prop\u00f5e aumentar a isen\u00e7\u00e3o do Imposto de Renda de R$ 1,9 mil para R$ 2,5 mil, al\u00e9m de taxar <a href=\"https:\/\/www.suno.com.br\/artigos\/dividendos\/\">lucros e dividendos <\/a>em 20%.<\/p>\n<p>Muito impactados desde a \u00faltima sexta-feira (25), os <strong>fundos imobili\u00e1rios<\/strong> (FIIs) respiram aliviados no preg\u00e3o. O IFIX, \u00edndice que contempla os maiores fundos do mercado, sobe 1,3%, mas ainda cair mais de 4% no ano.<\/p>\n<h2>Aneel reajusta bandeira vermelha abaixo da recomenda\u00e7\u00e3o<\/h2>\n<p>A Ag\u00eancia Nacional de Energia El\u00e9trica (Aneel) aprovou, na manh\u00e3 desta ter\u00e7a, um reajuste de 52% na <strong>bandeira vermelha<\/strong> patamar dois. Dessa forma, a conta de luz de julho ter\u00e1 cobran\u00e7a de R$ 9,49 a cada 100 quilowatts-hora (kWh), ante R$ 6,24 atuais.<\/p>\n<p>A \u00e1rea t\u00e9cnica da ag\u00eancia, contudo, havia recomendado um reajuste entre 84,3% at\u00e9 92,3% na taxa embutida na <strong>conta de luz<\/strong>.<\/p>\n<p>Com o grave panorama de crise h\u00eddrica e <a href=\"https:\/\/www.suno.com.br\/noticias\/crise-hidrica-racionamento-de-energia-eletrica-economia\/\">possibilidade de racionamento<\/a>, as companhias el\u00e9tricas devem ser impactadas nos pr\u00f3ximos meses, sobretudo as geradoras e distribuidoras.<\/p>\n<p>Ontem, o Ministro de Minas e Energias, Bento Albuquerque, alertou a popula\u00e7\u00e3o em rede nacional sobre a maior crise energ\u00e9tica dos \u00faltimos 91 anos.<\/p>\n<p>Segundo \u00c9tore Sanchez, economista-chefe da <strong>Ativa Investimentos<\/strong>, a eleva\u00e7\u00e3o do degrau, &#8220;uma vez que j\u00e1 estamos no mais alto deles, gera um <em>downside<\/em> risk gigantesco para infla\u00e7\u00e3o com a normaliza\u00e7\u00e3o da energia&#8221;.<\/p>\n<p>O setor corresponde a 6% do Ibovespa, o que deve causar agita\u00e7\u00e3o nas pr\u00f3ximas semanas. O IEE, \u00cdndice de Energia El\u00e9trica da B3, cai 1% nesta ter\u00e7a. Nos \u00faltimos 30 dias, a baixa \u00e9 de 3,2%.<\/p>\n<h2>Novonor adia entrega de propostas pela Braskem<\/h2>\n<p>O prazo de recebimento das propostas n\u00e3o-vinculantes de compra da Braskem, que se encerrariam amanh\u00e3, foi postergado para 9 de julho.<\/p>\n\t<p>\n\t\t<a href=\"https:\/\/lp.suno.com.br\/planilha-da-vida-financeira\/\" target=\"_blank\" data-element=\"shortcode-suno-banner\" title=\"Banner SUNO, clique e saiba mais\">\n\t\t\t<picture>\n\t\t\t\t<source media=\"(max-width: 500px)\" srcset=\"https:\/\/files.sunoresearch.com.br\/n\/uploads\/2023\/04\/400x300-Planilha-vida-financeira-true.png\">\n\t\t\t\t<img class=\"newsContent__article__imgCapa newsContent__article__imgCapa--banner\"\n\t\t\t\t\tsrc=\"https:\/\/files.sunoresearch.com.br\/n\/uploads\/2023\/04\/1420x240-Planilha-vida-financeira-true.png\"\n\t\t\t\t\tdata-promo-id=\"106682\"\t\t\t\t\t\t\t\t\t\twidth='1420' height='240'\t\t\t\t\talt=\"https:\/\/files.sunoresearch.com.br\/n\/uploads\/2023\/04\/1420x240-Planilha-vida-financeira-true.png\"\n\t\t\t\t>\n\t\t\t<\/picture>\n\t\t<\/a>\n\t<\/p>\n\n\n<p>Segundo o jornal <em>Valor Econ\u00f4mico<\/em>, a decis\u00e3o foi tomada pela <strong>Novonor<\/strong> (antiga <strong>Odebrecht<\/strong>) por conta do pedido de potenciais compradores da petroqu\u00edmica. Ao menos dois interessados pediram mais tempo.<\/p>\n<p>Segundo relatou o jornal, a Novonor optou pela abertura de um processo competitivo para vender a fatia de 38,3% no capital total da empresa. Com base no <a href=\"https:\/\/www.suno.com.br\/artigos\/valor-de-mercado\/\">valor de mercado<\/a> atual, essa participa\u00e7\u00e3o corresponde a R$ 17,69 bilh\u00f5es.<\/p>\n<p>As a\u00e7\u00f5es da petroqu\u00edmica sobem mais de 4% e lideram o Ibovespa.<\/p>\n<h2>Maiores altas do Ibovespa<\/h2>\n<p>As maiores altas do Ibovespa, por volta das 13h49, eram:<\/p>\n<ul>\n<li><a href=\"https:\/\/www.suno.com.br\/acoes\/brkm5\/\">Braskem (BRKM5)<\/a>: +4,42%<\/li>\n<li><a href=\"https:\/\/www.suno.com.br\/acoes\/bidi11\/\"><strong>Banco<\/strong> Inter (BIDI11)<\/a>: +4,34%<\/li>\n<li><a href=\"https:\/\/www.suno.com.br\/acoes\/csna3\/\"><strong>CSN<\/strong> (CSNA3)<\/a>: +3,87%<\/li>\n<li><a href=\"https:\/\/www.suno.com.br\/acoes\/usim5\/\"><strong>Usiminas<\/strong> (USIM5)<\/a>: +2,01%<\/li>\n<li><a href=\"https:\/\/www.suno.com.br\/acoes\/brap4\/\"><strong>Bradespar<\/strong> (BRAP4)<\/a>: +1,75%<\/li>\n<\/ul>\n<h2>Maiores baixas do Ibovespa<\/h2>\n<p>No mesmo hor\u00e1rio, as maiores baixas eram:<\/p>\n<ul>\n<li><a href=\"https:\/\/www.suno.com.br\/acoes\/lren3\/\"><strong>Lojas Renner<\/strong> (LREN3)<\/a>: -3,36%<\/li>\n<li><a href=\"https:\/\/www.suno.com.br\/acoes\/brfs3\/\"><strong>BRF<\/strong> (BRFS3)<\/a>: -3,62%<\/li>\n<li><a href=\"https:\/\/www.suno.com.br\/acoes\/brml3\/\"><strong>brMalls<\/strong> (BRML3)<\/a>: -3,75%<\/li>\n<li><a href=\"https:\/\/www.suno.com.br\/acoes\/cvcb3\/\"><strong>CVC<\/strong> (CVCB3)<\/a>: -3,87%<\/li>\n<li><a href=\"https:\/\/www.suno.com.br\/acoes\/igta3\/\"><strong>Iguatemi<\/strong> (IGTA3)<\/a>: -4,23%<\/li>\n<\/ul>\n<h2>Bolsas mundiais<\/h2>\n<p><span style=\"font-weight: 400;\">Al\u00e9m do <strong>\u00edndice Bovespa<\/strong>, confira a cota\u00e7\u00e3o dos principais \u00edndices mundiais nesta tarde:<\/span><\/p>\n<ul>\n<li>S&amp;P 500: +0,10%<\/li>\n<li><a href=\"https:\/\/www.suno.com.br\/artigos\/dax-30\/\">DAX 30<\/a> (Alemanha): +0,88%<\/li>\n<li><a href=\"https:\/\/www.suno.com.br\/artigos\/ftse-100\/\">FTSE 100<\/a> (Inglaterra): +0,21%<\/li>\n<li><a href=\"https:\/\/www.suno.com.br\/artigos\/euro-stoxx-50\/\">Euro Stoxx 50<\/a>: +0,43%<\/li>\n<li>SSE Composite (Xangai): -0,92% (fechada)<\/li>\n<li><a href=\"https:\/\/www.suno.com.br\/artigos\/nikkei-225\/\">Nikkei 225<\/a> (Jap\u00e3o): -0,81% (fechada)<\/li>\n<\/ul>\n<h2>\u00daltima cota\u00e7\u00e3o<\/h2>\n<p>De forma distinta ao <strong>Ibovespa hoje<\/strong>, o \u00edndice acion\u00e1rio encerrou as negocia\u00e7\u00f5es na \u00faltima segunda com uma alta de 0,14%, para 127.429,17 pontos.<\/p>\n\t<p>\n\t\t<a href=\"https:\/\/lp.suno.com.br\/planilha-de-controle-de-investimentos\/\" target=\"_blank\" data-element=\"shortcode-suno-banner\" title=\"Banner SUNO, clique e saiba mais\">\n\t\t\t<picture>\n\t\t\t\t<source media=\"(max-width: 500px)\" srcset=\"https:\/\/files.sunoresearch.com.br\/n\/uploads\/2023\/03\/400x300-Controle-de-Investimentos.png\">\n\t\t\t\t<img class=\"newsContent__article__imgCapa newsContent__article__imgCapa--banner\"\n\t\t\t\t\tsrc=\"https:\/\/files.sunoresearch.com.br\/n\/uploads\/2023\/03\/1420x240-Controle-de-Investimentos.png\"\n\t\t\t\t\tdata-promo-id=\"75934\"\t\t\t\t\t\t\t\t\t\twidth='1420' height='240'\t\t\t\t\talt=\"https:\/\/files.sunoresearch.com.br\/n\/uploads\/2023\/03\/1420x240-Controle-de-Investimentos.png\"\n\t\t\t\t>\n\t\t\t<\/picture>\n\t\t<\/a>\n\t<\/p>\n\n\n","protected":false},"excerpt":{"rendered":"<p>Ainda refletindo os bastidores de Bras\u00edlia, o Ibovespa ampliou o campo negativo nesta ter\u00e7a-feira (29) ap\u00f3s abrir em estabilidade. O mercado brasileiro continua a avaliar os impactos do projeto de lei que tributa dividendos no \u00e2mbito da reforma tribut\u00e1ria. Via. Foto; Pixabay Por volta das 13h56, o Ibovespa ca\u00eda 0,68%, para 126.560 pontos. O maior [&hellip;]<\/p>\n","protected":false},"author":24,"featured_media":137017,"comment_status":"closed","ping_status":"closed","sticky":false,"template":"","format":"standard","meta":[],"categories":[60],"tags":[1937,395,2153,105816,315,721],"suno_strategy":[],"class_list":["post-162120","post","type-post","status-publish","format-standard","has-post-thumbnail","hentry","category-mercado","tag-bolsa-de-valores-de-sao-paulo-b3","tag-braskem-brkm3-brkm5-brkm6","tag-energia-eletrica","tag-especialistas","tag-fundos-imobiliarios-fiis","tag-ibovespa"],"yoast_head":"<!-- This site is optimized with the Yoast SEO plugin v24.4 - https:\/\/yoast.com\/wordpress\/plugins\/seo\/ -->\n<title>Ibovespa n\u00e3o acompanha bolsas mundiais e opera nos 126 mil pontos<\/title>\n<meta name=\"description\" content=\"Ainda refletindo os bastidores de Bras\u00edlia, o Ibovespa ampliou o campo negativo nesta ter\u00e7a-feira (29) ap\u00f3s abrir em estabilidade. Confira.\" \/>\n<meta name=\"robots\" content=\"index, follow, max-snippet:-1, max-image-preview:large, max-video-preview:-1\" \/>\n<link rel=\"canonical\" href=\"https:\/\/www.suno.com.br\/noticias\/ibovespa-queda-reforma-tributaria-braskem-brkm5-29062021\/\" \/>\n<meta property=\"og:locale\" content=\"pt_BR\" \/>\n<meta property=\"og:type\" content=\"article\" \/>\n<meta property=\"og:title\" content=\"Ibovespa n\u00e3o acompanha bolsas mundiais e opera nos 126 mil pontos\" \/>\n<meta property=\"og:description\" content=\"Ainda refletindo os bastidores de Bras\u00edlia, o Ibovespa ampliou o campo negativo nesta ter\u00e7a-feira (29) ap\u00f3s abrir em estabilidade. Confira.\" \/>\n<meta property=\"og:url\" content=\"https:\/\/www.suno.com.br\/noticias\/ibovespa-queda-reforma-tributaria-braskem-brkm5-29062021\/\" \/>\n<meta property=\"og:site_name\" content=\"Suno Not\u00edcias\" \/>\n<meta property=\"article:publisher\" content=\"https:\/\/facebook.com\/sunoresearch\" \/>\n<meta property=\"og:image\" content=\"https:\/\/files.sunoresearch.com.br\/n\/uploads\/2021\/04\/ba30ad4c-stock-5010639_1280.jpg\" \/>\n\t<meta property=\"og:image:width\" content=\"1280\" \/>\n\t<meta property=\"og:image:height\" content=\"736\" \/>\n\t<meta property=\"og:image:type\" content=\"image\/jpeg\" \/>\n<meta name=\"author\" content=\"Jader Lazarini\" \/>\n<meta name=\"twitter:card\" content=\"summary_large_image\" \/>\n<meta name=\"twitter:creator\" content=\"@sunoresearch\" \/>\n<meta name=\"twitter:site\" content=\"@sunoresearch\" \/>\n<meta name=\"twitter:label1\" content=\"Escrito por\" \/>\n\t<meta name=\"twitter:data1\" content=\"Jader Lazarini\" \/>\n\t<meta name=\"twitter:label2\" content=\"Est. tempo de leitura\" \/>\n\t<meta name=\"twitter:data2\" content=\"4 minutos\" \/>\n<script type=\"application\/ld+json\" class=\"yoast-schema-graph\">{\"@context\":\"https:\/\/schema.org\",\"@graph\":[{\"@type\":\"NewsArticle\",\"@id\":\"https:\/\/www.suno.com.br\/noticias\/ibovespa-queda-reforma-tributaria-braskem-brkm5-29062021\/#article\",\"isPartOf\":{\"@id\":\"https:\/\/www.suno.com.br\/noticias\/ibovespa-queda-reforma-tributaria-braskem-brkm5-29062021\/\"},\"author\":{\"name\":\"Jader Lazarini\",\"@id\":\"https:\/\/www.suno.com.br\/noticias\/#\/schema\/person\/918d79de1f0281f01599b93f9ea6e23f\"},\"headline\":\"Ibovespa n\u00e3o acompanha bolsas mundiais e opera nos 126 mil pontos; Braskem (BRKM5) sobe 4%\",\"datePublished\":\"2021-06-29T16:59:43+00:00\",\"dateModified\":\"2021-07-01T17:06:10+00:00\",\"mainEntityOfPage\":{\"@id\":\"https:\/\/www.suno.com.br\/noticias\/ibovespa-queda-reforma-tributaria-braskem-brkm5-29062021\/\"},\"wordCount\":755,\"publisher\":{\"@id\":\"https:\/\/www.suno.com.br\/noticias\/#organization\"},\"image\":{\"@id\":\"https:\/\/www.suno.com.br\/noticias\/ibovespa-queda-reforma-tributaria-braskem-brkm5-29062021\/#primaryimage\"},\"thumbnailUrl\":\"https:\/\/files.sunoresearch.com.br\/n\/uploads\/2021\/04\/ba30ad4c-stock-5010639_1280-jpg.webp\",\"keywords\":[\"Bolsa de Valores de S\u00e3o Paulo (B3)\",\"Braskem (BRKM3\/BRKM5\/BRKM6)\",\"energia el\u00e9trica\",\"Especialistas\",\"Fundos Imobili\u00e1rios (FIIs)\",\"Ibovespa\"],\"articleSection\":[\"Mercado\"],\"inLanguage\":\"pt-BR\"},{\"@type\":\"WebPage\",\"@id\":\"https:\/\/www.suno.com.br\/noticias\/ibovespa-queda-reforma-tributaria-braskem-brkm5-29062021\/\",\"url\":\"https:\/\/www.suno.com.br\/noticias\/ibovespa-queda-reforma-tributaria-braskem-brkm5-29062021\/\",\"name\":\"Ibovespa n\u00e3o acompanha bolsas mundiais e opera nos 126 mil pontos\",\"isPartOf\":{\"@id\":\"https:\/\/www.suno.com.br\/noticias\/#website\"},\"primaryImageOfPage\":{\"@id\":\"https:\/\/www.suno.com.br\/noticias\/ibovespa-queda-reforma-tributaria-braskem-brkm5-29062021\/#primaryimage\"},\"image\":{\"@id\":\"https:\/\/www.suno.com.br\/noticias\/ibovespa-queda-reforma-tributaria-braskem-brkm5-29062021\/#primaryimage\"},\"thumbnailUrl\":\"https:\/\/files.sunoresearch.com.br\/n\/uploads\/2021\/04\/ba30ad4c-stock-5010639_1280-jpg.webp\",\"datePublished\":\"2021-06-29T16:59:43+00:00\",\"dateModified\":\"2021-07-01T17:06:10+00:00\",\"description\":\"Ainda refletindo os bastidores de Bras\u00edlia, o Ibovespa ampliou o campo negativo nesta ter\u00e7a-feira (29) ap\u00f3s abrir em estabilidade. Confira.\",\"breadcrumb\":{\"@id\":\"https:\/\/www.suno.com.br\/noticias\/ibovespa-queda-reforma-tributaria-braskem-brkm5-29062021\/#breadcrumb\"},\"inLanguage\":\"pt-BR\",\"potentialAction\":[{\"@type\":\"ReadAction\",\"target\":[\"https:\/\/www.suno.com.br\/noticias\/ibovespa-queda-reforma-tributaria-braskem-brkm5-29062021\/\"]}]},{\"@type\":\"ImageObject\",\"inLanguage\":\"pt-BR\",\"@id\":\"https:\/\/www.suno.com.br\/noticias\/ibovespa-queda-reforma-tributaria-braskem-brkm5-29062021\/#primaryimage\",\"url\":\"https:\/\/files.sunoresearch.com.br\/n\/uploads\/2021\/04\/ba30ad4c-stock-5010639_1280-jpg.webp\",\"contentUrl\":\"https:\/\/files.sunoresearch.com.br\/n\/uploads\/2021\/04\/ba30ad4c-stock-5010639_1280-jpg.webp\",\"width\":1280,\"height\":736,\"caption\":\"Ibovespa. Foto: Pixabay\"},{\"@type\":\"BreadcrumbList\",\"@id\":\"https:\/\/www.suno.com.br\/noticias\/ibovespa-queda-reforma-tributaria-braskem-brkm5-29062021\/#breadcrumb\",\"itemListElement\":[{\"@type\":\"ListItem\",\"position\":1,\"name\":\"Not\u00edcias\",\"item\":\"https:\/\/www.suno.com.br\/noticias\/\"},{\"@type\":\"ListItem\",\"position\":2,\"name\":\"Mercado\",\"item\":\"https:\/\/www.suno.com.br\/noticias\/mercado\/\"},{\"@type\":\"ListItem\",\"position\":3,\"name\":\"Ibovespa n\u00e3o acompanha bolsas mundiais e opera nos 126 mil pontos; Braskem (BRKM5) sobe 4%\"}]},{\"@type\":\"WebSite\",\"@id\":\"https:\/\/www.suno.com.br\/noticias\/#website\",\"url\":\"https:\/\/www.suno.com.br\/noticias\/\",\"name\":\"Suno Not\u00edcias\",\"description\":\"Seu portal de informa\u00e7\u00e3o sobre o mundo dos investimentos\",\"publisher\":{\"@id\":\"https:\/\/www.suno.com.br\/noticias\/#organization\"},\"potentialAction\":[{\"@type\":\"SearchAction\",\"target\":{\"@type\":\"EntryPoint\",\"urlTemplate\":\"https:\/\/www.suno.com.br\/noticias\/?s={search_term_string}\"},\"query-input\":{\"@type\":\"PropertyValueSpecification\",\"valueRequired\":true,\"valueName\":\"search_term_string\"}}],\"inLanguage\":\"pt-BR\"},{\"@type\":\"Organization\",\"@id\":\"https:\/\/www.suno.com.br\/noticias\/#organization\",\"name\":\"Suno Not\u00edcias\",\"url\":\"https:\/\/www.suno.com.br\/noticias\/\",\"logo\":{\"@type\":\"ImageObject\",\"inLanguage\":\"pt-BR\",\"@id\":\"https:\/\/www.suno.com.br\/noticias\/#\/schema\/logo\/image\/\",\"url\":\"https:\/\/files.sunoresearch.com.br\/n\/uploads\/2021\/09\/suno-logo.png\",\"contentUrl\":\"https:\/\/files.sunoresearch.com.br\/n\/uploads\/2021\/09\/suno-logo.png\",\"width\":180,\"height\":180,\"caption\":\"Suno Not\u00edcias\"},\"image\":{\"@id\":\"https:\/\/www.suno.com.br\/noticias\/#\/schema\/logo\/image\/\"},\"sameAs\":[\"https:\/\/facebook.com\/sunoresearch\",\"https:\/\/x.com\/sunoresearch\",\"https:\/\/www.instagram.com\/suno\",\"https:\/\/www.linkedin.com\/company\/suno-research\/\",\"https:\/\/www.youtube.com\/c\/sunoresearch\"]},{\"@type\":\"Person\",\"@id\":\"https:\/\/www.suno.com.br\/noticias\/#\/schema\/person\/918d79de1f0281f01599b93f9ea6e23f\",\"name\":\"Jader Lazarini\",\"image\":{\"@type\":\"ImageObject\",\"inLanguage\":\"pt-BR\",\"@id\":\"https:\/\/www.suno.com.br\/noticias\/#\/schema\/person\/image\/\",\"url\":\"https:\/\/secure.gravatar.com\/avatar\/3c1ad8caa51589841baeb923fcddea97?s=96&r=g\",\"contentUrl\":\"https:\/\/secure.gravatar.com\/avatar\/3c1ad8caa51589841baeb923fcddea97?s=96&r=g\",\"caption\":\"Jader Lazarini\"},\"description\":\"Jader Lazarini escreve sobre investimentos, finan\u00e7as, economia e neg\u00f3cios. \u00c9 bacharel em Rela\u00e7\u00f5es Internacionais e analista CNPI (2619).\",\"url\":\"https:\/\/www.suno.com.br\/noticias\/author\/jader-lazarini\/\"}]}<\/script>\n<!-- \/ Yoast SEO plugin. -->","yoast_head_json":{"title":"Ibovespa n\u00e3o acompanha bolsas mundiais e opera nos 126 mil pontos","description":"Ainda refletindo os bastidores de Bras\u00edlia, o Ibovespa ampliou o campo negativo nesta ter\u00e7a-feira (29) ap\u00f3s abrir em estabilidade. Confira.","robots":{"index":"index","follow":"follow","max-snippet":"max-snippet:-1","max-image-preview":"max-image-preview:large","max-video-preview":"max-video-preview:-1"},"canonical":"https:\/\/www.suno.com.br\/noticias\/ibovespa-queda-reforma-tributaria-braskem-brkm5-29062021\/","og_locale":"pt_BR","og_type":"article","og_title":"Ibovespa n\u00e3o acompanha bolsas mundiais e opera nos 126 mil pontos","og_description":"Ainda refletindo os bastidores de Bras\u00edlia, o Ibovespa ampliou o campo negativo nesta ter\u00e7a-feira (29) ap\u00f3s abrir em estabilidade. Confira.","og_url":"https:\/\/www.suno.com.br\/noticias\/ibovespa-queda-reforma-tributaria-braskem-brkm5-29062021\/","og_site_name":"Suno Not\u00edcias","article_publisher":"https:\/\/facebook.com\/sunoresearch","og_image":[{"width":1280,"height":736,"url":"https:\/\/files.sunoresearch.com.br\/n\/uploads\/2021\/04\/ba30ad4c-stock-5010639_1280.jpg","type":"image\/jpeg"}],"author":"Jader Lazarini","twitter_card":"summary_large_image","twitter_creator":"@sunoresearch","twitter_site":"@sunoresearch","twitter_misc":{"Escrito por":"Jader Lazarini","Est. tempo de leitura":"4 minutos"},"schema":{"@context":"https:\/\/schema.org","@graph":[{"@type":"NewsArticle","@id":"https:\/\/www.suno.com.br\/noticias\/ibovespa-queda-reforma-tributaria-braskem-brkm5-29062021\/#article","isPartOf":{"@id":"https:\/\/www.suno.com.br\/noticias\/ibovespa-queda-reforma-tributaria-braskem-brkm5-29062021\/"},"author":{"name":"Jader Lazarini","@id":"https:\/\/www.suno.com.br\/noticias\/#\/schema\/person\/918d79de1f0281f01599b93f9ea6e23f"},"headline":"Ibovespa n\u00e3o acompanha bolsas mundiais e opera nos 126 mil pontos; Braskem (BRKM5) sobe 4%","datePublished":"2021-06-29T16:59:43+00:00","dateModified":"2021-07-01T17:06:10+00:00","mainEntityOfPage":{"@id":"https:\/\/www.suno.com.br\/noticias\/ibovespa-queda-reforma-tributaria-braskem-brkm5-29062021\/"},"wordCount":755,"publisher":{"@id":"https:\/\/www.suno.com.br\/noticias\/#organization"},"image":{"@id":"https:\/\/www.suno.com.br\/noticias\/ibovespa-queda-reforma-tributaria-braskem-brkm5-29062021\/#primaryimage"},"thumbnailUrl":"https:\/\/files.sunoresearch.com.br\/n\/uploads\/2021\/04\/ba30ad4c-stock-5010639_1280-jpg.webp","keywords":["Bolsa de Valores de S\u00e3o Paulo (B3)","Braskem (BRKM3\/BRKM5\/BRKM6)","energia el\u00e9trica","Especialistas","Fundos Imobili\u00e1rios (FIIs)","Ibovespa"],"articleSection":["Mercado"],"inLanguage":"pt-BR"},{"@type":"WebPage","@id":"https:\/\/www.suno.com.br\/noticias\/ibovespa-queda-reforma-tributaria-braskem-brkm5-29062021\/","url":"https:\/\/www.suno.com.br\/noticias\/ibovespa-queda-reforma-tributaria-braskem-brkm5-29062021\/","name":"Ibovespa n\u00e3o acompanha bolsas mundiais e opera nos 126 mil pontos","isPartOf":{"@id":"https:\/\/www.suno.com.br\/noticias\/#website"},"primaryImageOfPage":{"@id":"https:\/\/www.suno.com.br\/noticias\/ibovespa-queda-reforma-tributaria-braskem-brkm5-29062021\/#primaryimage"},"image":{"@id":"https:\/\/www.suno.com.br\/noticias\/ibovespa-queda-reforma-tributaria-braskem-brkm5-29062021\/#primaryimage"},"thumbnailUrl":"https:\/\/files.sunoresearch.com.br\/n\/uploads\/2021\/04\/ba30ad4c-stock-5010639_1280-jpg.webp","datePublished":"2021-06-29T16:59:43+00:00","dateModified":"2021-07-01T17:06:10+00:00","description":"Ainda refletindo os bastidores de Bras\u00edlia, o Ibovespa ampliou o campo negativo nesta ter\u00e7a-feira (29) ap\u00f3s abrir em estabilidade. Confira.","breadcrumb":{"@id":"https:\/\/www.suno.com.br\/noticias\/ibovespa-queda-reforma-tributaria-braskem-brkm5-29062021\/#breadcrumb"},"inLanguage":"pt-BR","potentialAction":[{"@type":"ReadAction","target":["https:\/\/www.suno.com.br\/noticias\/ibovespa-queda-reforma-tributaria-braskem-brkm5-29062021\/"]}]},{"@type":"ImageObject","inLanguage":"pt-BR","@id":"https:\/\/www.suno.com.br\/noticias\/ibovespa-queda-reforma-tributaria-braskem-brkm5-29062021\/#primaryimage","url":"https:\/\/files.sunoresearch.com.br\/n\/uploads\/2021\/04\/ba30ad4c-stock-5010639_1280-jpg.webp","contentUrl":"https:\/\/files.sunoresearch.com.br\/n\/uploads\/2021\/04\/ba30ad4c-stock-5010639_1280-jpg.webp","width":1280,"height":736,"caption":"Ibovespa. Foto: Pixabay"},{"@type":"BreadcrumbList","@id":"https:\/\/www.suno.com.br\/noticias\/ibovespa-queda-reforma-tributaria-braskem-brkm5-29062021\/#breadcrumb","itemListElement":[{"@type":"ListItem","position":1,"name":"Not\u00edcias","item":"https:\/\/www.suno.com.br\/noticias\/"},{"@type":"ListItem","position":2,"name":"Mercado","item":"https:\/\/www.suno.com.br\/noticias\/mercado\/"},{"@type":"ListItem","position":3,"name":"Ibovespa n\u00e3o acompanha bolsas mundiais e opera nos 126 mil pontos; Braskem (BRKM5) sobe 4%"}]},{"@type":"WebSite","@id":"https:\/\/www.suno.com.br\/noticias\/#website","url":"https:\/\/www.suno.com.br\/noticias\/","name":"Suno Not\u00edcias","description":"Seu portal de informa\u00e7\u00e3o sobre o mundo dos investimentos","publisher":{"@id":"https:\/\/www.suno.com.br\/noticias\/#organization"},"potentialAction":[{"@type":"SearchAction","target":{"@type":"EntryPoint","urlTemplate":"https:\/\/www.suno.com.br\/noticias\/?s={search_term_string}"},"query-input":{"@type":"PropertyValueSpecification","valueRequired":true,"valueName":"search_term_string"}}],"inLanguage":"pt-BR"},{"@type":"Organization","@id":"https:\/\/www.suno.com.br\/noticias\/#organization","name":"Suno Not\u00edcias","url":"https:\/\/www.suno.com.br\/noticias\/","logo":{"@type":"ImageObject","inLanguage":"pt-BR","@id":"https:\/\/www.suno.com.br\/noticias\/#\/schema\/logo\/image\/","url":"https:\/\/files.sunoresearch.com.br\/n\/uploads\/2021\/09\/suno-logo.png","contentUrl":"https:\/\/files.sunoresearch.com.br\/n\/uploads\/2021\/09\/suno-logo.png","width":180,"height":180,"caption":"Suno Not\u00edcias"},"image":{"@id":"https:\/\/www.suno.com.br\/noticias\/#\/schema\/logo\/image\/"},"sameAs":["https:\/\/facebook.com\/sunoresearch","https:\/\/x.com\/sunoresearch","https:\/\/www.instagram.com\/suno","https:\/\/www.linkedin.com\/company\/suno-research\/","https:\/\/www.youtube.com\/c\/sunoresearch"]},{"@type":"Person","@id":"https:\/\/www.suno.com.br\/noticias\/#\/schema\/person\/918d79de1f0281f01599b93f9ea6e23f","name":"Jader Lazarini","image":{"@type":"ImageObject","inLanguage":"pt-BR","@id":"https:\/\/www.suno.com.br\/noticias\/#\/schema\/person\/image\/","url":"https:\/\/secure.gravatar.com\/avatar\/3c1ad8caa51589841baeb923fcddea97?s=96&r=g","contentUrl":"https:\/\/secure.gravatar.com\/avatar\/3c1ad8caa51589841baeb923fcddea97?s=96&r=g","caption":"Jader Lazarini"},"description":"Jader Lazarini escreve sobre investimentos, finan\u00e7as, economia e neg\u00f3cios. \u00c9 bacharel em Rela\u00e7\u00f5es Internacionais e analista CNPI (2619).","url":"https:\/\/www.suno.com.br\/noticias\/author\/jader-lazarini\/"}]}},"default_loop_html":"<div class=\"cardsPage__listCard__boxs\"><div class=\"cardsPage__listCard__boxs__img\"><a href=\"https:\/\/www.suno.com.br\/noticias\/via-vvar3-logistica-concorrente-4t21\/\"><img class=\"mask\" src=\"https:\/\/www.suno.com.br\/noticias\/wp-content\/themes\/suno\/resources\/images\/spotlight\/spotlight1img\/bg-mask.png\" alt=\"Image Mask\"\/><img src=\"https:\/\/files.sunoresearch.com.br\/n\/uploads\/2021\/06\/6517a3f5-shopping-2613984_1920-400x200.webp\" alt=\"Via (VVAR3) planeja ser &#8216;hub&#8217; de log\u00edstica para empresas\"\/><\/a><span class=\"spotlightCategory\"><a href=\"https:\/\/www.suno.com.br\/noticias\/negocios\/\">Neg\u00f3cios<\/a><\/span><\/div><div class=\"cardsPage__listCard__boxs__content\"><a href=\"https:\/\/www.suno.com.br\/noticias\/via-vvar3-logistica-concorrente-4t21\/\"><h2 class=\"content__title\">Via (VVAR3) planeja ser &#8216;hub&#8217; de log\u00edstica para empresas<\/h2><\/a><div class=\"newsContent__article__meta\"><div class=\"newsContent__article__meta__authorBox\"><a href=\"https:\/\/www.suno.com.br\/noticias\/author\/poliana-santos\/\" class=\"authorBox__avatar noMobi\"><img src=\"https:\/\/files.sunoresearch.com.br\/n\/uploads\/2020\/08\/7ef34026-whatsapp-image-2020-08-03-at-12.37.57-150x150.webp\" alt=\"Poliana Santos\"><\/a><div class=\"authorBox__name\"><span>por\n\t\t\t<a href=\"https:\/\/www.suno.com.br\/noticias\/author\/poliana-santos\/\"><span itemprop=\"author\">Poliana Santos<\/span><\/a><\/span><time datetime=\"2021-06-29T09:20:26-03:00\" itemprop=\"datePublished\">29\/06\/2021 09:20<\/time><\/div><\/div><\/div><\/div><\/div>","single_layout":"posts","amp_enabled":true,"_links":{"self":[{"href":"https:\/\/www.suno.com.br\/noticias\/wp-json\/wp\/v2\/posts\/162120"}],"collection":[{"href":"https:\/\/www.suno.com.br\/noticias\/wp-json\/wp\/v2\/posts"}],"about":[{"href":"https:\/\/www.suno.com.br\/noticias\/wp-json\/wp\/v2\/types\/post"}],"author":[{"embeddable":true,"href":"https:\/\/www.suno.com.br\/noticias\/wp-json\/wp\/v2\/users\/24"}],"replies":[{"embeddable":true,"href":"https:\/\/www.suno.com.br\/noticias\/wp-json\/wp\/v2\/comments?post=162120"}],"version-history":[{"count":3,"href":"https:\/\/www.suno.com.br\/noticias\/wp-json\/wp\/v2\/posts\/162120\/revisions"}],"predecessor-version":[{"id":162907,"href":"https:\/\/www.suno.com.br\/noticias\/wp-json\/wp\/v2\/posts\/162120\/revisions\/162907"}],"wp:featuredmedia":[{"embeddable":true,"href":"https:\/\/www.suno.com.br\/noticias\/wp-json\/wp\/v2\/media\/137017"}],"wp:attachment":[{"href":"https:\/\/www.suno.com.br\/noticias\/wp-json\/wp\/v2\/media?parent=162120"}],"wp:term":[{"taxonomy":"category","embeddable":true,"href":"https:\/\/www.suno.com.br\/noticias\/wp-json\/wp\/v2\/categories?post=162120"},{"taxonomy":"post_tag","embeddable":true,"href":"https:\/\/www.suno.com.br\/noticias\/wp-json\/wp\/v2\/tags?post=162120"},{"taxonomy":"suno_strategy","embeddable":true,"href":"https:\/\/www.suno.com.br\/noticias\/wp-json\/wp\/v2\/suno_strategy?post=162120"}],"curies":[{"name":"wp","href":"https:\/\/api.w.org\/{rel}","templated":true}]}}