{"id":162111,"date":"2021-06-29T13:43:19","date_gmt":"2021-06-29T16:43:19","guid":{"rendered":"https:\/\/www.suno.com.br\/noticias\/?p=162111"},"modified":"2021-06-29T13:43:19","modified_gmt":"2021-06-29T16:43:19","slug":"aneel-contraria-area-tecnica-reajuste-conta-de-luz","status":"publish","type":"post","link":"https:\/\/www.suno.com.br\/noticias\/aneel-contraria-area-tecnica-reajuste-conta-de-luz\/","title":{"rendered":"Aneel contraria \u00e1rea t\u00e9cnica faz reajuste de 52% na conta de luz para julho"},"content":{"rendered":"<p>A Ag\u00eancia Nacional de Energia El\u00e9trica (Aneel) acabou de aprovar um reajuste de 52% na bandeira vermelha patamar dois, <a href=\"https:\/\/www.suno.com.br\/noticias\/conta-de-luz-aumento-taxa-extra-aneel\/\">contrariando a \u00e1rea t\u00e9cnica da ag\u00eancia<\/a>, que previa um aumento entre 84,3% at\u00e9 92,3% na taxa embutida na <strong>conta de luz<\/strong>.<\/p>\t<div class=\"wrapper-featured-image\">\n\t\t<figure class=\"spotlightImg\">\n\n\t\t\t<picture>\n\t\t\t\t<source media=\"(max-width: 768px)\" srcset=\"https:\/\/files.sunoresearch.com.br\/n\/uploads\/2021\/03\/8e9fd97d-setor-distribuicao-energia-400x200.webp\">\n\t\t\t\t<img loading=\"lazy\" decoding=\"async\" class=\"newsContent__article__imgCapa lazyloadDisabled \" src=\"https:\/\/files.sunoresearch.com.br\/n\/uploads\/2021\/03\/8e9fd97d-setor-distribuicao-energia-800x450.webp\" width=\"800\" height=\"450\" alt=\"Aneel contraria \u00e1rea t\u00e9cnica faz reajuste de 52% na conta de luz para julho\" fetchpriority=high \/>\n\t\t\t<\/picture>\n\n\t\t\t<figcaption class=\"wp-caption-text wp-caption-text--show\">Energia el\u00e9trica - Foto: Pixabay<\/figcaption>\n\t\t<\/figure>\n\t<\/div>\n\n\n\t<p>\n\t\t<a href=\"https:\/\/lp.suno.com.br\/planilha-controle-gastos\/\" target=\"_blank\" data-element=\"shortcode-suno-banner\" title=\"Banner SUNO, clique e saiba mais\">\n\t\t\t<picture>\n\t\t\t\t<source media=\"(max-width: 500px)\" srcset=\"https:\/\/files.sunoresearch.com.br\/n\/uploads\/2023\/03\/400x300-Planilha-controle-de-gastos.png\">\n\t\t\t\t<img class=\"newsContent__article__imgCapa newsContent__article__imgCapa--banner\"\n\t\t\t\t\tsrc=\"https:\/\/files.sunoresearch.com.br\/n\/uploads\/2023\/03\/1420x240-Planilha-controle-de-gastos.png\"\n\t\t\t\t\tdata-promo-id=\"101751\"\t\t\t\t\t\t\t\t\t\twidth='1420' height='240'\t\t\t\t\talt=\"https:\/\/files.sunoresearch.com.br\/n\/uploads\/2023\/03\/1420x240-Planilha-controle-de-gastos.png\"\n\t\t\t\t>\n\t\t\t<\/picture>\n\t\t<\/a>\n\t<\/p>\n\n\n<p>A decis\u00e3o, tomada ap\u00f3s vota\u00e7\u00e3o com placar de quatro a um, impactar\u00e1 a conta de luz do m\u00eas de julho, que ter\u00e1 <a href=\"https:\/\/www.suno.com.br\/artigos\/taxa-referencial\/\">cobran\u00e7a de R$ 9,49 a cada 100 quilowatts-hora (kWh), ante R$ 6,24 atuais<\/a>.<\/p>\n<p>Esse valor, no entanto, poder\u00e1 ser ainda maior j\u00e1 em agosto e nos pr\u00f3ximos meses, j\u00e1 que a ag\u00eancia ir\u00e1 rever os par\u00e2metros para c\u00e1lculo da bandeira.<\/p>\n<p>A consulta p\u00fablica para a revis\u00e3o pode ser aberta ainda nesta ter\u00e7a (29), em reuni\u00e3o extraordin\u00e1ria. Isso porque, mesmo com o reajuste aprovado nesta data, <a href=\"https:\/\/www.suno.com.br\/artigos\/contabilidade-e-investimentos-parte-i\/\">h\u00e1 46% de chances de faltar recursos para cobrir os custos da contrata\u00e7\u00e3o de t\u00e9rmicas para manter o abastecimento no Pa\u00eds<\/a>.<\/p>\n<p>Os t\u00e9cnicos calcularam que o novo patamar da bandeira vermelha n\u00edvel dois deveria subir algo entre R$ 11,50 e R$ 12,00 a cada 100 kWh. Esse seria o valor necess\u00e1rio para cobrir todo o custo adicional com o acionamento de termel\u00e9tricas ao longo do segundo semestre deste ano, diante da situa\u00e7\u00e3o cr\u00edtica dos reservat\u00f3rios.<\/p>\n<h2>Reajuste alto poderia exigir mudan\u00e7a de regras da ag\u00eancia<\/h2>\n<p>Mas o relator do processo, diretor Sandoval Feitosa, afirmou que seria necess\u00e1rio alterar as regras da ag\u00eancia para aprovar um reajuste nesse patamar. Nesse sentido, <a href=\"https:\/\/www.suno.com.br\/artigos\/mercado-livre-de-energia\/\">o diretor apresentou um reajuste de 1,67%<\/a>, que representaria uma cobran\u00e7a adicional de R$ 6,49 a cada 100 kWh.<\/p>\n<p>Apesar de reconhecer o cen\u00e1rio excepcional, <a href=\"https:\/\/www.suno.com.br\/artigos\/crise-economica-oportunidade-ou-ameaca\/\">devido \u00e0 pior crise h\u00eddrica dos \u00faltimos 91 anos<\/a>, o diretor afirmou que \u00e9 justo que uma mudan\u00e7a nas regras seja submetida a uma nova consulta p\u00fablica, para que o processo tenha transpar\u00eancia e previsibilidade.<\/p>\n<p>O entendimento que prevaleceu na diretoria, no entanto, \u00e9 que o cen\u00e1rio cr\u00edtico exige um reajuste que comporte os custos e d\u00ea um sinal mais claro aos consumidores da situa\u00e7\u00e3o j\u00e1 a partir do m\u00eas de julho, sob risco de um reajuste ainda maior no m\u00eas de agosto ou at\u00e9 mesmo no ano que vem, quando um poss\u00edvel d\u00e9ficit na conta bandeiras seria repassado aos consumidores por meio dos reajustes anuais de cada distribuidora.<\/p>\n\t<div data-element=\"shortcode-read-more\" class=\"knowMore\">\n\t\t\t\t<span class=\"knowMore__title\">Saiba mais<\/span>\n\t\t\t\t<a class=\"knowMore__link\" href=\"https:\/\/www.suno.com.br\/noticias\/conta-de-luz-aumento-taxa-extra-aneel\/\">\n\t\t\tConta de luz pode ter aumento de 92% em taxa extra, prev\u00ea \u00e1rea t\u00e9cnica Aneel\t\t<\/a>\n\t<\/div>\n\n\n<p>A proposta aprovada foi apresentada pelo diretor-geral da ag\u00eancia, Andr\u00e9 Pepitone, que sugeriu uma altera\u00e7\u00e3o no par\u00e2metro dos c\u00e1lculos, que passa a incorporar todos os cen\u00e1rios previstos para os pr\u00f3ximos meses. Por conta da crise h\u00eddrica, as estimativas apontam para os piores cen\u00e1rios, o que resulta no aumento.<\/p>\n<p>&#8220;A gente n\u00e3o est\u00e1 promovendo aumento porque gosta ou porque quer, \u00e9 uma realidade. O custo est\u00e1 aqui, est\u00e1 presente, o que estamos decidindo \u00e9 o que fazer com esse custo. Se apresento agora, se apresento depois. Se apresentar depois vou ter esse custo corrigido pela Selic&#8221;, afirmou o diretor.<\/p>\n<h2>Outros reajustes de bandeiras<\/h2>\n<p>A ag\u00eancia tamb\u00e9m aprovou reajuste nas bandeiras amarela e vermelha patamar 1. Pela proposta, a taxa cobrada quando a ag\u00eancia acionar a bandeira amarela ir\u00e1 aumentar 39,5%, de R$ 1,343 a cada 100 kWh para R$ 1,874.<\/p>\n<p>J\u00e1 a bandeira vermelha 1 passar\u00e1 de R$ 4,169 a cada 100 quilowatts-hora (kWh) consumidos para R$ 3,971 &#8211; redu\u00e7\u00e3o de 4,75%.<\/p>\n<h2>Racionamento no radar<\/h2>\n<p>O presidente da C\u00e2mara dos Deputados, Arthur Lira (PP-AL) citou uma possibilidade de racionamento de energia ainda no m\u00eas de junho. Contudo, posteriormente, negou a possibilidade, entoando a fala do ministro de Minas e Energia, Bento Albuquerque, que nega a hip\u00f3tese h\u00e1 tempos.\u00a0No mesmo sentido, o ministro <a class=\"suno-keyword\" href=\"https:\/\/www.suno.com.br\/tudo-sobre\/paulo-guedes\/\" target=\"_blank\" rel=\"noopener noreferrer\" data-force=\"no\" data-priority=\"2\">Paulo Guedes<\/a> negou a possibilidade, citando as medidas atuais como um ant\u00eddoto ao racionamento.<\/p>\n\t<p>\n\t\t<a href=\"https:\/\/lp.suno.com.br\/planilha-da-vida-financeira\/\" target=\"_blank\" data-element=\"shortcode-suno-banner\" title=\"Banner SUNO, clique e saiba mais\">\n\t\t\t<picture>\n\t\t\t\t<source media=\"(max-width: 500px)\" srcset=\"https:\/\/files.sunoresearch.com.br\/n\/uploads\/2023\/04\/400x300-Planilha-vida-financeira-true.png\">\n\t\t\t\t<img class=\"newsContent__article__imgCapa newsContent__article__imgCapa--banner\"\n\t\t\t\t\tsrc=\"https:\/\/files.sunoresearch.com.br\/n\/uploads\/2023\/04\/1420x240-Planilha-vida-financeira-true.png\"\n\t\t\t\t\tdata-promo-id=\"106682\"\t\t\t\t\t\t\t\t\t\twidth='1420' height='240'\t\t\t\t\talt=\"https:\/\/files.sunoresearch.com.br\/n\/uploads\/2023\/04\/1420x240-Planilha-vida-financeira-true.png\"\n\t\t\t\t>\n\t\t\t<\/picture>\n\t\t<\/a>\n\t<\/p>\n\n\n<p>\u201c<a href=\"https:\/\/www.suno.com.br\/artigos\/inflacao\/\">Nossa <strong>infla\u00e7\u00e3o<\/strong> deu um salto, indo a 8% em 12 meses<\/a>, exatamente por causa de comida e energia. Energia, porque agora estamos vindo com bandeiras novas para evitar o racionamento l\u00e1 na frente, est\u00e1 havendo uma racionaliza\u00e7\u00e3o no uso agora, e isso \u00e9 um choque. Vai haver um choque na energia e um choque de alimentos\u201d, disse Guedes, na semana passada.<\/p>\n<h2>Mudan\u00e7a deve impactar companhias el\u00e9tricas<\/h2>\n<p>Com todo o panorama de crise h\u00eddrica e possibilidade de racionamento, as companhias el\u00e9tricas devem sofrer um impacto nos pr\u00f3ximos meses, sendo que as mesmas representam cerca de 6% do <strong>Ibovespa<\/strong>.<\/p>\n<p>Nesta ter\u00e7a (29), \u00e0s 13h, o <a href=\"https:\/\/www.suno.com.br\/artigos\/iee\/\">\u00cdndice de companhias el\u00e9tricas, o IEE<\/a>, cai 1,04% no intradia, a 80,794,44 pontos.<\/p>\n<p>As mais impactadas s\u00e3o as geradoras <strong>hidrel\u00e9tricas<\/strong>, sendo a <a href=\"https:\/\/www.suno.com.br\/acoes\/aesb3\/\">AES Brasil (AESB3)<\/a> e <a href=\"https:\/\/www.suno.com.br\/acoes\/cesp6\/\">Cesp (CESP6)<\/a> as mais influenciadas, segundo relat\u00f3rio recente da XP sobre o tema.<\/p>\n<p>Na outra ponta, companhias como a <a href=\"https:\/\/www.suno.com.br\/acoes\/omge3\/\">\u00d4mega (OMGE3)<\/a>, que s\u00e3o renov\u00e1veis e possuem gera\u00e7\u00e3o e\u00f3lica, devem passar pela crise com tranquilidade.\u00a0Al\u00e9m disso, gigantes como a <a href=\"https:\/\/www.suno.com.br\/acoes\/ELET3\/\">Eletrobras (ELET3)<\/a> devem sofrer influ\u00eancia mais intensa do aumento da conta de luz. <a href=\"https:\/\/www.suno.com.br\/artigos\/incentivos-fiscais\/\">A estatal<\/a>, simultaneamente, tamb\u00e9m passa por um processo de privatiza\u00e7\u00e3o rec\u00e9m aprovado pelo legislativo nacional.<\/p>\n<h2>Sistema de bandeiras da conta de luz<\/h2>\n<p>O sistema de <a class=\"suno-keyword\" href=\"https:\/\/www.suno.com.br\/artigos\/bandeiras-tarifarias\/\" target=\"_blank\" rel=\"noopener noreferrer\" data-force=\"no\" data-priority=\"1\">bandeiras tarif\u00e1rias<\/a> foi criado em 2015. Na pr\u00e1tica, as cores e modalidades &#8211; verde, amarela ou vermelha &#8211; indicam se haver\u00e1 ou n\u00e3o cobran\u00e7a extra nas contas de luz.<\/p>\n<p>A bandeira verde, quando n\u00e3o h\u00e1 cobran\u00e7a adicional, <a href=\"https:\/\/www.suno.com.br\/artigos\/custo-producao\/\">representa que o custo para produzir energia no Pa\u00eds est\u00e1 baixo<\/a>.<\/p>\n<p>J\u00e1 o acionamento das bandeiras amarela e vermelha representa um aumento no custo da gera\u00e7\u00e3o e a necessidade de acionamento de t\u00e9rmicas, o que est\u00e1 ligado principalmente ao volume dos reservat\u00f3rios das usinas hidrel\u00e9tricas e a previs\u00e3o de chuvas.<\/p>\n<p>Considerando que o Pa\u00eds entrou no per\u00edodo seco com n\u00edvel cr\u00edtico nos reservat\u00f3rios, a proje\u00e7\u00e3o da \u00e1rea t\u00e9cnica da Aneel \u00e9 que a bandeira vermelha em seu segundo patamar seja mantida, pelo menos, at\u00e9 novembro.<\/p>\n<p><a href=\"https:\/\/www.suno.com.br\/artigos\/bens-de-consumo\/\">Al\u00e9m de possibilitar aos consumidores adaptar seu consumo<\/a>, o sistema de bandeiras tamb\u00e9m atenua os efeitos no or\u00e7amento das distribuidoras.<\/p>\n<p>Anteriormente, o custo da energia era repassado \u00e0s tarifas da\u00a0<strong>conta de luz<\/strong> uma vez por ano, no reajuste anual de cada empresa, com incid\u00eancia de juros. Agora, esse custo \u00e9 cobrado e repassado \u00e0s empresas mensalmente.<\/p>\n<p><em><strong>Com informa\u00e7\u00f5es do Estad\u00e3o Conte\u00fado<\/strong><\/em><\/p>\n\t<p>\n\t\t<a href=\"https:\/\/lp.suno.com.br\/planilha-de-controle-de-investimentos\/\" target=\"_blank\" data-element=\"shortcode-suno-banner\" title=\"Banner SUNO, clique e saiba mais\">\n\t\t\t<picture>\n\t\t\t\t<source media=\"(max-width: 500px)\" srcset=\"https:\/\/files.sunoresearch.com.br\/n\/uploads\/2023\/03\/400x300-Controle-de-Investimentos.png\">\n\t\t\t\t<img class=\"newsContent__article__imgCapa newsContent__article__imgCapa--banner\"\n\t\t\t\t\tsrc=\"https:\/\/files.sunoresearch.com.br\/n\/uploads\/2023\/03\/1420x240-Controle-de-Investimentos.png\"\n\t\t\t\t\tdata-promo-id=\"75934\"\t\t\t\t\t\t\t\t\t\twidth='1420' height='240'\t\t\t\t\talt=\"https:\/\/files.sunoresearch.com.br\/n\/uploads\/2023\/03\/1420x240-Controle-de-Investimentos.png\"\n\t\t\t\t>\n\t\t\t<\/picture>\n\t\t<\/a>\n\t<\/p>\n\n\n","protected":false},"excerpt":{"rendered":"<p>A Ag\u00eancia Nacional de Energia El\u00e9trica (Aneel) acabou de aprovar um reajuste de 52% na bandeira vermelha patamar dois, contrariando a \u00e1rea t\u00e9cnica da ag\u00eancia, que previa um aumento entre 84,3% at\u00e9 92,3% na taxa embutida na conta de luz. Energia el\u00e9trica &#8211; Foto: Pixabay A decis\u00e3o, tomada ap\u00f3s vota\u00e7\u00e3o com placar de quatro a [&hellip;]<\/p>\n","protected":false},"author":73,"featured_media":130466,"comment_status":"closed","ping_status":"closed","sticky":false,"template":"","format":"standard","meta":[],"categories":[62],"tags":[106075,106444,896,421,106454,106435,455,106081,2153,721,106360],"suno_strategy":[],"class_list":["post-162111","post","type-post","status-publish","format-standard","has-post-thumbnail","hentry","category-economia","tag-aes-brasil-aesb3","tag-agencias","tag-aneel","tag-cesp-cesp3-cesp5-cesp6","tag-crise-energetica","tag-crise-hidrica","tag-eletrobras-elet3-elet5-elet6","tag-energia","tag-energia-eletrica","tag-ibovespa","tag-setor-eletrico"],"yoast_head":"<!-- This site is optimized with the Yoast SEO plugin v24.4 - https:\/\/yoast.com\/wordpress\/plugins\/seo\/ -->\n<title>Aneel contraria \u00e1rea t\u00e9cnica faz reajuste de 52% na conta de luz para julho<\/title>\n<meta name=\"description\" content=\"A \u00e1rea t\u00e9cnica previa um aumento de at\u00e9 92% na taxa extra, da bandeira vemelha dois, embutida na conta de luz. Clique aqui e leia mais.\" \/>\n<meta name=\"robots\" content=\"index, follow, max-snippet:-1, max-image-preview:large, max-video-preview:-1\" \/>\n<link rel=\"canonical\" href=\"https:\/\/www.suno.com.br\/noticias\/aneel-contraria-area-tecnica-reajuste-conta-de-luz\/\" \/>\n<meta property=\"og:locale\" content=\"pt_BR\" \/>\n<meta property=\"og:type\" content=\"article\" \/>\n<meta property=\"og:title\" content=\"Aneel contraria \u00e1rea t\u00e9cnica faz reajuste de 52% na conta de luz para julho\" \/>\n<meta property=\"og:description\" content=\"A \u00e1rea t\u00e9cnica previa um aumento de at\u00e9 92% na taxa extra, da bandeira vemelha dois, embutida na conta de luz. Clique aqui e leia mais.\" \/>\n<meta property=\"og:url\" content=\"https:\/\/www.suno.com.br\/noticias\/aneel-contraria-area-tecnica-reajuste-conta-de-luz\/\" \/>\n<meta property=\"og:site_name\" content=\"Suno Not\u00edcias\" \/>\n<meta property=\"article:publisher\" content=\"https:\/\/facebook.com\/sunoresearch\" \/>\n<meta property=\"og:image\" content=\"https:\/\/files.sunoresearch.com.br\/n\/uploads\/2021\/03\/8e9fd97d-setor-distribuicao-energia.jpg\" \/>\n\t<meta property=\"og:image:width\" content=\"1200\" \/>\n\t<meta property=\"og:image:height\" content=\"799\" \/>\n\t<meta property=\"og:image:type\" content=\"image\/jpeg\" \/>\n<meta name=\"author\" content=\"Eduardo Vargas\" \/>\n<meta name=\"twitter:card\" content=\"summary_large_image\" \/>\n<meta name=\"twitter:creator\" content=\"@sunoresearch\" \/>\n<meta name=\"twitter:site\" content=\"@sunoresearch\" \/>\n<meta name=\"twitter:label1\" content=\"Escrito por\" \/>\n\t<meta name=\"twitter:data1\" content=\"Eduardo Vargas\" \/>\n\t<meta name=\"twitter:label2\" content=\"Est. tempo de leitura\" \/>\n\t<meta name=\"twitter:data2\" content=\"5 minutos\" \/>\n<script type=\"application\/ld+json\" class=\"yoast-schema-graph\">{\"@context\":\"https:\/\/schema.org\",\"@graph\":[{\"@type\":\"NewsArticle\",\"@id\":\"https:\/\/www.suno.com.br\/noticias\/aneel-contraria-area-tecnica-reajuste-conta-de-luz\/#article\",\"isPartOf\":{\"@id\":\"https:\/\/www.suno.com.br\/noticias\/aneel-contraria-area-tecnica-reajuste-conta-de-luz\/\"},\"author\":{\"name\":\"Eduardo Vargas\",\"@id\":\"https:\/\/www.suno.com.br\/noticias\/#\/schema\/person\/7f4d362bf3518e76090143ae77bb49a5\"},\"headline\":\"Aneel contraria \u00e1rea t\u00e9cnica faz reajuste de 52% na conta de luz para julho\",\"datePublished\":\"2021-06-29T16:43:19+00:00\",\"mainEntityOfPage\":{\"@id\":\"https:\/\/www.suno.com.br\/noticias\/aneel-contraria-area-tecnica-reajuste-conta-de-luz\/\"},\"wordCount\":1085,\"publisher\":{\"@id\":\"https:\/\/www.suno.com.br\/noticias\/#organization\"},\"image\":{\"@id\":\"https:\/\/www.suno.com.br\/noticias\/aneel-contraria-area-tecnica-reajuste-conta-de-luz\/#primaryimage\"},\"thumbnailUrl\":\"https:\/\/files.sunoresearch.com.br\/n\/uploads\/2021\/03\/8e9fd97d-setor-distribuicao-energia-jpg.webp\",\"keywords\":[\"AES Brasil (AESB3)\",\"Ag\u00eancias\",\"Aneel\",\"Cesp (CESP3\/CESP5\/CESP6)\",\"crise energ\u00e9tica\",\"crise h\u00eddrica\",\"Eletrobras (ELET3\/ELET5\/ELET6)\",\"energia\",\"energia el\u00e9trica\",\"Ibovespa\",\"Setor el\u00e9trico\"],\"articleSection\":[\"Economia\"],\"inLanguage\":\"pt-BR\"},{\"@type\":\"WebPage\",\"@id\":\"https:\/\/www.suno.com.br\/noticias\/aneel-contraria-area-tecnica-reajuste-conta-de-luz\/\",\"url\":\"https:\/\/www.suno.com.br\/noticias\/aneel-contraria-area-tecnica-reajuste-conta-de-luz\/\",\"name\":\"Aneel contraria \u00e1rea t\u00e9cnica faz reajuste de 52% na conta de luz para julho\",\"isPartOf\":{\"@id\":\"https:\/\/www.suno.com.br\/noticias\/#website\"},\"primaryImageOfPage\":{\"@id\":\"https:\/\/www.suno.com.br\/noticias\/aneel-contraria-area-tecnica-reajuste-conta-de-luz\/#primaryimage\"},\"image\":{\"@id\":\"https:\/\/www.suno.com.br\/noticias\/aneel-contraria-area-tecnica-reajuste-conta-de-luz\/#primaryimage\"},\"thumbnailUrl\":\"https:\/\/files.sunoresearch.com.br\/n\/uploads\/2021\/03\/8e9fd97d-setor-distribuicao-energia-jpg.webp\",\"datePublished\":\"2021-06-29T16:43:19+00:00\",\"description\":\"A \u00e1rea t\u00e9cnica previa um aumento de at\u00e9 92% na taxa extra, da bandeira vemelha dois, embutida na conta de luz. Clique aqui e leia mais.\",\"breadcrumb\":{\"@id\":\"https:\/\/www.suno.com.br\/noticias\/aneel-contraria-area-tecnica-reajuste-conta-de-luz\/#breadcrumb\"},\"inLanguage\":\"pt-BR\",\"potentialAction\":[{\"@type\":\"ReadAction\",\"target\":[\"https:\/\/www.suno.com.br\/noticias\/aneel-contraria-area-tecnica-reajuste-conta-de-luz\/\"]}]},{\"@type\":\"ImageObject\",\"inLanguage\":\"pt-BR\",\"@id\":\"https:\/\/www.suno.com.br\/noticias\/aneel-contraria-area-tecnica-reajuste-conta-de-luz\/#primaryimage\",\"url\":\"https:\/\/files.sunoresearch.com.br\/n\/uploads\/2021\/03\/8e9fd97d-setor-distribuicao-energia-jpg.webp\",\"contentUrl\":\"https:\/\/files.sunoresearch.com.br\/n\/uploads\/2021\/03\/8e9fd97d-setor-distribuicao-energia-jpg.webp\",\"width\":1200,\"height\":799,\"caption\":\"Energia el\u00e9trica - Foto: Pixabay\"},{\"@type\":\"BreadcrumbList\",\"@id\":\"https:\/\/www.suno.com.br\/noticias\/aneel-contraria-area-tecnica-reajuste-conta-de-luz\/#breadcrumb\",\"itemListElement\":[{\"@type\":\"ListItem\",\"position\":1,\"name\":\"Not\u00edcias\",\"item\":\"https:\/\/www.suno.com.br\/noticias\/\"},{\"@type\":\"ListItem\",\"position\":2,\"name\":\"Economia\",\"item\":\"https:\/\/www.suno.com.br\/noticias\/economia\/\"},{\"@type\":\"ListItem\",\"position\":3,\"name\":\"Aneel contraria \u00e1rea t\u00e9cnica faz reajuste de 52% na conta de luz para julho\"}]},{\"@type\":\"WebSite\",\"@id\":\"https:\/\/www.suno.com.br\/noticias\/#website\",\"url\":\"https:\/\/www.suno.com.br\/noticias\/\",\"name\":\"Suno Not\u00edcias\",\"description\":\"Seu portal de informa\u00e7\u00e3o sobre o mundo dos investimentos\",\"publisher\":{\"@id\":\"https:\/\/www.suno.com.br\/noticias\/#organization\"},\"potentialAction\":[{\"@type\":\"SearchAction\",\"target\":{\"@type\":\"EntryPoint\",\"urlTemplate\":\"https:\/\/www.suno.com.br\/noticias\/?s={search_term_string}\"},\"query-input\":{\"@type\":\"PropertyValueSpecification\",\"valueRequired\":true,\"valueName\":\"search_term_string\"}}],\"inLanguage\":\"pt-BR\"},{\"@type\":\"Organization\",\"@id\":\"https:\/\/www.suno.com.br\/noticias\/#organization\",\"name\":\"Suno Not\u00edcias\",\"url\":\"https:\/\/www.suno.com.br\/noticias\/\",\"logo\":{\"@type\":\"ImageObject\",\"inLanguage\":\"pt-BR\",\"@id\":\"https:\/\/www.suno.com.br\/noticias\/#\/schema\/logo\/image\/\",\"url\":\"https:\/\/files.sunoresearch.com.br\/n\/uploads\/2021\/09\/suno-logo.png\",\"contentUrl\":\"https:\/\/files.sunoresearch.com.br\/n\/uploads\/2021\/09\/suno-logo.png\",\"width\":180,\"height\":180,\"caption\":\"Suno Not\u00edcias\"},\"image\":{\"@id\":\"https:\/\/www.suno.com.br\/noticias\/#\/schema\/logo\/image\/\"},\"sameAs\":[\"https:\/\/facebook.com\/sunoresearch\",\"https:\/\/x.com\/sunoresearch\",\"https:\/\/www.instagram.com\/suno\",\"https:\/\/www.linkedin.com\/company\/suno-research\/\",\"https:\/\/www.youtube.com\/c\/sunoresearch\"]},{\"@type\":\"Person\",\"@id\":\"https:\/\/www.suno.com.br\/noticias\/#\/schema\/person\/7f4d362bf3518e76090143ae77bb49a5\",\"name\":\"Eduardo Vargas\",\"image\":{\"@type\":\"ImageObject\",\"inLanguage\":\"pt-BR\",\"@id\":\"https:\/\/www.suno.com.br\/noticias\/#\/schema\/person\/image\/\",\"url\":\"https:\/\/secure.gravatar.com\/avatar\/dac340933427a22924c9f99d1eb2e3f2?s=96&r=g\",\"contentUrl\":\"https:\/\/secure.gravatar.com\/avatar\/dac340933427a22924c9f99d1eb2e3f2?s=96&r=g\",\"caption\":\"Eduardo Vargas\"},\"description\":\"Jornalista formado pela UFSC, cobre macroeconomia, neg\u00f3cios e startups para o Suno Not\u00edcias, escrevendo principalmente not\u00edcias sobre o mercado financeiro e a bolsa de valores. No YouTube e no Instagram, \u00e9 respons\u00e1vel pela produ\u00e7\u00e3o de Reels e Shorts do Suno Not\u00edcias. Anteriormente, trabalhou cobrindo economia e cotidiano no ND+ e para o ND, maior jornal impresso de Santa Catarina. Cursou um semestre letivo de Estudos de M\u00eddia na Universidad de Buenos Aires.\",\"url\":\"https:\/\/www.suno.com.br\/noticias\/author\/eduardo-vargas\/\"}]}<\/script>\n<!-- \/ Yoast SEO plugin. -->","yoast_head_json":{"title":"Aneel contraria \u00e1rea t\u00e9cnica faz reajuste de 52% na conta de luz para julho","description":"A \u00e1rea t\u00e9cnica previa um aumento de at\u00e9 92% na taxa extra, da bandeira vemelha dois, embutida na conta de luz. Clique aqui e leia mais.","robots":{"index":"index","follow":"follow","max-snippet":"max-snippet:-1","max-image-preview":"max-image-preview:large","max-video-preview":"max-video-preview:-1"},"canonical":"https:\/\/www.suno.com.br\/noticias\/aneel-contraria-area-tecnica-reajuste-conta-de-luz\/","og_locale":"pt_BR","og_type":"article","og_title":"Aneel contraria \u00e1rea t\u00e9cnica faz reajuste de 52% na conta de luz para julho","og_description":"A \u00e1rea t\u00e9cnica previa um aumento de at\u00e9 92% na taxa extra, da bandeira vemelha dois, embutida na conta de luz. Clique aqui e leia mais.","og_url":"https:\/\/www.suno.com.br\/noticias\/aneel-contraria-area-tecnica-reajuste-conta-de-luz\/","og_site_name":"Suno Not\u00edcias","article_publisher":"https:\/\/facebook.com\/sunoresearch","og_image":[{"width":1200,"height":799,"url":"https:\/\/files.sunoresearch.com.br\/n\/uploads\/2021\/03\/8e9fd97d-setor-distribuicao-energia.jpg","type":"image\/jpeg"}],"author":"Eduardo Vargas","twitter_card":"summary_large_image","twitter_creator":"@sunoresearch","twitter_site":"@sunoresearch","twitter_misc":{"Escrito por":"Eduardo Vargas","Est. tempo de leitura":"5 minutos"},"schema":{"@context":"https:\/\/schema.org","@graph":[{"@type":"NewsArticle","@id":"https:\/\/www.suno.com.br\/noticias\/aneel-contraria-area-tecnica-reajuste-conta-de-luz\/#article","isPartOf":{"@id":"https:\/\/www.suno.com.br\/noticias\/aneel-contraria-area-tecnica-reajuste-conta-de-luz\/"},"author":{"name":"Eduardo Vargas","@id":"https:\/\/www.suno.com.br\/noticias\/#\/schema\/person\/7f4d362bf3518e76090143ae77bb49a5"},"headline":"Aneel contraria \u00e1rea t\u00e9cnica faz reajuste de 52% na conta de luz para julho","datePublished":"2021-06-29T16:43:19+00:00","mainEntityOfPage":{"@id":"https:\/\/www.suno.com.br\/noticias\/aneel-contraria-area-tecnica-reajuste-conta-de-luz\/"},"wordCount":1085,"publisher":{"@id":"https:\/\/www.suno.com.br\/noticias\/#organization"},"image":{"@id":"https:\/\/www.suno.com.br\/noticias\/aneel-contraria-area-tecnica-reajuste-conta-de-luz\/#primaryimage"},"thumbnailUrl":"https:\/\/files.sunoresearch.com.br\/n\/uploads\/2021\/03\/8e9fd97d-setor-distribuicao-energia-jpg.webp","keywords":["AES Brasil (AESB3)","Ag\u00eancias","Aneel","Cesp (CESP3\/CESP5\/CESP6)","crise energ\u00e9tica","crise h\u00eddrica","Eletrobras (ELET3\/ELET5\/ELET6)","energia","energia el\u00e9trica","Ibovespa","Setor el\u00e9trico"],"articleSection":["Economia"],"inLanguage":"pt-BR"},{"@type":"WebPage","@id":"https:\/\/www.suno.com.br\/noticias\/aneel-contraria-area-tecnica-reajuste-conta-de-luz\/","url":"https:\/\/www.suno.com.br\/noticias\/aneel-contraria-area-tecnica-reajuste-conta-de-luz\/","name":"Aneel contraria \u00e1rea t\u00e9cnica faz reajuste de 52% na conta de luz para julho","isPartOf":{"@id":"https:\/\/www.suno.com.br\/noticias\/#website"},"primaryImageOfPage":{"@id":"https:\/\/www.suno.com.br\/noticias\/aneel-contraria-area-tecnica-reajuste-conta-de-luz\/#primaryimage"},"image":{"@id":"https:\/\/www.suno.com.br\/noticias\/aneel-contraria-area-tecnica-reajuste-conta-de-luz\/#primaryimage"},"thumbnailUrl":"https:\/\/files.sunoresearch.com.br\/n\/uploads\/2021\/03\/8e9fd97d-setor-distribuicao-energia-jpg.webp","datePublished":"2021-06-29T16:43:19+00:00","description":"A \u00e1rea t\u00e9cnica previa um aumento de at\u00e9 92% na taxa extra, da bandeira vemelha dois, embutida na conta de luz. Clique aqui e leia mais.","breadcrumb":{"@id":"https:\/\/www.suno.com.br\/noticias\/aneel-contraria-area-tecnica-reajuste-conta-de-luz\/#breadcrumb"},"inLanguage":"pt-BR","potentialAction":[{"@type":"ReadAction","target":["https:\/\/www.suno.com.br\/noticias\/aneel-contraria-area-tecnica-reajuste-conta-de-luz\/"]}]},{"@type":"ImageObject","inLanguage":"pt-BR","@id":"https:\/\/www.suno.com.br\/noticias\/aneel-contraria-area-tecnica-reajuste-conta-de-luz\/#primaryimage","url":"https:\/\/files.sunoresearch.com.br\/n\/uploads\/2021\/03\/8e9fd97d-setor-distribuicao-energia-jpg.webp","contentUrl":"https:\/\/files.sunoresearch.com.br\/n\/uploads\/2021\/03\/8e9fd97d-setor-distribuicao-energia-jpg.webp","width":1200,"height":799,"caption":"Energia el\u00e9trica - Foto: Pixabay"},{"@type":"BreadcrumbList","@id":"https:\/\/www.suno.com.br\/noticias\/aneel-contraria-area-tecnica-reajuste-conta-de-luz\/#breadcrumb","itemListElement":[{"@type":"ListItem","position":1,"name":"Not\u00edcias","item":"https:\/\/www.suno.com.br\/noticias\/"},{"@type":"ListItem","position":2,"name":"Economia","item":"https:\/\/www.suno.com.br\/noticias\/economia\/"},{"@type":"ListItem","position":3,"name":"Aneel contraria \u00e1rea t\u00e9cnica faz reajuste de 52% na conta de luz para julho"}]},{"@type":"WebSite","@id":"https:\/\/www.suno.com.br\/noticias\/#website","url":"https:\/\/www.suno.com.br\/noticias\/","name":"Suno Not\u00edcias","description":"Seu portal de informa\u00e7\u00e3o sobre o mundo dos investimentos","publisher":{"@id":"https:\/\/www.suno.com.br\/noticias\/#organization"},"potentialAction":[{"@type":"SearchAction","target":{"@type":"EntryPoint","urlTemplate":"https:\/\/www.suno.com.br\/noticias\/?s={search_term_string}"},"query-input":{"@type":"PropertyValueSpecification","valueRequired":true,"valueName":"search_term_string"}}],"inLanguage":"pt-BR"},{"@type":"Organization","@id":"https:\/\/www.suno.com.br\/noticias\/#organization","name":"Suno Not\u00edcias","url":"https:\/\/www.suno.com.br\/noticias\/","logo":{"@type":"ImageObject","inLanguage":"pt-BR","@id":"https:\/\/www.suno.com.br\/noticias\/#\/schema\/logo\/image\/","url":"https:\/\/files.sunoresearch.com.br\/n\/uploads\/2021\/09\/suno-logo.png","contentUrl":"https:\/\/files.sunoresearch.com.br\/n\/uploads\/2021\/09\/suno-logo.png","width":180,"height":180,"caption":"Suno Not\u00edcias"},"image":{"@id":"https:\/\/www.suno.com.br\/noticias\/#\/schema\/logo\/image\/"},"sameAs":["https:\/\/facebook.com\/sunoresearch","https:\/\/x.com\/sunoresearch","https:\/\/www.instagram.com\/suno","https:\/\/www.linkedin.com\/company\/suno-research\/","https:\/\/www.youtube.com\/c\/sunoresearch"]},{"@type":"Person","@id":"https:\/\/www.suno.com.br\/noticias\/#\/schema\/person\/7f4d362bf3518e76090143ae77bb49a5","name":"Eduardo Vargas","image":{"@type":"ImageObject","inLanguage":"pt-BR","@id":"https:\/\/www.suno.com.br\/noticias\/#\/schema\/person\/image\/","url":"https:\/\/secure.gravatar.com\/avatar\/dac340933427a22924c9f99d1eb2e3f2?s=96&r=g","contentUrl":"https:\/\/secure.gravatar.com\/avatar\/dac340933427a22924c9f99d1eb2e3f2?s=96&r=g","caption":"Eduardo Vargas"},"description":"Jornalista formado pela UFSC, cobre macroeconomia, neg\u00f3cios e startups para o Suno Not\u00edcias, escrevendo principalmente not\u00edcias sobre o mercado financeiro e a bolsa de valores. No YouTube e no Instagram, \u00e9 respons\u00e1vel pela produ\u00e7\u00e3o de Reels e Shorts do Suno Not\u00edcias. Anteriormente, trabalhou cobrindo economia e cotidiano no ND+ e para o ND, maior jornal impresso de Santa Catarina. Cursou um semestre letivo de Estudos de M\u00eddia na Universidad de Buenos Aires.","url":"https:\/\/www.suno.com.br\/noticias\/author\/eduardo-vargas\/"}]}},"default_loop_html":"<div class=\"cardsPage__listCard__boxs\"><div class=\"cardsPage__listCard__boxs__img\"><a href=\"https:\/\/www.suno.com.br\/noticias\/aneel-contraria-area-tecnica-reajuste-conta-de-luz\/\"><img class=\"mask\" src=\"https:\/\/www.suno.com.br\/noticias\/wp-content\/themes\/suno\/resources\/images\/spotlight\/spotlight1img\/bg-mask.png\" alt=\"Image Mask\"\/><img src=\"https:\/\/files.sunoresearch.com.br\/n\/uploads\/2021\/03\/8e9fd97d-setor-distribuicao-energia-400x200.webp\" alt=\"Aneel contraria \u00e1rea t\u00e9cnica faz reajuste de 52% na conta de luz para julho\"\/><\/a><span class=\"spotlightCategory\"><a href=\"https:\/\/www.suno.com.br\/noticias\/economia\/\">Economia<\/a><\/span><\/div><div class=\"cardsPage__listCard__boxs__content\"><a href=\"https:\/\/www.suno.com.br\/noticias\/aneel-contraria-area-tecnica-reajuste-conta-de-luz\/\"><h2 class=\"content__title\">Aneel contraria \u00e1rea t\u00e9cnica faz reajuste de 52% na conta de luz para julho<\/h2><\/a><div class=\"newsContent__article__meta\"><div class=\"newsContent__article__meta__authorBox\"><a href=\"https:\/\/www.suno.com.br\/noticias\/author\/eduardo-vargas\/\" class=\"authorBox__avatar noMobi\"><img src=\"https:\/\/secure.gravatar.com\/avatar\/dac340933427a22924c9f99d1eb2e3f2?s=96&#038;r=g\" alt=\"Eduardo Vargas\"><\/a><div class=\"authorBox__name\"><span>por\n\t\t\t<a href=\"https:\/\/www.suno.com.br\/noticias\/author\/eduardo-vargas\/\"><span itemprop=\"author\">Eduardo Vargas<\/span><\/a><\/span><time datetime=\"2021-06-29T13:43:19-03:00\" itemprop=\"datePublished\">29\/06\/2021 13:43<\/time><\/div><\/div><\/div><\/div><\/div>","single_layout":"posts","amp_enabled":true,"_links":{"self":[{"href":"https:\/\/www.suno.com.br\/noticias\/wp-json\/wp\/v2\/posts\/162111"}],"collection":[{"href":"https:\/\/www.suno.com.br\/noticias\/wp-json\/wp\/v2\/posts"}],"about":[{"href":"https:\/\/www.suno.com.br\/noticias\/wp-json\/wp\/v2\/types\/post"}],"author":[{"embeddable":true,"href":"https:\/\/www.suno.com.br\/noticias\/wp-json\/wp\/v2\/users\/73"}],"replies":[{"embeddable":true,"href":"https:\/\/www.suno.com.br\/noticias\/wp-json\/wp\/v2\/comments?post=162111"}],"version-history":[{"count":5,"href":"https:\/\/www.suno.com.br\/noticias\/wp-json\/wp\/v2\/posts\/162111\/revisions"}],"predecessor-version":[{"id":162145,"href":"https:\/\/www.suno.com.br\/noticias\/wp-json\/wp\/v2\/posts\/162111\/revisions\/162145"}],"wp:featuredmedia":[{"embeddable":true,"href":"https:\/\/www.suno.com.br\/noticias\/wp-json\/wp\/v2\/media\/130466"}],"wp:attachment":[{"href":"https:\/\/www.suno.com.br\/noticias\/wp-json\/wp\/v2\/media?parent=162111"}],"wp:term":[{"taxonomy":"category","embeddable":true,"href":"https:\/\/www.suno.com.br\/noticias\/wp-json\/wp\/v2\/categories?post=162111"},{"taxonomy":"post_tag","embeddable":true,"href":"https:\/\/www.suno.com.br\/noticias\/wp-json\/wp\/v2\/tags?post=162111"},{"taxonomy":"suno_strategy","embeddable":true,"href":"https:\/\/www.suno.com.br\/noticias\/wp-json\/wp\/v2\/suno_strategy?post=162111"}],"curies":[{"name":"wp","href":"https:\/\/api.w.org\/{rel}","templated":true}]}}