{"id":162064,"date":"2021-06-29T10:14:36","date_gmt":"2021-06-29T13:14:36","guid":{"rendered":"https:\/\/www.suno.com.br\/noticias\/?p=162064"},"modified":"2021-06-29T11:30:53","modified_gmt":"2021-06-29T14:30:53","slug":"vale-vale3-dividendos-reforma-tributaria","status":"publish","type":"post","link":"https:\/\/www.suno.com.br\/noticias\/vale-vale3-dividendos-reforma-tributaria\/","title":{"rendered":"Vale (VALE3) pode antecipar dividendos com reforma tribut\u00e1ria, diz BTG"},"content":{"rendered":"<p>Enquanto alguns lamentam os poss\u00edveis impactos negativos da reforma tribut\u00e1ria, a <a href=\"https:\/\/www.suno.com.br\/acoes\/vale3\/\"><strong>Vale<\/strong> (VALE3)<\/a> pode fazer a alegria dos investidores ao antecipar a distribui\u00e7\u00e3o de dividendos. Essa \u00e9 a vis\u00e3o do <a class=\"suno-keyword\" href=\"https:\/\/www.suno.com.br\/acoes\/BPAC11\/\" target=\"_blank\" rel=\"noopener noreferrer\" data-force=\"yes\" data-priority=\"2\">BTG Pactual (BPAC11)<\/a>, em relat\u00f3rio divulgado na \u00faltima segunda-feira (28).<\/p>\t<div class=\"wrapper-featured-image\">\n\t\t<figure class=\"spotlightImg\">\n\n\t\t\t<picture>\n\t\t\t\t<source media=\"(max-width: 768px)\" srcset=\"https:\/\/files.sunoresearch.com.br\/n\/uploads\/2021\/06\/fb00cfee-mining-856022_1920-400x200.webp\">\n\t\t\t\t<img loading=\"lazy\" decoding=\"async\" class=\"newsContent__article__imgCapa lazyloadDisabled \" src=\"https:\/\/files.sunoresearch.com.br\/n\/uploads\/2021\/06\/fb00cfee-mining-856022_1920-800x450.webp\" width=\"800\" height=\"450\" alt=\"Vale (VALE3) pode antecipar dividendos com reforma tribut\u00e1ria, diz BTG\" fetchpriority=high \/>\n\t\t\t<\/picture>\n\n\t\t\t<figcaption class=\"wp-caption-text wp-caption-text--show\">Vale. Foto: Bishnu Sarangi\/Pixabay<\/figcaption>\n\t\t<\/figure>\n\t<\/div>\n\n\n\t<p>\n\t\t<a href=\"https:\/\/lp.suno.com.br\/planilha-controle-gastos\/\" target=\"_blank\" data-element=\"shortcode-suno-banner\" title=\"Banner SUNO, clique e saiba mais\">\n\t\t\t<picture>\n\t\t\t\t<source media=\"(max-width: 500px)\" srcset=\"https:\/\/files.sunoresearch.com.br\/n\/uploads\/2023\/03\/400x300-Planilha-controle-de-gastos.png\">\n\t\t\t\t<img class=\"newsContent__article__imgCapa newsContent__article__imgCapa--banner\"\n\t\t\t\t\tsrc=\"https:\/\/files.sunoresearch.com.br\/n\/uploads\/2023\/03\/1420x240-Planilha-controle-de-gastos.png\"\n\t\t\t\t\tdata-promo-id=\"101751\"\t\t\t\t\t\t\t\t\t\twidth='1420' height='240'\t\t\t\t\talt=\"https:\/\/files.sunoresearch.com.br\/n\/uploads\/2023\/03\/1420x240-Planilha-controle-de-gastos.png\"\n\t\t\t\t>\n\t\t\t<\/picture>\n\t\t<\/a>\n\t<\/p>\n\n\n<p>O banco de investimento comenta que, obviamente, &#8220;impostos mais altos est\u00e3o sempre sujeitos a algum grau de cr\u00edticas&#8221;, mas o projeto de lei entregue \u00e0 C\u00e2mara dos Deputados na \u00faltima semana deve ter uma influ\u00eancia limitada no valor patrimonial e<strong> <a class=\"suno-keyword\" href=\"https:\/\/www.suno.com.br\/artigos\/lpa-lucro-por-acao\/\" target=\"_blank\" rel=\"noopener noreferrer\" data-force=\"no\" data-priority=\"1\">lucro por a\u00e7\u00e3o<\/a><\/strong> (LPA) da Vale.<\/p>\n<p>&#8220;H\u00e1 um incentivo claro para a administra\u00e7\u00e3o intensificar e antecipar <strong>dividendos<\/strong> mais altos no segundo semestre deste ano do que previamente tra\u00e7ado&#8221;, diz o BTG, &#8220;o que seria um resultado natural para aumentar valor para o acionista&#8221;.<\/p>\n\t<div data-element=\"shortcode-read-more\" class=\"knowMore\">\n\t\t\t\t<span class=\"knowMore__title\">Saiba mais <\/span>\n\t\t\t\t<a class=\"knowMore__link\" href=\"https:\/\/www.suno.com.br\/noticias\/vale-vale3-investimentos-reducao-emissoes\/\">\n\t\t\tVale (VALE3) prev\u00ea investimento de at\u00e9 US$ 6 bilh\u00f5es para reduzir emiss\u00f5es\t\t<\/a>\n\t<\/div>\n\n\n<p>A institui\u00e7\u00e3o estima que a Vale pode pagar US$ 15 bilh\u00f5es em dividendos em 2022. Mesmo em um cen\u00e1rio de tributos sobre os proventos entre 15% e 20%, ainda seria um <em>dividend yield<\/em> (DY) de dois d\u00edgitos, uma das melhores oportunidades do <strong>Ibovespa<\/strong>.<\/p>\n<p>Mesmo com o cen\u00e1rio ainda positivo para a distribui\u00e7\u00e3o dos resultados, um movimento claro \u00e9 de maior <strong><a class=\"suno-keyword\" href=\"https:\/\/www.suno.com.br\/artigos\/recompra-de-acoes\/\" target=\"_blank\" rel=\"noopener noreferrer\" data-force=\"no\" data-priority=\"1\">recompra de a\u00e7\u00f5es<\/a><\/strong> pela companhia, segundo o banco.<\/p>\n\t<p>\n\t\t<a href=\"\" target=\"_blank\" data-element=\"shortcode-suno-banner\" title=\"Banner SUNO, clique e saiba mais\">\n\t\t\t<picture>\n\t\t\t\t<source media=\"(max-width: 500px)\" srcset=\"\">\n\t\t\t\t<img class=\"newsContent__article__imgCapa newsContent__article__imgCapa--banner\"\n\t\t\t\t\tsrc=\"\"\n\t\t\t\t\tdata-promo-id=\"89005\"\t\t\t\t\t\t\t\t\t\t\t\t\t\t\talt=\"\"\n\t\t\t\t>\n\t\t\t<\/picture>\n\t\t<\/a>\n\t<\/p>\n\n\n<p>Recentemente, a Vale anunciou um programa de recompra de quase 5% do <a class=\"suno-keyword\" href=\"https:\/\/www.suno.com.br\/artigos\/valor-de-mercado\/\" target=\"_blank\" rel=\"noopener noreferrer\" data-force=\"no\" data-priority=\"1\">valor de mercado<\/a> da companhia. &#8220;Os livros de finan\u00e7as nos ensinam a priorizar as recompras, a fim de postergar o pagamento de impostos&#8221;, cita o BTG. De uma maneira ou outra, a mineradora procurar\u00e1 gerar valor aos investidores.<\/p>\n<p>O BTG recomenda compra das ADRs da Vale, com o <strong>pre\u00e7o-alvo<\/strong> de US$ 30. Atualmente, os pap\u00e9is s\u00e3o negociados a US$ 22,43 na Bolsa de Valores de Nova York (NYSE). O <em>upside<\/em> \u00e9 de 33%.<\/p>\n<h2>Min\u00e9rio de ferro pode compensar tributa\u00e7\u00e3o na Vale<\/h2>\n<p>Nas estimativas do BTG, o impacto da <strong>reforma tribut\u00e1ria<\/strong> na capitaliza\u00e7\u00e3o de mercado da Vale seria de aproximadamente US$ 8,5 bilh\u00f5es. Essa perda pode ser facilmente compensada com um leve aumento de US$ 3 por tonelada nos pre\u00e7os do min\u00e9rio de ferro.<\/p>\n\t<p>\n\t\t<a href=\"\" target=\"_blank\" data-element=\"shortcode-suno-banner\" title=\"Banner SUNO, clique e saiba mais\">\n\t\t\t<picture>\n\t\t\t\t<source media=\"(max-width: 500px)\" srcset=\"\">\n\t\t\t\t<img class=\"newsContent__article__imgCapa newsContent__article__imgCapa--banner\"\n\t\t\t\t\tsrc=\"\"\n\t\t\t\t\tdata-promo-id=\"77053\"\t\t\t\t\t\t\t\t\t\t\t\t\t\t\talt=\"\"\n\t\t\t\t>\n\t\t\t<\/picture>\n\t\t<\/a>\n\t<\/p>\n\n\n<p>&#8220;Isso compensaria totalmente o impacto sobre a avalia\u00e7\u00e3o da reforma tribut\u00e1ria. Portanto, qualquer pequena mudan\u00e7a na curva do <strong>min\u00e9rio de ferro<\/strong> poderia mais do que compensar esses efeitos&#8221;, afirma o banco.<\/p>\n<p>Outra poss\u00edvel vantagem que a empresa pode tentar encontrar do cen\u00e1rio de maior tributa\u00e7\u00e3o, segundo o BTG, \u00e9 operar com maior meta de alavancagem, &#8220;o que se pode perceber como positivo considerada a <strong><a class=\"suno-keyword\" href=\"https:\/\/www.suno.com.br\/artigos\/indicadores-estrutura-capital\/\" target=\"_blank\" rel=\"noopener noreferrer\" data-force=\"no\" data-priority=\"1\">estrutura de capital<\/a><\/strong> da Vale abaixo do ideal&#8221;.<\/p>\n<p>O ponto principal \u00e9 que a atual proposta tribut\u00e1ria n\u00e3o deve inviabilizar a tese de investimento na <strong>Vale<\/strong>, que ainda pode ser considerada uma das melhores oportunidades no mercado brasileiro, segundo o BTG. O banco enxerga que as a\u00e7\u00f5es da mineradora negociam com um &#8220;desconto excessivo&#8221; com base nas proje\u00e7\u00f5es do ano que vem.<\/p>\n\t<p>\n\t\t<a href=\"https:\/\/lp.suno.com.br\/planilha-de-controle-de-investimentos\/\" target=\"_blank\" data-element=\"shortcode-suno-banner\" title=\"Banner SUNO, clique e saiba mais\">\n\t\t\t<picture>\n\t\t\t\t<source media=\"(max-width: 500px)\" srcset=\"https:\/\/files.sunoresearch.com.br\/n\/uploads\/2023\/03\/400x300-Controle-de-Investimentos.png\">\n\t\t\t\t<img class=\"newsContent__article__imgCapa newsContent__article__imgCapa--banner\"\n\t\t\t\t\tsrc=\"https:\/\/files.sunoresearch.com.br\/n\/uploads\/2023\/03\/1420x240-Controle-de-Investimentos.png\"\n\t\t\t\t\tdata-promo-id=\"75934\"\t\t\t\t\t\t\t\t\t\twidth='1420' height='240'\t\t\t\t\talt=\"https:\/\/files.sunoresearch.com.br\/n\/uploads\/2023\/03\/1420x240-Controle-de-Investimentos.png\"\n\t\t\t\t>\n\t\t\t<\/picture>\n\t\t<\/a>\n\t<\/p>\n\n\n","protected":false},"excerpt":{"rendered":"<p>Enquanto alguns lamentam os poss\u00edveis impactos negativos da reforma tribut\u00e1ria, a Vale (VALE3) pode fazer a alegria dos investidores ao antecipar a distribui\u00e7\u00e3o de dividendos. Essa \u00e9 a vis\u00e3o do BTG Pactual (BPAC11), em relat\u00f3rio divulgado na \u00faltima segunda-feira (28). Vale. Foto: Bishnu Sarangi\/Pixabay O banco de investimento comenta que, obviamente, &#8220;impostos mais altos est\u00e3o [&hellip;]<\/p>\n","protected":false},"author":24,"featured_media":162065,"comment_status":"closed","ping_status":"closed","sticky":false,"template":"","format":"standard","meta":[],"categories":[64],"tags":[295,105816,704,1286,676],"suno_strategy":[],"class_list":["post-162064","post","type-post","status-publish","format-standard","has-post-thumbnail","hentry","category-negocios","tag-dividendos","tag-especialistas","tag-impostos","tag-reforma-tributaria","tag-vale-vale3"],"yoast_head":"<!-- This site is optimized with the Yoast SEO plugin v24.4 - https:\/\/yoast.com\/wordpress\/plugins\/seo\/ -->\n<title>Vale (VALE3) pode antecipar dividendos com reforma tribut\u00e1ria, diz BTG<\/title>\n<meta name=\"description\" content=\"Enquanto alguns lamentam os impactos negativos da reforma tribut\u00e1ria, a Vale (VALE3) pode antecipar dividendos, segundo o BTG. Confira.\" \/>\n<meta name=\"robots\" content=\"index, follow, max-snippet:-1, max-image-preview:large, max-video-preview:-1\" \/>\n<link rel=\"canonical\" href=\"https:\/\/www.suno.com.br\/noticias\/vale-vale3-dividendos-reforma-tributaria\/\" \/>\n<meta property=\"og:locale\" content=\"pt_BR\" \/>\n<meta property=\"og:type\" content=\"article\" \/>\n<meta property=\"og:title\" content=\"Vale (VALE3) pode antecipar dividendos com reforma tribut\u00e1ria, diz BTG\" \/>\n<meta property=\"og:description\" content=\"Enquanto alguns lamentam os impactos negativos da reforma tribut\u00e1ria, a Vale (VALE3) pode antecipar dividendos, segundo o BTG. Confira.\" \/>\n<meta property=\"og:url\" content=\"https:\/\/www.suno.com.br\/noticias\/vale-vale3-dividendos-reforma-tributaria\/\" \/>\n<meta property=\"og:site_name\" content=\"Suno Not\u00edcias\" \/>\n<meta property=\"article:publisher\" content=\"https:\/\/facebook.com\/sunoresearch\" \/>\n<meta property=\"og:image\" content=\"https:\/\/files.sunoresearch.com.br\/n\/uploads\/2021\/06\/fb00cfee-mining-856022_1920.jpg\" \/>\n\t<meta property=\"og:image:width\" content=\"1920\" \/>\n\t<meta property=\"og:image:height\" content=\"1346\" \/>\n\t<meta property=\"og:image:type\" content=\"image\/jpeg\" \/>\n<meta name=\"author\" content=\"Jader Lazarini\" \/>\n<meta name=\"twitter:card\" content=\"summary_large_image\" \/>\n<meta name=\"twitter:creator\" content=\"@sunoresearch\" \/>\n<meta name=\"twitter:site\" content=\"@sunoresearch\" \/>\n<meta name=\"twitter:label1\" content=\"Escrito por\" \/>\n\t<meta name=\"twitter:data1\" content=\"Jader Lazarini\" \/>\n\t<meta name=\"twitter:label2\" content=\"Est. tempo de leitura\" \/>\n\t<meta name=\"twitter:data2\" content=\"2 minutos\" \/>\n<script type=\"application\/ld+json\" class=\"yoast-schema-graph\">{\"@context\":\"https:\/\/schema.org\",\"@graph\":[{\"@type\":\"NewsArticle\",\"@id\":\"https:\/\/www.suno.com.br\/noticias\/vale-vale3-dividendos-reforma-tributaria\/#article\",\"isPartOf\":{\"@id\":\"https:\/\/www.suno.com.br\/noticias\/vale-vale3-dividendos-reforma-tributaria\/\"},\"author\":{\"name\":\"Jader Lazarini\",\"@id\":\"https:\/\/www.suno.com.br\/noticias\/#\/schema\/person\/918d79de1f0281f01599b93f9ea6e23f\"},\"headline\":\"Vale (VALE3) pode antecipar dividendos com reforma tribut\u00e1ria, diz BTG\",\"datePublished\":\"2021-06-29T13:14:36+00:00\",\"dateModified\":\"2021-06-29T14:30:53+00:00\",\"mainEntityOfPage\":{\"@id\":\"https:\/\/www.suno.com.br\/noticias\/vale-vale3-dividendos-reforma-tributaria\/\"},\"wordCount\":506,\"publisher\":{\"@id\":\"https:\/\/www.suno.com.br\/noticias\/#organization\"},\"image\":{\"@id\":\"https:\/\/www.suno.com.br\/noticias\/vale-vale3-dividendos-reforma-tributaria\/#primaryimage\"},\"thumbnailUrl\":\"https:\/\/files.sunoresearch.com.br\/n\/uploads\/2021\/06\/fb00cfee-mining-856022_1920-jpg.webp\",\"keywords\":[\"dividendos\",\"Especialistas\",\"impostos\",\"reforma tribut\u00e1ria\",\"Vale (VALE3)\"],\"articleSection\":[\"Neg\u00f3cios\"],\"inLanguage\":\"pt-BR\"},{\"@type\":\"WebPage\",\"@id\":\"https:\/\/www.suno.com.br\/noticias\/vale-vale3-dividendos-reforma-tributaria\/\",\"url\":\"https:\/\/www.suno.com.br\/noticias\/vale-vale3-dividendos-reforma-tributaria\/\",\"name\":\"Vale (VALE3) pode antecipar dividendos com reforma tribut\u00e1ria, diz BTG\",\"isPartOf\":{\"@id\":\"https:\/\/www.suno.com.br\/noticias\/#website\"},\"primaryImageOfPage\":{\"@id\":\"https:\/\/www.suno.com.br\/noticias\/vale-vale3-dividendos-reforma-tributaria\/#primaryimage\"},\"image\":{\"@id\":\"https:\/\/www.suno.com.br\/noticias\/vale-vale3-dividendos-reforma-tributaria\/#primaryimage\"},\"thumbnailUrl\":\"https:\/\/files.sunoresearch.com.br\/n\/uploads\/2021\/06\/fb00cfee-mining-856022_1920-jpg.webp\",\"datePublished\":\"2021-06-29T13:14:36+00:00\",\"dateModified\":\"2021-06-29T14:30:53+00:00\",\"description\":\"Enquanto alguns lamentam os impactos negativos da reforma tribut\u00e1ria, a Vale (VALE3) pode antecipar dividendos, segundo o BTG. Confira.\",\"breadcrumb\":{\"@id\":\"https:\/\/www.suno.com.br\/noticias\/vale-vale3-dividendos-reforma-tributaria\/#breadcrumb\"},\"inLanguage\":\"pt-BR\",\"potentialAction\":[{\"@type\":\"ReadAction\",\"target\":[\"https:\/\/www.suno.com.br\/noticias\/vale-vale3-dividendos-reforma-tributaria\/\"]}]},{\"@type\":\"ImageObject\",\"inLanguage\":\"pt-BR\",\"@id\":\"https:\/\/www.suno.com.br\/noticias\/vale-vale3-dividendos-reforma-tributaria\/#primaryimage\",\"url\":\"https:\/\/files.sunoresearch.com.br\/n\/uploads\/2021\/06\/fb00cfee-mining-856022_1920-jpg.webp\",\"contentUrl\":\"https:\/\/files.sunoresearch.com.br\/n\/uploads\/2021\/06\/fb00cfee-mining-856022_1920-jpg.webp\",\"width\":1920,\"height\":1346,\"caption\":\"Vale. Foto: Bishnu Sarangi\/Pixabay\"},{\"@type\":\"BreadcrumbList\",\"@id\":\"https:\/\/www.suno.com.br\/noticias\/vale-vale3-dividendos-reforma-tributaria\/#breadcrumb\",\"itemListElement\":[{\"@type\":\"ListItem\",\"position\":1,\"name\":\"Not\u00edcias\",\"item\":\"https:\/\/www.suno.com.br\/noticias\/\"},{\"@type\":\"ListItem\",\"position\":2,\"name\":\"Neg\u00f3cios\",\"item\":\"https:\/\/www.suno.com.br\/noticias\/negocios\/\"},{\"@type\":\"ListItem\",\"position\":3,\"name\":\"Vale (VALE3) pode antecipar dividendos com reforma tribut\u00e1ria, diz BTG\"}]},{\"@type\":\"WebSite\",\"@id\":\"https:\/\/www.suno.com.br\/noticias\/#website\",\"url\":\"https:\/\/www.suno.com.br\/noticias\/\",\"name\":\"Suno Not\u00edcias\",\"description\":\"Seu portal de informa\u00e7\u00e3o sobre o mundo dos investimentos\",\"publisher\":{\"@id\":\"https:\/\/www.suno.com.br\/noticias\/#organization\"},\"potentialAction\":[{\"@type\":\"SearchAction\",\"target\":{\"@type\":\"EntryPoint\",\"urlTemplate\":\"https:\/\/www.suno.com.br\/noticias\/?s={search_term_string}\"},\"query-input\":{\"@type\":\"PropertyValueSpecification\",\"valueRequired\":true,\"valueName\":\"search_term_string\"}}],\"inLanguage\":\"pt-BR\"},{\"@type\":\"Organization\",\"@id\":\"https:\/\/www.suno.com.br\/noticias\/#organization\",\"name\":\"Suno Not\u00edcias\",\"url\":\"https:\/\/www.suno.com.br\/noticias\/\",\"logo\":{\"@type\":\"ImageObject\",\"inLanguage\":\"pt-BR\",\"@id\":\"https:\/\/www.suno.com.br\/noticias\/#\/schema\/logo\/image\/\",\"url\":\"https:\/\/files.sunoresearch.com.br\/n\/uploads\/2021\/09\/suno-logo.png\",\"contentUrl\":\"https:\/\/files.sunoresearch.com.br\/n\/uploads\/2021\/09\/suno-logo.png\",\"width\":180,\"height\":180,\"caption\":\"Suno Not\u00edcias\"},\"image\":{\"@id\":\"https:\/\/www.suno.com.br\/noticias\/#\/schema\/logo\/image\/\"},\"sameAs\":[\"https:\/\/facebook.com\/sunoresearch\",\"https:\/\/x.com\/sunoresearch\",\"https:\/\/www.instagram.com\/suno\",\"https:\/\/www.linkedin.com\/company\/suno-research\/\",\"https:\/\/www.youtube.com\/c\/sunoresearch\"]},{\"@type\":\"Person\",\"@id\":\"https:\/\/www.suno.com.br\/noticias\/#\/schema\/person\/918d79de1f0281f01599b93f9ea6e23f\",\"name\":\"Jader Lazarini\",\"image\":{\"@type\":\"ImageObject\",\"inLanguage\":\"pt-BR\",\"@id\":\"https:\/\/www.suno.com.br\/noticias\/#\/schema\/person\/image\/\",\"url\":\"https:\/\/secure.gravatar.com\/avatar\/3c1ad8caa51589841baeb923fcddea97?s=96&r=g\",\"contentUrl\":\"https:\/\/secure.gravatar.com\/avatar\/3c1ad8caa51589841baeb923fcddea97?s=96&r=g\",\"caption\":\"Jader Lazarini\"},\"description\":\"Jader Lazarini escreve sobre investimentos, finan\u00e7as, economia e neg\u00f3cios. \u00c9 bacharel em Rela\u00e7\u00f5es Internacionais e analista CNPI (2619).\",\"url\":\"https:\/\/www.suno.com.br\/noticias\/author\/jader-lazarini\/\"}]}<\/script>\n<!-- \/ Yoast SEO plugin. -->","yoast_head_json":{"title":"Vale (VALE3) pode antecipar dividendos com reforma tribut\u00e1ria, diz BTG","description":"Enquanto alguns lamentam os impactos negativos da reforma tribut\u00e1ria, a Vale (VALE3) pode antecipar dividendos, segundo o BTG. Confira.","robots":{"index":"index","follow":"follow","max-snippet":"max-snippet:-1","max-image-preview":"max-image-preview:large","max-video-preview":"max-video-preview:-1"},"canonical":"https:\/\/www.suno.com.br\/noticias\/vale-vale3-dividendos-reforma-tributaria\/","og_locale":"pt_BR","og_type":"article","og_title":"Vale (VALE3) pode antecipar dividendos com reforma tribut\u00e1ria, diz BTG","og_description":"Enquanto alguns lamentam os impactos negativos da reforma tribut\u00e1ria, a Vale (VALE3) pode antecipar dividendos, segundo o BTG. Confira.","og_url":"https:\/\/www.suno.com.br\/noticias\/vale-vale3-dividendos-reforma-tributaria\/","og_site_name":"Suno Not\u00edcias","article_publisher":"https:\/\/facebook.com\/sunoresearch","og_image":[{"width":1920,"height":1346,"url":"https:\/\/files.sunoresearch.com.br\/n\/uploads\/2021\/06\/fb00cfee-mining-856022_1920.jpg","type":"image\/jpeg"}],"author":"Jader Lazarini","twitter_card":"summary_large_image","twitter_creator":"@sunoresearch","twitter_site":"@sunoresearch","twitter_misc":{"Escrito por":"Jader Lazarini","Est. tempo de leitura":"2 minutos"},"schema":{"@context":"https:\/\/schema.org","@graph":[{"@type":"NewsArticle","@id":"https:\/\/www.suno.com.br\/noticias\/vale-vale3-dividendos-reforma-tributaria\/#article","isPartOf":{"@id":"https:\/\/www.suno.com.br\/noticias\/vale-vale3-dividendos-reforma-tributaria\/"},"author":{"name":"Jader Lazarini","@id":"https:\/\/www.suno.com.br\/noticias\/#\/schema\/person\/918d79de1f0281f01599b93f9ea6e23f"},"headline":"Vale (VALE3) pode antecipar dividendos com reforma tribut\u00e1ria, diz BTG","datePublished":"2021-06-29T13:14:36+00:00","dateModified":"2021-06-29T14:30:53+00:00","mainEntityOfPage":{"@id":"https:\/\/www.suno.com.br\/noticias\/vale-vale3-dividendos-reforma-tributaria\/"},"wordCount":506,"publisher":{"@id":"https:\/\/www.suno.com.br\/noticias\/#organization"},"image":{"@id":"https:\/\/www.suno.com.br\/noticias\/vale-vale3-dividendos-reforma-tributaria\/#primaryimage"},"thumbnailUrl":"https:\/\/files.sunoresearch.com.br\/n\/uploads\/2021\/06\/fb00cfee-mining-856022_1920-jpg.webp","keywords":["dividendos","Especialistas","impostos","reforma tribut\u00e1ria","Vale (VALE3)"],"articleSection":["Neg\u00f3cios"],"inLanguage":"pt-BR"},{"@type":"WebPage","@id":"https:\/\/www.suno.com.br\/noticias\/vale-vale3-dividendos-reforma-tributaria\/","url":"https:\/\/www.suno.com.br\/noticias\/vale-vale3-dividendos-reforma-tributaria\/","name":"Vale (VALE3) pode antecipar dividendos com reforma tribut\u00e1ria, diz BTG","isPartOf":{"@id":"https:\/\/www.suno.com.br\/noticias\/#website"},"primaryImageOfPage":{"@id":"https:\/\/www.suno.com.br\/noticias\/vale-vale3-dividendos-reforma-tributaria\/#primaryimage"},"image":{"@id":"https:\/\/www.suno.com.br\/noticias\/vale-vale3-dividendos-reforma-tributaria\/#primaryimage"},"thumbnailUrl":"https:\/\/files.sunoresearch.com.br\/n\/uploads\/2021\/06\/fb00cfee-mining-856022_1920-jpg.webp","datePublished":"2021-06-29T13:14:36+00:00","dateModified":"2021-06-29T14:30:53+00:00","description":"Enquanto alguns lamentam os impactos negativos da reforma tribut\u00e1ria, a Vale (VALE3) pode antecipar dividendos, segundo o BTG. Confira.","breadcrumb":{"@id":"https:\/\/www.suno.com.br\/noticias\/vale-vale3-dividendos-reforma-tributaria\/#breadcrumb"},"inLanguage":"pt-BR","potentialAction":[{"@type":"ReadAction","target":["https:\/\/www.suno.com.br\/noticias\/vale-vale3-dividendos-reforma-tributaria\/"]}]},{"@type":"ImageObject","inLanguage":"pt-BR","@id":"https:\/\/www.suno.com.br\/noticias\/vale-vale3-dividendos-reforma-tributaria\/#primaryimage","url":"https:\/\/files.sunoresearch.com.br\/n\/uploads\/2021\/06\/fb00cfee-mining-856022_1920-jpg.webp","contentUrl":"https:\/\/files.sunoresearch.com.br\/n\/uploads\/2021\/06\/fb00cfee-mining-856022_1920-jpg.webp","width":1920,"height":1346,"caption":"Vale. Foto: Bishnu Sarangi\/Pixabay"},{"@type":"BreadcrumbList","@id":"https:\/\/www.suno.com.br\/noticias\/vale-vale3-dividendos-reforma-tributaria\/#breadcrumb","itemListElement":[{"@type":"ListItem","position":1,"name":"Not\u00edcias","item":"https:\/\/www.suno.com.br\/noticias\/"},{"@type":"ListItem","position":2,"name":"Neg\u00f3cios","item":"https:\/\/www.suno.com.br\/noticias\/negocios\/"},{"@type":"ListItem","position":3,"name":"Vale (VALE3) pode antecipar dividendos com reforma tribut\u00e1ria, diz BTG"}]},{"@type":"WebSite","@id":"https:\/\/www.suno.com.br\/noticias\/#website","url":"https:\/\/www.suno.com.br\/noticias\/","name":"Suno Not\u00edcias","description":"Seu portal de informa\u00e7\u00e3o sobre o mundo dos investimentos","publisher":{"@id":"https:\/\/www.suno.com.br\/noticias\/#organization"},"potentialAction":[{"@type":"SearchAction","target":{"@type":"EntryPoint","urlTemplate":"https:\/\/www.suno.com.br\/noticias\/?s={search_term_string}"},"query-input":{"@type":"PropertyValueSpecification","valueRequired":true,"valueName":"search_term_string"}}],"inLanguage":"pt-BR"},{"@type":"Organization","@id":"https:\/\/www.suno.com.br\/noticias\/#organization","name":"Suno Not\u00edcias","url":"https:\/\/www.suno.com.br\/noticias\/","logo":{"@type":"ImageObject","inLanguage":"pt-BR","@id":"https:\/\/www.suno.com.br\/noticias\/#\/schema\/logo\/image\/","url":"https:\/\/files.sunoresearch.com.br\/n\/uploads\/2021\/09\/suno-logo.png","contentUrl":"https:\/\/files.sunoresearch.com.br\/n\/uploads\/2021\/09\/suno-logo.png","width":180,"height":180,"caption":"Suno Not\u00edcias"},"image":{"@id":"https:\/\/www.suno.com.br\/noticias\/#\/schema\/logo\/image\/"},"sameAs":["https:\/\/facebook.com\/sunoresearch","https:\/\/x.com\/sunoresearch","https:\/\/www.instagram.com\/suno","https:\/\/www.linkedin.com\/company\/suno-research\/","https:\/\/www.youtube.com\/c\/sunoresearch"]},{"@type":"Person","@id":"https:\/\/www.suno.com.br\/noticias\/#\/schema\/person\/918d79de1f0281f01599b93f9ea6e23f","name":"Jader Lazarini","image":{"@type":"ImageObject","inLanguage":"pt-BR","@id":"https:\/\/www.suno.com.br\/noticias\/#\/schema\/person\/image\/","url":"https:\/\/secure.gravatar.com\/avatar\/3c1ad8caa51589841baeb923fcddea97?s=96&r=g","contentUrl":"https:\/\/secure.gravatar.com\/avatar\/3c1ad8caa51589841baeb923fcddea97?s=96&r=g","caption":"Jader Lazarini"},"description":"Jader Lazarini escreve sobre investimentos, finan\u00e7as, economia e neg\u00f3cios. \u00c9 bacharel em Rela\u00e7\u00f5es Internacionais e analista CNPI (2619).","url":"https:\/\/www.suno.com.br\/noticias\/author\/jader-lazarini\/"}]}},"default_loop_html":"<div class=\"cardsPage__listCard__boxs\"><div class=\"cardsPage__listCard__boxs__img\"><a href=\"https:\/\/www.suno.com.br\/noticias\/vale-vale3-dividendos-reforma-tributaria\/\"><img class=\"mask\" src=\"https:\/\/www.suno.com.br\/noticias\/wp-content\/themes\/suno\/resources\/images\/spotlight\/spotlight1img\/bg-mask.png\" alt=\"Image Mask\"\/><img src=\"https:\/\/files.sunoresearch.com.br\/n\/uploads\/2021\/06\/fb00cfee-mining-856022_1920-400x200.webp\" alt=\"Vale (VALE3) pode antecipar dividendos com reforma tribut\u00e1ria, diz BTG\"\/><\/a><span class=\"spotlightCategory\"><a href=\"https:\/\/www.suno.com.br\/noticias\/negocios\/\">Neg\u00f3cios<\/a><\/span><\/div><div class=\"cardsPage__listCard__boxs__content\"><a href=\"https:\/\/www.suno.com.br\/noticias\/vale-vale3-dividendos-reforma-tributaria\/\"><h2 class=\"content__title\">Vale (VALE3) pode antecipar dividendos com reforma tribut\u00e1ria, diz BTG<\/h2><\/a><div class=\"newsContent__article__meta\"><div class=\"newsContent__article__meta__authorBox\"><a href=\"https:\/\/www.suno.com.br\/noticias\/author\/jader-lazarini\/\" class=\"authorBox__avatar noMobi\"><img src=\"https:\/\/files.sunoresearch.com.br\/n\/uploads\/2021\/01\/178e6598-foto-perfil-2-150x150.jpg\" alt=\"Jader Lazarini\"><\/a><div class=\"authorBox__name\"><span>por\n\t\t\t<a href=\"https:\/\/www.suno.com.br\/noticias\/author\/jader-lazarini\/\"><span itemprop=\"author\">Jader Lazarini<\/span><\/a><\/span><time datetime=\"2021-06-29T10:14:36-03:00\" itemprop=\"datePublished\">29\/06\/2021 10:14<\/time><\/div><\/div><\/div><\/div><\/div>","single_layout":"posts","amp_enabled":true,"_links":{"self":[{"href":"https:\/\/www.suno.com.br\/noticias\/wp-json\/wp\/v2\/posts\/162064"}],"collection":[{"href":"https:\/\/www.suno.com.br\/noticias\/wp-json\/wp\/v2\/posts"}],"about":[{"href":"https:\/\/www.suno.com.br\/noticias\/wp-json\/wp\/v2\/types\/post"}],"author":[{"embeddable":true,"href":"https:\/\/www.suno.com.br\/noticias\/wp-json\/wp\/v2\/users\/24"}],"replies":[{"embeddable":true,"href":"https:\/\/www.suno.com.br\/noticias\/wp-json\/wp\/v2\/comments?post=162064"}],"version-history":[{"count":3,"href":"https:\/\/www.suno.com.br\/noticias\/wp-json\/wp\/v2\/posts\/162064\/revisions"}],"predecessor-version":[{"id":162096,"href":"https:\/\/www.suno.com.br\/noticias\/wp-json\/wp\/v2\/posts\/162064\/revisions\/162096"}],"wp:featuredmedia":[{"embeddable":true,"href":"https:\/\/www.suno.com.br\/noticias\/wp-json\/wp\/v2\/media\/162065"}],"wp:attachment":[{"href":"https:\/\/www.suno.com.br\/noticias\/wp-json\/wp\/v2\/media?parent=162064"}],"wp:term":[{"taxonomy":"category","embeddable":true,"href":"https:\/\/www.suno.com.br\/noticias\/wp-json\/wp\/v2\/categories?post=162064"},{"taxonomy":"post_tag","embeddable":true,"href":"https:\/\/www.suno.com.br\/noticias\/wp-json\/wp\/v2\/tags?post=162064"},{"taxonomy":"suno_strategy","embeddable":true,"href":"https:\/\/www.suno.com.br\/noticias\/wp-json\/wp\/v2\/suno_strategy?post=162064"}],"curies":[{"name":"wp","href":"https:\/\/api.w.org\/{rel}","templated":true}]}}