{"id":162054,"date":"2021-06-29T12:01:01","date_gmt":"2021-06-29T15:01:01","guid":{"rendered":"https:\/\/www.suno.com.br\/noticias\/?p=162054"},"modified":"2021-06-29T13:01:50","modified_gmt":"2021-06-29T16:01:50","slug":"conta-de-luz-aumento-taxa-extra-aneel","status":"publish","type":"post","link":"https:\/\/www.suno.com.br\/noticias\/conta-de-luz-aumento-taxa-extra-aneel\/","title":{"rendered":"Conta de luz pode ter aumento de 92% em taxa extra, prev\u00ea \u00e1rea t\u00e9cnica Aneel"},"content":{"rendered":"<p>A taxa extra na <strong>conta de luz<\/strong>, n\u00edvel da bandeira vermelha dois, cobrada a cada 100 quilowatts-hora, pode passar de R$ 6,24 para um valor entre R$ 11,50 e R$ 12,00, segundo c\u00e1lculos da \u00e1rea t\u00e9cnica da <a href=\"https:\/\/www.suno.com.br\/noticias\/crise-hidrica-racionamento-de-energia-eletrica-economia\/\">Ag\u00eancia Nacional de Energia El\u00e9trica (Aneel)<\/a>. As informa\u00e7\u00f5es s\u00e3o do jornal O Estado de S. Paulo.<\/p>\t<div class=\"wrapper-featured-image\">\n\t\t<figure class=\"spotlightImg\">\n\n\t\t\t<picture>\n\t\t\t\t<source media=\"(max-width: 768px)\" srcset=\"https:\/\/files.sunoresearch.com.br\/n\/uploads\/2021\/04\/e394fe78-column-high-voltage-2392632_1280-400x200.webp\">\n\t\t\t\t<img loading=\"lazy\" decoding=\"async\" class=\"newsContent__article__imgCapa lazyloadDisabled \" src=\"https:\/\/files.sunoresearch.com.br\/n\/uploads\/2021\/04\/e394fe78-column-high-voltage-2392632_1280-800x450.webp\" width=\"800\" height=\"450\" alt=\"Conta de luz pode ter aumento de 92% em taxa extra, prev\u00ea \u00e1rea t\u00e9cnica Aneel\" fetchpriority=high \/>\n\t\t\t<\/picture>\n\n\t\t\t<figcaption class=\"wp-caption-text wp-caption-text--show\">Cosern (CSRN3). Foto: Pixabay.<\/figcaption>\n\t\t<\/figure>\n\t<\/div>\n\n\n\t<p>\n\t\t<a href=\"https:\/\/lp.suno.com.br\/planilha-controle-gastos\/\" target=\"_blank\" data-element=\"shortcode-suno-banner\" title=\"Banner SUNO, clique e saiba mais\">\n\t\t\t<picture>\n\t\t\t\t<source media=\"(max-width: 500px)\" srcset=\"https:\/\/files.sunoresearch.com.br\/n\/uploads\/2023\/03\/400x300-Planilha-controle-de-gastos.png\">\n\t\t\t\t<img class=\"newsContent__article__imgCapa newsContent__article__imgCapa--banner\"\n\t\t\t\t\tsrc=\"https:\/\/files.sunoresearch.com.br\/n\/uploads\/2023\/03\/1420x240-Planilha-controle-de-gastos.png\"\n\t\t\t\t\tdata-promo-id=\"101751\"\t\t\t\t\t\t\t\t\t\twidth='1420' height='240'\t\t\t\t\talt=\"https:\/\/files.sunoresearch.com.br\/n\/uploads\/2023\/03\/1420x240-Planilha-controle-de-gastos.png\"\n\t\t\t\t>\n\t\t\t<\/picture>\n\t\t<\/a>\n\t<\/p>\n\n\n<p>Essa <strong>cobran\u00e7a<\/strong> a mais, que pode representar um aumento de 84,3% at\u00e9 92,3% na <strong>taxa extra<\/strong> embutida nas contas de luz, segundo os t\u00e9cnicos da <strong>Aneel<\/strong>, seria em decorr\u00eancia do <strong>acionamento das termel\u00e9tricas<\/strong> ao longo do segundo semestre deste ano. O acionamento se d\u00e1 por conta de uma situa\u00e7\u00e3o cr\u00edtica nas <strong>hidrel\u00e9tricas<\/strong>.<\/p>\n<p>Com esse panorama, chegou a ser cogitado um <strong>racionamento de energia<\/strong>. O ministro da economia, <a class=\"suno-keyword\" href=\"https:\/\/www.suno.com.br\/tudo-sobre\/paulo-guedes\/\" target=\"_blank\" rel=\"noopener noreferrer\" data-force=\"no\" data-priority=\"2\">Paulo Guedes<\/a>, citou na semana passada que medidas como esta s\u00e3o justamente para evitar um racionamento no futuro.<\/p>\n<p>\u201c<a href=\"https:\/\/www.suno.com.br\/artigos\/inflacao\/\">Nossa <strong>infla\u00e7\u00e3o<\/strong> deu um salto, indo a 8% em 12 meses<\/a>, exatamente por causa de comida e energia. Energia, porque agora estamos vindo com bandeiras novas para evitar o racionamento l\u00e1 na frente, est\u00e1 havendo uma racionaliza\u00e7\u00e3o no uso agora, e isso \u00e9 um choque. Vai haver um choque na energia e um choque de alimentos\u201d, disse o ministro, na ocasi\u00e3o.<\/p>\n<p>Vale frisar que a sugest\u00e3o de <strong>aumento da conta de luz<\/strong> feita pela \u00e1rea t\u00e9cnica n\u00e3o tem car\u00e1ter obrigat\u00f3rio. Ou seja, a diretoria da Aneel pode aprovar um valor menor ou maior do que o proposto.<\/p>\n\t<p>\n\t\t<a href=\"https:\/\/lp.suno.com.br\/planilha-da-vida-financeira\/\" target=\"_blank\" data-element=\"shortcode-suno-banner\" title=\"Banner SUNO, clique e saiba mais\">\n\t\t\t<picture>\n\t\t\t\t<source media=\"(max-width: 500px)\" srcset=\"https:\/\/files.sunoresearch.com.br\/n\/uploads\/2023\/04\/400x300-Planilha-vida-financeira-true.png\">\n\t\t\t\t<img class=\"newsContent__article__imgCapa newsContent__article__imgCapa--banner\"\n\t\t\t\t\tsrc=\"https:\/\/files.sunoresearch.com.br\/n\/uploads\/2023\/04\/1420x240-Planilha-vida-financeira-true.png\"\n\t\t\t\t\tdata-promo-id=\"106682\"\t\t\t\t\t\t\t\t\t\twidth='1420' height='240'\t\t\t\t\talt=\"https:\/\/files.sunoresearch.com.br\/n\/uploads\/2023\/04\/1420x240-Planilha-vida-financeira-true.png\"\n\t\t\t\t>\n\t\t\t<\/picture>\n\t\t<\/a>\n\t<\/p>\n\n\n<p>A <strong>bandeira vermelha<\/strong> dois, que cobra R$ 6,24 a cada 100 quilowatts-hora teria reajuste para R$ 7,57 por 100 kWh, aumento de 21%. Contudo, ainda no dia 15, a possibilidade de um aumento ainda mais robusto foi confirmada pelo diretor-geral da Aneel, Andr\u00e9 Pepitone, em audi\u00eancia p\u00fablica na Comiss\u00e3o de Minas e Energia da C\u00e2mara.<\/p>\n<p><span style=\"font-weight: 400;\">\t<div data-element=\"shortcode-read-more\" class=\"knowMore\">\n\t\t\t\t<span class=\"knowMore__title\">Saiba mais<\/span>\n\t\t\t\t<a class=\"knowMore__link\" href=\"https:\/\/www.suno.com.br\/noticias\/crise-hidrica-racionamento-de-energia-eletrica-economia\/\">\n\t\t\tRisco de racionamento de energia ou apag\u00e3o ronda o Brasil e amea\u00e7a retomada\t\t<\/a>\n\t<\/div>\n\n<\/span><\/p>\n<h2>Aumento da conta de luz deve impactar companhias el\u00e9tricas<\/h2>\n<p>Com todo o panorama de crise h\u00eddrica e possibilidade de racionamento, as companhias el\u00e9tricas devem sofrer um impacto nos pr\u00f3ximos meses. Atualmente, somadas, elas representam cerca de 6% do <strong>Ibovespa<\/strong>. Nesta ter\u00e7a (29) o <a href=\"https:\/\/www.suno.com.br\/artigos\/iee\/\">\u00cdndice de companhias el\u00e9tricas, o IEE<\/a>, cai 1,14% no intradia, a 80,716,91 pontos.<\/p>\n<p>As mais impactadas s\u00e3o as geradoras <strong>hidrel\u00e9tricas<\/strong>, sendo a <a href=\"https:\/\/www.suno.com.br\/acoes\/aesb3\/\">AES Brasil (AESB3)<\/a> e <a href=\"https:\/\/www.suno.com.br\/acoes\/cesp6\/\">Cesp (CESP6)<\/a> as mais influenciadas, segundo relat\u00f3rio da XP. Companhias como a <a href=\"https:\/\/www.suno.com.br\/acoes\/omge3\/\">\u00d4mega (OMGE3)<\/a>, que s\u00e3o renov\u00e1veis e possuem gera\u00e7\u00e3o e\u00f3lica, devem passar pela crise com tranquilidade.<\/p>\n<p>Al\u00e9m disso, gigantes como a <a href=\"https:\/\/www.suno.com.br\/acoes\/ELET3\/\">Eletrobras (ELET3)<\/a> devem sofrer influ\u00eancia mais intensa da possibilidade de aumento da\u00a0<strong>conta de luz<\/strong>. Vale lembrar que a estatal tamb\u00e9m fica no centro do debate com seu tr\u00e2mite de privatiza\u00e7\u00e3o rec\u00e9m aprovada pelo legislativo nacional.<\/p>\n\t<p>\n\t\t<a href=\"https:\/\/lp.suno.com.br\/planilha-de-controle-de-investimentos\/\" target=\"_blank\" data-element=\"shortcode-suno-banner\" title=\"Banner SUNO, clique e saiba mais\">\n\t\t\t<picture>\n\t\t\t\t<source media=\"(max-width: 500px)\" srcset=\"https:\/\/files.sunoresearch.com.br\/n\/uploads\/2023\/03\/400x300-Controle-de-Investimentos.png\">\n\t\t\t\t<img class=\"newsContent__article__imgCapa newsContent__article__imgCapa--banner\"\n\t\t\t\t\tsrc=\"https:\/\/files.sunoresearch.com.br\/n\/uploads\/2023\/03\/1420x240-Controle-de-Investimentos.png\"\n\t\t\t\t\tdata-promo-id=\"75934\"\t\t\t\t\t\t\t\t\t\twidth='1420' height='240'\t\t\t\t\talt=\"https:\/\/files.sunoresearch.com.br\/n\/uploads\/2023\/03\/1420x240-Controle-de-Investimentos.png\"\n\t\t\t\t>\n\t\t\t<\/picture>\n\t\t<\/a>\n\t<\/p>\n\n\n","protected":false},"excerpt":{"rendered":"<p>A taxa extra na conta de luz, n\u00edvel da bandeira vermelha dois, cobrada a cada 100 quilowatts-hora, pode passar de R$ 6,24 para um valor entre R$ 11,50 e R$ 12,00, segundo c\u00e1lculos da \u00e1rea t\u00e9cnica da Ag\u00eancia Nacional de Energia El\u00e9trica (Aneel). As informa\u00e7\u00f5es s\u00e3o do jornal O Estado de S. Paulo. Cosern (CSRN3). [&hellip;]<\/p>\n","protected":false},"author":73,"featured_media":139581,"comment_status":"closed","ping_status":"closed","sticky":false,"template":"","format":"standard","meta":[],"categories":[62],"tags":[106075,896,421,455,106081,2153,1135,721,585,106360],"suno_strategy":[],"class_list":["post-162054","post","type-post","status-publish","format-standard","has-post-thumbnail","hentry","category-economia","tag-aes-brasil-aesb3","tag-aneel","tag-cesp-cesp3-cesp5-cesp6","tag-eletrobras-elet3-elet5-elet6","tag-energia","tag-energia-eletrica","tag-energia-eolica","tag-ibovespa","tag-omega-geracao-omge3","tag-setor-eletrico"],"yoast_head":"<!-- This site is optimized with the Yoast SEO plugin v24.4 - https:\/\/yoast.com\/wordpress\/plugins\/seo\/ -->\n<title>Conta de luz pode ter aumento de 92% em taxa extra, prev\u00ea Aneel<\/title>\n<meta name=\"description\" content=\"A Aneel prev\u00ea um aumento de quase o dobro na taxa extra da conta de luz como forma de evitar racionamento de energia. Clique aqui e leia mais\" \/>\n<meta name=\"robots\" content=\"index, follow, max-snippet:-1, max-image-preview:large, max-video-preview:-1\" \/>\n<link rel=\"canonical\" href=\"https:\/\/www.suno.com.br\/noticias\/conta-de-luz-aumento-taxa-extra-aneel\/\" \/>\n<meta property=\"og:locale\" content=\"pt_BR\" \/>\n<meta property=\"og:type\" content=\"article\" \/>\n<meta property=\"og:title\" content=\"Conta de luz pode ter aumento de 92% em taxa extra, prev\u00ea Aneel\" \/>\n<meta property=\"og:description\" content=\"A Aneel prev\u00ea um aumento de quase o dobro na taxa extra da conta de luz como forma de evitar racionamento de energia. Clique aqui e leia mais\" \/>\n<meta property=\"og:url\" content=\"https:\/\/www.suno.com.br\/noticias\/conta-de-luz-aumento-taxa-extra-aneel\/\" \/>\n<meta property=\"og:site_name\" content=\"Suno Not\u00edcias\" \/>\n<meta property=\"article:publisher\" content=\"https:\/\/facebook.com\/sunoresearch\" \/>\n<meta property=\"og:image\" content=\"https:\/\/files.sunoresearch.com.br\/n\/uploads\/2021\/04\/e394fe78-column-high-voltage-2392632_1280.jpg\" \/>\n\t<meta property=\"og:image:width\" content=\"1280\" \/>\n\t<meta property=\"og:image:height\" content=\"852\" \/>\n\t<meta property=\"og:image:type\" content=\"image\/jpeg\" \/>\n<meta name=\"author\" content=\"Eduardo Vargas\" \/>\n<meta name=\"twitter:card\" content=\"summary_large_image\" \/>\n<meta name=\"twitter:creator\" content=\"@sunoresearch\" \/>\n<meta name=\"twitter:site\" content=\"@sunoresearch\" \/>\n<meta name=\"twitter:label1\" content=\"Escrito por\" \/>\n\t<meta name=\"twitter:data1\" content=\"Eduardo Vargas\" \/>\n\t<meta name=\"twitter:label2\" content=\"Est. tempo de leitura\" \/>\n\t<meta name=\"twitter:data2\" content=\"2 minutos\" \/>\n<script type=\"application\/ld+json\" class=\"yoast-schema-graph\">{\"@context\":\"https:\/\/schema.org\",\"@graph\":[{\"@type\":\"NewsArticle\",\"@id\":\"https:\/\/www.suno.com.br\/noticias\/conta-de-luz-aumento-taxa-extra-aneel\/#article\",\"isPartOf\":{\"@id\":\"https:\/\/www.suno.com.br\/noticias\/conta-de-luz-aumento-taxa-extra-aneel\/\"},\"author\":{\"name\":\"Eduardo Vargas\",\"@id\":\"https:\/\/www.suno.com.br\/noticias\/#\/schema\/person\/7f4d362bf3518e76090143ae77bb49a5\"},\"headline\":\"Conta de luz pode ter aumento de 92% em taxa extra, prev\u00ea \u00e1rea t\u00e9cnica Aneel\",\"datePublished\":\"2021-06-29T15:01:01+00:00\",\"dateModified\":\"2021-06-29T16:01:50+00:00\",\"mainEntityOfPage\":{\"@id\":\"https:\/\/www.suno.com.br\/noticias\/conta-de-luz-aumento-taxa-extra-aneel\/\"},\"wordCount\":485,\"publisher\":{\"@id\":\"https:\/\/www.suno.com.br\/noticias\/#organization\"},\"image\":{\"@id\":\"https:\/\/www.suno.com.br\/noticias\/conta-de-luz-aumento-taxa-extra-aneel\/#primaryimage\"},\"thumbnailUrl\":\"https:\/\/files.sunoresearch.com.br\/n\/uploads\/2021\/04\/e394fe78-column-high-voltage-2392632_1280-jpg.webp\",\"keywords\":[\"AES Brasil (AESB3)\",\"Aneel\",\"Cesp (CESP3\/CESP5\/CESP6)\",\"Eletrobras (ELET3\/ELET5\/ELET6)\",\"energia\",\"energia el\u00e9trica\",\"energia e\u00f3lica\",\"Ibovespa\",\"Omega Gera\u00e7\u00e3o (OMGE3)\",\"Setor el\u00e9trico\"],\"articleSection\":[\"Economia\"],\"inLanguage\":\"pt-BR\"},{\"@type\":\"WebPage\",\"@id\":\"https:\/\/www.suno.com.br\/noticias\/conta-de-luz-aumento-taxa-extra-aneel\/\",\"url\":\"https:\/\/www.suno.com.br\/noticias\/conta-de-luz-aumento-taxa-extra-aneel\/\",\"name\":\"Conta de luz pode ter aumento de 92% em taxa extra, prev\u00ea Aneel\",\"isPartOf\":{\"@id\":\"https:\/\/www.suno.com.br\/noticias\/#website\"},\"primaryImageOfPage\":{\"@id\":\"https:\/\/www.suno.com.br\/noticias\/conta-de-luz-aumento-taxa-extra-aneel\/#primaryimage\"},\"image\":{\"@id\":\"https:\/\/www.suno.com.br\/noticias\/conta-de-luz-aumento-taxa-extra-aneel\/#primaryimage\"},\"thumbnailUrl\":\"https:\/\/files.sunoresearch.com.br\/n\/uploads\/2021\/04\/e394fe78-column-high-voltage-2392632_1280-jpg.webp\",\"datePublished\":\"2021-06-29T15:01:01+00:00\",\"dateModified\":\"2021-06-29T16:01:50+00:00\",\"description\":\"A Aneel prev\u00ea um aumento de quase o dobro na taxa extra da conta de luz como forma de evitar racionamento de energia. Clique aqui e leia mais\",\"breadcrumb\":{\"@id\":\"https:\/\/www.suno.com.br\/noticias\/conta-de-luz-aumento-taxa-extra-aneel\/#breadcrumb\"},\"inLanguage\":\"pt-BR\",\"potentialAction\":[{\"@type\":\"ReadAction\",\"target\":[\"https:\/\/www.suno.com.br\/noticias\/conta-de-luz-aumento-taxa-extra-aneel\/\"]}]},{\"@type\":\"ImageObject\",\"inLanguage\":\"pt-BR\",\"@id\":\"https:\/\/www.suno.com.br\/noticias\/conta-de-luz-aumento-taxa-extra-aneel\/#primaryimage\",\"url\":\"https:\/\/files.sunoresearch.com.br\/n\/uploads\/2021\/04\/e394fe78-column-high-voltage-2392632_1280-jpg.webp\",\"contentUrl\":\"https:\/\/files.sunoresearch.com.br\/n\/uploads\/2021\/04\/e394fe78-column-high-voltage-2392632_1280-jpg.webp\",\"width\":1280,\"height\":852,\"caption\":\"Cosern (CSRN3). Foto: Pixabay.\"},{\"@type\":\"BreadcrumbList\",\"@id\":\"https:\/\/www.suno.com.br\/noticias\/conta-de-luz-aumento-taxa-extra-aneel\/#breadcrumb\",\"itemListElement\":[{\"@type\":\"ListItem\",\"position\":1,\"name\":\"Not\u00edcias\",\"item\":\"https:\/\/www.suno.com.br\/noticias\/\"},{\"@type\":\"ListItem\",\"position\":2,\"name\":\"Economia\",\"item\":\"https:\/\/www.suno.com.br\/noticias\/economia\/\"},{\"@type\":\"ListItem\",\"position\":3,\"name\":\"Conta de luz pode ter aumento de 92% em taxa extra, prev\u00ea \u00e1rea t\u00e9cnica Aneel\"}]},{\"@type\":\"WebSite\",\"@id\":\"https:\/\/www.suno.com.br\/noticias\/#website\",\"url\":\"https:\/\/www.suno.com.br\/noticias\/\",\"name\":\"Suno Not\u00edcias\",\"description\":\"Seu portal de informa\u00e7\u00e3o sobre o mundo dos investimentos\",\"publisher\":{\"@id\":\"https:\/\/www.suno.com.br\/noticias\/#organization\"},\"potentialAction\":[{\"@type\":\"SearchAction\",\"target\":{\"@type\":\"EntryPoint\",\"urlTemplate\":\"https:\/\/www.suno.com.br\/noticias\/?s={search_term_string}\"},\"query-input\":{\"@type\":\"PropertyValueSpecification\",\"valueRequired\":true,\"valueName\":\"search_term_string\"}}],\"inLanguage\":\"pt-BR\"},{\"@type\":\"Organization\",\"@id\":\"https:\/\/www.suno.com.br\/noticias\/#organization\",\"name\":\"Suno Not\u00edcias\",\"url\":\"https:\/\/www.suno.com.br\/noticias\/\",\"logo\":{\"@type\":\"ImageObject\",\"inLanguage\":\"pt-BR\",\"@id\":\"https:\/\/www.suno.com.br\/noticias\/#\/schema\/logo\/image\/\",\"url\":\"https:\/\/files.sunoresearch.com.br\/n\/uploads\/2021\/09\/suno-logo.png\",\"contentUrl\":\"https:\/\/files.sunoresearch.com.br\/n\/uploads\/2021\/09\/suno-logo.png\",\"width\":180,\"height\":180,\"caption\":\"Suno Not\u00edcias\"},\"image\":{\"@id\":\"https:\/\/www.suno.com.br\/noticias\/#\/schema\/logo\/image\/\"},\"sameAs\":[\"https:\/\/facebook.com\/sunoresearch\",\"https:\/\/x.com\/sunoresearch\",\"https:\/\/www.instagram.com\/suno\",\"https:\/\/www.linkedin.com\/company\/suno-research\/\",\"https:\/\/www.youtube.com\/c\/sunoresearch\"]},{\"@type\":\"Person\",\"@id\":\"https:\/\/www.suno.com.br\/noticias\/#\/schema\/person\/7f4d362bf3518e76090143ae77bb49a5\",\"name\":\"Eduardo Vargas\",\"image\":{\"@type\":\"ImageObject\",\"inLanguage\":\"pt-BR\",\"@id\":\"https:\/\/www.suno.com.br\/noticias\/#\/schema\/person\/image\/\",\"url\":\"https:\/\/secure.gravatar.com\/avatar\/dac340933427a22924c9f99d1eb2e3f2?s=96&r=g\",\"contentUrl\":\"https:\/\/secure.gravatar.com\/avatar\/dac340933427a22924c9f99d1eb2e3f2?s=96&r=g\",\"caption\":\"Eduardo Vargas\"},\"description\":\"Jornalista formado pela UFSC, cobre macroeconomia, neg\u00f3cios e startups para o Suno Not\u00edcias, escrevendo principalmente not\u00edcias sobre o mercado financeiro e a bolsa de valores. No YouTube e no Instagram, \u00e9 respons\u00e1vel pela produ\u00e7\u00e3o de Reels e Shorts do Suno Not\u00edcias. Anteriormente, trabalhou cobrindo economia e cotidiano no ND+ e para o ND, maior jornal impresso de Santa Catarina. Cursou um semestre letivo de Estudos de M\u00eddia na Universidad de Buenos Aires.\",\"url\":\"https:\/\/www.suno.com.br\/noticias\/author\/eduardo-vargas\/\"}]}<\/script>\n<!-- \/ Yoast SEO plugin. -->","yoast_head_json":{"title":"Conta de luz pode ter aumento de 92% em taxa extra, prev\u00ea Aneel","description":"A Aneel prev\u00ea um aumento de quase o dobro na taxa extra da conta de luz como forma de evitar racionamento de energia. Clique aqui e leia mais","robots":{"index":"index","follow":"follow","max-snippet":"max-snippet:-1","max-image-preview":"max-image-preview:large","max-video-preview":"max-video-preview:-1"},"canonical":"https:\/\/www.suno.com.br\/noticias\/conta-de-luz-aumento-taxa-extra-aneel\/","og_locale":"pt_BR","og_type":"article","og_title":"Conta de luz pode ter aumento de 92% em taxa extra, prev\u00ea Aneel","og_description":"A Aneel prev\u00ea um aumento de quase o dobro na taxa extra da conta de luz como forma de evitar racionamento de energia. Clique aqui e leia mais","og_url":"https:\/\/www.suno.com.br\/noticias\/conta-de-luz-aumento-taxa-extra-aneel\/","og_site_name":"Suno Not\u00edcias","article_publisher":"https:\/\/facebook.com\/sunoresearch","og_image":[{"width":1280,"height":852,"url":"https:\/\/files.sunoresearch.com.br\/n\/uploads\/2021\/04\/e394fe78-column-high-voltage-2392632_1280.jpg","type":"image\/jpeg"}],"author":"Eduardo Vargas","twitter_card":"summary_large_image","twitter_creator":"@sunoresearch","twitter_site":"@sunoresearch","twitter_misc":{"Escrito por":"Eduardo Vargas","Est. tempo de leitura":"2 minutos"},"schema":{"@context":"https:\/\/schema.org","@graph":[{"@type":"NewsArticle","@id":"https:\/\/www.suno.com.br\/noticias\/conta-de-luz-aumento-taxa-extra-aneel\/#article","isPartOf":{"@id":"https:\/\/www.suno.com.br\/noticias\/conta-de-luz-aumento-taxa-extra-aneel\/"},"author":{"name":"Eduardo Vargas","@id":"https:\/\/www.suno.com.br\/noticias\/#\/schema\/person\/7f4d362bf3518e76090143ae77bb49a5"},"headline":"Conta de luz pode ter aumento de 92% em taxa extra, prev\u00ea \u00e1rea t\u00e9cnica Aneel","datePublished":"2021-06-29T15:01:01+00:00","dateModified":"2021-06-29T16:01:50+00:00","mainEntityOfPage":{"@id":"https:\/\/www.suno.com.br\/noticias\/conta-de-luz-aumento-taxa-extra-aneel\/"},"wordCount":485,"publisher":{"@id":"https:\/\/www.suno.com.br\/noticias\/#organization"},"image":{"@id":"https:\/\/www.suno.com.br\/noticias\/conta-de-luz-aumento-taxa-extra-aneel\/#primaryimage"},"thumbnailUrl":"https:\/\/files.sunoresearch.com.br\/n\/uploads\/2021\/04\/e394fe78-column-high-voltage-2392632_1280-jpg.webp","keywords":["AES Brasil (AESB3)","Aneel","Cesp (CESP3\/CESP5\/CESP6)","Eletrobras (ELET3\/ELET5\/ELET6)","energia","energia el\u00e9trica","energia e\u00f3lica","Ibovespa","Omega Gera\u00e7\u00e3o (OMGE3)","Setor el\u00e9trico"],"articleSection":["Economia"],"inLanguage":"pt-BR"},{"@type":"WebPage","@id":"https:\/\/www.suno.com.br\/noticias\/conta-de-luz-aumento-taxa-extra-aneel\/","url":"https:\/\/www.suno.com.br\/noticias\/conta-de-luz-aumento-taxa-extra-aneel\/","name":"Conta de luz pode ter aumento de 92% em taxa extra, prev\u00ea Aneel","isPartOf":{"@id":"https:\/\/www.suno.com.br\/noticias\/#website"},"primaryImageOfPage":{"@id":"https:\/\/www.suno.com.br\/noticias\/conta-de-luz-aumento-taxa-extra-aneel\/#primaryimage"},"image":{"@id":"https:\/\/www.suno.com.br\/noticias\/conta-de-luz-aumento-taxa-extra-aneel\/#primaryimage"},"thumbnailUrl":"https:\/\/files.sunoresearch.com.br\/n\/uploads\/2021\/04\/e394fe78-column-high-voltage-2392632_1280-jpg.webp","datePublished":"2021-06-29T15:01:01+00:00","dateModified":"2021-06-29T16:01:50+00:00","description":"A Aneel prev\u00ea um aumento de quase o dobro na taxa extra da conta de luz como forma de evitar racionamento de energia. Clique aqui e leia mais","breadcrumb":{"@id":"https:\/\/www.suno.com.br\/noticias\/conta-de-luz-aumento-taxa-extra-aneel\/#breadcrumb"},"inLanguage":"pt-BR","potentialAction":[{"@type":"ReadAction","target":["https:\/\/www.suno.com.br\/noticias\/conta-de-luz-aumento-taxa-extra-aneel\/"]}]},{"@type":"ImageObject","inLanguage":"pt-BR","@id":"https:\/\/www.suno.com.br\/noticias\/conta-de-luz-aumento-taxa-extra-aneel\/#primaryimage","url":"https:\/\/files.sunoresearch.com.br\/n\/uploads\/2021\/04\/e394fe78-column-high-voltage-2392632_1280-jpg.webp","contentUrl":"https:\/\/files.sunoresearch.com.br\/n\/uploads\/2021\/04\/e394fe78-column-high-voltage-2392632_1280-jpg.webp","width":1280,"height":852,"caption":"Cosern (CSRN3). Foto: Pixabay."},{"@type":"BreadcrumbList","@id":"https:\/\/www.suno.com.br\/noticias\/conta-de-luz-aumento-taxa-extra-aneel\/#breadcrumb","itemListElement":[{"@type":"ListItem","position":1,"name":"Not\u00edcias","item":"https:\/\/www.suno.com.br\/noticias\/"},{"@type":"ListItem","position":2,"name":"Economia","item":"https:\/\/www.suno.com.br\/noticias\/economia\/"},{"@type":"ListItem","position":3,"name":"Conta de luz pode ter aumento de 92% em taxa extra, prev\u00ea \u00e1rea t\u00e9cnica Aneel"}]},{"@type":"WebSite","@id":"https:\/\/www.suno.com.br\/noticias\/#website","url":"https:\/\/www.suno.com.br\/noticias\/","name":"Suno Not\u00edcias","description":"Seu portal de informa\u00e7\u00e3o sobre o mundo dos investimentos","publisher":{"@id":"https:\/\/www.suno.com.br\/noticias\/#organization"},"potentialAction":[{"@type":"SearchAction","target":{"@type":"EntryPoint","urlTemplate":"https:\/\/www.suno.com.br\/noticias\/?s={search_term_string}"},"query-input":{"@type":"PropertyValueSpecification","valueRequired":true,"valueName":"search_term_string"}}],"inLanguage":"pt-BR"},{"@type":"Organization","@id":"https:\/\/www.suno.com.br\/noticias\/#organization","name":"Suno Not\u00edcias","url":"https:\/\/www.suno.com.br\/noticias\/","logo":{"@type":"ImageObject","inLanguage":"pt-BR","@id":"https:\/\/www.suno.com.br\/noticias\/#\/schema\/logo\/image\/","url":"https:\/\/files.sunoresearch.com.br\/n\/uploads\/2021\/09\/suno-logo.png","contentUrl":"https:\/\/files.sunoresearch.com.br\/n\/uploads\/2021\/09\/suno-logo.png","width":180,"height":180,"caption":"Suno Not\u00edcias"},"image":{"@id":"https:\/\/www.suno.com.br\/noticias\/#\/schema\/logo\/image\/"},"sameAs":["https:\/\/facebook.com\/sunoresearch","https:\/\/x.com\/sunoresearch","https:\/\/www.instagram.com\/suno","https:\/\/www.linkedin.com\/company\/suno-research\/","https:\/\/www.youtube.com\/c\/sunoresearch"]},{"@type":"Person","@id":"https:\/\/www.suno.com.br\/noticias\/#\/schema\/person\/7f4d362bf3518e76090143ae77bb49a5","name":"Eduardo Vargas","image":{"@type":"ImageObject","inLanguage":"pt-BR","@id":"https:\/\/www.suno.com.br\/noticias\/#\/schema\/person\/image\/","url":"https:\/\/secure.gravatar.com\/avatar\/dac340933427a22924c9f99d1eb2e3f2?s=96&r=g","contentUrl":"https:\/\/secure.gravatar.com\/avatar\/dac340933427a22924c9f99d1eb2e3f2?s=96&r=g","caption":"Eduardo Vargas"},"description":"Jornalista formado pela UFSC, cobre macroeconomia, neg\u00f3cios e startups para o Suno Not\u00edcias, escrevendo principalmente not\u00edcias sobre o mercado financeiro e a bolsa de valores. No YouTube e no Instagram, \u00e9 respons\u00e1vel pela produ\u00e7\u00e3o de Reels e Shorts do Suno Not\u00edcias. Anteriormente, trabalhou cobrindo economia e cotidiano no ND+ e para o ND, maior jornal impresso de Santa Catarina. Cursou um semestre letivo de Estudos de M\u00eddia na Universidad de Buenos Aires.","url":"https:\/\/www.suno.com.br\/noticias\/author\/eduardo-vargas\/"}]}},"default_loop_html":"<div class=\"cardsPage__listCard__boxs\"><div class=\"cardsPage__listCard__boxs__img\"><a href=\"https:\/\/www.suno.com.br\/noticias\/conta-de-luz-aumento-taxa-extra-aneel\/\"><img class=\"mask\" src=\"https:\/\/www.suno.com.br\/noticias\/wp-content\/themes\/suno\/resources\/images\/spotlight\/spotlight1img\/bg-mask.png\" alt=\"Image Mask\"\/><img src=\"https:\/\/files.sunoresearch.com.br\/n\/uploads\/2021\/04\/e394fe78-column-high-voltage-2392632_1280-400x200.webp\" alt=\"Conta de luz pode ter aumento de 92% em taxa extra, prev\u00ea \u00e1rea t\u00e9cnica Aneel\"\/><\/a><span class=\"spotlightCategory\"><a href=\"https:\/\/www.suno.com.br\/noticias\/economia\/\">Economia<\/a><\/span><\/div><div class=\"cardsPage__listCard__boxs__content\"><a href=\"https:\/\/www.suno.com.br\/noticias\/conta-de-luz-aumento-taxa-extra-aneel\/\"><h2 class=\"content__title\">Conta de luz pode ter aumento de 92% em taxa extra, prev\u00ea \u00e1rea t\u00e9cnica Aneel<\/h2><\/a><div class=\"newsContent__article__meta\"><div class=\"newsContent__article__meta__authorBox\"><a href=\"https:\/\/www.suno.com.br\/noticias\/author\/eduardo-vargas\/\" class=\"authorBox__avatar noMobi\"><img src=\"https:\/\/secure.gravatar.com\/avatar\/dac340933427a22924c9f99d1eb2e3f2?s=96&#038;r=g\" alt=\"Eduardo Vargas\"><\/a><div class=\"authorBox__name\"><span>por\n\t\t\t<a href=\"https:\/\/www.suno.com.br\/noticias\/author\/eduardo-vargas\/\"><span itemprop=\"author\">Eduardo Vargas<\/span><\/a><\/span><time datetime=\"2021-06-29T12:01:01-03:00\" itemprop=\"datePublished\">29\/06\/2021 12:01<\/time><\/div><\/div><\/div><\/div><\/div>","single_layout":"posts","amp_enabled":true,"_links":{"self":[{"href":"https:\/\/www.suno.com.br\/noticias\/wp-json\/wp\/v2\/posts\/162054"}],"collection":[{"href":"https:\/\/www.suno.com.br\/noticias\/wp-json\/wp\/v2\/posts"}],"about":[{"href":"https:\/\/www.suno.com.br\/noticias\/wp-json\/wp\/v2\/types\/post"}],"author":[{"embeddable":true,"href":"https:\/\/www.suno.com.br\/noticias\/wp-json\/wp\/v2\/users\/73"}],"replies":[{"embeddable":true,"href":"https:\/\/www.suno.com.br\/noticias\/wp-json\/wp\/v2\/comments?post=162054"}],"version-history":[{"count":4,"href":"https:\/\/www.suno.com.br\/noticias\/wp-json\/wp\/v2\/posts\/162054\/revisions"}],"predecessor-version":[{"id":162126,"href":"https:\/\/www.suno.com.br\/noticias\/wp-json\/wp\/v2\/posts\/162054\/revisions\/162126"}],"wp:featuredmedia":[{"embeddable":true,"href":"https:\/\/www.suno.com.br\/noticias\/wp-json\/wp\/v2\/media\/139581"}],"wp:attachment":[{"href":"https:\/\/www.suno.com.br\/noticias\/wp-json\/wp\/v2\/media?parent=162054"}],"wp:term":[{"taxonomy":"category","embeddable":true,"href":"https:\/\/www.suno.com.br\/noticias\/wp-json\/wp\/v2\/categories?post=162054"},{"taxonomy":"post_tag","embeddable":true,"href":"https:\/\/www.suno.com.br\/noticias\/wp-json\/wp\/v2\/tags?post=162054"},{"taxonomy":"suno_strategy","embeddable":true,"href":"https:\/\/www.suno.com.br\/noticias\/wp-json\/wp\/v2\/suno_strategy?post=162054"}],"curies":[{"name":"wp","href":"https:\/\/api.w.org\/{rel}","templated":true}]}}