{"id":162022,"date":"2021-06-29T08:16:15","date_gmt":"2021-06-29T11:16:15","guid":{"rendered":"https:\/\/www.suno.com.br\/noticias\/?p=162022"},"modified":"2021-06-29T08:17:25","modified_gmt":"2021-06-29T11:17:25","slug":"igp-m-desacelera-junho-alta-de-3575-12-meses","status":"publish","type":"post","link":"https:\/\/www.suno.com.br\/noticias\/igp-m-desacelera-junho-alta-de-3575-12-meses\/","title":{"rendered":"IGP-M desacelera para 0,60% em junho e acumula alta de 35,75% em 12 meses"},"content":{"rendered":"<p>O <a href=\"https:\/\/www.suno.com.br\/artigos\/igp-m\/\">\u00cdndice Geral de Pre\u00e7os \u2013 Mercado <strong>(IGP-M<\/strong>)<\/a> subiu 0,60% em junho, ante a alta de 4,10% no m\u00eas passado, informou a Funda\u00e7\u00e3o Getulio Vargas (FGV) nesta ter\u00e7a-feira (29).<\/p>\t<div class=\"wrapper-featured-image\">\n\t\t<figure class=\"spotlightImg\">\n\n\t\t\t<picture>\n\t\t\t\t<source media=\"(max-width: 768px)\" srcset=\"https:\/\/files.sunoresearch.com.br\/n\/uploads\/2021\/04\/5bf3085f-buildings-4640671_1280-400x200.webp\">\n\t\t\t\t<img loading=\"lazy\" decoding=\"async\" class=\"newsContent__article__imgCapa lazyloadDisabled \" src=\"https:\/\/files.sunoresearch.com.br\/n\/uploads\/2021\/04\/5bf3085f-buildings-4640671_1280-800x450.webp\" width=\"800\" height=\"450\" alt=\"IGP-M desacelera para 0,60% em junho e acumula alta de 35,75% em 12 meses\" fetchpriority=high \/>\n\t\t\t<\/picture>\n\n\t\t\t<figcaption class=\"wp-caption-text wp-caption-text--show\">Dividendos do Fundos Imobili\u00e1rios - Foto: Pixabay<\/figcaption>\n\t\t<\/figure>\n\t<\/div>\n\n\n\t<p>\n\t\t<a href=\"https:\/\/lp.suno.com.br\/planilha-controle-gastos\/\" target=\"_blank\" data-element=\"shortcode-suno-banner\" title=\"Banner SUNO, clique e saiba mais\">\n\t\t\t<picture>\n\t\t\t\t<source media=\"(max-width: 500px)\" srcset=\"https:\/\/files.sunoresearch.com.br\/n\/uploads\/2023\/03\/400x300-Planilha-controle-de-gastos.png\">\n\t\t\t\t<img class=\"newsContent__article__imgCapa newsContent__article__imgCapa--banner\"\n\t\t\t\t\tsrc=\"https:\/\/files.sunoresearch.com.br\/n\/uploads\/2023\/03\/1420x240-Planilha-controle-de-gastos.png\"\n\t\t\t\t\tdata-promo-id=\"101751\"\t\t\t\t\t\t\t\t\t\twidth='1420' height='240'\t\t\t\t\talt=\"https:\/\/files.sunoresearch.com.br\/n\/uploads\/2023\/03\/1420x240-Planilha-controle-de-gastos.png\"\n\t\t\t\t>\n\t\t\t<\/picture>\n\t\t<\/a>\n\t<\/p>\n\n\n<p>O \u00edndice, usado no reajuste de <strong>contratos de aluguel<\/strong> em todo o pa\u00eds, acumula alta de 15,08% no ano e de 35,75% nos \u00faltimos 12 meses. Em junho do ano passado, o IGP-M havia registrado alta de 7,31% em 12 meses.<\/p>\n<p>De acordo com o coordenador dos \u00edndices de pre\u00e7os da FGV, Andr\u00e9 Braz, a desacelera\u00e7\u00e3o aconteceu devido \u00e0 valoriza\u00e7\u00e3o do real ante a queda dos pre\u00e7os das <strong>commodities<\/strong> em d\u00f3lar.<\/p>\n\t<p>\n\t\t<a href=\"https:\/\/lp.suno.com.br\/planilha-da-vida-financeira\/\" target=\"_blank\" data-element=\"shortcode-suno-banner\" title=\"Banner SUNO, clique e saiba mais\">\n\t\t\t<picture>\n\t\t\t\t<source media=\"(max-width: 500px)\" srcset=\"https:\/\/files.sunoresearch.com.br\/n\/uploads\/2023\/04\/400x300-Planilha-vida-financeira-true.png\">\n\t\t\t\t<img class=\"newsContent__article__imgCapa newsContent__article__imgCapa--banner\"\n\t\t\t\t\tsrc=\"https:\/\/files.sunoresearch.com.br\/n\/uploads\/2023\/04\/1420x240-Planilha-vida-financeira-true.png\"\n\t\t\t\t\tdata-promo-id=\"106682\"\t\t\t\t\t\t\t\t\t\twidth='1420' height='240'\t\t\t\t\talt=\"https:\/\/files.sunoresearch.com.br\/n\/uploads\/2023\/04\/1420x240-Planilha-vida-financeira-true.png\"\n\t\t\t\t>\n\t\t\t<\/picture>\n\t\t<\/a>\n\t<\/p>\n\n\n<p>&#8220;A combina\u00e7\u00e3o de valoriza\u00e7\u00e3o do real com recuo dos pre\u00e7os em <strong>d\u00f3lar<\/strong> de commodities importantes, fez o grupo em mat\u00e9rias-primas brutas do IPA cair 1,28% em junho, ante alta de 10,15% no m\u00eas passado. Com este movimento, a taxa do IPA registrou expressiva desacelera\u00e7\u00e3o fechando o m\u00eas com alta de 0,24%&#8221;, disse Braz.<\/p>\n<h2>Indicadores do IGP-M<\/h2>\n<p>O medidor (IGP-M) \u00e9 composto por outros tr\u00eas indicadores:<\/p>\n<ul>\n<li><strong>\u00cdndice de Pre\u00e7os por Atacado- Mercado (IPA-M)<\/strong>;<\/li>\n<li><strong>\u00cdndice de Pre\u00e7os ao Consumidor \u2013 Mercado (IPC-M)<\/strong>;<\/li>\n<li><strong>\u00cdndice Nacional do Custo da Constru\u00e7\u00e3o \u2013 Mercado (INCC-M)<\/strong>.<\/li>\n<\/ul>\n<p>O \u00cdndice de Pre\u00e7os ao Produtor Amplo (<strong>IPA<\/strong>) tem peso de 60% no IGP-M. O IPA subiu 0,42% em junho, ante 5,23% em mar\u00e7o. Na an\u00e1lise por est\u00e1gios de processamento, a taxa do grupo Bens Finais subiu 1,32% em junho. No m\u00eas anterior, o \u00edndice havia registrado taxa de 1,59%.<\/p>\n<p>A principal contribui\u00e7\u00e3o para este resultado partiu do subgrupo alimentos processados, cuja taxa passou de 2,98% para 2,45%, no mesmo per\u00edodo.<\/p>\n<p>Contribu\u00edram para o recuo da taxa do grupo os seguintes itens:<\/p>\n<ul>\n<li>min\u00e9rio de ferro (20,64% para -3,04%)<\/li>\n<li>milho em gr\u00e3o (10,48% para-5,50%)<\/li>\n<li>soja em gr\u00e3o (3,74% para-4,71%)<\/li>\n<\/ul>\n<p>Em sentindo oposto, destacam-se os seguintes itens:<\/p>\n<ul>\n<li>leite in natura (1,24% para6,20%)<\/li>\n<li>bovinos (0,41% para 1,19%)<\/li>\n<li>aves (3,82% para 4,96%)<\/li>\n<\/ul>\n<h2>IPC-M<\/h2>\n<p>Este \u00edndice tem o peso de 30% sobre o IGP-M. O <strong>IPC-M<\/strong> subiu 0,57% em junho, ante 0,61% em mar\u00e7o. Cinco das oito classes de despesa componentes do \u00edndice registraram decr\u00e9scimo em suas taxas de varia\u00e7\u00e3o<\/p>\n<ul>\n<li>Sa\u00fade e Cuidados Pessoais (0,89% para 0,07%)<\/li>\n<li>Comunica\u00e7\u00e3o (0,67% para -0,03%)<\/li>\n<li>Habita\u00e7\u00e3o (1,16% para 1,10%)<\/li>\n<li>Vestu\u00e1rio (0,45% para 0,40%)<\/li>\n<li>Educa\u00e7\u00e3o, Leitura e Recrea\u00e7\u00e3o (-0,59% para -0,69%)<\/li>\n<\/ul>\n<p>Em contrapartida, os seguintes grupos apresentaram decr\u00e9scimo nas taxas de varia\u00e7\u00f5es dos seguintes grupos:<\/p>\n<ul>\n<li>Transportes (0,75% para 1,43%)<\/li>\n<li>Despesas Diversas (0,19% para 0,29%)<\/li>\n<\/ul>\n<h2>INCC-M<\/h2>\n<p>O \u00cdndice Nacional de Custo da Constru\u00e7\u00e3o (INCC) tem o peso de 10% no\u00a0<strong>IGP-M<\/strong>. O INCC subiu 2,30% em junho, ante 1,80% no m\u00eas anterior. Os tr\u00eas grupos componentes registraram as seguintes varia\u00e7\u00f5es na passagem de fevereiro para mar\u00e7o:<\/p>\n<ul>\n<li>Materiais e Equipamentos (2,93% para 1,75%)<\/li>\n<li>Servi\u00e7os (0,95% para 1,19%)<\/li>\n<li>M\u00e3o de Obra (0,99% para 2,98%)<\/li>\n<\/ul>\n<p>O\u00a0<strong>IGP-M<\/strong>\u00a0sofre influ\u00eancias das oscila\u00e7\u00f5es do\u00a0<a href=\"https:\/\/www.suno.com.br\/artigos\/investir-em-dolar\/\">d\u00f3lar<\/a>. Al\u00e9m disso, tamb\u00e9m tem base nas cota\u00e7\u00f5es internacionais de produtos prim\u00e1rios, como commodities e metais.<\/p>\n\t<p>\n\t\t<a href=\"https:\/\/lp.suno.com.br\/planilha-de-controle-de-investimentos\/\" target=\"_blank\" data-element=\"shortcode-suno-banner\" title=\"Banner SUNO, clique e saiba mais\">\n\t\t\t<picture>\n\t\t\t\t<source media=\"(max-width: 500px)\" srcset=\"https:\/\/files.sunoresearch.com.br\/n\/uploads\/2023\/03\/400x300-Controle-de-Investimentos.png\">\n\t\t\t\t<img class=\"newsContent__article__imgCapa newsContent__article__imgCapa--banner\"\n\t\t\t\t\tsrc=\"https:\/\/files.sunoresearch.com.br\/n\/uploads\/2023\/03\/1420x240-Controle-de-Investimentos.png\"\n\t\t\t\t\tdata-promo-id=\"75934\"\t\t\t\t\t\t\t\t\t\twidth='1420' height='240'\t\t\t\t\talt=\"https:\/\/files.sunoresearch.com.br\/n\/uploads\/2023\/03\/1420x240-Controle-de-Investimentos.png\"\n\t\t\t\t>\n\t\t\t<\/picture>\n\t\t<\/a>\n\t<\/p>\n\n\n","protected":false},"excerpt":{"rendered":"<p>O \u00cdndice Geral de Pre\u00e7os \u2013 Mercado (IGP-M) subiu 0,60% em junho, ante a alta de 4,10% no m\u00eas passado, informou a Funda\u00e7\u00e3o Getulio Vargas (FGV) nesta ter\u00e7a-feira (29). Dividendos do Fundos Imobili\u00e1rios &#8211; Foto: Pixabay O \u00edndice, usado no reajuste de contratos de aluguel em todo o pa\u00eds, acumula alta de 15,08% no ano [&hellip;]<\/p>\n","protected":false},"author":15,"featured_media":138362,"comment_status":"closed","ping_status":"closed","sticky":false,"template":"","format":"standard","meta":[],"categories":[62],"tags":[1045],"suno_strategy":[],"class_list":["post-162022","post","type-post","status-publish","format-standard","has-post-thumbnail","hentry","category-economia","tag-igp-m"],"yoast_head":"<!-- This site is optimized with the Yoast SEO plugin v24.4 - https:\/\/yoast.com\/wordpress\/plugins\/seo\/ -->\n<title>IGP-M desacelera em junho e acumula alta de 35,75% em 12 meses<\/title>\n<meta name=\"description\" content=\"O IGP-M subiu 0,60% em junho, ante a alta de 4,10% no m\u00eas passado, informou a FGV nesta ter\u00e7a-feira (29). Para saber mais clique aqui\" \/>\n<meta name=\"robots\" content=\"index, follow, max-snippet:-1, max-image-preview:large, max-video-preview:-1\" \/>\n<link rel=\"canonical\" href=\"https:\/\/www.suno.com.br\/noticias\/igp-m-desacelera-junho-alta-de-3575-12-meses\/\" \/>\n<meta property=\"og:locale\" content=\"pt_BR\" \/>\n<meta property=\"og:type\" content=\"article\" \/>\n<meta property=\"og:title\" content=\"IGP-M desacelera em junho e acumula alta de 35,75% em 12 meses\" \/>\n<meta property=\"og:description\" content=\"O IGP-M subiu 0,60% em junho, ante a alta de 4,10% no m\u00eas passado, informou a FGV nesta ter\u00e7a-feira (29). Para saber mais clique aqui\" \/>\n<meta property=\"og:url\" content=\"https:\/\/www.suno.com.br\/noticias\/igp-m-desacelera-junho-alta-de-3575-12-meses\/\" \/>\n<meta property=\"og:site_name\" content=\"Suno Not\u00edcias\" \/>\n<meta property=\"article:publisher\" content=\"https:\/\/facebook.com\/sunoresearch\" \/>\n<meta property=\"og:image\" content=\"https:\/\/files.sunoresearch.com.br\/n\/uploads\/2021\/04\/5bf3085f-buildings-4640671_1280.jpg\" \/>\n\t<meta property=\"og:image:width\" content=\"1280\" \/>\n\t<meta property=\"og:image:height\" content=\"854\" \/>\n\t<meta property=\"og:image:type\" content=\"image\/jpeg\" \/>\n<meta name=\"author\" content=\"Poliana Santos\" \/>\n<meta name=\"twitter:card\" content=\"summary_large_image\" \/>\n<meta name=\"twitter:creator\" content=\"@sunoresearch\" \/>\n<meta name=\"twitter:site\" content=\"@sunoresearch\" \/>\n<meta name=\"twitter:label1\" content=\"Escrito por\" \/>\n\t<meta name=\"twitter:data1\" content=\"Poliana Santos\" \/>\n\t<meta name=\"twitter:label2\" content=\"Est. tempo de leitura\" \/>\n\t<meta name=\"twitter:data2\" content=\"2 minutos\" \/>\n<script type=\"application\/ld+json\" class=\"yoast-schema-graph\">{\"@context\":\"https:\/\/schema.org\",\"@graph\":[{\"@type\":\"NewsArticle\",\"@id\":\"https:\/\/www.suno.com.br\/noticias\/igp-m-desacelera-junho-alta-de-3575-12-meses\/#article\",\"isPartOf\":{\"@id\":\"https:\/\/www.suno.com.br\/noticias\/igp-m-desacelera-junho-alta-de-3575-12-meses\/\"},\"author\":{\"name\":\"Poliana Santos\",\"@id\":\"https:\/\/www.suno.com.br\/noticias\/#\/schema\/person\/02ec1f752758247878a2bf4abee1aeda\"},\"headline\":\"IGP-M desacelera para 0,60% em junho e acumula alta de 35,75% em 12 meses\",\"datePublished\":\"2021-06-29T11:16:15+00:00\",\"dateModified\":\"2021-06-29T11:17:25+00:00\",\"mainEntityOfPage\":{\"@id\":\"https:\/\/www.suno.com.br\/noticias\/igp-m-desacelera-junho-alta-de-3575-12-meses\/\"},\"wordCount\":497,\"publisher\":{\"@id\":\"https:\/\/www.suno.com.br\/noticias\/#organization\"},\"image\":{\"@id\":\"https:\/\/www.suno.com.br\/noticias\/igp-m-desacelera-junho-alta-de-3575-12-meses\/#primaryimage\"},\"thumbnailUrl\":\"https:\/\/files.sunoresearch.com.br\/n\/uploads\/2021\/04\/5bf3085f-buildings-4640671_1280-jpg.webp\",\"keywords\":[\"IGP-M\"],\"articleSection\":[\"Economia\"],\"inLanguage\":\"pt-BR\"},{\"@type\":\"WebPage\",\"@id\":\"https:\/\/www.suno.com.br\/noticias\/igp-m-desacelera-junho-alta-de-3575-12-meses\/\",\"url\":\"https:\/\/www.suno.com.br\/noticias\/igp-m-desacelera-junho-alta-de-3575-12-meses\/\",\"name\":\"IGP-M desacelera em junho e acumula alta de 35,75% em 12 meses\",\"isPartOf\":{\"@id\":\"https:\/\/www.suno.com.br\/noticias\/#website\"},\"primaryImageOfPage\":{\"@id\":\"https:\/\/www.suno.com.br\/noticias\/igp-m-desacelera-junho-alta-de-3575-12-meses\/#primaryimage\"},\"image\":{\"@id\":\"https:\/\/www.suno.com.br\/noticias\/igp-m-desacelera-junho-alta-de-3575-12-meses\/#primaryimage\"},\"thumbnailUrl\":\"https:\/\/files.sunoresearch.com.br\/n\/uploads\/2021\/04\/5bf3085f-buildings-4640671_1280-jpg.webp\",\"datePublished\":\"2021-06-29T11:16:15+00:00\",\"dateModified\":\"2021-06-29T11:17:25+00:00\",\"description\":\"O IGP-M subiu 0,60% em junho, ante a alta de 4,10% no m\u00eas passado, informou a FGV nesta ter\u00e7a-feira (29). Para saber mais clique aqui\",\"breadcrumb\":{\"@id\":\"https:\/\/www.suno.com.br\/noticias\/igp-m-desacelera-junho-alta-de-3575-12-meses\/#breadcrumb\"},\"inLanguage\":\"pt-BR\",\"potentialAction\":[{\"@type\":\"ReadAction\",\"target\":[\"https:\/\/www.suno.com.br\/noticias\/igp-m-desacelera-junho-alta-de-3575-12-meses\/\"]}]},{\"@type\":\"ImageObject\",\"inLanguage\":\"pt-BR\",\"@id\":\"https:\/\/www.suno.com.br\/noticias\/igp-m-desacelera-junho-alta-de-3575-12-meses\/#primaryimage\",\"url\":\"https:\/\/files.sunoresearch.com.br\/n\/uploads\/2021\/04\/5bf3085f-buildings-4640671_1280-jpg.webp\",\"contentUrl\":\"https:\/\/files.sunoresearch.com.br\/n\/uploads\/2021\/04\/5bf3085f-buildings-4640671_1280-jpg.webp\",\"width\":1280,\"height\":854,\"caption\":\"Dividendos do Fundos Imobili\u00e1rios - Foto: Pixabay\"},{\"@type\":\"BreadcrumbList\",\"@id\":\"https:\/\/www.suno.com.br\/noticias\/igp-m-desacelera-junho-alta-de-3575-12-meses\/#breadcrumb\",\"itemListElement\":[{\"@type\":\"ListItem\",\"position\":1,\"name\":\"Not\u00edcias\",\"item\":\"https:\/\/www.suno.com.br\/noticias\/\"},{\"@type\":\"ListItem\",\"position\":2,\"name\":\"Economia\",\"item\":\"https:\/\/www.suno.com.br\/noticias\/economia\/\"},{\"@type\":\"ListItem\",\"position\":3,\"name\":\"IGP-M desacelera para 0,60% em junho e acumula alta de 35,75% em 12 meses\"}]},{\"@type\":\"WebSite\",\"@id\":\"https:\/\/www.suno.com.br\/noticias\/#website\",\"url\":\"https:\/\/www.suno.com.br\/noticias\/\",\"name\":\"Suno Not\u00edcias\",\"description\":\"Seu portal de informa\u00e7\u00e3o sobre o mundo dos investimentos\",\"publisher\":{\"@id\":\"https:\/\/www.suno.com.br\/noticias\/#organization\"},\"potentialAction\":[{\"@type\":\"SearchAction\",\"target\":{\"@type\":\"EntryPoint\",\"urlTemplate\":\"https:\/\/www.suno.com.br\/noticias\/?s={search_term_string}\"},\"query-input\":{\"@type\":\"PropertyValueSpecification\",\"valueRequired\":true,\"valueName\":\"search_term_string\"}}],\"inLanguage\":\"pt-BR\"},{\"@type\":\"Organization\",\"@id\":\"https:\/\/www.suno.com.br\/noticias\/#organization\",\"name\":\"Suno Not\u00edcias\",\"url\":\"https:\/\/www.suno.com.br\/noticias\/\",\"logo\":{\"@type\":\"ImageObject\",\"inLanguage\":\"pt-BR\",\"@id\":\"https:\/\/www.suno.com.br\/noticias\/#\/schema\/logo\/image\/\",\"url\":\"https:\/\/files.sunoresearch.com.br\/n\/uploads\/2021\/09\/suno-logo.png\",\"contentUrl\":\"https:\/\/files.sunoresearch.com.br\/n\/uploads\/2021\/09\/suno-logo.png\",\"width\":180,\"height\":180,\"caption\":\"Suno Not\u00edcias\"},\"image\":{\"@id\":\"https:\/\/www.suno.com.br\/noticias\/#\/schema\/logo\/image\/\"},\"sameAs\":[\"https:\/\/facebook.com\/sunoresearch\",\"https:\/\/x.com\/sunoresearch\",\"https:\/\/www.instagram.com\/suno\",\"https:\/\/www.linkedin.com\/company\/suno-research\/\",\"https:\/\/www.youtube.com\/c\/sunoresearch\"]},{\"@type\":\"Person\",\"@id\":\"https:\/\/www.suno.com.br\/noticias\/#\/schema\/person\/02ec1f752758247878a2bf4abee1aeda\",\"name\":\"Poliana Santos\",\"image\":{\"@type\":\"ImageObject\",\"inLanguage\":\"pt-BR\",\"@id\":\"https:\/\/www.suno.com.br\/noticias\/#\/schema\/person\/image\/\",\"url\":\"https:\/\/secure.gravatar.com\/avatar\/0645bd32f23d87b2130f2b2dff1d3f8d?s=96&r=g\",\"contentUrl\":\"https:\/\/secure.gravatar.com\/avatar\/0645bd32f23d87b2130f2b2dff1d3f8d?s=96&r=g\",\"caption\":\"Poliana Santos\"},\"description\":\"Rep\u00f3rter no Suno Not\u00edcias, com cobertura em mercado financeiro, economia, finan\u00e7as pessoais, renda fixa e varejo. Jornalista formada pela Faculdade C\u00e1sper L\u00edbero e possui passagem na R\u00e1dio Gazeta AM com a produ\u00e7\u00e3o de conte\u00fado sobre economia, pol\u00edtica, sa\u00fade, moda e m\u00fasica. Possui certificado de conclus\u00e3o do curso de An\u00e1lise de Balan\u00e7os pela Funda\u00e7\u00e3o Bradesco, Agenda Brasil pela FAAP, Educa\u00e7\u00e3o Pol\u00edtica por Alexandre Garcia e do Tesouro Direto e Mercado de A\u00e7\u00f5es pela B3.\",\"url\":\"https:\/\/www.suno.com.br\/noticias\/author\/poliana-santos\/\"}]}<\/script>\n<!-- \/ Yoast SEO plugin. -->","yoast_head_json":{"title":"IGP-M desacelera em junho e acumula alta de 35,75% em 12 meses","description":"O IGP-M subiu 0,60% em junho, ante a alta de 4,10% no m\u00eas passado, informou a FGV nesta ter\u00e7a-feira (29). Para saber mais clique aqui","robots":{"index":"index","follow":"follow","max-snippet":"max-snippet:-1","max-image-preview":"max-image-preview:large","max-video-preview":"max-video-preview:-1"},"canonical":"https:\/\/www.suno.com.br\/noticias\/igp-m-desacelera-junho-alta-de-3575-12-meses\/","og_locale":"pt_BR","og_type":"article","og_title":"IGP-M desacelera em junho e acumula alta de 35,75% em 12 meses","og_description":"O IGP-M subiu 0,60% em junho, ante a alta de 4,10% no m\u00eas passado, informou a FGV nesta ter\u00e7a-feira (29). Para saber mais clique aqui","og_url":"https:\/\/www.suno.com.br\/noticias\/igp-m-desacelera-junho-alta-de-3575-12-meses\/","og_site_name":"Suno Not\u00edcias","article_publisher":"https:\/\/facebook.com\/sunoresearch","og_image":[{"width":1280,"height":854,"url":"https:\/\/files.sunoresearch.com.br\/n\/uploads\/2021\/04\/5bf3085f-buildings-4640671_1280.jpg","type":"image\/jpeg"}],"author":"Poliana Santos","twitter_card":"summary_large_image","twitter_creator":"@sunoresearch","twitter_site":"@sunoresearch","twitter_misc":{"Escrito por":"Poliana Santos","Est. tempo de leitura":"2 minutos"},"schema":{"@context":"https:\/\/schema.org","@graph":[{"@type":"NewsArticle","@id":"https:\/\/www.suno.com.br\/noticias\/igp-m-desacelera-junho-alta-de-3575-12-meses\/#article","isPartOf":{"@id":"https:\/\/www.suno.com.br\/noticias\/igp-m-desacelera-junho-alta-de-3575-12-meses\/"},"author":{"name":"Poliana Santos","@id":"https:\/\/www.suno.com.br\/noticias\/#\/schema\/person\/02ec1f752758247878a2bf4abee1aeda"},"headline":"IGP-M desacelera para 0,60% em junho e acumula alta de 35,75% em 12 meses","datePublished":"2021-06-29T11:16:15+00:00","dateModified":"2021-06-29T11:17:25+00:00","mainEntityOfPage":{"@id":"https:\/\/www.suno.com.br\/noticias\/igp-m-desacelera-junho-alta-de-3575-12-meses\/"},"wordCount":497,"publisher":{"@id":"https:\/\/www.suno.com.br\/noticias\/#organization"},"image":{"@id":"https:\/\/www.suno.com.br\/noticias\/igp-m-desacelera-junho-alta-de-3575-12-meses\/#primaryimage"},"thumbnailUrl":"https:\/\/files.sunoresearch.com.br\/n\/uploads\/2021\/04\/5bf3085f-buildings-4640671_1280-jpg.webp","keywords":["IGP-M"],"articleSection":["Economia"],"inLanguage":"pt-BR"},{"@type":"WebPage","@id":"https:\/\/www.suno.com.br\/noticias\/igp-m-desacelera-junho-alta-de-3575-12-meses\/","url":"https:\/\/www.suno.com.br\/noticias\/igp-m-desacelera-junho-alta-de-3575-12-meses\/","name":"IGP-M desacelera em junho e acumula alta de 35,75% em 12 meses","isPartOf":{"@id":"https:\/\/www.suno.com.br\/noticias\/#website"},"primaryImageOfPage":{"@id":"https:\/\/www.suno.com.br\/noticias\/igp-m-desacelera-junho-alta-de-3575-12-meses\/#primaryimage"},"image":{"@id":"https:\/\/www.suno.com.br\/noticias\/igp-m-desacelera-junho-alta-de-3575-12-meses\/#primaryimage"},"thumbnailUrl":"https:\/\/files.sunoresearch.com.br\/n\/uploads\/2021\/04\/5bf3085f-buildings-4640671_1280-jpg.webp","datePublished":"2021-06-29T11:16:15+00:00","dateModified":"2021-06-29T11:17:25+00:00","description":"O IGP-M subiu 0,60% em junho, ante a alta de 4,10% no m\u00eas passado, informou a FGV nesta ter\u00e7a-feira (29). Para saber mais clique aqui","breadcrumb":{"@id":"https:\/\/www.suno.com.br\/noticias\/igp-m-desacelera-junho-alta-de-3575-12-meses\/#breadcrumb"},"inLanguage":"pt-BR","potentialAction":[{"@type":"ReadAction","target":["https:\/\/www.suno.com.br\/noticias\/igp-m-desacelera-junho-alta-de-3575-12-meses\/"]}]},{"@type":"ImageObject","inLanguage":"pt-BR","@id":"https:\/\/www.suno.com.br\/noticias\/igp-m-desacelera-junho-alta-de-3575-12-meses\/#primaryimage","url":"https:\/\/files.sunoresearch.com.br\/n\/uploads\/2021\/04\/5bf3085f-buildings-4640671_1280-jpg.webp","contentUrl":"https:\/\/files.sunoresearch.com.br\/n\/uploads\/2021\/04\/5bf3085f-buildings-4640671_1280-jpg.webp","width":1280,"height":854,"caption":"Dividendos do Fundos Imobili\u00e1rios - Foto: Pixabay"},{"@type":"BreadcrumbList","@id":"https:\/\/www.suno.com.br\/noticias\/igp-m-desacelera-junho-alta-de-3575-12-meses\/#breadcrumb","itemListElement":[{"@type":"ListItem","position":1,"name":"Not\u00edcias","item":"https:\/\/www.suno.com.br\/noticias\/"},{"@type":"ListItem","position":2,"name":"Economia","item":"https:\/\/www.suno.com.br\/noticias\/economia\/"},{"@type":"ListItem","position":3,"name":"IGP-M desacelera para 0,60% em junho e acumula alta de 35,75% em 12 meses"}]},{"@type":"WebSite","@id":"https:\/\/www.suno.com.br\/noticias\/#website","url":"https:\/\/www.suno.com.br\/noticias\/","name":"Suno Not\u00edcias","description":"Seu portal de informa\u00e7\u00e3o sobre o mundo dos investimentos","publisher":{"@id":"https:\/\/www.suno.com.br\/noticias\/#organization"},"potentialAction":[{"@type":"SearchAction","target":{"@type":"EntryPoint","urlTemplate":"https:\/\/www.suno.com.br\/noticias\/?s={search_term_string}"},"query-input":{"@type":"PropertyValueSpecification","valueRequired":true,"valueName":"search_term_string"}}],"inLanguage":"pt-BR"},{"@type":"Organization","@id":"https:\/\/www.suno.com.br\/noticias\/#organization","name":"Suno Not\u00edcias","url":"https:\/\/www.suno.com.br\/noticias\/","logo":{"@type":"ImageObject","inLanguage":"pt-BR","@id":"https:\/\/www.suno.com.br\/noticias\/#\/schema\/logo\/image\/","url":"https:\/\/files.sunoresearch.com.br\/n\/uploads\/2021\/09\/suno-logo.png","contentUrl":"https:\/\/files.sunoresearch.com.br\/n\/uploads\/2021\/09\/suno-logo.png","width":180,"height":180,"caption":"Suno Not\u00edcias"},"image":{"@id":"https:\/\/www.suno.com.br\/noticias\/#\/schema\/logo\/image\/"},"sameAs":["https:\/\/facebook.com\/sunoresearch","https:\/\/x.com\/sunoresearch","https:\/\/www.instagram.com\/suno","https:\/\/www.linkedin.com\/company\/suno-research\/","https:\/\/www.youtube.com\/c\/sunoresearch"]},{"@type":"Person","@id":"https:\/\/www.suno.com.br\/noticias\/#\/schema\/person\/02ec1f752758247878a2bf4abee1aeda","name":"Poliana Santos","image":{"@type":"ImageObject","inLanguage":"pt-BR","@id":"https:\/\/www.suno.com.br\/noticias\/#\/schema\/person\/image\/","url":"https:\/\/secure.gravatar.com\/avatar\/0645bd32f23d87b2130f2b2dff1d3f8d?s=96&r=g","contentUrl":"https:\/\/secure.gravatar.com\/avatar\/0645bd32f23d87b2130f2b2dff1d3f8d?s=96&r=g","caption":"Poliana Santos"},"description":"Rep\u00f3rter no Suno Not\u00edcias, com cobertura em mercado financeiro, economia, finan\u00e7as pessoais, renda fixa e varejo. Jornalista formada pela Faculdade C\u00e1sper L\u00edbero e possui passagem na R\u00e1dio Gazeta AM com a produ\u00e7\u00e3o de conte\u00fado sobre economia, pol\u00edtica, sa\u00fade, moda e m\u00fasica. Possui certificado de conclus\u00e3o do curso de An\u00e1lise de Balan\u00e7os pela Funda\u00e7\u00e3o Bradesco, Agenda Brasil pela FAAP, Educa\u00e7\u00e3o Pol\u00edtica por Alexandre Garcia e do Tesouro Direto e Mercado de A\u00e7\u00f5es pela B3.","url":"https:\/\/www.suno.com.br\/noticias\/author\/poliana-santos\/"}]}},"default_loop_html":"<div class=\"cardsPage__listCard__boxs\"><div class=\"cardsPage__listCard__boxs__img\"><a href=\"https:\/\/www.suno.com.br\/noticias\/igp-m-desacelera-junho-alta-de-3575-12-meses\/\"><img class=\"mask\" src=\"https:\/\/www.suno.com.br\/noticias\/wp-content\/themes\/suno\/resources\/images\/spotlight\/spotlight1img\/bg-mask.png\" alt=\"Image Mask\"\/><img src=\"https:\/\/files.sunoresearch.com.br\/n\/uploads\/2021\/04\/5bf3085f-buildings-4640671_1280-400x200.webp\" alt=\"IGP-M desacelera para 0,60% em junho e acumula alta de 35,75% em 12 meses\"\/><\/a><span class=\"spotlightCategory\"><a href=\"https:\/\/www.suno.com.br\/noticias\/economia\/\">Economia<\/a><\/span><\/div><div class=\"cardsPage__listCard__boxs__content\"><a href=\"https:\/\/www.suno.com.br\/noticias\/igp-m-desacelera-junho-alta-de-3575-12-meses\/\"><h2 class=\"content__title\">IGP-M desacelera para 0,60% em junho e acumula alta de 35,75% em 12 meses<\/h2><\/a><div class=\"newsContent__article__meta\"><div class=\"newsContent__article__meta__authorBox\"><a href=\"https:\/\/www.suno.com.br\/noticias\/author\/poliana-santos\/\" class=\"authorBox__avatar noMobi\"><img src=\"https:\/\/files.sunoresearch.com.br\/n\/uploads\/2020\/08\/7ef34026-whatsapp-image-2020-08-03-at-12.37.57-150x150.webp\" alt=\"Poliana Santos\"><\/a><div class=\"authorBox__name\"><span>por\n\t\t\t<a href=\"https:\/\/www.suno.com.br\/noticias\/author\/poliana-santos\/\"><span itemprop=\"author\">Poliana Santos<\/span><\/a><\/span><time datetime=\"2021-06-29T08:16:15-03:00\" itemprop=\"datePublished\">29\/06\/2021 08:16<\/time><\/div><\/div><\/div><\/div><\/div>","single_layout":"posts","amp_enabled":true,"_links":{"self":[{"href":"https:\/\/www.suno.com.br\/noticias\/wp-json\/wp\/v2\/posts\/162022"}],"collection":[{"href":"https:\/\/www.suno.com.br\/noticias\/wp-json\/wp\/v2\/posts"}],"about":[{"href":"https:\/\/www.suno.com.br\/noticias\/wp-json\/wp\/v2\/types\/post"}],"author":[{"embeddable":true,"href":"https:\/\/www.suno.com.br\/noticias\/wp-json\/wp\/v2\/users\/15"}],"replies":[{"embeddable":true,"href":"https:\/\/www.suno.com.br\/noticias\/wp-json\/wp\/v2\/comments?post=162022"}],"version-history":[{"count":3,"href":"https:\/\/www.suno.com.br\/noticias\/wp-json\/wp\/v2\/posts\/162022\/revisions"}],"predecessor-version":[{"id":162037,"href":"https:\/\/www.suno.com.br\/noticias\/wp-json\/wp\/v2\/posts\/162022\/revisions\/162037"}],"wp:featuredmedia":[{"embeddable":true,"href":"https:\/\/www.suno.com.br\/noticias\/wp-json\/wp\/v2\/media\/138362"}],"wp:attachment":[{"href":"https:\/\/www.suno.com.br\/noticias\/wp-json\/wp\/v2\/media?parent=162022"}],"wp:term":[{"taxonomy":"category","embeddable":true,"href":"https:\/\/www.suno.com.br\/noticias\/wp-json\/wp\/v2\/categories?post=162022"},{"taxonomy":"post_tag","embeddable":true,"href":"https:\/\/www.suno.com.br\/noticias\/wp-json\/wp\/v2\/tags?post=162022"},{"taxonomy":"suno_strategy","embeddable":true,"href":"https:\/\/www.suno.com.br\/noticias\/wp-json\/wp\/v2\/suno_strategy?post=162022"}],"curies":[{"name":"wp","href":"https:\/\/api.w.org\/{rel}","templated":true}]}}