{"id":161939,"date":"2021-06-28T19:32:37","date_gmt":"2021-06-28T22:32:37","guid":{"rendered":"https:\/\/www.suno.com.br\/noticias\/?p=161939"},"modified":"2021-06-28T19:32:37","modified_gmt":"2021-06-28T22:32:37","slug":"incorporacao-cs-frotas-reforca-movida-movi3","status":"publish","type":"post","link":"https:\/\/www.suno.com.br\/noticias\/incorporacao-cs-frotas-reforca-movida-movi3\/","title":{"rendered":"Incorpora\u00e7\u00e3o da CS Frotas refor\u00e7a posi\u00e7\u00e3o da Movida (MOVI3); analistas recomendam Compra"},"content":{"rendered":"<p>A <a class=\"suno-keyword\" href=\"https:\/\/www.suno.com.br\/acoes\/SIMH3\/\" target=\"_blank\" rel=\"noopener noreferrer\" data-force=\"yes\" data-priority=\"2\">Simpar (SIMH3)<\/a> prop\u00f4s a incorpora\u00e7\u00e3o das a\u00e7\u00f5es da subsidi\u00e1ria integral CS Frotas \u00e0 <a href=\"https:\/\/www.suno.com.br\/acoes\/MOVI3\/\"><strong>Movida<\/strong> (MOVI3)<\/a>, uma medida vista como positiva por analistas do Safra e da XP.<\/p>\t<div class=\"wrapper-featured-image\">\n\t\t<figure class=\"spotlightImg\">\n\n\t\t\t<picture>\n\t\t\t\t<source media=\"(max-width: 768px)\" srcset=\"https:\/\/files.sunoresearch.com.br\/n\/uploads\/2021\/06\/30b48e84-42453964_2153993824624647_7154324344334712832_n-400x200.webp\">\n\t\t\t\t<img loading=\"lazy\" decoding=\"async\" class=\"newsContent__article__imgCapa lazyloadDisabled \" src=\"https:\/\/files.sunoresearch.com.br\/n\/uploads\/2021\/06\/30b48e84-42453964_2153993824624647_7154324344334712832_n-800x450.webp\" width=\"800\" height=\"450\" alt=\"Incorpora\u00e7\u00e3o da CS Frotas refor\u00e7a posi\u00e7\u00e3o da Movida (MOVI3); analistas recomendam Compra\" fetchpriority=high \/>\n\t\t\t<\/picture>\n\n\t\t\t<figcaption class=\"wp-caption-text wp-caption-text--show\">Movida (MOVI3). Foto: Reprodu\u00e7\u00e3o Facebook<\/figcaption>\n\t\t<\/figure>\n\t<\/div>\n\n\n\t<p>\n\t\t<a href=\"https:\/\/lp.suno.com.br\/planilha-controle-gastos\/\" target=\"_blank\" data-element=\"shortcode-suno-banner\" title=\"Banner SUNO, clique e saiba mais\">\n\t\t\t<picture>\n\t\t\t\t<source media=\"(max-width: 500px)\" srcset=\"https:\/\/files.sunoresearch.com.br\/n\/uploads\/2023\/03\/400x300-Planilha-controle-de-gastos.png\">\n\t\t\t\t<img class=\"newsContent__article__imgCapa newsContent__article__imgCapa--banner\"\n\t\t\t\t\tsrc=\"https:\/\/files.sunoresearch.com.br\/n\/uploads\/2023\/03\/1420x240-Planilha-controle-de-gastos.png\"\n\t\t\t\t\tdata-promo-id=\"101751\"\t\t\t\t\t\t\t\t\t\twidth='1420' height='240'\t\t\t\t\talt=\"https:\/\/files.sunoresearch.com.br\/n\/uploads\/2023\/03\/1420x240-Planilha-controle-de-gastos.png\"\n\t\t\t\t>\n\t\t\t<\/picture>\n\t\t<\/a>\n\t<\/p>\n\n\n<p>Pela proposta, a <strong>Simpar<\/strong> receberia 63.381.072 novas a\u00e7\u00f5es de emiss\u00e3o da Movida, corresponde a um valor de R$ 1,215 bilh\u00e3o. Ap\u00f3s a transa\u00e7\u00e3o, a <a href=\"https:\/\/www.suno.com.br\/artigos\/o-que-e-uma-holding\/\">holding de transportes<\/a> passaria a deter 62,96% do capital social total da locadora.<\/p>\n<p><iframe loading=\"lazy\" id=\"doc_81152\" class=\"scribd_iframe_embed\" title=\"Document 73\" src=\"https:\/\/pt.scribd.com\/embeds\/513406248\/content?start_page=4&amp;view_mode=scroll&amp;access_key=key-VHJIiB9jYLLg0zxJRB5B\" width=\"600\" height=\"800\" frameborder=\"0\" scrolling=\"no\" data-auto-height=\"false\" data-aspect-ratio=\"0.75\"><\/iframe><\/p>\n<p>A <strong>CS Frotas<\/strong> \u00e9 o sexto maior player de aluguel de frotas do Pa\u00eds, com uma frota de cerca de 17 mil ve\u00edculos. O foco da opera\u00e7\u00e3o est\u00e1 em autom\u00f3veis leves para clientes do setor p\u00fablico e empresas de economia mista. A incorpora\u00e7\u00e3o \u00e0 Movida, cuja frota chega a aproximadamente 52 mil ve\u00edculos, criaria a segunda maior opera\u00e7\u00e3o do Brasil.<\/p>\n<p>&#8220;Damos as boas-vindas \u00e0 transa\u00e7\u00e3o potencial, pois: (i) faz sentido estrat\u00e9gico para Simpar e Movida; e (ii) o <a href=\"https:\/\/lp.suno.com.br\/minicurso-valuation\/\">valuation impl\u00edcito<\/a> parece justo tamb\u00e9m para ambos os grupos de acionistas,&#8221; escreveram Pedro Bruno, Lucas Laghi e Gabriela Ferrante em relat\u00f3rio da <strong>XP<\/strong>.<\/p>\n\t<p>\n\t\t<a href=\"https:\/\/lp.suno.com.br\/planilha-da-vida-financeira\/\" target=\"_blank\" data-element=\"shortcode-suno-banner\" title=\"Banner SUNO, clique e saiba mais\">\n\t\t\t<picture>\n\t\t\t\t<source media=\"(max-width: 500px)\" srcset=\"https:\/\/files.sunoresearch.com.br\/n\/uploads\/2023\/04\/400x300-Planilha-vida-financeira-true.png\">\n\t\t\t\t<img class=\"newsContent__article__imgCapa newsContent__article__imgCapa--banner\"\n\t\t\t\t\tsrc=\"https:\/\/files.sunoresearch.com.br\/n\/uploads\/2023\/04\/1420x240-Planilha-vida-financeira-true.png\"\n\t\t\t\t\tdata-promo-id=\"106682\"\t\t\t\t\t\t\t\t\t\twidth='1420' height='240'\t\t\t\t\talt=\"https:\/\/files.sunoresearch.com.br\/n\/uploads\/2023\/04\/1420x240-Planilha-vida-financeira-true.png\"\n\t\t\t\t>\n\t\t\t<\/picture>\n\t\t<\/a>\n\t<\/p>\n\n\n<p>Segundo a corretora, a CS Frotas traria uma oportunidade de crescimento para a Movida com redu\u00e7\u00e3o de alavancagem e sinergias, enquanto clientes do setor p\u00fablico se tornariam uma nova via de expans\u00e3o. A <strong>incorpora\u00e7\u00e3o<\/strong> ainda beneficiaria a holding devido a ganhos por meio da participa\u00e7\u00e3o e ao avan\u00e7o da estrat\u00e9gia de listar opera\u00e7\u00f5es relevantes.<\/p>\n<p>A XP tem recomenda\u00e7\u00e3o de Compra para Simpar e Movida, com pre\u00e7os-alvo de R$ 59,00 e R$ 23,00, respectivamente.<\/p>\n<h2>Movida refor\u00e7a posi\u00e7\u00e3o<\/h2>\n<p>Al\u00e9m disso, o <strong>Safra<\/strong> entendeu que o neg\u00f3cio seria capaz de desbloquear valor para a nova empresa via redu\u00e7\u00e3o do custo de implanta\u00e7\u00e3o e manuten\u00e7\u00e3o \u2014 com um ganho estimado de pelo menos R$ 10 milh\u00f5es ao ano \u2014 e da melhora da efici\u00eancia na aloca\u00e7\u00e3o da frota, elevando o <a href=\"https:\/\/www.suno.com.br\/artigos\/roe-e-roic-entenda-diferenca\/\">Retorno sobre Capital Investido (ROIC)<\/a>.<\/p>\n<p>&#8220;Com a aquisi\u00e7\u00e3o, acreditamos que a Movida (MOVI3) est\u00e1 refor\u00e7ando sua posi\u00e7\u00e3o como um dos principais players no neg\u00f3cio de gest\u00e3o de frotas no Brasil, a nosso ver o mais promissor para o crescimento no curto prazo,&#8221; disse a equipe de research do banco.<\/p>\n<p>O Safra possui rating de Compra para <strong>Movida<\/strong>, com pre\u00e7o-alvo de R$ 22,50.<\/p>\n\t<p>\n\t\t<a href=\"https:\/\/lp.suno.com.br\/planilha-de-controle-de-investimentos\/\" target=\"_blank\" data-element=\"shortcode-suno-banner\" title=\"Banner SUNO, clique e saiba mais\">\n\t\t\t<picture>\n\t\t\t\t<source media=\"(max-width: 500px)\" srcset=\"https:\/\/files.sunoresearch.com.br\/n\/uploads\/2023\/03\/400x300-Controle-de-Investimentos.png\">\n\t\t\t\t<img class=\"newsContent__article__imgCapa newsContent__article__imgCapa--banner\"\n\t\t\t\t\tsrc=\"https:\/\/files.sunoresearch.com.br\/n\/uploads\/2023\/03\/1420x240-Controle-de-Investimentos.png\"\n\t\t\t\t\tdata-promo-id=\"75934\"\t\t\t\t\t\t\t\t\t\twidth='1420' height='240'\t\t\t\t\talt=\"https:\/\/files.sunoresearch.com.br\/n\/uploads\/2023\/03\/1420x240-Controle-de-Investimentos.png\"\n\t\t\t\t>\n\t\t\t<\/picture>\n\t\t<\/a>\n\t<\/p>\n\n\n","protected":false},"excerpt":{"rendered":"<p>A Simpar (SIMH3) prop\u00f4s a incorpora\u00e7\u00e3o das a\u00e7\u00f5es da subsidi\u00e1ria integral CS Frotas \u00e0 Movida (MOVI3), uma medida vista como positiva por analistas do Safra e da XP. Movida (MOVI3). Foto: Reprodu\u00e7\u00e3o Facebook Pela proposta, a Simpar receberia 63.381.072 novas a\u00e7\u00f5es de emiss\u00e3o da Movida, corresponde a um valor de R$ 1,215 bilh\u00e3o. Ap\u00f3s a [&hellip;]<\/p>\n","protected":false},"author":35,"featured_media":161965,"comment_status":"closed","ping_status":"closed","sticky":false,"template":"","format":"standard","meta":[],"categories":[64],"tags":[1518,105816,567,76282,888],"suno_strategy":[],"class_list":["post-161939","post","type-post","status-publish","format-standard","has-post-thumbnail","hentry","category-negocios","tag-banco-safra","tag-especialistas","tag-movida-movi3","tag-simpar-simh3","tag-xp-investimentos"],"yoast_head":"<!-- This site is optimized with the Yoast SEO plugin v24.4 - https:\/\/yoast.com\/wordpress\/plugins\/seo\/ -->\n<title>Incorpora\u00e7\u00e3o da CS Frotas refor\u00e7a posi\u00e7\u00e3o da Movida (MOVI3)<\/title>\n<meta name=\"description\" content=\"A Simpar (SIMH3) prop\u00f4s a incorpora\u00e7\u00e3o da CS Frotas \u00e0 Movida (MOVI3), uma medida vista como positiva por analistas do Safra e da XP.\" \/>\n<meta name=\"robots\" content=\"index, follow, max-snippet:-1, max-image-preview:large, max-video-preview:-1\" \/>\n<link rel=\"canonical\" href=\"https:\/\/www.suno.com.br\/noticias\/incorporacao-cs-frotas-reforca-movida-movi3\/\" \/>\n<meta property=\"og:locale\" content=\"pt_BR\" \/>\n<meta property=\"og:type\" content=\"article\" \/>\n<meta property=\"og:title\" content=\"Incorpora\u00e7\u00e3o da CS Frotas refor\u00e7a posi\u00e7\u00e3o da Movida (MOVI3)\" \/>\n<meta property=\"og:description\" content=\"A Simpar (SIMH3) prop\u00f4s a incorpora\u00e7\u00e3o da CS Frotas \u00e0 Movida (MOVI3), uma medida vista como positiva por analistas do Safra e da XP.\" \/>\n<meta property=\"og:url\" content=\"https:\/\/www.suno.com.br\/noticias\/incorporacao-cs-frotas-reforca-movida-movi3\/\" \/>\n<meta property=\"og:site_name\" content=\"Suno Not\u00edcias\" \/>\n<meta property=\"article:publisher\" content=\"https:\/\/facebook.com\/sunoresearch\" \/>\n<meta property=\"og:image\" content=\"https:\/\/files.sunoresearch.com.br\/n\/uploads\/2021\/06\/30b48e84-42453964_2153993824624647_7154324344334712832_n.jpg\" \/>\n\t<meta property=\"og:image:width\" content=\"1280\" \/>\n\t<meta property=\"og:image:height\" content=\"960\" \/>\n\t<meta property=\"og:image:type\" content=\"image\/jpeg\" \/>\n<meta name=\"author\" content=\"Arthur Guimar\u00e3es\" \/>\n<meta name=\"twitter:card\" content=\"summary_large_image\" \/>\n<meta name=\"twitter:creator\" content=\"@sunoresearch\" \/>\n<meta name=\"twitter:site\" content=\"@sunoresearch\" \/>\n<meta name=\"twitter:label1\" content=\"Escrito por\" \/>\n\t<meta name=\"twitter:data1\" content=\"Arthur Guimar\u00e3es\" \/>\n\t<meta name=\"twitter:label2\" content=\"Est. tempo de leitura\" \/>\n\t<meta name=\"twitter:data2\" content=\"2 minutos\" \/>\n<script type=\"application\/ld+json\" class=\"yoast-schema-graph\">{\"@context\":\"https:\/\/schema.org\",\"@graph\":[{\"@type\":\"NewsArticle\",\"@id\":\"https:\/\/www.suno.com.br\/noticias\/incorporacao-cs-frotas-reforca-movida-movi3\/#article\",\"isPartOf\":{\"@id\":\"https:\/\/www.suno.com.br\/noticias\/incorporacao-cs-frotas-reforca-movida-movi3\/\"},\"author\":{\"name\":\"Arthur Guimar\u00e3es\",\"@id\":\"https:\/\/www.suno.com.br\/noticias\/#\/schema\/person\/053a750a709a263919a20f976caae91c\"},\"headline\":\"Incorpora\u00e7\u00e3o da CS Frotas refor\u00e7a posi\u00e7\u00e3o da Movida (MOVI3); analistas recomendam Compra\",\"datePublished\":\"2021-06-28T22:32:37+00:00\",\"mainEntityOfPage\":{\"@id\":\"https:\/\/www.suno.com.br\/noticias\/incorporacao-cs-frotas-reforca-movida-movi3\/\"},\"wordCount\":411,\"publisher\":{\"@id\":\"https:\/\/www.suno.com.br\/noticias\/#organization\"},\"image\":{\"@id\":\"https:\/\/www.suno.com.br\/noticias\/incorporacao-cs-frotas-reforca-movida-movi3\/#primaryimage\"},\"thumbnailUrl\":\"https:\/\/files.sunoresearch.com.br\/n\/uploads\/2021\/06\/30b48e84-42453964_2153993824624647_7154324344334712832_n-jpg.webp\",\"keywords\":[\"Banco Safra\",\"Especialistas\",\"Movida (MOVI3)\",\"Simpar (SIMH3)\",\"XP Investimentos\"],\"articleSection\":[\"Neg\u00f3cios\"],\"inLanguage\":\"pt-BR\"},{\"@type\":\"WebPage\",\"@id\":\"https:\/\/www.suno.com.br\/noticias\/incorporacao-cs-frotas-reforca-movida-movi3\/\",\"url\":\"https:\/\/www.suno.com.br\/noticias\/incorporacao-cs-frotas-reforca-movida-movi3\/\",\"name\":\"Incorpora\u00e7\u00e3o da CS Frotas refor\u00e7a posi\u00e7\u00e3o da Movida (MOVI3)\",\"isPartOf\":{\"@id\":\"https:\/\/www.suno.com.br\/noticias\/#website\"},\"primaryImageOfPage\":{\"@id\":\"https:\/\/www.suno.com.br\/noticias\/incorporacao-cs-frotas-reforca-movida-movi3\/#primaryimage\"},\"image\":{\"@id\":\"https:\/\/www.suno.com.br\/noticias\/incorporacao-cs-frotas-reforca-movida-movi3\/#primaryimage\"},\"thumbnailUrl\":\"https:\/\/files.sunoresearch.com.br\/n\/uploads\/2021\/06\/30b48e84-42453964_2153993824624647_7154324344334712832_n-jpg.webp\",\"datePublished\":\"2021-06-28T22:32:37+00:00\",\"description\":\"A Simpar (SIMH3) prop\u00f4s a incorpora\u00e7\u00e3o da CS Frotas \u00e0 Movida (MOVI3), uma medida vista como positiva por analistas do Safra e da XP.\",\"breadcrumb\":{\"@id\":\"https:\/\/www.suno.com.br\/noticias\/incorporacao-cs-frotas-reforca-movida-movi3\/#breadcrumb\"},\"inLanguage\":\"pt-BR\",\"potentialAction\":[{\"@type\":\"ReadAction\",\"target\":[\"https:\/\/www.suno.com.br\/noticias\/incorporacao-cs-frotas-reforca-movida-movi3\/\"]}]},{\"@type\":\"ImageObject\",\"inLanguage\":\"pt-BR\",\"@id\":\"https:\/\/www.suno.com.br\/noticias\/incorporacao-cs-frotas-reforca-movida-movi3\/#primaryimage\",\"url\":\"https:\/\/files.sunoresearch.com.br\/n\/uploads\/2021\/06\/30b48e84-42453964_2153993824624647_7154324344334712832_n-jpg.webp\",\"contentUrl\":\"https:\/\/files.sunoresearch.com.br\/n\/uploads\/2021\/06\/30b48e84-42453964_2153993824624647_7154324344334712832_n-jpg.webp\",\"width\":1280,\"height\":960,\"caption\":\"Movida (MOVI3). Foto: Reprodu\u00e7\u00e3o Facebook\"},{\"@type\":\"BreadcrumbList\",\"@id\":\"https:\/\/www.suno.com.br\/noticias\/incorporacao-cs-frotas-reforca-movida-movi3\/#breadcrumb\",\"itemListElement\":[{\"@type\":\"ListItem\",\"position\":1,\"name\":\"Not\u00edcias\",\"item\":\"https:\/\/www.suno.com.br\/noticias\/\"},{\"@type\":\"ListItem\",\"position\":2,\"name\":\"Neg\u00f3cios\",\"item\":\"https:\/\/www.suno.com.br\/noticias\/negocios\/\"},{\"@type\":\"ListItem\",\"position\":3,\"name\":\"Incorpora\u00e7\u00e3o da CS Frotas refor\u00e7a posi\u00e7\u00e3o da Movida (MOVI3); analistas recomendam Compra\"}]},{\"@type\":\"WebSite\",\"@id\":\"https:\/\/www.suno.com.br\/noticias\/#website\",\"url\":\"https:\/\/www.suno.com.br\/noticias\/\",\"name\":\"Suno Not\u00edcias\",\"description\":\"Seu portal de informa\u00e7\u00e3o sobre o mundo dos investimentos\",\"publisher\":{\"@id\":\"https:\/\/www.suno.com.br\/noticias\/#organization\"},\"potentialAction\":[{\"@type\":\"SearchAction\",\"target\":{\"@type\":\"EntryPoint\",\"urlTemplate\":\"https:\/\/www.suno.com.br\/noticias\/?s={search_term_string}\"},\"query-input\":{\"@type\":\"PropertyValueSpecification\",\"valueRequired\":true,\"valueName\":\"search_term_string\"}}],\"inLanguage\":\"pt-BR\"},{\"@type\":\"Organization\",\"@id\":\"https:\/\/www.suno.com.br\/noticias\/#organization\",\"name\":\"Suno Not\u00edcias\",\"url\":\"https:\/\/www.suno.com.br\/noticias\/\",\"logo\":{\"@type\":\"ImageObject\",\"inLanguage\":\"pt-BR\",\"@id\":\"https:\/\/www.suno.com.br\/noticias\/#\/schema\/logo\/image\/\",\"url\":\"https:\/\/files.sunoresearch.com.br\/n\/uploads\/2021\/09\/suno-logo.png\",\"contentUrl\":\"https:\/\/files.sunoresearch.com.br\/n\/uploads\/2021\/09\/suno-logo.png\",\"width\":180,\"height\":180,\"caption\":\"Suno Not\u00edcias\"},\"image\":{\"@id\":\"https:\/\/www.suno.com.br\/noticias\/#\/schema\/logo\/image\/\"},\"sameAs\":[\"https:\/\/facebook.com\/sunoresearch\",\"https:\/\/x.com\/sunoresearch\",\"https:\/\/www.instagram.com\/suno\",\"https:\/\/www.linkedin.com\/company\/suno-research\/\",\"https:\/\/www.youtube.com\/c\/sunoresearch\"]},{\"@type\":\"Person\",\"@id\":\"https:\/\/www.suno.com.br\/noticias\/#\/schema\/person\/053a750a709a263919a20f976caae91c\",\"name\":\"Arthur Guimar\u00e3es\",\"image\":{\"@type\":\"ImageObject\",\"inLanguage\":\"pt-BR\",\"@id\":\"https:\/\/www.suno.com.br\/noticias\/#\/schema\/person\/image\/\",\"url\":\"https:\/\/secure.gravatar.com\/avatar\/1affd86a11209ae09eb6dd3bcad3e96c?s=96&r=g\",\"contentUrl\":\"https:\/\/secure.gravatar.com\/avatar\/1affd86a11209ae09eb6dd3bcad3e96c?s=96&r=g\",\"caption\":\"Arthur Guimar\u00e3es\"},\"description\":\"Arthur Guimar\u00e3es escreve sobre pol\u00edtica, economia e neg\u00f3cios para o portal de not\u00edcias da Suno Research. Atualmente, \u00e9 estudante de jornalismo pela Faculdade C\u00e1sper L\u00edbero.\",\"url\":\"https:\/\/www.suno.com.br\/noticias\/author\/arthur-guimaraes\/\"}]}<\/script>\n<!-- \/ Yoast SEO plugin. -->","yoast_head_json":{"title":"Incorpora\u00e7\u00e3o da CS Frotas refor\u00e7a posi\u00e7\u00e3o da Movida (MOVI3)","description":"A Simpar (SIMH3) prop\u00f4s a incorpora\u00e7\u00e3o da CS Frotas \u00e0 Movida (MOVI3), uma medida vista como positiva por analistas do Safra e da XP.","robots":{"index":"index","follow":"follow","max-snippet":"max-snippet:-1","max-image-preview":"max-image-preview:large","max-video-preview":"max-video-preview:-1"},"canonical":"https:\/\/www.suno.com.br\/noticias\/incorporacao-cs-frotas-reforca-movida-movi3\/","og_locale":"pt_BR","og_type":"article","og_title":"Incorpora\u00e7\u00e3o da CS Frotas refor\u00e7a posi\u00e7\u00e3o da Movida (MOVI3)","og_description":"A Simpar (SIMH3) prop\u00f4s a incorpora\u00e7\u00e3o da CS Frotas \u00e0 Movida (MOVI3), uma medida vista como positiva por analistas do Safra e da XP.","og_url":"https:\/\/www.suno.com.br\/noticias\/incorporacao-cs-frotas-reforca-movida-movi3\/","og_site_name":"Suno Not\u00edcias","article_publisher":"https:\/\/facebook.com\/sunoresearch","og_image":[{"width":1280,"height":960,"url":"https:\/\/files.sunoresearch.com.br\/n\/uploads\/2021\/06\/30b48e84-42453964_2153993824624647_7154324344334712832_n.jpg","type":"image\/jpeg"}],"author":"Arthur Guimar\u00e3es","twitter_card":"summary_large_image","twitter_creator":"@sunoresearch","twitter_site":"@sunoresearch","twitter_misc":{"Escrito por":"Arthur Guimar\u00e3es","Est. tempo de leitura":"2 minutos"},"schema":{"@context":"https:\/\/schema.org","@graph":[{"@type":"NewsArticle","@id":"https:\/\/www.suno.com.br\/noticias\/incorporacao-cs-frotas-reforca-movida-movi3\/#article","isPartOf":{"@id":"https:\/\/www.suno.com.br\/noticias\/incorporacao-cs-frotas-reforca-movida-movi3\/"},"author":{"name":"Arthur Guimar\u00e3es","@id":"https:\/\/www.suno.com.br\/noticias\/#\/schema\/person\/053a750a709a263919a20f976caae91c"},"headline":"Incorpora\u00e7\u00e3o da CS Frotas refor\u00e7a posi\u00e7\u00e3o da Movida (MOVI3); analistas recomendam Compra","datePublished":"2021-06-28T22:32:37+00:00","mainEntityOfPage":{"@id":"https:\/\/www.suno.com.br\/noticias\/incorporacao-cs-frotas-reforca-movida-movi3\/"},"wordCount":411,"publisher":{"@id":"https:\/\/www.suno.com.br\/noticias\/#organization"},"image":{"@id":"https:\/\/www.suno.com.br\/noticias\/incorporacao-cs-frotas-reforca-movida-movi3\/#primaryimage"},"thumbnailUrl":"https:\/\/files.sunoresearch.com.br\/n\/uploads\/2021\/06\/30b48e84-42453964_2153993824624647_7154324344334712832_n-jpg.webp","keywords":["Banco Safra","Especialistas","Movida (MOVI3)","Simpar (SIMH3)","XP Investimentos"],"articleSection":["Neg\u00f3cios"],"inLanguage":"pt-BR"},{"@type":"WebPage","@id":"https:\/\/www.suno.com.br\/noticias\/incorporacao-cs-frotas-reforca-movida-movi3\/","url":"https:\/\/www.suno.com.br\/noticias\/incorporacao-cs-frotas-reforca-movida-movi3\/","name":"Incorpora\u00e7\u00e3o da CS Frotas refor\u00e7a posi\u00e7\u00e3o da Movida (MOVI3)","isPartOf":{"@id":"https:\/\/www.suno.com.br\/noticias\/#website"},"primaryImageOfPage":{"@id":"https:\/\/www.suno.com.br\/noticias\/incorporacao-cs-frotas-reforca-movida-movi3\/#primaryimage"},"image":{"@id":"https:\/\/www.suno.com.br\/noticias\/incorporacao-cs-frotas-reforca-movida-movi3\/#primaryimage"},"thumbnailUrl":"https:\/\/files.sunoresearch.com.br\/n\/uploads\/2021\/06\/30b48e84-42453964_2153993824624647_7154324344334712832_n-jpg.webp","datePublished":"2021-06-28T22:32:37+00:00","description":"A Simpar (SIMH3) prop\u00f4s a incorpora\u00e7\u00e3o da CS Frotas \u00e0 Movida (MOVI3), uma medida vista como positiva por analistas do Safra e da XP.","breadcrumb":{"@id":"https:\/\/www.suno.com.br\/noticias\/incorporacao-cs-frotas-reforca-movida-movi3\/#breadcrumb"},"inLanguage":"pt-BR","potentialAction":[{"@type":"ReadAction","target":["https:\/\/www.suno.com.br\/noticias\/incorporacao-cs-frotas-reforca-movida-movi3\/"]}]},{"@type":"ImageObject","inLanguage":"pt-BR","@id":"https:\/\/www.suno.com.br\/noticias\/incorporacao-cs-frotas-reforca-movida-movi3\/#primaryimage","url":"https:\/\/files.sunoresearch.com.br\/n\/uploads\/2021\/06\/30b48e84-42453964_2153993824624647_7154324344334712832_n-jpg.webp","contentUrl":"https:\/\/files.sunoresearch.com.br\/n\/uploads\/2021\/06\/30b48e84-42453964_2153993824624647_7154324344334712832_n-jpg.webp","width":1280,"height":960,"caption":"Movida (MOVI3). Foto: Reprodu\u00e7\u00e3o Facebook"},{"@type":"BreadcrumbList","@id":"https:\/\/www.suno.com.br\/noticias\/incorporacao-cs-frotas-reforca-movida-movi3\/#breadcrumb","itemListElement":[{"@type":"ListItem","position":1,"name":"Not\u00edcias","item":"https:\/\/www.suno.com.br\/noticias\/"},{"@type":"ListItem","position":2,"name":"Neg\u00f3cios","item":"https:\/\/www.suno.com.br\/noticias\/negocios\/"},{"@type":"ListItem","position":3,"name":"Incorpora\u00e7\u00e3o da CS Frotas refor\u00e7a posi\u00e7\u00e3o da Movida (MOVI3); analistas recomendam Compra"}]},{"@type":"WebSite","@id":"https:\/\/www.suno.com.br\/noticias\/#website","url":"https:\/\/www.suno.com.br\/noticias\/","name":"Suno Not\u00edcias","description":"Seu portal de informa\u00e7\u00e3o sobre o mundo dos investimentos","publisher":{"@id":"https:\/\/www.suno.com.br\/noticias\/#organization"},"potentialAction":[{"@type":"SearchAction","target":{"@type":"EntryPoint","urlTemplate":"https:\/\/www.suno.com.br\/noticias\/?s={search_term_string}"},"query-input":{"@type":"PropertyValueSpecification","valueRequired":true,"valueName":"search_term_string"}}],"inLanguage":"pt-BR"},{"@type":"Organization","@id":"https:\/\/www.suno.com.br\/noticias\/#organization","name":"Suno Not\u00edcias","url":"https:\/\/www.suno.com.br\/noticias\/","logo":{"@type":"ImageObject","inLanguage":"pt-BR","@id":"https:\/\/www.suno.com.br\/noticias\/#\/schema\/logo\/image\/","url":"https:\/\/files.sunoresearch.com.br\/n\/uploads\/2021\/09\/suno-logo.png","contentUrl":"https:\/\/files.sunoresearch.com.br\/n\/uploads\/2021\/09\/suno-logo.png","width":180,"height":180,"caption":"Suno Not\u00edcias"},"image":{"@id":"https:\/\/www.suno.com.br\/noticias\/#\/schema\/logo\/image\/"},"sameAs":["https:\/\/facebook.com\/sunoresearch","https:\/\/x.com\/sunoresearch","https:\/\/www.instagram.com\/suno","https:\/\/www.linkedin.com\/company\/suno-research\/","https:\/\/www.youtube.com\/c\/sunoresearch"]},{"@type":"Person","@id":"https:\/\/www.suno.com.br\/noticias\/#\/schema\/person\/053a750a709a263919a20f976caae91c","name":"Arthur Guimar\u00e3es","image":{"@type":"ImageObject","inLanguage":"pt-BR","@id":"https:\/\/www.suno.com.br\/noticias\/#\/schema\/person\/image\/","url":"https:\/\/secure.gravatar.com\/avatar\/1affd86a11209ae09eb6dd3bcad3e96c?s=96&r=g","contentUrl":"https:\/\/secure.gravatar.com\/avatar\/1affd86a11209ae09eb6dd3bcad3e96c?s=96&r=g","caption":"Arthur Guimar\u00e3es"},"description":"Arthur Guimar\u00e3es escreve sobre pol\u00edtica, economia e neg\u00f3cios para o portal de not\u00edcias da Suno Research. Atualmente, \u00e9 estudante de jornalismo pela Faculdade C\u00e1sper L\u00edbero.","url":"https:\/\/www.suno.com.br\/noticias\/author\/arthur-guimaraes\/"}]}},"default_loop_html":"<div class=\"cardsPage__listCard__boxs\"><div class=\"cardsPage__listCard__boxs__img\"><a href=\"https:\/\/www.suno.com.br\/noticias\/incorporacao-cs-frotas-reforca-movida-movi3\/\"><img class=\"mask\" src=\"https:\/\/www.suno.com.br\/noticias\/wp-content\/themes\/suno\/resources\/images\/spotlight\/spotlight1img\/bg-mask.png\" alt=\"Image Mask\"\/><img src=\"https:\/\/files.sunoresearch.com.br\/n\/uploads\/2021\/06\/30b48e84-42453964_2153993824624647_7154324344334712832_n-400x200.webp\" alt=\"Incorpora\u00e7\u00e3o da CS Frotas refor\u00e7a posi\u00e7\u00e3o da Movida (MOVI3); analistas recomendam Compra\"\/><\/a><span class=\"spotlightCategory\"><a href=\"https:\/\/www.suno.com.br\/noticias\/negocios\/\">Neg\u00f3cios<\/a><\/span><\/div><div class=\"cardsPage__listCard__boxs__content\"><a href=\"https:\/\/www.suno.com.br\/noticias\/incorporacao-cs-frotas-reforca-movida-movi3\/\"><h2 class=\"content__title\">Incorpora\u00e7\u00e3o da CS Frotas refor\u00e7a posi\u00e7\u00e3o da Movida (MOVI3); analistas recomendam Compra<\/h2><\/a><div class=\"newsContent__article__meta\"><div class=\"newsContent__article__meta__authorBox\"><a href=\"https:\/\/www.suno.com.br\/noticias\/author\/arthur-guimaraes\/\" class=\"authorBox__avatar noMobi\"><img src=\"https:\/\/files.sunoresearch.com.br\/n\/uploads\/2020\/02\/dfb40897-eu-150x150.webp\" alt=\"Arthur Guimar\u00e3es\"><\/a><div class=\"authorBox__name\"><span>por\n\t\t\t<a href=\"https:\/\/www.suno.com.br\/noticias\/author\/arthur-guimaraes\/\"><span itemprop=\"author\">Arthur Guimar\u00e3es<\/span><\/a><\/span><time datetime=\"2021-06-28T19:32:37-03:00\" itemprop=\"datePublished\">28\/06\/2021 19:32<\/time><\/div><\/div><\/div><\/div><\/div>","single_layout":"posts","amp_enabled":true,"_links":{"self":[{"href":"https:\/\/www.suno.com.br\/noticias\/wp-json\/wp\/v2\/posts\/161939"}],"collection":[{"href":"https:\/\/www.suno.com.br\/noticias\/wp-json\/wp\/v2\/posts"}],"about":[{"href":"https:\/\/www.suno.com.br\/noticias\/wp-json\/wp\/v2\/types\/post"}],"author":[{"embeddable":true,"href":"https:\/\/www.suno.com.br\/noticias\/wp-json\/wp\/v2\/users\/35"}],"replies":[{"embeddable":true,"href":"https:\/\/www.suno.com.br\/noticias\/wp-json\/wp\/v2\/comments?post=161939"}],"version-history":[{"count":3,"href":"https:\/\/www.suno.com.br\/noticias\/wp-json\/wp\/v2\/posts\/161939\/revisions"}],"predecessor-version":[{"id":161966,"href":"https:\/\/www.suno.com.br\/noticias\/wp-json\/wp\/v2\/posts\/161939\/revisions\/161966"}],"wp:featuredmedia":[{"embeddable":true,"href":"https:\/\/www.suno.com.br\/noticias\/wp-json\/wp\/v2\/media\/161965"}],"wp:attachment":[{"href":"https:\/\/www.suno.com.br\/noticias\/wp-json\/wp\/v2\/media?parent=161939"}],"wp:term":[{"taxonomy":"category","embeddable":true,"href":"https:\/\/www.suno.com.br\/noticias\/wp-json\/wp\/v2\/categories?post=161939"},{"taxonomy":"post_tag","embeddable":true,"href":"https:\/\/www.suno.com.br\/noticias\/wp-json\/wp\/v2\/tags?post=161939"},{"taxonomy":"suno_strategy","embeddable":true,"href":"https:\/\/www.suno.com.br\/noticias\/wp-json\/wp\/v2\/suno_strategy?post=161939"}],"curies":[{"name":"wp","href":"https:\/\/api.w.org\/{rel}","templated":true}]}}