{"id":161927,"date":"2021-06-28T21:49:06","date_gmt":"2021-06-29T00:49:06","guid":{"rendered":"https:\/\/www.suno.com.br\/noticias\/?p=161927"},"modified":"2021-06-28T21:49:06","modified_gmt":"2021-06-29T00:49:06","slug":"grandes-empresas-eua-vacinar","status":"publish","type":"post","link":"https:\/\/www.suno.com.br\/noticias\/grandes-empresas-eua-vacinar\/","title":{"rendered":"Grandes empresas dos EUA come\u00e7am a obrigar seus funcion\u00e1rios a se vacinar"},"content":{"rendered":"<p>O mundo corporativo dos Estados Unidos &#8211; e um n\u00famero crescente de empresas globais &#8211; est\u00e3o agindo para for\u00e7ar seus funcion\u00e1rios a se <strong>vacinar<\/strong> contra o coronav\u00edrus (covid-19) enquanto se preparam para um retorno, pelo menos parcial, ao trabalho presencial.<\/p>\t<div class=\"wrapper-featured-image\">\n\t\t<figure class=\"spotlightImg\">\n\n\t\t\t<picture>\n\t\t\t\t<source media=\"(max-width: 768px)\" srcset=\"https:\/\/files.sunoresearch.com.br\/n\/uploads\/2019\/10\/187ad634-morgan-stanley-400x200.webp\">\n\t\t\t\t<img loading=\"lazy\" decoding=\"async\" class=\"newsContent__article__imgCapa lazyloadDisabled \" src=\"https:\/\/files.sunoresearch.com.br\/n\/uploads\/2019\/10\/187ad634-morgan-stanley-800x450.webp\" width=\"800\" height=\"450\" alt=\"Grandes empresas dos EUA come\u00e7am a obrigar seus funcion\u00e1rios a se vacinar\" fetchpriority=high \/>\n\t\t\t<\/picture>\n\n\t\t\t<figcaption class=\"wp-caption-text wp-caption-text--show\">Grandes empresas dos EUA come\u00e7am a obrigar seus funcion\u00e1rios a se vacinar Foto: Divulga\u00e7\u00e3o<\/figcaption>\n\t\t<\/figure>\n\t<\/div>\n\n\n\t<p>\n\t\t<a href=\"\" target=\"_blank\" data-element=\"shortcode-suno-banner\" title=\"Banner SUNO, clique e saiba mais\">\n\t\t\t<picture>\n\t\t\t\t<source media=\"(max-width: 500px)\" srcset=\"\">\n\t\t\t\t<img class=\"newsContent__article__imgCapa newsContent__article__imgCapa--banner\"\n\t\t\t\t\tsrc=\"\"\n\t\t\t\t\tdata-promo-id=\"77041\"\t\t\t\t\t\t\t\t\t\t\t\t\t\t\talt=\"\"\n\t\t\t\t>\n\t\t\t<\/picture>\n\t\t<\/a>\n\t<\/p>\n\n\n<p>O leque de estrat\u00e9gias adotadas \u00e9 amplo, passando de incentivos e convites a se vacinar a amea\u00e7as de perda de emprego ou limita\u00e7\u00f5es de atividades profissionais.<\/p>\n<p>Fotografia de uma realidade complexa, onde o desejo de acelerar a normaliza\u00e7\u00e3o por meio de doses de vacina entra em rota de colis\u00e3o com press\u00f5es por garantir a privacidade e direitos individuais.<\/p>\n<p>Confira 5 casos de empresas americanas que est\u00e3o obrigando seus funcion\u00e1rios a se vacinar contra o coronav\u00edrus<\/p>\n<h2>JP Morgan<\/h2>\n<p>O mercado financeiro est\u00e1 na vanguarda do esfor\u00e7o para um retorno gradual \u00e0 normalidade.<\/p>\n<p>Nos \u00faltimos dias, o <strong>JP Morgan (JPMC34),<\/strong> principal banco americano, anunciou que instruir\u00e1 os funcion\u00e1rios a registrar sua situa\u00e7\u00e3o de vacina\u00e7\u00e3o em um portal inform\u00e1tico interno.<\/p>\n<p>Funcion\u00e1rios totalmente vacinados poder\u00e3o evitar o uso de m\u00e1scaras no ambiente de trabalho.<\/p>\n<p>O JP Morgan deixou a op\u00e7\u00e3o de n\u00e3o responder \u00e0 pesquisa, mas considera que poucos funcion\u00e1rios o far\u00e3o.<\/p>\n<p>O principal objetivo \u00e9, na verdade, oferecer garantias sobre a seguran\u00e7a do ambiente de trabalho, ap\u00f3s decidir a volta presencial dos funcion\u00e1rios dos EUA a partir do dia 7 de julho.<\/p>\n<p>No entanto, os funcion\u00e1rios do Reino Unido e da <a href=\"https:\/\/www.suno.com.br\/artigos\/uniao-europeia\/\"><strong>Uni\u00e3o Europeia (UE)<\/strong><\/a> ter\u00e3o outro tratamento, em conformidade com as regras de privacidade locais, que impedem ao banco de buscar informa\u00e7\u00f5es sobre as condi\u00e7\u00f5es m\u00e9dicas dos funcion\u00e1rios.<\/p>\n<p>No Reino Unido, os escrit\u00f3rios do JP Morgan funcionam atualmente em 25% de sua capacidade, que poderia aumentar a partir do dia 19 de julho.<\/p>\n<h2>Morgan Stanley<\/h2>\n<p>O concorrente <strong>Morgan Stanley (MSBR34)<\/strong> foi al\u00e9m das escolhas do JP Morgan.<\/p>\n<p>Funcion\u00e1rios e clientes n\u00e3o totalmente vacinados est\u00e3o proibidos de entrar nos escrit\u00f3rios do banco em Nova York.<\/p>\n<p>Uma proibi\u00e7\u00e3o que ter\u00e1 in\u00edcio no pr\u00f3ximo m\u00eas, quando \u00e9 esperada a flexibiliza\u00e7\u00e3o de outras regras anti-Covid.<\/p>\n<p>O banco indicou em um memorando interno que a partir do dia 12 de julho todos os funcion\u00e1rios e trabalhadores tempor\u00e1rios, clientes e convidados ser\u00e3o obrigados a se vacinar para acessar os locais em Nova York e o condado vizinho de Westchester.<\/p>\n<p>Estes s\u00e3o os escrit\u00f3rios do Morgan Stanley com maior densidade.<\/p>\n<p>O banco tamb\u00e9m exigiu que os funcion\u00e1rios informassem sobre sua situa\u00e7\u00e3o da vacina at\u00e9 o dia 1\u00ba de julho.<\/p>\n<p>Aqueles que n\u00e3o atenderem ao requisito de estar vacinado continuar\u00e3o operando remotamente.<\/p>\n<p>Tamb\u00e9m neste caso, o pedido vem acompanhado da decis\u00e3o de n\u00e3o obrigatoriedade de uso de m\u00e1scaras e distanciamento social nos escrit\u00f3rios.<\/p>\n<h2>Goldman Sachs e Blackstone<\/h2>\n<p>Os banqueiros do <strong>Goldman Sachs (GSGI34)<\/strong> tamb\u00e9m dever\u00e3o informar sobre sua vacina\u00e7\u00e3o. Um pedido j\u00e1 operacional, pois os escrit\u00f3rios reabriram ainda em junho.<\/p>\n<p><span style=\"font-weight: 400;\">\t<div data-element=\"shortcode-read-more\" class=\"knowMore\">\n\t\t\t\t<span class=\"knowMore__title\">Saiba mais<\/span>\n\t\t\t\t<a class=\"knowMore__link\" href=\"https:\/\/www.suno.com.br\/noticias\/coronavirus-primeiro-caso-outubro-2019\/\">\n\t\t\tCoronav\u00edrus: Primeiro caso pode ter surgido em outubro de 2019 na China\t\t<\/a>\n\t<\/div>\n\n<\/span><\/p>\n<p>No entanto, <a href=\"https:\/\/www.suno.com.br\/artigos\/bancos-de-investimento\/\"><strong>banco de investimentos<\/strong><\/a> evitou exigir ou for\u00e7ar a se vacinar, ao mesmo tempo que a encorajou: a mensagem para os funcion\u00e1rios era que a escolha \u00e9 pessoal.<\/p>\n<p>Por sua vez, a <strong>Blackstone,<\/strong> no dia 7 de junho, indicou que os funcion\u00e1rios norte-americanos das divis\u00f5es de investimento poder\u00e3o retornar ao escrit\u00f3rio em tempo integral apenas se estiverem totalmente vacinados.<\/p>\n<h2>United e Delta<\/h2>\n<p>Entre as companhias a\u00e9reas, a <strong>United<\/strong>\u00a0<strong>Airlines<\/strong> decidiu ordenar, a partir do final de julho, a vacina\u00e7\u00e3o obrigat\u00f3ria das tripula\u00e7\u00f5es em rotas com destinos em pa\u00edses considerados de alto risco para Covid-19, em particular \u00cdndia, Argentina, Brasil, Peru, Col\u00f4mbia e Chile.<\/p>\n<p>A lista poderia ser estendida para China e Taiwan.<\/p>\n<p>Em geral, a United tamb\u00e9m decidiu incentivar a se vacinar oferecendo compensa\u00e7\u00e3o monet\u00e1ria.<\/p>\n<p>A Delta foi al\u00e9m, e indicou a obrigatoriedade das vacinas para todas as novas contrata\u00e7\u00f5es.<\/p>\n<h2>Cathay Pacific<\/h2>\n<p>N\u00e3o s\u00e3o apenas as companhias a\u00e9reas americanas que est\u00e3o se mobilizando para vacinar os funcion\u00e1rios.<\/p>\n<p>Entre as internacionais, a <strong>Cathay Pacific,<\/strong> companhia de Hong Kong, solicitou que todos os seus pilotos e tripulantes de Hong Kong sejam vacinados at\u00e9 o final de agosto.<\/p>\n<p>Caso contr\u00e1rio, ser\u00e3o demitidos.<\/p>\n<p>A Cathay, portanto, adotou uma das pol\u00edticas mais r\u00edgidas do setor e do mundo dos neg\u00f3cios em geral.<\/p>\n<p>Cathay acrescentou, no entanto, que 90% dos pilotos e 65% da tripula\u00e7\u00e3o de cabine est\u00e3o vacinados ou em processo de vacina\u00e7\u00e3o.<\/p>\n<p>Por sua vez, a <strong>Qantas Airways<\/strong> da Austr\u00e1lia anunciou que exigir\u00e1 vacinas de funcion\u00e1rios e passageiros assim que as fronteiras do pa\u00eds forem totalmente reabertas para viagens.<\/p>\n<p>A Emirates forneceu vacinas gratuitas para os funcion\u00e1rios e depois ordenou que todos aceitassem ou pagassem por testes para provar a aus\u00eancia do v\u00edrus.<\/p>\n<h2>Associa\u00e7\u00f5es empresariais for\u00e7am a se vacinar<\/h2>\n<p>A obrigatoriedade a se vacinar tamb\u00e9m est\u00e1 sendo promovida por associa\u00e7\u00f5es empresariais.<\/p>\n<p><span style=\"font-weight: 400;\">\t<div data-element=\"shortcode-read-more\" class=\"knowMore\">\n\t\t\t\t<span class=\"knowMore__title\">Saiba mais<\/span>\n\t\t\t\t<a class=\"knowMore__link\" href=\"https:\/\/www.suno.com.br\/noticias\/coronavirus-eua-laboratorio-hispotese-vazou\/\">\n\t\t\tCoronav\u00edrus: EUA considera plaus\u00edvel v\u00edrus ter vazado de laborat\u00f3rio em Wuhan\t\t<\/a>\n\t<\/div>\n\n<\/span><\/p>\n<p>Um levantamento mostrou que mais de 60% das empresas dos mais diversos setores pretendem solicitar comprovante de vacina\u00e7\u00e3o aos funcion\u00e1rios.<\/p>\n<p>Dessas, 65% querem oferecer incentivos \u00e0 se vacinar. Outras 42% indicam que ir\u00e1 proibir a entrada de pessoas n\u00e3o vacinadas nos escrit\u00f3rios. E 35% tamb\u00e9m consideram a possibilidade de uma a\u00e7\u00e3o disciplinar.<\/p>\n<p>Ao mesmo tempo, o governo dos Estados Unidos desenvolveu diretrizes que autorizam as empresas a solicitar a vacina e proibir os funcion\u00e1rios que a possam recusar e comparecer ao trabalho.<\/p>\n<p>Washington decidiu que a obriga\u00e7\u00e3o de se <strong>vacinar<\/strong> n\u00e3o causa discrimina\u00e7\u00e3o n\u00e3o viola os direitos dos funcion\u00e1rios.<\/p>\n\t<p>\n\t\t<a href=\"\" target=\"_blank\" data-element=\"shortcode-suno-banner\" title=\"Banner SUNO, clique e saiba mais\">\n\t\t\t<picture>\n\t\t\t\t<source media=\"(max-width: 500px)\" srcset=\"\">\n\t\t\t\t<img class=\"newsContent__article__imgCapa newsContent__article__imgCapa--banner\"\n\t\t\t\t\tsrc=\"\"\n\t\t\t\t\tdata-promo-id=\"88457\"\t\t\t\t\t\t\t\t\t\t\t\t\t\t\talt=\"\"\n\t\t\t\t>\n\t\t\t<\/picture>\n\t\t<\/a>\n\t<\/p>\n\n\n","protected":false},"excerpt":{"rendered":"<p>O mundo corporativo dos Estados Unidos &#8211; e um n\u00famero crescente de empresas globais &#8211; est\u00e3o agindo para for\u00e7ar seus funcion\u00e1rios a se vacinar contra o coronav\u00edrus (covid-19) enquanto se preparam para um retorno, pelo menos parcial, ao trabalho presencial. Grandes empresas dos EUA come\u00e7am a obrigar seus funcion\u00e1rios a se vacinar Foto: Divulga\u00e7\u00e3o O [&hellip;]<\/p>\n","protected":false},"author":9,"featured_media":41437,"comment_status":"closed","ping_status":"closed","sticky":false,"template":"","format":"standard","meta":[],"categories":[63],"tags":[2487,25002],"suno_strategy":[],"class_list":["post-161927","post","type-post","status-publish","format-standard","has-post-thumbnail","hentry","category-internacional","tag-coronavirus","tag-vacina"],"yoast_head":"<!-- This site is optimized with the Yoast SEO plugin v24.4 - https:\/\/yoast.com\/wordpress\/plugins\/seo\/ -->\n<title>Grandes empresas dos EUA for\u00e7am seus funcion\u00e1rios a se vacinar<\/title>\n<meta name=\"description\" content=\"Muitas empresas dos Estados Unidos est\u00e3o agindo para for\u00e7ar os funcion\u00e1rios a se vacinar contra o coronav\u00edrus. Clique aqui para saber mais.\" \/>\n<meta name=\"robots\" content=\"index, follow, max-snippet:-1, max-image-preview:large, max-video-preview:-1\" \/>\n<link rel=\"canonical\" href=\"https:\/\/www.suno.com.br\/noticias\/grandes-empresas-eua-vacinar\/\" \/>\n<meta property=\"og:locale\" content=\"pt_BR\" \/>\n<meta property=\"og:type\" content=\"article\" \/>\n<meta property=\"og:title\" content=\"Grandes empresas dos EUA for\u00e7am seus funcion\u00e1rios a se vacinar\" \/>\n<meta property=\"og:description\" content=\"Muitas empresas dos Estados Unidos est\u00e3o agindo para for\u00e7ar os funcion\u00e1rios a se vacinar contra o coronav\u00edrus. Clique aqui para saber mais.\" \/>\n<meta property=\"og:url\" content=\"https:\/\/www.suno.com.br\/noticias\/grandes-empresas-eua-vacinar\/\" \/>\n<meta property=\"og:site_name\" content=\"Suno Not\u00edcias\" \/>\n<meta property=\"article:publisher\" content=\"https:\/\/facebook.com\/sunoresearch\" \/>\n<meta property=\"og:image\" content=\"https:\/\/files.sunoresearch.com.br\/n\/uploads\/2019\/10\/187ad634-morgan-stanley.jpg\" \/>\n\t<meta property=\"og:image:width\" content=\"2048\" \/>\n\t<meta property=\"og:image:height\" content=\"1152\" \/>\n\t<meta property=\"og:image:type\" content=\"image\/jpeg\" \/>\n<meta name=\"author\" content=\"Carlo Cauti\" \/>\n<meta name=\"twitter:card\" content=\"summary_large_image\" \/>\n<meta name=\"twitter:creator\" content=\"@sunoresearch\" \/>\n<meta name=\"twitter:site\" content=\"@sunoresearch\" \/>\n<meta name=\"twitter:label1\" content=\"Escrito por\" \/>\n\t<meta name=\"twitter:data1\" content=\"Carlo Cauti\" \/>\n\t<meta name=\"twitter:label2\" content=\"Est. tempo de leitura\" \/>\n\t<meta name=\"twitter:data2\" content=\"5 minutos\" \/>\n<script type=\"application\/ld+json\" class=\"yoast-schema-graph\">{\"@context\":\"https:\/\/schema.org\",\"@graph\":[{\"@type\":\"NewsArticle\",\"@id\":\"https:\/\/www.suno.com.br\/noticias\/grandes-empresas-eua-vacinar\/#article\",\"isPartOf\":{\"@id\":\"https:\/\/www.suno.com.br\/noticias\/grandes-empresas-eua-vacinar\/\"},\"author\":{\"name\":\"Carlo Cauti\",\"@id\":\"https:\/\/www.suno.com.br\/noticias\/#\/schema\/person\/e6e0f723cc177805027f4566c1d5e0c8\"},\"headline\":\"Grandes empresas dos EUA come\u00e7am a obrigar seus funcion\u00e1rios a se vacinar\",\"datePublished\":\"2021-06-29T00:49:06+00:00\",\"mainEntityOfPage\":{\"@id\":\"https:\/\/www.suno.com.br\/noticias\/grandes-empresas-eua-vacinar\/\"},\"wordCount\":988,\"publisher\":{\"@id\":\"https:\/\/www.suno.com.br\/noticias\/#organization\"},\"image\":{\"@id\":\"https:\/\/www.suno.com.br\/noticias\/grandes-empresas-eua-vacinar\/#primaryimage\"},\"thumbnailUrl\":\"https:\/\/files.sunoresearch.com.br\/n\/uploads\/2019\/10\/187ad634-morgan-stanley-jpg.webp\",\"keywords\":[\"coronav\u00edrus\",\"vacina\"],\"articleSection\":[\"Internacional\"],\"inLanguage\":\"pt-BR\"},{\"@type\":\"WebPage\",\"@id\":\"https:\/\/www.suno.com.br\/noticias\/grandes-empresas-eua-vacinar\/\",\"url\":\"https:\/\/www.suno.com.br\/noticias\/grandes-empresas-eua-vacinar\/\",\"name\":\"Grandes empresas dos EUA for\u00e7am seus funcion\u00e1rios a se vacinar\",\"isPartOf\":{\"@id\":\"https:\/\/www.suno.com.br\/noticias\/#website\"},\"primaryImageOfPage\":{\"@id\":\"https:\/\/www.suno.com.br\/noticias\/grandes-empresas-eua-vacinar\/#primaryimage\"},\"image\":{\"@id\":\"https:\/\/www.suno.com.br\/noticias\/grandes-empresas-eua-vacinar\/#primaryimage\"},\"thumbnailUrl\":\"https:\/\/files.sunoresearch.com.br\/n\/uploads\/2019\/10\/187ad634-morgan-stanley-jpg.webp\",\"datePublished\":\"2021-06-29T00:49:06+00:00\",\"description\":\"Muitas empresas dos Estados Unidos est\u00e3o agindo para for\u00e7ar os funcion\u00e1rios a se vacinar contra o coronav\u00edrus. Clique aqui para saber mais.\",\"breadcrumb\":{\"@id\":\"https:\/\/www.suno.com.br\/noticias\/grandes-empresas-eua-vacinar\/#breadcrumb\"},\"inLanguage\":\"pt-BR\",\"potentialAction\":[{\"@type\":\"ReadAction\",\"target\":[\"https:\/\/www.suno.com.br\/noticias\/grandes-empresas-eua-vacinar\/\"]}]},{\"@type\":\"ImageObject\",\"inLanguage\":\"pt-BR\",\"@id\":\"https:\/\/www.suno.com.br\/noticias\/grandes-empresas-eua-vacinar\/#primaryimage\",\"url\":\"https:\/\/files.sunoresearch.com.br\/n\/uploads\/2019\/10\/187ad634-morgan-stanley-jpg.webp\",\"contentUrl\":\"https:\/\/files.sunoresearch.com.br\/n\/uploads\/2019\/10\/187ad634-morgan-stanley-jpg.webp\",\"width\":2048,\"height\":1152,\"caption\":\"Grandes empresas dos EUA come\u00e7am a obrigar seus funcion\u00e1rios a se vacinar Foto: Divulga\u00e7\u00e3o\"},{\"@type\":\"BreadcrumbList\",\"@id\":\"https:\/\/www.suno.com.br\/noticias\/grandes-empresas-eua-vacinar\/#breadcrumb\",\"itemListElement\":[{\"@type\":\"ListItem\",\"position\":1,\"name\":\"Not\u00edcias\",\"item\":\"https:\/\/www.suno.com.br\/noticias\/\"},{\"@type\":\"ListItem\",\"position\":2,\"name\":\"Internacional\",\"item\":\"https:\/\/www.suno.com.br\/noticias\/internacional\/\"},{\"@type\":\"ListItem\",\"position\":3,\"name\":\"Grandes empresas dos EUA come\u00e7am a obrigar seus funcion\u00e1rios a se vacinar\"}]},{\"@type\":\"WebSite\",\"@id\":\"https:\/\/www.suno.com.br\/noticias\/#website\",\"url\":\"https:\/\/www.suno.com.br\/noticias\/\",\"name\":\"Suno Not\u00edcias\",\"description\":\"Seu portal de informa\u00e7\u00e3o sobre o mundo dos investimentos\",\"publisher\":{\"@id\":\"https:\/\/www.suno.com.br\/noticias\/#organization\"},\"potentialAction\":[{\"@type\":\"SearchAction\",\"target\":{\"@type\":\"EntryPoint\",\"urlTemplate\":\"https:\/\/www.suno.com.br\/noticias\/?s={search_term_string}\"},\"query-input\":{\"@type\":\"PropertyValueSpecification\",\"valueRequired\":true,\"valueName\":\"search_term_string\"}}],\"inLanguage\":\"pt-BR\"},{\"@type\":\"Organization\",\"@id\":\"https:\/\/www.suno.com.br\/noticias\/#organization\",\"name\":\"Suno Not\u00edcias\",\"url\":\"https:\/\/www.suno.com.br\/noticias\/\",\"logo\":{\"@type\":\"ImageObject\",\"inLanguage\":\"pt-BR\",\"@id\":\"https:\/\/www.suno.com.br\/noticias\/#\/schema\/logo\/image\/\",\"url\":\"https:\/\/files.sunoresearch.com.br\/n\/uploads\/2021\/09\/suno-logo.png\",\"contentUrl\":\"https:\/\/files.sunoresearch.com.br\/n\/uploads\/2021\/09\/suno-logo.png\",\"width\":180,\"height\":180,\"caption\":\"Suno Not\u00edcias\"},\"image\":{\"@id\":\"https:\/\/www.suno.com.br\/noticias\/#\/schema\/logo\/image\/\"},\"sameAs\":[\"https:\/\/facebook.com\/sunoresearch\",\"https:\/\/x.com\/sunoresearch\",\"https:\/\/www.instagram.com\/suno\",\"https:\/\/www.linkedin.com\/company\/suno-research\/\",\"https:\/\/www.youtube.com\/c\/sunoresearch\"]},{\"@type\":\"Person\",\"@id\":\"https:\/\/www.suno.com.br\/noticias\/#\/schema\/person\/e6e0f723cc177805027f4566c1d5e0c8\",\"name\":\"Carlo Cauti\",\"image\":{\"@type\":\"ImageObject\",\"inLanguage\":\"pt-BR\",\"@id\":\"https:\/\/www.suno.com.br\/noticias\/#\/schema\/person\/image\/\",\"url\":\"https:\/\/secure.gravatar.com\/avatar\/3ada9e0bd164c23abd4792a9606d583c?s=96&r=g\",\"contentUrl\":\"https:\/\/secure.gravatar.com\/avatar\/3ada9e0bd164c23abd4792a9606d583c?s=96&r=g\",\"caption\":\"Carlo Cauti\"},\"description\":\"Editor multim\u00eddia do SUNO Not\u00edcias. Italiano, formado em Ci\u00eancias Pol\u00edticas pela universidade LUISS G. Carli de Roma e mestre cum laude em Rela\u00e7\u00f5es Internacionais, Jornalismo Internacional e de Guerra e em Economia Internacional. Concluiu tamb\u00e9m um MBA em Finan\u00e7as na B3. No Brasil, teve passagem por ve\u00edculos como Estad\u00e3o, Globo, Veja e EXAME. e nas ag\u00eancias de not\u00edcias italianas ANSA e NOVA.\",\"url\":\"https:\/\/www.suno.com.br\/noticias\/author\/carlo-cauti\/\"}]}<\/script>\n<!-- \/ Yoast SEO plugin. -->","yoast_head_json":{"title":"Grandes empresas dos EUA for\u00e7am seus funcion\u00e1rios a se vacinar","description":"Muitas empresas dos Estados Unidos est\u00e3o agindo para for\u00e7ar os funcion\u00e1rios a se vacinar contra o coronav\u00edrus. Clique aqui para saber mais.","robots":{"index":"index","follow":"follow","max-snippet":"max-snippet:-1","max-image-preview":"max-image-preview:large","max-video-preview":"max-video-preview:-1"},"canonical":"https:\/\/www.suno.com.br\/noticias\/grandes-empresas-eua-vacinar\/","og_locale":"pt_BR","og_type":"article","og_title":"Grandes empresas dos EUA for\u00e7am seus funcion\u00e1rios a se vacinar","og_description":"Muitas empresas dos Estados Unidos est\u00e3o agindo para for\u00e7ar os funcion\u00e1rios a se vacinar contra o coronav\u00edrus. Clique aqui para saber mais.","og_url":"https:\/\/www.suno.com.br\/noticias\/grandes-empresas-eua-vacinar\/","og_site_name":"Suno Not\u00edcias","article_publisher":"https:\/\/facebook.com\/sunoresearch","og_image":[{"width":2048,"height":1152,"url":"https:\/\/files.sunoresearch.com.br\/n\/uploads\/2019\/10\/187ad634-morgan-stanley.jpg","type":"image\/jpeg"}],"author":"Carlo Cauti","twitter_card":"summary_large_image","twitter_creator":"@sunoresearch","twitter_site":"@sunoresearch","twitter_misc":{"Escrito por":"Carlo Cauti","Est. tempo de leitura":"5 minutos"},"schema":{"@context":"https:\/\/schema.org","@graph":[{"@type":"NewsArticle","@id":"https:\/\/www.suno.com.br\/noticias\/grandes-empresas-eua-vacinar\/#article","isPartOf":{"@id":"https:\/\/www.suno.com.br\/noticias\/grandes-empresas-eua-vacinar\/"},"author":{"name":"Carlo Cauti","@id":"https:\/\/www.suno.com.br\/noticias\/#\/schema\/person\/e6e0f723cc177805027f4566c1d5e0c8"},"headline":"Grandes empresas dos EUA come\u00e7am a obrigar seus funcion\u00e1rios a se vacinar","datePublished":"2021-06-29T00:49:06+00:00","mainEntityOfPage":{"@id":"https:\/\/www.suno.com.br\/noticias\/grandes-empresas-eua-vacinar\/"},"wordCount":988,"publisher":{"@id":"https:\/\/www.suno.com.br\/noticias\/#organization"},"image":{"@id":"https:\/\/www.suno.com.br\/noticias\/grandes-empresas-eua-vacinar\/#primaryimage"},"thumbnailUrl":"https:\/\/files.sunoresearch.com.br\/n\/uploads\/2019\/10\/187ad634-morgan-stanley-jpg.webp","keywords":["coronav\u00edrus","vacina"],"articleSection":["Internacional"],"inLanguage":"pt-BR"},{"@type":"WebPage","@id":"https:\/\/www.suno.com.br\/noticias\/grandes-empresas-eua-vacinar\/","url":"https:\/\/www.suno.com.br\/noticias\/grandes-empresas-eua-vacinar\/","name":"Grandes empresas dos EUA for\u00e7am seus funcion\u00e1rios a se vacinar","isPartOf":{"@id":"https:\/\/www.suno.com.br\/noticias\/#website"},"primaryImageOfPage":{"@id":"https:\/\/www.suno.com.br\/noticias\/grandes-empresas-eua-vacinar\/#primaryimage"},"image":{"@id":"https:\/\/www.suno.com.br\/noticias\/grandes-empresas-eua-vacinar\/#primaryimage"},"thumbnailUrl":"https:\/\/files.sunoresearch.com.br\/n\/uploads\/2019\/10\/187ad634-morgan-stanley-jpg.webp","datePublished":"2021-06-29T00:49:06+00:00","description":"Muitas empresas dos Estados Unidos est\u00e3o agindo para for\u00e7ar os funcion\u00e1rios a se vacinar contra o coronav\u00edrus. Clique aqui para saber mais.","breadcrumb":{"@id":"https:\/\/www.suno.com.br\/noticias\/grandes-empresas-eua-vacinar\/#breadcrumb"},"inLanguage":"pt-BR","potentialAction":[{"@type":"ReadAction","target":["https:\/\/www.suno.com.br\/noticias\/grandes-empresas-eua-vacinar\/"]}]},{"@type":"ImageObject","inLanguage":"pt-BR","@id":"https:\/\/www.suno.com.br\/noticias\/grandes-empresas-eua-vacinar\/#primaryimage","url":"https:\/\/files.sunoresearch.com.br\/n\/uploads\/2019\/10\/187ad634-morgan-stanley-jpg.webp","contentUrl":"https:\/\/files.sunoresearch.com.br\/n\/uploads\/2019\/10\/187ad634-morgan-stanley-jpg.webp","width":2048,"height":1152,"caption":"Grandes empresas dos EUA come\u00e7am a obrigar seus funcion\u00e1rios a se vacinar Foto: Divulga\u00e7\u00e3o"},{"@type":"BreadcrumbList","@id":"https:\/\/www.suno.com.br\/noticias\/grandes-empresas-eua-vacinar\/#breadcrumb","itemListElement":[{"@type":"ListItem","position":1,"name":"Not\u00edcias","item":"https:\/\/www.suno.com.br\/noticias\/"},{"@type":"ListItem","position":2,"name":"Internacional","item":"https:\/\/www.suno.com.br\/noticias\/internacional\/"},{"@type":"ListItem","position":3,"name":"Grandes empresas dos EUA come\u00e7am a obrigar seus funcion\u00e1rios a se vacinar"}]},{"@type":"WebSite","@id":"https:\/\/www.suno.com.br\/noticias\/#website","url":"https:\/\/www.suno.com.br\/noticias\/","name":"Suno Not\u00edcias","description":"Seu portal de informa\u00e7\u00e3o sobre o mundo dos investimentos","publisher":{"@id":"https:\/\/www.suno.com.br\/noticias\/#organization"},"potentialAction":[{"@type":"SearchAction","target":{"@type":"EntryPoint","urlTemplate":"https:\/\/www.suno.com.br\/noticias\/?s={search_term_string}"},"query-input":{"@type":"PropertyValueSpecification","valueRequired":true,"valueName":"search_term_string"}}],"inLanguage":"pt-BR"},{"@type":"Organization","@id":"https:\/\/www.suno.com.br\/noticias\/#organization","name":"Suno Not\u00edcias","url":"https:\/\/www.suno.com.br\/noticias\/","logo":{"@type":"ImageObject","inLanguage":"pt-BR","@id":"https:\/\/www.suno.com.br\/noticias\/#\/schema\/logo\/image\/","url":"https:\/\/files.sunoresearch.com.br\/n\/uploads\/2021\/09\/suno-logo.png","contentUrl":"https:\/\/files.sunoresearch.com.br\/n\/uploads\/2021\/09\/suno-logo.png","width":180,"height":180,"caption":"Suno Not\u00edcias"},"image":{"@id":"https:\/\/www.suno.com.br\/noticias\/#\/schema\/logo\/image\/"},"sameAs":["https:\/\/facebook.com\/sunoresearch","https:\/\/x.com\/sunoresearch","https:\/\/www.instagram.com\/suno","https:\/\/www.linkedin.com\/company\/suno-research\/","https:\/\/www.youtube.com\/c\/sunoresearch"]},{"@type":"Person","@id":"https:\/\/www.suno.com.br\/noticias\/#\/schema\/person\/e6e0f723cc177805027f4566c1d5e0c8","name":"Carlo Cauti","image":{"@type":"ImageObject","inLanguage":"pt-BR","@id":"https:\/\/www.suno.com.br\/noticias\/#\/schema\/person\/image\/","url":"https:\/\/secure.gravatar.com\/avatar\/3ada9e0bd164c23abd4792a9606d583c?s=96&r=g","contentUrl":"https:\/\/secure.gravatar.com\/avatar\/3ada9e0bd164c23abd4792a9606d583c?s=96&r=g","caption":"Carlo Cauti"},"description":"Editor multim\u00eddia do SUNO Not\u00edcias. Italiano, formado em Ci\u00eancias Pol\u00edticas pela universidade LUISS G. Carli de Roma e mestre cum laude em Rela\u00e7\u00f5es Internacionais, Jornalismo Internacional e de Guerra e em Economia Internacional. Concluiu tamb\u00e9m um MBA em Finan\u00e7as na B3. No Brasil, teve passagem por ve\u00edculos como Estad\u00e3o, Globo, Veja e EXAME. e nas ag\u00eancias de not\u00edcias italianas ANSA e NOVA.","url":"https:\/\/www.suno.com.br\/noticias\/author\/carlo-cauti\/"}]}},"default_loop_html":"<div class=\"cardsPage__listCard__boxs\"><div class=\"cardsPage__listCard__boxs__img\"><a href=\"https:\/\/www.suno.com.br\/noticias\/grandes-empresas-eua-vacinar\/\"><img class=\"mask\" src=\"https:\/\/www.suno.com.br\/noticias\/wp-content\/themes\/suno\/resources\/images\/spotlight\/spotlight1img\/bg-mask.png\" alt=\"Image Mask\"\/><img src=\"https:\/\/files.sunoresearch.com.br\/n\/uploads\/2019\/10\/187ad634-morgan-stanley-400x200.webp\" alt=\"Grandes empresas dos EUA come\u00e7am a obrigar seus funcion\u00e1rios a se vacinar\"\/><\/a><span class=\"spotlightCategory\"><a href=\"https:\/\/www.suno.com.br\/noticias\/internacional\/\">Internacional<\/a><\/span><\/div><div class=\"cardsPage__listCard__boxs__content\"><a href=\"https:\/\/www.suno.com.br\/noticias\/grandes-empresas-eua-vacinar\/\"><h2 class=\"content__title\">Grandes empresas dos EUA come\u00e7am a obrigar seus funcion\u00e1rios a se vacinar<\/h2><\/a><div class=\"newsContent__article__meta\"><div class=\"newsContent__article__meta__authorBox\"><a href=\"https:\/\/www.suno.com.br\/noticias\/author\/carlo-cauti\/\" class=\"authorBox__avatar noMobi\"><img src=\"https:\/\/files.sunoresearch.com.br\/n\/uploads\/2020\/08\/e3745f9a-perfil-carlo-cauti-150x150.webp\" alt=\"Carlo Cauti\"><\/a><div class=\"authorBox__name\"><span>por\n\t\t\t<a href=\"https:\/\/www.suno.com.br\/noticias\/author\/carlo-cauti\/\"><span itemprop=\"author\">Carlo Cauti<\/span><\/a><\/span><time datetime=\"2021-06-28T21:49:06-03:00\" itemprop=\"datePublished\">28\/06\/2021 21:49<\/time><\/div><\/div><\/div><\/div><\/div>","single_layout":"posts","amp_enabled":true,"_links":{"self":[{"href":"https:\/\/www.suno.com.br\/noticias\/wp-json\/wp\/v2\/posts\/161927"}],"collection":[{"href":"https:\/\/www.suno.com.br\/noticias\/wp-json\/wp\/v2\/posts"}],"about":[{"href":"https:\/\/www.suno.com.br\/noticias\/wp-json\/wp\/v2\/types\/post"}],"author":[{"embeddable":true,"href":"https:\/\/www.suno.com.br\/noticias\/wp-json\/wp\/v2\/users\/9"}],"replies":[{"embeddable":true,"href":"https:\/\/www.suno.com.br\/noticias\/wp-json\/wp\/v2\/comments?post=161927"}],"version-history":[{"count":3,"href":"https:\/\/www.suno.com.br\/noticias\/wp-json\/wp\/v2\/posts\/161927\/revisions"}],"predecessor-version":[{"id":161992,"href":"https:\/\/www.suno.com.br\/noticias\/wp-json\/wp\/v2\/posts\/161927\/revisions\/161992"}],"wp:featuredmedia":[{"embeddable":true,"href":"https:\/\/www.suno.com.br\/noticias\/wp-json\/wp\/v2\/media\/41437"}],"wp:attachment":[{"href":"https:\/\/www.suno.com.br\/noticias\/wp-json\/wp\/v2\/media?parent=161927"}],"wp:term":[{"taxonomy":"category","embeddable":true,"href":"https:\/\/www.suno.com.br\/noticias\/wp-json\/wp\/v2\/categories?post=161927"},{"taxonomy":"post_tag","embeddable":true,"href":"https:\/\/www.suno.com.br\/noticias\/wp-json\/wp\/v2\/tags?post=161927"},{"taxonomy":"suno_strategy","embeddable":true,"href":"https:\/\/www.suno.com.br\/noticias\/wp-json\/wp\/v2\/suno_strategy?post=161927"}],"curies":[{"name":"wp","href":"https:\/\/api.w.org\/{rel}","templated":true}]}}