{"id":16188,"date":"2019-02-21T15:41:13","date_gmt":"2019-02-21T18:41:13","guid":{"rendered":"https:\/\/www.suno.com.br\/noticias\/?p=16188"},"modified":"2019-02-21T15:41:13","modified_gmt":"2019-02-21T18:41:13","slug":"inflacao-janeiro-podres-ipea","status":"publish","type":"post","link":"https:\/\/www.suno.com.br\/noticias\/inflacao-janeiro-podres-ipea\/","title":{"rendered":"Infla\u00e7\u00e3o em janeiro foi maior para os mais pobres, informa Ipea"},"content":{"rendered":"<p>A<a href=\"https:\/\/www.suno.com.br\/artigos\/inflacao\/\"> infla\u00e7\u00e3o de janeiro<\/a> foi maior entre os mais pobres segundo o Instituto de Pesquisa Econ\u00f4mica Aplicada (Ipea).<\/p>\t<div class=\"wrapper-featured-image\">\n\t\t<figure class=\"spotlightImg\">\n\n\t\t\t<picture>\n\t\t\t\t<source media=\"(max-width: 768px)\" srcset=\"https:\/\/files.sunoresearch.com.br\/n\/uploads\/2019\/02\/c981abde-infla\u00e7\u00e3o-e1743082614567-400x200.webp\">\n\t\t\t\t<img loading=\"lazy\" decoding=\"async\" class=\"newsContent__article__imgCapa lazyloadDisabled newsContent__article__imgCapa--noCaption\" src=\"https:\/\/files.sunoresearch.com.br\/n\/uploads\/2019\/02\/c981abde-infla\u00e7\u00e3o-e1743082614567-800x450.webp\" width=\"800\" height=\"450\" alt=\"Infla\u00e7\u00e3o em janeiro foi maior para os mais pobres, informa Ipea\" fetchpriority=high \/>\n\t\t\t<\/picture>\n\n\t\t\t<figcaption class=\"wp-caption-text wp-caption-text--hide\">Minist\u00e9rio da Economia prev\u00ea alta da infla\u00e7\u00e3o<\/figcaption>\n\t\t<\/figure>\n\t<\/div>\n\n\n<p>De acordo com o <strong>Ipea<\/strong>, o indicador de <strong>Infla\u00e7\u00e3o por Faixa de Renda<\/strong> mostrou que a infla\u00e7\u00e3o de janeiro para fam\u00edlias com <strong>renda mais baixa<\/strong> foi de 0,41% em janeiro. J\u00e1 o custo de vida das fam\u00edlias de <strong>alta renda<\/strong> aumentou 0,25%.<\/p>\n<p><a href=\"https:\/\/www.suno.com.br\/noticias\/copon-inflacao-confortavel\/\">Saiba mais: Copon: infla\u00e7\u00e3o est\u00e1 em n\u00edvel \u201cconfort\u00e1vel\u201d e proje\u00e7\u00f5es em linha com meta<\/a><\/p>\n<p>&#8220;Observa-se que a <strong>infla\u00e7\u00e3o<\/strong> das fam\u00edlias de menor poder aquisitivo (0,41%) foi 0,16 p.p. (ponto porcentual) maior que a observada nas classes mais ricas, influenciada, sobretudo, pelos aumentos dos pre\u00e7os dos alimentos, em especial cereais (4,4%), frutas (5,5%) e leites e derivados (1,1%), al\u00e9m dos reajustes das tarifas de \u00f4nibus urbano (2,7%), trem (2,7%) e metr\u00f4 (3,0%)&#8221; enumerou o Ipea, na Carta de Conjuntura que trata do indicador.<\/p>\n<p>No indicador, o <strong>Ipea<\/strong> divide em faixas de renda familiar as varia\u00e7\u00f5es de pre\u00e7os medidas pelo <strong>IPCA<\/strong>. Os grupos variam de R$ 1.566,24 por m\u00eas, no caso de fam\u00edlias de<strong> renda muito baixa<\/strong>, at\u00e9 acima de 15.662,44, que englobam fam\u00edlias com <strong>rendas mais altas<\/strong>.<\/p>\n<p><a href=\"https:\/\/www.suno.com.br\/noticias\/aluguel-residenciais-sobe-acima-inflacao\/\">Saiba mais:\u00a0Aluguel de im\u00f3veis residenciais sobe 0,41%; alta \u00e9 superior a infla\u00e7\u00e3o<\/a><\/p>\n<p>No acumulado de 12 meses, a <strong>taxa de infla\u00e7\u00e3o<\/strong> de janeiro deste ano ficou em 3,72% para fam\u00edlias de <strong>renda mais baixa<\/strong>. J\u00e1 a faixa de renda maior fechou em 3,81%. No total, o\u00a0<strong>IPCA<\/strong> foi de 3,78% durante o per\u00edodo.<\/p>\n<h2>Pr\u00e9via da infla\u00e7\u00e3o<\/h2>\n<p>O IPCA-15, pr\u00e9via da <strong>infla\u00e7\u00e3o<\/strong> oficial, indicou uma varia\u00e7\u00e3o de 0,34% em fevereiro. O n\u00famero foi divulgado nesta quinta-feira (21) pelo o <strong>IBGE<\/strong>. A varia\u00e7\u00e3o foi a menor para um m\u00eas de fevereiro desde o in\u00edcio do <strong>Plano Real<\/strong>, em 1994.<\/p>\n<p><a href=\"https:\/\/www.suno.com.br\/noticias\/inflacao-ipca15-variacao\/\">Saiba mais:\u00a0Pr\u00e9via da infla\u00e7\u00e3o: IPCA-15 aponta varia\u00e7\u00e3o de 0,34% em fevereiro<\/a><\/p>\n<p>Por\u00e9m, o <strong>\u00edndice<\/strong> acelerou em compara\u00e7\u00e3o com janeiro, quando foi de 0,3%. No acumulado do ano, fechou em 0,64% at\u00e9 fevereiro. Em fevereiro de 2018, a taxa havia sido de 0,38%.<\/p>\n<p>Veja varia\u00e7\u00e3o dos grupos em fevereiro:<\/p>\n<ul>\n<li>Educa\u00e7\u00e3o: 3,52%<\/li>\n<li>Alimenta\u00e7\u00e3o e bebidas: 0,64%<\/li>\n<li>Sa\u00fade e cuidados pessoais: 0,56%<\/li>\n<li>Artigos de resid\u00eancia: 0,47%<\/li>\n<li>Despesas Pessoais: 0,30%<\/li>\n<li>Habita\u00e7\u00e3o: 0,18%<\/li>\n<li>Comunica\u00e7\u00e3o: 0,05%<\/li>\n<li>Transportes: -0,46%<\/li>\n<li>Vestu\u00e1rio: -0,92%<\/li>\n<\/ul>\n","protected":false},"excerpt":{"rendered":"<p>A infla\u00e7\u00e3o de janeiro foi maior entre os mais pobres segundo o Instituto de Pesquisa Econ\u00f4mica Aplicada (Ipea). Minist\u00e9rio da Economia prev\u00ea alta da infla\u00e7\u00e3o De acordo com o Ipea, o indicador de Infla\u00e7\u00e3o por Faixa de Renda mostrou que a infla\u00e7\u00e3o de janeiro para fam\u00edlias com renda mais baixa foi de 0,41% em janeiro. [&hellip;]<\/p>\n","protected":false},"author":14,"featured_media":16197,"comment_status":"closed","ping_status":"closed","sticky":false,"template":"","format":"standard","meta":[],"categories":[62],"tags":[850,966],"suno_strategy":[],"class_list":["post-16188","post","type-post","status-publish","format-standard","has-post-thumbnail","hentry","category-economia","tag-inflacao","tag-ipca"],"yoast_head":"<!-- This site is optimized with the Yoast SEO plugin v24.4 - https:\/\/yoast.com\/wordpress\/plugins\/seo\/ -->\n<title>Infla\u00e7\u00e3o em janeiro foi maior para os mais pobres, informa Ipea<\/title>\n<meta name=\"description\" content=\"O indicador de mostrou que a infla\u00e7\u00e3o de janeiro foi de 0,41% para fam\u00edlias pobres e 0,25% para fam\u00edlias ricas. Clque para saber mais.\" \/>\n<meta name=\"robots\" content=\"index, follow, max-snippet:-1, max-image-preview:large, max-video-preview:-1\" \/>\n<link rel=\"canonical\" href=\"https:\/\/www.suno.com.br\/noticias\/inflacao-janeiro-podres-ipea\/\" \/>\n<meta property=\"og:locale\" content=\"pt_BR\" \/>\n<meta property=\"og:type\" content=\"article\" \/>\n<meta property=\"og:title\" content=\"Infla\u00e7\u00e3o em janeiro foi maior para os mais pobres, informa Ipea\" \/>\n<meta property=\"og:description\" content=\"O indicador de mostrou que a infla\u00e7\u00e3o de janeiro foi de 0,41% para fam\u00edlias pobres e 0,25% para fam\u00edlias ricas. Clque para saber mais.\" \/>\n<meta property=\"og:url\" content=\"https:\/\/www.suno.com.br\/noticias\/inflacao-janeiro-podres-ipea\/\" \/>\n<meta property=\"og:site_name\" content=\"Suno Not\u00edcias\" \/>\n<meta property=\"article:publisher\" content=\"https:\/\/facebook.com\/sunoresearch\" \/>\n<meta property=\"og:image\" content=\"https:\/\/files.sunoresearch.com.br\/n\/uploads\/2019\/02\/c981abde-infla\u00e7\u00e3o.jpg\" \/>\n\t<meta property=\"og:image:width\" content=\"3216\" \/>\n\t<meta property=\"og:image:height\" content=\"2136\" \/>\n\t<meta property=\"og:image:type\" content=\"image\/jpeg\" \/>\n<meta name=\"author\" content=\"Renan Dantas\" \/>\n<meta name=\"twitter:card\" content=\"summary_large_image\" \/>\n<meta name=\"twitter:creator\" content=\"@sunoresearch\" \/>\n<meta name=\"twitter:site\" content=\"@sunoresearch\" \/>\n<meta name=\"twitter:label1\" content=\"Escrito por\" \/>\n\t<meta name=\"twitter:data1\" content=\"Renan Dantas\" \/>\n\t<meta name=\"twitter:label2\" content=\"Est. tempo de leitura\" \/>\n\t<meta name=\"twitter:data2\" content=\"2 minutos\" \/>\n<script type=\"application\/ld+json\" class=\"yoast-schema-graph\">{\"@context\":\"https:\/\/schema.org\",\"@graph\":[{\"@type\":\"NewsArticle\",\"@id\":\"https:\/\/www.suno.com.br\/noticias\/inflacao-janeiro-podres-ipea\/#article\",\"isPartOf\":{\"@id\":\"https:\/\/www.suno.com.br\/noticias\/inflacao-janeiro-podres-ipea\/\"},\"author\":{\"name\":\"Renan Dantas\",\"@id\":\"https:\/\/www.suno.com.br\/noticias\/#\/schema\/person\/3f7693d5795a3f6d5ce15309ee785699\"},\"headline\":\"Infla\u00e7\u00e3o em janeiro foi maior para os mais pobres, informa Ipea\",\"datePublished\":\"2019-02-21T18:41:13+00:00\",\"mainEntityOfPage\":{\"@id\":\"https:\/\/www.suno.com.br\/noticias\/inflacao-janeiro-podres-ipea\/\"},\"wordCount\":385,\"publisher\":{\"@id\":\"https:\/\/www.suno.com.br\/noticias\/#organization\"},\"image\":{\"@id\":\"https:\/\/www.suno.com.br\/noticias\/inflacao-janeiro-podres-ipea\/#primaryimage\"},\"thumbnailUrl\":\"https:\/\/files.sunoresearch.com.br\/n\/uploads\/2019\/02\/c981abde-infla\u00e7\u00e3o-e1743082614567-jpg.webp\",\"keywords\":[\"infla\u00e7\u00e3o\",\"IPCA\"],\"articleSection\":[\"Economia\"],\"inLanguage\":\"pt-BR\"},{\"@type\":\"WebPage\",\"@id\":\"https:\/\/www.suno.com.br\/noticias\/inflacao-janeiro-podres-ipea\/\",\"url\":\"https:\/\/www.suno.com.br\/noticias\/inflacao-janeiro-podres-ipea\/\",\"name\":\"Infla\u00e7\u00e3o em janeiro foi maior para os mais pobres, informa Ipea\",\"isPartOf\":{\"@id\":\"https:\/\/www.suno.com.br\/noticias\/#website\"},\"primaryImageOfPage\":{\"@id\":\"https:\/\/www.suno.com.br\/noticias\/inflacao-janeiro-podres-ipea\/#primaryimage\"},\"image\":{\"@id\":\"https:\/\/www.suno.com.br\/noticias\/inflacao-janeiro-podres-ipea\/#primaryimage\"},\"thumbnailUrl\":\"https:\/\/files.sunoresearch.com.br\/n\/uploads\/2019\/02\/c981abde-infla\u00e7\u00e3o-e1743082614567-jpg.webp\",\"datePublished\":\"2019-02-21T18:41:13+00:00\",\"description\":\"O indicador de mostrou que a infla\u00e7\u00e3o de janeiro foi de 0,41% para fam\u00edlias pobres e 0,25% para fam\u00edlias ricas. Clque para saber mais.\",\"breadcrumb\":{\"@id\":\"https:\/\/www.suno.com.br\/noticias\/inflacao-janeiro-podres-ipea\/#breadcrumb\"},\"inLanguage\":\"pt-BR\",\"potentialAction\":[{\"@type\":\"ReadAction\",\"target\":[\"https:\/\/www.suno.com.br\/noticias\/inflacao-janeiro-podres-ipea\/\"]}]},{\"@type\":\"ImageObject\",\"inLanguage\":\"pt-BR\",\"@id\":\"https:\/\/www.suno.com.br\/noticias\/inflacao-janeiro-podres-ipea\/#primaryimage\",\"url\":\"https:\/\/files.sunoresearch.com.br\/n\/uploads\/2019\/02\/c981abde-infla\u00e7\u00e3o-e1743082614567-jpg.webp\",\"contentUrl\":\"https:\/\/files.sunoresearch.com.br\/n\/uploads\/2019\/02\/c981abde-infla\u00e7\u00e3o-e1743082614567-jpg.webp\",\"width\":1300,\"height\":863,\"caption\":\"Minist\u00e9rio da Economia prev\u00ea alta da infla\u00e7\u00e3o\"},{\"@type\":\"BreadcrumbList\",\"@id\":\"https:\/\/www.suno.com.br\/noticias\/inflacao-janeiro-podres-ipea\/#breadcrumb\",\"itemListElement\":[{\"@type\":\"ListItem\",\"position\":1,\"name\":\"Not\u00edcias\",\"item\":\"https:\/\/www.suno.com.br\/noticias\/\"},{\"@type\":\"ListItem\",\"position\":2,\"name\":\"Economia\",\"item\":\"https:\/\/www.suno.com.br\/noticias\/economia\/\"},{\"@type\":\"ListItem\",\"position\":3,\"name\":\"Infla\u00e7\u00e3o em janeiro foi maior para os mais pobres, informa Ipea\"}]},{\"@type\":\"WebSite\",\"@id\":\"https:\/\/www.suno.com.br\/noticias\/#website\",\"url\":\"https:\/\/www.suno.com.br\/noticias\/\",\"name\":\"Suno Not\u00edcias\",\"description\":\"Seu portal de informa\u00e7\u00e3o sobre o mundo dos investimentos\",\"publisher\":{\"@id\":\"https:\/\/www.suno.com.br\/noticias\/#organization\"},\"potentialAction\":[{\"@type\":\"SearchAction\",\"target\":{\"@type\":\"EntryPoint\",\"urlTemplate\":\"https:\/\/www.suno.com.br\/noticias\/?s={search_term_string}\"},\"query-input\":{\"@type\":\"PropertyValueSpecification\",\"valueRequired\":true,\"valueName\":\"search_term_string\"}}],\"inLanguage\":\"pt-BR\"},{\"@type\":\"Organization\",\"@id\":\"https:\/\/www.suno.com.br\/noticias\/#organization\",\"name\":\"Suno Not\u00edcias\",\"url\":\"https:\/\/www.suno.com.br\/noticias\/\",\"logo\":{\"@type\":\"ImageObject\",\"inLanguage\":\"pt-BR\",\"@id\":\"https:\/\/www.suno.com.br\/noticias\/#\/schema\/logo\/image\/\",\"url\":\"https:\/\/files.sunoresearch.com.br\/n\/uploads\/2021\/09\/suno-logo.png\",\"contentUrl\":\"https:\/\/files.sunoresearch.com.br\/n\/uploads\/2021\/09\/suno-logo.png\",\"width\":180,\"height\":180,\"caption\":\"Suno Not\u00edcias\"},\"image\":{\"@id\":\"https:\/\/www.suno.com.br\/noticias\/#\/schema\/logo\/image\/\"},\"sameAs\":[\"https:\/\/facebook.com\/sunoresearch\",\"https:\/\/x.com\/sunoresearch\",\"https:\/\/www.instagram.com\/suno\",\"https:\/\/www.linkedin.com\/company\/suno-research\/\",\"https:\/\/www.youtube.com\/c\/sunoresearch\"]},{\"@type\":\"Person\",\"@id\":\"https:\/\/www.suno.com.br\/noticias\/#\/schema\/person\/3f7693d5795a3f6d5ce15309ee785699\",\"name\":\"Renan Dantas\",\"image\":{\"@type\":\"ImageObject\",\"inLanguage\":\"pt-BR\",\"@id\":\"https:\/\/www.suno.com.br\/noticias\/#\/schema\/person\/image\/\",\"url\":\"https:\/\/secure.gravatar.com\/avatar\/1787b83e7484a08e51d62ac8b41c8396?s=96&r=g\",\"contentUrl\":\"https:\/\/secure.gravatar.com\/avatar\/1787b83e7484a08e51d62ac8b41c8396?s=96&r=g\",\"caption\":\"Renan Dantas\"},\"description\":\"Escreve sobre pol\u00edtica e mercado financeiro para o portal Suno Not\u00edcias. Antes, atuou na assessoria de comunica\u00e7\u00e3o do Minist\u00e9rio P\u00fablico do Trabalho e na R\u00e1dio Mackenzie, onde apresentava e produzia um programa sobre artistas da m\u00fasica brasileira. \u00c9 estudante na Universidade Presbiteriana Mackenzie.\",\"url\":\"https:\/\/www.suno.com.br\/noticias\/author\/renan-dantas\/\"}]}<\/script>\n<!-- \/ Yoast SEO plugin. -->","yoast_head_json":{"title":"Infla\u00e7\u00e3o em janeiro foi maior para os mais pobres, informa Ipea","description":"O indicador de mostrou que a infla\u00e7\u00e3o de janeiro foi de 0,41% para fam\u00edlias pobres e 0,25% para fam\u00edlias ricas. Clque para saber mais.","robots":{"index":"index","follow":"follow","max-snippet":"max-snippet:-1","max-image-preview":"max-image-preview:large","max-video-preview":"max-video-preview:-1"},"canonical":"https:\/\/www.suno.com.br\/noticias\/inflacao-janeiro-podres-ipea\/","og_locale":"pt_BR","og_type":"article","og_title":"Infla\u00e7\u00e3o em janeiro foi maior para os mais pobres, informa Ipea","og_description":"O indicador de mostrou que a infla\u00e7\u00e3o de janeiro foi de 0,41% para fam\u00edlias pobres e 0,25% para fam\u00edlias ricas. Clque para saber mais.","og_url":"https:\/\/www.suno.com.br\/noticias\/inflacao-janeiro-podres-ipea\/","og_site_name":"Suno Not\u00edcias","article_publisher":"https:\/\/facebook.com\/sunoresearch","og_image":[{"width":3216,"height":2136,"url":"https:\/\/files.sunoresearch.com.br\/n\/uploads\/2019\/02\/c981abde-infla\u00e7\u00e3o.jpg","type":"image\/jpeg"}],"author":"Renan Dantas","twitter_card":"summary_large_image","twitter_creator":"@sunoresearch","twitter_site":"@sunoresearch","twitter_misc":{"Escrito por":"Renan Dantas","Est. tempo de leitura":"2 minutos"},"schema":{"@context":"https:\/\/schema.org","@graph":[{"@type":"NewsArticle","@id":"https:\/\/www.suno.com.br\/noticias\/inflacao-janeiro-podres-ipea\/#article","isPartOf":{"@id":"https:\/\/www.suno.com.br\/noticias\/inflacao-janeiro-podres-ipea\/"},"author":{"name":"Renan Dantas","@id":"https:\/\/www.suno.com.br\/noticias\/#\/schema\/person\/3f7693d5795a3f6d5ce15309ee785699"},"headline":"Infla\u00e7\u00e3o em janeiro foi maior para os mais pobres, informa Ipea","datePublished":"2019-02-21T18:41:13+00:00","mainEntityOfPage":{"@id":"https:\/\/www.suno.com.br\/noticias\/inflacao-janeiro-podres-ipea\/"},"wordCount":385,"publisher":{"@id":"https:\/\/www.suno.com.br\/noticias\/#organization"},"image":{"@id":"https:\/\/www.suno.com.br\/noticias\/inflacao-janeiro-podres-ipea\/#primaryimage"},"thumbnailUrl":"https:\/\/files.sunoresearch.com.br\/n\/uploads\/2019\/02\/c981abde-infla\u00e7\u00e3o-e1743082614567-jpg.webp","keywords":["infla\u00e7\u00e3o","IPCA"],"articleSection":["Economia"],"inLanguage":"pt-BR"},{"@type":"WebPage","@id":"https:\/\/www.suno.com.br\/noticias\/inflacao-janeiro-podres-ipea\/","url":"https:\/\/www.suno.com.br\/noticias\/inflacao-janeiro-podres-ipea\/","name":"Infla\u00e7\u00e3o em janeiro foi maior para os mais pobres, informa Ipea","isPartOf":{"@id":"https:\/\/www.suno.com.br\/noticias\/#website"},"primaryImageOfPage":{"@id":"https:\/\/www.suno.com.br\/noticias\/inflacao-janeiro-podres-ipea\/#primaryimage"},"image":{"@id":"https:\/\/www.suno.com.br\/noticias\/inflacao-janeiro-podres-ipea\/#primaryimage"},"thumbnailUrl":"https:\/\/files.sunoresearch.com.br\/n\/uploads\/2019\/02\/c981abde-infla\u00e7\u00e3o-e1743082614567-jpg.webp","datePublished":"2019-02-21T18:41:13+00:00","description":"O indicador de mostrou que a infla\u00e7\u00e3o de janeiro foi de 0,41% para fam\u00edlias pobres e 0,25% para fam\u00edlias ricas. Clque para saber mais.","breadcrumb":{"@id":"https:\/\/www.suno.com.br\/noticias\/inflacao-janeiro-podres-ipea\/#breadcrumb"},"inLanguage":"pt-BR","potentialAction":[{"@type":"ReadAction","target":["https:\/\/www.suno.com.br\/noticias\/inflacao-janeiro-podres-ipea\/"]}]},{"@type":"ImageObject","inLanguage":"pt-BR","@id":"https:\/\/www.suno.com.br\/noticias\/inflacao-janeiro-podres-ipea\/#primaryimage","url":"https:\/\/files.sunoresearch.com.br\/n\/uploads\/2019\/02\/c981abde-infla\u00e7\u00e3o-e1743082614567-jpg.webp","contentUrl":"https:\/\/files.sunoresearch.com.br\/n\/uploads\/2019\/02\/c981abde-infla\u00e7\u00e3o-e1743082614567-jpg.webp","width":1300,"height":863,"caption":"Minist\u00e9rio da Economia prev\u00ea alta da infla\u00e7\u00e3o"},{"@type":"BreadcrumbList","@id":"https:\/\/www.suno.com.br\/noticias\/inflacao-janeiro-podres-ipea\/#breadcrumb","itemListElement":[{"@type":"ListItem","position":1,"name":"Not\u00edcias","item":"https:\/\/www.suno.com.br\/noticias\/"},{"@type":"ListItem","position":2,"name":"Economia","item":"https:\/\/www.suno.com.br\/noticias\/economia\/"},{"@type":"ListItem","position":3,"name":"Infla\u00e7\u00e3o em janeiro foi maior para os mais pobres, informa Ipea"}]},{"@type":"WebSite","@id":"https:\/\/www.suno.com.br\/noticias\/#website","url":"https:\/\/www.suno.com.br\/noticias\/","name":"Suno Not\u00edcias","description":"Seu portal de informa\u00e7\u00e3o sobre o mundo dos investimentos","publisher":{"@id":"https:\/\/www.suno.com.br\/noticias\/#organization"},"potentialAction":[{"@type":"SearchAction","target":{"@type":"EntryPoint","urlTemplate":"https:\/\/www.suno.com.br\/noticias\/?s={search_term_string}"},"query-input":{"@type":"PropertyValueSpecification","valueRequired":true,"valueName":"search_term_string"}}],"inLanguage":"pt-BR"},{"@type":"Organization","@id":"https:\/\/www.suno.com.br\/noticias\/#organization","name":"Suno Not\u00edcias","url":"https:\/\/www.suno.com.br\/noticias\/","logo":{"@type":"ImageObject","inLanguage":"pt-BR","@id":"https:\/\/www.suno.com.br\/noticias\/#\/schema\/logo\/image\/","url":"https:\/\/files.sunoresearch.com.br\/n\/uploads\/2021\/09\/suno-logo.png","contentUrl":"https:\/\/files.sunoresearch.com.br\/n\/uploads\/2021\/09\/suno-logo.png","width":180,"height":180,"caption":"Suno Not\u00edcias"},"image":{"@id":"https:\/\/www.suno.com.br\/noticias\/#\/schema\/logo\/image\/"},"sameAs":["https:\/\/facebook.com\/sunoresearch","https:\/\/x.com\/sunoresearch","https:\/\/www.instagram.com\/suno","https:\/\/www.linkedin.com\/company\/suno-research\/","https:\/\/www.youtube.com\/c\/sunoresearch"]},{"@type":"Person","@id":"https:\/\/www.suno.com.br\/noticias\/#\/schema\/person\/3f7693d5795a3f6d5ce15309ee785699","name":"Renan Dantas","image":{"@type":"ImageObject","inLanguage":"pt-BR","@id":"https:\/\/www.suno.com.br\/noticias\/#\/schema\/person\/image\/","url":"https:\/\/secure.gravatar.com\/avatar\/1787b83e7484a08e51d62ac8b41c8396?s=96&r=g","contentUrl":"https:\/\/secure.gravatar.com\/avatar\/1787b83e7484a08e51d62ac8b41c8396?s=96&r=g","caption":"Renan Dantas"},"description":"Escreve sobre pol\u00edtica e mercado financeiro para o portal Suno Not\u00edcias. Antes, atuou na assessoria de comunica\u00e7\u00e3o do Minist\u00e9rio P\u00fablico do Trabalho e na R\u00e1dio Mackenzie, onde apresentava e produzia um programa sobre artistas da m\u00fasica brasileira. \u00c9 estudante na Universidade Presbiteriana Mackenzie.","url":"https:\/\/www.suno.com.br\/noticias\/author\/renan-dantas\/"}]}},"default_loop_html":"<div class=\"cardsPage__listCard__boxs\"><div class=\"cardsPage__listCard__boxs__img\"><a href=\"https:\/\/www.suno.com.br\/noticias\/inflacao-janeiro-podres-ipea\/\"><img class=\"mask\" src=\"https:\/\/www.suno.com.br\/noticias\/wp-content\/themes\/suno\/resources\/images\/spotlight\/spotlight1img\/bg-mask.png\" alt=\"Image Mask\"\/><img src=\"https:\/\/files.sunoresearch.com.br\/n\/uploads\/2019\/02\/c981abde-infla\u00e7\u00e3o-e1743082614567-400x200.webp\" alt=\"Infla\u00e7\u00e3o em janeiro foi maior para os mais pobres, informa Ipea\"\/><\/a><span class=\"spotlightCategory\"><a href=\"https:\/\/www.suno.com.br\/noticias\/economia\/\">Economia<\/a><\/span><\/div><div class=\"cardsPage__listCard__boxs__content\"><a href=\"https:\/\/www.suno.com.br\/noticias\/inflacao-janeiro-podres-ipea\/\"><h2 class=\"content__title\">Infla\u00e7\u00e3o em janeiro foi maior para os mais pobres, informa Ipea<\/h2><\/a><div class=\"newsContent__article__meta\"><div class=\"newsContent__article__meta__authorBox\"><a href=\"https:\/\/www.suno.com.br\/noticias\/author\/renan-dantas\/\" class=\"authorBox__avatar noMobi\"><img src=\"https:\/\/secure.gravatar.com\/avatar\/1787b83e7484a08e51d62ac8b41c8396?s=96&#038;r=g\" alt=\"Renan Dantas\"><\/a><div class=\"authorBox__name\"><span>por\n\t\t\t<a href=\"https:\/\/www.suno.com.br\/noticias\/author\/renan-dantas\/\"><span itemprop=\"author\">Renan Dantas<\/span><\/a><\/span><time datetime=\"2019-02-21T15:41:13-03:00\" itemprop=\"datePublished\">21\/02\/2019 15:41<\/time><\/div><\/div><\/div><\/div><\/div>","single_layout":"posts","amp_enabled":true,"_links":{"self":[{"href":"https:\/\/www.suno.com.br\/noticias\/wp-json\/wp\/v2\/posts\/16188"}],"collection":[{"href":"https:\/\/www.suno.com.br\/noticias\/wp-json\/wp\/v2\/posts"}],"about":[{"href":"https:\/\/www.suno.com.br\/noticias\/wp-json\/wp\/v2\/types\/post"}],"author":[{"embeddable":true,"href":"https:\/\/www.suno.com.br\/noticias\/wp-json\/wp\/v2\/users\/14"}],"replies":[{"embeddable":true,"href":"https:\/\/www.suno.com.br\/noticias\/wp-json\/wp\/v2\/comments?post=16188"}],"version-history":[{"count":0,"href":"https:\/\/www.suno.com.br\/noticias\/wp-json\/wp\/v2\/posts\/16188\/revisions"}],"wp:featuredmedia":[{"embeddable":true,"href":"https:\/\/www.suno.com.br\/noticias\/wp-json\/wp\/v2\/media\/16197"}],"wp:attachment":[{"href":"https:\/\/www.suno.com.br\/noticias\/wp-json\/wp\/v2\/media?parent=16188"}],"wp:term":[{"taxonomy":"category","embeddable":true,"href":"https:\/\/www.suno.com.br\/noticias\/wp-json\/wp\/v2\/categories?post=16188"},{"taxonomy":"post_tag","embeddable":true,"href":"https:\/\/www.suno.com.br\/noticias\/wp-json\/wp\/v2\/tags?post=16188"},{"taxonomy":"suno_strategy","embeddable":true,"href":"https:\/\/www.suno.com.br\/noticias\/wp-json\/wp\/v2\/suno_strategy?post=16188"}],"curies":[{"name":"wp","href":"https:\/\/api.w.org\/{rel}","templated":true}]}}