{"id":161849,"date":"2021-06-28T16:27:23","date_gmt":"2021-06-28T19:27:23","guid":{"rendered":"https:\/\/www.suno.com.br\/noticias\/?p=161849"},"modified":"2021-06-28T16:27:41","modified_gmt":"2021-06-28T19:27:41","slug":"divida-publica-federal-maio-tesouro","status":"publish","type":"post","link":"https:\/\/www.suno.com.br\/noticias\/divida-publica-federal-maio-tesouro\/","title":{"rendered":"D\u00edvida p\u00fablica sobe 1,61% e fecha maio em R$ 5,17 trilh\u00f5es, informa Tesouro"},"content":{"rendered":"<p>A <strong>D\u00edvida P\u00fablica Federal<\/strong> (DPF) fechou maio em R$ 5,171 trilh\u00f5es, ap\u00f3s uma alta de 1,61% na base mensal. Em abril, a d\u00edvida estava em R$ 5,089 trilh\u00f5es, segundo informa\u00e7\u00f5es divulgadas pelo Tesouro Nacional nesta segunda-feira (28).<\/p>\t<div class=\"wrapper-featured-image\">\n\t\t<figure class=\"spotlightImg\">\n\n\t\t\t<picture>\n\t\t\t\t<source media=\"(max-width: 768px)\" srcset=\"https:\/\/files.sunoresearch.com.br\/n\/uploads\/2021\/06\/3d10eb0e-coins-912719_1920-400x200.webp\">\n\t\t\t\t<img loading=\"lazy\" decoding=\"async\" class=\"newsContent__article__imgCapa lazyloadDisabled \" src=\"https:\/\/files.sunoresearch.com.br\/n\/uploads\/2021\/06\/3d10eb0e-coins-912719_1920-800x450.webp\" width=\"800\" height=\"450\" alt=\"D\u00edvida p\u00fablica sobe 1,61% e fecha maio em R$ 5,17 trilh\u00f5es, informa Tesouro\" fetchpriority=high \/>\n\t\t\t<\/picture>\n\n\t\t\t<figcaption class=\"wp-caption-text wp-caption-text--show\">Foto: Olya Adamovich, por Pixabay.<\/figcaption>\n\t\t<\/figure>\n\t<\/div>\n\n\n\t<p>\n\t\t<a href=\"https:\/\/lp.suno.com.br\/planilha-controle-gastos\/\" target=\"_blank\" data-element=\"shortcode-suno-banner\" title=\"Banner SUNO, clique e saiba mais\">\n\t\t\t<picture>\n\t\t\t\t<source media=\"(max-width: 500px)\" srcset=\"https:\/\/files.sunoresearch.com.br\/n\/uploads\/2023\/03\/400x300-Planilha-controle-de-gastos.png\">\n\t\t\t\t<img class=\"newsContent__article__imgCapa newsContent__article__imgCapa--banner\"\n\t\t\t\t\tsrc=\"https:\/\/files.sunoresearch.com.br\/n\/uploads\/2023\/03\/1420x240-Planilha-controle-de-gastos.png\"\n\t\t\t\t\tdata-promo-id=\"101751\"\t\t\t\t\t\t\t\t\t\twidth='1420' height='240'\t\t\t\t\talt=\"https:\/\/files.sunoresearch.com.br\/n\/uploads\/2023\/03\/1420x240-Planilha-controle-de-gastos.png\"\n\t\t\t\t>\n\t\t\t<\/picture>\n\t\t<\/a>\n\t<\/p>\n\n\n<p>Ampliando a <a href=\"https:\/\/www.suno.com.br\/artigos\/divida-publica\/\">d\u00edvida p\u00fablica<\/a>, houve uma emiss\u00e3o l\u00edquida de R$ 58 bilh\u00f5es, o que significa que o Tesouro vendeu mais t\u00edtulos para se financiar no mercado do que resgatou pap\u00e9is j\u00e1 emitidos. Ao todo, foram emitidos R$ 156,8 bilh\u00f5es e resgatados R$ 98,8 bilh\u00f5es.<\/p>\n<p>&#8220;O <strong>Tesouro Nacional<\/strong> realizou, em maio, emiss\u00f5es acima da m\u00e9dia dos \u00faltimos 12 meses, refor\u00e7ando significativamente o caixa em um m\u00eas com vencimentos menores&#8221;, informou o \u00f3rg\u00e3o.<\/p>\n<p>A corre\u00e7\u00e3o de juros no estoque da DPF, por sua vez, foi de R$ 23,93 bilh\u00f5es no m\u00eas passado.<\/p>\n<p>A DPF inclui a <a class=\"suno-keyword\" href=\"https:\/\/www.suno.com.br\/artigos\/divida-interna\/\" target=\"_blank\" rel=\"noopener noreferrer\" data-force=\"no\" data-priority=\"1\">d\u00edvida interna<\/a> e externa. A D\u00edvida P\u00fablica Mobili\u00e1ria Federal interna (DPMFi) subiu 1,82% em maio e fechou o m\u00eas em R$ 4,940 trilh\u00f5es. J\u00e1 a D\u00edvida P\u00fablica Federal externa (DPFe) ficou 2,64% menor no m\u00eas, somando R$ 230,75 bilh\u00f5es ao fim do m\u00eas passado.<\/p>\n<h2>D\u00edvida p\u00fablica a vencer em 12 meses<\/h2>\n<p>A parcela da DPF a vencer em 12 meses caiu de 24,52% em abril para 22,93% em maio, informou o Tesouro Nacional. Nesse per\u00edodo, v\u00e3o vencer R$ 1,185 trilh\u00e3o em t\u00edtulos da d\u00edvida.<\/p>\n<p>O prazo m\u00e9dio da d\u00edvida p\u00fablica federal, por sua vez, caiu levemente de 3,79 anos em abril para 3,78 anos em maio.<\/p>\n\t<div data-element=\"shortcode-read-more\" class=\"knowMore\">\n\t\t\t\t<span class=\"knowMore__title\">Saiba mais<\/span>\n\t\t\t\t<a class=\"knowMore__link\" href=\"https:\/\/www.suno.com.br\/noticias\/divida-familias-novo-recorde-pandemia-dados-bc\/\">\n\t\t\tD\u00edvida das fam\u00edlias \u00e9 a maior desde 2005 e bate novo recorde na pandemia\t\t<\/a>\n\t<\/div>\n\n\n<p>O custo m\u00e9dio do estoque da DPF em 12 meses at\u00e9 maio subiu e atingiu 7,34% ao ano, contra 7,22% em abril.<\/p>\n<p>O custo m\u00e9dio das novas emiss\u00f5es tamb\u00e9m teve aumento na passagem do m\u00eas, de 5,13% ao ano para 5,49% ao ano no m\u00eas passado.<\/p>\n<h2>Composi\u00e7\u00e3o do endividamento<\/h2>\n<p>A parcela de <strong>t\u00edtulos prefixados<\/strong> na DPF subiu em maio, para 32,95%. Em abril, estava em 31,90%. Os pap\u00e9is atrelados \u00e0 <strong>Selic<\/strong>, por sua vez, ficaram com uma fatia menor, passando de 35,50% para 35,39%.<\/p>\n<p>Os t\u00edtulos<a href=\"https:\/\/www.suno.com.br\/artigos\/inflacao\/\"> remunerados pela <strong>infla\u00e7\u00e3o<\/strong><\/a> ca\u00edram para 26,95% do estoque da DPF em maio, ante 27,69% em abril. Os pap\u00e9is cambiais tiveram redu\u00e7\u00e3o na participa\u00e7\u00e3o na DPF de 4,91% para 4,70% em maio.<\/p>\n\t<p>\n\t\t<a href=\"https:\/\/lp.suno.com.br\/planilha-da-vida-financeira\/\" target=\"_blank\" data-element=\"shortcode-suno-banner\" title=\"Banner SUNO, clique e saiba mais\">\n\t\t\t<picture>\n\t\t\t\t<source media=\"(max-width: 500px)\" srcset=\"https:\/\/files.sunoresearch.com.br\/n\/uploads\/2023\/04\/400x300-Planilha-vida-financeira-true.png\">\n\t\t\t\t<img class=\"newsContent__article__imgCapa newsContent__article__imgCapa--banner\"\n\t\t\t\t\tsrc=\"https:\/\/files.sunoresearch.com.br\/n\/uploads\/2023\/04\/1420x240-Planilha-vida-financeira-true.png\"\n\t\t\t\t\tdata-promo-id=\"106682\"\t\t\t\t\t\t\t\t\t\twidth='1420' height='240'\t\t\t\t\talt=\"https:\/\/files.sunoresearch.com.br\/n\/uploads\/2023\/04\/1420x240-Planilha-vida-financeira-true.png\"\n\t\t\t\t>\n\t\t\t<\/picture>\n\t\t<\/a>\n\t<\/p>\n\n\n<p>Ap\u00f3s o ajuste nas metas do Plano Anual de Financiamento (PAF), feito no m\u00eas passado, todos os pap\u00e9is est\u00e3o enquadrados nos objetivos tra\u00e7ados pelo Tesouro para o ano.<\/p>\n<p>O intervalo do objetivo perseguido pelo Tesouro para os t\u00edtulos atrelados \u00e0 <a class=\"suno-keyword\" href=\"https:\/\/www.suno.com.br\/artigos\/taxa-basica-de-juros\/\" target=\"_blank\" rel=\"noopener noreferrer\" data-force=\"no\" data-priority=\"1\">taxa b\u00e1sica de juros<\/a> em 2020 vai de 33% a 37%. Para os prefixados, o intervalo \u00e9 de 31% a 35%. No caso dos que t\u00eam \u00edndices de pre\u00e7o como refer\u00eancia, a meta \u00e9 de 26% a 30% e, no de c\u00e2mbio, de 3% a 7%.<\/p>\n<h2>Participa\u00e7\u00e3o de estrangeiros na d\u00edvida brasileira aumenta<\/h2>\n<p>A fatia dos investidores estrangeiros na d\u00edvida p\u00fablica subiu levemente em maio, com acr\u00e9scimo de R$ 14,87 bilh\u00f5es em pap\u00e9is da d\u00edvida interna nas m\u00e3os desses detentores no m\u00eas. De acordo com dados divulgados pelo Tesouro Nacional, a participa\u00e7\u00e3o dos n\u00e3o residentes no Brasil no estoque da (DPMFi passou de 9,75% em abril para 9,87% no m\u00eas passado.<\/p>\n<p>O estoque de pap\u00e9is nas m\u00e3os dos estrangeiros somou R$ 487,83 bilh\u00f5es em maio.<\/p>\n<p>A maior participa\u00e7\u00e3o no estoque da DPMFi, por sua vez, segue com <a class=\"suno-keyword\" href=\"https:\/\/www.suno.com.br\/artigos\/instituicoes-financeiras\/\" target=\"_blank\" rel=\"noopener noreferrer\" data-force=\"no\" data-priority=\"1\">institui\u00e7\u00f5es financeiras<\/a>, que det\u00eam 29,96% da DPMFi, segundo a posi\u00e7\u00e3o de maio. O estoque nas m\u00e3os dessas institui\u00e7\u00f5es est\u00e1 em R$ 1,479 trilh\u00e3o.<\/p>\n<p>Os <strong>fundos de investimentos<\/strong> tamb\u00e9m comparam mais pap\u00e9is e ganharam participa\u00e7\u00e3o (de 23,84% para 23,91%). O estoque \u00e9 de R$ 1,181 trilh\u00e3o.<\/p>\n<p>O grupo Previd\u00eancia reduziu a participa\u00e7\u00e3o de 23,55% para 23,16% de um m\u00eas para o outro, com um estoque de pap\u00e9is praticamente est\u00e1vel na <strong>d\u00edvida p\u00fablica<\/strong> do Pa\u00eds.<\/p>\n<p><em>Com informa\u00e7\u00f5es do Estad\u00e3o Conte\u00fado.\u00a0<\/em><\/p>\n\t<p>\n\t\t<a href=\"https:\/\/lp.suno.com.br\/planilha-de-controle-de-investimentos\/\" target=\"_blank\" data-element=\"shortcode-suno-banner\" title=\"Banner SUNO, clique e saiba mais\">\n\t\t\t<picture>\n\t\t\t\t<source media=\"(max-width: 500px)\" srcset=\"https:\/\/files.sunoresearch.com.br\/n\/uploads\/2023\/03\/400x300-Controle-de-Investimentos.png\">\n\t\t\t\t<img class=\"newsContent__article__imgCapa newsContent__article__imgCapa--banner\"\n\t\t\t\t\tsrc=\"https:\/\/files.sunoresearch.com.br\/n\/uploads\/2023\/03\/1420x240-Controle-de-Investimentos.png\"\n\t\t\t\t\tdata-promo-id=\"75934\"\t\t\t\t\t\t\t\t\t\twidth='1420' height='240'\t\t\t\t\talt=\"https:\/\/files.sunoresearch.com.br\/n\/uploads\/2023\/03\/1420x240-Controle-de-Investimentos.png\"\n\t\t\t\t>\n\t\t\t<\/picture>\n\t\t<\/a>\n\t<\/p>\n\n\n","protected":false},"excerpt":{"rendered":"<p>A D\u00edvida P\u00fablica Federal (DPF) fechou maio em R$ 5,171 trilh\u00f5es, ap\u00f3s uma alta de 1,61% na base mensal. Em abril, a d\u00edvida estava em R$ 5,089 trilh\u00f5es, segundo informa\u00e7\u00f5es divulgadas pelo Tesouro Nacional nesta segunda-feira (28). Foto: Olya Adamovich, por Pixabay. Ampliando a d\u00edvida p\u00fablica, houve uma emiss\u00e3o l\u00edquida de R$ 58 bilh\u00f5es, o [&hellip;]<\/p>\n","protected":false},"author":24,"featured_media":161879,"comment_status":"closed","ping_status":"closed","sticky":false,"template":"","format":"standard","meta":[],"categories":[62],"tags":[1265,1858,1752,290,1044],"suno_strategy":[],"class_list":["post-161849","post","type-post","status-publish","format-standard","has-post-thumbnail","hentry","category-economia","tag-divida-publica-federal","tag-endividamento","tag-taxa-de-juros","tag-taxa-selic","tag-tesouro-nacional"],"yoast_head":"<!-- This site is optimized with the Yoast SEO plugin v24.4 - https:\/\/yoast.com\/wordpress\/plugins\/seo\/ -->\n<title>D\u00edvida p\u00fablica sobe 1,61% e fecha maio em R$ 5,17 trilh\u00f5es<\/title>\n<meta name=\"description\" content=\"A D\u00edvida P\u00fablica Federal (DPF) fechou maio em R$ 5,171 trilh\u00f5es, ap\u00f3s uma alta de 1,61% na base mensal. Clique aqui e saiba mais.\" \/>\n<meta name=\"robots\" content=\"index, follow, max-snippet:-1, max-image-preview:large, max-video-preview:-1\" \/>\n<link rel=\"canonical\" href=\"https:\/\/www.suno.com.br\/noticias\/divida-publica-federal-maio-tesouro\/\" \/>\n<meta property=\"og:locale\" content=\"pt_BR\" \/>\n<meta property=\"og:type\" content=\"article\" \/>\n<meta property=\"og:title\" content=\"D\u00edvida p\u00fablica sobe 1,61% e fecha maio em R$ 5,17 trilh\u00f5es\" \/>\n<meta property=\"og:description\" content=\"A D\u00edvida P\u00fablica Federal (DPF) fechou maio em R$ 5,171 trilh\u00f5es, ap\u00f3s uma alta de 1,61% na base mensal. Clique aqui e saiba mais.\" \/>\n<meta property=\"og:url\" content=\"https:\/\/www.suno.com.br\/noticias\/divida-publica-federal-maio-tesouro\/\" \/>\n<meta property=\"og:site_name\" content=\"Suno Not\u00edcias\" \/>\n<meta property=\"article:publisher\" content=\"https:\/\/facebook.com\/sunoresearch\" \/>\n<meta property=\"og:image\" content=\"https:\/\/files.sunoresearch.com.br\/n\/uploads\/2021\/06\/3d10eb0e-coins-912719_1920.jpg\" \/>\n\t<meta property=\"og:image:width\" content=\"1920\" \/>\n\t<meta property=\"og:image:height\" content=\"1280\" \/>\n\t<meta property=\"og:image:type\" content=\"image\/jpeg\" \/>\n<meta name=\"author\" content=\"Jader Lazarini\" \/>\n<meta name=\"twitter:card\" content=\"summary_large_image\" \/>\n<meta name=\"twitter:creator\" content=\"@sunoresearch\" \/>\n<meta name=\"twitter:site\" content=\"@sunoresearch\" \/>\n<meta name=\"twitter:label1\" content=\"Escrito por\" \/>\n\t<meta name=\"twitter:data1\" content=\"Jader Lazarini\" \/>\n\t<meta name=\"twitter:label2\" content=\"Est. tempo de leitura\" \/>\n\t<meta name=\"twitter:data2\" content=\"3 minutos\" \/>\n<script type=\"application\/ld+json\" class=\"yoast-schema-graph\">{\"@context\":\"https:\/\/schema.org\",\"@graph\":[{\"@type\":\"NewsArticle\",\"@id\":\"https:\/\/www.suno.com.br\/noticias\/divida-publica-federal-maio-tesouro\/#article\",\"isPartOf\":{\"@id\":\"https:\/\/www.suno.com.br\/noticias\/divida-publica-federal-maio-tesouro\/\"},\"author\":{\"name\":\"Jader Lazarini\",\"@id\":\"https:\/\/www.suno.com.br\/noticias\/#\/schema\/person\/918d79de1f0281f01599b93f9ea6e23f\"},\"headline\":\"D\u00edvida p\u00fablica sobe 1,61% e fecha maio em R$ 5,17 trilh\u00f5es, informa Tesouro\",\"datePublished\":\"2021-06-28T19:27:23+00:00\",\"dateModified\":\"2021-06-28T19:27:41+00:00\",\"mainEntityOfPage\":{\"@id\":\"https:\/\/www.suno.com.br\/noticias\/divida-publica-federal-maio-tesouro\/\"},\"wordCount\":690,\"publisher\":{\"@id\":\"https:\/\/www.suno.com.br\/noticias\/#organization\"},\"image\":{\"@id\":\"https:\/\/www.suno.com.br\/noticias\/divida-publica-federal-maio-tesouro\/#primaryimage\"},\"thumbnailUrl\":\"https:\/\/files.sunoresearch.com.br\/n\/uploads\/2021\/06\/3d10eb0e-coins-912719_1920-jpg.webp\",\"keywords\":[\"D\u00edvida P\u00fablica Federal\",\"endividamento\",\"taxa de juros\",\"Taxa Selic\",\"Tesouro Nacional\"],\"articleSection\":[\"Economia\"],\"inLanguage\":\"pt-BR\"},{\"@type\":\"WebPage\",\"@id\":\"https:\/\/www.suno.com.br\/noticias\/divida-publica-federal-maio-tesouro\/\",\"url\":\"https:\/\/www.suno.com.br\/noticias\/divida-publica-federal-maio-tesouro\/\",\"name\":\"D\u00edvida p\u00fablica sobe 1,61% e fecha maio em R$ 5,17 trilh\u00f5es\",\"isPartOf\":{\"@id\":\"https:\/\/www.suno.com.br\/noticias\/#website\"},\"primaryImageOfPage\":{\"@id\":\"https:\/\/www.suno.com.br\/noticias\/divida-publica-federal-maio-tesouro\/#primaryimage\"},\"image\":{\"@id\":\"https:\/\/www.suno.com.br\/noticias\/divida-publica-federal-maio-tesouro\/#primaryimage\"},\"thumbnailUrl\":\"https:\/\/files.sunoresearch.com.br\/n\/uploads\/2021\/06\/3d10eb0e-coins-912719_1920-jpg.webp\",\"datePublished\":\"2021-06-28T19:27:23+00:00\",\"dateModified\":\"2021-06-28T19:27:41+00:00\",\"description\":\"A D\u00edvida P\u00fablica Federal (DPF) fechou maio em R$ 5,171 trilh\u00f5es, ap\u00f3s uma alta de 1,61% na base mensal. Clique aqui e saiba mais.\",\"breadcrumb\":{\"@id\":\"https:\/\/www.suno.com.br\/noticias\/divida-publica-federal-maio-tesouro\/#breadcrumb\"},\"inLanguage\":\"pt-BR\",\"potentialAction\":[{\"@type\":\"ReadAction\",\"target\":[\"https:\/\/www.suno.com.br\/noticias\/divida-publica-federal-maio-tesouro\/\"]}]},{\"@type\":\"ImageObject\",\"inLanguage\":\"pt-BR\",\"@id\":\"https:\/\/www.suno.com.br\/noticias\/divida-publica-federal-maio-tesouro\/#primaryimage\",\"url\":\"https:\/\/files.sunoresearch.com.br\/n\/uploads\/2021\/06\/3d10eb0e-coins-912719_1920-jpg.webp\",\"contentUrl\":\"https:\/\/files.sunoresearch.com.br\/n\/uploads\/2021\/06\/3d10eb0e-coins-912719_1920-jpg.webp\",\"width\":1920,\"height\":1280,\"caption\":\"Foto: Olya Adamovich, por Pixabay.\"},{\"@type\":\"BreadcrumbList\",\"@id\":\"https:\/\/www.suno.com.br\/noticias\/divida-publica-federal-maio-tesouro\/#breadcrumb\",\"itemListElement\":[{\"@type\":\"ListItem\",\"position\":1,\"name\":\"Not\u00edcias\",\"item\":\"https:\/\/www.suno.com.br\/noticias\/\"},{\"@type\":\"ListItem\",\"position\":2,\"name\":\"Economia\",\"item\":\"https:\/\/www.suno.com.br\/noticias\/economia\/\"},{\"@type\":\"ListItem\",\"position\":3,\"name\":\"D\u00edvida p\u00fablica sobe 1,61% e fecha maio em R$ 5,17 trilh\u00f5es, informa Tesouro\"}]},{\"@type\":\"WebSite\",\"@id\":\"https:\/\/www.suno.com.br\/noticias\/#website\",\"url\":\"https:\/\/www.suno.com.br\/noticias\/\",\"name\":\"Suno Not\u00edcias\",\"description\":\"Seu portal de informa\u00e7\u00e3o sobre o mundo dos investimentos\",\"publisher\":{\"@id\":\"https:\/\/www.suno.com.br\/noticias\/#organization\"},\"potentialAction\":[{\"@type\":\"SearchAction\",\"target\":{\"@type\":\"EntryPoint\",\"urlTemplate\":\"https:\/\/www.suno.com.br\/noticias\/?s={search_term_string}\"},\"query-input\":{\"@type\":\"PropertyValueSpecification\",\"valueRequired\":true,\"valueName\":\"search_term_string\"}}],\"inLanguage\":\"pt-BR\"},{\"@type\":\"Organization\",\"@id\":\"https:\/\/www.suno.com.br\/noticias\/#organization\",\"name\":\"Suno Not\u00edcias\",\"url\":\"https:\/\/www.suno.com.br\/noticias\/\",\"logo\":{\"@type\":\"ImageObject\",\"inLanguage\":\"pt-BR\",\"@id\":\"https:\/\/www.suno.com.br\/noticias\/#\/schema\/logo\/image\/\",\"url\":\"https:\/\/files.sunoresearch.com.br\/n\/uploads\/2021\/09\/suno-logo.png\",\"contentUrl\":\"https:\/\/files.sunoresearch.com.br\/n\/uploads\/2021\/09\/suno-logo.png\",\"width\":180,\"height\":180,\"caption\":\"Suno Not\u00edcias\"},\"image\":{\"@id\":\"https:\/\/www.suno.com.br\/noticias\/#\/schema\/logo\/image\/\"},\"sameAs\":[\"https:\/\/facebook.com\/sunoresearch\",\"https:\/\/x.com\/sunoresearch\",\"https:\/\/www.instagram.com\/suno\",\"https:\/\/www.linkedin.com\/company\/suno-research\/\",\"https:\/\/www.youtube.com\/c\/sunoresearch\"]},{\"@type\":\"Person\",\"@id\":\"https:\/\/www.suno.com.br\/noticias\/#\/schema\/person\/918d79de1f0281f01599b93f9ea6e23f\",\"name\":\"Jader Lazarini\",\"image\":{\"@type\":\"ImageObject\",\"inLanguage\":\"pt-BR\",\"@id\":\"https:\/\/www.suno.com.br\/noticias\/#\/schema\/person\/image\/\",\"url\":\"https:\/\/secure.gravatar.com\/avatar\/3c1ad8caa51589841baeb923fcddea97?s=96&r=g\",\"contentUrl\":\"https:\/\/secure.gravatar.com\/avatar\/3c1ad8caa51589841baeb923fcddea97?s=96&r=g\",\"caption\":\"Jader Lazarini\"},\"description\":\"Jader Lazarini escreve sobre investimentos, finan\u00e7as, economia e neg\u00f3cios. \u00c9 bacharel em Rela\u00e7\u00f5es Internacionais e analista CNPI (2619).\",\"url\":\"https:\/\/www.suno.com.br\/noticias\/author\/jader-lazarini\/\"}]}<\/script>\n<!-- \/ Yoast SEO plugin. -->","yoast_head_json":{"title":"D\u00edvida p\u00fablica sobe 1,61% e fecha maio em R$ 5,17 trilh\u00f5es","description":"A D\u00edvida P\u00fablica Federal (DPF) fechou maio em R$ 5,171 trilh\u00f5es, ap\u00f3s uma alta de 1,61% na base mensal. Clique aqui e saiba mais.","robots":{"index":"index","follow":"follow","max-snippet":"max-snippet:-1","max-image-preview":"max-image-preview:large","max-video-preview":"max-video-preview:-1"},"canonical":"https:\/\/www.suno.com.br\/noticias\/divida-publica-federal-maio-tesouro\/","og_locale":"pt_BR","og_type":"article","og_title":"D\u00edvida p\u00fablica sobe 1,61% e fecha maio em R$ 5,17 trilh\u00f5es","og_description":"A D\u00edvida P\u00fablica Federal (DPF) fechou maio em R$ 5,171 trilh\u00f5es, ap\u00f3s uma alta de 1,61% na base mensal. Clique aqui e saiba mais.","og_url":"https:\/\/www.suno.com.br\/noticias\/divida-publica-federal-maio-tesouro\/","og_site_name":"Suno Not\u00edcias","article_publisher":"https:\/\/facebook.com\/sunoresearch","og_image":[{"width":1920,"height":1280,"url":"https:\/\/files.sunoresearch.com.br\/n\/uploads\/2021\/06\/3d10eb0e-coins-912719_1920.jpg","type":"image\/jpeg"}],"author":"Jader Lazarini","twitter_card":"summary_large_image","twitter_creator":"@sunoresearch","twitter_site":"@sunoresearch","twitter_misc":{"Escrito por":"Jader Lazarini","Est. tempo de leitura":"3 minutos"},"schema":{"@context":"https:\/\/schema.org","@graph":[{"@type":"NewsArticle","@id":"https:\/\/www.suno.com.br\/noticias\/divida-publica-federal-maio-tesouro\/#article","isPartOf":{"@id":"https:\/\/www.suno.com.br\/noticias\/divida-publica-federal-maio-tesouro\/"},"author":{"name":"Jader Lazarini","@id":"https:\/\/www.suno.com.br\/noticias\/#\/schema\/person\/918d79de1f0281f01599b93f9ea6e23f"},"headline":"D\u00edvida p\u00fablica sobe 1,61% e fecha maio em R$ 5,17 trilh\u00f5es, informa Tesouro","datePublished":"2021-06-28T19:27:23+00:00","dateModified":"2021-06-28T19:27:41+00:00","mainEntityOfPage":{"@id":"https:\/\/www.suno.com.br\/noticias\/divida-publica-federal-maio-tesouro\/"},"wordCount":690,"publisher":{"@id":"https:\/\/www.suno.com.br\/noticias\/#organization"},"image":{"@id":"https:\/\/www.suno.com.br\/noticias\/divida-publica-federal-maio-tesouro\/#primaryimage"},"thumbnailUrl":"https:\/\/files.sunoresearch.com.br\/n\/uploads\/2021\/06\/3d10eb0e-coins-912719_1920-jpg.webp","keywords":["D\u00edvida P\u00fablica Federal","endividamento","taxa de juros","Taxa Selic","Tesouro Nacional"],"articleSection":["Economia"],"inLanguage":"pt-BR"},{"@type":"WebPage","@id":"https:\/\/www.suno.com.br\/noticias\/divida-publica-federal-maio-tesouro\/","url":"https:\/\/www.suno.com.br\/noticias\/divida-publica-federal-maio-tesouro\/","name":"D\u00edvida p\u00fablica sobe 1,61% e fecha maio em R$ 5,17 trilh\u00f5es","isPartOf":{"@id":"https:\/\/www.suno.com.br\/noticias\/#website"},"primaryImageOfPage":{"@id":"https:\/\/www.suno.com.br\/noticias\/divida-publica-federal-maio-tesouro\/#primaryimage"},"image":{"@id":"https:\/\/www.suno.com.br\/noticias\/divida-publica-federal-maio-tesouro\/#primaryimage"},"thumbnailUrl":"https:\/\/files.sunoresearch.com.br\/n\/uploads\/2021\/06\/3d10eb0e-coins-912719_1920-jpg.webp","datePublished":"2021-06-28T19:27:23+00:00","dateModified":"2021-06-28T19:27:41+00:00","description":"A D\u00edvida P\u00fablica Federal (DPF) fechou maio em R$ 5,171 trilh\u00f5es, ap\u00f3s uma alta de 1,61% na base mensal. Clique aqui e saiba mais.","breadcrumb":{"@id":"https:\/\/www.suno.com.br\/noticias\/divida-publica-federal-maio-tesouro\/#breadcrumb"},"inLanguage":"pt-BR","potentialAction":[{"@type":"ReadAction","target":["https:\/\/www.suno.com.br\/noticias\/divida-publica-federal-maio-tesouro\/"]}]},{"@type":"ImageObject","inLanguage":"pt-BR","@id":"https:\/\/www.suno.com.br\/noticias\/divida-publica-federal-maio-tesouro\/#primaryimage","url":"https:\/\/files.sunoresearch.com.br\/n\/uploads\/2021\/06\/3d10eb0e-coins-912719_1920-jpg.webp","contentUrl":"https:\/\/files.sunoresearch.com.br\/n\/uploads\/2021\/06\/3d10eb0e-coins-912719_1920-jpg.webp","width":1920,"height":1280,"caption":"Foto: Olya Adamovich, por Pixabay."},{"@type":"BreadcrumbList","@id":"https:\/\/www.suno.com.br\/noticias\/divida-publica-federal-maio-tesouro\/#breadcrumb","itemListElement":[{"@type":"ListItem","position":1,"name":"Not\u00edcias","item":"https:\/\/www.suno.com.br\/noticias\/"},{"@type":"ListItem","position":2,"name":"Economia","item":"https:\/\/www.suno.com.br\/noticias\/economia\/"},{"@type":"ListItem","position":3,"name":"D\u00edvida p\u00fablica sobe 1,61% e fecha maio em R$ 5,17 trilh\u00f5es, informa Tesouro"}]},{"@type":"WebSite","@id":"https:\/\/www.suno.com.br\/noticias\/#website","url":"https:\/\/www.suno.com.br\/noticias\/","name":"Suno Not\u00edcias","description":"Seu portal de informa\u00e7\u00e3o sobre o mundo dos investimentos","publisher":{"@id":"https:\/\/www.suno.com.br\/noticias\/#organization"},"potentialAction":[{"@type":"SearchAction","target":{"@type":"EntryPoint","urlTemplate":"https:\/\/www.suno.com.br\/noticias\/?s={search_term_string}"},"query-input":{"@type":"PropertyValueSpecification","valueRequired":true,"valueName":"search_term_string"}}],"inLanguage":"pt-BR"},{"@type":"Organization","@id":"https:\/\/www.suno.com.br\/noticias\/#organization","name":"Suno Not\u00edcias","url":"https:\/\/www.suno.com.br\/noticias\/","logo":{"@type":"ImageObject","inLanguage":"pt-BR","@id":"https:\/\/www.suno.com.br\/noticias\/#\/schema\/logo\/image\/","url":"https:\/\/files.sunoresearch.com.br\/n\/uploads\/2021\/09\/suno-logo.png","contentUrl":"https:\/\/files.sunoresearch.com.br\/n\/uploads\/2021\/09\/suno-logo.png","width":180,"height":180,"caption":"Suno Not\u00edcias"},"image":{"@id":"https:\/\/www.suno.com.br\/noticias\/#\/schema\/logo\/image\/"},"sameAs":["https:\/\/facebook.com\/sunoresearch","https:\/\/x.com\/sunoresearch","https:\/\/www.instagram.com\/suno","https:\/\/www.linkedin.com\/company\/suno-research\/","https:\/\/www.youtube.com\/c\/sunoresearch"]},{"@type":"Person","@id":"https:\/\/www.suno.com.br\/noticias\/#\/schema\/person\/918d79de1f0281f01599b93f9ea6e23f","name":"Jader Lazarini","image":{"@type":"ImageObject","inLanguage":"pt-BR","@id":"https:\/\/www.suno.com.br\/noticias\/#\/schema\/person\/image\/","url":"https:\/\/secure.gravatar.com\/avatar\/3c1ad8caa51589841baeb923fcddea97?s=96&r=g","contentUrl":"https:\/\/secure.gravatar.com\/avatar\/3c1ad8caa51589841baeb923fcddea97?s=96&r=g","caption":"Jader Lazarini"},"description":"Jader Lazarini escreve sobre investimentos, finan\u00e7as, economia e neg\u00f3cios. \u00c9 bacharel em Rela\u00e7\u00f5es Internacionais e analista CNPI (2619).","url":"https:\/\/www.suno.com.br\/noticias\/author\/jader-lazarini\/"}]}},"default_loop_html":"<div class=\"cardsPage__listCard__boxs\"><div class=\"cardsPage__listCard__boxs__img\"><a href=\"https:\/\/www.suno.com.br\/noticias\/divida-publica-federal-maio-tesouro\/\"><img class=\"mask\" src=\"https:\/\/www.suno.com.br\/noticias\/wp-content\/themes\/suno\/resources\/images\/spotlight\/spotlight1img\/bg-mask.png\" alt=\"Image Mask\"\/><img src=\"https:\/\/files.sunoresearch.com.br\/n\/uploads\/2021\/06\/3d10eb0e-coins-912719_1920-400x200.webp\" alt=\"D\u00edvida p\u00fablica sobe 1,61% e fecha maio em R$ 5,17 trilh\u00f5es, informa Tesouro\"\/><\/a><span class=\"spotlightCategory\"><a href=\"https:\/\/www.suno.com.br\/noticias\/economia\/\">Economia<\/a><\/span><\/div><div class=\"cardsPage__listCard__boxs__content\"><a href=\"https:\/\/www.suno.com.br\/noticias\/divida-publica-federal-maio-tesouro\/\"><h2 class=\"content__title\">D\u00edvida p\u00fablica sobe 1,61% e fecha maio em R$ 5,17 trilh\u00f5es, informa Tesouro<\/h2><\/a><div class=\"newsContent__article__meta\"><div class=\"newsContent__article__meta__authorBox\"><a href=\"https:\/\/www.suno.com.br\/noticias\/author\/jader-lazarini\/\" class=\"authorBox__avatar noMobi\"><img src=\"https:\/\/files.sunoresearch.com.br\/n\/uploads\/2021\/01\/178e6598-foto-perfil-2-150x150.jpg\" alt=\"Jader Lazarini\"><\/a><div class=\"authorBox__name\"><span>por\n\t\t\t<a href=\"https:\/\/www.suno.com.br\/noticias\/author\/jader-lazarini\/\"><span itemprop=\"author\">Jader Lazarini<\/span><\/a><\/span><time datetime=\"2021-06-28T16:27:23-03:00\" itemprop=\"datePublished\">28\/06\/2021 16:27<\/time><\/div><\/div><\/div><\/div><\/div>","single_layout":"posts","amp_enabled":true,"_links":{"self":[{"href":"https:\/\/www.suno.com.br\/noticias\/wp-json\/wp\/v2\/posts\/161849"}],"collection":[{"href":"https:\/\/www.suno.com.br\/noticias\/wp-json\/wp\/v2\/posts"}],"about":[{"href":"https:\/\/www.suno.com.br\/noticias\/wp-json\/wp\/v2\/types\/post"}],"author":[{"embeddable":true,"href":"https:\/\/www.suno.com.br\/noticias\/wp-json\/wp\/v2\/users\/24"}],"replies":[{"embeddable":true,"href":"https:\/\/www.suno.com.br\/noticias\/wp-json\/wp\/v2\/comments?post=161849"}],"version-history":[{"count":3,"href":"https:\/\/www.suno.com.br\/noticias\/wp-json\/wp\/v2\/posts\/161849\/revisions"}],"predecessor-version":[{"id":161886,"href":"https:\/\/www.suno.com.br\/noticias\/wp-json\/wp\/v2\/posts\/161849\/revisions\/161886"}],"wp:featuredmedia":[{"embeddable":true,"href":"https:\/\/www.suno.com.br\/noticias\/wp-json\/wp\/v2\/media\/161879"}],"wp:attachment":[{"href":"https:\/\/www.suno.com.br\/noticias\/wp-json\/wp\/v2\/media?parent=161849"}],"wp:term":[{"taxonomy":"category","embeddable":true,"href":"https:\/\/www.suno.com.br\/noticias\/wp-json\/wp\/v2\/categories?post=161849"},{"taxonomy":"post_tag","embeddable":true,"href":"https:\/\/www.suno.com.br\/noticias\/wp-json\/wp\/v2\/tags?post=161849"},{"taxonomy":"suno_strategy","embeddable":true,"href":"https:\/\/www.suno.com.br\/noticias\/wp-json\/wp\/v2\/suno_strategy?post=161849"}],"curies":[{"name":"wp","href":"https:\/\/api.w.org\/{rel}","templated":true}]}}