{"id":161817,"date":"2021-06-28T14:34:29","date_gmt":"2021-06-28T17:34:29","guid":{"rendered":"https:\/\/www.suno.com.br\/noticias\/?p=161817"},"modified":"2021-06-28T14:34:29","modified_gmt":"2021-06-28T17:34:29","slug":"compras-emergenciais-titulos-encerradas-fim-pandemia-bce","status":"publish","type":"post","link":"https:\/\/www.suno.com.br\/noticias\/compras-emergenciais-titulos-encerradas-fim-pandemia-bce\/","title":{"rendered":"Compras emergenciais de t\u00edtulos devem ser encerradas com fim da pandemia, diz BCE"},"content":{"rendered":"<p>O Programa de Compras Emergenciais da Pandemia (PEPP, na sigla em ingl\u00eas) do <a class=\"suno-keyword\" href=\"https:\/\/www.suno.com.br\/artigos\/bce\/\" target=\"_blank\" rel=\"noopener noreferrer\" data-force=\"no\" data-priority=\"1\">Banco Central Europeu (<strong>BCE<\/strong>)<\/a> deve ser encerrado assim que a situa\u00e7\u00e3o de emerg\u00eancia sanit\u00e1ria na zona do euro terminar e a economia da regi\u00e3o apresente fundamentos s\u00f3lidos para crescer sem o apoio excepcional, segundo avalia o dirigente do BCE, Jens Weidmann, em discurso publicado no site do Bundesbank, o BC da Alemanha, nesta segunda-feira (28).<\/p>\t<div class=\"wrapper-featured-image\">\n\t\t<figure class=\"spotlightImg\">\n\n\t\t\t<picture>\n\t\t\t\t<source media=\"(max-width: 768px)\" srcset=\"https:\/\/files.sunoresearch.com.br\/n\/uploads\/2021\/04\/07dfe73c-euro-1256252_1280-400x200.webp\">\n\t\t\t\t<img loading=\"lazy\" decoding=\"async\" class=\"newsContent__article__imgCapa lazyloadDisabled \" src=\"https:\/\/files.sunoresearch.com.br\/n\/uploads\/2021\/04\/07dfe73c-euro-1256252_1280-800x450.webp\" width=\"800\" height=\"450\" alt=\"Compras emergenciais de t\u00edtulos devem ser encerradas com fim da pandemia, diz BCE\" fetchpriority=high \/>\n\t\t\t<\/picture>\n\n\t\t\t<figcaption class=\"wp-caption-text wp-caption-text--show\">BCE. Foto: Pixabay<\/figcaption>\n\t\t<\/figure>\n\t<\/div>\n\n\n\t<p>\n\t\t<a href=\"https:\/\/lp.suno.com.br\/planilha-controle-gastos\/\" target=\"_blank\" data-element=\"shortcode-suno-banner\" title=\"Banner SUNO, clique e saiba mais\">\n\t\t\t<picture>\n\t\t\t\t<source media=\"(max-width: 500px)\" srcset=\"https:\/\/files.sunoresearch.com.br\/n\/uploads\/2023\/03\/400x300-Planilha-controle-de-gastos.png\">\n\t\t\t\t<img class=\"newsContent__article__imgCapa newsContent__article__imgCapa--banner\"\n\t\t\t\t\tsrc=\"https:\/\/files.sunoresearch.com.br\/n\/uploads\/2023\/03\/1420x240-Planilha-controle-de-gastos.png\"\n\t\t\t\t\tdata-promo-id=\"101751\"\t\t\t\t\t\t\t\t\t\twidth='1420' height='240'\t\t\t\t\talt=\"https:\/\/files.sunoresearch.com.br\/n\/uploads\/2023\/03\/1420x240-Planilha-controle-de-gastos.png\"\n\t\t\t\t>\n\t\t\t<\/picture>\n\t\t<\/a>\n\t<\/p>\n\n\n<p>&#8220;Gra\u00e7as aos resultados realizados na vacina\u00e7\u00e3o contra a covid-19, a economia da zona euro est\u00e1 agora saindo da crise. Isso tem consequ\u00eancias para o PEPP, pois o programa est\u00e1 claramente vinculado \u00e0 pandemia&#8221;, opinou o dirigente do BCE, defendendo a redu\u00e7\u00e3o dos est\u00edmulos monet\u00e1rios e fiscais uma vez que a pandemia seja superada.<\/p>\n<p>Caso a emerg\u00eancia sanit\u00e1ria na zona do euro n\u00e3o se estenda al\u00e9m do esperado, 2022 n\u00e3o correr\u00e1 o risco de ser &#8220;mais um ano de crise&#8221;, segundo Weidmann.<\/p>\n<p>&#8220;De acordo com as previs\u00f5es atuais, o produto econ\u00f4mico na zona do euro j\u00e1 ultrapassaria sem mais apoio monet\u00e1rio o seu n\u00edvel anterior \u00e0 crise no primeiro trimestre de 2022. E a previs\u00e3o sugere que a subutiliza\u00e7\u00e3o das capacidades macroecon\u00f4micas no bloco no pr\u00f3ximo ano deixar\u00e1 de ser excepcional&#8221;, afirmou o banqueiro central.<\/p>\n<p>Ele ainda comentou que as condi\u00e7\u00f5es de financiamento na zona do euro seguem baratas, apesar da alta nos rendimentos de t\u00edtulos soberanos na Europa, &#8220;\u00e0 medida que a infla\u00e7\u00e3o se move \u00e0 meta do BCE&#8221;, de cerca de 2% ao ano.<\/p>\n\t<p>\n\t\t<a href=\"\" target=\"_blank\" data-element=\"shortcode-suno-banner\" title=\"Banner SUNO, clique e saiba mais\">\n\t\t\t<picture>\n\t\t\t\t<source media=\"(max-width: 500px)\" srcset=\"\">\n\t\t\t\t<img class=\"newsContent__article__imgCapa newsContent__article__imgCapa--banner\"\n\t\t\t\t\tsrc=\"\"\n\t\t\t\t\tdata-promo-id=\"77030\"\t\t\t\t\t\t\t\t\t\t\t\t\t\t\talt=\"\"\n\t\t\t\t>\n\t\t\t<\/picture>\n\t\t<\/a>\n\t<\/p>\n\n\n<h2>Promover aperto monet\u00e1rio agora seria prematuro e um risco \u00e0 recupera\u00e7\u00e3o, diz BCE<\/h2>\n<p>O Banco Central Europeu\u00a0deve garantir que a sua <a class=\"suno-keyword\" href=\"https:\/\/www.suno.com.br\/artigos\/politica-monetaria\/\" target=\"_blank\" rel=\"noopener noreferrer\" data-force=\"no\" data-priority=\"1\">pol\u00edtica monet\u00e1ria<\/a> siga amparando a recupera\u00e7\u00e3o da economia da <a class=\"suno-keyword\" href=\"https:\/\/www.suno.com.br\/artigos\/zona-do-euro\/\" target=\"_blank\" rel=\"noopener noreferrer\" data-force=\"no\" data-priority=\"1\">zona do euro<\/a>, e um aperto das condi\u00e7\u00f5es financeiras agora seria prematuro e poderia arriscar a retomada da atividade na regi\u00e3o, afirmou a presidente da institui\u00e7\u00e3o, Christine Lagarde, em discurso ao Parlamento Europeu nesta segunda-feira (21).<\/p>\n<p>Ainda sobre a pol\u00edtica monet\u00e1ria, a dirigente disse que a experi\u00eancia do BCE com a ado\u00e7\u00e3o de taxa de juro negativa tem sido &#8220;positiva&#8221;, e os benef\u00edcios superam os riscos.<\/p>\n<p>&#8220;Temos evid\u00eancias claras de que o corte da taxa de dep\u00f3sito abaixo de zero proporcionou est\u00edmulo econ\u00f4mico adicional, pois contribuiu para taxas de empr\u00e9stimo mais baixas a empresas e fam\u00edlias&#8221;, avaliou Lagarde hoje.<\/p>\n<p>Lagarde tamb\u00e9m defendeu o Programa de Compras Emergenciais da Pandemia (PEPP, na sigla em ingl\u00eas) e as Opera\u00e7\u00f5es de Refinanciamento de Prazo Mais Longo Direcionadas (TLTROs), medidas adotadas pelo Banco Central Europeu.<\/p>\n<p>Segundo ela, essas ferramentas devem elevar o Produto Interno Bruto (PIB) da zona do euro em 1,8 ponto porcentual e a infla\u00e7\u00e3o em 1,2 ponto, entre 2020 e 2023.<\/p>\n\t<p>\n\t\t<a href=\"\" target=\"_blank\" data-element=\"shortcode-suno-banner\" title=\"Banner SUNO, clique e saiba mais\">\n\t\t\t<picture>\n\t\t\t\t<source media=\"(max-width: 500px)\" srcset=\"\">\n\t\t\t\t<img class=\"newsContent__article__imgCapa newsContent__article__imgCapa--banner\"\n\t\t\t\t\tsrc=\"\"\n\t\t\t\t\tdata-promo-id=\"92668\"\t\t\t\t\t\t\t\t\t\t\t\t\t\t\talt=\"\"\n\t\t\t\t>\n\t\t\t<\/picture>\n\t\t<\/a>\n\t<\/p>\n\n\n<p><b>Espa\u00e7o para redu\u00e7\u00e3o<\/b><\/p>\n<p>Christine Lagarde afirmou ainda durante a audi\u00eancia no Parlamento Europeu na \u00faltima segunda-feira (21), que as taxas de juros na zona do euro n\u00e3o est\u00e3o no &#8220;limite inferior efetivo&#8221;, e a entidade ainda tem espa\u00e7o para reduzi-las caso necess\u00e1rio.<\/p>\n<p><a href=\"https:\/\/www.suno.com.br\/noticias\/bce-preve-inflacao-avanco-2021-temporaria\/\">Veja Tamb\u00e9m: BCE prev\u00ea infla\u00e7\u00e3o com avan\u00e7o no restante do ano, mas de forma tempor\u00e1ria<\/a><\/p>\n<p>&#8220;Ainda temos espa\u00e7o para manobrar nossa pol\u00edtica monet\u00e1ria, caso seja apropriado&#8221;, afirmou a dirigente do <strong>BCE<\/strong>, ap\u00f3s reafirmar que o patamar abaixo de zero da taxa de juro para dep\u00f3sitos tem sido positivo para a zona do euro.<\/p>\n<p><em>Com informa\u00e7\u00f5es do Estad\u00e3o Conte\u00fado<\/em><\/p>\n\t<p>\n\t\t<a href=\"https:\/\/lp.suno.com.br\/planilha-de-controle-de-investimentos\/\" target=\"_blank\" data-element=\"shortcode-suno-banner\" title=\"Banner SUNO, clique e saiba mais\">\n\t\t\t<picture>\n\t\t\t\t<source media=\"(max-width: 500px)\" srcset=\"https:\/\/files.sunoresearch.com.br\/n\/uploads\/2023\/03\/400x300-Controle-de-Investimentos.png\">\n\t\t\t\t<img class=\"newsContent__article__imgCapa newsContent__article__imgCapa--banner\"\n\t\t\t\t\tsrc=\"https:\/\/files.sunoresearch.com.br\/n\/uploads\/2023\/03\/1420x240-Controle-de-Investimentos.png\"\n\t\t\t\t\tdata-promo-id=\"75934\"\t\t\t\t\t\t\t\t\t\twidth='1420' height='240'\t\t\t\t\talt=\"https:\/\/files.sunoresearch.com.br\/n\/uploads\/2023\/03\/1420x240-Controle-de-Investimentos.png\"\n\t\t\t\t>\n\t\t\t<\/picture>\n\t\t<\/a>\n\t<\/p>\n\n\n","protected":false},"excerpt":{"rendered":"<p>O Programa de Compras Emergenciais da Pandemia (PEPP, na sigla em ingl\u00eas) do Banco Central Europeu (BCE) deve ser encerrado assim que a situa\u00e7\u00e3o de emerg\u00eancia sanit\u00e1ria na zona do euro terminar e a economia da regi\u00e3o apresente fundamentos s\u00f3lidos para crescer sem o apoio excepcional, segundo avalia o dirigente do BCE, Jens Weidmann, em [&hellip;]<\/p>\n","protected":false},"author":56,"featured_media":141527,"comment_status":"closed","ping_status":"closed","sticky":false,"template":"","format":"standard","meta":[],"categories":[63],"tags":[863],"suno_strategy":[],"class_list":["post-161817","post","type-post","status-publish","format-standard","has-post-thumbnail","hentry","category-internacional","tag-banco-central-europeu-bce"],"yoast_head":"<!-- This site is optimized with the Yoast SEO plugin v24.4 - https:\/\/yoast.com\/wordpress\/plugins\/seo\/ -->\n<title>Compras emergenciais de t\u00edtulos devem ser encerradas com fim da pandemia, diz BCE<\/title>\n<meta name=\"description\" content=\"O PEPP do BCE deve ser encerrado assim que a economia da regi\u00e3o apresente fundamentos s\u00f3lidos para crescer sem o apoio excepcional. Confira.\" \/>\n<meta name=\"robots\" content=\"index, follow, max-snippet:-1, max-image-preview:large, max-video-preview:-1\" \/>\n<link rel=\"canonical\" href=\"https:\/\/www.suno.com.br\/noticias\/compras-emergenciais-titulos-encerradas-fim-pandemia-bce\/\" \/>\n<meta property=\"og:locale\" content=\"pt_BR\" \/>\n<meta property=\"og:type\" content=\"article\" \/>\n<meta property=\"og:title\" content=\"Compras emergenciais de t\u00edtulos devem ser encerradas com fim da pandemia, diz BCE\" \/>\n<meta property=\"og:description\" content=\"O PEPP do BCE deve ser encerrado assim que a economia da regi\u00e3o apresente fundamentos s\u00f3lidos para crescer sem o apoio excepcional. Confira.\" \/>\n<meta property=\"og:url\" content=\"https:\/\/www.suno.com.br\/noticias\/compras-emergenciais-titulos-encerradas-fim-pandemia-bce\/\" \/>\n<meta property=\"og:site_name\" content=\"Suno Not\u00edcias\" \/>\n<meta property=\"article:publisher\" content=\"https:\/\/facebook.com\/sunoresearch\" \/>\n<meta property=\"og:image\" content=\"https:\/\/files.sunoresearch.com.br\/n\/uploads\/2021\/04\/07dfe73c-euro-1256252_1280.jpg\" \/>\n\t<meta property=\"og:image:width\" content=\"1280\" \/>\n\t<meta property=\"og:image:height\" content=\"835\" \/>\n\t<meta property=\"og:image:type\" content=\"image\/jpeg\" \/>\n<meta name=\"author\" content=\"Rafaela La Regina\" \/>\n<meta name=\"twitter:card\" content=\"summary_large_image\" \/>\n<meta name=\"twitter:creator\" content=\"@sunoresearch\" \/>\n<meta name=\"twitter:site\" content=\"@sunoresearch\" \/>\n<meta name=\"twitter:label1\" content=\"Escrito por\" \/>\n\t<meta name=\"twitter:data1\" content=\"Rafaela La Regina\" \/>\n\t<meta name=\"twitter:label2\" content=\"Est. tempo de leitura\" \/>\n\t<meta name=\"twitter:data2\" content=\"3 minutos\" \/>\n<script type=\"application\/ld+json\" class=\"yoast-schema-graph\">{\"@context\":\"https:\/\/schema.org\",\"@graph\":[{\"@type\":\"NewsArticle\",\"@id\":\"https:\/\/www.suno.com.br\/noticias\/compras-emergenciais-titulos-encerradas-fim-pandemia-bce\/#article\",\"isPartOf\":{\"@id\":\"https:\/\/www.suno.com.br\/noticias\/compras-emergenciais-titulos-encerradas-fim-pandemia-bce\/\"},\"author\":{\"name\":\"Rafaela La Regina\",\"@id\":\"https:\/\/www.suno.com.br\/noticias\/#\/schema\/person\/e672ca8cea627fe715fa29bca7da95e0\"},\"headline\":\"Compras emergenciais de t\u00edtulos devem ser encerradas com fim da pandemia, diz BCE\",\"datePublished\":\"2021-06-28T17:34:29+00:00\",\"mainEntityOfPage\":{\"@id\":\"https:\/\/www.suno.com.br\/noticias\/compras-emergenciais-titulos-encerradas-fim-pandemia-bce\/\"},\"wordCount\":615,\"publisher\":{\"@id\":\"https:\/\/www.suno.com.br\/noticias\/#organization\"},\"image\":{\"@id\":\"https:\/\/www.suno.com.br\/noticias\/compras-emergenciais-titulos-encerradas-fim-pandemia-bce\/#primaryimage\"},\"thumbnailUrl\":\"https:\/\/files.sunoresearch.com.br\/n\/uploads\/2021\/04\/07dfe73c-euro-1256252_1280-jpg.webp\",\"keywords\":[\"Banco Central Europeu (BCE)\"],\"articleSection\":[\"Internacional\"],\"inLanguage\":\"pt-BR\"},{\"@type\":\"WebPage\",\"@id\":\"https:\/\/www.suno.com.br\/noticias\/compras-emergenciais-titulos-encerradas-fim-pandemia-bce\/\",\"url\":\"https:\/\/www.suno.com.br\/noticias\/compras-emergenciais-titulos-encerradas-fim-pandemia-bce\/\",\"name\":\"Compras emergenciais de t\u00edtulos devem ser encerradas com fim da pandemia, diz BCE\",\"isPartOf\":{\"@id\":\"https:\/\/www.suno.com.br\/noticias\/#website\"},\"primaryImageOfPage\":{\"@id\":\"https:\/\/www.suno.com.br\/noticias\/compras-emergenciais-titulos-encerradas-fim-pandemia-bce\/#primaryimage\"},\"image\":{\"@id\":\"https:\/\/www.suno.com.br\/noticias\/compras-emergenciais-titulos-encerradas-fim-pandemia-bce\/#primaryimage\"},\"thumbnailUrl\":\"https:\/\/files.sunoresearch.com.br\/n\/uploads\/2021\/04\/07dfe73c-euro-1256252_1280-jpg.webp\",\"datePublished\":\"2021-06-28T17:34:29+00:00\",\"description\":\"O PEPP do BCE deve ser encerrado assim que a economia da regi\u00e3o apresente fundamentos s\u00f3lidos para crescer sem o apoio excepcional. Confira.\",\"breadcrumb\":{\"@id\":\"https:\/\/www.suno.com.br\/noticias\/compras-emergenciais-titulos-encerradas-fim-pandemia-bce\/#breadcrumb\"},\"inLanguage\":\"pt-BR\",\"potentialAction\":[{\"@type\":\"ReadAction\",\"target\":[\"https:\/\/www.suno.com.br\/noticias\/compras-emergenciais-titulos-encerradas-fim-pandemia-bce\/\"]}]},{\"@type\":\"ImageObject\",\"inLanguage\":\"pt-BR\",\"@id\":\"https:\/\/www.suno.com.br\/noticias\/compras-emergenciais-titulos-encerradas-fim-pandemia-bce\/#primaryimage\",\"url\":\"https:\/\/files.sunoresearch.com.br\/n\/uploads\/2021\/04\/07dfe73c-euro-1256252_1280-jpg.webp\",\"contentUrl\":\"https:\/\/files.sunoresearch.com.br\/n\/uploads\/2021\/04\/07dfe73c-euro-1256252_1280-jpg.webp\",\"width\":1280,\"height\":835,\"caption\":\"BCE. Foto: Pixabay\"},{\"@type\":\"BreadcrumbList\",\"@id\":\"https:\/\/www.suno.com.br\/noticias\/compras-emergenciais-titulos-encerradas-fim-pandemia-bce\/#breadcrumb\",\"itemListElement\":[{\"@type\":\"ListItem\",\"position\":1,\"name\":\"Not\u00edcias\",\"item\":\"https:\/\/www.suno.com.br\/noticias\/\"},{\"@type\":\"ListItem\",\"position\":2,\"name\":\"Internacional\",\"item\":\"https:\/\/www.suno.com.br\/noticias\/internacional\/\"},{\"@type\":\"ListItem\",\"position\":3,\"name\":\"Compras emergenciais de t\u00edtulos devem ser encerradas com fim da pandemia, diz BCE\"}]},{\"@type\":\"WebSite\",\"@id\":\"https:\/\/www.suno.com.br\/noticias\/#website\",\"url\":\"https:\/\/www.suno.com.br\/noticias\/\",\"name\":\"Suno Not\u00edcias\",\"description\":\"Seu portal de informa\u00e7\u00e3o sobre o mundo dos investimentos\",\"publisher\":{\"@id\":\"https:\/\/www.suno.com.br\/noticias\/#organization\"},\"potentialAction\":[{\"@type\":\"SearchAction\",\"target\":{\"@type\":\"EntryPoint\",\"urlTemplate\":\"https:\/\/www.suno.com.br\/noticias\/?s={search_term_string}\"},\"query-input\":{\"@type\":\"PropertyValueSpecification\",\"valueRequired\":true,\"valueName\":\"search_term_string\"}}],\"inLanguage\":\"pt-BR\"},{\"@type\":\"Organization\",\"@id\":\"https:\/\/www.suno.com.br\/noticias\/#organization\",\"name\":\"Suno Not\u00edcias\",\"url\":\"https:\/\/www.suno.com.br\/noticias\/\",\"logo\":{\"@type\":\"ImageObject\",\"inLanguage\":\"pt-BR\",\"@id\":\"https:\/\/www.suno.com.br\/noticias\/#\/schema\/logo\/image\/\",\"url\":\"https:\/\/files.sunoresearch.com.br\/n\/uploads\/2021\/09\/suno-logo.png\",\"contentUrl\":\"https:\/\/files.sunoresearch.com.br\/n\/uploads\/2021\/09\/suno-logo.png\",\"width\":180,\"height\":180,\"caption\":\"Suno Not\u00edcias\"},\"image\":{\"@id\":\"https:\/\/www.suno.com.br\/noticias\/#\/schema\/logo\/image\/\"},\"sameAs\":[\"https:\/\/facebook.com\/sunoresearch\",\"https:\/\/x.com\/sunoresearch\",\"https:\/\/www.instagram.com\/suno\",\"https:\/\/www.linkedin.com\/company\/suno-research\/\",\"https:\/\/www.youtube.com\/c\/sunoresearch\"]},{\"@type\":\"Person\",\"@id\":\"https:\/\/www.suno.com.br\/noticias\/#\/schema\/person\/e672ca8cea627fe715fa29bca7da95e0\",\"name\":\"Rafaela La Regina\",\"image\":{\"@type\":\"ImageObject\",\"inLanguage\":\"pt-BR\",\"@id\":\"https:\/\/www.suno.com.br\/noticias\/#\/schema\/person\/image\/\",\"url\":\"https:\/\/secure.gravatar.com\/avatar\/d2c75a52d243deb93d0465fdcb21bd37?s=96&r=g\",\"contentUrl\":\"https:\/\/secure.gravatar.com\/avatar\/d2c75a52d243deb93d0465fdcb21bd37?s=96&r=g\",\"caption\":\"Rafaela La Regina\"},\"description\":\"Estagi\u00e1ria no Suno Not\u00edcias. Escreve sobre economia, pol\u00edtica e neg\u00f3cios. Estuda Rela\u00e7\u00f5es Internacionais no IBMEC-SP.\",\"url\":\"https:\/\/www.suno.com.br\/noticias\/author\/rafaela-la-regina\/\"}]}<\/script>\n<!-- \/ Yoast SEO plugin. -->","yoast_head_json":{"title":"Compras emergenciais de t\u00edtulos devem ser encerradas com fim da pandemia, diz BCE","description":"O PEPP do BCE deve ser encerrado assim que a economia da regi\u00e3o apresente fundamentos s\u00f3lidos para crescer sem o apoio excepcional. Confira.","robots":{"index":"index","follow":"follow","max-snippet":"max-snippet:-1","max-image-preview":"max-image-preview:large","max-video-preview":"max-video-preview:-1"},"canonical":"https:\/\/www.suno.com.br\/noticias\/compras-emergenciais-titulos-encerradas-fim-pandemia-bce\/","og_locale":"pt_BR","og_type":"article","og_title":"Compras emergenciais de t\u00edtulos devem ser encerradas com fim da pandemia, diz BCE","og_description":"O PEPP do BCE deve ser encerrado assim que a economia da regi\u00e3o apresente fundamentos s\u00f3lidos para crescer sem o apoio excepcional. Confira.","og_url":"https:\/\/www.suno.com.br\/noticias\/compras-emergenciais-titulos-encerradas-fim-pandemia-bce\/","og_site_name":"Suno Not\u00edcias","article_publisher":"https:\/\/facebook.com\/sunoresearch","og_image":[{"width":1280,"height":835,"url":"https:\/\/files.sunoresearch.com.br\/n\/uploads\/2021\/04\/07dfe73c-euro-1256252_1280.jpg","type":"image\/jpeg"}],"author":"Rafaela La Regina","twitter_card":"summary_large_image","twitter_creator":"@sunoresearch","twitter_site":"@sunoresearch","twitter_misc":{"Escrito por":"Rafaela La Regina","Est. tempo de leitura":"3 minutos"},"schema":{"@context":"https:\/\/schema.org","@graph":[{"@type":"NewsArticle","@id":"https:\/\/www.suno.com.br\/noticias\/compras-emergenciais-titulos-encerradas-fim-pandemia-bce\/#article","isPartOf":{"@id":"https:\/\/www.suno.com.br\/noticias\/compras-emergenciais-titulos-encerradas-fim-pandemia-bce\/"},"author":{"name":"Rafaela La Regina","@id":"https:\/\/www.suno.com.br\/noticias\/#\/schema\/person\/e672ca8cea627fe715fa29bca7da95e0"},"headline":"Compras emergenciais de t\u00edtulos devem ser encerradas com fim da pandemia, diz BCE","datePublished":"2021-06-28T17:34:29+00:00","mainEntityOfPage":{"@id":"https:\/\/www.suno.com.br\/noticias\/compras-emergenciais-titulos-encerradas-fim-pandemia-bce\/"},"wordCount":615,"publisher":{"@id":"https:\/\/www.suno.com.br\/noticias\/#organization"},"image":{"@id":"https:\/\/www.suno.com.br\/noticias\/compras-emergenciais-titulos-encerradas-fim-pandemia-bce\/#primaryimage"},"thumbnailUrl":"https:\/\/files.sunoresearch.com.br\/n\/uploads\/2021\/04\/07dfe73c-euro-1256252_1280-jpg.webp","keywords":["Banco Central Europeu (BCE)"],"articleSection":["Internacional"],"inLanguage":"pt-BR"},{"@type":"WebPage","@id":"https:\/\/www.suno.com.br\/noticias\/compras-emergenciais-titulos-encerradas-fim-pandemia-bce\/","url":"https:\/\/www.suno.com.br\/noticias\/compras-emergenciais-titulos-encerradas-fim-pandemia-bce\/","name":"Compras emergenciais de t\u00edtulos devem ser encerradas com fim da pandemia, diz BCE","isPartOf":{"@id":"https:\/\/www.suno.com.br\/noticias\/#website"},"primaryImageOfPage":{"@id":"https:\/\/www.suno.com.br\/noticias\/compras-emergenciais-titulos-encerradas-fim-pandemia-bce\/#primaryimage"},"image":{"@id":"https:\/\/www.suno.com.br\/noticias\/compras-emergenciais-titulos-encerradas-fim-pandemia-bce\/#primaryimage"},"thumbnailUrl":"https:\/\/files.sunoresearch.com.br\/n\/uploads\/2021\/04\/07dfe73c-euro-1256252_1280-jpg.webp","datePublished":"2021-06-28T17:34:29+00:00","description":"O PEPP do BCE deve ser encerrado assim que a economia da regi\u00e3o apresente fundamentos s\u00f3lidos para crescer sem o apoio excepcional. Confira.","breadcrumb":{"@id":"https:\/\/www.suno.com.br\/noticias\/compras-emergenciais-titulos-encerradas-fim-pandemia-bce\/#breadcrumb"},"inLanguage":"pt-BR","potentialAction":[{"@type":"ReadAction","target":["https:\/\/www.suno.com.br\/noticias\/compras-emergenciais-titulos-encerradas-fim-pandemia-bce\/"]}]},{"@type":"ImageObject","inLanguage":"pt-BR","@id":"https:\/\/www.suno.com.br\/noticias\/compras-emergenciais-titulos-encerradas-fim-pandemia-bce\/#primaryimage","url":"https:\/\/files.sunoresearch.com.br\/n\/uploads\/2021\/04\/07dfe73c-euro-1256252_1280-jpg.webp","contentUrl":"https:\/\/files.sunoresearch.com.br\/n\/uploads\/2021\/04\/07dfe73c-euro-1256252_1280-jpg.webp","width":1280,"height":835,"caption":"BCE. Foto: Pixabay"},{"@type":"BreadcrumbList","@id":"https:\/\/www.suno.com.br\/noticias\/compras-emergenciais-titulos-encerradas-fim-pandemia-bce\/#breadcrumb","itemListElement":[{"@type":"ListItem","position":1,"name":"Not\u00edcias","item":"https:\/\/www.suno.com.br\/noticias\/"},{"@type":"ListItem","position":2,"name":"Internacional","item":"https:\/\/www.suno.com.br\/noticias\/internacional\/"},{"@type":"ListItem","position":3,"name":"Compras emergenciais de t\u00edtulos devem ser encerradas com fim da pandemia, diz BCE"}]},{"@type":"WebSite","@id":"https:\/\/www.suno.com.br\/noticias\/#website","url":"https:\/\/www.suno.com.br\/noticias\/","name":"Suno Not\u00edcias","description":"Seu portal de informa\u00e7\u00e3o sobre o mundo dos investimentos","publisher":{"@id":"https:\/\/www.suno.com.br\/noticias\/#organization"},"potentialAction":[{"@type":"SearchAction","target":{"@type":"EntryPoint","urlTemplate":"https:\/\/www.suno.com.br\/noticias\/?s={search_term_string}"},"query-input":{"@type":"PropertyValueSpecification","valueRequired":true,"valueName":"search_term_string"}}],"inLanguage":"pt-BR"},{"@type":"Organization","@id":"https:\/\/www.suno.com.br\/noticias\/#organization","name":"Suno Not\u00edcias","url":"https:\/\/www.suno.com.br\/noticias\/","logo":{"@type":"ImageObject","inLanguage":"pt-BR","@id":"https:\/\/www.suno.com.br\/noticias\/#\/schema\/logo\/image\/","url":"https:\/\/files.sunoresearch.com.br\/n\/uploads\/2021\/09\/suno-logo.png","contentUrl":"https:\/\/files.sunoresearch.com.br\/n\/uploads\/2021\/09\/suno-logo.png","width":180,"height":180,"caption":"Suno Not\u00edcias"},"image":{"@id":"https:\/\/www.suno.com.br\/noticias\/#\/schema\/logo\/image\/"},"sameAs":["https:\/\/facebook.com\/sunoresearch","https:\/\/x.com\/sunoresearch","https:\/\/www.instagram.com\/suno","https:\/\/www.linkedin.com\/company\/suno-research\/","https:\/\/www.youtube.com\/c\/sunoresearch"]},{"@type":"Person","@id":"https:\/\/www.suno.com.br\/noticias\/#\/schema\/person\/e672ca8cea627fe715fa29bca7da95e0","name":"Rafaela La Regina","image":{"@type":"ImageObject","inLanguage":"pt-BR","@id":"https:\/\/www.suno.com.br\/noticias\/#\/schema\/person\/image\/","url":"https:\/\/secure.gravatar.com\/avatar\/d2c75a52d243deb93d0465fdcb21bd37?s=96&r=g","contentUrl":"https:\/\/secure.gravatar.com\/avatar\/d2c75a52d243deb93d0465fdcb21bd37?s=96&r=g","caption":"Rafaela La Regina"},"description":"Estagi\u00e1ria no Suno Not\u00edcias. Escreve sobre economia, pol\u00edtica e neg\u00f3cios. Estuda Rela\u00e7\u00f5es Internacionais no IBMEC-SP.","url":"https:\/\/www.suno.com.br\/noticias\/author\/rafaela-la-regina\/"}]}},"default_loop_html":"<div class=\"cardsPage__listCard__boxs\"><div class=\"cardsPage__listCard__boxs__img\"><a href=\"https:\/\/www.suno.com.br\/noticias\/compras-emergenciais-titulos-encerradas-fim-pandemia-bce\/\"><img class=\"mask\" src=\"https:\/\/www.suno.com.br\/noticias\/wp-content\/themes\/suno\/resources\/images\/spotlight\/spotlight1img\/bg-mask.png\" alt=\"Image Mask\"\/><img src=\"https:\/\/files.sunoresearch.com.br\/n\/uploads\/2021\/04\/07dfe73c-euro-1256252_1280-400x200.webp\" alt=\"Compras emergenciais de t\u00edtulos devem ser encerradas com fim da pandemia, diz BCE\"\/><\/a><span class=\"spotlightCategory\"><a href=\"https:\/\/www.suno.com.br\/noticias\/internacional\/\">Internacional<\/a><\/span><\/div><div class=\"cardsPage__listCard__boxs__content\"><a href=\"https:\/\/www.suno.com.br\/noticias\/compras-emergenciais-titulos-encerradas-fim-pandemia-bce\/\"><h2 class=\"content__title\">Compras emergenciais de t\u00edtulos devem ser encerradas com fim da pandemia, diz BCE<\/h2><\/a><div class=\"newsContent__article__meta\"><div class=\"newsContent__article__meta__authorBox\"><a href=\"https:\/\/www.suno.com.br\/noticias\/author\/rafaela-la-regina\/\" class=\"authorBox__avatar noMobi\"><img src=\"https:\/\/secure.gravatar.com\/avatar\/d2c75a52d243deb93d0465fdcb21bd37?s=96&#038;r=g\" alt=\"Rafaela La Regina\"><\/a><div class=\"authorBox__name\"><span>por\n\t\t\t<a href=\"https:\/\/www.suno.com.br\/noticias\/author\/rafaela-la-regina\/\"><span itemprop=\"author\">Rafaela La Regina<\/span><\/a><\/span><time datetime=\"2021-06-28T14:34:29-03:00\" itemprop=\"datePublished\">28\/06\/2021 14:34<\/time><\/div><\/div><\/div><\/div><\/div>","single_layout":"posts","amp_enabled":true,"_links":{"self":[{"href":"https:\/\/www.suno.com.br\/noticias\/wp-json\/wp\/v2\/posts\/161817"}],"collection":[{"href":"https:\/\/www.suno.com.br\/noticias\/wp-json\/wp\/v2\/posts"}],"about":[{"href":"https:\/\/www.suno.com.br\/noticias\/wp-json\/wp\/v2\/types\/post"}],"author":[{"embeddable":true,"href":"https:\/\/www.suno.com.br\/noticias\/wp-json\/wp\/v2\/users\/56"}],"replies":[{"embeddable":true,"href":"https:\/\/www.suno.com.br\/noticias\/wp-json\/wp\/v2\/comments?post=161817"}],"version-history":[{"count":2,"href":"https:\/\/www.suno.com.br\/noticias\/wp-json\/wp\/v2\/posts\/161817\/revisions"}],"predecessor-version":[{"id":161824,"href":"https:\/\/www.suno.com.br\/noticias\/wp-json\/wp\/v2\/posts\/161817\/revisions\/161824"}],"wp:featuredmedia":[{"embeddable":true,"href":"https:\/\/www.suno.com.br\/noticias\/wp-json\/wp\/v2\/media\/141527"}],"wp:attachment":[{"href":"https:\/\/www.suno.com.br\/noticias\/wp-json\/wp\/v2\/media?parent=161817"}],"wp:term":[{"taxonomy":"category","embeddable":true,"href":"https:\/\/www.suno.com.br\/noticias\/wp-json\/wp\/v2\/categories?post=161817"},{"taxonomy":"post_tag","embeddable":true,"href":"https:\/\/www.suno.com.br\/noticias\/wp-json\/wp\/v2\/tags?post=161817"},{"taxonomy":"suno_strategy","embeddable":true,"href":"https:\/\/www.suno.com.br\/noticias\/wp-json\/wp\/v2\/suno_strategy?post=161817"}],"curies":[{"name":"wp","href":"https:\/\/api.w.org\/{rel}","templated":true}]}}