{"id":161750,"date":"2021-06-28T11:35:37","date_gmt":"2021-06-28T14:35:37","guid":{"rendered":"https:\/\/www.suno.com.br\/noticias\/?p=161750"},"modified":"2021-06-28T11:39:52","modified_gmt":"2021-06-28T14:39:52","slug":"dolar-boletim-focus-projeta-cambio-para-2021-a-r-510","status":"publish","type":"post","link":"https:\/\/www.suno.com.br\/noticias\/dolar-boletim-focus-projeta-cambio-para-2021-a-r-510\/","title":{"rendered":"D\u00f3lar: Boletim Focus projeta c\u00e2mbio para 2021 a R$ 5,10"},"content":{"rendered":"<p>O Relat\u00f3rio do <a class=\"suno-keyword\" href=\"https:\/\/www.suno.com.br\/artigos\/boletim-focus\/\" target=\"_blank\" rel=\"noopener noreferrer\" data-force=\"no\" data-priority=\"2\">Boletim Focus<\/a>, divulgado na manh\u00e3 desta segunda-feira (28), pelo Banco Central, mostrou uma expectativa de estabilidade na cota\u00e7\u00e3o do <strong>d\u00f3lar<\/strong> 2021.<\/p>\t<div class=\"wrapper-featured-image\">\n\t\t<figure class=\"spotlightImg\">\n\n\t\t\t<picture>\n\t\t\t\t<source media=\"(max-width: 768px)\" srcset=\"https:\/\/files.sunoresearch.com.br\/n\/uploads\/2021\/04\/e5e794c1-dollar-4418320_1280-400x200.webp\">\n\t\t\t\t<img loading=\"lazy\" decoding=\"async\" class=\"newsContent__article__imgCapa lazyloadDisabled \" src=\"https:\/\/files.sunoresearch.com.br\/n\/uploads\/2021\/04\/e5e794c1-dollar-4418320_1280-800x450.webp\" width=\"800\" height=\"450\" alt=\"D\u00f3lar: Boletim Focus projeta c\u00e2mbio para 2021 a R$ 5,10\" fetchpriority=high \/>\n\t\t\t<\/picture>\n\n\t\t\t<figcaption class=\"wp-caption-text wp-caption-text--show\">D\u00f3lar - Foto: Pixabay<\/figcaption>\n\t\t<\/figure>\n\t<\/div>\n\n\n\t<p>\n\t\t<a href=\"https:\/\/lp.suno.com.br\/planilha-controle-gastos\/\" target=\"_blank\" data-element=\"shortcode-suno-banner\" title=\"Banner SUNO, clique e saiba mais\">\n\t\t\t<picture>\n\t\t\t\t<source media=\"(max-width: 500px)\" srcset=\"https:\/\/files.sunoresearch.com.br\/n\/uploads\/2023\/03\/400x300-Planilha-controle-de-gastos.png\">\n\t\t\t\t<img class=\"newsContent__article__imgCapa newsContent__article__imgCapa--banner\"\n\t\t\t\t\tsrc=\"https:\/\/files.sunoresearch.com.br\/n\/uploads\/2023\/03\/1420x240-Planilha-controle-de-gastos.png\"\n\t\t\t\t\tdata-promo-id=\"101751\"\t\t\t\t\t\t\t\t\t\twidth='1420' height='240'\t\t\t\t\talt=\"https:\/\/files.sunoresearch.com.br\/n\/uploads\/2023\/03\/1420x240-Planilha-controle-de-gastos.png\"\n\t\t\t\t>\n\t\t\t<\/picture>\n\t\t<\/a>\n\t<\/p>\n\n\n<p>A mediana das expectativas para o c\u00e2mbio no fim per\u00edodo ficou em R$ 5,10 &#8212; era de R$ 5,30 um m\u00eas atr\u00e1s. Para 2022, a proje\u00e7\u00e3o para o d\u00f3lar seguiu em R$ 5,20, ante R$ 5,30 de quatro pesquisas atr\u00e1s.<\/p>\n<p>A proje\u00e7\u00e3o anual do d\u00f3lar publicada no Boletim Focus passou a ser calculada com base na m\u00e9dia para a taxa no m\u00eas de dezembro, e n\u00e3o mais no valor projetado para o \u00faltimo dia \u00fatil de cada ano.<\/p>\n\t<p>\n\t\t<a href=\"https:\/\/lp.suno.com.br\/planilha-da-vida-financeira\/\" target=\"_blank\" data-element=\"shortcode-suno-banner\" title=\"Banner SUNO, clique e saiba mais\">\n\t\t\t<picture>\n\t\t\t\t<source media=\"(max-width: 500px)\" srcset=\"https:\/\/files.sunoresearch.com.br\/n\/uploads\/2023\/04\/400x300-Planilha-vida-financeira-true.png\">\n\t\t\t\t<img class=\"newsContent__article__imgCapa newsContent__article__imgCapa--banner\"\n\t\t\t\t\tsrc=\"https:\/\/files.sunoresearch.com.br\/n\/uploads\/2023\/04\/1420x240-Planilha-vida-financeira-true.png\"\n\t\t\t\t\tdata-promo-id=\"106682\"\t\t\t\t\t\t\t\t\t\twidth='1420' height='240'\t\t\t\t\talt=\"https:\/\/files.sunoresearch.com.br\/n\/uploads\/2023\/04\/1420x240-Planilha-vida-financeira-true.png\"\n\t\t\t\t>\n\t\t\t<\/picture>\n\t\t<\/a>\n\t<\/p>\n\n\n<p>A mudan\u00e7a foi anunciada em janeiro passado pelo BC. Com isso, a autarquia espera trazer maior precis\u00e3o para as proje\u00e7\u00f5es cambiais do <a class=\"suno-keyword\" href=\"https:\/\/www.suno.com.br\/artigos\/mercado-financeiro\/\" target=\"_blank\" rel=\"noopener noreferrer\" data-force=\"no\" data-priority=\"2\">mercado financeiro<\/a>.<\/p>\n<p>Ap\u00f3s a not\u00edcia, por volta das 11h30, o d\u00f3lar tinha alta de 0,23%, negociado a R$ 4,94. Na semana passada, o c\u00e2mbio encerrou com uma baixa acumulada de 2,58%, e, no m\u00eas, a queda \u00e9 de 5,50%.<\/p>\n<h2>Boletim Focus eleva pela 12\u00aa semana consecutiva proje\u00e7\u00e3o do IPCA<\/h2>\n<p>Segundo o <strong>Boletim Focus<\/strong>, o <a class=\"suno-keyword\" href=\"https:\/\/www.suno.com.br\/artigos\/ipca\/\" target=\"_blank\" rel=\"noopener noreferrer\" data-force=\"no\" data-priority=\"2\">\u00cdndice Nacional de Pre\u00e7os ao Consumidor Amplo (IPCA)<\/a> em 2021 dever\u00e1 ser 5,97%. A previs\u00e3o \u00e9 maior do que a da semana passada, quando estava previsto em 5,90%. H\u00e1 quatro semanas atr\u00e1s estava em 5,31%. Trata-se da 12\u00aa semana consecutiva de alta.<\/p>\n<p>No caso de 2022, a proje\u00e7\u00e3o do Boletim Focus manteve-se em 3,78% ao ano. A proje\u00e7\u00e3o dos economistas para a infla\u00e7\u00e3o j\u00e1 est\u00e1 acima do centro da meta de 2021, de 3,75%, sendo que a margem de toler\u00e2ncia \u00e9 de 1,5 ponto (de 2,25% a 5,25%). A meta de 2022 \u00e9 de 3,51%, com margem de 1,5 ponto (de 2,00% a 5,00%), enquanto o par\u00e2metro para 2023 \u00e9 de infla\u00e7\u00e3o de 3,25%, com margem de 1,5 ponto (de 1,75% a 4,75%).<\/p>\n<p>Por sua vez, a taxa b\u00e1sica de juros (Selic) em 2021 dever\u00e1 ser 6,50%, conforme o Boletim Focus. Na semana passada a proje\u00e7\u00e3o era a mesma e h\u00e1 quatro semanas estava em 5,75%. A proje\u00e7\u00e3o para 2022, 2023 e 2024 \u00e9 de tamb\u00e9m 6,50%.<\/p>\n<h2>\u00daltima cota\u00e7\u00e3o do d\u00f3lar<\/h2>\n<p>Na \u00faltima sess\u00e3o, sexta-feira, o <strong>d\u00f3lar<\/strong> encerrou em alta de 0,67%, negociado a R$ 4,93.<\/p>\n\t<p>\n\t\t<a href=\"https:\/\/lp.suno.com.br\/planilha-de-controle-de-investimentos\/\" target=\"_blank\" data-element=\"shortcode-suno-banner\" title=\"Banner SUNO, clique e saiba mais\">\n\t\t\t<picture>\n\t\t\t\t<source media=\"(max-width: 500px)\" srcset=\"https:\/\/files.sunoresearch.com.br\/n\/uploads\/2023\/03\/400x300-Controle-de-Investimentos.png\">\n\t\t\t\t<img class=\"newsContent__article__imgCapa newsContent__article__imgCapa--banner\"\n\t\t\t\t\tsrc=\"https:\/\/files.sunoresearch.com.br\/n\/uploads\/2023\/03\/1420x240-Controle-de-Investimentos.png\"\n\t\t\t\t\tdata-promo-id=\"75934\"\t\t\t\t\t\t\t\t\t\twidth='1420' height='240'\t\t\t\t\talt=\"https:\/\/files.sunoresearch.com.br\/n\/uploads\/2023\/03\/1420x240-Controle-de-Investimentos.png\"\n\t\t\t\t>\n\t\t\t<\/picture>\n\t\t<\/a>\n\t<\/p>\n\n\n","protected":false},"excerpt":{"rendered":"<p>O Relat\u00f3rio do Boletim Focus, divulgado na manh\u00e3 desta segunda-feira (28), pelo Banco Central, mostrou uma expectativa de estabilidade na cota\u00e7\u00e3o do d\u00f3lar 2021. D\u00f3lar &#8211; Foto: Pixabay A mediana das expectativas para o c\u00e2mbio no fim per\u00edodo ficou em R$ 5,10 &#8212; era de R$ 5,30 um m\u00eas atr\u00e1s. Para 2022, a proje\u00e7\u00e3o para [&hellip;]<\/p>\n","protected":false},"author":15,"featured_media":137005,"comment_status":"closed","ping_status":"closed","sticky":false,"template":"","format":"standard","meta":[],"categories":[60],"tags":[326],"suno_strategy":[],"class_list":["post-161750","post","type-post","status-publish","format-standard","has-post-thumbnail","hentry","category-mercado","tag-dolar"],"yoast_head":"<!-- This site is optimized with the Yoast SEO plugin v24.4 - https:\/\/yoast.com\/wordpress\/plugins\/seo\/ -->\n<title>D\u00f3lar: Boletim Focus projeta c\u00e2mbio para 2021 a R$ 5,10<\/title>\n<meta name=\"description\" content=\"Ap\u00f3s a not\u00edcia, por volta das 11h30, nesta segunda-feira (28),o d\u00f3lar tinha alta de 0,23%, negociado a R$ 4,94. Para saber mais clique aqui\" \/>\n<meta name=\"robots\" content=\"index, follow, max-snippet:-1, max-image-preview:large, max-video-preview:-1\" \/>\n<link rel=\"canonical\" href=\"https:\/\/www.suno.com.br\/noticias\/dolar-boletim-focus-projeta-cambio-para-2021-a-r-510\/\" \/>\n<meta property=\"og:locale\" content=\"pt_BR\" \/>\n<meta property=\"og:type\" content=\"article\" \/>\n<meta property=\"og:title\" content=\"D\u00f3lar: Boletim Focus projeta c\u00e2mbio para 2021 a R$ 5,10\" \/>\n<meta property=\"og:description\" content=\"Ap\u00f3s a not\u00edcia, por volta das 11h30, nesta segunda-feira (28),o d\u00f3lar tinha alta de 0,23%, negociado a R$ 4,94. Para saber mais clique aqui\" \/>\n<meta property=\"og:url\" content=\"https:\/\/www.suno.com.br\/noticias\/dolar-boletim-focus-projeta-cambio-para-2021-a-r-510\/\" \/>\n<meta property=\"og:site_name\" content=\"Suno Not\u00edcias\" \/>\n<meta property=\"article:publisher\" content=\"https:\/\/facebook.com\/sunoresearch\" \/>\n<meta property=\"og:image\" content=\"https:\/\/files.sunoresearch.com.br\/n\/uploads\/2021\/04\/e5e794c1-dollar-4418320_1280.jpg\" \/>\n\t<meta property=\"og:image:width\" content=\"1280\" \/>\n\t<meta property=\"og:image:height\" content=\"701\" \/>\n\t<meta property=\"og:image:type\" content=\"image\/jpeg\" \/>\n<meta name=\"author\" content=\"Poliana Santos\" \/>\n<meta name=\"twitter:card\" content=\"summary_large_image\" \/>\n<meta name=\"twitter:creator\" content=\"@sunoresearch\" \/>\n<meta name=\"twitter:site\" content=\"@sunoresearch\" \/>\n<meta name=\"twitter:label1\" content=\"Escrito por\" \/>\n\t<meta name=\"twitter:data1\" content=\"Poliana Santos\" \/>\n\t<meta name=\"twitter:label2\" content=\"Est. tempo de leitura\" \/>\n\t<meta name=\"twitter:data2\" content=\"2 minutos\" \/>\n<script type=\"application\/ld+json\" class=\"yoast-schema-graph\">{\"@context\":\"https:\/\/schema.org\",\"@graph\":[{\"@type\":\"NewsArticle\",\"@id\":\"https:\/\/www.suno.com.br\/noticias\/dolar-boletim-focus-projeta-cambio-para-2021-a-r-510\/#article\",\"isPartOf\":{\"@id\":\"https:\/\/www.suno.com.br\/noticias\/dolar-boletim-focus-projeta-cambio-para-2021-a-r-510\/\"},\"author\":{\"name\":\"Poliana Santos\",\"@id\":\"https:\/\/www.suno.com.br\/noticias\/#\/schema\/person\/02ec1f752758247878a2bf4abee1aeda\"},\"headline\":\"D\u00f3lar: Boletim Focus projeta c\u00e2mbio para 2021 a R$ 5,10\",\"datePublished\":\"2021-06-28T14:35:37+00:00\",\"dateModified\":\"2021-06-28T14:39:52+00:00\",\"mainEntityOfPage\":{\"@id\":\"https:\/\/www.suno.com.br\/noticias\/dolar-boletim-focus-projeta-cambio-para-2021-a-r-510\/\"},\"wordCount\":375,\"publisher\":{\"@id\":\"https:\/\/www.suno.com.br\/noticias\/#organization\"},\"image\":{\"@id\":\"https:\/\/www.suno.com.br\/noticias\/dolar-boletim-focus-projeta-cambio-para-2021-a-r-510\/#primaryimage\"},\"thumbnailUrl\":\"https:\/\/files.sunoresearch.com.br\/n\/uploads\/2021\/04\/e5e794c1-dollar-4418320_1280-jpg.webp\",\"keywords\":[\"d\u00f3lar\"],\"articleSection\":[\"Mercado\"],\"inLanguage\":\"pt-BR\"},{\"@type\":\"WebPage\",\"@id\":\"https:\/\/www.suno.com.br\/noticias\/dolar-boletim-focus-projeta-cambio-para-2021-a-r-510\/\",\"url\":\"https:\/\/www.suno.com.br\/noticias\/dolar-boletim-focus-projeta-cambio-para-2021-a-r-510\/\",\"name\":\"D\u00f3lar: Boletim Focus projeta c\u00e2mbio para 2021 a R$ 5,10\",\"isPartOf\":{\"@id\":\"https:\/\/www.suno.com.br\/noticias\/#website\"},\"primaryImageOfPage\":{\"@id\":\"https:\/\/www.suno.com.br\/noticias\/dolar-boletim-focus-projeta-cambio-para-2021-a-r-510\/#primaryimage\"},\"image\":{\"@id\":\"https:\/\/www.suno.com.br\/noticias\/dolar-boletim-focus-projeta-cambio-para-2021-a-r-510\/#primaryimage\"},\"thumbnailUrl\":\"https:\/\/files.sunoresearch.com.br\/n\/uploads\/2021\/04\/e5e794c1-dollar-4418320_1280-jpg.webp\",\"datePublished\":\"2021-06-28T14:35:37+00:00\",\"dateModified\":\"2021-06-28T14:39:52+00:00\",\"description\":\"Ap\u00f3s a not\u00edcia, por volta das 11h30, nesta segunda-feira (28),o d\u00f3lar tinha alta de 0,23%, negociado a R$ 4,94. Para saber mais clique aqui\",\"breadcrumb\":{\"@id\":\"https:\/\/www.suno.com.br\/noticias\/dolar-boletim-focus-projeta-cambio-para-2021-a-r-510\/#breadcrumb\"},\"inLanguage\":\"pt-BR\",\"potentialAction\":[{\"@type\":\"ReadAction\",\"target\":[\"https:\/\/www.suno.com.br\/noticias\/dolar-boletim-focus-projeta-cambio-para-2021-a-r-510\/\"]}]},{\"@type\":\"ImageObject\",\"inLanguage\":\"pt-BR\",\"@id\":\"https:\/\/www.suno.com.br\/noticias\/dolar-boletim-focus-projeta-cambio-para-2021-a-r-510\/#primaryimage\",\"url\":\"https:\/\/files.sunoresearch.com.br\/n\/uploads\/2021\/04\/e5e794c1-dollar-4418320_1280-jpg.webp\",\"contentUrl\":\"https:\/\/files.sunoresearch.com.br\/n\/uploads\/2021\/04\/e5e794c1-dollar-4418320_1280-jpg.webp\",\"width\":1280,\"height\":701,\"caption\":\"D\u00f3lar - Foto: Pixabay\"},{\"@type\":\"BreadcrumbList\",\"@id\":\"https:\/\/www.suno.com.br\/noticias\/dolar-boletim-focus-projeta-cambio-para-2021-a-r-510\/#breadcrumb\",\"itemListElement\":[{\"@type\":\"ListItem\",\"position\":1,\"name\":\"Not\u00edcias\",\"item\":\"https:\/\/www.suno.com.br\/noticias\/\"},{\"@type\":\"ListItem\",\"position\":2,\"name\":\"Mercado\",\"item\":\"https:\/\/www.suno.com.br\/noticias\/mercado\/\"},{\"@type\":\"ListItem\",\"position\":3,\"name\":\"D\u00f3lar: Boletim Focus projeta c\u00e2mbio para 2021 a R$ 5,10\"}]},{\"@type\":\"WebSite\",\"@id\":\"https:\/\/www.suno.com.br\/noticias\/#website\",\"url\":\"https:\/\/www.suno.com.br\/noticias\/\",\"name\":\"Suno Not\u00edcias\",\"description\":\"Seu portal de informa\u00e7\u00e3o sobre o mundo dos investimentos\",\"publisher\":{\"@id\":\"https:\/\/www.suno.com.br\/noticias\/#organization\"},\"potentialAction\":[{\"@type\":\"SearchAction\",\"target\":{\"@type\":\"EntryPoint\",\"urlTemplate\":\"https:\/\/www.suno.com.br\/noticias\/?s={search_term_string}\"},\"query-input\":{\"@type\":\"PropertyValueSpecification\",\"valueRequired\":true,\"valueName\":\"search_term_string\"}}],\"inLanguage\":\"pt-BR\"},{\"@type\":\"Organization\",\"@id\":\"https:\/\/www.suno.com.br\/noticias\/#organization\",\"name\":\"Suno Not\u00edcias\",\"url\":\"https:\/\/www.suno.com.br\/noticias\/\",\"logo\":{\"@type\":\"ImageObject\",\"inLanguage\":\"pt-BR\",\"@id\":\"https:\/\/www.suno.com.br\/noticias\/#\/schema\/logo\/image\/\",\"url\":\"https:\/\/files.sunoresearch.com.br\/n\/uploads\/2021\/09\/suno-logo.png\",\"contentUrl\":\"https:\/\/files.sunoresearch.com.br\/n\/uploads\/2021\/09\/suno-logo.png\",\"width\":180,\"height\":180,\"caption\":\"Suno Not\u00edcias\"},\"image\":{\"@id\":\"https:\/\/www.suno.com.br\/noticias\/#\/schema\/logo\/image\/\"},\"sameAs\":[\"https:\/\/facebook.com\/sunoresearch\",\"https:\/\/x.com\/sunoresearch\",\"https:\/\/www.instagram.com\/suno\",\"https:\/\/www.linkedin.com\/company\/suno-research\/\",\"https:\/\/www.youtube.com\/c\/sunoresearch\"]},{\"@type\":\"Person\",\"@id\":\"https:\/\/www.suno.com.br\/noticias\/#\/schema\/person\/02ec1f752758247878a2bf4abee1aeda\",\"name\":\"Poliana Santos\",\"image\":{\"@type\":\"ImageObject\",\"inLanguage\":\"pt-BR\",\"@id\":\"https:\/\/www.suno.com.br\/noticias\/#\/schema\/person\/image\/\",\"url\":\"https:\/\/secure.gravatar.com\/avatar\/0645bd32f23d87b2130f2b2dff1d3f8d?s=96&r=g\",\"contentUrl\":\"https:\/\/secure.gravatar.com\/avatar\/0645bd32f23d87b2130f2b2dff1d3f8d?s=96&r=g\",\"caption\":\"Poliana Santos\"},\"description\":\"Rep\u00f3rter no Suno Not\u00edcias, com cobertura em mercado financeiro, economia, finan\u00e7as pessoais, renda fixa e varejo. Jornalista formada pela Faculdade C\u00e1sper L\u00edbero e possui passagem na R\u00e1dio Gazeta AM com a produ\u00e7\u00e3o de conte\u00fado sobre economia, pol\u00edtica, sa\u00fade, moda e m\u00fasica. Possui certificado de conclus\u00e3o do curso de An\u00e1lise de Balan\u00e7os pela Funda\u00e7\u00e3o Bradesco, Agenda Brasil pela FAAP, Educa\u00e7\u00e3o Pol\u00edtica por Alexandre Garcia e do Tesouro Direto e Mercado de A\u00e7\u00f5es pela B3.\",\"url\":\"https:\/\/www.suno.com.br\/noticias\/author\/poliana-santos\/\"}]}<\/script>\n<!-- \/ Yoast SEO plugin. -->","yoast_head_json":{"title":"D\u00f3lar: Boletim Focus projeta c\u00e2mbio para 2021 a R$ 5,10","description":"Ap\u00f3s a not\u00edcia, por volta das 11h30, nesta segunda-feira (28),o d\u00f3lar tinha alta de 0,23%, negociado a R$ 4,94. Para saber mais clique aqui","robots":{"index":"index","follow":"follow","max-snippet":"max-snippet:-1","max-image-preview":"max-image-preview:large","max-video-preview":"max-video-preview:-1"},"canonical":"https:\/\/www.suno.com.br\/noticias\/dolar-boletim-focus-projeta-cambio-para-2021-a-r-510\/","og_locale":"pt_BR","og_type":"article","og_title":"D\u00f3lar: Boletim Focus projeta c\u00e2mbio para 2021 a R$ 5,10","og_description":"Ap\u00f3s a not\u00edcia, por volta das 11h30, nesta segunda-feira (28),o d\u00f3lar tinha alta de 0,23%, negociado a R$ 4,94. Para saber mais clique aqui","og_url":"https:\/\/www.suno.com.br\/noticias\/dolar-boletim-focus-projeta-cambio-para-2021-a-r-510\/","og_site_name":"Suno Not\u00edcias","article_publisher":"https:\/\/facebook.com\/sunoresearch","og_image":[{"width":1280,"height":701,"url":"https:\/\/files.sunoresearch.com.br\/n\/uploads\/2021\/04\/e5e794c1-dollar-4418320_1280.jpg","type":"image\/jpeg"}],"author":"Poliana Santos","twitter_card":"summary_large_image","twitter_creator":"@sunoresearch","twitter_site":"@sunoresearch","twitter_misc":{"Escrito por":"Poliana Santos","Est. tempo de leitura":"2 minutos"},"schema":{"@context":"https:\/\/schema.org","@graph":[{"@type":"NewsArticle","@id":"https:\/\/www.suno.com.br\/noticias\/dolar-boletim-focus-projeta-cambio-para-2021-a-r-510\/#article","isPartOf":{"@id":"https:\/\/www.suno.com.br\/noticias\/dolar-boletim-focus-projeta-cambio-para-2021-a-r-510\/"},"author":{"name":"Poliana Santos","@id":"https:\/\/www.suno.com.br\/noticias\/#\/schema\/person\/02ec1f752758247878a2bf4abee1aeda"},"headline":"D\u00f3lar: Boletim Focus projeta c\u00e2mbio para 2021 a R$ 5,10","datePublished":"2021-06-28T14:35:37+00:00","dateModified":"2021-06-28T14:39:52+00:00","mainEntityOfPage":{"@id":"https:\/\/www.suno.com.br\/noticias\/dolar-boletim-focus-projeta-cambio-para-2021-a-r-510\/"},"wordCount":375,"publisher":{"@id":"https:\/\/www.suno.com.br\/noticias\/#organization"},"image":{"@id":"https:\/\/www.suno.com.br\/noticias\/dolar-boletim-focus-projeta-cambio-para-2021-a-r-510\/#primaryimage"},"thumbnailUrl":"https:\/\/files.sunoresearch.com.br\/n\/uploads\/2021\/04\/e5e794c1-dollar-4418320_1280-jpg.webp","keywords":["d\u00f3lar"],"articleSection":["Mercado"],"inLanguage":"pt-BR"},{"@type":"WebPage","@id":"https:\/\/www.suno.com.br\/noticias\/dolar-boletim-focus-projeta-cambio-para-2021-a-r-510\/","url":"https:\/\/www.suno.com.br\/noticias\/dolar-boletim-focus-projeta-cambio-para-2021-a-r-510\/","name":"D\u00f3lar: Boletim Focus projeta c\u00e2mbio para 2021 a R$ 5,10","isPartOf":{"@id":"https:\/\/www.suno.com.br\/noticias\/#website"},"primaryImageOfPage":{"@id":"https:\/\/www.suno.com.br\/noticias\/dolar-boletim-focus-projeta-cambio-para-2021-a-r-510\/#primaryimage"},"image":{"@id":"https:\/\/www.suno.com.br\/noticias\/dolar-boletim-focus-projeta-cambio-para-2021-a-r-510\/#primaryimage"},"thumbnailUrl":"https:\/\/files.sunoresearch.com.br\/n\/uploads\/2021\/04\/e5e794c1-dollar-4418320_1280-jpg.webp","datePublished":"2021-06-28T14:35:37+00:00","dateModified":"2021-06-28T14:39:52+00:00","description":"Ap\u00f3s a not\u00edcia, por volta das 11h30, nesta segunda-feira (28),o d\u00f3lar tinha alta de 0,23%, negociado a R$ 4,94. Para saber mais clique aqui","breadcrumb":{"@id":"https:\/\/www.suno.com.br\/noticias\/dolar-boletim-focus-projeta-cambio-para-2021-a-r-510\/#breadcrumb"},"inLanguage":"pt-BR","potentialAction":[{"@type":"ReadAction","target":["https:\/\/www.suno.com.br\/noticias\/dolar-boletim-focus-projeta-cambio-para-2021-a-r-510\/"]}]},{"@type":"ImageObject","inLanguage":"pt-BR","@id":"https:\/\/www.suno.com.br\/noticias\/dolar-boletim-focus-projeta-cambio-para-2021-a-r-510\/#primaryimage","url":"https:\/\/files.sunoresearch.com.br\/n\/uploads\/2021\/04\/e5e794c1-dollar-4418320_1280-jpg.webp","contentUrl":"https:\/\/files.sunoresearch.com.br\/n\/uploads\/2021\/04\/e5e794c1-dollar-4418320_1280-jpg.webp","width":1280,"height":701,"caption":"D\u00f3lar - Foto: Pixabay"},{"@type":"BreadcrumbList","@id":"https:\/\/www.suno.com.br\/noticias\/dolar-boletim-focus-projeta-cambio-para-2021-a-r-510\/#breadcrumb","itemListElement":[{"@type":"ListItem","position":1,"name":"Not\u00edcias","item":"https:\/\/www.suno.com.br\/noticias\/"},{"@type":"ListItem","position":2,"name":"Mercado","item":"https:\/\/www.suno.com.br\/noticias\/mercado\/"},{"@type":"ListItem","position":3,"name":"D\u00f3lar: Boletim Focus projeta c\u00e2mbio para 2021 a R$ 5,10"}]},{"@type":"WebSite","@id":"https:\/\/www.suno.com.br\/noticias\/#website","url":"https:\/\/www.suno.com.br\/noticias\/","name":"Suno Not\u00edcias","description":"Seu portal de informa\u00e7\u00e3o sobre o mundo dos investimentos","publisher":{"@id":"https:\/\/www.suno.com.br\/noticias\/#organization"},"potentialAction":[{"@type":"SearchAction","target":{"@type":"EntryPoint","urlTemplate":"https:\/\/www.suno.com.br\/noticias\/?s={search_term_string}"},"query-input":{"@type":"PropertyValueSpecification","valueRequired":true,"valueName":"search_term_string"}}],"inLanguage":"pt-BR"},{"@type":"Organization","@id":"https:\/\/www.suno.com.br\/noticias\/#organization","name":"Suno Not\u00edcias","url":"https:\/\/www.suno.com.br\/noticias\/","logo":{"@type":"ImageObject","inLanguage":"pt-BR","@id":"https:\/\/www.suno.com.br\/noticias\/#\/schema\/logo\/image\/","url":"https:\/\/files.sunoresearch.com.br\/n\/uploads\/2021\/09\/suno-logo.png","contentUrl":"https:\/\/files.sunoresearch.com.br\/n\/uploads\/2021\/09\/suno-logo.png","width":180,"height":180,"caption":"Suno Not\u00edcias"},"image":{"@id":"https:\/\/www.suno.com.br\/noticias\/#\/schema\/logo\/image\/"},"sameAs":["https:\/\/facebook.com\/sunoresearch","https:\/\/x.com\/sunoresearch","https:\/\/www.instagram.com\/suno","https:\/\/www.linkedin.com\/company\/suno-research\/","https:\/\/www.youtube.com\/c\/sunoresearch"]},{"@type":"Person","@id":"https:\/\/www.suno.com.br\/noticias\/#\/schema\/person\/02ec1f752758247878a2bf4abee1aeda","name":"Poliana Santos","image":{"@type":"ImageObject","inLanguage":"pt-BR","@id":"https:\/\/www.suno.com.br\/noticias\/#\/schema\/person\/image\/","url":"https:\/\/secure.gravatar.com\/avatar\/0645bd32f23d87b2130f2b2dff1d3f8d?s=96&r=g","contentUrl":"https:\/\/secure.gravatar.com\/avatar\/0645bd32f23d87b2130f2b2dff1d3f8d?s=96&r=g","caption":"Poliana Santos"},"description":"Rep\u00f3rter no Suno Not\u00edcias, com cobertura em mercado financeiro, economia, finan\u00e7as pessoais, renda fixa e varejo. Jornalista formada pela Faculdade C\u00e1sper L\u00edbero e possui passagem na R\u00e1dio Gazeta AM com a produ\u00e7\u00e3o de conte\u00fado sobre economia, pol\u00edtica, sa\u00fade, moda e m\u00fasica. Possui certificado de conclus\u00e3o do curso de An\u00e1lise de Balan\u00e7os pela Funda\u00e7\u00e3o Bradesco, Agenda Brasil pela FAAP, Educa\u00e7\u00e3o Pol\u00edtica por Alexandre Garcia e do Tesouro Direto e Mercado de A\u00e7\u00f5es pela B3.","url":"https:\/\/www.suno.com.br\/noticias\/author\/poliana-santos\/"}]}},"default_loop_html":"<div class=\"cardsPage__listCard__boxs\"><div class=\"cardsPage__listCard__boxs__img\"><a href=\"https:\/\/www.suno.com.br\/noticias\/dolar-boletim-focus-projeta-cambio-para-2021-a-r-510\/\"><img class=\"mask\" src=\"https:\/\/www.suno.com.br\/noticias\/wp-content\/themes\/suno\/resources\/images\/spotlight\/spotlight1img\/bg-mask.png\" alt=\"Image Mask\"\/><img src=\"https:\/\/files.sunoresearch.com.br\/n\/uploads\/2021\/04\/e5e794c1-dollar-4418320_1280-400x200.webp\" alt=\"D\u00f3lar: Boletim Focus projeta c\u00e2mbio para 2021 a R$ 5,10\"\/><\/a><span class=\"spotlightCategory\"><a href=\"https:\/\/www.suno.com.br\/noticias\/mercado\/\">Mercado<\/a><\/span><\/div><div class=\"cardsPage__listCard__boxs__content\"><a href=\"https:\/\/www.suno.com.br\/noticias\/dolar-boletim-focus-projeta-cambio-para-2021-a-r-510\/\"><h2 class=\"content__title\">D\u00f3lar: Boletim Focus projeta c\u00e2mbio para 2021 a R$ 5,10<\/h2><\/a><div class=\"newsContent__article__meta\"><div class=\"newsContent__article__meta__authorBox\"><a href=\"https:\/\/www.suno.com.br\/noticias\/author\/poliana-santos\/\" class=\"authorBox__avatar noMobi\"><img src=\"https:\/\/files.sunoresearch.com.br\/n\/uploads\/2020\/08\/7ef34026-whatsapp-image-2020-08-03-at-12.37.57-150x150.webp\" alt=\"Poliana Santos\"><\/a><div class=\"authorBox__name\"><span>por\n\t\t\t<a href=\"https:\/\/www.suno.com.br\/noticias\/author\/poliana-santos\/\"><span itemprop=\"author\">Poliana Santos<\/span><\/a><\/span><time datetime=\"2021-06-28T11:35:37-03:00\" itemprop=\"datePublished\">28\/06\/2021 11:35<\/time><\/div><\/div><\/div><\/div><\/div>","single_layout":"posts","amp_enabled":true,"_links":{"self":[{"href":"https:\/\/www.suno.com.br\/noticias\/wp-json\/wp\/v2\/posts\/161750"}],"collection":[{"href":"https:\/\/www.suno.com.br\/noticias\/wp-json\/wp\/v2\/posts"}],"about":[{"href":"https:\/\/www.suno.com.br\/noticias\/wp-json\/wp\/v2\/types\/post"}],"author":[{"embeddable":true,"href":"https:\/\/www.suno.com.br\/noticias\/wp-json\/wp\/v2\/users\/15"}],"replies":[{"embeddable":true,"href":"https:\/\/www.suno.com.br\/noticias\/wp-json\/wp\/v2\/comments?post=161750"}],"version-history":[{"count":1,"href":"https:\/\/www.suno.com.br\/noticias\/wp-json\/wp\/v2\/posts\/161750\/revisions"}],"predecessor-version":[{"id":161756,"href":"https:\/\/www.suno.com.br\/noticias\/wp-json\/wp\/v2\/posts\/161750\/revisions\/161756"}],"wp:featuredmedia":[{"embeddable":true,"href":"https:\/\/www.suno.com.br\/noticias\/wp-json\/wp\/v2\/media\/137005"}],"wp:attachment":[{"href":"https:\/\/www.suno.com.br\/noticias\/wp-json\/wp\/v2\/media?parent=161750"}],"wp:term":[{"taxonomy":"category","embeddable":true,"href":"https:\/\/www.suno.com.br\/noticias\/wp-json\/wp\/v2\/categories?post=161750"},{"taxonomy":"post_tag","embeddable":true,"href":"https:\/\/www.suno.com.br\/noticias\/wp-json\/wp\/v2\/tags?post=161750"},{"taxonomy":"suno_strategy","embeddable":true,"href":"https:\/\/www.suno.com.br\/noticias\/wp-json\/wp\/v2\/suno_strategy?post=161750"}],"curies":[{"name":"wp","href":"https:\/\/api.w.org\/{rel}","templated":true}]}}