{"id":161591,"date":"2021-06-26T18:08:25","date_gmt":"2021-06-26T21:08:25","guid":{"rendered":"https:\/\/www.suno.com.br\/noticias\/?p=161591"},"modified":"2021-06-26T18:13:38","modified_gmt":"2021-06-26T21:13:38","slug":"reforma-tributaria-incentiza-day-trade","status":"publish","type":"post","link":"https:\/\/www.suno.com.br\/noticias\/reforma-tributaria-incentiza-day-trade\/","title":{"rendered":"Reforma tribut\u00e1ria incentiva day trade, dizem tributaristas"},"content":{"rendered":"<p>A proposta de <strong>reforma tribut\u00e1ria<\/strong> enviada pelo governo federal \u00e0 C\u00e2mara dos Deputados traz mudan\u00e7as ao <a href=\"https:\/\/www.suno.com.br\/artigos\/imposto-de-renda-guia\/\">imposto de renda (IR) para investimentos financeiros<\/a> e pode estimular opera\u00e7\u00f5es de <a href=\"https:\/\/www.suno.com.br\/artigos\/day-trade\/\">day trade<\/a>, avaliaram tributaristas.<\/p>\t<div class=\"wrapper-featured-image\">\n\t\t<figure class=\"spotlightImg\">\n\n\t\t\t<picture>\n\t\t\t\t<source media=\"(max-width: 768px)\" srcset=\"https:\/\/files.sunoresearch.com.br\/n\/uploads\/2021\/04\/4690bb61-chart-1905225_1280-400x200.webp\">\n\t\t\t\t<img loading=\"lazy\" decoding=\"async\" class=\"newsContent__article__imgCapa lazyloadDisabled \" src=\"https:\/\/files.sunoresearch.com.br\/n\/uploads\/2021\/04\/4690bb61-chart-1905225_1280-800x450.webp\" width=\"800\" height=\"450\" alt=\"Reforma tribut\u00e1ria incentiva day trade, dizem tributaristas\" fetchpriority=high \/>\n\t\t\t<\/picture>\n\n\t\t\t<figcaption class=\"wp-caption-text wp-caption-text--show\">Day trade. Foto: Pixabay<\/figcaption>\n\t\t<\/figure>\n\t<\/div>\n\n\n\t<p>\n\t\t<a href=\"https:\/\/lp.suno.com.br\/planilha-controle-gastos\/\" target=\"_blank\" data-element=\"shortcode-suno-banner\" title=\"Banner SUNO, clique e saiba mais\">\n\t\t\t<picture>\n\t\t\t\t<source media=\"(max-width: 500px)\" srcset=\"https:\/\/files.sunoresearch.com.br\/n\/uploads\/2023\/03\/400x300-Planilha-controle-de-gastos.png\">\n\t\t\t\t<img class=\"newsContent__article__imgCapa newsContent__article__imgCapa--banner\"\n\t\t\t\t\tsrc=\"https:\/\/files.sunoresearch.com.br\/n\/uploads\/2023\/03\/1420x240-Planilha-controle-de-gastos.png\"\n\t\t\t\t\tdata-promo-id=\"101751\"\t\t\t\t\t\t\t\t\t\twidth='1420' height='240'\t\t\t\t\talt=\"https:\/\/files.sunoresearch.com.br\/n\/uploads\/2023\/03\/1420x240-Planilha-controle-de-gastos.png\"\n\t\t\t\t>\n\t\t\t<\/picture>\n\t\t<\/a>\n\t<\/p>\n\n\n<p>A equipe econ\u00f4mica prop\u00f4s altera\u00e7\u00f5es na tributa\u00e7\u00e3o das opera\u00e7\u00f5es em Bolsa. Hoje, a apura\u00e7\u00e3o \u00e9 mensal e h\u00e1 duas al\u00edquotas, de 15% e 20%, a depender da aplica\u00e7\u00e3o (com compensa\u00e7\u00f5es de preju\u00edzos limitadas \u00e0s opera\u00e7\u00f5es com al\u00edquota igual). Com a reforma tribut\u00e1ria, a cobran\u00e7a ser\u00e1 \u00fanica para todos os mercados, em 15%, e existir\u00e1 a possibilidade de compensa\u00e7\u00e3o entre todas as opera\u00e7\u00f5es.<\/p>\n<p>De acordo com o <strong><a href=\"https:\/\/www.suno.com.br\/artigos\/ministerio-da-economia\/\">Minist\u00e9rio da Economia<\/a>,<\/strong> as medidas devem trazer mais simplicidade para acessar o mercado e seguran\u00e7a aos investimentos.<\/p>\n<figure id=\"attachment_161596\" aria-describedby=\"caption-attachment-161596\" style=\"width: 580px\" class=\"wp-caption alignnone\"><img loading=\"lazy\" decoding=\"async\" class=\"wp-image-161596\" src=\"https:\/\/storage.googleapis.com\/wp-noticias\/2021\/06\/7693bdc3-captura-de-tela-2021-06-26-170620.png\" alt=\"Reforma tribut\u00e1ria incentiva day trade, dizem tributaristas\" width=\"580\" height=\"434\" \/><figcaption id=\"caption-attachment-161596\" class=\"wp-caption-text\">Reforma do IR para investimentos financeiros. Foto: Reprodu\u00e7\u00e3o Minist\u00e9rio da Economia<\/figcaption><\/figure>\n<p><strong>Ana Claudia Utumi<\/strong>, s\u00f3cia fundadora da Utumi Advogados, n\u00e3o enxergou as mudan\u00e7as da mesma maneira. Na vis\u00e3o da especialista, a unifica\u00e7\u00e3o da al\u00edquota de IR e a apura\u00e7\u00e3o de day trade junto com demais opera\u00e7\u00f5es pode encorajar a estrat\u00e9gia de compra e venda no mesmo dia. &#8220;Apesar do <strong>day trade<\/strong> envolver muito risco, as medidas propostas podem infelizmente estimular ainda mais o mercado.&#8221;<\/p>\n<p>Pesquisa da Funda\u00e7\u00e3o Get\u00falio Vargas (FGV) mostrou que, na m\u00e9dia, a t\u00e9cnica rende aos investidores um preju\u00edzo bruto de R$ 49 diariamente. Apenas 0,57% continuaram depois de 300 preg\u00f5es. Outro estudo da mesma institui\u00e7\u00e3o mostrou que quase 95% dos <strong>day traders<\/strong> experientes tiveram lucro m\u00e9dio inferior a R$ 10 mil por m\u00eas.<\/p>\n<p>Para <strong>Alamy Candido<\/strong>, s\u00f3cio do Candido Martins Advogados, ao harmonizar as al\u00edquotas de IR a reforma tribut\u00e1ria beneficia algumas opera\u00e7\u00f5es, em detrimento de outras. Neste caso, o incentivo iria ao day trade.<\/p>\n<p>Apesar disso, o advogado n\u00e3o entendeu que haveria o mesmo fomento em rela\u00e7\u00e3o \u00e0 compensa\u00e7\u00e3o de resultados negativos. &#8220;Quando h\u00e1 mais bases para compensar \u00e9 positivo, n\u00e3o necessariamente incentiva o risco.&#8221;<\/p>\n<h2>Mudan\u00e7as de IR na reforma tribut\u00e1ria n\u00e3o agradam<\/h2>\n<p>Embora o texto reduza a tributa\u00e7\u00e3o em certas modalidades, a reforma tribut\u00e1ria foi recebida com receio.<\/p>\n<p>Uma das mudan\u00e7as \u00e9 o aumento da isen\u00e7\u00e3o de <strong>Imposto de Renda para Pessoa F\u00edsica (IRPF)<\/strong>, de R$ 1.900 para R$ 2.500. O <strong>Imposto de Renda para Pessoa Jur\u00eddica (IRPJ)<\/strong>, por sua vez, cairia dos 15% atuais para 10%, em 2023.<\/p>\n\t<p>\n\t\t<a href=\"https:\/\/lp.suno.com.br\/planilha-da-vida-financeira\/\" target=\"_blank\" data-element=\"shortcode-suno-banner\" title=\"Banner SUNO, clique e saiba mais\">\n\t\t\t<picture>\n\t\t\t\t<source media=\"(max-width: 500px)\" srcset=\"https:\/\/files.sunoresearch.com.br\/n\/uploads\/2023\/04\/400x300-Planilha-vida-financeira-true.png\">\n\t\t\t\t<img class=\"newsContent__article__imgCapa newsContent__article__imgCapa--banner\"\n\t\t\t\t\tsrc=\"https:\/\/files.sunoresearch.com.br\/n\/uploads\/2023\/04\/1420x240-Planilha-vida-financeira-true.png\"\n\t\t\t\t\tdata-promo-id=\"106682\"\t\t\t\t\t\t\t\t\t\twidth='1420' height='240'\t\t\t\t\talt=\"https:\/\/files.sunoresearch.com.br\/n\/uploads\/2023\/04\/1420x240-Planilha-vida-financeira-true.png\"\n\t\t\t\t>\n\t\t\t<\/picture>\n\t\t<\/a>\n\t<\/p>\n\n\n<p>Segundo <strong>Maria Carolina Sampaio<\/strong>, s\u00f3cia do escrit\u00f3rio GVM Advogados, o projeto pode parecer atrativo em um primeiro momento, contudo &#8220;o fim de algumas dedu\u00e7\u00f5es sobre o IR e a al\u00edquota da CBS, que deve substituir o PIS e a COFINS, em 12%, acabar\u00e1 implicando em aumento real da <a class=\"suno-keyword\" href=\"https:\/\/www.suno.com.br\/artigos\/carga-tributaria\/\" target=\"_blank\" rel=\"noopener noreferrer\" data-force=\"no\" data-priority=\"1\">carga tribut\u00e1ria<\/a> das empresas.&#8221;<\/p>\n<p>A advogada tamb\u00e9m criticou o aumento da faixa de isen\u00e7\u00e3o do IRPF e a atualiza\u00e7\u00e3o das faixas de pagamento, medidas que n\u00e3o poderiam ser vistas como um benef\u00edcio oferecido pela <strong>reforma tribut\u00e1ria<\/strong>. &#8220;\u00c9 uma simples corre\u00e7\u00e3o dos valores, que est\u00e3o defasados h\u00e1 anos.&#8221;<\/p>\n<p><em>(Com Estad\u00e3o Conte\u00fado)<\/em><\/p>\n\t<p>\n\t\t<a href=\"https:\/\/lp.suno.com.br\/planilha-de-controle-de-investimentos\/\" target=\"_blank\" data-element=\"shortcode-suno-banner\" title=\"Banner SUNO, clique e saiba mais\">\n\t\t\t<picture>\n\t\t\t\t<source media=\"(max-width: 500px)\" srcset=\"https:\/\/files.sunoresearch.com.br\/n\/uploads\/2023\/03\/400x300-Controle-de-Investimentos.png\">\n\t\t\t\t<img class=\"newsContent__article__imgCapa newsContent__article__imgCapa--banner\"\n\t\t\t\t\tsrc=\"https:\/\/files.sunoresearch.com.br\/n\/uploads\/2023\/03\/1420x240-Controle-de-Investimentos.png\"\n\t\t\t\t\tdata-promo-id=\"75934\"\t\t\t\t\t\t\t\t\t\twidth='1420' height='240'\t\t\t\t\talt=\"https:\/\/files.sunoresearch.com.br\/n\/uploads\/2023\/03\/1420x240-Controle-de-Investimentos.png\"\n\t\t\t\t>\n\t\t\t<\/picture>\n\t\t<\/a>\n\t<\/p>\n\n\n","protected":false},"excerpt":{"rendered":"<p>A proposta de reforma tribut\u00e1ria enviada pelo governo federal \u00e0 C\u00e2mara dos Deputados traz mudan\u00e7as ao imposto de renda (IR) para investimentos financeiros e pode estimular opera\u00e7\u00f5es de day trade, avaliaram tributaristas. Day trade. Foto: Pixabay A equipe econ\u00f4mica prop\u00f4s altera\u00e7\u00f5es na tributa\u00e7\u00e3o das opera\u00e7\u00f5es em Bolsa. Hoje, a apura\u00e7\u00e3o \u00e9 mensal e h\u00e1 duas [&hellip;]<\/p>\n","protected":false},"author":35,"featured_media":142423,"comment_status":"closed","ping_status":"closed","sticky":false,"template":"","format":"standard","meta":[],"categories":[60],"tags":[35491,105816,303,1286],"suno_strategy":[],"class_list":["post-161591","post","type-post","status-publish","format-standard","has-post-thumbnail","hentry","category-mercado","tag-day-trade","tag-especialistas","tag-imposto-de-renda","tag-reforma-tributaria"],"yoast_head":"<!-- This site is optimized with the Yoast SEO plugin v24.4 - https:\/\/yoast.com\/wordpress\/plugins\/seo\/ -->\n<title>Reforma tribut\u00e1ria incentiva day trade, dizem tributaristas<\/title>\n<meta name=\"description\" content=\"A reforma tribut\u00e1ria traz mudan\u00e7as ao imposto de renda para investimentos financeiros e pode estimular day trade. Clique aqui para saber mais\" \/>\n<meta name=\"robots\" content=\"index, follow, max-snippet:-1, max-image-preview:large, max-video-preview:-1\" \/>\n<link rel=\"canonical\" href=\"https:\/\/www.suno.com.br\/noticias\/reforma-tributaria-incentiza-day-trade\/\" \/>\n<meta property=\"og:locale\" content=\"pt_BR\" \/>\n<meta property=\"og:type\" content=\"article\" \/>\n<meta property=\"og:title\" content=\"Reforma tribut\u00e1ria incentiva day trade, dizem tributaristas\" \/>\n<meta property=\"og:description\" content=\"A reforma tribut\u00e1ria traz mudan\u00e7as ao imposto de renda para investimentos financeiros e pode estimular day trade. Clique aqui para saber mais\" \/>\n<meta property=\"og:url\" content=\"https:\/\/www.suno.com.br\/noticias\/reforma-tributaria-incentiza-day-trade\/\" \/>\n<meta property=\"og:site_name\" content=\"Suno Not\u00edcias\" \/>\n<meta property=\"article:publisher\" content=\"https:\/\/facebook.com\/sunoresearch\" \/>\n<meta property=\"og:image\" content=\"https:\/\/files.sunoresearch.com.br\/n\/uploads\/2021\/04\/4690bb61-chart-1905225_1280.jpg\" \/>\n\t<meta property=\"og:image:width\" content=\"1280\" \/>\n\t<meta property=\"og:image:height\" content=\"718\" \/>\n\t<meta property=\"og:image:type\" content=\"image\/jpeg\" \/>\n<meta name=\"author\" content=\"Arthur Guimar\u00e3es\" \/>\n<meta name=\"twitter:card\" content=\"summary_large_image\" \/>\n<meta name=\"twitter:creator\" content=\"@sunoresearch\" \/>\n<meta name=\"twitter:site\" content=\"@sunoresearch\" \/>\n<meta name=\"twitter:label1\" content=\"Escrito por\" \/>\n\t<meta name=\"twitter:data1\" content=\"Arthur Guimar\u00e3es\" \/>\n\t<meta name=\"twitter:label2\" content=\"Est. tempo de leitura\" \/>\n\t<meta name=\"twitter:data2\" content=\"3 minutos\" \/>\n<script type=\"application\/ld+json\" class=\"yoast-schema-graph\">{\"@context\":\"https:\/\/schema.org\",\"@graph\":[{\"@type\":\"NewsArticle\",\"@id\":\"https:\/\/www.suno.com.br\/noticias\/reforma-tributaria-incentiza-day-trade\/#article\",\"isPartOf\":{\"@id\":\"https:\/\/www.suno.com.br\/noticias\/reforma-tributaria-incentiza-day-trade\/\"},\"author\":{\"name\":\"Arthur Guimar\u00e3es\",\"@id\":\"https:\/\/www.suno.com.br\/noticias\/#\/schema\/person\/053a750a709a263919a20f976caae91c\"},\"headline\":\"Reforma tribut\u00e1ria incentiva day trade, dizem tributaristas\",\"datePublished\":\"2021-06-26T21:08:25+00:00\",\"dateModified\":\"2021-06-26T21:13:38+00:00\",\"mainEntityOfPage\":{\"@id\":\"https:\/\/www.suno.com.br\/noticias\/reforma-tributaria-incentiza-day-trade\/\"},\"wordCount\":545,\"publisher\":{\"@id\":\"https:\/\/www.suno.com.br\/noticias\/#organization\"},\"image\":{\"@id\":\"https:\/\/www.suno.com.br\/noticias\/reforma-tributaria-incentiza-day-trade\/#primaryimage\"},\"thumbnailUrl\":\"https:\/\/files.sunoresearch.com.br\/n\/uploads\/2021\/04\/4690bb61-chart-1905225_1280-jpg.webp\",\"keywords\":[\"day trade\",\"Especialistas\",\"Imposto de Renda\",\"reforma tribut\u00e1ria\"],\"articleSection\":[\"Mercado\"],\"inLanguage\":\"pt-BR\"},{\"@type\":\"WebPage\",\"@id\":\"https:\/\/www.suno.com.br\/noticias\/reforma-tributaria-incentiza-day-trade\/\",\"url\":\"https:\/\/www.suno.com.br\/noticias\/reforma-tributaria-incentiza-day-trade\/\",\"name\":\"Reforma tribut\u00e1ria incentiva day trade, dizem tributaristas\",\"isPartOf\":{\"@id\":\"https:\/\/www.suno.com.br\/noticias\/#website\"},\"primaryImageOfPage\":{\"@id\":\"https:\/\/www.suno.com.br\/noticias\/reforma-tributaria-incentiza-day-trade\/#primaryimage\"},\"image\":{\"@id\":\"https:\/\/www.suno.com.br\/noticias\/reforma-tributaria-incentiza-day-trade\/#primaryimage\"},\"thumbnailUrl\":\"https:\/\/files.sunoresearch.com.br\/n\/uploads\/2021\/04\/4690bb61-chart-1905225_1280-jpg.webp\",\"datePublished\":\"2021-06-26T21:08:25+00:00\",\"dateModified\":\"2021-06-26T21:13:38+00:00\",\"description\":\"A reforma tribut\u00e1ria traz mudan\u00e7as ao imposto de renda para investimentos financeiros e pode estimular day trade. Clique aqui para saber mais\",\"breadcrumb\":{\"@id\":\"https:\/\/www.suno.com.br\/noticias\/reforma-tributaria-incentiza-day-trade\/#breadcrumb\"},\"inLanguage\":\"pt-BR\",\"potentialAction\":[{\"@type\":\"ReadAction\",\"target\":[\"https:\/\/www.suno.com.br\/noticias\/reforma-tributaria-incentiza-day-trade\/\"]}]},{\"@type\":\"ImageObject\",\"inLanguage\":\"pt-BR\",\"@id\":\"https:\/\/www.suno.com.br\/noticias\/reforma-tributaria-incentiza-day-trade\/#primaryimage\",\"url\":\"https:\/\/files.sunoresearch.com.br\/n\/uploads\/2021\/04\/4690bb61-chart-1905225_1280-jpg.webp\",\"contentUrl\":\"https:\/\/files.sunoresearch.com.br\/n\/uploads\/2021\/04\/4690bb61-chart-1905225_1280-jpg.webp\",\"width\":1280,\"height\":718,\"caption\":\"Day trade. Foto: Pixabay\"},{\"@type\":\"BreadcrumbList\",\"@id\":\"https:\/\/www.suno.com.br\/noticias\/reforma-tributaria-incentiza-day-trade\/#breadcrumb\",\"itemListElement\":[{\"@type\":\"ListItem\",\"position\":1,\"name\":\"Not\u00edcias\",\"item\":\"https:\/\/www.suno.com.br\/noticias\/\"},{\"@type\":\"ListItem\",\"position\":2,\"name\":\"Mercado\",\"item\":\"https:\/\/www.suno.com.br\/noticias\/mercado\/\"},{\"@type\":\"ListItem\",\"position\":3,\"name\":\"Reforma tribut\u00e1ria incentiva day trade, dizem tributaristas\"}]},{\"@type\":\"WebSite\",\"@id\":\"https:\/\/www.suno.com.br\/noticias\/#website\",\"url\":\"https:\/\/www.suno.com.br\/noticias\/\",\"name\":\"Suno Not\u00edcias\",\"description\":\"Seu portal de informa\u00e7\u00e3o sobre o mundo dos investimentos\",\"publisher\":{\"@id\":\"https:\/\/www.suno.com.br\/noticias\/#organization\"},\"potentialAction\":[{\"@type\":\"SearchAction\",\"target\":{\"@type\":\"EntryPoint\",\"urlTemplate\":\"https:\/\/www.suno.com.br\/noticias\/?s={search_term_string}\"},\"query-input\":{\"@type\":\"PropertyValueSpecification\",\"valueRequired\":true,\"valueName\":\"search_term_string\"}}],\"inLanguage\":\"pt-BR\"},{\"@type\":\"Organization\",\"@id\":\"https:\/\/www.suno.com.br\/noticias\/#organization\",\"name\":\"Suno Not\u00edcias\",\"url\":\"https:\/\/www.suno.com.br\/noticias\/\",\"logo\":{\"@type\":\"ImageObject\",\"inLanguage\":\"pt-BR\",\"@id\":\"https:\/\/www.suno.com.br\/noticias\/#\/schema\/logo\/image\/\",\"url\":\"https:\/\/files.sunoresearch.com.br\/n\/uploads\/2021\/09\/suno-logo.png\",\"contentUrl\":\"https:\/\/files.sunoresearch.com.br\/n\/uploads\/2021\/09\/suno-logo.png\",\"width\":180,\"height\":180,\"caption\":\"Suno Not\u00edcias\"},\"image\":{\"@id\":\"https:\/\/www.suno.com.br\/noticias\/#\/schema\/logo\/image\/\"},\"sameAs\":[\"https:\/\/facebook.com\/sunoresearch\",\"https:\/\/x.com\/sunoresearch\",\"https:\/\/www.instagram.com\/suno\",\"https:\/\/www.linkedin.com\/company\/suno-research\/\",\"https:\/\/www.youtube.com\/c\/sunoresearch\"]},{\"@type\":\"Person\",\"@id\":\"https:\/\/www.suno.com.br\/noticias\/#\/schema\/person\/053a750a709a263919a20f976caae91c\",\"name\":\"Arthur Guimar\u00e3es\",\"image\":{\"@type\":\"ImageObject\",\"inLanguage\":\"pt-BR\",\"@id\":\"https:\/\/www.suno.com.br\/noticias\/#\/schema\/person\/image\/\",\"url\":\"https:\/\/secure.gravatar.com\/avatar\/1affd86a11209ae09eb6dd3bcad3e96c?s=96&r=g\",\"contentUrl\":\"https:\/\/secure.gravatar.com\/avatar\/1affd86a11209ae09eb6dd3bcad3e96c?s=96&r=g\",\"caption\":\"Arthur Guimar\u00e3es\"},\"description\":\"Arthur Guimar\u00e3es escreve sobre pol\u00edtica, economia e neg\u00f3cios para o portal de not\u00edcias da Suno Research. Atualmente, \u00e9 estudante de jornalismo pela Faculdade C\u00e1sper L\u00edbero.\",\"url\":\"https:\/\/www.suno.com.br\/noticias\/author\/arthur-guimaraes\/\"}]}<\/script>\n<!-- \/ Yoast SEO plugin. -->","yoast_head_json":{"title":"Reforma tribut\u00e1ria incentiva day trade, dizem tributaristas","description":"A reforma tribut\u00e1ria traz mudan\u00e7as ao imposto de renda para investimentos financeiros e pode estimular day trade. Clique aqui para saber mais","robots":{"index":"index","follow":"follow","max-snippet":"max-snippet:-1","max-image-preview":"max-image-preview:large","max-video-preview":"max-video-preview:-1"},"canonical":"https:\/\/www.suno.com.br\/noticias\/reforma-tributaria-incentiza-day-trade\/","og_locale":"pt_BR","og_type":"article","og_title":"Reforma tribut\u00e1ria incentiva day trade, dizem tributaristas","og_description":"A reforma tribut\u00e1ria traz mudan\u00e7as ao imposto de renda para investimentos financeiros e pode estimular day trade. Clique aqui para saber mais","og_url":"https:\/\/www.suno.com.br\/noticias\/reforma-tributaria-incentiza-day-trade\/","og_site_name":"Suno Not\u00edcias","article_publisher":"https:\/\/facebook.com\/sunoresearch","og_image":[{"width":1280,"height":718,"url":"https:\/\/files.sunoresearch.com.br\/n\/uploads\/2021\/04\/4690bb61-chart-1905225_1280.jpg","type":"image\/jpeg"}],"author":"Arthur Guimar\u00e3es","twitter_card":"summary_large_image","twitter_creator":"@sunoresearch","twitter_site":"@sunoresearch","twitter_misc":{"Escrito por":"Arthur Guimar\u00e3es","Est. tempo de leitura":"3 minutos"},"schema":{"@context":"https:\/\/schema.org","@graph":[{"@type":"NewsArticle","@id":"https:\/\/www.suno.com.br\/noticias\/reforma-tributaria-incentiza-day-trade\/#article","isPartOf":{"@id":"https:\/\/www.suno.com.br\/noticias\/reforma-tributaria-incentiza-day-trade\/"},"author":{"name":"Arthur Guimar\u00e3es","@id":"https:\/\/www.suno.com.br\/noticias\/#\/schema\/person\/053a750a709a263919a20f976caae91c"},"headline":"Reforma tribut\u00e1ria incentiva day trade, dizem tributaristas","datePublished":"2021-06-26T21:08:25+00:00","dateModified":"2021-06-26T21:13:38+00:00","mainEntityOfPage":{"@id":"https:\/\/www.suno.com.br\/noticias\/reforma-tributaria-incentiza-day-trade\/"},"wordCount":545,"publisher":{"@id":"https:\/\/www.suno.com.br\/noticias\/#organization"},"image":{"@id":"https:\/\/www.suno.com.br\/noticias\/reforma-tributaria-incentiza-day-trade\/#primaryimage"},"thumbnailUrl":"https:\/\/files.sunoresearch.com.br\/n\/uploads\/2021\/04\/4690bb61-chart-1905225_1280-jpg.webp","keywords":["day trade","Especialistas","Imposto de Renda","reforma tribut\u00e1ria"],"articleSection":["Mercado"],"inLanguage":"pt-BR"},{"@type":"WebPage","@id":"https:\/\/www.suno.com.br\/noticias\/reforma-tributaria-incentiza-day-trade\/","url":"https:\/\/www.suno.com.br\/noticias\/reforma-tributaria-incentiza-day-trade\/","name":"Reforma tribut\u00e1ria incentiva day trade, dizem tributaristas","isPartOf":{"@id":"https:\/\/www.suno.com.br\/noticias\/#website"},"primaryImageOfPage":{"@id":"https:\/\/www.suno.com.br\/noticias\/reforma-tributaria-incentiza-day-trade\/#primaryimage"},"image":{"@id":"https:\/\/www.suno.com.br\/noticias\/reforma-tributaria-incentiza-day-trade\/#primaryimage"},"thumbnailUrl":"https:\/\/files.sunoresearch.com.br\/n\/uploads\/2021\/04\/4690bb61-chart-1905225_1280-jpg.webp","datePublished":"2021-06-26T21:08:25+00:00","dateModified":"2021-06-26T21:13:38+00:00","description":"A reforma tribut\u00e1ria traz mudan\u00e7as ao imposto de renda para investimentos financeiros e pode estimular day trade. Clique aqui para saber mais","breadcrumb":{"@id":"https:\/\/www.suno.com.br\/noticias\/reforma-tributaria-incentiza-day-trade\/#breadcrumb"},"inLanguage":"pt-BR","potentialAction":[{"@type":"ReadAction","target":["https:\/\/www.suno.com.br\/noticias\/reforma-tributaria-incentiza-day-trade\/"]}]},{"@type":"ImageObject","inLanguage":"pt-BR","@id":"https:\/\/www.suno.com.br\/noticias\/reforma-tributaria-incentiza-day-trade\/#primaryimage","url":"https:\/\/files.sunoresearch.com.br\/n\/uploads\/2021\/04\/4690bb61-chart-1905225_1280-jpg.webp","contentUrl":"https:\/\/files.sunoresearch.com.br\/n\/uploads\/2021\/04\/4690bb61-chart-1905225_1280-jpg.webp","width":1280,"height":718,"caption":"Day trade. Foto: Pixabay"},{"@type":"BreadcrumbList","@id":"https:\/\/www.suno.com.br\/noticias\/reforma-tributaria-incentiza-day-trade\/#breadcrumb","itemListElement":[{"@type":"ListItem","position":1,"name":"Not\u00edcias","item":"https:\/\/www.suno.com.br\/noticias\/"},{"@type":"ListItem","position":2,"name":"Mercado","item":"https:\/\/www.suno.com.br\/noticias\/mercado\/"},{"@type":"ListItem","position":3,"name":"Reforma tribut\u00e1ria incentiva day trade, dizem tributaristas"}]},{"@type":"WebSite","@id":"https:\/\/www.suno.com.br\/noticias\/#website","url":"https:\/\/www.suno.com.br\/noticias\/","name":"Suno Not\u00edcias","description":"Seu portal de informa\u00e7\u00e3o sobre o mundo dos investimentos","publisher":{"@id":"https:\/\/www.suno.com.br\/noticias\/#organization"},"potentialAction":[{"@type":"SearchAction","target":{"@type":"EntryPoint","urlTemplate":"https:\/\/www.suno.com.br\/noticias\/?s={search_term_string}"},"query-input":{"@type":"PropertyValueSpecification","valueRequired":true,"valueName":"search_term_string"}}],"inLanguage":"pt-BR"},{"@type":"Organization","@id":"https:\/\/www.suno.com.br\/noticias\/#organization","name":"Suno Not\u00edcias","url":"https:\/\/www.suno.com.br\/noticias\/","logo":{"@type":"ImageObject","inLanguage":"pt-BR","@id":"https:\/\/www.suno.com.br\/noticias\/#\/schema\/logo\/image\/","url":"https:\/\/files.sunoresearch.com.br\/n\/uploads\/2021\/09\/suno-logo.png","contentUrl":"https:\/\/files.sunoresearch.com.br\/n\/uploads\/2021\/09\/suno-logo.png","width":180,"height":180,"caption":"Suno Not\u00edcias"},"image":{"@id":"https:\/\/www.suno.com.br\/noticias\/#\/schema\/logo\/image\/"},"sameAs":["https:\/\/facebook.com\/sunoresearch","https:\/\/x.com\/sunoresearch","https:\/\/www.instagram.com\/suno","https:\/\/www.linkedin.com\/company\/suno-research\/","https:\/\/www.youtube.com\/c\/sunoresearch"]},{"@type":"Person","@id":"https:\/\/www.suno.com.br\/noticias\/#\/schema\/person\/053a750a709a263919a20f976caae91c","name":"Arthur Guimar\u00e3es","image":{"@type":"ImageObject","inLanguage":"pt-BR","@id":"https:\/\/www.suno.com.br\/noticias\/#\/schema\/person\/image\/","url":"https:\/\/secure.gravatar.com\/avatar\/1affd86a11209ae09eb6dd3bcad3e96c?s=96&r=g","contentUrl":"https:\/\/secure.gravatar.com\/avatar\/1affd86a11209ae09eb6dd3bcad3e96c?s=96&r=g","caption":"Arthur Guimar\u00e3es"},"description":"Arthur Guimar\u00e3es escreve sobre pol\u00edtica, economia e neg\u00f3cios para o portal de not\u00edcias da Suno Research. Atualmente, \u00e9 estudante de jornalismo pela Faculdade C\u00e1sper L\u00edbero.","url":"https:\/\/www.suno.com.br\/noticias\/author\/arthur-guimaraes\/"}]}},"default_loop_html":"<div class=\"cardsPage__listCard__boxs\"><div class=\"cardsPage__listCard__boxs__img\"><a href=\"https:\/\/www.suno.com.br\/noticias\/reforma-tributaria-incentiza-day-trade\/\"><img class=\"mask\" src=\"https:\/\/www.suno.com.br\/noticias\/wp-content\/themes\/suno\/resources\/images\/spotlight\/spotlight1img\/bg-mask.png\" alt=\"Image Mask\"\/><img src=\"https:\/\/files.sunoresearch.com.br\/n\/uploads\/2021\/04\/4690bb61-chart-1905225_1280-400x200.webp\" alt=\"Reforma tribut\u00e1ria incentiva day trade, dizem tributaristas\"\/><\/a><span class=\"spotlightCategory\"><a href=\"https:\/\/www.suno.com.br\/noticias\/mercado\/\">Mercado<\/a><\/span><\/div><div class=\"cardsPage__listCard__boxs__content\"><a href=\"https:\/\/www.suno.com.br\/noticias\/reforma-tributaria-incentiza-day-trade\/\"><h2 class=\"content__title\">Reforma tribut\u00e1ria incentiva day trade, dizem tributaristas<\/h2><\/a><div class=\"newsContent__article__meta\"><div class=\"newsContent__article__meta__authorBox\"><a href=\"https:\/\/www.suno.com.br\/noticias\/author\/arthur-guimaraes\/\" class=\"authorBox__avatar noMobi\"><img src=\"https:\/\/files.sunoresearch.com.br\/n\/uploads\/2020\/02\/dfb40897-eu-150x150.webp\" alt=\"Arthur Guimar\u00e3es\"><\/a><div class=\"authorBox__name\"><span>por\n\t\t\t<a href=\"https:\/\/www.suno.com.br\/noticias\/author\/arthur-guimaraes\/\"><span itemprop=\"author\">Arthur Guimar\u00e3es<\/span><\/a><\/span><time datetime=\"2021-06-26T18:08:25-03:00\" itemprop=\"datePublished\">26\/06\/2021 18:08<\/time><\/div><\/div><\/div><\/div><\/div>","single_layout":"posts","amp_enabled":true,"_links":{"self":[{"href":"https:\/\/www.suno.com.br\/noticias\/wp-json\/wp\/v2\/posts\/161591"}],"collection":[{"href":"https:\/\/www.suno.com.br\/noticias\/wp-json\/wp\/v2\/posts"}],"about":[{"href":"https:\/\/www.suno.com.br\/noticias\/wp-json\/wp\/v2\/types\/post"}],"author":[{"embeddable":true,"href":"https:\/\/www.suno.com.br\/noticias\/wp-json\/wp\/v2\/users\/35"}],"replies":[{"embeddable":true,"href":"https:\/\/www.suno.com.br\/noticias\/wp-json\/wp\/v2\/comments?post=161591"}],"version-history":[{"count":4,"href":"https:\/\/www.suno.com.br\/noticias\/wp-json\/wp\/v2\/posts\/161591\/revisions"}],"predecessor-version":[{"id":161604,"href":"https:\/\/www.suno.com.br\/noticias\/wp-json\/wp\/v2\/posts\/161591\/revisions\/161604"}],"wp:featuredmedia":[{"embeddable":true,"href":"https:\/\/www.suno.com.br\/noticias\/wp-json\/wp\/v2\/media\/142423"}],"wp:attachment":[{"href":"https:\/\/www.suno.com.br\/noticias\/wp-json\/wp\/v2\/media?parent=161591"}],"wp:term":[{"taxonomy":"category","embeddable":true,"href":"https:\/\/www.suno.com.br\/noticias\/wp-json\/wp\/v2\/categories?post=161591"},{"taxonomy":"post_tag","embeddable":true,"href":"https:\/\/www.suno.com.br\/noticias\/wp-json\/wp\/v2\/tags?post=161591"},{"taxonomy":"suno_strategy","embeddable":true,"href":"https:\/\/www.suno.com.br\/noticias\/wp-json\/wp\/v2\/suno_strategy?post=161591"}],"curies":[{"name":"wp","href":"https:\/\/api.w.org\/{rel}","templated":true}]}}