{"id":161584,"date":"2021-06-26T15:29:59","date_gmt":"2021-06-26T18:29:59","guid":{"rendered":"https:\/\/www.suno.com.br\/noticias\/?p=161584"},"modified":"2021-06-28T17:00:18","modified_gmt":"2021-06-28T20:00:18","slug":"br-partners-brbi11-conduzir-privatizacao-eletrobras-elet3","status":"publish","type":"post","link":"https:\/\/www.suno.com.br\/noticias\/br-partners-brbi11-conduzir-privatizacao-eletrobras-elet3\/","title":{"rendered":"BR Partners (BRBI11) far\u00e1 avalia\u00e7\u00e3o da Eletrobras (ELET3)"},"content":{"rendered":"<p>O banco de investimentos <strong>BR Partners<\/strong> (BRBI11) ganhou a licita\u00e7\u00e3o para fazer a avalia\u00e7\u00e3o da <a class=\"suno-keyword\" href=\"https:\/\/www.suno.com.br\/acoes\/ELET3\/\" target=\"_blank\" rel=\"noopener noreferrer\" data-force=\"yes\" data-priority=\"2\">Eletrobras (ELET3)<\/a> no processo de capitaliza\u00e7\u00e3o. A sele\u00e7\u00e3o ocorreu ap\u00f3s o envio, pelas <a class=\"suno-keyword\" href=\"https:\/\/www.suno.com.br\/artigos\/instituicoes-financeiras\/\" target=\"_blank\" rel=\"noopener noreferrer\" data-force=\"no\" data-priority=\"1\">institui\u00e7\u00f5es financeiras<\/a> contatadas de propostas, que foram posteriormente analisadas pelo Banco Nacional de Desenvolvimento Econ\u00f4mico Social (BNDES).<\/p>\t<div class=\"wrapper-featured-image\">\n\t\t<figure class=\"spotlightImg\">\n\n\t\t\t<picture>\n\t\t\t\t<source media=\"(max-width: 768px)\" srcset=\"https:\/\/files.sunoresearch.com.br\/n\/uploads\/2021\/06\/1b84b474-image002-400x200.webp\">\n\t\t\t\t<img loading=\"lazy\" decoding=\"async\" class=\"newsContent__article__imgCapa lazyloadDisabled \" src=\"https:\/\/files.sunoresearch.com.br\/n\/uploads\/2021\/06\/1b84b474-image002-800x450.webp\" width=\"800\" height=\"450\" alt=\"BR Partners (BRBI11) far\u00e1 avalia\u00e7\u00e3o da Eletrobras (ELET3)\" fetchpriority=high \/>\n\t\t\t<\/picture>\n\n\t\t\t<figcaption class=\"wp-caption-text wp-caption-text--show\">BR Partners. Foto: Divulga\u00e7\u00e3o B3<\/figcaption>\n\t\t<\/figure>\n\t<\/div>\n\n\n\t<p>\n\t\t<a href=\"https:\/\/lp.suno.com.br\/planilha-controle-gastos\/\" target=\"_blank\" data-element=\"shortcode-suno-banner\" title=\"Banner SUNO, clique e saiba mais\">\n\t\t\t<picture>\n\t\t\t\t<source media=\"(max-width: 500px)\" srcset=\"https:\/\/files.sunoresearch.com.br\/n\/uploads\/2023\/03\/400x300-Planilha-controle-de-gastos.png\">\n\t\t\t\t<img class=\"newsContent__article__imgCapa newsContent__article__imgCapa--banner\"\n\t\t\t\t\tsrc=\"https:\/\/files.sunoresearch.com.br\/n\/uploads\/2023\/03\/1420x240-Planilha-controle-de-gastos.png\"\n\t\t\t\t\tdata-promo-id=\"101751\"\t\t\t\t\t\t\t\t\t\twidth='1420' height='240'\t\t\t\t\talt=\"https:\/\/files.sunoresearch.com.br\/n\/uploads\/2023\/03\/1420x240-Planilha-controle-de-gastos.png\"\n\t\t\t\t>\n\t\t\t<\/picture>\n\t\t<\/a>\n\t<\/p>\n\n\n<p>A avalia\u00e7\u00e3o econ\u00f4mico-financeira a ser realizada pelo BR Partners \u00e9 um dos primeiros passos para que a estatal caminhe para sua privatiza\u00e7\u00e3o. Nesta semana, a C\u00e2mara dos Deputados aprovou o parecer da medida provis\u00f3ria que permite a sa\u00edda do governo do controle da empresa de energia el\u00e9trica.<\/p>\n<p>Com isso, o governo pode seguir com os preparativos para a emiss\u00e3o de novas a\u00e7\u00f5es da companhia, prevista para o primeiro trimestre de 2022.<\/p>\n<p>Com novas a\u00e7\u00f5es, a participa\u00e7\u00e3o do governo na <strong>Eletrobras<\/strong> ser\u00e1 dilu\u00edda. Ao final, a Uni\u00e3o vai reduzir sua fatia na companhia de cerca de 60% para 45%, o que marcar\u00e1 sua privatiza\u00e7\u00e3o.<\/p>\n<h2>BR Partners conclui IPO na B3<\/h2>\n<p>O BR Partners, fundado em 2009 por Ricardo Lacerda, Andrea Pinheiro e Jairo Loureiro, estreou nesta semana na Bolsa brasileira ap\u00f3s realizar uma oferta inicial de a\u00e7\u00f5es (IPO, na sigla em ingl\u00eas) que somou R$ 400 milh\u00f5es.<\/p>\n<p>Os recursos captados ser\u00e3o direcionados para a expans\u00e3o dos neg\u00f3cios nas \u00e1reas de Cr\u00e9dito Estruturado e <a class=\"suno-keyword\" href=\"https:\/\/www.suno.com.br\/artigos\/mercado-de-capitais-conceito\/\" target=\"_blank\" rel=\"noopener noreferrer\" data-force=\"no\" data-priority=\"1\">Mercado de Capitais<\/a> e Sales &amp; Trading.<\/p>\n\t<p>\n\t\t<a href=\"https:\/\/lp.suno.com.br\/planilha-da-vida-financeira\/\" target=\"_blank\" data-element=\"shortcode-suno-banner\" title=\"Banner SUNO, clique e saiba mais\">\n\t\t\t<picture>\n\t\t\t\t<source media=\"(max-width: 500px)\" srcset=\"https:\/\/files.sunoresearch.com.br\/n\/uploads\/2023\/04\/400x300-Planilha-vida-financeira-true.png\">\n\t\t\t\t<img class=\"newsContent__article__imgCapa newsContent__article__imgCapa--banner\"\n\t\t\t\t\tsrc=\"https:\/\/files.sunoresearch.com.br\/n\/uploads\/2023\/04\/1420x240-Planilha-vida-financeira-true.png\"\n\t\t\t\t\tdata-promo-id=\"106682\"\t\t\t\t\t\t\t\t\t\twidth='1420' height='240'\t\t\t\t\talt=\"https:\/\/files.sunoresearch.com.br\/n\/uploads\/2023\/04\/1420x240-Planilha-vida-financeira-true.png\"\n\t\t\t\t>\n\t\t\t<\/picture>\n\t\t<\/a>\n\t<\/p>\n\n\n<p>A opera\u00e7\u00e3o foi feita com esfor\u00e7os restritos, sob a coordena\u00e7\u00e3o do Banco BTG Pactual (BPAC11, Coordenador L\u00edder), do Ita\u00fa BBA e XP Investimentos (Coordenadores da Oferta).<\/p>\n<p>Com a realiza\u00e7\u00e3o de seu IPO, o BR Partners passou a ser a vig\u00e9sima quarta empresa listada no N\u00edvel 2 da Bolsa de Valores de S\u00e3o Paulo (B3), segmento que assegura \u00e0s empresas listadas o direito de manter <a class=\"suno-keyword\" href=\"https:\/\/www.suno.com.br\/artigos\/acoes-preferenciais\/\" target=\"_blank\" rel=\"noopener noreferrer\" data-force=\"no\" data-priority=\"1\">a\u00e7\u00f5es preferenciais<\/a> (PN).<\/p>\n<h2>\u00daltima cota\u00e7\u00e3o de BRBI11<\/h2>\n<p>A unit do <strong>BR Partners\u00a0<\/strong>encerrou o preg\u00e3o de sexta-feira (25) em estabilidade, com o papel a R$ 21,12. Na primeira semana como companhia aberta suas a\u00e7\u00f5es subiram cerca de 30%.<\/p>\n<p><em>(Com Estad\u00e3o Conte\u00fado)<\/em><\/p>\n\t<p>\n\t\t<a href=\"https:\/\/lp.suno.com.br\/planilha-de-controle-de-investimentos\/\" target=\"_blank\" data-element=\"shortcode-suno-banner\" title=\"Banner SUNO, clique e saiba mais\">\n\t\t\t<picture>\n\t\t\t\t<source media=\"(max-width: 500px)\" srcset=\"https:\/\/files.sunoresearch.com.br\/n\/uploads\/2023\/03\/400x300-Controle-de-Investimentos.png\">\n\t\t\t\t<img class=\"newsContent__article__imgCapa newsContent__article__imgCapa--banner\"\n\t\t\t\t\tsrc=\"https:\/\/files.sunoresearch.com.br\/n\/uploads\/2023\/03\/1420x240-Controle-de-Investimentos.png\"\n\t\t\t\t\tdata-promo-id=\"75934\"\t\t\t\t\t\t\t\t\t\twidth='1420' height='240'\t\t\t\t\talt=\"https:\/\/files.sunoresearch.com.br\/n\/uploads\/2023\/03\/1420x240-Controle-de-Investimentos.png\"\n\t\t\t\t>\n\t\t\t<\/picture>\n\t\t<\/a>\n\t<\/p>\n\n\n","protected":false},"excerpt":{"rendered":"<p>O banco de investimentos BR Partners (BRBI11) ganhou a licita\u00e7\u00e3o para fazer a avalia\u00e7\u00e3o da Eletrobras (ELET3) no processo de capitaliza\u00e7\u00e3o. A sele\u00e7\u00e3o ocorreu ap\u00f3s o envio, pelas institui\u00e7\u00f5es financeiras contatadas de propostas, que foram posteriormente analisadas pelo Banco Nacional de Desenvolvimento Econ\u00f4mico Social (BNDES). BR Partners. Foto: Divulga\u00e7\u00e3o B3 A avalia\u00e7\u00e3o econ\u00f4mico-financeira a ser [&hellip;]<\/p>\n","protected":false},"author":35,"featured_media":161588,"comment_status":"closed","ping_status":"closed","sticky":false,"template":"","format":"standard","meta":[],"categories":[64],"tags":[66159,104532,455,104992],"suno_strategy":[],"class_list":["post-161584","post","type-post","status-publish","format-standard","has-post-thumbnail","hentry","category-negocios","tag-br-partners","tag-brbi11","tag-eletrobras-elet3-elet5-elet6","tag-privatizacao-da-eletrobras"],"yoast_head":"<!-- This site is optimized with the Yoast SEO plugin v24.4 - https:\/\/yoast.com\/wordpress\/plugins\/seo\/ -->\n<title>BR Partners (BRBI11) far\u00e1 avalia\u00e7\u00e3o da Eletrobras (ELET3)<\/title>\n<meta name=\"description\" content=\"O BR Partners (BRBI11) ganhou a licita\u00e7\u00e3o para fazer a avalia\u00e7\u00e3o da Eletrobras (ELET3) no processo de capitaliza\u00e7\u00e3o. Clique para ler mais.\" \/>\n<meta name=\"robots\" content=\"index, follow, max-snippet:-1, max-image-preview:large, max-video-preview:-1\" \/>\n<link rel=\"canonical\" href=\"https:\/\/www.suno.com.br\/noticias\/br-partners-brbi11-conduzir-privatizacao-eletrobras-elet3\/\" \/>\n<meta property=\"og:locale\" content=\"pt_BR\" \/>\n<meta property=\"og:type\" content=\"article\" \/>\n<meta property=\"og:title\" content=\"BR Partners (BRBI11) far\u00e1 avalia\u00e7\u00e3o da Eletrobras (ELET3)\" \/>\n<meta property=\"og:description\" content=\"O BR Partners (BRBI11) ganhou a licita\u00e7\u00e3o para fazer a avalia\u00e7\u00e3o da Eletrobras (ELET3) no processo de capitaliza\u00e7\u00e3o. Clique para ler mais.\" \/>\n<meta property=\"og:url\" content=\"https:\/\/www.suno.com.br\/noticias\/br-partners-brbi11-conduzir-privatizacao-eletrobras-elet3\/\" \/>\n<meta property=\"og:site_name\" content=\"Suno Not\u00edcias\" \/>\n<meta property=\"article:publisher\" content=\"https:\/\/facebook.com\/sunoresearch\" \/>\n<meta property=\"og:image\" content=\"https:\/\/files.sunoresearch.com.br\/n\/uploads\/2021\/06\/1b84b474-image002.jpg\" \/>\n\t<meta property=\"og:image:width\" content=\"1300\" \/>\n\t<meta property=\"og:image:height\" content=\"865\" \/>\n\t<meta property=\"og:image:type\" content=\"image\/jpeg\" \/>\n<meta name=\"author\" content=\"Arthur Guimar\u00e3es\" \/>\n<meta name=\"twitter:card\" content=\"summary_large_image\" \/>\n<meta name=\"twitter:creator\" content=\"@sunoresearch\" \/>\n<meta name=\"twitter:site\" content=\"@sunoresearch\" \/>\n<meta name=\"twitter:label1\" content=\"Escrito por\" \/>\n\t<meta name=\"twitter:data1\" content=\"Arthur Guimar\u00e3es\" \/>\n\t<meta name=\"twitter:label2\" content=\"Est. tempo de leitura\" \/>\n\t<meta name=\"twitter:data2\" content=\"2 minutos\" \/>\n<script type=\"application\/ld+json\" class=\"yoast-schema-graph\">{\"@context\":\"https:\/\/schema.org\",\"@graph\":[{\"@type\":\"NewsArticle\",\"@id\":\"https:\/\/www.suno.com.br\/noticias\/br-partners-brbi11-conduzir-privatizacao-eletrobras-elet3\/#article\",\"isPartOf\":{\"@id\":\"https:\/\/www.suno.com.br\/noticias\/br-partners-brbi11-conduzir-privatizacao-eletrobras-elet3\/\"},\"author\":{\"name\":\"Arthur Guimar\u00e3es\",\"@id\":\"https:\/\/www.suno.com.br\/noticias\/#\/schema\/person\/053a750a709a263919a20f976caae91c\"},\"headline\":\"BR Partners (BRBI11) far\u00e1 avalia\u00e7\u00e3o da Eletrobras (ELET3)\",\"datePublished\":\"2021-06-26T18:29:59+00:00\",\"dateModified\":\"2021-06-28T20:00:18+00:00\",\"mainEntityOfPage\":{\"@id\":\"https:\/\/www.suno.com.br\/noticias\/br-partners-brbi11-conduzir-privatizacao-eletrobras-elet3\/\"},\"wordCount\":370,\"publisher\":{\"@id\":\"https:\/\/www.suno.com.br\/noticias\/#organization\"},\"image\":{\"@id\":\"https:\/\/www.suno.com.br\/noticias\/br-partners-brbi11-conduzir-privatizacao-eletrobras-elet3\/#primaryimage\"},\"thumbnailUrl\":\"https:\/\/files.sunoresearch.com.br\/n\/uploads\/2021\/06\/1b84b474-image002-jpg.webp\",\"keywords\":[\"BR Partners\",\"BRBI11\",\"Eletrobras (ELET3\/ELET5\/ELET6)\",\"privatiza\u00e7\u00e3o da Eletrobras\"],\"articleSection\":[\"Neg\u00f3cios\"],\"inLanguage\":\"pt-BR\"},{\"@type\":\"WebPage\",\"@id\":\"https:\/\/www.suno.com.br\/noticias\/br-partners-brbi11-conduzir-privatizacao-eletrobras-elet3\/\",\"url\":\"https:\/\/www.suno.com.br\/noticias\/br-partners-brbi11-conduzir-privatizacao-eletrobras-elet3\/\",\"name\":\"BR Partners (BRBI11) far\u00e1 avalia\u00e7\u00e3o da Eletrobras (ELET3)\",\"isPartOf\":{\"@id\":\"https:\/\/www.suno.com.br\/noticias\/#website\"},\"primaryImageOfPage\":{\"@id\":\"https:\/\/www.suno.com.br\/noticias\/br-partners-brbi11-conduzir-privatizacao-eletrobras-elet3\/#primaryimage\"},\"image\":{\"@id\":\"https:\/\/www.suno.com.br\/noticias\/br-partners-brbi11-conduzir-privatizacao-eletrobras-elet3\/#primaryimage\"},\"thumbnailUrl\":\"https:\/\/files.sunoresearch.com.br\/n\/uploads\/2021\/06\/1b84b474-image002-jpg.webp\",\"datePublished\":\"2021-06-26T18:29:59+00:00\",\"dateModified\":\"2021-06-28T20:00:18+00:00\",\"description\":\"O BR Partners (BRBI11) ganhou a licita\u00e7\u00e3o para fazer a avalia\u00e7\u00e3o da Eletrobras (ELET3) no processo de capitaliza\u00e7\u00e3o. Clique para ler mais.\",\"breadcrumb\":{\"@id\":\"https:\/\/www.suno.com.br\/noticias\/br-partners-brbi11-conduzir-privatizacao-eletrobras-elet3\/#breadcrumb\"},\"inLanguage\":\"pt-BR\",\"potentialAction\":[{\"@type\":\"ReadAction\",\"target\":[\"https:\/\/www.suno.com.br\/noticias\/br-partners-brbi11-conduzir-privatizacao-eletrobras-elet3\/\"]}]},{\"@type\":\"ImageObject\",\"inLanguage\":\"pt-BR\",\"@id\":\"https:\/\/www.suno.com.br\/noticias\/br-partners-brbi11-conduzir-privatizacao-eletrobras-elet3\/#primaryimage\",\"url\":\"https:\/\/files.sunoresearch.com.br\/n\/uploads\/2021\/06\/1b84b474-image002-jpg.webp\",\"contentUrl\":\"https:\/\/files.sunoresearch.com.br\/n\/uploads\/2021\/06\/1b84b474-image002-jpg.webp\",\"width\":1300,\"height\":865,\"caption\":\"BR Partners. Foto: Divulga\u00e7\u00e3o B3\"},{\"@type\":\"BreadcrumbList\",\"@id\":\"https:\/\/www.suno.com.br\/noticias\/br-partners-brbi11-conduzir-privatizacao-eletrobras-elet3\/#breadcrumb\",\"itemListElement\":[{\"@type\":\"ListItem\",\"position\":1,\"name\":\"Not\u00edcias\",\"item\":\"https:\/\/www.suno.com.br\/noticias\/\"},{\"@type\":\"ListItem\",\"position\":2,\"name\":\"Neg\u00f3cios\",\"item\":\"https:\/\/www.suno.com.br\/noticias\/negocios\/\"},{\"@type\":\"ListItem\",\"position\":3,\"name\":\"BR Partners (BRBI11) far\u00e1 avalia\u00e7\u00e3o da Eletrobras (ELET3)\"}]},{\"@type\":\"WebSite\",\"@id\":\"https:\/\/www.suno.com.br\/noticias\/#website\",\"url\":\"https:\/\/www.suno.com.br\/noticias\/\",\"name\":\"Suno Not\u00edcias\",\"description\":\"Seu portal de informa\u00e7\u00e3o sobre o mundo dos investimentos\",\"publisher\":{\"@id\":\"https:\/\/www.suno.com.br\/noticias\/#organization\"},\"potentialAction\":[{\"@type\":\"SearchAction\",\"target\":{\"@type\":\"EntryPoint\",\"urlTemplate\":\"https:\/\/www.suno.com.br\/noticias\/?s={search_term_string}\"},\"query-input\":{\"@type\":\"PropertyValueSpecification\",\"valueRequired\":true,\"valueName\":\"search_term_string\"}}],\"inLanguage\":\"pt-BR\"},{\"@type\":\"Organization\",\"@id\":\"https:\/\/www.suno.com.br\/noticias\/#organization\",\"name\":\"Suno Not\u00edcias\",\"url\":\"https:\/\/www.suno.com.br\/noticias\/\",\"logo\":{\"@type\":\"ImageObject\",\"inLanguage\":\"pt-BR\",\"@id\":\"https:\/\/www.suno.com.br\/noticias\/#\/schema\/logo\/image\/\",\"url\":\"https:\/\/files.sunoresearch.com.br\/n\/uploads\/2021\/09\/suno-logo.png\",\"contentUrl\":\"https:\/\/files.sunoresearch.com.br\/n\/uploads\/2021\/09\/suno-logo.png\",\"width\":180,\"height\":180,\"caption\":\"Suno Not\u00edcias\"},\"image\":{\"@id\":\"https:\/\/www.suno.com.br\/noticias\/#\/schema\/logo\/image\/\"},\"sameAs\":[\"https:\/\/facebook.com\/sunoresearch\",\"https:\/\/x.com\/sunoresearch\",\"https:\/\/www.instagram.com\/suno\",\"https:\/\/www.linkedin.com\/company\/suno-research\/\",\"https:\/\/www.youtube.com\/c\/sunoresearch\"]},{\"@type\":\"Person\",\"@id\":\"https:\/\/www.suno.com.br\/noticias\/#\/schema\/person\/053a750a709a263919a20f976caae91c\",\"name\":\"Arthur Guimar\u00e3es\",\"image\":{\"@type\":\"ImageObject\",\"inLanguage\":\"pt-BR\",\"@id\":\"https:\/\/www.suno.com.br\/noticias\/#\/schema\/person\/image\/\",\"url\":\"https:\/\/secure.gravatar.com\/avatar\/1affd86a11209ae09eb6dd3bcad3e96c?s=96&r=g\",\"contentUrl\":\"https:\/\/secure.gravatar.com\/avatar\/1affd86a11209ae09eb6dd3bcad3e96c?s=96&r=g\",\"caption\":\"Arthur Guimar\u00e3es\"},\"description\":\"Arthur Guimar\u00e3es escreve sobre pol\u00edtica, economia e neg\u00f3cios para o portal de not\u00edcias da Suno Research. Atualmente, \u00e9 estudante de jornalismo pela Faculdade C\u00e1sper L\u00edbero.\",\"url\":\"https:\/\/www.suno.com.br\/noticias\/author\/arthur-guimaraes\/\"}]}<\/script>\n<!-- \/ Yoast SEO plugin. -->","yoast_head_json":{"title":"BR Partners (BRBI11) far\u00e1 avalia\u00e7\u00e3o da Eletrobras (ELET3)","description":"O BR Partners (BRBI11) ganhou a licita\u00e7\u00e3o para fazer a avalia\u00e7\u00e3o da Eletrobras (ELET3) no processo de capitaliza\u00e7\u00e3o. Clique para ler mais.","robots":{"index":"index","follow":"follow","max-snippet":"max-snippet:-1","max-image-preview":"max-image-preview:large","max-video-preview":"max-video-preview:-1"},"canonical":"https:\/\/www.suno.com.br\/noticias\/br-partners-brbi11-conduzir-privatizacao-eletrobras-elet3\/","og_locale":"pt_BR","og_type":"article","og_title":"BR Partners (BRBI11) far\u00e1 avalia\u00e7\u00e3o da Eletrobras (ELET3)","og_description":"O BR Partners (BRBI11) ganhou a licita\u00e7\u00e3o para fazer a avalia\u00e7\u00e3o da Eletrobras (ELET3) no processo de capitaliza\u00e7\u00e3o. Clique para ler mais.","og_url":"https:\/\/www.suno.com.br\/noticias\/br-partners-brbi11-conduzir-privatizacao-eletrobras-elet3\/","og_site_name":"Suno Not\u00edcias","article_publisher":"https:\/\/facebook.com\/sunoresearch","og_image":[{"width":1300,"height":865,"url":"https:\/\/files.sunoresearch.com.br\/n\/uploads\/2021\/06\/1b84b474-image002.jpg","type":"image\/jpeg"}],"author":"Arthur Guimar\u00e3es","twitter_card":"summary_large_image","twitter_creator":"@sunoresearch","twitter_site":"@sunoresearch","twitter_misc":{"Escrito por":"Arthur Guimar\u00e3es","Est. tempo de leitura":"2 minutos"},"schema":{"@context":"https:\/\/schema.org","@graph":[{"@type":"NewsArticle","@id":"https:\/\/www.suno.com.br\/noticias\/br-partners-brbi11-conduzir-privatizacao-eletrobras-elet3\/#article","isPartOf":{"@id":"https:\/\/www.suno.com.br\/noticias\/br-partners-brbi11-conduzir-privatizacao-eletrobras-elet3\/"},"author":{"name":"Arthur Guimar\u00e3es","@id":"https:\/\/www.suno.com.br\/noticias\/#\/schema\/person\/053a750a709a263919a20f976caae91c"},"headline":"BR Partners (BRBI11) far\u00e1 avalia\u00e7\u00e3o da Eletrobras (ELET3)","datePublished":"2021-06-26T18:29:59+00:00","dateModified":"2021-06-28T20:00:18+00:00","mainEntityOfPage":{"@id":"https:\/\/www.suno.com.br\/noticias\/br-partners-brbi11-conduzir-privatizacao-eletrobras-elet3\/"},"wordCount":370,"publisher":{"@id":"https:\/\/www.suno.com.br\/noticias\/#organization"},"image":{"@id":"https:\/\/www.suno.com.br\/noticias\/br-partners-brbi11-conduzir-privatizacao-eletrobras-elet3\/#primaryimage"},"thumbnailUrl":"https:\/\/files.sunoresearch.com.br\/n\/uploads\/2021\/06\/1b84b474-image002-jpg.webp","keywords":["BR Partners","BRBI11","Eletrobras (ELET3\/ELET5\/ELET6)","privatiza\u00e7\u00e3o da Eletrobras"],"articleSection":["Neg\u00f3cios"],"inLanguage":"pt-BR"},{"@type":"WebPage","@id":"https:\/\/www.suno.com.br\/noticias\/br-partners-brbi11-conduzir-privatizacao-eletrobras-elet3\/","url":"https:\/\/www.suno.com.br\/noticias\/br-partners-brbi11-conduzir-privatizacao-eletrobras-elet3\/","name":"BR Partners (BRBI11) far\u00e1 avalia\u00e7\u00e3o da Eletrobras (ELET3)","isPartOf":{"@id":"https:\/\/www.suno.com.br\/noticias\/#website"},"primaryImageOfPage":{"@id":"https:\/\/www.suno.com.br\/noticias\/br-partners-brbi11-conduzir-privatizacao-eletrobras-elet3\/#primaryimage"},"image":{"@id":"https:\/\/www.suno.com.br\/noticias\/br-partners-brbi11-conduzir-privatizacao-eletrobras-elet3\/#primaryimage"},"thumbnailUrl":"https:\/\/files.sunoresearch.com.br\/n\/uploads\/2021\/06\/1b84b474-image002-jpg.webp","datePublished":"2021-06-26T18:29:59+00:00","dateModified":"2021-06-28T20:00:18+00:00","description":"O BR Partners (BRBI11) ganhou a licita\u00e7\u00e3o para fazer a avalia\u00e7\u00e3o da Eletrobras (ELET3) no processo de capitaliza\u00e7\u00e3o. Clique para ler mais.","breadcrumb":{"@id":"https:\/\/www.suno.com.br\/noticias\/br-partners-brbi11-conduzir-privatizacao-eletrobras-elet3\/#breadcrumb"},"inLanguage":"pt-BR","potentialAction":[{"@type":"ReadAction","target":["https:\/\/www.suno.com.br\/noticias\/br-partners-brbi11-conduzir-privatizacao-eletrobras-elet3\/"]}]},{"@type":"ImageObject","inLanguage":"pt-BR","@id":"https:\/\/www.suno.com.br\/noticias\/br-partners-brbi11-conduzir-privatizacao-eletrobras-elet3\/#primaryimage","url":"https:\/\/files.sunoresearch.com.br\/n\/uploads\/2021\/06\/1b84b474-image002-jpg.webp","contentUrl":"https:\/\/files.sunoresearch.com.br\/n\/uploads\/2021\/06\/1b84b474-image002-jpg.webp","width":1300,"height":865,"caption":"BR Partners. Foto: Divulga\u00e7\u00e3o B3"},{"@type":"BreadcrumbList","@id":"https:\/\/www.suno.com.br\/noticias\/br-partners-brbi11-conduzir-privatizacao-eletrobras-elet3\/#breadcrumb","itemListElement":[{"@type":"ListItem","position":1,"name":"Not\u00edcias","item":"https:\/\/www.suno.com.br\/noticias\/"},{"@type":"ListItem","position":2,"name":"Neg\u00f3cios","item":"https:\/\/www.suno.com.br\/noticias\/negocios\/"},{"@type":"ListItem","position":3,"name":"BR Partners (BRBI11) far\u00e1 avalia\u00e7\u00e3o da Eletrobras (ELET3)"}]},{"@type":"WebSite","@id":"https:\/\/www.suno.com.br\/noticias\/#website","url":"https:\/\/www.suno.com.br\/noticias\/","name":"Suno Not\u00edcias","description":"Seu portal de informa\u00e7\u00e3o sobre o mundo dos investimentos","publisher":{"@id":"https:\/\/www.suno.com.br\/noticias\/#organization"},"potentialAction":[{"@type":"SearchAction","target":{"@type":"EntryPoint","urlTemplate":"https:\/\/www.suno.com.br\/noticias\/?s={search_term_string}"},"query-input":{"@type":"PropertyValueSpecification","valueRequired":true,"valueName":"search_term_string"}}],"inLanguage":"pt-BR"},{"@type":"Organization","@id":"https:\/\/www.suno.com.br\/noticias\/#organization","name":"Suno Not\u00edcias","url":"https:\/\/www.suno.com.br\/noticias\/","logo":{"@type":"ImageObject","inLanguage":"pt-BR","@id":"https:\/\/www.suno.com.br\/noticias\/#\/schema\/logo\/image\/","url":"https:\/\/files.sunoresearch.com.br\/n\/uploads\/2021\/09\/suno-logo.png","contentUrl":"https:\/\/files.sunoresearch.com.br\/n\/uploads\/2021\/09\/suno-logo.png","width":180,"height":180,"caption":"Suno Not\u00edcias"},"image":{"@id":"https:\/\/www.suno.com.br\/noticias\/#\/schema\/logo\/image\/"},"sameAs":["https:\/\/facebook.com\/sunoresearch","https:\/\/x.com\/sunoresearch","https:\/\/www.instagram.com\/suno","https:\/\/www.linkedin.com\/company\/suno-research\/","https:\/\/www.youtube.com\/c\/sunoresearch"]},{"@type":"Person","@id":"https:\/\/www.suno.com.br\/noticias\/#\/schema\/person\/053a750a709a263919a20f976caae91c","name":"Arthur Guimar\u00e3es","image":{"@type":"ImageObject","inLanguage":"pt-BR","@id":"https:\/\/www.suno.com.br\/noticias\/#\/schema\/person\/image\/","url":"https:\/\/secure.gravatar.com\/avatar\/1affd86a11209ae09eb6dd3bcad3e96c?s=96&r=g","contentUrl":"https:\/\/secure.gravatar.com\/avatar\/1affd86a11209ae09eb6dd3bcad3e96c?s=96&r=g","caption":"Arthur Guimar\u00e3es"},"description":"Arthur Guimar\u00e3es escreve sobre pol\u00edtica, economia e neg\u00f3cios para o portal de not\u00edcias da Suno Research. Atualmente, \u00e9 estudante de jornalismo pela Faculdade C\u00e1sper L\u00edbero.","url":"https:\/\/www.suno.com.br\/noticias\/author\/arthur-guimaraes\/"}]}},"default_loop_html":"<div class=\"cardsPage__listCard__boxs\"><div class=\"cardsPage__listCard__boxs__img\"><a href=\"https:\/\/www.suno.com.br\/noticias\/br-partners-brbi11-conduzir-privatizacao-eletrobras-elet3\/\"><img class=\"mask\" src=\"https:\/\/www.suno.com.br\/noticias\/wp-content\/themes\/suno\/resources\/images\/spotlight\/spotlight1img\/bg-mask.png\" alt=\"Image Mask\"\/><img src=\"https:\/\/files.sunoresearch.com.br\/n\/uploads\/2021\/06\/1b84b474-image002-400x200.webp\" alt=\"BR Partners (BRBI11) far\u00e1 avalia\u00e7\u00e3o da Eletrobras (ELET3)\"\/><\/a><span class=\"spotlightCategory\"><a href=\"https:\/\/www.suno.com.br\/noticias\/negocios\/\">Neg\u00f3cios<\/a><\/span><\/div><div class=\"cardsPage__listCard__boxs__content\"><a href=\"https:\/\/www.suno.com.br\/noticias\/br-partners-brbi11-conduzir-privatizacao-eletrobras-elet3\/\"><h2 class=\"content__title\">BR Partners (BRBI11) far\u00e1 avalia\u00e7\u00e3o da Eletrobras (ELET3)<\/h2><\/a><div class=\"newsContent__article__meta\"><div class=\"newsContent__article__meta__authorBox\"><a href=\"https:\/\/www.suno.com.br\/noticias\/author\/arthur-guimaraes\/\" class=\"authorBox__avatar noMobi\"><img src=\"https:\/\/files.sunoresearch.com.br\/n\/uploads\/2020\/02\/dfb40897-eu-150x150.webp\" alt=\"Arthur Guimar\u00e3es\"><\/a><div class=\"authorBox__name\"><span>por\n\t\t\t<a href=\"https:\/\/www.suno.com.br\/noticias\/author\/arthur-guimaraes\/\"><span itemprop=\"author\">Arthur Guimar\u00e3es<\/span><\/a><\/span><time datetime=\"2021-06-26T15:29:59-03:00\" itemprop=\"datePublished\">26\/06\/2021 15:29<\/time><\/div><\/div><\/div><\/div><\/div>","single_layout":"posts","amp_enabled":true,"_links":{"self":[{"href":"https:\/\/www.suno.com.br\/noticias\/wp-json\/wp\/v2\/posts\/161584"}],"collection":[{"href":"https:\/\/www.suno.com.br\/noticias\/wp-json\/wp\/v2\/posts"}],"about":[{"href":"https:\/\/www.suno.com.br\/noticias\/wp-json\/wp\/v2\/types\/post"}],"author":[{"embeddable":true,"href":"https:\/\/www.suno.com.br\/noticias\/wp-json\/wp\/v2\/users\/35"}],"replies":[{"embeddable":true,"href":"https:\/\/www.suno.com.br\/noticias\/wp-json\/wp\/v2\/comments?post=161584"}],"version-history":[{"count":3,"href":"https:\/\/www.suno.com.br\/noticias\/wp-json\/wp\/v2\/posts\/161584\/revisions"}],"predecessor-version":[{"id":161897,"href":"https:\/\/www.suno.com.br\/noticias\/wp-json\/wp\/v2\/posts\/161584\/revisions\/161897"}],"wp:featuredmedia":[{"embeddable":true,"href":"https:\/\/www.suno.com.br\/noticias\/wp-json\/wp\/v2\/media\/161588"}],"wp:attachment":[{"href":"https:\/\/www.suno.com.br\/noticias\/wp-json\/wp\/v2\/media?parent=161584"}],"wp:term":[{"taxonomy":"category","embeddable":true,"href":"https:\/\/www.suno.com.br\/noticias\/wp-json\/wp\/v2\/categories?post=161584"},{"taxonomy":"post_tag","embeddable":true,"href":"https:\/\/www.suno.com.br\/noticias\/wp-json\/wp\/v2\/tags?post=161584"},{"taxonomy":"suno_strategy","embeddable":true,"href":"https:\/\/www.suno.com.br\/noticias\/wp-json\/wp\/v2\/suno_strategy?post=161584"}],"curies":[{"name":"wp","href":"https:\/\/api.w.org\/{rel}","templated":true}]}}