{"id":161426,"date":"2021-06-25T17:47:40","date_gmt":"2021-06-25T20:47:40","guid":{"rendered":"https:\/\/www.suno.com.br\/noticias\/?p=161426"},"modified":"2021-06-26T07:48:26","modified_gmt":"2021-06-26T10:48:26","slug":"ifix-recua-pior-dia-taxacao-fundos-imobiliarios","status":"publish","type":"post","link":"https:\/\/www.suno.com.br\/noticias\/ifix-recua-pior-dia-taxacao-fundos-imobiliarios\/","title":{"rendered":"IFIX recua 2%, no pior dia do ano, com taxa\u00e7\u00e3o de fundos imobili\u00e1rios"},"content":{"rendered":"<p><b>IFIX<\/b>, \u00edndice de <a class=\"suno-keyword\" href=\"https:\/\/www.suno.com.br\/artigos\/fundos-imobiliarios\/\" target=\"_blank\" rel=\"noopener noreferrer\" data-force=\"no\" data-priority=\"2\">Fundos Imobili\u00e1rios<\/a> da B3, fechou nesta sexta-feira (25), aos 2.725,08 pontos, apresentando uma queda de 2,02%, no pior dia do ano.<\/p>\t<div class=\"wrapper-featured-image\">\n\t\t<figure class=\"spotlightImg\">\n\n\t\t\t<picture>\n\t\t\t\t<source media=\"(max-width: 768px)\" srcset=\"https:\/\/files.sunoresearch.com.br\/n\/uploads\/2021\/03\/47407d88-new-york-1745089_1280-400x200.webp\">\n\t\t\t\t<img loading=\"lazy\" decoding=\"async\" class=\"newsContent__article__imgCapa lazyloadDisabled \" src=\"https:\/\/files.sunoresearch.com.br\/n\/uploads\/2021\/03\/47407d88-new-york-1745089_1280-800x450.webp\" width=\"800\" height=\"450\" alt=\"IFIX recua 2%, no pior dia do ano, com taxa\u00e7\u00e3o de fundos imobili\u00e1rios\" fetchpriority=high \/>\n\t\t\t<\/picture>\n\n\t\t\t<figcaption class=\"wp-caption-text wp-caption-text--show\">Fundos Imobili\u00e1rios - Foto: Iris Vallejo\/  Pixabay <\/figcaption>\n\t\t<\/figure>\n\t<\/div>\n\n\n\t<p>\n\t\t<a href=\"https:\/\/lp.suno.com.br\/planilha-controle-gastos\/\" target=\"_blank\" data-element=\"shortcode-suno-banner\" title=\"Banner SUNO, clique e saiba mais\">\n\t\t\t<picture>\n\t\t\t\t<source media=\"(max-width: 500px)\" srcset=\"https:\/\/files.sunoresearch.com.br\/n\/uploads\/2023\/03\/400x300-Planilha-controle-de-gastos.png\">\n\t\t\t\t<img class=\"newsContent__article__imgCapa newsContent__article__imgCapa--banner\"\n\t\t\t\t\tsrc=\"https:\/\/files.sunoresearch.com.br\/n\/uploads\/2023\/03\/1420x240-Planilha-controle-de-gastos.png\"\n\t\t\t\t\tdata-promo-id=\"101751\"\t\t\t\t\t\t\t\t\t\twidth='1420' height='240'\t\t\t\t\talt=\"https:\/\/files.sunoresearch.com.br\/n\/uploads\/2023\/03\/1420x240-Planilha-controle-de-gastos.png\"\n\t\t\t\t>\n\t\t\t<\/picture>\n\t\t<\/a>\n\t<\/p>\n\n\n<p>Com o resultado do <strong><a href=\"https:\/\/www.suno.com.br\/artigos\/ifix\/\">IFIX<\/a> hoje,<\/strong> o \u00edndice acumula uma queda de 5,05% no ano. Vale destacar que em 2020 o indicador recuou 11,79%.<\/p>\n<p>Hoje o mercado ficou de olho na <strong>reforma tribut\u00e1ria<\/strong> que foi <a href=\"https:\/\/www.suno.com.br\/artigos\/reforma-tributaria\/\">entregue nesta \u00e0 C\u00e2mara dos Deputados<\/a>, com proposta de aumentar a <a href=\"https:\/\/www.suno.com.br\/artigos\/imposto-de-renda-guia\/\">isen\u00e7\u00e3o do Imposto de Renda<\/a> de R$ 1,9 mil para R$ 2,5 mil e tamb\u00e9m taxar os<a href=\"https:\/\/www.suno.com.br\/artigos\/dividendos\/\">\u00a0lucros e dividendos<\/a> em 20%.<\/p>\n<p>A proposta ainda prev\u00ea o fim da isen\u00e7\u00e3o sobre rendimentos pagos para investidores pessoas f\u00edsicas pelos Fundos Imobili\u00e1rios (<strong>FIIs<\/strong>) negociados na Bolsa de Valores a partir do ano que vem.<\/p>\n<p>J\u00e1 para os cotistas que n\u00e3o se enquadram como Pessoas f\u00edsicas, a tributa\u00e7\u00e3o na distribui\u00e7\u00e3o de proventos passa para 15%, ante 20%.<\/p>\n<p>Al\u00e9m disso, durante o dia os investidores ficaram atentos ao Kilima <a class=\"suno-keyword\" href=\"https:\/\/www.suno.com.br\/artigos\/fundo-investimento-em-cotas\/\" target=\"_blank\" rel=\"noopener noreferrer\" data-force=\"no\" data-priority=\"1\">Fundo de Investimento Em Cotas<\/a> de Fundos Imobili\u00e1rios SUNO30 (<strong>KISU11<\/strong>). Na noite da \u00faltima quinta-feira (24), a Kilima Asset divulgou um edital de convoca\u00e7\u00e3o para Assembleia Geral Extraordin\u00e1ria na qual ser\u00e1 votado um desdobramento das cotas do FII,\u00a0na propor\u00e7\u00e3o de 1 para 10.<\/p>\n\t<p>\n\t\t<a href=\"\" target=\"_blank\" data-element=\"shortcode-suno-banner\" title=\"Banner SUNO, clique e saiba mais\">\n\t\t\t<picture>\n\t\t\t\t<source media=\"(max-width: 500px)\" srcset=\"\">\n\t\t\t\t<img class=\"newsContent__article__imgCapa newsContent__article__imgCapa--banner\"\n\t\t\t\t\tsrc=\"\"\n\t\t\t\t\tdata-promo-id=\"77014\"\t\t\t\t\t\t\t\t\t\t\t\t\t\t\talt=\"\"\n\t\t\t\t>\n\t\t\t<\/picture>\n\t\t<\/a>\n\t<\/p>\n\n\n<p>Caso <a href=\"https:\/\/www.suno.com.br\/artigos\/desdobramento-de-acoes\/\">o <strong>desdob<\/strong><strong>ramento <\/strong><\/a>seja aprovado pelos cotistas, cada cota do KISU11 se dividir\u00e1 em 10, e assim o pre\u00e7o dos pap\u00e9is diminuir\u00e1 na mesma propor\u00e7\u00e3o. Com um pre\u00e7o menor e com mais cotas dispon\u00edveis, o ativo ficaria acess\u00edvel para mais investidores.<\/p>\n<p>Em nota, a Kilima destaca que &#8220;essa \u00e9 a verdadeira democratiza\u00e7\u00e3o do mercado, mais fracionado e acess\u00edvel, permitindo que novos investidores entrem no mercado de <strong>FIIs<\/strong> e ainda facilitando o reinvestimento de dividendos de tantos<strong> fundos imobili\u00e1rios<\/strong> no pr\u00f3prio KISU11&#8243;.<\/p>\n<h2>FIIs que pagar\u00e3o rendimentos na pr\u00f3xima semana<\/h2>\n<p>Confira tamb\u00e9m os<strong> FIIs<\/strong> que pagar\u00e3o rendimentos durante a semana que vem:<\/p>\n<ul>\n<li><strong>BCIA11<\/strong>: R$ 0,64 por cota, no dia 29 de junho<\/li>\n<li><strong>CNES11<\/strong>: R$ 0,063 por cota, no dia 29 de junho<\/li>\n<li><strong>EDGA11<\/strong>: R$ 0,176 por cota, no dia 30 de junho<\/li>\n<li><strong>FLRP11<\/strong>: R$ 4,54 por cota, no dia 30 de junho<\/li>\n<\/ul>\n\n\t<div data-element=\"shortcode-read-more\" class=\"readToo\">\n\t\t\t\t<span class=\"readToo__title\">Veja tamb\u00e9m<\/span>\n\t\t\t\t<ul class=\"readToo__list\">\n\t\t\t<li><a href=\"https:\/\/www.suno.com.br\/noticias\/guedes-entrega-reforma-tributaria-ir-maior-taxacao-dvidendos\/\">Guedes entrega reforma tribut\u00e1ria com maior isen\u00e7\u00e3o do IR e taxa\u00e7\u00e3o de dividendos em 20%<\/a><\/li><li><a href=\"https:\/\/www.suno.com.br\/noticias\/fii-kisu11-desdobramento-cotas\/\">FII KISU11 prop\u00f5e desdobramento de 1 cota em 10<\/a><\/li>\t\t<\/ul>\n\t<\/div>\n\n\n\t<p>\n\t\t<a href=\"\" target=\"_blank\" data-element=\"shortcode-suno-banner\" title=\"Banner SUNO, clique e saiba mais\">\n\t\t\t<picture>\n\t\t\t\t<source media=\"(max-width: 500px)\" srcset=\"\">\n\t\t\t\t<img class=\"newsContent__article__imgCapa newsContent__article__imgCapa--banner\"\n\t\t\t\t\tsrc=\"\"\n\t\t\t\t\tdata-promo-id=\"77050\"\t\t\t\t\t\t\t\t\t\t\t\t\t\t\talt=\"\"\n\t\t\t\t>\n\t\t\t<\/picture>\n\t\t<\/a>\n\t<\/p>\n\n\n<h2>Maiores altas e baixas do dia<\/h2>\n<p>Veja as maiores altas e baixas do dia no IFIX:<\/p>\n<h3>Maiores Altas do dia\u00a0no IFIX:<\/h3>\n<ul>\n<li><strong>BZLI11<\/strong>: +1,00%\/ R$ 15,15<\/li>\n<li><strong>SADI11<\/strong>: +0,45% \/ R$ 85,35<\/li>\n<li><strong>SARE11<\/strong>: +0,43%\/R$ 98,09<\/li>\n<li><strong>RFOF11<\/strong>: +0,37% \/R$ 80,99<\/li>\n<li><strong>KNHY11<\/strong>: +0,21% \/R$ 111,80<\/li>\n<\/ul>\n<h3>Maiores Baixas do dia no IFIX:<\/h3>\n<ul>\n<li><strong>FIGS11<\/strong>: -5,22% \/ R$ 61,50<\/li>\n<li><b>VTLT11<\/b>: -4,64% \/ R$ 102,00<\/li>\n<li><strong>XPSF11<\/strong>: -4,18% \/ R$ 92,37<\/li>\n<li><strong>OUJP11<\/strong>: -3,94% \/ R$ 95,20<\/li>\n<li><strong>RBRF11<\/strong>: -3,94\/ R$ 79,00<\/li>\n<\/ul>\n<h2>O que \u00e9 o IFIX<\/h2>\n<p>O <b>IFIX <\/b>\u00e9 um indicador criado pela <a href=\"https:\/\/www.suno.com.br\/artigos\/b3\/\"><strong>Bolsa de Valores de S\u00e3o Paulo (B3)<\/strong><\/a> que tem como objetivo a medi\u00e7\u00e3o da performance de uma carteira composta por cotas de Fundos Imobili\u00e1rios.<\/p>\n\t<p>\n\t\t<a href=\"https:\/\/lp.suno.com.br\/planilha-de-controle-de-investimentos\/\" target=\"_blank\" data-element=\"shortcode-suno-banner\" title=\"Banner SUNO, clique e saiba mais\">\n\t\t\t<picture>\n\t\t\t\t<source media=\"(max-width: 500px)\" srcset=\"https:\/\/files.sunoresearch.com.br\/n\/uploads\/2023\/03\/400x300-Controle-de-Investimentos.png\">\n\t\t\t\t<img class=\"newsContent__article__imgCapa newsContent__article__imgCapa--banner\"\n\t\t\t\t\tsrc=\"https:\/\/files.sunoresearch.com.br\/n\/uploads\/2023\/03\/1420x240-Controle-de-Investimentos.png\"\n\t\t\t\t\tdata-promo-id=\"75934\"\t\t\t\t\t\t\t\t\t\twidth='1420' height='240'\t\t\t\t\talt=\"https:\/\/files.sunoresearch.com.br\/n\/uploads\/2023\/03\/1420x240-Controle-de-Investimentos.png\"\n\t\t\t\t>\n\t\t\t<\/picture>\n\t\t<\/a>\n\t<\/p>\n\n\n","protected":false},"excerpt":{"rendered":"<p>IFIX, \u00edndice de Fundos Imobili\u00e1rios da B3, fechou nesta sexta-feira (25), aos 2.725,08 pontos, apresentando uma queda de 2,02%, no pior dia do ano. HGLG11 apresenta resultado quase tr\u00eas vezes maior em janeiro; gestor explica motivo. Foto: Pixabay Com o resultado do IFIX hoje, o \u00edndice acumula uma queda de 5,05% no ano. Vale destacar [&hellip;]<\/p>\n","protected":false},"author":39,"featured_media":137456,"comment_status":"closed","ping_status":"closed","sticky":false,"template":"","format":"standard","meta":[],"categories":[66,60],"tags":[315,2689],"suno_strategy":[],"class_list":["post-161426","post","type-post","status-publish","format-standard","has-post-thumbnail","hentry","category-fiis","category-mercado","tag-fundos-imobiliarios-fiis","tag-ifix"],"yoast_head":"<!-- This site is optimized with the Yoast SEO plugin v24.4 - https:\/\/yoast.com\/wordpress\/plugins\/seo\/ -->\n<title>IFIX recua 2%, no pior dia do ano, com taxa\u00e7\u00e3o de fundos imobili\u00e1rios<\/title>\n<meta name=\"description\" content=\"O IFIX fechou nesta sexta-feira aos 2.725,08 pontos, apresentando uma queda de 2,02% de olho na reforma tribut\u00e1ria. Clique e saiba mais!\" \/>\n<meta name=\"robots\" content=\"index, follow, max-snippet:-1, max-image-preview:large, max-video-preview:-1\" \/>\n<link rel=\"canonical\" href=\"https:\/\/www.suno.com.br\/noticias\/ifix-recua-pior-dia-taxacao-fundos-imobiliarios\/\" \/>\n<meta property=\"og:locale\" content=\"pt_BR\" \/>\n<meta property=\"og:type\" content=\"article\" \/>\n<meta property=\"og:title\" content=\"IFIX recua 2%, no pior dia do ano, com taxa\u00e7\u00e3o de fundos imobili\u00e1rios\" \/>\n<meta property=\"og:description\" content=\"O IFIX fechou nesta sexta-feira aos 2.725,08 pontos, apresentando uma queda de 2,02% de olho na reforma tribut\u00e1ria. Clique e saiba mais!\" \/>\n<meta property=\"og:url\" content=\"https:\/\/www.suno.com.br\/noticias\/ifix-recua-pior-dia-taxacao-fundos-imobiliarios\/\" \/>\n<meta property=\"og:site_name\" content=\"Suno Not\u00edcias\" \/>\n<meta property=\"article:publisher\" content=\"https:\/\/facebook.com\/sunoresearch\" \/>\n<meta property=\"og:image\" content=\"https:\/\/files.sunoresearch.com.br\/n\/uploads\/2021\/03\/47407d88-new-york-1745089_1280.jpg\" \/>\n\t<meta property=\"og:image:width\" content=\"1280\" \/>\n\t<meta property=\"og:image:height\" content=\"853\" \/>\n\t<meta property=\"og:image:type\" content=\"image\/jpeg\" \/>\n<meta name=\"author\" content=\"Laura Moutinho\" \/>\n<meta name=\"twitter:card\" content=\"summary_large_image\" \/>\n<meta name=\"twitter:creator\" content=\"@sunoresearch\" \/>\n<meta name=\"twitter:site\" content=\"@sunoresearch\" \/>\n<meta name=\"twitter:label1\" content=\"Escrito por\" \/>\n\t<meta name=\"twitter:data1\" content=\"Laura Moutinho\" \/>\n\t<meta name=\"twitter:label2\" content=\"Est. tempo de leitura\" \/>\n\t<meta name=\"twitter:data2\" content=\"2 minutos\" \/>\n<script type=\"application\/ld+json\" class=\"yoast-schema-graph\">{\"@context\":\"https:\/\/schema.org\",\"@graph\":[{\"@type\":\"NewsArticle\",\"@id\":\"https:\/\/www.suno.com.br\/noticias\/ifix-recua-pior-dia-taxacao-fundos-imobiliarios\/#article\",\"isPartOf\":{\"@id\":\"https:\/\/www.suno.com.br\/noticias\/ifix-recua-pior-dia-taxacao-fundos-imobiliarios\/\"},\"author\":{\"name\":\"Laura Moutinho\",\"@id\":\"https:\/\/www.suno.com.br\/noticias\/#\/schema\/person\/3df0d2808748b74496efe5dbeaef2c72\"},\"headline\":\"IFIX recua 2%, no pior dia do ano, com taxa\u00e7\u00e3o de fundos imobili\u00e1rios\",\"datePublished\":\"2021-06-25T20:47:40+00:00\",\"dateModified\":\"2021-06-26T10:48:26+00:00\",\"mainEntityOfPage\":{\"@id\":\"https:\/\/www.suno.com.br\/noticias\/ifix-recua-pior-dia-taxacao-fundos-imobiliarios\/\"},\"wordCount\":470,\"publisher\":{\"@id\":\"https:\/\/www.suno.com.br\/noticias\/#organization\"},\"image\":{\"@id\":\"https:\/\/www.suno.com.br\/noticias\/ifix-recua-pior-dia-taxacao-fundos-imobiliarios\/#primaryimage\"},\"thumbnailUrl\":\"https:\/\/files.sunoresearch.com.br\/n\/uploads\/2021\/03\/47407d88-new-york-1745089_1280-jpg.webp\",\"keywords\":[\"Fundos Imobili\u00e1rios (FIIs)\",\"IFIX\"],\"articleSection\":[\"FIIs\",\"Mercado\"],\"inLanguage\":\"pt-BR\"},{\"@type\":\"WebPage\",\"@id\":\"https:\/\/www.suno.com.br\/noticias\/ifix-recua-pior-dia-taxacao-fundos-imobiliarios\/\",\"url\":\"https:\/\/www.suno.com.br\/noticias\/ifix-recua-pior-dia-taxacao-fundos-imobiliarios\/\",\"name\":\"IFIX recua 2%, no pior dia do ano, com taxa\u00e7\u00e3o de fundos imobili\u00e1rios\",\"isPartOf\":{\"@id\":\"https:\/\/www.suno.com.br\/noticias\/#website\"},\"primaryImageOfPage\":{\"@id\":\"https:\/\/www.suno.com.br\/noticias\/ifix-recua-pior-dia-taxacao-fundos-imobiliarios\/#primaryimage\"},\"image\":{\"@id\":\"https:\/\/www.suno.com.br\/noticias\/ifix-recua-pior-dia-taxacao-fundos-imobiliarios\/#primaryimage\"},\"thumbnailUrl\":\"https:\/\/files.sunoresearch.com.br\/n\/uploads\/2021\/03\/47407d88-new-york-1745089_1280-jpg.webp\",\"datePublished\":\"2021-06-25T20:47:40+00:00\",\"dateModified\":\"2021-06-26T10:48:26+00:00\",\"description\":\"O IFIX fechou nesta sexta-feira aos 2.725,08 pontos, apresentando uma queda de 2,02% de olho na reforma tribut\u00e1ria. Clique e saiba mais!\",\"breadcrumb\":{\"@id\":\"https:\/\/www.suno.com.br\/noticias\/ifix-recua-pior-dia-taxacao-fundos-imobiliarios\/#breadcrumb\"},\"inLanguage\":\"pt-BR\",\"potentialAction\":[{\"@type\":\"ReadAction\",\"target\":[\"https:\/\/www.suno.com.br\/noticias\/ifix-recua-pior-dia-taxacao-fundos-imobiliarios\/\"]}]},{\"@type\":\"ImageObject\",\"inLanguage\":\"pt-BR\",\"@id\":\"https:\/\/www.suno.com.br\/noticias\/ifix-recua-pior-dia-taxacao-fundos-imobiliarios\/#primaryimage\",\"url\":\"https:\/\/files.sunoresearch.com.br\/n\/uploads\/2021\/03\/47407d88-new-york-1745089_1280-jpg.webp\",\"contentUrl\":\"https:\/\/files.sunoresearch.com.br\/n\/uploads\/2021\/03\/47407d88-new-york-1745089_1280-jpg.webp\",\"width\":1280,\"height\":853,\"caption\":\"Fundos Imobili\u00e1rios - Foto: Iris Vallejo\/ Pixabay\"},{\"@type\":\"BreadcrumbList\",\"@id\":\"https:\/\/www.suno.com.br\/noticias\/ifix-recua-pior-dia-taxacao-fundos-imobiliarios\/#breadcrumb\",\"itemListElement\":[{\"@type\":\"ListItem\",\"position\":1,\"name\":\"Not\u00edcias\",\"item\":\"https:\/\/www.suno.com.br\/noticias\/\"},{\"@type\":\"ListItem\",\"position\":2,\"name\":\"FIIs\",\"item\":\"https:\/\/www.suno.com.br\/noticias\/fiis\/\"},{\"@type\":\"ListItem\",\"position\":3,\"name\":\"IFIX recua 2%, no pior dia do ano, com taxa\u00e7\u00e3o de fundos imobili\u00e1rios\"}]},{\"@type\":\"WebSite\",\"@id\":\"https:\/\/www.suno.com.br\/noticias\/#website\",\"url\":\"https:\/\/www.suno.com.br\/noticias\/\",\"name\":\"Suno Not\u00edcias\",\"description\":\"Seu portal de informa\u00e7\u00e3o sobre o mundo dos investimentos\",\"publisher\":{\"@id\":\"https:\/\/www.suno.com.br\/noticias\/#organization\"},\"potentialAction\":[{\"@type\":\"SearchAction\",\"target\":{\"@type\":\"EntryPoint\",\"urlTemplate\":\"https:\/\/www.suno.com.br\/noticias\/?s={search_term_string}\"},\"query-input\":{\"@type\":\"PropertyValueSpecification\",\"valueRequired\":true,\"valueName\":\"search_term_string\"}}],\"inLanguage\":\"pt-BR\"},{\"@type\":\"Organization\",\"@id\":\"https:\/\/www.suno.com.br\/noticias\/#organization\",\"name\":\"Suno Not\u00edcias\",\"url\":\"https:\/\/www.suno.com.br\/noticias\/\",\"logo\":{\"@type\":\"ImageObject\",\"inLanguage\":\"pt-BR\",\"@id\":\"https:\/\/www.suno.com.br\/noticias\/#\/schema\/logo\/image\/\",\"url\":\"https:\/\/files.sunoresearch.com.br\/n\/uploads\/2021\/09\/suno-logo.png\",\"contentUrl\":\"https:\/\/files.sunoresearch.com.br\/n\/uploads\/2021\/09\/suno-logo.png\",\"width\":180,\"height\":180,\"caption\":\"Suno Not\u00edcias\"},\"image\":{\"@id\":\"https:\/\/www.suno.com.br\/noticias\/#\/schema\/logo\/image\/\"},\"sameAs\":[\"https:\/\/facebook.com\/sunoresearch\",\"https:\/\/x.com\/sunoresearch\",\"https:\/\/www.instagram.com\/suno\",\"https:\/\/www.linkedin.com\/company\/suno-research\/\",\"https:\/\/www.youtube.com\/c\/sunoresearch\"]},{\"@type\":\"Person\",\"@id\":\"https:\/\/www.suno.com.br\/noticias\/#\/schema\/person\/3df0d2808748b74496efe5dbeaef2c72\",\"name\":\"Laura Moutinho\",\"image\":{\"@type\":\"ImageObject\",\"inLanguage\":\"pt-BR\",\"@id\":\"https:\/\/www.suno.com.br\/noticias\/#\/schema\/person\/image\/\",\"url\":\"https:\/\/secure.gravatar.com\/avatar\/7571c7c8ca3a6fca5e41384ece5557ff?s=96&r=g\",\"contentUrl\":\"https:\/\/secure.gravatar.com\/avatar\/7571c7c8ca3a6fca5e41384ece5557ff?s=96&r=g\",\"caption\":\"Laura Moutinho\"},\"description\":\"Estagi\u00e1ria na Suno Not\u00edcias, escreve not\u00edcias que afetam o mercado financeiro. Estuda administra\u00e7\u00e3o na Universidade Presbiteriana Mackenzie.\",\"url\":\"https:\/\/www.suno.com.br\/noticias\/author\/laura-moutinho\/\"}]}<\/script>\n<!-- \/ Yoast SEO plugin. -->","yoast_head_json":{"title":"IFIX recua 2%, no pior dia do ano, com taxa\u00e7\u00e3o de fundos imobili\u00e1rios","description":"O IFIX fechou nesta sexta-feira aos 2.725,08 pontos, apresentando uma queda de 2,02% de olho na reforma tribut\u00e1ria. Clique e saiba mais!","robots":{"index":"index","follow":"follow","max-snippet":"max-snippet:-1","max-image-preview":"max-image-preview:large","max-video-preview":"max-video-preview:-1"},"canonical":"https:\/\/www.suno.com.br\/noticias\/ifix-recua-pior-dia-taxacao-fundos-imobiliarios\/","og_locale":"pt_BR","og_type":"article","og_title":"IFIX recua 2%, no pior dia do ano, com taxa\u00e7\u00e3o de fundos imobili\u00e1rios","og_description":"O IFIX fechou nesta sexta-feira aos 2.725,08 pontos, apresentando uma queda de 2,02% de olho na reforma tribut\u00e1ria. Clique e saiba mais!","og_url":"https:\/\/www.suno.com.br\/noticias\/ifix-recua-pior-dia-taxacao-fundos-imobiliarios\/","og_site_name":"Suno Not\u00edcias","article_publisher":"https:\/\/facebook.com\/sunoresearch","og_image":[{"width":1280,"height":853,"url":"https:\/\/files.sunoresearch.com.br\/n\/uploads\/2021\/03\/47407d88-new-york-1745089_1280.jpg","type":"image\/jpeg"}],"author":"Laura Moutinho","twitter_card":"summary_large_image","twitter_creator":"@sunoresearch","twitter_site":"@sunoresearch","twitter_misc":{"Escrito por":"Laura Moutinho","Est. tempo de leitura":"2 minutos"},"schema":{"@context":"https:\/\/schema.org","@graph":[{"@type":"NewsArticle","@id":"https:\/\/www.suno.com.br\/noticias\/ifix-recua-pior-dia-taxacao-fundos-imobiliarios\/#article","isPartOf":{"@id":"https:\/\/www.suno.com.br\/noticias\/ifix-recua-pior-dia-taxacao-fundos-imobiliarios\/"},"author":{"name":"Laura Moutinho","@id":"https:\/\/www.suno.com.br\/noticias\/#\/schema\/person\/3df0d2808748b74496efe5dbeaef2c72"},"headline":"IFIX recua 2%, no pior dia do ano, com taxa\u00e7\u00e3o de fundos imobili\u00e1rios","datePublished":"2021-06-25T20:47:40+00:00","dateModified":"2021-06-26T10:48:26+00:00","mainEntityOfPage":{"@id":"https:\/\/www.suno.com.br\/noticias\/ifix-recua-pior-dia-taxacao-fundos-imobiliarios\/"},"wordCount":470,"publisher":{"@id":"https:\/\/www.suno.com.br\/noticias\/#organization"},"image":{"@id":"https:\/\/www.suno.com.br\/noticias\/ifix-recua-pior-dia-taxacao-fundos-imobiliarios\/#primaryimage"},"thumbnailUrl":"https:\/\/files.sunoresearch.com.br\/n\/uploads\/2021\/03\/47407d88-new-york-1745089_1280-jpg.webp","keywords":["Fundos Imobili\u00e1rios (FIIs)","IFIX"],"articleSection":["FIIs","Mercado"],"inLanguage":"pt-BR"},{"@type":"WebPage","@id":"https:\/\/www.suno.com.br\/noticias\/ifix-recua-pior-dia-taxacao-fundos-imobiliarios\/","url":"https:\/\/www.suno.com.br\/noticias\/ifix-recua-pior-dia-taxacao-fundos-imobiliarios\/","name":"IFIX recua 2%, no pior dia do ano, com taxa\u00e7\u00e3o de fundos imobili\u00e1rios","isPartOf":{"@id":"https:\/\/www.suno.com.br\/noticias\/#website"},"primaryImageOfPage":{"@id":"https:\/\/www.suno.com.br\/noticias\/ifix-recua-pior-dia-taxacao-fundos-imobiliarios\/#primaryimage"},"image":{"@id":"https:\/\/www.suno.com.br\/noticias\/ifix-recua-pior-dia-taxacao-fundos-imobiliarios\/#primaryimage"},"thumbnailUrl":"https:\/\/files.sunoresearch.com.br\/n\/uploads\/2021\/03\/47407d88-new-york-1745089_1280-jpg.webp","datePublished":"2021-06-25T20:47:40+00:00","dateModified":"2021-06-26T10:48:26+00:00","description":"O IFIX fechou nesta sexta-feira aos 2.725,08 pontos, apresentando uma queda de 2,02% de olho na reforma tribut\u00e1ria. Clique e saiba mais!","breadcrumb":{"@id":"https:\/\/www.suno.com.br\/noticias\/ifix-recua-pior-dia-taxacao-fundos-imobiliarios\/#breadcrumb"},"inLanguage":"pt-BR","potentialAction":[{"@type":"ReadAction","target":["https:\/\/www.suno.com.br\/noticias\/ifix-recua-pior-dia-taxacao-fundos-imobiliarios\/"]}]},{"@type":"ImageObject","inLanguage":"pt-BR","@id":"https:\/\/www.suno.com.br\/noticias\/ifix-recua-pior-dia-taxacao-fundos-imobiliarios\/#primaryimage","url":"https:\/\/files.sunoresearch.com.br\/n\/uploads\/2021\/03\/47407d88-new-york-1745089_1280-jpg.webp","contentUrl":"https:\/\/files.sunoresearch.com.br\/n\/uploads\/2021\/03\/47407d88-new-york-1745089_1280-jpg.webp","width":1280,"height":853,"caption":"Fundos Imobili\u00e1rios - Foto: Iris Vallejo\/ Pixabay"},{"@type":"BreadcrumbList","@id":"https:\/\/www.suno.com.br\/noticias\/ifix-recua-pior-dia-taxacao-fundos-imobiliarios\/#breadcrumb","itemListElement":[{"@type":"ListItem","position":1,"name":"Not\u00edcias","item":"https:\/\/www.suno.com.br\/noticias\/"},{"@type":"ListItem","position":2,"name":"FIIs","item":"https:\/\/www.suno.com.br\/noticias\/fiis\/"},{"@type":"ListItem","position":3,"name":"IFIX recua 2%, no pior dia do ano, com taxa\u00e7\u00e3o de fundos imobili\u00e1rios"}]},{"@type":"WebSite","@id":"https:\/\/www.suno.com.br\/noticias\/#website","url":"https:\/\/www.suno.com.br\/noticias\/","name":"Suno Not\u00edcias","description":"Seu portal de informa\u00e7\u00e3o sobre o mundo dos investimentos","publisher":{"@id":"https:\/\/www.suno.com.br\/noticias\/#organization"},"potentialAction":[{"@type":"SearchAction","target":{"@type":"EntryPoint","urlTemplate":"https:\/\/www.suno.com.br\/noticias\/?s={search_term_string}"},"query-input":{"@type":"PropertyValueSpecification","valueRequired":true,"valueName":"search_term_string"}}],"inLanguage":"pt-BR"},{"@type":"Organization","@id":"https:\/\/www.suno.com.br\/noticias\/#organization","name":"Suno Not\u00edcias","url":"https:\/\/www.suno.com.br\/noticias\/","logo":{"@type":"ImageObject","inLanguage":"pt-BR","@id":"https:\/\/www.suno.com.br\/noticias\/#\/schema\/logo\/image\/","url":"https:\/\/files.sunoresearch.com.br\/n\/uploads\/2021\/09\/suno-logo.png","contentUrl":"https:\/\/files.sunoresearch.com.br\/n\/uploads\/2021\/09\/suno-logo.png","width":180,"height":180,"caption":"Suno Not\u00edcias"},"image":{"@id":"https:\/\/www.suno.com.br\/noticias\/#\/schema\/logo\/image\/"},"sameAs":["https:\/\/facebook.com\/sunoresearch","https:\/\/x.com\/sunoresearch","https:\/\/www.instagram.com\/suno","https:\/\/www.linkedin.com\/company\/suno-research\/","https:\/\/www.youtube.com\/c\/sunoresearch"]},{"@type":"Person","@id":"https:\/\/www.suno.com.br\/noticias\/#\/schema\/person\/3df0d2808748b74496efe5dbeaef2c72","name":"Laura Moutinho","image":{"@type":"ImageObject","inLanguage":"pt-BR","@id":"https:\/\/www.suno.com.br\/noticias\/#\/schema\/person\/image\/","url":"https:\/\/secure.gravatar.com\/avatar\/7571c7c8ca3a6fca5e41384ece5557ff?s=96&r=g","contentUrl":"https:\/\/secure.gravatar.com\/avatar\/7571c7c8ca3a6fca5e41384ece5557ff?s=96&r=g","caption":"Laura Moutinho"},"description":"Estagi\u00e1ria na Suno Not\u00edcias, escreve not\u00edcias que afetam o mercado financeiro. Estuda administra\u00e7\u00e3o na Universidade Presbiteriana Mackenzie.","url":"https:\/\/www.suno.com.br\/noticias\/author\/laura-moutinho\/"}]}},"default_loop_html":"<div class=\"cardsPage__listCard__boxs\"><div class=\"cardsPage__listCard__boxs__img\"><a href=\"https:\/\/www.suno.com.br\/noticias\/fii-kisu11-desdobramento-cotas\/\"><img class=\"mask\" src=\"https:\/\/www.suno.com.br\/noticias\/wp-content\/themes\/suno\/resources\/images\/spotlight\/spotlight1img\/bg-mask.png\" alt=\"Image Mask\"\/><img src=\"https:\/\/files.sunoresearch.com.br\/n\/uploads\/2021\/04\/4c9597c6-architecture-768432_1280-400x200.webp\" alt=\"FII KISU11 prop\u00f5e desdobramento de 1 cota em 10\"\/><\/a><span class=\"spotlightCategory\"><a href=\"https:\/\/www.suno.com.br\/noticias\/negocios\/\">Neg\u00f3cios<\/a><\/span><\/div><div class=\"cardsPage__listCard__boxs__content\"><a href=\"https:\/\/www.suno.com.br\/noticias\/fii-kisu11-desdobramento-cotas\/\"><h2 class=\"content__title\">FII KISU11 prop\u00f5e desdobramento de 1 cota em 10<\/h2><\/a><div class=\"newsContent__article__meta\"><div class=\"newsContent__article__meta__authorBox\"><a href=\"https:\/\/www.suno.com.br\/noticias\/author\/laura-moutinho\/\" class=\"authorBox__avatar noMobi\"><img src=\"https:\/\/files.sunoresearch.com.br\/n\/uploads\/2020\/08\/531ff69d-whatsapp-image-2020-08-03-at-14.54.38-150x150.webp\" alt=\"Laura Moutinho\"><\/a><div class=\"authorBox__name\"><span>por\n\t\t\t<a href=\"https:\/\/www.suno.com.br\/noticias\/author\/laura-moutinho\/\"><span itemprop=\"author\">Laura Moutinho<\/span><\/a><\/span><time datetime=\"2021-06-24T21:42:26-03:00\" itemprop=\"datePublished\">24\/06\/2021 21:42<\/time><\/div><\/div><\/div><\/div><\/div>","single_layout":"posts","amp_enabled":true,"_links":{"self":[{"href":"https:\/\/www.suno.com.br\/noticias\/wp-json\/wp\/v2\/posts\/161426"}],"collection":[{"href":"https:\/\/www.suno.com.br\/noticias\/wp-json\/wp\/v2\/posts"}],"about":[{"href":"https:\/\/www.suno.com.br\/noticias\/wp-json\/wp\/v2\/types\/post"}],"author":[{"embeddable":true,"href":"https:\/\/www.suno.com.br\/noticias\/wp-json\/wp\/v2\/users\/39"}],"replies":[{"embeddable":true,"href":"https:\/\/www.suno.com.br\/noticias\/wp-json\/wp\/v2\/comments?post=161426"}],"version-history":[{"count":3,"href":"https:\/\/www.suno.com.br\/noticias\/wp-json\/wp\/v2\/posts\/161426\/revisions"}],"predecessor-version":[{"id":161540,"href":"https:\/\/www.suno.com.br\/noticias\/wp-json\/wp\/v2\/posts\/161426\/revisions\/161540"}],"wp:featuredmedia":[{"embeddable":true,"href":"https:\/\/www.suno.com.br\/noticias\/wp-json\/wp\/v2\/media\/137456"}],"wp:attachment":[{"href":"https:\/\/www.suno.com.br\/noticias\/wp-json\/wp\/v2\/media?parent=161426"}],"wp:term":[{"taxonomy":"category","embeddable":true,"href":"https:\/\/www.suno.com.br\/noticias\/wp-json\/wp\/v2\/categories?post=161426"},{"taxonomy":"post_tag","embeddable":true,"href":"https:\/\/www.suno.com.br\/noticias\/wp-json\/wp\/v2\/tags?post=161426"},{"taxonomy":"suno_strategy","embeddable":true,"href":"https:\/\/www.suno.com.br\/noticias\/wp-json\/wp\/v2\/suno_strategy?post=161426"}],"curies":[{"name":"wp","href":"https:\/\/api.w.org\/{rel}","templated":true}]}}