{"id":161302,"date":"2021-06-25T18:10:05","date_gmt":"2021-06-25T21:10:05","guid":{"rendered":"https:\/\/www.suno.com.br\/noticias\/?p=161302"},"modified":"2021-06-25T18:10:05","modified_gmt":"2021-06-25T21:10:05","slug":"eua-pacote-infraestrutura-apoiado-biden-resistencia-governistas","status":"publish","type":"post","link":"https:\/\/www.suno.com.br\/noticias\/eua-pacote-infraestrutura-apoiado-biden-resistencia-governistas\/","title":{"rendered":"Pacote de infraestrutura apoiado por Biden tem resist\u00eancia de governistas"},"content":{"rendered":"<p>Apesar do acordo por um <strong>pacote de investimentos em infraestrutura<\/strong> anunciado nesta quinta-feira (25), o presidente dos Estados Unidos, <strong>Joe Biden<\/strong>, ainda precisa debelar resist\u00eancias dentro do pr\u00f3prio partido Democrata para assegurar a aprova\u00e7\u00e3o da pauta.<\/p>\t<div class=\"wrapper-featured-image\">\n\t\t<figure class=\"spotlightImg\">\n\n\t\t\t<picture>\n\t\t\t\t<source media=\"(max-width: 768px)\" srcset=\"https:\/\/files.sunoresearch.com.br\/n\/uploads\/2021\/03\/a721ef0d-joe-biden-400x200.webp\">\n\t\t\t\t<img loading=\"lazy\" decoding=\"async\" class=\"newsContent__article__imgCapa lazyloadDisabled \" src=\"https:\/\/files.sunoresearch.com.br\/n\/uploads\/2021\/03\/a721ef0d-joe-biden-800x450.webp\" width=\"800\" height=\"450\" alt=\"Pacote de infraestrutura apoiado por Biden tem resist\u00eancia de governistas\" fetchpriority=high \/>\n\t\t\t<\/picture>\n\n\t\t\t<figcaption class=\"wp-caption-text wp-caption-text--show\">Joe Biden. Foto: Reprodu\u00e7\u00e3o Facebook<\/figcaption>\n\t\t<\/figure>\n\t<\/div>\n\n\n\t<p>\n\t\t<a href=\"https:\/\/lp.suno.com.br\/planilha-controle-gastos\/\" target=\"_blank\" data-element=\"shortcode-suno-banner\" title=\"Banner SUNO, clique e saiba mais\">\n\t\t\t<picture>\n\t\t\t\t<source media=\"(max-width: 500px)\" srcset=\"https:\/\/files.sunoresearch.com.br\/n\/uploads\/2023\/03\/400x300-Planilha-controle-de-gastos.png\">\n\t\t\t\t<img class=\"newsContent__article__imgCapa newsContent__article__imgCapa--banner\"\n\t\t\t\t\tsrc=\"https:\/\/files.sunoresearch.com.br\/n\/uploads\/2023\/03\/1420x240-Planilha-controle-de-gastos.png\"\n\t\t\t\t\tdata-promo-id=\"101751\"\t\t\t\t\t\t\t\t\t\twidth='1420' height='240'\t\t\t\t\talt=\"https:\/\/files.sunoresearch.com.br\/n\/uploads\/2023\/03\/1420x240-Planilha-controle-de-gastos.png\"\n\t\t\t\t>\n\t\t\t<\/picture>\n\t\t<\/a>\n\t<\/p>\n\n\n<p>O texto do pacote de infraestrutura mobiliza um total de US$ 973 bilh\u00f5es ao longo de cinco anos e de US$ 1,2 trilh\u00e3o em oito, entre os quais US$ 579 bilh\u00f5es seriam gastos novos.<\/p>\n<p>Estrela da ala mais \u00e0 esquerda da legenda governista, a deputada Alexandria Ocasio-Cortez criticou a proposta e disse que ela exclui prioridades caras a grupos minorit\u00e1rios.<\/p>\n<p>&#8220;Um pacote bipartid\u00e1rio por si s\u00f3 n\u00e3o \u00e9 aceit\u00e1vel. A exclus\u00e3o e nega\u00e7\u00e3o de nossas comunidades \u00e9 que acordos bipartid\u00e1rios em Washington D.C. demanda&#8221;, escreveu, no Twitter.<\/p>\n<p>O acordo anunciado na quinta foi feito com dez senadores, cinco de cada partido &#8211; todos alinhados \u00e0s fileiras de centro do Congresso. Para angariar o apoio da oposi\u00e7\u00e3o, Biden reduziu o tamanho do projeto duas vezes, primeiro de mais de US$ 2 trilh\u00f5es e, depois, de US$ 1,7 trilh\u00e3o.<\/p>\n<p>A Casa Branca tamb\u00e9m aceitou retirar boa parte dos trechos que previam aumento da <a class=\"suno-keyword\" href=\"https:\/\/www.suno.com.br\/artigos\/carga-tributaria\/\" target=\"_blank\" rel=\"noopener noreferrer\" data-force=\"no\" data-priority=\"1\">carga tribut\u00e1ria<\/a> aos mais ricos, ponto que rendeu firme discord\u00e2ncia republicana.<\/p>\n\t<p>\n\t\t<a href=\"\" target=\"_blank\" data-element=\"shortcode-suno-banner\" title=\"Banner SUNO, clique e saiba mais\">\n\t\t\t<picture>\n\t\t\t\t<source media=\"(max-width: 500px)\" srcset=\"\">\n\t\t\t\t<img class=\"newsContent__article__imgCapa newsContent__article__imgCapa--banner\"\n\t\t\t\t\tsrc=\"\"\n\t\t\t\t\tdata-promo-id=\"77030\"\t\t\t\t\t\t\t\t\t\t\t\t\t\t\talt=\"\"\n\t\t\t\t>\n\t\t\t<\/picture>\n\t\t<\/a>\n\t<\/p>\n\n\n<p>Logo ap\u00f3s o an\u00fancio, o senador Bernie Sanders reiterou a defesa por aumento de impostos. &#8220;N\u00e3o \u00e9 aceit\u00e1vel para mim que algumas das pessoas mais ricas deste pa\u00eds n\u00e3o paguem um centavo de imposto de renda. Nosso trabalho n\u00e3o \u00e9 complicado: \u00e9 criar um governo e economia que funcionem para todos n\u00f3s, n\u00e3o s\u00f3 para os mais poderosos&#8221;, afirmou.<\/p>\n<p>Com objetivo de conseguir a aprova\u00e7\u00e3o sem precisar da maioria absoluta (60 votos),<strong> Biden<\/strong> quer ativar o dispositivo parlamentar conhecido como reconcilia\u00e7\u00e3o, o que \u00e9 criticado por senadores republicanos. &#8220;Esse seria o empecilho final para mim. Eu n\u00e3o me importo de trabalhar com o outro lado pelo bem comum, mas n\u00e3o vou ser exortado por democratas liberais ou qualquer outra pessoa&#8221;, reclamou o republicano Lindsey Graham.<\/p>\n\t<p>\n\t\t<a href=\"\" target=\"_blank\" data-element=\"shortcode-suno-banner\" title=\"Banner SUNO, clique e saiba mais\">\n\t\t\t<picture>\n\t\t\t\t<source media=\"(max-width: 500px)\" srcset=\"\">\n\t\t\t\t<img class=\"newsContent__article__imgCapa newsContent__article__imgCapa--banner\"\n\t\t\t\t\tsrc=\"\"\n\t\t\t\t\tdata-promo-id=\"92668\"\t\t\t\t\t\t\t\t\t\t\t\t\t\t\talt=\"\"\n\t\t\t\t>\n\t\t\t<\/picture>\n\t\t<\/a>\n\t<\/p>\n\n\n","protected":false},"excerpt":{"rendered":"<p>Apesar do acordo por um pacote de investimentos em infraestrutura anunciado nesta quinta-feira (25), o presidente dos Estados Unidos, Joe Biden, ainda precisa debelar resist\u00eancias dentro do pr\u00f3prio partido Democrata para assegurar a aprova\u00e7\u00e3o da pauta. Joe Biden. Foto: Reprodu\u00e7\u00e3o Facebook O texto do pacote de infraestrutura mobiliza um total de US$ 973 bilh\u00f5es ao [&hellip;]<\/p>\n","protected":false},"author":56,"featured_media":136293,"comment_status":"closed","ping_status":"closed","sticky":false,"template":"","format":"standard","meta":[],"categories":[63],"tags":[793,73481],"suno_strategy":[],"class_list":["post-161302","post","type-post","status-publish","format-standard","has-post-thumbnail","hentry","category-internacional","tag-estados-unidos-eua","tag-joe-biden"],"yoast_head":"<!-- This site is optimized with the Yoast SEO plugin v24.4 - https:\/\/yoast.com\/wordpress\/plugins\/seo\/ -->\n<title>Pacote de infraestrutura apoiado por Biden tem resist\u00eancia de governistas<\/title>\n<meta name=\"description\" content=\"O texto do pacote de infraestrutura mobiliza um total de US$ 973 bi ao longo de 5 anos e de US$ 1,2 tri em oito. Clique aqui e saiba mais.\" \/>\n<meta name=\"robots\" content=\"index, follow, max-snippet:-1, max-image-preview:large, max-video-preview:-1\" \/>\n<link rel=\"canonical\" href=\"https:\/\/www.suno.com.br\/noticias\/eua-pacote-infraestrutura-apoiado-biden-resistencia-governistas\/\" \/>\n<meta property=\"og:locale\" content=\"pt_BR\" \/>\n<meta property=\"og:type\" content=\"article\" \/>\n<meta property=\"og:title\" content=\"Pacote de infraestrutura apoiado por Biden tem resist\u00eancia de governistas\" \/>\n<meta property=\"og:description\" content=\"O texto do pacote de infraestrutura mobiliza um total de US$ 973 bi ao longo de 5 anos e de US$ 1,2 tri em oito. Clique aqui e saiba mais.\" \/>\n<meta property=\"og:url\" content=\"https:\/\/www.suno.com.br\/noticias\/eua-pacote-infraestrutura-apoiado-biden-resistencia-governistas\/\" \/>\n<meta property=\"og:site_name\" content=\"Suno Not\u00edcias\" \/>\n<meta property=\"article:publisher\" content=\"https:\/\/facebook.com\/sunoresearch\" \/>\n<meta property=\"og:image\" content=\"https:\/\/files.sunoresearch.com.br\/n\/uploads\/2021\/03\/a721ef0d-joe-biden.jpg\" \/>\n\t<meta property=\"og:image:width\" content=\"1201\" \/>\n\t<meta property=\"og:image:height\" content=\"1201\" \/>\n\t<meta property=\"og:image:type\" content=\"image\/jpeg\" \/>\n<meta name=\"author\" content=\"Rafaela La Regina\" \/>\n<meta name=\"twitter:card\" content=\"summary_large_image\" \/>\n<meta name=\"twitter:creator\" content=\"@sunoresearch\" \/>\n<meta name=\"twitter:site\" content=\"@sunoresearch\" \/>\n<meta name=\"twitter:label1\" content=\"Escrito por\" \/>\n\t<meta name=\"twitter:data1\" content=\"Rafaela La Regina\" \/>\n\t<meta name=\"twitter:label2\" content=\"Est. tempo de leitura\" \/>\n\t<meta name=\"twitter:data2\" content=\"2 minutos\" \/>\n<script type=\"application\/ld+json\" class=\"yoast-schema-graph\">{\"@context\":\"https:\/\/schema.org\",\"@graph\":[{\"@type\":\"NewsArticle\",\"@id\":\"https:\/\/www.suno.com.br\/noticias\/eua-pacote-infraestrutura-apoiado-biden-resistencia-governistas\/#article\",\"isPartOf\":{\"@id\":\"https:\/\/www.suno.com.br\/noticias\/eua-pacote-infraestrutura-apoiado-biden-resistencia-governistas\/\"},\"author\":{\"name\":\"Rafaela La Regina\",\"@id\":\"https:\/\/www.suno.com.br\/noticias\/#\/schema\/person\/e672ca8cea627fe715fa29bca7da95e0\"},\"headline\":\"Pacote de infraestrutura apoiado por Biden tem resist\u00eancia de governistas\",\"datePublished\":\"2021-06-25T21:10:05+00:00\",\"mainEntityOfPage\":{\"@id\":\"https:\/\/www.suno.com.br\/noticias\/eua-pacote-infraestrutura-apoiado-biden-resistencia-governistas\/\"},\"wordCount\":362,\"publisher\":{\"@id\":\"https:\/\/www.suno.com.br\/noticias\/#organization\"},\"image\":{\"@id\":\"https:\/\/www.suno.com.br\/noticias\/eua-pacote-infraestrutura-apoiado-biden-resistencia-governistas\/#primaryimage\"},\"thumbnailUrl\":\"https:\/\/files.sunoresearch.com.br\/n\/uploads\/2021\/03\/a721ef0d-joe-biden-jpg.webp\",\"keywords\":[\"Estados Unidos (EUA)\",\"Joe Biden\"],\"articleSection\":[\"Internacional\"],\"inLanguage\":\"pt-BR\"},{\"@type\":\"WebPage\",\"@id\":\"https:\/\/www.suno.com.br\/noticias\/eua-pacote-infraestrutura-apoiado-biden-resistencia-governistas\/\",\"url\":\"https:\/\/www.suno.com.br\/noticias\/eua-pacote-infraestrutura-apoiado-biden-resistencia-governistas\/\",\"name\":\"Pacote de infraestrutura apoiado por Biden tem resist\u00eancia de governistas\",\"isPartOf\":{\"@id\":\"https:\/\/www.suno.com.br\/noticias\/#website\"},\"primaryImageOfPage\":{\"@id\":\"https:\/\/www.suno.com.br\/noticias\/eua-pacote-infraestrutura-apoiado-biden-resistencia-governistas\/#primaryimage\"},\"image\":{\"@id\":\"https:\/\/www.suno.com.br\/noticias\/eua-pacote-infraestrutura-apoiado-biden-resistencia-governistas\/#primaryimage\"},\"thumbnailUrl\":\"https:\/\/files.sunoresearch.com.br\/n\/uploads\/2021\/03\/a721ef0d-joe-biden-jpg.webp\",\"datePublished\":\"2021-06-25T21:10:05+00:00\",\"description\":\"O texto do pacote de infraestrutura mobiliza um total de US$ 973 bi ao longo de 5 anos e de US$ 1,2 tri em oito. Clique aqui e saiba mais.\",\"breadcrumb\":{\"@id\":\"https:\/\/www.suno.com.br\/noticias\/eua-pacote-infraestrutura-apoiado-biden-resistencia-governistas\/#breadcrumb\"},\"inLanguage\":\"pt-BR\",\"potentialAction\":[{\"@type\":\"ReadAction\",\"target\":[\"https:\/\/www.suno.com.br\/noticias\/eua-pacote-infraestrutura-apoiado-biden-resistencia-governistas\/\"]}]},{\"@type\":\"ImageObject\",\"inLanguage\":\"pt-BR\",\"@id\":\"https:\/\/www.suno.com.br\/noticias\/eua-pacote-infraestrutura-apoiado-biden-resistencia-governistas\/#primaryimage\",\"url\":\"https:\/\/files.sunoresearch.com.br\/n\/uploads\/2021\/03\/a721ef0d-joe-biden-jpg.webp\",\"contentUrl\":\"https:\/\/files.sunoresearch.com.br\/n\/uploads\/2021\/03\/a721ef0d-joe-biden-jpg.webp\",\"width\":1201,\"height\":1201,\"caption\":\"Joe Biden. Foto: Reprodu\u00e7\u00e3o Facebook\"},{\"@type\":\"BreadcrumbList\",\"@id\":\"https:\/\/www.suno.com.br\/noticias\/eua-pacote-infraestrutura-apoiado-biden-resistencia-governistas\/#breadcrumb\",\"itemListElement\":[{\"@type\":\"ListItem\",\"position\":1,\"name\":\"Not\u00edcias\",\"item\":\"https:\/\/www.suno.com.br\/noticias\/\"},{\"@type\":\"ListItem\",\"position\":2,\"name\":\"Internacional\",\"item\":\"https:\/\/www.suno.com.br\/noticias\/internacional\/\"},{\"@type\":\"ListItem\",\"position\":3,\"name\":\"Pacote de infraestrutura apoiado por Biden tem resist\u00eancia de governistas\"}]},{\"@type\":\"WebSite\",\"@id\":\"https:\/\/www.suno.com.br\/noticias\/#website\",\"url\":\"https:\/\/www.suno.com.br\/noticias\/\",\"name\":\"Suno Not\u00edcias\",\"description\":\"Seu portal de informa\u00e7\u00e3o sobre o mundo dos investimentos\",\"publisher\":{\"@id\":\"https:\/\/www.suno.com.br\/noticias\/#organization\"},\"potentialAction\":[{\"@type\":\"SearchAction\",\"target\":{\"@type\":\"EntryPoint\",\"urlTemplate\":\"https:\/\/www.suno.com.br\/noticias\/?s={search_term_string}\"},\"query-input\":{\"@type\":\"PropertyValueSpecification\",\"valueRequired\":true,\"valueName\":\"search_term_string\"}}],\"inLanguage\":\"pt-BR\"},{\"@type\":\"Organization\",\"@id\":\"https:\/\/www.suno.com.br\/noticias\/#organization\",\"name\":\"Suno Not\u00edcias\",\"url\":\"https:\/\/www.suno.com.br\/noticias\/\",\"logo\":{\"@type\":\"ImageObject\",\"inLanguage\":\"pt-BR\",\"@id\":\"https:\/\/www.suno.com.br\/noticias\/#\/schema\/logo\/image\/\",\"url\":\"https:\/\/files.sunoresearch.com.br\/n\/uploads\/2021\/09\/suno-logo.png\",\"contentUrl\":\"https:\/\/files.sunoresearch.com.br\/n\/uploads\/2021\/09\/suno-logo.png\",\"width\":180,\"height\":180,\"caption\":\"Suno Not\u00edcias\"},\"image\":{\"@id\":\"https:\/\/www.suno.com.br\/noticias\/#\/schema\/logo\/image\/\"},\"sameAs\":[\"https:\/\/facebook.com\/sunoresearch\",\"https:\/\/x.com\/sunoresearch\",\"https:\/\/www.instagram.com\/suno\",\"https:\/\/www.linkedin.com\/company\/suno-research\/\",\"https:\/\/www.youtube.com\/c\/sunoresearch\"]},{\"@type\":\"Person\",\"@id\":\"https:\/\/www.suno.com.br\/noticias\/#\/schema\/person\/e672ca8cea627fe715fa29bca7da95e0\",\"name\":\"Rafaela La Regina\",\"image\":{\"@type\":\"ImageObject\",\"inLanguage\":\"pt-BR\",\"@id\":\"https:\/\/www.suno.com.br\/noticias\/#\/schema\/person\/image\/\",\"url\":\"https:\/\/secure.gravatar.com\/avatar\/d2c75a52d243deb93d0465fdcb21bd37?s=96&r=g\",\"contentUrl\":\"https:\/\/secure.gravatar.com\/avatar\/d2c75a52d243deb93d0465fdcb21bd37?s=96&r=g\",\"caption\":\"Rafaela La Regina\"},\"description\":\"Estagi\u00e1ria no Suno Not\u00edcias. Escreve sobre economia, pol\u00edtica e neg\u00f3cios. Estuda Rela\u00e7\u00f5es Internacionais no IBMEC-SP.\",\"url\":\"https:\/\/www.suno.com.br\/noticias\/author\/rafaela-la-regina\/\"}]}<\/script>\n<!-- \/ Yoast SEO plugin. -->","yoast_head_json":{"title":"Pacote de infraestrutura apoiado por Biden tem resist\u00eancia de governistas","description":"O texto do pacote de infraestrutura mobiliza um total de US$ 973 bi ao longo de 5 anos e de US$ 1,2 tri em oito. Clique aqui e saiba mais.","robots":{"index":"index","follow":"follow","max-snippet":"max-snippet:-1","max-image-preview":"max-image-preview:large","max-video-preview":"max-video-preview:-1"},"canonical":"https:\/\/www.suno.com.br\/noticias\/eua-pacote-infraestrutura-apoiado-biden-resistencia-governistas\/","og_locale":"pt_BR","og_type":"article","og_title":"Pacote de infraestrutura apoiado por Biden tem resist\u00eancia de governistas","og_description":"O texto do pacote de infraestrutura mobiliza um total de US$ 973 bi ao longo de 5 anos e de US$ 1,2 tri em oito. Clique aqui e saiba mais.","og_url":"https:\/\/www.suno.com.br\/noticias\/eua-pacote-infraestrutura-apoiado-biden-resistencia-governistas\/","og_site_name":"Suno Not\u00edcias","article_publisher":"https:\/\/facebook.com\/sunoresearch","og_image":[{"width":1201,"height":1201,"url":"https:\/\/files.sunoresearch.com.br\/n\/uploads\/2021\/03\/a721ef0d-joe-biden.jpg","type":"image\/jpeg"}],"author":"Rafaela La Regina","twitter_card":"summary_large_image","twitter_creator":"@sunoresearch","twitter_site":"@sunoresearch","twitter_misc":{"Escrito por":"Rafaela La Regina","Est. tempo de leitura":"2 minutos"},"schema":{"@context":"https:\/\/schema.org","@graph":[{"@type":"NewsArticle","@id":"https:\/\/www.suno.com.br\/noticias\/eua-pacote-infraestrutura-apoiado-biden-resistencia-governistas\/#article","isPartOf":{"@id":"https:\/\/www.suno.com.br\/noticias\/eua-pacote-infraestrutura-apoiado-biden-resistencia-governistas\/"},"author":{"name":"Rafaela La Regina","@id":"https:\/\/www.suno.com.br\/noticias\/#\/schema\/person\/e672ca8cea627fe715fa29bca7da95e0"},"headline":"Pacote de infraestrutura apoiado por Biden tem resist\u00eancia de governistas","datePublished":"2021-06-25T21:10:05+00:00","mainEntityOfPage":{"@id":"https:\/\/www.suno.com.br\/noticias\/eua-pacote-infraestrutura-apoiado-biden-resistencia-governistas\/"},"wordCount":362,"publisher":{"@id":"https:\/\/www.suno.com.br\/noticias\/#organization"},"image":{"@id":"https:\/\/www.suno.com.br\/noticias\/eua-pacote-infraestrutura-apoiado-biden-resistencia-governistas\/#primaryimage"},"thumbnailUrl":"https:\/\/files.sunoresearch.com.br\/n\/uploads\/2021\/03\/a721ef0d-joe-biden-jpg.webp","keywords":["Estados Unidos (EUA)","Joe Biden"],"articleSection":["Internacional"],"inLanguage":"pt-BR"},{"@type":"WebPage","@id":"https:\/\/www.suno.com.br\/noticias\/eua-pacote-infraestrutura-apoiado-biden-resistencia-governistas\/","url":"https:\/\/www.suno.com.br\/noticias\/eua-pacote-infraestrutura-apoiado-biden-resistencia-governistas\/","name":"Pacote de infraestrutura apoiado por Biden tem resist\u00eancia de governistas","isPartOf":{"@id":"https:\/\/www.suno.com.br\/noticias\/#website"},"primaryImageOfPage":{"@id":"https:\/\/www.suno.com.br\/noticias\/eua-pacote-infraestrutura-apoiado-biden-resistencia-governistas\/#primaryimage"},"image":{"@id":"https:\/\/www.suno.com.br\/noticias\/eua-pacote-infraestrutura-apoiado-biden-resistencia-governistas\/#primaryimage"},"thumbnailUrl":"https:\/\/files.sunoresearch.com.br\/n\/uploads\/2021\/03\/a721ef0d-joe-biden-jpg.webp","datePublished":"2021-06-25T21:10:05+00:00","description":"O texto do pacote de infraestrutura mobiliza um total de US$ 973 bi ao longo de 5 anos e de US$ 1,2 tri em oito. Clique aqui e saiba mais.","breadcrumb":{"@id":"https:\/\/www.suno.com.br\/noticias\/eua-pacote-infraestrutura-apoiado-biden-resistencia-governistas\/#breadcrumb"},"inLanguage":"pt-BR","potentialAction":[{"@type":"ReadAction","target":["https:\/\/www.suno.com.br\/noticias\/eua-pacote-infraestrutura-apoiado-biden-resistencia-governistas\/"]}]},{"@type":"ImageObject","inLanguage":"pt-BR","@id":"https:\/\/www.suno.com.br\/noticias\/eua-pacote-infraestrutura-apoiado-biden-resistencia-governistas\/#primaryimage","url":"https:\/\/files.sunoresearch.com.br\/n\/uploads\/2021\/03\/a721ef0d-joe-biden-jpg.webp","contentUrl":"https:\/\/files.sunoresearch.com.br\/n\/uploads\/2021\/03\/a721ef0d-joe-biden-jpg.webp","width":1201,"height":1201,"caption":"Joe Biden. Foto: Reprodu\u00e7\u00e3o Facebook"},{"@type":"BreadcrumbList","@id":"https:\/\/www.suno.com.br\/noticias\/eua-pacote-infraestrutura-apoiado-biden-resistencia-governistas\/#breadcrumb","itemListElement":[{"@type":"ListItem","position":1,"name":"Not\u00edcias","item":"https:\/\/www.suno.com.br\/noticias\/"},{"@type":"ListItem","position":2,"name":"Internacional","item":"https:\/\/www.suno.com.br\/noticias\/internacional\/"},{"@type":"ListItem","position":3,"name":"Pacote de infraestrutura apoiado por Biden tem resist\u00eancia de governistas"}]},{"@type":"WebSite","@id":"https:\/\/www.suno.com.br\/noticias\/#website","url":"https:\/\/www.suno.com.br\/noticias\/","name":"Suno Not\u00edcias","description":"Seu portal de informa\u00e7\u00e3o sobre o mundo dos investimentos","publisher":{"@id":"https:\/\/www.suno.com.br\/noticias\/#organization"},"potentialAction":[{"@type":"SearchAction","target":{"@type":"EntryPoint","urlTemplate":"https:\/\/www.suno.com.br\/noticias\/?s={search_term_string}"},"query-input":{"@type":"PropertyValueSpecification","valueRequired":true,"valueName":"search_term_string"}}],"inLanguage":"pt-BR"},{"@type":"Organization","@id":"https:\/\/www.suno.com.br\/noticias\/#organization","name":"Suno Not\u00edcias","url":"https:\/\/www.suno.com.br\/noticias\/","logo":{"@type":"ImageObject","inLanguage":"pt-BR","@id":"https:\/\/www.suno.com.br\/noticias\/#\/schema\/logo\/image\/","url":"https:\/\/files.sunoresearch.com.br\/n\/uploads\/2021\/09\/suno-logo.png","contentUrl":"https:\/\/files.sunoresearch.com.br\/n\/uploads\/2021\/09\/suno-logo.png","width":180,"height":180,"caption":"Suno Not\u00edcias"},"image":{"@id":"https:\/\/www.suno.com.br\/noticias\/#\/schema\/logo\/image\/"},"sameAs":["https:\/\/facebook.com\/sunoresearch","https:\/\/x.com\/sunoresearch","https:\/\/www.instagram.com\/suno","https:\/\/www.linkedin.com\/company\/suno-research\/","https:\/\/www.youtube.com\/c\/sunoresearch"]},{"@type":"Person","@id":"https:\/\/www.suno.com.br\/noticias\/#\/schema\/person\/e672ca8cea627fe715fa29bca7da95e0","name":"Rafaela La Regina","image":{"@type":"ImageObject","inLanguage":"pt-BR","@id":"https:\/\/www.suno.com.br\/noticias\/#\/schema\/person\/image\/","url":"https:\/\/secure.gravatar.com\/avatar\/d2c75a52d243deb93d0465fdcb21bd37?s=96&r=g","contentUrl":"https:\/\/secure.gravatar.com\/avatar\/d2c75a52d243deb93d0465fdcb21bd37?s=96&r=g","caption":"Rafaela La Regina"},"description":"Estagi\u00e1ria no Suno Not\u00edcias. Escreve sobre economia, pol\u00edtica e neg\u00f3cios. Estuda Rela\u00e7\u00f5es Internacionais no IBMEC-SP.","url":"https:\/\/www.suno.com.br\/noticias\/author\/rafaela-la-regina\/"}]}},"default_loop_html":"<div class=\"cardsPage__listCard__boxs\"><div class=\"cardsPage__listCard__boxs__img\"><a href=\"https:\/\/www.suno.com.br\/noticias\/eua-pacote-infraestrutura-apoiado-biden-resistencia-governistas\/\"><img class=\"mask\" src=\"https:\/\/www.suno.com.br\/noticias\/wp-content\/themes\/suno\/resources\/images\/spotlight\/spotlight1img\/bg-mask.png\" alt=\"Image Mask\"\/><img src=\"https:\/\/files.sunoresearch.com.br\/n\/uploads\/2021\/03\/a721ef0d-joe-biden-400x200.webp\" alt=\"Pacote de infraestrutura apoiado por Biden tem resist\u00eancia de governistas\"\/><\/a><span class=\"spotlightCategory\"><a href=\"https:\/\/www.suno.com.br\/noticias\/internacional\/\">Internacional<\/a><\/span><\/div><div class=\"cardsPage__listCard__boxs__content\"><a href=\"https:\/\/www.suno.com.br\/noticias\/eua-pacote-infraestrutura-apoiado-biden-resistencia-governistas\/\"><h2 class=\"content__title\">Pacote de infraestrutura apoiado por Biden tem resist\u00eancia de governistas<\/h2><\/a><div class=\"newsContent__article__meta\"><div class=\"newsContent__article__meta__authorBox\"><a href=\"https:\/\/www.suno.com.br\/noticias\/author\/rafaela-la-regina\/\" class=\"authorBox__avatar noMobi\"><img src=\"https:\/\/secure.gravatar.com\/avatar\/d2c75a52d243deb93d0465fdcb21bd37?s=96&#038;r=g\" alt=\"Rafaela La Regina\"><\/a><div class=\"authorBox__name\"><span>por\n\t\t\t<a href=\"https:\/\/www.suno.com.br\/noticias\/author\/rafaela-la-regina\/\"><span itemprop=\"author\">Rafaela La Regina<\/span><\/a><\/span><time datetime=\"2021-06-25T18:10:05-03:00\" itemprop=\"datePublished\">25\/06\/2021 18:10<\/time><\/div><\/div><\/div><\/div><\/div>","single_layout":"posts","amp_enabled":true,"_links":{"self":[{"href":"https:\/\/www.suno.com.br\/noticias\/wp-json\/wp\/v2\/posts\/161302"}],"collection":[{"href":"https:\/\/www.suno.com.br\/noticias\/wp-json\/wp\/v2\/posts"}],"about":[{"href":"https:\/\/www.suno.com.br\/noticias\/wp-json\/wp\/v2\/types\/post"}],"author":[{"embeddable":true,"href":"https:\/\/www.suno.com.br\/noticias\/wp-json\/wp\/v2\/users\/56"}],"replies":[{"embeddable":true,"href":"https:\/\/www.suno.com.br\/noticias\/wp-json\/wp\/v2\/comments?post=161302"}],"version-history":[{"count":2,"href":"https:\/\/www.suno.com.br\/noticias\/wp-json\/wp\/v2\/posts\/161302\/revisions"}],"predecessor-version":[{"id":161466,"href":"https:\/\/www.suno.com.br\/noticias\/wp-json\/wp\/v2\/posts\/161302\/revisions\/161466"}],"wp:featuredmedia":[{"embeddable":true,"href":"https:\/\/www.suno.com.br\/noticias\/wp-json\/wp\/v2\/media\/136293"}],"wp:attachment":[{"href":"https:\/\/www.suno.com.br\/noticias\/wp-json\/wp\/v2\/media?parent=161302"}],"wp:term":[{"taxonomy":"category","embeddable":true,"href":"https:\/\/www.suno.com.br\/noticias\/wp-json\/wp\/v2\/categories?post=161302"},{"taxonomy":"post_tag","embeddable":true,"href":"https:\/\/www.suno.com.br\/noticias\/wp-json\/wp\/v2\/tags?post=161302"},{"taxonomy":"suno_strategy","embeddable":true,"href":"https:\/\/www.suno.com.br\/noticias\/wp-json\/wp\/v2\/suno_strategy?post=161302"}],"curies":[{"name":"wp","href":"https:\/\/api.w.org\/{rel}","templated":true}]}}