{"id":161005,"date":"2021-06-24T16:38:14","date_gmt":"2021-06-24T19:38:14","guid":{"rendered":"https:\/\/www.suno.com.br\/noticias\/?p=161005"},"modified":"2021-06-24T16:38:36","modified_gmt":"2021-06-24T19:38:36","slug":"vale-vale3-investimentos-reducao-emissoes","status":"publish","type":"post","link":"https:\/\/www.suno.com.br\/noticias\/vale-vale3-investimentos-reducao-emissoes\/","title":{"rendered":"Vale (VALE3) prev\u00ea investimento de at\u00e9 US$ 6 bilh\u00f5es para reduzir emiss\u00f5es"},"content":{"rendered":"<p>A <a href=\"https:\/\/www.suno.com.br\/acoes\/vale3\/\"><strong>Vale<\/strong> (VALE3)<\/a>\u00a0informou, nesta quinta-feira (24), que investir\u00e1 de US$ 4 bilh\u00f5es a US$ 6 bilh\u00f5es at\u00e9 2030 para a redu\u00e7\u00e3o de emiss\u00f5es de gases do efeito estufa (GEE).<\/p>\t<div class=\"wrapper-featured-image\">\n\t\t<figure class=\"spotlightImg\">\n\n\t\t\t<picture>\n\t\t\t\t<source media=\"(max-width: 768px)\" srcset=\"https:\/\/files.sunoresearch.com.br\/n\/uploads\/2021\/02\/d0e077e4-acoes-vale-vale3-safra-400x200.webp\">\n\t\t\t\t<img loading=\"lazy\" decoding=\"async\" class=\"newsContent__article__imgCapa lazyloadDisabled \" src=\"https:\/\/files.sunoresearch.com.br\/n\/uploads\/2021\/02\/d0e077e4-acoes-vale-vale3-safra-800x450.webp\" width=\"800\" height=\"450\" alt=\"Vale (VALE3) prev\u00ea investimento de at\u00e9 US$ 6 bilh\u00f5es para reduzir emiss\u00f5es\" fetchpriority=high \/>\n\t\t\t<\/picture>\n\n\t\t\t<figcaption class=\"wp-caption-text wp-caption-text--show\">A Vale (VALE3) espera aumentar o pagamento de dividendos com o excedente de caixa nos pr\u00f3ximos trimestres.<\/figcaption>\n\t\t<\/figure>\n\t<\/div>\n\n\n\t<p>\n\t\t<a href=\"https:\/\/lp.suno.com.br\/planilha-controle-gastos\/\" target=\"_blank\" data-element=\"shortcode-suno-banner\" title=\"Banner SUNO, clique e saiba mais\">\n\t\t\t<picture>\n\t\t\t\t<source media=\"(max-width: 500px)\" srcset=\"https:\/\/files.sunoresearch.com.br\/n\/uploads\/2023\/03\/400x300-Planilha-controle-de-gastos.png\">\n\t\t\t\t<img class=\"newsContent__article__imgCapa newsContent__article__imgCapa--banner\"\n\t\t\t\t\tsrc=\"https:\/\/files.sunoresearch.com.br\/n\/uploads\/2023\/03\/1420x240-Planilha-controle-de-gastos.png\"\n\t\t\t\t\tdata-promo-id=\"101751\"\t\t\t\t\t\t\t\t\t\twidth='1420' height='240'\t\t\t\t\talt=\"https:\/\/files.sunoresearch.com.br\/n\/uploads\/2023\/03\/1420x240-Planilha-controle-de-gastos.png\"\n\t\t\t\t>\n\t\t\t<\/picture>\n\t\t<\/a>\n\t<\/p>\n\n\n<p>O valor previsto chega a ser o triplo do anteriormente divulgado pela Vale, de, pelo menos, US$ 2 bilh\u00f5es em dez anos. A comunica\u00e7\u00e3o foi realizada por meio de uma apresenta\u00e7\u00e3o publicada na internet.<\/p>\n<p>A Vale informou que o aumento dos investimentos na diminui\u00e7\u00e3o de emiss\u00f5es de <strong>gases do efeito estufa<\/strong> \u00e9 resultado da &#8220;maturidade adquirida no portf\u00f3lio de iniciativas de redu\u00e7\u00e3o das emiss\u00f5es diretas da empresa&#8221;, o chamado escopo 1.<\/p>\n<p><a href=\"https:\/\/lp.suno.com.br\/suno-one\/\"><span style=\"font-weight: 400;\">Suno One: acesse gratuitamente eBooks, Minicursos, Artigos e Video Aulas sobre investimentos com um \u00fanico cadastro. Clique para saber mais!<\/span><\/a><\/p>\n<p>&#8220;At\u00e9 2030, a Vale ir\u00e1 revisar e atualizar o seu plano de atendimento da meta carbono, anunciada em 2019&#8221;, informou a empresa.<\/p>\n<p>A Vale estabeleceu como meta a redu\u00e7\u00e3o de 33% das <strong>emiss\u00f5es de carbono<\/strong> at\u00e9 2030. Esta redu\u00e7\u00e3o se refere a emiss\u00f5es diretas, oriundas de suas opera\u00e7\u00f5es, e indiretas, geradas ao longo do processo produtivo &#8212; denominadas de escopos 1 e 2. S\u00e3o projetos como maior efici\u00eancia energ\u00e9tica, eletrifica\u00e7\u00e3o de mina e ferrovia, uso de biocombust\u00edveis na pelotiza\u00e7\u00e3o em lugar do carv\u00e3o.<\/p>\n\t<div data-element=\"shortcode-read-more\" class=\"knowMore\">\n\t\t\t\t<span class=\"knowMore__title\">Saiba mais <\/span>\n\t\t\t\t<a class=\"knowMore__link\" href=\"https:\/\/www.suno.com.br\/noticias\/vale-vale3-voiseys-bay-niquel\/\">\n\t\t\tVale (VALE3) estreia mina Voisey&#039;s Bay e projeta 2,6 mi de toneladas de n\u00edquel at\u00e9 2025\t\t<\/a>\n\t<\/div>\n\n\n<p>A mineradora tamb\u00e9m prev\u00ea reduzir em 15% as emiss\u00f5es l\u00edquidas de escopo 3, relativas \u00e0 sua cadeia de fornecedores e clientes, at\u00e9 2035.<\/p>\n<p>Neste caso, a empresa ap\u00f3ia-se na alta qualidade de seus produtos, que demandam menor uso de energia no alto forno sider\u00fargico, reduzindo as emiss\u00f5es. Tamb\u00e9m se apoia em solu\u00e7\u00f5es tecnol\u00f3gicas pr\u00f3prias de <strong>baixo carbono<\/strong> para sider\u00fargicas.<\/p>\n<h2>Vale altera valor de dividendos por a\u00e7\u00e3o<\/h2>\n<p>A Vale informou, na noite da \u00faltima quarta-feira (23), que o valor dos dividendos por a\u00e7\u00e3o, anunciados no dia 17 de junho, foi alterado de R$ 2,177096 para pouco mais de R$ 2,18967.<\/p>\n\t<p>\n\t\t<a href=\"\" target=\"_blank\" data-element=\"shortcode-suno-banner\" title=\"Banner SUNO, clique e saiba mais\">\n\t\t\t<picture>\n\t\t\t\t<source media=\"(max-width: 500px)\" srcset=\"\">\n\t\t\t\t<img class=\"newsContent__article__imgCapa newsContent__article__imgCapa--banner\"\n\t\t\t\t\tsrc=\"\"\n\t\t\t\t\tdata-promo-id=\"89005\"\t\t\t\t\t\t\t\t\t\t\t\t\t\t\talt=\"\"\n\t\t\t\t>\n\t\t\t<\/picture>\n\t\t<\/a>\n\t<\/p>\n\n\n<p>A mineradora explicou que a altera\u00e7\u00e3o aconteceu frente a mudan\u00e7a do n\u00famero de sua a\u00e7\u00f5es em circula\u00e7\u00e3o em fun\u00e7\u00e3o do programa de recompra de a\u00e7\u00f5es ordin\u00e1rias.<\/p>\n<p>O pagamento desses <strong>dividendos <\/strong>continua marcado para o dia 30 de junho desse ano. Contudo, apenas os acionistas com pap\u00e9is da mineradora ao final da sess\u00e3o de ontem ter\u00e3o direito de receber os proventos.<\/p>\n<p>Parte dos<a href=\"https:\/\/www.suno.com.br\/guias\/dividendos\/#:~:text=Ao%20contr%C3%A1rio%20da%20renda%20fixa,remunera%C3%A7%C3%A3o%20crescente%20aos%20seus%20acionistas.\"> dividendos declarados<\/a> tem como base o balan\u00e7o do 31 de mar\u00e7o desse ano, e s\u00e3o referentes \u00e0 antecipa\u00e7\u00e3o da destina\u00e7\u00e3o do resultado do exerc\u00edcio de 2021. O restante, segundo a <strong>Vale<\/strong>, se refere a reservas de lucros no balan\u00e7o de dezembro de 2020.<\/p>\n<p><em>Com informa\u00e7\u00f5es do Estad\u00e3o Conte\u00fado.\u00a0<\/em><\/p>\n\t<p>\n\t\t<a href=\"\" target=\"_blank\" data-element=\"shortcode-suno-banner\" title=\"Banner SUNO, clique e saiba mais\">\n\t\t\t<picture>\n\t\t\t\t<source media=\"(max-width: 500px)\" srcset=\"\">\n\t\t\t\t<img class=\"newsContent__article__imgCapa newsContent__article__imgCapa--banner\"\n\t\t\t\t\tsrc=\"\"\n\t\t\t\t\tdata-promo-id=\"77053\"\t\t\t\t\t\t\t\t\t\t\t\t\t\t\talt=\"\"\n\t\t\t\t>\n\t\t\t<\/picture>\n\t\t<\/a>\n\t<\/p>\n\n\n","protected":false},"excerpt":{"rendered":"<p>A Vale (VALE3)\u00a0informou, nesta quinta-feira (24), que investir\u00e1 de US$ 4 bilh\u00f5es a US$ 6 bilh\u00f5es at\u00e9 2030 para a redu\u00e7\u00e3o de emiss\u00f5es de gases do efeito estufa (GEE). A Vale (VALE3) espera aumentar o pagamento de dividendos com o excedente de caixa nos pr\u00f3ximos trimestres. O valor previsto chega a ser o triplo do [&hellip;]<\/p>\n","protected":false},"author":24,"featured_media":127012,"comment_status":"closed","ping_status":"closed","sticky":false,"template":"","format":"standard","meta":[],"categories":[64],"tags":[1117,676],"suno_strategy":[],"class_list":["post-161005","post","type-post","status-publish","format-standard","has-post-thumbnail","hentry","category-negocios","tag-sustentabilidade","tag-vale-vale3"],"yoast_head":"<!-- This site is optimized with the Yoast SEO plugin v24.4 - https:\/\/yoast.com\/wordpress\/plugins\/seo\/ -->\n<title>Vale (VALE3) prev\u00ea investimento de at\u00e9 US$ 6 bi para reduzir emiss\u00f5es<\/title>\n<meta name=\"description\" content=\"A Vale (VALE3)\u00a0disse que investir\u00e1 de US$ 4 bilh\u00f5es a US$ 6 bilh\u00f5es at\u00e9 2030 para a redu\u00e7\u00e3o de emiss\u00f5es de gases do efeito estufa. Confira.\" \/>\n<meta name=\"robots\" content=\"index, follow, max-snippet:-1, max-image-preview:large, max-video-preview:-1\" \/>\n<link rel=\"canonical\" href=\"https:\/\/www.suno.com.br\/noticias\/vale-vale3-investimentos-reducao-emissoes\/\" \/>\n<meta property=\"og:locale\" content=\"pt_BR\" \/>\n<meta property=\"og:type\" content=\"article\" \/>\n<meta property=\"og:title\" content=\"Vale (VALE3) prev\u00ea investimento de at\u00e9 US$ 6 bi para reduzir emiss\u00f5es\" \/>\n<meta property=\"og:description\" content=\"A Vale (VALE3)\u00a0disse que investir\u00e1 de US$ 4 bilh\u00f5es a US$ 6 bilh\u00f5es at\u00e9 2030 para a redu\u00e7\u00e3o de emiss\u00f5es de gases do efeito estufa. Confira.\" \/>\n<meta property=\"og:url\" content=\"https:\/\/www.suno.com.br\/noticias\/vale-vale3-investimentos-reducao-emissoes\/\" \/>\n<meta property=\"og:site_name\" content=\"Suno Not\u00edcias\" \/>\n<meta property=\"article:publisher\" content=\"https:\/\/facebook.com\/sunoresearch\" \/>\n<meta property=\"og:image\" content=\"https:\/\/files.sunoresearch.com.br\/n\/uploads\/2021\/02\/d0e077e4-acoes-vale-vale3-safra.jpg\" \/>\n\t<meta property=\"og:image:width\" content=\"1200\" \/>\n\t<meta property=\"og:image:height\" content=\"848\" \/>\n\t<meta property=\"og:image:type\" content=\"image\/jpeg\" \/>\n<meta name=\"author\" content=\"Jader Lazarini\" \/>\n<meta name=\"twitter:card\" content=\"summary_large_image\" \/>\n<meta name=\"twitter:creator\" content=\"@sunoresearch\" \/>\n<meta name=\"twitter:site\" content=\"@sunoresearch\" \/>\n<meta name=\"twitter:label1\" content=\"Escrito por\" \/>\n\t<meta name=\"twitter:data1\" content=\"Jader Lazarini\" \/>\n\t<meta name=\"twitter:label2\" content=\"Est. tempo de leitura\" \/>\n\t<meta name=\"twitter:data2\" content=\"2 minutos\" \/>\n<script type=\"application\/ld+json\" class=\"yoast-schema-graph\">{\"@context\":\"https:\/\/schema.org\",\"@graph\":[{\"@type\":\"NewsArticle\",\"@id\":\"https:\/\/www.suno.com.br\/noticias\/vale-vale3-investimentos-reducao-emissoes\/#article\",\"isPartOf\":{\"@id\":\"https:\/\/www.suno.com.br\/noticias\/vale-vale3-investimentos-reducao-emissoes\/\"},\"author\":{\"name\":\"Jader Lazarini\",\"@id\":\"https:\/\/www.suno.com.br\/noticias\/#\/schema\/person\/918d79de1f0281f01599b93f9ea6e23f\"},\"headline\":\"Vale (VALE3) prev\u00ea investimento de at\u00e9 US$ 6 bilh\u00f5es para reduzir emiss\u00f5es\",\"datePublished\":\"2021-06-24T19:38:14+00:00\",\"dateModified\":\"2021-06-24T19:38:36+00:00\",\"mainEntityOfPage\":{\"@id\":\"https:\/\/www.suno.com.br\/noticias\/vale-vale3-investimentos-reducao-emissoes\/\"},\"wordCount\":474,\"publisher\":{\"@id\":\"https:\/\/www.suno.com.br\/noticias\/#organization\"},\"image\":{\"@id\":\"https:\/\/www.suno.com.br\/noticias\/vale-vale3-investimentos-reducao-emissoes\/#primaryimage\"},\"thumbnailUrl\":\"https:\/\/files.sunoresearch.com.br\/n\/uploads\/2021\/02\/d0e077e4-acoes-vale-vale3-safra-jpg.webp\",\"keywords\":[\"Sustentabilidade\",\"Vale (VALE3)\"],\"articleSection\":[\"Neg\u00f3cios\"],\"inLanguage\":\"pt-BR\"},{\"@type\":\"WebPage\",\"@id\":\"https:\/\/www.suno.com.br\/noticias\/vale-vale3-investimentos-reducao-emissoes\/\",\"url\":\"https:\/\/www.suno.com.br\/noticias\/vale-vale3-investimentos-reducao-emissoes\/\",\"name\":\"Vale (VALE3) prev\u00ea investimento de at\u00e9 US$ 6 bi para reduzir emiss\u00f5es\",\"isPartOf\":{\"@id\":\"https:\/\/www.suno.com.br\/noticias\/#website\"},\"primaryImageOfPage\":{\"@id\":\"https:\/\/www.suno.com.br\/noticias\/vale-vale3-investimentos-reducao-emissoes\/#primaryimage\"},\"image\":{\"@id\":\"https:\/\/www.suno.com.br\/noticias\/vale-vale3-investimentos-reducao-emissoes\/#primaryimage\"},\"thumbnailUrl\":\"https:\/\/files.sunoresearch.com.br\/n\/uploads\/2021\/02\/d0e077e4-acoes-vale-vale3-safra-jpg.webp\",\"datePublished\":\"2021-06-24T19:38:14+00:00\",\"dateModified\":\"2021-06-24T19:38:36+00:00\",\"description\":\"A Vale (VALE3)\u00a0disse que investir\u00e1 de US$ 4 bilh\u00f5es a US$ 6 bilh\u00f5es at\u00e9 2030 para a redu\u00e7\u00e3o de emiss\u00f5es de gases do efeito estufa. Confira.\",\"breadcrumb\":{\"@id\":\"https:\/\/www.suno.com.br\/noticias\/vale-vale3-investimentos-reducao-emissoes\/#breadcrumb\"},\"inLanguage\":\"pt-BR\",\"potentialAction\":[{\"@type\":\"ReadAction\",\"target\":[\"https:\/\/www.suno.com.br\/noticias\/vale-vale3-investimentos-reducao-emissoes\/\"]}]},{\"@type\":\"ImageObject\",\"inLanguage\":\"pt-BR\",\"@id\":\"https:\/\/www.suno.com.br\/noticias\/vale-vale3-investimentos-reducao-emissoes\/#primaryimage\",\"url\":\"https:\/\/files.sunoresearch.com.br\/n\/uploads\/2021\/02\/d0e077e4-acoes-vale-vale3-safra-jpg.webp\",\"contentUrl\":\"https:\/\/files.sunoresearch.com.br\/n\/uploads\/2021\/02\/d0e077e4-acoes-vale-vale3-safra-jpg.webp\",\"width\":1200,\"height\":848,\"caption\":\"A Vale (VALE3) espera aumentar o pagamento de dividendos com o excedente de caixa nos pr\u00f3ximos trimestres.\"},{\"@type\":\"BreadcrumbList\",\"@id\":\"https:\/\/www.suno.com.br\/noticias\/vale-vale3-investimentos-reducao-emissoes\/#breadcrumb\",\"itemListElement\":[{\"@type\":\"ListItem\",\"position\":1,\"name\":\"Not\u00edcias\",\"item\":\"https:\/\/www.suno.com.br\/noticias\/\"},{\"@type\":\"ListItem\",\"position\":2,\"name\":\"Neg\u00f3cios\",\"item\":\"https:\/\/www.suno.com.br\/noticias\/negocios\/\"},{\"@type\":\"ListItem\",\"position\":3,\"name\":\"Vale (VALE3) prev\u00ea investimento de at\u00e9 US$ 6 bilh\u00f5es para reduzir emiss\u00f5es\"}]},{\"@type\":\"WebSite\",\"@id\":\"https:\/\/www.suno.com.br\/noticias\/#website\",\"url\":\"https:\/\/www.suno.com.br\/noticias\/\",\"name\":\"Suno Not\u00edcias\",\"description\":\"Seu portal de informa\u00e7\u00e3o sobre o mundo dos investimentos\",\"publisher\":{\"@id\":\"https:\/\/www.suno.com.br\/noticias\/#organization\"},\"potentialAction\":[{\"@type\":\"SearchAction\",\"target\":{\"@type\":\"EntryPoint\",\"urlTemplate\":\"https:\/\/www.suno.com.br\/noticias\/?s={search_term_string}\"},\"query-input\":{\"@type\":\"PropertyValueSpecification\",\"valueRequired\":true,\"valueName\":\"search_term_string\"}}],\"inLanguage\":\"pt-BR\"},{\"@type\":\"Organization\",\"@id\":\"https:\/\/www.suno.com.br\/noticias\/#organization\",\"name\":\"Suno Not\u00edcias\",\"url\":\"https:\/\/www.suno.com.br\/noticias\/\",\"logo\":{\"@type\":\"ImageObject\",\"inLanguage\":\"pt-BR\",\"@id\":\"https:\/\/www.suno.com.br\/noticias\/#\/schema\/logo\/image\/\",\"url\":\"https:\/\/files.sunoresearch.com.br\/n\/uploads\/2021\/09\/suno-logo.png\",\"contentUrl\":\"https:\/\/files.sunoresearch.com.br\/n\/uploads\/2021\/09\/suno-logo.png\",\"width\":180,\"height\":180,\"caption\":\"Suno Not\u00edcias\"},\"image\":{\"@id\":\"https:\/\/www.suno.com.br\/noticias\/#\/schema\/logo\/image\/\"},\"sameAs\":[\"https:\/\/facebook.com\/sunoresearch\",\"https:\/\/x.com\/sunoresearch\",\"https:\/\/www.instagram.com\/suno\",\"https:\/\/www.linkedin.com\/company\/suno-research\/\",\"https:\/\/www.youtube.com\/c\/sunoresearch\"]},{\"@type\":\"Person\",\"@id\":\"https:\/\/www.suno.com.br\/noticias\/#\/schema\/person\/918d79de1f0281f01599b93f9ea6e23f\",\"name\":\"Jader Lazarini\",\"image\":{\"@type\":\"ImageObject\",\"inLanguage\":\"pt-BR\",\"@id\":\"https:\/\/www.suno.com.br\/noticias\/#\/schema\/person\/image\/\",\"url\":\"https:\/\/secure.gravatar.com\/avatar\/3c1ad8caa51589841baeb923fcddea97?s=96&r=g\",\"contentUrl\":\"https:\/\/secure.gravatar.com\/avatar\/3c1ad8caa51589841baeb923fcddea97?s=96&r=g\",\"caption\":\"Jader Lazarini\"},\"description\":\"Jader Lazarini escreve sobre investimentos, finan\u00e7as, economia e neg\u00f3cios. \u00c9 bacharel em Rela\u00e7\u00f5es Internacionais e analista CNPI (2619).\",\"url\":\"https:\/\/www.suno.com.br\/noticias\/author\/jader-lazarini\/\"}]}<\/script>\n<!-- \/ Yoast SEO plugin. -->","yoast_head_json":{"title":"Vale (VALE3) prev\u00ea investimento de at\u00e9 US$ 6 bi para reduzir emiss\u00f5es","description":"A Vale (VALE3)\u00a0disse que investir\u00e1 de US$ 4 bilh\u00f5es a US$ 6 bilh\u00f5es at\u00e9 2030 para a redu\u00e7\u00e3o de emiss\u00f5es de gases do efeito estufa. Confira.","robots":{"index":"index","follow":"follow","max-snippet":"max-snippet:-1","max-image-preview":"max-image-preview:large","max-video-preview":"max-video-preview:-1"},"canonical":"https:\/\/www.suno.com.br\/noticias\/vale-vale3-investimentos-reducao-emissoes\/","og_locale":"pt_BR","og_type":"article","og_title":"Vale (VALE3) prev\u00ea investimento de at\u00e9 US$ 6 bi para reduzir emiss\u00f5es","og_description":"A Vale (VALE3)\u00a0disse que investir\u00e1 de US$ 4 bilh\u00f5es a US$ 6 bilh\u00f5es at\u00e9 2030 para a redu\u00e7\u00e3o de emiss\u00f5es de gases do efeito estufa. Confira.","og_url":"https:\/\/www.suno.com.br\/noticias\/vale-vale3-investimentos-reducao-emissoes\/","og_site_name":"Suno Not\u00edcias","article_publisher":"https:\/\/facebook.com\/sunoresearch","og_image":[{"width":1200,"height":848,"url":"https:\/\/files.sunoresearch.com.br\/n\/uploads\/2021\/02\/d0e077e4-acoes-vale-vale3-safra.jpg","type":"image\/jpeg"}],"author":"Jader Lazarini","twitter_card":"summary_large_image","twitter_creator":"@sunoresearch","twitter_site":"@sunoresearch","twitter_misc":{"Escrito por":"Jader Lazarini","Est. tempo de leitura":"2 minutos"},"schema":{"@context":"https:\/\/schema.org","@graph":[{"@type":"NewsArticle","@id":"https:\/\/www.suno.com.br\/noticias\/vale-vale3-investimentos-reducao-emissoes\/#article","isPartOf":{"@id":"https:\/\/www.suno.com.br\/noticias\/vale-vale3-investimentos-reducao-emissoes\/"},"author":{"name":"Jader Lazarini","@id":"https:\/\/www.suno.com.br\/noticias\/#\/schema\/person\/918d79de1f0281f01599b93f9ea6e23f"},"headline":"Vale (VALE3) prev\u00ea investimento de at\u00e9 US$ 6 bilh\u00f5es para reduzir emiss\u00f5es","datePublished":"2021-06-24T19:38:14+00:00","dateModified":"2021-06-24T19:38:36+00:00","mainEntityOfPage":{"@id":"https:\/\/www.suno.com.br\/noticias\/vale-vale3-investimentos-reducao-emissoes\/"},"wordCount":474,"publisher":{"@id":"https:\/\/www.suno.com.br\/noticias\/#organization"},"image":{"@id":"https:\/\/www.suno.com.br\/noticias\/vale-vale3-investimentos-reducao-emissoes\/#primaryimage"},"thumbnailUrl":"https:\/\/files.sunoresearch.com.br\/n\/uploads\/2021\/02\/d0e077e4-acoes-vale-vale3-safra-jpg.webp","keywords":["Sustentabilidade","Vale (VALE3)"],"articleSection":["Neg\u00f3cios"],"inLanguage":"pt-BR"},{"@type":"WebPage","@id":"https:\/\/www.suno.com.br\/noticias\/vale-vale3-investimentos-reducao-emissoes\/","url":"https:\/\/www.suno.com.br\/noticias\/vale-vale3-investimentos-reducao-emissoes\/","name":"Vale (VALE3) prev\u00ea investimento de at\u00e9 US$ 6 bi para reduzir emiss\u00f5es","isPartOf":{"@id":"https:\/\/www.suno.com.br\/noticias\/#website"},"primaryImageOfPage":{"@id":"https:\/\/www.suno.com.br\/noticias\/vale-vale3-investimentos-reducao-emissoes\/#primaryimage"},"image":{"@id":"https:\/\/www.suno.com.br\/noticias\/vale-vale3-investimentos-reducao-emissoes\/#primaryimage"},"thumbnailUrl":"https:\/\/files.sunoresearch.com.br\/n\/uploads\/2021\/02\/d0e077e4-acoes-vale-vale3-safra-jpg.webp","datePublished":"2021-06-24T19:38:14+00:00","dateModified":"2021-06-24T19:38:36+00:00","description":"A Vale (VALE3)\u00a0disse que investir\u00e1 de US$ 4 bilh\u00f5es a US$ 6 bilh\u00f5es at\u00e9 2030 para a redu\u00e7\u00e3o de emiss\u00f5es de gases do efeito estufa. Confira.","breadcrumb":{"@id":"https:\/\/www.suno.com.br\/noticias\/vale-vale3-investimentos-reducao-emissoes\/#breadcrumb"},"inLanguage":"pt-BR","potentialAction":[{"@type":"ReadAction","target":["https:\/\/www.suno.com.br\/noticias\/vale-vale3-investimentos-reducao-emissoes\/"]}]},{"@type":"ImageObject","inLanguage":"pt-BR","@id":"https:\/\/www.suno.com.br\/noticias\/vale-vale3-investimentos-reducao-emissoes\/#primaryimage","url":"https:\/\/files.sunoresearch.com.br\/n\/uploads\/2021\/02\/d0e077e4-acoes-vale-vale3-safra-jpg.webp","contentUrl":"https:\/\/files.sunoresearch.com.br\/n\/uploads\/2021\/02\/d0e077e4-acoes-vale-vale3-safra-jpg.webp","width":1200,"height":848,"caption":"A Vale (VALE3) espera aumentar o pagamento de dividendos com o excedente de caixa nos pr\u00f3ximos trimestres."},{"@type":"BreadcrumbList","@id":"https:\/\/www.suno.com.br\/noticias\/vale-vale3-investimentos-reducao-emissoes\/#breadcrumb","itemListElement":[{"@type":"ListItem","position":1,"name":"Not\u00edcias","item":"https:\/\/www.suno.com.br\/noticias\/"},{"@type":"ListItem","position":2,"name":"Neg\u00f3cios","item":"https:\/\/www.suno.com.br\/noticias\/negocios\/"},{"@type":"ListItem","position":3,"name":"Vale (VALE3) prev\u00ea investimento de at\u00e9 US$ 6 bilh\u00f5es para reduzir emiss\u00f5es"}]},{"@type":"WebSite","@id":"https:\/\/www.suno.com.br\/noticias\/#website","url":"https:\/\/www.suno.com.br\/noticias\/","name":"Suno Not\u00edcias","description":"Seu portal de informa\u00e7\u00e3o sobre o mundo dos investimentos","publisher":{"@id":"https:\/\/www.suno.com.br\/noticias\/#organization"},"potentialAction":[{"@type":"SearchAction","target":{"@type":"EntryPoint","urlTemplate":"https:\/\/www.suno.com.br\/noticias\/?s={search_term_string}"},"query-input":{"@type":"PropertyValueSpecification","valueRequired":true,"valueName":"search_term_string"}}],"inLanguage":"pt-BR"},{"@type":"Organization","@id":"https:\/\/www.suno.com.br\/noticias\/#organization","name":"Suno Not\u00edcias","url":"https:\/\/www.suno.com.br\/noticias\/","logo":{"@type":"ImageObject","inLanguage":"pt-BR","@id":"https:\/\/www.suno.com.br\/noticias\/#\/schema\/logo\/image\/","url":"https:\/\/files.sunoresearch.com.br\/n\/uploads\/2021\/09\/suno-logo.png","contentUrl":"https:\/\/files.sunoresearch.com.br\/n\/uploads\/2021\/09\/suno-logo.png","width":180,"height":180,"caption":"Suno Not\u00edcias"},"image":{"@id":"https:\/\/www.suno.com.br\/noticias\/#\/schema\/logo\/image\/"},"sameAs":["https:\/\/facebook.com\/sunoresearch","https:\/\/x.com\/sunoresearch","https:\/\/www.instagram.com\/suno","https:\/\/www.linkedin.com\/company\/suno-research\/","https:\/\/www.youtube.com\/c\/sunoresearch"]},{"@type":"Person","@id":"https:\/\/www.suno.com.br\/noticias\/#\/schema\/person\/918d79de1f0281f01599b93f9ea6e23f","name":"Jader Lazarini","image":{"@type":"ImageObject","inLanguage":"pt-BR","@id":"https:\/\/www.suno.com.br\/noticias\/#\/schema\/person\/image\/","url":"https:\/\/secure.gravatar.com\/avatar\/3c1ad8caa51589841baeb923fcddea97?s=96&r=g","contentUrl":"https:\/\/secure.gravatar.com\/avatar\/3c1ad8caa51589841baeb923fcddea97?s=96&r=g","caption":"Jader Lazarini"},"description":"Jader Lazarini escreve sobre investimentos, finan\u00e7as, economia e neg\u00f3cios. \u00c9 bacharel em Rela\u00e7\u00f5es Internacionais e analista CNPI (2619).","url":"https:\/\/www.suno.com.br\/noticias\/author\/jader-lazarini\/"}]}},"default_loop_html":"<div class=\"cardsPage__listCard__boxs\"><div class=\"cardsPage__listCard__boxs__img\"><a href=\"https:\/\/www.suno.com.br\/noticias\/vale-vale3-investimentos-reducao-emissoes\/\"><img class=\"mask\" src=\"https:\/\/www.suno.com.br\/noticias\/wp-content\/themes\/suno\/resources\/images\/spotlight\/spotlight1img\/bg-mask.png\" alt=\"Image Mask\"\/><img src=\"https:\/\/files.sunoresearch.com.br\/n\/uploads\/2021\/02\/d0e077e4-acoes-vale-vale3-safra-400x200.webp\" alt=\"Vale (VALE3) prev\u00ea investimento de at\u00e9 US$ 6 bilh\u00f5es para reduzir emiss\u00f5es\"\/><\/a><span class=\"spotlightCategory\"><a href=\"https:\/\/www.suno.com.br\/noticias\/negocios\/\">Neg\u00f3cios<\/a><\/span><\/div><div class=\"cardsPage__listCard__boxs__content\"><a href=\"https:\/\/www.suno.com.br\/noticias\/vale-vale3-investimentos-reducao-emissoes\/\"><h2 class=\"content__title\">Vale (VALE3) prev\u00ea investimento de at\u00e9 US$ 6 bilh\u00f5es para reduzir emiss\u00f5es<\/h2><\/a><div class=\"newsContent__article__meta\"><div class=\"newsContent__article__meta__authorBox\"><a href=\"https:\/\/www.suno.com.br\/noticias\/author\/jader-lazarini\/\" class=\"authorBox__avatar noMobi\"><img src=\"https:\/\/files.sunoresearch.com.br\/n\/uploads\/2021\/01\/178e6598-foto-perfil-2-150x150.jpg\" alt=\"Jader Lazarini\"><\/a><div class=\"authorBox__name\"><span>por\n\t\t\t<a href=\"https:\/\/www.suno.com.br\/noticias\/author\/jader-lazarini\/\"><span itemprop=\"author\">Jader Lazarini<\/span><\/a><\/span><time datetime=\"2021-06-24T16:38:14-03:00\" itemprop=\"datePublished\">24\/06\/2021 16:38<\/time><\/div><\/div><\/div><\/div><\/div>","single_layout":"posts","amp_enabled":true,"_links":{"self":[{"href":"https:\/\/www.suno.com.br\/noticias\/wp-json\/wp\/v2\/posts\/161005"}],"collection":[{"href":"https:\/\/www.suno.com.br\/noticias\/wp-json\/wp\/v2\/posts"}],"about":[{"href":"https:\/\/www.suno.com.br\/noticias\/wp-json\/wp\/v2\/types\/post"}],"author":[{"embeddable":true,"href":"https:\/\/www.suno.com.br\/noticias\/wp-json\/wp\/v2\/users\/24"}],"replies":[{"embeddable":true,"href":"https:\/\/www.suno.com.br\/noticias\/wp-json\/wp\/v2\/comments?post=161005"}],"version-history":[{"count":2,"href":"https:\/\/www.suno.com.br\/noticias\/wp-json\/wp\/v2\/posts\/161005\/revisions"}],"predecessor-version":[{"id":161054,"href":"https:\/\/www.suno.com.br\/noticias\/wp-json\/wp\/v2\/posts\/161005\/revisions\/161054"}],"wp:featuredmedia":[{"embeddable":true,"href":"https:\/\/www.suno.com.br\/noticias\/wp-json\/wp\/v2\/media\/127012"}],"wp:attachment":[{"href":"https:\/\/www.suno.com.br\/noticias\/wp-json\/wp\/v2\/media?parent=161005"}],"wp:term":[{"taxonomy":"category","embeddable":true,"href":"https:\/\/www.suno.com.br\/noticias\/wp-json\/wp\/v2\/categories?post=161005"},{"taxonomy":"post_tag","embeddable":true,"href":"https:\/\/www.suno.com.br\/noticias\/wp-json\/wp\/v2\/tags?post=161005"},{"taxonomy":"suno_strategy","embeddable":true,"href":"https:\/\/www.suno.com.br\/noticias\/wp-json\/wp\/v2\/suno_strategy?post=161005"}],"curies":[{"name":"wp","href":"https:\/\/api.w.org\/{rel}","templated":true}]}}