{"id":160974,"date":"2021-07-03T10:00:15","date_gmt":"2021-07-03T13:00:15","guid":{"rendered":"https:\/\/www.suno.com.br\/noticias\/?p=160974"},"modified":"2021-07-01T09:38:26","modified_gmt":"2021-07-01T12:38:26","slug":"mos-capital-varejo","status":"publish","type":"post","link":"https:\/\/www.suno.com.br\/noticias\/mos-capital-varejo\/","title":{"rendered":"MOS Capital busca ser s\u00f3cia das empresas e mira fundo para varejo"},"content":{"rendered":"<p>Quem busca investir em uma empresa por meio do <a class=\"suno-keyword\" href=\"https:\/\/www.suno.com.br\/artigos\/mercado-de-capitais-conceito\/\" target=\"_blank\" rel=\"noopener noreferrer\" data-force=\"no\" data-priority=\"1\">mercado de capitais<\/a> deve levar em considera\u00e7\u00e3o aspectos reais e fazer uma avalia\u00e7\u00e3o sobre a possibilidade de se tornar um s\u00f3cio de <a class=\"suno-keyword\" href=\"https:\/\/www.suno.com.br\/artigos\/longo-prazo\/\" target=\"_blank\" rel=\"noopener noreferrer\" data-force=\"no\" data-priority=\"1\">longo prazo<\/a> antes da tomada de decis\u00e3o de compra de um papel ou outro. A avalia\u00e7\u00e3o \u00e9 de Fernando Fanchin, s\u00f3cio e gestor da <strong>MOS Capital<\/strong>, que deve lan\u00e7ar em breve um fundo com acesso aos investidores pessoas f\u00edsicas.<\/p>\t<div class=\"wrapper-featured-image\">\n\t\t<figure class=\"spotlightImg\">\n\n\t\t\t<picture>\n\t\t\t\t<source media=\"(max-width: 768px)\" srcset=\"https:\/\/files.sunoresearch.com.br\/n\/uploads\/2021\/04\/7fe0e72e-chart-2785979_1280-400x200.webp\">\n\t\t\t\t<img loading=\"lazy\" decoding=\"async\" class=\"newsContent__article__imgCapa lazyloadDisabled \" src=\"https:\/\/files.sunoresearch.com.br\/n\/uploads\/2021\/04\/7fe0e72e-chart-2785979_1280-800x450.webp\" width=\"800\" height=\"450\" alt=\"MOS Capital busca ser s\u00f3cia das empresas e mira fundo para varejo\" fetchpriority=high \/>\n\t\t\t<\/picture>\n\n\t\t\t<figcaption class=\"wp-caption-text wp-caption-text--show\">Empresas, OKRs: Foto: Goumbik, por Pixabay.<\/figcaption>\n\t\t<\/figure>\n\t<\/div>\n\n\n\t<p>\n\t\t<a href=\"https:\/\/lp.suno.com.br\/planilha-controle-gastos\/\" target=\"_blank\" data-element=\"shortcode-suno-banner\" title=\"Banner SUNO, clique e saiba mais\">\n\t\t\t<picture>\n\t\t\t\t<source media=\"(max-width: 500px)\" srcset=\"https:\/\/files.sunoresearch.com.br\/n\/uploads\/2023\/03\/400x300-Planilha-controle-de-gastos.png\">\n\t\t\t\t<img class=\"newsContent__article__imgCapa newsContent__article__imgCapa--banner\"\n\t\t\t\t\tsrc=\"https:\/\/files.sunoresearch.com.br\/n\/uploads\/2023\/03\/1420x240-Planilha-controle-de-gastos.png\"\n\t\t\t\t\tdata-promo-id=\"101751\"\t\t\t\t\t\t\t\t\t\twidth='1420' height='240'\t\t\t\t\talt=\"https:\/\/files.sunoresearch.com.br\/n\/uploads\/2023\/03\/1420x240-Planilha-controle-de-gastos.png\"\n\t\t\t\t>\n\t\t\t<\/picture>\n\t\t<\/a>\n\t<\/p>\n\n\n<p>&#8220;Procuramos empresas em que n\u00f3s fiquemos confort\u00e1veis em sermos s\u00f3cios. Imagina se voc\u00ea recebesse um convite de um amigo para ser s\u00f3cio em um restaurante, o que voc\u00ea faria? Iria analisar a pessoa, como s\u00e3o os economics do neg\u00f3cio e se ele possui um pre\u00e7o atrativo&#8221;, conta Fanchin.<\/p>\n<p>De acordo com o gestor, a MOS Capital busca pre\u00e7os razo\u00e1veis, com uma boa <a class=\"suno-keyword\" href=\"https:\/\/www.suno.com.br\/artigos\/a-importancia-da-margem-de-seguranca\/\" target=\"_blank\" rel=\"noopener noreferrer\" data-force=\"no\" data-priority=\"1\">margem de seguran\u00e7a<\/a>, o que faz com que a<strong> gestora<\/strong> n\u00e3o opere sempre, mas tente operar de maneira certeira. N\u00e3o \u00e0 toa, MOS vem de margin of safety (margem de seguran\u00e7a, em ingl\u00eas).<\/p>\n<p>&#8220;Eu fa\u00e7o essa simplifica\u00e7\u00e3o para dizer que procuramos empresas a pre\u00e7os razo\u00e1veis, empresas que voc\u00ea compra sem data para vender. N\u00e3o temos problema em passar semanas sem um trade sequer. Olhamos a qualidade do neg\u00f3cio, gerando retorno sobre capital, crescendo resultados? Vemos quem s\u00e3o os s\u00f3cios, mas o <em>valuation<\/em> tem que estar relativamente descontado&#8221;, afirmou.<\/p>\n\t<p>\n\t\t<a href=\"https:\/\/lp.suno.com.br\/planilha-da-vida-financeira\/\" target=\"_blank\" data-element=\"shortcode-suno-banner\" title=\"Banner SUNO, clique e saiba mais\">\n\t\t\t<picture>\n\t\t\t\t<source media=\"(max-width: 500px)\" srcset=\"https:\/\/files.sunoresearch.com.br\/n\/uploads\/2023\/04\/400x300-Planilha-vida-financeira-true.png\">\n\t\t\t\t<img class=\"newsContent__article__imgCapa newsContent__article__imgCapa--banner\"\n\t\t\t\t\tsrc=\"https:\/\/files.sunoresearch.com.br\/n\/uploads\/2023\/04\/1420x240-Planilha-vida-financeira-true.png\"\n\t\t\t\t\tdata-promo-id=\"106682\"\t\t\t\t\t\t\t\t\t\twidth='1420' height='240'\t\t\t\t\talt=\"https:\/\/files.sunoresearch.com.br\/n\/uploads\/2023\/04\/1420x240-Planilha-vida-financeira-true.png\"\n\t\t\t\t>\n\t\t\t<\/picture>\n\t\t<\/a>\n\t<\/p>\n\n\n<p>Sobre uma poss\u00edvel mudan\u00e7a no mercado, com taxas de juros abandonando as faixas historicamente baixas no Brasil e em outros locais do mundo, a MOS Capital cr\u00ea que empresas s\u00f3lidas devem sobreviver de qualquer maneira.<\/p>\n<p>&#8220;Empresas que tem <a class=\"suno-keyword\" href=\"https:\/\/www.suno.com.br\/artigos\/geracao-de-caixa\/\" target=\"_blank\" rel=\"noopener noreferrer\" data-force=\"no\" data-priority=\"1\">gera\u00e7\u00e3o de caixa<\/a> ter\u00e3o uma vantagem mais evidente. Ser\u00e1 que essas empresas que n\u00e3o geram caixa v\u00e3o sobreviver nesse ambiente de taxa de juros mais altas? Talvez n\u00e3o. Ent\u00e3o temos a maior parte do portf\u00f3lio mais previs\u00edveis e inclusive que aguentem algum desaforo pol\u00edtico&#8221;, afirmou Fanchin.<\/p>\n<p>Confira a entrevista do <strong>SUNO Not\u00edcias<\/strong> com Fernando Fanchin, s\u00f3cio e gestor da MOS Capital:<\/p>\n<p style=\"text-align: center;\"><span style=\"font-size: 19.4286px; text-align: center;\">\u00a0\u2666<\/span><\/p>\n<p><strong>-Como foi o come\u00e7o da MOS?<\/strong><br \/>\nA MOS no formato atual existe h\u00e1 9 meses. Ent\u00e3o, a gente como MOS, neste formato, \u00e9 uma gestora nova. N\u00f3s evolu\u00edmos de uma gestora que j\u00e1 existia, que chamava <strong>Teorema<\/strong>, e existiu de 2007 a 2020 essencialmente como uma gestora familiar.<\/p>\n<p>Eu trabalho com investimentos h\u00e1 15 anos e passei oito anos na <strong>Rio Bravo<\/strong>, fui um dos s\u00f3cios da \u00e1rea de gest\u00e3o de equities. Essa unidade da Rio Bravo, de public equities, tinha como s\u00f3cio minorit\u00e1rio o Guilherme Afonso Ferreira e fam\u00edlia, e, em paralelo, a Teorema existia como uma gestora familiar e fazia somente fundos de equities.<\/p>\n<p>Quando eu sa\u00ed da Rio Bravo, acabei indo em 2015 para a Teorema para tornar a gestora uma gestora de mercado e, a partir de 2016, comecei a tocar o fundo. Ent\u00e3o, embora a MOS exista h\u00e1 nove meses, a cota dos meus fundos j\u00e1 t\u00eam mais de cinco anos, que \u00e9 do in\u00edcio de 2016.<\/p>\n<p>Ent\u00e3o, eu comecei a tocar o fundo e, em 2016, 2017 e 2018, o fundo foi muito bem e isso nos motivou a pensar que est\u00e1vamos prontos para mostrar o produto para outras pessoas.<\/p>\n<p>De 2018 a 2019, tentamos mostrar o nosso produto e captar dinheiro de fora. Com a pandemia, come\u00e7amos a refletir como poder\u00edamos achar bons profissionais para estruturar o fundo e decidimos por transformar ela em uma partnership verdadeira.<\/p>\n<p>Essa transforma\u00e7\u00e3o foi importante porque mudamos o quadro societ\u00e1rio e hoje temos o controle da gestora nas m\u00e3os dos executivos. A fam\u00edlia deve reduzir a participa\u00e7\u00e3o, ent\u00e3o hoje temos 80% do capital da sociedade nas m\u00e3os dos executivos e 20% para a fam\u00edlia, mas ao longo dos pr\u00f3ximos cinco anos podemos comprar 10% e a partir do ano oito, comprar o restante.<\/p>\n<p>Agora, j\u00e1 temos mostrado nosso fundo para fora e estamos nas principais plataformas, temos v\u00e1rias conversas abertas com alocadores brasileiros e estrangeiros.<\/p>\n<p>Vamos lan\u00e7ar um <strong><a class=\"suno-keyword\" href=\"https:\/\/www.suno.com.br\/artigos\/fundo-previdencia\/\" target=\"_blank\" rel=\"noopener noreferrer\" data-force=\"no\" data-priority=\"1\">fundo de previd\u00eancia<\/a> privada<\/strong> de a\u00e7\u00f5es, que \u00e9 60% bolsa Brasil e 40% bolsa global. No semestre que vem, deve chegar um fundo institucional e outro para o investidor de varejo.\u00a0Hoje nossos dois fundos s\u00e3o para investidores qualificados.<\/p>\n<p>MOS vem de margin of safety (margem de seguran\u00e7a, em ingl\u00eas) e reflete um pouco da nossa filosofia.<\/p>\n<p><strong>-O que levou voc\u00eas a planejarem essa migra\u00e7\u00e3o em busca do investidor de varejo?<\/strong><br \/>\nPara a gente \u00e9 importante ter o fundo para o varejo pois, na verdade, ele atende dois p\u00fablicos, tanto o varejo quanto o fundo de pens\u00e3o. Embora eles invistam bilh\u00f5es em ativos de risco, eles n\u00e3o s\u00e3o considerados a parte pela legisla\u00e7\u00e3o. Ent\u00e3o existe uma legisla\u00e7\u00e3o espec\u00edfica e ela define uma s\u00e9rie de crit\u00e9rios e restri\u00e7\u00f5es para fundos de pens\u00f5es investirem em fundos como o nosso.<\/p>\n<p><strong>-E como \u00e9 a filosofia de investimentos da MOS?<\/strong><br \/>\nProcuramos empresas em que n\u00f3s fiquemos confort\u00e1veis em sermos s\u00f3cios. Imagina se voc\u00ea recebesse um convite de um amigo para ser s\u00f3cio em um restaurante, o que voc\u00ea faria? Iria analisar a pessoa, como s\u00e3o os economics do neg\u00f3cio e se ele possui um pre\u00e7o atrativo.<\/p>\n<p>Ent\u00e3o, eu fa\u00e7o essa simplifica\u00e7\u00e3o para dizer que procuramos empresas a pre\u00e7os razo\u00e1veis, empresas que voc\u00ea compra sem data para vender. N\u00e3o temos problema em passar semanas sem um trade sequer. Olhamos a qualidade do neg\u00f3cio, gerando retorno sobre capital, crescendo resultados? Vemos quem s\u00e3o os s\u00f3cios, mas o <em>valuation<\/em> tem que estar relativamente descontado.<\/p>\n<p>E a\u00ed tem uma coisa que fazemos tamb\u00e9m, que desenvolvemos internamente, que \u00e9 uma matriz para determinar o que \u00e9 uma aloca\u00e7\u00e3o alvo no ponto daquela empresa. Ent\u00e3o, temos um sistema, que criamos varias notas para as empesas.<\/p>\n<p>Na <strong>Eneva<\/strong> (ENEV3), por exemplo, \u00e9 uma \u00f3tima posi\u00e7\u00e3o, gostamos das pessoas, do modelo de neg\u00f3cio, mas est\u00e1 em um pre\u00e7o que achamos um pouco caro. Ent\u00e3o, j\u00e1 tivemos 15%, hoje temos 7% do fundo em Eneva.<\/p>\n<p>De um horizonte de 40 empresas, conseguimos ficar muito pr\u00f3ximos e agir no p\u00e2nico e na euforia reduzindo a aloca\u00e7\u00e3o, deixando o fundo mais leve para uma eventual corre\u00e7\u00e3o.<\/p>\n<p>O fundo \u00e9 de retornos suficientemente de 15% a 20% ao ano e temos conseguido entregar o retorno com n\u00edvel de volatilidade e de risco menor que a m\u00e9dia. Quando olhamos nosso \u00edndice de sharp s\u00e3o \u00edndices muito bons.<\/p>\n<p>Achamos que nosso fundo voc\u00ea pode carregar tranquilo. Ele talvez n\u00e3o seja o maior retorno na alta, mas ele vai se defender melhor no p\u00e2nico e te dar bons retornos na m\u00e9dia.<\/p>\n<p><strong>-E como alocar nesse novo cen\u00e1rio?<br \/>\n<\/strong>Hoje, estamos mais alocados que o usual, ent\u00e3o eu quero dizer que o fundo est\u00e1 quase 100% comprado. Isso n\u00e3o \u00e9 uma decis\u00e3o que indica se temos que aumentar ou reduzir as posi\u00e7\u00f5es, mas temos visto muitas empresas que gostamos negociando a pre\u00e7os atrativos.<\/p>\n<p>Embora o \u00edndice esteja na alta, ele reflete muito commodity, ent\u00e3o as empresas do mercado interno tamb\u00e9m n\u00e3o se recuperaram como deveriam.<\/p>\n<p>Al\u00e9m disso, j\u00e1 olhamos um cen\u00e1rio de alta de taxa de juros, ent\u00e3o o que a gente viu nos \u00faltimos dez anos em um ambiente de taxa de juros extremamente baixas para fomentar crescimento, gradativamente iremos caminhar para o cen\u00e1rio onde o <a class=\"suno-keyword\" href=\"https:\/\/www.suno.com.br\/artigos\/custo-de-capital\/\" target=\"_blank\" rel=\"noopener noreferrer\" data-force=\"no\" data-priority=\"1\">custo de capital<\/a> e oportunidade ser\u00e1 maior.<\/p>\n<p>Empresas que tem gera\u00e7\u00e3o de caixa ter\u00e3o uma vantagem mais evidente. Ser\u00e1 que essas empresas que n\u00e3o geram caixa v\u00e3o sobreviver nesse ambiente de taxa de juros mais altas? Talvez n\u00e3o. Ent\u00e3o temos a maior parte do portf\u00f3lio mais previs\u00edveis e inclusive que aguentem algum desaforo pol\u00edtico.<\/p>\n<p>Essas pessoas f\u00edsicas n\u00e3o podem se iludir com os ganhos f\u00e1ceis dos \u00faltimos anos. Em um ambiente de um <a class=\"suno-keyword\" href=\"https:\/\/www.suno.com.br\/artigos\/custo-oportunidade\/\" target=\"_blank\" rel=\"noopener noreferrer\" data-force=\"no\" data-priority=\"1\">custo de oportunidade<\/a> um pouco maior, essas discrep\u00e2ncias poder\u00e3o ser corrigidas.<\/p>\n<p>Temos Energisa, Rumo, B3, M.Dias Branco e Camil. Elas s\u00e3o as cinco maiores posi\u00e7\u00f5es. Na outra ponta, temos algo mais de crescimento, que s\u00e3o XP e Meli.<\/p>\n<p><strong>-A MOS Capital tamb\u00e9m olha para o exterior?<br \/>\n<\/strong>Sim e \u00e9 um processo muito semelhante, mas n\u00e3o \u00e9 igual. Aqui olhamos all caps, L\u00e1 nos EUA, a gente geralmente fica em empresas maiores, ent\u00e3o temos hoje a Berkshire, Citybank, Johnson, Disney, Amazon, ent\u00e3o s\u00e3o empresas em geral que t\u00eam um jeito de large capital.<\/p>\n\t<p>\n\t\t<a href=\"https:\/\/lp.suno.com.br\/planilha-de-controle-de-investimentos\/\" target=\"_blank\" data-element=\"shortcode-suno-banner\" title=\"Banner SUNO, clique e saiba mais\">\n\t\t\t<picture>\n\t\t\t\t<source media=\"(max-width: 500px)\" srcset=\"https:\/\/files.sunoresearch.com.br\/n\/uploads\/2023\/03\/400x300-Controle-de-Investimentos.png\">\n\t\t\t\t<img class=\"newsContent__article__imgCapa newsContent__article__imgCapa--banner\"\n\t\t\t\t\tsrc=\"https:\/\/files.sunoresearch.com.br\/n\/uploads\/2023\/03\/1420x240-Controle-de-Investimentos.png\"\n\t\t\t\t\tdata-promo-id=\"75934\"\t\t\t\t\t\t\t\t\t\twidth='1420' height='240'\t\t\t\t\talt=\"https:\/\/files.sunoresearch.com.br\/n\/uploads\/2023\/03\/1420x240-Controle-de-Investimentos.png\"\n\t\t\t\t>\n\t\t\t<\/picture>\n\t\t<\/a>\n\t<\/p>\n\n\n","protected":false},"excerpt":{"rendered":"<p>Quem busca investir em uma empresa por meio do mercado de capitais deve levar em considera\u00e7\u00e3o aspectos reais e fazer uma avalia\u00e7\u00e3o sobre a possibilidade de se tornar um s\u00f3cio de longo prazo antes da tomada de decis\u00e3o de compra de um papel ou outro. A avalia\u00e7\u00e3o \u00e9 de Fernando Fanchin, s\u00f3cio e gestor da [&hellip;]<\/p>\n","protected":false},"author":27,"featured_media":138264,"comment_status":"closed","ping_status":"closed","sticky":false,"template":"","format":"standard","meta":[],"categories":[1278],"tags":[105525,106466],"suno_strategy":[],"class_list":["post-160974","post","type-post","status-publish","format-standard","has-post-thumbnail","hentry","category-entrevistas","tag-especial-gestores","tag-mos-capital"],"yoast_head":"<!-- This site is optimized with the Yoast SEO plugin v24.4 - https:\/\/yoast.com\/wordpress\/plugins\/seo\/ -->\n<title>MOS Capital busca ser s\u00f3cia das empresas e mira fundo para varejo<\/title>\n<meta name=\"description\" content=\"Segundo gestor da MOS Capital, gestora olha para empresas nas quais se sinta confort\u00e1vel em ser s\u00f3cia. Clique para ler mais sobre.\" \/>\n<meta name=\"robots\" content=\"index, follow, max-snippet:-1, max-image-preview:large, max-video-preview:-1\" \/>\n<link rel=\"canonical\" href=\"https:\/\/www.suno.com.br\/noticias\/mos-capital-varejo\/\" \/>\n<meta property=\"og:locale\" content=\"pt_BR\" \/>\n<meta property=\"og:type\" content=\"article\" \/>\n<meta property=\"og:title\" content=\"MOS Capital busca ser s\u00f3cia das empresas e mira fundo para varejo\" \/>\n<meta property=\"og:description\" content=\"Segundo gestor da MOS Capital, gestora olha para empresas nas quais se sinta confort\u00e1vel em ser s\u00f3cia. Clique para ler mais sobre.\" \/>\n<meta property=\"og:url\" content=\"https:\/\/www.suno.com.br\/noticias\/mos-capital-varejo\/\" \/>\n<meta property=\"og:site_name\" content=\"Suno Not\u00edcias\" \/>\n<meta property=\"article:publisher\" content=\"https:\/\/facebook.com\/sunoresearch\" \/>\n<meta property=\"og:image\" content=\"https:\/\/files.sunoresearch.com.br\/n\/uploads\/2021\/04\/7fe0e72e-chart-2785979_1280.jpg\" \/>\n\t<meta property=\"og:image:width\" content=\"1280\" \/>\n\t<meta property=\"og:image:height\" content=\"847\" \/>\n\t<meta property=\"og:image:type\" content=\"image\/jpeg\" \/>\n<meta name=\"author\" content=\"Vinicius Pereira\" \/>\n<meta name=\"twitter:card\" content=\"summary_large_image\" \/>\n<meta name=\"twitter:creator\" content=\"@https:\/\/twitter.com\/viniciuspjornal\" \/>\n<meta name=\"twitter:site\" content=\"@sunoresearch\" \/>\n<meta name=\"twitter:label1\" content=\"Escrito por\" \/>\n\t<meta name=\"twitter:data1\" content=\"Vinicius Pereira\" \/>\n\t<meta name=\"twitter:label2\" content=\"Est. tempo de leitura\" \/>\n\t<meta name=\"twitter:data2\" content=\"7 minutos\" \/>\n<script type=\"application\/ld+json\" class=\"yoast-schema-graph\">{\"@context\":\"https:\/\/schema.org\",\"@graph\":[{\"@type\":\"NewsArticle\",\"@id\":\"https:\/\/www.suno.com.br\/noticias\/mos-capital-varejo\/#article\",\"isPartOf\":{\"@id\":\"https:\/\/www.suno.com.br\/noticias\/mos-capital-varejo\/\"},\"author\":{\"name\":\"Vinicius Pereira\",\"@id\":\"https:\/\/www.suno.com.br\/noticias\/#\/schema\/person\/a20761b96e4df7eb57f1f9e41be1dbf3\"},\"headline\":\"MOS Capital busca ser s\u00f3cia das empresas e mira fundo para varejo\",\"datePublished\":\"2021-07-03T13:00:15+00:00\",\"mainEntityOfPage\":{\"@id\":\"https:\/\/www.suno.com.br\/noticias\/mos-capital-varejo\/\"},\"wordCount\":1487,\"publisher\":{\"@id\":\"https:\/\/www.suno.com.br\/noticias\/#organization\"},\"image\":{\"@id\":\"https:\/\/www.suno.com.br\/noticias\/mos-capital-varejo\/#primaryimage\"},\"thumbnailUrl\":\"https:\/\/files.sunoresearch.com.br\/n\/uploads\/2021\/04\/7fe0e72e-chart-2785979_1280-jpg.webp\",\"keywords\":[\"especial gestores\",\"MOS Capital\"],\"articleSection\":[\"Entrevistas\"],\"inLanguage\":\"pt-BR\"},{\"@type\":\"WebPage\",\"@id\":\"https:\/\/www.suno.com.br\/noticias\/mos-capital-varejo\/\",\"url\":\"https:\/\/www.suno.com.br\/noticias\/mos-capital-varejo\/\",\"name\":\"MOS Capital busca ser s\u00f3cia das empresas e mira fundo para varejo\",\"isPartOf\":{\"@id\":\"https:\/\/www.suno.com.br\/noticias\/#website\"},\"primaryImageOfPage\":{\"@id\":\"https:\/\/www.suno.com.br\/noticias\/mos-capital-varejo\/#primaryimage\"},\"image\":{\"@id\":\"https:\/\/www.suno.com.br\/noticias\/mos-capital-varejo\/#primaryimage\"},\"thumbnailUrl\":\"https:\/\/files.sunoresearch.com.br\/n\/uploads\/2021\/04\/7fe0e72e-chart-2785979_1280-jpg.webp\",\"datePublished\":\"2021-07-03T13:00:15+00:00\",\"description\":\"Segundo gestor da MOS Capital, gestora olha para empresas nas quais se sinta confort\u00e1vel em ser s\u00f3cia. Clique para ler mais sobre.\",\"breadcrumb\":{\"@id\":\"https:\/\/www.suno.com.br\/noticias\/mos-capital-varejo\/#breadcrumb\"},\"inLanguage\":\"pt-BR\",\"potentialAction\":[{\"@type\":\"ReadAction\",\"target\":[\"https:\/\/www.suno.com.br\/noticias\/mos-capital-varejo\/\"]}]},{\"@type\":\"ImageObject\",\"inLanguage\":\"pt-BR\",\"@id\":\"https:\/\/www.suno.com.br\/noticias\/mos-capital-varejo\/#primaryimage\",\"url\":\"https:\/\/files.sunoresearch.com.br\/n\/uploads\/2021\/04\/7fe0e72e-chart-2785979_1280-jpg.webp\",\"contentUrl\":\"https:\/\/files.sunoresearch.com.br\/n\/uploads\/2021\/04\/7fe0e72e-chart-2785979_1280-jpg.webp\",\"width\":1280,\"height\":847,\"caption\":\"Empresas, OKRs: Foto: Goumbik, por Pixabay.\"},{\"@type\":\"BreadcrumbList\",\"@id\":\"https:\/\/www.suno.com.br\/noticias\/mos-capital-varejo\/#breadcrumb\",\"itemListElement\":[{\"@type\":\"ListItem\",\"position\":1,\"name\":\"Not\u00edcias\",\"item\":\"https:\/\/www.suno.com.br\/noticias\/\"},{\"@type\":\"ListItem\",\"position\":2,\"name\":\"Entrevistas\",\"item\":\"https:\/\/www.suno.com.br\/noticias\/entrevistas\/\"},{\"@type\":\"ListItem\",\"position\":3,\"name\":\"MOS Capital busca ser s\u00f3cia das empresas e mira fundo para varejo\"}]},{\"@type\":\"WebSite\",\"@id\":\"https:\/\/www.suno.com.br\/noticias\/#website\",\"url\":\"https:\/\/www.suno.com.br\/noticias\/\",\"name\":\"Suno Not\u00edcias\",\"description\":\"Seu portal de informa\u00e7\u00e3o sobre o mundo dos investimentos\",\"publisher\":{\"@id\":\"https:\/\/www.suno.com.br\/noticias\/#organization\"},\"potentialAction\":[{\"@type\":\"SearchAction\",\"target\":{\"@type\":\"EntryPoint\",\"urlTemplate\":\"https:\/\/www.suno.com.br\/noticias\/?s={search_term_string}\"},\"query-input\":{\"@type\":\"PropertyValueSpecification\",\"valueRequired\":true,\"valueName\":\"search_term_string\"}}],\"inLanguage\":\"pt-BR\"},{\"@type\":\"Organization\",\"@id\":\"https:\/\/www.suno.com.br\/noticias\/#organization\",\"name\":\"Suno Not\u00edcias\",\"url\":\"https:\/\/www.suno.com.br\/noticias\/\",\"logo\":{\"@type\":\"ImageObject\",\"inLanguage\":\"pt-BR\",\"@id\":\"https:\/\/www.suno.com.br\/noticias\/#\/schema\/logo\/image\/\",\"url\":\"https:\/\/files.sunoresearch.com.br\/n\/uploads\/2021\/09\/suno-logo.png\",\"contentUrl\":\"https:\/\/files.sunoresearch.com.br\/n\/uploads\/2021\/09\/suno-logo.png\",\"width\":180,\"height\":180,\"caption\":\"Suno Not\u00edcias\"},\"image\":{\"@id\":\"https:\/\/www.suno.com.br\/noticias\/#\/schema\/logo\/image\/\"},\"sameAs\":[\"https:\/\/facebook.com\/sunoresearch\",\"https:\/\/x.com\/sunoresearch\",\"https:\/\/www.instagram.com\/suno\",\"https:\/\/www.linkedin.com\/company\/suno-research\/\",\"https:\/\/www.youtube.com\/c\/sunoresearch\"]},{\"@type\":\"Person\",\"@id\":\"https:\/\/www.suno.com.br\/noticias\/#\/schema\/person\/a20761b96e4df7eb57f1f9e41be1dbf3\",\"name\":\"Vinicius Pereira\",\"image\":{\"@type\":\"ImageObject\",\"inLanguage\":\"pt-BR\",\"@id\":\"https:\/\/www.suno.com.br\/noticias\/#\/schema\/person\/image\/\",\"url\":\"https:\/\/secure.gravatar.com\/avatar\/783866b933198f5cc4c5d03fcc8b1301?s=96&r=g\",\"contentUrl\":\"https:\/\/secure.gravatar.com\/avatar\/783866b933198f5cc4c5d03fcc8b1301?s=96&r=g\",\"caption\":\"Vinicius Pereira\"},\"description\":\"Vinicius Pereira foi rep\u00f3rter de economia da Folha de S.Paulo, stringer do jornal no Canad\u00e1 e colaborador de VEJA. J\u00e1 escreveu tamb\u00e9m para BBC Brasil, The Intercept Brasil e UOL. Tem MBA em Informa\u00e7\u00f5es Econ\u00f4mico-Financeiras e Mercado de Capitais pela FIA\/B3.\",\"sameAs\":[\"https:\/\/x.com\/https:\/\/twitter.com\/viniciuspjornal\"],\"url\":\"https:\/\/www.suno.com.br\/noticias\/author\/vinicius-pereira\/\"}]}<\/script>\n<!-- \/ Yoast SEO plugin. -->","yoast_head_json":{"title":"MOS Capital busca ser s\u00f3cia das empresas e mira fundo para varejo","description":"Segundo gestor da MOS Capital, gestora olha para empresas nas quais se sinta confort\u00e1vel em ser s\u00f3cia. Clique para ler mais sobre.","robots":{"index":"index","follow":"follow","max-snippet":"max-snippet:-1","max-image-preview":"max-image-preview:large","max-video-preview":"max-video-preview:-1"},"canonical":"https:\/\/www.suno.com.br\/noticias\/mos-capital-varejo\/","og_locale":"pt_BR","og_type":"article","og_title":"MOS Capital busca ser s\u00f3cia das empresas e mira fundo para varejo","og_description":"Segundo gestor da MOS Capital, gestora olha para empresas nas quais se sinta confort\u00e1vel em ser s\u00f3cia. Clique para ler mais sobre.","og_url":"https:\/\/www.suno.com.br\/noticias\/mos-capital-varejo\/","og_site_name":"Suno Not\u00edcias","article_publisher":"https:\/\/facebook.com\/sunoresearch","og_image":[{"width":1280,"height":847,"url":"https:\/\/files.sunoresearch.com.br\/n\/uploads\/2021\/04\/7fe0e72e-chart-2785979_1280.jpg","type":"image\/jpeg"}],"author":"Vinicius Pereira","twitter_card":"summary_large_image","twitter_creator":"@https:\/\/twitter.com\/viniciuspjornal","twitter_site":"@sunoresearch","twitter_misc":{"Escrito por":"Vinicius Pereira","Est. tempo de leitura":"7 minutos"},"schema":{"@context":"https:\/\/schema.org","@graph":[{"@type":"NewsArticle","@id":"https:\/\/www.suno.com.br\/noticias\/mos-capital-varejo\/#article","isPartOf":{"@id":"https:\/\/www.suno.com.br\/noticias\/mos-capital-varejo\/"},"author":{"name":"Vinicius Pereira","@id":"https:\/\/www.suno.com.br\/noticias\/#\/schema\/person\/a20761b96e4df7eb57f1f9e41be1dbf3"},"headline":"MOS Capital busca ser s\u00f3cia das empresas e mira fundo para varejo","datePublished":"2021-07-03T13:00:15+00:00","mainEntityOfPage":{"@id":"https:\/\/www.suno.com.br\/noticias\/mos-capital-varejo\/"},"wordCount":1487,"publisher":{"@id":"https:\/\/www.suno.com.br\/noticias\/#organization"},"image":{"@id":"https:\/\/www.suno.com.br\/noticias\/mos-capital-varejo\/#primaryimage"},"thumbnailUrl":"https:\/\/files.sunoresearch.com.br\/n\/uploads\/2021\/04\/7fe0e72e-chart-2785979_1280-jpg.webp","keywords":["especial gestores","MOS Capital"],"articleSection":["Entrevistas"],"inLanguage":"pt-BR"},{"@type":"WebPage","@id":"https:\/\/www.suno.com.br\/noticias\/mos-capital-varejo\/","url":"https:\/\/www.suno.com.br\/noticias\/mos-capital-varejo\/","name":"MOS Capital busca ser s\u00f3cia das empresas e mira fundo para varejo","isPartOf":{"@id":"https:\/\/www.suno.com.br\/noticias\/#website"},"primaryImageOfPage":{"@id":"https:\/\/www.suno.com.br\/noticias\/mos-capital-varejo\/#primaryimage"},"image":{"@id":"https:\/\/www.suno.com.br\/noticias\/mos-capital-varejo\/#primaryimage"},"thumbnailUrl":"https:\/\/files.sunoresearch.com.br\/n\/uploads\/2021\/04\/7fe0e72e-chart-2785979_1280-jpg.webp","datePublished":"2021-07-03T13:00:15+00:00","description":"Segundo gestor da MOS Capital, gestora olha para empresas nas quais se sinta confort\u00e1vel em ser s\u00f3cia. Clique para ler mais sobre.","breadcrumb":{"@id":"https:\/\/www.suno.com.br\/noticias\/mos-capital-varejo\/#breadcrumb"},"inLanguage":"pt-BR","potentialAction":[{"@type":"ReadAction","target":["https:\/\/www.suno.com.br\/noticias\/mos-capital-varejo\/"]}]},{"@type":"ImageObject","inLanguage":"pt-BR","@id":"https:\/\/www.suno.com.br\/noticias\/mos-capital-varejo\/#primaryimage","url":"https:\/\/files.sunoresearch.com.br\/n\/uploads\/2021\/04\/7fe0e72e-chart-2785979_1280-jpg.webp","contentUrl":"https:\/\/files.sunoresearch.com.br\/n\/uploads\/2021\/04\/7fe0e72e-chart-2785979_1280-jpg.webp","width":1280,"height":847,"caption":"Empresas, OKRs: Foto: Goumbik, por Pixabay."},{"@type":"BreadcrumbList","@id":"https:\/\/www.suno.com.br\/noticias\/mos-capital-varejo\/#breadcrumb","itemListElement":[{"@type":"ListItem","position":1,"name":"Not\u00edcias","item":"https:\/\/www.suno.com.br\/noticias\/"},{"@type":"ListItem","position":2,"name":"Entrevistas","item":"https:\/\/www.suno.com.br\/noticias\/entrevistas\/"},{"@type":"ListItem","position":3,"name":"MOS Capital busca ser s\u00f3cia das empresas e mira fundo para varejo"}]},{"@type":"WebSite","@id":"https:\/\/www.suno.com.br\/noticias\/#website","url":"https:\/\/www.suno.com.br\/noticias\/","name":"Suno Not\u00edcias","description":"Seu portal de informa\u00e7\u00e3o sobre o mundo dos investimentos","publisher":{"@id":"https:\/\/www.suno.com.br\/noticias\/#organization"},"potentialAction":[{"@type":"SearchAction","target":{"@type":"EntryPoint","urlTemplate":"https:\/\/www.suno.com.br\/noticias\/?s={search_term_string}"},"query-input":{"@type":"PropertyValueSpecification","valueRequired":true,"valueName":"search_term_string"}}],"inLanguage":"pt-BR"},{"@type":"Organization","@id":"https:\/\/www.suno.com.br\/noticias\/#organization","name":"Suno Not\u00edcias","url":"https:\/\/www.suno.com.br\/noticias\/","logo":{"@type":"ImageObject","inLanguage":"pt-BR","@id":"https:\/\/www.suno.com.br\/noticias\/#\/schema\/logo\/image\/","url":"https:\/\/files.sunoresearch.com.br\/n\/uploads\/2021\/09\/suno-logo.png","contentUrl":"https:\/\/files.sunoresearch.com.br\/n\/uploads\/2021\/09\/suno-logo.png","width":180,"height":180,"caption":"Suno Not\u00edcias"},"image":{"@id":"https:\/\/www.suno.com.br\/noticias\/#\/schema\/logo\/image\/"},"sameAs":["https:\/\/facebook.com\/sunoresearch","https:\/\/x.com\/sunoresearch","https:\/\/www.instagram.com\/suno","https:\/\/www.linkedin.com\/company\/suno-research\/","https:\/\/www.youtube.com\/c\/sunoresearch"]},{"@type":"Person","@id":"https:\/\/www.suno.com.br\/noticias\/#\/schema\/person\/a20761b96e4df7eb57f1f9e41be1dbf3","name":"Vinicius Pereira","image":{"@type":"ImageObject","inLanguage":"pt-BR","@id":"https:\/\/www.suno.com.br\/noticias\/#\/schema\/person\/image\/","url":"https:\/\/secure.gravatar.com\/avatar\/783866b933198f5cc4c5d03fcc8b1301?s=96&r=g","contentUrl":"https:\/\/secure.gravatar.com\/avatar\/783866b933198f5cc4c5d03fcc8b1301?s=96&r=g","caption":"Vinicius Pereira"},"description":"Vinicius Pereira foi rep\u00f3rter de economia da Folha de S.Paulo, stringer do jornal no Canad\u00e1 e colaborador de VEJA. J\u00e1 escreveu tamb\u00e9m para BBC Brasil, The Intercept Brasil e UOL. Tem MBA em Informa\u00e7\u00f5es Econ\u00f4mico-Financeiras e Mercado de Capitais pela FIA\/B3.","sameAs":["https:\/\/x.com\/https:\/\/twitter.com\/viniciuspjornal"],"url":"https:\/\/www.suno.com.br\/noticias\/author\/vinicius-pereira\/"}]}},"default_loop_html":"<div class=\"cardsPage__listCard__boxs\"><div class=\"cardsPage__listCard__boxs__img\"><a href=\"https:\/\/www.suno.com.br\/noticias\/mos-capital-varejo\/\"><img class=\"mask\" src=\"https:\/\/www.suno.com.br\/noticias\/wp-content\/themes\/suno\/resources\/images\/spotlight\/spotlight1img\/bg-mask.png\" alt=\"Image Mask\"\/><img src=\"https:\/\/files.sunoresearch.com.br\/n\/uploads\/2021\/04\/7fe0e72e-chart-2785979_1280-400x200.webp\" alt=\"MOS Capital busca ser s\u00f3cia das empresas e mira fundo para varejo\"\/><\/a><span class=\"spotlightCategory\"><a href=\"https:\/\/www.suno.com.br\/noticias\/entrevistas\/\">Entrevistas<\/a><\/span><\/div><div class=\"cardsPage__listCard__boxs__content\"><a href=\"https:\/\/www.suno.com.br\/noticias\/mos-capital-varejo\/\"><h2 class=\"content__title\">MOS Capital busca ser s\u00f3cia das empresas e mira fundo para varejo<\/h2><\/a><div class=\"newsContent__article__meta\"><div class=\"newsContent__article__meta__authorBox\"><a href=\"https:\/\/www.suno.com.br\/noticias\/author\/vinicius-pereira\/\" class=\"authorBox__avatar noMobi\"><img src=\"https:\/\/files.sunoresearch.com.br\/n\/uploads\/2020\/08\/77510613-whatsapp-image-2020-08-03-at-13.40.40-150x150.webp\" alt=\"Vinicius Pereira\"><\/a><div class=\"authorBox__name\"><span>por\n\t\t\t<a href=\"https:\/\/www.suno.com.br\/noticias\/author\/vinicius-pereira\/\"><span itemprop=\"author\">Vinicius Pereira<\/span><\/a><\/span><time datetime=\"2021-07-03T10:00:15-03:00\" itemprop=\"datePublished\">03\/07\/2021 10:00<\/time><\/div><\/div><\/div><\/div><\/div>","single_layout":"posts","amp_enabled":true,"_links":{"self":[{"href":"https:\/\/www.suno.com.br\/noticias\/wp-json\/wp\/v2\/posts\/160974"}],"collection":[{"href":"https:\/\/www.suno.com.br\/noticias\/wp-json\/wp\/v2\/posts"}],"about":[{"href":"https:\/\/www.suno.com.br\/noticias\/wp-json\/wp\/v2\/types\/post"}],"author":[{"embeddable":true,"href":"https:\/\/www.suno.com.br\/noticias\/wp-json\/wp\/v2\/users\/27"}],"replies":[{"embeddable":true,"href":"https:\/\/www.suno.com.br\/noticias\/wp-json\/wp\/v2\/comments?post=160974"}],"version-history":[{"count":3,"href":"https:\/\/www.suno.com.br\/noticias\/wp-json\/wp\/v2\/posts\/160974\/revisions"}],"predecessor-version":[{"id":162786,"href":"https:\/\/www.suno.com.br\/noticias\/wp-json\/wp\/v2\/posts\/160974\/revisions\/162786"}],"wp:featuredmedia":[{"embeddable":true,"href":"https:\/\/www.suno.com.br\/noticias\/wp-json\/wp\/v2\/media\/138264"}],"wp:attachment":[{"href":"https:\/\/www.suno.com.br\/noticias\/wp-json\/wp\/v2\/media?parent=160974"}],"wp:term":[{"taxonomy":"category","embeddable":true,"href":"https:\/\/www.suno.com.br\/noticias\/wp-json\/wp\/v2\/categories?post=160974"},{"taxonomy":"post_tag","embeddable":true,"href":"https:\/\/www.suno.com.br\/noticias\/wp-json\/wp\/v2\/tags?post=160974"},{"taxonomy":"suno_strategy","embeddable":true,"href":"https:\/\/www.suno.com.br\/noticias\/wp-json\/wp\/v2\/suno_strategy?post=160974"}],"curies":[{"name":"wp","href":"https:\/\/api.w.org\/{rel}","templated":true}]}}