{"id":16082,"date":"2019-02-20T20:45:14","date_gmt":"2019-02-20T23:45:14","guid":{"rendered":"https:\/\/www.suno.com.br\/noticias\/?p=16082"},"modified":"2019-02-20T20:55:17","modified_gmt":"2019-02-20T23:55:17","slug":"bolsonaro-gravado-onyx-bebianno","status":"publish","type":"post","link":"https:\/\/www.suno.com.br\/noticias\/bolsonaro-gravado-onyx-bebianno\/","title":{"rendered":"Bolsonaro \u00e9 gravado pedindo para Onyx negociar com Bebianno"},"content":{"rendered":"<p>O ministro da Casa Civil, Onyx Lorenzoni, ligou por engano a um jornalista do jornal O Globo enquanto falava com o presidente Jair Bolsonaro ao telefone. Um trecho da grava\u00e7\u00e3o foi divulgada pelo jornal na noite desta quarta (20).<\/p>\t<div class=\"wrapper-featured-image\">\n\t\t<figure class=\"spotlightImg\">\n\n\t\t\t<picture>\n\t\t\t\t<source media=\"(max-width: 768px)\" srcset=\"https:\/\/files.sunoresearch.com.br\/n\/uploads\/2019\/01\/9cac4e2f-bolsonaro2-400x200.webp\">\n\t\t\t\t<img loading=\"lazy\" decoding=\"async\" class=\"newsContent__article__imgCapa lazyloadDisabled newsContent__article__imgCapa--noCaption\" src=\"https:\/\/files.sunoresearch.com.br\/n\/uploads\/2019\/01\/9cac4e2f-bolsonaro2-800x450.webp\" width=\"800\" height=\"450\" alt=\"Bolsonaro \u00e9 gravado pedindo para Onyx negociar com Bebianno\" fetchpriority=high \/>\n\t\t\t<\/picture>\n\n\t\t\t<figcaption class=\"wp-caption-text wp-caption-text--hide\">Bolsonaro: Libera\u00e7\u00e3o de R$ 42 bi do FGTS ser\u00e1 anunciada nesta semana<\/figcaption>\n\t\t<\/figure>\n\t<\/div>\n\n\n<p>Na conversa com <strong>Onyx,<\/strong> realizada por volta das 16h50, o presidente <strong>Bolsonaro<\/strong> se mostrou preocupado pelo fato do ex-ministro da Secretaria-Geral, exonerado na segunda (18), ainda represent\u00e1-lo em processos judiciais. O ministro ent\u00e3o diz para o presidente que teria uma conversa reservada com <strong>Bebianno<\/strong> e promete &#8220;acertar&#8221; a quest\u00e3o.<\/p>\n<!--[if lt IE 9]><script>document.createElement('audio');<\/script><![endif]-->\n<audio class=\"wp-audio-shortcode\" id=\"audio-16082-1\" preload=\"none\" style=\"width: 100%;\" controls=\"controls\"><source type=\"audio\/mpeg\" src=\"https:\/\/storage.googleapis.com\/wp-noticias\/2019\/02\/Audio-Onyx-Bolsonaro.mp3?_=1\" \/><a href=\"https:\/\/storage.googleapis.com\/wp-noticias\/2019\/02\/Audio-Onyx-Bolsonaro.mp3\">https:\/\/storage.googleapis.com\/wp-noticias\/2019\/02\/Audio-Onyx-Bolsonaro.mp3<\/a><\/audio>\n<p><strong>Onyx Lorenzoni:<\/strong> <em>&#8220;A Folha deu uma nota e o Antagonista acabou de reproduzir e ele [Bebianno] acabou de ligar e pediu para tirar. Que \u00e9 o seguinte\u2026 Que ele estava preparando documentos e n\u00e3o sei o qu\u00ea para atacar. Ele disse ao Jorge [possivelmente Jorge Oliveira, subchefe de Assuntos Jur\u00eddicos do Planalto]: &#8216;o que eu tinha para fazer, eu fiz ontem. Eu n\u00e3o dou mais nenhuma palavra, acabou tudo ontem. Eu t\u00f4 te dando a minha palavra. Ok?&#8217; Ent\u00e3o, agora, no fim da tarde, para tu saber, eu vou l\u00e1 dar uma conversada com ele.&#8221;<\/em><\/p>\n<p><strong>Jair Bolsonaro:<\/strong> <em>&#8220;Voc\u00ea vai conversar com ele sobre as a\u00e7\u00f5es?&#8221;<\/em><\/p>\n<p><strong>Onyx Lorenzoni:<\/strong> <em>&#8220;Eu vou conversar pessoalmente com ele sobre as a\u00e7\u00f5es.&#8221;<\/em><\/p>\n<p><strong>Jair Bolsonaro:<\/strong> <em>&#8220;Se ele [Bebianno] me cobrar individualmente o m\u00ednimo, eu t\u00f4 f&#8230; Tem que vender uma casa minha para poder pagar.&#8221;<\/em><\/p>\n<p>\u00c9 a segunda vez nesta semana que <strong>Bolsonaro<\/strong> tem uma conversa em sigilo vazada. Na \u00faltima ter\u00e7a (19), o ministro demitido, <strong>Bebianno,<\/strong> divulgou uma troca de \u00e1udios no <strong>Whatsapp<\/strong> que teve com o presidente em 12 e 13 de fevereiro para negar as acusa\u00e7\u00f5es de <strong>Carlos Bolsonaro<\/strong> de que estaria mentindo.<\/p>\n<p><a href=\"https:\/\/www.suno.com.br\/noticias\/audios-conversas-bolsonaro-bebianno\/\">Saiba mais: \u00c1udios confirmam conversas entre Bolsonaro e Bebianno, segundo revista<\/a><\/p>\n<p>O caso come\u00e7ou quando o ent\u00e3o ministro deu uma entrevista ao jornal <strong>O<\/strong> <strong>Globo,<\/strong> em 13 de fevereiro, dizendo que a rela\u00e7\u00e3o entre ele e o <strong>presidente<\/strong> estava normal. Afirmou ent\u00e3o que havia conversado tr\u00eas vezes com <strong>Bolsonaro<\/strong> no dia anterior. A declara\u00e7\u00e3o se deu no contexto de uma reportagem da <strong>Folha de S.Paulo<\/strong> que revelava um esquema de candidaturas laranjas no <strong>PSL,<\/strong> na \u00e9poca em que <strong>Bebianno<\/strong> presidia o <strong>partido.<\/strong><\/p>\n<p><strong>Carlos,<\/strong> o filho mais novo do <strong>presidente,<\/strong> ent\u00e3o escreveu no <strong>Twitter<\/strong> que o pai n\u00e3o havia em nenhum momento conversado com o ministro, chamando-o de mentiroso. A crise culimou na exonera\u00e7\u00e3o de <strong>Bebianno,<\/strong> j\u00e1 nesta semana.<\/p>\n","protected":false},"excerpt":{"rendered":"<p>O ministro da Casa Civil, Onyx Lorenzoni, ligou por engano a um jornalista do jornal O Globo enquanto falava com o presidente Jair Bolsonaro ao telefone. Um trecho da grava\u00e7\u00e3o foi divulgada pelo jornal na noite desta quarta (20). Bolsonaro: Libera\u00e7\u00e3o de R$ 42 bi do FGTS ser\u00e1 anunciada nesta semana Na conversa com Onyx, [&hellip;]<\/p>\n","protected":false},"author":13,"featured_media":10514,"comment_status":"closed","ping_status":"closed","sticky":false,"template":"","format":"standard","meta":[],"categories":[61],"tags":[1165,719,939],"suno_strategy":[],"class_list":["post-16082","post","type-post","status-publish","format-standard","has-post-thumbnail","hentry","category-politica","tag-gustavo-bebianno","tag-jair-bolsonaro","tag-onyx-lorenzoni"],"yoast_head":"<!-- This site is optimized with the Yoast SEO plugin v24.4 - https:\/\/yoast.com\/wordpress\/plugins\/seo\/ -->\n<title>Bolsonaro \u00e9 gravado pedindo para Onyx negociar com Bebianno<\/title>\n<meta name=\"description\" content=\"O ministro Onyx Lorenzoni ligou por engano a um jornalista enquanto falava com o presidente Jair Bolsonaro ao telefone. Clique e saiba mais\" \/>\n<meta name=\"robots\" content=\"index, follow, max-snippet:-1, max-image-preview:large, max-video-preview:-1\" \/>\n<link rel=\"canonical\" href=\"https:\/\/www.suno.com.br\/noticias\/bolsonaro-gravado-onyx-bebianno\/\" \/>\n<meta property=\"og:locale\" content=\"pt_BR\" \/>\n<meta property=\"og:type\" content=\"article\" \/>\n<meta property=\"og:title\" content=\"Bolsonaro \u00e9 gravado pedindo para Onyx negociar com Bebianno\" \/>\n<meta property=\"og:description\" content=\"O ministro Onyx Lorenzoni ligou por engano a um jornalista enquanto falava com o presidente Jair Bolsonaro ao telefone. Clique e saiba mais\" \/>\n<meta property=\"og:url\" content=\"https:\/\/www.suno.com.br\/noticias\/bolsonaro-gravado-onyx-bebianno\/\" \/>\n<meta property=\"og:site_name\" content=\"Suno Not\u00edcias\" \/>\n<meta property=\"article:publisher\" content=\"https:\/\/facebook.com\/sunoresearch\" \/>\n<meta property=\"og:image\" content=\"https:\/\/files.sunoresearch.com.br\/n\/uploads\/2019\/01\/9cac4e2f-bolsonaro2-1024x683.jpg\" \/>\n\t<meta property=\"og:image:width\" content=\"1024\" \/>\n\t<meta property=\"og:image:height\" content=\"683\" \/>\n\t<meta property=\"og:image:type\" content=\"image\/jpeg\" \/>\n<meta name=\"author\" content=\"Guilherme Caetano\" \/>\n<meta name=\"twitter:card\" content=\"summary_large_image\" \/>\n<meta name=\"twitter:creator\" content=\"@sunoresearch\" \/>\n<meta name=\"twitter:site\" content=\"@sunoresearch\" \/>\n<meta name=\"twitter:label1\" content=\"Escrito por\" \/>\n\t<meta name=\"twitter:data1\" content=\"Guilherme Caetano\" \/>\n\t<meta name=\"twitter:label2\" content=\"Est. tempo de leitura\" \/>\n\t<meta name=\"twitter:data2\" content=\"2 minutos\" \/>\n<script type=\"application\/ld+json\" class=\"yoast-schema-graph\">{\"@context\":\"https:\/\/schema.org\",\"@graph\":[{\"@type\":\"NewsArticle\",\"@id\":\"https:\/\/www.suno.com.br\/noticias\/bolsonaro-gravado-onyx-bebianno\/#article\",\"isPartOf\":{\"@id\":\"https:\/\/www.suno.com.br\/noticias\/bolsonaro-gravado-onyx-bebianno\/\"},\"author\":{\"name\":\"Guilherme Caetano\",\"@id\":\"https:\/\/www.suno.com.br\/noticias\/#\/schema\/person\/0d0c9687cd2f600c564f25980c140de9\"},\"headline\":\"Bolsonaro \u00e9 gravado pedindo para Onyx negociar com Bebianno\",\"datePublished\":\"2019-02-20T23:45:14+00:00\",\"dateModified\":\"2019-02-20T23:55:17+00:00\",\"mainEntityOfPage\":{\"@id\":\"https:\/\/www.suno.com.br\/noticias\/bolsonaro-gravado-onyx-bebianno\/\"},\"wordCount\":428,\"publisher\":{\"@id\":\"https:\/\/www.suno.com.br\/noticias\/#organization\"},\"image\":{\"@id\":\"https:\/\/www.suno.com.br\/noticias\/bolsonaro-gravado-onyx-bebianno\/#primaryimage\"},\"thumbnailUrl\":\"https:\/\/files.sunoresearch.com.br\/n\/uploads\/2019\/01\/9cac4e2f-bolsonaro2-scaled.webp\",\"keywords\":[\"Gustavo Bebianno\",\"Jair Bolsonaro\",\"Onyx Lorenzoni\"],\"articleSection\":[\"Pol\u00edtica\"],\"inLanguage\":\"pt-BR\"},{\"@type\":\"WebPage\",\"@id\":\"https:\/\/www.suno.com.br\/noticias\/bolsonaro-gravado-onyx-bebianno\/\",\"url\":\"https:\/\/www.suno.com.br\/noticias\/bolsonaro-gravado-onyx-bebianno\/\",\"name\":\"Bolsonaro \u00e9 gravado pedindo para Onyx negociar com Bebianno\",\"isPartOf\":{\"@id\":\"https:\/\/www.suno.com.br\/noticias\/#website\"},\"primaryImageOfPage\":{\"@id\":\"https:\/\/www.suno.com.br\/noticias\/bolsonaro-gravado-onyx-bebianno\/#primaryimage\"},\"image\":{\"@id\":\"https:\/\/www.suno.com.br\/noticias\/bolsonaro-gravado-onyx-bebianno\/#primaryimage\"},\"thumbnailUrl\":\"https:\/\/files.sunoresearch.com.br\/n\/uploads\/2019\/01\/9cac4e2f-bolsonaro2-scaled.webp\",\"datePublished\":\"2019-02-20T23:45:14+00:00\",\"dateModified\":\"2019-02-20T23:55:17+00:00\",\"description\":\"O ministro Onyx Lorenzoni ligou por engano a um jornalista enquanto falava com o presidente Jair Bolsonaro ao telefone. Clique e saiba mais\",\"breadcrumb\":{\"@id\":\"https:\/\/www.suno.com.br\/noticias\/bolsonaro-gravado-onyx-bebianno\/#breadcrumb\"},\"inLanguage\":\"pt-BR\",\"potentialAction\":[{\"@type\":\"ReadAction\",\"target\":[\"https:\/\/www.suno.com.br\/noticias\/bolsonaro-gravado-onyx-bebianno\/\"]}]},{\"@type\":\"ImageObject\",\"inLanguage\":\"pt-BR\",\"@id\":\"https:\/\/www.suno.com.br\/noticias\/bolsonaro-gravado-onyx-bebianno\/#primaryimage\",\"url\":\"https:\/\/files.sunoresearch.com.br\/n\/uploads\/2019\/01\/9cac4e2f-bolsonaro2-scaled.webp\",\"contentUrl\":\"https:\/\/files.sunoresearch.com.br\/n\/uploads\/2019\/01\/9cac4e2f-bolsonaro2-scaled.webp\",\"width\":2560,\"height\":1707,\"caption\":\"Bolsonaro: Libera\u00e7\u00e3o de R$ 42 bi do FGTS ser\u00e1 anunciada nesta semana\"},{\"@type\":\"BreadcrumbList\",\"@id\":\"https:\/\/www.suno.com.br\/noticias\/bolsonaro-gravado-onyx-bebianno\/#breadcrumb\",\"itemListElement\":[{\"@type\":\"ListItem\",\"position\":1,\"name\":\"Not\u00edcias\",\"item\":\"https:\/\/www.suno.com.br\/noticias\/\"},{\"@type\":\"ListItem\",\"position\":2,\"name\":\"Pol\u00edtica\",\"item\":\"https:\/\/www.suno.com.br\/noticias\/politica\/\"},{\"@type\":\"ListItem\",\"position\":3,\"name\":\"Bolsonaro \u00e9 gravado pedindo para Onyx negociar com Bebianno\"}]},{\"@type\":\"WebSite\",\"@id\":\"https:\/\/www.suno.com.br\/noticias\/#website\",\"url\":\"https:\/\/www.suno.com.br\/noticias\/\",\"name\":\"Suno Not\u00edcias\",\"description\":\"Seu portal de informa\u00e7\u00e3o sobre o mundo dos investimentos\",\"publisher\":{\"@id\":\"https:\/\/www.suno.com.br\/noticias\/#organization\"},\"potentialAction\":[{\"@type\":\"SearchAction\",\"target\":{\"@type\":\"EntryPoint\",\"urlTemplate\":\"https:\/\/www.suno.com.br\/noticias\/?s={search_term_string}\"},\"query-input\":{\"@type\":\"PropertyValueSpecification\",\"valueRequired\":true,\"valueName\":\"search_term_string\"}}],\"inLanguage\":\"pt-BR\"},{\"@type\":\"Organization\",\"@id\":\"https:\/\/www.suno.com.br\/noticias\/#organization\",\"name\":\"Suno Not\u00edcias\",\"url\":\"https:\/\/www.suno.com.br\/noticias\/\",\"logo\":{\"@type\":\"ImageObject\",\"inLanguage\":\"pt-BR\",\"@id\":\"https:\/\/www.suno.com.br\/noticias\/#\/schema\/logo\/image\/\",\"url\":\"https:\/\/files.sunoresearch.com.br\/n\/uploads\/2021\/09\/suno-logo.png\",\"contentUrl\":\"https:\/\/files.sunoresearch.com.br\/n\/uploads\/2021\/09\/suno-logo.png\",\"width\":180,\"height\":180,\"caption\":\"Suno Not\u00edcias\"},\"image\":{\"@id\":\"https:\/\/www.suno.com.br\/noticias\/#\/schema\/logo\/image\/\"},\"sameAs\":[\"https:\/\/facebook.com\/sunoresearch\",\"https:\/\/x.com\/sunoresearch\",\"https:\/\/www.instagram.com\/suno\",\"https:\/\/www.linkedin.com\/company\/suno-research\/\",\"https:\/\/www.youtube.com\/c\/sunoresearch\"]},{\"@type\":\"Person\",\"@id\":\"https:\/\/www.suno.com.br\/noticias\/#\/schema\/person\/0d0c9687cd2f600c564f25980c140de9\",\"name\":\"Guilherme Caetano\",\"image\":{\"@type\":\"ImageObject\",\"inLanguage\":\"pt-BR\",\"@id\":\"https:\/\/www.suno.com.br\/noticias\/#\/schema\/person\/image\/\",\"url\":\"https:\/\/secure.gravatar.com\/avatar\/e48357351a01702a0d19307070e081bf?s=96&r=g\",\"contentUrl\":\"https:\/\/secure.gravatar.com\/avatar\/e48357351a01702a0d19307070e081bf?s=96&r=g\",\"caption\":\"Guilherme Caetano\"},\"description\":\"Formado em jornalismo pela Escola de Comunica\u00e7\u00f5es e Artes da USP, Guilherme Caetano escreve para o portal de not\u00edcias da Suno Research. Passou pelas reda\u00e7\u00f5es da Folha de S.Paulo e da revista \u00c9poca.\",\"url\":\"https:\/\/www.suno.com.br\/noticias\/author\/guilherme-caetano\/\"}]}<\/script>\n<!-- \/ Yoast SEO plugin. -->","yoast_head_json":{"title":"Bolsonaro \u00e9 gravado pedindo para Onyx negociar com Bebianno","description":"O ministro Onyx Lorenzoni ligou por engano a um jornalista enquanto falava com o presidente Jair Bolsonaro ao telefone. Clique e saiba mais","robots":{"index":"index","follow":"follow","max-snippet":"max-snippet:-1","max-image-preview":"max-image-preview:large","max-video-preview":"max-video-preview:-1"},"canonical":"https:\/\/www.suno.com.br\/noticias\/bolsonaro-gravado-onyx-bebianno\/","og_locale":"pt_BR","og_type":"article","og_title":"Bolsonaro \u00e9 gravado pedindo para Onyx negociar com Bebianno","og_description":"O ministro Onyx Lorenzoni ligou por engano a um jornalista enquanto falava com o presidente Jair Bolsonaro ao telefone. Clique e saiba mais","og_url":"https:\/\/www.suno.com.br\/noticias\/bolsonaro-gravado-onyx-bebianno\/","og_site_name":"Suno Not\u00edcias","article_publisher":"https:\/\/facebook.com\/sunoresearch","og_image":[{"width":1024,"height":683,"url":"https:\/\/files.sunoresearch.com.br\/n\/uploads\/2019\/01\/9cac4e2f-bolsonaro2-1024x683.jpg","type":"image\/jpeg"}],"author":"Guilherme Caetano","twitter_card":"summary_large_image","twitter_creator":"@sunoresearch","twitter_site":"@sunoresearch","twitter_misc":{"Escrito por":"Guilherme Caetano","Est. tempo de leitura":"2 minutos"},"schema":{"@context":"https:\/\/schema.org","@graph":[{"@type":"NewsArticle","@id":"https:\/\/www.suno.com.br\/noticias\/bolsonaro-gravado-onyx-bebianno\/#article","isPartOf":{"@id":"https:\/\/www.suno.com.br\/noticias\/bolsonaro-gravado-onyx-bebianno\/"},"author":{"name":"Guilherme Caetano","@id":"https:\/\/www.suno.com.br\/noticias\/#\/schema\/person\/0d0c9687cd2f600c564f25980c140de9"},"headline":"Bolsonaro \u00e9 gravado pedindo para Onyx negociar com Bebianno","datePublished":"2019-02-20T23:45:14+00:00","dateModified":"2019-02-20T23:55:17+00:00","mainEntityOfPage":{"@id":"https:\/\/www.suno.com.br\/noticias\/bolsonaro-gravado-onyx-bebianno\/"},"wordCount":428,"publisher":{"@id":"https:\/\/www.suno.com.br\/noticias\/#organization"},"image":{"@id":"https:\/\/www.suno.com.br\/noticias\/bolsonaro-gravado-onyx-bebianno\/#primaryimage"},"thumbnailUrl":"https:\/\/files.sunoresearch.com.br\/n\/uploads\/2019\/01\/9cac4e2f-bolsonaro2-scaled.webp","keywords":["Gustavo Bebianno","Jair Bolsonaro","Onyx Lorenzoni"],"articleSection":["Pol\u00edtica"],"inLanguage":"pt-BR"},{"@type":"WebPage","@id":"https:\/\/www.suno.com.br\/noticias\/bolsonaro-gravado-onyx-bebianno\/","url":"https:\/\/www.suno.com.br\/noticias\/bolsonaro-gravado-onyx-bebianno\/","name":"Bolsonaro \u00e9 gravado pedindo para Onyx negociar com Bebianno","isPartOf":{"@id":"https:\/\/www.suno.com.br\/noticias\/#website"},"primaryImageOfPage":{"@id":"https:\/\/www.suno.com.br\/noticias\/bolsonaro-gravado-onyx-bebianno\/#primaryimage"},"image":{"@id":"https:\/\/www.suno.com.br\/noticias\/bolsonaro-gravado-onyx-bebianno\/#primaryimage"},"thumbnailUrl":"https:\/\/files.sunoresearch.com.br\/n\/uploads\/2019\/01\/9cac4e2f-bolsonaro2-scaled.webp","datePublished":"2019-02-20T23:45:14+00:00","dateModified":"2019-02-20T23:55:17+00:00","description":"O ministro Onyx Lorenzoni ligou por engano a um jornalista enquanto falava com o presidente Jair Bolsonaro ao telefone. Clique e saiba mais","breadcrumb":{"@id":"https:\/\/www.suno.com.br\/noticias\/bolsonaro-gravado-onyx-bebianno\/#breadcrumb"},"inLanguage":"pt-BR","potentialAction":[{"@type":"ReadAction","target":["https:\/\/www.suno.com.br\/noticias\/bolsonaro-gravado-onyx-bebianno\/"]}]},{"@type":"ImageObject","inLanguage":"pt-BR","@id":"https:\/\/www.suno.com.br\/noticias\/bolsonaro-gravado-onyx-bebianno\/#primaryimage","url":"https:\/\/files.sunoresearch.com.br\/n\/uploads\/2019\/01\/9cac4e2f-bolsonaro2-scaled.webp","contentUrl":"https:\/\/files.sunoresearch.com.br\/n\/uploads\/2019\/01\/9cac4e2f-bolsonaro2-scaled.webp","width":2560,"height":1707,"caption":"Bolsonaro: Libera\u00e7\u00e3o de R$ 42 bi do FGTS ser\u00e1 anunciada nesta semana"},{"@type":"BreadcrumbList","@id":"https:\/\/www.suno.com.br\/noticias\/bolsonaro-gravado-onyx-bebianno\/#breadcrumb","itemListElement":[{"@type":"ListItem","position":1,"name":"Not\u00edcias","item":"https:\/\/www.suno.com.br\/noticias\/"},{"@type":"ListItem","position":2,"name":"Pol\u00edtica","item":"https:\/\/www.suno.com.br\/noticias\/politica\/"},{"@type":"ListItem","position":3,"name":"Bolsonaro \u00e9 gravado pedindo para Onyx negociar com Bebianno"}]},{"@type":"WebSite","@id":"https:\/\/www.suno.com.br\/noticias\/#website","url":"https:\/\/www.suno.com.br\/noticias\/","name":"Suno Not\u00edcias","description":"Seu portal de informa\u00e7\u00e3o sobre o mundo dos investimentos","publisher":{"@id":"https:\/\/www.suno.com.br\/noticias\/#organization"},"potentialAction":[{"@type":"SearchAction","target":{"@type":"EntryPoint","urlTemplate":"https:\/\/www.suno.com.br\/noticias\/?s={search_term_string}"},"query-input":{"@type":"PropertyValueSpecification","valueRequired":true,"valueName":"search_term_string"}}],"inLanguage":"pt-BR"},{"@type":"Organization","@id":"https:\/\/www.suno.com.br\/noticias\/#organization","name":"Suno Not\u00edcias","url":"https:\/\/www.suno.com.br\/noticias\/","logo":{"@type":"ImageObject","inLanguage":"pt-BR","@id":"https:\/\/www.suno.com.br\/noticias\/#\/schema\/logo\/image\/","url":"https:\/\/files.sunoresearch.com.br\/n\/uploads\/2021\/09\/suno-logo.png","contentUrl":"https:\/\/files.sunoresearch.com.br\/n\/uploads\/2021\/09\/suno-logo.png","width":180,"height":180,"caption":"Suno Not\u00edcias"},"image":{"@id":"https:\/\/www.suno.com.br\/noticias\/#\/schema\/logo\/image\/"},"sameAs":["https:\/\/facebook.com\/sunoresearch","https:\/\/x.com\/sunoresearch","https:\/\/www.instagram.com\/suno","https:\/\/www.linkedin.com\/company\/suno-research\/","https:\/\/www.youtube.com\/c\/sunoresearch"]},{"@type":"Person","@id":"https:\/\/www.suno.com.br\/noticias\/#\/schema\/person\/0d0c9687cd2f600c564f25980c140de9","name":"Guilherme Caetano","image":{"@type":"ImageObject","inLanguage":"pt-BR","@id":"https:\/\/www.suno.com.br\/noticias\/#\/schema\/person\/image\/","url":"https:\/\/secure.gravatar.com\/avatar\/e48357351a01702a0d19307070e081bf?s=96&r=g","contentUrl":"https:\/\/secure.gravatar.com\/avatar\/e48357351a01702a0d19307070e081bf?s=96&r=g","caption":"Guilherme Caetano"},"description":"Formado em jornalismo pela Escola de Comunica\u00e7\u00f5es e Artes da USP, Guilherme Caetano escreve para o portal de not\u00edcias da Suno Research. Passou pelas reda\u00e7\u00f5es da Folha de S.Paulo e da revista \u00c9poca.","url":"https:\/\/www.suno.com.br\/noticias\/author\/guilherme-caetano\/"}]}},"default_loop_html":"<div class=\"cardsPage__listCard__boxs\"><div class=\"cardsPage__listCard__boxs__img\"><a href=\"https:\/\/www.suno.com.br\/noticias\/bolsonaro-gravado-onyx-bebianno\/\"><img class=\"mask\" src=\"https:\/\/www.suno.com.br\/noticias\/wp-content\/themes\/suno\/resources\/images\/spotlight\/spotlight1img\/bg-mask.png\" alt=\"Image Mask\"\/><img src=\"https:\/\/files.sunoresearch.com.br\/n\/uploads\/2019\/01\/9cac4e2f-bolsonaro2-400x200.webp\" alt=\"Bolsonaro \u00e9 gravado pedindo para Onyx negociar com Bebianno\"\/><\/a><span class=\"spotlightCategory\"><a href=\"https:\/\/www.suno.com.br\/noticias\/politica\/\">Pol\u00edtica<\/a><\/span><\/div><div class=\"cardsPage__listCard__boxs__content\"><a href=\"https:\/\/www.suno.com.br\/noticias\/bolsonaro-gravado-onyx-bebianno\/\"><h2 class=\"content__title\">Bolsonaro \u00e9 gravado pedindo para Onyx negociar com Bebianno<\/h2><\/a><div class=\"newsContent__article__meta\"><div class=\"newsContent__article__meta__authorBox\"><a href=\"https:\/\/www.suno.com.br\/noticias\/author\/guilherme-caetano\/\" class=\"authorBox__avatar noMobi\"><img src=\"https:\/\/secure.gravatar.com\/avatar\/e48357351a01702a0d19307070e081bf?s=96&#038;r=g\" alt=\"Guilherme Caetano\"><\/a><div class=\"authorBox__name\"><span>por\n\t\t\t<a href=\"https:\/\/www.suno.com.br\/noticias\/author\/guilherme-caetano\/\"><span itemprop=\"author\">Guilherme Caetano<\/span><\/a><\/span><time datetime=\"2019-02-20T20:45:14-03:00\" itemprop=\"datePublished\">20\/02\/2019 20:45<\/time><\/div><\/div><\/div><\/div><\/div>","single_layout":"posts","amp_enabled":true,"_links":{"self":[{"href":"https:\/\/www.suno.com.br\/noticias\/wp-json\/wp\/v2\/posts\/16082"}],"collection":[{"href":"https:\/\/www.suno.com.br\/noticias\/wp-json\/wp\/v2\/posts"}],"about":[{"href":"https:\/\/www.suno.com.br\/noticias\/wp-json\/wp\/v2\/types\/post"}],"author":[{"embeddable":true,"href":"https:\/\/www.suno.com.br\/noticias\/wp-json\/wp\/v2\/users\/13"}],"replies":[{"embeddable":true,"href":"https:\/\/www.suno.com.br\/noticias\/wp-json\/wp\/v2\/comments?post=16082"}],"version-history":[{"count":0,"href":"https:\/\/www.suno.com.br\/noticias\/wp-json\/wp\/v2\/posts\/16082\/revisions"}],"wp:featuredmedia":[{"embeddable":true,"href":"https:\/\/www.suno.com.br\/noticias\/wp-json\/wp\/v2\/media\/10514"}],"wp:attachment":[{"href":"https:\/\/www.suno.com.br\/noticias\/wp-json\/wp\/v2\/media?parent=16082"}],"wp:term":[{"taxonomy":"category","embeddable":true,"href":"https:\/\/www.suno.com.br\/noticias\/wp-json\/wp\/v2\/categories?post=16082"},{"taxonomy":"post_tag","embeddable":true,"href":"https:\/\/www.suno.com.br\/noticias\/wp-json\/wp\/v2\/tags?post=16082"},{"taxonomy":"suno_strategy","embeddable":true,"href":"https:\/\/www.suno.com.br\/noticias\/wp-json\/wp\/v2\/suno_strategy?post=16082"}],"curies":[{"name":"wp","href":"https:\/\/api.w.org\/{rel}","templated":true}]}}