{"id":160798,"date":"2021-06-24T15:04:51","date_gmt":"2021-06-24T18:04:51","guid":{"rendered":"https:\/\/www.suno.com.br\/noticias\/?p=160798"},"modified":"2021-06-24T15:04:51","modified_gmt":"2021-06-24T18:04:51","slug":"indice-confianca-consumidor-cresce-pontos","status":"publish","type":"post","link":"https:\/\/www.suno.com.br\/noticias\/indice-confianca-consumidor-cresce-pontos\/","title":{"rendered":"\u00cdndice de confian\u00e7a do consumidor sobe 4,7 pontos em junho e aumenta m\u00e9dia trimestral"},"content":{"rendered":"<p>A <a class=\"suno-keyword\" href=\"https:\/\/www.suno.com.br\/artigos\/confianca-do-consumidor\/\" target=\"_blank\" rel=\"noopener noreferrer\" data-force=\"no\" data-priority=\"1\">confian\u00e7a do <strong>consumidor<\/strong><\/a> subiu 4,7 pontos no acumulado do m\u00eas de junho ante maio, na s\u00e9rie com ajuste sazonal, ficando em 80,9 pontos. Os dados foram divulgados nesta quinta-feira (24) pela Funda\u00e7\u00e3o Get\u00falio Vargas (FGV), sendo referentes ao <a class=\"suno-keyword\" href=\"https:\/\/www.suno.com.br\/artigos\/indice-de-confianca\/\" target=\"_blank\" rel=\"noopener noreferrer\" data-force=\"no\" data-priority=\"1\">\u00cdndice de Confian\u00e7a<\/a> do Consumidor (ICC). Em m\u00e9dias m\u00f3veis trimestrais, o \u00edndice aumentou 4,2 pontos.<\/p>\t<div class=\"wrapper-featured-image\">\n\t\t<figure class=\"spotlightImg\">\n\n\t\t\t<picture>\n\t\t\t\t<source media=\"(max-width: 768px)\" srcset=\"https:\/\/files.sunoresearch.com.br\/n\/uploads\/2021\/06\/6df3938f-grocery-1232944_1920-400x200.webp\">\n\t\t\t\t<img loading=\"lazy\" decoding=\"async\" class=\"newsContent__article__imgCapa lazyloadDisabled \" src=\"https:\/\/files.sunoresearch.com.br\/n\/uploads\/2021\/06\/6df3938f-grocery-1232944_1920-800x450.webp\" width=\"800\" height=\"450\" alt=\"\u00cdndice de confian\u00e7a do consumidor sobe 4,7 pontos em junho e aumenta m\u00e9dia trimestral\" fetchpriority=high \/>\n\t\t\t<\/picture>\n\n\t\t\t<figcaption class=\"wp-caption-text wp-caption-text--show\">Alimentos: pre\u00e7os sobem na m\u00e9dia global, segundo a FAO. Foto: Pixabay<\/figcaption>\n\t\t<\/figure>\n\t<\/div>\n\n\n\t<p>\n\t\t<a href=\"https:\/\/lp.suno.com.br\/planilha-controle-gastos\/\" target=\"_blank\" data-element=\"shortcode-suno-banner\" title=\"Banner SUNO, clique e saiba mais\">\n\t\t\t<picture>\n\t\t\t\t<source media=\"(max-width: 500px)\" srcset=\"https:\/\/files.sunoresearch.com.br\/n\/uploads\/2023\/03\/400x300-Planilha-controle-de-gastos.png\">\n\t\t\t\t<img class=\"newsContent__article__imgCapa newsContent__article__imgCapa--banner\"\n\t\t\t\t\tsrc=\"https:\/\/files.sunoresearch.com.br\/n\/uploads\/2023\/03\/1420x240-Planilha-controle-de-gastos.png\"\n\t\t\t\t\tdata-promo-id=\"101751\"\t\t\t\t\t\t\t\t\t\twidth='1420' height='240'\t\t\t\t\talt=\"https:\/\/files.sunoresearch.com.br\/n\/uploads\/2023\/03\/1420x240-Planilha-controle-de-gastos.png\"\n\t\t\t\t>\n\t\t\t<\/picture>\n\t\t<\/a>\n\t<\/p>\n\n\n<p>&#8220;A confian\u00e7a do consumidor segue trajet\u00f3ria de recupera\u00e7\u00e3o pelo terceiro m\u00eas consecutivo. Sob a \u00f3tica das fam\u00edlias, a percep\u00e7\u00e3o \u00e9 de melhora da situa\u00e7\u00e3o atual e tamb\u00e9m das perspectivas futuras&#8221;, avaliou Viviane Seda Bittencourt, coordenadora das Sondagens do Instituto Brasileiro de Economia da <strong>FGV<\/strong>, o Ibre &#8211; FGV, em nota oficial.<\/p>\n<figure id=\"attachment_160880\" aria-describedby=\"caption-attachment-160880\" style=\"width: 699px\" class=\"wp-caption aligncenter\"><img loading=\"lazy\" decoding=\"async\" class=\"size-full wp-image-160880\" src=\"https:\/\/storage.googleapis.com\/wp-noticias\/2021\/06\/d931be7e-indice-precos.png\" alt=\"\u00cdndice de Pre\u00e7os ao Consumidor Semanal na cidade de S\u00e3o Paulo - Reprodu\u00e7\u00e3o Ibre\/FGV\" width=\"699\" height=\"353\" \/><figcaption id=\"caption-attachment-160880\" class=\"wp-caption-text\">Varia\u00e7\u00f5es percentuais ao m\u00eas do \u00cdndice de Pre\u00e7os ao Consumidor Semanal na cidade de S\u00e3o Paulo &#8211; Reprodu\u00e7\u00e3o Ibre\/FGV<\/figcaption><\/figure>\n<p>&#8220;Pela primeira vez desde julho do ano passado, a inten\u00e7\u00e3o de <strong>compras<\/strong> de bens dur\u00e1veis avan\u00e7a de forma mais expressiva, o que parece relacionado a um maior otimismo em rela\u00e7\u00e3o ao mercado de trabalho nos pr\u00f3ximos meses, ainda que existam diferen\u00e7as entre as faixas de renda&#8221;, segue.<\/p>\n<p><a href=\"https:\/\/lp.suno.com.br\/suno-one\/?ppp=noticias\/hospital-care-pedido-ipo-cvm\/\"><b>Suno One: acesse gratuitamente eBooks, Minicursos, Artigos e V\u00eddeo Aulas sobre investimentos com um \u00fanico cadastro. Clique para saber mais!<\/b><\/a><\/p>\n<p>Em junho, o \u00cdndice de Situa\u00e7\u00e3o Atual (ISA) subiu 2,9 pontos, para 71,6 pontos, enquanto o \u00cdndice de Expectativas (IE) cresceu 5,9 pontos, para 88,3 pontos.<\/p>\n<p>A percep\u00e7\u00e3o dos <strong>consumidores<\/strong> em rela\u00e7\u00e3o \u00e0 situa\u00e7\u00e3o econ\u00f4mica geral aumentou 2,8 pontos em junho, para 76,7 pontos, maior valor desde mar\u00e7o de 2020. J\u00e1 o item que mede a satisfa\u00e7\u00e3o sobre as <a class=\"suno-keyword\" href=\"https:\/\/www.suno.com.br\/artigos\/financas-pessoais\/\" target=\"_blank\" rel=\"noopener noreferrer\" data-force=\"no\" data-priority=\"1\">finan\u00e7as pessoais<\/a> subiu 2,9 pontos, para 67 pontos.<\/p>\n\t<div data-element=\"shortcode-read-more\" class=\"knowMore\">\n\t\t\t\t<span class=\"knowMore__title\">Saiba mais<\/span>\n\t\t\t\t<a class=\"knowMore__link\" href=\"https:\/\/www.suno.com.br\/noticias\/consumidores-eua-esperam-mais-inflacao-pesquisa-fed\/\">\n\t\t\tConsumidores dos EUA esperam mais infla\u00e7\u00e3o, mostra pesquisa do Fed\t\t<\/a>\n\t<\/div>\n\n\n<p>Quanto \u00e0s expectativas, o item que mede o \u00edmpeto de compras de <a class=\"suno-keyword\" href=\"https:\/\/www.suno.com.br\/artigos\/bens-de-consumo\/\" target=\"_blank\" rel=\"noopener noreferrer\" data-force=\"no\" data-priority=\"1\">bens de consumo<\/a> dur\u00e1veis para os pr\u00f3ximos meses foi o que mais contribuiu para o aumento da confian\u00e7a em junho, com avan\u00e7o de 11,1 pontos, para 64,6 pontos, patamar ainda consideravelmente baixo quando comparado aos n\u00edveis pr\u00e9-pandemia de covid-19.<\/p>\n<figure id=\"attachment_160879\" aria-describedby=\"caption-attachment-160879\" style=\"width: 594px\" class=\"wp-caption aligncenter\"><img loading=\"lazy\" decoding=\"async\" class=\"size-full wp-image-160879\" src=\"https:\/\/storage.googleapis.com\/wp-noticias\/2021\/06\/6c0290e6-indice-precos-2.png\" alt=\"Maiores Influ\u00eancias Positivas e Negativas Varia\u00e7\u00f5es Percentuais ao M\u00eas na cidade de S\u00e3o Paulo - Reprodu\u00e7\u00e3o Ibre\/FGV\" width=\"594\" height=\"428\" \/><figcaption id=\"caption-attachment-160879\" class=\"wp-caption-text\">Maiores Influ\u00eancias Positivas e Negativas Varia\u00e7\u00f5es Percentuais ao M\u00eas na cidade de S\u00e3o Paulo &#8211; Reprodu\u00e7\u00e3o Ibre\/FGV<\/figcaption><\/figure>\n<p>O componente que mensura as perspectivas em rela\u00e7\u00e3o \u00e0 situa\u00e7\u00e3o da economia subiu 3,5 pontos, para 113,1 pontos, o maior valor desde fevereiro de 2020. O item que mede as perspectivas para a situa\u00e7\u00e3o <strong>financeira<\/strong> das fam\u00edlias nos pr\u00f3ximos meses aumentou 2,4 pontos, para 88,8 pontos.<\/p>\n\t<p>\n\t\t<a href=\"https:\/\/lp.suno.com.br\/planilha-da-vida-financeira\/\" target=\"_blank\" data-element=\"shortcode-suno-banner\" title=\"Banner SUNO, clique e saiba mais\">\n\t\t\t<picture>\n\t\t\t\t<source media=\"(max-width: 500px)\" srcset=\"https:\/\/files.sunoresearch.com.br\/n\/uploads\/2023\/04\/400x300-Planilha-vida-financeira-true.png\">\n\t\t\t\t<img class=\"newsContent__article__imgCapa newsContent__article__imgCapa--banner\"\n\t\t\t\t\tsrc=\"https:\/\/files.sunoresearch.com.br\/n\/uploads\/2023\/04\/1420x240-Planilha-vida-financeira-true.png\"\n\t\t\t\t\tdata-promo-id=\"106682\"\t\t\t\t\t\t\t\t\t\twidth='1420' height='240'\t\t\t\t\talt=\"https:\/\/files.sunoresearch.com.br\/n\/uploads\/2023\/04\/1420x240-Planilha-vida-financeira-true.png\"\n\t\t\t\t>\n\t\t\t<\/picture>\n\t\t<\/a>\n\t<\/p>\n\n\n<h2>Independente da renda, consumidor teve aumento na confian\u00e7a<\/h2>\n<p>No m\u00eas de junho, houve avan\u00e7o na confian\u00e7a em todas as faixas de <strong>renda<\/strong>, com destaque para as fam\u00edlias mais ricas, com <a class=\"suno-keyword\" href=\"https:\/\/www.suno.com.br\/artigos\/renda-mensal\/\" target=\"_blank\" rel=\"noopener noreferrer\" data-force=\"no\" data-priority=\"1\">renda mensal<\/a> acima de R$ 9.600,00, cujo ICC aumentou 4,6 pontos, para 89,9 pontos, maior n\u00edvel desde fevereiro de 2020.<\/p>\n<p>Na faixa de renda mais pobre, que recebe at\u00e9 R$ 2.100,00 mensais, o ICC ficou em 74,1 pontos, alta tamb\u00e9m de 4,6 pontos ante maio.<\/p>\n<p>A Sondagem do <strong>Consumidor<\/strong> coletou informa\u00e7\u00f5es de 1.610 domic\u00edlios, com entrevistas entre os dias 1\u00ba e 21 de junho.<\/p>\n<p><strong><em>Com informa\u00e7\u00f5es do Estad\u00e3o Conte\u00fado<\/em><\/strong><\/p>\n\t<p>\n\t\t<a href=\"https:\/\/lp.suno.com.br\/planilha-de-controle-de-investimentos\/\" target=\"_blank\" data-element=\"shortcode-suno-banner\" title=\"Banner SUNO, clique e saiba mais\">\n\t\t\t<picture>\n\t\t\t\t<source media=\"(max-width: 500px)\" srcset=\"https:\/\/files.sunoresearch.com.br\/n\/uploads\/2023\/03\/400x300-Controle-de-Investimentos.png\">\n\t\t\t\t<img class=\"newsContent__article__imgCapa newsContent__article__imgCapa--banner\"\n\t\t\t\t\tsrc=\"https:\/\/files.sunoresearch.com.br\/n\/uploads\/2023\/03\/1420x240-Controle-de-Investimentos.png\"\n\t\t\t\t\tdata-promo-id=\"75934\"\t\t\t\t\t\t\t\t\t\twidth='1420' height='240'\t\t\t\t\talt=\"https:\/\/files.sunoresearch.com.br\/n\/uploads\/2023\/03\/1420x240-Controle-de-Investimentos.png\"\n\t\t\t\t>\n\t\t\t<\/picture>\n\t\t<\/a>\n\t<\/p>\n\n\n","protected":false},"excerpt":{"rendered":"<p>A confian\u00e7a do consumidor subiu 4,7 pontos no acumulado do m\u00eas de junho ante maio, na s\u00e9rie com ajuste sazonal, ficando em 80,9 pontos. Os dados foram divulgados nesta quinta-feira (24) pela Funda\u00e7\u00e3o Get\u00falio Vargas (FGV), sendo referentes ao \u00cdndice de Confian\u00e7a do Consumidor (ICC). Em m\u00e9dias m\u00f3veis trimestrais, o \u00edndice aumentou 4,2 pontos. Alimentos: [&hellip;]<\/p>\n","protected":false},"author":73,"featured_media":160876,"comment_status":"closed","ping_status":"closed","sticky":false,"template":"","format":"standard","meta":[],"categories":[62],"tags":[106444,10832,797,106154],"suno_strategy":[],"class_list":["post-160798","post","type-post","status-publish","format-standard","has-post-thumbnail","hentry","category-economia","tag-agencias","tag-confianca-do-consumidor","tag-fgv","tag-pesquisas"],"yoast_head":"<!-- This site is optimized with the Yoast SEO plugin v24.4 - https:\/\/yoast.com\/wordpress\/plugins\/seo\/ -->\n<title>\u00cdndice de confian\u00e7a do consumidor sobe 4,7 pontos em junho<\/title>\n<meta name=\"description\" content=\"Os dados referentes \u00e0 confian\u00e7a do consumidor da FGV foram divulgados recentemente, indicando alta no trimestre. Clique aqui e leia mais.\" \/>\n<meta name=\"robots\" content=\"index, follow, max-snippet:-1, max-image-preview:large, max-video-preview:-1\" \/>\n<link rel=\"canonical\" href=\"https:\/\/www.suno.com.br\/noticias\/indice-confianca-consumidor-cresce-pontos\/\" \/>\n<meta property=\"og:locale\" content=\"pt_BR\" \/>\n<meta property=\"og:type\" content=\"article\" \/>\n<meta property=\"og:title\" content=\"\u00cdndice de confian\u00e7a do consumidor sobe 4,7 pontos em junho\" \/>\n<meta property=\"og:description\" content=\"Os dados referentes \u00e0 confian\u00e7a do consumidor da FGV foram divulgados recentemente, indicando alta no trimestre. Clique aqui e leia mais.\" \/>\n<meta property=\"og:url\" content=\"https:\/\/www.suno.com.br\/noticias\/indice-confianca-consumidor-cresce-pontos\/\" \/>\n<meta property=\"og:site_name\" content=\"Suno Not\u00edcias\" \/>\n<meta property=\"article:publisher\" content=\"https:\/\/facebook.com\/sunoresearch\" \/>\n<meta property=\"og:image\" content=\"https:\/\/files.sunoresearch.com.br\/n\/uploads\/2021\/06\/6df3938f-grocery-1232944_1920.jpg\" \/>\n\t<meta property=\"og:image:width\" content=\"1920\" \/>\n\t<meta property=\"og:image:height\" content=\"1280\" \/>\n\t<meta property=\"og:image:type\" content=\"image\/jpeg\" \/>\n<meta name=\"author\" content=\"Eduardo Vargas\" \/>\n<meta name=\"twitter:card\" content=\"summary_large_image\" \/>\n<meta name=\"twitter:creator\" content=\"@sunoresearch\" \/>\n<meta name=\"twitter:site\" content=\"@sunoresearch\" \/>\n<meta name=\"twitter:label1\" content=\"Escrito por\" \/>\n\t<meta name=\"twitter:data1\" content=\"Eduardo Vargas\" \/>\n\t<meta name=\"twitter:label2\" content=\"Est. tempo de leitura\" \/>\n\t<meta name=\"twitter:data2\" content=\"3 minutos\" \/>\n<script type=\"application\/ld+json\" class=\"yoast-schema-graph\">{\"@context\":\"https:\/\/schema.org\",\"@graph\":[{\"@type\":\"NewsArticle\",\"@id\":\"https:\/\/www.suno.com.br\/noticias\/indice-confianca-consumidor-cresce-pontos\/#article\",\"isPartOf\":{\"@id\":\"https:\/\/www.suno.com.br\/noticias\/indice-confianca-consumidor-cresce-pontos\/\"},\"author\":{\"name\":\"Eduardo Vargas\",\"@id\":\"https:\/\/www.suno.com.br\/noticias\/#\/schema\/person\/7f4d362bf3518e76090143ae77bb49a5\"},\"headline\":\"\u00cdndice de confian\u00e7a do consumidor sobe 4,7 pontos em junho e aumenta m\u00e9dia trimestral\",\"datePublished\":\"2021-06-24T18:04:51+00:00\",\"mainEntityOfPage\":{\"@id\":\"https:\/\/www.suno.com.br\/noticias\/indice-confianca-consumidor-cresce-pontos\/\"},\"wordCount\":549,\"publisher\":{\"@id\":\"https:\/\/www.suno.com.br\/noticias\/#organization\"},\"image\":{\"@id\":\"https:\/\/www.suno.com.br\/noticias\/indice-confianca-consumidor-cresce-pontos\/#primaryimage\"},\"thumbnailUrl\":\"https:\/\/files.sunoresearch.com.br\/n\/uploads\/2021\/06\/6df3938f-grocery-1232944_1920-jpg.webp\",\"keywords\":[\"Ag\u00eancias\",\"confian\u00e7a do consumidor\",\"FGV\",\"Pesquisas\"],\"articleSection\":[\"Economia\"],\"inLanguage\":\"pt-BR\"},{\"@type\":\"WebPage\",\"@id\":\"https:\/\/www.suno.com.br\/noticias\/indice-confianca-consumidor-cresce-pontos\/\",\"url\":\"https:\/\/www.suno.com.br\/noticias\/indice-confianca-consumidor-cresce-pontos\/\",\"name\":\"\u00cdndice de confian\u00e7a do consumidor sobe 4,7 pontos em junho\",\"isPartOf\":{\"@id\":\"https:\/\/www.suno.com.br\/noticias\/#website\"},\"primaryImageOfPage\":{\"@id\":\"https:\/\/www.suno.com.br\/noticias\/indice-confianca-consumidor-cresce-pontos\/#primaryimage\"},\"image\":{\"@id\":\"https:\/\/www.suno.com.br\/noticias\/indice-confianca-consumidor-cresce-pontos\/#primaryimage\"},\"thumbnailUrl\":\"https:\/\/files.sunoresearch.com.br\/n\/uploads\/2021\/06\/6df3938f-grocery-1232944_1920-jpg.webp\",\"datePublished\":\"2021-06-24T18:04:51+00:00\",\"description\":\"Os dados referentes \u00e0 confian\u00e7a do consumidor da FGV foram divulgados recentemente, indicando alta no trimestre. Clique aqui e leia mais.\",\"breadcrumb\":{\"@id\":\"https:\/\/www.suno.com.br\/noticias\/indice-confianca-consumidor-cresce-pontos\/#breadcrumb\"},\"inLanguage\":\"pt-BR\",\"potentialAction\":[{\"@type\":\"ReadAction\",\"target\":[\"https:\/\/www.suno.com.br\/noticias\/indice-confianca-consumidor-cresce-pontos\/\"]}]},{\"@type\":\"ImageObject\",\"inLanguage\":\"pt-BR\",\"@id\":\"https:\/\/www.suno.com.br\/noticias\/indice-confianca-consumidor-cresce-pontos\/#primaryimage\",\"url\":\"https:\/\/files.sunoresearch.com.br\/n\/uploads\/2021\/06\/6df3938f-grocery-1232944_1920-jpg.webp\",\"contentUrl\":\"https:\/\/files.sunoresearch.com.br\/n\/uploads\/2021\/06\/6df3938f-grocery-1232944_1920-jpg.webp\",\"width\":1920,\"height\":1280,\"caption\":\"Alimentos: pre\u00e7os sobem na m\u00e9dia global, segundo a FAO. Foto: Pixabay\"},{\"@type\":\"BreadcrumbList\",\"@id\":\"https:\/\/www.suno.com.br\/noticias\/indice-confianca-consumidor-cresce-pontos\/#breadcrumb\",\"itemListElement\":[{\"@type\":\"ListItem\",\"position\":1,\"name\":\"Not\u00edcias\",\"item\":\"https:\/\/www.suno.com.br\/noticias\/\"},{\"@type\":\"ListItem\",\"position\":2,\"name\":\"Economia\",\"item\":\"https:\/\/www.suno.com.br\/noticias\/economia\/\"},{\"@type\":\"ListItem\",\"position\":3,\"name\":\"\u00cdndice de confian\u00e7a do consumidor sobe 4,7 pontos em junho e aumenta m\u00e9dia trimestral\"}]},{\"@type\":\"WebSite\",\"@id\":\"https:\/\/www.suno.com.br\/noticias\/#website\",\"url\":\"https:\/\/www.suno.com.br\/noticias\/\",\"name\":\"Suno Not\u00edcias\",\"description\":\"Seu portal de informa\u00e7\u00e3o sobre o mundo dos investimentos\",\"publisher\":{\"@id\":\"https:\/\/www.suno.com.br\/noticias\/#organization\"},\"potentialAction\":[{\"@type\":\"SearchAction\",\"target\":{\"@type\":\"EntryPoint\",\"urlTemplate\":\"https:\/\/www.suno.com.br\/noticias\/?s={search_term_string}\"},\"query-input\":{\"@type\":\"PropertyValueSpecification\",\"valueRequired\":true,\"valueName\":\"search_term_string\"}}],\"inLanguage\":\"pt-BR\"},{\"@type\":\"Organization\",\"@id\":\"https:\/\/www.suno.com.br\/noticias\/#organization\",\"name\":\"Suno Not\u00edcias\",\"url\":\"https:\/\/www.suno.com.br\/noticias\/\",\"logo\":{\"@type\":\"ImageObject\",\"inLanguage\":\"pt-BR\",\"@id\":\"https:\/\/www.suno.com.br\/noticias\/#\/schema\/logo\/image\/\",\"url\":\"https:\/\/files.sunoresearch.com.br\/n\/uploads\/2021\/09\/suno-logo.png\",\"contentUrl\":\"https:\/\/files.sunoresearch.com.br\/n\/uploads\/2021\/09\/suno-logo.png\",\"width\":180,\"height\":180,\"caption\":\"Suno Not\u00edcias\"},\"image\":{\"@id\":\"https:\/\/www.suno.com.br\/noticias\/#\/schema\/logo\/image\/\"},\"sameAs\":[\"https:\/\/facebook.com\/sunoresearch\",\"https:\/\/x.com\/sunoresearch\",\"https:\/\/www.instagram.com\/suno\",\"https:\/\/www.linkedin.com\/company\/suno-research\/\",\"https:\/\/www.youtube.com\/c\/sunoresearch\"]},{\"@type\":\"Person\",\"@id\":\"https:\/\/www.suno.com.br\/noticias\/#\/schema\/person\/7f4d362bf3518e76090143ae77bb49a5\",\"name\":\"Eduardo Vargas\",\"image\":{\"@type\":\"ImageObject\",\"inLanguage\":\"pt-BR\",\"@id\":\"https:\/\/www.suno.com.br\/noticias\/#\/schema\/person\/image\/\",\"url\":\"https:\/\/secure.gravatar.com\/avatar\/dac340933427a22924c9f99d1eb2e3f2?s=96&r=g\",\"contentUrl\":\"https:\/\/secure.gravatar.com\/avatar\/dac340933427a22924c9f99d1eb2e3f2?s=96&r=g\",\"caption\":\"Eduardo Vargas\"},\"description\":\"Jornalista formado pela UFSC, cobre macroeconomia, neg\u00f3cios e startups para o Suno Not\u00edcias, escrevendo principalmente not\u00edcias sobre o mercado financeiro e a bolsa de valores. No YouTube e no Instagram, \u00e9 respons\u00e1vel pela produ\u00e7\u00e3o de Reels e Shorts do Suno Not\u00edcias. Anteriormente, trabalhou cobrindo economia e cotidiano no ND+ e para o ND, maior jornal impresso de Santa Catarina. Cursou um semestre letivo de Estudos de M\u00eddia na Universidad de Buenos Aires.\",\"url\":\"https:\/\/www.suno.com.br\/noticias\/author\/eduardo-vargas\/\"}]}<\/script>\n<!-- \/ Yoast SEO plugin. -->","yoast_head_json":{"title":"\u00cdndice de confian\u00e7a do consumidor sobe 4,7 pontos em junho","description":"Os dados referentes \u00e0 confian\u00e7a do consumidor da FGV foram divulgados recentemente, indicando alta no trimestre. Clique aqui e leia mais.","robots":{"index":"index","follow":"follow","max-snippet":"max-snippet:-1","max-image-preview":"max-image-preview:large","max-video-preview":"max-video-preview:-1"},"canonical":"https:\/\/www.suno.com.br\/noticias\/indice-confianca-consumidor-cresce-pontos\/","og_locale":"pt_BR","og_type":"article","og_title":"\u00cdndice de confian\u00e7a do consumidor sobe 4,7 pontos em junho","og_description":"Os dados referentes \u00e0 confian\u00e7a do consumidor da FGV foram divulgados recentemente, indicando alta no trimestre. Clique aqui e leia mais.","og_url":"https:\/\/www.suno.com.br\/noticias\/indice-confianca-consumidor-cresce-pontos\/","og_site_name":"Suno Not\u00edcias","article_publisher":"https:\/\/facebook.com\/sunoresearch","og_image":[{"width":1920,"height":1280,"url":"https:\/\/files.sunoresearch.com.br\/n\/uploads\/2021\/06\/6df3938f-grocery-1232944_1920.jpg","type":"image\/jpeg"}],"author":"Eduardo Vargas","twitter_card":"summary_large_image","twitter_creator":"@sunoresearch","twitter_site":"@sunoresearch","twitter_misc":{"Escrito por":"Eduardo Vargas","Est. tempo de leitura":"3 minutos"},"schema":{"@context":"https:\/\/schema.org","@graph":[{"@type":"NewsArticle","@id":"https:\/\/www.suno.com.br\/noticias\/indice-confianca-consumidor-cresce-pontos\/#article","isPartOf":{"@id":"https:\/\/www.suno.com.br\/noticias\/indice-confianca-consumidor-cresce-pontos\/"},"author":{"name":"Eduardo Vargas","@id":"https:\/\/www.suno.com.br\/noticias\/#\/schema\/person\/7f4d362bf3518e76090143ae77bb49a5"},"headline":"\u00cdndice de confian\u00e7a do consumidor sobe 4,7 pontos em junho e aumenta m\u00e9dia trimestral","datePublished":"2021-06-24T18:04:51+00:00","mainEntityOfPage":{"@id":"https:\/\/www.suno.com.br\/noticias\/indice-confianca-consumidor-cresce-pontos\/"},"wordCount":549,"publisher":{"@id":"https:\/\/www.suno.com.br\/noticias\/#organization"},"image":{"@id":"https:\/\/www.suno.com.br\/noticias\/indice-confianca-consumidor-cresce-pontos\/#primaryimage"},"thumbnailUrl":"https:\/\/files.sunoresearch.com.br\/n\/uploads\/2021\/06\/6df3938f-grocery-1232944_1920-jpg.webp","keywords":["Ag\u00eancias","confian\u00e7a do consumidor","FGV","Pesquisas"],"articleSection":["Economia"],"inLanguage":"pt-BR"},{"@type":"WebPage","@id":"https:\/\/www.suno.com.br\/noticias\/indice-confianca-consumidor-cresce-pontos\/","url":"https:\/\/www.suno.com.br\/noticias\/indice-confianca-consumidor-cresce-pontos\/","name":"\u00cdndice de confian\u00e7a do consumidor sobe 4,7 pontos em junho","isPartOf":{"@id":"https:\/\/www.suno.com.br\/noticias\/#website"},"primaryImageOfPage":{"@id":"https:\/\/www.suno.com.br\/noticias\/indice-confianca-consumidor-cresce-pontos\/#primaryimage"},"image":{"@id":"https:\/\/www.suno.com.br\/noticias\/indice-confianca-consumidor-cresce-pontos\/#primaryimage"},"thumbnailUrl":"https:\/\/files.sunoresearch.com.br\/n\/uploads\/2021\/06\/6df3938f-grocery-1232944_1920-jpg.webp","datePublished":"2021-06-24T18:04:51+00:00","description":"Os dados referentes \u00e0 confian\u00e7a do consumidor da FGV foram divulgados recentemente, indicando alta no trimestre. Clique aqui e leia mais.","breadcrumb":{"@id":"https:\/\/www.suno.com.br\/noticias\/indice-confianca-consumidor-cresce-pontos\/#breadcrumb"},"inLanguage":"pt-BR","potentialAction":[{"@type":"ReadAction","target":["https:\/\/www.suno.com.br\/noticias\/indice-confianca-consumidor-cresce-pontos\/"]}]},{"@type":"ImageObject","inLanguage":"pt-BR","@id":"https:\/\/www.suno.com.br\/noticias\/indice-confianca-consumidor-cresce-pontos\/#primaryimage","url":"https:\/\/files.sunoresearch.com.br\/n\/uploads\/2021\/06\/6df3938f-grocery-1232944_1920-jpg.webp","contentUrl":"https:\/\/files.sunoresearch.com.br\/n\/uploads\/2021\/06\/6df3938f-grocery-1232944_1920-jpg.webp","width":1920,"height":1280,"caption":"Alimentos: pre\u00e7os sobem na m\u00e9dia global, segundo a FAO. Foto: Pixabay"},{"@type":"BreadcrumbList","@id":"https:\/\/www.suno.com.br\/noticias\/indice-confianca-consumidor-cresce-pontos\/#breadcrumb","itemListElement":[{"@type":"ListItem","position":1,"name":"Not\u00edcias","item":"https:\/\/www.suno.com.br\/noticias\/"},{"@type":"ListItem","position":2,"name":"Economia","item":"https:\/\/www.suno.com.br\/noticias\/economia\/"},{"@type":"ListItem","position":3,"name":"\u00cdndice de confian\u00e7a do consumidor sobe 4,7 pontos em junho e aumenta m\u00e9dia trimestral"}]},{"@type":"WebSite","@id":"https:\/\/www.suno.com.br\/noticias\/#website","url":"https:\/\/www.suno.com.br\/noticias\/","name":"Suno Not\u00edcias","description":"Seu portal de informa\u00e7\u00e3o sobre o mundo dos investimentos","publisher":{"@id":"https:\/\/www.suno.com.br\/noticias\/#organization"},"potentialAction":[{"@type":"SearchAction","target":{"@type":"EntryPoint","urlTemplate":"https:\/\/www.suno.com.br\/noticias\/?s={search_term_string}"},"query-input":{"@type":"PropertyValueSpecification","valueRequired":true,"valueName":"search_term_string"}}],"inLanguage":"pt-BR"},{"@type":"Organization","@id":"https:\/\/www.suno.com.br\/noticias\/#organization","name":"Suno Not\u00edcias","url":"https:\/\/www.suno.com.br\/noticias\/","logo":{"@type":"ImageObject","inLanguage":"pt-BR","@id":"https:\/\/www.suno.com.br\/noticias\/#\/schema\/logo\/image\/","url":"https:\/\/files.sunoresearch.com.br\/n\/uploads\/2021\/09\/suno-logo.png","contentUrl":"https:\/\/files.sunoresearch.com.br\/n\/uploads\/2021\/09\/suno-logo.png","width":180,"height":180,"caption":"Suno Not\u00edcias"},"image":{"@id":"https:\/\/www.suno.com.br\/noticias\/#\/schema\/logo\/image\/"},"sameAs":["https:\/\/facebook.com\/sunoresearch","https:\/\/x.com\/sunoresearch","https:\/\/www.instagram.com\/suno","https:\/\/www.linkedin.com\/company\/suno-research\/","https:\/\/www.youtube.com\/c\/sunoresearch"]},{"@type":"Person","@id":"https:\/\/www.suno.com.br\/noticias\/#\/schema\/person\/7f4d362bf3518e76090143ae77bb49a5","name":"Eduardo Vargas","image":{"@type":"ImageObject","inLanguage":"pt-BR","@id":"https:\/\/www.suno.com.br\/noticias\/#\/schema\/person\/image\/","url":"https:\/\/secure.gravatar.com\/avatar\/dac340933427a22924c9f99d1eb2e3f2?s=96&r=g","contentUrl":"https:\/\/secure.gravatar.com\/avatar\/dac340933427a22924c9f99d1eb2e3f2?s=96&r=g","caption":"Eduardo Vargas"},"description":"Jornalista formado pela UFSC, cobre macroeconomia, neg\u00f3cios e startups para o Suno Not\u00edcias, escrevendo principalmente not\u00edcias sobre o mercado financeiro e a bolsa de valores. No YouTube e no Instagram, \u00e9 respons\u00e1vel pela produ\u00e7\u00e3o de Reels e Shorts do Suno Not\u00edcias. Anteriormente, trabalhou cobrindo economia e cotidiano no ND+ e para o ND, maior jornal impresso de Santa Catarina. Cursou um semestre letivo de Estudos de M\u00eddia na Universidad de Buenos Aires.","url":"https:\/\/www.suno.com.br\/noticias\/author\/eduardo-vargas\/"}]}},"default_loop_html":"<div class=\"cardsPage__listCard__boxs\"><div class=\"cardsPage__listCard__boxs__img\"><a href=\"https:\/\/www.suno.com.br\/noticias\/indice-confianca-consumidor-cresce-pontos\/\"><img class=\"mask\" src=\"https:\/\/www.suno.com.br\/noticias\/wp-content\/themes\/suno\/resources\/images\/spotlight\/spotlight1img\/bg-mask.png\" alt=\"Image Mask\"\/><img src=\"https:\/\/files.sunoresearch.com.br\/n\/uploads\/2021\/06\/6df3938f-grocery-1232944_1920-400x200.webp\" alt=\"\u00cdndice de confian\u00e7a do consumidor sobe 4,7 pontos em junho e aumenta m\u00e9dia trimestral\"\/><\/a><span class=\"spotlightCategory\"><a href=\"https:\/\/www.suno.com.br\/noticias\/economia\/\">Economia<\/a><\/span><\/div><div class=\"cardsPage__listCard__boxs__content\"><a href=\"https:\/\/www.suno.com.br\/noticias\/indice-confianca-consumidor-cresce-pontos\/\"><h2 class=\"content__title\">\u00cdndice de confian\u00e7a do consumidor sobe 4,7 pontos em junho e aumenta m\u00e9dia trimestral<\/h2><\/a><div class=\"newsContent__article__meta\"><div class=\"newsContent__article__meta__authorBox\"><a href=\"https:\/\/www.suno.com.br\/noticias\/author\/eduardo-vargas\/\" class=\"authorBox__avatar noMobi\"><img src=\"https:\/\/secure.gravatar.com\/avatar\/dac340933427a22924c9f99d1eb2e3f2?s=96&#038;r=g\" alt=\"Eduardo Vargas\"><\/a><div class=\"authorBox__name\"><span>por\n\t\t\t<a href=\"https:\/\/www.suno.com.br\/noticias\/author\/eduardo-vargas\/\"><span itemprop=\"author\">Eduardo Vargas<\/span><\/a><\/span><time datetime=\"2021-06-24T15:04:51-03:00\" itemprop=\"datePublished\">24\/06\/2021 15:04<\/time><\/div><\/div><\/div><\/div><\/div>","single_layout":"posts","amp_enabled":true,"_links":{"self":[{"href":"https:\/\/www.suno.com.br\/noticias\/wp-json\/wp\/v2\/posts\/160798"}],"collection":[{"href":"https:\/\/www.suno.com.br\/noticias\/wp-json\/wp\/v2\/posts"}],"about":[{"href":"https:\/\/www.suno.com.br\/noticias\/wp-json\/wp\/v2\/types\/post"}],"author":[{"embeddable":true,"href":"https:\/\/www.suno.com.br\/noticias\/wp-json\/wp\/v2\/users\/73"}],"replies":[{"embeddable":true,"href":"https:\/\/www.suno.com.br\/noticias\/wp-json\/wp\/v2\/comments?post=160798"}],"version-history":[{"count":3,"href":"https:\/\/www.suno.com.br\/noticias\/wp-json\/wp\/v2\/posts\/160798\/revisions"}],"predecessor-version":[{"id":160986,"href":"https:\/\/www.suno.com.br\/noticias\/wp-json\/wp\/v2\/posts\/160798\/revisions\/160986"}],"wp:featuredmedia":[{"embeddable":true,"href":"https:\/\/www.suno.com.br\/noticias\/wp-json\/wp\/v2\/media\/160876"}],"wp:attachment":[{"href":"https:\/\/www.suno.com.br\/noticias\/wp-json\/wp\/v2\/media?parent=160798"}],"wp:term":[{"taxonomy":"category","embeddable":true,"href":"https:\/\/www.suno.com.br\/noticias\/wp-json\/wp\/v2\/categories?post=160798"},{"taxonomy":"post_tag","embeddable":true,"href":"https:\/\/www.suno.com.br\/noticias\/wp-json\/wp\/v2\/tags?post=160798"},{"taxonomy":"suno_strategy","embeddable":true,"href":"https:\/\/www.suno.com.br\/noticias\/wp-json\/wp\/v2\/suno_strategy?post=160798"}],"curies":[{"name":"wp","href":"https:\/\/api.w.org\/{rel}","templated":true}]}}