{"id":16079,"date":"2019-02-20T21:38:11","date_gmt":"2019-02-21T00:38:11","guid":{"rendered":"https:\/\/www.suno.com.br\/noticias\/?p=16079"},"modified":"2021-06-21T05:22:01","modified_gmt":"2021-06-21T08:22:01","slug":"soja-previsao-safra-cai","status":"publish","type":"post","link":"https:\/\/www.suno.com.br\/noticias\/soja-previsao-safra-cai\/","title":{"rendered":"Soja: previs\u00e3o \u00e9 que safra no Brasil caia mais em 2019"},"content":{"rendered":"<p>A Agroconsult\u00a0rebaixou as expectativas da safra de soja no Brasil.<\/p>\t<div class=\"wrapper-featured-image\">\n\t\t<figure class=\"spotlightImg\">\n\n\t\t\t<picture>\n\t\t\t\t<source media=\"(max-width: 768px)\" srcset=\"https:\/\/files.sunoresearch.com.br\/n\/uploads\/2019\/02\/28dc14f7-soja-400x200.webp\">\n\t\t\t\t<img loading=\"lazy\" decoding=\"async\" class=\"newsContent__article__imgCapa lazyloadDisabled newsContent__article__imgCapa--noCaption\" src=\"https:\/\/files.sunoresearch.com.br\/n\/uploads\/2019\/02\/28dc14f7-soja-800x450.webp\" width=\"800\" height=\"450\" alt=\"Soja: previs\u00e3o \u00e9 que safra no Brasil caia mais em 2019\" fetchpriority=high \/>\n\t\t\t<\/picture>\n\n\t\t\t<figcaption class=\"wp-caption-text wp-caption-text--hide\"><\/figcaption>\n\t\t<\/figure>\n\t<\/div>\n\n\n<p>Segundo a consultoria, a safra de <strong>soja<\/strong>\u00a0em 2018\/19 deve ser de 116,4 milh\u00f5es de toneladas. O n\u00famero \u00e9 praticamente est\u00e1vel quando comparado a \u00faltima proje\u00e7\u00e3o divulgado no in\u00edcio do m\u00eas: 116,5 milh\u00f5es de toneladas.\u00a0 Por\u00e9m, a perda chega a 1,2 milh\u00e3o de toneladas em compara\u00e7\u00e3o com os valores anunciados em 10 de janeiro.<\/p>\n<p><a href=\"https:\/\/www.suno.com.br\/noticias\/safra-soja-menor-3-anos-agrural\/\">Saiba mais:\u00a0Safra de soja 2018\/19 deve ser a menor dos \u00faltimos 3 anos, diz AgRural<\/a><\/p>\n<p>Mesmo assim, em evento realizado em Bras\u00edlia promovida pela <strong>Associa\u00e7\u00e3o Nacional dos Exportadores de Cereais (Anec)<\/strong>, a consultoria informou que algumas \u00e1reas produtoras est\u00e3o em situa\u00e7\u00e3o melhor, o que compensou perdas pela <strong>seca<\/strong> e <strong>calor<\/strong> registradas em importantes regi\u00f5es.<\/p>\n<h2>Redu\u00e7\u00e3o da safra de soja<\/h2>\n<p>Em janeiro, a <strong>Aprosoja<\/strong> j\u00e1 tinha diminu\u00eddo as expectativas de produ\u00e7\u00e3o nos principais estados.<\/p>\n<p>No relat\u00f3rio divulgada pela <strong>associa\u00e7\u00e3o<\/strong>, as estimativas eram de que a produ\u00e7\u00e3o de <strong>soja<\/strong> ca\u00edsse em 12 estados. As <strong>proje\u00e7\u00f5es<\/strong> haviam passado de 117,3 milh\u00f5es de toneladas para 101 milh\u00f5es.<\/p>\n<p><a href=\"https:\/\/www.suno.com.br\/noticias\/soja-reduzir-projecao-safra-estados\/\">Saiba mais: Soja: Associa\u00e7\u00e3o volta a reduzir proje\u00e7\u00e3o para safra nos principais estados<\/a><\/p>\n<p>A <strong>Aprosoja<\/strong> atribuiu a queda a severa seca que atinge as maiores regi\u00f5es produtoras desde dezembro. \u201cCaso n\u00e3o volte a chover nos pr\u00f3ximos dias, intensificam-se essas perdas. A situa\u00e7\u00e3o \u00e9 um pouco mais grave do que as consultorias est\u00e3o passando\u201d, afirmou \u00e0 Reuters o presidente da Aprosoja, Bartolomeu Braz.<\/p>\n<p>Outra consult\u00f3ria, a <strong>AgRural<\/strong>, estimou um corte de 4% na safra. Al\u00e9m disso, a AgRural destacou que a safra de <strong>soja<\/strong> 2018\/19 deve ser a menor dos \u00faltimos tr\u00eas anos, com 112,5 milh\u00f5es de toneladas. As<strong> condi\u00e7\u00f5es clim\u00e1ticas desfavor\u00e1veis<\/strong> prejudicaram a planta\u00e7\u00e3o na fase de desenvolvimento. Os estados tamb\u00e9m devem sofrer com cortes na safra.<\/p>\n<p><a href=\"https:\/\/www.suno.com.br\/noticias\/consultoria-diminui-previsao-soja\/\">Saiba mais: Consultoria diminui previs\u00e3o de safra de soja por causa da seca<\/a><\/p>\n<p>\u201cEmbora o <strong>Rio Grande do Sul<\/strong> tenha boas lavouras de <strong>soja<\/strong> at\u00e9 o momento, as condi\u00e7\u00f5es clim\u00e1ticas de fevereiro s\u00e3o decisivas para a produtividade ga\u00facha. As chuvas e as temperaturas de fevereiro tamb\u00e9m s\u00e3o importantes para a produtividade do Matopiba (Maranh\u00e3o, Tocantins, Piau\u00ed e Bahia), regi\u00e3o que j\u00e1 registra perdas devido \u00e0s condi\u00e7\u00f5es desfavor\u00e1veis de janeiro\u201d, disse a <strong>AgRural<\/strong><\/p>\n","protected":false},"excerpt":{"rendered":"<p>A Agroconsult\u00a0rebaixou as expectativas da safra de soja no Brasil. Segundo a consultoria, a safra de soja\u00a0em 2018\/19 deve ser de 116,4 milh\u00f5es de toneladas. O n\u00famero \u00e9 praticamente est\u00e1vel quando comparado a \u00faltima proje\u00e7\u00e3o divulgado no in\u00edcio do m\u00eas: 116,5 milh\u00f5es de toneladas.\u00a0 Por\u00e9m, a perda chega a 1,2 milh\u00e3o de toneladas em compara\u00e7\u00e3o [&hellip;]<\/p>\n","protected":false},"author":14,"featured_media":16092,"comment_status":"closed","ping_status":"closed","sticky":false,"template":"","format":"standard","meta":[],"categories":[60],"tags":[1518,707,917],"suno_strategy":[],"class_list":["post-16079","post","type-post","status-publish","format-standard","has-post-thumbnail","hentry","category-mercado","tag-banco-safra","tag-exportacoes","tag-soja"],"yoast_head":"<!-- This site is optimized with the Yoast SEO plugin v24.4 - https:\/\/yoast.com\/wordpress\/plugins\/seo\/ -->\n<title>Soja: previs\u00e3o \u00e9 que safra do Brasil caia mais em 2019<\/title>\n<meta name=\"description\" content=\"As condi\u00e7\u00f5es clim\u00e1ticas, como a seca, foram as principais respons\u00e1veis pela queda da soja. Clique para saber mais.\" \/>\n<meta name=\"robots\" content=\"index, follow, max-snippet:-1, max-image-preview:large, max-video-preview:-1\" \/>\n<link rel=\"canonical\" href=\"https:\/\/www.suno.com.br\/noticias\/soja-previsao-safra-cai\/\" \/>\n<meta property=\"og:locale\" content=\"pt_BR\" \/>\n<meta property=\"og:type\" content=\"article\" \/>\n<meta property=\"og:title\" content=\"Soja: previs\u00e3o \u00e9 que safra do Brasil caia mais em 2019\" \/>\n<meta property=\"og:description\" content=\"As condi\u00e7\u00f5es clim\u00e1ticas, como a seca, foram as principais respons\u00e1veis pela queda da soja. Clique para saber mais.\" \/>\n<meta property=\"og:url\" content=\"https:\/\/www.suno.com.br\/noticias\/soja-previsao-safra-cai\/\" \/>\n<meta property=\"og:site_name\" content=\"Suno Not\u00edcias\" \/>\n<meta property=\"article:publisher\" content=\"https:\/\/facebook.com\/sunoresearch\" \/>\n<meta property=\"og:image\" content=\"https:\/\/files.sunoresearch.com.br\/n\/uploads\/2019\/02\/28dc14f7-soja-1024x768.jpg\" \/>\n\t<meta property=\"og:image:width\" content=\"1024\" \/>\n\t<meta property=\"og:image:height\" content=\"768\" \/>\n\t<meta property=\"og:image:type\" content=\"image\/jpeg\" \/>\n<meta name=\"author\" content=\"Renan Dantas\" \/>\n<meta name=\"twitter:card\" content=\"summary_large_image\" \/>\n<meta name=\"twitter:creator\" content=\"@sunoresearch\" \/>\n<meta name=\"twitter:site\" content=\"@sunoresearch\" \/>\n<meta name=\"twitter:label1\" content=\"Escrito por\" \/>\n\t<meta name=\"twitter:data1\" content=\"Renan Dantas\" \/>\n\t<meta name=\"twitter:label2\" content=\"Est. tempo de leitura\" \/>\n\t<meta name=\"twitter:data2\" content=\"2 minutos\" \/>\n<script type=\"application\/ld+json\" class=\"yoast-schema-graph\">{\"@context\":\"https:\/\/schema.org\",\"@graph\":[{\"@type\":\"NewsArticle\",\"@id\":\"https:\/\/www.suno.com.br\/noticias\/soja-previsao-safra-cai\/#article\",\"isPartOf\":{\"@id\":\"https:\/\/www.suno.com.br\/noticias\/soja-previsao-safra-cai\/\"},\"author\":{\"name\":\"Renan Dantas\",\"@id\":\"https:\/\/www.suno.com.br\/noticias\/#\/schema\/person\/3f7693d5795a3f6d5ce15309ee785699\"},\"headline\":\"Soja: previs\u00e3o \u00e9 que safra no Brasil caia mais em 2019\",\"datePublished\":\"2019-02-21T00:38:11+00:00\",\"dateModified\":\"2021-06-21T08:22:01+00:00\",\"mainEntityOfPage\":{\"@id\":\"https:\/\/www.suno.com.br\/noticias\/soja-previsao-safra-cai\/\"},\"wordCount\":404,\"publisher\":{\"@id\":\"https:\/\/www.suno.com.br\/noticias\/#organization\"},\"image\":{\"@id\":\"https:\/\/www.suno.com.br\/noticias\/soja-previsao-safra-cai\/#primaryimage\"},\"thumbnailUrl\":\"https:\/\/files.sunoresearch.com.br\/n\/uploads\/2019\/02\/28dc14f7-soja-scaled.webp\",\"keywords\":[\"Banco Safra\",\"exporta\u00e7\u00f5es\",\"soja\"],\"articleSection\":[\"Mercado\"],\"inLanguage\":\"pt-BR\"},{\"@type\":\"WebPage\",\"@id\":\"https:\/\/www.suno.com.br\/noticias\/soja-previsao-safra-cai\/\",\"url\":\"https:\/\/www.suno.com.br\/noticias\/soja-previsao-safra-cai\/\",\"name\":\"Soja: previs\u00e3o \u00e9 que safra do Brasil caia mais em 2019\",\"isPartOf\":{\"@id\":\"https:\/\/www.suno.com.br\/noticias\/#website\"},\"primaryImageOfPage\":{\"@id\":\"https:\/\/www.suno.com.br\/noticias\/soja-previsao-safra-cai\/#primaryimage\"},\"image\":{\"@id\":\"https:\/\/www.suno.com.br\/noticias\/soja-previsao-safra-cai\/#primaryimage\"},\"thumbnailUrl\":\"https:\/\/files.sunoresearch.com.br\/n\/uploads\/2019\/02\/28dc14f7-soja-scaled.webp\",\"datePublished\":\"2019-02-21T00:38:11+00:00\",\"dateModified\":\"2021-06-21T08:22:01+00:00\",\"description\":\"As condi\u00e7\u00f5es clim\u00e1ticas, como a seca, foram as principais respons\u00e1veis pela queda da soja. Clique para saber mais.\",\"breadcrumb\":{\"@id\":\"https:\/\/www.suno.com.br\/noticias\/soja-previsao-safra-cai\/#breadcrumb\"},\"inLanguage\":\"pt-BR\",\"potentialAction\":[{\"@type\":\"ReadAction\",\"target\":[\"https:\/\/www.suno.com.br\/noticias\/soja-previsao-safra-cai\/\"]}]},{\"@type\":\"ImageObject\",\"inLanguage\":\"pt-BR\",\"@id\":\"https:\/\/www.suno.com.br\/noticias\/soja-previsao-safra-cai\/#primaryimage\",\"url\":\"https:\/\/files.sunoresearch.com.br\/n\/uploads\/2019\/02\/28dc14f7-soja-scaled.webp\",\"contentUrl\":\"https:\/\/files.sunoresearch.com.br\/n\/uploads\/2019\/02\/28dc14f7-soja-scaled.webp\",\"width\":2560,\"height\":1920},{\"@type\":\"BreadcrumbList\",\"@id\":\"https:\/\/www.suno.com.br\/noticias\/soja-previsao-safra-cai\/#breadcrumb\",\"itemListElement\":[{\"@type\":\"ListItem\",\"position\":1,\"name\":\"Not\u00edcias\",\"item\":\"https:\/\/www.suno.com.br\/noticias\/\"},{\"@type\":\"ListItem\",\"position\":2,\"name\":\"Mercado\",\"item\":\"https:\/\/www.suno.com.br\/noticias\/mercado\/\"},{\"@type\":\"ListItem\",\"position\":3,\"name\":\"Soja: previs\u00e3o \u00e9 que safra no Brasil caia mais em 2019\"}]},{\"@type\":\"WebSite\",\"@id\":\"https:\/\/www.suno.com.br\/noticias\/#website\",\"url\":\"https:\/\/www.suno.com.br\/noticias\/\",\"name\":\"Suno Not\u00edcias\",\"description\":\"Seu portal de informa\u00e7\u00e3o sobre o mundo dos investimentos\",\"publisher\":{\"@id\":\"https:\/\/www.suno.com.br\/noticias\/#organization\"},\"potentialAction\":[{\"@type\":\"SearchAction\",\"target\":{\"@type\":\"EntryPoint\",\"urlTemplate\":\"https:\/\/www.suno.com.br\/noticias\/?s={search_term_string}\"},\"query-input\":{\"@type\":\"PropertyValueSpecification\",\"valueRequired\":true,\"valueName\":\"search_term_string\"}}],\"inLanguage\":\"pt-BR\"},{\"@type\":\"Organization\",\"@id\":\"https:\/\/www.suno.com.br\/noticias\/#organization\",\"name\":\"Suno Not\u00edcias\",\"url\":\"https:\/\/www.suno.com.br\/noticias\/\",\"logo\":{\"@type\":\"ImageObject\",\"inLanguage\":\"pt-BR\",\"@id\":\"https:\/\/www.suno.com.br\/noticias\/#\/schema\/logo\/image\/\",\"url\":\"https:\/\/files.sunoresearch.com.br\/n\/uploads\/2021\/09\/suno-logo.png\",\"contentUrl\":\"https:\/\/files.sunoresearch.com.br\/n\/uploads\/2021\/09\/suno-logo.png\",\"width\":180,\"height\":180,\"caption\":\"Suno Not\u00edcias\"},\"image\":{\"@id\":\"https:\/\/www.suno.com.br\/noticias\/#\/schema\/logo\/image\/\"},\"sameAs\":[\"https:\/\/facebook.com\/sunoresearch\",\"https:\/\/x.com\/sunoresearch\",\"https:\/\/www.instagram.com\/suno\",\"https:\/\/www.linkedin.com\/company\/suno-research\/\",\"https:\/\/www.youtube.com\/c\/sunoresearch\"]},{\"@type\":\"Person\",\"@id\":\"https:\/\/www.suno.com.br\/noticias\/#\/schema\/person\/3f7693d5795a3f6d5ce15309ee785699\",\"name\":\"Renan Dantas\",\"image\":{\"@type\":\"ImageObject\",\"inLanguage\":\"pt-BR\",\"@id\":\"https:\/\/www.suno.com.br\/noticias\/#\/schema\/person\/image\/\",\"url\":\"https:\/\/secure.gravatar.com\/avatar\/1787b83e7484a08e51d62ac8b41c8396?s=96&r=g\",\"contentUrl\":\"https:\/\/secure.gravatar.com\/avatar\/1787b83e7484a08e51d62ac8b41c8396?s=96&r=g\",\"caption\":\"Renan Dantas\"},\"description\":\"Escreve sobre pol\u00edtica e mercado financeiro para o portal Suno Not\u00edcias. Antes, atuou na assessoria de comunica\u00e7\u00e3o do Minist\u00e9rio P\u00fablico do Trabalho e na R\u00e1dio Mackenzie, onde apresentava e produzia um programa sobre artistas da m\u00fasica brasileira. \u00c9 estudante na Universidade Presbiteriana Mackenzie.\",\"url\":\"https:\/\/www.suno.com.br\/noticias\/author\/renan-dantas\/\"}]}<\/script>\n<!-- \/ Yoast SEO plugin. -->","yoast_head_json":{"title":"Soja: previs\u00e3o \u00e9 que safra do Brasil caia mais em 2019","description":"As condi\u00e7\u00f5es clim\u00e1ticas, como a seca, foram as principais respons\u00e1veis pela queda da soja. Clique para saber mais.","robots":{"index":"index","follow":"follow","max-snippet":"max-snippet:-1","max-image-preview":"max-image-preview:large","max-video-preview":"max-video-preview:-1"},"canonical":"https:\/\/www.suno.com.br\/noticias\/soja-previsao-safra-cai\/","og_locale":"pt_BR","og_type":"article","og_title":"Soja: previs\u00e3o \u00e9 que safra do Brasil caia mais em 2019","og_description":"As condi\u00e7\u00f5es clim\u00e1ticas, como a seca, foram as principais respons\u00e1veis pela queda da soja. Clique para saber mais.","og_url":"https:\/\/www.suno.com.br\/noticias\/soja-previsao-safra-cai\/","og_site_name":"Suno Not\u00edcias","article_publisher":"https:\/\/facebook.com\/sunoresearch","og_image":[{"width":1024,"height":768,"url":"https:\/\/files.sunoresearch.com.br\/n\/uploads\/2019\/02\/28dc14f7-soja-1024x768.jpg","type":"image\/jpeg"}],"author":"Renan Dantas","twitter_card":"summary_large_image","twitter_creator":"@sunoresearch","twitter_site":"@sunoresearch","twitter_misc":{"Escrito por":"Renan Dantas","Est. tempo de leitura":"2 minutos"},"schema":{"@context":"https:\/\/schema.org","@graph":[{"@type":"NewsArticle","@id":"https:\/\/www.suno.com.br\/noticias\/soja-previsao-safra-cai\/#article","isPartOf":{"@id":"https:\/\/www.suno.com.br\/noticias\/soja-previsao-safra-cai\/"},"author":{"name":"Renan Dantas","@id":"https:\/\/www.suno.com.br\/noticias\/#\/schema\/person\/3f7693d5795a3f6d5ce15309ee785699"},"headline":"Soja: previs\u00e3o \u00e9 que safra no Brasil caia mais em 2019","datePublished":"2019-02-21T00:38:11+00:00","dateModified":"2021-06-21T08:22:01+00:00","mainEntityOfPage":{"@id":"https:\/\/www.suno.com.br\/noticias\/soja-previsao-safra-cai\/"},"wordCount":404,"publisher":{"@id":"https:\/\/www.suno.com.br\/noticias\/#organization"},"image":{"@id":"https:\/\/www.suno.com.br\/noticias\/soja-previsao-safra-cai\/#primaryimage"},"thumbnailUrl":"https:\/\/files.sunoresearch.com.br\/n\/uploads\/2019\/02\/28dc14f7-soja-scaled.webp","keywords":["Banco Safra","exporta\u00e7\u00f5es","soja"],"articleSection":["Mercado"],"inLanguage":"pt-BR"},{"@type":"WebPage","@id":"https:\/\/www.suno.com.br\/noticias\/soja-previsao-safra-cai\/","url":"https:\/\/www.suno.com.br\/noticias\/soja-previsao-safra-cai\/","name":"Soja: previs\u00e3o \u00e9 que safra do Brasil caia mais em 2019","isPartOf":{"@id":"https:\/\/www.suno.com.br\/noticias\/#website"},"primaryImageOfPage":{"@id":"https:\/\/www.suno.com.br\/noticias\/soja-previsao-safra-cai\/#primaryimage"},"image":{"@id":"https:\/\/www.suno.com.br\/noticias\/soja-previsao-safra-cai\/#primaryimage"},"thumbnailUrl":"https:\/\/files.sunoresearch.com.br\/n\/uploads\/2019\/02\/28dc14f7-soja-scaled.webp","datePublished":"2019-02-21T00:38:11+00:00","dateModified":"2021-06-21T08:22:01+00:00","description":"As condi\u00e7\u00f5es clim\u00e1ticas, como a seca, foram as principais respons\u00e1veis pela queda da soja. Clique para saber mais.","breadcrumb":{"@id":"https:\/\/www.suno.com.br\/noticias\/soja-previsao-safra-cai\/#breadcrumb"},"inLanguage":"pt-BR","potentialAction":[{"@type":"ReadAction","target":["https:\/\/www.suno.com.br\/noticias\/soja-previsao-safra-cai\/"]}]},{"@type":"ImageObject","inLanguage":"pt-BR","@id":"https:\/\/www.suno.com.br\/noticias\/soja-previsao-safra-cai\/#primaryimage","url":"https:\/\/files.sunoresearch.com.br\/n\/uploads\/2019\/02\/28dc14f7-soja-scaled.webp","contentUrl":"https:\/\/files.sunoresearch.com.br\/n\/uploads\/2019\/02\/28dc14f7-soja-scaled.webp","width":2560,"height":1920},{"@type":"BreadcrumbList","@id":"https:\/\/www.suno.com.br\/noticias\/soja-previsao-safra-cai\/#breadcrumb","itemListElement":[{"@type":"ListItem","position":1,"name":"Not\u00edcias","item":"https:\/\/www.suno.com.br\/noticias\/"},{"@type":"ListItem","position":2,"name":"Mercado","item":"https:\/\/www.suno.com.br\/noticias\/mercado\/"},{"@type":"ListItem","position":3,"name":"Soja: previs\u00e3o \u00e9 que safra no Brasil caia mais em 2019"}]},{"@type":"WebSite","@id":"https:\/\/www.suno.com.br\/noticias\/#website","url":"https:\/\/www.suno.com.br\/noticias\/","name":"Suno Not\u00edcias","description":"Seu portal de informa\u00e7\u00e3o sobre o mundo dos investimentos","publisher":{"@id":"https:\/\/www.suno.com.br\/noticias\/#organization"},"potentialAction":[{"@type":"SearchAction","target":{"@type":"EntryPoint","urlTemplate":"https:\/\/www.suno.com.br\/noticias\/?s={search_term_string}"},"query-input":{"@type":"PropertyValueSpecification","valueRequired":true,"valueName":"search_term_string"}}],"inLanguage":"pt-BR"},{"@type":"Organization","@id":"https:\/\/www.suno.com.br\/noticias\/#organization","name":"Suno Not\u00edcias","url":"https:\/\/www.suno.com.br\/noticias\/","logo":{"@type":"ImageObject","inLanguage":"pt-BR","@id":"https:\/\/www.suno.com.br\/noticias\/#\/schema\/logo\/image\/","url":"https:\/\/files.sunoresearch.com.br\/n\/uploads\/2021\/09\/suno-logo.png","contentUrl":"https:\/\/files.sunoresearch.com.br\/n\/uploads\/2021\/09\/suno-logo.png","width":180,"height":180,"caption":"Suno Not\u00edcias"},"image":{"@id":"https:\/\/www.suno.com.br\/noticias\/#\/schema\/logo\/image\/"},"sameAs":["https:\/\/facebook.com\/sunoresearch","https:\/\/x.com\/sunoresearch","https:\/\/www.instagram.com\/suno","https:\/\/www.linkedin.com\/company\/suno-research\/","https:\/\/www.youtube.com\/c\/sunoresearch"]},{"@type":"Person","@id":"https:\/\/www.suno.com.br\/noticias\/#\/schema\/person\/3f7693d5795a3f6d5ce15309ee785699","name":"Renan Dantas","image":{"@type":"ImageObject","inLanguage":"pt-BR","@id":"https:\/\/www.suno.com.br\/noticias\/#\/schema\/person\/image\/","url":"https:\/\/secure.gravatar.com\/avatar\/1787b83e7484a08e51d62ac8b41c8396?s=96&r=g","contentUrl":"https:\/\/secure.gravatar.com\/avatar\/1787b83e7484a08e51d62ac8b41c8396?s=96&r=g","caption":"Renan Dantas"},"description":"Escreve sobre pol\u00edtica e mercado financeiro para o portal Suno Not\u00edcias. Antes, atuou na assessoria de comunica\u00e7\u00e3o do Minist\u00e9rio P\u00fablico do Trabalho e na R\u00e1dio Mackenzie, onde apresentava e produzia um programa sobre artistas da m\u00fasica brasileira. \u00c9 estudante na Universidade Presbiteriana Mackenzie.","url":"https:\/\/www.suno.com.br\/noticias\/author\/renan-dantas\/"}]}},"default_loop_html":"<div class=\"cardsPage__listCard__boxs\"><div class=\"cardsPage__listCard__boxs__img\"><a href=\"https:\/\/www.suno.com.br\/noticias\/soja-previsao-safra-cai\/\"><img class=\"mask\" src=\"https:\/\/www.suno.com.br\/noticias\/wp-content\/themes\/suno\/resources\/images\/spotlight\/spotlight1img\/bg-mask.png\" alt=\"Image Mask\"\/><img src=\"https:\/\/files.sunoresearch.com.br\/n\/uploads\/2019\/02\/28dc14f7-soja-400x200.webp\" alt=\"Soja: previs\u00e3o \u00e9 que safra no Brasil caia mais em 2019\"\/><\/a><span class=\"spotlightCategory\"><a href=\"https:\/\/www.suno.com.br\/noticias\/mercado\/\">Mercado<\/a><\/span><\/div><div class=\"cardsPage__listCard__boxs__content\"><a href=\"https:\/\/www.suno.com.br\/noticias\/soja-previsao-safra-cai\/\"><h2 class=\"content__title\">Soja: previs\u00e3o \u00e9 que safra no Brasil caia mais em 2019<\/h2><\/a><div class=\"newsContent__article__meta\"><div class=\"newsContent__article__meta__authorBox\"><a href=\"https:\/\/www.suno.com.br\/noticias\/author\/renan-dantas\/\" class=\"authorBox__avatar noMobi\"><img src=\"https:\/\/secure.gravatar.com\/avatar\/1787b83e7484a08e51d62ac8b41c8396?s=96&#038;r=g\" alt=\"Renan Dantas\"><\/a><div class=\"authorBox__name\"><span>por\n\t\t\t<a href=\"https:\/\/www.suno.com.br\/noticias\/author\/renan-dantas\/\"><span itemprop=\"author\">Renan Dantas<\/span><\/a><\/span><time datetime=\"2019-02-20T21:38:11-03:00\" itemprop=\"datePublished\">20\/02\/2019 21:38<\/time><\/div><\/div><\/div><\/div><\/div>","single_layout":"posts","amp_enabled":true,"_links":{"self":[{"href":"https:\/\/www.suno.com.br\/noticias\/wp-json\/wp\/v2\/posts\/16079"}],"collection":[{"href":"https:\/\/www.suno.com.br\/noticias\/wp-json\/wp\/v2\/posts"}],"about":[{"href":"https:\/\/www.suno.com.br\/noticias\/wp-json\/wp\/v2\/types\/post"}],"author":[{"embeddable":true,"href":"https:\/\/www.suno.com.br\/noticias\/wp-json\/wp\/v2\/users\/14"}],"replies":[{"embeddable":true,"href":"https:\/\/www.suno.com.br\/noticias\/wp-json\/wp\/v2\/comments?post=16079"}],"version-history":[{"count":1,"href":"https:\/\/www.suno.com.br\/noticias\/wp-json\/wp\/v2\/posts\/16079\/revisions"}],"predecessor-version":[{"id":159513,"href":"https:\/\/www.suno.com.br\/noticias\/wp-json\/wp\/v2\/posts\/16079\/revisions\/159513"}],"wp:featuredmedia":[{"embeddable":true,"href":"https:\/\/www.suno.com.br\/noticias\/wp-json\/wp\/v2\/media\/16092"}],"wp:attachment":[{"href":"https:\/\/www.suno.com.br\/noticias\/wp-json\/wp\/v2\/media?parent=16079"}],"wp:term":[{"taxonomy":"category","embeddable":true,"href":"https:\/\/www.suno.com.br\/noticias\/wp-json\/wp\/v2\/categories?post=16079"},{"taxonomy":"post_tag","embeddable":true,"href":"https:\/\/www.suno.com.br\/noticias\/wp-json\/wp\/v2\/tags?post=16079"},{"taxonomy":"suno_strategy","embeddable":true,"href":"https:\/\/www.suno.com.br\/noticias\/wp-json\/wp\/v2\/suno_strategy?post=16079"}],"curies":[{"name":"wp","href":"https:\/\/api.w.org\/{rel}","templated":true}]}}