{"id":160715,"date":"2021-06-23T19:25:15","date_gmt":"2021-06-23T22:25:15","guid":{"rendered":"https:\/\/www.suno.com.br\/noticias\/?p=160715"},"modified":"2021-06-23T19:25:15","modified_gmt":"2021-06-23T22:25:15","slug":"mp-de-ambiente-de-negocios-sera-votada-hoje-na-camara","status":"publish","type":"post","link":"https:\/\/www.suno.com.br\/noticias\/mp-de-ambiente-de-negocios-sera-votada-hoje-na-camara\/","title":{"rendered":"MP de Ambiente de Neg\u00f3cios ser\u00e1 votada hoje na C\u00e2mara"},"content":{"rendered":"<p>A <strong>MP de Ambiente de Neg\u00f3cios<\/strong>, a qual busca elevar a posi\u00e7\u00e3o do Brasil no ranking <em>Doing Business<\/em>, do <a class=\"suno-keyword\" href=\"https:\/\/www.suno.com.br\/artigos\/banco-mundial\/\" target=\"_blank\" rel=\"noopener noreferrer\" data-force=\"no\" data-priority=\"2\">Banco Mundial<\/a>, com medidas de desburocratiza\u00e7\u00e3o, ser\u00e1 votada nesta quarta-feira (23) na C\u00e2mara dos Deputados.<\/p>\t<div class=\"wrapper-featured-image\">\n\t\t<figure class=\"spotlightImg\">\n\n\t\t\t<picture>\n\t\t\t\t<source media=\"(max-width: 768px)\" srcset=\"https:\/\/files.sunoresearch.com.br\/n\/uploads\/2021\/06\/d4188d75-43920829874_9d2c14eb9a_h-400x200.webp\">\n\t\t\t\t<img loading=\"lazy\" decoding=\"async\" class=\"newsContent__article__imgCapa lazyloadDisabled \" src=\"https:\/\/files.sunoresearch.com.br\/n\/uploads\/2021\/06\/d4188d75-43920829874_9d2c14eb9a_h-800x450.webp\" width=\"800\" height=\"450\" alt=\"MP de Ambiente de Neg\u00f3cios ser\u00e1 votada hoje na C\u00e2mara\" fetchpriority=high \/>\n\t\t\t<\/picture>\n\n\t\t\t<figcaption class=\"wp-caption-text wp-caption-text--show\">C\u00e2mara dos Deputados. Foto: Leonardo S\u00e1\/Ag\u00eancia Senado<\/figcaption>\n\t\t<\/figure>\n\t<\/div>\n\n\n\t<p>\n\t\t<a href=\"https:\/\/lp.suno.com.br\/planilha-controle-gastos\/\" target=\"_blank\" data-element=\"shortcode-suno-banner\" title=\"Banner SUNO, clique e saiba mais\">\n\t\t\t<picture>\n\t\t\t\t<source media=\"(max-width: 500px)\" srcset=\"https:\/\/files.sunoresearch.com.br\/n\/uploads\/2023\/03\/400x300-Planilha-controle-de-gastos.png\">\n\t\t\t\t<img class=\"newsContent__article__imgCapa newsContent__article__imgCapa--banner\"\n\t\t\t\t\tsrc=\"https:\/\/files.sunoresearch.com.br\/n\/uploads\/2023\/03\/1420x240-Planilha-controle-de-gastos.png\"\n\t\t\t\t\tdata-promo-id=\"101751\"\t\t\t\t\t\t\t\t\t\twidth='1420' height='240'\t\t\t\t\talt=\"https:\/\/files.sunoresearch.com.br\/n\/uploads\/2023\/03\/1420x240-Planilha-controle-de-gastos.png\"\n\t\t\t\t>\n\t\t\t<\/picture>\n\t\t<\/a>\n\t<\/p>\n\n\n<p>A MP de Ambiente de Neg\u00f3cios, assinada pelo presidente da Rep\u00fablica Jair Bolsonaro em mar\u00e7o, traz mudan\u00e7as legislativas para a simplifica\u00e7\u00e3o de abertura de empresas, a prote\u00e7\u00e3o aos investidores minorit\u00e1rios, a facilita\u00e7\u00e3o no com\u00e9rcio exterior de bens e servi\u00e7os e a libera\u00e7\u00e3o de constru\u00e7\u00f5es de baixo risco, entre outras.<\/p>\n<p>De acordo com <strong>Geanluca Lorenzon<\/strong>, secret\u00e1rio de Advocacia da Concorr\u00eancia e Competitividade (SEAE) no Minist\u00e9rio da Economia, suscita uma &#8220;s\u00e9rie de revolu\u00e7\u00f5es silenciosas&#8221;.<\/p>\n<blockquote class=\"twitter-tweet\">\n<p dir=\"ltr\" lang=\"pt\">A MP 1.040 (MP de Ambiente de Neg\u00f3cios) que ser\u00e1 votada HOJE no C\u00e2mara tem uma s\u00e9rie de revolu\u00e7\u00f5es silenciosas.<\/p>\n<p>Seguem algumas que talvez ainda n\u00e3o n\u00e3o te contaram:<\/p>\n<p>(1\/14)<\/p>\n<p>\u2014 Geanluca Lorenzon (@at_Lorenzon) <a href=\"https:\/\/twitter.com\/at_Lorenzon\/status\/1407775268283035652?ref_src=twsrc%5Etfw\">June 23, 2021<\/a><\/p><\/blockquote>\n<p><script async src=\"https:\/\/platform.twitter.com\/widgets.js\" charset=\"utf-8\"><\/script><\/p>\n<p><a href=\"https:\/\/lp.suno.com.br\/suno-one\/\">Suno One: acesse gratuitamente eBooks, Minicursos, Artigos e Video Aulas sobre investimentos com um \u00fanico cadastro. Clique para saber mais!<\/a><\/p>\n<p>Segundo o secret\u00e1rio, o CNPJ substituir\u00e1 demais cadastros de empresas, incluindo IM (inscri\u00e7\u00e3o municipal) e IE (inscri\u00e7\u00e3o estadual). A medida tornaria poss\u00edvel a abertura de uma companhia &#8220;em minutos&#8221; via internet. Paralelamente, todas as cita\u00e7\u00f5es judiciais de empresas ser\u00e3o eletr\u00f4nicas.<\/p>\n<p>A <span class=\"css-901oao css-16my406 r-poiln3 r-bcqeeo r-qvutc0\">burocracia de com\u00e9rcio exterior ser\u00e1 unificada e simplificada em um \u00fanico site,<\/span> no qual os registros de <span class=\"css-901oao css-16my406 r-poiln3 r-bcqeeo r-qvutc0\">importa\u00e7\u00e3o ou exporta\u00e7\u00e3o<\/span> ser\u00e3o realizados automaticamente. Os dados do governo relativos \u00e0s propriedades, como im\u00f3veis e carros, ter\u00e3o de ser disponibilizadas online e uma plataforma unificada.<\/p>\n\t<div data-element=\"shortcode-read-more\" class=\"knowMore\">\n\t\t\t\t<span class=\"knowMore__title\">Leia mais<\/span>\n\t\t\t\t<a class=\"knowMore__link\" href=\"https:\/\/www.suno.com.br\/noticias\/camara-aprova-texto-mp-eletrobras-elet3\/\">\n\t\t\tC\u00e2mara aprova texto da MP da Eletrobras (ELET3)\t\t<\/a>\n\t<\/div>\n\n\n<p>A MP de Ambiente de Neg\u00f3cios define uma prazo de quatro anos \u00f3rg\u00e3os p\u00fablicos regularem cl\u00e1usulas subjetivas e abstratas, caso contr\u00e1rio n\u00e3o poder\u00e3o multar ou punir com base nelas.<\/p>\n<p>Al\u00e9m disso, tamb\u00e9m cria as condi\u00e7\u00f5es para uma deb\u00eanture de sociedade limitada, as quais poder\u00e3o capitalizar atrav\u00e9s de um novo instituto de notas comerciais.<\/p>\n\t<p>\n\t\t<a href=\"https:\/\/lp.suno.com.br\/planilha-da-vida-financeira\/\" target=\"_blank\" data-element=\"shortcode-suno-banner\" title=\"Banner SUNO, clique e saiba mais\">\n\t\t\t<picture>\n\t\t\t\t<source media=\"(max-width: 500px)\" srcset=\"https:\/\/files.sunoresearch.com.br\/n\/uploads\/2023\/04\/400x300-Planilha-vida-financeira-true.png\">\n\t\t\t\t<img class=\"newsContent__article__imgCapa newsContent__article__imgCapa--banner\"\n\t\t\t\t\tsrc=\"https:\/\/files.sunoresearch.com.br\/n\/uploads\/2023\/04\/1420x240-Planilha-vida-financeira-true.png\"\n\t\t\t\t\tdata-promo-id=\"106682\"\t\t\t\t\t\t\t\t\t\twidth='1420' height='240'\t\t\t\t\talt=\"https:\/\/files.sunoresearch.com.br\/n\/uploads\/2023\/04\/1420x240-Planilha-vida-financeira-true.png\"\n\t\t\t\t>\n\t\t\t<\/picture>\n\t\t<\/a>\n\t<\/p>\n\n\n<h2>MP de Ambiente de Neg\u00f3cios quer elevar posi\u00e7\u00e3o do Brasil no <em>Doing Business<\/em><\/h2>\n<p>No levantamento mais recente do <strong>Banco Mundial<\/strong>, o Brasil ocupava a 124\u00aa posi\u00e7\u00e3o entre 190 economias do mundo em n\u00edvel de facilidade de se fazer neg\u00f3cios.<\/p>\n<p>Com a <strong>MP de Ambiente de Neg\u00f3cios<\/strong>, o Minist\u00e9rio da Economia espera elevar o Pa\u00eds para o top 100.<\/p>\n<blockquote class=\"twitter-tweet\">\n<p dir=\"ltr\" lang=\"pt\">Com essas e outras medidas, ser\u00e1 poss\u00edvel abrir empresa no Brasil em um dia (como em pa\u00edses desenvolvidos!) e pela primeira vez na hist\u00f3ria estaremos entre os 100 pa\u00edses mais competitivos do mundo!!<\/p>\n<p>\u00c9 pouco pelo desafio hist\u00f3rico, mas essa \u00e9 a batalha de hj. Um passo cada dia.<\/p>\n<p>\u2014 Geanluca Lorenzon (@at_Lorenzon) <a href=\"https:\/\/twitter.com\/at_Lorenzon\/status\/1407775287870472198?ref_src=twsrc%5Etfw\">June 23, 2021<\/a><\/p><\/blockquote>\n<p><script async src=\"https:\/\/platform.twitter.com\/widgets.js\" charset=\"utf-8\"><\/script><\/p>\n<p><em>(Com Ag\u00eancia Brasil)<\/em><\/p>\n\t<p>\n\t\t<a href=\"https:\/\/lp.suno.com.br\/planilha-de-controle-de-investimentos\/\" target=\"_blank\" data-element=\"shortcode-suno-banner\" title=\"Banner SUNO, clique e saiba mais\">\n\t\t\t<picture>\n\t\t\t\t<source media=\"(max-width: 500px)\" srcset=\"https:\/\/files.sunoresearch.com.br\/n\/uploads\/2023\/03\/400x300-Controle-de-Investimentos.png\">\n\t\t\t\t<img class=\"newsContent__article__imgCapa newsContent__article__imgCapa--banner\"\n\t\t\t\t\tsrc=\"https:\/\/files.sunoresearch.com.br\/n\/uploads\/2023\/03\/1420x240-Controle-de-Investimentos.png\"\n\t\t\t\t\tdata-promo-id=\"75934\"\t\t\t\t\t\t\t\t\t\twidth='1420' height='240'\t\t\t\t\talt=\"https:\/\/files.sunoresearch.com.br\/n\/uploads\/2023\/03\/1420x240-Controle-de-Investimentos.png\"\n\t\t\t\t>\n\t\t\t<\/picture>\n\t\t<\/a>\n\t<\/p>\n\n\n","protected":false},"excerpt":{"rendered":"<p>A MP de Ambiente de Neg\u00f3cios, a qual busca elevar a posi\u00e7\u00e3o do Brasil no ranking Doing Business, do Banco Mundial, com medidas de desburocratiza\u00e7\u00e3o, ser\u00e1 votada nesta quarta-feira (23) na C\u00e2mara dos Deputados. C\u00e2mara dos Deputados. Foto: Leonardo S\u00e1\/Ag\u00eancia Senado A MP de Ambiente de Neg\u00f3cios, assinada pelo presidente da Rep\u00fablica Jair Bolsonaro em [&hellip;]<\/p>\n","protected":false},"author":35,"featured_media":160732,"comment_status":"closed","ping_status":"closed","sticky":false,"template":"","format":"standard","meta":[],"categories":[61],"tags":[934,938,1836],"suno_strategy":[],"class_list":["post-160715","post","type-post","status-publish","format-standard","has-post-thumbnail","hentry","category-politica","tag-banco-mundial","tag-camara-dos-deputados","tag-medida-provisoria"],"yoast_head":"<!-- This site is optimized with the Yoast SEO plugin v24.4 - https:\/\/yoast.com\/wordpress\/plugins\/seo\/ -->\n<title>MP de Ambiente de Neg\u00f3cios ser\u00e1 votada hoje na C\u00e2mara<\/title>\n<meta name=\"description\" content=\"Com a MP de Ambiente de Neg\u00f3cios, o Minist\u00e9rio da Economia espera tornar o Brasil uma das 100 melhores economias para se fazer neg\u00f3cios.\" \/>\n<meta name=\"robots\" content=\"index, follow, max-snippet:-1, max-image-preview:large, max-video-preview:-1\" \/>\n<link rel=\"canonical\" href=\"https:\/\/www.suno.com.br\/noticias\/mp-de-ambiente-de-negocios-sera-votada-hoje-na-camara\/\" \/>\n<meta property=\"og:locale\" content=\"pt_BR\" \/>\n<meta property=\"og:type\" content=\"article\" \/>\n<meta property=\"og:title\" content=\"MP de Ambiente de Neg\u00f3cios ser\u00e1 votada hoje na C\u00e2mara\" \/>\n<meta property=\"og:description\" content=\"Com a MP de Ambiente de Neg\u00f3cios, o Minist\u00e9rio da Economia espera tornar o Brasil uma das 100 melhores economias para se fazer neg\u00f3cios.\" \/>\n<meta property=\"og:url\" content=\"https:\/\/www.suno.com.br\/noticias\/mp-de-ambiente-de-negocios-sera-votada-hoje-na-camara\/\" \/>\n<meta property=\"og:site_name\" content=\"Suno Not\u00edcias\" \/>\n<meta property=\"article:publisher\" content=\"https:\/\/facebook.com\/sunoresearch\" \/>\n<meta property=\"og:image\" content=\"https:\/\/files.sunoresearch.com.br\/n\/uploads\/2021\/06\/d4188d75-43920829874_9d2c14eb9a_h.jpg\" \/>\n\t<meta property=\"og:image:width\" content=\"1600\" \/>\n\t<meta property=\"og:image:height\" content=\"1200\" \/>\n\t<meta property=\"og:image:type\" content=\"image\/jpeg\" \/>\n<meta name=\"author\" content=\"Arthur Guimar\u00e3es\" \/>\n<meta name=\"twitter:card\" content=\"summary_large_image\" \/>\n<meta name=\"twitter:creator\" content=\"@sunoresearch\" \/>\n<meta name=\"twitter:site\" content=\"@sunoresearch\" \/>\n<meta name=\"twitter:label1\" content=\"Escrito por\" \/>\n\t<meta name=\"twitter:data1\" content=\"Arthur Guimar\u00e3es\" \/>\n\t<meta name=\"twitter:label2\" content=\"Est. tempo de leitura\" \/>\n\t<meta name=\"twitter:data2\" content=\"2 minutos\" \/>\n<script type=\"application\/ld+json\" class=\"yoast-schema-graph\">{\"@context\":\"https:\/\/schema.org\",\"@graph\":[{\"@type\":\"NewsArticle\",\"@id\":\"https:\/\/www.suno.com.br\/noticias\/mp-de-ambiente-de-negocios-sera-votada-hoje-na-camara\/#article\",\"isPartOf\":{\"@id\":\"https:\/\/www.suno.com.br\/noticias\/mp-de-ambiente-de-negocios-sera-votada-hoje-na-camara\/\"},\"author\":{\"name\":\"Arthur Guimar\u00e3es\",\"@id\":\"https:\/\/www.suno.com.br\/noticias\/#\/schema\/person\/053a750a709a263919a20f976caae91c\"},\"headline\":\"MP de Ambiente de Neg\u00f3cios ser\u00e1 votada hoje na C\u00e2mara\",\"datePublished\":\"2021-06-23T22:25:15+00:00\",\"mainEntityOfPage\":{\"@id\":\"https:\/\/www.suno.com.br\/noticias\/mp-de-ambiente-de-negocios-sera-votada-hoje-na-camara\/\"},\"wordCount\":499,\"publisher\":{\"@id\":\"https:\/\/www.suno.com.br\/noticias\/#organization\"},\"image\":{\"@id\":\"https:\/\/www.suno.com.br\/noticias\/mp-de-ambiente-de-negocios-sera-votada-hoje-na-camara\/#primaryimage\"},\"thumbnailUrl\":\"https:\/\/files.sunoresearch.com.br\/n\/uploads\/2021\/06\/d4188d75-43920829874_9d2c14eb9a_h-jpg.webp\",\"keywords\":[\"Banco Mundial\",\"C\u00e2mara dos Deputados\",\"medida provis\u00f3ria\"],\"articleSection\":[\"Pol\u00edtica\"],\"inLanguage\":\"pt-BR\"},{\"@type\":\"WebPage\",\"@id\":\"https:\/\/www.suno.com.br\/noticias\/mp-de-ambiente-de-negocios-sera-votada-hoje-na-camara\/\",\"url\":\"https:\/\/www.suno.com.br\/noticias\/mp-de-ambiente-de-negocios-sera-votada-hoje-na-camara\/\",\"name\":\"MP de Ambiente de Neg\u00f3cios ser\u00e1 votada hoje na C\u00e2mara\",\"isPartOf\":{\"@id\":\"https:\/\/www.suno.com.br\/noticias\/#website\"},\"primaryImageOfPage\":{\"@id\":\"https:\/\/www.suno.com.br\/noticias\/mp-de-ambiente-de-negocios-sera-votada-hoje-na-camara\/#primaryimage\"},\"image\":{\"@id\":\"https:\/\/www.suno.com.br\/noticias\/mp-de-ambiente-de-negocios-sera-votada-hoje-na-camara\/#primaryimage\"},\"thumbnailUrl\":\"https:\/\/files.sunoresearch.com.br\/n\/uploads\/2021\/06\/d4188d75-43920829874_9d2c14eb9a_h-jpg.webp\",\"datePublished\":\"2021-06-23T22:25:15+00:00\",\"description\":\"Com a MP de Ambiente de Neg\u00f3cios, o Minist\u00e9rio da Economia espera tornar o Brasil uma das 100 melhores economias para se fazer neg\u00f3cios.\",\"breadcrumb\":{\"@id\":\"https:\/\/www.suno.com.br\/noticias\/mp-de-ambiente-de-negocios-sera-votada-hoje-na-camara\/#breadcrumb\"},\"inLanguage\":\"pt-BR\",\"potentialAction\":[{\"@type\":\"ReadAction\",\"target\":[\"https:\/\/www.suno.com.br\/noticias\/mp-de-ambiente-de-negocios-sera-votada-hoje-na-camara\/\"]}]},{\"@type\":\"ImageObject\",\"inLanguage\":\"pt-BR\",\"@id\":\"https:\/\/www.suno.com.br\/noticias\/mp-de-ambiente-de-negocios-sera-votada-hoje-na-camara\/#primaryimage\",\"url\":\"https:\/\/files.sunoresearch.com.br\/n\/uploads\/2021\/06\/d4188d75-43920829874_9d2c14eb9a_h-jpg.webp\",\"contentUrl\":\"https:\/\/files.sunoresearch.com.br\/n\/uploads\/2021\/06\/d4188d75-43920829874_9d2c14eb9a_h-jpg.webp\",\"width\":1600,\"height\":1200,\"caption\":\"C\u00e2mara dos Deputados. Foto: Leonardo S\u00e1\/Ag\u00eancia Senado\"},{\"@type\":\"BreadcrumbList\",\"@id\":\"https:\/\/www.suno.com.br\/noticias\/mp-de-ambiente-de-negocios-sera-votada-hoje-na-camara\/#breadcrumb\",\"itemListElement\":[{\"@type\":\"ListItem\",\"position\":1,\"name\":\"Not\u00edcias\",\"item\":\"https:\/\/www.suno.com.br\/noticias\/\"},{\"@type\":\"ListItem\",\"position\":2,\"name\":\"Pol\u00edtica\",\"item\":\"https:\/\/www.suno.com.br\/noticias\/politica\/\"},{\"@type\":\"ListItem\",\"position\":3,\"name\":\"MP de Ambiente de Neg\u00f3cios ser\u00e1 votada hoje na C\u00e2mara\"}]},{\"@type\":\"WebSite\",\"@id\":\"https:\/\/www.suno.com.br\/noticias\/#website\",\"url\":\"https:\/\/www.suno.com.br\/noticias\/\",\"name\":\"Suno Not\u00edcias\",\"description\":\"Seu portal de informa\u00e7\u00e3o sobre o mundo dos investimentos\",\"publisher\":{\"@id\":\"https:\/\/www.suno.com.br\/noticias\/#organization\"},\"potentialAction\":[{\"@type\":\"SearchAction\",\"target\":{\"@type\":\"EntryPoint\",\"urlTemplate\":\"https:\/\/www.suno.com.br\/noticias\/?s={search_term_string}\"},\"query-input\":{\"@type\":\"PropertyValueSpecification\",\"valueRequired\":true,\"valueName\":\"search_term_string\"}}],\"inLanguage\":\"pt-BR\"},{\"@type\":\"Organization\",\"@id\":\"https:\/\/www.suno.com.br\/noticias\/#organization\",\"name\":\"Suno Not\u00edcias\",\"url\":\"https:\/\/www.suno.com.br\/noticias\/\",\"logo\":{\"@type\":\"ImageObject\",\"inLanguage\":\"pt-BR\",\"@id\":\"https:\/\/www.suno.com.br\/noticias\/#\/schema\/logo\/image\/\",\"url\":\"https:\/\/files.sunoresearch.com.br\/n\/uploads\/2021\/09\/suno-logo.png\",\"contentUrl\":\"https:\/\/files.sunoresearch.com.br\/n\/uploads\/2021\/09\/suno-logo.png\",\"width\":180,\"height\":180,\"caption\":\"Suno Not\u00edcias\"},\"image\":{\"@id\":\"https:\/\/www.suno.com.br\/noticias\/#\/schema\/logo\/image\/\"},\"sameAs\":[\"https:\/\/facebook.com\/sunoresearch\",\"https:\/\/x.com\/sunoresearch\",\"https:\/\/www.instagram.com\/suno\",\"https:\/\/www.linkedin.com\/company\/suno-research\/\",\"https:\/\/www.youtube.com\/c\/sunoresearch\"]},{\"@type\":\"Person\",\"@id\":\"https:\/\/www.suno.com.br\/noticias\/#\/schema\/person\/053a750a709a263919a20f976caae91c\",\"name\":\"Arthur Guimar\u00e3es\",\"image\":{\"@type\":\"ImageObject\",\"inLanguage\":\"pt-BR\",\"@id\":\"https:\/\/www.suno.com.br\/noticias\/#\/schema\/person\/image\/\",\"url\":\"https:\/\/secure.gravatar.com\/avatar\/1affd86a11209ae09eb6dd3bcad3e96c?s=96&r=g\",\"contentUrl\":\"https:\/\/secure.gravatar.com\/avatar\/1affd86a11209ae09eb6dd3bcad3e96c?s=96&r=g\",\"caption\":\"Arthur Guimar\u00e3es\"},\"description\":\"Arthur Guimar\u00e3es escreve sobre pol\u00edtica, economia e neg\u00f3cios para o portal de not\u00edcias da Suno Research. Atualmente, \u00e9 estudante de jornalismo pela Faculdade C\u00e1sper L\u00edbero.\",\"url\":\"https:\/\/www.suno.com.br\/noticias\/author\/arthur-guimaraes\/\"}]}<\/script>\n<!-- \/ Yoast SEO plugin. -->","yoast_head_json":{"title":"MP de Ambiente de Neg\u00f3cios ser\u00e1 votada hoje na C\u00e2mara","description":"Com a MP de Ambiente de Neg\u00f3cios, o Minist\u00e9rio da Economia espera tornar o Brasil uma das 100 melhores economias para se fazer neg\u00f3cios.","robots":{"index":"index","follow":"follow","max-snippet":"max-snippet:-1","max-image-preview":"max-image-preview:large","max-video-preview":"max-video-preview:-1"},"canonical":"https:\/\/www.suno.com.br\/noticias\/mp-de-ambiente-de-negocios-sera-votada-hoje-na-camara\/","og_locale":"pt_BR","og_type":"article","og_title":"MP de Ambiente de Neg\u00f3cios ser\u00e1 votada hoje na C\u00e2mara","og_description":"Com a MP de Ambiente de Neg\u00f3cios, o Minist\u00e9rio da Economia espera tornar o Brasil uma das 100 melhores economias para se fazer neg\u00f3cios.","og_url":"https:\/\/www.suno.com.br\/noticias\/mp-de-ambiente-de-negocios-sera-votada-hoje-na-camara\/","og_site_name":"Suno Not\u00edcias","article_publisher":"https:\/\/facebook.com\/sunoresearch","og_image":[{"width":1600,"height":1200,"url":"https:\/\/files.sunoresearch.com.br\/n\/uploads\/2021\/06\/d4188d75-43920829874_9d2c14eb9a_h.jpg","type":"image\/jpeg"}],"author":"Arthur Guimar\u00e3es","twitter_card":"summary_large_image","twitter_creator":"@sunoresearch","twitter_site":"@sunoresearch","twitter_misc":{"Escrito por":"Arthur Guimar\u00e3es","Est. tempo de leitura":"2 minutos"},"schema":{"@context":"https:\/\/schema.org","@graph":[{"@type":"NewsArticle","@id":"https:\/\/www.suno.com.br\/noticias\/mp-de-ambiente-de-negocios-sera-votada-hoje-na-camara\/#article","isPartOf":{"@id":"https:\/\/www.suno.com.br\/noticias\/mp-de-ambiente-de-negocios-sera-votada-hoje-na-camara\/"},"author":{"name":"Arthur Guimar\u00e3es","@id":"https:\/\/www.suno.com.br\/noticias\/#\/schema\/person\/053a750a709a263919a20f976caae91c"},"headline":"MP de Ambiente de Neg\u00f3cios ser\u00e1 votada hoje na C\u00e2mara","datePublished":"2021-06-23T22:25:15+00:00","mainEntityOfPage":{"@id":"https:\/\/www.suno.com.br\/noticias\/mp-de-ambiente-de-negocios-sera-votada-hoje-na-camara\/"},"wordCount":499,"publisher":{"@id":"https:\/\/www.suno.com.br\/noticias\/#organization"},"image":{"@id":"https:\/\/www.suno.com.br\/noticias\/mp-de-ambiente-de-negocios-sera-votada-hoje-na-camara\/#primaryimage"},"thumbnailUrl":"https:\/\/files.sunoresearch.com.br\/n\/uploads\/2021\/06\/d4188d75-43920829874_9d2c14eb9a_h-jpg.webp","keywords":["Banco Mundial","C\u00e2mara dos Deputados","medida provis\u00f3ria"],"articleSection":["Pol\u00edtica"],"inLanguage":"pt-BR"},{"@type":"WebPage","@id":"https:\/\/www.suno.com.br\/noticias\/mp-de-ambiente-de-negocios-sera-votada-hoje-na-camara\/","url":"https:\/\/www.suno.com.br\/noticias\/mp-de-ambiente-de-negocios-sera-votada-hoje-na-camara\/","name":"MP de Ambiente de Neg\u00f3cios ser\u00e1 votada hoje na C\u00e2mara","isPartOf":{"@id":"https:\/\/www.suno.com.br\/noticias\/#website"},"primaryImageOfPage":{"@id":"https:\/\/www.suno.com.br\/noticias\/mp-de-ambiente-de-negocios-sera-votada-hoje-na-camara\/#primaryimage"},"image":{"@id":"https:\/\/www.suno.com.br\/noticias\/mp-de-ambiente-de-negocios-sera-votada-hoje-na-camara\/#primaryimage"},"thumbnailUrl":"https:\/\/files.sunoresearch.com.br\/n\/uploads\/2021\/06\/d4188d75-43920829874_9d2c14eb9a_h-jpg.webp","datePublished":"2021-06-23T22:25:15+00:00","description":"Com a MP de Ambiente de Neg\u00f3cios, o Minist\u00e9rio da Economia espera tornar o Brasil uma das 100 melhores economias para se fazer neg\u00f3cios.","breadcrumb":{"@id":"https:\/\/www.suno.com.br\/noticias\/mp-de-ambiente-de-negocios-sera-votada-hoje-na-camara\/#breadcrumb"},"inLanguage":"pt-BR","potentialAction":[{"@type":"ReadAction","target":["https:\/\/www.suno.com.br\/noticias\/mp-de-ambiente-de-negocios-sera-votada-hoje-na-camara\/"]}]},{"@type":"ImageObject","inLanguage":"pt-BR","@id":"https:\/\/www.suno.com.br\/noticias\/mp-de-ambiente-de-negocios-sera-votada-hoje-na-camara\/#primaryimage","url":"https:\/\/files.sunoresearch.com.br\/n\/uploads\/2021\/06\/d4188d75-43920829874_9d2c14eb9a_h-jpg.webp","contentUrl":"https:\/\/files.sunoresearch.com.br\/n\/uploads\/2021\/06\/d4188d75-43920829874_9d2c14eb9a_h-jpg.webp","width":1600,"height":1200,"caption":"C\u00e2mara dos Deputados. Foto: Leonardo S\u00e1\/Ag\u00eancia Senado"},{"@type":"BreadcrumbList","@id":"https:\/\/www.suno.com.br\/noticias\/mp-de-ambiente-de-negocios-sera-votada-hoje-na-camara\/#breadcrumb","itemListElement":[{"@type":"ListItem","position":1,"name":"Not\u00edcias","item":"https:\/\/www.suno.com.br\/noticias\/"},{"@type":"ListItem","position":2,"name":"Pol\u00edtica","item":"https:\/\/www.suno.com.br\/noticias\/politica\/"},{"@type":"ListItem","position":3,"name":"MP de Ambiente de Neg\u00f3cios ser\u00e1 votada hoje na C\u00e2mara"}]},{"@type":"WebSite","@id":"https:\/\/www.suno.com.br\/noticias\/#website","url":"https:\/\/www.suno.com.br\/noticias\/","name":"Suno Not\u00edcias","description":"Seu portal de informa\u00e7\u00e3o sobre o mundo dos investimentos","publisher":{"@id":"https:\/\/www.suno.com.br\/noticias\/#organization"},"potentialAction":[{"@type":"SearchAction","target":{"@type":"EntryPoint","urlTemplate":"https:\/\/www.suno.com.br\/noticias\/?s={search_term_string}"},"query-input":{"@type":"PropertyValueSpecification","valueRequired":true,"valueName":"search_term_string"}}],"inLanguage":"pt-BR"},{"@type":"Organization","@id":"https:\/\/www.suno.com.br\/noticias\/#organization","name":"Suno Not\u00edcias","url":"https:\/\/www.suno.com.br\/noticias\/","logo":{"@type":"ImageObject","inLanguage":"pt-BR","@id":"https:\/\/www.suno.com.br\/noticias\/#\/schema\/logo\/image\/","url":"https:\/\/files.sunoresearch.com.br\/n\/uploads\/2021\/09\/suno-logo.png","contentUrl":"https:\/\/files.sunoresearch.com.br\/n\/uploads\/2021\/09\/suno-logo.png","width":180,"height":180,"caption":"Suno Not\u00edcias"},"image":{"@id":"https:\/\/www.suno.com.br\/noticias\/#\/schema\/logo\/image\/"},"sameAs":["https:\/\/facebook.com\/sunoresearch","https:\/\/x.com\/sunoresearch","https:\/\/www.instagram.com\/suno","https:\/\/www.linkedin.com\/company\/suno-research\/","https:\/\/www.youtube.com\/c\/sunoresearch"]},{"@type":"Person","@id":"https:\/\/www.suno.com.br\/noticias\/#\/schema\/person\/053a750a709a263919a20f976caae91c","name":"Arthur Guimar\u00e3es","image":{"@type":"ImageObject","inLanguage":"pt-BR","@id":"https:\/\/www.suno.com.br\/noticias\/#\/schema\/person\/image\/","url":"https:\/\/secure.gravatar.com\/avatar\/1affd86a11209ae09eb6dd3bcad3e96c?s=96&r=g","contentUrl":"https:\/\/secure.gravatar.com\/avatar\/1affd86a11209ae09eb6dd3bcad3e96c?s=96&r=g","caption":"Arthur Guimar\u00e3es"},"description":"Arthur Guimar\u00e3es escreve sobre pol\u00edtica, economia e neg\u00f3cios para o portal de not\u00edcias da Suno Research. Atualmente, \u00e9 estudante de jornalismo pela Faculdade C\u00e1sper L\u00edbero.","url":"https:\/\/www.suno.com.br\/noticias\/author\/arthur-guimaraes\/"}]}},"default_loop_html":"<div class=\"cardsPage__listCard__boxs\"><div class=\"cardsPage__listCard__boxs__img\"><a href=\"https:\/\/www.suno.com.br\/noticias\/mp-de-ambiente-de-negocios-sera-votada-hoje-na-camara\/\"><img class=\"mask\" src=\"https:\/\/www.suno.com.br\/noticias\/wp-content\/themes\/suno\/resources\/images\/spotlight\/spotlight1img\/bg-mask.png\" alt=\"Image Mask\"\/><img src=\"https:\/\/files.sunoresearch.com.br\/n\/uploads\/2021\/06\/d4188d75-43920829874_9d2c14eb9a_h-400x200.webp\" alt=\"MP de Ambiente de Neg\u00f3cios ser\u00e1 votada hoje na C\u00e2mara\"\/><\/a><span class=\"spotlightCategory\"><a href=\"https:\/\/www.suno.com.br\/noticias\/politica\/\">Pol\u00edtica<\/a><\/span><\/div><div class=\"cardsPage__listCard__boxs__content\"><a href=\"https:\/\/www.suno.com.br\/noticias\/mp-de-ambiente-de-negocios-sera-votada-hoje-na-camara\/\"><h2 class=\"content__title\">MP de Ambiente de Neg\u00f3cios ser\u00e1 votada hoje na C\u00e2mara<\/h2><\/a><div class=\"newsContent__article__meta\"><div class=\"newsContent__article__meta__authorBox\"><a href=\"https:\/\/www.suno.com.br\/noticias\/author\/arthur-guimaraes\/\" class=\"authorBox__avatar noMobi\"><img src=\"https:\/\/files.sunoresearch.com.br\/n\/uploads\/2020\/02\/dfb40897-eu-150x150.webp\" alt=\"Arthur Guimar\u00e3es\"><\/a><div class=\"authorBox__name\"><span>por\n\t\t\t<a href=\"https:\/\/www.suno.com.br\/noticias\/author\/arthur-guimaraes\/\"><span itemprop=\"author\">Arthur Guimar\u00e3es<\/span><\/a><\/span><time datetime=\"2021-06-23T19:25:15-03:00\" itemprop=\"datePublished\">23\/06\/2021 19:25<\/time><\/div><\/div><\/div><\/div><\/div>","single_layout":"posts","amp_enabled":true,"_links":{"self":[{"href":"https:\/\/www.suno.com.br\/noticias\/wp-json\/wp\/v2\/posts\/160715"}],"collection":[{"href":"https:\/\/www.suno.com.br\/noticias\/wp-json\/wp\/v2\/posts"}],"about":[{"href":"https:\/\/www.suno.com.br\/noticias\/wp-json\/wp\/v2\/types\/post"}],"author":[{"embeddable":true,"href":"https:\/\/www.suno.com.br\/noticias\/wp-json\/wp\/v2\/users\/35"}],"replies":[{"embeddable":true,"href":"https:\/\/www.suno.com.br\/noticias\/wp-json\/wp\/v2\/comments?post=160715"}],"version-history":[{"count":2,"href":"https:\/\/www.suno.com.br\/noticias\/wp-json\/wp\/v2\/posts\/160715\/revisions"}],"predecessor-version":[{"id":160734,"href":"https:\/\/www.suno.com.br\/noticias\/wp-json\/wp\/v2\/posts\/160715\/revisions\/160734"}],"wp:featuredmedia":[{"embeddable":true,"href":"https:\/\/www.suno.com.br\/noticias\/wp-json\/wp\/v2\/media\/160732"}],"wp:attachment":[{"href":"https:\/\/www.suno.com.br\/noticias\/wp-json\/wp\/v2\/media?parent=160715"}],"wp:term":[{"taxonomy":"category","embeddable":true,"href":"https:\/\/www.suno.com.br\/noticias\/wp-json\/wp\/v2\/categories?post=160715"},{"taxonomy":"post_tag","embeddable":true,"href":"https:\/\/www.suno.com.br\/noticias\/wp-json\/wp\/v2\/tags?post=160715"},{"taxonomy":"suno_strategy","embeddable":true,"href":"https:\/\/www.suno.com.br\/noticias\/wp-json\/wp\/v2\/suno_strategy?post=160715"}],"curies":[{"name":"wp","href":"https:\/\/api.w.org\/{rel}","templated":true}]}}