{"id":160694,"date":"2021-06-23T19:39:41","date_gmt":"2021-06-23T22:39:41","guid":{"rendered":"https:\/\/www.suno.com.br\/noticias\/?p=160694"},"modified":"2021-06-24T07:09:23","modified_gmt":"2021-06-24T10:09:23","slug":"apos-ataques-nubank-cancela-entrevista-anitta","status":"publish","type":"post","link":"https:\/\/www.suno.com.br\/noticias\/apos-ataques-nubank-cancela-entrevista-anitta\/","title":{"rendered":"Nubank cancela entrevistas com Anitta ap\u00f3s ataques nas redes sociais"},"content":{"rendered":"<p>Ap\u00f3s o <strong>Nubank<\/strong> anunciar a cantora Anitta em seu <a class=\"suno-keyword\" href=\"https:\/\/www.suno.com.br\/artigos\/conselho-administracao\/\" target=\"_blank\" rel=\"noopener noreferrer\" data-force=\"no\" data-priority=\"1\">conselho de administra\u00e7\u00e3o<\/a>, nesta semana o banco digital programava uma rodada de entrevistas \u00e0 imprensa para explicar como a diversidade iria al\u00e9m do marketing e dos &#8220;memes&#8221; das redes sociais. No entanto, o banco e a cantora desistiram cancelaram as conversas.<\/p>\t<div class=\"wrapper-featured-image\">\n\t\t<figure class=\"spotlightImg\">\n\n\t\t\t<picture>\n\t\t\t\t<source media=\"(max-width: 768px)\" srcset=\"https:\/\/files.sunoresearch.com.br\/n\/uploads\/2021\/06\/a692ba91-nubank-400x200.webp\">\n\t\t\t\t<img loading=\"lazy\" decoding=\"async\" class=\"newsContent__article__imgCapa lazyloadDisabled \" src=\"https:\/\/files.sunoresearch.com.br\/n\/uploads\/2021\/06\/a692ba91-nubank-800x450.webp\" width=\"800\" height=\"450\" alt=\"Nubank cancela entrevistas com Anitta ap\u00f3s ataques nas redes sociais\" fetchpriority=high \/>\n\t\t\t<\/picture>\n\n\t\t\t<figcaption class=\"wp-caption-text wp-caption-text--show\">David V\u00e9lez, Anitta, Cristina Junqueira. Foto: Reprodu\u00e7\u00e3o Nubank<\/figcaption>\n\t\t<\/figure>\n\t<\/div>\n\n\n\t<p>\n\t\t<a href=\"https:\/\/lp.suno.com.br\/planilha-controle-gastos\/\" target=\"_blank\" data-element=\"shortcode-suno-banner\" title=\"Banner SUNO, clique e saiba mais\">\n\t\t\t<picture>\n\t\t\t\t<source media=\"(max-width: 500px)\" srcset=\"https:\/\/files.sunoresearch.com.br\/n\/uploads\/2023\/03\/400x300-Planilha-controle-de-gastos.png\">\n\t\t\t\t<img class=\"newsContent__article__imgCapa newsContent__article__imgCapa--banner\"\n\t\t\t\t\tsrc=\"https:\/\/files.sunoresearch.com.br\/n\/uploads\/2023\/03\/1420x240-Planilha-controle-de-gastos.png\"\n\t\t\t\t\tdata-promo-id=\"101751\"\t\t\t\t\t\t\t\t\t\twidth='1420' height='240'\t\t\t\t\talt=\"https:\/\/files.sunoresearch.com.br\/n\/uploads\/2023\/03\/1420x240-Planilha-controle-de-gastos.png\"\n\t\t\t\t>\n\t\t\t<\/picture>\n\t\t<\/a>\n\t<\/p>\n\n\n<p>N\u00e3o houve explica\u00e7\u00f5es oficiais sobre os motivos desse cancelamento. Por\u00e9m, no mesmo dia do an\u00fancio de sua ida ao conselho do Nubank, <strong>Anitta<\/strong> foi atacada por bolsonaristas nas<strong> redes sociais.<\/strong> Como \u00e9 de seu costume, se defendeu. No dia seguinte, a pol\u00eamica cresceu.<\/p>\n<p>A hashtag &#8220;Cubank&#8221;, que transformava o logotipo do banco e aludia \u00e0 resposta inicial de Anitta aos seguidores do presidente Jair Bolsonaro, esteve entre os assuntos mais populares no Twitter o dia inteiro.<\/p>\n<p><a href=\"https:\/\/lp.suno.com.br\/suno-one\/\">\u00a0Suno One: acesse gratuitamente eBooks, Minicursos, Artigos e V\u00eddeo Aulas sobre investimentos com um \u00fanico cadastro. Clique para saber mais!<\/a><\/p>\n<p>Seguida por 14 milh\u00f5es de pessoas nessa rede, Anitta \u00e9 um \u00edcone de toda uma gera\u00e7\u00e3o por v\u00e1rios motivos, dizem os especialistas. \u00c9 um sucesso no mundo todo, mesmo vindo de uma fam\u00edlia muito simples, do sub\u00farbio do Rio de Janeiro. Exemplo de supera\u00e7\u00e3o, meritocracia, solidariedade e empatia, em muitos epis\u00f3dios. Tamb\u00e9m n\u00e3o tem medo de se posicionar em temas que est\u00e3o \u00e0 flor da pele. Entre eles, inclus\u00e3o social, aceita\u00e7\u00e3o da sexualidade e do pr\u00f3prio corpo, independ\u00eancia feminina e, nos \u00faltimos tempos, pol\u00edtica.<\/p>\n<p>Ela chegou ao Nubank em um momento de ebuli\u00e7\u00e3o, logo depois de uma mega capitaliza\u00e7\u00e3o que envolveu o todo-poderoso <a href=\"https:\/\/www.suno.com.br\/artigos\/especial-warren-buffett\/\">Warren Buffett<\/a>, da <a class=\"suno-keyword\" href=\"https:\/\/www.suno.com.br\/artigos\/berkshire-hathaway\/\" target=\"_blank\" rel=\"noopener noreferrer\" data-force=\"no\" data-priority=\"2\">Berkshire Hathaway<\/a>. No \u00faltimo dia 8, a <strong>fintech<\/strong> atraiu um investimento de US$ 1,15 bilh\u00e3o, o maior j\u00e1 realizado em uma startup latino-americana. Com isso, a avalia\u00e7\u00e3o do Nubank, que \u00e9 uma <a class=\"suno-keyword\" href=\"https:\/\/www.suno.com.br\/artigos\/empresa-capital-fechado\/\" target=\"_blank\" rel=\"noopener noreferrer\" data-force=\"no\" data-priority=\"1\">empresa de capital fechado<\/a>, chegou a US$ 30 bilh\u00f5es.<\/p>\n\t<p>\n\t\t<a href=\"https:\/\/lp.suno.com.br\/planilha-da-vida-financeira\/\" target=\"_blank\" data-element=\"shortcode-suno-banner\" title=\"Banner SUNO, clique e saiba mais\">\n\t\t\t<picture>\n\t\t\t\t<source media=\"(max-width: 500px)\" srcset=\"https:\/\/files.sunoresearch.com.br\/n\/uploads\/2023\/04\/400x300-Planilha-vida-financeira-true.png\">\n\t\t\t\t<img class=\"newsContent__article__imgCapa newsContent__article__imgCapa--banner\"\n\t\t\t\t\tsrc=\"https:\/\/files.sunoresearch.com.br\/n\/uploads\/2023\/04\/1420x240-Planilha-vida-financeira-true.png\"\n\t\t\t\t\tdata-promo-id=\"106682\"\t\t\t\t\t\t\t\t\t\twidth='1420' height='240'\t\t\t\t\talt=\"https:\/\/files.sunoresearch.com.br\/n\/uploads\/2023\/04\/1420x240-Planilha-vida-financeira-true.png\"\n\t\t\t\t>\n\t\t\t<\/picture>\n\t\t<\/a>\n\t<\/p>\n\n\n<p>Segundo Maur\u00edcio de Almeida Prado, s\u00f3cio da consultoria Plano CDE, especializada em pesquisas nessas classes sociais, Anitta sabe criar v\u00ednculos com sua gera\u00e7\u00e3o ao se apresentar como \u00e9.<\/p>\n<p>Em uma pesquisa recente sobre conservadorismo, os entrevistados da consultoria disseram que n\u00e3o gostavam de &#8220;lacra\u00e7\u00e3o&#8221; (pessoas que ascenderam economicamente e agora se portam de forma arrogante) e nem de &#8220;mimimi&#8221; (a valoriza\u00e7\u00e3o do sofrimento). &#8220;Anitta fica no meio disso, em uma situa\u00e7\u00e3o muito dif\u00edcil que \u00e9 n\u00e3o cair em nenhum dos dois extremos&#8221;, diz ele. &#8220;A identifica\u00e7\u00e3o \u00e9 imediata.&#8221;<\/p>\n<h2><b>&#8216;Pacote completo&#8217;<\/b><\/h2>\n<p>Ao chamar Anitta para seu conselho, dizem especialistas, o Nubank queria associar a atributos favor\u00e1veis da cantora. O problema \u00e9 que toda a pessoa vem em forma de &#8220;pacote completo&#8221;. &#8220;Colocar famosos em cargos nas empresas virou uma f\u00f3rmula pronta, n\u00e3o s\u00f3 no Brasil como no mundo&#8221;, diz Rafaella Lotto, s\u00f3cia da YouPix, ag\u00eancia especializada em influenciadores digitais.<\/p>\n<p>Ela cita outros casos: Claudia Leitte com a comunica\u00e7\u00e3o dos cosm\u00e9ticos V\u00eanus, Iza como diretora criativa dos t\u00eanis Olympikus, Manu Gavassi como head de conte\u00fado do gim Tanqueray e a pr\u00f3pria Anitta como head de criatividade do Skol Beats.<\/p>\n\n\t<div data-element=\"shortcode-read-more\" class=\"readToo\">\n\t\t\t\t<span class=\"readToo__title\">Veja tamb\u00e9m<\/span>\n\t\t\t\t<ul class=\"readToo__list\">\n\t\t\t<li><a href=\"https:\/\/www.suno.com.br\/noticias\/anitta-nubank-famosos-conselhos\/\">Al\u00e9m da Anitta no Nubank, veja outros 5 famosos membros de conselhos<\/a><\/li><li><a href=\"https:\/\/www.suno.com.br\/noticias\/anitta-nubank-conselho-administracao-primeira-reuniao\/\">Nubank: Anitta participa de 1\u00aa reuni\u00e3o como conselheira nesta quarta-feira, diz jornal<\/a><\/li>\t\t<\/ul>\n\t<\/div>\n\n\n<p>&#8220;Com o b\u00f4nus, vem o \u00f4nus: a Anitta \u00e9 uma pessoa que gera pol\u00eamica e, quando a marca se associa a ela, tem de ter condi\u00e7\u00f5es de segurar o posicionamento que ela defende&#8221;, diz Lotto. Al\u00e9m disso, um conselheiro tem obriga\u00e7\u00f5es e responsabilidades legais junto \u00e0 empresa e aos seus acionistas. &#8220;Tendo a achar que a escolha foi mais midi\u00e1tica do que pr\u00e1tica: como uma pessoa que vive intensamente uma carreira bem-sucedida de cantora vai se dedicar com a seriedade que um conselho precisa?&#8221;, afirma.<\/p>\n<h2>Nubank tentou colocar \u00e1gua fria numa fogueira<\/h2>\n<p>Como a cantora est\u00e1 sendo remunerada com participa\u00e7\u00e3o em <strong>a\u00e7\u00f5es do Nubank,<\/strong> que tem planos de<strong> abertura de capital<\/strong>, o cancelamento das entrevistas pode ter sido influenciado por uma eventual inten\u00e7\u00e3o de reduzir os danos que as pol\u00eamicas pol\u00edticas causariam. &#8220;A presen\u00e7a da Anitta \u00e9 muito recente na pol\u00edtica&#8221;, diz Fabio Mariano Borges, professor da ESPM especializado em tend\u00eancias. &#8220;\u00c9 at\u00e9 surpreendente que ela tenha posturas t\u00e3o firmes nesse tema.&#8221;<\/p>\n<p>Para ele, ao cancelar as entrevistas, o Nubank tentou colocar \u00e1gua fria numa fogueira que n\u00e3o queria ver arder ainda mais, com a pol\u00eamica nas redes sociais. Tamb\u00e9m tem responsabilidade junto a seus diversos p\u00fablicos &#8211; e os ataques de simpatizantes do presidente <strong>Jair Bolsonaro<\/strong> n\u00e3o s\u00e3o s\u00f3 ret\u00f3ricos. Assim, para ele, faz sentido a preocupa\u00e7\u00e3o.<\/p>\n\n\t<div data-element=\"shortcode-read-more\" class=\"readToo\">\n\t\t\t\t<span class=\"readToo__title\">Saiba mais <\/span>\n\t\t\t\t<ul class=\"readToo__list\">\n\t\t\t<li><a href=\"https:\/\/www.suno.com.br\/noticias\/apos-nubank-credit-suisse-leva-executivos-itau-itub4\/\">Ap\u00f3s Nubank, Credit Suisse tamb\u00e9m leva executivos do Ita\u00fa (ITUB4)<\/a><\/li><li><a href=\"https:\/\/www.suno.com.br\/noticias\/nubank-anitta-conselho-administracao\/\">Nubank: Anitta assume cadeira do conselho de administra\u00e7\u00e3o<\/a><\/li>\t\t<\/ul>\n\t<\/div>\n\n\n<p>Com tese de doutorado em boicotes digitais a empresas, ele diz que nenhuma das companhias atacadas foi fortemente afetada nessas campanhas de <strong>cancelamento digital<\/strong>. Ao contr\u00e1rio: todas as vezes que bancou posicionamentos nos quais acreditava nas redes sociais, se deu bem em termos de valoriza\u00e7\u00e3o de a\u00e7\u00f5es e vendas.<\/p>\n<p>Foi o que aconteceu com o <a class=\"suno-keyword\" href=\"https:\/\/www.suno.com.br\/acoes\/MGLU3\/\" target=\"_blank\" rel=\"noopener noreferrer\" data-force=\"yes\" data-priority=\"2\">Magazine Luiza (MGLU3)<\/a> e o programa de trainees para negros e O Botic\u00e1rio e <a class=\"suno-keyword\" href=\"https:\/\/www.suno.com.br\/acoes\/NTCO3\/\" target=\"_blank\" rel=\"noopener noreferrer\" data-force=\"yes\" data-priority=\"2\">Natura (NTCO3)<\/a>, com a inclus\u00e3o de homossexuais e pessoas trans em suas campanhas publicit\u00e1rias. &#8220;Se o Nubank estiver bem assessorado em termos de comunica\u00e7\u00e3o, acreditar de verdade no que \u00e9 associado com a Anitta e se mantiver firme, vai se dar muito bem&#8221;, afirma.<\/p>\n<p>Procurado, o <strong>Nubank<\/strong> n\u00e3o comentou.<\/p>\n<p><em>Com informa\u00e7\u00f5es do Estad\u00e3o Conte\u00fado<\/em><\/p>\n","protected":false},"excerpt":{"rendered":"<p>Ap\u00f3s o Nubank anunciar a cantora Anitta em seu conselho de administra\u00e7\u00e3o, nesta semana o banco digital programava uma rodada de entrevistas \u00e0 imprensa para explicar como a diversidade iria al\u00e9m do marketing e dos &#8220;memes&#8221; das redes sociais. No entanto, o banco e a cantora desistiram cancelaram as conversas. David V\u00e9lez, Anitta, Cristina Junqueira. [&hellip;]<\/p>\n","protected":false},"author":39,"featured_media":159831,"comment_status":"closed","ping_status":"closed","sticky":false,"template":"","format":"standard","meta":[],"categories":[64],"tags":[106387,105816,848],"suno_strategy":[],"class_list":["post-160694","post","type-post","status-publish","format-standard","has-post-thumbnail","hentry","category-negocios","tag-anitta","tag-especialistas","tag-nubank"],"yoast_head":"<!-- This site is optimized with the Yoast SEO plugin v24.4 - https:\/\/yoast.com\/wordpress\/plugins\/seo\/ -->\n<title>Nubank cancela entrevistas com Anitta ap\u00f3s ataques nas redes sociais<\/title>\n<meta name=\"description\" content=\"O Nubank cancelou entrevistas com a Anitta, que faz parte do conselho de administra\u00e7\u00e3o do banco, ap\u00f3s ataques nas redes sociais. Saiba mais!\" \/>\n<meta name=\"robots\" content=\"index, follow, max-snippet:-1, max-image-preview:large, max-video-preview:-1\" \/>\n<link rel=\"canonical\" href=\"https:\/\/www.suno.com.br\/noticias\/apos-ataques-nubank-cancela-entrevista-anitta\/\" \/>\n<meta property=\"og:locale\" content=\"pt_BR\" \/>\n<meta property=\"og:type\" content=\"article\" \/>\n<meta property=\"og:title\" content=\"Nubank cancela entrevistas com Anitta ap\u00f3s ataques nas redes sociais\" \/>\n<meta property=\"og:description\" content=\"O Nubank cancelou entrevistas com a Anitta, que faz parte do conselho de administra\u00e7\u00e3o do banco, ap\u00f3s ataques nas redes sociais. Saiba mais!\" \/>\n<meta property=\"og:url\" content=\"https:\/\/www.suno.com.br\/noticias\/apos-ataques-nubank-cancela-entrevista-anitta\/\" \/>\n<meta property=\"og:site_name\" content=\"Suno Not\u00edcias\" \/>\n<meta property=\"article:publisher\" content=\"https:\/\/facebook.com\/sunoresearch\" \/>\n<meta property=\"og:image\" content=\"https:\/\/files.sunoresearch.com.br\/n\/uploads\/2021\/06\/a692ba91-nubank.jpg\" \/>\n\t<meta property=\"og:image:width\" content=\"1536\" \/>\n\t<meta property=\"og:image:height\" content=\"666\" \/>\n\t<meta property=\"og:image:type\" content=\"image\/jpeg\" \/>\n<meta name=\"author\" content=\"Laura Moutinho\" \/>\n<meta name=\"twitter:card\" content=\"summary_large_image\" \/>\n<meta name=\"twitter:creator\" content=\"@sunoresearch\" \/>\n<meta name=\"twitter:site\" content=\"@sunoresearch\" \/>\n<meta name=\"twitter:label1\" content=\"Escrito por\" \/>\n\t<meta name=\"twitter:data1\" content=\"Laura Moutinho\" \/>\n\t<meta name=\"twitter:label2\" content=\"Est. tempo de leitura\" \/>\n\t<meta name=\"twitter:data2\" content=\"5 minutos\" \/>\n<script type=\"application\/ld+json\" class=\"yoast-schema-graph\">{\"@context\":\"https:\/\/schema.org\",\"@graph\":[{\"@type\":\"NewsArticle\",\"@id\":\"https:\/\/www.suno.com.br\/noticias\/apos-ataques-nubank-cancela-entrevista-anitta\/#article\",\"isPartOf\":{\"@id\":\"https:\/\/www.suno.com.br\/noticias\/apos-ataques-nubank-cancela-entrevista-anitta\/\"},\"author\":{\"name\":\"Laura Moutinho\",\"@id\":\"https:\/\/www.suno.com.br\/noticias\/#\/schema\/person\/3df0d2808748b74496efe5dbeaef2c72\"},\"headline\":\"Nubank cancela entrevistas com Anitta ap\u00f3s ataques nas redes sociais\",\"datePublished\":\"2021-06-23T22:39:41+00:00\",\"dateModified\":\"2021-06-24T10:09:23+00:00\",\"mainEntityOfPage\":{\"@id\":\"https:\/\/www.suno.com.br\/noticias\/apos-ataques-nubank-cancela-entrevista-anitta\/\"},\"wordCount\":919,\"publisher\":{\"@id\":\"https:\/\/www.suno.com.br\/noticias\/#organization\"},\"image\":{\"@id\":\"https:\/\/www.suno.com.br\/noticias\/apos-ataques-nubank-cancela-entrevista-anitta\/#primaryimage\"},\"thumbnailUrl\":\"https:\/\/files.sunoresearch.com.br\/n\/uploads\/2021\/06\/a692ba91-nubank-jpg.webp\",\"keywords\":[\"Anitta\",\"Especialistas\",\"Nubank (NUBR33)\"],\"articleSection\":[\"Neg\u00f3cios\"],\"inLanguage\":\"pt-BR\"},{\"@type\":\"WebPage\",\"@id\":\"https:\/\/www.suno.com.br\/noticias\/apos-ataques-nubank-cancela-entrevista-anitta\/\",\"url\":\"https:\/\/www.suno.com.br\/noticias\/apos-ataques-nubank-cancela-entrevista-anitta\/\",\"name\":\"Nubank cancela entrevistas com Anitta ap\u00f3s ataques nas redes sociais\",\"isPartOf\":{\"@id\":\"https:\/\/www.suno.com.br\/noticias\/#website\"},\"primaryImageOfPage\":{\"@id\":\"https:\/\/www.suno.com.br\/noticias\/apos-ataques-nubank-cancela-entrevista-anitta\/#primaryimage\"},\"image\":{\"@id\":\"https:\/\/www.suno.com.br\/noticias\/apos-ataques-nubank-cancela-entrevista-anitta\/#primaryimage\"},\"thumbnailUrl\":\"https:\/\/files.sunoresearch.com.br\/n\/uploads\/2021\/06\/a692ba91-nubank-jpg.webp\",\"datePublished\":\"2021-06-23T22:39:41+00:00\",\"dateModified\":\"2021-06-24T10:09:23+00:00\",\"description\":\"O Nubank cancelou entrevistas com a Anitta, que faz parte do conselho de administra\u00e7\u00e3o do banco, ap\u00f3s ataques nas redes sociais. Saiba mais!\",\"breadcrumb\":{\"@id\":\"https:\/\/www.suno.com.br\/noticias\/apos-ataques-nubank-cancela-entrevista-anitta\/#breadcrumb\"},\"inLanguage\":\"pt-BR\",\"potentialAction\":[{\"@type\":\"ReadAction\",\"target\":[\"https:\/\/www.suno.com.br\/noticias\/apos-ataques-nubank-cancela-entrevista-anitta\/\"]}]},{\"@type\":\"ImageObject\",\"inLanguage\":\"pt-BR\",\"@id\":\"https:\/\/www.suno.com.br\/noticias\/apos-ataques-nubank-cancela-entrevista-anitta\/#primaryimage\",\"url\":\"https:\/\/files.sunoresearch.com.br\/n\/uploads\/2021\/06\/a692ba91-nubank-jpg.webp\",\"contentUrl\":\"https:\/\/files.sunoresearch.com.br\/n\/uploads\/2021\/06\/a692ba91-nubank-jpg.webp\",\"width\":1536,\"height\":666,\"caption\":\"David V\u00e9lez, Anitta, Cristina Junqueira. Foto: Reprodu\u00e7\u00e3o Nubank\"},{\"@type\":\"BreadcrumbList\",\"@id\":\"https:\/\/www.suno.com.br\/noticias\/apos-ataques-nubank-cancela-entrevista-anitta\/#breadcrumb\",\"itemListElement\":[{\"@type\":\"ListItem\",\"position\":1,\"name\":\"Not\u00edcias\",\"item\":\"https:\/\/www.suno.com.br\/noticias\/\"},{\"@type\":\"ListItem\",\"position\":2,\"name\":\"Neg\u00f3cios\",\"item\":\"https:\/\/www.suno.com.br\/noticias\/negocios\/\"},{\"@type\":\"ListItem\",\"position\":3,\"name\":\"Nubank cancela entrevistas com Anitta ap\u00f3s ataques nas redes sociais\"}]},{\"@type\":\"WebSite\",\"@id\":\"https:\/\/www.suno.com.br\/noticias\/#website\",\"url\":\"https:\/\/www.suno.com.br\/noticias\/\",\"name\":\"Suno Not\u00edcias\",\"description\":\"Seu portal de informa\u00e7\u00e3o sobre o mundo dos investimentos\",\"publisher\":{\"@id\":\"https:\/\/www.suno.com.br\/noticias\/#organization\"},\"potentialAction\":[{\"@type\":\"SearchAction\",\"target\":{\"@type\":\"EntryPoint\",\"urlTemplate\":\"https:\/\/www.suno.com.br\/noticias\/?s={search_term_string}\"},\"query-input\":{\"@type\":\"PropertyValueSpecification\",\"valueRequired\":true,\"valueName\":\"search_term_string\"}}],\"inLanguage\":\"pt-BR\"},{\"@type\":\"Organization\",\"@id\":\"https:\/\/www.suno.com.br\/noticias\/#organization\",\"name\":\"Suno Not\u00edcias\",\"url\":\"https:\/\/www.suno.com.br\/noticias\/\",\"logo\":{\"@type\":\"ImageObject\",\"inLanguage\":\"pt-BR\",\"@id\":\"https:\/\/www.suno.com.br\/noticias\/#\/schema\/logo\/image\/\",\"url\":\"https:\/\/files.sunoresearch.com.br\/n\/uploads\/2021\/09\/suno-logo.png\",\"contentUrl\":\"https:\/\/files.sunoresearch.com.br\/n\/uploads\/2021\/09\/suno-logo.png\",\"width\":180,\"height\":180,\"caption\":\"Suno Not\u00edcias\"},\"image\":{\"@id\":\"https:\/\/www.suno.com.br\/noticias\/#\/schema\/logo\/image\/\"},\"sameAs\":[\"https:\/\/facebook.com\/sunoresearch\",\"https:\/\/x.com\/sunoresearch\",\"https:\/\/www.instagram.com\/suno\",\"https:\/\/www.linkedin.com\/company\/suno-research\/\",\"https:\/\/www.youtube.com\/c\/sunoresearch\"]},{\"@type\":\"Person\",\"@id\":\"https:\/\/www.suno.com.br\/noticias\/#\/schema\/person\/3df0d2808748b74496efe5dbeaef2c72\",\"name\":\"Laura Moutinho\",\"image\":{\"@type\":\"ImageObject\",\"inLanguage\":\"pt-BR\",\"@id\":\"https:\/\/www.suno.com.br\/noticias\/#\/schema\/person\/image\/\",\"url\":\"https:\/\/secure.gravatar.com\/avatar\/7571c7c8ca3a6fca5e41384ece5557ff?s=96&r=g\",\"contentUrl\":\"https:\/\/secure.gravatar.com\/avatar\/7571c7c8ca3a6fca5e41384ece5557ff?s=96&r=g\",\"caption\":\"Laura Moutinho\"},\"description\":\"Estagi\u00e1ria na Suno Not\u00edcias, escreve not\u00edcias que afetam o mercado financeiro. Estuda administra\u00e7\u00e3o na Universidade Presbiteriana Mackenzie.\",\"url\":\"https:\/\/www.suno.com.br\/noticias\/author\/laura-moutinho\/\"}]}<\/script>\n<!-- \/ Yoast SEO plugin. -->","yoast_head_json":{"title":"Nubank cancela entrevistas com Anitta ap\u00f3s ataques nas redes sociais","description":"O Nubank cancelou entrevistas com a Anitta, que faz parte do conselho de administra\u00e7\u00e3o do banco, ap\u00f3s ataques nas redes sociais. Saiba mais!","robots":{"index":"index","follow":"follow","max-snippet":"max-snippet:-1","max-image-preview":"max-image-preview:large","max-video-preview":"max-video-preview:-1"},"canonical":"https:\/\/www.suno.com.br\/noticias\/apos-ataques-nubank-cancela-entrevista-anitta\/","og_locale":"pt_BR","og_type":"article","og_title":"Nubank cancela entrevistas com Anitta ap\u00f3s ataques nas redes sociais","og_description":"O Nubank cancelou entrevistas com a Anitta, que faz parte do conselho de administra\u00e7\u00e3o do banco, ap\u00f3s ataques nas redes sociais. Saiba mais!","og_url":"https:\/\/www.suno.com.br\/noticias\/apos-ataques-nubank-cancela-entrevista-anitta\/","og_site_name":"Suno Not\u00edcias","article_publisher":"https:\/\/facebook.com\/sunoresearch","og_image":[{"width":1536,"height":666,"url":"https:\/\/files.sunoresearch.com.br\/n\/uploads\/2021\/06\/a692ba91-nubank.jpg","type":"image\/jpeg"}],"author":"Laura Moutinho","twitter_card":"summary_large_image","twitter_creator":"@sunoresearch","twitter_site":"@sunoresearch","twitter_misc":{"Escrito por":"Laura Moutinho","Est. tempo de leitura":"5 minutos"},"schema":{"@context":"https:\/\/schema.org","@graph":[{"@type":"NewsArticle","@id":"https:\/\/www.suno.com.br\/noticias\/apos-ataques-nubank-cancela-entrevista-anitta\/#article","isPartOf":{"@id":"https:\/\/www.suno.com.br\/noticias\/apos-ataques-nubank-cancela-entrevista-anitta\/"},"author":{"name":"Laura Moutinho","@id":"https:\/\/www.suno.com.br\/noticias\/#\/schema\/person\/3df0d2808748b74496efe5dbeaef2c72"},"headline":"Nubank cancela entrevistas com Anitta ap\u00f3s ataques nas redes sociais","datePublished":"2021-06-23T22:39:41+00:00","dateModified":"2021-06-24T10:09:23+00:00","mainEntityOfPage":{"@id":"https:\/\/www.suno.com.br\/noticias\/apos-ataques-nubank-cancela-entrevista-anitta\/"},"wordCount":919,"publisher":{"@id":"https:\/\/www.suno.com.br\/noticias\/#organization"},"image":{"@id":"https:\/\/www.suno.com.br\/noticias\/apos-ataques-nubank-cancela-entrevista-anitta\/#primaryimage"},"thumbnailUrl":"https:\/\/files.sunoresearch.com.br\/n\/uploads\/2021\/06\/a692ba91-nubank-jpg.webp","keywords":["Anitta","Especialistas","Nubank (NUBR33)"],"articleSection":["Neg\u00f3cios"],"inLanguage":"pt-BR"},{"@type":"WebPage","@id":"https:\/\/www.suno.com.br\/noticias\/apos-ataques-nubank-cancela-entrevista-anitta\/","url":"https:\/\/www.suno.com.br\/noticias\/apos-ataques-nubank-cancela-entrevista-anitta\/","name":"Nubank cancela entrevistas com Anitta ap\u00f3s ataques nas redes sociais","isPartOf":{"@id":"https:\/\/www.suno.com.br\/noticias\/#website"},"primaryImageOfPage":{"@id":"https:\/\/www.suno.com.br\/noticias\/apos-ataques-nubank-cancela-entrevista-anitta\/#primaryimage"},"image":{"@id":"https:\/\/www.suno.com.br\/noticias\/apos-ataques-nubank-cancela-entrevista-anitta\/#primaryimage"},"thumbnailUrl":"https:\/\/files.sunoresearch.com.br\/n\/uploads\/2021\/06\/a692ba91-nubank-jpg.webp","datePublished":"2021-06-23T22:39:41+00:00","dateModified":"2021-06-24T10:09:23+00:00","description":"O Nubank cancelou entrevistas com a Anitta, que faz parte do conselho de administra\u00e7\u00e3o do banco, ap\u00f3s ataques nas redes sociais. Saiba mais!","breadcrumb":{"@id":"https:\/\/www.suno.com.br\/noticias\/apos-ataques-nubank-cancela-entrevista-anitta\/#breadcrumb"},"inLanguage":"pt-BR","potentialAction":[{"@type":"ReadAction","target":["https:\/\/www.suno.com.br\/noticias\/apos-ataques-nubank-cancela-entrevista-anitta\/"]}]},{"@type":"ImageObject","inLanguage":"pt-BR","@id":"https:\/\/www.suno.com.br\/noticias\/apos-ataques-nubank-cancela-entrevista-anitta\/#primaryimage","url":"https:\/\/files.sunoresearch.com.br\/n\/uploads\/2021\/06\/a692ba91-nubank-jpg.webp","contentUrl":"https:\/\/files.sunoresearch.com.br\/n\/uploads\/2021\/06\/a692ba91-nubank-jpg.webp","width":1536,"height":666,"caption":"David V\u00e9lez, Anitta, Cristina Junqueira. Foto: Reprodu\u00e7\u00e3o Nubank"},{"@type":"BreadcrumbList","@id":"https:\/\/www.suno.com.br\/noticias\/apos-ataques-nubank-cancela-entrevista-anitta\/#breadcrumb","itemListElement":[{"@type":"ListItem","position":1,"name":"Not\u00edcias","item":"https:\/\/www.suno.com.br\/noticias\/"},{"@type":"ListItem","position":2,"name":"Neg\u00f3cios","item":"https:\/\/www.suno.com.br\/noticias\/negocios\/"},{"@type":"ListItem","position":3,"name":"Nubank cancela entrevistas com Anitta ap\u00f3s ataques nas redes sociais"}]},{"@type":"WebSite","@id":"https:\/\/www.suno.com.br\/noticias\/#website","url":"https:\/\/www.suno.com.br\/noticias\/","name":"Suno Not\u00edcias","description":"Seu portal de informa\u00e7\u00e3o sobre o mundo dos investimentos","publisher":{"@id":"https:\/\/www.suno.com.br\/noticias\/#organization"},"potentialAction":[{"@type":"SearchAction","target":{"@type":"EntryPoint","urlTemplate":"https:\/\/www.suno.com.br\/noticias\/?s={search_term_string}"},"query-input":{"@type":"PropertyValueSpecification","valueRequired":true,"valueName":"search_term_string"}}],"inLanguage":"pt-BR"},{"@type":"Organization","@id":"https:\/\/www.suno.com.br\/noticias\/#organization","name":"Suno Not\u00edcias","url":"https:\/\/www.suno.com.br\/noticias\/","logo":{"@type":"ImageObject","inLanguage":"pt-BR","@id":"https:\/\/www.suno.com.br\/noticias\/#\/schema\/logo\/image\/","url":"https:\/\/files.sunoresearch.com.br\/n\/uploads\/2021\/09\/suno-logo.png","contentUrl":"https:\/\/files.sunoresearch.com.br\/n\/uploads\/2021\/09\/suno-logo.png","width":180,"height":180,"caption":"Suno Not\u00edcias"},"image":{"@id":"https:\/\/www.suno.com.br\/noticias\/#\/schema\/logo\/image\/"},"sameAs":["https:\/\/facebook.com\/sunoresearch","https:\/\/x.com\/sunoresearch","https:\/\/www.instagram.com\/suno","https:\/\/www.linkedin.com\/company\/suno-research\/","https:\/\/www.youtube.com\/c\/sunoresearch"]},{"@type":"Person","@id":"https:\/\/www.suno.com.br\/noticias\/#\/schema\/person\/3df0d2808748b74496efe5dbeaef2c72","name":"Laura Moutinho","image":{"@type":"ImageObject","inLanguage":"pt-BR","@id":"https:\/\/www.suno.com.br\/noticias\/#\/schema\/person\/image\/","url":"https:\/\/secure.gravatar.com\/avatar\/7571c7c8ca3a6fca5e41384ece5557ff?s=96&r=g","contentUrl":"https:\/\/secure.gravatar.com\/avatar\/7571c7c8ca3a6fca5e41384ece5557ff?s=96&r=g","caption":"Laura Moutinho"},"description":"Estagi\u00e1ria na Suno Not\u00edcias, escreve not\u00edcias que afetam o mercado financeiro. Estuda administra\u00e7\u00e3o na Universidade Presbiteriana Mackenzie.","url":"https:\/\/www.suno.com.br\/noticias\/author\/laura-moutinho\/"}]}},"default_loop_html":"<div class=\"cardsPage__listCard__boxs\"><div class=\"cardsPage__listCard__boxs__img\"><a href=\"https:\/\/www.suno.com.br\/noticias\/nubank-anitta-conselho-administracao\/\"><img class=\"mask\" src=\"https:\/\/www.suno.com.br\/noticias\/wp-content\/themes\/suno\/resources\/images\/spotlight\/spotlight1img\/bg-mask.png\" alt=\"Image Mask\"\/><img src=\"https:\/\/files.sunoresearch.com.br\/n\/uploads\/2021\/06\/a692ba91-nubank-400x200.webp\" alt=\"Nubank: Anitta assume cadeira do conselho de administra\u00e7\u00e3o\"\/><\/a><span class=\"spotlightCategory\"><a href=\"https:\/\/www.suno.com.br\/noticias\/negocios\/\">Neg\u00f3cios<\/a><\/span><\/div><div class=\"cardsPage__listCard__boxs__content\"><a href=\"https:\/\/www.suno.com.br\/noticias\/nubank-anitta-conselho-administracao\/\"><h2 class=\"content__title\">Nubank: Anitta assume cadeira do conselho de administra\u00e7\u00e3o<\/h2><\/a><div class=\"newsContent__article__meta\"><div class=\"newsContent__article__meta__authorBox\"><a href=\"https:\/\/www.suno.com.br\/noticias\/author\/poliana-santos\/\" class=\"authorBox__avatar noMobi\"><img src=\"https:\/\/files.sunoresearch.com.br\/n\/uploads\/2020\/08\/7ef34026-whatsapp-image-2020-08-03-at-12.37.57-150x150.webp\" alt=\"Poliana Santos\"><\/a><div class=\"authorBox__name\"><span>por\n\t\t\t<a href=\"https:\/\/www.suno.com.br\/noticias\/author\/poliana-santos\/\"><span itemprop=\"author\">Poliana Santos<\/span><\/a><\/span><time datetime=\"2021-06-21T09:38:41-03:00\" itemprop=\"datePublished\">21\/06\/2021 09:38<\/time><\/div><\/div><\/div><\/div><\/div>","single_layout":"posts","amp_enabled":true,"_links":{"self":[{"href":"https:\/\/www.suno.com.br\/noticias\/wp-json\/wp\/v2\/posts\/160694"}],"collection":[{"href":"https:\/\/www.suno.com.br\/noticias\/wp-json\/wp\/v2\/posts"}],"about":[{"href":"https:\/\/www.suno.com.br\/noticias\/wp-json\/wp\/v2\/types\/post"}],"author":[{"embeddable":true,"href":"https:\/\/www.suno.com.br\/noticias\/wp-json\/wp\/v2\/users\/39"}],"replies":[{"embeddable":true,"href":"https:\/\/www.suno.com.br\/noticias\/wp-json\/wp\/v2\/comments?post=160694"}],"version-history":[{"count":4,"href":"https:\/\/www.suno.com.br\/noticias\/wp-json\/wp\/v2\/posts\/160694\/revisions"}],"predecessor-version":[{"id":160772,"href":"https:\/\/www.suno.com.br\/noticias\/wp-json\/wp\/v2\/posts\/160694\/revisions\/160772"}],"wp:featuredmedia":[{"embeddable":true,"href":"https:\/\/www.suno.com.br\/noticias\/wp-json\/wp\/v2\/media\/159831"}],"wp:attachment":[{"href":"https:\/\/www.suno.com.br\/noticias\/wp-json\/wp\/v2\/media?parent=160694"}],"wp:term":[{"taxonomy":"category","embeddable":true,"href":"https:\/\/www.suno.com.br\/noticias\/wp-json\/wp\/v2\/categories?post=160694"},{"taxonomy":"post_tag","embeddable":true,"href":"https:\/\/www.suno.com.br\/noticias\/wp-json\/wp\/v2\/tags?post=160694"},{"taxonomy":"suno_strategy","embeddable":true,"href":"https:\/\/www.suno.com.br\/noticias\/wp-json\/wp\/v2\/suno_strategy?post=160694"}],"curies":[{"name":"wp","href":"https:\/\/api.w.org\/{rel}","templated":true}]}}