{"id":160547,"date":"2021-06-23T12:22:44","date_gmt":"2021-06-23T15:22:44","guid":{"rendered":"https:\/\/www.suno.com.br\/noticias\/?p=160547"},"modified":"2021-06-23T21:05:38","modified_gmt":"2021-06-24T00:05:38","slug":"warren-buffett-deixa-fundacao-bill-melinda-gates","status":"publish","type":"post","link":"https:\/\/www.suno.com.br\/noticias\/warren-buffett-deixa-fundacao-bill-melinda-gates\/","title":{"rendered":"Warren Buffett deixa a Funda\u00e7\u00e3o Bill e Melinda Gates e anuncia nova doa\u00e7\u00e3o"},"content":{"rendered":"<p>O megainvestidor <strong>Warren Buffett<\/strong> anunciou, nesta quarta-feira (23),<a href=\"https:\/\/www.suno.com.br\/artigos\/homenagem-a-warren-buffett\/\"> que renunciou ao cargo de curador &#8211; ou <em>trustee<\/em> &#8211;\u00a0 da Funda\u00e7\u00e3o de Bill e Melinda Gates<\/a>. A decis\u00e3o se d\u00e1 em contexto de turbul\u00eancia, j\u00e1 que o casal anunciou div\u00f3rcio h\u00e1 algumas semanas &#8211; apesar de citarem que a funda\u00e7\u00e3o ficaria irretoc\u00e1vel mesmo com o <a href=\"https:\/\/www.suno.com.br\/noticias\/melinda-gates-advogados-divorcio-bill\/\">processo de separa\u00e7\u00e3o<\/a>.<\/p>\t<div class=\"wrapper-featured-image\">\n\t\t<figure class=\"spotlightImg\">\n\n\t\t\t<picture>\n\t\t\t\t<source media=\"(max-width: 768px)\" srcset=\"https:\/\/files.sunoresearch.com.br\/n\/uploads\/2021\/05\/89931917-warren-buffett-3-400x200.webp\">\n\t\t\t\t<img loading=\"lazy\" decoding=\"async\" class=\"newsContent__article__imgCapa lazyloadDisabled \" src=\"https:\/\/files.sunoresearch.com.br\/n\/uploads\/2021\/05\/89931917-warren-buffett-3-800x450.webp\" width=\"800\" height=\"450\" alt=\"Warren Buffett deixa a Funda\u00e7\u00e3o Bill e Melinda Gates e anuncia nova doa\u00e7\u00e3o\" fetchpriority=high \/>\n\t\t\t<\/picture>\n\n\t\t\t<figcaption class=\"wp-caption-text wp-caption-text--show\">Warren Buffett e Charlie Munger estar\u00e3o presentes no encontro anual da Berkshire Hathaway no dia 30 de abril - Foto: Reprodu\u00e7\u00e3o: Yahoo Finance<\/figcaption>\n\t\t<\/figure>\n\t<\/div>\n\n\n\t<p>\n\t\t<a href=\"https:\/\/lp.suno.com.br\/planilha-controle-gastos\/\" target=\"_blank\" data-element=\"shortcode-suno-banner\" title=\"Banner SUNO, clique e saiba mais\">\n\t\t\t<picture>\n\t\t\t\t<source media=\"(max-width: 500px)\" srcset=\"https:\/\/files.sunoresearch.com.br\/n\/uploads\/2023\/03\/400x300-Planilha-controle-de-gastos.png\">\n\t\t\t\t<img class=\"newsContent__article__imgCapa newsContent__article__imgCapa--banner\"\n\t\t\t\t\tsrc=\"https:\/\/files.sunoresearch.com.br\/n\/uploads\/2023\/03\/1420x240-Planilha-controle-de-gastos.png\"\n\t\t\t\t\tdata-promo-id=\"101751\"\t\t\t\t\t\t\t\t\t\twidth='1420' height='240'\t\t\t\t\talt=\"https:\/\/files.sunoresearch.com.br\/n\/uploads\/2023\/03\/1420x240-Planilha-controle-de-gastos.png\"\n\t\t\t\t>\n\t\t\t<\/picture>\n\t\t<\/a>\n\t<\/p>\n\n\n<p>Warren Buffett \u00e9 amigo de longa data de <strong><a class=\"suno-keyword\" href=\"https:\/\/www.suno.com.br\/tudo-sobre\/bill-gates\/\" target=\"_blank\" rel=\"noopener noreferrer\" data-force=\"no\" data-priority=\"2\">Bill Gates<\/a><\/strong>\u00a0e ocupava uma das posi\u00e7\u00f5es mais relevantes na <strong>funda\u00e7\u00e3o<\/strong>, j\u00e1 que ele a elencou como uma das cinco institui\u00e7\u00f5es sem fins lucrativos para a qual pretenderia doar boa parte de seu patrim\u00f4nio, estimado atualmente em cerca de US$ 105,3 bilh\u00f5es.<\/p>\n<p>No total, Buffett j\u00e1 doou mais de US$ 40 bilh\u00f5es em a\u00e7\u00f5es da sua companhia, a <a href=\"https:\/\/www.suno.com.br\/artigos\/bdr-uma-forma-simples-de-investir-no-exterior\/\"><strong>Berkshire Hathaway<\/strong> (BERK34)<\/a>, para as cinco funda\u00e7\u00f5es, sendo US$ 31 bilh\u00f5es para a <strong>funda\u00e7\u00e3o do casal Gates<\/strong>, ainda em 2006. Ao fazer o an\u00fancio, o investidor fez uma nova <strong>doa\u00e7\u00e3o<\/strong>, da ordem de US$ 4,1 bilh\u00f5es.<\/p>\n<p><a href=\"https:\/\/lp.suno.com.br\/suno-one\/?ppp=noticias\/hospital-care-pedido-ipo-cvm\/\"><b>Suno One: acesse gratuitamente eBooks, Minicursos, Artigos e V\u00eddeo Aulas sobre investimentos com um \u00fanico cadastro. Clique para saber mais!<\/b><\/a><\/p>\n<p>Esse montante ser\u00e1 distribu\u00eddo dentre as cinco institui\u00e7\u00f5es e, somente para a Funda\u00e7\u00e3o Bill e Melinda Gates, ser\u00e3o pouco mais de US$ 3,2 bilh\u00f5es, segundo o comunicado.<\/p>\n<p>\u201cDurante anos fui curador &#8211; um curador inativo &#8211; de apenas um destinat\u00e1rio dos meus fundos, a <strong>Funda\u00e7\u00e3o Bill e Melinda Gates<\/strong>. Agora estou renunciando ao <strong>cargo<\/strong>, assim como fiz em todos os conselhos corporativos, exceto o da <strong>Berkshire<\/strong>&#8220;, disse Buffett.<\/p>\n<p>Na ocasi\u00e3o, n\u00e3o atribuiu um motivo espec\u00edfico para a sua deixa, que ocorre, como citado, em momentos de turbul\u00eancia na vida dos fundadores.<\/p>\n<p>Em not\u00edcias recentes, Bill Gates teve sua <strong>reputa\u00e7\u00e3o<\/strong> questionada ap\u00f3s especula\u00e7\u00f5es sobre sua conduta no ambiente de trabalho, que poderia ter envolvido um caso de ass\u00e9dio na <strong>Microsoft\u00a0<\/strong>(MSFT34) em anos anteriores.<\/p>\n\t<div data-element=\"shortcode-read-more\" class=\"knowMore\">\n\t\t\t\t<span class=\"knowMore__title\">Saiba mais<\/span>\n\t\t\t\t<a class=\"knowMore__link\" href=\"https:\/\/www.suno.com.br\/noticias\/nubank-ipo-internacional\/\">\n\t\t\tNubank deve mirar IPO e expans\u00e3o internacional com Buffett como parceiro\t\t<\/a>\n\t<\/div>\n\n\n<h2>Warren Buffett tamb\u00e9m cita taxa\u00e7\u00e3o aos mais ricos<\/h2>\n<p>Ainda nesta quarta (23), na declara\u00e7\u00e3o, Buffett fez refer\u00eancia ao debate atual sobre a incid\u00eancia de <strong>impostos<\/strong> e contribui\u00e7\u00e3o por parte da parcela mais rica da popula\u00e7\u00e3o, que inclui ele pr\u00f3prio. Em entrevistas passadas, o investidor j\u00e1 havia dito que &#8220;h\u00e1 luta de classes, e nessa luta n\u00f3s [os mais ricos] estamos vencendo&#8221;.<\/p>\n<p>Na declara\u00e7\u00e3o mais recente, citou os dados vazados do <em>Internal Revenue Service<\/em>, reportados pela ProPublica, que relatou que o chefe da Berkshire pagou apenas US $ 23,7 milh\u00f5es em impostos considerando a lacuna de 2014 a 2018. No mesmo per\u00edodo a<strong> fortuna de Buffett<\/strong> cresceu US$ 24 bilh\u00f5es em n\u00fameros absolutos.<\/p>\n<p>Apesar disso, n\u00e3o fez refer\u00eancia \u00e0 not\u00edcia da ProPublica, e reconheceu que tinha &#8220;relativamente pouca&#8221; receita, com seu patrim\u00f4nio crescendo, em grande parte, por conta das a\u00e7\u00f5es da Berkshire Hathaway. Na mesma toada, citou que suas doa\u00e7\u00f5es de caridade levaram apenas US$ 0,40 em economia de impostos a cada US$ 1 mil em doa\u00e7\u00f5es.<\/p>\n<h2>Entenda o caso que envolve Bill Gates<\/h2>\n<p>Ainda em meados de maio, o <em><a class=\"suno-keyword\" href=\"https:\/\/www.suno.com.br\/artigos\/wall-street\/\" target=\"_blank\" rel=\"noopener noreferrer\" data-force=\"no\" data-priority=\"2\">Wall Street<\/a> Journal\u00a0<\/em>reportou que Bill Gates teria deixado o <a class=\"suno-keyword\" href=\"https:\/\/www.suno.com.br\/artigos\/conselho-administracao\/\" target=\"_blank\" rel=\"noopener noreferrer\" data-force=\"no\" data-priority=\"1\">conselho de administra\u00e7\u00e3o<\/a> da Microsoft ap\u00f3s uma rela\u00e7\u00e3o extraconjugal com uma ex-funcion\u00e1ria.<\/p>\n<p>\u00c0 \u00e9poca, em 2020, <strong>Bill Gates<\/strong> havia dito que estava deixando o <a href=\"https:\/\/www.suno.com.br\/artigos\/conselho-administracao\/\"><strong>conselho<\/strong> da companhia<\/a> para se dedicar \u00e0 filantropia.<\/p>\n<p>Membros do conselho da companhia que estavam encarregados do assunto <a href=\"https:\/\/www.suno.com.br\/noticias\/bill-gates-deixado-conselho-microsoft-caso-extraconjugal\/\">entraram em contato com um escrit\u00f3rio de advocacia<\/a> para conduzir uma investiga\u00e7\u00e3o, ainda em 2019, ap\u00f3s uma engenheira da companhia ter redigido uma carta alegando ter tido rela\u00e7\u00f5es de anos com Gates.<\/p>\n<p>Uma fonte ouvida pelo jornal americano e que estava a par do assunto disse que a ren\u00fancia de Gates se deu antes que a investiga\u00e7\u00e3o pudesse ter alguma conclus\u00e3o concreta sobre o caso.<\/p>\n\t<p>\n\t\t<a href=\"https:\/\/lp.suno.com.br\/planilha-da-vida-financeira\/\" target=\"_blank\" data-element=\"shortcode-suno-banner\" title=\"Banner SUNO, clique e saiba mais\">\n\t\t\t<picture>\n\t\t\t\t<source media=\"(max-width: 500px)\" srcset=\"https:\/\/files.sunoresearch.com.br\/n\/uploads\/2023\/04\/400x300-Planilha-vida-financeira-true.png\">\n\t\t\t\t<img class=\"newsContent__article__imgCapa newsContent__article__imgCapa--banner\"\n\t\t\t\t\tsrc=\"https:\/\/files.sunoresearch.com.br\/n\/uploads\/2023\/04\/1420x240-Planilha-vida-financeira-true.png\"\n\t\t\t\t\tdata-promo-id=\"106682\"\t\t\t\t\t\t\t\t\t\twidth='1420' height='240'\t\t\t\t\talt=\"https:\/\/files.sunoresearch.com.br\/n\/uploads\/2023\/04\/1420x240-Planilha-vida-financeira-true.png\"\n\t\t\t\t>\n\t\t\t<\/picture>\n\t\t<\/a>\n\t<\/p>\n\n\n<p>\u201cA Microsoft recebeu um comunicado na segunda metade de 2019 de que Bill Gates tinha tentado iniciar um relacionamento \u00edntimo com uma funcion\u00e1ria da empresa em 2000\u201d, afirmou.<\/p>\n<p>\u201cUm comit\u00ea do Conselho analisou a preocupa\u00e7\u00e3o, auxiliado por um escrit\u00f3rio de advocacia externo para conduzir uma investiga\u00e7\u00e3o completa. Ao longo da investiga\u00e7\u00e3o, a Microsoft forneceu amplo suporte ao funcion\u00e1rio que levantou a quest\u00e3o&#8221;, seguiu.<\/p>\n<p>Em oposi\u00e7\u00e3o, um porta-voz de Bill Gates disso: \u201cHouve um caso h\u00e1 quase 20 anos que terminou amigavelmente. A decis\u00e3o de fazer a transi\u00e7\u00e3o para fora do conselho n\u00e3o estava de forma alguma relacionada a este assunto&#8221;.<\/p>\n<h2>Gates deixou conselho da Berkshire anteriormente<\/h2>\n<p>Em 2020, Bill Gates anunciou que deixaria o conselho de administra\u00e7\u00e3o da Berkshire Hathaway, de <strong>Warren Buffett<\/strong>. Na mesma ocasi\u00e3o, tamb\u00e9m deixou o conselho da Microsoft. O ano j\u00e1 vinha sendo at\u00edpico para o bilion\u00e1rio, que n\u00e3o participou <a class=\"suno-keyword\" href=\"https:\/\/www.suno.com.br\/artigos\/forum-economico-mundial\/\" target=\"_blank\" rel=\"noopener noreferrer\" data-force=\"no\" data-priority=\"1\">F\u00f3rum Econ\u00f4mico Mundial<\/a> em Davos, na Su\u00ed\u00e7a, juntamente com sua esposa. Tradicionalmente, ambos iam ao evento. Ap\u00f3s anunciarem que n\u00e3o iriam, noticiaram publicamente o div\u00f3rcio, meses depois.<\/p>\n\t<p>\n\t\t<a href=\"https:\/\/lp.suno.com.br\/planilha-de-controle-de-investimentos\/\" target=\"_blank\" data-element=\"shortcode-suno-banner\" title=\"Banner SUNO, clique e saiba mais\">\n\t\t\t<picture>\n\t\t\t\t<source media=\"(max-width: 500px)\" srcset=\"https:\/\/files.sunoresearch.com.br\/n\/uploads\/2023\/03\/400x300-Controle-de-Investimentos.png\">\n\t\t\t\t<img class=\"newsContent__article__imgCapa newsContent__article__imgCapa--banner\"\n\t\t\t\t\tsrc=\"https:\/\/files.sunoresearch.com.br\/n\/uploads\/2023\/03\/1420x240-Controle-de-Investimentos.png\"\n\t\t\t\t\tdata-promo-id=\"75934\"\t\t\t\t\t\t\t\t\t\twidth='1420' height='240'\t\t\t\t\talt=\"https:\/\/files.sunoresearch.com.br\/n\/uploads\/2023\/03\/1420x240-Controle-de-Investimentos.png\"\n\t\t\t\t>\n\t\t\t<\/picture>\n\t\t<\/a>\n\t<\/p>\n\n\n","protected":false},"excerpt":{"rendered":"<p>O megainvestidor Warren Buffett anunciou, nesta quarta-feira (23), que renunciou ao cargo de curador &#8211; ou trustee &#8211;\u00a0 da Funda\u00e7\u00e3o de Bill e Melinda Gates. A decis\u00e3o se d\u00e1 em contexto de turbul\u00eancia, j\u00e1 que o casal anunciou div\u00f3rcio h\u00e1 algumas semanas &#8211; apesar de citarem que a funda\u00e7\u00e3o ficaria irretoc\u00e1vel mesmo com o processo [&hellip;]<\/p>\n","protected":false},"author":73,"featured_media":144086,"comment_status":"closed","ping_status":"closed","sticky":false,"template":"","format":"standard","meta":[],"categories":[63],"tags":[1224,1290,2721,688,330],"suno_strategy":[],"class_list":["post-160547","post","type-post","status-publish","format-standard","has-post-thumbnail","hentry","category-internacional","tag-berkshire-hathaway-berk34","tag-bill-gates","tag-conselho-de-administracao","tag-microsoft-msft34","tag-warren-buffett"],"yoast_head":"<!-- This site is optimized with the Yoast SEO plugin v24.4 - https:\/\/yoast.com\/wordpress\/plugins\/seo\/ -->\n<title>Warren Buffett deixa a Funda\u00e7\u00e3o Bill e Melinda Gates e anuncia doa\u00e7\u00e3o<\/title>\n<meta name=\"description\" content=\"Warren Buffett n\u00e3o precisou o motivo de sua sa\u00edda, mas citou que tem deixado conselhos, exceto o da Berkshire. Clique aqui e leia mais.\" \/>\n<meta name=\"robots\" content=\"index, follow, max-snippet:-1, max-image-preview:large, max-video-preview:-1\" \/>\n<link rel=\"canonical\" href=\"https:\/\/www.suno.com.br\/noticias\/warren-buffett-deixa-fundacao-bill-melinda-gates\/\" \/>\n<meta property=\"og:locale\" content=\"pt_BR\" \/>\n<meta property=\"og:type\" content=\"article\" \/>\n<meta property=\"og:title\" content=\"Warren Buffett deixa a Funda\u00e7\u00e3o Bill e Melinda Gates e anuncia doa\u00e7\u00e3o\" \/>\n<meta property=\"og:description\" content=\"Warren Buffett n\u00e3o precisou o motivo de sua sa\u00edda, mas citou que tem deixado conselhos, exceto o da Berkshire. Clique aqui e leia mais.\" \/>\n<meta property=\"og:url\" content=\"https:\/\/www.suno.com.br\/noticias\/warren-buffett-deixa-fundacao-bill-melinda-gates\/\" \/>\n<meta property=\"og:site_name\" content=\"Suno Not\u00edcias\" \/>\n<meta property=\"article:publisher\" content=\"https:\/\/facebook.com\/sunoresearch\" \/>\n<meta property=\"og:image\" content=\"https:\/\/files.sunoresearch.com.br\/n\/uploads\/2021\/05\/89931917-warren-buffett-3.jpg\" \/>\n\t<meta property=\"og:image:width\" content=\"1280\" \/>\n\t<meta property=\"og:image:height\" content=\"640\" \/>\n\t<meta property=\"og:image:type\" content=\"image\/jpeg\" \/>\n<meta name=\"author\" content=\"Eduardo Vargas\" \/>\n<meta name=\"twitter:card\" content=\"summary_large_image\" \/>\n<meta name=\"twitter:creator\" content=\"@sunoresearch\" \/>\n<meta name=\"twitter:site\" content=\"@sunoresearch\" \/>\n<meta name=\"twitter:label1\" content=\"Escrito por\" \/>\n\t<meta name=\"twitter:data1\" content=\"Eduardo Vargas\" \/>\n\t<meta name=\"twitter:label2\" content=\"Est. tempo de leitura\" \/>\n\t<meta name=\"twitter:data2\" content=\"4 minutos\" \/>\n<script type=\"application\/ld+json\" class=\"yoast-schema-graph\">{\"@context\":\"https:\/\/schema.org\",\"@graph\":[{\"@type\":\"NewsArticle\",\"@id\":\"https:\/\/www.suno.com.br\/noticias\/warren-buffett-deixa-fundacao-bill-melinda-gates\/#article\",\"isPartOf\":{\"@id\":\"https:\/\/www.suno.com.br\/noticias\/warren-buffett-deixa-fundacao-bill-melinda-gates\/\"},\"author\":{\"name\":\"Eduardo Vargas\",\"@id\":\"https:\/\/www.suno.com.br\/noticias\/#\/schema\/person\/7f4d362bf3518e76090143ae77bb49a5\"},\"headline\":\"Warren Buffett deixa a Funda\u00e7\u00e3o Bill e Melinda Gates e anuncia nova doa\u00e7\u00e3o\",\"datePublished\":\"2021-06-23T15:22:44+00:00\",\"dateModified\":\"2021-06-24T00:05:38+00:00\",\"mainEntityOfPage\":{\"@id\":\"https:\/\/www.suno.com.br\/noticias\/warren-buffett-deixa-fundacao-bill-melinda-gates\/\"},\"wordCount\":867,\"publisher\":{\"@id\":\"https:\/\/www.suno.com.br\/noticias\/#organization\"},\"image\":{\"@id\":\"https:\/\/www.suno.com.br\/noticias\/warren-buffett-deixa-fundacao-bill-melinda-gates\/#primaryimage\"},\"thumbnailUrl\":\"https:\/\/files.sunoresearch.com.br\/n\/uploads\/2021\/05\/89931917-warren-buffett-3-jpg.webp\",\"keywords\":[\"Berkshire Hathaway (BERK34)\",\"Bill Gates\",\"Conselho de Administra\u00e7\u00e3o\",\"Microsoft (MSFT34)\",\"Warren Buffett\"],\"articleSection\":[\"Internacional\"],\"inLanguage\":\"pt-BR\"},{\"@type\":\"WebPage\",\"@id\":\"https:\/\/www.suno.com.br\/noticias\/warren-buffett-deixa-fundacao-bill-melinda-gates\/\",\"url\":\"https:\/\/www.suno.com.br\/noticias\/warren-buffett-deixa-fundacao-bill-melinda-gates\/\",\"name\":\"Warren Buffett deixa a Funda\u00e7\u00e3o Bill e Melinda Gates e anuncia doa\u00e7\u00e3o\",\"isPartOf\":{\"@id\":\"https:\/\/www.suno.com.br\/noticias\/#website\"},\"primaryImageOfPage\":{\"@id\":\"https:\/\/www.suno.com.br\/noticias\/warren-buffett-deixa-fundacao-bill-melinda-gates\/#primaryimage\"},\"image\":{\"@id\":\"https:\/\/www.suno.com.br\/noticias\/warren-buffett-deixa-fundacao-bill-melinda-gates\/#primaryimage\"},\"thumbnailUrl\":\"https:\/\/files.sunoresearch.com.br\/n\/uploads\/2021\/05\/89931917-warren-buffett-3-jpg.webp\",\"datePublished\":\"2021-06-23T15:22:44+00:00\",\"dateModified\":\"2021-06-24T00:05:38+00:00\",\"description\":\"Warren Buffett n\u00e3o precisou o motivo de sua sa\u00edda, mas citou que tem deixado conselhos, exceto o da Berkshire. Clique aqui e leia mais.\",\"breadcrumb\":{\"@id\":\"https:\/\/www.suno.com.br\/noticias\/warren-buffett-deixa-fundacao-bill-melinda-gates\/#breadcrumb\"},\"inLanguage\":\"pt-BR\",\"potentialAction\":[{\"@type\":\"ReadAction\",\"target\":[\"https:\/\/www.suno.com.br\/noticias\/warren-buffett-deixa-fundacao-bill-melinda-gates\/\"]}]},{\"@type\":\"ImageObject\",\"inLanguage\":\"pt-BR\",\"@id\":\"https:\/\/www.suno.com.br\/noticias\/warren-buffett-deixa-fundacao-bill-melinda-gates\/#primaryimage\",\"url\":\"https:\/\/files.sunoresearch.com.br\/n\/uploads\/2021\/05\/89931917-warren-buffett-3-jpg.webp\",\"contentUrl\":\"https:\/\/files.sunoresearch.com.br\/n\/uploads\/2021\/05\/89931917-warren-buffett-3-jpg.webp\",\"width\":1280,\"height\":640,\"caption\":\"Warren Buffett e Charlie Munger estar\u00e3o presentes no encontro anual da Berkshire Hathaway no dia 30 de abril - Foto: Reprodu\u00e7\u00e3o: Yahoo Finance\"},{\"@type\":\"BreadcrumbList\",\"@id\":\"https:\/\/www.suno.com.br\/noticias\/warren-buffett-deixa-fundacao-bill-melinda-gates\/#breadcrumb\",\"itemListElement\":[{\"@type\":\"ListItem\",\"position\":1,\"name\":\"Not\u00edcias\",\"item\":\"https:\/\/www.suno.com.br\/noticias\/\"},{\"@type\":\"ListItem\",\"position\":2,\"name\":\"Internacional\",\"item\":\"https:\/\/www.suno.com.br\/noticias\/internacional\/\"},{\"@type\":\"ListItem\",\"position\":3,\"name\":\"Warren Buffett deixa a Funda\u00e7\u00e3o Bill e Melinda Gates e anuncia nova doa\u00e7\u00e3o\"}]},{\"@type\":\"WebSite\",\"@id\":\"https:\/\/www.suno.com.br\/noticias\/#website\",\"url\":\"https:\/\/www.suno.com.br\/noticias\/\",\"name\":\"Suno Not\u00edcias\",\"description\":\"Seu portal de informa\u00e7\u00e3o sobre o mundo dos investimentos\",\"publisher\":{\"@id\":\"https:\/\/www.suno.com.br\/noticias\/#organization\"},\"potentialAction\":[{\"@type\":\"SearchAction\",\"target\":{\"@type\":\"EntryPoint\",\"urlTemplate\":\"https:\/\/www.suno.com.br\/noticias\/?s={search_term_string}\"},\"query-input\":{\"@type\":\"PropertyValueSpecification\",\"valueRequired\":true,\"valueName\":\"search_term_string\"}}],\"inLanguage\":\"pt-BR\"},{\"@type\":\"Organization\",\"@id\":\"https:\/\/www.suno.com.br\/noticias\/#organization\",\"name\":\"Suno Not\u00edcias\",\"url\":\"https:\/\/www.suno.com.br\/noticias\/\",\"logo\":{\"@type\":\"ImageObject\",\"inLanguage\":\"pt-BR\",\"@id\":\"https:\/\/www.suno.com.br\/noticias\/#\/schema\/logo\/image\/\",\"url\":\"https:\/\/files.sunoresearch.com.br\/n\/uploads\/2021\/09\/suno-logo.png\",\"contentUrl\":\"https:\/\/files.sunoresearch.com.br\/n\/uploads\/2021\/09\/suno-logo.png\",\"width\":180,\"height\":180,\"caption\":\"Suno Not\u00edcias\"},\"image\":{\"@id\":\"https:\/\/www.suno.com.br\/noticias\/#\/schema\/logo\/image\/\"},\"sameAs\":[\"https:\/\/facebook.com\/sunoresearch\",\"https:\/\/x.com\/sunoresearch\",\"https:\/\/www.instagram.com\/suno\",\"https:\/\/www.linkedin.com\/company\/suno-research\/\",\"https:\/\/www.youtube.com\/c\/sunoresearch\"]},{\"@type\":\"Person\",\"@id\":\"https:\/\/www.suno.com.br\/noticias\/#\/schema\/person\/7f4d362bf3518e76090143ae77bb49a5\",\"name\":\"Eduardo Vargas\",\"image\":{\"@type\":\"ImageObject\",\"inLanguage\":\"pt-BR\",\"@id\":\"https:\/\/www.suno.com.br\/noticias\/#\/schema\/person\/image\/\",\"url\":\"https:\/\/secure.gravatar.com\/avatar\/dac340933427a22924c9f99d1eb2e3f2?s=96&r=g\",\"contentUrl\":\"https:\/\/secure.gravatar.com\/avatar\/dac340933427a22924c9f99d1eb2e3f2?s=96&r=g\",\"caption\":\"Eduardo Vargas\"},\"description\":\"Jornalista formado pela UFSC, cobre macroeconomia, neg\u00f3cios e startups para o Suno Not\u00edcias, escrevendo principalmente not\u00edcias sobre o mercado financeiro e a bolsa de valores. No YouTube e no Instagram, \u00e9 respons\u00e1vel pela produ\u00e7\u00e3o de Reels e Shorts do Suno Not\u00edcias. Anteriormente, trabalhou cobrindo economia e cotidiano no ND+ e para o ND, maior jornal impresso de Santa Catarina. Cursou um semestre letivo de Estudos de M\u00eddia na Universidad de Buenos Aires.\",\"url\":\"https:\/\/www.suno.com.br\/noticias\/author\/eduardo-vargas\/\"}]}<\/script>\n<!-- \/ Yoast SEO plugin. -->","yoast_head_json":{"title":"Warren Buffett deixa a Funda\u00e7\u00e3o Bill e Melinda Gates e anuncia doa\u00e7\u00e3o","description":"Warren Buffett n\u00e3o precisou o motivo de sua sa\u00edda, mas citou que tem deixado conselhos, exceto o da Berkshire. Clique aqui e leia mais.","robots":{"index":"index","follow":"follow","max-snippet":"max-snippet:-1","max-image-preview":"max-image-preview:large","max-video-preview":"max-video-preview:-1"},"canonical":"https:\/\/www.suno.com.br\/noticias\/warren-buffett-deixa-fundacao-bill-melinda-gates\/","og_locale":"pt_BR","og_type":"article","og_title":"Warren Buffett deixa a Funda\u00e7\u00e3o Bill e Melinda Gates e anuncia doa\u00e7\u00e3o","og_description":"Warren Buffett n\u00e3o precisou o motivo de sua sa\u00edda, mas citou que tem deixado conselhos, exceto o da Berkshire. Clique aqui e leia mais.","og_url":"https:\/\/www.suno.com.br\/noticias\/warren-buffett-deixa-fundacao-bill-melinda-gates\/","og_site_name":"Suno Not\u00edcias","article_publisher":"https:\/\/facebook.com\/sunoresearch","og_image":[{"width":1280,"height":640,"url":"https:\/\/files.sunoresearch.com.br\/n\/uploads\/2021\/05\/89931917-warren-buffett-3.jpg","type":"image\/jpeg"}],"author":"Eduardo Vargas","twitter_card":"summary_large_image","twitter_creator":"@sunoresearch","twitter_site":"@sunoresearch","twitter_misc":{"Escrito por":"Eduardo Vargas","Est. tempo de leitura":"4 minutos"},"schema":{"@context":"https:\/\/schema.org","@graph":[{"@type":"NewsArticle","@id":"https:\/\/www.suno.com.br\/noticias\/warren-buffett-deixa-fundacao-bill-melinda-gates\/#article","isPartOf":{"@id":"https:\/\/www.suno.com.br\/noticias\/warren-buffett-deixa-fundacao-bill-melinda-gates\/"},"author":{"name":"Eduardo Vargas","@id":"https:\/\/www.suno.com.br\/noticias\/#\/schema\/person\/7f4d362bf3518e76090143ae77bb49a5"},"headline":"Warren Buffett deixa a Funda\u00e7\u00e3o Bill e Melinda Gates e anuncia nova doa\u00e7\u00e3o","datePublished":"2021-06-23T15:22:44+00:00","dateModified":"2021-06-24T00:05:38+00:00","mainEntityOfPage":{"@id":"https:\/\/www.suno.com.br\/noticias\/warren-buffett-deixa-fundacao-bill-melinda-gates\/"},"wordCount":867,"publisher":{"@id":"https:\/\/www.suno.com.br\/noticias\/#organization"},"image":{"@id":"https:\/\/www.suno.com.br\/noticias\/warren-buffett-deixa-fundacao-bill-melinda-gates\/#primaryimage"},"thumbnailUrl":"https:\/\/files.sunoresearch.com.br\/n\/uploads\/2021\/05\/89931917-warren-buffett-3-jpg.webp","keywords":["Berkshire Hathaway (BERK34)","Bill Gates","Conselho de Administra\u00e7\u00e3o","Microsoft (MSFT34)","Warren Buffett"],"articleSection":["Internacional"],"inLanguage":"pt-BR"},{"@type":"WebPage","@id":"https:\/\/www.suno.com.br\/noticias\/warren-buffett-deixa-fundacao-bill-melinda-gates\/","url":"https:\/\/www.suno.com.br\/noticias\/warren-buffett-deixa-fundacao-bill-melinda-gates\/","name":"Warren Buffett deixa a Funda\u00e7\u00e3o Bill e Melinda Gates e anuncia doa\u00e7\u00e3o","isPartOf":{"@id":"https:\/\/www.suno.com.br\/noticias\/#website"},"primaryImageOfPage":{"@id":"https:\/\/www.suno.com.br\/noticias\/warren-buffett-deixa-fundacao-bill-melinda-gates\/#primaryimage"},"image":{"@id":"https:\/\/www.suno.com.br\/noticias\/warren-buffett-deixa-fundacao-bill-melinda-gates\/#primaryimage"},"thumbnailUrl":"https:\/\/files.sunoresearch.com.br\/n\/uploads\/2021\/05\/89931917-warren-buffett-3-jpg.webp","datePublished":"2021-06-23T15:22:44+00:00","dateModified":"2021-06-24T00:05:38+00:00","description":"Warren Buffett n\u00e3o precisou o motivo de sua sa\u00edda, mas citou que tem deixado conselhos, exceto o da Berkshire. Clique aqui e leia mais.","breadcrumb":{"@id":"https:\/\/www.suno.com.br\/noticias\/warren-buffett-deixa-fundacao-bill-melinda-gates\/#breadcrumb"},"inLanguage":"pt-BR","potentialAction":[{"@type":"ReadAction","target":["https:\/\/www.suno.com.br\/noticias\/warren-buffett-deixa-fundacao-bill-melinda-gates\/"]}]},{"@type":"ImageObject","inLanguage":"pt-BR","@id":"https:\/\/www.suno.com.br\/noticias\/warren-buffett-deixa-fundacao-bill-melinda-gates\/#primaryimage","url":"https:\/\/files.sunoresearch.com.br\/n\/uploads\/2021\/05\/89931917-warren-buffett-3-jpg.webp","contentUrl":"https:\/\/files.sunoresearch.com.br\/n\/uploads\/2021\/05\/89931917-warren-buffett-3-jpg.webp","width":1280,"height":640,"caption":"Warren Buffett e Charlie Munger estar\u00e3o presentes no encontro anual da Berkshire Hathaway no dia 30 de abril - Foto: Reprodu\u00e7\u00e3o: Yahoo Finance"},{"@type":"BreadcrumbList","@id":"https:\/\/www.suno.com.br\/noticias\/warren-buffett-deixa-fundacao-bill-melinda-gates\/#breadcrumb","itemListElement":[{"@type":"ListItem","position":1,"name":"Not\u00edcias","item":"https:\/\/www.suno.com.br\/noticias\/"},{"@type":"ListItem","position":2,"name":"Internacional","item":"https:\/\/www.suno.com.br\/noticias\/internacional\/"},{"@type":"ListItem","position":3,"name":"Warren Buffett deixa a Funda\u00e7\u00e3o Bill e Melinda Gates e anuncia nova doa\u00e7\u00e3o"}]},{"@type":"WebSite","@id":"https:\/\/www.suno.com.br\/noticias\/#website","url":"https:\/\/www.suno.com.br\/noticias\/","name":"Suno Not\u00edcias","description":"Seu portal de informa\u00e7\u00e3o sobre o mundo dos investimentos","publisher":{"@id":"https:\/\/www.suno.com.br\/noticias\/#organization"},"potentialAction":[{"@type":"SearchAction","target":{"@type":"EntryPoint","urlTemplate":"https:\/\/www.suno.com.br\/noticias\/?s={search_term_string}"},"query-input":{"@type":"PropertyValueSpecification","valueRequired":true,"valueName":"search_term_string"}}],"inLanguage":"pt-BR"},{"@type":"Organization","@id":"https:\/\/www.suno.com.br\/noticias\/#organization","name":"Suno Not\u00edcias","url":"https:\/\/www.suno.com.br\/noticias\/","logo":{"@type":"ImageObject","inLanguage":"pt-BR","@id":"https:\/\/www.suno.com.br\/noticias\/#\/schema\/logo\/image\/","url":"https:\/\/files.sunoresearch.com.br\/n\/uploads\/2021\/09\/suno-logo.png","contentUrl":"https:\/\/files.sunoresearch.com.br\/n\/uploads\/2021\/09\/suno-logo.png","width":180,"height":180,"caption":"Suno Not\u00edcias"},"image":{"@id":"https:\/\/www.suno.com.br\/noticias\/#\/schema\/logo\/image\/"},"sameAs":["https:\/\/facebook.com\/sunoresearch","https:\/\/x.com\/sunoresearch","https:\/\/www.instagram.com\/suno","https:\/\/www.linkedin.com\/company\/suno-research\/","https:\/\/www.youtube.com\/c\/sunoresearch"]},{"@type":"Person","@id":"https:\/\/www.suno.com.br\/noticias\/#\/schema\/person\/7f4d362bf3518e76090143ae77bb49a5","name":"Eduardo Vargas","image":{"@type":"ImageObject","inLanguage":"pt-BR","@id":"https:\/\/www.suno.com.br\/noticias\/#\/schema\/person\/image\/","url":"https:\/\/secure.gravatar.com\/avatar\/dac340933427a22924c9f99d1eb2e3f2?s=96&r=g","contentUrl":"https:\/\/secure.gravatar.com\/avatar\/dac340933427a22924c9f99d1eb2e3f2?s=96&r=g","caption":"Eduardo Vargas"},"description":"Jornalista formado pela UFSC, cobre macroeconomia, neg\u00f3cios e startups para o Suno Not\u00edcias, escrevendo principalmente not\u00edcias sobre o mercado financeiro e a bolsa de valores. No YouTube e no Instagram, \u00e9 respons\u00e1vel pela produ\u00e7\u00e3o de Reels e Shorts do Suno Not\u00edcias. Anteriormente, trabalhou cobrindo economia e cotidiano no ND+ e para o ND, maior jornal impresso de Santa Catarina. Cursou um semestre letivo de Estudos de M\u00eddia na Universidad de Buenos Aires.","url":"https:\/\/www.suno.com.br\/noticias\/author\/eduardo-vargas\/"}]}},"default_loop_html":"<div class=\"cardsPage__listCard__boxs\"><div class=\"cardsPage__listCard__boxs__img\"><a href=\"https:\/\/www.suno.com.br\/noticias\/warren-buffett-deixa-fundacao-bill-melinda-gates\/\"><img class=\"mask\" src=\"https:\/\/www.suno.com.br\/noticias\/wp-content\/themes\/suno\/resources\/images\/spotlight\/spotlight1img\/bg-mask.png\" alt=\"Image Mask\"\/><img src=\"https:\/\/files.sunoresearch.com.br\/n\/uploads\/2021\/05\/89931917-warren-buffett-3-400x200.webp\" alt=\"Warren Buffett deixa a Funda\u00e7\u00e3o Bill e Melinda Gates e anuncia nova doa\u00e7\u00e3o\"\/><\/a><span class=\"spotlightCategory\"><a href=\"https:\/\/www.suno.com.br\/noticias\/internacional\/\">Internacional<\/a><\/span><\/div><div class=\"cardsPage__listCard__boxs__content\"><a href=\"https:\/\/www.suno.com.br\/noticias\/warren-buffett-deixa-fundacao-bill-melinda-gates\/\"><h2 class=\"content__title\">Warren Buffett deixa a Funda\u00e7\u00e3o Bill e Melinda Gates e anuncia nova doa\u00e7\u00e3o<\/h2><\/a><div class=\"newsContent__article__meta\"><div class=\"newsContent__article__meta__authorBox\"><a href=\"https:\/\/www.suno.com.br\/noticias\/author\/eduardo-vargas\/\" class=\"authorBox__avatar noMobi\"><img src=\"https:\/\/secure.gravatar.com\/avatar\/dac340933427a22924c9f99d1eb2e3f2?s=96&#038;r=g\" alt=\"Eduardo Vargas\"><\/a><div class=\"authorBox__name\"><span>por\n\t\t\t<a href=\"https:\/\/www.suno.com.br\/noticias\/author\/eduardo-vargas\/\"><span itemprop=\"author\">Eduardo Vargas<\/span><\/a><\/span><time datetime=\"2021-06-23T12:22:44-03:00\" itemprop=\"datePublished\">23\/06\/2021 12:22<\/time><\/div><\/div><\/div><\/div><\/div>","single_layout":"posts","amp_enabled":true,"_links":{"self":[{"href":"https:\/\/www.suno.com.br\/noticias\/wp-json\/wp\/v2\/posts\/160547"}],"collection":[{"href":"https:\/\/www.suno.com.br\/noticias\/wp-json\/wp\/v2\/posts"}],"about":[{"href":"https:\/\/www.suno.com.br\/noticias\/wp-json\/wp\/v2\/types\/post"}],"author":[{"embeddable":true,"href":"https:\/\/www.suno.com.br\/noticias\/wp-json\/wp\/v2\/users\/73"}],"replies":[{"embeddable":true,"href":"https:\/\/www.suno.com.br\/noticias\/wp-json\/wp\/v2\/comments?post=160547"}],"version-history":[{"count":4,"href":"https:\/\/www.suno.com.br\/noticias\/wp-json\/wp\/v2\/posts\/160547\/revisions"}],"predecessor-version":[{"id":160765,"href":"https:\/\/www.suno.com.br\/noticias\/wp-json\/wp\/v2\/posts\/160547\/revisions\/160765"}],"wp:featuredmedia":[{"embeddable":true,"href":"https:\/\/www.suno.com.br\/noticias\/wp-json\/wp\/v2\/media\/144086"}],"wp:attachment":[{"href":"https:\/\/www.suno.com.br\/noticias\/wp-json\/wp\/v2\/media?parent=160547"}],"wp:term":[{"taxonomy":"category","embeddable":true,"href":"https:\/\/www.suno.com.br\/noticias\/wp-json\/wp\/v2\/categories?post=160547"},{"taxonomy":"post_tag","embeddable":true,"href":"https:\/\/www.suno.com.br\/noticias\/wp-json\/wp\/v2\/tags?post=160547"},{"taxonomy":"suno_strategy","embeddable":true,"href":"https:\/\/www.suno.com.br\/noticias\/wp-json\/wp\/v2\/suno_strategy?post=160547"}],"curies":[{"name":"wp","href":"https:\/\/api.w.org\/{rel}","templated":true}]}}