{"id":16047,"date":"2019-02-20T17:07:41","date_gmt":"2019-02-20T20:07:41","guid":{"rendered":"https:\/\/www.suno.com.br\/noticias\/?p=16047"},"modified":"2019-02-20T17:07:41","modified_gmt":"2019-02-20T20:07:41","slug":"gilmar-mendes-congresso-lei-kandir","status":"publish","type":"post","link":"https:\/\/www.suno.com.br\/noticias\/gilmar-mendes-congresso-lei-kandir\/","title":{"rendered":"Gilmar Mendes d\u00e1 mais 12 meses para Congresso decidir sobre Lei Kandir"},"content":{"rendered":"<p>O ministro Gilmar Mendes, do <a href=\"http:\/\/www.stf.jus.br\/\">Supremo Tribunal Federal<\/a> (STF), afirmou nesta quarta (20) que vai dar mais 12 meses de prazo para o Congresso regulamentar a Lei Kandir.<\/p>\t<div class=\"wrapper-featured-image\">\n\t\t<figure class=\"spotlightImg\">\n\n\t\t\t<picture>\n\t\t\t\t<source media=\"(max-width: 768px)\" srcset=\"https:\/\/files.sunoresearch.com.br\/n\/uploads\/2019\/02\/6d4434ef-gilmar-mendes-2-400x200.webp\">\n\t\t\t\t<img loading=\"lazy\" decoding=\"async\" class=\"newsContent__article__imgCapa lazyloadDisabled newsContent__article__imgCapa--noCaption\" src=\"https:\/\/files.sunoresearch.com.br\/n\/uploads\/2019\/02\/6d4434ef-gilmar-mendes-2-800x450.webp\" width=\"800\" height=\"450\" alt=\"Gilmar Mendes d\u00e1 mais 12 meses para Congresso decidir sobre Lei Kandir\" fetchpriority=high \/>\n\t\t\t<\/picture>\n\n\t\t\t<figcaption class=\"wp-caption-text wp-caption-text--hide\">cheque especial<\/figcaption>\n\t\t<\/figure>\n\t<\/div>\n\n\n<p>O presidente da <strong>C\u00e2mara, Rodrigo Maia,<\/strong> havia defendido mais tempo para que o <strong>Congresso<\/strong> decidisse sobre as <strong>regras<\/strong> para a <strong>Uni\u00e3o<\/strong> compensar os estados por <strong>perdas<\/strong> de <strong>arrecada\u00e7\u00e3o<\/strong> com a <strong>Lei Kandir.<\/strong><\/p>\n<p><a href=\"https:\/\/www.suno.com.br\/noticias\/maia-legislativo-decidir-lei-kandir\/\">Saiba mais: Maia quer mais tempo para Legislativo decidir sobre Lei Kandir<\/a><\/p>\n<p>Essa lei regulamentou a aplica\u00e7\u00e3o do <strong>ICMS<\/strong>, <a href=\"https:\/\/www.suno.com.br\/artigos\/icms\/\">imposto sobre circula\u00e7\u00e3o de mercadorias e presta\u00e7\u00e3o de servi\u00e7os<\/a>. Uma das suas normas \u00e9 a isen\u00e7\u00e3o do pagamento do <strong>ICMS<\/strong> sobre as exporta\u00e7\u00f5es de produtos prim\u00e1rios e semielaborados ou servi\u00e7os. Isso levantou pol\u00eamica entre os governadores de <strong>estados<\/strong> exportadores, que alegam perda de arrecada\u00e7\u00e3o em raz\u00e3o da isen\u00e7\u00e3o de impostos nesses produtos. Para compensar as perdas, a lei obriga a <strong>Uni\u00e3o<\/strong> a ressarcir os <strong>estados<\/strong> &#8211; o que n\u00e3o tem acontecido.<\/p>\n<p>O prazo para a defini\u00e7\u00e3o das regras terminou em agosto de 2018 sem que o texto tivesse ido a vota\u00e7\u00e3o em plen\u00e1rio. Assim, a decis\u00e3o passou para o <a href=\"https:\/\/portal.tcu.gov.br\/inicio\/\"><strong>Tribunal de Contas da Uni\u00e3o (TCU)<\/strong><\/a>, de acordo com decis\u00e3o tomada pelo <a href=\"http:\/\/portal.stf.jus.br\/\"><strong>Supremo Tribunal Federal (STF)<\/strong><\/a>.<\/p>\n<p>Ent\u00e3o, o Rodrigo Maia\u00a0disse que se comprometeria a colocar o projeto de lei em vota\u00e7\u00e3o at\u00e9 mar\u00e7o, caso o <strong>STF<\/strong> devolvesse a prerrogativa de decis\u00e3o ao <strong>Legislativo<\/strong>.<\/p>\n<p><strong>Gilmar Mendes<\/strong> e o presidente do Supremo, <strong>Dias Toffoli,<\/strong> reuniram-se na \u00faltima ter\u00e7a (19) com 12 <strong>governadores<\/strong> para discutir o assunto. Os estados pretendiam elevar a taxa\u00e7\u00e3o nas exporta\u00e7\u00f5es do agroneg\u00f3cio para aliviar as graves <strong>dificuldades fiscais<\/strong>,\u00a0acentuadas pelo n\u00e3o repasse da <strong>Uni\u00e3o<\/strong> como compensa\u00e7\u00e3o \u00e0 <strong>Lei Kandir<\/strong>.<\/p>\n<p><a href=\"https:\/\/www.suno.com.br\/noticias\/agronegocio-mira-tributacao-estadual\/\">Saiba mais: Motor da economia, agroneg\u00f3cio entra na mira da tributa\u00e7\u00e3o estadual<\/a><\/p>\n<p>O setor entrou na mira dos governadores pelos resultados conquistados no \u00faltimo ano. As <strong>exporta\u00e7\u00f5es do agroneg\u00f3cio<\/strong> bateram <strong>recorde<\/strong> recentemente e atingiram US$ 102,1 bilh\u00f5es entre fevereiro de 2018 e janeiro de 2019. O valor, 5,9% superior ao mesmo per\u00edodo do ano anterior, corresponde a 42,3% de todas as <strong>exporta\u00e7\u00f5es do Pa\u00eds.<\/strong> O <strong>super\u00e1vit<\/strong> (resultado positivo, a partir da diferen\u00e7a entre o que se ganha e o que se gasta) da <a href=\"https:\/\/www.suno.com.br\/artigos\/balanca-comercial\/\"><strong>balan\u00e7a comercial<\/strong><\/a> do setor aumentou 7,1%, chegando a US$ 87,6 bilh\u00f5es. Com isso, o <strong>agroneg\u00f3cio<\/strong> ampliou a <strong>participa\u00e7\u00e3o<\/strong> no <strong>total de exporta\u00e7\u00f5es<\/strong> do Pa\u00eds &#8211; e est\u00e1 sendo visto como um potencial aliviador nos rombos das contas estaduais.<\/p>\n","protected":false},"excerpt":{"rendered":"<p>O ministro Gilmar Mendes, do Supremo Tribunal Federal (STF), afirmou nesta quarta (20) que vai dar mais 12 meses de prazo para o Congresso regulamentar a Lei Kandir. cheque especial O presidente da C\u00e2mara, Rodrigo Maia, havia defendido mais tempo para que o Congresso decidisse sobre as regras para a Uni\u00e3o compensar os estados por [&hellip;]<\/p>\n","protected":false},"author":13,"featured_media":14698,"comment_status":"closed","ping_status":"closed","sticky":false,"template":"","format":"standard","meta":[],"categories":[61],"tags":[901,1118,892,785],"suno_strategy":[],"class_list":["post-16047","post","type-post","status-publish","format-standard","has-post-thumbnail","hentry","category-politica","tag-congresso-nacional","tag-gilmar-mendes","tag-rodrigo-maia","tag-supremo-tribunal-federal-stf"],"yoast_head":"<!-- This site is optimized with the Yoast SEO plugin v24.4 - https:\/\/yoast.com\/wordpress\/plugins\/seo\/ -->\n<title>Gilmar Mendes d\u00e1 mais 12 meses para Congresso decidir sobre Lei Kandir<\/title>\n<meta name=\"description\" content=\"O ministro do STF Gilmar Mendes afirmou que vai dar mais 12 meses de prazo para o Congresso regulamentar a Lei Kandir. Clique e saiba mais\" \/>\n<meta name=\"robots\" content=\"index, follow, max-snippet:-1, max-image-preview:large, max-video-preview:-1\" \/>\n<link rel=\"canonical\" href=\"https:\/\/www.suno.com.br\/noticias\/gilmar-mendes-congresso-lei-kandir\/\" \/>\n<meta property=\"og:locale\" content=\"pt_BR\" \/>\n<meta property=\"og:type\" content=\"article\" \/>\n<meta property=\"og:title\" content=\"Gilmar Mendes d\u00e1 mais 12 meses para Congresso decidir sobre Lei Kandir\" \/>\n<meta property=\"og:description\" content=\"O ministro do STF Gilmar Mendes afirmou que vai dar mais 12 meses de prazo para o Congresso regulamentar a Lei Kandir. Clique e saiba mais\" \/>\n<meta property=\"og:url\" content=\"https:\/\/www.suno.com.br\/noticias\/gilmar-mendes-congresso-lei-kandir\/\" \/>\n<meta property=\"og:site_name\" content=\"Suno Not\u00edcias\" \/>\n<meta property=\"article:publisher\" content=\"https:\/\/facebook.com\/sunoresearch\" \/>\n<meta property=\"og:image\" content=\"https:\/\/files.sunoresearch.com.br\/n\/uploads\/2019\/02\/6d4434ef-gilmar-mendes-2.jpg\" \/>\n\t<meta property=\"og:image:width\" content=\"3674\" \/>\n\t<meta property=\"og:image:height\" content=\"2449\" \/>\n\t<meta property=\"og:image:type\" content=\"image\/jpeg\" \/>\n<meta name=\"author\" content=\"Guilherme Caetano\" \/>\n<meta name=\"twitter:card\" content=\"summary_large_image\" \/>\n<meta name=\"twitter:creator\" content=\"@sunoresearch\" \/>\n<meta name=\"twitter:site\" content=\"@sunoresearch\" \/>\n<meta name=\"twitter:label1\" content=\"Escrito por\" \/>\n\t<meta name=\"twitter:data1\" content=\"Guilherme Caetano\" \/>\n\t<meta name=\"twitter:label2\" content=\"Est. tempo de leitura\" \/>\n\t<meta name=\"twitter:data2\" content=\"2 minutos\" \/>\n<script type=\"application\/ld+json\" class=\"yoast-schema-graph\">{\"@context\":\"https:\/\/schema.org\",\"@graph\":[{\"@type\":\"NewsArticle\",\"@id\":\"https:\/\/www.suno.com.br\/noticias\/gilmar-mendes-congresso-lei-kandir\/#article\",\"isPartOf\":{\"@id\":\"https:\/\/www.suno.com.br\/noticias\/gilmar-mendes-congresso-lei-kandir\/\"},\"author\":{\"name\":\"Guilherme Caetano\",\"@id\":\"https:\/\/www.suno.com.br\/noticias\/#\/schema\/person\/0d0c9687cd2f600c564f25980c140de9\"},\"headline\":\"Gilmar Mendes d\u00e1 mais 12 meses para Congresso decidir sobre Lei Kandir\",\"datePublished\":\"2019-02-20T20:07:41+00:00\",\"mainEntityOfPage\":{\"@id\":\"https:\/\/www.suno.com.br\/noticias\/gilmar-mendes-congresso-lei-kandir\/\"},\"wordCount\":438,\"publisher\":{\"@id\":\"https:\/\/www.suno.com.br\/noticias\/#organization\"},\"image\":{\"@id\":\"https:\/\/www.suno.com.br\/noticias\/gilmar-mendes-congresso-lei-kandir\/#primaryimage\"},\"thumbnailUrl\":\"https:\/\/files.sunoresearch.com.br\/n\/uploads\/2019\/02\/6d4434ef-gilmar-mendes-2-scaled.webp\",\"keywords\":[\"Congresso Nacional\",\"Gilmar Mendes\",\"Rodrigo Maia\",\"Supremo Tribunal Federal (STF)\"],\"articleSection\":[\"Pol\u00edtica\"],\"inLanguage\":\"pt-BR\"},{\"@type\":\"WebPage\",\"@id\":\"https:\/\/www.suno.com.br\/noticias\/gilmar-mendes-congresso-lei-kandir\/\",\"url\":\"https:\/\/www.suno.com.br\/noticias\/gilmar-mendes-congresso-lei-kandir\/\",\"name\":\"Gilmar Mendes d\u00e1 mais 12 meses para Congresso decidir sobre Lei Kandir\",\"isPartOf\":{\"@id\":\"https:\/\/www.suno.com.br\/noticias\/#website\"},\"primaryImageOfPage\":{\"@id\":\"https:\/\/www.suno.com.br\/noticias\/gilmar-mendes-congresso-lei-kandir\/#primaryimage\"},\"image\":{\"@id\":\"https:\/\/www.suno.com.br\/noticias\/gilmar-mendes-congresso-lei-kandir\/#primaryimage\"},\"thumbnailUrl\":\"https:\/\/files.sunoresearch.com.br\/n\/uploads\/2019\/02\/6d4434ef-gilmar-mendes-2-scaled.webp\",\"datePublished\":\"2019-02-20T20:07:41+00:00\",\"description\":\"O ministro do STF Gilmar Mendes afirmou que vai dar mais 12 meses de prazo para o Congresso regulamentar a Lei Kandir. Clique e saiba mais\",\"breadcrumb\":{\"@id\":\"https:\/\/www.suno.com.br\/noticias\/gilmar-mendes-congresso-lei-kandir\/#breadcrumb\"},\"inLanguage\":\"pt-BR\",\"potentialAction\":[{\"@type\":\"ReadAction\",\"target\":[\"https:\/\/www.suno.com.br\/noticias\/gilmar-mendes-congresso-lei-kandir\/\"]}]},{\"@type\":\"ImageObject\",\"inLanguage\":\"pt-BR\",\"@id\":\"https:\/\/www.suno.com.br\/noticias\/gilmar-mendes-congresso-lei-kandir\/#primaryimage\",\"url\":\"https:\/\/files.sunoresearch.com.br\/n\/uploads\/2019\/02\/6d4434ef-gilmar-mendes-2-scaled.webp\",\"contentUrl\":\"https:\/\/files.sunoresearch.com.br\/n\/uploads\/2019\/02\/6d4434ef-gilmar-mendes-2-scaled.webp\",\"width\":2560,\"height\":1706,\"caption\":\"cheque especial\"},{\"@type\":\"BreadcrumbList\",\"@id\":\"https:\/\/www.suno.com.br\/noticias\/gilmar-mendes-congresso-lei-kandir\/#breadcrumb\",\"itemListElement\":[{\"@type\":\"ListItem\",\"position\":1,\"name\":\"Not\u00edcias\",\"item\":\"https:\/\/www.suno.com.br\/noticias\/\"},{\"@type\":\"ListItem\",\"position\":2,\"name\":\"Pol\u00edtica\",\"item\":\"https:\/\/www.suno.com.br\/noticias\/politica\/\"},{\"@type\":\"ListItem\",\"position\":3,\"name\":\"Gilmar Mendes d\u00e1 mais 12 meses para Congresso decidir sobre Lei Kandir\"}]},{\"@type\":\"WebSite\",\"@id\":\"https:\/\/www.suno.com.br\/noticias\/#website\",\"url\":\"https:\/\/www.suno.com.br\/noticias\/\",\"name\":\"Suno Not\u00edcias\",\"description\":\"Seu portal de informa\u00e7\u00e3o sobre o mundo dos investimentos\",\"publisher\":{\"@id\":\"https:\/\/www.suno.com.br\/noticias\/#organization\"},\"potentialAction\":[{\"@type\":\"SearchAction\",\"target\":{\"@type\":\"EntryPoint\",\"urlTemplate\":\"https:\/\/www.suno.com.br\/noticias\/?s={search_term_string}\"},\"query-input\":{\"@type\":\"PropertyValueSpecification\",\"valueRequired\":true,\"valueName\":\"search_term_string\"}}],\"inLanguage\":\"pt-BR\"},{\"@type\":\"Organization\",\"@id\":\"https:\/\/www.suno.com.br\/noticias\/#organization\",\"name\":\"Suno Not\u00edcias\",\"url\":\"https:\/\/www.suno.com.br\/noticias\/\",\"logo\":{\"@type\":\"ImageObject\",\"inLanguage\":\"pt-BR\",\"@id\":\"https:\/\/www.suno.com.br\/noticias\/#\/schema\/logo\/image\/\",\"url\":\"https:\/\/files.sunoresearch.com.br\/n\/uploads\/2021\/09\/suno-logo.png\",\"contentUrl\":\"https:\/\/files.sunoresearch.com.br\/n\/uploads\/2021\/09\/suno-logo.png\",\"width\":180,\"height\":180,\"caption\":\"Suno Not\u00edcias\"},\"image\":{\"@id\":\"https:\/\/www.suno.com.br\/noticias\/#\/schema\/logo\/image\/\"},\"sameAs\":[\"https:\/\/facebook.com\/sunoresearch\",\"https:\/\/x.com\/sunoresearch\",\"https:\/\/www.instagram.com\/suno\",\"https:\/\/www.linkedin.com\/company\/suno-research\/\",\"https:\/\/www.youtube.com\/c\/sunoresearch\"]},{\"@type\":\"Person\",\"@id\":\"https:\/\/www.suno.com.br\/noticias\/#\/schema\/person\/0d0c9687cd2f600c564f25980c140de9\",\"name\":\"Guilherme Caetano\",\"image\":{\"@type\":\"ImageObject\",\"inLanguage\":\"pt-BR\",\"@id\":\"https:\/\/www.suno.com.br\/noticias\/#\/schema\/person\/image\/\",\"url\":\"https:\/\/secure.gravatar.com\/avatar\/e48357351a01702a0d19307070e081bf?s=96&r=g\",\"contentUrl\":\"https:\/\/secure.gravatar.com\/avatar\/e48357351a01702a0d19307070e081bf?s=96&r=g\",\"caption\":\"Guilherme Caetano\"},\"description\":\"Formado em jornalismo pela Escola de Comunica\u00e7\u00f5es e Artes da USP, Guilherme Caetano escreve para o portal de not\u00edcias da Suno Research. Passou pelas reda\u00e7\u00f5es da Folha de S.Paulo e da revista \u00c9poca.\",\"url\":\"https:\/\/www.suno.com.br\/noticias\/author\/guilherme-caetano\/\"}]}<\/script>\n<!-- \/ Yoast SEO plugin. -->","yoast_head_json":{"title":"Gilmar Mendes d\u00e1 mais 12 meses para Congresso decidir sobre Lei Kandir","description":"O ministro do STF Gilmar Mendes afirmou que vai dar mais 12 meses de prazo para o Congresso regulamentar a Lei Kandir. Clique e saiba mais","robots":{"index":"index","follow":"follow","max-snippet":"max-snippet:-1","max-image-preview":"max-image-preview:large","max-video-preview":"max-video-preview:-1"},"canonical":"https:\/\/www.suno.com.br\/noticias\/gilmar-mendes-congresso-lei-kandir\/","og_locale":"pt_BR","og_type":"article","og_title":"Gilmar Mendes d\u00e1 mais 12 meses para Congresso decidir sobre Lei Kandir","og_description":"O ministro do STF Gilmar Mendes afirmou que vai dar mais 12 meses de prazo para o Congresso regulamentar a Lei Kandir. Clique e saiba mais","og_url":"https:\/\/www.suno.com.br\/noticias\/gilmar-mendes-congresso-lei-kandir\/","og_site_name":"Suno Not\u00edcias","article_publisher":"https:\/\/facebook.com\/sunoresearch","og_image":[{"width":3674,"height":2449,"url":"https:\/\/files.sunoresearch.com.br\/n\/uploads\/2019\/02\/6d4434ef-gilmar-mendes-2.jpg","type":"image\/jpeg"}],"author":"Guilherme Caetano","twitter_card":"summary_large_image","twitter_creator":"@sunoresearch","twitter_site":"@sunoresearch","twitter_misc":{"Escrito por":"Guilherme Caetano","Est. tempo de leitura":"2 minutos"},"schema":{"@context":"https:\/\/schema.org","@graph":[{"@type":"NewsArticle","@id":"https:\/\/www.suno.com.br\/noticias\/gilmar-mendes-congresso-lei-kandir\/#article","isPartOf":{"@id":"https:\/\/www.suno.com.br\/noticias\/gilmar-mendes-congresso-lei-kandir\/"},"author":{"name":"Guilherme Caetano","@id":"https:\/\/www.suno.com.br\/noticias\/#\/schema\/person\/0d0c9687cd2f600c564f25980c140de9"},"headline":"Gilmar Mendes d\u00e1 mais 12 meses para Congresso decidir sobre Lei Kandir","datePublished":"2019-02-20T20:07:41+00:00","mainEntityOfPage":{"@id":"https:\/\/www.suno.com.br\/noticias\/gilmar-mendes-congresso-lei-kandir\/"},"wordCount":438,"publisher":{"@id":"https:\/\/www.suno.com.br\/noticias\/#organization"},"image":{"@id":"https:\/\/www.suno.com.br\/noticias\/gilmar-mendes-congresso-lei-kandir\/#primaryimage"},"thumbnailUrl":"https:\/\/files.sunoresearch.com.br\/n\/uploads\/2019\/02\/6d4434ef-gilmar-mendes-2-scaled.webp","keywords":["Congresso Nacional","Gilmar Mendes","Rodrigo Maia","Supremo Tribunal Federal (STF)"],"articleSection":["Pol\u00edtica"],"inLanguage":"pt-BR"},{"@type":"WebPage","@id":"https:\/\/www.suno.com.br\/noticias\/gilmar-mendes-congresso-lei-kandir\/","url":"https:\/\/www.suno.com.br\/noticias\/gilmar-mendes-congresso-lei-kandir\/","name":"Gilmar Mendes d\u00e1 mais 12 meses para Congresso decidir sobre Lei Kandir","isPartOf":{"@id":"https:\/\/www.suno.com.br\/noticias\/#website"},"primaryImageOfPage":{"@id":"https:\/\/www.suno.com.br\/noticias\/gilmar-mendes-congresso-lei-kandir\/#primaryimage"},"image":{"@id":"https:\/\/www.suno.com.br\/noticias\/gilmar-mendes-congresso-lei-kandir\/#primaryimage"},"thumbnailUrl":"https:\/\/files.sunoresearch.com.br\/n\/uploads\/2019\/02\/6d4434ef-gilmar-mendes-2-scaled.webp","datePublished":"2019-02-20T20:07:41+00:00","description":"O ministro do STF Gilmar Mendes afirmou que vai dar mais 12 meses de prazo para o Congresso regulamentar a Lei Kandir. Clique e saiba mais","breadcrumb":{"@id":"https:\/\/www.suno.com.br\/noticias\/gilmar-mendes-congresso-lei-kandir\/#breadcrumb"},"inLanguage":"pt-BR","potentialAction":[{"@type":"ReadAction","target":["https:\/\/www.suno.com.br\/noticias\/gilmar-mendes-congresso-lei-kandir\/"]}]},{"@type":"ImageObject","inLanguage":"pt-BR","@id":"https:\/\/www.suno.com.br\/noticias\/gilmar-mendes-congresso-lei-kandir\/#primaryimage","url":"https:\/\/files.sunoresearch.com.br\/n\/uploads\/2019\/02\/6d4434ef-gilmar-mendes-2-scaled.webp","contentUrl":"https:\/\/files.sunoresearch.com.br\/n\/uploads\/2019\/02\/6d4434ef-gilmar-mendes-2-scaled.webp","width":2560,"height":1706,"caption":"cheque especial"},{"@type":"BreadcrumbList","@id":"https:\/\/www.suno.com.br\/noticias\/gilmar-mendes-congresso-lei-kandir\/#breadcrumb","itemListElement":[{"@type":"ListItem","position":1,"name":"Not\u00edcias","item":"https:\/\/www.suno.com.br\/noticias\/"},{"@type":"ListItem","position":2,"name":"Pol\u00edtica","item":"https:\/\/www.suno.com.br\/noticias\/politica\/"},{"@type":"ListItem","position":3,"name":"Gilmar Mendes d\u00e1 mais 12 meses para Congresso decidir sobre Lei Kandir"}]},{"@type":"WebSite","@id":"https:\/\/www.suno.com.br\/noticias\/#website","url":"https:\/\/www.suno.com.br\/noticias\/","name":"Suno Not\u00edcias","description":"Seu portal de informa\u00e7\u00e3o sobre o mundo dos investimentos","publisher":{"@id":"https:\/\/www.suno.com.br\/noticias\/#organization"},"potentialAction":[{"@type":"SearchAction","target":{"@type":"EntryPoint","urlTemplate":"https:\/\/www.suno.com.br\/noticias\/?s={search_term_string}"},"query-input":{"@type":"PropertyValueSpecification","valueRequired":true,"valueName":"search_term_string"}}],"inLanguage":"pt-BR"},{"@type":"Organization","@id":"https:\/\/www.suno.com.br\/noticias\/#organization","name":"Suno Not\u00edcias","url":"https:\/\/www.suno.com.br\/noticias\/","logo":{"@type":"ImageObject","inLanguage":"pt-BR","@id":"https:\/\/www.suno.com.br\/noticias\/#\/schema\/logo\/image\/","url":"https:\/\/files.sunoresearch.com.br\/n\/uploads\/2021\/09\/suno-logo.png","contentUrl":"https:\/\/files.sunoresearch.com.br\/n\/uploads\/2021\/09\/suno-logo.png","width":180,"height":180,"caption":"Suno Not\u00edcias"},"image":{"@id":"https:\/\/www.suno.com.br\/noticias\/#\/schema\/logo\/image\/"},"sameAs":["https:\/\/facebook.com\/sunoresearch","https:\/\/x.com\/sunoresearch","https:\/\/www.instagram.com\/suno","https:\/\/www.linkedin.com\/company\/suno-research\/","https:\/\/www.youtube.com\/c\/sunoresearch"]},{"@type":"Person","@id":"https:\/\/www.suno.com.br\/noticias\/#\/schema\/person\/0d0c9687cd2f600c564f25980c140de9","name":"Guilherme Caetano","image":{"@type":"ImageObject","inLanguage":"pt-BR","@id":"https:\/\/www.suno.com.br\/noticias\/#\/schema\/person\/image\/","url":"https:\/\/secure.gravatar.com\/avatar\/e48357351a01702a0d19307070e081bf?s=96&r=g","contentUrl":"https:\/\/secure.gravatar.com\/avatar\/e48357351a01702a0d19307070e081bf?s=96&r=g","caption":"Guilherme Caetano"},"description":"Formado em jornalismo pela Escola de Comunica\u00e7\u00f5es e Artes da USP, Guilherme Caetano escreve para o portal de not\u00edcias da Suno Research. Passou pelas reda\u00e7\u00f5es da Folha de S.Paulo e da revista \u00c9poca.","url":"https:\/\/www.suno.com.br\/noticias\/author\/guilherme-caetano\/"}]}},"default_loop_html":"<div class=\"cardsPage__listCard__boxs\"><div class=\"cardsPage__listCard__boxs__img\"><a href=\"https:\/\/www.suno.com.br\/noticias\/gilmar-mendes-congresso-lei-kandir\/\"><img class=\"mask\" src=\"https:\/\/www.suno.com.br\/noticias\/wp-content\/themes\/suno\/resources\/images\/spotlight\/spotlight1img\/bg-mask.png\" alt=\"Image Mask\"\/><img src=\"https:\/\/files.sunoresearch.com.br\/n\/uploads\/2019\/02\/6d4434ef-gilmar-mendes-2-400x200.webp\" alt=\"Gilmar Mendes d\u00e1 mais 12 meses para Congresso decidir sobre Lei Kandir\"\/><\/a><span class=\"spotlightCategory\"><a href=\"https:\/\/www.suno.com.br\/noticias\/politica\/\">Pol\u00edtica<\/a><\/span><\/div><div class=\"cardsPage__listCard__boxs__content\"><a href=\"https:\/\/www.suno.com.br\/noticias\/gilmar-mendes-congresso-lei-kandir\/\"><h2 class=\"content__title\">Gilmar Mendes d\u00e1 mais 12 meses para Congresso decidir sobre Lei Kandir<\/h2><\/a><div class=\"newsContent__article__meta\"><div class=\"newsContent__article__meta__authorBox\"><a href=\"https:\/\/www.suno.com.br\/noticias\/author\/guilherme-caetano\/\" class=\"authorBox__avatar noMobi\"><img src=\"https:\/\/secure.gravatar.com\/avatar\/e48357351a01702a0d19307070e081bf?s=96&#038;r=g\" alt=\"Guilherme Caetano\"><\/a><div class=\"authorBox__name\"><span>por\n\t\t\t<a href=\"https:\/\/www.suno.com.br\/noticias\/author\/guilherme-caetano\/\"><span itemprop=\"author\">Guilherme Caetano<\/span><\/a><\/span><time datetime=\"2019-02-20T17:07:41-03:00\" itemprop=\"datePublished\">20\/02\/2019 17:07<\/time><\/div><\/div><\/div><\/div><\/div>","single_layout":"posts","amp_enabled":true,"_links":{"self":[{"href":"https:\/\/www.suno.com.br\/noticias\/wp-json\/wp\/v2\/posts\/16047"}],"collection":[{"href":"https:\/\/www.suno.com.br\/noticias\/wp-json\/wp\/v2\/posts"}],"about":[{"href":"https:\/\/www.suno.com.br\/noticias\/wp-json\/wp\/v2\/types\/post"}],"author":[{"embeddable":true,"href":"https:\/\/www.suno.com.br\/noticias\/wp-json\/wp\/v2\/users\/13"}],"replies":[{"embeddable":true,"href":"https:\/\/www.suno.com.br\/noticias\/wp-json\/wp\/v2\/comments?post=16047"}],"version-history":[{"count":0,"href":"https:\/\/www.suno.com.br\/noticias\/wp-json\/wp\/v2\/posts\/16047\/revisions"}],"wp:featuredmedia":[{"embeddable":true,"href":"https:\/\/www.suno.com.br\/noticias\/wp-json\/wp\/v2\/media\/14698"}],"wp:attachment":[{"href":"https:\/\/www.suno.com.br\/noticias\/wp-json\/wp\/v2\/media?parent=16047"}],"wp:term":[{"taxonomy":"category","embeddable":true,"href":"https:\/\/www.suno.com.br\/noticias\/wp-json\/wp\/v2\/categories?post=16047"},{"taxonomy":"post_tag","embeddable":true,"href":"https:\/\/www.suno.com.br\/noticias\/wp-json\/wp\/v2\/tags?post=16047"},{"taxonomy":"suno_strategy","embeddable":true,"href":"https:\/\/www.suno.com.br\/noticias\/wp-json\/wp\/v2\/suno_strategy?post=16047"}],"curies":[{"name":"wp","href":"https:\/\/api.w.org\/{rel}","templated":true}]}}