{"id":160468,"date":"2021-06-23T08:30:03","date_gmt":"2021-06-23T11:30:03","guid":{"rendered":"https:\/\/www.suno.com.br\/noticias\/?p=160468"},"modified":"2021-06-23T08:30:03","modified_gmt":"2021-06-23T11:30:03","slug":"apos-nubank-credit-suisse-leva-executivos-itau-itub4","status":"publish","type":"post","link":"https:\/\/www.suno.com.br\/noticias\/apos-nubank-credit-suisse-leva-executivos-itau-itub4\/","title":{"rendered":"Ap\u00f3s Nubank, Credit Suisse tamb\u00e9m leva executivos do Ita\u00fa (ITUB4)"},"content":{"rendered":"<p>Ap\u00f3s o Nubank fortalecer seu Conselho com um ex-executivo do <a href=\"https:\/\/www.suno.com.br\/acoes\/itub4\/\"><strong>Ita\u00fa<\/strong> (ITUB4)<\/a>, agora foi a vez do Credit Suisse (C1SU34) levar um time completo do maior banco da Am\u00e9rica Latina para sua \u00e1rea de gest\u00e3o de fortunas.<\/p>\t<div class=\"wrapper-featured-image\">\n\t\t<figure class=\"spotlightImg\">\n\n\t\t\t<picture>\n\t\t\t\t<source media=\"(max-width: 768px)\" srcset=\"https:\/\/files.sunoresearch.com.br\/n\/uploads\/2021\/05\/1dcd5ece-itau-3-400x200.webp\">\n\t\t\t\t<img loading=\"lazy\" decoding=\"async\" class=\"newsContent__article__imgCapa lazyloadDisabled \" src=\"https:\/\/files.sunoresearch.com.br\/n\/uploads\/2021\/05\/1dcd5ece-itau-3-800x450.webp\" width=\"800\" height=\"450\" alt=\"Ap\u00f3s Nubank, Credit Suisse tamb\u00e9m leva executivos do Ita\u00fa (ITUB4)\" fetchpriority=high \/>\n\t\t\t<\/picture>\n\n\t\t\t<figcaption class=\"wp-caption-text wp-caption-text--show\">Shop Ita\u00fa (ITUB4), marketplace do banco - Foto: Divulga\u00e7\u00e3o.<\/figcaption>\n\t\t<\/figure>\n\t<\/div>\n\n\n\t<p>\n\t\t<a href=\"https:\/\/lp.suno.com.br\/planilha-controle-gastos\/\" target=\"_blank\" data-element=\"shortcode-suno-banner\" title=\"Banner SUNO, clique e saiba mais\">\n\t\t\t<picture>\n\t\t\t\t<source media=\"(max-width: 500px)\" srcset=\"https:\/\/files.sunoresearch.com.br\/n\/uploads\/2023\/03\/400x300-Planilha-controle-de-gastos.png\">\n\t\t\t\t<img class=\"newsContent__article__imgCapa newsContent__article__imgCapa--banner\"\n\t\t\t\t\tsrc=\"https:\/\/files.sunoresearch.com.br\/n\/uploads\/2023\/03\/1420x240-Planilha-controle-de-gastos.png\"\n\t\t\t\t\tdata-promo-id=\"101751\"\t\t\t\t\t\t\t\t\t\twidth='1420' height='240'\t\t\t\t\talt=\"https:\/\/files.sunoresearch.com.br\/n\/uploads\/2023\/03\/1420x240-Planilha-controle-de-gastos.png\"\n\t\t\t\t>\n\t\t\t<\/picture>\n\t\t<\/a>\n\t<\/p>\n\n\n<p>A opera\u00e7\u00e3o do Credit Suisse no Brasil levou 10 executivos do Ita\u00fa, que eram respons\u00e1veis por supervisionar aproximadamente R$ 50 bilh\u00f5es. Do total, nove eram do <em><a class=\"suno-keyword\" href=\"https:\/\/www.suno.com.br\/artigos\/private-banking\/\" target=\"_blank\" rel=\"noopener noreferrer\" data-force=\"no\" data-priority=\"1\">private banking<\/a><\/em>, entre banqueiros s\u00eaniores e profissionais do suporte ao atendimento.<\/p>\n<p>O Credit tem expandido suas atividades neste segmento no Brasil. Desde outubro do ano passado, o quadro de colaboradores cresceu 20%, para 395 funcion\u00e1rios, enquanto os ativos sob cust\u00f3dia aumentaram 30%, para R$ 370 bilh\u00f5es. O banco atende investidores com patrim\u00f4nio a partir de R$ 80 milh\u00f5es nesta \u00e1rea.<\/p>\n<p><a href=\"https:\/\/lp.suno.com.br\/suno-one\/\"><span style=\"font-weight: 400;\">Suno One: acesse gratuitamente eBooks, Minicursos, Artigos e Video Aulas sobre investimentos com um \u00fanico cadastro. Clique para saber mais!<\/span><\/a><\/p>\n<p>A institui\u00e7\u00e3o su\u00ed\u00e7a se mostra agressiva para se recuperar da pol\u00eamica dos \u00faltimos meses. O Credit reportou perdas vultuosas, na ordem de US$ 5,5 bilh\u00f5es, com a Greensill e com o colapso do <em>hedge fund<\/em> norte-americano Archegos Capital, em epis\u00f3dio que movimentou o setor banc\u00e1rio global.<\/p>\n<p>Mesmo assim, o banco \u00e9 o principal estrangeiro no que se refere \u00e0 gest\u00e3o de fortunas no Brasil, em um segmento que soma R$ 1,7 trilh\u00e3o, segundo a <a href=\"https:\/\/www.suno.com.br\/artigos\/anbima\/\">Associa\u00e7\u00e3o Brasileira das Entidades dos Mercados Financeiro e de Capitais (<strong>Anbima<\/strong>)<\/a>.<\/p>\n\t<div data-element=\"shortcode-read-more\" class=\"knowMore\">\n\t\t\t\t<span class=\"knowMore__title\">Saiba mais<\/span>\n\t\t\t\t<a class=\"knowMore__link\" href=\"https:\/\/www.suno.com.br\/noticias\/r-wsb-discutem-comprar-acoes-itau-eua\/\">\n\t\t\tIta\u00fa (ITUB4) \u00e9 o novo alvo do r\/wallstreetbets? Usu\u00e1rios discutem compra da a\u00e7\u00e3o nos EUA\t\t<\/a>\n\t<\/div>\n\n\n<p>O Ita\u00fa, por sua vez, \u00e9 o l\u00edder. S\u00e3o R$ 650 bilh\u00f5es geridos no <em>private banking<\/em>, embora o banco tenha arcado com baixas em seu time diretivo.<\/p>\n<p>Em mar\u00e7o, o head global do private, Luiz Severiano Ribeiro, deixou a institui\u00e7\u00e3o para montar uma assessoria financeira pr\u00f3pria.<\/p>\n<h2>Nubank leva conselheiro do Ita\u00fa<\/h2>\n<p>O <strong>Nubank<\/strong> anunciou, na \u00faltima ter\u00e7a-feira (22), que <strong>Rog\u00e9rio Calder\u00f3n<\/strong>, que era do comit\u00ea de auditoria do Ita\u00fa, passar\u00e1 a fazer parte do Conselho da fintech.<\/p>\n<p>Com 20 anos de experi\u00eancia em consultorias e longa trajet\u00f3ria no setor financeiro, Calder\u00f3n deixar\u00e1 a institui\u00e7\u00e3o com o t\u00e9rmino de seu mandato. Ele chega ao Nubank para liderar o comit\u00ea de auditoria e ser\u00e1 o oitavo nome do Conselho.<\/p>\n\t<p>\n\t\t<a href=\"https:\/\/lp.suno.com.br\/planilha-da-vida-financeira\/\" target=\"_blank\" data-element=\"shortcode-suno-banner\" title=\"Banner SUNO, clique e saiba mais\">\n\t\t\t<picture>\n\t\t\t\t<source media=\"(max-width: 500px)\" srcset=\"https:\/\/files.sunoresearch.com.br\/n\/uploads\/2023\/04\/400x300-Planilha-vida-financeira-true.png\">\n\t\t\t\t<img class=\"newsContent__article__imgCapa newsContent__article__imgCapa--banner\"\n\t\t\t\t\tsrc=\"https:\/\/files.sunoresearch.com.br\/n\/uploads\/2023\/04\/1420x240-Planilha-vida-financeira-true.png\"\n\t\t\t\t\tdata-promo-id=\"106682\"\t\t\t\t\t\t\t\t\t\twidth='1420' height='240'\t\t\t\t\talt=\"https:\/\/files.sunoresearch.com.br\/n\/uploads\/2023\/04\/1420x240-Planilha-vida-financeira-true.png\"\n\t\t\t\t>\n\t\t\t<\/picture>\n\t\t<\/a>\n\t<\/p>\n\n\n<p>O colegiado do banco digital tamb\u00e9m conta com a<a href=\"https:\/\/www.suno.com.br\/noticias\/nubank-anitta-conselho-administracao\/\"> cantora e empres\u00e1ria <strong>Anitta<\/strong><\/a>, al\u00e9m de:<\/p>\n<ul>\n<li>Luis Alberto Moreno, ex-presidente do BID;<\/li>\n<li>Anita Sands, professora de Princeton e ex-diretora do UBS;<\/li>\n<li>Jacqueline Reses, presidente do Conselho Consultivo do Fed;<\/li>\n<li>Daniel Goldberg, ex-presidente do Morgan Stanley no Brasil;<\/li>\n<li>Doug Leone, s\u00f3cio-gestor da Sequoia Capital;<\/li>\n<li>David V\u00e9lez, chairman, fundador e CEO do Nubank.<\/li>\n<\/ul>\n<h2>\u00daltima cota\u00e7\u00e3o<\/h2>\n<p>As a\u00e7\u00f5es do <strong>Ita\u00fa<\/strong> encerraram o preg\u00e3o da \u00faltima ter\u00e7a com uma baixa de 1,29%, negociadas a R$ 32,03. Nos \u00faltimos 12 meses, o avan\u00e7o \u00e9 de 19,69%.<\/p>\n\t<p>\n\t\t<a href=\"https:\/\/lp.suno.com.br\/planilha-de-controle-de-investimentos\/\" target=\"_blank\" data-element=\"shortcode-suno-banner\" title=\"Banner SUNO, clique e saiba mais\">\n\t\t\t<picture>\n\t\t\t\t<source media=\"(max-width: 500px)\" srcset=\"https:\/\/files.sunoresearch.com.br\/n\/uploads\/2023\/03\/400x300-Controle-de-Investimentos.png\">\n\t\t\t\t<img class=\"newsContent__article__imgCapa newsContent__article__imgCapa--banner\"\n\t\t\t\t\tsrc=\"https:\/\/files.sunoresearch.com.br\/n\/uploads\/2023\/03\/1420x240-Controle-de-Investimentos.png\"\n\t\t\t\t\tdata-promo-id=\"75934\"\t\t\t\t\t\t\t\t\t\twidth='1420' height='240'\t\t\t\t\talt=\"https:\/\/files.sunoresearch.com.br\/n\/uploads\/2023\/03\/1420x240-Controle-de-Investimentos.png\"\n\t\t\t\t>\n\t\t\t<\/picture>\n\t\t<\/a>\n\t<\/p>\n\n\n","protected":false},"excerpt":{"rendered":"<p>Ap\u00f3s o Nubank fortalecer seu Conselho com um ex-executivo do Ita\u00fa (ITUB4), agora foi a vez do Credit Suisse (C1SU34) levar um time completo do maior banco da Am\u00e9rica Latina para sua \u00e1rea de gest\u00e3o de fortunas. Shop Ita\u00fa (ITUB4), marketplace do banco &#8211; Foto: Divulga\u00e7\u00e3o. A opera\u00e7\u00e3o do Credit Suisse no Brasil levou 10 [&hellip;]<\/p>\n","protected":false},"author":24,"featured_media":144509,"comment_status":"closed","ping_status":"closed","sticky":false,"template":"","format":"standard","meta":[],"categories":[64],"tags":[2721,1788,519,848],"suno_strategy":[],"class_list":["post-160468","post","type-post","status-publish","format-standard","has-post-thumbnail","hentry","category-negocios","tag-conselho-de-administracao","tag-credit-suisse-c1su34","tag-itau-unibanco-itub3-itub4","tag-nubank"],"yoast_head":"<!-- This site is optimized with the Yoast SEO plugin v24.4 - https:\/\/yoast.com\/wordpress\/plugins\/seo\/ -->\n<title>Ap\u00f3s Nubank, Credit Suisse tamb\u00e9m leva executivos do Ita\u00fa (ITUB4)<\/title>\n<meta name=\"description\" content=\"Ap\u00f3s o Nubank fortalecer seu Conselho com um ex-executivo do Ita\u00fa (ITUB4), agora foi a vez do Credit Suisse (C1SU34). Clique e saiba mais.\" \/>\n<meta name=\"robots\" content=\"index, follow, max-snippet:-1, max-image-preview:large, max-video-preview:-1\" \/>\n<link rel=\"canonical\" href=\"https:\/\/www.suno.com.br\/noticias\/apos-nubank-credit-suisse-leva-executivos-itau-itub4\/\" \/>\n<meta property=\"og:locale\" content=\"pt_BR\" \/>\n<meta property=\"og:type\" content=\"article\" \/>\n<meta property=\"og:title\" content=\"Ap\u00f3s Nubank, Credit Suisse tamb\u00e9m leva executivos do Ita\u00fa (ITUB4)\" \/>\n<meta property=\"og:description\" content=\"Ap\u00f3s o Nubank fortalecer seu Conselho com um ex-executivo do Ita\u00fa (ITUB4), agora foi a vez do Credit Suisse (C1SU34). Clique e saiba mais.\" \/>\n<meta property=\"og:url\" content=\"https:\/\/www.suno.com.br\/noticias\/apos-nubank-credit-suisse-leva-executivos-itau-itub4\/\" \/>\n<meta property=\"og:site_name\" content=\"Suno Not\u00edcias\" \/>\n<meta property=\"article:publisher\" content=\"https:\/\/facebook.com\/sunoresearch\" \/>\n<meta property=\"og:image\" content=\"https:\/\/files.sunoresearch.com.br\/n\/uploads\/2021\/05\/1dcd5ece-itau-3.jpg\" \/>\n\t<meta property=\"og:image:width\" content=\"1497\" \/>\n\t<meta property=\"og:image:height\" content=\"998\" \/>\n\t<meta property=\"og:image:type\" content=\"image\/jpeg\" \/>\n<meta name=\"author\" content=\"Jader Lazarini\" \/>\n<meta name=\"twitter:card\" content=\"summary_large_image\" \/>\n<meta name=\"twitter:creator\" content=\"@sunoresearch\" \/>\n<meta name=\"twitter:site\" content=\"@sunoresearch\" \/>\n<meta name=\"twitter:label1\" content=\"Escrito por\" \/>\n\t<meta name=\"twitter:data1\" content=\"Jader Lazarini\" \/>\n\t<meta name=\"twitter:label2\" content=\"Est. tempo de leitura\" \/>\n\t<meta name=\"twitter:data2\" content=\"2 minutos\" \/>\n<script type=\"application\/ld+json\" class=\"yoast-schema-graph\">{\"@context\":\"https:\/\/schema.org\",\"@graph\":[{\"@type\":\"NewsArticle\",\"@id\":\"https:\/\/www.suno.com.br\/noticias\/apos-nubank-credit-suisse-leva-executivos-itau-itub4\/#article\",\"isPartOf\":{\"@id\":\"https:\/\/www.suno.com.br\/noticias\/apos-nubank-credit-suisse-leva-executivos-itau-itub4\/\"},\"author\":{\"name\":\"Jader Lazarini\",\"@id\":\"https:\/\/www.suno.com.br\/noticias\/#\/schema\/person\/918d79de1f0281f01599b93f9ea6e23f\"},\"headline\":\"Ap\u00f3s Nubank, Credit Suisse tamb\u00e9m leva executivos do Ita\u00fa (ITUB4)\",\"datePublished\":\"2021-06-23T11:30:03+00:00\",\"mainEntityOfPage\":{\"@id\":\"https:\/\/www.suno.com.br\/noticias\/apos-nubank-credit-suisse-leva-executivos-itau-itub4\/\"},\"wordCount\":489,\"publisher\":{\"@id\":\"https:\/\/www.suno.com.br\/noticias\/#organization\"},\"image\":{\"@id\":\"https:\/\/www.suno.com.br\/noticias\/apos-nubank-credit-suisse-leva-executivos-itau-itub4\/#primaryimage\"},\"thumbnailUrl\":\"https:\/\/files.sunoresearch.com.br\/n\/uploads\/2021\/05\/1dcd5ece-itau-3.jpg\",\"keywords\":[\"Conselho de Administra\u00e7\u00e3o\",\"Credit Suisse (C1SU34)\",\"Ita\u00fa Unibanco (ITUB3\/ITUB4)\",\"Nubank (NUBR33)\"],\"articleSection\":[\"Neg\u00f3cios\"],\"inLanguage\":\"pt-BR\"},{\"@type\":\"WebPage\",\"@id\":\"https:\/\/www.suno.com.br\/noticias\/apos-nubank-credit-suisse-leva-executivos-itau-itub4\/\",\"url\":\"https:\/\/www.suno.com.br\/noticias\/apos-nubank-credit-suisse-leva-executivos-itau-itub4\/\",\"name\":\"Ap\u00f3s Nubank, Credit Suisse tamb\u00e9m leva executivos do Ita\u00fa (ITUB4)\",\"isPartOf\":{\"@id\":\"https:\/\/www.suno.com.br\/noticias\/#website\"},\"primaryImageOfPage\":{\"@id\":\"https:\/\/www.suno.com.br\/noticias\/apos-nubank-credit-suisse-leva-executivos-itau-itub4\/#primaryimage\"},\"image\":{\"@id\":\"https:\/\/www.suno.com.br\/noticias\/apos-nubank-credit-suisse-leva-executivos-itau-itub4\/#primaryimage\"},\"thumbnailUrl\":\"https:\/\/files.sunoresearch.com.br\/n\/uploads\/2021\/05\/1dcd5ece-itau-3.jpg\",\"datePublished\":\"2021-06-23T11:30:03+00:00\",\"description\":\"Ap\u00f3s o Nubank fortalecer seu Conselho com um ex-executivo do Ita\u00fa (ITUB4), agora foi a vez do Credit Suisse (C1SU34). Clique e saiba mais.\",\"breadcrumb\":{\"@id\":\"https:\/\/www.suno.com.br\/noticias\/apos-nubank-credit-suisse-leva-executivos-itau-itub4\/#breadcrumb\"},\"inLanguage\":\"pt-BR\",\"potentialAction\":[{\"@type\":\"ReadAction\",\"target\":[\"https:\/\/www.suno.com.br\/noticias\/apos-nubank-credit-suisse-leva-executivos-itau-itub4\/\"]}]},{\"@type\":\"ImageObject\",\"inLanguage\":\"pt-BR\",\"@id\":\"https:\/\/www.suno.com.br\/noticias\/apos-nubank-credit-suisse-leva-executivos-itau-itub4\/#primaryimage\",\"url\":\"https:\/\/files.sunoresearch.com.br\/n\/uploads\/2021\/05\/1dcd5ece-itau-3.jpg\",\"contentUrl\":\"https:\/\/files.sunoresearch.com.br\/n\/uploads\/2021\/05\/1dcd5ece-itau-3.jpg\",\"width\":1497,\"height\":998,\"caption\":\"Shop Ita\u00fa (ITUB4), marketplace do banco - Foto: Divulga\u00e7\u00e3o.\"},{\"@type\":\"BreadcrumbList\",\"@id\":\"https:\/\/www.suno.com.br\/noticias\/apos-nubank-credit-suisse-leva-executivos-itau-itub4\/#breadcrumb\",\"itemListElement\":[{\"@type\":\"ListItem\",\"position\":1,\"name\":\"Not\u00edcias\",\"item\":\"https:\/\/www.suno.com.br\/noticias\/\"},{\"@type\":\"ListItem\",\"position\":2,\"name\":\"Neg\u00f3cios\",\"item\":\"https:\/\/www.suno.com.br\/noticias\/negocios\/\"},{\"@type\":\"ListItem\",\"position\":3,\"name\":\"Ap\u00f3s Nubank, Credit Suisse tamb\u00e9m leva executivos do Ita\u00fa (ITUB4)\"}]},{\"@type\":\"WebSite\",\"@id\":\"https:\/\/www.suno.com.br\/noticias\/#website\",\"url\":\"https:\/\/www.suno.com.br\/noticias\/\",\"name\":\"Suno Not\u00edcias\",\"description\":\"Seu portal de informa\u00e7\u00e3o sobre o mundo dos investimentos\",\"publisher\":{\"@id\":\"https:\/\/www.suno.com.br\/noticias\/#organization\"},\"potentialAction\":[{\"@type\":\"SearchAction\",\"target\":{\"@type\":\"EntryPoint\",\"urlTemplate\":\"https:\/\/www.suno.com.br\/noticias\/?s={search_term_string}\"},\"query-input\":{\"@type\":\"PropertyValueSpecification\",\"valueRequired\":true,\"valueName\":\"search_term_string\"}}],\"inLanguage\":\"pt-BR\"},{\"@type\":\"Organization\",\"@id\":\"https:\/\/www.suno.com.br\/noticias\/#organization\",\"name\":\"Suno Not\u00edcias\",\"url\":\"https:\/\/www.suno.com.br\/noticias\/\",\"logo\":{\"@type\":\"ImageObject\",\"inLanguage\":\"pt-BR\",\"@id\":\"https:\/\/www.suno.com.br\/noticias\/#\/schema\/logo\/image\/\",\"url\":\"https:\/\/files.sunoresearch.com.br\/n\/uploads\/2021\/09\/suno-logo.png\",\"contentUrl\":\"https:\/\/files.sunoresearch.com.br\/n\/uploads\/2021\/09\/suno-logo.png\",\"width\":180,\"height\":180,\"caption\":\"Suno Not\u00edcias\"},\"image\":{\"@id\":\"https:\/\/www.suno.com.br\/noticias\/#\/schema\/logo\/image\/\"},\"sameAs\":[\"https:\/\/facebook.com\/sunoresearch\",\"https:\/\/x.com\/sunoresearch\",\"https:\/\/www.instagram.com\/suno\",\"https:\/\/www.linkedin.com\/company\/suno-research\/\",\"https:\/\/www.youtube.com\/c\/sunoresearch\"]},{\"@type\":\"Person\",\"@id\":\"https:\/\/www.suno.com.br\/noticias\/#\/schema\/person\/918d79de1f0281f01599b93f9ea6e23f\",\"name\":\"Jader Lazarini\",\"image\":{\"@type\":\"ImageObject\",\"inLanguage\":\"pt-BR\",\"@id\":\"https:\/\/www.suno.com.br\/noticias\/#\/schema\/person\/image\/\",\"url\":\"https:\/\/secure.gravatar.com\/avatar\/3c1ad8caa51589841baeb923fcddea97?s=96&r=g\",\"contentUrl\":\"https:\/\/secure.gravatar.com\/avatar\/3c1ad8caa51589841baeb923fcddea97?s=96&r=g\",\"caption\":\"Jader Lazarini\"},\"description\":\"Jader Lazarini escreve sobre investimentos, finan\u00e7as, economia e neg\u00f3cios. \u00c9 bacharel em Rela\u00e7\u00f5es Internacionais e analista CNPI (2619).\",\"url\":\"https:\/\/www.suno.com.br\/noticias\/author\/jader-lazarini\/\"}]}<\/script>\n<!-- \/ Yoast SEO plugin. -->","yoast_head_json":{"title":"Ap\u00f3s Nubank, Credit Suisse tamb\u00e9m leva executivos do Ita\u00fa (ITUB4)","description":"Ap\u00f3s o Nubank fortalecer seu Conselho com um ex-executivo do Ita\u00fa (ITUB4), agora foi a vez do Credit Suisse (C1SU34). Clique e saiba mais.","robots":{"index":"index","follow":"follow","max-snippet":"max-snippet:-1","max-image-preview":"max-image-preview:large","max-video-preview":"max-video-preview:-1"},"canonical":"https:\/\/www.suno.com.br\/noticias\/apos-nubank-credit-suisse-leva-executivos-itau-itub4\/","og_locale":"pt_BR","og_type":"article","og_title":"Ap\u00f3s Nubank, Credit Suisse tamb\u00e9m leva executivos do Ita\u00fa (ITUB4)","og_description":"Ap\u00f3s o Nubank fortalecer seu Conselho com um ex-executivo do Ita\u00fa (ITUB4), agora foi a vez do Credit Suisse (C1SU34). Clique e saiba mais.","og_url":"https:\/\/www.suno.com.br\/noticias\/apos-nubank-credit-suisse-leva-executivos-itau-itub4\/","og_site_name":"Suno Not\u00edcias","article_publisher":"https:\/\/facebook.com\/sunoresearch","og_image":[{"width":1497,"height":998,"url":"https:\/\/files.sunoresearch.com.br\/n\/uploads\/2021\/05\/1dcd5ece-itau-3.jpg","type":"image\/jpeg"}],"author":"Jader Lazarini","twitter_card":"summary_large_image","twitter_creator":"@sunoresearch","twitter_site":"@sunoresearch","twitter_misc":{"Escrito por":"Jader Lazarini","Est. tempo de leitura":"2 minutos"},"schema":{"@context":"https:\/\/schema.org","@graph":[{"@type":"NewsArticle","@id":"https:\/\/www.suno.com.br\/noticias\/apos-nubank-credit-suisse-leva-executivos-itau-itub4\/#article","isPartOf":{"@id":"https:\/\/www.suno.com.br\/noticias\/apos-nubank-credit-suisse-leva-executivos-itau-itub4\/"},"author":{"name":"Jader Lazarini","@id":"https:\/\/www.suno.com.br\/noticias\/#\/schema\/person\/918d79de1f0281f01599b93f9ea6e23f"},"headline":"Ap\u00f3s Nubank, Credit Suisse tamb\u00e9m leva executivos do Ita\u00fa (ITUB4)","datePublished":"2021-06-23T11:30:03+00:00","mainEntityOfPage":{"@id":"https:\/\/www.suno.com.br\/noticias\/apos-nubank-credit-suisse-leva-executivos-itau-itub4\/"},"wordCount":489,"publisher":{"@id":"https:\/\/www.suno.com.br\/noticias\/#organization"},"image":{"@id":"https:\/\/www.suno.com.br\/noticias\/apos-nubank-credit-suisse-leva-executivos-itau-itub4\/#primaryimage"},"thumbnailUrl":"https:\/\/files.sunoresearch.com.br\/n\/uploads\/2021\/05\/1dcd5ece-itau-3.jpg","keywords":["Conselho de Administra\u00e7\u00e3o","Credit Suisse (C1SU34)","Ita\u00fa Unibanco (ITUB3\/ITUB4)","Nubank (NUBR33)"],"articleSection":["Neg\u00f3cios"],"inLanguage":"pt-BR"},{"@type":"WebPage","@id":"https:\/\/www.suno.com.br\/noticias\/apos-nubank-credit-suisse-leva-executivos-itau-itub4\/","url":"https:\/\/www.suno.com.br\/noticias\/apos-nubank-credit-suisse-leva-executivos-itau-itub4\/","name":"Ap\u00f3s Nubank, Credit Suisse tamb\u00e9m leva executivos do Ita\u00fa (ITUB4)","isPartOf":{"@id":"https:\/\/www.suno.com.br\/noticias\/#website"},"primaryImageOfPage":{"@id":"https:\/\/www.suno.com.br\/noticias\/apos-nubank-credit-suisse-leva-executivos-itau-itub4\/#primaryimage"},"image":{"@id":"https:\/\/www.suno.com.br\/noticias\/apos-nubank-credit-suisse-leva-executivos-itau-itub4\/#primaryimage"},"thumbnailUrl":"https:\/\/files.sunoresearch.com.br\/n\/uploads\/2021\/05\/1dcd5ece-itau-3.jpg","datePublished":"2021-06-23T11:30:03+00:00","description":"Ap\u00f3s o Nubank fortalecer seu Conselho com um ex-executivo do Ita\u00fa (ITUB4), agora foi a vez do Credit Suisse (C1SU34). Clique e saiba mais.","breadcrumb":{"@id":"https:\/\/www.suno.com.br\/noticias\/apos-nubank-credit-suisse-leva-executivos-itau-itub4\/#breadcrumb"},"inLanguage":"pt-BR","potentialAction":[{"@type":"ReadAction","target":["https:\/\/www.suno.com.br\/noticias\/apos-nubank-credit-suisse-leva-executivos-itau-itub4\/"]}]},{"@type":"ImageObject","inLanguage":"pt-BR","@id":"https:\/\/www.suno.com.br\/noticias\/apos-nubank-credit-suisse-leva-executivos-itau-itub4\/#primaryimage","url":"https:\/\/files.sunoresearch.com.br\/n\/uploads\/2021\/05\/1dcd5ece-itau-3.jpg","contentUrl":"https:\/\/files.sunoresearch.com.br\/n\/uploads\/2021\/05\/1dcd5ece-itau-3.jpg","width":1497,"height":998,"caption":"Shop Ita\u00fa (ITUB4), marketplace do banco - Foto: Divulga\u00e7\u00e3o."},{"@type":"BreadcrumbList","@id":"https:\/\/www.suno.com.br\/noticias\/apos-nubank-credit-suisse-leva-executivos-itau-itub4\/#breadcrumb","itemListElement":[{"@type":"ListItem","position":1,"name":"Not\u00edcias","item":"https:\/\/www.suno.com.br\/noticias\/"},{"@type":"ListItem","position":2,"name":"Neg\u00f3cios","item":"https:\/\/www.suno.com.br\/noticias\/negocios\/"},{"@type":"ListItem","position":3,"name":"Ap\u00f3s Nubank, Credit Suisse tamb\u00e9m leva executivos do Ita\u00fa (ITUB4)"}]},{"@type":"WebSite","@id":"https:\/\/www.suno.com.br\/noticias\/#website","url":"https:\/\/www.suno.com.br\/noticias\/","name":"Suno Not\u00edcias","description":"Seu portal de informa\u00e7\u00e3o sobre o mundo dos investimentos","publisher":{"@id":"https:\/\/www.suno.com.br\/noticias\/#organization"},"potentialAction":[{"@type":"SearchAction","target":{"@type":"EntryPoint","urlTemplate":"https:\/\/www.suno.com.br\/noticias\/?s={search_term_string}"},"query-input":{"@type":"PropertyValueSpecification","valueRequired":true,"valueName":"search_term_string"}}],"inLanguage":"pt-BR"},{"@type":"Organization","@id":"https:\/\/www.suno.com.br\/noticias\/#organization","name":"Suno Not\u00edcias","url":"https:\/\/www.suno.com.br\/noticias\/","logo":{"@type":"ImageObject","inLanguage":"pt-BR","@id":"https:\/\/www.suno.com.br\/noticias\/#\/schema\/logo\/image\/","url":"https:\/\/files.sunoresearch.com.br\/n\/uploads\/2021\/09\/suno-logo.png","contentUrl":"https:\/\/files.sunoresearch.com.br\/n\/uploads\/2021\/09\/suno-logo.png","width":180,"height":180,"caption":"Suno Not\u00edcias"},"image":{"@id":"https:\/\/www.suno.com.br\/noticias\/#\/schema\/logo\/image\/"},"sameAs":["https:\/\/facebook.com\/sunoresearch","https:\/\/x.com\/sunoresearch","https:\/\/www.instagram.com\/suno","https:\/\/www.linkedin.com\/company\/suno-research\/","https:\/\/www.youtube.com\/c\/sunoresearch"]},{"@type":"Person","@id":"https:\/\/www.suno.com.br\/noticias\/#\/schema\/person\/918d79de1f0281f01599b93f9ea6e23f","name":"Jader Lazarini","image":{"@type":"ImageObject","inLanguage":"pt-BR","@id":"https:\/\/www.suno.com.br\/noticias\/#\/schema\/person\/image\/","url":"https:\/\/secure.gravatar.com\/avatar\/3c1ad8caa51589841baeb923fcddea97?s=96&r=g","contentUrl":"https:\/\/secure.gravatar.com\/avatar\/3c1ad8caa51589841baeb923fcddea97?s=96&r=g","caption":"Jader Lazarini"},"description":"Jader Lazarini escreve sobre investimentos, finan\u00e7as, economia e neg\u00f3cios. \u00c9 bacharel em Rela\u00e7\u00f5es Internacionais e analista CNPI (2619).","url":"https:\/\/www.suno.com.br\/noticias\/author\/jader-lazarini\/"}]}},"default_loop_html":"<div class=\"cardsPage__listCard__boxs\"><div class=\"cardsPage__listCard__boxs__img\"><a href=\"https:\/\/www.suno.com.br\/noticias\/apos-nubank-credit-suisse-leva-executivos-itau-itub4\/\"><img class=\"mask\" src=\"https:\/\/www.suno.com.br\/noticias\/wp-content\/themes\/suno\/resources\/images\/spotlight\/spotlight1img\/bg-mask.png\" alt=\"Image Mask\"\/><img src=\"https:\/\/files.sunoresearch.com.br\/n\/uploads\/2021\/05\/1dcd5ece-itau-3-400x200.webp\" alt=\"Ap\u00f3s Nubank, Credit Suisse tamb\u00e9m leva executivos do Ita\u00fa (ITUB4)\"\/><\/a><span class=\"spotlightCategory\"><a href=\"https:\/\/www.suno.com.br\/noticias\/negocios\/\">Neg\u00f3cios<\/a><\/span><\/div><div class=\"cardsPage__listCard__boxs__content\"><a href=\"https:\/\/www.suno.com.br\/noticias\/apos-nubank-credit-suisse-leva-executivos-itau-itub4\/\"><h2 class=\"content__title\">Ap\u00f3s Nubank, Credit Suisse tamb\u00e9m leva executivos do Ita\u00fa (ITUB4)<\/h2><\/a><div class=\"newsContent__article__meta\"><div class=\"newsContent__article__meta__authorBox\"><a href=\"https:\/\/www.suno.com.br\/noticias\/author\/jader-lazarini\/\" class=\"authorBox__avatar noMobi\"><img src=\"https:\/\/files.sunoresearch.com.br\/n\/uploads\/2021\/01\/178e6598-foto-perfil-2-150x150.jpg\" alt=\"Jader Lazarini\"><\/a><div class=\"authorBox__name\"><span>por\n\t\t\t<a href=\"https:\/\/www.suno.com.br\/noticias\/author\/jader-lazarini\/\"><span itemprop=\"author\">Jader Lazarini<\/span><\/a><\/span><time datetime=\"2021-06-23T08:30:03-03:00\" itemprop=\"datePublished\">23\/06\/2021 08:30<\/time><\/div><\/div><\/div><\/div><\/div>","single_layout":"posts","amp_enabled":true,"_links":{"self":[{"href":"https:\/\/www.suno.com.br\/noticias\/wp-json\/wp\/v2\/posts\/160468"}],"collection":[{"href":"https:\/\/www.suno.com.br\/noticias\/wp-json\/wp\/v2\/posts"}],"about":[{"href":"https:\/\/www.suno.com.br\/noticias\/wp-json\/wp\/v2\/types\/post"}],"author":[{"embeddable":true,"href":"https:\/\/www.suno.com.br\/noticias\/wp-json\/wp\/v2\/users\/24"}],"replies":[{"embeddable":true,"href":"https:\/\/www.suno.com.br\/noticias\/wp-json\/wp\/v2\/comments?post=160468"}],"version-history":[{"count":2,"href":"https:\/\/www.suno.com.br\/noticias\/wp-json\/wp\/v2\/posts\/160468\/revisions"}],"predecessor-version":[{"id":160483,"href":"https:\/\/www.suno.com.br\/noticias\/wp-json\/wp\/v2\/posts\/160468\/revisions\/160483"}],"wp:featuredmedia":[{"embeddable":true,"href":"https:\/\/www.suno.com.br\/noticias\/wp-json\/wp\/v2\/media\/144509"}],"wp:attachment":[{"href":"https:\/\/www.suno.com.br\/noticias\/wp-json\/wp\/v2\/media?parent=160468"}],"wp:term":[{"taxonomy":"category","embeddable":true,"href":"https:\/\/www.suno.com.br\/noticias\/wp-json\/wp\/v2\/categories?post=160468"},{"taxonomy":"post_tag","embeddable":true,"href":"https:\/\/www.suno.com.br\/noticias\/wp-json\/wp\/v2\/tags?post=160468"},{"taxonomy":"suno_strategy","embeddable":true,"href":"https:\/\/www.suno.com.br\/noticias\/wp-json\/wp\/v2\/suno_strategy?post=160468"}],"curies":[{"name":"wp","href":"https:\/\/api.w.org\/{rel}","templated":true}]}}