{"id":160447,"date":"2021-06-23T09:47:39","date_gmt":"2021-06-23T12:47:39","guid":{"rendered":"https:\/\/www.suno.com.br\/noticias\/?p=160447"},"modified":"2021-06-23T09:47:39","modified_gmt":"2021-06-23T12:47:39","slug":"senado-tributacao-bancos-desonerar-diesel-mp","status":"publish","type":"post","link":"https:\/\/www.suno.com.br\/noticias\/senado-tributacao-bancos-desonerar-diesel-mp\/","title":{"rendered":"Bancos: Senado aprova aumento da tributa\u00e7\u00e3o para desonerar diesel"},"content":{"rendered":"<p>O Senado aprovou a <a href=\"https:\/\/www.suno.com.br\/noticias\/senado-aprova-texto-base-eletrobras-elet3-privatizacao\/\">Medida Provis\u00f3ria (MP)<\/a> 1034, que prev\u00ea aumento da tributa\u00e7\u00e3o sobre <strong>bancos<\/strong> e da ind\u00fastria qu\u00edmica, visando um subs\u00eddio tempor\u00e1rio ao diesel e ao g\u00e1s de cozinha.\u00a0O relator, Ciro Nogueira (PP-PI), manteve o parecer aprovado pela C\u00e2mara sem altera\u00e7\u00f5es. Os senadores v\u00e3o avaliar agora os destaques, que podem mudar o teor do texto.<\/p>\t<div class=\"wrapper-featured-image\">\n\t\t<figure class=\"spotlightImg\">\n\n\t\t\t<picture>\n\t\t\t\t<source media=\"(max-width: 768px)\" srcset=\"https:\/\/files.sunoresearch.com.br\/n\/uploads\/2021\/06\/fa0ddee5-51264791726_7440618922_k-400x200.webp\">\n\t\t\t\t<img loading=\"lazy\" decoding=\"async\" class=\"newsContent__article__imgCapa lazyloadDisabled \" src=\"https:\/\/files.sunoresearch.com.br\/n\/uploads\/2021\/06\/fa0ddee5-51264791726_7440618922_k-800x450.webp\" width=\"800\" height=\"450\" alt=\"Bancos: Senado aprova aumento da tributa\u00e7\u00e3o para desonerar diesel\" fetchpriority=high \/>\n\t\t\t<\/picture>\n\n\t\t\t<figcaption class=\"wp-caption-text wp-caption-text--show\">O relator da Medida Provis\u00f3ria que mira os bancos e a ind\u00fastria qu\u00edmica, Ciro Nogueira (PP-PI) - Foto: Ag\u00eancia Senado<\/figcaption>\n\t\t<\/figure>\n\t<\/div>\n\n\n\t<p>\n\t\t<a href=\"https:\/\/lp.suno.com.br\/planilha-controle-gastos\/\" target=\"_blank\" data-element=\"shortcode-suno-banner\" title=\"Banner SUNO, clique e saiba mais\">\n\t\t\t<picture>\n\t\t\t\t<source media=\"(max-width: 500px)\" srcset=\"https:\/\/files.sunoresearch.com.br\/n\/uploads\/2023\/03\/400x300-Planilha-controle-de-gastos.png\">\n\t\t\t\t<img class=\"newsContent__article__imgCapa newsContent__article__imgCapa--banner\"\n\t\t\t\t\tsrc=\"https:\/\/files.sunoresearch.com.br\/n\/uploads\/2023\/03\/1420x240-Planilha-controle-de-gastos.png\"\n\t\t\t\t\tdata-promo-id=\"101751\"\t\t\t\t\t\t\t\t\t\twidth='1420' height='240'\t\t\t\t\talt=\"https:\/\/files.sunoresearch.com.br\/n\/uploads\/2023\/03\/1420x240-Planilha-controle-de-gastos.png\"\n\t\t\t\t>\n\t\t\t<\/picture>\n\t\t<\/a>\n\t<\/p>\n\n\n<p>Para permitir o <strong>subs\u00eddio aos combust\u00edveis<\/strong>, o governo aumentou a tributa\u00e7\u00e3o sobre os bancos de forma tempor\u00e1ria e deu fim ao Regime Especial da Ind\u00fastria Qu\u00edmica (Reiq), criado em 2013 e que deu<strong> incentivos tribut\u00e1rios<\/strong> ao setor.<\/p>\n<p>Por se tratar de uma <strong>MP<\/strong>, o texto est\u00e1 em vigor desde a data da publica\u00e7\u00e3o, em 1\u00ba de mar\u00e7o deste ano. Para se tornar legisla\u00e7\u00e3o permanente, por\u00e9m, precisa ser aprovada pelo Congresso em at\u00e9 120 dias. O prazo vence em 28 de junho, e o texto precisa ser aprovado pelos senadores at\u00e9 esta data.<\/p>\n<p><a href=\"https:\/\/lp.suno.com.br\/suno-one\/?ppp=noticias\/hospital-care-pedido-ipo-cvm\/\"><b>Suno One: acesse gratuitamente eBooks, Minicursos, Artigos e V\u00eddeo Aulas sobre investimentos com um \u00fanico cadastro. Clique para saber mais!<\/b><\/a><\/p>\n<h2>Texto sobre bancos foi alterado na C\u00e2mara<\/h2>\n<p>Na <strong>C\u00e2mara<\/strong>, o texto foi alterado e chegou a um meio-termo, com o programa de incentivos para a <strong>ind\u00fastria qu\u00edmica<\/strong> ganhou uma sobrevida de tr\u00eas anos e meio.<\/p>\n<p>Atualmente, o setor paga al\u00edquota de 1% no PIS e de 4,6% na Cofins, no mercado interno e na importa\u00e7\u00e3o; e a partir de 1\u00ba de julho, 1,13% e 5,2%.<\/p>\n<p>Pelo texto, as al\u00edquotas subir\u00e3o ano a ano e, a partir de 1\u00ba de janeiro de 2025, a tributa\u00e7\u00e3o ser\u00e1 elevada para 1,65% e 7,6% no mercado interno, e para 2,1% e de 9,65% na importa\u00e7\u00e3o, respectivamente. A <a class=\"suno-keyword\" href=\"https:\/\/www.suno.com.br\/artigos\/renuncia-fiscal\/\" target=\"_blank\" rel=\"noopener noreferrer\" data-force=\"no\" data-priority=\"1\">ren\u00fancia fiscal<\/a> ser\u00e1 de R$ 150 milh\u00f5es a cada ano.<\/p>\n<p>N\u00e3o houve altera\u00e7\u00f5es nos assuntos relacionados aos bancos, que permitiu elevar a al\u00edquota da Contribui\u00e7\u00e3o Social sobre o <a class=\"suno-keyword\" href=\"https:\/\/www.suno.com.br\/artigos\/lucro-liquido\/\" target=\"_blank\" rel=\"noopener noreferrer\" data-force=\"no\" data-priority=\"1\">Lucro L\u00edquido<\/a> (<strong>CSLL<\/strong>) do setor financeiro de 20% para 25% entre 1\u00ba de julho e 31 de dezembro de 2021.<\/p>\n\n\t<div data-element=\"shortcode-read-more\" class=\"readToo\">\n\t\t\t\t<span class=\"readToo__title\">Saiba mais<\/span>\n\t\t\t\t<ul class=\"readToo__list\">\n\t\t\t<li><a href=\"https:\/\/www.suno.com.br\/noticias\/stf-julgar-impostos-grandes-fortunas-proxima-semana\/\">STF poder\u00e1 julgar regulamenta\u00e7\u00e3o de impostos sobre grandes fortunas na pr\u00f3xima semana<\/a><\/li><li><a href=\"https:\/\/www.suno.com.br\/noticias\/silva-luna-petrobras-petr4-reduz-gasolina\/\">Petrobras (PETR4) reduz pre\u00e7o de gasolina e diesel em 2%<\/a><\/li><li><a href=\"https:\/\/www.suno.com.br\/noticias\/governo-federal-mantem-parte-de-pis-cofins-do-diesel-por-causa-do-biodiesel\/\">Governo federal mant\u00e9m parte de PIS\/Cofins do diesel por causa do biodiesel<\/a><\/li>\t\t<\/ul>\n\t<\/div>\n\n\n<p>Esse aumento foi a contrapartida para bancar a decis\u00e3o que zerou as al\u00edquotas de <strong>PIS\/Cofins<\/strong> sobre o <strong>diesel<\/strong> por dois meses e sobre o <strong>g\u00e1s de cozinha<\/strong> de forma permanente.<\/p>\n<h2>Cooperativas e seguradoras tamb\u00e9m pagar\u00e3o mais<\/h2>\n<p>Com a MP, empresas de seguros privados, capitaliza\u00e7\u00e3o, <a href=\"https:\/\/www.suno.com.br\/noticias\/mp-credito-bancario-regras-facilitadas\/\">cooperativas de <strong>cr\u00e9dito<\/strong><\/a>, entre outras, tamb\u00e9m passaram a pagar mais: as al\u00edquotas aumentaram de 15% para 20%.<\/p>\n<p>A partir de janeiro de 2022, todas as institui\u00e7\u00f5es do setor financeiro passam a recolher os porcentuais vigentes antes da edi\u00e7\u00e3o da MP.<\/p>\n<p>O <strong>aumento da tributa\u00e7\u00e3o dos bancos<\/strong> tem impacto de R$ 3,2 bilh\u00f5es a mais na arrecada\u00e7\u00e3o do governo federal, segundo c\u00e1lculos da <a href=\"https:\/\/www.suno.com.br\/noticias\/orcamento-cortes-recursos-maquina-publica\/\">Institui\u00e7\u00e3o Fiscal Independente (<strong>IFI<\/strong>)<\/a>, do Senado.<\/p>\n<p>No total, para zerar o PIS\/Cofins sobre diesel e g\u00e1s de cozinha, o governo abriu m\u00e3o de R$ 3,7 bilh\u00f5es em arrecada\u00e7\u00e3o, ainda de acordo com a IFI, compensados com o fim do programa de incentivo \u00e0 ind\u00fastria petroqu\u00edmica e a limita\u00e7\u00e3o do valor de carros que podem ser adquiridos com isen\u00e7\u00e3o do IPI por pessoas com defici\u00eancia.<\/p>\n<p>As compensa\u00e7\u00f5es via aumento de tributos e cortes de incentivos s\u00e3o necess\u00e1rias porque o presidente<strong> Jair Bolsonaro<\/strong> (sem partido), em um aceno aos caminhoneiros, quis desonerar o diesel para dar uma resposta aos sucessivos reajustes que o <strong>combust\u00edvel<\/strong> vinha tendo na esteira da valoriza\u00e7\u00e3o do d\u00f3lar e do <a class=\"suno-keyword\" href=\"https:\/\/www.suno.com.br\/artigos\/preco-do-petroleo\/\" target=\"_blank\" rel=\"noopener noreferrer\" data-force=\"no\" data-priority=\"1\">pre\u00e7o do petr\u00f3leo<\/a> no mercado internacional.<\/p>\n<p>A <a href=\"https:\/\/www.suno.com.br\/noticias\/silva-luna-petrobras-petr4-reduz-gasolina\/\">pol\u00edtica de pre\u00e7os<\/a> da <a class=\"suno-keyword\" href=\"https:\/\/www.suno.com.br\/acoes\/PETR4\/\" target=\"_blank\" rel=\"noopener noreferrer\" data-force=\"yes\" data-priority=\"2\">Petrobras (PETR4)<\/a> inclusive levou Bolsonaro a demitir o presidente da companhia, Roberto Castello Branco, indicando o general da reserva Joaquim Silva e Luna para o posto.<\/p>\n<h2>Isen\u00e7\u00e3o para pessoas com defici\u00eancia<\/h2>\n<p>Pelo texto, <strong>pessoas com defici\u00eancia (PCD)<\/strong> poder\u00e3o adquirir ve\u00edculos novos com isen\u00e7\u00e3o de IPI com valor de at\u00e9 R$ 140 mil. Na MP original, o teto era de R$ 70 mil, e pela legisla\u00e7\u00e3o atual, n\u00e3o h\u00e1 limite. Pela proposta, o prazo m\u00ednimo para reutiliza\u00e7\u00e3o desse benef\u00edcio fiscal ser\u00e1 de tr\u00eas anos &#8211; hoje, n\u00e3o h\u00e1 essa restri\u00e7\u00e3o.<\/p>\n<p>Deficientes auditivos tamb\u00e9m foram inclu\u00eddos no grupo <a href=\"https:\/\/www.suno.com.br\/noticias\/isentar-faixa-imposto-de-renda-propora-taxar-dividendo\/\">com direito \u00e0 isen\u00e7\u00e3o do imposto<\/a>.<\/p>\n<p>Na soma dos incentivos, um carro para PCD pode ter desconto de 20% a 30% no pre\u00e7o de tabela, dependendo do modelo e da categoria. O dado mais recente da Associa\u00e7\u00e3o Nacional de Fabricantes de Ve\u00edculos Automotores (Anfavea) indica que a venda de carros para esse p\u00fablico representa 8% do total de ve\u00edculos vendidos no Pa\u00eds e vem crescendo nos \u00faltimos cinco anos.<\/p>\n<p>Segundo dados do Instituto Brasileiro de Geografia e Estat\u00edstica (<strong>IBGE<\/strong>), um quarto dos brasileiros tem algum tipo de defici\u00eancia que pode servir como justificativa para a isen\u00e7\u00e3o de impostos na compra do autom\u00f3vel. S\u00e3o quase 70 doen\u00e7as eleg\u00edveis para o direito \u00e0 isen\u00e7\u00e3o, como h\u00e9rnia de disco, hepatite, osteoporose, diabetes, artrose, AVC e LER.<\/p>\n<h2>MP mira bancos, impostos em lot\u00e9ricas n\u00e3o avan\u00e7aram<\/h2>\n<p>A MP aprovada tamb\u00e9m mudou a base de incid\u00eancia de impostos sobre a <strong>loteria de apostas<\/strong> de quota fixa, o que pode reduzir recursos destinados \u00e0 Seguridade Social.<\/p>\n<p>Uma emenda da senadora Rose de Freitas (MDB-ES) tentava elevar a Contribui\u00e7\u00e3o Social sobre a Receita de Concursos e Progn\u00f3sticos incidentes sobre o produto da arrecada\u00e7\u00e3o da loteria, para compensar o fato de que a taxa passar\u00e1 a ter como base o valor apurado depois do desconto dos tributos e dos pr\u00eamios.<\/p>\n\t<p>\n\t\t<a href=\"https:\/\/lp.suno.com.br\/planilha-da-vida-financeira\/\" target=\"_blank\" data-element=\"shortcode-suno-banner\" title=\"Banner SUNO, clique e saiba mais\">\n\t\t\t<picture>\n\t\t\t\t<source media=\"(max-width: 500px)\" srcset=\"https:\/\/files.sunoresearch.com.br\/n\/uploads\/2023\/04\/400x300-Planilha-vida-financeira-true.png\">\n\t\t\t\t<img class=\"newsContent__article__imgCapa newsContent__article__imgCapa--banner\"\n\t\t\t\t\tsrc=\"https:\/\/files.sunoresearch.com.br\/n\/uploads\/2023\/04\/1420x240-Planilha-vida-financeira-true.png\"\n\t\t\t\t\tdata-promo-id=\"106682\"\t\t\t\t\t\t\t\t\t\twidth='1420' height='240'\t\t\t\t\talt=\"https:\/\/files.sunoresearch.com.br\/n\/uploads\/2023\/04\/1420x240-Planilha-vida-financeira-true.png\"\n\t\t\t\t>\n\t\t\t<\/picture>\n\t\t<\/a>\n\t<\/p>\n\n\n<p>Ciro Nogueira, no entanto, rejeitou a proposta. &#8220;Estamos seguros de que o sistema de Apostas por Quota Fixa ora proposto reduzir\u00e1 o tamanho do mercado ilegal de apostas on line e aumentar\u00e1 a arrecada\u00e7\u00e3o tribut\u00e1ria, carreando mais recursos \u00e0 Seguridade Social&#8221;, diz o relat\u00f3rio.<\/p>\n<h2>Zona Franca e PIS\/Cofins<\/h2>\n<p>A pedido da Receita Federal, a C\u00e2mara havia inclu\u00eddo no texto a tributa\u00e7\u00e3o de PIS e Cofins sobre<strong> combust\u00edveis importados<\/strong> que s\u00e3o adquiridos fora da <a href=\"https:\/\/www.suno.com.br\/artigos\/zona-franca\/\"><strong>Zona Franca<\/strong> de Manaus<\/a>.<\/p>\n<p>A solicita\u00e7\u00e3o foi motivada por den\u00fancias sobre fraudes praticadas por distribuidoras que compram combust\u00edveis em volume acima de todo o consumo do Estado para revender a pre\u00e7os cheios em todo o Pa\u00eds, e uma \u00fanica empresa teria deixado de pagar R$ 450 milh\u00f5es em impostos.<\/p>\n<p>O l\u00edder do governo no Senado, Fernando Bezerra Coelho (MDB-PE), no entanto, disse que o tema deveria ser tratado por lei complementar, e n\u00e3o por Medida Provis\u00f3ria, e pediu a impugna\u00e7\u00e3o &#8211; retirada &#8211; desse trecho.<\/p>\n<p>O presidente do Senado, Rodrigo Pacheco (DEM-MG), n\u00e3o acatou o pedido. Segundo Bezerra Coelho, j\u00e1 h\u00e1 compromisso de veto presidencial se o texto for mantido pelos senadores.<\/p>\n<p>Na C\u00e2mara, o texto que mira os <strong>bancos<\/strong> j\u00e1 havia provocado pol\u00eamica. O vice-presidente da Casa, Marcelo Ramos (PL-AM), disse que a mudan\u00e7a era inconstitucional e violava decis\u00e3o do <a href=\"https:\/\/www.suno.com.br\/noticias\/stf-julgar-impostos-grandes-fortunas-proxima-semana\/\">Supremo Tribunal Federal (<strong>STF<\/strong>)<\/a> que assegura tratamento de exporta\u00e7\u00e3o aos produtos internalizados na regi\u00e3o. Ele disse que n\u00e3o compactuava com as fraudes, mas avaliou que o texto ia al\u00e9m do que o relator e a Receita queriam e poderia prejudicar, tamb\u00e9m, a aquisi\u00e7\u00e3o de combust\u00edveis nacionais na Zona Franca.<\/p>\n<p><em><strong>Com informa\u00e7\u00f5es do Estad\u00e3o Conte\u00fado<\/strong><\/em><\/p>\n\t<p>\n\t\t<a href=\"https:\/\/lp.suno.com.br\/planilha-de-controle-de-investimentos\/\" target=\"_blank\" data-element=\"shortcode-suno-banner\" title=\"Banner SUNO, clique e saiba mais\">\n\t\t\t<picture>\n\t\t\t\t<source media=\"(max-width: 500px)\" srcset=\"https:\/\/files.sunoresearch.com.br\/n\/uploads\/2023\/03\/400x300-Controle-de-Investimentos.png\">\n\t\t\t\t<img class=\"newsContent__article__imgCapa newsContent__article__imgCapa--banner\"\n\t\t\t\t\tsrc=\"https:\/\/files.sunoresearch.com.br\/n\/uploads\/2023\/03\/1420x240-Controle-de-Investimentos.png\"\n\t\t\t\t\tdata-promo-id=\"75934\"\t\t\t\t\t\t\t\t\t\twidth='1420' height='240'\t\t\t\t\talt=\"https:\/\/files.sunoresearch.com.br\/n\/uploads\/2023\/03\/1420x240-Controle-de-Investimentos.png\"\n\t\t\t\t>\n\t\t\t<\/picture>\n\t\t<\/a>\n\t<\/p>\n\n\n","protected":false},"excerpt":{"rendered":"<p>O Senado aprovou a Medida Provis\u00f3ria (MP) 1034, que prev\u00ea aumento da tributa\u00e7\u00e3o sobre bancos e da ind\u00fastria qu\u00edmica, visando um subs\u00eddio tempor\u00e1rio ao diesel e ao g\u00e1s de cozinha.\u00a0O relator, Ciro Nogueira (PP-PI), manteve o parecer aprovado pela C\u00e2mara sem altera\u00e7\u00f5es. Os senadores v\u00e3o avaliar agora os destaques, que podem mudar o teor do [&hellip;]<\/p>\n","protected":false},"author":73,"featured_media":160507,"comment_status":"closed","ping_status":"closed","sticky":false,"template":"","format":"standard","meta":[],"categories":[62],"tags":[289,938,76283,1437,1192,105822,704,1836,835,1068],"suno_strategy":[],"class_list":["post-160447","post","type-post","status-publish","format-standard","has-post-thumbnail","hentry","category-economia","tag-bancos","tag-camara-dos-deputados","tag-cofins","tag-combustiveis","tag-diesel","tag-gas","tag-impostos","tag-medida-provisoria","tag-pis","tag-senado-federal"],"yoast_head":"<!-- This site is optimized with the Yoast SEO plugin v24.4 - https:\/\/yoast.com\/wordpress\/plugins\/seo\/ -->\n<title>Bancos: Senado aprova aumento da tributa\u00e7\u00e3o para desonerar diesel<\/title>\n<meta name=\"description\" content=\"Em MP que trata de quest\u00f5es como diesel e g\u00e1s de cozinha, o Senado optou por elevar o CSLL dos bancos. Clique aqui e leia mais.\" \/>\n<meta name=\"robots\" content=\"index, follow, max-snippet:-1, max-image-preview:large, max-video-preview:-1\" \/>\n<link rel=\"canonical\" href=\"https:\/\/www.suno.com.br\/noticias\/senado-tributacao-bancos-desonerar-diesel-mp\/\" \/>\n<meta property=\"og:locale\" content=\"pt_BR\" \/>\n<meta property=\"og:type\" content=\"article\" \/>\n<meta property=\"og:title\" content=\"Bancos: Senado aprova aumento da tributa\u00e7\u00e3o para desonerar diesel\" \/>\n<meta property=\"og:description\" content=\"Em MP que trata de quest\u00f5es como diesel e g\u00e1s de cozinha, o Senado optou por elevar o CSLL dos bancos. Clique aqui e leia mais.\" \/>\n<meta property=\"og:url\" content=\"https:\/\/www.suno.com.br\/noticias\/senado-tributacao-bancos-desonerar-diesel-mp\/\" \/>\n<meta property=\"og:site_name\" content=\"Suno Not\u00edcias\" \/>\n<meta property=\"article:publisher\" content=\"https:\/\/facebook.com\/sunoresearch\" \/>\n<meta property=\"og:image\" content=\"https:\/\/files.sunoresearch.com.br\/n\/uploads\/2021\/06\/fa0ddee5-51264791726_7440618922_k.jpg\" \/>\n\t<meta property=\"og:image:width\" content=\"2047\" \/>\n\t<meta property=\"og:image:height\" content=\"1365\" \/>\n\t<meta property=\"og:image:type\" content=\"image\/jpeg\" \/>\n<meta name=\"author\" content=\"Eduardo Vargas\" \/>\n<meta name=\"twitter:card\" content=\"summary_large_image\" \/>\n<meta name=\"twitter:creator\" content=\"@sunoresearch\" \/>\n<meta name=\"twitter:site\" content=\"@sunoresearch\" \/>\n<meta name=\"twitter:label1\" content=\"Escrito por\" \/>\n\t<meta name=\"twitter:data1\" content=\"Eduardo Vargas\" \/>\n\t<meta name=\"twitter:label2\" content=\"Est. tempo de leitura\" \/>\n\t<meta name=\"twitter:data2\" content=\"6 minutos\" \/>\n<script type=\"application\/ld+json\" class=\"yoast-schema-graph\">{\"@context\":\"https:\/\/schema.org\",\"@graph\":[{\"@type\":\"NewsArticle\",\"@id\":\"https:\/\/www.suno.com.br\/noticias\/senado-tributacao-bancos-desonerar-diesel-mp\/#article\",\"isPartOf\":{\"@id\":\"https:\/\/www.suno.com.br\/noticias\/senado-tributacao-bancos-desonerar-diesel-mp\/\"},\"author\":{\"name\":\"Eduardo Vargas\",\"@id\":\"https:\/\/www.suno.com.br\/noticias\/#\/schema\/person\/7f4d362bf3518e76090143ae77bb49a5\"},\"headline\":\"Bancos: Senado aprova aumento da tributa\u00e7\u00e3o para desonerar diesel\",\"datePublished\":\"2021-06-23T12:47:39+00:00\",\"mainEntityOfPage\":{\"@id\":\"https:\/\/www.suno.com.br\/noticias\/senado-tributacao-bancos-desonerar-diesel-mp\/\"},\"wordCount\":1263,\"publisher\":{\"@id\":\"https:\/\/www.suno.com.br\/noticias\/#organization\"},\"image\":{\"@id\":\"https:\/\/www.suno.com.br\/noticias\/senado-tributacao-bancos-desonerar-diesel-mp\/#primaryimage\"},\"thumbnailUrl\":\"https:\/\/files.sunoresearch.com.br\/n\/uploads\/2021\/06\/fa0ddee5-51264791726_7440618922_k-jpg.webp\",\"keywords\":[\"bancos\",\"C\u00e2mara dos Deputados\",\"COFINS\",\"combust\u00edveis\",\"diesel\",\"g\u00e1s\",\"impostos\",\"medida provis\u00f3ria\",\"PIS\",\"Senado Federal\"],\"articleSection\":[\"Economia\"],\"inLanguage\":\"pt-BR\"},{\"@type\":\"WebPage\",\"@id\":\"https:\/\/www.suno.com.br\/noticias\/senado-tributacao-bancos-desonerar-diesel-mp\/\",\"url\":\"https:\/\/www.suno.com.br\/noticias\/senado-tributacao-bancos-desonerar-diesel-mp\/\",\"name\":\"Bancos: Senado aprova aumento da tributa\u00e7\u00e3o para desonerar diesel\",\"isPartOf\":{\"@id\":\"https:\/\/www.suno.com.br\/noticias\/#website\"},\"primaryImageOfPage\":{\"@id\":\"https:\/\/www.suno.com.br\/noticias\/senado-tributacao-bancos-desonerar-diesel-mp\/#primaryimage\"},\"image\":{\"@id\":\"https:\/\/www.suno.com.br\/noticias\/senado-tributacao-bancos-desonerar-diesel-mp\/#primaryimage\"},\"thumbnailUrl\":\"https:\/\/files.sunoresearch.com.br\/n\/uploads\/2021\/06\/fa0ddee5-51264791726_7440618922_k-jpg.webp\",\"datePublished\":\"2021-06-23T12:47:39+00:00\",\"description\":\"Em MP que trata de quest\u00f5es como diesel e g\u00e1s de cozinha, o Senado optou por elevar o CSLL dos bancos. Clique aqui e leia mais.\",\"breadcrumb\":{\"@id\":\"https:\/\/www.suno.com.br\/noticias\/senado-tributacao-bancos-desonerar-diesel-mp\/#breadcrumb\"},\"inLanguage\":\"pt-BR\",\"potentialAction\":[{\"@type\":\"ReadAction\",\"target\":[\"https:\/\/www.suno.com.br\/noticias\/senado-tributacao-bancos-desonerar-diesel-mp\/\"]}]},{\"@type\":\"ImageObject\",\"inLanguage\":\"pt-BR\",\"@id\":\"https:\/\/www.suno.com.br\/noticias\/senado-tributacao-bancos-desonerar-diesel-mp\/#primaryimage\",\"url\":\"https:\/\/files.sunoresearch.com.br\/n\/uploads\/2021\/06\/fa0ddee5-51264791726_7440618922_k-jpg.webp\",\"contentUrl\":\"https:\/\/files.sunoresearch.com.br\/n\/uploads\/2021\/06\/fa0ddee5-51264791726_7440618922_k-jpg.webp\",\"width\":2047,\"height\":1365,\"caption\":\"O relator da Medida Provis\u00f3ria que mira os bancos e a ind\u00fastria qu\u00edmica, Ciro Nogueira (PP-PI) - Foto: Ag\u00eancia Senado\"},{\"@type\":\"BreadcrumbList\",\"@id\":\"https:\/\/www.suno.com.br\/noticias\/senado-tributacao-bancos-desonerar-diesel-mp\/#breadcrumb\",\"itemListElement\":[{\"@type\":\"ListItem\",\"position\":1,\"name\":\"Not\u00edcias\",\"item\":\"https:\/\/www.suno.com.br\/noticias\/\"},{\"@type\":\"ListItem\",\"position\":2,\"name\":\"Economia\",\"item\":\"https:\/\/www.suno.com.br\/noticias\/economia\/\"},{\"@type\":\"ListItem\",\"position\":3,\"name\":\"Bancos: Senado aprova aumento da tributa\u00e7\u00e3o para desonerar diesel\"}]},{\"@type\":\"WebSite\",\"@id\":\"https:\/\/www.suno.com.br\/noticias\/#website\",\"url\":\"https:\/\/www.suno.com.br\/noticias\/\",\"name\":\"Suno Not\u00edcias\",\"description\":\"Seu portal de informa\u00e7\u00e3o sobre o mundo dos investimentos\",\"publisher\":{\"@id\":\"https:\/\/www.suno.com.br\/noticias\/#organization\"},\"potentialAction\":[{\"@type\":\"SearchAction\",\"target\":{\"@type\":\"EntryPoint\",\"urlTemplate\":\"https:\/\/www.suno.com.br\/noticias\/?s={search_term_string}\"},\"query-input\":{\"@type\":\"PropertyValueSpecification\",\"valueRequired\":true,\"valueName\":\"search_term_string\"}}],\"inLanguage\":\"pt-BR\"},{\"@type\":\"Organization\",\"@id\":\"https:\/\/www.suno.com.br\/noticias\/#organization\",\"name\":\"Suno Not\u00edcias\",\"url\":\"https:\/\/www.suno.com.br\/noticias\/\",\"logo\":{\"@type\":\"ImageObject\",\"inLanguage\":\"pt-BR\",\"@id\":\"https:\/\/www.suno.com.br\/noticias\/#\/schema\/logo\/image\/\",\"url\":\"https:\/\/files.sunoresearch.com.br\/n\/uploads\/2021\/09\/suno-logo.png\",\"contentUrl\":\"https:\/\/files.sunoresearch.com.br\/n\/uploads\/2021\/09\/suno-logo.png\",\"width\":180,\"height\":180,\"caption\":\"Suno Not\u00edcias\"},\"image\":{\"@id\":\"https:\/\/www.suno.com.br\/noticias\/#\/schema\/logo\/image\/\"},\"sameAs\":[\"https:\/\/facebook.com\/sunoresearch\",\"https:\/\/x.com\/sunoresearch\",\"https:\/\/www.instagram.com\/suno\",\"https:\/\/www.linkedin.com\/company\/suno-research\/\",\"https:\/\/www.youtube.com\/c\/sunoresearch\"]},{\"@type\":\"Person\",\"@id\":\"https:\/\/www.suno.com.br\/noticias\/#\/schema\/person\/7f4d362bf3518e76090143ae77bb49a5\",\"name\":\"Eduardo Vargas\",\"image\":{\"@type\":\"ImageObject\",\"inLanguage\":\"pt-BR\",\"@id\":\"https:\/\/www.suno.com.br\/noticias\/#\/schema\/person\/image\/\",\"url\":\"https:\/\/secure.gravatar.com\/avatar\/dac340933427a22924c9f99d1eb2e3f2?s=96&r=g\",\"contentUrl\":\"https:\/\/secure.gravatar.com\/avatar\/dac340933427a22924c9f99d1eb2e3f2?s=96&r=g\",\"caption\":\"Eduardo Vargas\"},\"description\":\"Jornalista formado pela UFSC, cobre macroeconomia, neg\u00f3cios e startups para o Suno Not\u00edcias, escrevendo principalmente not\u00edcias sobre o mercado financeiro e a bolsa de valores. No YouTube e no Instagram, \u00e9 respons\u00e1vel pela produ\u00e7\u00e3o de Reels e Shorts do Suno Not\u00edcias. Anteriormente, trabalhou cobrindo economia e cotidiano no ND+ e para o ND, maior jornal impresso de Santa Catarina. Cursou um semestre letivo de Estudos de M\u00eddia na Universidad de Buenos Aires.\",\"url\":\"https:\/\/www.suno.com.br\/noticias\/author\/eduardo-vargas\/\"}]}<\/script>\n<!-- \/ Yoast SEO plugin. -->","yoast_head_json":{"title":"Bancos: Senado aprova aumento da tributa\u00e7\u00e3o para desonerar diesel","description":"Em MP que trata de quest\u00f5es como diesel e g\u00e1s de cozinha, o Senado optou por elevar o CSLL dos bancos. Clique aqui e leia mais.","robots":{"index":"index","follow":"follow","max-snippet":"max-snippet:-1","max-image-preview":"max-image-preview:large","max-video-preview":"max-video-preview:-1"},"canonical":"https:\/\/www.suno.com.br\/noticias\/senado-tributacao-bancos-desonerar-diesel-mp\/","og_locale":"pt_BR","og_type":"article","og_title":"Bancos: Senado aprova aumento da tributa\u00e7\u00e3o para desonerar diesel","og_description":"Em MP que trata de quest\u00f5es como diesel e g\u00e1s de cozinha, o Senado optou por elevar o CSLL dos bancos. Clique aqui e leia mais.","og_url":"https:\/\/www.suno.com.br\/noticias\/senado-tributacao-bancos-desonerar-diesel-mp\/","og_site_name":"Suno Not\u00edcias","article_publisher":"https:\/\/facebook.com\/sunoresearch","og_image":[{"width":2047,"height":1365,"url":"https:\/\/files.sunoresearch.com.br\/n\/uploads\/2021\/06\/fa0ddee5-51264791726_7440618922_k.jpg","type":"image\/jpeg"}],"author":"Eduardo Vargas","twitter_card":"summary_large_image","twitter_creator":"@sunoresearch","twitter_site":"@sunoresearch","twitter_misc":{"Escrito por":"Eduardo Vargas","Est. tempo de leitura":"6 minutos"},"schema":{"@context":"https:\/\/schema.org","@graph":[{"@type":"NewsArticle","@id":"https:\/\/www.suno.com.br\/noticias\/senado-tributacao-bancos-desonerar-diesel-mp\/#article","isPartOf":{"@id":"https:\/\/www.suno.com.br\/noticias\/senado-tributacao-bancos-desonerar-diesel-mp\/"},"author":{"name":"Eduardo Vargas","@id":"https:\/\/www.suno.com.br\/noticias\/#\/schema\/person\/7f4d362bf3518e76090143ae77bb49a5"},"headline":"Bancos: Senado aprova aumento da tributa\u00e7\u00e3o para desonerar diesel","datePublished":"2021-06-23T12:47:39+00:00","mainEntityOfPage":{"@id":"https:\/\/www.suno.com.br\/noticias\/senado-tributacao-bancos-desonerar-diesel-mp\/"},"wordCount":1263,"publisher":{"@id":"https:\/\/www.suno.com.br\/noticias\/#organization"},"image":{"@id":"https:\/\/www.suno.com.br\/noticias\/senado-tributacao-bancos-desonerar-diesel-mp\/#primaryimage"},"thumbnailUrl":"https:\/\/files.sunoresearch.com.br\/n\/uploads\/2021\/06\/fa0ddee5-51264791726_7440618922_k-jpg.webp","keywords":["bancos","C\u00e2mara dos Deputados","COFINS","combust\u00edveis","diesel","g\u00e1s","impostos","medida provis\u00f3ria","PIS","Senado Federal"],"articleSection":["Economia"],"inLanguage":"pt-BR"},{"@type":"WebPage","@id":"https:\/\/www.suno.com.br\/noticias\/senado-tributacao-bancos-desonerar-diesel-mp\/","url":"https:\/\/www.suno.com.br\/noticias\/senado-tributacao-bancos-desonerar-diesel-mp\/","name":"Bancos: Senado aprova aumento da tributa\u00e7\u00e3o para desonerar diesel","isPartOf":{"@id":"https:\/\/www.suno.com.br\/noticias\/#website"},"primaryImageOfPage":{"@id":"https:\/\/www.suno.com.br\/noticias\/senado-tributacao-bancos-desonerar-diesel-mp\/#primaryimage"},"image":{"@id":"https:\/\/www.suno.com.br\/noticias\/senado-tributacao-bancos-desonerar-diesel-mp\/#primaryimage"},"thumbnailUrl":"https:\/\/files.sunoresearch.com.br\/n\/uploads\/2021\/06\/fa0ddee5-51264791726_7440618922_k-jpg.webp","datePublished":"2021-06-23T12:47:39+00:00","description":"Em MP que trata de quest\u00f5es como diesel e g\u00e1s de cozinha, o Senado optou por elevar o CSLL dos bancos. Clique aqui e leia mais.","breadcrumb":{"@id":"https:\/\/www.suno.com.br\/noticias\/senado-tributacao-bancos-desonerar-diesel-mp\/#breadcrumb"},"inLanguage":"pt-BR","potentialAction":[{"@type":"ReadAction","target":["https:\/\/www.suno.com.br\/noticias\/senado-tributacao-bancos-desonerar-diesel-mp\/"]}]},{"@type":"ImageObject","inLanguage":"pt-BR","@id":"https:\/\/www.suno.com.br\/noticias\/senado-tributacao-bancos-desonerar-diesel-mp\/#primaryimage","url":"https:\/\/files.sunoresearch.com.br\/n\/uploads\/2021\/06\/fa0ddee5-51264791726_7440618922_k-jpg.webp","contentUrl":"https:\/\/files.sunoresearch.com.br\/n\/uploads\/2021\/06\/fa0ddee5-51264791726_7440618922_k-jpg.webp","width":2047,"height":1365,"caption":"O relator da Medida Provis\u00f3ria que mira os bancos e a ind\u00fastria qu\u00edmica, Ciro Nogueira (PP-PI) - Foto: Ag\u00eancia Senado"},{"@type":"BreadcrumbList","@id":"https:\/\/www.suno.com.br\/noticias\/senado-tributacao-bancos-desonerar-diesel-mp\/#breadcrumb","itemListElement":[{"@type":"ListItem","position":1,"name":"Not\u00edcias","item":"https:\/\/www.suno.com.br\/noticias\/"},{"@type":"ListItem","position":2,"name":"Economia","item":"https:\/\/www.suno.com.br\/noticias\/economia\/"},{"@type":"ListItem","position":3,"name":"Bancos: Senado aprova aumento da tributa\u00e7\u00e3o para desonerar diesel"}]},{"@type":"WebSite","@id":"https:\/\/www.suno.com.br\/noticias\/#website","url":"https:\/\/www.suno.com.br\/noticias\/","name":"Suno Not\u00edcias","description":"Seu portal de informa\u00e7\u00e3o sobre o mundo dos investimentos","publisher":{"@id":"https:\/\/www.suno.com.br\/noticias\/#organization"},"potentialAction":[{"@type":"SearchAction","target":{"@type":"EntryPoint","urlTemplate":"https:\/\/www.suno.com.br\/noticias\/?s={search_term_string}"},"query-input":{"@type":"PropertyValueSpecification","valueRequired":true,"valueName":"search_term_string"}}],"inLanguage":"pt-BR"},{"@type":"Organization","@id":"https:\/\/www.suno.com.br\/noticias\/#organization","name":"Suno Not\u00edcias","url":"https:\/\/www.suno.com.br\/noticias\/","logo":{"@type":"ImageObject","inLanguage":"pt-BR","@id":"https:\/\/www.suno.com.br\/noticias\/#\/schema\/logo\/image\/","url":"https:\/\/files.sunoresearch.com.br\/n\/uploads\/2021\/09\/suno-logo.png","contentUrl":"https:\/\/files.sunoresearch.com.br\/n\/uploads\/2021\/09\/suno-logo.png","width":180,"height":180,"caption":"Suno Not\u00edcias"},"image":{"@id":"https:\/\/www.suno.com.br\/noticias\/#\/schema\/logo\/image\/"},"sameAs":["https:\/\/facebook.com\/sunoresearch","https:\/\/x.com\/sunoresearch","https:\/\/www.instagram.com\/suno","https:\/\/www.linkedin.com\/company\/suno-research\/","https:\/\/www.youtube.com\/c\/sunoresearch"]},{"@type":"Person","@id":"https:\/\/www.suno.com.br\/noticias\/#\/schema\/person\/7f4d362bf3518e76090143ae77bb49a5","name":"Eduardo Vargas","image":{"@type":"ImageObject","inLanguage":"pt-BR","@id":"https:\/\/www.suno.com.br\/noticias\/#\/schema\/person\/image\/","url":"https:\/\/secure.gravatar.com\/avatar\/dac340933427a22924c9f99d1eb2e3f2?s=96&r=g","contentUrl":"https:\/\/secure.gravatar.com\/avatar\/dac340933427a22924c9f99d1eb2e3f2?s=96&r=g","caption":"Eduardo Vargas"},"description":"Jornalista formado pela UFSC, cobre macroeconomia, neg\u00f3cios e startups para o Suno Not\u00edcias, escrevendo principalmente not\u00edcias sobre o mercado financeiro e a bolsa de valores. No YouTube e no Instagram, \u00e9 respons\u00e1vel pela produ\u00e7\u00e3o de Reels e Shorts do Suno Not\u00edcias. Anteriormente, trabalhou cobrindo economia e cotidiano no ND+ e para o ND, maior jornal impresso de Santa Catarina. Cursou um semestre letivo de Estudos de M\u00eddia na Universidad de Buenos Aires.","url":"https:\/\/www.suno.com.br\/noticias\/author\/eduardo-vargas\/"}]}},"default_loop_html":"<div class=\"cardsPage__listCard__boxs\"><div class=\"cardsPage__listCard__boxs__img\"><a href=\"https:\/\/www.suno.com.br\/noticias\/governo-federal-mantem-parte-de-pis-cofins-do-diesel-por-causa-do-biodiesel\/\"><img class=\"mask\" src=\"https:\/\/www.suno.com.br\/noticias\/wp-content\/themes\/suno\/resources\/images\/spotlight\/spotlight1img\/bg-mask.png\" alt=\"Image Mask\"\/><img src=\"https:\/\/files.sunoresearch.com.br\/n\/uploads\/2021\/03\/7cc78554-br-distribuidora-3-400x200.webp\" alt=\"Governo federal mant\u00e9m parte de PIS\/Cofins do diesel por causa do biodiesel\"\/><\/a><span class=\"spotlightCategory\"><a href=\"https:\/\/www.suno.com.br\/noticias\/politica\/\">Pol\u00edtica<\/a><\/span><\/div><div class=\"cardsPage__listCard__boxs__content\"><a href=\"https:\/\/www.suno.com.br\/noticias\/governo-federal-mantem-parte-de-pis-cofins-do-diesel-por-causa-do-biodiesel\/\"><h2 class=\"content__title\">Governo federal mant\u00e9m parte de PIS\/Cofins do diesel por causa do biodiesel<\/h2><\/a><div class=\"newsContent__article__meta\"><div class=\"newsContent__article__meta__authorBox\"><a href=\"https:\/\/www.suno.com.br\/noticias\/author\/redacao-suno\/\" class=\"authorBox__avatar noMobi\"><img src=\"https:\/\/files.sunoresearch.com.br\/n\/uploads\/2020\/08\/0ace682d-redacao-1-150x150.webp\" alt=\"Reda\u00e7\u00e3o Suno Not\u00edcias\"><\/a><div class=\"authorBox__name\"><span>por\n\t\t\t<a href=\"https:\/\/www.suno.com.br\/noticias\/author\/redacao-suno\/\"><span itemprop=\"author\">Reda\u00e7\u00e3o Suno Not\u00edcias<\/span><\/a><\/span><time datetime=\"2021-03-12T18:02:09-03:00\" itemprop=\"datePublished\">12\/03\/2021 18:02<\/time><\/div><\/div><\/div><\/div><\/div>","single_layout":"posts","amp_enabled":true,"_links":{"self":[{"href":"https:\/\/www.suno.com.br\/noticias\/wp-json\/wp\/v2\/posts\/160447"}],"collection":[{"href":"https:\/\/www.suno.com.br\/noticias\/wp-json\/wp\/v2\/posts"}],"about":[{"href":"https:\/\/www.suno.com.br\/noticias\/wp-json\/wp\/v2\/types\/post"}],"author":[{"embeddable":true,"href":"https:\/\/www.suno.com.br\/noticias\/wp-json\/wp\/v2\/users\/73"}],"replies":[{"embeddable":true,"href":"https:\/\/www.suno.com.br\/noticias\/wp-json\/wp\/v2\/comments?post=160447"}],"version-history":[{"count":4,"href":"https:\/\/www.suno.com.br\/noticias\/wp-json\/wp\/v2\/posts\/160447\/revisions"}],"predecessor-version":[{"id":160520,"href":"https:\/\/www.suno.com.br\/noticias\/wp-json\/wp\/v2\/posts\/160447\/revisions\/160520"}],"wp:featuredmedia":[{"embeddable":true,"href":"https:\/\/www.suno.com.br\/noticias\/wp-json\/wp\/v2\/media\/160507"}],"wp:attachment":[{"href":"https:\/\/www.suno.com.br\/noticias\/wp-json\/wp\/v2\/media?parent=160447"}],"wp:term":[{"taxonomy":"category","embeddable":true,"href":"https:\/\/www.suno.com.br\/noticias\/wp-json\/wp\/v2\/categories?post=160447"},{"taxonomy":"post_tag","embeddable":true,"href":"https:\/\/www.suno.com.br\/noticias\/wp-json\/wp\/v2\/tags?post=160447"},{"taxonomy":"suno_strategy","embeddable":true,"href":"https:\/\/www.suno.com.br\/noticias\/wp-json\/wp\/v2\/suno_strategy?post=160447"}],"curies":[{"name":"wp","href":"https:\/\/api.w.org\/{rel}","templated":true}]}}