{"id":160217,"date":"2021-06-22T12:36:18","date_gmt":"2021-06-22T15:36:18","guid":{"rendered":"https:\/\/www.suno.com.br\/noticias\/?p=160217"},"modified":"2021-06-22T12:36:18","modified_gmt":"2021-06-22T15:36:18","slug":"cvc-cvcb3-lidera-ibovespa-captacao-aumento-capital-captacao","status":"publish","type":"post","link":"https:\/\/www.suno.com.br\/noticias\/cvc-cvcb3-lidera-ibovespa-captacao-aumento-capital-captacao\/","title":{"rendered":"CVC (CVCB3) sobe 4% e lidera Ibovespa, ap\u00f3s anunciar capta\u00e7\u00e3o de R$ 480 milh\u00f5es"},"content":{"rendered":"<p>Ap\u00f3s an\u00fancio de um <a class=\"suno-keyword\" href=\"https:\/\/www.suno.com.br\/artigos\/aumento-capital\/\" target=\"_blank\" rel=\"noopener noreferrer\" data-force=\"no\" data-priority=\"1\">aumento de capital<\/a> que pode chegar at\u00e9 R$ 480 milh\u00f5es &#8211; com m\u00ednimo de R$ 384 milh\u00f5es &#8211; a <a class=\"suno-keyword\" href=\"https:\/\/www.suno.com.br\/acoes\/CVCB3\/\" target=\"_blank\" rel=\"noopener noreferrer\" data-force=\"yes\" data-priority=\"2\"><strong>CVC<\/strong> (CVCB3)<\/a> v\u00ea uma alta de 4,15% nas suas a\u00e7\u00f5es \u00e0s 12h do preg\u00e3o desta ter\u00e7a-feira (22). Assim, a companhia lidera as altas do Ibovespa no per\u00edodo.<\/p>\t<div class=\"wrapper-featured-image\">\n\t\t<figure class=\"spotlightImg\">\n\n\t\t\t<picture>\n\t\t\t\t<source media=\"(max-width: 768px)\" srcset=\"https:\/\/files.sunoresearch.com.br\/n\/uploads\/2021\/05\/d895e084-7251-400x200.webp\">\n\t\t\t\t<img loading=\"lazy\" decoding=\"async\" class=\"newsContent__article__imgCapa lazyloadDisabled \" src=\"https:\/\/files.sunoresearch.com.br\/n\/uploads\/2021\/05\/d895e084-7251-800x450.webp\" width=\"800\" height=\"450\" alt=\"CVC (CVCB3) sobe 4% e lidera Ibovespa, ap\u00f3s anunciar capta\u00e7\u00e3o de R$ 480 milh\u00f5es\" fetchpriority=high \/>\n\t\t\t<\/picture>\n\n\t\t\t<figcaption class=\"wp-caption-text wp-caption-text--show\">CVC. Foto: Reprodu\u00e7\u00e3o\/Site CVC Corp<\/figcaption>\n\t\t<\/figure>\n\t<\/div>\n\n\n\t<p>\n\t\t<a href=\"https:\/\/lp.suno.com.br\/planilha-controle-gastos\/\" target=\"_blank\" data-element=\"shortcode-suno-banner\" title=\"Banner SUNO, clique e saiba mais\">\n\t\t\t<picture>\n\t\t\t\t<source media=\"(max-width: 500px)\" srcset=\"https:\/\/files.sunoresearch.com.br\/n\/uploads\/2023\/03\/400x300-Planilha-controle-de-gastos.png\">\n\t\t\t\t<img class=\"newsContent__article__imgCapa newsContent__article__imgCapa--banner\"\n\t\t\t\t\tsrc=\"https:\/\/files.sunoresearch.com.br\/n\/uploads\/2023\/03\/1420x240-Planilha-controle-de-gastos.png\"\n\t\t\t\t\tdata-promo-id=\"101751\"\t\t\t\t\t\t\t\t\t\twidth='1420' height='240'\t\t\t\t\talt=\"https:\/\/files.sunoresearch.com.br\/n\/uploads\/2023\/03\/1420x240-Planilha-controle-de-gastos.png\"\n\t\t\t\t>\n\t\t\t<\/picture>\n\t\t<\/a>\n\t<\/p>\n\n\n<p>O valor, segundo a CVC, vir\u00e1 da <strong>emiss\u00e3o<\/strong> entre 20 milh\u00f5es e 25 milh\u00f5es de a\u00e7\u00f5es, que fica dentro do limite do <a class=\"suno-keyword\" href=\"https:\/\/www.suno.com.br\/artigos\/capital-autorizado\/\" target=\"_blank\" rel=\"noopener noreferrer\" data-force=\"no\" data-priority=\"1\">capital autorizado<\/a>, com pre\u00e7o de emiss\u00e3o de R$19,12 por a\u00e7\u00e3o.<\/p>\n<p>No preg\u00e3o desta ter\u00e7a (22), a cota\u00e7\u00e3o \u00e9 de R$ 29,35 por papel.<\/p>\n<p><span style=\"font-weight: 400;\">\u00a0<\/span><a href=\"https:\/\/lp.suno.com.br\/suno-one\/?ppp=noticias\/hospital-care-pedido-ipo-cvm\/\"><b>Suno One: acesse gratuitamente eBooks, Minicursos, Artigos e V\u00eddeo Aulas sobre investimentos com um \u00fanico cadastro. Clique para saber mais!<\/b><\/a><\/p>\n<p>Segundo o <a class=\"suno-keyword\" href=\"https:\/\/www.suno.com.br\/artigos\/fato-relevante\/\" target=\"_blank\" rel=\"noopener noreferrer\" data-force=\"no\" data-priority=\"1\">fato relevante<\/a> arquivado pela companhia na Comiss\u00e3o de Valores Mobili\u00e1rios (<strong>CVM<\/strong>) durante a madrugada, os recursos oriundos do aumento de capital ser\u00e3o destinados para:<\/p>\n<ul>\n<li>Pagamento de parte do saldo de deb\u00eantures da companhia<\/li>\n<li>Investimentos em iniciativas estrat\u00e9gicas<\/li>\n<li>Uso corporativo geral da companhia<\/li>\n<\/ul>\n<p>Os acionistas ter\u00e3o direito de prefer\u00eancia para subscrever a\u00e7\u00f5es na propor\u00e7\u00e3o de 0,1247884739<a href=\"https:\/\/www.suno.com.br\/artigos\/acoes-ordinarias\/\"> nova <strong>a\u00e7\u00e3o ordin\u00e1ria<\/strong> para cada uma a\u00e7\u00e3o de que forem titulares<\/a>.<\/p>\n\t<div data-element=\"shortcode-read-more\" class=\"knowMore\">\n\t\t\t\t<span class=\"knowMore__title\">Saiba mais<\/span>\n\t\t\t\t<a class=\"knowMore__link\" href=\"https:\/\/www.suno.com.br\/noticias\/acao-cvc-cvcb3-avanca-potencial-oferta\/\">\n\t\t\tA\u00e7\u00e3o da CVC (CVCB3) avan\u00e7a 1,89% ap\u00f3s anunciar potencial oferta\t\t<\/a>\n\t<\/div>\n\n\n<p>Isso, seguindo a posi\u00e7\u00e3o que possu\u00edrem no <strong>capital<\/strong> social da companhia considerando os dados do preg\u00e3o desta quinta (24).<\/p>\n<p>Segundo as normas estabelecidas,<a href=\"https:\/\/www.suno.com.br\/artigos\/mercado-de-acoes\/\"> os acionistas poder\u00e3o subscrever uma quantidade de novas a\u00e7\u00f5es que representem<\/a> 12,47884739% do n\u00famero de a\u00e7\u00f5es de que forem titulares no fechamento preg\u00e3o da bolsa da data de corte, esta quinta (24).<\/p>\n\t<p>\n\t\t<a href=\"https:\/\/lp.suno.com.br\/planilha-da-vida-financeira\/\" target=\"_blank\" data-element=\"shortcode-suno-banner\" title=\"Banner SUNO, clique e saiba mais\">\n\t\t\t<picture>\n\t\t\t\t<source media=\"(max-width: 500px)\" srcset=\"https:\/\/files.sunoresearch.com.br\/n\/uploads\/2023\/04\/400x300-Planilha-vida-financeira-true.png\">\n\t\t\t\t<img class=\"newsContent__article__imgCapa newsContent__article__imgCapa--banner\"\n\t\t\t\t\tsrc=\"https:\/\/files.sunoresearch.com.br\/n\/uploads\/2023\/04\/1420x240-Planilha-vida-financeira-true.png\"\n\t\t\t\t\tdata-promo-id=\"106682\"\t\t\t\t\t\t\t\t\t\twidth='1420' height='240'\t\t\t\t\talt=\"https:\/\/files.sunoresearch.com.br\/n\/uploads\/2023\/04\/1420x240-Planilha-vida-financeira-true.png\"\n\t\t\t\t>\n\t\t\t<\/picture>\n\t\t<\/a>\n\t<\/p>\n\n\n<h2>Safra j\u00e1 previa alta de pap\u00e9is da CVC<\/h2>\n<p>Segundo an\u00e1lise do <strong>Banco Safra<\/strong> feita recentemente e divulgada aos clientes na segunda (21), os pap\u00e9is da companhia estavam em tend\u00eancia de alta.\u00a0A recomenda\u00e7\u00e3o do banco foi de compra a R$ 28,17 com um ganho de cerca de 6% at\u00e9 o stop sugerido, de R$ 26,46.<\/p>\n<h2>Pr\u00e9via da oferta de a\u00e7\u00f5es puxou alta no in\u00edcio de junho<\/h2>\n<p>Logo na segunda semana do m\u00eas, os pap\u00e9is da CVC tiveram alta de quase 2% ap\u00f3s a operadora de turismo citar a <a href=\"https:\/\/www.suno.com.br\/artigos\/oferta-de-acoes\/\">avalia\u00e7\u00e3o desta oferta de a\u00e7\u00f5es<\/a>.\u00a0Na ocasi\u00e3o, a <strong>CVC<\/strong> contratou Citigroup e o <a href=\"https:\/\/www.suno.com.br\/acoes\/bpac11\/\">BTG Pactual (BPAC11)<\/a> para uma opera\u00e7\u00e3o para presta\u00e7\u00e3o de servi\u00e7os de assessoria financeira para a opera\u00e7\u00e3o.<\/p>\n\t<p>\n\t\t<a href=\"https:\/\/lp.suno.com.br\/planilha-de-controle-de-investimentos\/\" target=\"_blank\" data-element=\"shortcode-suno-banner\" title=\"Banner SUNO, clique e saiba mais\">\n\t\t\t<picture>\n\t\t\t\t<source media=\"(max-width: 500px)\" srcset=\"https:\/\/files.sunoresearch.com.br\/n\/uploads\/2023\/03\/400x300-Controle-de-Investimentos.png\">\n\t\t\t\t<img class=\"newsContent__article__imgCapa newsContent__article__imgCapa--banner\"\n\t\t\t\t\tsrc=\"https:\/\/files.sunoresearch.com.br\/n\/uploads\/2023\/03\/1420x240-Controle-de-Investimentos.png\"\n\t\t\t\t\tdata-promo-id=\"75934\"\t\t\t\t\t\t\t\t\t\twidth='1420' height='240'\t\t\t\t\talt=\"https:\/\/files.sunoresearch.com.br\/n\/uploads\/2023\/03\/1420x240-Controle-de-Investimentos.png\"\n\t\t\t\t>\n\t\t\t<\/picture>\n\t\t<\/a>\n\t<\/p>\n\n\n","protected":false},"excerpt":{"rendered":"<p>Ap\u00f3s an\u00fancio de um aumento de capital que pode chegar at\u00e9 R$ 480 milh\u00f5es &#8211; com m\u00ednimo de R$ 384 milh\u00f5es &#8211; a CVC (CVCB3) v\u00ea uma alta de 4,15% nas suas a\u00e7\u00f5es \u00e0s 12h do preg\u00e3o desta ter\u00e7a-feira (22). Assim, a companhia lidera as altas do Ibovespa no per\u00edodo. CVC. Foto: Reprodu\u00e7\u00e3o\/Site CVC Corp [&hellip;]<\/p>\n","protected":false},"author":73,"featured_media":149563,"comment_status":"closed","ping_status":"closed","sticky":false,"template":"","format":"standard","meta":[],"categories":[64],"tags":[1438,1518,442,1436],"suno_strategy":[],"class_list":["post-160217","post","type-post","status-publish","format-standard","has-post-thumbnail","hentry","category-negocios","tag-aumento-de-capital","tag-banco-safra","tag-cvc-cvcb3","tag-follow-on-oferta-subsequente-de-acoes"],"yoast_head":"<!-- This site is optimized with the Yoast SEO plugin v24.4 - https:\/\/yoast.com\/wordpress\/plugins\/seo\/ -->\n<title>CVC (CVCB3) sobe 4% e puxa Ibovespa com capta\u00e7\u00e3o de R$ 480 milh\u00f5es<\/title>\n<meta name=\"description\" content=\"Com o um aumento de capital que pode chegar a R$ 480 milh\u00f5es, a CVC segue em tend\u00eancia de alta. Clique aqui e leia mais.\" \/>\n<meta name=\"robots\" content=\"index, follow, max-snippet:-1, max-image-preview:large, max-video-preview:-1\" \/>\n<link rel=\"canonical\" href=\"https:\/\/www.suno.com.br\/noticias\/cvc-cvcb3-lidera-ibovespa-captacao-aumento-capital-captacao\/\" \/>\n<meta property=\"og:locale\" content=\"pt_BR\" \/>\n<meta property=\"og:type\" content=\"article\" \/>\n<meta property=\"og:title\" content=\"CVC (CVCB3) sobe 4% e puxa Ibovespa com capta\u00e7\u00e3o de R$ 480 milh\u00f5es\" \/>\n<meta property=\"og:description\" content=\"Com o um aumento de capital que pode chegar a R$ 480 milh\u00f5es, a CVC segue em tend\u00eancia de alta. Clique aqui e leia mais.\" \/>\n<meta property=\"og:url\" content=\"https:\/\/www.suno.com.br\/noticias\/cvc-cvcb3-lidera-ibovespa-captacao-aumento-capital-captacao\/\" \/>\n<meta property=\"og:site_name\" content=\"Suno Not\u00edcias\" \/>\n<meta property=\"article:publisher\" content=\"https:\/\/facebook.com\/sunoresearch\" \/>\n<meta property=\"og:image\" content=\"https:\/\/files.sunoresearch.com.br\/n\/uploads\/2021\/05\/d895e084-7251.jpg\" \/>\n\t<meta property=\"og:image:width\" content=\"1280\" \/>\n\t<meta property=\"og:image:height\" content=\"960\" \/>\n\t<meta property=\"og:image:type\" content=\"image\/jpeg\" \/>\n<meta name=\"author\" content=\"Eduardo Vargas\" \/>\n<meta name=\"twitter:card\" content=\"summary_large_image\" \/>\n<meta name=\"twitter:creator\" content=\"@sunoresearch\" \/>\n<meta name=\"twitter:site\" content=\"@sunoresearch\" \/>\n<meta name=\"twitter:label1\" content=\"Escrito por\" \/>\n\t<meta name=\"twitter:data1\" content=\"Eduardo Vargas\" \/>\n\t<meta name=\"twitter:label2\" content=\"Est. tempo de leitura\" \/>\n\t<meta name=\"twitter:data2\" content=\"2 minutos\" \/>\n<script type=\"application\/ld+json\" class=\"yoast-schema-graph\">{\"@context\":\"https:\/\/schema.org\",\"@graph\":[{\"@type\":\"NewsArticle\",\"@id\":\"https:\/\/www.suno.com.br\/noticias\/cvc-cvcb3-lidera-ibovespa-captacao-aumento-capital-captacao\/#article\",\"isPartOf\":{\"@id\":\"https:\/\/www.suno.com.br\/noticias\/cvc-cvcb3-lidera-ibovespa-captacao-aumento-capital-captacao\/\"},\"author\":{\"name\":\"Eduardo Vargas\",\"@id\":\"https:\/\/www.suno.com.br\/noticias\/#\/schema\/person\/7f4d362bf3518e76090143ae77bb49a5\"},\"headline\":\"CVC (CVCB3) sobe 4% e lidera Ibovespa, ap\u00f3s anunciar capta\u00e7\u00e3o de R$ 480 milh\u00f5es\",\"datePublished\":\"2021-06-22T15:36:18+00:00\",\"mainEntityOfPage\":{\"@id\":\"https:\/\/www.suno.com.br\/noticias\/cvc-cvcb3-lidera-ibovespa-captacao-aumento-capital-captacao\/\"},\"wordCount\":426,\"publisher\":{\"@id\":\"https:\/\/www.suno.com.br\/noticias\/#organization\"},\"image\":{\"@id\":\"https:\/\/www.suno.com.br\/noticias\/cvc-cvcb3-lidera-ibovespa-captacao-aumento-capital-captacao\/#primaryimage\"},\"thumbnailUrl\":\"https:\/\/files.sunoresearch.com.br\/n\/uploads\/2021\/05\/d895e084-7251.jpg\",\"keywords\":[\"aumento de capital\",\"Banco Safra\",\"CVC (CVCB3)\",\"Follow-on (Oferta Subsequente de A\u00e7\u00f5es)\"],\"articleSection\":[\"Neg\u00f3cios\"],\"inLanguage\":\"pt-BR\"},{\"@type\":\"WebPage\",\"@id\":\"https:\/\/www.suno.com.br\/noticias\/cvc-cvcb3-lidera-ibovespa-captacao-aumento-capital-captacao\/\",\"url\":\"https:\/\/www.suno.com.br\/noticias\/cvc-cvcb3-lidera-ibovespa-captacao-aumento-capital-captacao\/\",\"name\":\"CVC (CVCB3) sobe 4% e puxa Ibovespa com capta\u00e7\u00e3o de R$ 480 milh\u00f5es\",\"isPartOf\":{\"@id\":\"https:\/\/www.suno.com.br\/noticias\/#website\"},\"primaryImageOfPage\":{\"@id\":\"https:\/\/www.suno.com.br\/noticias\/cvc-cvcb3-lidera-ibovespa-captacao-aumento-capital-captacao\/#primaryimage\"},\"image\":{\"@id\":\"https:\/\/www.suno.com.br\/noticias\/cvc-cvcb3-lidera-ibovespa-captacao-aumento-capital-captacao\/#primaryimage\"},\"thumbnailUrl\":\"https:\/\/files.sunoresearch.com.br\/n\/uploads\/2021\/05\/d895e084-7251.jpg\",\"datePublished\":\"2021-06-22T15:36:18+00:00\",\"description\":\"Com o um aumento de capital que pode chegar a R$ 480 milh\u00f5es, a CVC segue em tend\u00eancia de alta. Clique aqui e leia mais.\",\"breadcrumb\":{\"@id\":\"https:\/\/www.suno.com.br\/noticias\/cvc-cvcb3-lidera-ibovespa-captacao-aumento-capital-captacao\/#breadcrumb\"},\"inLanguage\":\"pt-BR\",\"potentialAction\":[{\"@type\":\"ReadAction\",\"target\":[\"https:\/\/www.suno.com.br\/noticias\/cvc-cvcb3-lidera-ibovespa-captacao-aumento-capital-captacao\/\"]}]},{\"@type\":\"ImageObject\",\"inLanguage\":\"pt-BR\",\"@id\":\"https:\/\/www.suno.com.br\/noticias\/cvc-cvcb3-lidera-ibovespa-captacao-aumento-capital-captacao\/#primaryimage\",\"url\":\"https:\/\/files.sunoresearch.com.br\/n\/uploads\/2021\/05\/d895e084-7251.jpg\",\"contentUrl\":\"https:\/\/files.sunoresearch.com.br\/n\/uploads\/2021\/05\/d895e084-7251.jpg\",\"width\":1280,\"height\":960,\"caption\":\"CVC. Foto: Reprodu\u00e7\u00e3o\/Site CVC Corp\"},{\"@type\":\"BreadcrumbList\",\"@id\":\"https:\/\/www.suno.com.br\/noticias\/cvc-cvcb3-lidera-ibovespa-captacao-aumento-capital-captacao\/#breadcrumb\",\"itemListElement\":[{\"@type\":\"ListItem\",\"position\":1,\"name\":\"Not\u00edcias\",\"item\":\"https:\/\/www.suno.com.br\/noticias\/\"},{\"@type\":\"ListItem\",\"position\":2,\"name\":\"Neg\u00f3cios\",\"item\":\"https:\/\/www.suno.com.br\/noticias\/negocios\/\"},{\"@type\":\"ListItem\",\"position\":3,\"name\":\"CVC (CVCB3) sobe 4% e lidera Ibovespa, ap\u00f3s anunciar capta\u00e7\u00e3o de R$ 480 milh\u00f5es\"}]},{\"@type\":\"WebSite\",\"@id\":\"https:\/\/www.suno.com.br\/noticias\/#website\",\"url\":\"https:\/\/www.suno.com.br\/noticias\/\",\"name\":\"Suno Not\u00edcias\",\"description\":\"Seu portal de informa\u00e7\u00e3o sobre o mundo dos investimentos\",\"publisher\":{\"@id\":\"https:\/\/www.suno.com.br\/noticias\/#organization\"},\"potentialAction\":[{\"@type\":\"SearchAction\",\"target\":{\"@type\":\"EntryPoint\",\"urlTemplate\":\"https:\/\/www.suno.com.br\/noticias\/?s={search_term_string}\"},\"query-input\":{\"@type\":\"PropertyValueSpecification\",\"valueRequired\":true,\"valueName\":\"search_term_string\"}}],\"inLanguage\":\"pt-BR\"},{\"@type\":\"Organization\",\"@id\":\"https:\/\/www.suno.com.br\/noticias\/#organization\",\"name\":\"Suno Not\u00edcias\",\"url\":\"https:\/\/www.suno.com.br\/noticias\/\",\"logo\":{\"@type\":\"ImageObject\",\"inLanguage\":\"pt-BR\",\"@id\":\"https:\/\/www.suno.com.br\/noticias\/#\/schema\/logo\/image\/\",\"url\":\"https:\/\/files.sunoresearch.com.br\/n\/uploads\/2021\/09\/suno-logo.png\",\"contentUrl\":\"https:\/\/files.sunoresearch.com.br\/n\/uploads\/2021\/09\/suno-logo.png\",\"width\":180,\"height\":180,\"caption\":\"Suno Not\u00edcias\"},\"image\":{\"@id\":\"https:\/\/www.suno.com.br\/noticias\/#\/schema\/logo\/image\/\"},\"sameAs\":[\"https:\/\/facebook.com\/sunoresearch\",\"https:\/\/x.com\/sunoresearch\",\"https:\/\/www.instagram.com\/suno\",\"https:\/\/www.linkedin.com\/company\/suno-research\/\",\"https:\/\/www.youtube.com\/c\/sunoresearch\"]},{\"@type\":\"Person\",\"@id\":\"https:\/\/www.suno.com.br\/noticias\/#\/schema\/person\/7f4d362bf3518e76090143ae77bb49a5\",\"name\":\"Eduardo Vargas\",\"image\":{\"@type\":\"ImageObject\",\"inLanguage\":\"pt-BR\",\"@id\":\"https:\/\/www.suno.com.br\/noticias\/#\/schema\/person\/image\/\",\"url\":\"https:\/\/secure.gravatar.com\/avatar\/dac340933427a22924c9f99d1eb2e3f2?s=96&r=g\",\"contentUrl\":\"https:\/\/secure.gravatar.com\/avatar\/dac340933427a22924c9f99d1eb2e3f2?s=96&r=g\",\"caption\":\"Eduardo Vargas\"},\"description\":\"Jornalista formado pela UFSC, cobre macroeconomia, neg\u00f3cios e startups para o Suno Not\u00edcias, escrevendo principalmente not\u00edcias sobre o mercado financeiro e a bolsa de valores. No YouTube e no Instagram, \u00e9 respons\u00e1vel pela produ\u00e7\u00e3o de Reels e Shorts do Suno Not\u00edcias. Anteriormente, trabalhou cobrindo economia e cotidiano no ND+ e para o ND, maior jornal impresso de Santa Catarina. Cursou um semestre letivo de Estudos de M\u00eddia na Universidad de Buenos Aires.\",\"url\":\"https:\/\/www.suno.com.br\/noticias\/author\/eduardo-vargas\/\"}]}<\/script>\n<!-- \/ Yoast SEO plugin. -->","yoast_head_json":{"title":"CVC (CVCB3) sobe 4% e puxa Ibovespa com capta\u00e7\u00e3o de R$ 480 milh\u00f5es","description":"Com o um aumento de capital que pode chegar a R$ 480 milh\u00f5es, a CVC segue em tend\u00eancia de alta. Clique aqui e leia mais.","robots":{"index":"index","follow":"follow","max-snippet":"max-snippet:-1","max-image-preview":"max-image-preview:large","max-video-preview":"max-video-preview:-1"},"canonical":"https:\/\/www.suno.com.br\/noticias\/cvc-cvcb3-lidera-ibovespa-captacao-aumento-capital-captacao\/","og_locale":"pt_BR","og_type":"article","og_title":"CVC (CVCB3) sobe 4% e puxa Ibovespa com capta\u00e7\u00e3o de R$ 480 milh\u00f5es","og_description":"Com o um aumento de capital que pode chegar a R$ 480 milh\u00f5es, a CVC segue em tend\u00eancia de alta. Clique aqui e leia mais.","og_url":"https:\/\/www.suno.com.br\/noticias\/cvc-cvcb3-lidera-ibovespa-captacao-aumento-capital-captacao\/","og_site_name":"Suno Not\u00edcias","article_publisher":"https:\/\/facebook.com\/sunoresearch","og_image":[{"width":1280,"height":960,"url":"https:\/\/files.sunoresearch.com.br\/n\/uploads\/2021\/05\/d895e084-7251.jpg","type":"image\/jpeg"}],"author":"Eduardo Vargas","twitter_card":"summary_large_image","twitter_creator":"@sunoresearch","twitter_site":"@sunoresearch","twitter_misc":{"Escrito por":"Eduardo Vargas","Est. tempo de leitura":"2 minutos"},"schema":{"@context":"https:\/\/schema.org","@graph":[{"@type":"NewsArticle","@id":"https:\/\/www.suno.com.br\/noticias\/cvc-cvcb3-lidera-ibovespa-captacao-aumento-capital-captacao\/#article","isPartOf":{"@id":"https:\/\/www.suno.com.br\/noticias\/cvc-cvcb3-lidera-ibovespa-captacao-aumento-capital-captacao\/"},"author":{"name":"Eduardo Vargas","@id":"https:\/\/www.suno.com.br\/noticias\/#\/schema\/person\/7f4d362bf3518e76090143ae77bb49a5"},"headline":"CVC (CVCB3) sobe 4% e lidera Ibovespa, ap\u00f3s anunciar capta\u00e7\u00e3o de R$ 480 milh\u00f5es","datePublished":"2021-06-22T15:36:18+00:00","mainEntityOfPage":{"@id":"https:\/\/www.suno.com.br\/noticias\/cvc-cvcb3-lidera-ibovespa-captacao-aumento-capital-captacao\/"},"wordCount":426,"publisher":{"@id":"https:\/\/www.suno.com.br\/noticias\/#organization"},"image":{"@id":"https:\/\/www.suno.com.br\/noticias\/cvc-cvcb3-lidera-ibovespa-captacao-aumento-capital-captacao\/#primaryimage"},"thumbnailUrl":"https:\/\/files.sunoresearch.com.br\/n\/uploads\/2021\/05\/d895e084-7251.jpg","keywords":["aumento de capital","Banco Safra","CVC (CVCB3)","Follow-on (Oferta Subsequente de A\u00e7\u00f5es)"],"articleSection":["Neg\u00f3cios"],"inLanguage":"pt-BR"},{"@type":"WebPage","@id":"https:\/\/www.suno.com.br\/noticias\/cvc-cvcb3-lidera-ibovespa-captacao-aumento-capital-captacao\/","url":"https:\/\/www.suno.com.br\/noticias\/cvc-cvcb3-lidera-ibovespa-captacao-aumento-capital-captacao\/","name":"CVC (CVCB3) sobe 4% e puxa Ibovespa com capta\u00e7\u00e3o de R$ 480 milh\u00f5es","isPartOf":{"@id":"https:\/\/www.suno.com.br\/noticias\/#website"},"primaryImageOfPage":{"@id":"https:\/\/www.suno.com.br\/noticias\/cvc-cvcb3-lidera-ibovespa-captacao-aumento-capital-captacao\/#primaryimage"},"image":{"@id":"https:\/\/www.suno.com.br\/noticias\/cvc-cvcb3-lidera-ibovespa-captacao-aumento-capital-captacao\/#primaryimage"},"thumbnailUrl":"https:\/\/files.sunoresearch.com.br\/n\/uploads\/2021\/05\/d895e084-7251.jpg","datePublished":"2021-06-22T15:36:18+00:00","description":"Com o um aumento de capital que pode chegar a R$ 480 milh\u00f5es, a CVC segue em tend\u00eancia de alta. Clique aqui e leia mais.","breadcrumb":{"@id":"https:\/\/www.suno.com.br\/noticias\/cvc-cvcb3-lidera-ibovespa-captacao-aumento-capital-captacao\/#breadcrumb"},"inLanguage":"pt-BR","potentialAction":[{"@type":"ReadAction","target":["https:\/\/www.suno.com.br\/noticias\/cvc-cvcb3-lidera-ibovespa-captacao-aumento-capital-captacao\/"]}]},{"@type":"ImageObject","inLanguage":"pt-BR","@id":"https:\/\/www.suno.com.br\/noticias\/cvc-cvcb3-lidera-ibovespa-captacao-aumento-capital-captacao\/#primaryimage","url":"https:\/\/files.sunoresearch.com.br\/n\/uploads\/2021\/05\/d895e084-7251.jpg","contentUrl":"https:\/\/files.sunoresearch.com.br\/n\/uploads\/2021\/05\/d895e084-7251.jpg","width":1280,"height":960,"caption":"CVC. Foto: Reprodu\u00e7\u00e3o\/Site CVC Corp"},{"@type":"BreadcrumbList","@id":"https:\/\/www.suno.com.br\/noticias\/cvc-cvcb3-lidera-ibovespa-captacao-aumento-capital-captacao\/#breadcrumb","itemListElement":[{"@type":"ListItem","position":1,"name":"Not\u00edcias","item":"https:\/\/www.suno.com.br\/noticias\/"},{"@type":"ListItem","position":2,"name":"Neg\u00f3cios","item":"https:\/\/www.suno.com.br\/noticias\/negocios\/"},{"@type":"ListItem","position":3,"name":"CVC (CVCB3) sobe 4% e lidera Ibovespa, ap\u00f3s anunciar capta\u00e7\u00e3o de R$ 480 milh\u00f5es"}]},{"@type":"WebSite","@id":"https:\/\/www.suno.com.br\/noticias\/#website","url":"https:\/\/www.suno.com.br\/noticias\/","name":"Suno Not\u00edcias","description":"Seu portal de informa\u00e7\u00e3o sobre o mundo dos investimentos","publisher":{"@id":"https:\/\/www.suno.com.br\/noticias\/#organization"},"potentialAction":[{"@type":"SearchAction","target":{"@type":"EntryPoint","urlTemplate":"https:\/\/www.suno.com.br\/noticias\/?s={search_term_string}"},"query-input":{"@type":"PropertyValueSpecification","valueRequired":true,"valueName":"search_term_string"}}],"inLanguage":"pt-BR"},{"@type":"Organization","@id":"https:\/\/www.suno.com.br\/noticias\/#organization","name":"Suno Not\u00edcias","url":"https:\/\/www.suno.com.br\/noticias\/","logo":{"@type":"ImageObject","inLanguage":"pt-BR","@id":"https:\/\/www.suno.com.br\/noticias\/#\/schema\/logo\/image\/","url":"https:\/\/files.sunoresearch.com.br\/n\/uploads\/2021\/09\/suno-logo.png","contentUrl":"https:\/\/files.sunoresearch.com.br\/n\/uploads\/2021\/09\/suno-logo.png","width":180,"height":180,"caption":"Suno Not\u00edcias"},"image":{"@id":"https:\/\/www.suno.com.br\/noticias\/#\/schema\/logo\/image\/"},"sameAs":["https:\/\/facebook.com\/sunoresearch","https:\/\/x.com\/sunoresearch","https:\/\/www.instagram.com\/suno","https:\/\/www.linkedin.com\/company\/suno-research\/","https:\/\/www.youtube.com\/c\/sunoresearch"]},{"@type":"Person","@id":"https:\/\/www.suno.com.br\/noticias\/#\/schema\/person\/7f4d362bf3518e76090143ae77bb49a5","name":"Eduardo Vargas","image":{"@type":"ImageObject","inLanguage":"pt-BR","@id":"https:\/\/www.suno.com.br\/noticias\/#\/schema\/person\/image\/","url":"https:\/\/secure.gravatar.com\/avatar\/dac340933427a22924c9f99d1eb2e3f2?s=96&r=g","contentUrl":"https:\/\/secure.gravatar.com\/avatar\/dac340933427a22924c9f99d1eb2e3f2?s=96&r=g","caption":"Eduardo Vargas"},"description":"Jornalista formado pela UFSC, cobre macroeconomia, neg\u00f3cios e startups para o Suno Not\u00edcias, escrevendo principalmente not\u00edcias sobre o mercado financeiro e a bolsa de valores. No YouTube e no Instagram, \u00e9 respons\u00e1vel pela produ\u00e7\u00e3o de Reels e Shorts do Suno Not\u00edcias. Anteriormente, trabalhou cobrindo economia e cotidiano no ND+ e para o ND, maior jornal impresso de Santa Catarina. Cursou um semestre letivo de Estudos de M\u00eddia na Universidad de Buenos Aires.","url":"https:\/\/www.suno.com.br\/noticias\/author\/eduardo-vargas\/"}]}},"default_loop_html":"<div class=\"cardsPage__listCard__boxs\"><div class=\"cardsPage__listCard__boxs__img\"><a href=\"https:\/\/www.suno.com.br\/noticias\/cvc-cvcb3-lidera-ibovespa-captacao-aumento-capital-captacao\/\"><img class=\"mask\" src=\"https:\/\/www.suno.com.br\/noticias\/wp-content\/themes\/suno\/resources\/images\/spotlight\/spotlight1img\/bg-mask.png\" alt=\"Image Mask\"\/><img src=\"https:\/\/files.sunoresearch.com.br\/n\/uploads\/2021\/05\/d895e084-7251-400x200.webp\" alt=\"CVC (CVCB3) sobe 4% e lidera Ibovespa, ap\u00f3s anunciar capta\u00e7\u00e3o de R$ 480 milh\u00f5es\"\/><\/a><span class=\"spotlightCategory\"><a href=\"https:\/\/www.suno.com.br\/noticias\/negocios\/\">Neg\u00f3cios<\/a><\/span><\/div><div class=\"cardsPage__listCard__boxs__content\"><a href=\"https:\/\/www.suno.com.br\/noticias\/cvc-cvcb3-lidera-ibovespa-captacao-aumento-capital-captacao\/\"><h2 class=\"content__title\">CVC (CVCB3) sobe 4% e lidera Ibovespa, ap\u00f3s anunciar capta\u00e7\u00e3o de R$ 480 milh\u00f5es<\/h2><\/a><div class=\"newsContent__article__meta\"><div class=\"newsContent__article__meta__authorBox\"><a href=\"https:\/\/www.suno.com.br\/noticias\/author\/eduardo-vargas\/\" class=\"authorBox__avatar noMobi\"><img src=\"https:\/\/secure.gravatar.com\/avatar\/dac340933427a22924c9f99d1eb2e3f2?s=96&#038;r=g\" alt=\"Eduardo Vargas\"><\/a><div class=\"authorBox__name\"><span>por\n\t\t\t<a href=\"https:\/\/www.suno.com.br\/noticias\/author\/eduardo-vargas\/\"><span itemprop=\"author\">Eduardo Vargas<\/span><\/a><\/span><time datetime=\"2021-06-22T12:36:18-03:00\" itemprop=\"datePublished\">22\/06\/2021 12:36<\/time><\/div><\/div><\/div><\/div><\/div>","single_layout":"posts","amp_enabled":true,"_links":{"self":[{"href":"https:\/\/www.suno.com.br\/noticias\/wp-json\/wp\/v2\/posts\/160217"}],"collection":[{"href":"https:\/\/www.suno.com.br\/noticias\/wp-json\/wp\/v2\/posts"}],"about":[{"href":"https:\/\/www.suno.com.br\/noticias\/wp-json\/wp\/v2\/types\/post"}],"author":[{"embeddable":true,"href":"https:\/\/www.suno.com.br\/noticias\/wp-json\/wp\/v2\/users\/73"}],"replies":[{"embeddable":true,"href":"https:\/\/www.suno.com.br\/noticias\/wp-json\/wp\/v2\/comments?post=160217"}],"version-history":[{"count":3,"href":"https:\/\/www.suno.com.br\/noticias\/wp-json\/wp\/v2\/posts\/160217\/revisions"}],"predecessor-version":[{"id":160236,"href":"https:\/\/www.suno.com.br\/noticias\/wp-json\/wp\/v2\/posts\/160217\/revisions\/160236"}],"wp:featuredmedia":[{"embeddable":true,"href":"https:\/\/www.suno.com.br\/noticias\/wp-json\/wp\/v2\/media\/149563"}],"wp:attachment":[{"href":"https:\/\/www.suno.com.br\/noticias\/wp-json\/wp\/v2\/media?parent=160217"}],"wp:term":[{"taxonomy":"category","embeddable":true,"href":"https:\/\/www.suno.com.br\/noticias\/wp-json\/wp\/v2\/categories?post=160217"},{"taxonomy":"post_tag","embeddable":true,"href":"https:\/\/www.suno.com.br\/noticias\/wp-json\/wp\/v2\/tags?post=160217"},{"taxonomy":"suno_strategy","embeddable":true,"href":"https:\/\/www.suno.com.br\/noticias\/wp-json\/wp\/v2\/suno_strategy?post=160217"}],"curies":[{"name":"wp","href":"https:\/\/api.w.org\/{rel}","templated":true}]}}