{"id":160030,"date":"2021-06-21T18:31:25","date_gmt":"2021-06-21T21:31:25","guid":{"rendered":"https:\/\/www.suno.com.br\/noticias\/?p=160030"},"modified":"2021-06-24T16:39:24","modified_gmt":"2021-06-24T19:39:24","slug":"isentar-faixa-imposto-de-renda-propora-taxar-dividendo","status":"publish","type":"post","link":"https:\/\/www.suno.com.br\/noticias\/isentar-faixa-imposto-de-renda-propora-taxar-dividendo\/","title":{"rendered":"Para isentar faixa de Imposto de Renda, equipe econ\u00f4mica propor\u00e1 taxar em 20% dividendos"},"content":{"rendered":"<p>Para compensar a perda de arrecada\u00e7\u00e3o que o governo ter\u00e1 com o aumento da faixa de isen\u00e7\u00e3o do <strong>Imposto de Renda<\/strong> da <a class=\"suno-keyword\" href=\"https:\/\/www.suno.com.br\/artigos\/pessoa-fisica\/\" target=\"_blank\" rel=\"noopener noreferrer\" data-force=\"no\" data-priority=\"1\">Pessoa F\u00edsica<\/a> (IRPF) de R$ 1,9 mil para R$ 2,4 mil, o ministro da Economia, <a class=\"suno-keyword\" href=\"https:\/\/www.suno.com.br\/tudo-sobre\/paulo-guedes\/\" target=\"_blank\" rel=\"noopener noreferrer\" data-force=\"no\" data-priority=\"2\">Paulo Guedes<\/a>, decidiu que ir\u00e1 propor a volta da tributa\u00e7\u00e3o do lucro e dividendos com uma al\u00edquota de 20%. Essa al\u00edquota supera os 15% previstos anteriormente<\/p>\t<div class=\"wrapper-featured-image\">\n\t\t<figure class=\"spotlightImg\">\n\n\t\t\t<picture>\n\t\t\t\t<source media=\"(max-width: 768px)\" srcset=\"https:\/\/files.sunoresearch.com.br\/n\/uploads\/2021\/04\/f9640bf4-ballots-1195056_1920-400x200.webp\">\n\t\t\t\t<img loading=\"lazy\" decoding=\"async\" class=\"newsContent__article__imgCapa lazyloadDisabled \" src=\"https:\/\/files.sunoresearch.com.br\/n\/uploads\/2021\/04\/f9640bf4-ballots-1195056_1920-800x450.webp\" width=\"800\" height=\"450\" alt=\"Para isentar faixa de Imposto de Renda, equipe econ\u00f4mica propor\u00e1 taxar em 20% dividendos\" fetchpriority=high \/>\n\t\t\t<\/picture>\n\n\t\t\t<figcaption class=\"wp-caption-text wp-caption-text--show\">IPCA-15 sobe 0,52% em dezembro, fechando 2022 com alta de 5,90%. Foto: Pixabay<\/figcaption>\n\t\t<\/figure>\n\t<\/div>\n\n\n\t<p>\n\t\t<a href=\"https:\/\/lp.suno.com.br\/planilha-controle-gastos\/\" target=\"_blank\" data-element=\"shortcode-suno-banner\" title=\"Banner SUNO, clique e saiba mais\">\n\t\t\t<picture>\n\t\t\t\t<source media=\"(max-width: 500px)\" srcset=\"https:\/\/files.sunoresearch.com.br\/n\/uploads\/2023\/03\/400x300-Planilha-controle-de-gastos.png\">\n\t\t\t\t<img class=\"newsContent__article__imgCapa newsContent__article__imgCapa--banner\"\n\t\t\t\t\tsrc=\"https:\/\/files.sunoresearch.com.br\/n\/uploads\/2023\/03\/1420x240-Planilha-controle-de-gastos.png\"\n\t\t\t\t\tdata-promo-id=\"101751\"\t\t\t\t\t\t\t\t\t\twidth='1420' height='240'\t\t\t\t\talt=\"https:\/\/files.sunoresearch.com.br\/n\/uploads\/2023\/03\/1420x240-Planilha-controle-de-gastos.png\"\n\t\t\t\t>\n\t\t\t<\/picture>\n\t\t<\/a>\n\t<\/p>\n\n\n<p>A<strong> tributa\u00e7\u00e3o dos dividendos<\/strong> e lucro\u00a0 ter\u00e1 uma faixa de isen\u00e7\u00e3o de R$ 20 mil por m\u00eas. O governo tamb\u00e9m vai reduzir de 25% para 20% a al\u00edquota de <a class=\"suno-keyword\" href=\"https:\/\/www.suno.com.br\/artigos\/irpj\/\" target=\"_blank\" rel=\"noopener noreferrer\" data-force=\"no\" data-priority=\"1\">Imposto de Renda Pessoa Jur\u00eddica (IRPJ)<\/a>. A ideia \u00e9 fazer essa redu\u00e7\u00e3o em dois anos, mas setores empresariais j\u00e1 pressionam para que a queda da al\u00edquota ocorra de uma \u00fanica vez.<\/p>\n<p>Fonte da equipe econ\u00f4mica informou que a equa\u00e7\u00e3o tamb\u00e9m prev\u00ea a necessidade do fim do <a class=\"suno-keyword\" href=\"https:\/\/www.suno.com.br\/artigos\/entenda-o-jcp\/\" target=\"_blank\" rel=\"noopener noreferrer\" data-force=\"no\" data-priority=\"1\">Juros sobre Capital Pr\u00f3prio (JCP)<\/a>, um instrumento que as empresas t\u00eam para remunerar os seus <strong>investidores<\/strong>.<\/p>\n<p><a href=\"https:\/\/lp.suno.com.br\/suno-one\/\">Suno One: acesse gratuitamente eBooks, Minicursos, Artigos e V\u00eddeo Aulas sobre investimentos com um \u00fanico cadastro. Clique para saber mais!<\/a><\/p>\n<p>Essas medidas s\u00e3o necess\u00e1rias para cobrir o &#8220;rombo&#8221; na perda de arrecada\u00e7\u00e3o com o aumento da faixa de isen\u00e7\u00e3o do IRPF e da redu\u00e7\u00e3o do IRPF.<\/p>\n<p>&#8220;\u00c9 um programa tribut\u00e1rio como se fosse um delta zero. N\u00e3o vai ter aumento de imposto&#8221;, disse a fonte da equipe econ\u00f4mica.<\/p>\n\t<p>\n\t\t<a href=\"\" target=\"_blank\" data-element=\"shortcode-suno-banner\" title=\"Banner SUNO, clique e saiba mais\">\n\t\t\t<picture>\n\t\t\t\t<source media=\"(max-width: 500px)\" srcset=\"\">\n\t\t\t\t<img class=\"newsContent__article__imgCapa newsContent__article__imgCapa--banner\"\n\t\t\t\t\tsrc=\"\"\n\t\t\t\t\tdata-promo-id=\"89005\"\t\t\t\t\t\t\t\t\t\t\t\t\t\t\talt=\"\"\n\t\t\t\t>\n\t\t\t<\/picture>\n\t\t<\/a>\n\t<\/p>\n\n\n<h2>A ideia \u00e9 reduzir o imposto de empresas<\/h2>\n<p>Na vis\u00e3o da \u00e1rea econ\u00f4mica, a ideia \u00e9 desonerar as faixas mais pobres, reduzir o imposto de empresas e aumentar um pouco mais a carga dos que realmente t\u00eam condi\u00e7\u00f5es de pagar.<\/p>\n<p>As mudan\u00e7as ser\u00e3o inclu\u00eddas em projeto a ser enviado esta semana ao Congresso que faz mudan\u00e7as no IR. O presidente da C\u00e2mara, Arthur Lira (PP-AL), cobrou de Guedes as mudan\u00e7as.<\/p>\n\t<div data-element=\"shortcode-read-more\" class=\"knowMore\">\n\t\t\t\t<span class=\"knowMore__title\">Veja tamb\u00e9m<\/span>\n\t\t\t\t<a class=\"knowMore__link\" href=\"https:\/\/www.suno.com.br\/noticias\/tributacao-dividendos-reforma-tributaria-mudancas\/\">\n\t\t\tTributa\u00e7\u00e3o de dividendos: entenda que pode mudar e como se preparar\t\t<\/a>\n\t<\/div>\n\n\n<p>O projeto est\u00e1 sob an\u00e1lise do Pal\u00e1cio do Planalto e ainda pode sofrer mudan\u00e7as.<\/p>\n<p>A tabela do <strong>Imposto de Renda<\/strong> para <a class=\"suno-keyword\" href=\"https:\/\/www.suno.com.br\/artigos\/pessoa-fisica\/\" target=\"_blank\" rel=\"noopener noreferrer\" data-force=\"no\" data-priority=\"2\">pessoas f\u00edsicas<\/a> n\u00e3o teve nenhum reajuste em rela\u00e7\u00e3o ao ano anterior desde 2015. O imposto n\u00e3o \u00e9 cobrado sobre todo o sal\u00e1rio &#8211; o que \u00e9 descontado para o INSS, por exemplo, n\u00e3o entra na conta. Os &#8216;primeiros&#8217; R$ 1.903,98 s\u00e3o isentos. O que passar desse valor, e n\u00e3o superar os R$ 2.826,65 (o limite da faixa 2) \u00e9 tributado em 7,5%. O que superar limite da faixa 2, mas n\u00e3o o da faixa 3, paga 15%, e assim sucessivamente.<\/p>\n<p><em>Com informa\u00e7\u00f5es do Estad\u00e3o Conte\u00fado<\/em><\/p>\n\t<p>\n\t\t<a href=\"\" target=\"_blank\" data-element=\"shortcode-suno-banner\" title=\"Banner SUNO, clique e saiba mais\">\n\t\t\t<picture>\n\t\t\t\t<source media=\"(max-width: 500px)\" srcset=\"\">\n\t\t\t\t<img class=\"newsContent__article__imgCapa newsContent__article__imgCapa--banner\"\n\t\t\t\t\tsrc=\"\"\n\t\t\t\t\tdata-promo-id=\"77053\"\t\t\t\t\t\t\t\t\t\t\t\t\t\t\talt=\"\"\n\t\t\t\t>\n\t\t\t<\/picture>\n\t\t<\/a>\n\t<\/p>\n\n\n","protected":false},"excerpt":{"rendered":"<p>Para compensar a perda de arrecada\u00e7\u00e3o que o governo ter\u00e1 com o aumento da faixa de isen\u00e7\u00e3o do Imposto de Renda da Pessoa F\u00edsica (IRPF) de R$ 1,9 mil para R$ 2,4 mil, o ministro da Economia, Paulo Guedes, decidiu que ir\u00e1 propor a volta da tributa\u00e7\u00e3o do lucro e dividendos com uma al\u00edquota de [&hellip;]<\/p>\n","protected":false},"author":39,"featured_media":139912,"comment_status":"closed","ping_status":"closed","sticky":false,"template":"","format":"standard","meta":[],"categories":[62],"tags":[295,303],"suno_strategy":[],"class_list":["post-160030","post","type-post","status-publish","format-standard","has-post-thumbnail","hentry","category-economia","tag-dividendos","tag-imposto-de-renda"],"yoast_head":"<!-- This site is optimized with the Yoast SEO plugin v24.4 - https:\/\/yoast.com\/wordpress\/plugins\/seo\/ -->\n<title>Para isentar faixa de Imposto de Renda, Econimia prop\u00f5e taxar dividendos<\/title>\n<meta name=\"description\" content=\"Guedes deciciu propor a volta da tributa\u00e7\u00e3o dos dividendos para compensar o aumento da faixa de isen\u00e7\u00e3o do Imposto de Renda. Saiba mais!\" \/>\n<meta name=\"robots\" content=\"index, follow, max-snippet:-1, max-image-preview:large, max-video-preview:-1\" \/>\n<link rel=\"canonical\" href=\"https:\/\/www.suno.com.br\/noticias\/isentar-faixa-imposto-de-renda-propora-taxar-dividendo\/\" \/>\n<meta property=\"og:locale\" content=\"pt_BR\" \/>\n<meta property=\"og:type\" content=\"article\" \/>\n<meta property=\"og:title\" content=\"Para isentar faixa de Imposto de Renda, Econimia prop\u00f5e taxar dividendos\" \/>\n<meta property=\"og:description\" content=\"Guedes deciciu propor a volta da tributa\u00e7\u00e3o dos dividendos para compensar o aumento da faixa de isen\u00e7\u00e3o do Imposto de Renda. Saiba mais!\" \/>\n<meta property=\"og:url\" content=\"https:\/\/www.suno.com.br\/noticias\/isentar-faixa-imposto-de-renda-propora-taxar-dividendo\/\" \/>\n<meta property=\"og:site_name\" content=\"Suno Not\u00edcias\" \/>\n<meta property=\"article:publisher\" content=\"https:\/\/facebook.com\/sunoresearch\" \/>\n<meta property=\"og:image\" content=\"https:\/\/files.sunoresearch.com.br\/n\/uploads\/2021\/04\/f9640bf4-ballots-1195056_1920.jpg\" \/>\n\t<meta property=\"og:image:width\" content=\"1920\" \/>\n\t<meta property=\"og:image:height\" content=\"1280\" \/>\n\t<meta property=\"og:image:type\" content=\"image\/jpeg\" \/>\n<meta name=\"author\" content=\"Laura Moutinho\" \/>\n<meta name=\"twitter:card\" content=\"summary_large_image\" \/>\n<meta name=\"twitter:creator\" content=\"@sunoresearch\" \/>\n<meta name=\"twitter:site\" content=\"@sunoresearch\" \/>\n<meta name=\"twitter:label1\" content=\"Escrito por\" \/>\n\t<meta name=\"twitter:data1\" content=\"Laura Moutinho\" \/>\n\t<meta name=\"twitter:label2\" content=\"Est. tempo de leitura\" \/>\n\t<meta name=\"twitter:data2\" content=\"2 minutos\" \/>\n<script type=\"application\/ld+json\" class=\"yoast-schema-graph\">{\"@context\":\"https:\/\/schema.org\",\"@graph\":[{\"@type\":\"NewsArticle\",\"@id\":\"https:\/\/www.suno.com.br\/noticias\/isentar-faixa-imposto-de-renda-propora-taxar-dividendo\/#article\",\"isPartOf\":{\"@id\":\"https:\/\/www.suno.com.br\/noticias\/isentar-faixa-imposto-de-renda-propora-taxar-dividendo\/\"},\"author\":{\"name\":\"Laura Moutinho\",\"@id\":\"https:\/\/www.suno.com.br\/noticias\/#\/schema\/person\/3df0d2808748b74496efe5dbeaef2c72\"},\"headline\":\"Para isentar faixa de Imposto de Renda, equipe econ\u00f4mica propor\u00e1 taxar em 20% dividendos\",\"datePublished\":\"2021-06-21T21:31:25+00:00\",\"dateModified\":\"2021-06-24T19:39:24+00:00\",\"mainEntityOfPage\":{\"@id\":\"https:\/\/www.suno.com.br\/noticias\/isentar-faixa-imposto-de-renda-propora-taxar-dividendo\/\"},\"wordCount\":460,\"publisher\":{\"@id\":\"https:\/\/www.suno.com.br\/noticias\/#organization\"},\"image\":{\"@id\":\"https:\/\/www.suno.com.br\/noticias\/isentar-faixa-imposto-de-renda-propora-taxar-dividendo\/#primaryimage\"},\"thumbnailUrl\":\"https:\/\/files.sunoresearch.com.br\/n\/uploads\/2021\/04\/f9640bf4-ballots-1195056_1920-jpg.webp\",\"keywords\":[\"dividendos\",\"Imposto de Renda\"],\"articleSection\":[\"Economia\"],\"inLanguage\":\"pt-BR\"},{\"@type\":\"WebPage\",\"@id\":\"https:\/\/www.suno.com.br\/noticias\/isentar-faixa-imposto-de-renda-propora-taxar-dividendo\/\",\"url\":\"https:\/\/www.suno.com.br\/noticias\/isentar-faixa-imposto-de-renda-propora-taxar-dividendo\/\",\"name\":\"Para isentar faixa de Imposto de Renda, Econimia prop\u00f5e taxar dividendos\",\"isPartOf\":{\"@id\":\"https:\/\/www.suno.com.br\/noticias\/#website\"},\"primaryImageOfPage\":{\"@id\":\"https:\/\/www.suno.com.br\/noticias\/isentar-faixa-imposto-de-renda-propora-taxar-dividendo\/#primaryimage\"},\"image\":{\"@id\":\"https:\/\/www.suno.com.br\/noticias\/isentar-faixa-imposto-de-renda-propora-taxar-dividendo\/#primaryimage\"},\"thumbnailUrl\":\"https:\/\/files.sunoresearch.com.br\/n\/uploads\/2021\/04\/f9640bf4-ballots-1195056_1920-jpg.webp\",\"datePublished\":\"2021-06-21T21:31:25+00:00\",\"dateModified\":\"2021-06-24T19:39:24+00:00\",\"description\":\"Guedes deciciu propor a volta da tributa\u00e7\u00e3o dos dividendos para compensar o aumento da faixa de isen\u00e7\u00e3o do Imposto de Renda. Saiba mais!\",\"breadcrumb\":{\"@id\":\"https:\/\/www.suno.com.br\/noticias\/isentar-faixa-imposto-de-renda-propora-taxar-dividendo\/#breadcrumb\"},\"inLanguage\":\"pt-BR\",\"potentialAction\":[{\"@type\":\"ReadAction\",\"target\":[\"https:\/\/www.suno.com.br\/noticias\/isentar-faixa-imposto-de-renda-propora-taxar-dividendo\/\"]}]},{\"@type\":\"ImageObject\",\"inLanguage\":\"pt-BR\",\"@id\":\"https:\/\/www.suno.com.br\/noticias\/isentar-faixa-imposto-de-renda-propora-taxar-dividendo\/#primaryimage\",\"url\":\"https:\/\/files.sunoresearch.com.br\/n\/uploads\/2021\/04\/f9640bf4-ballots-1195056_1920-jpg.webp\",\"contentUrl\":\"https:\/\/files.sunoresearch.com.br\/n\/uploads\/2021\/04\/f9640bf4-ballots-1195056_1920-jpg.webp\",\"width\":1920,\"height\":1280,\"caption\":\"IPCA-15 sobe 0,52% em dezembro, fechando 2022 com alta de 5,90%. Foto: Pixabay\"},{\"@type\":\"BreadcrumbList\",\"@id\":\"https:\/\/www.suno.com.br\/noticias\/isentar-faixa-imposto-de-renda-propora-taxar-dividendo\/#breadcrumb\",\"itemListElement\":[{\"@type\":\"ListItem\",\"position\":1,\"name\":\"Not\u00edcias\",\"item\":\"https:\/\/www.suno.com.br\/noticias\/\"},{\"@type\":\"ListItem\",\"position\":2,\"name\":\"Economia\",\"item\":\"https:\/\/www.suno.com.br\/noticias\/economia\/\"},{\"@type\":\"ListItem\",\"position\":3,\"name\":\"Para isentar faixa de Imposto de Renda, equipe econ\u00f4mica propor\u00e1 taxar em 20% dividendos\"}]},{\"@type\":\"WebSite\",\"@id\":\"https:\/\/www.suno.com.br\/noticias\/#website\",\"url\":\"https:\/\/www.suno.com.br\/noticias\/\",\"name\":\"Suno Not\u00edcias\",\"description\":\"Seu portal de informa\u00e7\u00e3o sobre o mundo dos investimentos\",\"publisher\":{\"@id\":\"https:\/\/www.suno.com.br\/noticias\/#organization\"},\"potentialAction\":[{\"@type\":\"SearchAction\",\"target\":{\"@type\":\"EntryPoint\",\"urlTemplate\":\"https:\/\/www.suno.com.br\/noticias\/?s={search_term_string}\"},\"query-input\":{\"@type\":\"PropertyValueSpecification\",\"valueRequired\":true,\"valueName\":\"search_term_string\"}}],\"inLanguage\":\"pt-BR\"},{\"@type\":\"Organization\",\"@id\":\"https:\/\/www.suno.com.br\/noticias\/#organization\",\"name\":\"Suno Not\u00edcias\",\"url\":\"https:\/\/www.suno.com.br\/noticias\/\",\"logo\":{\"@type\":\"ImageObject\",\"inLanguage\":\"pt-BR\",\"@id\":\"https:\/\/www.suno.com.br\/noticias\/#\/schema\/logo\/image\/\",\"url\":\"https:\/\/files.sunoresearch.com.br\/n\/uploads\/2021\/09\/suno-logo.png\",\"contentUrl\":\"https:\/\/files.sunoresearch.com.br\/n\/uploads\/2021\/09\/suno-logo.png\",\"width\":180,\"height\":180,\"caption\":\"Suno Not\u00edcias\"},\"image\":{\"@id\":\"https:\/\/www.suno.com.br\/noticias\/#\/schema\/logo\/image\/\"},\"sameAs\":[\"https:\/\/facebook.com\/sunoresearch\",\"https:\/\/x.com\/sunoresearch\",\"https:\/\/www.instagram.com\/suno\",\"https:\/\/www.linkedin.com\/company\/suno-research\/\",\"https:\/\/www.youtube.com\/c\/sunoresearch\"]},{\"@type\":\"Person\",\"@id\":\"https:\/\/www.suno.com.br\/noticias\/#\/schema\/person\/3df0d2808748b74496efe5dbeaef2c72\",\"name\":\"Laura Moutinho\",\"image\":{\"@type\":\"ImageObject\",\"inLanguage\":\"pt-BR\",\"@id\":\"https:\/\/www.suno.com.br\/noticias\/#\/schema\/person\/image\/\",\"url\":\"https:\/\/secure.gravatar.com\/avatar\/7571c7c8ca3a6fca5e41384ece5557ff?s=96&r=g\",\"contentUrl\":\"https:\/\/secure.gravatar.com\/avatar\/7571c7c8ca3a6fca5e41384ece5557ff?s=96&r=g\",\"caption\":\"Laura Moutinho\"},\"description\":\"Estagi\u00e1ria na Suno Not\u00edcias, escreve not\u00edcias que afetam o mercado financeiro. Estuda administra\u00e7\u00e3o na Universidade Presbiteriana Mackenzie.\",\"url\":\"https:\/\/www.suno.com.br\/noticias\/author\/laura-moutinho\/\"}]}<\/script>\n<!-- \/ Yoast SEO plugin. -->","yoast_head_json":{"title":"Para isentar faixa de Imposto de Renda, Econimia prop\u00f5e taxar dividendos","description":"Guedes deciciu propor a volta da tributa\u00e7\u00e3o dos dividendos para compensar o aumento da faixa de isen\u00e7\u00e3o do Imposto de Renda. Saiba mais!","robots":{"index":"index","follow":"follow","max-snippet":"max-snippet:-1","max-image-preview":"max-image-preview:large","max-video-preview":"max-video-preview:-1"},"canonical":"https:\/\/www.suno.com.br\/noticias\/isentar-faixa-imposto-de-renda-propora-taxar-dividendo\/","og_locale":"pt_BR","og_type":"article","og_title":"Para isentar faixa de Imposto de Renda, Econimia prop\u00f5e taxar dividendos","og_description":"Guedes deciciu propor a volta da tributa\u00e7\u00e3o dos dividendos para compensar o aumento da faixa de isen\u00e7\u00e3o do Imposto de Renda. Saiba mais!","og_url":"https:\/\/www.suno.com.br\/noticias\/isentar-faixa-imposto-de-renda-propora-taxar-dividendo\/","og_site_name":"Suno Not\u00edcias","article_publisher":"https:\/\/facebook.com\/sunoresearch","og_image":[{"width":1920,"height":1280,"url":"https:\/\/files.sunoresearch.com.br\/n\/uploads\/2021\/04\/f9640bf4-ballots-1195056_1920.jpg","type":"image\/jpeg"}],"author":"Laura Moutinho","twitter_card":"summary_large_image","twitter_creator":"@sunoresearch","twitter_site":"@sunoresearch","twitter_misc":{"Escrito por":"Laura Moutinho","Est. tempo de leitura":"2 minutos"},"schema":{"@context":"https:\/\/schema.org","@graph":[{"@type":"NewsArticle","@id":"https:\/\/www.suno.com.br\/noticias\/isentar-faixa-imposto-de-renda-propora-taxar-dividendo\/#article","isPartOf":{"@id":"https:\/\/www.suno.com.br\/noticias\/isentar-faixa-imposto-de-renda-propora-taxar-dividendo\/"},"author":{"name":"Laura Moutinho","@id":"https:\/\/www.suno.com.br\/noticias\/#\/schema\/person\/3df0d2808748b74496efe5dbeaef2c72"},"headline":"Para isentar faixa de Imposto de Renda, equipe econ\u00f4mica propor\u00e1 taxar em 20% dividendos","datePublished":"2021-06-21T21:31:25+00:00","dateModified":"2021-06-24T19:39:24+00:00","mainEntityOfPage":{"@id":"https:\/\/www.suno.com.br\/noticias\/isentar-faixa-imposto-de-renda-propora-taxar-dividendo\/"},"wordCount":460,"publisher":{"@id":"https:\/\/www.suno.com.br\/noticias\/#organization"},"image":{"@id":"https:\/\/www.suno.com.br\/noticias\/isentar-faixa-imposto-de-renda-propora-taxar-dividendo\/#primaryimage"},"thumbnailUrl":"https:\/\/files.sunoresearch.com.br\/n\/uploads\/2021\/04\/f9640bf4-ballots-1195056_1920-jpg.webp","keywords":["dividendos","Imposto de Renda"],"articleSection":["Economia"],"inLanguage":"pt-BR"},{"@type":"WebPage","@id":"https:\/\/www.suno.com.br\/noticias\/isentar-faixa-imposto-de-renda-propora-taxar-dividendo\/","url":"https:\/\/www.suno.com.br\/noticias\/isentar-faixa-imposto-de-renda-propora-taxar-dividendo\/","name":"Para isentar faixa de Imposto de Renda, Econimia prop\u00f5e taxar dividendos","isPartOf":{"@id":"https:\/\/www.suno.com.br\/noticias\/#website"},"primaryImageOfPage":{"@id":"https:\/\/www.suno.com.br\/noticias\/isentar-faixa-imposto-de-renda-propora-taxar-dividendo\/#primaryimage"},"image":{"@id":"https:\/\/www.suno.com.br\/noticias\/isentar-faixa-imposto-de-renda-propora-taxar-dividendo\/#primaryimage"},"thumbnailUrl":"https:\/\/files.sunoresearch.com.br\/n\/uploads\/2021\/04\/f9640bf4-ballots-1195056_1920-jpg.webp","datePublished":"2021-06-21T21:31:25+00:00","dateModified":"2021-06-24T19:39:24+00:00","description":"Guedes deciciu propor a volta da tributa\u00e7\u00e3o dos dividendos para compensar o aumento da faixa de isen\u00e7\u00e3o do Imposto de Renda. Saiba mais!","breadcrumb":{"@id":"https:\/\/www.suno.com.br\/noticias\/isentar-faixa-imposto-de-renda-propora-taxar-dividendo\/#breadcrumb"},"inLanguage":"pt-BR","potentialAction":[{"@type":"ReadAction","target":["https:\/\/www.suno.com.br\/noticias\/isentar-faixa-imposto-de-renda-propora-taxar-dividendo\/"]}]},{"@type":"ImageObject","inLanguage":"pt-BR","@id":"https:\/\/www.suno.com.br\/noticias\/isentar-faixa-imposto-de-renda-propora-taxar-dividendo\/#primaryimage","url":"https:\/\/files.sunoresearch.com.br\/n\/uploads\/2021\/04\/f9640bf4-ballots-1195056_1920-jpg.webp","contentUrl":"https:\/\/files.sunoresearch.com.br\/n\/uploads\/2021\/04\/f9640bf4-ballots-1195056_1920-jpg.webp","width":1920,"height":1280,"caption":"IPCA-15 sobe 0,52% em dezembro, fechando 2022 com alta de 5,90%. Foto: Pixabay"},{"@type":"BreadcrumbList","@id":"https:\/\/www.suno.com.br\/noticias\/isentar-faixa-imposto-de-renda-propora-taxar-dividendo\/#breadcrumb","itemListElement":[{"@type":"ListItem","position":1,"name":"Not\u00edcias","item":"https:\/\/www.suno.com.br\/noticias\/"},{"@type":"ListItem","position":2,"name":"Economia","item":"https:\/\/www.suno.com.br\/noticias\/economia\/"},{"@type":"ListItem","position":3,"name":"Para isentar faixa de Imposto de Renda, equipe econ\u00f4mica propor\u00e1 taxar em 20% dividendos"}]},{"@type":"WebSite","@id":"https:\/\/www.suno.com.br\/noticias\/#website","url":"https:\/\/www.suno.com.br\/noticias\/","name":"Suno Not\u00edcias","description":"Seu portal de informa\u00e7\u00e3o sobre o mundo dos investimentos","publisher":{"@id":"https:\/\/www.suno.com.br\/noticias\/#organization"},"potentialAction":[{"@type":"SearchAction","target":{"@type":"EntryPoint","urlTemplate":"https:\/\/www.suno.com.br\/noticias\/?s={search_term_string}"},"query-input":{"@type":"PropertyValueSpecification","valueRequired":true,"valueName":"search_term_string"}}],"inLanguage":"pt-BR"},{"@type":"Organization","@id":"https:\/\/www.suno.com.br\/noticias\/#organization","name":"Suno Not\u00edcias","url":"https:\/\/www.suno.com.br\/noticias\/","logo":{"@type":"ImageObject","inLanguage":"pt-BR","@id":"https:\/\/www.suno.com.br\/noticias\/#\/schema\/logo\/image\/","url":"https:\/\/files.sunoresearch.com.br\/n\/uploads\/2021\/09\/suno-logo.png","contentUrl":"https:\/\/files.sunoresearch.com.br\/n\/uploads\/2021\/09\/suno-logo.png","width":180,"height":180,"caption":"Suno Not\u00edcias"},"image":{"@id":"https:\/\/www.suno.com.br\/noticias\/#\/schema\/logo\/image\/"},"sameAs":["https:\/\/facebook.com\/sunoresearch","https:\/\/x.com\/sunoresearch","https:\/\/www.instagram.com\/suno","https:\/\/www.linkedin.com\/company\/suno-research\/","https:\/\/www.youtube.com\/c\/sunoresearch"]},{"@type":"Person","@id":"https:\/\/www.suno.com.br\/noticias\/#\/schema\/person\/3df0d2808748b74496efe5dbeaef2c72","name":"Laura Moutinho","image":{"@type":"ImageObject","inLanguage":"pt-BR","@id":"https:\/\/www.suno.com.br\/noticias\/#\/schema\/person\/image\/","url":"https:\/\/secure.gravatar.com\/avatar\/7571c7c8ca3a6fca5e41384ece5557ff?s=96&r=g","contentUrl":"https:\/\/secure.gravatar.com\/avatar\/7571c7c8ca3a6fca5e41384ece5557ff?s=96&r=g","caption":"Laura Moutinho"},"description":"Estagi\u00e1ria na Suno Not\u00edcias, escreve not\u00edcias que afetam o mercado financeiro. Estuda administra\u00e7\u00e3o na Universidade Presbiteriana Mackenzie.","url":"https:\/\/www.suno.com.br\/noticias\/author\/laura-moutinho\/"}]}},"default_loop_html":"<div class=\"cardsPage__listCard__boxs\"><div class=\"cardsPage__listCard__boxs__img\"><a href=\"https:\/\/www.suno.com.br\/noticias\/isentar-faixa-imposto-de-renda-propora-taxar-dividendo\/\"><img class=\"mask\" src=\"https:\/\/www.suno.com.br\/noticias\/wp-content\/themes\/suno\/resources\/images\/spotlight\/spotlight1img\/bg-mask.png\" alt=\"Image Mask\"\/><img src=\"https:\/\/files.sunoresearch.com.br\/n\/uploads\/2021\/04\/f9640bf4-ballots-1195056_1920-400x200.webp\" alt=\"Para isentar faixa de Imposto de Renda, equipe econ\u00f4mica propor\u00e1 taxar em 20% dividendos\"\/><\/a><span class=\"spotlightCategory\"><a href=\"https:\/\/www.suno.com.br\/noticias\/economia\/\">Economia<\/a><\/span><\/div><div class=\"cardsPage__listCard__boxs__content\"><a href=\"https:\/\/www.suno.com.br\/noticias\/isentar-faixa-imposto-de-renda-propora-taxar-dividendo\/\"><h2 class=\"content__title\">Para isentar faixa de Imposto de Renda, equipe econ\u00f4mica propor\u00e1 taxar em 20% dividendos<\/h2><\/a><div class=\"newsContent__article__meta\"><div class=\"newsContent__article__meta__authorBox\"><a href=\"https:\/\/www.suno.com.br\/noticias\/author\/laura-moutinho\/\" class=\"authorBox__avatar noMobi\"><img src=\"https:\/\/files.sunoresearch.com.br\/n\/uploads\/2020\/08\/531ff69d-whatsapp-image-2020-08-03-at-14.54.38-150x150.webp\" alt=\"Laura Moutinho\"><\/a><div class=\"authorBox__name\"><span>por\n\t\t\t<a href=\"https:\/\/www.suno.com.br\/noticias\/author\/laura-moutinho\/\"><span itemprop=\"author\">Laura Moutinho<\/span><\/a><\/span><time datetime=\"2021-06-21T18:31:25-03:00\" itemprop=\"datePublished\">21\/06\/2021 18:31<\/time><\/div><\/div><\/div><\/div><\/div>","single_layout":"posts","amp_enabled":true,"_links":{"self":[{"href":"https:\/\/www.suno.com.br\/noticias\/wp-json\/wp\/v2\/posts\/160030"}],"collection":[{"href":"https:\/\/www.suno.com.br\/noticias\/wp-json\/wp\/v2\/posts"}],"about":[{"href":"https:\/\/www.suno.com.br\/noticias\/wp-json\/wp\/v2\/types\/post"}],"author":[{"embeddable":true,"href":"https:\/\/www.suno.com.br\/noticias\/wp-json\/wp\/v2\/users\/39"}],"replies":[{"embeddable":true,"href":"https:\/\/www.suno.com.br\/noticias\/wp-json\/wp\/v2\/comments?post=160030"}],"version-history":[{"count":3,"href":"https:\/\/www.suno.com.br\/noticias\/wp-json\/wp\/v2\/posts\/160030\/revisions"}],"predecessor-version":[{"id":160410,"href":"https:\/\/www.suno.com.br\/noticias\/wp-json\/wp\/v2\/posts\/160030\/revisions\/160410"}],"wp:featuredmedia":[{"embeddable":true,"href":"https:\/\/www.suno.com.br\/noticias\/wp-json\/wp\/v2\/media\/139912"}],"wp:attachment":[{"href":"https:\/\/www.suno.com.br\/noticias\/wp-json\/wp\/v2\/media?parent=160030"}],"wp:term":[{"taxonomy":"category","embeddable":true,"href":"https:\/\/www.suno.com.br\/noticias\/wp-json\/wp\/v2\/categories?post=160030"},{"taxonomy":"post_tag","embeddable":true,"href":"https:\/\/www.suno.com.br\/noticias\/wp-json\/wp\/v2\/tags?post=160030"},{"taxonomy":"suno_strategy","embeddable":true,"href":"https:\/\/www.suno.com.br\/noticias\/wp-json\/wp\/v2\/suno_strategy?post=160030"}],"curies":[{"name":"wp","href":"https:\/\/api.w.org\/{rel}","templated":true}]}}