{"id":159997,"date":"2021-06-21T16:44:25","date_gmt":"2021-06-21T19:44:25","guid":{"rendered":"https:\/\/www.suno.com.br\/noticias\/?p=159997"},"modified":"2021-06-21T16:44:25","modified_gmt":"2021-06-21T19:44:25","slug":"biden-discutira-pacote-infraestrutura-reuniao-parlamentares","status":"publish","type":"post","link":"https:\/\/www.suno.com.br\/noticias\/biden-discutira-pacote-infraestrutura-reuniao-parlamentares\/","title":{"rendered":"Biden discutir\u00e1 pacote de infraestrutura hoje em reuni\u00e3o com parlamentares"},"content":{"rendered":"<p>Porta-voz da Casa Branca, Jen Psaki informou, durante entrevista coletiva nesta segunda-feira (21) que o presidente dos Estados Unidos, <strong>Joe Biden<\/strong>, ter\u00e1 uma reuni\u00e3o hoje com parlamentares norte-americanos sobre o <a href=\"https:\/\/www.suno.com.br\/noticias\/biden-proposta-orcamento-6-trilhoes\/\"><strong>pacote de infraestrutura<\/strong><\/a>. Segundo ela, h\u00e1 esfor\u00e7os &#8220;cont\u00ednuos&#8221; para concordar em uma proposta bipartid\u00e1ria para o plano de investimentos no setor.<\/p>\t<div class=\"wrapper-featured-image\">\n\t\t<figure class=\"spotlightImg\">\n\n\t\t\t<picture>\n\t\t\t\t<source media=\"(max-width: 768px)\" srcset=\"https:\/\/files.sunoresearch.com.br\/n\/uploads\/2021\/06\/4cf2a26b-whatsapp-image-2021-05-05-at-20.18.59-400x200.webp\">\n\t\t\t\t<img loading=\"lazy\" decoding=\"async\" class=\"newsContent__article__imgCapa lazyloadDisabled \" src=\"https:\/\/files.sunoresearch.com.br\/n\/uploads\/2021\/06\/4cf2a26b-whatsapp-image-2021-05-05-at-20.18.59-800x450.webp\" width=\"800\" height=\"450\" alt=\"Biden discutir\u00e1 pacote de infraestrutura hoje em reuni\u00e3o com parlamentares\" fetchpriority=high \/>\n\t\t\t<\/picture>\n\n\t\t\t<figcaption class=\"wp-caption-text wp-caption-text--show\">Estados Unidos devem ter crescimento lento e juros elevados mais tempo. Foto: Reprodu\u00e7\u00e3o Instagram<\/figcaption>\n\t\t<\/figure>\n\t<\/div>\n\n\n<p><span style=\"font-weight: 400;\">\u00a0\t<p>\n\t\t<a href=\"https:\/\/lp.suno.com.br\/planilha-controle-gastos\/\" target=\"_blank\" data-element=\"shortcode-suno-banner\" title=\"Banner SUNO, clique e saiba mais\">\n\t\t\t<picture>\n\t\t\t\t<source media=\"(max-width: 500px)\" srcset=\"https:\/\/files.sunoresearch.com.br\/n\/uploads\/2023\/03\/400x300-Planilha-controle-de-gastos.png\">\n\t\t\t\t<img class=\"newsContent__article__imgCapa newsContent__article__imgCapa--banner\"\n\t\t\t\t\tsrc=\"https:\/\/files.sunoresearch.com.br\/n\/uploads\/2023\/03\/1420x240-Planilha-controle-de-gastos.png\"\n\t\t\t\t\tdata-promo-id=\"101751\"\t\t\t\t\t\t\t\t\t\twidth='1420' height='240'\t\t\t\t\talt=\"https:\/\/files.sunoresearch.com.br\/n\/uploads\/2023\/03\/1420x240-Planilha-controle-de-gastos.png\"\n\t\t\t\t>\n\t\t\t<\/picture>\n\t\t<\/a>\n\t<\/p>\n\n\u00a0<\/span><\/p>\n<p>\u00c9 prov\u00e1vel, segundo Psaki, que Biden tenha mais reuni\u00f5es presenciais essa semana sobre o t\u00f3pico, uma vez que o presidente &#8220;n\u00e3o v\u00ea tempo ilimitado&#8221; para decidir se o pacote ser\u00e1, ou n\u00e3o, bipartid\u00e1rio.<\/p>\n<p>&#8220;N\u00e3o levar\u00e1 semanas&#8221; at\u00e9 que uma defini\u00e7\u00e3o sobre o tema seja tomada, disse a porta-voz.<\/p>\n<p><a href=\"https:\/\/lp.suno.com.br\/suno-one\/?ppp=noticias\/hospital-care-pedido-ipo-cvm\/\">Suno One: acesse gratuitamente eBooks, Minicursos, Artigos e V\u00eddeo Aulas sobre investimentos com um \u00fanico cadastro. Clique para saber mais!<\/a><\/p>\n<p>Psaki tamb\u00e9m anunciou que o presidente americano participar\u00e1 de uma &#8220;reuni\u00e3o de rotina&#8221; hoje com reguladores financeiros dos EUA.<\/p>\n<p>Segundo ela, Biden ser\u00e1 somente atualizado sobre a situa\u00e7\u00e3o da economia americana, e nenhuma decis\u00e3o pol\u00edtica dever\u00e1 ser tomada com base no encontro.<\/p>\n<h2>Yellen pede que empresas dos EUA adotem plano de infraestrutura de Biden<\/h2>\n<p><span style=\"font-weight: 400;\">\t<p>\n\t\t<a href=\"https:\/\/lp.suno.com.br\/planilha-da-vida-financeira\/\" target=\"_blank\" data-element=\"shortcode-suno-banner\" title=\"Banner SUNO, clique e saiba mais\">\n\t\t\t<picture>\n\t\t\t\t<source media=\"(max-width: 500px)\" srcset=\"https:\/\/files.sunoresearch.com.br\/n\/uploads\/2023\/04\/400x300-Planilha-vida-financeira-true.png\">\n\t\t\t\t<img class=\"newsContent__article__imgCapa newsContent__article__imgCapa--banner\"\n\t\t\t\t\tsrc=\"https:\/\/files.sunoresearch.com.br\/n\/uploads\/2023\/04\/1420x240-Planilha-vida-financeira-true.png\"\n\t\t\t\t\tdata-promo-id=\"106682\"\t\t\t\t\t\t\t\t\t\twidth='1420' height='240'\t\t\t\t\talt=\"https:\/\/files.sunoresearch.com.br\/n\/uploads\/2023\/04\/1420x240-Planilha-vida-financeira-true.png\"\n\t\t\t\t>\n\t\t\t<\/picture>\n\t\t<\/a>\n\t<\/p>\n\n \u00a0 \u00a0<\/span><\/p>\n<p>A secret\u00e1ria do <a href=\"https:\/\/www.suno.com.br\/artigos\/treasury-note\/\">Tesouro dos Estados Unidos<\/a>, <strong>Janet Yellen<\/strong>, informou em maio que no pa\u00eds, as empresas veriam lucros maiores e maior competitividade com o plano de infraestrutura de US$ 2,3 trilh\u00f5es de Joe Biden, em uma tentativa de superar o ceticismo corporativo da Am\u00e9rica \u00e0 medida que o pacote passa pelo Congresso.<\/p>\n<p>Durante discurso na C\u00e2mara de Com\u00e9rcio dos EUA, Yellen pediu aos principais executivos americanos que adotassem o projeto de infraestrutura de Biden, apesar do aumento do imposto de renda corporativo proposto para financi\u00e1-lo.<\/p>\n<p>&#8220;Estamos confiantes de que os investimentos e propostas fiscais no Plano de Emprego, tomados como um pacote, ir\u00e3o aumentar a lucratividade l\u00edquida de nossas corpora\u00e7\u00f5es e melhorar sua competitividade global&#8221;, disse a secret\u00e1ria sobre o <strong>pacote de infraestrutura<\/strong>, de acordo com coment\u00e1rios divulgados pelo Departamento do Tesouro dos EUA antes do Fala. &#8220;Esperamos que os l\u00edderes empresariais vejam as coisas desta forma e apoiem o Plano de Emprego.&#8221;<\/p>\n<p>(Com informa\u00e7\u00f5es de Estad\u00e3o Conte\u00fado)<\/p>\n<p><span style=\"font-weight: 400;\">\t<p>\n\t\t<a href=\"https:\/\/lp.suno.com.br\/planilha-de-controle-de-investimentos\/\" target=\"_blank\" data-element=\"shortcode-suno-banner\" title=\"Banner SUNO, clique e saiba mais\">\n\t\t\t<picture>\n\t\t\t\t<source media=\"(max-width: 500px)\" srcset=\"https:\/\/files.sunoresearch.com.br\/n\/uploads\/2023\/03\/400x300-Controle-de-Investimentos.png\">\n\t\t\t\t<img class=\"newsContent__article__imgCapa newsContent__article__imgCapa--banner\"\n\t\t\t\t\tsrc=\"https:\/\/files.sunoresearch.com.br\/n\/uploads\/2023\/03\/1420x240-Controle-de-Investimentos.png\"\n\t\t\t\t\tdata-promo-id=\"75934\"\t\t\t\t\t\t\t\t\t\twidth='1420' height='240'\t\t\t\t\talt=\"https:\/\/files.sunoresearch.com.br\/n\/uploads\/2023\/03\/1420x240-Controle-de-Investimentos.png\"\n\t\t\t\t>\n\t\t\t<\/picture>\n\t\t<\/a>\n\t<\/p>\n\n\u00a0<\/span><\/p>\n","protected":false},"excerpt":{"rendered":"<p>Porta-voz da Casa Branca, Jen Psaki informou, durante entrevista coletiva nesta segunda-feira (21) que o presidente dos Estados Unidos, Joe Biden, ter\u00e1 uma reuni\u00e3o hoje com parlamentares norte-americanos sobre o pacote de infraestrutura. Segundo ela, h\u00e1 esfor\u00e7os &#8220;cont\u00ednuos&#8221; para concordar em uma proposta bipartid\u00e1ria para o plano de investimentos no setor. Estados Unidos devem ter [&hellip;]<\/p>\n","protected":false},"author":56,"featured_media":154641,"comment_status":"closed","ping_status":"closed","sticky":false,"template":"","format":"standard","meta":[],"categories":[63],"tags":[793,73481,1176],"suno_strategy":[],"class_list":["post-159997","post","type-post","status-publish","format-standard","has-post-thumbnail","hentry","category-internacional","tag-estados-unidos-eua","tag-joe-biden","tag-ministerio-da-infraestrutura"],"yoast_head":"<!-- This site is optimized with the Yoast SEO plugin v24.4 - https:\/\/yoast.com\/wordpress\/plugins\/seo\/ -->\n<title>Biden discutir\u00e1 pacote de infraestrutura hoje em reuni\u00e3o com parlamentares<\/title>\n<meta name=\"description\" content=\"&quot;N\u00e3o levar\u00e1 semanas&quot; at\u00e9 que uma defini\u00e7\u00e3o sobre o tema seja tomada, disse a porta-voz da Casa Branca sobre o pacote de infraestrutura. Veja mais\" \/>\n<meta name=\"robots\" content=\"index, follow, max-snippet:-1, max-image-preview:large, max-video-preview:-1\" \/>\n<link rel=\"canonical\" href=\"https:\/\/www.suno.com.br\/noticias\/biden-discutira-pacote-infraestrutura-reuniao-parlamentares\/\" \/>\n<meta property=\"og:locale\" content=\"pt_BR\" \/>\n<meta property=\"og:type\" content=\"article\" \/>\n<meta property=\"og:title\" content=\"Biden discutir\u00e1 pacote de infraestrutura hoje em reuni\u00e3o com parlamentares\" \/>\n<meta property=\"og:description\" content=\"&quot;N\u00e3o levar\u00e1 semanas&quot; at\u00e9 que uma defini\u00e7\u00e3o sobre o tema seja tomada, disse a porta-voz da Casa Branca sobre o pacote de infraestrutura. Veja mais\" \/>\n<meta property=\"og:url\" content=\"https:\/\/www.suno.com.br\/noticias\/biden-discutira-pacote-infraestrutura-reuniao-parlamentares\/\" \/>\n<meta property=\"og:site_name\" content=\"Suno Not\u00edcias\" \/>\n<meta property=\"article:publisher\" content=\"https:\/\/facebook.com\/sunoresearch\" \/>\n<meta property=\"og:image\" content=\"https:\/\/files.sunoresearch.com.br\/n\/uploads\/2021\/06\/4cf2a26b-whatsapp-image-2021-05-05-at-20.18.59.jpg\" \/>\n\t<meta property=\"og:image:width\" content=\"1200\" \/>\n\t<meta property=\"og:image:height\" content=\"770\" \/>\n\t<meta property=\"og:image:type\" content=\"image\/jpeg\" \/>\n<meta name=\"author\" content=\"Rafaela La Regina\" \/>\n<meta name=\"twitter:card\" content=\"summary_large_image\" \/>\n<meta name=\"twitter:creator\" content=\"@sunoresearch\" \/>\n<meta name=\"twitter:site\" content=\"@sunoresearch\" \/>\n<meta name=\"twitter:label1\" content=\"Escrito por\" \/>\n\t<meta name=\"twitter:data1\" content=\"Rafaela La Regina\" \/>\n\t<meta name=\"twitter:label2\" content=\"Est. tempo de leitura\" \/>\n\t<meta name=\"twitter:data2\" content=\"2 minutos\" \/>\n<script type=\"application\/ld+json\" class=\"yoast-schema-graph\">{\"@context\":\"https:\/\/schema.org\",\"@graph\":[{\"@type\":\"NewsArticle\",\"@id\":\"https:\/\/www.suno.com.br\/noticias\/biden-discutira-pacote-infraestrutura-reuniao-parlamentares\/#article\",\"isPartOf\":{\"@id\":\"https:\/\/www.suno.com.br\/noticias\/biden-discutira-pacote-infraestrutura-reuniao-parlamentares\/\"},\"author\":{\"name\":\"Rafaela La Regina\",\"@id\":\"https:\/\/www.suno.com.br\/noticias\/#\/schema\/person\/e672ca8cea627fe715fa29bca7da95e0\"},\"headline\":\"Biden discutir\u00e1 pacote de infraestrutura hoje em reuni\u00e3o com parlamentares\",\"datePublished\":\"2021-06-21T19:44:25+00:00\",\"mainEntityOfPage\":{\"@id\":\"https:\/\/www.suno.com.br\/noticias\/biden-discutira-pacote-infraestrutura-reuniao-parlamentares\/\"},\"wordCount\":382,\"publisher\":{\"@id\":\"https:\/\/www.suno.com.br\/noticias\/#organization\"},\"image\":{\"@id\":\"https:\/\/www.suno.com.br\/noticias\/biden-discutira-pacote-infraestrutura-reuniao-parlamentares\/#primaryimage\"},\"thumbnailUrl\":\"https:\/\/files.sunoresearch.com.br\/n\/uploads\/2021\/06\/4cf2a26b-whatsapp-image-2021-05-05-at-20.18.59-jpg.webp\",\"keywords\":[\"Estados Unidos (EUA)\",\"Joe Biden\",\"Minist\u00e9rio da Infraestrutura\"],\"articleSection\":[\"Internacional\"],\"inLanguage\":\"pt-BR\"},{\"@type\":\"WebPage\",\"@id\":\"https:\/\/www.suno.com.br\/noticias\/biden-discutira-pacote-infraestrutura-reuniao-parlamentares\/\",\"url\":\"https:\/\/www.suno.com.br\/noticias\/biden-discutira-pacote-infraestrutura-reuniao-parlamentares\/\",\"name\":\"Biden discutir\u00e1 pacote de infraestrutura hoje em reuni\u00e3o com parlamentares\",\"isPartOf\":{\"@id\":\"https:\/\/www.suno.com.br\/noticias\/#website\"},\"primaryImageOfPage\":{\"@id\":\"https:\/\/www.suno.com.br\/noticias\/biden-discutira-pacote-infraestrutura-reuniao-parlamentares\/#primaryimage\"},\"image\":{\"@id\":\"https:\/\/www.suno.com.br\/noticias\/biden-discutira-pacote-infraestrutura-reuniao-parlamentares\/#primaryimage\"},\"thumbnailUrl\":\"https:\/\/files.sunoresearch.com.br\/n\/uploads\/2021\/06\/4cf2a26b-whatsapp-image-2021-05-05-at-20.18.59-jpg.webp\",\"datePublished\":\"2021-06-21T19:44:25+00:00\",\"description\":\"\\\"N\u00e3o levar\u00e1 semanas\\\" at\u00e9 que uma defini\u00e7\u00e3o sobre o tema seja tomada, disse a porta-voz da Casa Branca sobre o pacote de infraestrutura. Veja mais\",\"breadcrumb\":{\"@id\":\"https:\/\/www.suno.com.br\/noticias\/biden-discutira-pacote-infraestrutura-reuniao-parlamentares\/#breadcrumb\"},\"inLanguage\":\"pt-BR\",\"potentialAction\":[{\"@type\":\"ReadAction\",\"target\":[\"https:\/\/www.suno.com.br\/noticias\/biden-discutira-pacote-infraestrutura-reuniao-parlamentares\/\"]}]},{\"@type\":\"ImageObject\",\"inLanguage\":\"pt-BR\",\"@id\":\"https:\/\/www.suno.com.br\/noticias\/biden-discutira-pacote-infraestrutura-reuniao-parlamentares\/#primaryimage\",\"url\":\"https:\/\/files.sunoresearch.com.br\/n\/uploads\/2021\/06\/4cf2a26b-whatsapp-image-2021-05-05-at-20.18.59-jpg.webp\",\"contentUrl\":\"https:\/\/files.sunoresearch.com.br\/n\/uploads\/2021\/06\/4cf2a26b-whatsapp-image-2021-05-05-at-20.18.59-jpg.webp\",\"width\":1200,\"height\":770,\"caption\":\"Estados Unidos devem ter crescimento lento e juros elevados mais tempo. Foto: Reprodu\u00e7\u00e3o Instagram\"},{\"@type\":\"BreadcrumbList\",\"@id\":\"https:\/\/www.suno.com.br\/noticias\/biden-discutira-pacote-infraestrutura-reuniao-parlamentares\/#breadcrumb\",\"itemListElement\":[{\"@type\":\"ListItem\",\"position\":1,\"name\":\"Not\u00edcias\",\"item\":\"https:\/\/www.suno.com.br\/noticias\/\"},{\"@type\":\"ListItem\",\"position\":2,\"name\":\"Internacional\",\"item\":\"https:\/\/www.suno.com.br\/noticias\/internacional\/\"},{\"@type\":\"ListItem\",\"position\":3,\"name\":\"Biden discutir\u00e1 pacote de infraestrutura hoje em reuni\u00e3o com parlamentares\"}]},{\"@type\":\"WebSite\",\"@id\":\"https:\/\/www.suno.com.br\/noticias\/#website\",\"url\":\"https:\/\/www.suno.com.br\/noticias\/\",\"name\":\"Suno Not\u00edcias\",\"description\":\"Seu portal de informa\u00e7\u00e3o sobre o mundo dos investimentos\",\"publisher\":{\"@id\":\"https:\/\/www.suno.com.br\/noticias\/#organization\"},\"potentialAction\":[{\"@type\":\"SearchAction\",\"target\":{\"@type\":\"EntryPoint\",\"urlTemplate\":\"https:\/\/www.suno.com.br\/noticias\/?s={search_term_string}\"},\"query-input\":{\"@type\":\"PropertyValueSpecification\",\"valueRequired\":true,\"valueName\":\"search_term_string\"}}],\"inLanguage\":\"pt-BR\"},{\"@type\":\"Organization\",\"@id\":\"https:\/\/www.suno.com.br\/noticias\/#organization\",\"name\":\"Suno Not\u00edcias\",\"url\":\"https:\/\/www.suno.com.br\/noticias\/\",\"logo\":{\"@type\":\"ImageObject\",\"inLanguage\":\"pt-BR\",\"@id\":\"https:\/\/www.suno.com.br\/noticias\/#\/schema\/logo\/image\/\",\"url\":\"https:\/\/files.sunoresearch.com.br\/n\/uploads\/2021\/09\/suno-logo.png\",\"contentUrl\":\"https:\/\/files.sunoresearch.com.br\/n\/uploads\/2021\/09\/suno-logo.png\",\"width\":180,\"height\":180,\"caption\":\"Suno Not\u00edcias\"},\"image\":{\"@id\":\"https:\/\/www.suno.com.br\/noticias\/#\/schema\/logo\/image\/\"},\"sameAs\":[\"https:\/\/facebook.com\/sunoresearch\",\"https:\/\/x.com\/sunoresearch\",\"https:\/\/www.instagram.com\/suno\",\"https:\/\/www.linkedin.com\/company\/suno-research\/\",\"https:\/\/www.youtube.com\/c\/sunoresearch\"]},{\"@type\":\"Person\",\"@id\":\"https:\/\/www.suno.com.br\/noticias\/#\/schema\/person\/e672ca8cea627fe715fa29bca7da95e0\",\"name\":\"Rafaela La Regina\",\"image\":{\"@type\":\"ImageObject\",\"inLanguage\":\"pt-BR\",\"@id\":\"https:\/\/www.suno.com.br\/noticias\/#\/schema\/person\/image\/\",\"url\":\"https:\/\/secure.gravatar.com\/avatar\/d2c75a52d243deb93d0465fdcb21bd37?s=96&r=g\",\"contentUrl\":\"https:\/\/secure.gravatar.com\/avatar\/d2c75a52d243deb93d0465fdcb21bd37?s=96&r=g\",\"caption\":\"Rafaela La Regina\"},\"description\":\"Estagi\u00e1ria no Suno Not\u00edcias. Escreve sobre economia, pol\u00edtica e neg\u00f3cios. Estuda Rela\u00e7\u00f5es Internacionais no IBMEC-SP.\",\"url\":\"https:\/\/www.suno.com.br\/noticias\/author\/rafaela-la-regina\/\"}]}<\/script>\n<!-- \/ Yoast SEO plugin. -->","yoast_head_json":{"title":"Biden discutir\u00e1 pacote de infraestrutura hoje em reuni\u00e3o com parlamentares","description":"\"N\u00e3o levar\u00e1 semanas\" at\u00e9 que uma defini\u00e7\u00e3o sobre o tema seja tomada, disse a porta-voz da Casa Branca sobre o pacote de infraestrutura. Veja mais","robots":{"index":"index","follow":"follow","max-snippet":"max-snippet:-1","max-image-preview":"max-image-preview:large","max-video-preview":"max-video-preview:-1"},"canonical":"https:\/\/www.suno.com.br\/noticias\/biden-discutira-pacote-infraestrutura-reuniao-parlamentares\/","og_locale":"pt_BR","og_type":"article","og_title":"Biden discutir\u00e1 pacote de infraestrutura hoje em reuni\u00e3o com parlamentares","og_description":"\"N\u00e3o levar\u00e1 semanas\" at\u00e9 que uma defini\u00e7\u00e3o sobre o tema seja tomada, disse a porta-voz da Casa Branca sobre o pacote de infraestrutura. Veja mais","og_url":"https:\/\/www.suno.com.br\/noticias\/biden-discutira-pacote-infraestrutura-reuniao-parlamentares\/","og_site_name":"Suno Not\u00edcias","article_publisher":"https:\/\/facebook.com\/sunoresearch","og_image":[{"width":1200,"height":770,"url":"https:\/\/files.sunoresearch.com.br\/n\/uploads\/2021\/06\/4cf2a26b-whatsapp-image-2021-05-05-at-20.18.59.jpg","type":"image\/jpeg"}],"author":"Rafaela La Regina","twitter_card":"summary_large_image","twitter_creator":"@sunoresearch","twitter_site":"@sunoresearch","twitter_misc":{"Escrito por":"Rafaela La Regina","Est. tempo de leitura":"2 minutos"},"schema":{"@context":"https:\/\/schema.org","@graph":[{"@type":"NewsArticle","@id":"https:\/\/www.suno.com.br\/noticias\/biden-discutira-pacote-infraestrutura-reuniao-parlamentares\/#article","isPartOf":{"@id":"https:\/\/www.suno.com.br\/noticias\/biden-discutira-pacote-infraestrutura-reuniao-parlamentares\/"},"author":{"name":"Rafaela La Regina","@id":"https:\/\/www.suno.com.br\/noticias\/#\/schema\/person\/e672ca8cea627fe715fa29bca7da95e0"},"headline":"Biden discutir\u00e1 pacote de infraestrutura hoje em reuni\u00e3o com parlamentares","datePublished":"2021-06-21T19:44:25+00:00","mainEntityOfPage":{"@id":"https:\/\/www.suno.com.br\/noticias\/biden-discutira-pacote-infraestrutura-reuniao-parlamentares\/"},"wordCount":382,"publisher":{"@id":"https:\/\/www.suno.com.br\/noticias\/#organization"},"image":{"@id":"https:\/\/www.suno.com.br\/noticias\/biden-discutira-pacote-infraestrutura-reuniao-parlamentares\/#primaryimage"},"thumbnailUrl":"https:\/\/files.sunoresearch.com.br\/n\/uploads\/2021\/06\/4cf2a26b-whatsapp-image-2021-05-05-at-20.18.59-jpg.webp","keywords":["Estados Unidos (EUA)","Joe Biden","Minist\u00e9rio da Infraestrutura"],"articleSection":["Internacional"],"inLanguage":"pt-BR"},{"@type":"WebPage","@id":"https:\/\/www.suno.com.br\/noticias\/biden-discutira-pacote-infraestrutura-reuniao-parlamentares\/","url":"https:\/\/www.suno.com.br\/noticias\/biden-discutira-pacote-infraestrutura-reuniao-parlamentares\/","name":"Biden discutir\u00e1 pacote de infraestrutura hoje em reuni\u00e3o com parlamentares","isPartOf":{"@id":"https:\/\/www.suno.com.br\/noticias\/#website"},"primaryImageOfPage":{"@id":"https:\/\/www.suno.com.br\/noticias\/biden-discutira-pacote-infraestrutura-reuniao-parlamentares\/#primaryimage"},"image":{"@id":"https:\/\/www.suno.com.br\/noticias\/biden-discutira-pacote-infraestrutura-reuniao-parlamentares\/#primaryimage"},"thumbnailUrl":"https:\/\/files.sunoresearch.com.br\/n\/uploads\/2021\/06\/4cf2a26b-whatsapp-image-2021-05-05-at-20.18.59-jpg.webp","datePublished":"2021-06-21T19:44:25+00:00","description":"\"N\u00e3o levar\u00e1 semanas\" at\u00e9 que uma defini\u00e7\u00e3o sobre o tema seja tomada, disse a porta-voz da Casa Branca sobre o pacote de infraestrutura. Veja mais","breadcrumb":{"@id":"https:\/\/www.suno.com.br\/noticias\/biden-discutira-pacote-infraestrutura-reuniao-parlamentares\/#breadcrumb"},"inLanguage":"pt-BR","potentialAction":[{"@type":"ReadAction","target":["https:\/\/www.suno.com.br\/noticias\/biden-discutira-pacote-infraestrutura-reuniao-parlamentares\/"]}]},{"@type":"ImageObject","inLanguage":"pt-BR","@id":"https:\/\/www.suno.com.br\/noticias\/biden-discutira-pacote-infraestrutura-reuniao-parlamentares\/#primaryimage","url":"https:\/\/files.sunoresearch.com.br\/n\/uploads\/2021\/06\/4cf2a26b-whatsapp-image-2021-05-05-at-20.18.59-jpg.webp","contentUrl":"https:\/\/files.sunoresearch.com.br\/n\/uploads\/2021\/06\/4cf2a26b-whatsapp-image-2021-05-05-at-20.18.59-jpg.webp","width":1200,"height":770,"caption":"Estados Unidos devem ter crescimento lento e juros elevados mais tempo. Foto: Reprodu\u00e7\u00e3o Instagram"},{"@type":"BreadcrumbList","@id":"https:\/\/www.suno.com.br\/noticias\/biden-discutira-pacote-infraestrutura-reuniao-parlamentares\/#breadcrumb","itemListElement":[{"@type":"ListItem","position":1,"name":"Not\u00edcias","item":"https:\/\/www.suno.com.br\/noticias\/"},{"@type":"ListItem","position":2,"name":"Internacional","item":"https:\/\/www.suno.com.br\/noticias\/internacional\/"},{"@type":"ListItem","position":3,"name":"Biden discutir\u00e1 pacote de infraestrutura hoje em reuni\u00e3o com parlamentares"}]},{"@type":"WebSite","@id":"https:\/\/www.suno.com.br\/noticias\/#website","url":"https:\/\/www.suno.com.br\/noticias\/","name":"Suno Not\u00edcias","description":"Seu portal de informa\u00e7\u00e3o sobre o mundo dos investimentos","publisher":{"@id":"https:\/\/www.suno.com.br\/noticias\/#organization"},"potentialAction":[{"@type":"SearchAction","target":{"@type":"EntryPoint","urlTemplate":"https:\/\/www.suno.com.br\/noticias\/?s={search_term_string}"},"query-input":{"@type":"PropertyValueSpecification","valueRequired":true,"valueName":"search_term_string"}}],"inLanguage":"pt-BR"},{"@type":"Organization","@id":"https:\/\/www.suno.com.br\/noticias\/#organization","name":"Suno Not\u00edcias","url":"https:\/\/www.suno.com.br\/noticias\/","logo":{"@type":"ImageObject","inLanguage":"pt-BR","@id":"https:\/\/www.suno.com.br\/noticias\/#\/schema\/logo\/image\/","url":"https:\/\/files.sunoresearch.com.br\/n\/uploads\/2021\/09\/suno-logo.png","contentUrl":"https:\/\/files.sunoresearch.com.br\/n\/uploads\/2021\/09\/suno-logo.png","width":180,"height":180,"caption":"Suno Not\u00edcias"},"image":{"@id":"https:\/\/www.suno.com.br\/noticias\/#\/schema\/logo\/image\/"},"sameAs":["https:\/\/facebook.com\/sunoresearch","https:\/\/x.com\/sunoresearch","https:\/\/www.instagram.com\/suno","https:\/\/www.linkedin.com\/company\/suno-research\/","https:\/\/www.youtube.com\/c\/sunoresearch"]},{"@type":"Person","@id":"https:\/\/www.suno.com.br\/noticias\/#\/schema\/person\/e672ca8cea627fe715fa29bca7da95e0","name":"Rafaela La Regina","image":{"@type":"ImageObject","inLanguage":"pt-BR","@id":"https:\/\/www.suno.com.br\/noticias\/#\/schema\/person\/image\/","url":"https:\/\/secure.gravatar.com\/avatar\/d2c75a52d243deb93d0465fdcb21bd37?s=96&r=g","contentUrl":"https:\/\/secure.gravatar.com\/avatar\/d2c75a52d243deb93d0465fdcb21bd37?s=96&r=g","caption":"Rafaela La Regina"},"description":"Estagi\u00e1ria no Suno Not\u00edcias. Escreve sobre economia, pol\u00edtica e neg\u00f3cios. Estuda Rela\u00e7\u00f5es Internacionais no IBMEC-SP.","url":"https:\/\/www.suno.com.br\/noticias\/author\/rafaela-la-regina\/"}]}},"default_loop_html":"<div class=\"cardsPage__listCard__boxs\"><div class=\"cardsPage__listCard__boxs__img\"><a href=\"https:\/\/www.suno.com.br\/noticias\/biden-discutira-pacote-infraestrutura-reuniao-parlamentares\/\"><img class=\"mask\" src=\"https:\/\/www.suno.com.br\/noticias\/wp-content\/themes\/suno\/resources\/images\/spotlight\/spotlight1img\/bg-mask.png\" alt=\"Image Mask\"\/><img src=\"https:\/\/files.sunoresearch.com.br\/n\/uploads\/2021\/06\/4cf2a26b-whatsapp-image-2021-05-05-at-20.18.59-400x200.webp\" alt=\"Biden discutir\u00e1 pacote de infraestrutura hoje em reuni\u00e3o com parlamentares\"\/><\/a><span class=\"spotlightCategory\"><a href=\"https:\/\/www.suno.com.br\/noticias\/internacional\/\">Internacional<\/a><\/span><\/div><div class=\"cardsPage__listCard__boxs__content\"><a href=\"https:\/\/www.suno.com.br\/noticias\/biden-discutira-pacote-infraestrutura-reuniao-parlamentares\/\"><h2 class=\"content__title\">Biden discutir\u00e1 pacote de infraestrutura hoje em reuni\u00e3o com parlamentares<\/h2><\/a><div class=\"newsContent__article__meta\"><div class=\"newsContent__article__meta__authorBox\"><a href=\"https:\/\/www.suno.com.br\/noticias\/author\/rafaela-la-regina\/\" class=\"authorBox__avatar noMobi\"><img src=\"https:\/\/secure.gravatar.com\/avatar\/d2c75a52d243deb93d0465fdcb21bd37?s=96&#038;r=g\" alt=\"Rafaela La Regina\"><\/a><div class=\"authorBox__name\"><span>por\n\t\t\t<a href=\"https:\/\/www.suno.com.br\/noticias\/author\/rafaela-la-regina\/\"><span itemprop=\"author\">Rafaela La Regina<\/span><\/a><\/span><time datetime=\"2021-06-21T16:44:25-03:00\" itemprop=\"datePublished\">21\/06\/2021 16:44<\/time><\/div><\/div><\/div><\/div><\/div>","single_layout":"posts","amp_enabled":true,"_links":{"self":[{"href":"https:\/\/www.suno.com.br\/noticias\/wp-json\/wp\/v2\/posts\/159997"}],"collection":[{"href":"https:\/\/www.suno.com.br\/noticias\/wp-json\/wp\/v2\/posts"}],"about":[{"href":"https:\/\/www.suno.com.br\/noticias\/wp-json\/wp\/v2\/types\/post"}],"author":[{"embeddable":true,"href":"https:\/\/www.suno.com.br\/noticias\/wp-json\/wp\/v2\/users\/56"}],"replies":[{"embeddable":true,"href":"https:\/\/www.suno.com.br\/noticias\/wp-json\/wp\/v2\/comments?post=159997"}],"version-history":[{"count":2,"href":"https:\/\/www.suno.com.br\/noticias\/wp-json\/wp\/v2\/posts\/159997\/revisions"}],"predecessor-version":[{"id":160011,"href":"https:\/\/www.suno.com.br\/noticias\/wp-json\/wp\/v2\/posts\/159997\/revisions\/160011"}],"wp:featuredmedia":[{"embeddable":true,"href":"https:\/\/www.suno.com.br\/noticias\/wp-json\/wp\/v2\/media\/154641"}],"wp:attachment":[{"href":"https:\/\/www.suno.com.br\/noticias\/wp-json\/wp\/v2\/media?parent=159997"}],"wp:term":[{"taxonomy":"category","embeddable":true,"href":"https:\/\/www.suno.com.br\/noticias\/wp-json\/wp\/v2\/categories?post=159997"},{"taxonomy":"post_tag","embeddable":true,"href":"https:\/\/www.suno.com.br\/noticias\/wp-json\/wp\/v2\/tags?post=159997"},{"taxonomy":"suno_strategy","embeddable":true,"href":"https:\/\/www.suno.com.br\/noticias\/wp-json\/wp\/v2\/suno_strategy?post=159997"}],"curies":[{"name":"wp","href":"https:\/\/api.w.org\/{rel}","templated":true}]}}