{"id":159823,"date":"2021-06-21T09:38:41","date_gmt":"2021-06-21T12:38:41","guid":{"rendered":"https:\/\/www.suno.com.br\/noticias\/?p=159823"},"modified":"2021-06-21T18:50:02","modified_gmt":"2021-06-21T21:50:02","slug":"nubank-anitta-conselho-administracao","status":"publish","type":"post","link":"https:\/\/www.suno.com.br\/noticias\/nubank-anitta-conselho-administracao\/","title":{"rendered":"Nubank: Anitta assume cadeira do conselho de administra\u00e7\u00e3o"},"content":{"rendered":"<p>O <strong>Nubank<\/strong> informou que a Anitta ir\u00e1 fazer parte do seu conselho de administra\u00e7\u00e3o, confirmando a not\u00edcia que circulou no mercado no come\u00e7o do m\u00eas. A cantora participar\u00e1 das reuni\u00f5es trimestrais e auxiliar\u00e1 nas decis\u00f5es estrat\u00e9gicas da fintech.<\/p>\t<div class=\"wrapper-featured-image\">\n\t\t<figure class=\"spotlightImg\">\n\n\t\t\t<picture>\n\t\t\t\t<source media=\"(max-width: 768px)\" srcset=\"https:\/\/files.sunoresearch.com.br\/n\/uploads\/2021\/06\/a692ba91-nubank-400x200.webp\">\n\t\t\t\t<img loading=\"lazy\" decoding=\"async\" class=\"newsContent__article__imgCapa lazyloadDisabled \" src=\"https:\/\/files.sunoresearch.com.br\/n\/uploads\/2021\/06\/a692ba91-nubank-800x450.webp\" width=\"800\" height=\"450\" alt=\"Nubank: Anitta assume cadeira do conselho de administra\u00e7\u00e3o\" fetchpriority=high \/>\n\t\t\t<\/picture>\n\n\t\t\t<figcaption class=\"wp-caption-text wp-caption-text--show\">David V\u00e9lez, Anitta, Cristina Junqueira. Foto: Reprodu\u00e7\u00e3o Nubank<\/figcaption>\n\t\t<\/figure>\n\t<\/div>\n\n\n\t<p>\n\t\t<a href=\"https:\/\/lp.suno.com.br\/planilha-controle-gastos\/\" target=\"_blank\" data-element=\"shortcode-suno-banner\" title=\"Banner SUNO, clique e saiba mais\">\n\t\t\t<picture>\n\t\t\t\t<source media=\"(max-width: 500px)\" srcset=\"https:\/\/files.sunoresearch.com.br\/n\/uploads\/2023\/03\/400x300-Planilha-controle-de-gastos.png\">\n\t\t\t\t<img class=\"newsContent__article__imgCapa newsContent__article__imgCapa--banner\"\n\t\t\t\t\tsrc=\"https:\/\/files.sunoresearch.com.br\/n\/uploads\/2023\/03\/1420x240-Planilha-controle-de-gastos.png\"\n\t\t\t\t\tdata-promo-id=\"101751\"\t\t\t\t\t\t\t\t\t\twidth='1420' height='240'\t\t\t\t\talt=\"https:\/\/files.sunoresearch.com.br\/n\/uploads\/2023\/03\/1420x240-Planilha-controle-de-gastos.png\"\n\t\t\t\t>\n\t\t\t<\/picture>\n\t\t<\/a>\n\t<\/p>\n\n\n<p>Dessa forma, diferente de que o mercado esperava, a <strong>Anitta<\/strong> n\u00e3o far\u00e1 propaganda ou marketing para o Nubank. A cantora &#8212; a artista mais influente do Brasil e uma das maiores da Am\u00e9rica Latina &#8212; \u00e9 tamb\u00e9m uma empres\u00e1ria que usou sua vis\u00e3o para expandir sua carreira internacionalmente.<\/p>\n<p><a href=\"https:\/\/lp.suno.com.br\/suno-one\/\"><span style=\"font-weight: 400;\">Suno One: acesse gratuitamente eBooks, Minicursos, Artigos e Video Aulas sobre investimentos com um \u00fanico cadastro. Clique para saber mais!<\/span><\/a><\/p>\n<p>&#8220;Anitta tem profundo conhecimento do comportamento dos consumidores nesses mercados que tem explorado e tem muita experi\u00eancia em estrat\u00e9gias de marketing vencedoras. Essas compet\u00eancias foram chave para a convidarmos para o conselho&#8221;, disse o fundador e CEO da fintech, David V\u00e9lez.<\/p>\n<p><iframe loading=\"lazy\" title=\"Anitta nova conselheira do Nubank, Grupo P\u00e3o de A\u00e7ucar (PCAR3) na mira de Michael Klein\" width=\"1080\" height=\"608\" src=\"https:\/\/www.youtube.com\/embed\/eZeoRTqDYe0?feature=oembed&#038;enablejsapi=1&#038;origin=https:\/\/www.suno.com.br\" frameborder=\"0\" allow=\"accelerometer; autoplay; clipboard-write; encrypted-media; gyroscope; picture-in-picture\" allowfullscreen><\/iframe><\/p>\n<p>O an\u00fancio do Nubank vem um m\u00eas ap\u00f3s receber um aporte de US$ 500 milh\u00f5es de<strong> Warren Buffet<\/strong> e se tornar o quinto banco mais valorizado do pa\u00eds, superando valor de mercado estimado de US$ 30 bilh\u00f5es.<\/p>\n\t<p>\n\t\t<a href=\"https:\/\/lp.suno.com.br\/planilha-de-controle-de-investimentos\/\" target=\"_blank\" data-element=\"shortcode-suno-banner\" title=\"Banner SUNO, clique e saiba mais\">\n\t\t\t<picture>\n\t\t\t\t<source media=\"(max-width: 500px)\" srcset=\"https:\/\/files.sunoresearch.com.br\/n\/uploads\/2023\/03\/400x300-Controle-de-Investimentos.png\">\n\t\t\t\t<img class=\"newsContent__article__imgCapa newsContent__article__imgCapa--banner\"\n\t\t\t\t\tsrc=\"https:\/\/files.sunoresearch.com.br\/n\/uploads\/2023\/03\/1420x240-Controle-de-Investimentos.png\"\n\t\t\t\t\tdata-promo-id=\"75934\"\t\t\t\t\t\t\t\t\t\twidth='1420' height='240'\t\t\t\t\talt=\"https:\/\/files.sunoresearch.com.br\/n\/uploads\/2023\/03\/1420x240-Controle-de-Investimentos.png\"\n\t\t\t\t>\n\t\t\t<\/picture>\n\t\t<\/a>\n\t<\/p>\n\n\n<p>A cantora se torna a terceira mulher do conselho administrativo do banco e ir\u00e1 atuar ao lado de outras profissionais como <strong>Anita Sands<\/strong>, professora da universidade americana de Princeton e a atual presidente do Conselho Consultivo Econ\u00f4mico do Fed, <strong>Jacqueline Reses<\/strong>.<\/p>\n<p>&#8220;Anitta est\u00e1 reinventando a cena cultural nos \u00faltimos anos e compartilhamos do mesmo DNA de inova\u00e7\u00e3o. \u00c9 uma empres\u00e1ria de sucesso que vai nos ajudar a aprimorar ainda mais os produtos para nossos clientes&#8221;, disse a cofundadora do nubank, Cristina Junqueira.<\/p>\n<h2>Nubank deve mirar IPO e expans\u00e3o internacional com Buffett como parceiro<\/h2>\n<p>O <a href=\"https:\/\/www.suno.com.br\/noticias\/nubank-aporte-berkshire-hathaway\/\">an\u00fancio do investimento de US$ 500 milh\u00f5es<\/a> (cerca de R$ 2,51 bilh\u00f5es) da <a class=\"suno-keyword\" href=\"https:\/\/www.suno.com.br\/artigos\/berkshire-hathaway\/\" target=\"_blank\" rel=\"noopener noreferrer\" data-force=\"no\" data-priority=\"2\">Berkshire Hathaway<\/a> (BERK34), holding do megainvestidor <a href=\"https:\/\/www.suno.com.br\/artigos\/especial-warren-buffett\/\">Warren Buffett, <\/a>no <strong>Nubank<\/strong> surpreendeu o mercado. Normalmente avessa a empresas que queimam caixa e sem grandes vantagens competitivas, a Berkshire aposta agora na fintech do cart\u00e3o roxo, que deve aproveitar para realizar um <a href=\"https:\/\/www.suno.com.br\/artigos\/ipo\/\">IPO (oferta p\u00fablica inicial de a\u00e7\u00f5es, em ingl\u00eas)<\/a> logo e, principalmente, expandir a opera\u00e7\u00e3o para al\u00e9m do Brasil.<\/p>\n\t<div data-element=\"shortcode-read-more\" class=\"knowMore\">\n\t\t\t\t<span class=\"knowMore__title\">Saiba Mais<\/span>\n\t\t\t\t<a class=\"knowMore__link\" href=\"https:\/\/www.suno.com.br\/noticias\/nubank-ipo-internacional\/\">\n\t\t\tNubank deve mirar IPO e expans\u00e3o internacional com Buffett como parceiro\t\t<\/a>\n\t<\/div>\n\n\n<p>Para isso, segundo especialistas ouvidos pelo <strong>SUNO Not\u00edcias<\/strong>, o Nubank deve n\u00e3o s\u00f3 contar com os US$ 500 milh\u00f5es da Berkshire, mas tamb\u00e9m com o aux\u00edlio dos gestores da companhia norte-americana para abrir as portas dessa expans\u00e3o internacional.<\/p>\n<p>&#8220;O investimento do Buffet tamb\u00e9m traz um branding para o <strong>Nubank<\/strong>. No Brasil, eles j\u00e1 entenderam o mercado e, para mim, a quest\u00e3o clara \u00e9 sobre como fazer a expans\u00e3o global, at\u00e9 porque o Buffet n\u00e3o iria investir em uma empresa que s\u00f3 iria olhar o Brasil&#8221;, disse o professor de MBA da Faculdade Unisinos, Fabrizio Gueratto, financista do Canal 1Bilh\u00e3o.<\/p>\n\t<p>\n\t\t<a href=\"https:\/\/lp.suno.com.br\/planilha-da-vida-financeira\/\" target=\"_blank\" data-element=\"shortcode-suno-banner\" title=\"Banner SUNO, clique e saiba mais\">\n\t\t\t<picture>\n\t\t\t\t<source media=\"(max-width: 500px)\" srcset=\"https:\/\/files.sunoresearch.com.br\/n\/uploads\/2023\/04\/400x300-Planilha-vida-financeira-true.png\">\n\t\t\t\t<img class=\"newsContent__article__imgCapa newsContent__article__imgCapa--banner\"\n\t\t\t\t\tsrc=\"https:\/\/files.sunoresearch.com.br\/n\/uploads\/2023\/04\/1420x240-Planilha-vida-financeira-true.png\"\n\t\t\t\t\tdata-promo-id=\"106682\"\t\t\t\t\t\t\t\t\t\twidth='1420' height='240'\t\t\t\t\talt=\"https:\/\/files.sunoresearch.com.br\/n\/uploads\/2023\/04\/1420x240-Planilha-vida-financeira-true.png\"\n\t\t\t\t>\n\t\t\t<\/picture>\n\t\t<\/a>\n\t<\/p>\n\n\n","protected":false},"excerpt":{"rendered":"<p>O Nubank informou que a Anitta ir\u00e1 fazer parte do seu conselho de administra\u00e7\u00e3o, confirmando a not\u00edcia que circulou no mercado no come\u00e7o do m\u00eas. A cantora participar\u00e1 das reuni\u00f5es trimestrais e auxiliar\u00e1 nas decis\u00f5es estrat\u00e9gicas da fintech. David V\u00e9lez, Anitta, Cristina Junqueira. Foto: Reprodu\u00e7\u00e3o Nubank Dessa forma, diferente de que o mercado esperava, a [&hellip;]<\/p>\n","protected":false},"author":15,"featured_media":159831,"comment_status":"closed","ping_status":"closed","sticky":false,"template":"","format":"standard","meta":[],"categories":[64],"tags":[106387,848],"suno_strategy":[],"class_list":["post-159823","post","type-post","status-publish","format-standard","has-post-thumbnail","hentry","category-negocios","tag-anitta","tag-nubank"],"yoast_head":"<!-- This site is optimized with the Yoast SEO plugin v24.4 - https:\/\/yoast.com\/wordpress\/plugins\/seo\/ -->\n<title>Nubank: Anitta assume cadeira do conselho de administra\u00e7\u00e3o<\/title>\n<meta name=\"description\" content=\"O Nubank informou que a cantora pop Anitta ir\u00e1 fazer parte do seu conselho de administra\u00e7\u00e3o. Para saber mais clique aqui e confira\" \/>\n<meta name=\"robots\" content=\"index, follow, max-snippet:-1, max-image-preview:large, max-video-preview:-1\" \/>\n<link rel=\"canonical\" href=\"https:\/\/www.suno.com.br\/noticias\/nubank-anitta-conselho-administracao\/\" \/>\n<meta property=\"og:locale\" content=\"pt_BR\" \/>\n<meta property=\"og:type\" content=\"article\" \/>\n<meta property=\"og:title\" content=\"Nubank: Anitta assume cadeira do conselho de administra\u00e7\u00e3o\" \/>\n<meta property=\"og:description\" content=\"O Nubank informou que a cantora pop Anitta ir\u00e1 fazer parte do seu conselho de administra\u00e7\u00e3o. Para saber mais clique aqui e confira\" \/>\n<meta property=\"og:url\" content=\"https:\/\/www.suno.com.br\/noticias\/nubank-anitta-conselho-administracao\/\" \/>\n<meta property=\"og:site_name\" content=\"Suno Not\u00edcias\" \/>\n<meta property=\"article:publisher\" content=\"https:\/\/facebook.com\/sunoresearch\" \/>\n<meta property=\"og:image\" content=\"https:\/\/files.sunoresearch.com.br\/n\/uploads\/2021\/06\/a692ba91-nubank.jpg\" \/>\n\t<meta property=\"og:image:width\" content=\"1536\" \/>\n\t<meta property=\"og:image:height\" content=\"666\" \/>\n\t<meta property=\"og:image:type\" content=\"image\/jpeg\" \/>\n<meta name=\"author\" content=\"Poliana Santos\" \/>\n<meta name=\"twitter:card\" content=\"summary_large_image\" \/>\n<meta name=\"twitter:creator\" content=\"@sunoresearch\" \/>\n<meta name=\"twitter:site\" content=\"@sunoresearch\" \/>\n<meta name=\"twitter:label1\" content=\"Escrito por\" \/>\n\t<meta name=\"twitter:data1\" content=\"Poliana Santos\" \/>\n\t<meta name=\"twitter:label2\" content=\"Est. tempo de leitura\" \/>\n\t<meta name=\"twitter:data2\" content=\"3 minutos\" \/>\n<script type=\"application\/ld+json\" class=\"yoast-schema-graph\">{\"@context\":\"https:\/\/schema.org\",\"@graph\":[{\"@type\":\"NewsArticle\",\"@id\":\"https:\/\/www.suno.com.br\/noticias\/nubank-anitta-conselho-administracao\/#article\",\"isPartOf\":{\"@id\":\"https:\/\/www.suno.com.br\/noticias\/nubank-anitta-conselho-administracao\/\"},\"author\":{\"name\":\"Poliana Santos\",\"@id\":\"https:\/\/www.suno.com.br\/noticias\/#\/schema\/person\/02ec1f752758247878a2bf4abee1aeda\"},\"headline\":\"Nubank: Anitta assume cadeira do conselho de administra\u00e7\u00e3o\",\"datePublished\":\"2021-06-21T12:38:41+00:00\",\"dateModified\":\"2021-06-21T21:50:02+00:00\",\"mainEntityOfPage\":{\"@id\":\"https:\/\/www.suno.com.br\/noticias\/nubank-anitta-conselho-administracao\/\"},\"wordCount\":518,\"publisher\":{\"@id\":\"https:\/\/www.suno.com.br\/noticias\/#organization\"},\"image\":{\"@id\":\"https:\/\/www.suno.com.br\/noticias\/nubank-anitta-conselho-administracao\/#primaryimage\"},\"thumbnailUrl\":\"https:\/\/files.sunoresearch.com.br\/n\/uploads\/2021\/06\/a692ba91-nubank-jpg.webp\",\"keywords\":[\"Anitta\",\"Nubank (NUBR33)\"],\"articleSection\":[\"Neg\u00f3cios\"],\"inLanguage\":\"pt-BR\"},{\"@type\":\"WebPage\",\"@id\":\"https:\/\/www.suno.com.br\/noticias\/nubank-anitta-conselho-administracao\/\",\"url\":\"https:\/\/www.suno.com.br\/noticias\/nubank-anitta-conselho-administracao\/\",\"name\":\"Nubank: Anitta assume cadeira do conselho de administra\u00e7\u00e3o\",\"isPartOf\":{\"@id\":\"https:\/\/www.suno.com.br\/noticias\/#website\"},\"primaryImageOfPage\":{\"@id\":\"https:\/\/www.suno.com.br\/noticias\/nubank-anitta-conselho-administracao\/#primaryimage\"},\"image\":{\"@id\":\"https:\/\/www.suno.com.br\/noticias\/nubank-anitta-conselho-administracao\/#primaryimage\"},\"thumbnailUrl\":\"https:\/\/files.sunoresearch.com.br\/n\/uploads\/2021\/06\/a692ba91-nubank-jpg.webp\",\"datePublished\":\"2021-06-21T12:38:41+00:00\",\"dateModified\":\"2021-06-21T21:50:02+00:00\",\"description\":\"O Nubank informou que a cantora pop Anitta ir\u00e1 fazer parte do seu conselho de administra\u00e7\u00e3o. Para saber mais clique aqui e confira\",\"breadcrumb\":{\"@id\":\"https:\/\/www.suno.com.br\/noticias\/nubank-anitta-conselho-administracao\/#breadcrumb\"},\"inLanguage\":\"pt-BR\",\"potentialAction\":[{\"@type\":\"ReadAction\",\"target\":[\"https:\/\/www.suno.com.br\/noticias\/nubank-anitta-conselho-administracao\/\"]}]},{\"@type\":\"ImageObject\",\"inLanguage\":\"pt-BR\",\"@id\":\"https:\/\/www.suno.com.br\/noticias\/nubank-anitta-conselho-administracao\/#primaryimage\",\"url\":\"https:\/\/files.sunoresearch.com.br\/n\/uploads\/2021\/06\/a692ba91-nubank-jpg.webp\",\"contentUrl\":\"https:\/\/files.sunoresearch.com.br\/n\/uploads\/2021\/06\/a692ba91-nubank-jpg.webp\",\"width\":1536,\"height\":666,\"caption\":\"David V\u00e9lez, Anitta, Cristina Junqueira. Foto: Reprodu\u00e7\u00e3o Nubank\"},{\"@type\":\"BreadcrumbList\",\"@id\":\"https:\/\/www.suno.com.br\/noticias\/nubank-anitta-conselho-administracao\/#breadcrumb\",\"itemListElement\":[{\"@type\":\"ListItem\",\"position\":1,\"name\":\"Not\u00edcias\",\"item\":\"https:\/\/www.suno.com.br\/noticias\/\"},{\"@type\":\"ListItem\",\"position\":2,\"name\":\"Neg\u00f3cios\",\"item\":\"https:\/\/www.suno.com.br\/noticias\/negocios\/\"},{\"@type\":\"ListItem\",\"position\":3,\"name\":\"Nubank: Anitta assume cadeira do conselho de administra\u00e7\u00e3o\"}]},{\"@type\":\"WebSite\",\"@id\":\"https:\/\/www.suno.com.br\/noticias\/#website\",\"url\":\"https:\/\/www.suno.com.br\/noticias\/\",\"name\":\"Suno Not\u00edcias\",\"description\":\"Seu portal de informa\u00e7\u00e3o sobre o mundo dos investimentos\",\"publisher\":{\"@id\":\"https:\/\/www.suno.com.br\/noticias\/#organization\"},\"potentialAction\":[{\"@type\":\"SearchAction\",\"target\":{\"@type\":\"EntryPoint\",\"urlTemplate\":\"https:\/\/www.suno.com.br\/noticias\/?s={search_term_string}\"},\"query-input\":{\"@type\":\"PropertyValueSpecification\",\"valueRequired\":true,\"valueName\":\"search_term_string\"}}],\"inLanguage\":\"pt-BR\"},{\"@type\":\"Organization\",\"@id\":\"https:\/\/www.suno.com.br\/noticias\/#organization\",\"name\":\"Suno Not\u00edcias\",\"url\":\"https:\/\/www.suno.com.br\/noticias\/\",\"logo\":{\"@type\":\"ImageObject\",\"inLanguage\":\"pt-BR\",\"@id\":\"https:\/\/www.suno.com.br\/noticias\/#\/schema\/logo\/image\/\",\"url\":\"https:\/\/files.sunoresearch.com.br\/n\/uploads\/2021\/09\/suno-logo.png\",\"contentUrl\":\"https:\/\/files.sunoresearch.com.br\/n\/uploads\/2021\/09\/suno-logo.png\",\"width\":180,\"height\":180,\"caption\":\"Suno Not\u00edcias\"},\"image\":{\"@id\":\"https:\/\/www.suno.com.br\/noticias\/#\/schema\/logo\/image\/\"},\"sameAs\":[\"https:\/\/facebook.com\/sunoresearch\",\"https:\/\/x.com\/sunoresearch\",\"https:\/\/www.instagram.com\/suno\",\"https:\/\/www.linkedin.com\/company\/suno-research\/\",\"https:\/\/www.youtube.com\/c\/sunoresearch\"]},{\"@type\":\"Person\",\"@id\":\"https:\/\/www.suno.com.br\/noticias\/#\/schema\/person\/02ec1f752758247878a2bf4abee1aeda\",\"name\":\"Poliana Santos\",\"image\":{\"@type\":\"ImageObject\",\"inLanguage\":\"pt-BR\",\"@id\":\"https:\/\/www.suno.com.br\/noticias\/#\/schema\/person\/image\/\",\"url\":\"https:\/\/secure.gravatar.com\/avatar\/0645bd32f23d87b2130f2b2dff1d3f8d?s=96&r=g\",\"contentUrl\":\"https:\/\/secure.gravatar.com\/avatar\/0645bd32f23d87b2130f2b2dff1d3f8d?s=96&r=g\",\"caption\":\"Poliana Santos\"},\"description\":\"Rep\u00f3rter no Suno Not\u00edcias, com cobertura em mercado financeiro, economia, finan\u00e7as pessoais, renda fixa e varejo. Jornalista formada pela Faculdade C\u00e1sper L\u00edbero e possui passagem na R\u00e1dio Gazeta AM com a produ\u00e7\u00e3o de conte\u00fado sobre economia, pol\u00edtica, sa\u00fade, moda e m\u00fasica. Possui certificado de conclus\u00e3o do curso de An\u00e1lise de Balan\u00e7os pela Funda\u00e7\u00e3o Bradesco, Agenda Brasil pela FAAP, Educa\u00e7\u00e3o Pol\u00edtica por Alexandre Garcia e do Tesouro Direto e Mercado de A\u00e7\u00f5es pela B3.\",\"url\":\"https:\/\/www.suno.com.br\/noticias\/author\/poliana-santos\/\"}]}<\/script>\n<!-- \/ Yoast SEO plugin. -->","yoast_head_json":{"title":"Nubank: Anitta assume cadeira do conselho de administra\u00e7\u00e3o","description":"O Nubank informou que a cantora pop Anitta ir\u00e1 fazer parte do seu conselho de administra\u00e7\u00e3o. Para saber mais clique aqui e confira","robots":{"index":"index","follow":"follow","max-snippet":"max-snippet:-1","max-image-preview":"max-image-preview:large","max-video-preview":"max-video-preview:-1"},"canonical":"https:\/\/www.suno.com.br\/noticias\/nubank-anitta-conselho-administracao\/","og_locale":"pt_BR","og_type":"article","og_title":"Nubank: Anitta assume cadeira do conselho de administra\u00e7\u00e3o","og_description":"O Nubank informou que a cantora pop Anitta ir\u00e1 fazer parte do seu conselho de administra\u00e7\u00e3o. Para saber mais clique aqui e confira","og_url":"https:\/\/www.suno.com.br\/noticias\/nubank-anitta-conselho-administracao\/","og_site_name":"Suno Not\u00edcias","article_publisher":"https:\/\/facebook.com\/sunoresearch","og_image":[{"width":1536,"height":666,"url":"https:\/\/files.sunoresearch.com.br\/n\/uploads\/2021\/06\/a692ba91-nubank.jpg","type":"image\/jpeg"}],"author":"Poliana Santos","twitter_card":"summary_large_image","twitter_creator":"@sunoresearch","twitter_site":"@sunoresearch","twitter_misc":{"Escrito por":"Poliana Santos","Est. tempo de leitura":"3 minutos"},"schema":{"@context":"https:\/\/schema.org","@graph":[{"@type":"NewsArticle","@id":"https:\/\/www.suno.com.br\/noticias\/nubank-anitta-conselho-administracao\/#article","isPartOf":{"@id":"https:\/\/www.suno.com.br\/noticias\/nubank-anitta-conselho-administracao\/"},"author":{"name":"Poliana Santos","@id":"https:\/\/www.suno.com.br\/noticias\/#\/schema\/person\/02ec1f752758247878a2bf4abee1aeda"},"headline":"Nubank: Anitta assume cadeira do conselho de administra\u00e7\u00e3o","datePublished":"2021-06-21T12:38:41+00:00","dateModified":"2021-06-21T21:50:02+00:00","mainEntityOfPage":{"@id":"https:\/\/www.suno.com.br\/noticias\/nubank-anitta-conselho-administracao\/"},"wordCount":518,"publisher":{"@id":"https:\/\/www.suno.com.br\/noticias\/#organization"},"image":{"@id":"https:\/\/www.suno.com.br\/noticias\/nubank-anitta-conselho-administracao\/#primaryimage"},"thumbnailUrl":"https:\/\/files.sunoresearch.com.br\/n\/uploads\/2021\/06\/a692ba91-nubank-jpg.webp","keywords":["Anitta","Nubank (NUBR33)"],"articleSection":["Neg\u00f3cios"],"inLanguage":"pt-BR"},{"@type":"WebPage","@id":"https:\/\/www.suno.com.br\/noticias\/nubank-anitta-conselho-administracao\/","url":"https:\/\/www.suno.com.br\/noticias\/nubank-anitta-conselho-administracao\/","name":"Nubank: Anitta assume cadeira do conselho de administra\u00e7\u00e3o","isPartOf":{"@id":"https:\/\/www.suno.com.br\/noticias\/#website"},"primaryImageOfPage":{"@id":"https:\/\/www.suno.com.br\/noticias\/nubank-anitta-conselho-administracao\/#primaryimage"},"image":{"@id":"https:\/\/www.suno.com.br\/noticias\/nubank-anitta-conselho-administracao\/#primaryimage"},"thumbnailUrl":"https:\/\/files.sunoresearch.com.br\/n\/uploads\/2021\/06\/a692ba91-nubank-jpg.webp","datePublished":"2021-06-21T12:38:41+00:00","dateModified":"2021-06-21T21:50:02+00:00","description":"O Nubank informou que a cantora pop Anitta ir\u00e1 fazer parte do seu conselho de administra\u00e7\u00e3o. Para saber mais clique aqui e confira","breadcrumb":{"@id":"https:\/\/www.suno.com.br\/noticias\/nubank-anitta-conselho-administracao\/#breadcrumb"},"inLanguage":"pt-BR","potentialAction":[{"@type":"ReadAction","target":["https:\/\/www.suno.com.br\/noticias\/nubank-anitta-conselho-administracao\/"]}]},{"@type":"ImageObject","inLanguage":"pt-BR","@id":"https:\/\/www.suno.com.br\/noticias\/nubank-anitta-conselho-administracao\/#primaryimage","url":"https:\/\/files.sunoresearch.com.br\/n\/uploads\/2021\/06\/a692ba91-nubank-jpg.webp","contentUrl":"https:\/\/files.sunoresearch.com.br\/n\/uploads\/2021\/06\/a692ba91-nubank-jpg.webp","width":1536,"height":666,"caption":"David V\u00e9lez, Anitta, Cristina Junqueira. Foto: Reprodu\u00e7\u00e3o Nubank"},{"@type":"BreadcrumbList","@id":"https:\/\/www.suno.com.br\/noticias\/nubank-anitta-conselho-administracao\/#breadcrumb","itemListElement":[{"@type":"ListItem","position":1,"name":"Not\u00edcias","item":"https:\/\/www.suno.com.br\/noticias\/"},{"@type":"ListItem","position":2,"name":"Neg\u00f3cios","item":"https:\/\/www.suno.com.br\/noticias\/negocios\/"},{"@type":"ListItem","position":3,"name":"Nubank: Anitta assume cadeira do conselho de administra\u00e7\u00e3o"}]},{"@type":"WebSite","@id":"https:\/\/www.suno.com.br\/noticias\/#website","url":"https:\/\/www.suno.com.br\/noticias\/","name":"Suno Not\u00edcias","description":"Seu portal de informa\u00e7\u00e3o sobre o mundo dos investimentos","publisher":{"@id":"https:\/\/www.suno.com.br\/noticias\/#organization"},"potentialAction":[{"@type":"SearchAction","target":{"@type":"EntryPoint","urlTemplate":"https:\/\/www.suno.com.br\/noticias\/?s={search_term_string}"},"query-input":{"@type":"PropertyValueSpecification","valueRequired":true,"valueName":"search_term_string"}}],"inLanguage":"pt-BR"},{"@type":"Organization","@id":"https:\/\/www.suno.com.br\/noticias\/#organization","name":"Suno Not\u00edcias","url":"https:\/\/www.suno.com.br\/noticias\/","logo":{"@type":"ImageObject","inLanguage":"pt-BR","@id":"https:\/\/www.suno.com.br\/noticias\/#\/schema\/logo\/image\/","url":"https:\/\/files.sunoresearch.com.br\/n\/uploads\/2021\/09\/suno-logo.png","contentUrl":"https:\/\/files.sunoresearch.com.br\/n\/uploads\/2021\/09\/suno-logo.png","width":180,"height":180,"caption":"Suno Not\u00edcias"},"image":{"@id":"https:\/\/www.suno.com.br\/noticias\/#\/schema\/logo\/image\/"},"sameAs":["https:\/\/facebook.com\/sunoresearch","https:\/\/x.com\/sunoresearch","https:\/\/www.instagram.com\/suno","https:\/\/www.linkedin.com\/company\/suno-research\/","https:\/\/www.youtube.com\/c\/sunoresearch"]},{"@type":"Person","@id":"https:\/\/www.suno.com.br\/noticias\/#\/schema\/person\/02ec1f752758247878a2bf4abee1aeda","name":"Poliana Santos","image":{"@type":"ImageObject","inLanguage":"pt-BR","@id":"https:\/\/www.suno.com.br\/noticias\/#\/schema\/person\/image\/","url":"https:\/\/secure.gravatar.com\/avatar\/0645bd32f23d87b2130f2b2dff1d3f8d?s=96&r=g","contentUrl":"https:\/\/secure.gravatar.com\/avatar\/0645bd32f23d87b2130f2b2dff1d3f8d?s=96&r=g","caption":"Poliana Santos"},"description":"Rep\u00f3rter no Suno Not\u00edcias, com cobertura em mercado financeiro, economia, finan\u00e7as pessoais, renda fixa e varejo. Jornalista formada pela Faculdade C\u00e1sper L\u00edbero e possui passagem na R\u00e1dio Gazeta AM com a produ\u00e7\u00e3o de conte\u00fado sobre economia, pol\u00edtica, sa\u00fade, moda e m\u00fasica. Possui certificado de conclus\u00e3o do curso de An\u00e1lise de Balan\u00e7os pela Funda\u00e7\u00e3o Bradesco, Agenda Brasil pela FAAP, Educa\u00e7\u00e3o Pol\u00edtica por Alexandre Garcia e do Tesouro Direto e Mercado de A\u00e7\u00f5es pela B3.","url":"https:\/\/www.suno.com.br\/noticias\/author\/poliana-santos\/"}]}},"default_loop_html":"<div class=\"cardsPage__listCard__boxs\"><div class=\"cardsPage__listCard__boxs__img\"><a href=\"https:\/\/www.suno.com.br\/noticias\/nubank-anitta-conselho-administracao\/\"><img class=\"mask\" src=\"https:\/\/www.suno.com.br\/noticias\/wp-content\/themes\/suno\/resources\/images\/spotlight\/spotlight1img\/bg-mask.png\" alt=\"Image Mask\"\/><img src=\"https:\/\/files.sunoresearch.com.br\/n\/uploads\/2021\/06\/a692ba91-nubank-400x200.webp\" alt=\"Nubank: Anitta assume cadeira do conselho de administra\u00e7\u00e3o\"\/><\/a><span class=\"spotlightCategory\"><a href=\"https:\/\/www.suno.com.br\/noticias\/negocios\/\">Neg\u00f3cios<\/a><\/span><\/div><div class=\"cardsPage__listCard__boxs__content\"><a href=\"https:\/\/www.suno.com.br\/noticias\/nubank-anitta-conselho-administracao\/\"><h2 class=\"content__title\">Nubank: Anitta assume cadeira do conselho de administra\u00e7\u00e3o<\/h2><\/a><div class=\"newsContent__article__meta\"><div class=\"newsContent__article__meta__authorBox\"><a href=\"https:\/\/www.suno.com.br\/noticias\/author\/poliana-santos\/\" class=\"authorBox__avatar noMobi\"><img src=\"https:\/\/files.sunoresearch.com.br\/n\/uploads\/2020\/08\/7ef34026-whatsapp-image-2020-08-03-at-12.37.57-150x150.webp\" alt=\"Poliana Santos\"><\/a><div class=\"authorBox__name\"><span>por\n\t\t\t<a href=\"https:\/\/www.suno.com.br\/noticias\/author\/poliana-santos\/\"><span itemprop=\"author\">Poliana Santos<\/span><\/a><\/span><time datetime=\"2021-06-21T09:38:41-03:00\" itemprop=\"datePublished\">21\/06\/2021 09:38<\/time><\/div><\/div><\/div><\/div><\/div>","single_layout":"posts","amp_enabled":true,"_links":{"self":[{"href":"https:\/\/www.suno.com.br\/noticias\/wp-json\/wp\/v2\/posts\/159823"}],"collection":[{"href":"https:\/\/www.suno.com.br\/noticias\/wp-json\/wp\/v2\/posts"}],"about":[{"href":"https:\/\/www.suno.com.br\/noticias\/wp-json\/wp\/v2\/types\/post"}],"author":[{"embeddable":true,"href":"https:\/\/www.suno.com.br\/noticias\/wp-json\/wp\/v2\/users\/15"}],"replies":[{"embeddable":true,"href":"https:\/\/www.suno.com.br\/noticias\/wp-json\/wp\/v2\/comments?post=159823"}],"version-history":[{"count":3,"href":"https:\/\/www.suno.com.br\/noticias\/wp-json\/wp\/v2\/posts\/159823\/revisions"}],"predecessor-version":[{"id":160048,"href":"https:\/\/www.suno.com.br\/noticias\/wp-json\/wp\/v2\/posts\/159823\/revisions\/160048"}],"wp:featuredmedia":[{"embeddable":true,"href":"https:\/\/www.suno.com.br\/noticias\/wp-json\/wp\/v2\/media\/159831"}],"wp:attachment":[{"href":"https:\/\/www.suno.com.br\/noticias\/wp-json\/wp\/v2\/media?parent=159823"}],"wp:term":[{"taxonomy":"category","embeddable":true,"href":"https:\/\/www.suno.com.br\/noticias\/wp-json\/wp\/v2\/categories?post=159823"},{"taxonomy":"post_tag","embeddable":true,"href":"https:\/\/www.suno.com.br\/noticias\/wp-json\/wp\/v2\/tags?post=159823"},{"taxonomy":"suno_strategy","embeddable":true,"href":"https:\/\/www.suno.com.br\/noticias\/wp-json\/wp\/v2\/suno_strategy?post=159823"}],"curies":[{"name":"wp","href":"https:\/\/api.w.org\/{rel}","templated":true}]}}