{"id":159816,"date":"2021-06-21T08:54:29","date_gmt":"2021-06-21T11:54:29","guid":{"rendered":"https:\/\/www.suno.com.br\/noticias\/?p=159816"},"modified":"2021-06-21T09:29:58","modified_gmt":"2021-06-21T12:29:58","slug":"boletim-focus-selic-2021","status":"publish","type":"post","link":"https:\/\/www.suno.com.br\/noticias\/boletim-focus-selic-2021\/","title":{"rendered":"Boletim Focus eleva proje\u00e7\u00e3o da taxa Selic para 6,50% em 2021"},"content":{"rendered":"<p>Segundo o <strong>Boletim Focus<\/strong> divulgado nesta segunda-feira (21), a taxa b\u00e1sica de juros (Selic) em 2021 dever\u00e1 ser 6,50%. A previs\u00e3o \u00e9 maior do que a da semana passada, quando estava previsto em 6,25%. H\u00e1 quatro semanas atr\u00e1s estava em 5,50%.<\/p>\t<div class=\"wrapper-featured-image\">\n\t\t<figure class=\"spotlightImg\">\n\n\t\t\t<picture>\n\t\t\t\t<source media=\"(max-width: 768px)\" srcset=\"https:\/\/files.sunoresearch.com.br\/n\/uploads\/2021\/05\/96dd9332-coins-1523383_1280-400x200.webp\">\n\t\t\t\t<img loading=\"lazy\" decoding=\"async\" class=\"newsContent__article__imgCapa lazyloadDisabled \" src=\"https:\/\/files.sunoresearch.com.br\/n\/uploads\/2021\/05\/96dd9332-coins-1523383_1280-800x450.webp\" width=\"800\" height=\"450\" alt=\"Boletim Focus eleva proje\u00e7\u00e3o da taxa Selic para 6,50% em 2021\" fetchpriority=high \/>\n\t\t\t<\/picture>\n\n\t\t\t<figcaption class=\"wp-caption-text wp-caption-text--show\">Moedas. Foto: Pixabay<\/figcaption>\n\t\t<\/figure>\n\t<\/div>\n\n\n\t<p>\n\t\t<a href=\"https:\/\/lp.suno.com.br\/planilha-controle-gastos\/\" target=\"_blank\" data-element=\"shortcode-suno-banner\" title=\"Banner SUNO, clique e saiba mais\">\n\t\t\t<picture>\n\t\t\t\t<source media=\"(max-width: 500px)\" srcset=\"https:\/\/files.sunoresearch.com.br\/n\/uploads\/2023\/03\/400x300-Planilha-controle-de-gastos.png\">\n\t\t\t\t<img class=\"newsContent__article__imgCapa newsContent__article__imgCapa--banner\"\n\t\t\t\t\tsrc=\"https:\/\/files.sunoresearch.com.br\/n\/uploads\/2023\/03\/1420x240-Planilha-controle-de-gastos.png\"\n\t\t\t\t\tdata-promo-id=\"101751\"\t\t\t\t\t\t\t\t\t\twidth='1420' height='240'\t\t\t\t\talt=\"https:\/\/files.sunoresearch.com.br\/n\/uploads\/2023\/03\/1420x240-Planilha-controle-de-gastos.png\"\n\t\t\t\t>\n\t\t\t<\/picture>\n\t\t<\/a>\n\t<\/p>\n\n\n<p>No caso de 2022, a proje\u00e7\u00e3o do Boletim Focus manteve-se em 6,50% ao ano, um m\u00eas antes a previs\u00e3o era de 6,50%. Para 2023, \u00e9 de 6,50%, h\u00e1 quatro semanas atr\u00e1s estava tamb\u00e9m em 6,50. Para 2024, ficou em 6,50%.<\/p>\n<p><a href=\"https:\/\/lp.suno.com.br\/suno-one\/\">Suno One: acesse gratuitamente eBooks, Minicursos, Artigos e V\u00eddeo Aulas sobre investimentos com um \u00fanico cadastro. Clique para saber mais!<\/a><\/p>\n<p>Por sua vez, o <a class=\"suno-keyword\" href=\"https:\/\/www.suno.com.br\/artigos\/ipca\/\" target=\"_blank\" rel=\"noopener noreferrer\" data-force=\"no\" data-priority=\"2\">\u00cdndice Nacional de Pre\u00e7os ao Consumidor Amplo (IPCA)<\/a> em 2021 dever\u00e1 ser 5,90%, conforme o Boletim Focus. Na semana passada a proje\u00e7\u00e3o era de 5,82% e h\u00e1 quatro semanas estava em 5,36%.<\/p>\n<p>A proje\u00e7\u00e3o dos economistas do Boletim Focus para a infla\u00e7\u00e3o j\u00e1 est\u00e1 acima do centro da meta de 2021, de 3,75%, sendo que a margem de toler\u00e2ncia \u00e9 de 1,5 ponto (de 2,25% a 5,25%). A meta de 2022 \u00e9 de 3,51%, com margem de 1,5 ponto (de 2,00% a 5,00%), enquanto o par\u00e2metro para 2023 \u00e9 de infla\u00e7\u00e3o de 3,25%, com margem de 1,5 ponto (de 1,75% a 4,75%).<\/p>\n<h2>Boletim Focus eleva proje\u00e7\u00e3o do PIB pela nona semana seguida<\/h2>\n<p>Os especialistas elevaram as expectativas sobre o Produto Interno Bruto (PIB), que em 2021 dever\u00e1 ser de 5,00% ao ano. A previs\u00e3o \u00e9 maior do que a da semana passada, quando o crescimento previsto era de 4,85%.<\/p>\n<p>H\u00e1 quatro semanas, o Boletim Focus indicava um crescimento do PIB de 3,52% em 2021.<\/p>\n<p><span style=\"font-weight: 400;\">\t<p>\n\t\t<a href=\"https:\/\/lp.suno.com.br\/planilha-de-controle-de-investimentos\/\" target=\"_blank\" data-element=\"shortcode-suno-banner\" title=\"Banner SUNO, clique e saiba mais\">\n\t\t\t<picture>\n\t\t\t\t<source media=\"(max-width: 500px)\" srcset=\"https:\/\/files.sunoresearch.com.br\/n\/uploads\/2023\/03\/400x300-Controle-de-Investimentos.png\">\n\t\t\t\t<img class=\"newsContent__article__imgCapa newsContent__article__imgCapa--banner\"\n\t\t\t\t\tsrc=\"https:\/\/files.sunoresearch.com.br\/n\/uploads\/2023\/03\/1420x240-Controle-de-Investimentos.png\"\n\t\t\t\t\tdata-promo-id=\"75934\"\t\t\t\t\t\t\t\t\t\twidth='1420' height='240'\t\t\t\t\talt=\"https:\/\/files.sunoresearch.com.br\/n\/uploads\/2023\/03\/1420x240-Controle-de-Investimentos.png\"\n\t\t\t\t>\n\t\t\t<\/picture>\n\t\t<\/a>\n\t<\/p>\n\n<\/span><\/p>\n<p>As previs\u00f5es para o PIB de 2022 pioraram. Os especialistas do mercado que participam da pesquisa semanal realizada pelo <a href=\"https:\/\/www.suno.com.br\/artigos\/bacen\/\">Banco Central (BC)<\/a> indicaram um crescimento do PIB de 2,10%, contra uma previs\u00e3o da semana passada de 2,20%. Para 2023 a previs\u00e3o se manteve est\u00e1vel, com um crescimento de 2,50%.<\/p>\n<h2>Resumo do Boletim Focus<\/h2>\n<p>Veja, em detalhes, as proje\u00e7\u00f5es mais importantes para 2021 e 2022:<\/p>\n<h2>2021<\/h2>\n<ul>\n<li><strong>PIB:<\/strong> a proje\u00e7\u00e3o \u00e9 de um crescimento da economia de 5,00%;<\/li>\n<li><strong>IPCA: <\/strong>a proje\u00e7\u00e3o passou de 5,85% para 5,93%;<\/li>\n<li><strong>Taxa Selic:<\/strong> a previs\u00e3o ficou em 6,50%;<\/li>\n<li><strong>D\u00f3lar:<\/strong> a previs\u00e3o do c\u00e2mbio \u00e9 de R$ 5,10;<\/li>\n<li><strong>Balan\u00e7a Comercial:<\/strong> a expectativa para o super\u00e1vit ficou em US$ 68,70 bilh\u00f5es;<\/li>\n<li><strong><a class=\"suno-keyword\" href=\"https:\/\/www.suno.com.br\/artigos\/investimento-estrangeiro-direto-ied\/\" target=\"_blank\" rel=\"noopener noreferrer\" data-force=\"no\" data-priority=\"1\">Investimento Estrangeiro Direto<\/a>: <\/strong>os especialistas aumentou a previs\u00e3o para US$ 58,15 bilh\u00f5es;<\/li>\n<li><strong><a href=\"https:\/\/www.suno.com.br\/artigos\/deficit-primario\/\">D\u00e9ficit Prim\u00e1rio<\/a>: <\/strong>a previs\u00e3o ficou em -2,52% do PIB;<\/li>\n<li><strong>Resultado Nominal: <\/strong>a previs\u00e3o ficou em -6,82% do PIB.<\/li>\n<\/ul>\n<h2>2022<\/h2>\n<ul>\n<li><strong>PIB:<\/strong> a proje\u00e7\u00e3o do crescimento da economia reduziu-se para 2,10%;<\/li>\n<li><strong>IPCA: <\/strong>a proje\u00e7\u00e3o manteve-se em 3,74%;<\/li>\n<li><strong>Taxa Selic:<\/strong> a estimativa ficou em 6,50%;<\/li>\n<li><strong>D\u00f3lar:<\/strong> os especialistas aumentaram a proje\u00e7\u00e3o em R$ 5,20<\/li>\n<li><strong>Balan\u00e7a Comercial:<\/strong> a expectativa para o super\u00e1vit ficou em US$ 60,35 bilh\u00f5es;<\/li>\n<li><strong>Investimento Estrangeiro Direto: <\/strong>a previs\u00e3o ficou em R$ 66,99 bilh\u00f5es;<\/li>\n<li><strong>D\u00e9ficit Prim\u00e1rio: <\/strong>a previs\u00e3o ficou em -1,80%<\/li>\n<li><strong>Resultado Nominal: <\/strong>a expectativa ficou em -6,58%.<\/li>\n<\/ul>\n<p>O <a href=\"https:\/\/www.youtube.com\/watch?v=5xXH4baJrtc\"><strong>Boletim Focus<\/strong><\/a> \u00e9 elaborado semanalmente pelo Banco Central. S\u00e3o utilizadas as proje\u00e7\u00f5es dos especialistas das 100 principais institui\u00e7\u00f5es ligadas ao mercado financeiro do Brasil.<\/p>\n\t<p>\n\t\t<a href=\"https:\/\/lp.suno.com.br\/planilha-da-vida-financeira\/\" target=\"_blank\" data-element=\"shortcode-suno-banner\" title=\"Banner SUNO, clique e saiba mais\">\n\t\t\t<picture>\n\t\t\t\t<source media=\"(max-width: 500px)\" srcset=\"https:\/\/files.sunoresearch.com.br\/n\/uploads\/2023\/04\/400x300-Planilha-vida-financeira-true.png\">\n\t\t\t\t<img class=\"newsContent__article__imgCapa newsContent__article__imgCapa--banner\"\n\t\t\t\t\tsrc=\"https:\/\/files.sunoresearch.com.br\/n\/uploads\/2023\/04\/1420x240-Planilha-vida-financeira-true.png\"\n\t\t\t\t\tdata-promo-id=\"106682\"\t\t\t\t\t\t\t\t\t\twidth='1420' height='240'\t\t\t\t\talt=\"https:\/\/files.sunoresearch.com.br\/n\/uploads\/2023\/04\/1420x240-Planilha-vida-financeira-true.png\"\n\t\t\t\t>\n\t\t\t<\/picture>\n\t\t<\/a>\n\t<\/p>\n\n\n","protected":false},"excerpt":{"rendered":"<p>Segundo o Boletim Focus divulgado nesta segunda-feira (21), a taxa b\u00e1sica de juros (Selic) em 2021 dever\u00e1 ser 6,50%. A previs\u00e3o \u00e9 maior do que a da semana passada, quando estava previsto em 6,25%. H\u00e1 quatro semanas atr\u00e1s estava em 5,50%. Moedas. Foto: Pixabay No caso de 2022, a proje\u00e7\u00e3o do Boletim Focus manteve-se em [&hellip;]<\/p>\n","protected":false},"author":15,"featured_media":152797,"comment_status":"closed","ping_status":"closed","sticky":false,"template":"","format":"standard","meta":[],"categories":[62],"tags":[834,290],"suno_strategy":[],"class_list":["post-159816","post","type-post","status-publish","format-standard","has-post-thumbnail","hentry","category-economia","tag-boletim-focus","tag-taxa-selic"],"yoast_head":"<!-- This site is optimized with the Yoast SEO plugin v24.4 - https:\/\/yoast.com\/wordpress\/plugins\/seo\/ -->\n<title>Boletim Focus eleva proje\u00e7\u00e3o da taxa Selic para 6,50% em 2021<\/title>\n<meta name=\"description\" content=\"Segundo o Boletim Focus divulgado nesta segunda-feira (21), a taxa b\u00e1sica de juros (Selic) em 2021 dever\u00e1 ser 6,50%.\" \/>\n<meta name=\"robots\" content=\"index, follow, max-snippet:-1, max-image-preview:large, max-video-preview:-1\" \/>\n<link rel=\"canonical\" href=\"https:\/\/www.suno.com.br\/noticias\/boletim-focus-selic-2021\/\" \/>\n<meta property=\"og:locale\" content=\"pt_BR\" \/>\n<meta property=\"og:type\" content=\"article\" \/>\n<meta property=\"og:title\" content=\"Boletim Focus eleva proje\u00e7\u00e3o da taxa Selic para 6,50% em 2021\" \/>\n<meta property=\"og:description\" content=\"Segundo o Boletim Focus divulgado nesta segunda-feira (21), a taxa b\u00e1sica de juros (Selic) em 2021 dever\u00e1 ser 6,50%.\" \/>\n<meta property=\"og:url\" content=\"https:\/\/www.suno.com.br\/noticias\/boletim-focus-selic-2021\/\" \/>\n<meta property=\"og:site_name\" content=\"Suno Not\u00edcias\" \/>\n<meta property=\"article:publisher\" content=\"https:\/\/facebook.com\/sunoresearch\" \/>\n<meta property=\"og:image\" content=\"https:\/\/files.sunoresearch.com.br\/n\/uploads\/2021\/05\/96dd9332-coins-1523383_1280.jpg\" \/>\n\t<meta property=\"og:image:width\" content=\"1280\" \/>\n\t<meta property=\"og:image:height\" content=\"853\" \/>\n\t<meta property=\"og:image:type\" content=\"image\/jpeg\" \/>\n<meta name=\"author\" content=\"Poliana Santos\" \/>\n<meta name=\"twitter:card\" content=\"summary_large_image\" \/>\n<meta name=\"twitter:creator\" content=\"@sunoresearch\" \/>\n<meta name=\"twitter:site\" content=\"@sunoresearch\" \/>\n<meta name=\"twitter:label1\" content=\"Escrito por\" \/>\n\t<meta name=\"twitter:data1\" content=\"Poliana Santos\" \/>\n\t<meta name=\"twitter:label2\" content=\"Est. tempo de leitura\" \/>\n\t<meta name=\"twitter:data2\" content=\"2 minutos\" \/>\n<script type=\"application\/ld+json\" class=\"yoast-schema-graph\">{\"@context\":\"https:\/\/schema.org\",\"@graph\":[{\"@type\":\"NewsArticle\",\"@id\":\"https:\/\/www.suno.com.br\/noticias\/boletim-focus-selic-2021\/#article\",\"isPartOf\":{\"@id\":\"https:\/\/www.suno.com.br\/noticias\/boletim-focus-selic-2021\/\"},\"author\":{\"name\":\"Poliana Santos\",\"@id\":\"https:\/\/www.suno.com.br\/noticias\/#\/schema\/person\/02ec1f752758247878a2bf4abee1aeda\"},\"headline\":\"Boletim Focus eleva proje\u00e7\u00e3o da taxa Selic para 6,50% em 2021\",\"datePublished\":\"2021-06-21T11:54:29+00:00\",\"dateModified\":\"2021-06-21T12:29:58+00:00\",\"mainEntityOfPage\":{\"@id\":\"https:\/\/www.suno.com.br\/noticias\/boletim-focus-selic-2021\/\"},\"wordCount\":508,\"publisher\":{\"@id\":\"https:\/\/www.suno.com.br\/noticias\/#organization\"},\"image\":{\"@id\":\"https:\/\/www.suno.com.br\/noticias\/boletim-focus-selic-2021\/#primaryimage\"},\"thumbnailUrl\":\"https:\/\/files.sunoresearch.com.br\/n\/uploads\/2021\/05\/96dd9332-coins-1523383_1280-jpg.webp\",\"keywords\":[\"Boletim Focus\",\"Taxa Selic\"],\"articleSection\":[\"Economia\"],\"inLanguage\":\"pt-BR\"},{\"@type\":\"WebPage\",\"@id\":\"https:\/\/www.suno.com.br\/noticias\/boletim-focus-selic-2021\/\",\"url\":\"https:\/\/www.suno.com.br\/noticias\/boletim-focus-selic-2021\/\",\"name\":\"Boletim Focus eleva proje\u00e7\u00e3o da taxa Selic para 6,50% em 2021\",\"isPartOf\":{\"@id\":\"https:\/\/www.suno.com.br\/noticias\/#website\"},\"primaryImageOfPage\":{\"@id\":\"https:\/\/www.suno.com.br\/noticias\/boletim-focus-selic-2021\/#primaryimage\"},\"image\":{\"@id\":\"https:\/\/www.suno.com.br\/noticias\/boletim-focus-selic-2021\/#primaryimage\"},\"thumbnailUrl\":\"https:\/\/files.sunoresearch.com.br\/n\/uploads\/2021\/05\/96dd9332-coins-1523383_1280-jpg.webp\",\"datePublished\":\"2021-06-21T11:54:29+00:00\",\"dateModified\":\"2021-06-21T12:29:58+00:00\",\"description\":\"Segundo o Boletim Focus divulgado nesta segunda-feira (21), a taxa b\u00e1sica de juros (Selic) em 2021 dever\u00e1 ser 6,50%.\",\"breadcrumb\":{\"@id\":\"https:\/\/www.suno.com.br\/noticias\/boletim-focus-selic-2021\/#breadcrumb\"},\"inLanguage\":\"pt-BR\",\"potentialAction\":[{\"@type\":\"ReadAction\",\"target\":[\"https:\/\/www.suno.com.br\/noticias\/boletim-focus-selic-2021\/\"]}]},{\"@type\":\"ImageObject\",\"inLanguage\":\"pt-BR\",\"@id\":\"https:\/\/www.suno.com.br\/noticias\/boletim-focus-selic-2021\/#primaryimage\",\"url\":\"https:\/\/files.sunoresearch.com.br\/n\/uploads\/2021\/05\/96dd9332-coins-1523383_1280-jpg.webp\",\"contentUrl\":\"https:\/\/files.sunoresearch.com.br\/n\/uploads\/2021\/05\/96dd9332-coins-1523383_1280-jpg.webp\",\"width\":1280,\"height\":853,\"caption\":\"Moedas. Foto: Pixabay\"},{\"@type\":\"BreadcrumbList\",\"@id\":\"https:\/\/www.suno.com.br\/noticias\/boletim-focus-selic-2021\/#breadcrumb\",\"itemListElement\":[{\"@type\":\"ListItem\",\"position\":1,\"name\":\"Not\u00edcias\",\"item\":\"https:\/\/www.suno.com.br\/noticias\/\"},{\"@type\":\"ListItem\",\"position\":2,\"name\":\"Economia\",\"item\":\"https:\/\/www.suno.com.br\/noticias\/economia\/\"},{\"@type\":\"ListItem\",\"position\":3,\"name\":\"Boletim Focus eleva proje\u00e7\u00e3o da taxa Selic para 6,50% em 2021\"}]},{\"@type\":\"WebSite\",\"@id\":\"https:\/\/www.suno.com.br\/noticias\/#website\",\"url\":\"https:\/\/www.suno.com.br\/noticias\/\",\"name\":\"Suno Not\u00edcias\",\"description\":\"Seu portal de informa\u00e7\u00e3o sobre o mundo dos investimentos\",\"publisher\":{\"@id\":\"https:\/\/www.suno.com.br\/noticias\/#organization\"},\"potentialAction\":[{\"@type\":\"SearchAction\",\"target\":{\"@type\":\"EntryPoint\",\"urlTemplate\":\"https:\/\/www.suno.com.br\/noticias\/?s={search_term_string}\"},\"query-input\":{\"@type\":\"PropertyValueSpecification\",\"valueRequired\":true,\"valueName\":\"search_term_string\"}}],\"inLanguage\":\"pt-BR\"},{\"@type\":\"Organization\",\"@id\":\"https:\/\/www.suno.com.br\/noticias\/#organization\",\"name\":\"Suno Not\u00edcias\",\"url\":\"https:\/\/www.suno.com.br\/noticias\/\",\"logo\":{\"@type\":\"ImageObject\",\"inLanguage\":\"pt-BR\",\"@id\":\"https:\/\/www.suno.com.br\/noticias\/#\/schema\/logo\/image\/\",\"url\":\"https:\/\/files.sunoresearch.com.br\/n\/uploads\/2021\/09\/suno-logo.png\",\"contentUrl\":\"https:\/\/files.sunoresearch.com.br\/n\/uploads\/2021\/09\/suno-logo.png\",\"width\":180,\"height\":180,\"caption\":\"Suno Not\u00edcias\"},\"image\":{\"@id\":\"https:\/\/www.suno.com.br\/noticias\/#\/schema\/logo\/image\/\"},\"sameAs\":[\"https:\/\/facebook.com\/sunoresearch\",\"https:\/\/x.com\/sunoresearch\",\"https:\/\/www.instagram.com\/suno\",\"https:\/\/www.linkedin.com\/company\/suno-research\/\",\"https:\/\/www.youtube.com\/c\/sunoresearch\"]},{\"@type\":\"Person\",\"@id\":\"https:\/\/www.suno.com.br\/noticias\/#\/schema\/person\/02ec1f752758247878a2bf4abee1aeda\",\"name\":\"Poliana Santos\",\"image\":{\"@type\":\"ImageObject\",\"inLanguage\":\"pt-BR\",\"@id\":\"https:\/\/www.suno.com.br\/noticias\/#\/schema\/person\/image\/\",\"url\":\"https:\/\/secure.gravatar.com\/avatar\/0645bd32f23d87b2130f2b2dff1d3f8d?s=96&r=g\",\"contentUrl\":\"https:\/\/secure.gravatar.com\/avatar\/0645bd32f23d87b2130f2b2dff1d3f8d?s=96&r=g\",\"caption\":\"Poliana Santos\"},\"description\":\"Rep\u00f3rter no Suno Not\u00edcias, com cobertura em mercado financeiro, economia, finan\u00e7as pessoais, renda fixa e varejo. Jornalista formada pela Faculdade C\u00e1sper L\u00edbero e possui passagem na R\u00e1dio Gazeta AM com a produ\u00e7\u00e3o de conte\u00fado sobre economia, pol\u00edtica, sa\u00fade, moda e m\u00fasica. Possui certificado de conclus\u00e3o do curso de An\u00e1lise de Balan\u00e7os pela Funda\u00e7\u00e3o Bradesco, Agenda Brasil pela FAAP, Educa\u00e7\u00e3o Pol\u00edtica por Alexandre Garcia e do Tesouro Direto e Mercado de A\u00e7\u00f5es pela B3.\",\"url\":\"https:\/\/www.suno.com.br\/noticias\/author\/poliana-santos\/\"}]}<\/script>\n<!-- \/ Yoast SEO plugin. -->","yoast_head_json":{"title":"Boletim Focus eleva proje\u00e7\u00e3o da taxa Selic para 6,50% em 2021","description":"Segundo o Boletim Focus divulgado nesta segunda-feira (21), a taxa b\u00e1sica de juros (Selic) em 2021 dever\u00e1 ser 6,50%.","robots":{"index":"index","follow":"follow","max-snippet":"max-snippet:-1","max-image-preview":"max-image-preview:large","max-video-preview":"max-video-preview:-1"},"canonical":"https:\/\/www.suno.com.br\/noticias\/boletim-focus-selic-2021\/","og_locale":"pt_BR","og_type":"article","og_title":"Boletim Focus eleva proje\u00e7\u00e3o da taxa Selic para 6,50% em 2021","og_description":"Segundo o Boletim Focus divulgado nesta segunda-feira (21), a taxa b\u00e1sica de juros (Selic) em 2021 dever\u00e1 ser 6,50%.","og_url":"https:\/\/www.suno.com.br\/noticias\/boletim-focus-selic-2021\/","og_site_name":"Suno Not\u00edcias","article_publisher":"https:\/\/facebook.com\/sunoresearch","og_image":[{"width":1280,"height":853,"url":"https:\/\/files.sunoresearch.com.br\/n\/uploads\/2021\/05\/96dd9332-coins-1523383_1280.jpg","type":"image\/jpeg"}],"author":"Poliana Santos","twitter_card":"summary_large_image","twitter_creator":"@sunoresearch","twitter_site":"@sunoresearch","twitter_misc":{"Escrito por":"Poliana Santos","Est. tempo de leitura":"2 minutos"},"schema":{"@context":"https:\/\/schema.org","@graph":[{"@type":"NewsArticle","@id":"https:\/\/www.suno.com.br\/noticias\/boletim-focus-selic-2021\/#article","isPartOf":{"@id":"https:\/\/www.suno.com.br\/noticias\/boletim-focus-selic-2021\/"},"author":{"name":"Poliana Santos","@id":"https:\/\/www.suno.com.br\/noticias\/#\/schema\/person\/02ec1f752758247878a2bf4abee1aeda"},"headline":"Boletim Focus eleva proje\u00e7\u00e3o da taxa Selic para 6,50% em 2021","datePublished":"2021-06-21T11:54:29+00:00","dateModified":"2021-06-21T12:29:58+00:00","mainEntityOfPage":{"@id":"https:\/\/www.suno.com.br\/noticias\/boletim-focus-selic-2021\/"},"wordCount":508,"publisher":{"@id":"https:\/\/www.suno.com.br\/noticias\/#organization"},"image":{"@id":"https:\/\/www.suno.com.br\/noticias\/boletim-focus-selic-2021\/#primaryimage"},"thumbnailUrl":"https:\/\/files.sunoresearch.com.br\/n\/uploads\/2021\/05\/96dd9332-coins-1523383_1280-jpg.webp","keywords":["Boletim Focus","Taxa Selic"],"articleSection":["Economia"],"inLanguage":"pt-BR"},{"@type":"WebPage","@id":"https:\/\/www.suno.com.br\/noticias\/boletim-focus-selic-2021\/","url":"https:\/\/www.suno.com.br\/noticias\/boletim-focus-selic-2021\/","name":"Boletim Focus eleva proje\u00e7\u00e3o da taxa Selic para 6,50% em 2021","isPartOf":{"@id":"https:\/\/www.suno.com.br\/noticias\/#website"},"primaryImageOfPage":{"@id":"https:\/\/www.suno.com.br\/noticias\/boletim-focus-selic-2021\/#primaryimage"},"image":{"@id":"https:\/\/www.suno.com.br\/noticias\/boletim-focus-selic-2021\/#primaryimage"},"thumbnailUrl":"https:\/\/files.sunoresearch.com.br\/n\/uploads\/2021\/05\/96dd9332-coins-1523383_1280-jpg.webp","datePublished":"2021-06-21T11:54:29+00:00","dateModified":"2021-06-21T12:29:58+00:00","description":"Segundo o Boletim Focus divulgado nesta segunda-feira (21), a taxa b\u00e1sica de juros (Selic) em 2021 dever\u00e1 ser 6,50%.","breadcrumb":{"@id":"https:\/\/www.suno.com.br\/noticias\/boletim-focus-selic-2021\/#breadcrumb"},"inLanguage":"pt-BR","potentialAction":[{"@type":"ReadAction","target":["https:\/\/www.suno.com.br\/noticias\/boletim-focus-selic-2021\/"]}]},{"@type":"ImageObject","inLanguage":"pt-BR","@id":"https:\/\/www.suno.com.br\/noticias\/boletim-focus-selic-2021\/#primaryimage","url":"https:\/\/files.sunoresearch.com.br\/n\/uploads\/2021\/05\/96dd9332-coins-1523383_1280-jpg.webp","contentUrl":"https:\/\/files.sunoresearch.com.br\/n\/uploads\/2021\/05\/96dd9332-coins-1523383_1280-jpg.webp","width":1280,"height":853,"caption":"Moedas. Foto: Pixabay"},{"@type":"BreadcrumbList","@id":"https:\/\/www.suno.com.br\/noticias\/boletim-focus-selic-2021\/#breadcrumb","itemListElement":[{"@type":"ListItem","position":1,"name":"Not\u00edcias","item":"https:\/\/www.suno.com.br\/noticias\/"},{"@type":"ListItem","position":2,"name":"Economia","item":"https:\/\/www.suno.com.br\/noticias\/economia\/"},{"@type":"ListItem","position":3,"name":"Boletim Focus eleva proje\u00e7\u00e3o da taxa Selic para 6,50% em 2021"}]},{"@type":"WebSite","@id":"https:\/\/www.suno.com.br\/noticias\/#website","url":"https:\/\/www.suno.com.br\/noticias\/","name":"Suno Not\u00edcias","description":"Seu portal de informa\u00e7\u00e3o sobre o mundo dos investimentos","publisher":{"@id":"https:\/\/www.suno.com.br\/noticias\/#organization"},"potentialAction":[{"@type":"SearchAction","target":{"@type":"EntryPoint","urlTemplate":"https:\/\/www.suno.com.br\/noticias\/?s={search_term_string}"},"query-input":{"@type":"PropertyValueSpecification","valueRequired":true,"valueName":"search_term_string"}}],"inLanguage":"pt-BR"},{"@type":"Organization","@id":"https:\/\/www.suno.com.br\/noticias\/#organization","name":"Suno Not\u00edcias","url":"https:\/\/www.suno.com.br\/noticias\/","logo":{"@type":"ImageObject","inLanguage":"pt-BR","@id":"https:\/\/www.suno.com.br\/noticias\/#\/schema\/logo\/image\/","url":"https:\/\/files.sunoresearch.com.br\/n\/uploads\/2021\/09\/suno-logo.png","contentUrl":"https:\/\/files.sunoresearch.com.br\/n\/uploads\/2021\/09\/suno-logo.png","width":180,"height":180,"caption":"Suno Not\u00edcias"},"image":{"@id":"https:\/\/www.suno.com.br\/noticias\/#\/schema\/logo\/image\/"},"sameAs":["https:\/\/facebook.com\/sunoresearch","https:\/\/x.com\/sunoresearch","https:\/\/www.instagram.com\/suno","https:\/\/www.linkedin.com\/company\/suno-research\/","https:\/\/www.youtube.com\/c\/sunoresearch"]},{"@type":"Person","@id":"https:\/\/www.suno.com.br\/noticias\/#\/schema\/person\/02ec1f752758247878a2bf4abee1aeda","name":"Poliana Santos","image":{"@type":"ImageObject","inLanguage":"pt-BR","@id":"https:\/\/www.suno.com.br\/noticias\/#\/schema\/person\/image\/","url":"https:\/\/secure.gravatar.com\/avatar\/0645bd32f23d87b2130f2b2dff1d3f8d?s=96&r=g","contentUrl":"https:\/\/secure.gravatar.com\/avatar\/0645bd32f23d87b2130f2b2dff1d3f8d?s=96&r=g","caption":"Poliana Santos"},"description":"Rep\u00f3rter no Suno Not\u00edcias, com cobertura em mercado financeiro, economia, finan\u00e7as pessoais, renda fixa e varejo. Jornalista formada pela Faculdade C\u00e1sper L\u00edbero e possui passagem na R\u00e1dio Gazeta AM com a produ\u00e7\u00e3o de conte\u00fado sobre economia, pol\u00edtica, sa\u00fade, moda e m\u00fasica. Possui certificado de conclus\u00e3o do curso de An\u00e1lise de Balan\u00e7os pela Funda\u00e7\u00e3o Bradesco, Agenda Brasil pela FAAP, Educa\u00e7\u00e3o Pol\u00edtica por Alexandre Garcia e do Tesouro Direto e Mercado de A\u00e7\u00f5es pela B3.","url":"https:\/\/www.suno.com.br\/noticias\/author\/poliana-santos\/"}]}},"default_loop_html":"<div class=\"cardsPage__listCard__boxs\"><div class=\"cardsPage__listCard__boxs__img\"><a href=\"https:\/\/www.suno.com.br\/noticias\/boletim-focus-selic-2021\/\"><img class=\"mask\" src=\"https:\/\/www.suno.com.br\/noticias\/wp-content\/themes\/suno\/resources\/images\/spotlight\/spotlight1img\/bg-mask.png\" alt=\"Image Mask\"\/><img src=\"https:\/\/files.sunoresearch.com.br\/n\/uploads\/2021\/05\/96dd9332-coins-1523383_1280-400x200.webp\" alt=\"Boletim Focus eleva proje\u00e7\u00e3o da taxa Selic para 6,50% em 2021\"\/><\/a><span class=\"spotlightCategory\"><a href=\"https:\/\/www.suno.com.br\/noticias\/economia\/\">Economia<\/a><\/span><\/div><div class=\"cardsPage__listCard__boxs__content\"><a href=\"https:\/\/www.suno.com.br\/noticias\/boletim-focus-selic-2021\/\"><h2 class=\"content__title\">Boletim Focus eleva proje\u00e7\u00e3o da taxa Selic para 6,50% em 2021<\/h2><\/a><div class=\"newsContent__article__meta\"><div class=\"newsContent__article__meta__authorBox\"><a href=\"https:\/\/www.suno.com.br\/noticias\/author\/poliana-santos\/\" class=\"authorBox__avatar noMobi\"><img src=\"https:\/\/files.sunoresearch.com.br\/n\/uploads\/2020\/08\/7ef34026-whatsapp-image-2020-08-03-at-12.37.57-150x150.webp\" alt=\"Poliana Santos\"><\/a><div class=\"authorBox__name\"><span>por\n\t\t\t<a href=\"https:\/\/www.suno.com.br\/noticias\/author\/poliana-santos\/\"><span itemprop=\"author\">Poliana Santos<\/span><\/a><\/span><time datetime=\"2021-06-21T08:54:29-03:00\" itemprop=\"datePublished\">21\/06\/2021 08:54<\/time><\/div><\/div><\/div><\/div><\/div>","single_layout":"posts","amp_enabled":true,"_links":{"self":[{"href":"https:\/\/www.suno.com.br\/noticias\/wp-json\/wp\/v2\/posts\/159816"}],"collection":[{"href":"https:\/\/www.suno.com.br\/noticias\/wp-json\/wp\/v2\/posts"}],"about":[{"href":"https:\/\/www.suno.com.br\/noticias\/wp-json\/wp\/v2\/types\/post"}],"author":[{"embeddable":true,"href":"https:\/\/www.suno.com.br\/noticias\/wp-json\/wp\/v2\/users\/15"}],"replies":[{"embeddable":true,"href":"https:\/\/www.suno.com.br\/noticias\/wp-json\/wp\/v2\/comments?post=159816"}],"version-history":[{"count":1,"href":"https:\/\/www.suno.com.br\/noticias\/wp-json\/wp\/v2\/posts\/159816\/revisions"}],"predecessor-version":[{"id":159821,"href":"https:\/\/www.suno.com.br\/noticias\/wp-json\/wp\/v2\/posts\/159816\/revisions\/159821"}],"wp:featuredmedia":[{"embeddable":true,"href":"https:\/\/www.suno.com.br\/noticias\/wp-json\/wp\/v2\/media\/152797"}],"wp:attachment":[{"href":"https:\/\/www.suno.com.br\/noticias\/wp-json\/wp\/v2\/media?parent=159816"}],"wp:term":[{"taxonomy":"category","embeddable":true,"href":"https:\/\/www.suno.com.br\/noticias\/wp-json\/wp\/v2\/categories?post=159816"},{"taxonomy":"post_tag","embeddable":true,"href":"https:\/\/www.suno.com.br\/noticias\/wp-json\/wp\/v2\/tags?post=159816"},{"taxonomy":"suno_strategy","embeddable":true,"href":"https:\/\/www.suno.com.br\/noticias\/wp-json\/wp\/v2\/suno_strategy?post=159816"}],"curies":[{"name":"wp","href":"https:\/\/api.w.org\/{rel}","templated":true}]}}