{"id":15952,"date":"2019-02-20T09:25:00","date_gmt":"2019-02-20T12:25:00","guid":{"rendered":"https:\/\/www.suno.com.br\/noticias\/?p=15952"},"modified":"2019-02-20T13:06:59","modified_gmt":"2019-02-20T16:06:59","slug":"bradesco-aprova-venda-creditos-abril","status":"publish","type":"post","link":"https:\/\/www.suno.com.br\/noticias\/bradesco-aprova-venda-creditos-abril\/","title":{"rendered":"Bradesco aprova venda de seus cr\u00e9ditos da Abril"},"content":{"rendered":"<p>O <strong>Bradesco<\/strong> aprovou na \u00faltima ter\u00e7a-feira (19) a venda dos cr\u00e9ditos contra a Editora Abril. Os cr\u00e9ditos ser\u00e3o vendidos para a <strong>Enforce,<\/strong> controlada do banco <strong>BTG Pactual.<\/strong> Essa opera\u00e7\u00e3o permitir\u00e1 que o empres\u00e1rio F\u00e1bio Carvalho assuma o controle da editora. A informa\u00e7\u00e3o foi divulgada nesta quarta-feira (20) pelo <a href=\"https:\/\/braziljournal.com\/\" target=\"_blank\" rel=\"nofollow noopener\">Brazil Journal<\/a>.<\/p>\t<div class=\"wrapper-featured-image\">\n\t\t<figure class=\"spotlightImg\">\n\n\t\t\t<picture>\n\t\t\t\t<source media=\"(max-width: 768px)\" srcset=\"https:\/\/files.sunoresearch.com.br\/n\/uploads\/2019\/02\/c36eded1-editora-abril-400x200.webp\">\n\t\t\t\t<img loading=\"lazy\" decoding=\"async\" class=\"newsContent__article__imgCapa lazyloadDisabled newsContent__article__imgCapa--noCaption\" src=\"https:\/\/files.sunoresearch.com.br\/n\/uploads\/2019\/02\/c36eded1-editora-abril-800x450.webp\" width=\"800\" height=\"450\" alt=\"Bradesco aprova venda de seus cr\u00e9ditos da Abril\" fetchpriority=high \/>\n\t\t\t<\/picture>\n\n\t\t\t<figcaption class=\"wp-caption-text wp-caption-text--hide\">Grupo Abril vende Exame por R$ 72 milh\u00f5es ao BTG Pactual<\/figcaption>\n\t\t<\/figure>\n\t<\/div>\n\n\n<p><a href=\"https:\/\/www.suno.com.br\/noticias\/grupo-abril-comprado-fabio-carvalho\/\">Saiba mais: Grupo Abril \u00e9 comprado por F\u00e1bio Carvalho\u00a0<\/a><\/p>\n<p>O <strong>Bradesco<\/strong> aprovou a cess\u00e3o dos <strong>cr\u00e9ditos<\/strong> com um desconto (haircut) de 92%. O banco era o \u00fanico que ainda n\u00e3o havia concordado com a venda da d\u00edvida da <strong>Abril.<\/strong><\/p>\n<p>Carvalho tinha comprado a editora no dia 20 de dezembro dos irm\u00e3os Civita, Giancarlo, Victor e Roberta. O empres\u00e1rio pagou um valor simb\u00f3lico de R$ 100 mil, assumindo uma d\u00edvida de R$ 1,6 bilh\u00e3o com bancos, fornecedores e funcion\u00e1rios. Somente com os bancos a d\u00edvida somava R$ 1,1 bilh\u00e3o, e as institui\u00e7\u00f5es financeiras detinhas as marcas <strong>VEJA, EXAME<\/strong> e o pr\u00e9dio da <strong>Abril<\/strong> na Marginal Tiet\u00ea como garantia de seus cr\u00e9ditos. A Abril est\u00e1 em <a href=\"https:\/\/www.suno.com.br\/artigos\/recuperacao-judicial\/\"><strong>recupera\u00e7\u00e3o judicial<\/strong><\/a> desde o dia 15 de agosto de 2018.<\/p>\n<p>O <strong>Conselho Administrativo de Defesa Econ\u00f4mica (CADE)<\/strong> tinha aprovado a venda da <strong>Abril<\/strong> no dia 8 de janeiro. Entretanto, a opera\u00e7\u00e3o precisava da aprova\u00e7\u00e3o dos bancos credores: <strong>Ita\u00fa, Santander<\/strong> e <strong>Bradesco.<\/strong> Os primeiros dois, que controlavam 40% da d\u00edvida, j\u00e1 tinham aprovado a venda. Mas faltava ainda o Bradesco.<\/p>\n<p>Com o sinal verde do banco, <strong>F\u00e1bio Carvalho<\/strong> j\u00e1 poder\u00e1 assumir o pleno controle da <strong>editora.<\/strong> Essa opera\u00e7\u00e3o dever\u00e1 terminar j\u00e1 na pr\u00f3xima semana ou ap\u00f3s o Carnaval, dependendo do tempo necess\u00e1rio para os tr\u00e2mites burocr\u00e1ticos.<\/p>\n<p><a href=\"https:\/\/www.suno.com.br\/noticias\/editora-abril-tem-risco-de-falencia-por-falta-de-acordo-sobre-divida\/\">Saiba mais: Editora Abril tem risco de fal\u00eancia por falta de acordo sobre d\u00edvida\u00a0<\/a><\/p>\n<p>Dessa forma, depois a conclus\u00e3o do processo de <strong>recupera\u00e7\u00e3o judicial,<\/strong> Carvalho ter\u00e1 uma editora com um n\u00edvel de d\u00edvidas muito menor. A d\u00edvida ser\u00e1 de R$ 250 milh\u00f5es, mas a gera\u00e7\u00e3o de caixa continuar\u00e1 negativa. Isso porque mesmo se a <strong>Abril<\/strong> deveria ter faturado cerca de R$ 1,3 bilh\u00e3o em 2018, a empresa teve um lucro antes dos juros, impostos, deprecia\u00e7\u00e3o e amortiza\u00e7\u00e3o <strong>(EBITDA,<\/strong> na sigla em ingl\u00eas), negativo de R$ 200 milh\u00f5es.<\/p>\n<p>Ainda assim, o destino da <strong>Abril<\/strong> ainda n\u00e3o est\u00e1 definido. Isso porque o\u00a0plano de <strong>recupera\u00e7\u00e3o<\/strong>\u00a0de Carvalho ser\u00e1 votado durante a <strong>assembleia<\/strong>\u00a0dos credores convocada para o dia 19 de mar\u00e7o.\u00a0\u00a0Al\u00e9m das d\u00edvidas banc\u00e1rias, a maior <strong>editora de revistas<\/strong> da <strong>Am\u00e9rica Latina<\/strong>\u00a0tem R$ 90 milh\u00f5es de <strong>d\u00edvidas<\/strong>\u00a0<strong>trabalhistas<\/strong> com <strong>ex-funcion\u00e1rios.<\/strong><\/p>\n<p><a href=\"https:\/\/www.suno.com.br\/noticias\/editoras-questionam-cade-venda-abril\/\">Saiba mais: Editoras questionam no Cade venda do Grupo Abril a F\u00e1bio Carvalho\u00a0<\/a><\/p>\n<h2>Enforce superou outras propostas<\/h2>\n<p>A negocia\u00e7\u00e3o com os bancos foi levada adiante por tr\u00eas grupos:<\/p>\n<ul>\n<li><strong>Enforce,<\/strong> bra\u00e7o de recupera\u00e7\u00e3o de ativos do <strong>BTG<\/strong><\/li>\n<li><strong>Guilder Capital,<\/strong> em conjunto com um grupo de empres\u00e1rios<\/li>\n<li><strong>Jive Asset Management,<\/strong> especialistas em empresas em crise<\/li>\n<\/ul>\n<p>A proposta da <strong>Enforce<\/strong>, aceita pelos bancos, previa o pagamento de apenas 8% das d\u00edvidas. Entretanto, n\u00e3o inclui participa\u00e7\u00e3o na venda posterior de <strong>ativos.<\/strong>\u00a0A proposta da Enforce prev\u00ea que F\u00e1bio Carvalho administraria a <strong>Abril<\/strong> e o\u00a0<strong>BTG<\/strong> utilizaria a base de clientes da revista <strong>&#8220;Exame&#8221;.<\/strong> O objetivo do banco \u00e9 lan\u00e7ar uma <strong>plataforma de not\u00edcias financeiras<\/strong> partido da maior revista de <strong>economia<\/strong> do <strong>Brasil.<\/strong><\/p>\n<h2>Relembre o caso<\/h2>\n<p>A <strong>Abril,<\/strong> fundada em 1950 pelo italiano Victor Civita em S\u00e3o Paulo, chegou a ser a maior editora da Am\u00e9rica Latina. A empresa pertenceu a fam\u00edlia Civita por 68 anos.<\/p>\n<p><a href=\"https:\/\/www.suno.com.br\/noticias\/grupo-abril-comprado-fabio-carvalho\/\">Saiba mais:\u00a0Grupo Abril \u00e9 comprado por F\u00e1bio Carvalho\u00a0<\/a><\/p>\n<p>Entretanto, nos \u00faltimos anos a <strong>Abril<\/strong> entrou em uma crise econ\u00f4mica profunda. A empresa foi ent\u00e3o comprada pela\u00a0<span style=\"font-size: 1.21429rem;\">Cavalry Investimentos,\u00a0<\/span>do empres\u00e1rio\u00a0F\u00e1bio Carvalho, dono da redes de lojas Casa &amp; V\u00eddeo e Leader.<\/p>\n<p><strong>Carvalho<\/strong> assumir\u00e1 o controle societ\u00e1rio e ocupar\u00e1 a posi\u00e7\u00e3o de presidente-executivo da editora. O advogado \u00e9 especializado na aquisi\u00e7\u00e3o de companhias em crise financeira, como a <strong>Abril.<\/strong> Ele as reestrutura e as leva novamente ao crescimento. Carvalho adquiriu esse conhecimento durante os anos em que trabalhou na Alvarez &amp; Marsal.<\/p>\n<p>Entre os investimentos de <strong>Carvalho<\/strong> est\u00e3o participa\u00e7\u00f5es em empresas em variados setores. No total, seu grupo conta com um faturamento anual superior a R$ 4 bilh\u00f5es, empregando mais de 46 mil pessoas. Para a adquisi\u00e7\u00e3o e administra\u00e7\u00e3o do grupo <strong>Abril<\/strong>, o advogado contar\u00e1 com a estrutura da Legion Holdings, sociedade de investimentos que fundou. A empresa \u00e9 formada por um time de especialistas em renegocia\u00e7\u00f5es de d\u00edvidas e transforma\u00e7\u00f5es operacionais.<\/p>\n<p>&nbsp;<\/p>\n","protected":false},"excerpt":{"rendered":"<p>O Bradesco aprovou na \u00faltima ter\u00e7a-feira (19) a venda dos cr\u00e9ditos contra a Editora Abril. Os cr\u00e9ditos ser\u00e3o vendidos para a Enforce, controlada do banco BTG Pactual. Essa opera\u00e7\u00e3o permitir\u00e1 que o empres\u00e1rio F\u00e1bio Carvalho assuma o controle da editora. A informa\u00e7\u00e3o foi divulgada nesta quarta-feira (20) pelo Brazil Journal. Grupo Abril vende Exame por [&hellip;]<\/p>\n","protected":false},"author":9,"featured_media":15959,"comment_status":"closed","ping_status":"closed","sticky":false,"template":"","format":"standard","meta":[],"categories":[60],"tags":[392,851,898],"suno_strategy":[],"class_list":["post-15952","post","type-post","status-publish","format-standard","has-post-thumbnail","hentry","category-mercado","tag-bradesco-bbdc3-bbdc4","tag-cade","tag-grupo-abril"],"yoast_head":"<!-- This site is optimized with the Yoast SEO plugin v24.4 - https:\/\/yoast.com\/wordpress\/plugins\/seo\/ -->\n<title>Bradesco aprova venda de seus cr\u00e9ditos da Editora Abril<\/title>\n<meta name=\"description\" content=\"O Bradesco aprovou na \u00faltima ter\u00e7a-feira (19) a venda dos cr\u00e9ditos contra a Editora Abril. Clique aqui para saber mais.\" \/>\n<meta name=\"robots\" content=\"index, follow, max-snippet:-1, max-image-preview:large, max-video-preview:-1\" \/>\n<link rel=\"canonical\" href=\"https:\/\/www.suno.com.br\/noticias\/bradesco-aprova-venda-creditos-abril\/\" \/>\n<meta property=\"og:locale\" content=\"pt_BR\" \/>\n<meta property=\"og:type\" content=\"article\" \/>\n<meta property=\"og:title\" content=\"Bradesco aprova venda de seus cr\u00e9ditos da Editora Abril\" \/>\n<meta property=\"og:description\" content=\"O Bradesco aprovou na \u00faltima ter\u00e7a-feira (19) a venda dos cr\u00e9ditos contra a Editora Abril. Clique aqui para saber mais.\" \/>\n<meta property=\"og:url\" content=\"https:\/\/www.suno.com.br\/noticias\/bradesco-aprova-venda-creditos-abril\/\" \/>\n<meta property=\"og:site_name\" content=\"Suno Not\u00edcias\" \/>\n<meta property=\"article:publisher\" content=\"https:\/\/facebook.com\/sunoresearch\" \/>\n<meta property=\"og:image\" content=\"https:\/\/files.sunoresearch.com.br\/n\/uploads\/2019\/02\/c36eded1-editora-abril.jpg\" \/>\n\t<meta property=\"og:image:width\" content=\"1024\" \/>\n\t<meta property=\"og:image:height\" content=\"768\" \/>\n\t<meta property=\"og:image:type\" content=\"image\/jpeg\" \/>\n<meta name=\"author\" content=\"Carlo Cauti\" \/>\n<meta name=\"twitter:card\" content=\"summary_large_image\" \/>\n<meta name=\"twitter:creator\" content=\"@sunoresearch\" \/>\n<meta name=\"twitter:site\" content=\"@sunoresearch\" \/>\n<meta name=\"twitter:label1\" content=\"Escrito por\" \/>\n\t<meta name=\"twitter:data1\" content=\"Carlo Cauti\" \/>\n\t<meta name=\"twitter:label2\" content=\"Est. tempo de leitura\" \/>\n\t<meta name=\"twitter:data2\" content=\"4 minutos\" \/>\n<script type=\"application\/ld+json\" class=\"yoast-schema-graph\">{\"@context\":\"https:\/\/schema.org\",\"@graph\":[{\"@type\":\"NewsArticle\",\"@id\":\"https:\/\/www.suno.com.br\/noticias\/bradesco-aprova-venda-creditos-abril\/#article\",\"isPartOf\":{\"@id\":\"https:\/\/www.suno.com.br\/noticias\/bradesco-aprova-venda-creditos-abril\/\"},\"author\":{\"name\":\"Carlo Cauti\",\"@id\":\"https:\/\/www.suno.com.br\/noticias\/#\/schema\/person\/e6e0f723cc177805027f4566c1d5e0c8\"},\"headline\":\"Bradesco aprova venda de seus cr\u00e9ditos da Abril\",\"datePublished\":\"2019-02-20T12:25:00+00:00\",\"dateModified\":\"2019-02-20T16:06:59+00:00\",\"mainEntityOfPage\":{\"@id\":\"https:\/\/www.suno.com.br\/noticias\/bradesco-aprova-venda-creditos-abril\/\"},\"wordCount\":788,\"publisher\":{\"@id\":\"https:\/\/www.suno.com.br\/noticias\/#organization\"},\"image\":{\"@id\":\"https:\/\/www.suno.com.br\/noticias\/bradesco-aprova-venda-creditos-abril\/#primaryimage\"},\"thumbnailUrl\":\"https:\/\/files.sunoresearch.com.br\/n\/uploads\/2019\/02\/c36eded1-editora-abril-jpg.webp\",\"keywords\":[\"Bradesco (BBDC3\/BBDC4)\",\"CADE\",\"Grupo Abril\"],\"articleSection\":[\"Mercado\"],\"inLanguage\":\"pt-BR\"},{\"@type\":\"WebPage\",\"@id\":\"https:\/\/www.suno.com.br\/noticias\/bradesco-aprova-venda-creditos-abril\/\",\"url\":\"https:\/\/www.suno.com.br\/noticias\/bradesco-aprova-venda-creditos-abril\/\",\"name\":\"Bradesco aprova venda de seus cr\u00e9ditos da Editora Abril\",\"isPartOf\":{\"@id\":\"https:\/\/www.suno.com.br\/noticias\/#website\"},\"primaryImageOfPage\":{\"@id\":\"https:\/\/www.suno.com.br\/noticias\/bradesco-aprova-venda-creditos-abril\/#primaryimage\"},\"image\":{\"@id\":\"https:\/\/www.suno.com.br\/noticias\/bradesco-aprova-venda-creditos-abril\/#primaryimage\"},\"thumbnailUrl\":\"https:\/\/files.sunoresearch.com.br\/n\/uploads\/2019\/02\/c36eded1-editora-abril-jpg.webp\",\"datePublished\":\"2019-02-20T12:25:00+00:00\",\"dateModified\":\"2019-02-20T16:06:59+00:00\",\"description\":\"O Bradesco aprovou na \u00faltima ter\u00e7a-feira (19) a venda dos cr\u00e9ditos contra a Editora Abril. Clique aqui para saber mais.\",\"breadcrumb\":{\"@id\":\"https:\/\/www.suno.com.br\/noticias\/bradesco-aprova-venda-creditos-abril\/#breadcrumb\"},\"inLanguage\":\"pt-BR\",\"potentialAction\":[{\"@type\":\"ReadAction\",\"target\":[\"https:\/\/www.suno.com.br\/noticias\/bradesco-aprova-venda-creditos-abril\/\"]}]},{\"@type\":\"ImageObject\",\"inLanguage\":\"pt-BR\",\"@id\":\"https:\/\/www.suno.com.br\/noticias\/bradesco-aprova-venda-creditos-abril\/#primaryimage\",\"url\":\"https:\/\/files.sunoresearch.com.br\/n\/uploads\/2019\/02\/c36eded1-editora-abril-jpg.webp\",\"contentUrl\":\"https:\/\/files.sunoresearch.com.br\/n\/uploads\/2019\/02\/c36eded1-editora-abril-jpg.webp\",\"width\":1024,\"height\":768,\"caption\":\"Grupo Abril vende Exame por R$ 72 milh\u00f5es ao BTG Pactual\"},{\"@type\":\"BreadcrumbList\",\"@id\":\"https:\/\/www.suno.com.br\/noticias\/bradesco-aprova-venda-creditos-abril\/#breadcrumb\",\"itemListElement\":[{\"@type\":\"ListItem\",\"position\":1,\"name\":\"Not\u00edcias\",\"item\":\"https:\/\/www.suno.com.br\/noticias\/\"},{\"@type\":\"ListItem\",\"position\":2,\"name\":\"Mercado\",\"item\":\"https:\/\/www.suno.com.br\/noticias\/mercado\/\"},{\"@type\":\"ListItem\",\"position\":3,\"name\":\"Bradesco aprova venda de seus cr\u00e9ditos da Abril\"}]},{\"@type\":\"WebSite\",\"@id\":\"https:\/\/www.suno.com.br\/noticias\/#website\",\"url\":\"https:\/\/www.suno.com.br\/noticias\/\",\"name\":\"Suno Not\u00edcias\",\"description\":\"Seu portal de informa\u00e7\u00e3o sobre o mundo dos investimentos\",\"publisher\":{\"@id\":\"https:\/\/www.suno.com.br\/noticias\/#organization\"},\"potentialAction\":[{\"@type\":\"SearchAction\",\"target\":{\"@type\":\"EntryPoint\",\"urlTemplate\":\"https:\/\/www.suno.com.br\/noticias\/?s={search_term_string}\"},\"query-input\":{\"@type\":\"PropertyValueSpecification\",\"valueRequired\":true,\"valueName\":\"search_term_string\"}}],\"inLanguage\":\"pt-BR\"},{\"@type\":\"Organization\",\"@id\":\"https:\/\/www.suno.com.br\/noticias\/#organization\",\"name\":\"Suno Not\u00edcias\",\"url\":\"https:\/\/www.suno.com.br\/noticias\/\",\"logo\":{\"@type\":\"ImageObject\",\"inLanguage\":\"pt-BR\",\"@id\":\"https:\/\/www.suno.com.br\/noticias\/#\/schema\/logo\/image\/\",\"url\":\"https:\/\/files.sunoresearch.com.br\/n\/uploads\/2021\/09\/suno-logo.png\",\"contentUrl\":\"https:\/\/files.sunoresearch.com.br\/n\/uploads\/2021\/09\/suno-logo.png\",\"width\":180,\"height\":180,\"caption\":\"Suno Not\u00edcias\"},\"image\":{\"@id\":\"https:\/\/www.suno.com.br\/noticias\/#\/schema\/logo\/image\/\"},\"sameAs\":[\"https:\/\/facebook.com\/sunoresearch\",\"https:\/\/x.com\/sunoresearch\",\"https:\/\/www.instagram.com\/suno\",\"https:\/\/www.linkedin.com\/company\/suno-research\/\",\"https:\/\/www.youtube.com\/c\/sunoresearch\"]},{\"@type\":\"Person\",\"@id\":\"https:\/\/www.suno.com.br\/noticias\/#\/schema\/person\/e6e0f723cc177805027f4566c1d5e0c8\",\"name\":\"Carlo Cauti\",\"image\":{\"@type\":\"ImageObject\",\"inLanguage\":\"pt-BR\",\"@id\":\"https:\/\/www.suno.com.br\/noticias\/#\/schema\/person\/image\/\",\"url\":\"https:\/\/secure.gravatar.com\/avatar\/3ada9e0bd164c23abd4792a9606d583c?s=96&r=g\",\"contentUrl\":\"https:\/\/secure.gravatar.com\/avatar\/3ada9e0bd164c23abd4792a9606d583c?s=96&r=g\",\"caption\":\"Carlo Cauti\"},\"description\":\"Editor multim\u00eddia do SUNO Not\u00edcias. Italiano, formado em Ci\u00eancias Pol\u00edticas pela universidade LUISS G. Carli de Roma e mestre cum laude em Rela\u00e7\u00f5es Internacionais, Jornalismo Internacional e de Guerra e em Economia Internacional. Concluiu tamb\u00e9m um MBA em Finan\u00e7as na B3. No Brasil, teve passagem por ve\u00edculos como Estad\u00e3o, Globo, Veja e EXAME. e nas ag\u00eancias de not\u00edcias italianas ANSA e NOVA.\",\"url\":\"https:\/\/www.suno.com.br\/noticias\/author\/carlo-cauti\/\"}]}<\/script>\n<!-- \/ Yoast SEO plugin. -->","yoast_head_json":{"title":"Bradesco aprova venda de seus cr\u00e9ditos da Editora Abril","description":"O Bradesco aprovou na \u00faltima ter\u00e7a-feira (19) a venda dos cr\u00e9ditos contra a Editora Abril. Clique aqui para saber mais.","robots":{"index":"index","follow":"follow","max-snippet":"max-snippet:-1","max-image-preview":"max-image-preview:large","max-video-preview":"max-video-preview:-1"},"canonical":"https:\/\/www.suno.com.br\/noticias\/bradesco-aprova-venda-creditos-abril\/","og_locale":"pt_BR","og_type":"article","og_title":"Bradesco aprova venda de seus cr\u00e9ditos da Editora Abril","og_description":"O Bradesco aprovou na \u00faltima ter\u00e7a-feira (19) a venda dos cr\u00e9ditos contra a Editora Abril. Clique aqui para saber mais.","og_url":"https:\/\/www.suno.com.br\/noticias\/bradesco-aprova-venda-creditos-abril\/","og_site_name":"Suno Not\u00edcias","article_publisher":"https:\/\/facebook.com\/sunoresearch","og_image":[{"width":1024,"height":768,"url":"https:\/\/files.sunoresearch.com.br\/n\/uploads\/2019\/02\/c36eded1-editora-abril.jpg","type":"image\/jpeg"}],"author":"Carlo Cauti","twitter_card":"summary_large_image","twitter_creator":"@sunoresearch","twitter_site":"@sunoresearch","twitter_misc":{"Escrito por":"Carlo Cauti","Est. tempo de leitura":"4 minutos"},"schema":{"@context":"https:\/\/schema.org","@graph":[{"@type":"NewsArticle","@id":"https:\/\/www.suno.com.br\/noticias\/bradesco-aprova-venda-creditos-abril\/#article","isPartOf":{"@id":"https:\/\/www.suno.com.br\/noticias\/bradesco-aprova-venda-creditos-abril\/"},"author":{"name":"Carlo Cauti","@id":"https:\/\/www.suno.com.br\/noticias\/#\/schema\/person\/e6e0f723cc177805027f4566c1d5e0c8"},"headline":"Bradesco aprova venda de seus cr\u00e9ditos da Abril","datePublished":"2019-02-20T12:25:00+00:00","dateModified":"2019-02-20T16:06:59+00:00","mainEntityOfPage":{"@id":"https:\/\/www.suno.com.br\/noticias\/bradesco-aprova-venda-creditos-abril\/"},"wordCount":788,"publisher":{"@id":"https:\/\/www.suno.com.br\/noticias\/#organization"},"image":{"@id":"https:\/\/www.suno.com.br\/noticias\/bradesco-aprova-venda-creditos-abril\/#primaryimage"},"thumbnailUrl":"https:\/\/files.sunoresearch.com.br\/n\/uploads\/2019\/02\/c36eded1-editora-abril-jpg.webp","keywords":["Bradesco (BBDC3\/BBDC4)","CADE","Grupo Abril"],"articleSection":["Mercado"],"inLanguage":"pt-BR"},{"@type":"WebPage","@id":"https:\/\/www.suno.com.br\/noticias\/bradesco-aprova-venda-creditos-abril\/","url":"https:\/\/www.suno.com.br\/noticias\/bradesco-aprova-venda-creditos-abril\/","name":"Bradesco aprova venda de seus cr\u00e9ditos da Editora Abril","isPartOf":{"@id":"https:\/\/www.suno.com.br\/noticias\/#website"},"primaryImageOfPage":{"@id":"https:\/\/www.suno.com.br\/noticias\/bradesco-aprova-venda-creditos-abril\/#primaryimage"},"image":{"@id":"https:\/\/www.suno.com.br\/noticias\/bradesco-aprova-venda-creditos-abril\/#primaryimage"},"thumbnailUrl":"https:\/\/files.sunoresearch.com.br\/n\/uploads\/2019\/02\/c36eded1-editora-abril-jpg.webp","datePublished":"2019-02-20T12:25:00+00:00","dateModified":"2019-02-20T16:06:59+00:00","description":"O Bradesco aprovou na \u00faltima ter\u00e7a-feira (19) a venda dos cr\u00e9ditos contra a Editora Abril. Clique aqui para saber mais.","breadcrumb":{"@id":"https:\/\/www.suno.com.br\/noticias\/bradesco-aprova-venda-creditos-abril\/#breadcrumb"},"inLanguage":"pt-BR","potentialAction":[{"@type":"ReadAction","target":["https:\/\/www.suno.com.br\/noticias\/bradesco-aprova-venda-creditos-abril\/"]}]},{"@type":"ImageObject","inLanguage":"pt-BR","@id":"https:\/\/www.suno.com.br\/noticias\/bradesco-aprova-venda-creditos-abril\/#primaryimage","url":"https:\/\/files.sunoresearch.com.br\/n\/uploads\/2019\/02\/c36eded1-editora-abril-jpg.webp","contentUrl":"https:\/\/files.sunoresearch.com.br\/n\/uploads\/2019\/02\/c36eded1-editora-abril-jpg.webp","width":1024,"height":768,"caption":"Grupo Abril vende Exame por R$ 72 milh\u00f5es ao BTG Pactual"},{"@type":"BreadcrumbList","@id":"https:\/\/www.suno.com.br\/noticias\/bradesco-aprova-venda-creditos-abril\/#breadcrumb","itemListElement":[{"@type":"ListItem","position":1,"name":"Not\u00edcias","item":"https:\/\/www.suno.com.br\/noticias\/"},{"@type":"ListItem","position":2,"name":"Mercado","item":"https:\/\/www.suno.com.br\/noticias\/mercado\/"},{"@type":"ListItem","position":3,"name":"Bradesco aprova venda de seus cr\u00e9ditos da Abril"}]},{"@type":"WebSite","@id":"https:\/\/www.suno.com.br\/noticias\/#website","url":"https:\/\/www.suno.com.br\/noticias\/","name":"Suno Not\u00edcias","description":"Seu portal de informa\u00e7\u00e3o sobre o mundo dos investimentos","publisher":{"@id":"https:\/\/www.suno.com.br\/noticias\/#organization"},"potentialAction":[{"@type":"SearchAction","target":{"@type":"EntryPoint","urlTemplate":"https:\/\/www.suno.com.br\/noticias\/?s={search_term_string}"},"query-input":{"@type":"PropertyValueSpecification","valueRequired":true,"valueName":"search_term_string"}}],"inLanguage":"pt-BR"},{"@type":"Organization","@id":"https:\/\/www.suno.com.br\/noticias\/#organization","name":"Suno Not\u00edcias","url":"https:\/\/www.suno.com.br\/noticias\/","logo":{"@type":"ImageObject","inLanguage":"pt-BR","@id":"https:\/\/www.suno.com.br\/noticias\/#\/schema\/logo\/image\/","url":"https:\/\/files.sunoresearch.com.br\/n\/uploads\/2021\/09\/suno-logo.png","contentUrl":"https:\/\/files.sunoresearch.com.br\/n\/uploads\/2021\/09\/suno-logo.png","width":180,"height":180,"caption":"Suno Not\u00edcias"},"image":{"@id":"https:\/\/www.suno.com.br\/noticias\/#\/schema\/logo\/image\/"},"sameAs":["https:\/\/facebook.com\/sunoresearch","https:\/\/x.com\/sunoresearch","https:\/\/www.instagram.com\/suno","https:\/\/www.linkedin.com\/company\/suno-research\/","https:\/\/www.youtube.com\/c\/sunoresearch"]},{"@type":"Person","@id":"https:\/\/www.suno.com.br\/noticias\/#\/schema\/person\/e6e0f723cc177805027f4566c1d5e0c8","name":"Carlo Cauti","image":{"@type":"ImageObject","inLanguage":"pt-BR","@id":"https:\/\/www.suno.com.br\/noticias\/#\/schema\/person\/image\/","url":"https:\/\/secure.gravatar.com\/avatar\/3ada9e0bd164c23abd4792a9606d583c?s=96&r=g","contentUrl":"https:\/\/secure.gravatar.com\/avatar\/3ada9e0bd164c23abd4792a9606d583c?s=96&r=g","caption":"Carlo Cauti"},"description":"Editor multim\u00eddia do SUNO Not\u00edcias. Italiano, formado em Ci\u00eancias Pol\u00edticas pela universidade LUISS G. Carli de Roma e mestre cum laude em Rela\u00e7\u00f5es Internacionais, Jornalismo Internacional e de Guerra e em Economia Internacional. Concluiu tamb\u00e9m um MBA em Finan\u00e7as na B3. No Brasil, teve passagem por ve\u00edculos como Estad\u00e3o, Globo, Veja e EXAME. e nas ag\u00eancias de not\u00edcias italianas ANSA e NOVA.","url":"https:\/\/www.suno.com.br\/noticias\/author\/carlo-cauti\/"}]}},"default_loop_html":"<div class=\"cardsPage__listCard__boxs\"><div class=\"cardsPage__listCard__boxs__img\"><a href=\"https:\/\/www.suno.com.br\/noticias\/bradesco-aprova-venda-creditos-abril\/\"><img class=\"mask\" src=\"https:\/\/www.suno.com.br\/noticias\/wp-content\/themes\/suno\/resources\/images\/spotlight\/spotlight1img\/bg-mask.png\" alt=\"Image Mask\"\/><img src=\"https:\/\/files.sunoresearch.com.br\/n\/uploads\/2019\/02\/c36eded1-editora-abril-400x200.webp\" alt=\"Bradesco aprova venda de seus cr\u00e9ditos da Abril\"\/><\/a><span class=\"spotlightCategory\"><a href=\"https:\/\/www.suno.com.br\/noticias\/mercado\/\">Mercado<\/a><\/span><\/div><div class=\"cardsPage__listCard__boxs__content\"><a href=\"https:\/\/www.suno.com.br\/noticias\/bradesco-aprova-venda-creditos-abril\/\"><h2 class=\"content__title\">Bradesco aprova venda de seus cr\u00e9ditos da Abril<\/h2><\/a><div class=\"newsContent__article__meta\"><div class=\"newsContent__article__meta__authorBox\"><a href=\"https:\/\/www.suno.com.br\/noticias\/author\/carlo-cauti\/\" class=\"authorBox__avatar noMobi\"><img src=\"https:\/\/files.sunoresearch.com.br\/n\/uploads\/2020\/08\/e3745f9a-perfil-carlo-cauti-150x150.webp\" alt=\"Carlo Cauti\"><\/a><div class=\"authorBox__name\"><span>por\n\t\t\t<a href=\"https:\/\/www.suno.com.br\/noticias\/author\/carlo-cauti\/\"><span itemprop=\"author\">Carlo Cauti<\/span><\/a><\/span><time datetime=\"2019-02-20T09:25:00-03:00\" itemprop=\"datePublished\">20\/02\/2019 09:25<\/time><\/div><\/div><\/div><\/div><\/div>","single_layout":"posts","amp_enabled":true,"_links":{"self":[{"href":"https:\/\/www.suno.com.br\/noticias\/wp-json\/wp\/v2\/posts\/15952"}],"collection":[{"href":"https:\/\/www.suno.com.br\/noticias\/wp-json\/wp\/v2\/posts"}],"about":[{"href":"https:\/\/www.suno.com.br\/noticias\/wp-json\/wp\/v2\/types\/post"}],"author":[{"embeddable":true,"href":"https:\/\/www.suno.com.br\/noticias\/wp-json\/wp\/v2\/users\/9"}],"replies":[{"embeddable":true,"href":"https:\/\/www.suno.com.br\/noticias\/wp-json\/wp\/v2\/comments?post=15952"}],"version-history":[{"count":0,"href":"https:\/\/www.suno.com.br\/noticias\/wp-json\/wp\/v2\/posts\/15952\/revisions"}],"wp:featuredmedia":[{"embeddable":true,"href":"https:\/\/www.suno.com.br\/noticias\/wp-json\/wp\/v2\/media\/15959"}],"wp:attachment":[{"href":"https:\/\/www.suno.com.br\/noticias\/wp-json\/wp\/v2\/media?parent=15952"}],"wp:term":[{"taxonomy":"category","embeddable":true,"href":"https:\/\/www.suno.com.br\/noticias\/wp-json\/wp\/v2\/categories?post=15952"},{"taxonomy":"post_tag","embeddable":true,"href":"https:\/\/www.suno.com.br\/noticias\/wp-json\/wp\/v2\/tags?post=15952"},{"taxonomy":"suno_strategy","embeddable":true,"href":"https:\/\/www.suno.com.br\/noticias\/wp-json\/wp\/v2\/suno_strategy?post=15952"}],"curies":[{"name":"wp","href":"https:\/\/api.w.org\/{rel}","templated":true}]}}