{"id":159435,"date":"2021-06-20T09:43:32","date_gmt":"2021-06-20T12:43:32","guid":{"rendered":"https:\/\/www.suno.com.br\/noticias\/?p=159435"},"modified":"2021-06-20T09:45:22","modified_gmt":"2021-06-20T12:45:22","slug":"ipca-15-fed-principais-eventos-semana","status":"publish","type":"post","link":"https:\/\/www.suno.com.br\/noticias\/ipca-15-fed-principais-eventos-semana\/","title":{"rendered":"IPCA-15, ata do Copom e depoimento de Powell: confira os principais eventos da pr\u00f3xima semana"},"content":{"rendered":"<p>Para a pr\u00f3xima semana, alguns eventos chamam a aten\u00e7\u00e3o dos investidores, tal como a divulga\u00e7\u00e3o do<strong> IPCA-15<\/strong>, depoimento do presidente do <a class=\"suno-keyword\" href=\"https:\/\/www.suno.com.br\/artigos\/fed\/\" target=\"_blank\" rel=\"noopener noreferrer\" data-force=\"no\" data-priority=\"2\">Federal Reserve (Fed)<\/a> e divulga\u00e7\u00e3o de importantes indicadores da economia.<\/p>\t<div class=\"wrapper-featured-image\">\n\t\t<figure class=\"spotlightImg\">\n\n\t\t\t<picture>\n\t\t\t\t<source media=\"(max-width: 768px)\" srcset=\"https:\/\/files.sunoresearch.com.br\/n\/uploads\/2021\/06\/b9b6d982-pexels-karolina-grabowska-4386373-400x200.webp\">\n\t\t\t\t<img loading=\"lazy\" decoding=\"async\" class=\"newsContent__article__imgCapa lazyloadDisabled \" src=\"https:\/\/files.sunoresearch.com.br\/n\/uploads\/2021\/06\/b9b6d982-pexels-karolina-grabowska-4386373-800x450.webp\" width=\"800\" height=\"450\" alt=\"IPCA-15, ata do Copom e depoimento de Powell: confira os principais eventos da pr\u00f3xima semana\" fetchpriority=high \/>\n\t\t\t<\/picture>\n\n\t\t\t<figcaption class=\"wp-caption-text wp-caption-text--show\">Foto de Karolina Grabowska no Pexels<\/figcaption>\n\t\t<\/figure>\n\t<\/div>\n\n\n\t<p>\n\t\t<a href=\"https:\/\/lp.suno.com.br\/planilha-controle-gastos\/\" target=\"_blank\" data-element=\"shortcode-suno-banner\" title=\"Banner SUNO, clique e saiba mais\">\n\t\t\t<picture>\n\t\t\t\t<source media=\"(max-width: 500px)\" srcset=\"https:\/\/files.sunoresearch.com.br\/n\/uploads\/2023\/03\/400x300-Planilha-controle-de-gastos.png\">\n\t\t\t\t<img class=\"newsContent__article__imgCapa newsContent__article__imgCapa--banner\"\n\t\t\t\t\tsrc=\"https:\/\/files.sunoresearch.com.br\/n\/uploads\/2023\/03\/1420x240-Planilha-controle-de-gastos.png\"\n\t\t\t\t\tdata-promo-id=\"101751\"\t\t\t\t\t\t\t\t\t\twidth='1420' height='240'\t\t\t\t\talt=\"https:\/\/files.sunoresearch.com.br\/n\/uploads\/2023\/03\/1420x240-Planilha-controle-de-gastos.png\"\n\t\t\t\t>\n\t\t\t<\/picture>\n\t\t<\/a>\n\t<\/p>\n\n\n<p>Diante disso, confira abaixo os principais eventos que ocorrer\u00e3o entre segunda-feira (21) a sexta-feira (25):<\/p>\n<h2>Segunda- feira: Discurso da presidente do BCE<\/h2>\n<p>Na pr\u00f3xima segunda-feira (21), al\u00e9m do Boletim Focus, apresenta\u00e7\u00e3o de um resumo dos resultados da pesquisa de expectativas de mercado, publicado semanalmente, tamb\u00e9m ocorrer\u00e1 na Europa, um pronunciamento da presidente do <a class=\"suno-keyword\" href=\"https:\/\/www.suno.com.br\/artigos\/bce\/\" target=\"_blank\" rel=\"noopener noreferrer\" data-force=\"no\" data-priority=\"1\">Banco Central Europeu (BCE)<\/a>, Christine Lagarde.<\/p>\n<p>Como chefe do BCE, respons\u00e1vel por definir as taxas de juros de <a class=\"suno-keyword\" href=\"https:\/\/www.suno.com.br\/artigos\/curto-prazo\/\" target=\"_blank\" rel=\"noopener noreferrer\" data-force=\"no\" data-priority=\"1\">curto prazo<\/a>, Lagarde possui grande influ\u00eancia sobre o valor do euro.<\/p>\n<p><a href=\"https:\/\/lp.suno.com.br\/suno-one\/?ppp=noticias\/hospital-care-pedido-ipo-cvm\/\">Suno One: acesse gratuitamente eBooks, Minicursos, Artigos e V\u00eddeo Aulas sobre investimentos com um \u00fanico cadastro. Clique para saber mais!<\/a><\/p>\n<h2>Ter\u00e7a-feira: ata do Copom e depoimento do Fed<\/h2>\n<p>Na ter\u00e7a-feira (22), ter\u00e1 a divulga\u00e7\u00e3o da ata da reuni\u00e3o do Comit\u00ea de <a class=\"suno-keyword\" href=\"https:\/\/www.suno.com.br\/artigos\/politica-monetaria\/\" target=\"_blank\" rel=\"noopener noreferrer\" data-force=\"no\" data-priority=\"1\">Pol\u00edtica Monet\u00e1ria<\/a> (Copom) do Banco Central (BC), al\u00e9m da publica\u00e7\u00e3o da <a class=\"suno-keyword\" href=\"https:\/\/www.suno.com.br\/artigos\/confianca-do-consumidor\/\" target=\"_blank\" rel=\"noopener noreferrer\" data-force=\"no\" data-priority=\"1\">Confian\u00e7a do Consumidor<\/a> na Europa, a qual mede o n\u00edvel de confian\u00e7a dos consumidores na atividade econ\u00f4mica e ainda depoimento do presidente do Fed, Jerome Powell.<\/p>\n<p>O mandat\u00e1rio do Banco Central americano deve depor perante ao Comit\u00ea Econ\u00f4mico Conjunto, em Washington DC.<\/p>\n<h2>Quarta-feira: indicadores econ\u00f4micos na Europa e EUA<\/h2>\n<p>Na quarta-feira (23), por sua vez, o dia ter\u00e1 eventos como divulga\u00e7\u00e3o do PMI industrial, composto Markit e do setor de servi\u00e7os europeu e norte-americano e outro \u00edndices que ajudam a medir a economia do local.<\/p>\n\t<p>\n\t\t<a href=\"https:\/\/lp.suno.com.br\/planilha-da-vida-financeira\/\" target=\"_blank\" data-element=\"shortcode-suno-banner\" title=\"Banner SUNO, clique e saiba mais\">\n\t\t\t<picture>\n\t\t\t\t<source media=\"(max-width: 500px)\" srcset=\"https:\/\/files.sunoresearch.com.br\/n\/uploads\/2023\/04\/400x300-Planilha-vida-financeira-true.png\">\n\t\t\t\t<img class=\"newsContent__article__imgCapa newsContent__article__imgCapa--banner\"\n\t\t\t\t\tsrc=\"https:\/\/files.sunoresearch.com.br\/n\/uploads\/2023\/04\/1420x240-Planilha-vida-financeira-true.png\"\n\t\t\t\t\tdata-promo-id=\"106682\"\t\t\t\t\t\t\t\t\t\twidth='1420' height='240'\t\t\t\t\talt=\"https:\/\/files.sunoresearch.com.br\/n\/uploads\/2023\/04\/1420x240-Planilha-vida-financeira-true.png\"\n\t\t\t\t>\n\t\t\t<\/picture>\n\t\t<\/a>\n\t<\/p>\n\n\n<h2>Quinta-feira: indicadores econ\u00f4micos no Brasil<\/h2>\n<p>No Brasil, na quinta-feira (24) ser\u00e1 divulgado o \u00cdndice de Evolu\u00e7\u00e3o de Emprego do CAGED e a confian\u00e7a do consumidor, realizado pela FGV.<\/p>\n<p>Ao passo que nos EUA, outras indicadores econ\u00f4micos, como por exemplo o Produto Interno Bruto (PIB) trimestral e pedidos cont\u00ednuos por seguro-desemprego. J\u00e1 na Europa, ser\u00e1 publicado o Relat\u00f3rio Mensal do Banco Central Europeu (BCE).<\/p>\n<h2>Sexta-feira: IPCA-15<\/h2>\n<p>Por \u00faltimo, na sexta-feira (25), ocorrer\u00e1 a divulga\u00e7\u00e3o do \u00edndice de pre\u00e7os ao consumidor (IPCA), o qual mede a varia\u00e7\u00e3o de um conjunto de pre\u00e7os de bens e servi\u00e7os habituais de uma fam\u00edlia durante um determinado per\u00edodo de tempo. Os dados ser\u00e3o mensais e anuais.<\/p>\n<p>Al\u00e9m do <strong>IPCA<\/strong> no Brasil, na Inglaterra, por sua vez, os investidores estar\u00e3o atentos ao Boletim trimestral do Bank of England, o qual \u00e9 publicado trimestralmente e inclui coment\u00e1rios sobre acontecimentos do mercado e opera\u00e7\u00f5es de pol\u00edtica monet\u00e1ria, juntamente com relat\u00f3rios sobre uma s\u00e9rie de quest\u00f5es econ\u00f4micas nacionais e internacionais, pesquisa de mercado e an\u00e1lise de mercado.<\/p>\n<p><span style=\"font-weight: 400;\">\u00a0\t<p>\n\t\t<a href=\"https:\/\/lp.suno.com.br\/planilha-de-controle-de-investimentos\/\" target=\"_blank\" data-element=\"shortcode-suno-banner\" title=\"Banner SUNO, clique e saiba mais\">\n\t\t\t<picture>\n\t\t\t\t<source media=\"(max-width: 500px)\" srcset=\"https:\/\/files.sunoresearch.com.br\/n\/uploads\/2023\/03\/400x300-Controle-de-Investimentos.png\">\n\t\t\t\t<img class=\"newsContent__article__imgCapa newsContent__article__imgCapa--banner\"\n\t\t\t\t\tsrc=\"https:\/\/files.sunoresearch.com.br\/n\/uploads\/2023\/03\/1420x240-Controle-de-Investimentos.png\"\n\t\t\t\t\tdata-promo-id=\"75934\"\t\t\t\t\t\t\t\t\t\twidth='1420' height='240'\t\t\t\t\talt=\"https:\/\/files.sunoresearch.com.br\/n\/uploads\/2023\/03\/1420x240-Controle-de-Investimentos.png\"\n\t\t\t\t>\n\t\t\t<\/picture>\n\t\t<\/a>\n\t<\/p>\n\n<\/span><\/p>\n<p>&nbsp;<\/p>\n","protected":false},"excerpt":{"rendered":"<p>Para a pr\u00f3xima semana, alguns eventos chamam a aten\u00e7\u00e3o dos investidores, tal como a divulga\u00e7\u00e3o do IPCA-15, depoimento do presidente do Federal Reserve (Fed) e divulga\u00e7\u00e3o de importantes indicadores da economia. Foto de Karolina Grabowska no Pexels Diante disso, confira abaixo os principais eventos que ocorrer\u00e3o entre segunda-feira (21) a sexta-feira (25): Segunda- feira: Discurso [&hellip;]<\/p>\n","protected":false},"author":56,"featured_media":159437,"comment_status":"closed","ping_status":"closed","sticky":false,"template":"","format":"standard","meta":[],"categories":[60],"tags":[863,1528,793,710,776,1361,807],"suno_strategy":[],"class_list":["post-159435","post","type-post","status-publish","format-standard","has-post-thumbnail","hentry","category-mercado","tag-banco-central-europeu-bce","tag-christine-lagarde","tag-estados-unidos-eua","tag-europa","tag-federal-reseve-fed","tag-ipca-15","tag-produto-interno-bruto-pib"],"yoast_head":"<!-- This site is optimized with the Yoast SEO plugin v24.4 - https:\/\/yoast.com\/wordpress\/plugins\/seo\/ -->\n<title>IPCA-15, ata do Copom e Fed: Veja os principais eventos da semana<\/title>\n<meta name=\"description\" content=\"Confira os principais eventos que mexer\u00e3o com os invstidores, com destaque para o IPCA-15. Clique e veja mais!\" \/>\n<meta name=\"robots\" content=\"index, follow, max-snippet:-1, max-image-preview:large, max-video-preview:-1\" \/>\n<link rel=\"canonical\" href=\"https:\/\/www.suno.com.br\/noticias\/ipca-15-fed-principais-eventos-semana\/\" \/>\n<meta property=\"og:locale\" content=\"pt_BR\" \/>\n<meta property=\"og:type\" content=\"article\" \/>\n<meta property=\"og:title\" content=\"IPCA-15, ata do Copom e Fed: Veja os principais eventos da semana\" \/>\n<meta property=\"og:description\" content=\"Confira os principais eventos que mexer\u00e3o com os invstidores, com destaque para o IPCA-15. Clique e veja mais!\" \/>\n<meta property=\"og:url\" content=\"https:\/\/www.suno.com.br\/noticias\/ipca-15-fed-principais-eventos-semana\/\" \/>\n<meta property=\"og:site_name\" content=\"Suno Not\u00edcias\" \/>\n<meta property=\"article:publisher\" content=\"https:\/\/facebook.com\/sunoresearch\" \/>\n<meta property=\"og:image\" content=\"https:\/\/files.sunoresearch.com.br\/n\/uploads\/2021\/06\/b9b6d982-pexels-karolina-grabowska-4386373.jpg\" \/>\n\t<meta property=\"og:image:width\" content=\"1280\" \/>\n\t<meta property=\"og:image:height\" content=\"853\" \/>\n\t<meta property=\"og:image:type\" content=\"image\/jpeg\" \/>\n<meta name=\"author\" content=\"Rafaela La Regina\" \/>\n<meta name=\"twitter:card\" content=\"summary_large_image\" \/>\n<meta name=\"twitter:creator\" content=\"@sunoresearch\" \/>\n<meta name=\"twitter:site\" content=\"@sunoresearch\" \/>\n<meta name=\"twitter:label1\" content=\"Escrito por\" \/>\n\t<meta name=\"twitter:data1\" content=\"Rafaela La Regina\" \/>\n\t<meta name=\"twitter:label2\" content=\"Est. tempo de leitura\" \/>\n\t<meta name=\"twitter:data2\" content=\"2 minutos\" \/>\n<script type=\"application\/ld+json\" class=\"yoast-schema-graph\">{\"@context\":\"https:\/\/schema.org\",\"@graph\":[{\"@type\":\"NewsArticle\",\"@id\":\"https:\/\/www.suno.com.br\/noticias\/ipca-15-fed-principais-eventos-semana\/#article\",\"isPartOf\":{\"@id\":\"https:\/\/www.suno.com.br\/noticias\/ipca-15-fed-principais-eventos-semana\/\"},\"author\":{\"name\":\"Rafaela La Regina\",\"@id\":\"https:\/\/www.suno.com.br\/noticias\/#\/schema\/person\/e672ca8cea627fe715fa29bca7da95e0\"},\"headline\":\"IPCA-15, ata do Copom e depoimento de Powell: confira os principais eventos da pr\u00f3xima semana\",\"datePublished\":\"2021-06-20T12:43:32+00:00\",\"dateModified\":\"2021-06-20T12:45:22+00:00\",\"mainEntityOfPage\":{\"@id\":\"https:\/\/www.suno.com.br\/noticias\/ipca-15-fed-principais-eventos-semana\/\"},\"wordCount\":489,\"publisher\":{\"@id\":\"https:\/\/www.suno.com.br\/noticias\/#organization\"},\"image\":{\"@id\":\"https:\/\/www.suno.com.br\/noticias\/ipca-15-fed-principais-eventos-semana\/#primaryimage\"},\"thumbnailUrl\":\"https:\/\/files.sunoresearch.com.br\/n\/uploads\/2021\/06\/b9b6d982-pexels-karolina-grabowska-4386373-jpg.webp\",\"keywords\":[\"Banco Central Europeu (BCE)\",\"Christine Lagarde\",\"Estados Unidos (EUA)\",\"Europa\",\"Federal Reserve (FED)\",\"IPCA-15\",\"Produto Interno Bruto (PIB)\"],\"articleSection\":[\"Mercado\"],\"inLanguage\":\"pt-BR\"},{\"@type\":\"WebPage\",\"@id\":\"https:\/\/www.suno.com.br\/noticias\/ipca-15-fed-principais-eventos-semana\/\",\"url\":\"https:\/\/www.suno.com.br\/noticias\/ipca-15-fed-principais-eventos-semana\/\",\"name\":\"IPCA-15, ata do Copom e Fed: Veja os principais eventos da semana\",\"isPartOf\":{\"@id\":\"https:\/\/www.suno.com.br\/noticias\/#website\"},\"primaryImageOfPage\":{\"@id\":\"https:\/\/www.suno.com.br\/noticias\/ipca-15-fed-principais-eventos-semana\/#primaryimage\"},\"image\":{\"@id\":\"https:\/\/www.suno.com.br\/noticias\/ipca-15-fed-principais-eventos-semana\/#primaryimage\"},\"thumbnailUrl\":\"https:\/\/files.sunoresearch.com.br\/n\/uploads\/2021\/06\/b9b6d982-pexels-karolina-grabowska-4386373-jpg.webp\",\"datePublished\":\"2021-06-20T12:43:32+00:00\",\"dateModified\":\"2021-06-20T12:45:22+00:00\",\"description\":\"Confira os principais eventos que mexer\u00e3o com os invstidores, com destaque para o IPCA-15. Clique e veja mais!\",\"breadcrumb\":{\"@id\":\"https:\/\/www.suno.com.br\/noticias\/ipca-15-fed-principais-eventos-semana\/#breadcrumb\"},\"inLanguage\":\"pt-BR\",\"potentialAction\":[{\"@type\":\"ReadAction\",\"target\":[\"https:\/\/www.suno.com.br\/noticias\/ipca-15-fed-principais-eventos-semana\/\"]}]},{\"@type\":\"ImageObject\",\"inLanguage\":\"pt-BR\",\"@id\":\"https:\/\/www.suno.com.br\/noticias\/ipca-15-fed-principais-eventos-semana\/#primaryimage\",\"url\":\"https:\/\/files.sunoresearch.com.br\/n\/uploads\/2021\/06\/b9b6d982-pexels-karolina-grabowska-4386373-jpg.webp\",\"contentUrl\":\"https:\/\/files.sunoresearch.com.br\/n\/uploads\/2021\/06\/b9b6d982-pexels-karolina-grabowska-4386373-jpg.webp\",\"width\":1280,\"height\":853,\"caption\":\"Foto de Karolina Grabowska no Pexels\"},{\"@type\":\"BreadcrumbList\",\"@id\":\"https:\/\/www.suno.com.br\/noticias\/ipca-15-fed-principais-eventos-semana\/#breadcrumb\",\"itemListElement\":[{\"@type\":\"ListItem\",\"position\":1,\"name\":\"Not\u00edcias\",\"item\":\"https:\/\/www.suno.com.br\/noticias\/\"},{\"@type\":\"ListItem\",\"position\":2,\"name\":\"Mercado\",\"item\":\"https:\/\/www.suno.com.br\/noticias\/mercado\/\"},{\"@type\":\"ListItem\",\"position\":3,\"name\":\"IPCA-15, ata do Copom e depoimento de Powell: confira os principais eventos da pr\u00f3xima semana\"}]},{\"@type\":\"WebSite\",\"@id\":\"https:\/\/www.suno.com.br\/noticias\/#website\",\"url\":\"https:\/\/www.suno.com.br\/noticias\/\",\"name\":\"Suno Not\u00edcias\",\"description\":\"Seu portal de informa\u00e7\u00e3o sobre o mundo dos investimentos\",\"publisher\":{\"@id\":\"https:\/\/www.suno.com.br\/noticias\/#organization\"},\"potentialAction\":[{\"@type\":\"SearchAction\",\"target\":{\"@type\":\"EntryPoint\",\"urlTemplate\":\"https:\/\/www.suno.com.br\/noticias\/?s={search_term_string}\"},\"query-input\":{\"@type\":\"PropertyValueSpecification\",\"valueRequired\":true,\"valueName\":\"search_term_string\"}}],\"inLanguage\":\"pt-BR\"},{\"@type\":\"Organization\",\"@id\":\"https:\/\/www.suno.com.br\/noticias\/#organization\",\"name\":\"Suno Not\u00edcias\",\"url\":\"https:\/\/www.suno.com.br\/noticias\/\",\"logo\":{\"@type\":\"ImageObject\",\"inLanguage\":\"pt-BR\",\"@id\":\"https:\/\/www.suno.com.br\/noticias\/#\/schema\/logo\/image\/\",\"url\":\"https:\/\/files.sunoresearch.com.br\/n\/uploads\/2021\/09\/suno-logo.png\",\"contentUrl\":\"https:\/\/files.sunoresearch.com.br\/n\/uploads\/2021\/09\/suno-logo.png\",\"width\":180,\"height\":180,\"caption\":\"Suno Not\u00edcias\"},\"image\":{\"@id\":\"https:\/\/www.suno.com.br\/noticias\/#\/schema\/logo\/image\/\"},\"sameAs\":[\"https:\/\/facebook.com\/sunoresearch\",\"https:\/\/x.com\/sunoresearch\",\"https:\/\/www.instagram.com\/suno\",\"https:\/\/www.linkedin.com\/company\/suno-research\/\",\"https:\/\/www.youtube.com\/c\/sunoresearch\"]},{\"@type\":\"Person\",\"@id\":\"https:\/\/www.suno.com.br\/noticias\/#\/schema\/person\/e672ca8cea627fe715fa29bca7da95e0\",\"name\":\"Rafaela La Regina\",\"image\":{\"@type\":\"ImageObject\",\"inLanguage\":\"pt-BR\",\"@id\":\"https:\/\/www.suno.com.br\/noticias\/#\/schema\/person\/image\/\",\"url\":\"https:\/\/secure.gravatar.com\/avatar\/d2c75a52d243deb93d0465fdcb21bd37?s=96&r=g\",\"contentUrl\":\"https:\/\/secure.gravatar.com\/avatar\/d2c75a52d243deb93d0465fdcb21bd37?s=96&r=g\",\"caption\":\"Rafaela La Regina\"},\"description\":\"Estagi\u00e1ria no Suno Not\u00edcias. Escreve sobre economia, pol\u00edtica e neg\u00f3cios. Estuda Rela\u00e7\u00f5es Internacionais no IBMEC-SP.\",\"url\":\"https:\/\/www.suno.com.br\/noticias\/author\/rafaela-la-regina\/\"}]}<\/script>\n<!-- \/ Yoast SEO plugin. -->","yoast_head_json":{"title":"IPCA-15, ata do Copom e Fed: Veja os principais eventos da semana","description":"Confira os principais eventos que mexer\u00e3o com os invstidores, com destaque para o IPCA-15. Clique e veja mais!","robots":{"index":"index","follow":"follow","max-snippet":"max-snippet:-1","max-image-preview":"max-image-preview:large","max-video-preview":"max-video-preview:-1"},"canonical":"https:\/\/www.suno.com.br\/noticias\/ipca-15-fed-principais-eventos-semana\/","og_locale":"pt_BR","og_type":"article","og_title":"IPCA-15, ata do Copom e Fed: Veja os principais eventos da semana","og_description":"Confira os principais eventos que mexer\u00e3o com os invstidores, com destaque para o IPCA-15. Clique e veja mais!","og_url":"https:\/\/www.suno.com.br\/noticias\/ipca-15-fed-principais-eventos-semana\/","og_site_name":"Suno Not\u00edcias","article_publisher":"https:\/\/facebook.com\/sunoresearch","og_image":[{"width":1280,"height":853,"url":"https:\/\/files.sunoresearch.com.br\/n\/uploads\/2021\/06\/b9b6d982-pexels-karolina-grabowska-4386373.jpg","type":"image\/jpeg"}],"author":"Rafaela La Regina","twitter_card":"summary_large_image","twitter_creator":"@sunoresearch","twitter_site":"@sunoresearch","twitter_misc":{"Escrito por":"Rafaela La Regina","Est. tempo de leitura":"2 minutos"},"schema":{"@context":"https:\/\/schema.org","@graph":[{"@type":"NewsArticle","@id":"https:\/\/www.suno.com.br\/noticias\/ipca-15-fed-principais-eventos-semana\/#article","isPartOf":{"@id":"https:\/\/www.suno.com.br\/noticias\/ipca-15-fed-principais-eventos-semana\/"},"author":{"name":"Rafaela La Regina","@id":"https:\/\/www.suno.com.br\/noticias\/#\/schema\/person\/e672ca8cea627fe715fa29bca7da95e0"},"headline":"IPCA-15, ata do Copom e depoimento de Powell: confira os principais eventos da pr\u00f3xima semana","datePublished":"2021-06-20T12:43:32+00:00","dateModified":"2021-06-20T12:45:22+00:00","mainEntityOfPage":{"@id":"https:\/\/www.suno.com.br\/noticias\/ipca-15-fed-principais-eventos-semana\/"},"wordCount":489,"publisher":{"@id":"https:\/\/www.suno.com.br\/noticias\/#organization"},"image":{"@id":"https:\/\/www.suno.com.br\/noticias\/ipca-15-fed-principais-eventos-semana\/#primaryimage"},"thumbnailUrl":"https:\/\/files.sunoresearch.com.br\/n\/uploads\/2021\/06\/b9b6d982-pexels-karolina-grabowska-4386373-jpg.webp","keywords":["Banco Central Europeu (BCE)","Christine Lagarde","Estados Unidos (EUA)","Europa","Federal Reserve (FED)","IPCA-15","Produto Interno Bruto (PIB)"],"articleSection":["Mercado"],"inLanguage":"pt-BR"},{"@type":"WebPage","@id":"https:\/\/www.suno.com.br\/noticias\/ipca-15-fed-principais-eventos-semana\/","url":"https:\/\/www.suno.com.br\/noticias\/ipca-15-fed-principais-eventos-semana\/","name":"IPCA-15, ata do Copom e Fed: Veja os principais eventos da semana","isPartOf":{"@id":"https:\/\/www.suno.com.br\/noticias\/#website"},"primaryImageOfPage":{"@id":"https:\/\/www.suno.com.br\/noticias\/ipca-15-fed-principais-eventos-semana\/#primaryimage"},"image":{"@id":"https:\/\/www.suno.com.br\/noticias\/ipca-15-fed-principais-eventos-semana\/#primaryimage"},"thumbnailUrl":"https:\/\/files.sunoresearch.com.br\/n\/uploads\/2021\/06\/b9b6d982-pexels-karolina-grabowska-4386373-jpg.webp","datePublished":"2021-06-20T12:43:32+00:00","dateModified":"2021-06-20T12:45:22+00:00","description":"Confira os principais eventos que mexer\u00e3o com os invstidores, com destaque para o IPCA-15. Clique e veja mais!","breadcrumb":{"@id":"https:\/\/www.suno.com.br\/noticias\/ipca-15-fed-principais-eventos-semana\/#breadcrumb"},"inLanguage":"pt-BR","potentialAction":[{"@type":"ReadAction","target":["https:\/\/www.suno.com.br\/noticias\/ipca-15-fed-principais-eventos-semana\/"]}]},{"@type":"ImageObject","inLanguage":"pt-BR","@id":"https:\/\/www.suno.com.br\/noticias\/ipca-15-fed-principais-eventos-semana\/#primaryimage","url":"https:\/\/files.sunoresearch.com.br\/n\/uploads\/2021\/06\/b9b6d982-pexels-karolina-grabowska-4386373-jpg.webp","contentUrl":"https:\/\/files.sunoresearch.com.br\/n\/uploads\/2021\/06\/b9b6d982-pexels-karolina-grabowska-4386373-jpg.webp","width":1280,"height":853,"caption":"Foto de Karolina Grabowska no Pexels"},{"@type":"BreadcrumbList","@id":"https:\/\/www.suno.com.br\/noticias\/ipca-15-fed-principais-eventos-semana\/#breadcrumb","itemListElement":[{"@type":"ListItem","position":1,"name":"Not\u00edcias","item":"https:\/\/www.suno.com.br\/noticias\/"},{"@type":"ListItem","position":2,"name":"Mercado","item":"https:\/\/www.suno.com.br\/noticias\/mercado\/"},{"@type":"ListItem","position":3,"name":"IPCA-15, ata do Copom e depoimento de Powell: confira os principais eventos da pr\u00f3xima semana"}]},{"@type":"WebSite","@id":"https:\/\/www.suno.com.br\/noticias\/#website","url":"https:\/\/www.suno.com.br\/noticias\/","name":"Suno Not\u00edcias","description":"Seu portal de informa\u00e7\u00e3o sobre o mundo dos investimentos","publisher":{"@id":"https:\/\/www.suno.com.br\/noticias\/#organization"},"potentialAction":[{"@type":"SearchAction","target":{"@type":"EntryPoint","urlTemplate":"https:\/\/www.suno.com.br\/noticias\/?s={search_term_string}"},"query-input":{"@type":"PropertyValueSpecification","valueRequired":true,"valueName":"search_term_string"}}],"inLanguage":"pt-BR"},{"@type":"Organization","@id":"https:\/\/www.suno.com.br\/noticias\/#organization","name":"Suno Not\u00edcias","url":"https:\/\/www.suno.com.br\/noticias\/","logo":{"@type":"ImageObject","inLanguage":"pt-BR","@id":"https:\/\/www.suno.com.br\/noticias\/#\/schema\/logo\/image\/","url":"https:\/\/files.sunoresearch.com.br\/n\/uploads\/2021\/09\/suno-logo.png","contentUrl":"https:\/\/files.sunoresearch.com.br\/n\/uploads\/2021\/09\/suno-logo.png","width":180,"height":180,"caption":"Suno Not\u00edcias"},"image":{"@id":"https:\/\/www.suno.com.br\/noticias\/#\/schema\/logo\/image\/"},"sameAs":["https:\/\/facebook.com\/sunoresearch","https:\/\/x.com\/sunoresearch","https:\/\/www.instagram.com\/suno","https:\/\/www.linkedin.com\/company\/suno-research\/","https:\/\/www.youtube.com\/c\/sunoresearch"]},{"@type":"Person","@id":"https:\/\/www.suno.com.br\/noticias\/#\/schema\/person\/e672ca8cea627fe715fa29bca7da95e0","name":"Rafaela La Regina","image":{"@type":"ImageObject","inLanguage":"pt-BR","@id":"https:\/\/www.suno.com.br\/noticias\/#\/schema\/person\/image\/","url":"https:\/\/secure.gravatar.com\/avatar\/d2c75a52d243deb93d0465fdcb21bd37?s=96&r=g","contentUrl":"https:\/\/secure.gravatar.com\/avatar\/d2c75a52d243deb93d0465fdcb21bd37?s=96&r=g","caption":"Rafaela La Regina"},"description":"Estagi\u00e1ria no Suno Not\u00edcias. Escreve sobre economia, pol\u00edtica e neg\u00f3cios. Estuda Rela\u00e7\u00f5es Internacionais no IBMEC-SP.","url":"https:\/\/www.suno.com.br\/noticias\/author\/rafaela-la-regina\/"}]}},"default_loop_html":"<div class=\"cardsPage__listCard__boxs\"><div class=\"cardsPage__listCard__boxs__img\"><a href=\"https:\/\/www.suno.com.br\/noticias\/ipca-15-fed-principais-eventos-semana\/\"><img class=\"mask\" src=\"https:\/\/www.suno.com.br\/noticias\/wp-content\/themes\/suno\/resources\/images\/spotlight\/spotlight1img\/bg-mask.png\" alt=\"Image Mask\"\/><img src=\"https:\/\/files.sunoresearch.com.br\/n\/uploads\/2021\/06\/b9b6d982-pexels-karolina-grabowska-4386373-400x200.webp\" alt=\"IPCA-15, ata do Copom e depoimento de Powell: confira os principais eventos da pr\u00f3xima semana\"\/><\/a><span class=\"spotlightCategory\"><a href=\"https:\/\/www.suno.com.br\/noticias\/mercado\/\">Mercado<\/a><\/span><\/div><div class=\"cardsPage__listCard__boxs__content\"><a href=\"https:\/\/www.suno.com.br\/noticias\/ipca-15-fed-principais-eventos-semana\/\"><h2 class=\"content__title\">IPCA-15, ata do Copom e depoimento de Powell: confira os principais eventos da pr\u00f3xima semana<\/h2><\/a><div class=\"newsContent__article__meta\"><div class=\"newsContent__article__meta__authorBox\"><a href=\"https:\/\/www.suno.com.br\/noticias\/author\/rafaela-la-regina\/\" class=\"authorBox__avatar noMobi\"><img src=\"https:\/\/secure.gravatar.com\/avatar\/d2c75a52d243deb93d0465fdcb21bd37?s=96&#038;r=g\" alt=\"Rafaela La Regina\"><\/a><div class=\"authorBox__name\"><span>por\n\t\t\t<a href=\"https:\/\/www.suno.com.br\/noticias\/author\/rafaela-la-regina\/\"><span itemprop=\"author\">Rafaela La Regina<\/span><\/a><\/span><time datetime=\"2021-06-20T09:43:32-03:00\" itemprop=\"datePublished\">20\/06\/2021 09:43<\/time><\/div><\/div><\/div><\/div><\/div>","single_layout":"posts","amp_enabled":true,"_links":{"self":[{"href":"https:\/\/www.suno.com.br\/noticias\/wp-json\/wp\/v2\/posts\/159435"}],"collection":[{"href":"https:\/\/www.suno.com.br\/noticias\/wp-json\/wp\/v2\/posts"}],"about":[{"href":"https:\/\/www.suno.com.br\/noticias\/wp-json\/wp\/v2\/types\/post"}],"author":[{"embeddable":true,"href":"https:\/\/www.suno.com.br\/noticias\/wp-json\/wp\/v2\/users\/56"}],"replies":[{"embeddable":true,"href":"https:\/\/www.suno.com.br\/noticias\/wp-json\/wp\/v2\/comments?post=159435"}],"version-history":[{"count":3,"href":"https:\/\/www.suno.com.br\/noticias\/wp-json\/wp\/v2\/posts\/159435\/revisions"}],"predecessor-version":[{"id":159442,"href":"https:\/\/www.suno.com.br\/noticias\/wp-json\/wp\/v2\/posts\/159435\/revisions\/159442"}],"wp:featuredmedia":[{"embeddable":true,"href":"https:\/\/www.suno.com.br\/noticias\/wp-json\/wp\/v2\/media\/159437"}],"wp:attachment":[{"href":"https:\/\/www.suno.com.br\/noticias\/wp-json\/wp\/v2\/media?parent=159435"}],"wp:term":[{"taxonomy":"category","embeddable":true,"href":"https:\/\/www.suno.com.br\/noticias\/wp-json\/wp\/v2\/categories?post=159435"},{"taxonomy":"post_tag","embeddable":true,"href":"https:\/\/www.suno.com.br\/noticias\/wp-json\/wp\/v2\/tags?post=159435"},{"taxonomy":"suno_strategy","embeddable":true,"href":"https:\/\/www.suno.com.br\/noticias\/wp-json\/wp\/v2\/suno_strategy?post=159435"}],"curies":[{"name":"wp","href":"https:\/\/api.w.org\/{rel}","templated":true}]}}