{"id":15925,"date":"2019-02-19T19:09:31","date_gmt":"2019-02-19T22:09:31","guid":{"rendered":"https:\/\/www.suno.com.br\/noticias\/?p=15925"},"modified":"2019-02-19T19:09:31","modified_gmt":"2019-02-19T22:09:31","slug":"netflix-anuncia-parceria-net-claro","status":"publish","type":"post","link":"https:\/\/www.suno.com.br\/noticias\/netflix-anuncia-parceria-net-claro\/","title":{"rendered":"Netflix anuncia parceria com NET e Claro para TV e smartphones"},"content":{"rendered":"<p>A <a href=\"https:\/\/www.suno.com.br\/noticias\/jpmorgan-apple-deveria-comprar-netflix\/\">gigante do streaming<\/a> Netflix anunciou uma parceria com a NET e a Claro. A empresa vai disponibilizar\u00a0a partir desta ter\u00e7a (19) o conte\u00fado da plataforma nos novos decodificadores com pacotes 4K para TVs com qualidade de imagem ultra HD e em smartphones.<\/p>\t<div class=\"wrapper-featured-image\">\n\t\t<figure class=\"spotlightImg\">\n\n\t\t\t<picture>\n\t\t\t\t<source media=\"(max-width: 768px)\" srcset=\"https:\/\/files.sunoresearch.com.br\/n\/uploads\/2019\/02\/ca1d5705-netflix-2-400x200.webp\">\n\t\t\t\t<img loading=\"lazy\" decoding=\"async\" class=\"newsContent__article__imgCapa lazyloadDisabled newsContent__article__imgCapa--noCaption\" src=\"https:\/\/files.sunoresearch.com.br\/n\/uploads\/2019\/02\/ca1d5705-netflix-2-800x450.webp\" width=\"800\" height=\"450\" alt=\"Netflix anuncia parceria com NET e Claro para TV e smartphones\" fetchpriority=high \/>\n\t\t\t<\/picture>\n\n\t\t\t<figcaption class=\"wp-caption-text wp-caption-text--hide\">Os ganhos com assinatura da Netflix patinam \u00e0 medida que a pandemia passa<\/figcaption>\n\t\t<\/figure>\n\t<\/div>\n\n\n<p>Os clientes da <strong>Netflix<\/strong> v\u00e3o poder utilizar o mesmo <strong>decodificador<\/strong> e controle remoto nos servi\u00e7os da <strong>NET<\/strong> e da <strong>Claro.<\/strong> O usu\u00e1rio poder\u00e1 fazer o login diretamente no <strong>aparelho<\/strong> da <strong>NET,<\/strong> sem precisar conectar a <strong>TV<\/strong> \u00e0 <strong>internet<\/strong> ou a qualquer outro equipamento para assistir <strong>filmes<\/strong> e <strong>s\u00e9ries<\/strong> da <strong>plataforma.<\/strong><\/p>\n<p><a href=\"https:\/\/www.suno.com.br\/noticias\/itausa-pagamento-dividendos-marco\/\">Saiba mais: Ita\u00fasa anuncia pagamento de dividendos para 7 de mar\u00e7o<\/a><\/p>\n<p>Clientes de outros tipos de pacotes, que n\u00e3o o <strong>4K,<\/strong> precisar\u00e3o trocar de <strong>plano<\/strong> para ter acesso ao <strong>conte\u00fado<\/strong> da <strong>Netflix.<\/strong> H\u00e1 tamb\u00e9m a op\u00e7\u00e3o de contratar o servi\u00e7o de <strong>streaming<\/strong> pela <strong>NET.<\/strong> Neste caso, ser\u00e1 preciso pagar pelo servi\u00e7o na mesma fatura mensal da operadora, junto dos outros servi\u00e7os.<\/p>\n<p>&#8220;Estamos unindo a melhor de todas as <strong>plataformas,<\/strong> a diversidade e a qualidade do servi\u00e7o <strong>Netflix<\/strong> com a comodidade de ter tudo junto e acess\u00edvel por meio do mesmo controle remoto da <strong>NET,<\/strong> al\u00e9m da possibilidade de acessar esse <strong>conte\u00fado<\/strong> quando e onde voc\u00ea quiser na <strong>rede 4.5G<\/strong> da <strong>Claro&#8221;,<\/strong> declarou o diretor de marketing da <strong>Claro Brasil, Marcio Carvalho.<\/strong><\/p>\n<p><a href=\"https:\/\/www.suno.com.br\/noticias\/apple-resistencia-lancar-netflix-noticias\/\">Saiba mais: Apple enfrenta resist\u00eancia para lan\u00e7ar &#8216;Netflix de not\u00edcias&#8217;<\/a><\/p>\n<p>O <strong>pacote 4K<\/strong> da <strong>NET<\/strong> permite ao cliente guardar seus <strong>programas<\/strong> favoritos na nuvem para assisti-los quando quiser. Basta que a <strong>TV<\/strong> esteja conectada \u00e0 <strong>plataforma.<\/strong> Estar\u00e1 dispon\u00edvel tamb\u00e9m o recurso chamado <strong>Replay TV.<\/strong> Por meio dele, ser\u00e1 poss\u00edvel retroceder a <strong>programa\u00e7\u00e3o<\/strong> em at\u00e9 sete dias para assistir a <strong>programas<\/strong> que j\u00e1 foram ao ar.<\/p>\n<p>Clientes de plano p\u00f3s-pago da <strong>Claro<\/strong> poder\u00e3o usar o servi\u00e7o <strong>Extraplay.<\/strong> Trata-se de uma franquia de <strong>dados<\/strong> que consome menos dados ao utilizar aplicativos de <strong>streaming<\/strong> de <strong>v\u00eddeo,<\/strong> tais como <strong>Netflix, Youtube, NOW<\/strong> e <strong>Claro V\u00eddeo.<\/strong><\/p>\n<p><a href=\"https:\/\/www.suno.com.br\/noticias\/hopi-hari-bndes-leilao-bens\/\">Saiba mais: Hopi Hari tenta acordo com BNDES para evitar leil\u00e3o de bens<\/a><\/p>\n","protected":false},"excerpt":{"rendered":"<p>A gigante do streaming Netflix anunciou uma parceria com a NET e a Claro. A empresa vai disponibilizar\u00a0a partir desta ter\u00e7a (19) o conte\u00fado da plataforma nos novos decodificadores com pacotes 4K para TVs com qualidade de imagem ultra HD e em smartphones. Os ganhos com assinatura da Netflix patinam \u00e0 medida que a pandemia [&hellip;]<\/p>\n","protected":false},"author":13,"featured_media":15930,"comment_status":"closed","ping_status":"closed","sticky":false,"template":"","format":"standard","meta":[],"categories":[64],"tags":[1140,1080],"suno_strategy":[],"class_list":["post-15925","post","type-post","status-publish","format-standard","has-post-thumbnail","hentry","category-negocios","tag-claro","tag-netflix-nflx34"],"yoast_head":"<!-- This site is optimized with the Yoast SEO plugin v24.4 - https:\/\/yoast.com\/wordpress\/plugins\/seo\/ -->\n<title>Netflix anuncia parceria com NET e Claro para TV e smartphones<\/title>\n<meta name=\"description\" content=\"Os clientes da Netflix v\u00e3o poder utilizar o mesmo decodificador e controle remoto nos servi\u00e7os da NET e da Claro. Clique e saiba mais\" \/>\n<meta name=\"robots\" content=\"index, follow, max-snippet:-1, max-image-preview:large, max-video-preview:-1\" \/>\n<link rel=\"canonical\" href=\"https:\/\/www.suno.com.br\/noticias\/netflix-anuncia-parceria-net-claro\/\" \/>\n<meta property=\"og:locale\" content=\"pt_BR\" \/>\n<meta property=\"og:type\" content=\"article\" \/>\n<meta property=\"og:title\" content=\"Netflix anuncia parceria com NET e Claro para TV e smartphones\" \/>\n<meta property=\"og:description\" content=\"Os clientes da Netflix v\u00e3o poder utilizar o mesmo decodificador e controle remoto nos servi\u00e7os da NET e da Claro. Clique e saiba mais\" \/>\n<meta property=\"og:url\" content=\"https:\/\/www.suno.com.br\/noticias\/netflix-anuncia-parceria-net-claro\/\" \/>\n<meta property=\"og:site_name\" content=\"Suno Not\u00edcias\" \/>\n<meta property=\"article:publisher\" content=\"https:\/\/facebook.com\/sunoresearch\" \/>\n<meta property=\"og:image\" content=\"https:\/\/files.sunoresearch.com.br\/n\/uploads\/2019\/02\/ca1d5705-netflix-2.jpg\" \/>\n\t<meta property=\"og:image:width\" content=\"1024\" \/>\n\t<meta property=\"og:image:height\" content=\"683\" \/>\n\t<meta property=\"og:image:type\" content=\"image\/jpeg\" \/>\n<meta name=\"author\" content=\"Guilherme Caetano\" \/>\n<meta name=\"twitter:card\" content=\"summary_large_image\" \/>\n<meta name=\"twitter:creator\" content=\"@sunoresearch\" \/>\n<meta name=\"twitter:site\" content=\"@sunoresearch\" \/>\n<meta name=\"twitter:label1\" content=\"Escrito por\" \/>\n\t<meta name=\"twitter:data1\" content=\"Guilherme Caetano\" \/>\n\t<meta name=\"twitter:label2\" content=\"Est. tempo de leitura\" \/>\n\t<meta name=\"twitter:data2\" content=\"2 minutos\" \/>\n<script type=\"application\/ld+json\" class=\"yoast-schema-graph\">{\"@context\":\"https:\/\/schema.org\",\"@graph\":[{\"@type\":\"NewsArticle\",\"@id\":\"https:\/\/www.suno.com.br\/noticias\/netflix-anuncia-parceria-net-claro\/#article\",\"isPartOf\":{\"@id\":\"https:\/\/www.suno.com.br\/noticias\/netflix-anuncia-parceria-net-claro\/\"},\"author\":{\"name\":\"Guilherme Caetano\",\"@id\":\"https:\/\/www.suno.com.br\/noticias\/#\/schema\/person\/0d0c9687cd2f600c564f25980c140de9\"},\"headline\":\"Netflix anuncia parceria com NET e Claro para TV e smartphones\",\"datePublished\":\"2019-02-19T22:09:31+00:00\",\"mainEntityOfPage\":{\"@id\":\"https:\/\/www.suno.com.br\/noticias\/netflix-anuncia-parceria-net-claro\/\"},\"wordCount\":369,\"publisher\":{\"@id\":\"https:\/\/www.suno.com.br\/noticias\/#organization\"},\"image\":{\"@id\":\"https:\/\/www.suno.com.br\/noticias\/netflix-anuncia-parceria-net-claro\/#primaryimage\"},\"thumbnailUrl\":\"https:\/\/files.sunoresearch.com.br\/n\/uploads\/2019\/02\/ca1d5705-netflix-2-jpg.webp\",\"keywords\":[\"Claro\",\"Netflix (NFLX34)\"],\"articleSection\":[\"Neg\u00f3cios\"],\"inLanguage\":\"pt-BR\"},{\"@type\":\"WebPage\",\"@id\":\"https:\/\/www.suno.com.br\/noticias\/netflix-anuncia-parceria-net-claro\/\",\"url\":\"https:\/\/www.suno.com.br\/noticias\/netflix-anuncia-parceria-net-claro\/\",\"name\":\"Netflix anuncia parceria com NET e Claro para TV e smartphones\",\"isPartOf\":{\"@id\":\"https:\/\/www.suno.com.br\/noticias\/#website\"},\"primaryImageOfPage\":{\"@id\":\"https:\/\/www.suno.com.br\/noticias\/netflix-anuncia-parceria-net-claro\/#primaryimage\"},\"image\":{\"@id\":\"https:\/\/www.suno.com.br\/noticias\/netflix-anuncia-parceria-net-claro\/#primaryimage\"},\"thumbnailUrl\":\"https:\/\/files.sunoresearch.com.br\/n\/uploads\/2019\/02\/ca1d5705-netflix-2-jpg.webp\",\"datePublished\":\"2019-02-19T22:09:31+00:00\",\"description\":\"Os clientes da Netflix v\u00e3o poder utilizar o mesmo decodificador e controle remoto nos servi\u00e7os da NET e da Claro. Clique e saiba mais\",\"breadcrumb\":{\"@id\":\"https:\/\/www.suno.com.br\/noticias\/netflix-anuncia-parceria-net-claro\/#breadcrumb\"},\"inLanguage\":\"pt-BR\",\"potentialAction\":[{\"@type\":\"ReadAction\",\"target\":[\"https:\/\/www.suno.com.br\/noticias\/netflix-anuncia-parceria-net-claro\/\"]}]},{\"@type\":\"ImageObject\",\"inLanguage\":\"pt-BR\",\"@id\":\"https:\/\/www.suno.com.br\/noticias\/netflix-anuncia-parceria-net-claro\/#primaryimage\",\"url\":\"https:\/\/files.sunoresearch.com.br\/n\/uploads\/2019\/02\/ca1d5705-netflix-2-jpg.webp\",\"contentUrl\":\"https:\/\/files.sunoresearch.com.br\/n\/uploads\/2019\/02\/ca1d5705-netflix-2-jpg.webp\",\"width\":1024,\"height\":683,\"caption\":\"Os ganhos com assinatura da Netflix patinam \u00e0 medida que a pandemia passa\"},{\"@type\":\"BreadcrumbList\",\"@id\":\"https:\/\/www.suno.com.br\/noticias\/netflix-anuncia-parceria-net-claro\/#breadcrumb\",\"itemListElement\":[{\"@type\":\"ListItem\",\"position\":1,\"name\":\"Not\u00edcias\",\"item\":\"https:\/\/www.suno.com.br\/noticias\/\"},{\"@type\":\"ListItem\",\"position\":2,\"name\":\"Neg\u00f3cios\",\"item\":\"https:\/\/www.suno.com.br\/noticias\/negocios\/\"},{\"@type\":\"ListItem\",\"position\":3,\"name\":\"Netflix anuncia parceria com NET e Claro para TV e smartphones\"}]},{\"@type\":\"WebSite\",\"@id\":\"https:\/\/www.suno.com.br\/noticias\/#website\",\"url\":\"https:\/\/www.suno.com.br\/noticias\/\",\"name\":\"Suno Not\u00edcias\",\"description\":\"Seu portal de informa\u00e7\u00e3o sobre o mundo dos investimentos\",\"publisher\":{\"@id\":\"https:\/\/www.suno.com.br\/noticias\/#organization\"},\"potentialAction\":[{\"@type\":\"SearchAction\",\"target\":{\"@type\":\"EntryPoint\",\"urlTemplate\":\"https:\/\/www.suno.com.br\/noticias\/?s={search_term_string}\"},\"query-input\":{\"@type\":\"PropertyValueSpecification\",\"valueRequired\":true,\"valueName\":\"search_term_string\"}}],\"inLanguage\":\"pt-BR\"},{\"@type\":\"Organization\",\"@id\":\"https:\/\/www.suno.com.br\/noticias\/#organization\",\"name\":\"Suno Not\u00edcias\",\"url\":\"https:\/\/www.suno.com.br\/noticias\/\",\"logo\":{\"@type\":\"ImageObject\",\"inLanguage\":\"pt-BR\",\"@id\":\"https:\/\/www.suno.com.br\/noticias\/#\/schema\/logo\/image\/\",\"url\":\"https:\/\/files.sunoresearch.com.br\/n\/uploads\/2021\/09\/suno-logo.png\",\"contentUrl\":\"https:\/\/files.sunoresearch.com.br\/n\/uploads\/2021\/09\/suno-logo.png\",\"width\":180,\"height\":180,\"caption\":\"Suno Not\u00edcias\"},\"image\":{\"@id\":\"https:\/\/www.suno.com.br\/noticias\/#\/schema\/logo\/image\/\"},\"sameAs\":[\"https:\/\/facebook.com\/sunoresearch\",\"https:\/\/x.com\/sunoresearch\",\"https:\/\/www.instagram.com\/suno\",\"https:\/\/www.linkedin.com\/company\/suno-research\/\",\"https:\/\/www.youtube.com\/c\/sunoresearch\"]},{\"@type\":\"Person\",\"@id\":\"https:\/\/www.suno.com.br\/noticias\/#\/schema\/person\/0d0c9687cd2f600c564f25980c140de9\",\"name\":\"Guilherme Caetano\",\"image\":{\"@type\":\"ImageObject\",\"inLanguage\":\"pt-BR\",\"@id\":\"https:\/\/www.suno.com.br\/noticias\/#\/schema\/person\/image\/\",\"url\":\"https:\/\/secure.gravatar.com\/avatar\/e48357351a01702a0d19307070e081bf?s=96&r=g\",\"contentUrl\":\"https:\/\/secure.gravatar.com\/avatar\/e48357351a01702a0d19307070e081bf?s=96&r=g\",\"caption\":\"Guilherme Caetano\"},\"description\":\"Formado em jornalismo pela Escola de Comunica\u00e7\u00f5es e Artes da USP, Guilherme Caetano escreve para o portal de not\u00edcias da Suno Research. Passou pelas reda\u00e7\u00f5es da Folha de S.Paulo e da revista \u00c9poca.\",\"url\":\"https:\/\/www.suno.com.br\/noticias\/author\/guilherme-caetano\/\"}]}<\/script>\n<!-- \/ Yoast SEO plugin. -->","yoast_head_json":{"title":"Netflix anuncia parceria com NET e Claro para TV e smartphones","description":"Os clientes da Netflix v\u00e3o poder utilizar o mesmo decodificador e controle remoto nos servi\u00e7os da NET e da Claro. Clique e saiba mais","robots":{"index":"index","follow":"follow","max-snippet":"max-snippet:-1","max-image-preview":"max-image-preview:large","max-video-preview":"max-video-preview:-1"},"canonical":"https:\/\/www.suno.com.br\/noticias\/netflix-anuncia-parceria-net-claro\/","og_locale":"pt_BR","og_type":"article","og_title":"Netflix anuncia parceria com NET e Claro para TV e smartphones","og_description":"Os clientes da Netflix v\u00e3o poder utilizar o mesmo decodificador e controle remoto nos servi\u00e7os da NET e da Claro. Clique e saiba mais","og_url":"https:\/\/www.suno.com.br\/noticias\/netflix-anuncia-parceria-net-claro\/","og_site_name":"Suno Not\u00edcias","article_publisher":"https:\/\/facebook.com\/sunoresearch","og_image":[{"width":1024,"height":683,"url":"https:\/\/files.sunoresearch.com.br\/n\/uploads\/2019\/02\/ca1d5705-netflix-2.jpg","type":"image\/jpeg"}],"author":"Guilherme Caetano","twitter_card":"summary_large_image","twitter_creator":"@sunoresearch","twitter_site":"@sunoresearch","twitter_misc":{"Escrito por":"Guilherme Caetano","Est. tempo de leitura":"2 minutos"},"schema":{"@context":"https:\/\/schema.org","@graph":[{"@type":"NewsArticle","@id":"https:\/\/www.suno.com.br\/noticias\/netflix-anuncia-parceria-net-claro\/#article","isPartOf":{"@id":"https:\/\/www.suno.com.br\/noticias\/netflix-anuncia-parceria-net-claro\/"},"author":{"name":"Guilherme Caetano","@id":"https:\/\/www.suno.com.br\/noticias\/#\/schema\/person\/0d0c9687cd2f600c564f25980c140de9"},"headline":"Netflix anuncia parceria com NET e Claro para TV e smartphones","datePublished":"2019-02-19T22:09:31+00:00","mainEntityOfPage":{"@id":"https:\/\/www.suno.com.br\/noticias\/netflix-anuncia-parceria-net-claro\/"},"wordCount":369,"publisher":{"@id":"https:\/\/www.suno.com.br\/noticias\/#organization"},"image":{"@id":"https:\/\/www.suno.com.br\/noticias\/netflix-anuncia-parceria-net-claro\/#primaryimage"},"thumbnailUrl":"https:\/\/files.sunoresearch.com.br\/n\/uploads\/2019\/02\/ca1d5705-netflix-2-jpg.webp","keywords":["Claro","Netflix (NFLX34)"],"articleSection":["Neg\u00f3cios"],"inLanguage":"pt-BR"},{"@type":"WebPage","@id":"https:\/\/www.suno.com.br\/noticias\/netflix-anuncia-parceria-net-claro\/","url":"https:\/\/www.suno.com.br\/noticias\/netflix-anuncia-parceria-net-claro\/","name":"Netflix anuncia parceria com NET e Claro para TV e smartphones","isPartOf":{"@id":"https:\/\/www.suno.com.br\/noticias\/#website"},"primaryImageOfPage":{"@id":"https:\/\/www.suno.com.br\/noticias\/netflix-anuncia-parceria-net-claro\/#primaryimage"},"image":{"@id":"https:\/\/www.suno.com.br\/noticias\/netflix-anuncia-parceria-net-claro\/#primaryimage"},"thumbnailUrl":"https:\/\/files.sunoresearch.com.br\/n\/uploads\/2019\/02\/ca1d5705-netflix-2-jpg.webp","datePublished":"2019-02-19T22:09:31+00:00","description":"Os clientes da Netflix v\u00e3o poder utilizar o mesmo decodificador e controle remoto nos servi\u00e7os da NET e da Claro. Clique e saiba mais","breadcrumb":{"@id":"https:\/\/www.suno.com.br\/noticias\/netflix-anuncia-parceria-net-claro\/#breadcrumb"},"inLanguage":"pt-BR","potentialAction":[{"@type":"ReadAction","target":["https:\/\/www.suno.com.br\/noticias\/netflix-anuncia-parceria-net-claro\/"]}]},{"@type":"ImageObject","inLanguage":"pt-BR","@id":"https:\/\/www.suno.com.br\/noticias\/netflix-anuncia-parceria-net-claro\/#primaryimage","url":"https:\/\/files.sunoresearch.com.br\/n\/uploads\/2019\/02\/ca1d5705-netflix-2-jpg.webp","contentUrl":"https:\/\/files.sunoresearch.com.br\/n\/uploads\/2019\/02\/ca1d5705-netflix-2-jpg.webp","width":1024,"height":683,"caption":"Os ganhos com assinatura da Netflix patinam \u00e0 medida que a pandemia passa"},{"@type":"BreadcrumbList","@id":"https:\/\/www.suno.com.br\/noticias\/netflix-anuncia-parceria-net-claro\/#breadcrumb","itemListElement":[{"@type":"ListItem","position":1,"name":"Not\u00edcias","item":"https:\/\/www.suno.com.br\/noticias\/"},{"@type":"ListItem","position":2,"name":"Neg\u00f3cios","item":"https:\/\/www.suno.com.br\/noticias\/negocios\/"},{"@type":"ListItem","position":3,"name":"Netflix anuncia parceria com NET e Claro para TV e smartphones"}]},{"@type":"WebSite","@id":"https:\/\/www.suno.com.br\/noticias\/#website","url":"https:\/\/www.suno.com.br\/noticias\/","name":"Suno Not\u00edcias","description":"Seu portal de informa\u00e7\u00e3o sobre o mundo dos investimentos","publisher":{"@id":"https:\/\/www.suno.com.br\/noticias\/#organization"},"potentialAction":[{"@type":"SearchAction","target":{"@type":"EntryPoint","urlTemplate":"https:\/\/www.suno.com.br\/noticias\/?s={search_term_string}"},"query-input":{"@type":"PropertyValueSpecification","valueRequired":true,"valueName":"search_term_string"}}],"inLanguage":"pt-BR"},{"@type":"Organization","@id":"https:\/\/www.suno.com.br\/noticias\/#organization","name":"Suno Not\u00edcias","url":"https:\/\/www.suno.com.br\/noticias\/","logo":{"@type":"ImageObject","inLanguage":"pt-BR","@id":"https:\/\/www.suno.com.br\/noticias\/#\/schema\/logo\/image\/","url":"https:\/\/files.sunoresearch.com.br\/n\/uploads\/2021\/09\/suno-logo.png","contentUrl":"https:\/\/files.sunoresearch.com.br\/n\/uploads\/2021\/09\/suno-logo.png","width":180,"height":180,"caption":"Suno Not\u00edcias"},"image":{"@id":"https:\/\/www.suno.com.br\/noticias\/#\/schema\/logo\/image\/"},"sameAs":["https:\/\/facebook.com\/sunoresearch","https:\/\/x.com\/sunoresearch","https:\/\/www.instagram.com\/suno","https:\/\/www.linkedin.com\/company\/suno-research\/","https:\/\/www.youtube.com\/c\/sunoresearch"]},{"@type":"Person","@id":"https:\/\/www.suno.com.br\/noticias\/#\/schema\/person\/0d0c9687cd2f600c564f25980c140de9","name":"Guilherme Caetano","image":{"@type":"ImageObject","inLanguage":"pt-BR","@id":"https:\/\/www.suno.com.br\/noticias\/#\/schema\/person\/image\/","url":"https:\/\/secure.gravatar.com\/avatar\/e48357351a01702a0d19307070e081bf?s=96&r=g","contentUrl":"https:\/\/secure.gravatar.com\/avatar\/e48357351a01702a0d19307070e081bf?s=96&r=g","caption":"Guilherme Caetano"},"description":"Formado em jornalismo pela Escola de Comunica\u00e7\u00f5es e Artes da USP, Guilherme Caetano escreve para o portal de not\u00edcias da Suno Research. Passou pelas reda\u00e7\u00f5es da Folha de S.Paulo e da revista \u00c9poca.","url":"https:\/\/www.suno.com.br\/noticias\/author\/guilherme-caetano\/"}]}},"default_loop_html":"<div class=\"cardsPage__listCard__boxs\"><div class=\"cardsPage__listCard__boxs__img\"><a href=\"https:\/\/www.suno.com.br\/noticias\/netflix-anuncia-parceria-net-claro\/\"><img class=\"mask\" src=\"https:\/\/www.suno.com.br\/noticias\/wp-content\/themes\/suno\/resources\/images\/spotlight\/spotlight1img\/bg-mask.png\" alt=\"Image Mask\"\/><img src=\"https:\/\/files.sunoresearch.com.br\/n\/uploads\/2019\/02\/ca1d5705-netflix-2-400x200.webp\" alt=\"Netflix anuncia parceria com NET e Claro para TV e smartphones\"\/><\/a><span class=\"spotlightCategory\"><a href=\"https:\/\/www.suno.com.br\/noticias\/negocios\/\">Neg\u00f3cios<\/a><\/span><\/div><div class=\"cardsPage__listCard__boxs__content\"><a href=\"https:\/\/www.suno.com.br\/noticias\/netflix-anuncia-parceria-net-claro\/\"><h2 class=\"content__title\">Netflix anuncia parceria com NET e Claro para TV e smartphones<\/h2><\/a><div class=\"newsContent__article__meta\"><div class=\"newsContent__article__meta__authorBox\"><a href=\"https:\/\/www.suno.com.br\/noticias\/author\/guilherme-caetano\/\" class=\"authorBox__avatar noMobi\"><img src=\"https:\/\/secure.gravatar.com\/avatar\/e48357351a01702a0d19307070e081bf?s=96&#038;r=g\" alt=\"Guilherme Caetano\"><\/a><div class=\"authorBox__name\"><span>por\n\t\t\t<a href=\"https:\/\/www.suno.com.br\/noticias\/author\/guilherme-caetano\/\"><span itemprop=\"author\">Guilherme Caetano<\/span><\/a><\/span><time datetime=\"2019-02-19T19:09:31-03:00\" itemprop=\"datePublished\">19\/02\/2019 19:09<\/time><\/div><\/div><\/div><\/div><\/div>","single_layout":"posts","amp_enabled":true,"_links":{"self":[{"href":"https:\/\/www.suno.com.br\/noticias\/wp-json\/wp\/v2\/posts\/15925"}],"collection":[{"href":"https:\/\/www.suno.com.br\/noticias\/wp-json\/wp\/v2\/posts"}],"about":[{"href":"https:\/\/www.suno.com.br\/noticias\/wp-json\/wp\/v2\/types\/post"}],"author":[{"embeddable":true,"href":"https:\/\/www.suno.com.br\/noticias\/wp-json\/wp\/v2\/users\/13"}],"replies":[{"embeddable":true,"href":"https:\/\/www.suno.com.br\/noticias\/wp-json\/wp\/v2\/comments?post=15925"}],"version-history":[{"count":0,"href":"https:\/\/www.suno.com.br\/noticias\/wp-json\/wp\/v2\/posts\/15925\/revisions"}],"wp:featuredmedia":[{"embeddable":true,"href":"https:\/\/www.suno.com.br\/noticias\/wp-json\/wp\/v2\/media\/15930"}],"wp:attachment":[{"href":"https:\/\/www.suno.com.br\/noticias\/wp-json\/wp\/v2\/media?parent=15925"}],"wp:term":[{"taxonomy":"category","embeddable":true,"href":"https:\/\/www.suno.com.br\/noticias\/wp-json\/wp\/v2\/categories?post=15925"},{"taxonomy":"post_tag","embeddable":true,"href":"https:\/\/www.suno.com.br\/noticias\/wp-json\/wp\/v2\/tags?post=15925"},{"taxonomy":"suno_strategy","embeddable":true,"href":"https:\/\/www.suno.com.br\/noticias\/wp-json\/wp\/v2\/suno_strategy?post=15925"}],"curies":[{"name":"wp","href":"https:\/\/api.w.org\/{rel}","templated":true}]}}