{"id":159187,"date":"2021-06-20T10:00:41","date_gmt":"2021-06-20T13:00:41","guid":{"rendered":"https:\/\/www.suno.com.br\/noticias\/?p=159187"},"modified":"2021-06-23T17:06:28","modified_gmt":"2021-06-23T20:06:28","slug":"disputas-judiciais-nomes-marca-direitos-vvar3-via-iphone","status":"publish","type":"post","link":"https:\/\/www.suno.com.br\/noticias\/disputas-judiciais-nomes-marca-direitos-vvar3-via-iphone\/","title":{"rendered":"Iphone, Via (VVAR3), Victoria&#8217;s Secret t\u00eam algo em comum: a batalha pela marca"},"content":{"rendered":"<p>Na primeira semana de junho, uma das disputas judiciais mais famosas entre empresas ganhou mais um cap\u00edtulo. O entrave entre Apple (AAPL34) e IGB Eletr\u00f4nica (antiga Gradiente) sobre a <strong>marca<\/strong> iPhone n\u00e3o teve concilia\u00e7\u00e3o ap\u00f3s <a href=\"https:\/\/www.suno.com.br\/noticias\/apple-gradiante-stf-iphone-conciliacao\/\">decis\u00e3o do Ministro Dias Toffoli, do Supremo Tribunal Federal (STF)<\/a>.<\/p>\t<div class=\"wrapper-featured-image\">\n\t\t<figure class=\"spotlightImg\">\n\n\t\t\t<picture>\n\t\t\t\t<source media=\"(max-width: 768px)\" srcset=\"https:\/\/files.sunoresearch.com.br\/n\/uploads\/2021\/06\/c59419e6-novo-logo-big-vs-novo-logo-casas-bahia-disputa-judicial-scaled-1-400x200.webp\">\n\t\t\t\t<img loading=\"lazy\" decoding=\"async\" class=\"newsContent__article__imgCapa lazyloadDisabled \" src=\"https:\/\/files.sunoresearch.com.br\/n\/uploads\/2021\/06\/c59419e6-novo-logo-big-vs-novo-logo-casas-bahia-disputa-judicial-scaled-1-800x450.webp\" width=\"800\" height=\"450\" alt=\"Iphone, Via (VVAR3), Victoria&#8217;s Secret t\u00eam algo em comum: a batalha pela marca\" fetchpriority=high \/>\n\t\t\t<\/picture>\n\n\t\t\t<figcaption class=\"wp-caption-text wp-caption-text--show\">Uma das disputas judiciais mais recentes foi entre as Casas Bahia, da Via (VVAR3) e o Grupo BIG, por conta do &quot;B&quot; do logotipo - Foto: Divulga\u00e7\u00e3o Via\/Grupo BIG<\/figcaption>\n\t\t<\/figure>\n\t<\/div>\n\n\n\t<p>\n\t\t<a href=\"\" target=\"_blank\" data-element=\"shortcode-suno-banner\" title=\"Banner SUNO, clique e saiba mais\">\n\t\t\t<picture>\n\t\t\t\t<source media=\"(max-width: 500px)\" srcset=\"\">\n\t\t\t\t<img class=\"newsContent__article__imgCapa newsContent__article__imgCapa--banner\"\n\t\t\t\t\tsrc=\"\"\n\t\t\t\t\tdata-promo-id=\"95802\"\t\t\t\t\t\t\t\t\t\t\t\t\t\t\talt=\"\"\n\t\t\t\t>\n\t\t\t<\/picture>\n\t\t<\/a>\n\t<\/p>\n\n\n<p>A <strong>batalha nos tribunais<\/strong> pela marca ter\u00e1 que ser julgada pelo plen\u00e1rio ap\u00f3s as partes n\u00e3o entrarem em acordo. O caso estava em media\u00e7\u00e3o pela ex-ministra Ellen Gracie at\u00e9 ent\u00e3o.<\/p>\n<p>A disputa que se arrasta nos tribunais desde meados de 2013, e chegou ao Superior Tribunal de Justi\u00e7a (<strong>STJ<\/strong>) ainda em 2018, tem como base a marca do <em>smartphone<\/em> mais famoso do mundo.<\/p>\n<p>A Gradiente, em 2000, registrou como marca o nome &#8220;<strong>G<\/strong> <strong>Gradiente Iphone<\/strong>&#8221; no <a href=\"https:\/\/www.suno.com.br\/artigos\/agencias-reguladoras\/\">Instituto Nacional da Propriedade Industrial (INPI)<\/a>, o que a colocou em um impasse com a gigante americana. Em 2013, a <strong>Apple<\/strong> chegou a tentar anular o registro, mas n\u00e3o conseguiu.<\/p>\n<p><a href=\"https:\/\/lp.suno.com.br\/suno-one\/?ppp=noticias\/hospital-care-pedido-ipo-cvm\/\"><b>Suno One: acesse gratuitamente eBooks, Minicursos, Artigos e V\u00eddeo Aulas sobre investimentos com um \u00fanico cadastro. Clique para saber mais!<\/b><\/a><\/p>\n<p>O caso \u00e9 o mais emblem\u00e1tico dos \u00faltimos tempos entre os que chegam a <strong>processos judiciais por disputa de marcas<\/strong>, dada a legisla\u00e7\u00e3o vigente que regulamenta as marcas industriais.<\/p>\n<p>&#8220;A nossa legisla\u00e7\u00e3o segue os padr\u00f5es internacionais, e n\u00f3s [no Brasil] nos apoiamos em conven\u00e7\u00f5es que seguem patamares m\u00ednimos. O que ocorre \u00e9 que quando o p\u00fablico ouve sobre esses casos, acha um absurdo, mas a lei visa justamente o consumidor. Em v\u00e1rios casos \u00e9 para evitar censura ou outras medidas mais restritivas&#8221;, analisa a advogada Fernanda Soler, pesquisadora na \u00e1rea de <strong><a class=\"suno-keyword\" href=\"https:\/\/www.suno.com.br\/artigos\/propriedade-intelectual\/\" target=\"_blank\" rel=\"noopener noreferrer\" data-force=\"no\" data-priority=\"2\">propriedade intelectual<\/a><\/strong>.<\/p>\n\t<div data-element=\"shortcode-read-more\" class=\"knowMore\">\n\t\t\t\t<span class=\"knowMore__title\">Saiba mais<\/span>\n\t\t\t\t<a class=\"knowMore__link\" href=\"https:\/\/www.suno.com.br\/noticias\/apple-gradiante-stf-iphone-conciliacao\/\">\n\t\t\tApple (AAPL34) e Gradiente: STF decide por concilia\u00e7\u00e3o sobre iPhone\t\t<\/a>\n\t<\/div>\n\n\n<p>Al\u00e9m do caso<strong> iPhone<\/strong>, confira outras hist\u00f3rias de <strong>marcas famosas<\/strong> que precisaram entrar na Justi\u00e7a para preservar seu nome:<\/p>\n<h2>Via e BIG brigam pelo &#8220;B&#8221;<\/h2>\n<p><a href=\"https:\/\/www.suno.com.br\/artigos\/risco-legal\/\">As disputas, em grande parte, s\u00e3o fruto de a\u00e7\u00f5es que visam<\/a> uma diferencia\u00e7\u00e3o de <strong>marcas<\/strong>, evitando vendas por engano ou uma associa\u00e7\u00e3o errada, como foi visto no caso recente de <a class=\"suno-keyword\" href=\"https:\/\/www.suno.com.br\/acoes\/VVAR3\/\" target=\"_blank\" rel=\"noopener noreferrer\" data-force=\"yes\" data-priority=\"2\"><strong>Via<\/strong> (VVAR3)<\/a> &#8211; ex Via Varejo.<\/p>\n<p>O <strong>Grupo BIG<\/strong> (ex-<strong>Walmart<\/strong>) processou, em janeiro deste ano, a detentora das Casas Bahia pela utiliza\u00e7\u00e3o da letra &#8220;B&#8221; no logotipo em uma forma semelhante ao utilizado pela varejista.<\/p>\n<p>Essa distin\u00e7\u00e3o sai da seara do &#8220;nome comercial&#8221; ou &#8220;raz\u00e3o social&#8221;, que s\u00e3o registrados em uma junta comercial. Nesse caso, os processos tratam do que conhecemos como <strong>nome empresarial<\/strong>.<\/p>\n\t<div data-element=\"shortcode-read-more\" class=\"knowMore\">\n\t\t\t\t<span class=\"knowMore__title\">Leia tamb\u00e9m<\/span>\n\t\t\t\t<a class=\"knowMore__link\" href=\"https:\/\/www.suno.com.br\/noticias\/via-varejo-vvar3-processo-big-logotipo\/\">\n\t\t\tVia Varejo (VVAR3) \u00e9 processada por BIG por similaridade no logotipo da Casas Bahia\t\t<\/a>\n\t<\/div>\n\n\n<p>Apesar de ser muito dif\u00edcil criar algo 100% original, dado o volume de registros, os casos entre pequenas empresas tendem a ser menores e menos danosos. As grandes disputas ocorrem entre empresas com grande receita, mas tamb\u00e9m com marcas maiores e mais estabelecidas.<\/p>\n<h2>Ambev e as latinhas g\u00eameas<\/h2>\n<p>Outro exemplo famoso \u00e9 o da <a class=\"suno-keyword\" href=\"https:\/\/www.suno.com.br\/acoes\/ABEV3\/\" target=\"_blank\" rel=\"noopener noreferrer\" data-force=\"yes\" data-priority=\"2\"><strong>Ambev<\/strong> (ABEV3)<\/a>, que moveu a\u00e7\u00e3o contra o Grupo Petr\u00f3polis por causa de uma embalagem utilizada na cerveja Itaipava que seria semelhante \u00e0 da Brahma, em cor vermelha.<\/p>\n<p>No fim das contas, em 2012, o Grupo foi proibido de vender a Itaipava na cor vermelha e teve de retirar as que estavam em circula\u00e7\u00e3o em um prazo de 30 dias.<\/p>\n<figure id=\"attachment_159238\" aria-describedby=\"caption-attachment-159238\" style=\"width: 598px\" class=\"wp-caption aligncenter\"><img loading=\"lazy\" decoding=\"async\" class=\"wp-image-159238 size-full\" src=\"https:\/\/storage.googleapis.com\/wp-noticias\/2021\/06\/7b05863e-itaipavabraham.jpg\" alt=\"Empresas brigam pela marca\" width=\"598\" height=\"336\" \/><figcaption id=\"caption-attachment-159238\" class=\"wp-caption-text\">Em 2012, disputa judicial se encerrou entre ambas as marcas &#8211; Foto: Reprodu\u00e7\u00e3o All Beers<\/figcaption><\/figure>\n<h2>Victoria&#8217;s Secret versus Monange<\/h2>\n<p>Em 2011, a norte-americana<strong> Victoria&#8217;s Secret<\/strong> processou a <strong>Monange<\/strong> ap\u00f3s a marca brasileira promover um desfile com modelos de lingerie e asas de anjo.<\/p>\n<p>O modelo de desfile, segundo a companhia, figura como pl\u00e1gio e concorr\u00eancia desleal, e na primeira vit\u00f3ria a marca americana ganhou R$ 100 mil, em 2012.<\/p>\n<p>Contudo, seis meses depois, o Tribunal de Justi\u00e7a do Rio de Janeiro (TJRJ) reverteu a senten\u00e7a e a Monange foi absolvida juntamente com a Globo, que havia transmitido o desfile das &#8220;monangels&#8221;.<\/p>\n<h2>Visa, de cart\u00f5es, perdeu para Visa Latic\u00ednios<\/h2>\n<p>No fim de maio deste ano, <a href=\"https:\/\/www.suno.com.br\/artigos\/bdr-uma-forma-simples-de-investir-no-exterior\/\">a Visa (VISA34)<\/a>, bandeira de cart\u00e3o de cr\u00e9dito, perdeu uma batalha na justi\u00e7a tentando impedir a <strong>Visa Latic\u00ednios<\/strong> de utilizar este nome. A segunda companhia, brasileira, \u00e9 uma fabricante de iogurte de Minas Gerais que est\u00e1 com o Cadastro Nacional de Pessoa Jur\u00eddica (CNPJ) inativo desde 2010.<\/p>\n<p>O pedido j\u00e1 havia sido negado em 2009 pelo Tribunal de Justi\u00e7a de Minas Gerais (TJMG), mas a companhia recorreu.<\/p>\n<p>Segundo a decis\u00e3o mais recente do STJ, n\u00e3o h\u00e1 possibilidade de os consumidores confundirem os servi\u00e7os oferecidos pelas marcas, dada a distin\u00e7\u00e3o de segmento, al\u00e9m do fato de que a Visa n\u00e3o possui o registro de marca de alto renome, dado pelo INPI.<\/p>\n<h2>Marca Italiana ganhou nos tribunais pelo &#8220;J&#8221; de Steve Jobs<\/h2>\n<p>Apesar de as normas vigentes seguirem os padr\u00f5es internacionais, diversos fatores s\u00e3o levados em considera\u00e7\u00e3o neste tipo de decis\u00e3o.<\/p>\n<p>Como exemplo, ainda falando da Apple, um processo singular entre a\u00a0<em><a class=\"suno-keyword\" href=\"https:\/\/www.suno.com.br\/artigos\/big-tech\/\" target=\"_blank\" rel=\"noopener noreferrer\" data-force=\"no\" data-priority=\"1\">big tech<\/a><\/em> e uma marca de roupa italiana levou em conta um fator bem distinto ao falar sobre identidade visual.<\/p>\n<p>Em 2012, a marca da It\u00e1lia <a href=\"https:\/\/www.suno.com.br\/tudo-sobre\/steve-jobs\/\">registrou-se como &#8220;<strong>Steve Jobs<\/strong>&#8220;<\/a>, como uma \u00f3bvia maneira de homenagear o criador da Apple. Contudo, a companhia entrou com processo alegando uso indevido de marca e citando que, al\u00e9m do nome, o &#8220;J&#8221; de &#8220;Jobs&#8221; possu\u00eda uma folha e uma marca de mordida, claramente em alus\u00e3o ao logo da <strong>ma\u00e7\u00e3 da Apple<\/strong>.<\/p>\n\t<p>\n\t\t<a href=\"https:\/\/lp.suno.com.br\/planilha-da-vida-financeira\/\" target=\"_blank\" data-element=\"shortcode-suno-banner\" title=\"Banner SUNO, clique e saiba mais\">\n\t\t\t<picture>\n\t\t\t\t<source media=\"(max-width: 500px)\" srcset=\"https:\/\/files.sunoresearch.com.br\/n\/uploads\/2023\/04\/400x300-Planilha-vida-financeira-true.png\">\n\t\t\t\t<img class=\"newsContent__article__imgCapa newsContent__article__imgCapa--banner\"\n\t\t\t\t\tsrc=\"https:\/\/files.sunoresearch.com.br\/n\/uploads\/2023\/04\/1420x240-Planilha-vida-financeira-true.png\"\n\t\t\t\t\tdata-promo-id=\"106682\"\t\t\t\t\t\t\t\t\t\twidth='1420' height='240'\t\t\t\t\talt=\"https:\/\/files.sunoresearch.com.br\/n\/uploads\/2023\/04\/1420x240-Planilha-vida-financeira-true.png\"\n\t\t\t\t>\n\t\t\t<\/picture>\n\t\t<\/a>\n\t<\/p>\n\n\n<p>Apesar da tese veross\u00edmil, a Apple sofreu um rev\u00e9s e perdeu nos tribunais em 2017, pois o argumento que prevaleceu foi o de que a letra &#8220;n\u00e3o \u00e9 um elemento comest\u00edvel&#8221;, logo, o recorte estilizado n\u00e3o poderia, oficialmente, ser considerado como uma marca de mordida.<\/p>\n<p>O exemplo serve para alertar que nem tudo entra no campo de registros de marca, e nem todo tipo de logotipo ou elemento \u00e9 &#8220;patente\u00e1vel&#8221;.<\/p>\n<h2>O que fazer para evitar disputas judiciais<\/h2>\n<p>Nas primeiras anota\u00e7\u00f5es, no embri\u00e3o de uma futura companhia, \u00e9 necess\u00e1rio que seja reservado um tempo para checar a possibilidade de <strong>registros<\/strong> e o hist\u00f3rico do nome, da marca e da identidade como um todo. Isso porque a pior decis\u00e3o poss\u00edvel <a href=\"https:\/\/www.suno.com.br\/artigos\/pessoa-juridica\/\">\u00e9 esperar a empresa crescer e se preocupar com essa parte somente depois<\/a>.<\/p>\n<p>&#8220;\u00c9 claro que sempre temos um custo, por causa das custas com os advogados e afins, e eventualmente se voc\u00ea perder, h\u00e1 indeniza\u00e7\u00e3o. Mas \u00e9 recomend\u00e1vel que se fa\u00e7a isso sempre no come\u00e7o. Olhar o <strong>INPI<\/strong> \u00e9 essencial, temos uma base de material grande, e \u00e9 sempre recomend\u00e1vel &#8216;dar um Google&#8217; antes, para checar se aquela inspira\u00e7\u00e3o que voc\u00ea tem n\u00e3o \u00e9 uma vers\u00e3o de um trabalho de outro&#8221;, explica Soer.<\/p>\n<p>Assim, desde o in\u00edcio, a recomenda\u00e7\u00e3o \u00e9 de registrar a <strong>marca<\/strong> e proteg\u00ea-la como modo de evitar disputas judiciais, que independentemente do resultado, <a href=\"https:\/\/www.suno.com.br\/artigos\/prejuizos-acumulados\/\">tendem sempre a ser mais custosas<\/a>.<\/p>\n\t<p>\n\t\t<a href=\"https:\/\/lp.suno.com.br\/planilha-de-controle-de-investimentos\/\" target=\"_blank\" data-element=\"shortcode-suno-banner\" title=\"Banner SUNO, clique e saiba mais\">\n\t\t\t<picture>\n\t\t\t\t<source media=\"(max-width: 500px)\" srcset=\"https:\/\/files.sunoresearch.com.br\/n\/uploads\/2023\/03\/400x300-Controle-de-Investimentos.png\">\n\t\t\t\t<img class=\"newsContent__article__imgCapa newsContent__article__imgCapa--banner\"\n\t\t\t\t\tsrc=\"https:\/\/files.sunoresearch.com.br\/n\/uploads\/2023\/03\/1420x240-Controle-de-Investimentos.png\"\n\t\t\t\t\tdata-promo-id=\"75934\"\t\t\t\t\t\t\t\t\t\twidth='1420' height='240'\t\t\t\t\talt=\"https:\/\/files.sunoresearch.com.br\/n\/uploads\/2023\/03\/1420x240-Controle-de-Investimentos.png\"\n\t\t\t\t>\n\t\t\t<\/picture>\n\t\t<\/a>\n\t<\/p>\n\n\n","protected":false},"excerpt":{"rendered":"<p>Na primeira semana de junho, uma das disputas judiciais mais famosas entre empresas ganhou mais um cap\u00edtulo. O entrave entre Apple (AAPL34) e IGB Eletr\u00f4nica (antiga Gradiente) sobre a marca iPhone n\u00e3o teve concilia\u00e7\u00e3o ap\u00f3s decis\u00e3o do Ministro Dias Toffoli, do Supremo Tribunal Federal (STF). Uma das disputas judiciais mais recentes foi entre as Casas [&hellip;]<\/p>\n","protected":false},"author":73,"featured_media":159194,"comment_status":"closed","ping_status":"closed","sticky":false,"template":"","format":"standard","meta":[],"categories":[64],"tags":[359,794,105815,104686,99624,785,106935,1291,1180],"suno_strategy":[],"class_list":["post-159187","post","type-post","status-publish","format-standard","has-post-thumbnail","hentry","category-negocios","tag-ambev-abev3","tag-apple-aapl34","tag-especial","tag-grupo-big","tag-iphone","tag-supremo-tribunal-federal-stf","tag-via-viia3","tag-visa-visa34","tag-walmart-walm34"],"yoast_head":"<!-- This site is optimized with the Yoast SEO plugin v24.4 - https:\/\/yoast.com\/wordpress\/plugins\/seo\/ -->\n<title>Iphone e Via (VVAR3) t\u00eam algo em comum: a batalha pela marca<\/title>\n<meta name=\"description\" content=\"Disputas judiciais por marca s\u00e3o recorrentes dentre grandes empresas, mas especialistas recomendam cautela desde o princ\u00edpio. Leia mais.\" \/>\n<meta name=\"robots\" content=\"index, follow, max-snippet:-1, max-image-preview:large, max-video-preview:-1\" \/>\n<link rel=\"canonical\" href=\"https:\/\/www.suno.com.br\/noticias\/disputas-judiciais-nomes-marca-direitos-vvar3-via-iphone\/\" \/>\n<meta property=\"og:locale\" content=\"pt_BR\" \/>\n<meta property=\"og:type\" content=\"article\" \/>\n<meta property=\"og:title\" content=\"Iphone e Via (VVAR3) t\u00eam algo em comum: a batalha pela marca\" \/>\n<meta property=\"og:description\" content=\"Disputas judiciais por marca s\u00e3o recorrentes dentre grandes empresas, mas especialistas recomendam cautela desde o princ\u00edpio. Leia mais.\" \/>\n<meta property=\"og:url\" content=\"https:\/\/www.suno.com.br\/noticias\/disputas-judiciais-nomes-marca-direitos-vvar3-via-iphone\/\" \/>\n<meta property=\"og:site_name\" content=\"Suno Not\u00edcias\" \/>\n<meta property=\"article:publisher\" content=\"https:\/\/facebook.com\/sunoresearch\" \/>\n<meta property=\"og:image\" content=\"https:\/\/files.sunoresearch.com.br\/n\/uploads\/2021\/06\/c59419e6-novo-logo-big-vs-novo-logo-casas-bahia-disputa-judicial-scaled-1.jpg\" \/>\n\t<meta property=\"og:image:width\" content=\"1500\" \/>\n\t<meta property=\"og:image:height\" content=\"785\" \/>\n\t<meta property=\"og:image:type\" content=\"image\/jpeg\" \/>\n<meta name=\"author\" content=\"Eduardo Vargas\" \/>\n<meta name=\"twitter:card\" content=\"summary_large_image\" \/>\n<meta name=\"twitter:creator\" content=\"@sunoresearch\" \/>\n<meta name=\"twitter:site\" content=\"@sunoresearch\" \/>\n<meta name=\"twitter:label1\" content=\"Escrito por\" \/>\n\t<meta name=\"twitter:data1\" content=\"Eduardo Vargas\" \/>\n\t<meta name=\"twitter:label2\" content=\"Est. tempo de leitura\" \/>\n\t<meta name=\"twitter:data2\" content=\"6 minutos\" \/>\n<script type=\"application\/ld+json\" class=\"yoast-schema-graph\">{\"@context\":\"https:\/\/schema.org\",\"@graph\":[{\"@type\":\"NewsArticle\",\"@id\":\"https:\/\/www.suno.com.br\/noticias\/disputas-judiciais-nomes-marca-direitos-vvar3-via-iphone\/#article\",\"isPartOf\":{\"@id\":\"https:\/\/www.suno.com.br\/noticias\/disputas-judiciais-nomes-marca-direitos-vvar3-via-iphone\/\"},\"author\":{\"name\":\"Eduardo Vargas\",\"@id\":\"https:\/\/www.suno.com.br\/noticias\/#\/schema\/person\/7f4d362bf3518e76090143ae77bb49a5\"},\"headline\":\"Iphone, Via (VVAR3), Victoria&#8217;s Secret t\u00eam algo em comum: a batalha pela marca\",\"datePublished\":\"2021-06-20T13:00:41+00:00\",\"dateModified\":\"2021-06-23T20:06:28+00:00\",\"mainEntityOfPage\":{\"@id\":\"https:\/\/www.suno.com.br\/noticias\/disputas-judiciais-nomes-marca-direitos-vvar3-via-iphone\/\"},\"wordCount\":1178,\"publisher\":{\"@id\":\"https:\/\/www.suno.com.br\/noticias\/#organization\"},\"image\":{\"@id\":\"https:\/\/www.suno.com.br\/noticias\/disputas-judiciais-nomes-marca-direitos-vvar3-via-iphone\/#primaryimage\"},\"thumbnailUrl\":\"https:\/\/files.sunoresearch.com.br\/n\/uploads\/2021\/06\/c59419e6-novo-logo-big-vs-novo-logo-casas-bahia-disputa-judicial-scaled-1-jpg.webp\",\"keywords\":[\"AMBEV (ABEV3)\",\"Apple (AAPL34)\",\"Especiais\",\"grupo Big\",\"iPhone\",\"Supremo Tribunal Federal (STF)\",\"Via (VIIA3)\",\"Visa (VISA34)\",\"Walmart (WALM34)\"],\"articleSection\":[\"Neg\u00f3cios\"],\"inLanguage\":\"pt-BR\"},{\"@type\":\"WebPage\",\"@id\":\"https:\/\/www.suno.com.br\/noticias\/disputas-judiciais-nomes-marca-direitos-vvar3-via-iphone\/\",\"url\":\"https:\/\/www.suno.com.br\/noticias\/disputas-judiciais-nomes-marca-direitos-vvar3-via-iphone\/\",\"name\":\"Iphone e Via (VVAR3) t\u00eam algo em comum: a batalha pela marca\",\"isPartOf\":{\"@id\":\"https:\/\/www.suno.com.br\/noticias\/#website\"},\"primaryImageOfPage\":{\"@id\":\"https:\/\/www.suno.com.br\/noticias\/disputas-judiciais-nomes-marca-direitos-vvar3-via-iphone\/#primaryimage\"},\"image\":{\"@id\":\"https:\/\/www.suno.com.br\/noticias\/disputas-judiciais-nomes-marca-direitos-vvar3-via-iphone\/#primaryimage\"},\"thumbnailUrl\":\"https:\/\/files.sunoresearch.com.br\/n\/uploads\/2021\/06\/c59419e6-novo-logo-big-vs-novo-logo-casas-bahia-disputa-judicial-scaled-1-jpg.webp\",\"datePublished\":\"2021-06-20T13:00:41+00:00\",\"dateModified\":\"2021-06-23T20:06:28+00:00\",\"description\":\"Disputas judiciais por marca s\u00e3o recorrentes dentre grandes empresas, mas especialistas recomendam cautela desde o princ\u00edpio. Leia mais.\",\"breadcrumb\":{\"@id\":\"https:\/\/www.suno.com.br\/noticias\/disputas-judiciais-nomes-marca-direitos-vvar3-via-iphone\/#breadcrumb\"},\"inLanguage\":\"pt-BR\",\"potentialAction\":[{\"@type\":\"ReadAction\",\"target\":[\"https:\/\/www.suno.com.br\/noticias\/disputas-judiciais-nomes-marca-direitos-vvar3-via-iphone\/\"]}]},{\"@type\":\"ImageObject\",\"inLanguage\":\"pt-BR\",\"@id\":\"https:\/\/www.suno.com.br\/noticias\/disputas-judiciais-nomes-marca-direitos-vvar3-via-iphone\/#primaryimage\",\"url\":\"https:\/\/files.sunoresearch.com.br\/n\/uploads\/2021\/06\/c59419e6-novo-logo-big-vs-novo-logo-casas-bahia-disputa-judicial-scaled-1-jpg.webp\",\"contentUrl\":\"https:\/\/files.sunoresearch.com.br\/n\/uploads\/2021\/06\/c59419e6-novo-logo-big-vs-novo-logo-casas-bahia-disputa-judicial-scaled-1-jpg.webp\",\"width\":1500,\"height\":785,\"caption\":\"Uma das disputas judiciais mais recentes foi entre as Casas Bahia, da Via (VVAR3) e o Grupo BIG, por conta do \\\"B\\\" do logotipo - Foto: Divulga\u00e7\u00e3o Via\/Grupo BIG\"},{\"@type\":\"BreadcrumbList\",\"@id\":\"https:\/\/www.suno.com.br\/noticias\/disputas-judiciais-nomes-marca-direitos-vvar3-via-iphone\/#breadcrumb\",\"itemListElement\":[{\"@type\":\"ListItem\",\"position\":1,\"name\":\"Not\u00edcias\",\"item\":\"https:\/\/www.suno.com.br\/noticias\/\"},{\"@type\":\"ListItem\",\"position\":2,\"name\":\"Economia\",\"item\":\"https:\/\/www.suno.com.br\/noticias\/economia\/\"},{\"@type\":\"ListItem\",\"position\":3,\"name\":\"Iphone, Via (VVAR3), Victoria&#8217;s Secret t\u00eam algo em comum: a batalha pela marca\"}]},{\"@type\":\"WebSite\",\"@id\":\"https:\/\/www.suno.com.br\/noticias\/#website\",\"url\":\"https:\/\/www.suno.com.br\/noticias\/\",\"name\":\"Suno Not\u00edcias\",\"description\":\"Seu portal de informa\u00e7\u00e3o sobre o mundo dos investimentos\",\"publisher\":{\"@id\":\"https:\/\/www.suno.com.br\/noticias\/#organization\"},\"potentialAction\":[{\"@type\":\"SearchAction\",\"target\":{\"@type\":\"EntryPoint\",\"urlTemplate\":\"https:\/\/www.suno.com.br\/noticias\/?s={search_term_string}\"},\"query-input\":{\"@type\":\"PropertyValueSpecification\",\"valueRequired\":true,\"valueName\":\"search_term_string\"}}],\"inLanguage\":\"pt-BR\"},{\"@type\":\"Organization\",\"@id\":\"https:\/\/www.suno.com.br\/noticias\/#organization\",\"name\":\"Suno Not\u00edcias\",\"url\":\"https:\/\/www.suno.com.br\/noticias\/\",\"logo\":{\"@type\":\"ImageObject\",\"inLanguage\":\"pt-BR\",\"@id\":\"https:\/\/www.suno.com.br\/noticias\/#\/schema\/logo\/image\/\",\"url\":\"https:\/\/files.sunoresearch.com.br\/n\/uploads\/2021\/09\/suno-logo.png\",\"contentUrl\":\"https:\/\/files.sunoresearch.com.br\/n\/uploads\/2021\/09\/suno-logo.png\",\"width\":180,\"height\":180,\"caption\":\"Suno Not\u00edcias\"},\"image\":{\"@id\":\"https:\/\/www.suno.com.br\/noticias\/#\/schema\/logo\/image\/\"},\"sameAs\":[\"https:\/\/facebook.com\/sunoresearch\",\"https:\/\/x.com\/sunoresearch\",\"https:\/\/www.instagram.com\/suno\",\"https:\/\/www.linkedin.com\/company\/suno-research\/\",\"https:\/\/www.youtube.com\/c\/sunoresearch\"]},{\"@type\":\"Person\",\"@id\":\"https:\/\/www.suno.com.br\/noticias\/#\/schema\/person\/7f4d362bf3518e76090143ae77bb49a5\",\"name\":\"Eduardo Vargas\",\"image\":{\"@type\":\"ImageObject\",\"inLanguage\":\"pt-BR\",\"@id\":\"https:\/\/www.suno.com.br\/noticias\/#\/schema\/person\/image\/\",\"url\":\"https:\/\/secure.gravatar.com\/avatar\/dac340933427a22924c9f99d1eb2e3f2?s=96&r=g\",\"contentUrl\":\"https:\/\/secure.gravatar.com\/avatar\/dac340933427a22924c9f99d1eb2e3f2?s=96&r=g\",\"caption\":\"Eduardo Vargas\"},\"description\":\"Jornalista formado pela UFSC, cobre macroeconomia, neg\u00f3cios e startups para o Suno Not\u00edcias, escrevendo principalmente not\u00edcias sobre o mercado financeiro e a bolsa de valores. No YouTube e no Instagram, \u00e9 respons\u00e1vel pela produ\u00e7\u00e3o de Reels e Shorts do Suno Not\u00edcias. Anteriormente, trabalhou cobrindo economia e cotidiano no ND+ e para o ND, maior jornal impresso de Santa Catarina. Cursou um semestre letivo de Estudos de M\u00eddia na Universidad de Buenos Aires.\",\"url\":\"https:\/\/www.suno.com.br\/noticias\/author\/eduardo-vargas\/\"}]}<\/script>\n<!-- \/ Yoast SEO plugin. -->","yoast_head_json":{"title":"Iphone e Via (VVAR3) t\u00eam algo em comum: a batalha pela marca","description":"Disputas judiciais por marca s\u00e3o recorrentes dentre grandes empresas, mas especialistas recomendam cautela desde o princ\u00edpio. Leia mais.","robots":{"index":"index","follow":"follow","max-snippet":"max-snippet:-1","max-image-preview":"max-image-preview:large","max-video-preview":"max-video-preview:-1"},"canonical":"https:\/\/www.suno.com.br\/noticias\/disputas-judiciais-nomes-marca-direitos-vvar3-via-iphone\/","og_locale":"pt_BR","og_type":"article","og_title":"Iphone e Via (VVAR3) t\u00eam algo em comum: a batalha pela marca","og_description":"Disputas judiciais por marca s\u00e3o recorrentes dentre grandes empresas, mas especialistas recomendam cautela desde o princ\u00edpio. Leia mais.","og_url":"https:\/\/www.suno.com.br\/noticias\/disputas-judiciais-nomes-marca-direitos-vvar3-via-iphone\/","og_site_name":"Suno Not\u00edcias","article_publisher":"https:\/\/facebook.com\/sunoresearch","og_image":[{"width":1500,"height":785,"url":"https:\/\/files.sunoresearch.com.br\/n\/uploads\/2021\/06\/c59419e6-novo-logo-big-vs-novo-logo-casas-bahia-disputa-judicial-scaled-1.jpg","type":"image\/jpeg"}],"author":"Eduardo Vargas","twitter_card":"summary_large_image","twitter_creator":"@sunoresearch","twitter_site":"@sunoresearch","twitter_misc":{"Escrito por":"Eduardo Vargas","Est. tempo de leitura":"6 minutos"},"schema":{"@context":"https:\/\/schema.org","@graph":[{"@type":"NewsArticle","@id":"https:\/\/www.suno.com.br\/noticias\/disputas-judiciais-nomes-marca-direitos-vvar3-via-iphone\/#article","isPartOf":{"@id":"https:\/\/www.suno.com.br\/noticias\/disputas-judiciais-nomes-marca-direitos-vvar3-via-iphone\/"},"author":{"name":"Eduardo Vargas","@id":"https:\/\/www.suno.com.br\/noticias\/#\/schema\/person\/7f4d362bf3518e76090143ae77bb49a5"},"headline":"Iphone, Via (VVAR3), Victoria&#8217;s Secret t\u00eam algo em comum: a batalha pela marca","datePublished":"2021-06-20T13:00:41+00:00","dateModified":"2021-06-23T20:06:28+00:00","mainEntityOfPage":{"@id":"https:\/\/www.suno.com.br\/noticias\/disputas-judiciais-nomes-marca-direitos-vvar3-via-iphone\/"},"wordCount":1178,"publisher":{"@id":"https:\/\/www.suno.com.br\/noticias\/#organization"},"image":{"@id":"https:\/\/www.suno.com.br\/noticias\/disputas-judiciais-nomes-marca-direitos-vvar3-via-iphone\/#primaryimage"},"thumbnailUrl":"https:\/\/files.sunoresearch.com.br\/n\/uploads\/2021\/06\/c59419e6-novo-logo-big-vs-novo-logo-casas-bahia-disputa-judicial-scaled-1-jpg.webp","keywords":["AMBEV (ABEV3)","Apple (AAPL34)","Especiais","grupo Big","iPhone","Supremo Tribunal Federal (STF)","Via (VIIA3)","Visa (VISA34)","Walmart (WALM34)"],"articleSection":["Neg\u00f3cios"],"inLanguage":"pt-BR"},{"@type":"WebPage","@id":"https:\/\/www.suno.com.br\/noticias\/disputas-judiciais-nomes-marca-direitos-vvar3-via-iphone\/","url":"https:\/\/www.suno.com.br\/noticias\/disputas-judiciais-nomes-marca-direitos-vvar3-via-iphone\/","name":"Iphone e Via (VVAR3) t\u00eam algo em comum: a batalha pela marca","isPartOf":{"@id":"https:\/\/www.suno.com.br\/noticias\/#website"},"primaryImageOfPage":{"@id":"https:\/\/www.suno.com.br\/noticias\/disputas-judiciais-nomes-marca-direitos-vvar3-via-iphone\/#primaryimage"},"image":{"@id":"https:\/\/www.suno.com.br\/noticias\/disputas-judiciais-nomes-marca-direitos-vvar3-via-iphone\/#primaryimage"},"thumbnailUrl":"https:\/\/files.sunoresearch.com.br\/n\/uploads\/2021\/06\/c59419e6-novo-logo-big-vs-novo-logo-casas-bahia-disputa-judicial-scaled-1-jpg.webp","datePublished":"2021-06-20T13:00:41+00:00","dateModified":"2021-06-23T20:06:28+00:00","description":"Disputas judiciais por marca s\u00e3o recorrentes dentre grandes empresas, mas especialistas recomendam cautela desde o princ\u00edpio. Leia mais.","breadcrumb":{"@id":"https:\/\/www.suno.com.br\/noticias\/disputas-judiciais-nomes-marca-direitos-vvar3-via-iphone\/#breadcrumb"},"inLanguage":"pt-BR","potentialAction":[{"@type":"ReadAction","target":["https:\/\/www.suno.com.br\/noticias\/disputas-judiciais-nomes-marca-direitos-vvar3-via-iphone\/"]}]},{"@type":"ImageObject","inLanguage":"pt-BR","@id":"https:\/\/www.suno.com.br\/noticias\/disputas-judiciais-nomes-marca-direitos-vvar3-via-iphone\/#primaryimage","url":"https:\/\/files.sunoresearch.com.br\/n\/uploads\/2021\/06\/c59419e6-novo-logo-big-vs-novo-logo-casas-bahia-disputa-judicial-scaled-1-jpg.webp","contentUrl":"https:\/\/files.sunoresearch.com.br\/n\/uploads\/2021\/06\/c59419e6-novo-logo-big-vs-novo-logo-casas-bahia-disputa-judicial-scaled-1-jpg.webp","width":1500,"height":785,"caption":"Uma das disputas judiciais mais recentes foi entre as Casas Bahia, da Via (VVAR3) e o Grupo BIG, por conta do \"B\" do logotipo - Foto: Divulga\u00e7\u00e3o Via\/Grupo BIG"},{"@type":"BreadcrumbList","@id":"https:\/\/www.suno.com.br\/noticias\/disputas-judiciais-nomes-marca-direitos-vvar3-via-iphone\/#breadcrumb","itemListElement":[{"@type":"ListItem","position":1,"name":"Not\u00edcias","item":"https:\/\/www.suno.com.br\/noticias\/"},{"@type":"ListItem","position":2,"name":"Economia","item":"https:\/\/www.suno.com.br\/noticias\/economia\/"},{"@type":"ListItem","position":3,"name":"Iphone, Via (VVAR3), Victoria&#8217;s Secret t\u00eam algo em comum: a batalha pela marca"}]},{"@type":"WebSite","@id":"https:\/\/www.suno.com.br\/noticias\/#website","url":"https:\/\/www.suno.com.br\/noticias\/","name":"Suno Not\u00edcias","description":"Seu portal de informa\u00e7\u00e3o sobre o mundo dos investimentos","publisher":{"@id":"https:\/\/www.suno.com.br\/noticias\/#organization"},"potentialAction":[{"@type":"SearchAction","target":{"@type":"EntryPoint","urlTemplate":"https:\/\/www.suno.com.br\/noticias\/?s={search_term_string}"},"query-input":{"@type":"PropertyValueSpecification","valueRequired":true,"valueName":"search_term_string"}}],"inLanguage":"pt-BR"},{"@type":"Organization","@id":"https:\/\/www.suno.com.br\/noticias\/#organization","name":"Suno Not\u00edcias","url":"https:\/\/www.suno.com.br\/noticias\/","logo":{"@type":"ImageObject","inLanguage":"pt-BR","@id":"https:\/\/www.suno.com.br\/noticias\/#\/schema\/logo\/image\/","url":"https:\/\/files.sunoresearch.com.br\/n\/uploads\/2021\/09\/suno-logo.png","contentUrl":"https:\/\/files.sunoresearch.com.br\/n\/uploads\/2021\/09\/suno-logo.png","width":180,"height":180,"caption":"Suno Not\u00edcias"},"image":{"@id":"https:\/\/www.suno.com.br\/noticias\/#\/schema\/logo\/image\/"},"sameAs":["https:\/\/facebook.com\/sunoresearch","https:\/\/x.com\/sunoresearch","https:\/\/www.instagram.com\/suno","https:\/\/www.linkedin.com\/company\/suno-research\/","https:\/\/www.youtube.com\/c\/sunoresearch"]},{"@type":"Person","@id":"https:\/\/www.suno.com.br\/noticias\/#\/schema\/person\/7f4d362bf3518e76090143ae77bb49a5","name":"Eduardo Vargas","image":{"@type":"ImageObject","inLanguage":"pt-BR","@id":"https:\/\/www.suno.com.br\/noticias\/#\/schema\/person\/image\/","url":"https:\/\/secure.gravatar.com\/avatar\/dac340933427a22924c9f99d1eb2e3f2?s=96&r=g","contentUrl":"https:\/\/secure.gravatar.com\/avatar\/dac340933427a22924c9f99d1eb2e3f2?s=96&r=g","caption":"Eduardo Vargas"},"description":"Jornalista formado pela UFSC, cobre macroeconomia, neg\u00f3cios e startups para o Suno Not\u00edcias, escrevendo principalmente not\u00edcias sobre o mercado financeiro e a bolsa de valores. No YouTube e no Instagram, \u00e9 respons\u00e1vel pela produ\u00e7\u00e3o de Reels e Shorts do Suno Not\u00edcias. Anteriormente, trabalhou cobrindo economia e cotidiano no ND+ e para o ND, maior jornal impresso de Santa Catarina. Cursou um semestre letivo de Estudos de M\u00eddia na Universidad de Buenos Aires.","url":"https:\/\/www.suno.com.br\/noticias\/author\/eduardo-vargas\/"}]}},"default_loop_html":"<div class=\"cardsPage__listCard__boxs\"><div class=\"cardsPage__listCard__boxs__img\"><a href=\"https:\/\/www.suno.com.br\/noticias\/disputas-judiciais-nomes-marca-direitos-vvar3-via-iphone\/\"><img class=\"mask\" src=\"https:\/\/www.suno.com.br\/noticias\/wp-content\/themes\/suno\/resources\/images\/spotlight\/spotlight1img\/bg-mask.png\" alt=\"Image Mask\"\/><img src=\"https:\/\/files.sunoresearch.com.br\/n\/uploads\/2021\/06\/c59419e6-novo-logo-big-vs-novo-logo-casas-bahia-disputa-judicial-scaled-1-400x200.webp\" alt=\"Iphone, Via (VVAR3), Victoria&#8217;s Secret t\u00eam algo em comum: a batalha pela marca\"\/><\/a><span class=\"spotlightCategory\"><a href=\"https:\/\/www.suno.com.br\/noticias\/negocios\/\">Neg\u00f3cios<\/a><\/span><\/div><div class=\"cardsPage__listCard__boxs__content\"><a href=\"https:\/\/www.suno.com.br\/noticias\/disputas-judiciais-nomes-marca-direitos-vvar3-via-iphone\/\"><h2 class=\"content__title\">Iphone, Via (VVAR3), Victoria&#8217;s Secret t\u00eam algo em comum: a batalha pela marca<\/h2><\/a><div class=\"newsContent__article__meta\"><div class=\"newsContent__article__meta__authorBox\"><a href=\"https:\/\/www.suno.com.br\/noticias\/author\/eduardo-vargas\/\" class=\"authorBox__avatar noMobi\"><img src=\"https:\/\/secure.gravatar.com\/avatar\/dac340933427a22924c9f99d1eb2e3f2?s=96&#038;r=g\" alt=\"Eduardo Vargas\"><\/a><div class=\"authorBox__name\"><span>por\n\t\t\t<a href=\"https:\/\/www.suno.com.br\/noticias\/author\/eduardo-vargas\/\"><span itemprop=\"author\">Eduardo Vargas<\/span><\/a><\/span><time datetime=\"2021-06-20T10:00:41-03:00\" itemprop=\"datePublished\">20\/06\/2021 10:00<\/time><\/div><\/div><\/div><\/div><\/div>","single_layout":"posts","amp_enabled":true,"_links":{"self":[{"href":"https:\/\/www.suno.com.br\/noticias\/wp-json\/wp\/v2\/posts\/159187"}],"collection":[{"href":"https:\/\/www.suno.com.br\/noticias\/wp-json\/wp\/v2\/posts"}],"about":[{"href":"https:\/\/www.suno.com.br\/noticias\/wp-json\/wp\/v2\/types\/post"}],"author":[{"embeddable":true,"href":"https:\/\/www.suno.com.br\/noticias\/wp-json\/wp\/v2\/users\/73"}],"replies":[{"embeddable":true,"href":"https:\/\/www.suno.com.br\/noticias\/wp-json\/wp\/v2\/comments?post=159187"}],"version-history":[{"count":3,"href":"https:\/\/www.suno.com.br\/noticias\/wp-json\/wp\/v2\/posts\/159187\/revisions"}],"predecessor-version":[{"id":160670,"href":"https:\/\/www.suno.com.br\/noticias\/wp-json\/wp\/v2\/posts\/159187\/revisions\/160670"}],"wp:featuredmedia":[{"embeddable":true,"href":"https:\/\/www.suno.com.br\/noticias\/wp-json\/wp\/v2\/media\/159194"}],"wp:attachment":[{"href":"https:\/\/www.suno.com.br\/noticias\/wp-json\/wp\/v2\/media?parent=159187"}],"wp:term":[{"taxonomy":"category","embeddable":true,"href":"https:\/\/www.suno.com.br\/noticias\/wp-json\/wp\/v2\/categories?post=159187"},{"taxonomy":"post_tag","embeddable":true,"href":"https:\/\/www.suno.com.br\/noticias\/wp-json\/wp\/v2\/tags?post=159187"},{"taxonomy":"suno_strategy","embeddable":true,"href":"https:\/\/www.suno.com.br\/noticias\/wp-json\/wp\/v2\/suno_strategy?post=159187"}],"curies":[{"name":"wp","href":"https:\/\/api.w.org\/{rel}","templated":true}]}}