{"id":15911,"date":"2019-02-19T19:07:22","date_gmt":"2019-02-19T22:07:22","guid":{"rendered":"https:\/\/www.suno.com.br\/noticias\/?p=15911"},"modified":"2019-02-19T19:07:22","modified_gmt":"2019-02-19T22:07:22","slug":"ibovespa-tem-alta-de-mais-de-1-e-fecha-pregao-com-97-65915-pontos","status":"publish","type":"post","link":"https:\/\/www.suno.com.br\/noticias\/ibovespa-tem-alta-de-mais-de-1-e-fecha-pregao-com-97-65915-pontos\/","title":{"rendered":"Ibovespa tem alta de mais de 1% e fecha preg\u00e3o com 97.659,15 pontos"},"content":{"rendered":"<p>O Ibovespa fechou esta ter\u00e7a-feira (19) em alta de\u00a01,19 % com 97.659,15 pontos.<\/p>\t<div class=\"wrapper-featured-image\">\n\t\t<figure class=\"spotlightImg\">\n\n\t\t\t<picture>\n\t\t\t\t<source media=\"(max-width: 768px)\" srcset=\"https:\/\/files.sunoresearch.com.br\/n\/uploads\/2018\/10\/1215868e-ibovespa-1-400x200.webp\">\n\t\t\t\t<img loading=\"lazy\" decoding=\"async\" class=\"newsContent__article__imgCapa lazyloadDisabled newsContent__article__imgCapa--noCaption\" src=\"https:\/\/files.sunoresearch.com.br\/n\/uploads\/2018\/10\/1215868e-ibovespa-1-800x450.webp\" width=\"800\" height=\"450\" alt=\"Ibovespa tem alta de mais de 1% e fecha preg\u00e3o com 97.659,15 pontos\" fetchpriority=high \/>\n\t\t\t<\/picture>\n\n\t\t\t<figcaption class=\"wp-caption-text wp-caption-text--hide\">Veja as small caps que mais valorizaram em junho<\/figcaption>\n\t\t<\/figure>\n\t<\/div>\n\n\n<p>A m\u00ednima de\u00a096.512,65 pontos foi registrada logo na abertura. Por volta nas 14 horas, o <strong>Ibovespa<\/strong> obteve a m\u00e1xima de 98.185,19 pontos. O mercado est\u00e1 atento \u00e0s movimenta\u00e7\u00f5es da <strong>reforma da Previd\u00eancia,\u00a0<\/strong>que deve apresentada na pr\u00f3xima quarta-feira (20) ao <strong>Congresso Nacional<\/strong>.<\/p>\n<p><a href=\"https:\/\/www.suno.com.br\/noticias\/dolar-fecha-queda-19022019\/\">Saiba mais: D\u00f3lar fecha sess\u00e3o com queda de 0,45% e cotado a R$ 3,7156<\/a><\/p>\n<h2>Demiss\u00e3o de Gustavo Bebianno<\/h2>\n<p>A demiss\u00e3o do ex-ministro da Secret\u00e1ria-Geral do gabinete da presid\u00eancia, <strong>Gustavo Bebianno<\/strong>, continua repercutindo. Nesta ter\u00e7a-feira, a revista &#8220;Veja&#8221; divulgou \u00e1udios de Whatsapp entre Gustavo Bebianno e <strong>Jair Bolsonaro<\/strong> que confirmam que os dois mantiveram conversas no dia 12 de fevereiro.<\/p>\n<p><a href=\"https:\/\/www.suno.com.br\/noticias\/audios-conversas-bolsonaro-bebianno\/\">Saiba mais: \u00c1udios confirmam conversas entre Bolsonaro e Bebianno, segundo revista<\/a><\/p>\n<p>O caso teve inicio ap\u00f3s uma entrevista de <strong>Gustavo Bebianno<\/strong> ao jornal &#8220;O Globo&#8221; no dia 13 de fevereiro. Na ocasi\u00e3o, <strong>Bebianno<\/strong> afirmou que havia conversado com <strong>Bolsonaro<\/strong>\u00a0em tr\u00eas ocasi\u00f5es. \u201cN\u00e3o existe crise nenhuma. S\u00f3 hoje falei tr\u00eas vezes com o presidente&#8221;, disse.<\/p>\n<p>No dia seguinte, <strong>Carlos Bolsonaro<\/strong>, filho mais novo do presidente, escreveu que o pai n\u00e3o havia conversado em nenhum momento com o <strong>ministro<\/strong>, chamando-o de <strong>mentiroso<\/strong>. Na \u00faltima segunda-feira, <strong>Bebianno<\/strong> foi exonerado do cargo. Logo ap\u00f3s a demiss\u00e3o, <strong>Bolsonaro<\/strong> divulgou um v\u00eddeo elogiando e agradecendo o trabalho do ex-ministro.<\/p>\n<p><a href=\"https:\/\/www.suno.com.br\/noticias\/gustavo-bebianno-exonerado-secretaria\/\">Saiba mais: Gustavo Bebianno \u00e9 exonerado da Secretaria-Geral, segundo porta-voz<\/a><\/p>\n<h2>Reforma da Previd\u00eancia<\/h2>\n<p>O presidente <strong>Jair Bolsonaro<\/strong> ir\u00e1 na pr\u00f3xima quarta-feira (20) ao <strong>Congresso Nacional<\/strong> apresentar pessoalmente a proposta da <strong>reforma da Previd\u00eancia<\/strong>.<\/p>\n<p><a href=\"https:\/\/www.suno.com.br\/noticias\/bolsonaro-congresso-reforma-previdencia\/\">Saiba mais: Bolsonaro vai ao Congresso entregar proposta da reforma da Previd\u00eancia<\/a><\/p>\n<p>No \u00faltimo dia 14, o presidente definiu a<strong> idade m\u00ednima<\/strong> de 65 anos para homens e 62 para mulheres. A transi\u00e7\u00e3o para a implementa\u00e7\u00e3o da idade m\u00ednima ser\u00e1 de 12 anos.<\/p>\n<h2>China X EUA<\/h2>\n<p>As negocia\u00e7\u00f5es para colocar fim a guerra comercial entre os <strong>Estados Unidos<\/strong> e a <strong>China<\/strong> foram retomadas nesta ter\u00e7a-feira (19). A \u00faltima rodada ocorreu em Pequim, na sexta-feira (15). Apesar do andamento do acordo, o presidente <strong>Donald Trump<\/strong> afirmou que poderia estender o prazo de tr\u00e9gua, que acabar\u00e1 no dia 1\u00ba de mar\u00e7o.<\/p>\n<p>Caso os dois pa\u00edses terminem sem um consenso, os <strong>EUA<\/strong> aumentaram a taxa sobre as\u00a0<strong>importa\u00e7\u00f5es chinesas\u00a0<\/strong>de 10% a 25%.\u00a0Por sua vez, a <strong>China\u00a0<\/strong>provavelmente reagiria, elevando tarifas sobre US$ 60 bilh\u00f5es em bens americanos.<\/p>\n<p>&#8220;Esperamos que tanto a China quanto os Estados Unidos trabalhem juntos para implementar o importante consenso alcan\u00e7ado por nossos dois chefes de Estado na Argentina, comecem a trabalhar e caminhem juntos em dire\u00e7\u00e3o a um acordo mutuamente aceit\u00e1vel e mutuamente ben\u00e9fico&#8221;, disse o porta-voz do Minist\u00e9rio dos Neg\u00f3cios Estrangeiros chin\u00eas, <strong>Geng Shuang.<\/strong><\/p>\n<h2>Bolsas internacionais<\/h2>\n<ul>\n<li>Nasdaq (Estados Unidos): alta de 0,19%<\/li>\n<li>FTSE 100 (Reino Unido): queda de 0,56%;<\/li>\n<li>Nikkei (Jap\u00e3o): alta de 0,10%;<\/li>\n<li>CAC40 (Fran\u00e7a): queda de 0,16%.<\/li>\n<\/ul>\n<h2>A\u00e7\u00f5es em destaque<\/h2>\n<ul>\n<li>PETR4: alta de 2,32% (R$ 27,38)<\/li>\n<li>VALE3: alta de 0,53%\u00a0(R$ 45,49)<\/li>\n<li>ITUB4: alta de 2,3% (R$ 37,75)<\/li>\n<li>BBDC4: alta de 0,85% (R$ 45,33)<\/li>\n<\/ul>\n<h2>Maiores altas do Ibovespa<\/h2>\n<ul>\n<li>EGIE3: alta de 4,36% (R$ 44,50)<\/li>\n<li>NATU3: alta de 3,36% (R$ 47,67)<\/li>\n<li>CSAN3: alta de 3,13% (R$ 43,52)<\/li>\n<li>RADL3: alta de 2,88% (R$ 59,24)<\/li>\n<\/ul>\n<h2>Maiores quedas do Ibovespa<\/h2>\n<ul>\n<li>VVAR3.SA: queda de 3,47% (R$ 5,28)<\/li>\n<li>USIM5.SA: queda de 1,6% (R$ 9,22)<\/li>\n<li>JBSS3.SA: queda de 1,4% (R$ 14,79)<\/li>\n<li>CSNA3.SA: queda de 1,26% (R$ 10,16)<\/li>\n<\/ul>\n<p>&nbsp;<\/p>\n","protected":false},"excerpt":{"rendered":"<p>O Ibovespa fechou esta ter\u00e7a-feira (19) em alta de\u00a01,19 % com 97.659,15 pontos. Veja as small caps que mais valorizaram em junho A m\u00ednima de\u00a096.512,65 pontos foi registrada logo na abertura. Por volta nas 14 horas, o Ibovespa obteve a m\u00e1xima de 98.185,19 pontos. O mercado est\u00e1 atento \u00e0s movimenta\u00e7\u00f5es da reforma da Previd\u00eancia,\u00a0que deve [&hellip;]<\/p>\n","protected":false},"author":14,"featured_media":4683,"comment_status":"closed","ping_status":"closed","sticky":false,"template":"","format":"standard","meta":[],"categories":[60],"tags":[711,326,793,1165,721,719,940],"suno_strategy":[],"class_list":["post-15911","post","type-post","status-publish","format-standard","has-post-thumbnail","hentry","category-mercado","tag-china","tag-dolar","tag-estados-unidos-eua","tag-gustavo-bebianno","tag-ibovespa","tag-jair-bolsonaro","tag-reforma-da-previdencia"],"yoast_head":"<!-- This site is optimized with the Yoast SEO plugin v24.4 - https:\/\/yoast.com\/wordpress\/plugins\/seo\/ -->\n<title>Ibovespa tem alta de mais de 1% e fecha preg\u00e3o com 97.659,15 pontos<\/title>\n<meta name=\"description\" content=\"Jair Bolsonaro deve apresentar o texto da reforma da Previd\u00eancia amanh\u00e3. A reforma animou os mercados e o Ibovespa. Clique para saber mais.\" \/>\n<meta name=\"robots\" content=\"index, follow, max-snippet:-1, max-image-preview:large, max-video-preview:-1\" \/>\n<link rel=\"canonical\" href=\"https:\/\/www.suno.com.br\/noticias\/ibovespa-tem-alta-de-mais-de-1-e-fecha-pregao-com-97-65915-pontos\/\" \/>\n<meta property=\"og:locale\" content=\"pt_BR\" \/>\n<meta property=\"og:type\" content=\"article\" \/>\n<meta property=\"og:title\" content=\"Ibovespa tem alta de mais de 1% e fecha preg\u00e3o com 97.659,15 pontos\" \/>\n<meta property=\"og:description\" content=\"Jair Bolsonaro deve apresentar o texto da reforma da Previd\u00eancia amanh\u00e3. A reforma animou os mercados e o Ibovespa. Clique para saber mais.\" \/>\n<meta property=\"og:url\" content=\"https:\/\/www.suno.com.br\/noticias\/ibovespa-tem-alta-de-mais-de-1-e-fecha-pregao-com-97-65915-pontos\/\" \/>\n<meta property=\"og:site_name\" content=\"Suno Not\u00edcias\" \/>\n<meta property=\"article:publisher\" content=\"https:\/\/facebook.com\/sunoresearch\" \/>\n<meta property=\"og:image\" content=\"https:\/\/files.sunoresearch.com.br\/n\/uploads\/2018\/10\/1215868e-ibovespa-1.jpg\" \/>\n\t<meta property=\"og:image:width\" content=\"1920\" \/>\n\t<meta property=\"og:image:height\" content=\"1357\" \/>\n\t<meta property=\"og:image:type\" content=\"image\/jpeg\" \/>\n<meta name=\"author\" content=\"Renan Dantas\" \/>\n<meta name=\"twitter:card\" content=\"summary_large_image\" \/>\n<meta name=\"twitter:creator\" content=\"@sunoresearch\" \/>\n<meta name=\"twitter:site\" content=\"@sunoresearch\" \/>\n<meta name=\"twitter:label1\" content=\"Escrito por\" \/>\n\t<meta name=\"twitter:data1\" content=\"Renan Dantas\" \/>\n\t<meta name=\"twitter:label2\" content=\"Est. tempo de leitura\" \/>\n\t<meta name=\"twitter:data2\" content=\"3 minutos\" \/>\n<script type=\"application\/ld+json\" class=\"yoast-schema-graph\">{\"@context\":\"https:\/\/schema.org\",\"@graph\":[{\"@type\":\"NewsArticle\",\"@id\":\"https:\/\/www.suno.com.br\/noticias\/ibovespa-tem-alta-de-mais-de-1-e-fecha-pregao-com-97-65915-pontos\/#article\",\"isPartOf\":{\"@id\":\"https:\/\/www.suno.com.br\/noticias\/ibovespa-tem-alta-de-mais-de-1-e-fecha-pregao-com-97-65915-pontos\/\"},\"author\":{\"name\":\"Renan Dantas\",\"@id\":\"https:\/\/www.suno.com.br\/noticias\/#\/schema\/person\/3f7693d5795a3f6d5ce15309ee785699\"},\"headline\":\"Ibovespa tem alta de mais de 1% e fecha preg\u00e3o com 97.659,15 pontos\",\"datePublished\":\"2019-02-19T22:07:22+00:00\",\"mainEntityOfPage\":{\"@id\":\"https:\/\/www.suno.com.br\/noticias\/ibovespa-tem-alta-de-mais-de-1-e-fecha-pregao-com-97-65915-pontos\/\"},\"wordCount\":561,\"publisher\":{\"@id\":\"https:\/\/www.suno.com.br\/noticias\/#organization\"},\"image\":{\"@id\":\"https:\/\/www.suno.com.br\/noticias\/ibovespa-tem-alta-de-mais-de-1-e-fecha-pregao-com-97-65915-pontos\/#primaryimage\"},\"thumbnailUrl\":\"https:\/\/files.sunoresearch.com.br\/n\/uploads\/2018\/10\/1215868e-ibovespa-1-jpg.webp\",\"keywords\":[\"China\",\"d\u00f3lar\",\"Estados Unidos (EUA)\",\"Gustavo Bebianno\",\"Ibovespa\",\"Jair Bolsonaro\",\"Reforma da Previd\u00eancia\"],\"articleSection\":[\"Mercado\"],\"inLanguage\":\"pt-BR\"},{\"@type\":\"WebPage\",\"@id\":\"https:\/\/www.suno.com.br\/noticias\/ibovespa-tem-alta-de-mais-de-1-e-fecha-pregao-com-97-65915-pontos\/\",\"url\":\"https:\/\/www.suno.com.br\/noticias\/ibovespa-tem-alta-de-mais-de-1-e-fecha-pregao-com-97-65915-pontos\/\",\"name\":\"Ibovespa tem alta de mais de 1% e fecha preg\u00e3o com 97.659,15 pontos\",\"isPartOf\":{\"@id\":\"https:\/\/www.suno.com.br\/noticias\/#website\"},\"primaryImageOfPage\":{\"@id\":\"https:\/\/www.suno.com.br\/noticias\/ibovespa-tem-alta-de-mais-de-1-e-fecha-pregao-com-97-65915-pontos\/#primaryimage\"},\"image\":{\"@id\":\"https:\/\/www.suno.com.br\/noticias\/ibovespa-tem-alta-de-mais-de-1-e-fecha-pregao-com-97-65915-pontos\/#primaryimage\"},\"thumbnailUrl\":\"https:\/\/files.sunoresearch.com.br\/n\/uploads\/2018\/10\/1215868e-ibovespa-1-jpg.webp\",\"datePublished\":\"2019-02-19T22:07:22+00:00\",\"description\":\"Jair Bolsonaro deve apresentar o texto da reforma da Previd\u00eancia amanh\u00e3. A reforma animou os mercados e o Ibovespa. Clique para saber mais.\",\"breadcrumb\":{\"@id\":\"https:\/\/www.suno.com.br\/noticias\/ibovespa-tem-alta-de-mais-de-1-e-fecha-pregao-com-97-65915-pontos\/#breadcrumb\"},\"inLanguage\":\"pt-BR\",\"potentialAction\":[{\"@type\":\"ReadAction\",\"target\":[\"https:\/\/www.suno.com.br\/noticias\/ibovespa-tem-alta-de-mais-de-1-e-fecha-pregao-com-97-65915-pontos\/\"]}]},{\"@type\":\"ImageObject\",\"inLanguage\":\"pt-BR\",\"@id\":\"https:\/\/www.suno.com.br\/noticias\/ibovespa-tem-alta-de-mais-de-1-e-fecha-pregao-com-97-65915-pontos\/#primaryimage\",\"url\":\"https:\/\/files.sunoresearch.com.br\/n\/uploads\/2018\/10\/1215868e-ibovespa-1-jpg.webp\",\"contentUrl\":\"https:\/\/files.sunoresearch.com.br\/n\/uploads\/2018\/10\/1215868e-ibovespa-1-jpg.webp\",\"width\":1920,\"height\":1357,\"caption\":\"Veja as small caps que mais valorizaram em junho\"},{\"@type\":\"BreadcrumbList\",\"@id\":\"https:\/\/www.suno.com.br\/noticias\/ibovespa-tem-alta-de-mais-de-1-e-fecha-pregao-com-97-65915-pontos\/#breadcrumb\",\"itemListElement\":[{\"@type\":\"ListItem\",\"position\":1,\"name\":\"Not\u00edcias\",\"item\":\"https:\/\/www.suno.com.br\/noticias\/\"},{\"@type\":\"ListItem\",\"position\":2,\"name\":\"Mercado\",\"item\":\"https:\/\/www.suno.com.br\/noticias\/mercado\/\"},{\"@type\":\"ListItem\",\"position\":3,\"name\":\"Ibovespa tem alta de mais de 1% e fecha preg\u00e3o com 97.659,15 pontos\"}]},{\"@type\":\"WebSite\",\"@id\":\"https:\/\/www.suno.com.br\/noticias\/#website\",\"url\":\"https:\/\/www.suno.com.br\/noticias\/\",\"name\":\"Suno Not\u00edcias\",\"description\":\"Seu portal de informa\u00e7\u00e3o sobre o mundo dos investimentos\",\"publisher\":{\"@id\":\"https:\/\/www.suno.com.br\/noticias\/#organization\"},\"potentialAction\":[{\"@type\":\"SearchAction\",\"target\":{\"@type\":\"EntryPoint\",\"urlTemplate\":\"https:\/\/www.suno.com.br\/noticias\/?s={search_term_string}\"},\"query-input\":{\"@type\":\"PropertyValueSpecification\",\"valueRequired\":true,\"valueName\":\"search_term_string\"}}],\"inLanguage\":\"pt-BR\"},{\"@type\":\"Organization\",\"@id\":\"https:\/\/www.suno.com.br\/noticias\/#organization\",\"name\":\"Suno Not\u00edcias\",\"url\":\"https:\/\/www.suno.com.br\/noticias\/\",\"logo\":{\"@type\":\"ImageObject\",\"inLanguage\":\"pt-BR\",\"@id\":\"https:\/\/www.suno.com.br\/noticias\/#\/schema\/logo\/image\/\",\"url\":\"https:\/\/files.sunoresearch.com.br\/n\/uploads\/2021\/09\/suno-logo.png\",\"contentUrl\":\"https:\/\/files.sunoresearch.com.br\/n\/uploads\/2021\/09\/suno-logo.png\",\"width\":180,\"height\":180,\"caption\":\"Suno Not\u00edcias\"},\"image\":{\"@id\":\"https:\/\/www.suno.com.br\/noticias\/#\/schema\/logo\/image\/\"},\"sameAs\":[\"https:\/\/facebook.com\/sunoresearch\",\"https:\/\/x.com\/sunoresearch\",\"https:\/\/www.instagram.com\/suno\",\"https:\/\/www.linkedin.com\/company\/suno-research\/\",\"https:\/\/www.youtube.com\/c\/sunoresearch\"]},{\"@type\":\"Person\",\"@id\":\"https:\/\/www.suno.com.br\/noticias\/#\/schema\/person\/3f7693d5795a3f6d5ce15309ee785699\",\"name\":\"Renan Dantas\",\"image\":{\"@type\":\"ImageObject\",\"inLanguage\":\"pt-BR\",\"@id\":\"https:\/\/www.suno.com.br\/noticias\/#\/schema\/person\/image\/\",\"url\":\"https:\/\/secure.gravatar.com\/avatar\/1787b83e7484a08e51d62ac8b41c8396?s=96&r=g\",\"contentUrl\":\"https:\/\/secure.gravatar.com\/avatar\/1787b83e7484a08e51d62ac8b41c8396?s=96&r=g\",\"caption\":\"Renan Dantas\"},\"description\":\"Escreve sobre pol\u00edtica e mercado financeiro para o portal Suno Not\u00edcias. Antes, atuou na assessoria de comunica\u00e7\u00e3o do Minist\u00e9rio P\u00fablico do Trabalho e na R\u00e1dio Mackenzie, onde apresentava e produzia um programa sobre artistas da m\u00fasica brasileira. \u00c9 estudante na Universidade Presbiteriana Mackenzie.\",\"url\":\"https:\/\/www.suno.com.br\/noticias\/author\/renan-dantas\/\"}]}<\/script>\n<!-- \/ Yoast SEO plugin. -->","yoast_head_json":{"title":"Ibovespa tem alta de mais de 1% e fecha preg\u00e3o com 97.659,15 pontos","description":"Jair Bolsonaro deve apresentar o texto da reforma da Previd\u00eancia amanh\u00e3. A reforma animou os mercados e o Ibovespa. Clique para saber mais.","robots":{"index":"index","follow":"follow","max-snippet":"max-snippet:-1","max-image-preview":"max-image-preview:large","max-video-preview":"max-video-preview:-1"},"canonical":"https:\/\/www.suno.com.br\/noticias\/ibovespa-tem-alta-de-mais-de-1-e-fecha-pregao-com-97-65915-pontos\/","og_locale":"pt_BR","og_type":"article","og_title":"Ibovespa tem alta de mais de 1% e fecha preg\u00e3o com 97.659,15 pontos","og_description":"Jair Bolsonaro deve apresentar o texto da reforma da Previd\u00eancia amanh\u00e3. A reforma animou os mercados e o Ibovespa. Clique para saber mais.","og_url":"https:\/\/www.suno.com.br\/noticias\/ibovespa-tem-alta-de-mais-de-1-e-fecha-pregao-com-97-65915-pontos\/","og_site_name":"Suno Not\u00edcias","article_publisher":"https:\/\/facebook.com\/sunoresearch","og_image":[{"width":1920,"height":1357,"url":"https:\/\/files.sunoresearch.com.br\/n\/uploads\/2018\/10\/1215868e-ibovespa-1.jpg","type":"image\/jpeg"}],"author":"Renan Dantas","twitter_card":"summary_large_image","twitter_creator":"@sunoresearch","twitter_site":"@sunoresearch","twitter_misc":{"Escrito por":"Renan Dantas","Est. tempo de leitura":"3 minutos"},"schema":{"@context":"https:\/\/schema.org","@graph":[{"@type":"NewsArticle","@id":"https:\/\/www.suno.com.br\/noticias\/ibovespa-tem-alta-de-mais-de-1-e-fecha-pregao-com-97-65915-pontos\/#article","isPartOf":{"@id":"https:\/\/www.suno.com.br\/noticias\/ibovespa-tem-alta-de-mais-de-1-e-fecha-pregao-com-97-65915-pontos\/"},"author":{"name":"Renan Dantas","@id":"https:\/\/www.suno.com.br\/noticias\/#\/schema\/person\/3f7693d5795a3f6d5ce15309ee785699"},"headline":"Ibovespa tem alta de mais de 1% e fecha preg\u00e3o com 97.659,15 pontos","datePublished":"2019-02-19T22:07:22+00:00","mainEntityOfPage":{"@id":"https:\/\/www.suno.com.br\/noticias\/ibovespa-tem-alta-de-mais-de-1-e-fecha-pregao-com-97-65915-pontos\/"},"wordCount":561,"publisher":{"@id":"https:\/\/www.suno.com.br\/noticias\/#organization"},"image":{"@id":"https:\/\/www.suno.com.br\/noticias\/ibovespa-tem-alta-de-mais-de-1-e-fecha-pregao-com-97-65915-pontos\/#primaryimage"},"thumbnailUrl":"https:\/\/files.sunoresearch.com.br\/n\/uploads\/2018\/10\/1215868e-ibovespa-1-jpg.webp","keywords":["China","d\u00f3lar","Estados Unidos (EUA)","Gustavo Bebianno","Ibovespa","Jair Bolsonaro","Reforma da Previd\u00eancia"],"articleSection":["Mercado"],"inLanguage":"pt-BR"},{"@type":"WebPage","@id":"https:\/\/www.suno.com.br\/noticias\/ibovespa-tem-alta-de-mais-de-1-e-fecha-pregao-com-97-65915-pontos\/","url":"https:\/\/www.suno.com.br\/noticias\/ibovespa-tem-alta-de-mais-de-1-e-fecha-pregao-com-97-65915-pontos\/","name":"Ibovespa tem alta de mais de 1% e fecha preg\u00e3o com 97.659,15 pontos","isPartOf":{"@id":"https:\/\/www.suno.com.br\/noticias\/#website"},"primaryImageOfPage":{"@id":"https:\/\/www.suno.com.br\/noticias\/ibovespa-tem-alta-de-mais-de-1-e-fecha-pregao-com-97-65915-pontos\/#primaryimage"},"image":{"@id":"https:\/\/www.suno.com.br\/noticias\/ibovespa-tem-alta-de-mais-de-1-e-fecha-pregao-com-97-65915-pontos\/#primaryimage"},"thumbnailUrl":"https:\/\/files.sunoresearch.com.br\/n\/uploads\/2018\/10\/1215868e-ibovespa-1-jpg.webp","datePublished":"2019-02-19T22:07:22+00:00","description":"Jair Bolsonaro deve apresentar o texto da reforma da Previd\u00eancia amanh\u00e3. A reforma animou os mercados e o Ibovespa. Clique para saber mais.","breadcrumb":{"@id":"https:\/\/www.suno.com.br\/noticias\/ibovespa-tem-alta-de-mais-de-1-e-fecha-pregao-com-97-65915-pontos\/#breadcrumb"},"inLanguage":"pt-BR","potentialAction":[{"@type":"ReadAction","target":["https:\/\/www.suno.com.br\/noticias\/ibovespa-tem-alta-de-mais-de-1-e-fecha-pregao-com-97-65915-pontos\/"]}]},{"@type":"ImageObject","inLanguage":"pt-BR","@id":"https:\/\/www.suno.com.br\/noticias\/ibovespa-tem-alta-de-mais-de-1-e-fecha-pregao-com-97-65915-pontos\/#primaryimage","url":"https:\/\/files.sunoresearch.com.br\/n\/uploads\/2018\/10\/1215868e-ibovespa-1-jpg.webp","contentUrl":"https:\/\/files.sunoresearch.com.br\/n\/uploads\/2018\/10\/1215868e-ibovespa-1-jpg.webp","width":1920,"height":1357,"caption":"Veja as small caps que mais valorizaram em junho"},{"@type":"BreadcrumbList","@id":"https:\/\/www.suno.com.br\/noticias\/ibovespa-tem-alta-de-mais-de-1-e-fecha-pregao-com-97-65915-pontos\/#breadcrumb","itemListElement":[{"@type":"ListItem","position":1,"name":"Not\u00edcias","item":"https:\/\/www.suno.com.br\/noticias\/"},{"@type":"ListItem","position":2,"name":"Mercado","item":"https:\/\/www.suno.com.br\/noticias\/mercado\/"},{"@type":"ListItem","position":3,"name":"Ibovespa tem alta de mais de 1% e fecha preg\u00e3o com 97.659,15 pontos"}]},{"@type":"WebSite","@id":"https:\/\/www.suno.com.br\/noticias\/#website","url":"https:\/\/www.suno.com.br\/noticias\/","name":"Suno Not\u00edcias","description":"Seu portal de informa\u00e7\u00e3o sobre o mundo dos investimentos","publisher":{"@id":"https:\/\/www.suno.com.br\/noticias\/#organization"},"potentialAction":[{"@type":"SearchAction","target":{"@type":"EntryPoint","urlTemplate":"https:\/\/www.suno.com.br\/noticias\/?s={search_term_string}"},"query-input":{"@type":"PropertyValueSpecification","valueRequired":true,"valueName":"search_term_string"}}],"inLanguage":"pt-BR"},{"@type":"Organization","@id":"https:\/\/www.suno.com.br\/noticias\/#organization","name":"Suno Not\u00edcias","url":"https:\/\/www.suno.com.br\/noticias\/","logo":{"@type":"ImageObject","inLanguage":"pt-BR","@id":"https:\/\/www.suno.com.br\/noticias\/#\/schema\/logo\/image\/","url":"https:\/\/files.sunoresearch.com.br\/n\/uploads\/2021\/09\/suno-logo.png","contentUrl":"https:\/\/files.sunoresearch.com.br\/n\/uploads\/2021\/09\/suno-logo.png","width":180,"height":180,"caption":"Suno Not\u00edcias"},"image":{"@id":"https:\/\/www.suno.com.br\/noticias\/#\/schema\/logo\/image\/"},"sameAs":["https:\/\/facebook.com\/sunoresearch","https:\/\/x.com\/sunoresearch","https:\/\/www.instagram.com\/suno","https:\/\/www.linkedin.com\/company\/suno-research\/","https:\/\/www.youtube.com\/c\/sunoresearch"]},{"@type":"Person","@id":"https:\/\/www.suno.com.br\/noticias\/#\/schema\/person\/3f7693d5795a3f6d5ce15309ee785699","name":"Renan Dantas","image":{"@type":"ImageObject","inLanguage":"pt-BR","@id":"https:\/\/www.suno.com.br\/noticias\/#\/schema\/person\/image\/","url":"https:\/\/secure.gravatar.com\/avatar\/1787b83e7484a08e51d62ac8b41c8396?s=96&r=g","contentUrl":"https:\/\/secure.gravatar.com\/avatar\/1787b83e7484a08e51d62ac8b41c8396?s=96&r=g","caption":"Renan Dantas"},"description":"Escreve sobre pol\u00edtica e mercado financeiro para o portal Suno Not\u00edcias. Antes, atuou na assessoria de comunica\u00e7\u00e3o do Minist\u00e9rio P\u00fablico do Trabalho e na R\u00e1dio Mackenzie, onde apresentava e produzia um programa sobre artistas da m\u00fasica brasileira. \u00c9 estudante na Universidade Presbiteriana Mackenzie.","url":"https:\/\/www.suno.com.br\/noticias\/author\/renan-dantas\/"}]}},"default_loop_html":"<div class=\"cardsPage__listCard__boxs\"><div class=\"cardsPage__listCard__boxs__img\"><a href=\"https:\/\/www.suno.com.br\/noticias\/ibovespa-tem-alta-de-mais-de-1-e-fecha-pregao-com-97-65915-pontos\/\"><img class=\"mask\" src=\"https:\/\/www.suno.com.br\/noticias\/wp-content\/themes\/suno\/resources\/images\/spotlight\/spotlight1img\/bg-mask.png\" alt=\"Image Mask\"\/><img src=\"https:\/\/files.sunoresearch.com.br\/n\/uploads\/2018\/10\/1215868e-ibovespa-1-400x200.webp\" alt=\"Ibovespa tem alta de mais de 1% e fecha preg\u00e3o com 97.659,15 pontos\"\/><\/a><span class=\"spotlightCategory\"><a href=\"https:\/\/www.suno.com.br\/noticias\/mercado\/\">Mercado<\/a><\/span><\/div><div class=\"cardsPage__listCard__boxs__content\"><a href=\"https:\/\/www.suno.com.br\/noticias\/ibovespa-tem-alta-de-mais-de-1-e-fecha-pregao-com-97-65915-pontos\/\"><h2 class=\"content__title\">Ibovespa tem alta de mais de 1% e fecha preg\u00e3o com 97.659,15 pontos<\/h2><\/a><div class=\"newsContent__article__meta\"><div class=\"newsContent__article__meta__authorBox\"><a href=\"https:\/\/www.suno.com.br\/noticias\/author\/renan-dantas\/\" class=\"authorBox__avatar noMobi\"><img src=\"https:\/\/secure.gravatar.com\/avatar\/1787b83e7484a08e51d62ac8b41c8396?s=96&#038;r=g\" alt=\"Renan Dantas\"><\/a><div class=\"authorBox__name\"><span>por\n\t\t\t<a href=\"https:\/\/www.suno.com.br\/noticias\/author\/renan-dantas\/\"><span itemprop=\"author\">Renan Dantas<\/span><\/a><\/span><time datetime=\"2019-02-19T19:07:22-03:00\" itemprop=\"datePublished\">19\/02\/2019 19:07<\/time><\/div><\/div><\/div><\/div><\/div>","single_layout":"posts","amp_enabled":true,"_links":{"self":[{"href":"https:\/\/www.suno.com.br\/noticias\/wp-json\/wp\/v2\/posts\/15911"}],"collection":[{"href":"https:\/\/www.suno.com.br\/noticias\/wp-json\/wp\/v2\/posts"}],"about":[{"href":"https:\/\/www.suno.com.br\/noticias\/wp-json\/wp\/v2\/types\/post"}],"author":[{"embeddable":true,"href":"https:\/\/www.suno.com.br\/noticias\/wp-json\/wp\/v2\/users\/14"}],"replies":[{"embeddable":true,"href":"https:\/\/www.suno.com.br\/noticias\/wp-json\/wp\/v2\/comments?post=15911"}],"version-history":[{"count":0,"href":"https:\/\/www.suno.com.br\/noticias\/wp-json\/wp\/v2\/posts\/15911\/revisions"}],"wp:featuredmedia":[{"embeddable":true,"href":"https:\/\/www.suno.com.br\/noticias\/wp-json\/wp\/v2\/media\/4683"}],"wp:attachment":[{"href":"https:\/\/www.suno.com.br\/noticias\/wp-json\/wp\/v2\/media?parent=15911"}],"wp:term":[{"taxonomy":"category","embeddable":true,"href":"https:\/\/www.suno.com.br\/noticias\/wp-json\/wp\/v2\/categories?post=15911"},{"taxonomy":"post_tag","embeddable":true,"href":"https:\/\/www.suno.com.br\/noticias\/wp-json\/wp\/v2\/tags?post=15911"},{"taxonomy":"suno_strategy","embeddable":true,"href":"https:\/\/www.suno.com.br\/noticias\/wp-json\/wp\/v2\/suno_strategy?post=15911"}],"curies":[{"name":"wp","href":"https:\/\/api.w.org\/{rel}","templated":true}]}}