{"id":159100,"date":"2021-06-18T09:49:57","date_gmt":"2021-06-18T12:49:57","guid":{"rendered":"https:\/\/www.suno.com.br\/noticias\/?p=159100"},"modified":"2021-06-18T09:49:57","modified_gmt":"2021-06-18T12:49:57","slug":"guedes-critica-desperdicio-alimentar-prato-brasileiro","status":"publish","type":"post","link":"https:\/\/www.suno.com.br\/noticias\/guedes-critica-desperdicio-alimentar-prato-brasileiro\/","title":{"rendered":"Guedes critica desperd\u00edcio prato do brasileiro em evento da Abras"},"content":{"rendered":"<p>O Ministro da Economia, Paulo\u00a0<strong>Guedes<\/strong>, deve formar um grupo de trabalho juntamente com <a href=\"https:\/\/www.suno.com.br\/artigos\/certificado-de-recebiveis-do-agronegocio\/\">Tereza Cristina, Ministra da Agricultura<\/a>, para enfrentar os problemas de desperd\u00edcio alimentar. Ambos falaram sobre o tema em evento da Associa\u00e7\u00e3o Brasileira de Supermercados (Abras).<\/p>\t<div class=\"wrapper-featured-image\">\n\t\t<figure class=\"spotlightImg\">\n\n\t\t\t<picture>\n\t\t\t\t<source media=\"(max-width: 768px)\" srcset=\"https:\/\/files.sunoresearch.com.br\/n\/uploads\/2021\/06\/a3185647-economia_1202200236-1-400x200.webp\">\n\t\t\t\t<img loading=\"lazy\" decoding=\"async\" class=\"newsContent__article__imgCapa lazyloadDisabled \" src=\"https:\/\/files.sunoresearch.com.br\/n\/uploads\/2021\/06\/a3185647-economia_1202200236-1-800x450.webp\" width=\"800\" height=\"450\" alt=\"Guedes critica desperd\u00edcio prato do brasileiro em evento da Abras\" fetchpriority=high \/>\n\t\t\t<\/picture>\n\n\t\t\t<figcaption class=\"wp-caption-text wp-caption-text--show\">Paulo Guedes.  Foto: Wilson Dias\/Ag\u00eancia Brasil<\/figcaption>\n\t\t<\/figure>\n\t<\/div>\n\n\n\t<p>\n\t\t<a href=\"https:\/\/lp.suno.com.br\/planilha-controle-gastos\/\" target=\"_blank\" data-element=\"shortcode-suno-banner\" title=\"Banner SUNO, clique e saiba mais\">\n\t\t\t<picture>\n\t\t\t\t<source media=\"(max-width: 500px)\" srcset=\"https:\/\/files.sunoresearch.com.br\/n\/uploads\/2023\/03\/400x300-Planilha-controle-de-gastos.png\">\n\t\t\t\t<img class=\"newsContent__article__imgCapa newsContent__article__imgCapa--banner\"\n\t\t\t\t\tsrc=\"https:\/\/files.sunoresearch.com.br\/n\/uploads\/2023\/03\/1420x240-Planilha-controle-de-gastos.png\"\n\t\t\t\t\tdata-promo-id=\"101751\"\t\t\t\t\t\t\t\t\t\twidth='1420' height='240'\t\t\t\t\talt=\"https:\/\/files.sunoresearch.com.br\/n\/uploads\/2023\/03\/1420x240-Planilha-controle-de-gastos.png\"\n\t\t\t\t>\n\t\t\t<\/picture>\n\t\t<\/a>\n\t<\/p>\n\n\n<p>Na ocasi\u00e3o, <strong>Guedes<\/strong> disse que a reformula\u00e7\u00e3o de pol\u00edticas sociais, em estudo pelo governo, poder\u00e1 incluir incentivos para reduzir o volume de <strong>alimentos<\/strong> que acabam no lixo. O ministro criticou os &#8220;<strong>excessos<\/strong>&#8221; nas <strong>refei\u00e7\u00f5es<\/strong> dos brasileiros.<\/p>\n<p>&#8220;Quando voc\u00ea v\u00ea um prato da classe m\u00e9dia europeia, que j\u00e1 enfrentou duas guerras mundiais, s\u00e3o pratos relativamente pequenos. E os nossos aqui n\u00f3s fazemos almo\u00e7os em que muitas vezes h\u00e1 uma sobra enorme. At\u00e9 o final da refei\u00e7\u00e3o da classe m\u00e9dia alta h\u00e1 excessos&#8221;, <a href=\"https:\/\/www.suno.com.br\/artigos\/ministerio-da-economia\/\">comentou o ministro<\/a>.<\/p>\n<p><span style=\"font-weight: 400;\">\u00a0<\/span><a href=\"https:\/\/lp.suno.com.br\/suno-one\/?ppp=noticias\/hospital-care-pedido-ipo-cvm\/\"><b>Suno One: acesse gratuitamente eBooks, Minicursos, Artigos e V\u00eddeo Aulas sobre investimentos com um \u00fanico cadastro. Clique para saber mais!<\/b><\/a><\/p>\n<p>De acordo com o ministro, \u00e9 preciso facilitar a <a href=\"https:\/\/www.suno.com.br\/artigos\/ministerio-da-fazenda\/\">conex\u00e3o entre pol\u00edticas sociais e o fim dos <strong>desperd\u00edcios<\/strong><\/a>. &#8220;Precisamos dar incentivos para o que \u00e9 jogado fora possa ser endere\u00e7ado aos mais necessitados&#8221;, afirmou.<\/p>\n<p>No mesmo evento, a ministra Tereza Cristina disse que a redu\u00e7\u00e3o do<strong> desperd\u00edcio de alimentos<\/strong> precisa ser trabalhada de forma mais objetiva e com maior celeridade pelo governo federal.<\/p>\n<p>&#8220;Especialmente na parte regulat\u00f3ria. Proponho que montemos um <strong>grupo interministerial<\/strong>, junto com minist\u00e9rio da Economia e da Cidadania, e em 15 dias voltamos a apresentar uma solu\u00e7\u00e3o&#8221;, afirmou. J\u00e1 escolado por ser cobrado por prazos n\u00e3o cumpridos, Guedes falou de um prazo maior, de at\u00e9 60 dias.<\/p>\n\t<div data-element=\"shortcode-read-more\" class=\"knowMore\">\n\t\t\t\t<span class=\"knowMore__title\">Saiba mais<\/span>\n\t\t\t\t<a class=\"knowMore__link\" href=\"https:\/\/www.suno.com.br\/noticias\/auxilio-emergencial-prorrogado-mais-3-meses-guedes\/\">\n\t\t\tAux\u00edlio emergencial ser\u00e1 prorrogado por mais 3 meses, diz Guedes\t\t<\/a>\n\t<\/div>\n\n\n<p>Sobre as quest\u00f5es regulat\u00f3rias, a ministra apontou que alguns pontos da legisla\u00e7\u00e3o podem ser revistos como o tempo de validade dos alimentos. &#8220;Temos certos exageros na legisla\u00e7\u00e3o sobre os quais podemos fazer adapta\u00e7\u00e3o, sem precarizar e respeitando o que o mundo pensa. Podemos rever a legisla\u00e7\u00e3o para melhorar uma s\u00e9rie de gargalos, principalmente quanto \u00e0 validade dos alimentos&#8221;, apontou Tereza Cristina.<\/p>\n<p>Na avalia\u00e7\u00e3o de Tereza Cristina, a pandemia de covid-19 trouxe \u00e0 tona o tema do desperd\u00edcio alimentar de forma mais percept\u00edvel. &#8220;H\u00e1 muito tempo que precis\u00e1vamos trabalhar o desperd\u00edcio alimentar de parte mais objetiva. Precisamos agir rapidamente&#8221;, comentou.<\/p>\n\t<p>\n\t\t<a href=\"https:\/\/lp.suno.com.br\/planilha-da-vida-financeira\/\" target=\"_blank\" data-element=\"shortcode-suno-banner\" title=\"Banner SUNO, clique e saiba mais\">\n\t\t\t<picture>\n\t\t\t\t<source media=\"(max-width: 500px)\" srcset=\"https:\/\/files.sunoresearch.com.br\/n\/uploads\/2023\/04\/400x300-Planilha-vida-financeira-true.png\">\n\t\t\t\t<img class=\"newsContent__article__imgCapa newsContent__article__imgCapa--banner\"\n\t\t\t\t\tsrc=\"https:\/\/files.sunoresearch.com.br\/n\/uploads\/2023\/04\/1420x240-Planilha-vida-financeira-true.png\"\n\t\t\t\t\tdata-promo-id=\"106682\"\t\t\t\t\t\t\t\t\t\twidth='1420' height='240'\t\t\t\t\talt=\"https:\/\/files.sunoresearch.com.br\/n\/uploads\/2023\/04\/1420x240-Planilha-vida-financeira-true.png\"\n\t\t\t\t>\n\t\t\t<\/picture>\n\t\t<\/a>\n\t<\/p>\n\n\n<h2>Guedes antecipa programas sociais<\/h2>\n<p>O ministro disse ainda que o ministro da Cidadania, Jo\u00e3o Roma, est\u00e1 desenhando novos programas sociais. Neste momento, o governo discute <a href=\"https:\/\/www.suno.com.br\/noticias\/coronavoucher-entenda-como-funciona-auxilio-emergencial\/\">a reformula\u00e7\u00e3o do <strong>Bolsa Fam\u00edlia<\/strong><\/a> e o presidente Jair Bolsonaro (sem partido) chegou a anunciar que o programa pagar\u00e1 em m\u00e9dia R$ 300 a partir de dezembro, mas t\u00e9cnicos do governo ainda discutem como esse reajuste pode caber no Or\u00e7amento do ano que vem.<\/p>\n<p>&#8221; Nosso governo est\u00e1 coerente, trabalhando muito junto, equipe muito unida para manter a cadeia produtiva funcionando&#8221;, afirmou <strong>Guedes<\/strong>. No mesmo evento, Roma disse apenas que o governo pretende apresentar propostas para o &#8220;fortalecimento&#8221; de seus programas sociais.<\/p>\n<p><em><strong>Com informa\u00e7\u00f5es do Estad\u00e3o Conte\u00fado<\/strong><\/em><\/p>\n<p><span style=\"font-weight: 400;\">\t<p>\n\t\t<a href=\"https:\/\/lp.suno.com.br\/planilha-de-controle-de-investimentos\/\" target=\"_blank\" data-element=\"shortcode-suno-banner\" title=\"Banner SUNO, clique e saiba mais\">\n\t\t\t<picture>\n\t\t\t\t<source media=\"(max-width: 500px)\" srcset=\"https:\/\/files.sunoresearch.com.br\/n\/uploads\/2023\/03\/400x300-Controle-de-Investimentos.png\">\n\t\t\t\t<img class=\"newsContent__article__imgCapa newsContent__article__imgCapa--banner\"\n\t\t\t\t\tsrc=\"https:\/\/files.sunoresearch.com.br\/n\/uploads\/2023\/03\/1420x240-Controle-de-Investimentos.png\"\n\t\t\t\t\tdata-promo-id=\"75934\"\t\t\t\t\t\t\t\t\t\twidth='1420' height='240'\t\t\t\t\talt=\"https:\/\/files.sunoresearch.com.br\/n\/uploads\/2023\/03\/1420x240-Controle-de-Investimentos.png\"\n\t\t\t\t>\n\t\t\t<\/picture>\n\t\t<\/a>\n\t<\/p>\n\n\u00a0<\/span><\/p>\n","protected":false},"excerpt":{"rendered":"<p>O Ministro da Economia, Paulo\u00a0Guedes, deve formar um grupo de trabalho juntamente com Tereza Cristina, Ministra da Agricultura, para enfrentar os problemas de desperd\u00edcio alimentar. Ambos falaram sobre o tema em evento da Associa\u00e7\u00e3o Brasileira de Supermercados (Abras). Paulo Guedes. Foto: Wilson Dias\/Ag\u00eancia Brasil Na ocasi\u00e3o, Guedes disse que a reformula\u00e7\u00e3o de pol\u00edticas sociais, em [&hellip;]<\/p>\n","protected":false},"author":73,"featured_media":157935,"comment_status":"closed","ping_status":"closed","sticky":false,"template":"","format":"standard","meta":[],"categories":[62],"tags":[774,1122,909,796],"suno_strategy":[],"class_list":["post-159100","post","type-post","status-publish","format-standard","has-post-thumbnail","hentry","category-economia","tag-bolsa-familia","tag-ministerio-da-agricultura","tag-ministerio-da-economia","tag-paulo-guedes"],"yoast_head":"<!-- This site is optimized with the Yoast SEO plugin v24.4 - https:\/\/yoast.com\/wordpress\/plugins\/seo\/ -->\n<title>Guedes critica desperd\u00edcio alimentar no prato do brasileiro<\/title>\n<meta name=\"description\" content=\"O Ministro da Economia, Paulo Guedes, deve formar grupo de trabalho para enfrentar o problema, junto com Tereza Cristina. Leia mais.\" \/>\n<meta name=\"robots\" content=\"index, follow, max-snippet:-1, max-image-preview:large, max-video-preview:-1\" \/>\n<link rel=\"canonical\" href=\"https:\/\/www.suno.com.br\/noticias\/guedes-critica-desperdicio-alimentar-prato-brasileiro\/\" \/>\n<meta property=\"og:locale\" content=\"pt_BR\" \/>\n<meta property=\"og:type\" content=\"article\" \/>\n<meta property=\"og:title\" content=\"Guedes critica desperd\u00edcio alimentar no prato do brasileiro\" \/>\n<meta property=\"og:description\" content=\"O Ministro da Economia, Paulo Guedes, deve formar grupo de trabalho para enfrentar o problema, junto com Tereza Cristina. Leia mais.\" \/>\n<meta property=\"og:url\" content=\"https:\/\/www.suno.com.br\/noticias\/guedes-critica-desperdicio-alimentar-prato-brasileiro\/\" \/>\n<meta property=\"og:site_name\" content=\"Suno Not\u00edcias\" \/>\n<meta property=\"article:publisher\" content=\"https:\/\/facebook.com\/sunoresearch\" \/>\n<meta property=\"og:image\" content=\"https:\/\/files.sunoresearch.com.br\/n\/uploads\/2021\/06\/a3185647-economia_1202200236-1.jpg\" \/>\n\t<meta property=\"og:image:width\" content=\"1200\" \/>\n\t<meta property=\"og:image:height\" content=\"800\" \/>\n\t<meta property=\"og:image:type\" content=\"image\/jpeg\" \/>\n<meta name=\"author\" content=\"Eduardo Vargas\" \/>\n<meta name=\"twitter:card\" content=\"summary_large_image\" \/>\n<meta name=\"twitter:creator\" content=\"@sunoresearch\" \/>\n<meta name=\"twitter:site\" content=\"@sunoresearch\" \/>\n<meta name=\"twitter:label1\" content=\"Escrito por\" \/>\n\t<meta name=\"twitter:data1\" content=\"Eduardo Vargas\" \/>\n\t<meta name=\"twitter:label2\" content=\"Est. tempo de leitura\" \/>\n\t<meta name=\"twitter:data2\" content=\"3 minutos\" \/>\n<script type=\"application\/ld+json\" class=\"yoast-schema-graph\">{\"@context\":\"https:\/\/schema.org\",\"@graph\":[{\"@type\":\"NewsArticle\",\"@id\":\"https:\/\/www.suno.com.br\/noticias\/guedes-critica-desperdicio-alimentar-prato-brasileiro\/#article\",\"isPartOf\":{\"@id\":\"https:\/\/www.suno.com.br\/noticias\/guedes-critica-desperdicio-alimentar-prato-brasileiro\/\"},\"author\":{\"name\":\"Eduardo Vargas\",\"@id\":\"https:\/\/www.suno.com.br\/noticias\/#\/schema\/person\/7f4d362bf3518e76090143ae77bb49a5\"},\"headline\":\"Guedes critica desperd\u00edcio prato do brasileiro em evento da Abras\",\"datePublished\":\"2021-06-18T12:49:57+00:00\",\"mainEntityOfPage\":{\"@id\":\"https:\/\/www.suno.com.br\/noticias\/guedes-critica-desperdicio-alimentar-prato-brasileiro\/\"},\"wordCount\":527,\"publisher\":{\"@id\":\"https:\/\/www.suno.com.br\/noticias\/#organization\"},\"image\":{\"@id\":\"https:\/\/www.suno.com.br\/noticias\/guedes-critica-desperdicio-alimentar-prato-brasileiro\/#primaryimage\"},\"thumbnailUrl\":\"https:\/\/files.sunoresearch.com.br\/n\/uploads\/2021\/06\/a3185647-economia_1202200236-1-jpg.webp\",\"keywords\":[\"Bolsa Fam\u00edlia\",\"Minist\u00e9rio da Agricultura\",\"Minist\u00e9rio da Economia\",\"Paulo Guedes\"],\"articleSection\":[\"Economia\"],\"inLanguage\":\"pt-BR\"},{\"@type\":\"WebPage\",\"@id\":\"https:\/\/www.suno.com.br\/noticias\/guedes-critica-desperdicio-alimentar-prato-brasileiro\/\",\"url\":\"https:\/\/www.suno.com.br\/noticias\/guedes-critica-desperdicio-alimentar-prato-brasileiro\/\",\"name\":\"Guedes critica desperd\u00edcio alimentar no prato do brasileiro\",\"isPartOf\":{\"@id\":\"https:\/\/www.suno.com.br\/noticias\/#website\"},\"primaryImageOfPage\":{\"@id\":\"https:\/\/www.suno.com.br\/noticias\/guedes-critica-desperdicio-alimentar-prato-brasileiro\/#primaryimage\"},\"image\":{\"@id\":\"https:\/\/www.suno.com.br\/noticias\/guedes-critica-desperdicio-alimentar-prato-brasileiro\/#primaryimage\"},\"thumbnailUrl\":\"https:\/\/files.sunoresearch.com.br\/n\/uploads\/2021\/06\/a3185647-economia_1202200236-1-jpg.webp\",\"datePublished\":\"2021-06-18T12:49:57+00:00\",\"description\":\"O Ministro da Economia, Paulo Guedes, deve formar grupo de trabalho para enfrentar o problema, junto com Tereza Cristina. Leia mais.\",\"breadcrumb\":{\"@id\":\"https:\/\/www.suno.com.br\/noticias\/guedes-critica-desperdicio-alimentar-prato-brasileiro\/#breadcrumb\"},\"inLanguage\":\"pt-BR\",\"potentialAction\":[{\"@type\":\"ReadAction\",\"target\":[\"https:\/\/www.suno.com.br\/noticias\/guedes-critica-desperdicio-alimentar-prato-brasileiro\/\"]}]},{\"@type\":\"ImageObject\",\"inLanguage\":\"pt-BR\",\"@id\":\"https:\/\/www.suno.com.br\/noticias\/guedes-critica-desperdicio-alimentar-prato-brasileiro\/#primaryimage\",\"url\":\"https:\/\/files.sunoresearch.com.br\/n\/uploads\/2021\/06\/a3185647-economia_1202200236-1-jpg.webp\",\"contentUrl\":\"https:\/\/files.sunoresearch.com.br\/n\/uploads\/2021\/06\/a3185647-economia_1202200236-1-jpg.webp\",\"width\":1200,\"height\":800,\"caption\":\"Paulo Guedes. Foto: Wilson Dias\/Ag\u00eancia Brasil\"},{\"@type\":\"BreadcrumbList\",\"@id\":\"https:\/\/www.suno.com.br\/noticias\/guedes-critica-desperdicio-alimentar-prato-brasileiro\/#breadcrumb\",\"itemListElement\":[{\"@type\":\"ListItem\",\"position\":1,\"name\":\"Not\u00edcias\",\"item\":\"https:\/\/www.suno.com.br\/noticias\/\"},{\"@type\":\"ListItem\",\"position\":2,\"name\":\"Economia\",\"item\":\"https:\/\/www.suno.com.br\/noticias\/economia\/\"},{\"@type\":\"ListItem\",\"position\":3,\"name\":\"Guedes critica desperd\u00edcio prato do brasileiro em evento da Abras\"}]},{\"@type\":\"WebSite\",\"@id\":\"https:\/\/www.suno.com.br\/noticias\/#website\",\"url\":\"https:\/\/www.suno.com.br\/noticias\/\",\"name\":\"Suno Not\u00edcias\",\"description\":\"Seu portal de informa\u00e7\u00e3o sobre o mundo dos investimentos\",\"publisher\":{\"@id\":\"https:\/\/www.suno.com.br\/noticias\/#organization\"},\"potentialAction\":[{\"@type\":\"SearchAction\",\"target\":{\"@type\":\"EntryPoint\",\"urlTemplate\":\"https:\/\/www.suno.com.br\/noticias\/?s={search_term_string}\"},\"query-input\":{\"@type\":\"PropertyValueSpecification\",\"valueRequired\":true,\"valueName\":\"search_term_string\"}}],\"inLanguage\":\"pt-BR\"},{\"@type\":\"Organization\",\"@id\":\"https:\/\/www.suno.com.br\/noticias\/#organization\",\"name\":\"Suno Not\u00edcias\",\"url\":\"https:\/\/www.suno.com.br\/noticias\/\",\"logo\":{\"@type\":\"ImageObject\",\"inLanguage\":\"pt-BR\",\"@id\":\"https:\/\/www.suno.com.br\/noticias\/#\/schema\/logo\/image\/\",\"url\":\"https:\/\/files.sunoresearch.com.br\/n\/uploads\/2021\/09\/suno-logo.png\",\"contentUrl\":\"https:\/\/files.sunoresearch.com.br\/n\/uploads\/2021\/09\/suno-logo.png\",\"width\":180,\"height\":180,\"caption\":\"Suno Not\u00edcias\"},\"image\":{\"@id\":\"https:\/\/www.suno.com.br\/noticias\/#\/schema\/logo\/image\/\"},\"sameAs\":[\"https:\/\/facebook.com\/sunoresearch\",\"https:\/\/x.com\/sunoresearch\",\"https:\/\/www.instagram.com\/suno\",\"https:\/\/www.linkedin.com\/company\/suno-research\/\",\"https:\/\/www.youtube.com\/c\/sunoresearch\"]},{\"@type\":\"Person\",\"@id\":\"https:\/\/www.suno.com.br\/noticias\/#\/schema\/person\/7f4d362bf3518e76090143ae77bb49a5\",\"name\":\"Eduardo Vargas\",\"image\":{\"@type\":\"ImageObject\",\"inLanguage\":\"pt-BR\",\"@id\":\"https:\/\/www.suno.com.br\/noticias\/#\/schema\/person\/image\/\",\"url\":\"https:\/\/secure.gravatar.com\/avatar\/dac340933427a22924c9f99d1eb2e3f2?s=96&r=g\",\"contentUrl\":\"https:\/\/secure.gravatar.com\/avatar\/dac340933427a22924c9f99d1eb2e3f2?s=96&r=g\",\"caption\":\"Eduardo Vargas\"},\"description\":\"Jornalista formado pela UFSC, cobre macroeconomia, neg\u00f3cios e startups para o Suno Not\u00edcias, escrevendo principalmente not\u00edcias sobre o mercado financeiro e a bolsa de valores. No YouTube e no Instagram, \u00e9 respons\u00e1vel pela produ\u00e7\u00e3o de Reels e Shorts do Suno Not\u00edcias. Anteriormente, trabalhou cobrindo economia e cotidiano no ND+ e para o ND, maior jornal impresso de Santa Catarina. Cursou um semestre letivo de Estudos de M\u00eddia na Universidad de Buenos Aires.\",\"url\":\"https:\/\/www.suno.com.br\/noticias\/author\/eduardo-vargas\/\"}]}<\/script>\n<!-- \/ Yoast SEO plugin. -->","yoast_head_json":{"title":"Guedes critica desperd\u00edcio alimentar no prato do brasileiro","description":"O Ministro da Economia, Paulo Guedes, deve formar grupo de trabalho para enfrentar o problema, junto com Tereza Cristina. Leia mais.","robots":{"index":"index","follow":"follow","max-snippet":"max-snippet:-1","max-image-preview":"max-image-preview:large","max-video-preview":"max-video-preview:-1"},"canonical":"https:\/\/www.suno.com.br\/noticias\/guedes-critica-desperdicio-alimentar-prato-brasileiro\/","og_locale":"pt_BR","og_type":"article","og_title":"Guedes critica desperd\u00edcio alimentar no prato do brasileiro","og_description":"O Ministro da Economia, Paulo Guedes, deve formar grupo de trabalho para enfrentar o problema, junto com Tereza Cristina. Leia mais.","og_url":"https:\/\/www.suno.com.br\/noticias\/guedes-critica-desperdicio-alimentar-prato-brasileiro\/","og_site_name":"Suno Not\u00edcias","article_publisher":"https:\/\/facebook.com\/sunoresearch","og_image":[{"width":1200,"height":800,"url":"https:\/\/files.sunoresearch.com.br\/n\/uploads\/2021\/06\/a3185647-economia_1202200236-1.jpg","type":"image\/jpeg"}],"author":"Eduardo Vargas","twitter_card":"summary_large_image","twitter_creator":"@sunoresearch","twitter_site":"@sunoresearch","twitter_misc":{"Escrito por":"Eduardo Vargas","Est. tempo de leitura":"3 minutos"},"schema":{"@context":"https:\/\/schema.org","@graph":[{"@type":"NewsArticle","@id":"https:\/\/www.suno.com.br\/noticias\/guedes-critica-desperdicio-alimentar-prato-brasileiro\/#article","isPartOf":{"@id":"https:\/\/www.suno.com.br\/noticias\/guedes-critica-desperdicio-alimentar-prato-brasileiro\/"},"author":{"name":"Eduardo Vargas","@id":"https:\/\/www.suno.com.br\/noticias\/#\/schema\/person\/7f4d362bf3518e76090143ae77bb49a5"},"headline":"Guedes critica desperd\u00edcio prato do brasileiro em evento da Abras","datePublished":"2021-06-18T12:49:57+00:00","mainEntityOfPage":{"@id":"https:\/\/www.suno.com.br\/noticias\/guedes-critica-desperdicio-alimentar-prato-brasileiro\/"},"wordCount":527,"publisher":{"@id":"https:\/\/www.suno.com.br\/noticias\/#organization"},"image":{"@id":"https:\/\/www.suno.com.br\/noticias\/guedes-critica-desperdicio-alimentar-prato-brasileiro\/#primaryimage"},"thumbnailUrl":"https:\/\/files.sunoresearch.com.br\/n\/uploads\/2021\/06\/a3185647-economia_1202200236-1-jpg.webp","keywords":["Bolsa Fam\u00edlia","Minist\u00e9rio da Agricultura","Minist\u00e9rio da Economia","Paulo Guedes"],"articleSection":["Economia"],"inLanguage":"pt-BR"},{"@type":"WebPage","@id":"https:\/\/www.suno.com.br\/noticias\/guedes-critica-desperdicio-alimentar-prato-brasileiro\/","url":"https:\/\/www.suno.com.br\/noticias\/guedes-critica-desperdicio-alimentar-prato-brasileiro\/","name":"Guedes critica desperd\u00edcio alimentar no prato do brasileiro","isPartOf":{"@id":"https:\/\/www.suno.com.br\/noticias\/#website"},"primaryImageOfPage":{"@id":"https:\/\/www.suno.com.br\/noticias\/guedes-critica-desperdicio-alimentar-prato-brasileiro\/#primaryimage"},"image":{"@id":"https:\/\/www.suno.com.br\/noticias\/guedes-critica-desperdicio-alimentar-prato-brasileiro\/#primaryimage"},"thumbnailUrl":"https:\/\/files.sunoresearch.com.br\/n\/uploads\/2021\/06\/a3185647-economia_1202200236-1-jpg.webp","datePublished":"2021-06-18T12:49:57+00:00","description":"O Ministro da Economia, Paulo Guedes, deve formar grupo de trabalho para enfrentar o problema, junto com Tereza Cristina. Leia mais.","breadcrumb":{"@id":"https:\/\/www.suno.com.br\/noticias\/guedes-critica-desperdicio-alimentar-prato-brasileiro\/#breadcrumb"},"inLanguage":"pt-BR","potentialAction":[{"@type":"ReadAction","target":["https:\/\/www.suno.com.br\/noticias\/guedes-critica-desperdicio-alimentar-prato-brasileiro\/"]}]},{"@type":"ImageObject","inLanguage":"pt-BR","@id":"https:\/\/www.suno.com.br\/noticias\/guedes-critica-desperdicio-alimentar-prato-brasileiro\/#primaryimage","url":"https:\/\/files.sunoresearch.com.br\/n\/uploads\/2021\/06\/a3185647-economia_1202200236-1-jpg.webp","contentUrl":"https:\/\/files.sunoresearch.com.br\/n\/uploads\/2021\/06\/a3185647-economia_1202200236-1-jpg.webp","width":1200,"height":800,"caption":"Paulo Guedes. Foto: Wilson Dias\/Ag\u00eancia Brasil"},{"@type":"BreadcrumbList","@id":"https:\/\/www.suno.com.br\/noticias\/guedes-critica-desperdicio-alimentar-prato-brasileiro\/#breadcrumb","itemListElement":[{"@type":"ListItem","position":1,"name":"Not\u00edcias","item":"https:\/\/www.suno.com.br\/noticias\/"},{"@type":"ListItem","position":2,"name":"Economia","item":"https:\/\/www.suno.com.br\/noticias\/economia\/"},{"@type":"ListItem","position":3,"name":"Guedes critica desperd\u00edcio prato do brasileiro em evento da Abras"}]},{"@type":"WebSite","@id":"https:\/\/www.suno.com.br\/noticias\/#website","url":"https:\/\/www.suno.com.br\/noticias\/","name":"Suno Not\u00edcias","description":"Seu portal de informa\u00e7\u00e3o sobre o mundo dos investimentos","publisher":{"@id":"https:\/\/www.suno.com.br\/noticias\/#organization"},"potentialAction":[{"@type":"SearchAction","target":{"@type":"EntryPoint","urlTemplate":"https:\/\/www.suno.com.br\/noticias\/?s={search_term_string}"},"query-input":{"@type":"PropertyValueSpecification","valueRequired":true,"valueName":"search_term_string"}}],"inLanguage":"pt-BR"},{"@type":"Organization","@id":"https:\/\/www.suno.com.br\/noticias\/#organization","name":"Suno Not\u00edcias","url":"https:\/\/www.suno.com.br\/noticias\/","logo":{"@type":"ImageObject","inLanguage":"pt-BR","@id":"https:\/\/www.suno.com.br\/noticias\/#\/schema\/logo\/image\/","url":"https:\/\/files.sunoresearch.com.br\/n\/uploads\/2021\/09\/suno-logo.png","contentUrl":"https:\/\/files.sunoresearch.com.br\/n\/uploads\/2021\/09\/suno-logo.png","width":180,"height":180,"caption":"Suno Not\u00edcias"},"image":{"@id":"https:\/\/www.suno.com.br\/noticias\/#\/schema\/logo\/image\/"},"sameAs":["https:\/\/facebook.com\/sunoresearch","https:\/\/x.com\/sunoresearch","https:\/\/www.instagram.com\/suno","https:\/\/www.linkedin.com\/company\/suno-research\/","https:\/\/www.youtube.com\/c\/sunoresearch"]},{"@type":"Person","@id":"https:\/\/www.suno.com.br\/noticias\/#\/schema\/person\/7f4d362bf3518e76090143ae77bb49a5","name":"Eduardo Vargas","image":{"@type":"ImageObject","inLanguage":"pt-BR","@id":"https:\/\/www.suno.com.br\/noticias\/#\/schema\/person\/image\/","url":"https:\/\/secure.gravatar.com\/avatar\/dac340933427a22924c9f99d1eb2e3f2?s=96&r=g","contentUrl":"https:\/\/secure.gravatar.com\/avatar\/dac340933427a22924c9f99d1eb2e3f2?s=96&r=g","caption":"Eduardo Vargas"},"description":"Jornalista formado pela UFSC, cobre macroeconomia, neg\u00f3cios e startups para o Suno Not\u00edcias, escrevendo principalmente not\u00edcias sobre o mercado financeiro e a bolsa de valores. No YouTube e no Instagram, \u00e9 respons\u00e1vel pela produ\u00e7\u00e3o de Reels e Shorts do Suno Not\u00edcias. Anteriormente, trabalhou cobrindo economia e cotidiano no ND+ e para o ND, maior jornal impresso de Santa Catarina. Cursou um semestre letivo de Estudos de M\u00eddia na Universidad de Buenos Aires.","url":"https:\/\/www.suno.com.br\/noticias\/author\/eduardo-vargas\/"}]}},"default_loop_html":"<div class=\"cardsPage__listCard__boxs\"><div class=\"cardsPage__listCard__boxs__img\"><a href=\"https:\/\/www.suno.com.br\/noticias\/guedes-critica-desperdicio-alimentar-prato-brasileiro\/\"><img class=\"mask\" src=\"https:\/\/www.suno.com.br\/noticias\/wp-content\/themes\/suno\/resources\/images\/spotlight\/spotlight1img\/bg-mask.png\" alt=\"Image Mask\"\/><img src=\"https:\/\/files.sunoresearch.com.br\/n\/uploads\/2021\/06\/a3185647-economia_1202200236-1-400x200.webp\" alt=\"Guedes critica desperd\u00edcio prato do brasileiro em evento da Abras\"\/><\/a><span class=\"spotlightCategory\"><a href=\"https:\/\/www.suno.com.br\/noticias\/economia\/\">Economia<\/a><\/span><\/div><div class=\"cardsPage__listCard__boxs__content\"><a href=\"https:\/\/www.suno.com.br\/noticias\/guedes-critica-desperdicio-alimentar-prato-brasileiro\/\"><h2 class=\"content__title\">Guedes critica desperd\u00edcio prato do brasileiro em evento da Abras<\/h2><\/a><div class=\"newsContent__article__meta\"><div class=\"newsContent__article__meta__authorBox\"><a href=\"https:\/\/www.suno.com.br\/noticias\/author\/eduardo-vargas\/\" class=\"authorBox__avatar noMobi\"><img src=\"https:\/\/secure.gravatar.com\/avatar\/dac340933427a22924c9f99d1eb2e3f2?s=96&#038;r=g\" alt=\"Eduardo Vargas\"><\/a><div class=\"authorBox__name\"><span>por\n\t\t\t<a href=\"https:\/\/www.suno.com.br\/noticias\/author\/eduardo-vargas\/\"><span itemprop=\"author\">Eduardo Vargas<\/span><\/a><\/span><time datetime=\"2021-06-18T09:49:57-03:00\" itemprop=\"datePublished\">18\/06\/2021 09:49<\/time><\/div><\/div><\/div><\/div><\/div>","single_layout":"posts","amp_enabled":true,"_links":{"self":[{"href":"https:\/\/www.suno.com.br\/noticias\/wp-json\/wp\/v2\/posts\/159100"}],"collection":[{"href":"https:\/\/www.suno.com.br\/noticias\/wp-json\/wp\/v2\/posts"}],"about":[{"href":"https:\/\/www.suno.com.br\/noticias\/wp-json\/wp\/v2\/types\/post"}],"author":[{"embeddable":true,"href":"https:\/\/www.suno.com.br\/noticias\/wp-json\/wp\/v2\/users\/73"}],"replies":[{"embeddable":true,"href":"https:\/\/www.suno.com.br\/noticias\/wp-json\/wp\/v2\/comments?post=159100"}],"version-history":[{"count":4,"href":"https:\/\/www.suno.com.br\/noticias\/wp-json\/wp\/v2\/posts\/159100\/revisions"}],"predecessor-version":[{"id":159148,"href":"https:\/\/www.suno.com.br\/noticias\/wp-json\/wp\/v2\/posts\/159100\/revisions\/159148"}],"wp:featuredmedia":[{"embeddable":true,"href":"https:\/\/www.suno.com.br\/noticias\/wp-json\/wp\/v2\/media\/157935"}],"wp:attachment":[{"href":"https:\/\/www.suno.com.br\/noticias\/wp-json\/wp\/v2\/media?parent=159100"}],"wp:term":[{"taxonomy":"category","embeddable":true,"href":"https:\/\/www.suno.com.br\/noticias\/wp-json\/wp\/v2\/categories?post=159100"},{"taxonomy":"post_tag","embeddable":true,"href":"https:\/\/www.suno.com.br\/noticias\/wp-json\/wp\/v2\/tags?post=159100"},{"taxonomy":"suno_strategy","embeddable":true,"href":"https:\/\/www.suno.com.br\/noticias\/wp-json\/wp\/v2\/suno_strategy?post=159100"}],"curies":[{"name":"wp","href":"https:\/\/api.w.org\/{rel}","templated":true}]}}