{"id":159050,"date":"2021-06-17T18:33:10","date_gmt":"2021-06-17T21:33:10","guid":{"rendered":"https:\/\/www.suno.com.br\/noticias\/?p=159050"},"modified":"2021-06-17T18:33:10","modified_gmt":"2021-06-17T21:33:10","slug":"senado-aprova-texto-base-eletrobras-elet3-privatizacao","status":"publish","type":"post","link":"https:\/\/www.suno.com.br\/noticias\/senado-aprova-texto-base-eletrobras-elet3-privatizacao\/","title":{"rendered":"Senado aprova texto-base da MP da Eletrobras (ELET3)"},"content":{"rendered":"<p>O Senado acabou de aprovar o texto-base da Medida Provis\u00f3ria (MP) que abre caminho para a privatiza\u00e7\u00e3o da<strong> <a class=\"suno-keyword\" href=\"https:\/\/www.suno.com.br\/acoes\/ELET3\/\" target=\"_blank\" rel=\"noopener noreferrer\" data-force=\"yes\" data-priority=\"2\">Eletrobras (ELET3)<\/a><\/strong>. Foram 42 votos a favor e 37 contra.<\/p>\t<div class=\"wrapper-featured-image\">\n\t\t<figure class=\"spotlightImg\">\n\n\t\t\t<picture>\n\t\t\t\t<source media=\"(max-width: 768px)\" srcset=\"https:\/\/files.sunoresearch.com.br\/n\/uploads\/2021\/05\/d1a6d65e-eletrobras-05-1-400x200.webp\">\n\t\t\t\t<img loading=\"lazy\" decoding=\"async\" class=\"newsContent__article__imgCapa lazyloadDisabled \" src=\"https:\/\/files.sunoresearch.com.br\/n\/uploads\/2021\/05\/d1a6d65e-eletrobras-05-1-800x450.webp\" width=\"800\" height=\"450\" alt=\"Senado aprova texto-base da MP da Eletrobras (ELET3)\" fetchpriority=high \/>\n\t\t\t<\/picture>\n\n\t\t\t<figcaption class=\"wp-caption-text wp-caption-text--show\">Funcion\u00e1rio Eletrobras (ELET3) em usina e\u00f3lica. Foto: Divulga\u00e7\u00e3o<\/figcaption>\n\t\t<\/figure>\n\t<\/div>\n\n\n\t<p>\n\t\t<a href=\"https:\/\/lp.suno.com.br\/planilha-controle-gastos\/\" target=\"_blank\" data-element=\"shortcode-suno-banner\" title=\"Banner SUNO, clique e saiba mais\">\n\t\t\t<picture>\n\t\t\t\t<source media=\"(max-width: 500px)\" srcset=\"https:\/\/files.sunoresearch.com.br\/n\/uploads\/2023\/03\/400x300-Planilha-controle-de-gastos.png\">\n\t\t\t\t<img class=\"newsContent__article__imgCapa newsContent__article__imgCapa--banner\"\n\t\t\t\t\tsrc=\"https:\/\/files.sunoresearch.com.br\/n\/uploads\/2023\/03\/1420x240-Planilha-controle-de-gastos.png\"\n\t\t\t\t\tdata-promo-id=\"101751\"\t\t\t\t\t\t\t\t\t\twidth='1420' height='240'\t\t\t\t\talt=\"https:\/\/files.sunoresearch.com.br\/n\/uploads\/2023\/03\/1420x240-Planilha-controle-de-gastos.png\"\n\t\t\t\t>\n\t\t\t<\/picture>\n\t\t<\/a>\n\t<\/p>\n\n\n<p>Com isso, agora os senadores v\u00e3o analisar dois destaques que podem modificar o teor final da proposta, antes que ela volte para a <strong>C\u00e2mara dos Deputados<\/strong>, onde a Casa ter\u00e1 at\u00e9 a pr\u00f3xima ter\u00e7a-feira (22) para avaliar a mat\u00e9ria antes que ela perca a validade.<\/p>\n<p>O principal destaque \u00e9 o apresentado pelo senador Tasso Jereissati (PSDB-CE), que retira a maioria dos <strong>jabutis<\/strong> &#8211; emendas estranhas ao texto original. Mais cedo, havia uma articula\u00e7\u00e3o entre os senadores para votar a favor desse texto, mas o governo passou as \u00faltimas horas em articula\u00e7\u00f5es com os senadores para buscar apoio ao texto do relator que n\u00e3o apenas mant\u00e9m as emendas da C\u00e2mara como inclui outras do Senado.<\/p>\n<p><a href=\"https:\/\/lp.suno.com.br\/suno-one\/\">\u00a0Suno One: acesse gratuitamente eBooks, Minicursos, Artigos e V\u00eddeo Aulas sobre investimentos com um \u00fanico cadastro. Clique para saber mais!<\/a><\/p>\n<p>Apesar do discurso de buscar um texto de &#8220;converg\u00eancia&#8221;, Marcos Rog\u00e9rio n\u00e3o conseguiu construir um texto de consenso e o governo precisou conceder benef\u00edcios para diversas bancadas para garantir apoio \u00e0 proposta, que pode ser a<a href=\"https:\/\/www.suno.com.br\/artigos\/privatizacao\/\"> primeira privatiza\u00e7\u00e3o<\/a> aprovada pelo Congresso durante a gest\u00e3o atual. Durante a sess\u00e3o desta quinta-feira que j\u00e1 passa de sete horas de dura\u00e7\u00e3o, senadores tentaram derrubar os &#8220;jabutis&#8221; ou at\u00e9 mesmo adiar a vota\u00e7\u00e3o para a pr\u00f3xima semana.<\/p>\n<p>A proposta autoriza o governo a diluir sua participa\u00e7\u00e3o <a href=\"https:\/\/www.suno.com.br\/artigos\/estatal-so-se-for-de-graca\/\">na <strong>estatal<\/strong><\/a>, hoje em torno de 60% para 45%, por meio da oferta de novas a\u00e7\u00f5es no mercado. Enviado pelo governo em 23 de fevereiro, a proposta \u00e9 uma das prioridades do Executivo e aposta na \u00e1rea econ\u00f4mica para ampliar investimentos da empresa, que atua no setor de gera\u00e7\u00e3o e transmiss\u00e3o de energia el\u00e9trica. Anteriormente, a equipe de Bolsonaro tentou viabilizar a opera\u00e7\u00e3o por meio de um projeto de lei, que n\u00e3o avan\u00e7ou. Tamb\u00e9m houve tentativas de privatiza\u00e7\u00e3o durante o governo Temer.<\/p>\n\t<p>\n\t\t<a href=\"https:\/\/lp.suno.com.br\/planilha-da-vida-financeira\/\" target=\"_blank\" data-element=\"shortcode-suno-banner\" title=\"Banner SUNO, clique e saiba mais\">\n\t\t\t<picture>\n\t\t\t\t<source media=\"(max-width: 500px)\" srcset=\"https:\/\/files.sunoresearch.com.br\/n\/uploads\/2023\/04\/400x300-Planilha-vida-financeira-true.png\">\n\t\t\t\t<img class=\"newsContent__article__imgCapa newsContent__article__imgCapa--banner\"\n\t\t\t\t\tsrc=\"https:\/\/files.sunoresearch.com.br\/n\/uploads\/2023\/04\/1420x240-Planilha-vida-financeira-true.png\"\n\t\t\t\t\tdata-promo-id=\"106682\"\t\t\t\t\t\t\t\t\t\twidth='1420' height='240'\t\t\t\t\talt=\"https:\/\/files.sunoresearch.com.br\/n\/uploads\/2023\/04\/1420x240-Planilha-vida-financeira-true.png\"\n\t\t\t\t>\n\t\t\t<\/picture>\n\t\t<\/a>\n\t<\/p>\n\n\n<p>Em seu relat\u00f3rio, Marcos Rog\u00e9rio aumentou a quantidade de energia de usinas t\u00e9rmicas a g\u00e1s que a Uni\u00e3o ser\u00e1 obrigada a contratar. O dispositivo \u00e9 um dos mais criticados por contr\u00e1rios \u00e0s propostas, j\u00e1 que prev\u00ea que as usinas devem estar localizadas mesmo em locais onde n\u00e3o h\u00e1 insumo ou infraestrutura. Na pr\u00e1tica, ser\u00e1 necess\u00e1rio construir gasodutos bilion\u00e1rios, que poder\u00e3o ser pagos pelos consumidores por meio das tarifas.<\/p>\n<p>A proposta aumenta de 6 mil megawatts (MW) para 8 mil MW. A altera\u00e7\u00e3o beneficia estados do Sudeste, que n\u00e3o estavam contemplados com o texto da C\u00e2mara. O texto do Senado ainda detalha a localiza\u00e7\u00e3o das t\u00e9rmicas. As regi\u00f5es Nordeste, Norte e Centro-Oeste tamb\u00e9m ser\u00e3o atendidas. Para essas regi\u00f5es, a entrega de energia dever\u00e1 acontecer entre 2026 a 2028, com per\u00edodo de fornecimento de 15 anos. A energia dever\u00e1 ser contratada pelo pre\u00e7o m\u00e1ximo equivalente ao teto da gera\u00e7\u00e3o a g\u00e1s do leil\u00e3o A-6 de 2019, com corre\u00e7\u00e3o.<\/p>\n<p>A proposta mant\u00e9m a permiss\u00e3o da prorroga\u00e7\u00e3o dos contratos das usinas contratadas no \u00e2mbito do Programa de Incentivo \u00e0s Fontes Alternativas de Energia El\u00e9trica (Proinfa). Com o vencimento dos contratos, as usinas teriam de disputar leil\u00f5es de energia velha e reduzir seus custos. A MP, no entanto, vai permitir que elas tenham as outorgas estendidas a pre\u00e7o de energia nova &#8211; que inclui o valor da constru\u00e7\u00e3o de empreendimentos, embora elas j\u00e1 estejam prontas. O senador tamb\u00e9m manteve a regra para contrata\u00e7\u00e3o m\u00ednima de 40% de Pequenas Centrais Hidrel\u00e9tricas (PCHs) nos pr\u00f3ximos leil\u00f5es mesmo depois do atingimento de 2 mil MW.<\/p>\n\n\t<div data-element=\"shortcode-read-more\" class=\"readToo\">\n\t\t\t\t<span class=\"readToo__title\">Veja tamb\u00e9m<\/span>\n\t\t\t\t<ul class=\"readToo__list\">\n\t\t\t<li><a href=\"https:\/\/www.suno.com.br\/noticias\/psdb-podemos-orienta-voto-contrario-mp-eletrobras\/\">Eletrobras (ELET3): PSDB e Podemos orientam voto contr\u00e1rio \u00e0 MP de privatiza\u00e7\u00e3o<\/a><\/li><li><a href=\"https:\/\/www.suno.com.br\/noticias\/mp-privatizacao-eletrobras-elet3-emendas-jabutis\/\">MP da privatiza\u00e7\u00e3o da Eletrobras (ELET3) ser\u00e1 votada hoje; emendas s\u00e3o criticadas<\/a><\/li>\t\t<\/ul>\n\t<\/div>\n\n\n<p>Entre as propostas do Senado, foi acatada a que prev\u00ea que os diretores do Operador Nacional do Sistema El\u00e9trico (ONS) dever\u00e3o passar por sabatina no Senado, como acontece com diretores da Ag\u00eancia Nacional de Energia El\u00e9trica (Aneel). Diferente dos dirigentes dos \u00f3rg\u00e3os reguladores, os diretores do ONS n\u00e3o cumprem mandatos e podem ser demitidos a qualquer momento, exceto o diretor-geral.<\/p>\n<p>Para garantir a aprova\u00e7\u00e3o, o governo tamb\u00e9m acatou uma emenda que atropela o Instituto Brasileiro do Meio Ambiente e dos Recursos Naturais Renov\u00e1veis (<strong>Ibama<\/strong>) e a Funda\u00e7\u00e3o Nacional do \u00cdndio (<strong>Funai<\/strong>) no licenciamento para a constru\u00e7\u00e3o da linha de transmiss\u00e3o de energia Manaus-Boa Vista. O linh\u00e3o, leiloado em 2011, nunca saiu do papel por um impasse com a comunidade ind\u00edgena Waimiri Atroari. Pela proposta, a Uni\u00e3o fica autorizada a iniciar as obras imediatamente ap\u00f3s a conclus\u00e3o do Plano B\u00e1sico Ambiental &#8211; Componente Ind\u00edgena, traduzido na l\u00edngua origin\u00e1ria e apresentado aos ind\u00edgenas.<\/p>\n<p>O texto ainda destina recursos para programas regionais na Regi\u00e3o Nordeste, Norte e Sudeste. O texto do Senado determina que o dinheiro, no entanto, n\u00e3o ser\u00e1 mais pago pela Eletrobras, mas pela pr\u00f3pria Uni\u00e3o, o que reduz o montante que o governo ir\u00e1 receber com o processo de capitaliza\u00e7\u00e3o de R$ 25 bilh\u00f5es para R$ 15 bilh\u00f5es. Os R$ 25 bilh\u00f5es que ser\u00e3o destinados para atenuar as tarifas, por meio da Conta de Desenvolvimento Energ\u00e9tico (CDE), foram mantidos.<\/p>\n<h2>MP da Eletrobras pode ser votada pelos deputados na segunda-feira<\/h2>\n<p>Mais cedo nesta quinta-feira, o presidente da C\u00e2mara, Arthur Lira (PP-AL), informou que se o texto fosse aprovado hoje pelo Senado com altera\u00e7\u00f5es, ele pretendia colocar a MP em vota\u00e7\u00e3o pelos deputados na segunda-feira (21), \u00e0s 15 horas (hor\u00e1rio de Bras\u00edlia).<\/p>\n<p>&#8220;Se por acaso houver vota\u00e7\u00e3o da <strong>Eletrobras<\/strong> hoje no Senado, que n\u00f3s esperamos que exista, e houver modifica\u00e7\u00f5es, volta para a C\u00e2mara e, se voltar, n\u00f3s estamos convocando a sess\u00e3o extraordin\u00e1ria para segunda \u00e0s 15 horas, s\u00f3 para tratar de retorno da Eletrobras&#8221;, disse Lira h\u00e1 pouco, ap\u00f3s deixar a reuni\u00e3o de l\u00edderes da Casa para tratar da pauta da pr\u00f3xima semana.<\/p>\n<p><em>Com informa\u00e7\u00f5es do Estad\u00e3o Conte\u00fado<\/em><\/p>\n\t<p>\n\t\t<a href=\"https:\/\/lp.suno.com.br\/planilha-da-vida-financeira\/\" target=\"_blank\" data-element=\"shortcode-suno-banner\" title=\"Banner SUNO, clique e saiba mais\">\n\t\t\t<picture>\n\t\t\t\t<source media=\"(max-width: 500px)\" srcset=\"https:\/\/files.sunoresearch.com.br\/n\/uploads\/2023\/04\/400x300-Planilha-vida-financeira-true.png\">\n\t\t\t\t<img class=\"newsContent__article__imgCapa newsContent__article__imgCapa--banner\"\n\t\t\t\t\tsrc=\"https:\/\/files.sunoresearch.com.br\/n\/uploads\/2023\/04\/1420x240-Planilha-vida-financeira-true.png\"\n\t\t\t\t\tdata-promo-id=\"106682\"\t\t\t\t\t\t\t\t\t\twidth='1420' height='240'\t\t\t\t\talt=\"https:\/\/files.sunoresearch.com.br\/n\/uploads\/2023\/04\/1420x240-Planilha-vida-financeira-true.png\"\n\t\t\t\t>\n\t\t\t<\/picture>\n\t\t<\/a>\n\t<\/p>\n\n\n","protected":false},"excerpt":{"rendered":"<p>O Senado acabou de aprovar o texto-base da Medida Provis\u00f3ria (MP) que abre caminho para a privatiza\u00e7\u00e3o da Eletrobras (ELET3). Foram 42 votos a favor e 37 contra. Funcion\u00e1rio Eletrobras (ELET3) em usina e\u00f3lica. Foto: Divulga\u00e7\u00e3o Com isso, agora os senadores v\u00e3o analisar dois destaques que podem modificar o teor final da proposta, antes que [&hellip;]<\/p>\n","protected":false},"author":39,"featured_media":150268,"comment_status":"closed","ping_status":"closed","sticky":false,"template":"","format":"standard","meta":[],"categories":[64],"tags":[455,104992,1068],"suno_strategy":[],"class_list":["post-159050","post","type-post","status-publish","format-standard","has-post-thumbnail","hentry","category-negocios","tag-eletrobras-elet3-elet5-elet6","tag-privatizacao-da-eletrobras","tag-senado-federal"],"yoast_head":"<!-- This site is optimized with the Yoast SEO plugin v24.4 - https:\/\/yoast.com\/wordpress\/plugins\/seo\/ -->\n<title>Senado aprova texto-base da MP da Eletrobras (ELET3)<\/title>\n<meta name=\"description\" content=\"O Senado acabou de aprovar o texto-base da MP que abre caminho para a privatiza\u00e7\u00e3o da Eletrobras (ELET3). Clique e saiba mais!\" \/>\n<meta name=\"robots\" content=\"index, follow, max-snippet:-1, max-image-preview:large, max-video-preview:-1\" \/>\n<link rel=\"canonical\" href=\"https:\/\/www.suno.com.br\/noticias\/senado-aprova-texto-base-eletrobras-elet3-privatizacao\/\" \/>\n<meta property=\"og:locale\" content=\"pt_BR\" \/>\n<meta property=\"og:type\" content=\"article\" \/>\n<meta property=\"og:title\" content=\"Senado aprova texto-base da MP da Eletrobras (ELET3)\" \/>\n<meta property=\"og:description\" content=\"O Senado acabou de aprovar o texto-base da MP que abre caminho para a privatiza\u00e7\u00e3o da Eletrobras (ELET3). Clique e saiba mais!\" \/>\n<meta property=\"og:url\" content=\"https:\/\/www.suno.com.br\/noticias\/senado-aprova-texto-base-eletrobras-elet3-privatizacao\/\" \/>\n<meta property=\"og:site_name\" content=\"Suno Not\u00edcias\" \/>\n<meta property=\"article:publisher\" content=\"https:\/\/facebook.com\/sunoresearch\" \/>\n<meta property=\"og:image\" content=\"https:\/\/files.sunoresearch.com.br\/n\/uploads\/2021\/05\/d1a6d65e-eletrobras-05-1.jpg\" \/>\n\t<meta property=\"og:image:width\" content=\"1200\" \/>\n\t<meta property=\"og:image:height\" content=\"800\" \/>\n\t<meta property=\"og:image:type\" content=\"image\/jpeg\" \/>\n<meta name=\"author\" content=\"Laura Moutinho\" \/>\n<meta name=\"twitter:card\" content=\"summary_large_image\" \/>\n<meta name=\"twitter:creator\" content=\"@sunoresearch\" \/>\n<meta name=\"twitter:site\" content=\"@sunoresearch\" \/>\n<meta name=\"twitter:label1\" content=\"Escrito por\" \/>\n\t<meta name=\"twitter:data1\" content=\"Laura Moutinho\" \/>\n\t<meta name=\"twitter:label2\" content=\"Est. tempo de leitura\" \/>\n\t<meta name=\"twitter:data2\" content=\"5 minutos\" \/>\n<script type=\"application\/ld+json\" class=\"yoast-schema-graph\">{\"@context\":\"https:\/\/schema.org\",\"@graph\":[{\"@type\":\"NewsArticle\",\"@id\":\"https:\/\/www.suno.com.br\/noticias\/senado-aprova-texto-base-eletrobras-elet3-privatizacao\/#article\",\"isPartOf\":{\"@id\":\"https:\/\/www.suno.com.br\/noticias\/senado-aprova-texto-base-eletrobras-elet3-privatizacao\/\"},\"author\":{\"name\":\"Laura Moutinho\",\"@id\":\"https:\/\/www.suno.com.br\/noticias\/#\/schema\/person\/3df0d2808748b74496efe5dbeaef2c72\"},\"headline\":\"Senado aprova texto-base da MP da Eletrobras (ELET3)\",\"datePublished\":\"2021-06-17T21:33:10+00:00\",\"mainEntityOfPage\":{\"@id\":\"https:\/\/www.suno.com.br\/noticias\/senado-aprova-texto-base-eletrobras-elet3-privatizacao\/\"},\"wordCount\":1055,\"publisher\":{\"@id\":\"https:\/\/www.suno.com.br\/noticias\/#organization\"},\"image\":{\"@id\":\"https:\/\/www.suno.com.br\/noticias\/senado-aprova-texto-base-eletrobras-elet3-privatizacao\/#primaryimage\"},\"thumbnailUrl\":\"https:\/\/files.sunoresearch.com.br\/n\/uploads\/2021\/05\/d1a6d65e-eletrobras-05-1-jpg.webp\",\"keywords\":[\"Eletrobras (ELET3\/ELET5\/ELET6)\",\"privatiza\u00e7\u00e3o da Eletrobras\",\"Senado Federal\"],\"articleSection\":[\"Neg\u00f3cios\"],\"inLanguage\":\"pt-BR\"},{\"@type\":\"WebPage\",\"@id\":\"https:\/\/www.suno.com.br\/noticias\/senado-aprova-texto-base-eletrobras-elet3-privatizacao\/\",\"url\":\"https:\/\/www.suno.com.br\/noticias\/senado-aprova-texto-base-eletrobras-elet3-privatizacao\/\",\"name\":\"Senado aprova texto-base da MP da Eletrobras (ELET3)\",\"isPartOf\":{\"@id\":\"https:\/\/www.suno.com.br\/noticias\/#website\"},\"primaryImageOfPage\":{\"@id\":\"https:\/\/www.suno.com.br\/noticias\/senado-aprova-texto-base-eletrobras-elet3-privatizacao\/#primaryimage\"},\"image\":{\"@id\":\"https:\/\/www.suno.com.br\/noticias\/senado-aprova-texto-base-eletrobras-elet3-privatizacao\/#primaryimage\"},\"thumbnailUrl\":\"https:\/\/files.sunoresearch.com.br\/n\/uploads\/2021\/05\/d1a6d65e-eletrobras-05-1-jpg.webp\",\"datePublished\":\"2021-06-17T21:33:10+00:00\",\"description\":\"O Senado acabou de aprovar o texto-base da MP que abre caminho para a privatiza\u00e7\u00e3o da Eletrobras (ELET3). Clique e saiba mais!\",\"breadcrumb\":{\"@id\":\"https:\/\/www.suno.com.br\/noticias\/senado-aprova-texto-base-eletrobras-elet3-privatizacao\/#breadcrumb\"},\"inLanguage\":\"pt-BR\",\"potentialAction\":[{\"@type\":\"ReadAction\",\"target\":[\"https:\/\/www.suno.com.br\/noticias\/senado-aprova-texto-base-eletrobras-elet3-privatizacao\/\"]}]},{\"@type\":\"ImageObject\",\"inLanguage\":\"pt-BR\",\"@id\":\"https:\/\/www.suno.com.br\/noticias\/senado-aprova-texto-base-eletrobras-elet3-privatizacao\/#primaryimage\",\"url\":\"https:\/\/files.sunoresearch.com.br\/n\/uploads\/2021\/05\/d1a6d65e-eletrobras-05-1-jpg.webp\",\"contentUrl\":\"https:\/\/files.sunoresearch.com.br\/n\/uploads\/2021\/05\/d1a6d65e-eletrobras-05-1-jpg.webp\",\"width\":1200,\"height\":800,\"caption\":\"Funcion\u00e1rio Eletrobras (ELET3) em usina e\u00f3lica. Foto: Divulga\u00e7\u00e3o\"},{\"@type\":\"BreadcrumbList\",\"@id\":\"https:\/\/www.suno.com.br\/noticias\/senado-aprova-texto-base-eletrobras-elet3-privatizacao\/#breadcrumb\",\"itemListElement\":[{\"@type\":\"ListItem\",\"position\":1,\"name\":\"Not\u00edcias\",\"item\":\"https:\/\/www.suno.com.br\/noticias\/\"},{\"@type\":\"ListItem\",\"position\":2,\"name\":\"Neg\u00f3cios\",\"item\":\"https:\/\/www.suno.com.br\/noticias\/negocios\/\"},{\"@type\":\"ListItem\",\"position\":3,\"name\":\"Senado aprova texto-base da MP da Eletrobras (ELET3)\"}]},{\"@type\":\"WebSite\",\"@id\":\"https:\/\/www.suno.com.br\/noticias\/#website\",\"url\":\"https:\/\/www.suno.com.br\/noticias\/\",\"name\":\"Suno Not\u00edcias\",\"description\":\"Seu portal de informa\u00e7\u00e3o sobre o mundo dos investimentos\",\"publisher\":{\"@id\":\"https:\/\/www.suno.com.br\/noticias\/#organization\"},\"potentialAction\":[{\"@type\":\"SearchAction\",\"target\":{\"@type\":\"EntryPoint\",\"urlTemplate\":\"https:\/\/www.suno.com.br\/noticias\/?s={search_term_string}\"},\"query-input\":{\"@type\":\"PropertyValueSpecification\",\"valueRequired\":true,\"valueName\":\"search_term_string\"}}],\"inLanguage\":\"pt-BR\"},{\"@type\":\"Organization\",\"@id\":\"https:\/\/www.suno.com.br\/noticias\/#organization\",\"name\":\"Suno Not\u00edcias\",\"url\":\"https:\/\/www.suno.com.br\/noticias\/\",\"logo\":{\"@type\":\"ImageObject\",\"inLanguage\":\"pt-BR\",\"@id\":\"https:\/\/www.suno.com.br\/noticias\/#\/schema\/logo\/image\/\",\"url\":\"https:\/\/files.sunoresearch.com.br\/n\/uploads\/2021\/09\/suno-logo.png\",\"contentUrl\":\"https:\/\/files.sunoresearch.com.br\/n\/uploads\/2021\/09\/suno-logo.png\",\"width\":180,\"height\":180,\"caption\":\"Suno Not\u00edcias\"},\"image\":{\"@id\":\"https:\/\/www.suno.com.br\/noticias\/#\/schema\/logo\/image\/\"},\"sameAs\":[\"https:\/\/facebook.com\/sunoresearch\",\"https:\/\/x.com\/sunoresearch\",\"https:\/\/www.instagram.com\/suno\",\"https:\/\/www.linkedin.com\/company\/suno-research\/\",\"https:\/\/www.youtube.com\/c\/sunoresearch\"]},{\"@type\":\"Person\",\"@id\":\"https:\/\/www.suno.com.br\/noticias\/#\/schema\/person\/3df0d2808748b74496efe5dbeaef2c72\",\"name\":\"Laura Moutinho\",\"image\":{\"@type\":\"ImageObject\",\"inLanguage\":\"pt-BR\",\"@id\":\"https:\/\/www.suno.com.br\/noticias\/#\/schema\/person\/image\/\",\"url\":\"https:\/\/secure.gravatar.com\/avatar\/7571c7c8ca3a6fca5e41384ece5557ff?s=96&r=g\",\"contentUrl\":\"https:\/\/secure.gravatar.com\/avatar\/7571c7c8ca3a6fca5e41384ece5557ff?s=96&r=g\",\"caption\":\"Laura Moutinho\"},\"description\":\"Estagi\u00e1ria na Suno Not\u00edcias, escreve not\u00edcias que afetam o mercado financeiro. Estuda administra\u00e7\u00e3o na Universidade Presbiteriana Mackenzie.\",\"url\":\"https:\/\/www.suno.com.br\/noticias\/author\/laura-moutinho\/\"}]}<\/script>\n<!-- \/ Yoast SEO plugin. -->","yoast_head_json":{"title":"Senado aprova texto-base da MP da Eletrobras (ELET3)","description":"O Senado acabou de aprovar o texto-base da MP que abre caminho para a privatiza\u00e7\u00e3o da Eletrobras (ELET3). Clique e saiba mais!","robots":{"index":"index","follow":"follow","max-snippet":"max-snippet:-1","max-image-preview":"max-image-preview:large","max-video-preview":"max-video-preview:-1"},"canonical":"https:\/\/www.suno.com.br\/noticias\/senado-aprova-texto-base-eletrobras-elet3-privatizacao\/","og_locale":"pt_BR","og_type":"article","og_title":"Senado aprova texto-base da MP da Eletrobras (ELET3)","og_description":"O Senado acabou de aprovar o texto-base da MP que abre caminho para a privatiza\u00e7\u00e3o da Eletrobras (ELET3). Clique e saiba mais!","og_url":"https:\/\/www.suno.com.br\/noticias\/senado-aprova-texto-base-eletrobras-elet3-privatizacao\/","og_site_name":"Suno Not\u00edcias","article_publisher":"https:\/\/facebook.com\/sunoresearch","og_image":[{"width":1200,"height":800,"url":"https:\/\/files.sunoresearch.com.br\/n\/uploads\/2021\/05\/d1a6d65e-eletrobras-05-1.jpg","type":"image\/jpeg"}],"author":"Laura Moutinho","twitter_card":"summary_large_image","twitter_creator":"@sunoresearch","twitter_site":"@sunoresearch","twitter_misc":{"Escrito por":"Laura Moutinho","Est. tempo de leitura":"5 minutos"},"schema":{"@context":"https:\/\/schema.org","@graph":[{"@type":"NewsArticle","@id":"https:\/\/www.suno.com.br\/noticias\/senado-aprova-texto-base-eletrobras-elet3-privatizacao\/#article","isPartOf":{"@id":"https:\/\/www.suno.com.br\/noticias\/senado-aprova-texto-base-eletrobras-elet3-privatizacao\/"},"author":{"name":"Laura Moutinho","@id":"https:\/\/www.suno.com.br\/noticias\/#\/schema\/person\/3df0d2808748b74496efe5dbeaef2c72"},"headline":"Senado aprova texto-base da MP da Eletrobras (ELET3)","datePublished":"2021-06-17T21:33:10+00:00","mainEntityOfPage":{"@id":"https:\/\/www.suno.com.br\/noticias\/senado-aprova-texto-base-eletrobras-elet3-privatizacao\/"},"wordCount":1055,"publisher":{"@id":"https:\/\/www.suno.com.br\/noticias\/#organization"},"image":{"@id":"https:\/\/www.suno.com.br\/noticias\/senado-aprova-texto-base-eletrobras-elet3-privatizacao\/#primaryimage"},"thumbnailUrl":"https:\/\/files.sunoresearch.com.br\/n\/uploads\/2021\/05\/d1a6d65e-eletrobras-05-1-jpg.webp","keywords":["Eletrobras (ELET3\/ELET5\/ELET6)","privatiza\u00e7\u00e3o da Eletrobras","Senado Federal"],"articleSection":["Neg\u00f3cios"],"inLanguage":"pt-BR"},{"@type":"WebPage","@id":"https:\/\/www.suno.com.br\/noticias\/senado-aprova-texto-base-eletrobras-elet3-privatizacao\/","url":"https:\/\/www.suno.com.br\/noticias\/senado-aprova-texto-base-eletrobras-elet3-privatizacao\/","name":"Senado aprova texto-base da MP da Eletrobras (ELET3)","isPartOf":{"@id":"https:\/\/www.suno.com.br\/noticias\/#website"},"primaryImageOfPage":{"@id":"https:\/\/www.suno.com.br\/noticias\/senado-aprova-texto-base-eletrobras-elet3-privatizacao\/#primaryimage"},"image":{"@id":"https:\/\/www.suno.com.br\/noticias\/senado-aprova-texto-base-eletrobras-elet3-privatizacao\/#primaryimage"},"thumbnailUrl":"https:\/\/files.sunoresearch.com.br\/n\/uploads\/2021\/05\/d1a6d65e-eletrobras-05-1-jpg.webp","datePublished":"2021-06-17T21:33:10+00:00","description":"O Senado acabou de aprovar o texto-base da MP que abre caminho para a privatiza\u00e7\u00e3o da Eletrobras (ELET3). Clique e saiba mais!","breadcrumb":{"@id":"https:\/\/www.suno.com.br\/noticias\/senado-aprova-texto-base-eletrobras-elet3-privatizacao\/#breadcrumb"},"inLanguage":"pt-BR","potentialAction":[{"@type":"ReadAction","target":["https:\/\/www.suno.com.br\/noticias\/senado-aprova-texto-base-eletrobras-elet3-privatizacao\/"]}]},{"@type":"ImageObject","inLanguage":"pt-BR","@id":"https:\/\/www.suno.com.br\/noticias\/senado-aprova-texto-base-eletrobras-elet3-privatizacao\/#primaryimage","url":"https:\/\/files.sunoresearch.com.br\/n\/uploads\/2021\/05\/d1a6d65e-eletrobras-05-1-jpg.webp","contentUrl":"https:\/\/files.sunoresearch.com.br\/n\/uploads\/2021\/05\/d1a6d65e-eletrobras-05-1-jpg.webp","width":1200,"height":800,"caption":"Funcion\u00e1rio Eletrobras (ELET3) em usina e\u00f3lica. Foto: Divulga\u00e7\u00e3o"},{"@type":"BreadcrumbList","@id":"https:\/\/www.suno.com.br\/noticias\/senado-aprova-texto-base-eletrobras-elet3-privatizacao\/#breadcrumb","itemListElement":[{"@type":"ListItem","position":1,"name":"Not\u00edcias","item":"https:\/\/www.suno.com.br\/noticias\/"},{"@type":"ListItem","position":2,"name":"Neg\u00f3cios","item":"https:\/\/www.suno.com.br\/noticias\/negocios\/"},{"@type":"ListItem","position":3,"name":"Senado aprova texto-base da MP da Eletrobras (ELET3)"}]},{"@type":"WebSite","@id":"https:\/\/www.suno.com.br\/noticias\/#website","url":"https:\/\/www.suno.com.br\/noticias\/","name":"Suno Not\u00edcias","description":"Seu portal de informa\u00e7\u00e3o sobre o mundo dos investimentos","publisher":{"@id":"https:\/\/www.suno.com.br\/noticias\/#organization"},"potentialAction":[{"@type":"SearchAction","target":{"@type":"EntryPoint","urlTemplate":"https:\/\/www.suno.com.br\/noticias\/?s={search_term_string}"},"query-input":{"@type":"PropertyValueSpecification","valueRequired":true,"valueName":"search_term_string"}}],"inLanguage":"pt-BR"},{"@type":"Organization","@id":"https:\/\/www.suno.com.br\/noticias\/#organization","name":"Suno Not\u00edcias","url":"https:\/\/www.suno.com.br\/noticias\/","logo":{"@type":"ImageObject","inLanguage":"pt-BR","@id":"https:\/\/www.suno.com.br\/noticias\/#\/schema\/logo\/image\/","url":"https:\/\/files.sunoresearch.com.br\/n\/uploads\/2021\/09\/suno-logo.png","contentUrl":"https:\/\/files.sunoresearch.com.br\/n\/uploads\/2021\/09\/suno-logo.png","width":180,"height":180,"caption":"Suno Not\u00edcias"},"image":{"@id":"https:\/\/www.suno.com.br\/noticias\/#\/schema\/logo\/image\/"},"sameAs":["https:\/\/facebook.com\/sunoresearch","https:\/\/x.com\/sunoresearch","https:\/\/www.instagram.com\/suno","https:\/\/www.linkedin.com\/company\/suno-research\/","https:\/\/www.youtube.com\/c\/sunoresearch"]},{"@type":"Person","@id":"https:\/\/www.suno.com.br\/noticias\/#\/schema\/person\/3df0d2808748b74496efe5dbeaef2c72","name":"Laura Moutinho","image":{"@type":"ImageObject","inLanguage":"pt-BR","@id":"https:\/\/www.suno.com.br\/noticias\/#\/schema\/person\/image\/","url":"https:\/\/secure.gravatar.com\/avatar\/7571c7c8ca3a6fca5e41384ece5557ff?s=96&r=g","contentUrl":"https:\/\/secure.gravatar.com\/avatar\/7571c7c8ca3a6fca5e41384ece5557ff?s=96&r=g","caption":"Laura Moutinho"},"description":"Estagi\u00e1ria na Suno Not\u00edcias, escreve not\u00edcias que afetam o mercado financeiro. Estuda administra\u00e7\u00e3o na Universidade Presbiteriana Mackenzie.","url":"https:\/\/www.suno.com.br\/noticias\/author\/laura-moutinho\/"}]}},"default_loop_html":"<div class=\"cardsPage__listCard__boxs\"><div class=\"cardsPage__listCard__boxs__img\"><a href=\"https:\/\/www.suno.com.br\/noticias\/mp-privatizacao-eletrobras-elet3-emendas-jabutis\/\"><img class=\"mask\" src=\"https:\/\/www.suno.com.br\/noticias\/wp-content\/themes\/suno\/resources\/images\/spotlight\/spotlight1img\/bg-mask.png\" alt=\"Image Mask\"\/><img src=\"https:\/\/files.sunoresearch.com.br\/n\/uploads\/2021\/05\/d1a6d65e-eletrobras-05-1-400x200.webp\" alt=\"MP da privatiza\u00e7\u00e3o da Eletrobras (ELET3) ser\u00e1 votada hoje; emendas s\u00e3o criticadas\"\/><\/a><span class=\"spotlightCategory\"><a href=\"https:\/\/www.suno.com.br\/noticias\/negocios\/\">Neg\u00f3cios<\/a><\/span><\/div><div class=\"cardsPage__listCard__boxs__content\"><a href=\"https:\/\/www.suno.com.br\/noticias\/mp-privatizacao-eletrobras-elet3-emendas-jabutis\/\"><h2 class=\"content__title\">MP da privatiza\u00e7\u00e3o da Eletrobras (ELET3) ser\u00e1 votada hoje; emendas s\u00e3o criticadas<\/h2><\/a><div class=\"newsContent__article__meta\"><div class=\"newsContent__article__meta__authorBox\"><a href=\"https:\/\/www.suno.com.br\/noticias\/author\/jader-lazarini\/\" class=\"authorBox__avatar noMobi\"><img src=\"https:\/\/files.sunoresearch.com.br\/n\/uploads\/2021\/01\/178e6598-foto-perfil-2-150x150.jpg\" alt=\"Jader Lazarini\"><\/a><div class=\"authorBox__name\"><span>por\n\t\t\t<a href=\"https:\/\/www.suno.com.br\/noticias\/author\/jader-lazarini\/\"><span itemprop=\"author\">Jader Lazarini<\/span><\/a><\/span><time datetime=\"2021-06-17T09:02:18-03:00\" itemprop=\"datePublished\">17\/06\/2021 09:02<\/time><\/div><\/div><\/div><\/div><\/div>","single_layout":"posts","amp_enabled":true,"_links":{"self":[{"href":"https:\/\/www.suno.com.br\/noticias\/wp-json\/wp\/v2\/posts\/159050"}],"collection":[{"href":"https:\/\/www.suno.com.br\/noticias\/wp-json\/wp\/v2\/posts"}],"about":[{"href":"https:\/\/www.suno.com.br\/noticias\/wp-json\/wp\/v2\/types\/post"}],"author":[{"embeddable":true,"href":"https:\/\/www.suno.com.br\/noticias\/wp-json\/wp\/v2\/users\/39"}],"replies":[{"embeddable":true,"href":"https:\/\/www.suno.com.br\/noticias\/wp-json\/wp\/v2\/comments?post=159050"}],"version-history":[{"count":2,"href":"https:\/\/www.suno.com.br\/noticias\/wp-json\/wp\/v2\/posts\/159050\/revisions"}],"predecessor-version":[{"id":159054,"href":"https:\/\/www.suno.com.br\/noticias\/wp-json\/wp\/v2\/posts\/159050\/revisions\/159054"}],"wp:featuredmedia":[{"embeddable":true,"href":"https:\/\/www.suno.com.br\/noticias\/wp-json\/wp\/v2\/media\/150268"}],"wp:attachment":[{"href":"https:\/\/www.suno.com.br\/noticias\/wp-json\/wp\/v2\/media?parent=159050"}],"wp:term":[{"taxonomy":"category","embeddable":true,"href":"https:\/\/www.suno.com.br\/noticias\/wp-json\/wp\/v2\/categories?post=159050"},{"taxonomy":"post_tag","embeddable":true,"href":"https:\/\/www.suno.com.br\/noticias\/wp-json\/wp\/v2\/tags?post=159050"},{"taxonomy":"suno_strategy","embeddable":true,"href":"https:\/\/www.suno.com.br\/noticias\/wp-json\/wp\/v2\/suno_strategy?post=159050"}],"curies":[{"name":"wp","href":"https:\/\/api.w.org\/{rel}","templated":true}]}}