{"id":15901,"date":"2019-02-19T19:46:36","date_gmt":"2019-02-19T22:46:36","guid":{"rendered":"https:\/\/www.suno.com.br\/noticias\/?p=15901"},"modified":"2019-02-19T19:47:04","modified_gmt":"2019-02-19T22:47:04","slug":"justica-solta-presidente-da-cni","status":"publish","type":"post","link":"https:\/\/www.suno.com.br\/noticias\/justica-solta-presidente-da-cni\/","title":{"rendered":"Justi\u00e7a solta presidente da CNI"},"content":{"rendered":"<p>A <strong>Justi\u00e7a federal<\/strong> de <strong>Pernambuco<\/strong> determinou a libera\u00e7\u00e3o do presidente da CNI, <strong>Robson Braga de Andrade<\/strong>. A decis\u00e3o de liberar Andrade chegou ap\u00f3s um pedido da <strong>Pol\u00edcia Federal<\/strong>. Al\u00e9m dele foram liberados outro 4 presos.<\/p>\t<div class=\"wrapper-featured-image\">\n\t\t<figure class=\"spotlightImg\">\n\n\t\t\t<picture>\n\t\t\t\t<source media=\"(max-width: 768px)\" srcset=\"https:\/\/files.sunoresearch.com.br\/n\/uploads\/2019\/02\/3b4b04fe-presidente-da-cni-400x200.webp\">\n\t\t\t\t<img loading=\"lazy\" decoding=\"async\" class=\"newsContent__article__imgCapa lazyloadDisabled newsContent__article__imgCapa--noCaption\" src=\"https:\/\/files.sunoresearch.com.br\/n\/uploads\/2019\/02\/3b4b04fe-presidente-da-cni-jpg.webp\" width=\"800\" height=\"450\" alt=\"Justi\u00e7a solta presidente da CNI\" fetchpriority=high \/>\n\t\t\t<\/picture>\n\n\t\t\t<figcaption class=\"wp-caption-text wp-caption-text--hide\">Presidente da CNI<\/figcaption>\n\t\t<\/figure>\n\t<\/div>\n\n\n<p>O\u00a0presidente da <strong>Confedera\u00e7\u00e3o Nacional da Ind\u00fastria (CNI),<\/strong> tinha sido preso na manha desta\u00a0ter\u00e7a-feira (19) pela pr\u00f3pria <strong>PF.<\/strong>\u00a0Robson Braga de Andrade \u00e9 suspeito de estar envolvido em um esquema de <strong>corrup\u00e7\u00e3o.<\/strong><\/p>\n<h2>Opera\u00e7\u00e3o Fantoche<\/h2>\n<p>O presidente da <strong>CNI<\/strong> foi alvo da <strong>Opera\u00e7\u00e3o Fantoche,<\/strong> deflagrada contra supostas fraudes no <strong>&#8220;Sistema<\/strong> <strong>S<\/strong>&#8221; e no <strong>Minist\u00e9rio do Turismo.<\/strong>\u00a0O presidente da <strong>CNI<\/strong> foi preso em <strong>S\u00e3o Paulo<\/strong> e teve a pris\u00e3o tempor\u00e1ria decretada por cinco dias.\u00a0Segundo informa\u00e7\u00f5es da Justi\u00e7a, a <strong>PF<\/strong> pediu a soltura de Andrade ap\u00f3s a conclus\u00e3o de buscas e apreens\u00f5es em endere\u00e7os ligados a ele e outros investigados.<\/p>\n<p><a href=\"https:\/\/www.suno.com.br\/noticias\/pf-prende-presidente-cni-suspeita-corrupcao\/\">Saiba mais:\u00a0PF prende presidente da CNI por suspeita de corrup\u00e7\u00e3o em Sistema S\u00a0<\/a><\/p>\n<p>Foram expedidos mandados de pris\u00e3o dos presidentes das <strong>Federa\u00e7\u00f5es das Ind\u00fastrias<\/strong> dos estados de Pernambuco, Alagoas e Para\u00edba. Al\u00e9m disso, empres\u00e1rios e advogados tamb\u00e9m foram presos.<\/p>\n<h2>PF cumpre 40 mandatos de pris\u00e3o<\/h2>\n<p>A <strong>PF<\/strong> cumpriu outros 40 mandados de busca e apreens\u00e3o no Distrito Federal, Pernambuco, S\u00e3o Paulo, Para\u00edba, Mato Grosso do Sul, Minas Gerais e Alagoas.\u00a0A 4\u00aa Vara Federal da Se\u00e7\u00e3o Judici\u00e1ria de Pernambuco, que autorizou as pris\u00f5es, tamb\u00e9m decretou o sequestro e bloqueio de bens e valores dos investigados.<\/p>\n<p>Entre os atos il\u00edcitos investigados est\u00e3o crimes contra a administra\u00e7\u00e3o p\u00fablica, fraudes licitat\u00f3rias, associa\u00e7\u00e3o criminosa e lavagem de ativos.\u00a0Entre os presos est\u00e1 o empres\u00e1rio Luiz Ot\u00e1vio Gomes Vieira da Silva, um dos donos da Alian\u00e7a Comunica\u00e7\u00e3o, que que j\u00e1 tinha sido preso em 2013 na Opera\u00e7\u00e3o Esopo.<\/p>\n<p>Segundo os investigadores, um grupo de empresas controladas pela mesma fam\u00edlia executou contratos de conv\u00eanios desde 2002 com o Minist\u00e9rio e com as entidades. No total, o esquema movimentou mais de R$ 400 milh\u00f5es.<\/p>\n<p>Segundo o <strong>Tribunal de Contas da Uni\u00e3o (TCU),<\/strong> empresas sem fins lucrativos eram utilizadas para justificar os contratos e conv\u00eanios. O esquema envolvia em sua maioria a execu\u00e7\u00e3o de eventos culturais e publicidade superfaturando contratos. Um desses eventos, realizado pelo <strong>SESI,<\/strong> e chamado de\u00a0Bonecos do Mundo, deu o nome para a opera\u00e7\u00e3o. A idealizadora do evento, Lina Rosa Gomes, tamb\u00e9m foi alvo de mandato de pris\u00e3o.\u00a0Al\u00e9m disso, a <strong>PF<\/strong> apontou como os contratos tamb\u00e9m eram\u00a0inconclusos e os recursos desviados atrav\u00e9s de empresas de fachada.<\/p>\n<p>A <strong>CNI<\/strong> \u00e9 o \u00f3rg\u00e3o que representa o setor industrial no Brasil.<\/p>\n","protected":false},"excerpt":{"rendered":"<p>A Justi\u00e7a federal de Pernambuco determinou a libera\u00e7\u00e3o do presidente da CNI, Robson Braga de Andrade. A decis\u00e3o de liberar Andrade chegou ap\u00f3s um pedido da Pol\u00edcia Federal. Al\u00e9m dele foram liberados outro 4 presos. Presidente da CNI O\u00a0presidente da Confedera\u00e7\u00e3o Nacional da Ind\u00fastria (CNI), tinha sido preso na manha desta\u00a0ter\u00e7a-feira (19) pela pr\u00f3pria PF.\u00a0Robson [&hellip;]<\/p>\n","protected":false},"author":9,"featured_media":15935,"comment_status":"closed","ping_status":"closed","sticky":false,"template":"","format":"standard","meta":[],"categories":[60],"tags":[878,845],"suno_strategy":[],"class_list":["post-15901","post","type-post","status-publish","format-standard","has-post-thumbnail","hentry","category-mercado","tag-cni","tag-policia-federal"],"yoast_head":"<!-- This site is optimized with the Yoast SEO plugin v24.4 - https:\/\/yoast.com\/wordpress\/plugins\/seo\/ -->\n<title>Justi\u00e7a solta presidente da CNI Robson Andrade a pedido da PF<\/title>\n<meta name=\"description\" content=\"A Justi\u00e7a federal de Pernambuco determinou a libera\u00e7\u00e3o do presidente da CNI, Robson Braga de Andrade. Clique aqui para saber mais.\" \/>\n<meta name=\"robots\" content=\"index, follow, max-snippet:-1, max-image-preview:large, max-video-preview:-1\" \/>\n<link rel=\"canonical\" href=\"https:\/\/www.suno.com.br\/noticias\/justica-solta-presidente-da-cni\/\" \/>\n<meta property=\"og:locale\" content=\"pt_BR\" \/>\n<meta property=\"og:type\" content=\"article\" \/>\n<meta property=\"og:title\" content=\"Justi\u00e7a solta presidente da CNI Robson Andrade a pedido da PF\" \/>\n<meta property=\"og:description\" content=\"A Justi\u00e7a federal de Pernambuco determinou a libera\u00e7\u00e3o do presidente da CNI, Robson Braga de Andrade. Clique aqui para saber mais.\" \/>\n<meta property=\"og:url\" content=\"https:\/\/www.suno.com.br\/noticias\/justica-solta-presidente-da-cni\/\" \/>\n<meta property=\"og:site_name\" content=\"Suno Not\u00edcias\" \/>\n<meta property=\"article:publisher\" content=\"https:\/\/facebook.com\/sunoresearch\" \/>\n<meta property=\"og:image\" content=\"https:\/\/files.sunoresearch.com.br\/n\/uploads\/2019\/02\/3b4b04fe-presidente-da-cni.jpg\" \/>\n\t<meta property=\"og:image:width\" content=\"650\" \/>\n\t<meta property=\"og:image:height\" content=\"320\" \/>\n\t<meta property=\"og:image:type\" content=\"image\/jpeg\" \/>\n<meta name=\"author\" content=\"Carlo Cauti\" \/>\n<meta name=\"twitter:card\" content=\"summary_large_image\" \/>\n<meta name=\"twitter:creator\" content=\"@sunoresearch\" \/>\n<meta name=\"twitter:site\" content=\"@sunoresearch\" \/>\n<meta name=\"twitter:label1\" content=\"Escrito por\" \/>\n\t<meta name=\"twitter:data1\" content=\"Carlo Cauti\" \/>\n\t<meta name=\"twitter:label2\" content=\"Est. tempo de leitura\" \/>\n\t<meta name=\"twitter:data2\" content=\"2 minutos\" \/>\n<script type=\"application\/ld+json\" class=\"yoast-schema-graph\">{\"@context\":\"https:\/\/schema.org\",\"@graph\":[{\"@type\":\"NewsArticle\",\"@id\":\"https:\/\/www.suno.com.br\/noticias\/justica-solta-presidente-da-cni\/#article\",\"isPartOf\":{\"@id\":\"https:\/\/www.suno.com.br\/noticias\/justica-solta-presidente-da-cni\/\"},\"author\":{\"name\":\"Carlo Cauti\",\"@id\":\"https:\/\/www.suno.com.br\/noticias\/#\/schema\/person\/e6e0f723cc177805027f4566c1d5e0c8\"},\"headline\":\"Justi\u00e7a solta presidente da CNI\",\"datePublished\":\"2019-02-19T22:46:36+00:00\",\"dateModified\":\"2019-02-19T22:47:04+00:00\",\"mainEntityOfPage\":{\"@id\":\"https:\/\/www.suno.com.br\/noticias\/justica-solta-presidente-da-cni\/\"},\"wordCount\":472,\"publisher\":{\"@id\":\"https:\/\/www.suno.com.br\/noticias\/#organization\"},\"image\":{\"@id\":\"https:\/\/www.suno.com.br\/noticias\/justica-solta-presidente-da-cni\/#primaryimage\"},\"thumbnailUrl\":\"https:\/\/files.sunoresearch.com.br\/n\/uploads\/2019\/02\/3b4b04fe-presidente-da-cni-jpg.webp\",\"keywords\":[\"CNI\",\"Pol\u00edcia Federal\"],\"articleSection\":[\"Mercado\"],\"inLanguage\":\"pt-BR\"},{\"@type\":\"WebPage\",\"@id\":\"https:\/\/www.suno.com.br\/noticias\/justica-solta-presidente-da-cni\/\",\"url\":\"https:\/\/www.suno.com.br\/noticias\/justica-solta-presidente-da-cni\/\",\"name\":\"Justi\u00e7a solta presidente da CNI Robson Andrade a pedido da PF\",\"isPartOf\":{\"@id\":\"https:\/\/www.suno.com.br\/noticias\/#website\"},\"primaryImageOfPage\":{\"@id\":\"https:\/\/www.suno.com.br\/noticias\/justica-solta-presidente-da-cni\/#primaryimage\"},\"image\":{\"@id\":\"https:\/\/www.suno.com.br\/noticias\/justica-solta-presidente-da-cni\/#primaryimage\"},\"thumbnailUrl\":\"https:\/\/files.sunoresearch.com.br\/n\/uploads\/2019\/02\/3b4b04fe-presidente-da-cni-jpg.webp\",\"datePublished\":\"2019-02-19T22:46:36+00:00\",\"dateModified\":\"2019-02-19T22:47:04+00:00\",\"description\":\"A Justi\u00e7a federal de Pernambuco determinou a libera\u00e7\u00e3o do presidente da CNI, Robson Braga de Andrade. Clique aqui para saber mais.\",\"breadcrumb\":{\"@id\":\"https:\/\/www.suno.com.br\/noticias\/justica-solta-presidente-da-cni\/#breadcrumb\"},\"inLanguage\":\"pt-BR\",\"potentialAction\":[{\"@type\":\"ReadAction\",\"target\":[\"https:\/\/www.suno.com.br\/noticias\/justica-solta-presidente-da-cni\/\"]}]},{\"@type\":\"ImageObject\",\"inLanguage\":\"pt-BR\",\"@id\":\"https:\/\/www.suno.com.br\/noticias\/justica-solta-presidente-da-cni\/#primaryimage\",\"url\":\"https:\/\/files.sunoresearch.com.br\/n\/uploads\/2019\/02\/3b4b04fe-presidente-da-cni-jpg.webp\",\"contentUrl\":\"https:\/\/files.sunoresearch.com.br\/n\/uploads\/2019\/02\/3b4b04fe-presidente-da-cni-jpg.webp\",\"width\":650,\"height\":320,\"caption\":\"Presidente da CNI\"},{\"@type\":\"BreadcrumbList\",\"@id\":\"https:\/\/www.suno.com.br\/noticias\/justica-solta-presidente-da-cni\/#breadcrumb\",\"itemListElement\":[{\"@type\":\"ListItem\",\"position\":1,\"name\":\"Not\u00edcias\",\"item\":\"https:\/\/www.suno.com.br\/noticias\/\"},{\"@type\":\"ListItem\",\"position\":2,\"name\":\"Mercado\",\"item\":\"https:\/\/www.suno.com.br\/noticias\/mercado\/\"},{\"@type\":\"ListItem\",\"position\":3,\"name\":\"Justi\u00e7a solta presidente da CNI\"}]},{\"@type\":\"WebSite\",\"@id\":\"https:\/\/www.suno.com.br\/noticias\/#website\",\"url\":\"https:\/\/www.suno.com.br\/noticias\/\",\"name\":\"Suno Not\u00edcias\",\"description\":\"Seu portal de informa\u00e7\u00e3o sobre o mundo dos investimentos\",\"publisher\":{\"@id\":\"https:\/\/www.suno.com.br\/noticias\/#organization\"},\"potentialAction\":[{\"@type\":\"SearchAction\",\"target\":{\"@type\":\"EntryPoint\",\"urlTemplate\":\"https:\/\/www.suno.com.br\/noticias\/?s={search_term_string}\"},\"query-input\":{\"@type\":\"PropertyValueSpecification\",\"valueRequired\":true,\"valueName\":\"search_term_string\"}}],\"inLanguage\":\"pt-BR\"},{\"@type\":\"Organization\",\"@id\":\"https:\/\/www.suno.com.br\/noticias\/#organization\",\"name\":\"Suno Not\u00edcias\",\"url\":\"https:\/\/www.suno.com.br\/noticias\/\",\"logo\":{\"@type\":\"ImageObject\",\"inLanguage\":\"pt-BR\",\"@id\":\"https:\/\/www.suno.com.br\/noticias\/#\/schema\/logo\/image\/\",\"url\":\"https:\/\/files.sunoresearch.com.br\/n\/uploads\/2021\/09\/suno-logo.png\",\"contentUrl\":\"https:\/\/files.sunoresearch.com.br\/n\/uploads\/2021\/09\/suno-logo.png\",\"width\":180,\"height\":180,\"caption\":\"Suno Not\u00edcias\"},\"image\":{\"@id\":\"https:\/\/www.suno.com.br\/noticias\/#\/schema\/logo\/image\/\"},\"sameAs\":[\"https:\/\/facebook.com\/sunoresearch\",\"https:\/\/x.com\/sunoresearch\",\"https:\/\/www.instagram.com\/suno\",\"https:\/\/www.linkedin.com\/company\/suno-research\/\",\"https:\/\/www.youtube.com\/c\/sunoresearch\"]},{\"@type\":\"Person\",\"@id\":\"https:\/\/www.suno.com.br\/noticias\/#\/schema\/person\/e6e0f723cc177805027f4566c1d5e0c8\",\"name\":\"Carlo Cauti\",\"image\":{\"@type\":\"ImageObject\",\"inLanguage\":\"pt-BR\",\"@id\":\"https:\/\/www.suno.com.br\/noticias\/#\/schema\/person\/image\/\",\"url\":\"https:\/\/secure.gravatar.com\/avatar\/3ada9e0bd164c23abd4792a9606d583c?s=96&r=g\",\"contentUrl\":\"https:\/\/secure.gravatar.com\/avatar\/3ada9e0bd164c23abd4792a9606d583c?s=96&r=g\",\"caption\":\"Carlo Cauti\"},\"description\":\"Editor multim\u00eddia do SUNO Not\u00edcias. Italiano, formado em Ci\u00eancias Pol\u00edticas pela universidade LUISS G. Carli de Roma e mestre cum laude em Rela\u00e7\u00f5es Internacionais, Jornalismo Internacional e de Guerra e em Economia Internacional. Concluiu tamb\u00e9m um MBA em Finan\u00e7as na B3. No Brasil, teve passagem por ve\u00edculos como Estad\u00e3o, Globo, Veja e EXAME. e nas ag\u00eancias de not\u00edcias italianas ANSA e NOVA.\",\"url\":\"https:\/\/www.suno.com.br\/noticias\/author\/carlo-cauti\/\"}]}<\/script>\n<!-- \/ Yoast SEO plugin. -->","yoast_head_json":{"title":"Justi\u00e7a solta presidente da CNI Robson Andrade a pedido da PF","description":"A Justi\u00e7a federal de Pernambuco determinou a libera\u00e7\u00e3o do presidente da CNI, Robson Braga de Andrade. Clique aqui para saber mais.","robots":{"index":"index","follow":"follow","max-snippet":"max-snippet:-1","max-image-preview":"max-image-preview:large","max-video-preview":"max-video-preview:-1"},"canonical":"https:\/\/www.suno.com.br\/noticias\/justica-solta-presidente-da-cni\/","og_locale":"pt_BR","og_type":"article","og_title":"Justi\u00e7a solta presidente da CNI Robson Andrade a pedido da PF","og_description":"A Justi\u00e7a federal de Pernambuco determinou a libera\u00e7\u00e3o do presidente da CNI, Robson Braga de Andrade. Clique aqui para saber mais.","og_url":"https:\/\/www.suno.com.br\/noticias\/justica-solta-presidente-da-cni\/","og_site_name":"Suno Not\u00edcias","article_publisher":"https:\/\/facebook.com\/sunoresearch","og_image":[{"width":650,"height":320,"url":"https:\/\/files.sunoresearch.com.br\/n\/uploads\/2019\/02\/3b4b04fe-presidente-da-cni.jpg","type":"image\/jpeg"}],"author":"Carlo Cauti","twitter_card":"summary_large_image","twitter_creator":"@sunoresearch","twitter_site":"@sunoresearch","twitter_misc":{"Escrito por":"Carlo Cauti","Est. tempo de leitura":"2 minutos"},"schema":{"@context":"https:\/\/schema.org","@graph":[{"@type":"NewsArticle","@id":"https:\/\/www.suno.com.br\/noticias\/justica-solta-presidente-da-cni\/#article","isPartOf":{"@id":"https:\/\/www.suno.com.br\/noticias\/justica-solta-presidente-da-cni\/"},"author":{"name":"Carlo Cauti","@id":"https:\/\/www.suno.com.br\/noticias\/#\/schema\/person\/e6e0f723cc177805027f4566c1d5e0c8"},"headline":"Justi\u00e7a solta presidente da CNI","datePublished":"2019-02-19T22:46:36+00:00","dateModified":"2019-02-19T22:47:04+00:00","mainEntityOfPage":{"@id":"https:\/\/www.suno.com.br\/noticias\/justica-solta-presidente-da-cni\/"},"wordCount":472,"publisher":{"@id":"https:\/\/www.suno.com.br\/noticias\/#organization"},"image":{"@id":"https:\/\/www.suno.com.br\/noticias\/justica-solta-presidente-da-cni\/#primaryimage"},"thumbnailUrl":"https:\/\/files.sunoresearch.com.br\/n\/uploads\/2019\/02\/3b4b04fe-presidente-da-cni-jpg.webp","keywords":["CNI","Pol\u00edcia Federal"],"articleSection":["Mercado"],"inLanguage":"pt-BR"},{"@type":"WebPage","@id":"https:\/\/www.suno.com.br\/noticias\/justica-solta-presidente-da-cni\/","url":"https:\/\/www.suno.com.br\/noticias\/justica-solta-presidente-da-cni\/","name":"Justi\u00e7a solta presidente da CNI Robson Andrade a pedido da PF","isPartOf":{"@id":"https:\/\/www.suno.com.br\/noticias\/#website"},"primaryImageOfPage":{"@id":"https:\/\/www.suno.com.br\/noticias\/justica-solta-presidente-da-cni\/#primaryimage"},"image":{"@id":"https:\/\/www.suno.com.br\/noticias\/justica-solta-presidente-da-cni\/#primaryimage"},"thumbnailUrl":"https:\/\/files.sunoresearch.com.br\/n\/uploads\/2019\/02\/3b4b04fe-presidente-da-cni-jpg.webp","datePublished":"2019-02-19T22:46:36+00:00","dateModified":"2019-02-19T22:47:04+00:00","description":"A Justi\u00e7a federal de Pernambuco determinou a libera\u00e7\u00e3o do presidente da CNI, Robson Braga de Andrade. Clique aqui para saber mais.","breadcrumb":{"@id":"https:\/\/www.suno.com.br\/noticias\/justica-solta-presidente-da-cni\/#breadcrumb"},"inLanguage":"pt-BR","potentialAction":[{"@type":"ReadAction","target":["https:\/\/www.suno.com.br\/noticias\/justica-solta-presidente-da-cni\/"]}]},{"@type":"ImageObject","inLanguage":"pt-BR","@id":"https:\/\/www.suno.com.br\/noticias\/justica-solta-presidente-da-cni\/#primaryimage","url":"https:\/\/files.sunoresearch.com.br\/n\/uploads\/2019\/02\/3b4b04fe-presidente-da-cni-jpg.webp","contentUrl":"https:\/\/files.sunoresearch.com.br\/n\/uploads\/2019\/02\/3b4b04fe-presidente-da-cni-jpg.webp","width":650,"height":320,"caption":"Presidente da CNI"},{"@type":"BreadcrumbList","@id":"https:\/\/www.suno.com.br\/noticias\/justica-solta-presidente-da-cni\/#breadcrumb","itemListElement":[{"@type":"ListItem","position":1,"name":"Not\u00edcias","item":"https:\/\/www.suno.com.br\/noticias\/"},{"@type":"ListItem","position":2,"name":"Mercado","item":"https:\/\/www.suno.com.br\/noticias\/mercado\/"},{"@type":"ListItem","position":3,"name":"Justi\u00e7a solta presidente da CNI"}]},{"@type":"WebSite","@id":"https:\/\/www.suno.com.br\/noticias\/#website","url":"https:\/\/www.suno.com.br\/noticias\/","name":"Suno Not\u00edcias","description":"Seu portal de informa\u00e7\u00e3o sobre o mundo dos investimentos","publisher":{"@id":"https:\/\/www.suno.com.br\/noticias\/#organization"},"potentialAction":[{"@type":"SearchAction","target":{"@type":"EntryPoint","urlTemplate":"https:\/\/www.suno.com.br\/noticias\/?s={search_term_string}"},"query-input":{"@type":"PropertyValueSpecification","valueRequired":true,"valueName":"search_term_string"}}],"inLanguage":"pt-BR"},{"@type":"Organization","@id":"https:\/\/www.suno.com.br\/noticias\/#organization","name":"Suno Not\u00edcias","url":"https:\/\/www.suno.com.br\/noticias\/","logo":{"@type":"ImageObject","inLanguage":"pt-BR","@id":"https:\/\/www.suno.com.br\/noticias\/#\/schema\/logo\/image\/","url":"https:\/\/files.sunoresearch.com.br\/n\/uploads\/2021\/09\/suno-logo.png","contentUrl":"https:\/\/files.sunoresearch.com.br\/n\/uploads\/2021\/09\/suno-logo.png","width":180,"height":180,"caption":"Suno Not\u00edcias"},"image":{"@id":"https:\/\/www.suno.com.br\/noticias\/#\/schema\/logo\/image\/"},"sameAs":["https:\/\/facebook.com\/sunoresearch","https:\/\/x.com\/sunoresearch","https:\/\/www.instagram.com\/suno","https:\/\/www.linkedin.com\/company\/suno-research\/","https:\/\/www.youtube.com\/c\/sunoresearch"]},{"@type":"Person","@id":"https:\/\/www.suno.com.br\/noticias\/#\/schema\/person\/e6e0f723cc177805027f4566c1d5e0c8","name":"Carlo Cauti","image":{"@type":"ImageObject","inLanguage":"pt-BR","@id":"https:\/\/www.suno.com.br\/noticias\/#\/schema\/person\/image\/","url":"https:\/\/secure.gravatar.com\/avatar\/3ada9e0bd164c23abd4792a9606d583c?s=96&r=g","contentUrl":"https:\/\/secure.gravatar.com\/avatar\/3ada9e0bd164c23abd4792a9606d583c?s=96&r=g","caption":"Carlo Cauti"},"description":"Editor multim\u00eddia do SUNO Not\u00edcias. Italiano, formado em Ci\u00eancias Pol\u00edticas pela universidade LUISS G. Carli de Roma e mestre cum laude em Rela\u00e7\u00f5es Internacionais, Jornalismo Internacional e de Guerra e em Economia Internacional. Concluiu tamb\u00e9m um MBA em Finan\u00e7as na B3. No Brasil, teve passagem por ve\u00edculos como Estad\u00e3o, Globo, Veja e EXAME. e nas ag\u00eancias de not\u00edcias italianas ANSA e NOVA.","url":"https:\/\/www.suno.com.br\/noticias\/author\/carlo-cauti\/"}]}},"default_loop_html":"<div class=\"cardsPage__listCard__boxs\"><div class=\"cardsPage__listCard__boxs__img\"><a href=\"https:\/\/www.suno.com.br\/noticias\/justica-solta-presidente-da-cni\/\"><img class=\"mask\" src=\"https:\/\/www.suno.com.br\/noticias\/wp-content\/themes\/suno\/resources\/images\/spotlight\/spotlight1img\/bg-mask.png\" alt=\"Image Mask\"\/><img src=\"https:\/\/files.sunoresearch.com.br\/n\/uploads\/2019\/02\/3b4b04fe-presidente-da-cni-400x200.webp\" alt=\"Justi\u00e7a solta presidente da CNI\"\/><\/a><span class=\"spotlightCategory\"><a href=\"https:\/\/www.suno.com.br\/noticias\/mercado\/\">Mercado<\/a><\/span><\/div><div class=\"cardsPage__listCard__boxs__content\"><a href=\"https:\/\/www.suno.com.br\/noticias\/justica-solta-presidente-da-cni\/\"><h2 class=\"content__title\">Justi\u00e7a solta presidente da CNI<\/h2><\/a><div class=\"newsContent__article__meta\"><div class=\"newsContent__article__meta__authorBox\"><a href=\"https:\/\/www.suno.com.br\/noticias\/author\/carlo-cauti\/\" class=\"authorBox__avatar noMobi\"><img src=\"https:\/\/files.sunoresearch.com.br\/n\/uploads\/2020\/08\/e3745f9a-perfil-carlo-cauti-150x150.webp\" alt=\"Carlo Cauti\"><\/a><div class=\"authorBox__name\"><span>por\n\t\t\t<a href=\"https:\/\/www.suno.com.br\/noticias\/author\/carlo-cauti\/\"><span itemprop=\"author\">Carlo Cauti<\/span><\/a><\/span><time datetime=\"2019-02-19T19:46:36-03:00\" itemprop=\"datePublished\">19\/02\/2019 19:46<\/time><\/div><\/div><\/div><\/div><\/div>","single_layout":"posts","amp_enabled":true,"_links":{"self":[{"href":"https:\/\/www.suno.com.br\/noticias\/wp-json\/wp\/v2\/posts\/15901"}],"collection":[{"href":"https:\/\/www.suno.com.br\/noticias\/wp-json\/wp\/v2\/posts"}],"about":[{"href":"https:\/\/www.suno.com.br\/noticias\/wp-json\/wp\/v2\/types\/post"}],"author":[{"embeddable":true,"href":"https:\/\/www.suno.com.br\/noticias\/wp-json\/wp\/v2\/users\/9"}],"replies":[{"embeddable":true,"href":"https:\/\/www.suno.com.br\/noticias\/wp-json\/wp\/v2\/comments?post=15901"}],"version-history":[{"count":0,"href":"https:\/\/www.suno.com.br\/noticias\/wp-json\/wp\/v2\/posts\/15901\/revisions"}],"wp:featuredmedia":[{"embeddable":true,"href":"https:\/\/www.suno.com.br\/noticias\/wp-json\/wp\/v2\/media\/15935"}],"wp:attachment":[{"href":"https:\/\/www.suno.com.br\/noticias\/wp-json\/wp\/v2\/media?parent=15901"}],"wp:term":[{"taxonomy":"category","embeddable":true,"href":"https:\/\/www.suno.com.br\/noticias\/wp-json\/wp\/v2\/categories?post=15901"},{"taxonomy":"post_tag","embeddable":true,"href":"https:\/\/www.suno.com.br\/noticias\/wp-json\/wp\/v2\/tags?post=15901"},{"taxonomy":"suno_strategy","embeddable":true,"href":"https:\/\/www.suno.com.br\/noticias\/wp-json\/wp\/v2\/suno_strategy?post=15901"}],"curies":[{"name":"wp","href":"https:\/\/api.w.org\/{rel}","templated":true}]}}