{"id":158628,"date":"2021-06-16T18:44:32","date_gmt":"2021-06-16T21:44:32","guid":{"rendered":"https:\/\/www.suno.com.br\/noticias\/?p=158628"},"modified":"2021-06-16T18:56:20","modified_gmt":"2021-06-16T21:56:20","slug":"copom-eleva-selic-16062021","status":"publish","type":"post","link":"https:\/\/www.suno.com.br\/noticias\/copom-eleva-selic-16062021\/","title":{"rendered":"Copom eleva Selic em 0,75 pontos percentual e taxa chega em 4,25% ao ano"},"content":{"rendered":"<p>O <a href=\"https:\/\/www.suno.com.br\/artigos\/copom\/\">Comit\u00ea de Pol\u00edtica Monet\u00e1ria (Copom)<\/a> do <a href=\"https:\/\/www.suno.com.br\/artigos\/bacen\/\">Banco Central (BC)<\/a> decidiu nesta quarta-feira (16) elevar a <a href=\"https:\/\/www.suno.com.br\/artigos\/taxa-de-juros\/\">taxa b\u00e1sica de juros (<strong>Selic<\/strong>)<\/a> em 0,75 ponto percentual, chegando a 4,25% ao ano.<\/p>\t<div class=\"wrapper-featured-image\">\n\t\t<figure class=\"spotlightImg\">\n\n\t\t\t<picture>\n\t\t\t\t<source media=\"(max-width: 768px)\" srcset=\"https:\/\/files.sunoresearch.com.br\/n\/uploads\/2021\/06\/0310b5f0-49964064697_040ade0f3c_k-400x200.webp\">\n\t\t\t\t<img loading=\"lazy\" decoding=\"async\" class=\"newsContent__article__imgCapa lazyloadDisabled \" src=\"https:\/\/files.sunoresearch.com.br\/n\/uploads\/2021\/06\/0310b5f0-49964064697_040ade0f3c_k-800x450.webp\" width=\"800\" height=\"450\" alt=\"Copom eleva Selic em 0,75 pontos percentual e taxa chega em 4,25% ao ano\" fetchpriority=high \/>\n\t\t\t<\/picture>\n\n\t\t\t<figcaption class=\"wp-caption-text wp-caption-text--show\">Segundo O BC, todo relacionamento do cidad\u00e3o com o servi\u00e7o ser\u00e1 feito pela nova p\u00e1gina, e n\u00e3o ser\u00e1 poss\u00edvel acessar o sistema pelo site principal do \u00f3rg\u00e3o. Foto: Leonardo S\u00e1 Ag\u00eancia Senado<\/figcaption>\n\t\t<\/figure>\n\t<\/div>\n\n\n\t<p>\n\t\t<a href=\"https:\/\/lp.suno.com.br\/planilha-controle-gastos\/\" target=\"_blank\" data-element=\"shortcode-suno-banner\" title=\"Banner SUNO, clique e saiba mais\">\n\t\t\t<picture>\n\t\t\t\t<source media=\"(max-width: 500px)\" srcset=\"https:\/\/files.sunoresearch.com.br\/n\/uploads\/2023\/03\/400x300-Planilha-controle-de-gastos.png\">\n\t\t\t\t<img class=\"newsContent__article__imgCapa newsContent__article__imgCapa--banner\"\n\t\t\t\t\tsrc=\"https:\/\/files.sunoresearch.com.br\/n\/uploads\/2023\/03\/1420x240-Planilha-controle-de-gastos.png\"\n\t\t\t\t\tdata-promo-id=\"101751\"\t\t\t\t\t\t\t\t\t\twidth='1420' height='240'\t\t\t\t\talt=\"https:\/\/files.sunoresearch.com.br\/n\/uploads\/2023\/03\/1420x240-Planilha-controle-de-gastos.png\"\n\t\t\t\t>\n\t\t\t<\/picture>\n\t\t<\/a>\n\t<\/p>\n\n\n<p>A decis\u00e3o da alta da Selic foi tomada pelo <strong>Copom<\/strong> em unanimidade.<\/p>\n<p><iframe loading=\"lazy\" title=\"YouTube video player\" src=\"https:\/\/www.youtube.com\/embed\/AfgTks9Fjh0\" width=\"560\" height=\"315\" frameborder=\"0\" allowfullscreen=\"allowfullscreen\"><\/iframe><\/p>\n<p>A alta da Selic est\u00e1 em linha com as previs\u00f5es do mercado, ap\u00f3s a alta da infla\u00e7\u00e3o dos \u00faltimos meses.<\/p>\n<p><a href=\"https:\/\/lp.suno.com.br\/suno-one\/\">Suno One: acesse gratuitamente eBooks, Minicursos, Artigos e V\u00eddeo Aulas sobre investimentos com um \u00fanico cadastro. Clique para saber mais!<\/a><\/p>\n<p>No acumulado de 12 meses, o <a href=\"https:\/\/www.suno.com.br\/artigos\/ipca\/\"><strong>\u00cdndice de Pre\u00e7os ao Consumidor Amplo (IPCA) <\/strong><\/a> (8,06%) j\u00e1 superou o teto da meta estipulado pelo governo, de 5,25%.<\/p>\n<p>O <a href=\"https:\/\/www.suno.com.br\/artigos\/igp-m\/\"><strong>IGP-M<\/strong><\/a> \u2013 \u00edndice de pre\u00e7os dos alimentos, muito utilizado para reajustes de contratos de alugu\u00e9is \u2013 registra uma alta acumulada de 37,04%.<\/p>\n<p>Nas \u00faltimas publica\u00e7\u00f5es, o Banco Central tem utilizado a express\u00e3o \u201cnormaliza\u00e7\u00e3o parcial dos juros\u201d, que basicamente \u00e9 o aumento da taxa de juros com certo grau de est\u00edmulo econ\u00f4mico.<\/p>\n<p>&#8220;Neste momento, o cen\u00e1rio b\u00e1sico do Copom indica ser apropriada a normaliza\u00e7\u00e3o da taxa de juros para patamar considerado neutro&#8221;, informou o <strong>Copom<\/strong> no comunicado que acompanhou a alta da Selic.<\/p>\n<h2>Confira a integra do comunicado do Copom sobre a Selic<\/h2>\n<p><em>Em sua 239\u00aa reuni\u00e3o, o Comit\u00ea de Pol\u00edtica Monet\u00e1ria (Copom) decidiu, por unanimidade, elevar a <a class=\"suno-keyword\" href=\"https:\/\/www.suno.com.br\/artigos\/taxa-selic\/\" target=\"_blank\" rel=\"noopener noreferrer\" data-force=\"no\" data-priority=\"3\">taxa Selic<\/a> para 4,25% a.a.<\/em><\/p>\n<p><em>A atualiza\u00e7\u00e3o do cen\u00e1rio b\u00e1sico do Copom pode ser descrita com as seguintes observa\u00e7\u00f5es:<\/em><\/p>\n<ul>\n<li><em>No cen\u00e1rio externo, est\u00edmulos fiscais e monet\u00e1rios em alguns pa\u00edses desenvolvidos promovem uma recupera\u00e7\u00e3o robusta da atividade econ\u00f4mica. Devido \u00e0 presen\u00e7a de ociosidade, a comunica\u00e7\u00e3o dos principais bancos centrais sugere que os est\u00edmulos monet\u00e1rios ter\u00e3o longa dura\u00e7\u00e3o. Contudo, a incerteza segue elevada e uma nova rodada de questionamentos dos mercados a respeito dos riscos inflacion\u00e1rios nessas economias pode tornar o ambiente desafiador para pa\u00edses emergentes;<\/em><\/li>\n<li><em>Em rela\u00e7\u00e3o \u00e0 atividade econ\u00f4mica brasileira, apesar da intensidade da segunda onda da pandemia, os indicadores recentes continuam mostrando evolu\u00e7\u00e3o mais positiva do que o esperado, implicando revis\u00f5es relevantes nas proje\u00e7\u00f5es de crescimento. Os riscos para a recupera\u00e7\u00e3o econ\u00f4mica reduziram-se significativamente;<\/em><\/li>\n<li><em>A persist\u00eancia da press\u00e3o inflacion\u00e1ria revela-se maior que o esperado, sobretudo entre os bens industriais. Adicionalmente, a lentid\u00e3o da normaliza\u00e7\u00e3o nas condi\u00e7\u00f5es de oferta, a resili\u00eancia da demanda e implica\u00e7\u00f5es da deteriora\u00e7\u00e3o do cen\u00e1rio h\u00eddrico sobre as tarifas de energia el\u00e9trica contribuem para manter a infla\u00e7\u00e3o elevada no <a class=\"suno-keyword\" href=\"https:\/\/www.suno.com.br\/artigos\/curto-prazo\/\" target=\"_blank\" rel=\"noopener noreferrer\" data-force=\"no\" data-priority=\"1\">curto prazo<\/a>, a despeito da recente aprecia\u00e7\u00e3o do Real. O Comit\u00ea segue atento \u00e0 evolu\u00e7\u00e3o desses choques e seus potenciais efeitos secund\u00e1rios, assim como ao comportamento dos pre\u00e7os de servi\u00e7os conforme os efeitos da vacina\u00e7\u00e3o sobre a economia se tornam mais significativos;<\/em><\/li>\n<li><em>As diversas medidas de infla\u00e7\u00e3o subjacente apresentam-se acima do intervalo compat\u00edvel com o cumprimento da meta para a infla\u00e7\u00e3o;<\/em><\/li>\n<li><em>As expectativas de infla\u00e7\u00e3o para 2021, 2022 e 2023 apuradas pela <a href=\"https:\/\/www.suno.com.br\/artigos\/relatorio-focus\/\"><strong>pesquisa Focus<\/strong><\/a> encontram-se em torno de 5,8%, 3,8% e 3,25%, respectivamente; e<\/em><\/li>\n<li><em>No cen\u00e1rio b\u00e1sico, com trajet\u00f3ria para a taxa de juros extra\u00edda da pesquisa Focus e taxa de c\u00e2mbio partindo de USD\/BRL 5,05*, e evoluindo segundo a <a class=\"suno-keyword\" href=\"https:\/\/www.suno.com.br\/artigos\/paridade-de-poder-de-compra-ppc\/\" target=\"_blank\" rel=\"noopener noreferrer\" data-force=\"no\" data-priority=\"1\">paridade do poder de compra<\/a> (PPC), as proje\u00e7\u00f5es de infla\u00e7\u00e3o do Copom situam-se em torno de 5,8% para 2021 e 3,5% para 2022. Esse cen\u00e1rio sup\u00f5e trajet\u00f3ria de juros que se eleva para 6,25% a.a. neste ano e para 6,50% a.a. em 2022. Nesse cen\u00e1rio, as proje\u00e7\u00f5es para a infla\u00e7\u00e3o de <a class=\"suno-keyword\" href=\"https:\/\/www.suno.com.br\/artigos\/precos-administrados\/\" target=\"_blank\" rel=\"noopener noreferrer\" data-force=\"no\" data-priority=\"1\">pre\u00e7os administrados<\/a> s\u00e3o de 9,7% para 2021 e 5,1% para 2022. Adota-se uma hip\u00f3tese neutra para a bandeira tarif\u00e1ria de energia el\u00e9trica, que se mant\u00e9m em &#8220;vermelha patamar 1&#8221; em dezembro de cada ano-calend\u00e1rio.<\/em><\/li>\n<\/ul>\n<p><em>O Comit\u00ea ressalta que, em seu cen\u00e1rio b\u00e1sico para a infla\u00e7\u00e3o, permanecem fatores de risco em ambas as dire\u00e7\u00f5es.<\/em><\/p>\n<p><em>Por um lado, uma poss\u00edvel revers\u00e3o, ainda que parcial, do aumento recente nos pre\u00e7os das\u00a0commodities\u00a0internacionais em moeda local produziria trajet\u00f3ria de infla\u00e7\u00e3o abaixo do cen\u00e1rio b\u00e1sico.<\/em><\/p>\n<p><em>Por outro lado, novos prolongamentos das pol\u00edticas fiscais de resposta \u00e0 pandemia que pressionem a <a class=\"suno-keyword\" href=\"https:\/\/www.suno.com.br\/artigos\/demanda-agregada\/\" target=\"_blank\" rel=\"noopener noreferrer\" data-force=\"no\" data-priority=\"1\">demanda agregada<\/a> e piorem a trajet\u00f3ria fiscal podem elevar os pr\u00eamios de risco do pa\u00eds. Apesar da melhora recente nos indicadores de sustentabilidade da <a class=\"suno-keyword\" href=\"https:\/\/www.suno.com.br\/artigos\/divida-publica\/\" target=\"_blank\" rel=\"noopener noreferrer\" data-force=\"no\" data-priority=\"1\">d\u00edvida p\u00fablica<\/a>, o risco fiscal elevado segue criando uma assimetria altista no balan\u00e7o de riscos, ou seja, com trajet\u00f3rias para a infla\u00e7\u00e3o acima do projetado no horizonte relevante para a pol\u00edtica monet\u00e1ria.<\/em><\/p>\n<p><em>O Copom reitera que perseverar no processo de reformas e ajustes necess\u00e1rios na economia brasileira \u00e9 essencial para permitir a recupera\u00e7\u00e3o sustent\u00e1vel da economia. O Comit\u00ea ressalta, ainda, que questionamentos sobre a continuidade das reformas e altera\u00e7\u00f5es de car\u00e1ter permanente no processo de ajuste das contas p\u00fablicas podem elevar a taxa de juros estrutural da economia.<\/em><\/p>\n<p><em>Considerando o cen\u00e1rio b\u00e1sico, o balan\u00e7o de riscos e o amplo conjunto de informa\u00e7\u00f5es dispon\u00edveis, o Copom decidiu, por unanimidade, elevar a taxa b\u00e1sica de juros em 0,75 ponto percentual, para 4,25% a.a. O Comit\u00ea entende que essa decis\u00e3o reflete seu cen\u00e1rio b\u00e1sico e um balan\u00e7o de riscos de vari\u00e2ncia maior do que a usual para a infla\u00e7\u00e3o prospectiva e \u00e9 compat\u00edvel com a converg\u00eancia da infla\u00e7\u00e3o para a meta no horizonte relevante, que inclui o ano-calend\u00e1rio de 2022. Sem preju\u00edzo de seu objetivo fundamental de assegurar a estabilidade de pre\u00e7os, essa decis\u00e3o tamb\u00e9m implica suaviza\u00e7\u00e3o das flutua\u00e7\u00f5es do n\u00edvel de atividade econ\u00f4mica e fomento do <a class=\"suno-keyword\" href=\"https:\/\/www.suno.com.br\/artigos\/pleno-emprego\/\" target=\"_blank\" rel=\"noopener noreferrer\" data-force=\"no\" data-priority=\"1\">pleno emprego<\/a>.<\/em><\/p>\n<p><em>Neste momento, o cen\u00e1rio b\u00e1sico do Copom indica ser apropriada a normaliza\u00e7\u00e3o da taxa de juros para patamar considerado neutro. Esse ajuste \u00e9 necess\u00e1rio para mitigar a dissemina\u00e7\u00e3o dos atuais choques tempor\u00e1rios sobre a infla\u00e7\u00e3o. O Comit\u00ea enfatiza, novamente, que n\u00e3o h\u00e1 compromisso com essa posi\u00e7\u00e3o e que os passos futuros da pol\u00edtica monet\u00e1ria poder\u00e3o ser ajustados para assegurar o cumprimento da <a class=\"suno-keyword\" href=\"https:\/\/www.suno.com.br\/artigos\/meta-de-inflacao\/\" target=\"_blank\" rel=\"noopener noreferrer\" data-force=\"no\" data-priority=\"1\">meta de infla\u00e7\u00e3o<\/a>.<\/em><\/p>\n<p><em>Para a pr\u00f3xima reuni\u00e3o, o Comit\u00ea antev\u00ea a continua\u00e7\u00e3o do processo de normaliza\u00e7\u00e3o monet\u00e1ria com outro ajuste da mesma magnitude. Contudo, uma deteriora\u00e7\u00e3o das expectativas de infla\u00e7\u00e3o para o horizonte relevante pode exigir uma redu\u00e7\u00e3o mais tempestiva dos est\u00edmulos monet\u00e1rios. O Comit\u00ea ressalta que essa avalia\u00e7\u00e3o tamb\u00e9m depender\u00e1 da evolu\u00e7\u00e3o da atividade econ\u00f4mica, do balan\u00e7o de riscos e de como esses fatores afetam as proje\u00e7\u00f5es de infla\u00e7\u00e3o.<\/em><\/p>\n<p><em>Votaram por essa decis\u00e3o os seguintes membros do Comit\u00ea: <a href=\"https:\/\/www.suno.com.br\/tudo-sobre\/roberto-campos-neto\/\"><strong>Roberto Oliveira Campos Neto<\/strong><\/a> (presidente), Bruno Serra Fernandes, Carolina de Assis Barros, Fabio Kanczuk, Jo\u00e3o Manoel Pinho de Mello, Maur\u00edcio Costa de Moura, Ot\u00e1vio Ribeiro Damaso e Paulo S\u00e9rgio Neves de Souza.\u00a0<\/em><\/p>\n<p><em>*Valor obtido pelo procedimento usual de arredondar a cota\u00e7\u00e3o m\u00e9dia da taxa de c\u00e2mbio USD\/BRL observada nos cinco dias \u00fateis encerrados no \u00faltimo dia da semana anterior \u00e0 da reuni\u00e3o do Copom.<\/em><\/p>\n\t<p>\n\t\t<a href=\"https:\/\/lp.suno.com.br\/planilha-de-controle-de-investimentos\/\" target=\"_blank\" data-element=\"shortcode-suno-banner\" title=\"Banner SUNO, clique e saiba mais\">\n\t\t\t<picture>\n\t\t\t\t<source media=\"(max-width: 500px)\" srcset=\"https:\/\/files.sunoresearch.com.br\/n\/uploads\/2023\/03\/400x300-Controle-de-Investimentos.png\">\n\t\t\t\t<img class=\"newsContent__article__imgCapa newsContent__article__imgCapa--banner\"\n\t\t\t\t\tsrc=\"https:\/\/files.sunoresearch.com.br\/n\/uploads\/2023\/03\/1420x240-Controle-de-Investimentos.png\"\n\t\t\t\t\tdata-promo-id=\"75934\"\t\t\t\t\t\t\t\t\t\twidth='1420' height='240'\t\t\t\t\talt=\"https:\/\/files.sunoresearch.com.br\/n\/uploads\/2023\/03\/1420x240-Controle-de-Investimentos.png\"\n\t\t\t\t>\n\t\t\t<\/picture>\n\t\t<\/a>\n\t<\/p>\n\n\n","protected":false},"excerpt":{"rendered":"<p>O Comit\u00ea de Pol\u00edtica Monet\u00e1ria (Copom) do Banco Central (BC) decidiu nesta quarta-feira (16) elevar a taxa b\u00e1sica de juros (Selic) em 0,75 ponto percentual, chegando a 4,25% ao ano. Segundo O BC, todo relacionamento do cidad\u00e3o com o servi\u00e7o ser\u00e1 feito pela nova p\u00e1gina, e n\u00e3o ser\u00e1 poss\u00edvel acessar o sistema pelo site principal [&hellip;]<\/p>\n","protected":false},"author":9,"featured_media":158689,"comment_status":"closed","ping_status":"closed","sticky":false,"template":"","format":"standard","meta":[],"categories":[62],"tags":[1842,1104,290],"suno_strategy":[],"class_list":["post-158628","post","type-post","status-publish","format-standard","has-post-thumbnail","hentry","category-economia","tag-banco-central-bc","tag-copom","tag-taxa-selic"],"yoast_head":"<!-- This site is optimized with the Yoast SEO plugin v24.4 - https:\/\/yoast.com\/wordpress\/plugins\/seo\/ -->\n<title>Banco Central eleva Selic em 0,75 pontos e taxa chega em 4,25% ao ano<\/title>\n<meta name=\"description\" content=\"O Comit\u00ea de Pol\u00edtica Monet\u00e1ria (Copom) do Banco Central decidiu elevar a taxa Selic em 0,75 pontos percentuais. Clique aqui e saiba mais.\" \/>\n<meta name=\"robots\" content=\"index, follow, max-snippet:-1, max-image-preview:large, max-video-preview:-1\" \/>\n<link rel=\"canonical\" href=\"https:\/\/www.suno.com.br\/noticias\/copom-eleva-selic-16062021\/\" \/>\n<meta property=\"og:locale\" content=\"pt_BR\" \/>\n<meta property=\"og:type\" content=\"article\" \/>\n<meta property=\"og:title\" content=\"Banco Central eleva Selic em 0,75 pontos e taxa chega em 4,25% ao ano\" \/>\n<meta property=\"og:description\" content=\"O Comit\u00ea de Pol\u00edtica Monet\u00e1ria (Copom) do Banco Central decidiu elevar a taxa Selic em 0,75 pontos percentuais. Clique aqui e saiba mais.\" \/>\n<meta property=\"og:url\" content=\"https:\/\/www.suno.com.br\/noticias\/copom-eleva-selic-16062021\/\" \/>\n<meta property=\"og:site_name\" content=\"Suno Not\u00edcias\" \/>\n<meta property=\"article:publisher\" content=\"https:\/\/facebook.com\/sunoresearch\" \/>\n<meta property=\"og:image\" content=\"https:\/\/files.sunoresearch.com.br\/n\/uploads\/2021\/06\/0310b5f0-49964064697_040ade0f3c_k.jpg\" \/>\n\t<meta property=\"og:image:width\" content=\"2048\" \/>\n\t<meta property=\"og:image:height\" content=\"1364\" \/>\n\t<meta property=\"og:image:type\" content=\"image\/jpeg\" \/>\n<meta name=\"author\" content=\"Carlo Cauti\" \/>\n<meta name=\"twitter:card\" content=\"summary_large_image\" \/>\n<meta name=\"twitter:creator\" content=\"@sunoresearch\" \/>\n<meta name=\"twitter:site\" content=\"@sunoresearch\" \/>\n<meta name=\"twitter:label1\" content=\"Escrito por\" \/>\n\t<meta name=\"twitter:data1\" content=\"Carlo Cauti\" \/>\n\t<meta name=\"twitter:label2\" content=\"Est. tempo de leitura\" \/>\n\t<meta name=\"twitter:data2\" content=\"6 minutos\" \/>\n<script type=\"application\/ld+json\" class=\"yoast-schema-graph\">{\"@context\":\"https:\/\/schema.org\",\"@graph\":[{\"@type\":\"NewsArticle\",\"@id\":\"https:\/\/www.suno.com.br\/noticias\/copom-eleva-selic-16062021\/#article\",\"isPartOf\":{\"@id\":\"https:\/\/www.suno.com.br\/noticias\/copom-eleva-selic-16062021\/\"},\"author\":{\"name\":\"Carlo Cauti\",\"@id\":\"https:\/\/www.suno.com.br\/noticias\/#\/schema\/person\/e6e0f723cc177805027f4566c1d5e0c8\"},\"headline\":\"Copom eleva Selic em 0,75 pontos percentual e taxa chega em 4,25% ao ano\",\"datePublished\":\"2021-06-16T21:44:32+00:00\",\"dateModified\":\"2021-06-16T21:56:20+00:00\",\"mainEntityOfPage\":{\"@id\":\"https:\/\/www.suno.com.br\/noticias\/copom-eleva-selic-16062021\/\"},\"wordCount\":1233,\"publisher\":{\"@id\":\"https:\/\/www.suno.com.br\/noticias\/#organization\"},\"image\":{\"@id\":\"https:\/\/www.suno.com.br\/noticias\/copom-eleva-selic-16062021\/#primaryimage\"},\"thumbnailUrl\":\"https:\/\/files.sunoresearch.com.br\/n\/uploads\/2021\/06\/0310b5f0-49964064697_040ade0f3c_k-jpg.webp\",\"keywords\":[\"Banco Central (BC)\",\"Copom\",\"Taxa Selic\"],\"articleSection\":[\"Economia\"],\"inLanguage\":\"pt-BR\"},{\"@type\":\"WebPage\",\"@id\":\"https:\/\/www.suno.com.br\/noticias\/copom-eleva-selic-16062021\/\",\"url\":\"https:\/\/www.suno.com.br\/noticias\/copom-eleva-selic-16062021\/\",\"name\":\"Banco Central eleva Selic em 0,75 pontos e taxa chega em 4,25% ao ano\",\"isPartOf\":{\"@id\":\"https:\/\/www.suno.com.br\/noticias\/#website\"},\"primaryImageOfPage\":{\"@id\":\"https:\/\/www.suno.com.br\/noticias\/copom-eleva-selic-16062021\/#primaryimage\"},\"image\":{\"@id\":\"https:\/\/www.suno.com.br\/noticias\/copom-eleva-selic-16062021\/#primaryimage\"},\"thumbnailUrl\":\"https:\/\/files.sunoresearch.com.br\/n\/uploads\/2021\/06\/0310b5f0-49964064697_040ade0f3c_k-jpg.webp\",\"datePublished\":\"2021-06-16T21:44:32+00:00\",\"dateModified\":\"2021-06-16T21:56:20+00:00\",\"description\":\"O Comit\u00ea de Pol\u00edtica Monet\u00e1ria (Copom) do Banco Central decidiu elevar a taxa Selic em 0,75 pontos percentuais. Clique aqui e saiba mais.\",\"breadcrumb\":{\"@id\":\"https:\/\/www.suno.com.br\/noticias\/copom-eleva-selic-16062021\/#breadcrumb\"},\"inLanguage\":\"pt-BR\",\"potentialAction\":[{\"@type\":\"ReadAction\",\"target\":[\"https:\/\/www.suno.com.br\/noticias\/copom-eleva-selic-16062021\/\"]}]},{\"@type\":\"ImageObject\",\"inLanguage\":\"pt-BR\",\"@id\":\"https:\/\/www.suno.com.br\/noticias\/copom-eleva-selic-16062021\/#primaryimage\",\"url\":\"https:\/\/files.sunoresearch.com.br\/n\/uploads\/2021\/06\/0310b5f0-49964064697_040ade0f3c_k-jpg.webp\",\"contentUrl\":\"https:\/\/files.sunoresearch.com.br\/n\/uploads\/2021\/06\/0310b5f0-49964064697_040ade0f3c_k-jpg.webp\",\"width\":2048,\"height\":1364,\"caption\":\"Segundo O BC, todo relacionamento do cidad\u00e3o com o servi\u00e7o ser\u00e1 feito pela nova p\u00e1gina, e n\u00e3o ser\u00e1 poss\u00edvel acessar o sistema pelo site principal do \u00f3rg\u00e3o. Foto: Leonardo S\u00e1 Ag\u00eancia Senado\"},{\"@type\":\"BreadcrumbList\",\"@id\":\"https:\/\/www.suno.com.br\/noticias\/copom-eleva-selic-16062021\/#breadcrumb\",\"itemListElement\":[{\"@type\":\"ListItem\",\"position\":1,\"name\":\"Not\u00edcias\",\"item\":\"https:\/\/www.suno.com.br\/noticias\/\"},{\"@type\":\"ListItem\",\"position\":2,\"name\":\"Economia\",\"item\":\"https:\/\/www.suno.com.br\/noticias\/economia\/\"},{\"@type\":\"ListItem\",\"position\":3,\"name\":\"Copom eleva Selic em 0,75 pontos percentual e taxa chega em 4,25% ao ano\"}]},{\"@type\":\"WebSite\",\"@id\":\"https:\/\/www.suno.com.br\/noticias\/#website\",\"url\":\"https:\/\/www.suno.com.br\/noticias\/\",\"name\":\"Suno Not\u00edcias\",\"description\":\"Seu portal de informa\u00e7\u00e3o sobre o mundo dos investimentos\",\"publisher\":{\"@id\":\"https:\/\/www.suno.com.br\/noticias\/#organization\"},\"potentialAction\":[{\"@type\":\"SearchAction\",\"target\":{\"@type\":\"EntryPoint\",\"urlTemplate\":\"https:\/\/www.suno.com.br\/noticias\/?s={search_term_string}\"},\"query-input\":{\"@type\":\"PropertyValueSpecification\",\"valueRequired\":true,\"valueName\":\"search_term_string\"}}],\"inLanguage\":\"pt-BR\"},{\"@type\":\"Organization\",\"@id\":\"https:\/\/www.suno.com.br\/noticias\/#organization\",\"name\":\"Suno Not\u00edcias\",\"url\":\"https:\/\/www.suno.com.br\/noticias\/\",\"logo\":{\"@type\":\"ImageObject\",\"inLanguage\":\"pt-BR\",\"@id\":\"https:\/\/www.suno.com.br\/noticias\/#\/schema\/logo\/image\/\",\"url\":\"https:\/\/files.sunoresearch.com.br\/n\/uploads\/2021\/09\/suno-logo.png\",\"contentUrl\":\"https:\/\/files.sunoresearch.com.br\/n\/uploads\/2021\/09\/suno-logo.png\",\"width\":180,\"height\":180,\"caption\":\"Suno Not\u00edcias\"},\"image\":{\"@id\":\"https:\/\/www.suno.com.br\/noticias\/#\/schema\/logo\/image\/\"},\"sameAs\":[\"https:\/\/facebook.com\/sunoresearch\",\"https:\/\/x.com\/sunoresearch\",\"https:\/\/www.instagram.com\/suno\",\"https:\/\/www.linkedin.com\/company\/suno-research\/\",\"https:\/\/www.youtube.com\/c\/sunoresearch\"]},{\"@type\":\"Person\",\"@id\":\"https:\/\/www.suno.com.br\/noticias\/#\/schema\/person\/e6e0f723cc177805027f4566c1d5e0c8\",\"name\":\"Carlo Cauti\",\"image\":{\"@type\":\"ImageObject\",\"inLanguage\":\"pt-BR\",\"@id\":\"https:\/\/www.suno.com.br\/noticias\/#\/schema\/person\/image\/\",\"url\":\"https:\/\/secure.gravatar.com\/avatar\/3ada9e0bd164c23abd4792a9606d583c?s=96&r=g\",\"contentUrl\":\"https:\/\/secure.gravatar.com\/avatar\/3ada9e0bd164c23abd4792a9606d583c?s=96&r=g\",\"caption\":\"Carlo Cauti\"},\"description\":\"Editor multim\u00eddia do SUNO Not\u00edcias. Italiano, formado em Ci\u00eancias Pol\u00edticas pela universidade LUISS G. Carli de Roma e mestre cum laude em Rela\u00e7\u00f5es Internacionais, Jornalismo Internacional e de Guerra e em Economia Internacional. Concluiu tamb\u00e9m um MBA em Finan\u00e7as na B3. No Brasil, teve passagem por ve\u00edculos como Estad\u00e3o, Globo, Veja e EXAME. e nas ag\u00eancias de not\u00edcias italianas ANSA e NOVA.\",\"url\":\"https:\/\/www.suno.com.br\/noticias\/author\/carlo-cauti\/\"}]}<\/script>\n<!-- \/ Yoast SEO plugin. -->","yoast_head_json":{"title":"Banco Central eleva Selic em 0,75 pontos e taxa chega em 4,25% ao ano","description":"O Comit\u00ea de Pol\u00edtica Monet\u00e1ria (Copom) do Banco Central decidiu elevar a taxa Selic em 0,75 pontos percentuais. Clique aqui e saiba mais.","robots":{"index":"index","follow":"follow","max-snippet":"max-snippet:-1","max-image-preview":"max-image-preview:large","max-video-preview":"max-video-preview:-1"},"canonical":"https:\/\/www.suno.com.br\/noticias\/copom-eleva-selic-16062021\/","og_locale":"pt_BR","og_type":"article","og_title":"Banco Central eleva Selic em 0,75 pontos e taxa chega em 4,25% ao ano","og_description":"O Comit\u00ea de Pol\u00edtica Monet\u00e1ria (Copom) do Banco Central decidiu elevar a taxa Selic em 0,75 pontos percentuais. Clique aqui e saiba mais.","og_url":"https:\/\/www.suno.com.br\/noticias\/copom-eleva-selic-16062021\/","og_site_name":"Suno Not\u00edcias","article_publisher":"https:\/\/facebook.com\/sunoresearch","og_image":[{"width":2048,"height":1364,"url":"https:\/\/files.sunoresearch.com.br\/n\/uploads\/2021\/06\/0310b5f0-49964064697_040ade0f3c_k.jpg","type":"image\/jpeg"}],"author":"Carlo Cauti","twitter_card":"summary_large_image","twitter_creator":"@sunoresearch","twitter_site":"@sunoresearch","twitter_misc":{"Escrito por":"Carlo Cauti","Est. tempo de leitura":"6 minutos"},"schema":{"@context":"https:\/\/schema.org","@graph":[{"@type":"NewsArticle","@id":"https:\/\/www.suno.com.br\/noticias\/copom-eleva-selic-16062021\/#article","isPartOf":{"@id":"https:\/\/www.suno.com.br\/noticias\/copom-eleva-selic-16062021\/"},"author":{"name":"Carlo Cauti","@id":"https:\/\/www.suno.com.br\/noticias\/#\/schema\/person\/e6e0f723cc177805027f4566c1d5e0c8"},"headline":"Copom eleva Selic em 0,75 pontos percentual e taxa chega em 4,25% ao ano","datePublished":"2021-06-16T21:44:32+00:00","dateModified":"2021-06-16T21:56:20+00:00","mainEntityOfPage":{"@id":"https:\/\/www.suno.com.br\/noticias\/copom-eleva-selic-16062021\/"},"wordCount":1233,"publisher":{"@id":"https:\/\/www.suno.com.br\/noticias\/#organization"},"image":{"@id":"https:\/\/www.suno.com.br\/noticias\/copom-eleva-selic-16062021\/#primaryimage"},"thumbnailUrl":"https:\/\/files.sunoresearch.com.br\/n\/uploads\/2021\/06\/0310b5f0-49964064697_040ade0f3c_k-jpg.webp","keywords":["Banco Central (BC)","Copom","Taxa Selic"],"articleSection":["Economia"],"inLanguage":"pt-BR"},{"@type":"WebPage","@id":"https:\/\/www.suno.com.br\/noticias\/copom-eleva-selic-16062021\/","url":"https:\/\/www.suno.com.br\/noticias\/copom-eleva-selic-16062021\/","name":"Banco Central eleva Selic em 0,75 pontos e taxa chega em 4,25% ao ano","isPartOf":{"@id":"https:\/\/www.suno.com.br\/noticias\/#website"},"primaryImageOfPage":{"@id":"https:\/\/www.suno.com.br\/noticias\/copom-eleva-selic-16062021\/#primaryimage"},"image":{"@id":"https:\/\/www.suno.com.br\/noticias\/copom-eleva-selic-16062021\/#primaryimage"},"thumbnailUrl":"https:\/\/files.sunoresearch.com.br\/n\/uploads\/2021\/06\/0310b5f0-49964064697_040ade0f3c_k-jpg.webp","datePublished":"2021-06-16T21:44:32+00:00","dateModified":"2021-06-16T21:56:20+00:00","description":"O Comit\u00ea de Pol\u00edtica Monet\u00e1ria (Copom) do Banco Central decidiu elevar a taxa Selic em 0,75 pontos percentuais. Clique aqui e saiba mais.","breadcrumb":{"@id":"https:\/\/www.suno.com.br\/noticias\/copom-eleva-selic-16062021\/#breadcrumb"},"inLanguage":"pt-BR","potentialAction":[{"@type":"ReadAction","target":["https:\/\/www.suno.com.br\/noticias\/copom-eleva-selic-16062021\/"]}]},{"@type":"ImageObject","inLanguage":"pt-BR","@id":"https:\/\/www.suno.com.br\/noticias\/copom-eleva-selic-16062021\/#primaryimage","url":"https:\/\/files.sunoresearch.com.br\/n\/uploads\/2021\/06\/0310b5f0-49964064697_040ade0f3c_k-jpg.webp","contentUrl":"https:\/\/files.sunoresearch.com.br\/n\/uploads\/2021\/06\/0310b5f0-49964064697_040ade0f3c_k-jpg.webp","width":2048,"height":1364,"caption":"Segundo O BC, todo relacionamento do cidad\u00e3o com o servi\u00e7o ser\u00e1 feito pela nova p\u00e1gina, e n\u00e3o ser\u00e1 poss\u00edvel acessar o sistema pelo site principal do \u00f3rg\u00e3o. Foto: Leonardo S\u00e1 Ag\u00eancia Senado"},{"@type":"BreadcrumbList","@id":"https:\/\/www.suno.com.br\/noticias\/copom-eleva-selic-16062021\/#breadcrumb","itemListElement":[{"@type":"ListItem","position":1,"name":"Not\u00edcias","item":"https:\/\/www.suno.com.br\/noticias\/"},{"@type":"ListItem","position":2,"name":"Economia","item":"https:\/\/www.suno.com.br\/noticias\/economia\/"},{"@type":"ListItem","position":3,"name":"Copom eleva Selic em 0,75 pontos percentual e taxa chega em 4,25% ao ano"}]},{"@type":"WebSite","@id":"https:\/\/www.suno.com.br\/noticias\/#website","url":"https:\/\/www.suno.com.br\/noticias\/","name":"Suno Not\u00edcias","description":"Seu portal de informa\u00e7\u00e3o sobre o mundo dos investimentos","publisher":{"@id":"https:\/\/www.suno.com.br\/noticias\/#organization"},"potentialAction":[{"@type":"SearchAction","target":{"@type":"EntryPoint","urlTemplate":"https:\/\/www.suno.com.br\/noticias\/?s={search_term_string}"},"query-input":{"@type":"PropertyValueSpecification","valueRequired":true,"valueName":"search_term_string"}}],"inLanguage":"pt-BR"},{"@type":"Organization","@id":"https:\/\/www.suno.com.br\/noticias\/#organization","name":"Suno Not\u00edcias","url":"https:\/\/www.suno.com.br\/noticias\/","logo":{"@type":"ImageObject","inLanguage":"pt-BR","@id":"https:\/\/www.suno.com.br\/noticias\/#\/schema\/logo\/image\/","url":"https:\/\/files.sunoresearch.com.br\/n\/uploads\/2021\/09\/suno-logo.png","contentUrl":"https:\/\/files.sunoresearch.com.br\/n\/uploads\/2021\/09\/suno-logo.png","width":180,"height":180,"caption":"Suno Not\u00edcias"},"image":{"@id":"https:\/\/www.suno.com.br\/noticias\/#\/schema\/logo\/image\/"},"sameAs":["https:\/\/facebook.com\/sunoresearch","https:\/\/x.com\/sunoresearch","https:\/\/www.instagram.com\/suno","https:\/\/www.linkedin.com\/company\/suno-research\/","https:\/\/www.youtube.com\/c\/sunoresearch"]},{"@type":"Person","@id":"https:\/\/www.suno.com.br\/noticias\/#\/schema\/person\/e6e0f723cc177805027f4566c1d5e0c8","name":"Carlo Cauti","image":{"@type":"ImageObject","inLanguage":"pt-BR","@id":"https:\/\/www.suno.com.br\/noticias\/#\/schema\/person\/image\/","url":"https:\/\/secure.gravatar.com\/avatar\/3ada9e0bd164c23abd4792a9606d583c?s=96&r=g","contentUrl":"https:\/\/secure.gravatar.com\/avatar\/3ada9e0bd164c23abd4792a9606d583c?s=96&r=g","caption":"Carlo Cauti"},"description":"Editor multim\u00eddia do SUNO Not\u00edcias. Italiano, formado em Ci\u00eancias Pol\u00edticas pela universidade LUISS G. Carli de Roma e mestre cum laude em Rela\u00e7\u00f5es Internacionais, Jornalismo Internacional e de Guerra e em Economia Internacional. Concluiu tamb\u00e9m um MBA em Finan\u00e7as na B3. No Brasil, teve passagem por ve\u00edculos como Estad\u00e3o, Globo, Veja e EXAME. e nas ag\u00eancias de not\u00edcias italianas ANSA e NOVA.","url":"https:\/\/www.suno.com.br\/noticias\/author\/carlo-cauti\/"}]}},"default_loop_html":"<div class=\"cardsPage__listCard__boxs\"><div class=\"cardsPage__listCard__boxs__img\"><a href=\"https:\/\/www.suno.com.br\/noticias\/copom-eleva-selic-16062021\/\"><img class=\"mask\" src=\"https:\/\/www.suno.com.br\/noticias\/wp-content\/themes\/suno\/resources\/images\/spotlight\/spotlight1img\/bg-mask.png\" alt=\"Image Mask\"\/><img src=\"https:\/\/files.sunoresearch.com.br\/n\/uploads\/2021\/06\/0310b5f0-49964064697_040ade0f3c_k-400x200.webp\" alt=\"Copom eleva Selic em 0,75 pontos percentual e taxa chega em 4,25% ao ano\"\/><\/a><span class=\"spotlightCategory\"><a href=\"https:\/\/www.suno.com.br\/noticias\/economia\/\">Economia<\/a><\/span><\/div><div class=\"cardsPage__listCard__boxs__content\"><a href=\"https:\/\/www.suno.com.br\/noticias\/copom-eleva-selic-16062021\/\"><h2 class=\"content__title\">Copom eleva Selic em 0,75 pontos percentual e taxa chega em 4,25% ao ano<\/h2><\/a><div class=\"newsContent__article__meta\"><div class=\"newsContent__article__meta__authorBox\"><a href=\"https:\/\/www.suno.com.br\/noticias\/author\/carlo-cauti\/\" class=\"authorBox__avatar noMobi\"><img src=\"https:\/\/files.sunoresearch.com.br\/n\/uploads\/2020\/08\/e3745f9a-perfil-carlo-cauti-150x150.webp\" alt=\"Carlo Cauti\"><\/a><div class=\"authorBox__name\"><span>por\n\t\t\t<a href=\"https:\/\/www.suno.com.br\/noticias\/author\/carlo-cauti\/\"><span itemprop=\"author\">Carlo Cauti<\/span><\/a><\/span><time datetime=\"2021-06-16T18:44:32-03:00\" itemprop=\"datePublished\">16\/06\/2021 18:44<\/time><\/div><\/div><\/div><\/div><\/div>","single_layout":"posts","amp_enabled":true,"_links":{"self":[{"href":"https:\/\/www.suno.com.br\/noticias\/wp-json\/wp\/v2\/posts\/158628"}],"collection":[{"href":"https:\/\/www.suno.com.br\/noticias\/wp-json\/wp\/v2\/posts"}],"about":[{"href":"https:\/\/www.suno.com.br\/noticias\/wp-json\/wp\/v2\/types\/post"}],"author":[{"embeddable":true,"href":"https:\/\/www.suno.com.br\/noticias\/wp-json\/wp\/v2\/users\/9"}],"replies":[{"embeddable":true,"href":"https:\/\/www.suno.com.br\/noticias\/wp-json\/wp\/v2\/comments?post=158628"}],"version-history":[{"count":4,"href":"https:\/\/www.suno.com.br\/noticias\/wp-json\/wp\/v2\/posts\/158628\/revisions"}],"predecessor-version":[{"id":158716,"href":"https:\/\/www.suno.com.br\/noticias\/wp-json\/wp\/v2\/posts\/158628\/revisions\/158716"}],"wp:featuredmedia":[{"embeddable":true,"href":"https:\/\/www.suno.com.br\/noticias\/wp-json\/wp\/v2\/media\/158689"}],"wp:attachment":[{"href":"https:\/\/www.suno.com.br\/noticias\/wp-json\/wp\/v2\/media?parent=158628"}],"wp:term":[{"taxonomy":"category","embeddable":true,"href":"https:\/\/www.suno.com.br\/noticias\/wp-json\/wp\/v2\/categories?post=158628"},{"taxonomy":"post_tag","embeddable":true,"href":"https:\/\/www.suno.com.br\/noticias\/wp-json\/wp\/v2\/tags?post=158628"},{"taxonomy":"suno_strategy","embeddable":true,"href":"https:\/\/www.suno.com.br\/noticias\/wp-json\/wp\/v2\/suno_strategy?post=158628"}],"curies":[{"name":"wp","href":"https:\/\/api.w.org\/{rel}","templated":true}]}}