{"id":15846,"date":"2019-02-19T14:30:10","date_gmt":"2019-02-19T17:30:10","guid":{"rendered":"https:\/\/www.suno.com.br\/noticias\/?p=15846"},"modified":"2019-02-19T16:01:56","modified_gmt":"2019-02-19T19:01:56","slug":"audios-conversas-bolsonaro-bebianno","status":"publish","type":"post","link":"https:\/\/www.suno.com.br\/noticias\/audios-conversas-bolsonaro-bebianno\/","title":{"rendered":"\u00c1udios confirmam conversas entre Bolsonaro e Bebianno, segundo revista"},"content":{"rendered":"<p>Ao contr\u00e1rio do que Jair Bolsonaro e seu filho Carlos Bolsonaro afirmaram na semana passada, o ex-ministro da Secretaria-Geral, Gustavo Bebianno, demitido na \u00faltima segunda (18), conversou com o presidente em 12 de fevereiro, segundo \u00e1udios divulgados nesta ter\u00e7a (19) pela revista Veja.<\/p>\t<div class=\"wrapper-featured-image\">\n\t\t<figure class=\"spotlightImg\">\n\n\t\t\t<picture>\n\t\t\t\t<source media=\"(max-width: 768px)\" srcset=\"https:\/\/files.sunoresearch.com.br\/n\/uploads\/2019\/02\/97f2209b-gustavo-bebianno-400x200.webp\">\n\t\t\t\t<img loading=\"lazy\" decoding=\"async\" class=\"newsContent__article__imgCapa lazyloadDisabled newsContent__article__imgCapa--noCaption\" src=\"https:\/\/files.sunoresearch.com.br\/n\/uploads\/2019\/02\/97f2209b-gustavo-bebianno-800x450.webp\" width=\"800\" height=\"450\" alt=\"\u00c1udios confirmam conversas entre Bolsonaro e Bebianno, segundo revista\" fetchpriority=high \/>\n\t\t\t<\/picture>\n\n\t\t\t<figcaption class=\"wp-caption-text wp-caption-text--hide\">O ministro da Secretaria-Geral da Presid\u00eancia, Gustavo Bebianno. (Ag\u00eancia Brasil)<\/figcaption>\n\t\t<\/figure>\n\t<\/div>\n\n\n<p>A conversa, segundo consta na reportagem, se deu por meio de uma troca de \u00e1udios no <strong>Whatsapp<\/strong> entre <strong>Bebianno<\/strong> e <strong>Bolsonaro.<\/strong><\/p>\n<p><a href=\"https:\/\/www.suno.com.br\/noticias\/gustavo-bebianno-exonerado-secretaria\/\">Saiba mais: Gustavo Bebianno \u00e9 exonerado da Secretaria-Geral, segundo porta-voz<\/a><\/p>\n<p>O caso come\u00e7ou quando o ent\u00e3o ministro deu uma entrevista ao jornal O Globo, em 13 de fevereiro, dizendo que a rela\u00e7\u00e3o entre ele e o presidente estava normal. Afirmou ent\u00e3o que havia conversado <strong>tr\u00eas vezes<\/strong> com <strong>Bolsonaro<\/strong> no dia anterior. A declara\u00e7\u00e3o se deu no contexto de uma reportagem da Folha de S.Paulo que revelava um esquema de <strong>candidaturas laranjas<\/strong> no <strong>PSL,<\/strong> na \u00e9poca em que <strong>Bebianno<\/strong> presidia o <strong>partido.<\/strong><\/p>\n<p><strong>Carlos Bolsonaro,<\/strong> o filho mais novo do presidente, ent\u00e3o escreveu no <strong>Twitter<\/strong> que o pai n\u00e3o havia em nenhum momento conversado com o ministro, chamando-o de <strong>mentiroso.<\/strong> A crise culimou na <strong>exonera\u00e7\u00e3o<\/strong> de <strong>Bebianno,<\/strong> j\u00e1 nesta semana.<\/p>\n<p><a href=\"https:\/\/www.suno.com.br\/noticias\/maia-crise-bebianno-atrapalhar-reforma\/\">Saiba mais: Maia: crise com Bebianno pode atrapalhar reforma da Previd\u00eancia<\/a><\/p>\n<h2>Confira o teor dos \u00e1udios trocados entre Jair Bolsonaro e Gustavo Bebianno na ter\u00e7a-feira, 12 de fevereiro<\/h2>\n<ul>\n<li><strong>1\u00aa mensagem:<\/strong> A <strong>troca de \u00e1udios<\/strong> come\u00e7a quando o <strong>presidente<\/strong> reage ao saber que o ent\u00e3o <strong>ministro<\/strong> se encontraria naquele mesmo dia com o vice-presidente de Rela\u00e7\u00f5es Institucionais do Grupo <strong>Globo,<\/strong> Paulo Tonet Camargo:<\/li>\n<\/ul>\n<!--[if lt IE 9]><script>document.createElement('audio');<\/script><![endif]-->\n<audio class=\"wp-audio-shortcode\" id=\"audio-15846-1\" preload=\"none\" style=\"width: 100%;\" controls=\"controls\"><source type=\"audio\/mpeg\" src=\"https:\/\/storage.googleapis.com\/wp-noticias\/2019\/02\/0gustavo-o-que-que-eu-acho...-1.mp3?_=1\" \/><a href=\"https:\/\/storage.googleapis.com\/wp-noticias\/2019\/02\/0gustavo-o-que-que-eu-acho...-1.mp3\">https:\/\/storage.googleapis.com\/wp-noticias\/2019\/02\/0gustavo-o-que-que-eu-acho...-1.mp3<\/a><\/audio>\n<p>&nbsp;<\/p>\n<p><strong>Jair Bolsonaro<\/strong>:\u00a0<em>\u201cGustavo, o que eu acho desse cara da <strong>Globo<\/strong> dentro do <a href=\"http:\/\/www2.planalto.gov.br\/\"><strong>Pal\u00e1cio do Planalto<\/strong><\/a>: eu n\u00e3o quero ele a\u00ed dentro. Qual a mensagem que vai dar para as outras emissoras? Que n\u00f3s estamos se aproximando da <strong>Globo.<\/strong> Ent\u00e3o n\u00e3o d\u00e1 para ter esse tipo de relacionamento. Agora\u2026 Inimigo passivo, sim. Agora\u2026 Trazer o inimigo para dentro de casa \u00e9 outra hist\u00f3ria. P\u00f4, c\u00ea tem que ter essa vis\u00e3o, pelo amor de Deus, cara. Fica complicado a gente ter um relacionamento legal dessa forma porque c\u00ea t\u00e1 trazendo o maior cara que me ferrou \u2013 antes, durante, agora e ap\u00f3s a campanha \u2013 para dentro de casa. Me desculpa. Como presidente da Rep\u00fablica: cancela, n\u00e3o quero esse cara a\u00ed dentro, ponto final. Um abra\u00e7o a\u00ed.\u201d<\/em><\/p>\n<ul>\n<li><strong>2\u00aa mensagem:<\/strong> Pelo <strong>Whatsapp, Bebianno<\/strong> envia ao presidente uma nota do site O Antagonista no qual constava a ida dos ministros <strong>Ricardo Salles<\/strong> (Meio Ambiente) e <strong>Damares Alves<\/strong> (Direitos Humanos) \u00e0 Amaz\u00f4nia. <strong>Bolsonaro<\/strong> ent\u00e3o reclama com <strong>Bebianno:<\/strong><\/li>\n<\/ul>\n<audio class=\"wp-audio-shortcode\" id=\"audio-15846-2\" preload=\"none\" style=\"width: 100%;\" controls=\"controls\"><source type=\"audio\/mpeg\" src=\"https:\/\/storage.googleapis.com\/wp-noticias\/2019\/02\/0gustavo-uma-pergunta...-2.mp3?_=2\" \/><a href=\"https:\/\/storage.googleapis.com\/wp-noticias\/2019\/02\/0gustavo-uma-pergunta...-2.mp3\">https:\/\/storage.googleapis.com\/wp-noticias\/2019\/02\/0gustavo-uma-pergunta...-2.mp3<\/a><\/audio>\n<p>&nbsp;<\/p>\n<p><strong>Jair Bolsonaro:<\/strong>\u00a0<em><strong>\u201cGustavo,<\/strong> uma pergunta: <strong>\u201cJair Bolsonaro<\/strong> decidiu enviar para a Amaz\u00f4nia\u201d? N\u00e3o t\u00f4 entendendo. Quem t\u00e1 patrocinando essa ida para a Amaz\u00f4nia? Quem t\u00e1 sendo o cabe\u00e7a dessa viagem \u00e0 Amaz\u00f4nia? Um abra\u00e7o a\u00ed, <strong>Gustavo,<\/strong> at\u00e9 mais.\u201d<\/em><\/p>\n<ul>\n<li><strong>3\u00aa mensagem:<\/strong> Depois de aparentemente conversar com os ministros citados na nota, Bolsonaro retorna a Bebianno:<\/li>\n<\/ul>\n<audio class=\"wp-audio-shortcode\" id=\"audio-15846-3\" preload=\"none\" style=\"width: 100%;\" controls=\"controls\"><source type=\"audio\/mpeg\" src=\"https:\/\/storage.googleapis.com\/wp-noticias\/2019\/02\/0occ82-bibbiano-essa-missacc83o-nacc83o-vai-ser-realizada-1.mp3?_=3\" \/><a href=\"https:\/\/storage.googleapis.com\/wp-noticias\/2019\/02\/0occ82-bibbiano-essa-missacc83o-nacc83o-vai-ser-realizada-1.mp3\">https:\/\/storage.googleapis.com\/wp-noticias\/2019\/02\/0occ82-bibbiano-essa-missacc83o-nacc83o-vai-ser-realizada-1.mp3<\/a><\/audio>\n<p>&nbsp;<\/p>\n<p><strong>Jair Bolsonaro:<\/strong> <em>\u201c\u00d4, <strong>Bebianno.<\/strong> Essa miss\u00e3o n\u00e3o vai ser realizada. Conversei com o Ricardo Salles. Ele tava chateado que tinha muita coisa para fazer e est\u00e1 entendendo como miss\u00e3o minha. Conversei com a <strong>Damares.<\/strong> A mesma coisa. Agora: eu n\u00e3o quero que voc\u00eas viajem porque\u2026 Voc\u00eas criam a expectativa de uma obra. Da\u00ed vai ficar o povo todo me cobrando. Isso pode ser feito quando n\u00f3s acharmos que vai ter recurso, o or\u00e7amento \u00e9 nosso, vai ser aprovado etc. Ent\u00e3o essa viagem n\u00e3o se realizar\u00e1, t\u00e1 OK? Um abra\u00e7o a\u00ed, Gustavo!\u201d<\/em><\/p>\n<p>Os tr\u00eas <strong>\u00e1udios<\/strong> enviados pelo presidente ao ent\u00e3o ministro foram a justificativa dada por <strong>Bebianno,<\/strong> no dia seguinte, para confirmar que falou com <strong>Bolsonaro.<\/strong> Tentando recha\u00e7ar a ideia de crise no governo, a declara\u00e7\u00e3o deu in\u00edcio \u00e0 acusa\u00e7\u00e3o de <strong>Carlos Bolsonaro<\/strong> pelo Twitter.<\/p>\n<p>Numa nova troca de <strong>\u00e1udios<\/strong> no dia seguinte, o presidente e o ex-presidente de seu partido debatem o significado de &#8220;falar&#8221;.<\/p>\n<audio class=\"wp-audio-shortcode\" id=\"audio-15846-4\" preload=\"none\" style=\"width: 100%;\" controls=\"controls\"><source type=\"audio\/mpeg\" src=\"https:\/\/storage.googleapis.com\/wp-noticias\/2019\/02\/0o-caso-incitando-a-saicc81da...-1.mp3?_=4\" \/><a href=\"https:\/\/storage.googleapis.com\/wp-noticias\/2019\/02\/0o-caso-incitando-a-saicc81da...-1.mp3\">https:\/\/storage.googleapis.com\/wp-noticias\/2019\/02\/0o-caso-incitando-a-saicc81da...-1.mp3<\/a><\/audio>\n<p>&nbsp;<\/p>\n<p><strong>Jair Bolsonaro:<\/strong><em> \u201cO caso incitando a sa\u00edda \u00e9 mais uma mentira. Voc\u00ea conhece muito bem a imprensa, melhor do que eu.\u00a0<\/em><em>Agora: voc\u00ea n\u00e3o falou comigo nenhuma vez no dia de ontem. Ele esteve comigo 24 horas por dia. Ent\u00e3o n\u00e3o est\u00e1 mentindo, nada, nem est\u00e1 perseguindo ningu\u00e9m.\u201d<\/em><\/p>\n<audio class=\"wp-audio-shortcode\" id=\"audio-15846-5\" preload=\"none\" style=\"width: 100%;\" controls=\"controls\"><source type=\"audio\/mpeg\" src=\"https:\/\/storage.googleapis.com\/wp-noticias\/2019\/02\/0capitacc83o-hacc81-vacc81rias-formas-de-se-falar...-1.mp3?_=5\" \/><a href=\"https:\/\/storage.googleapis.com\/wp-noticias\/2019\/02\/0capitacc83o-hacc81-vacc81rias-formas-de-se-falar...-1.mp3\">https:\/\/storage.googleapis.com\/wp-noticias\/2019\/02\/0capitacc83o-hacc81-vacc81rias-formas-de-se-falar...-1.mp3<\/a><\/audio>\n<p>&nbsp;<\/p>\n<p><strong>Gustavo Bebianno:<\/strong><em> &#8220;H\u00e1 v\u00e1rias formas de se falar. N\u00f3s trocamos mensagens ontem tr\u00eas vezes ao longo do dia, capit\u00e3o. Falamos da quest\u00e3o do institucional do <strong>Globo.<\/strong> Falamos da quest\u00e3o da viagem. Falamos por escrito, capit\u00e3o. Qual a relev\u00e2ncia disso, capit\u00e3o?\u00a0<\/em><em>Capit\u00e3o, as coisas precisam ser analisadas de outra forma. Tira isso do lado pessoal. Ele n\u00e3o pode atacar um ministro dessa forma. Nem a mim nem a ningu\u00e9m, capit\u00e3o. Isso est\u00e1 errado. Por que esse \u00f3dio? Qual a relev\u00e2ncia disso? Vir a p\u00fablico me chamar de mentiroso? Eu s\u00f3 fiz o bem, capit\u00e3o. Eu s\u00f3 fiz o bem at\u00e9 aqui. Eu s\u00f3 estive do seu lado, voc\u00ea sabe disso. Ser\u00e1 que o senhor vai permitir que eu seja agredido dessa forma? Isso n\u00e3o est\u00e1 certo, n\u00e3o, capit\u00e3o. Desculpe.&#8221;<\/em><\/p>\n<audio class=\"wp-audio-shortcode\" id=\"audio-15846-6\" preload=\"none\" style=\"width: 100%;\" controls=\"controls\"><source type=\"audio\/mpeg\" src=\"https:\/\/storage.googleapis.com\/wp-noticias\/2019\/02\/0eu-socc81-prego-a-paz...-1.mp3?_=6\" \/><a href=\"https:\/\/storage.googleapis.com\/wp-noticias\/2019\/02\/0eu-socc81-prego-a-paz...-1.mp3\">https:\/\/storage.googleapis.com\/wp-noticias\/2019\/02\/0eu-socc81-prego-a-paz...-1.mp3<\/a><\/audio>\n<p>&nbsp;<\/p>\n<p><strong>Bebianno:<\/strong>\u00a0<em>\u201cCapit\u00e3o, eu s\u00f3 prego a paz, o tempo inteiro. O tempo inteiro eu pe\u00e7o para a gente parar de bater nas pessoas. O tempo inteiro eu tento estabelecer uma boa rela\u00e7\u00e3o com todo mundo. Minha rela\u00e7\u00e3o \u00e9 maravilhosa com todos os generais. O senhor se lembra que, no in\u00edcio, eu n\u00e3o podia participar daquelas reuni\u00f5es de quartas-feiras, porque os generais teriam restri\u00e7\u00f5es contra mim? Eu n\u00e3o entendia que restri\u00e7\u00f5es eram aquelas, se eles nem me conheciam. O senhor hoje pergunte para eles qual o conceito que eles t\u00eam a meu respeito, sabe, capit\u00e3o? Eu sou uma pessoa limpa, correta. Infelizmente n\u00e3o sou eu que fa\u00e7o esse rebuli\u00e7o, que crio essa crise. Eu n\u00e3o falo nada em p\u00fablico. Muito menos agrido ningu\u00e9m em p\u00fablico, sabe, capit\u00e3o? Ent\u00e3o quando eu recebo esse tipo de coisa, depois de um post desse, \u00e9 realmente muito desagrad\u00e1vel. Inverta. Imagine se eu chamasse algu\u00e9m de mentiroso em p\u00fablico. Eu n\u00e3o sou mentiroso. Ontem eu falei com o senhor tr\u00eas vezes, sim. Falamos pelo WhatsApp. O que \u00e9 que tem demais? N\u00e3o falamos nada demais. A relev\u00e2ncia disso\u2026 Tanto assunto grave para a gente tratar. Tantos problemas. Eu tento proteger o senhor o tempo inteiro. Por esse tipo de ataque? Por que esse \u00f3dio? O que \u00e9 que eu fiz de errado, meu Deus?\u201d<\/em><\/p>\n<audio class=\"wp-audio-shortcode\" id=\"audio-15846-7\" preload=\"none\" style=\"width: 100%;\" controls=\"controls\"><source type=\"audio\/mpeg\" src=\"https:\/\/storage.googleapis.com\/wp-noticias\/2019\/02\/0occ82-gustavo-usar...-2.mp3?_=7\" \/><a href=\"https:\/\/storage.googleapis.com\/wp-noticias\/2019\/02\/0occ82-gustavo-usar...-2.mp3\">https:\/\/storage.googleapis.com\/wp-noticias\/2019\/02\/0occ82-gustavo-usar...-2.mp3<\/a><\/audio>\n<p>&nbsp;<\/p>\n<p><strong>Jair Bolsonaro:<\/strong> <em>\u201c\u00d4, Gustavo, usar da\u2026 Que usou do Whatsapp para falar tr\u00eas vezes comigo, a\u00ed \u00e9 demais da tua parte, a\u00ed \u00e9 demais, e eu n\u00e3o vou mais responder a voc\u00ea. Outra coisa, eu sei que voc\u00ea manda l\u00e1 no Antagonista, a nota (sobre Bolsonaro n\u00e3o atender Bebianno) foi pregada l\u00e1. Dias antes, voc\u00ea pregou uma nota que tentou falar comigo e n\u00e3o conseguiu no domingo. Eu sabia qual era a inten\u00e7\u00e3o, era exatamente dizer que conversou comigo e que est\u00e1 tudo muito bem, ent\u00e3o faz o favor, ou voc\u00ea restabelece a verdade ou n\u00e3o tem conversa a partir daqui pra frente.\u201d<\/em><\/p>\n<audio class=\"wp-audio-shortcode\" id=\"audio-15846-8\" preload=\"none\" style=\"width: 100%;\" controls=\"controls\"><source type=\"audio\/mpeg\" src=\"https:\/\/storage.googleapis.com\/wp-noticias\/2019\/02\/0querer-empurrar-essa-batata-quente...-1.mp3?_=8\" \/><a href=\"https:\/\/storage.googleapis.com\/wp-noticias\/2019\/02\/0querer-empurrar-essa-batata-quente...-1.mp3\">https:\/\/storage.googleapis.com\/wp-noticias\/2019\/02\/0querer-empurrar-essa-batata-quente...-1.mp3<\/a><\/audio>\n<p>&nbsp;<\/p>\n<p><strong>Jair Bolsonaro:<\/strong> <em>\u201cQuerer empurrar essa batata quente desse dinheiro l\u00e1 pra candidata em Pernambuco pro meu colo, a\u00ed n\u00e3o vai dar certo. A\u00ed \u00e9 desonestidade e falta de car\u00e1ter. Agora, todas as notas pregadas nesse sentido foram nesse sentido exatamente, ent\u00e3o a Pol\u00edcia Federal vai entrar no circuito, j\u00e1 entrou no circuito, pra apurar a verdade. Tudo bem, vamos ver da\u00ed\u2026 Quem deve paga, t\u00e1 certo? Eu sei que voc\u00ea \u00e9 dessa linha minha a\u00ed. Um abra\u00e7o.\u201d<\/em><\/p>\n<audio class=\"wp-audio-shortcode\" id=\"audio-15846-9\" preload=\"none\" style=\"width: 100%;\" controls=\"controls\"><source type=\"audio\/mpeg\" src=\"https:\/\/storage.googleapis.com\/wp-noticias\/2019\/02\/0capitacc83o-a-nota-do-antagonista....mp3?_=9\" \/><a href=\"https:\/\/storage.googleapis.com\/wp-noticias\/2019\/02\/0capitacc83o-a-nota-do-antagonista....mp3\">https:\/\/storage.googleapis.com\/wp-noticias\/2019\/02\/0capitacc83o-a-nota-do-antagonista....mp3<\/a><\/audio>\n<p>&nbsp;<\/p>\n<p><strong>Gustavo Bebianno:<\/strong> <em>\u201cCapit\u00e3o, a nota do Antagonista que o senhor t\u00e1 me acusando de ter plantado\u2026 Se o senhor olhar bem, eu localizei aqui e mandei pro senhor. Eu n\u00e3o plantei nada. Ela replica o que a Folha falou. Est\u00e1 escrito aqui: \u201csegundo a Folha, segundo a Folha, o ministro Gustavo Bebianno tentou ligar para Jair Bolsonaro neste domingo para explicar o caso, mas o presidente n\u00e3o atendeu\u201d. Quem mencionou isso n\u00e3o foi o Antagonista, foi a Folha. O Antagonista simplesmente replicou. Ent\u00e3o, capit\u00e3o, eu n\u00e3o plantei nada em lugar nenhum, t\u00e1? Abra\u00e7o.&#8221;<\/em><\/p>\n<audio class=\"wp-audio-shortcode\" id=\"audio-15846-10\" preload=\"none\" style=\"width: 100%;\" controls=\"controls\"><source type=\"audio\/mpeg\" src=\"https:\/\/storage.googleapis.com\/wp-noticias\/2019\/02\/0bebianno-olha-como-vocecc82-entra....mp3?_=10\" \/><a href=\"https:\/\/storage.googleapis.com\/wp-noticias\/2019\/02\/0bebianno-olha-como-vocecc82-entra....mp3\">https:\/\/storage.googleapis.com\/wp-noticias\/2019\/02\/0bebianno-olha-como-vocecc82-entra....mp3<\/a><\/audio>\n<p>&nbsp;<\/p>\n<p><strong>Jair Bolsonaro:<\/strong> <em>\u201cBebianno, olha como voc\u00ea entra em contradi\u00e7\u00e3o. Que seja a Folha. Se foi uma tentativa tua pra mim e eu n\u00e3o atendi\u2026 Eu n\u00e3o liguei pra Folha, eu n\u00e3o ligo pra imprensa nenhuma. Quem ligou foi voc\u00ea, quem vazou foi voc\u00ea. D\u00e1 pra voc\u00ea entender o caminho que voc\u00ea est\u00e1 indo? E voc\u00ea tem que fazer uma reflex\u00e3o para voltar \u00e0 normalidade. Deu pra entender? Vou repetir: se voc\u00ea tentou falar comigo, um pra um, se algu\u00e9m vazou pra Folha, n\u00e3o fui eu, s\u00f3 pode ser voc\u00ea. T\u00e1 ok?\u201d<\/em><\/p>\n<audio class=\"wp-audio-shortcode\" id=\"audio-15846-11\" preload=\"none\" style=\"width: 100%;\" controls=\"controls\"><source type=\"audio\/mpeg\" src=\"https:\/\/storage.googleapis.com\/wp-noticias\/2019\/02\/0nacc83o-capitacc83o-nacc83o-ecc81-isso-nacc83o....mp3?_=11\" \/><a href=\"https:\/\/storage.googleapis.com\/wp-noticias\/2019\/02\/0nacc83o-capitacc83o-nacc83o-ecc81-isso-nacc83o....mp3\">https:\/\/storage.googleapis.com\/wp-noticias\/2019\/02\/0nacc83o-capitacc83o-nacc83o-ecc81-isso-nacc83o....mp3<\/a><\/audio>\n<p>&nbsp;<\/p>\n<p><strong>Gustavo Bebianno:<\/strong> <em>\u201cN\u00e3o, capit\u00e3o, n\u00e3o \u00e9 isso, n\u00e3o. Eu n\u00e3o tentei ligar pro senhor, eu n\u00e3o falei, n\u00e3o vazei nada pra ningu\u00e9m.<\/em><br \/>\n<em>Eu nem tentei ligar pro senhor. O senhor mandou um recado que era pra eu n\u00e3o ir ao hospital. N\u00e3o fui e n\u00e3o liguei pro senhor nenhuma vez. Deixei o senhor em paz. \u00c9\u2026 Se eu tentei ligar uma ou duas vezes, tamb\u00e9m n\u00e3o me lembro pelo motivo que foi, \u00e9\u2026 N\u00e3o \u00e9 isso, n\u00e3o, capit\u00e3o, t\u00e1? Eu n\u00e3o vazei nada pra lugar nenhum, muito menos pra Folha, com quem eu praticamente n\u00e3o falo. Abra\u00e7o, capit\u00e3o.\u201d<\/em><\/p>\n<audio class=\"wp-audio-shortcode\" id=\"audio-15846-12\" preload=\"none\" style=\"width: 100%;\" controls=\"controls\"><source type=\"audio\/mpeg\" src=\"https:\/\/storage.googleapis.com\/wp-noticias\/2019\/02\/0em-relaccca7acc83o-a-isso-capitacc83o....mp3?_=12\" \/><a href=\"https:\/\/storage.googleapis.com\/wp-noticias\/2019\/02\/0em-relaccca7acc83o-a-isso-capitacc83o....mp3\">https:\/\/storage.googleapis.com\/wp-noticias\/2019\/02\/0em-relaccca7acc83o-a-isso-capitacc83o....mp3<\/a><\/audio>\n<p>&nbsp;<\/p>\n<p><strong>Gustavo Bebianno:<\/strong> <em>\u201cEm rela\u00e7\u00e3o a isso, capit\u00e3o, tamb\u00e9m acho que a coisa est\u00e1\u2026 N\u00e3o est\u00e1 clara. A minha tarefa como presidente interino nacional foi cuidar da sua campanha. A presta\u00e7\u00e3o de contas que me competia foi aprovada com louvor, \u00e9\u2026 Agora, cada Estado fez a sua chapa. Em nenhum partido, capit\u00e3o, a nacional \u00e9 respons\u00e1vel pelas chapas estaduais. O senhor sabe disso melhor do que eu. E, no nosso caso, quando eu assumi o PSL, houve uma grande dificuldade na escolha dos presidentes de cada Estado, porque n\u00f3s n\u00e3o sab\u00edamos quem era quem. \u00c9\u2026 Cada chapa foi montada pela sua estadual. No caso de Pernambuco, pelo Bivar, logicamente. Se o Bivar escolheu candidata laranja, \u00e9 um problema dele, pol\u00edtico. E \u00e9 um problema legal dela explicar o que ela fez com o dinheiro. Da minha parte, eu s\u00f3 repassei o dinheiro que me foi solicitado por escrito. Eu tenho tudo registrado por escrito. Ent\u00e3o \u00e9 \u00f3timo que a Pol\u00edcia Federal esteja, \u00e9 \u00f3timo que investigue, \u00e9 \u00f3timo que apure, \u00e9 \u00f3timo que puna os respons\u00e1veis. Eu n\u00e3o tenho nada a ver com isso. \u00c9\u2026 Depois a gente conversa pessoalmente, capit\u00e3o, t\u00e1? Eu t\u00f4 vendo que o senhor est\u00e1 bem envenenado. Mas tudo bem, a minha consci\u00eancia est\u00e1 tranquila, o meu papel foi limpo, continua sendo. E tomara que a pol\u00edcia chegue mesmo \u00e0 constata\u00e7\u00e3o do que foi feito, mas eu n\u00e3o tenho nada a ver com isso. O Luciano Bivar que \u00e9 respons\u00e1vel l\u00e1 pela chapa dele. Abra\u00e7o, capit\u00e3o.\u201d<\/em><\/p>\n","protected":false},"excerpt":{"rendered":"<p>Ao contr\u00e1rio do que Jair Bolsonaro e seu filho Carlos Bolsonaro afirmaram na semana passada, o ex-ministro da Secretaria-Geral, Gustavo Bebianno, demitido na \u00faltima segunda (18), conversou com o presidente em 12 de fevereiro, segundo \u00e1udios divulgados nesta ter\u00e7a (19) pela revista Veja. O ministro da Secretaria-Geral da Presid\u00eancia, Gustavo Bebianno. (Ag\u00eancia Brasil) A conversa, [&hellip;]<\/p>\n","protected":false},"author":13,"featured_media":15655,"comment_status":"closed","ping_status":"closed","sticky":false,"template":"","format":"standard","meta":[],"categories":[61],"tags":[1165,719],"suno_strategy":[],"class_list":["post-15846","post","type-post","status-publish","format-standard","has-post-thumbnail","hentry","category-politica","tag-gustavo-bebianno","tag-jair-bolsonaro"],"yoast_head":"<!-- This site is optimized with the Yoast SEO plugin v24.4 - https:\/\/yoast.com\/wordpress\/plugins\/seo\/ -->\n<title>\u00c1udios confirmam conversas entre Bolsonaro e Bebianno, segundo revista<\/title>\n<meta name=\"description\" content=\"\u00c1udios divulgados pela revista Veja mostram conversa pelo Whatsapp entre Bolsonaro e Bebianno em 12 de fevereiro. Clique e saiba mais\" \/>\n<meta name=\"robots\" content=\"index, follow, max-snippet:-1, max-image-preview:large, max-video-preview:-1\" \/>\n<link rel=\"canonical\" href=\"https:\/\/www.suno.com.br\/noticias\/audios-conversas-bolsonaro-bebianno\/\" \/>\n<meta property=\"og:locale\" content=\"pt_BR\" \/>\n<meta property=\"og:type\" content=\"article\" \/>\n<meta property=\"og:title\" content=\"\u00c1udios confirmam conversas entre Bolsonaro e Bebianno, segundo revista\" \/>\n<meta property=\"og:description\" content=\"\u00c1udios divulgados pela revista Veja mostram conversa pelo Whatsapp entre Bolsonaro e Bebianno em 12 de fevereiro. Clique e saiba mais\" \/>\n<meta property=\"og:url\" content=\"https:\/\/www.suno.com.br\/noticias\/audios-conversas-bolsonaro-bebianno\/\" \/>\n<meta property=\"og:site_name\" content=\"Suno Not\u00edcias\" \/>\n<meta property=\"article:publisher\" content=\"https:\/\/facebook.com\/sunoresearch\" \/>\n<meta property=\"og:image\" content=\"https:\/\/files.sunoresearch.com.br\/n\/uploads\/2019\/02\/97f2209b-gustavo-bebianno.jpg\" \/>\n\t<meta property=\"og:image:width\" content=\"1140\" \/>\n\t<meta property=\"og:image:height\" content=\"760\" \/>\n\t<meta property=\"og:image:type\" content=\"image\/jpeg\" \/>\n<meta name=\"author\" content=\"Guilherme Caetano\" \/>\n<meta name=\"twitter:card\" content=\"summary_large_image\" \/>\n<meta name=\"twitter:creator\" content=\"@sunoresearch\" \/>\n<meta name=\"twitter:site\" content=\"@sunoresearch\" \/>\n<meta name=\"twitter:label1\" content=\"Escrito por\" \/>\n\t<meta name=\"twitter:data1\" content=\"Guilherme Caetano\" \/>\n\t<meta name=\"twitter:label2\" content=\"Est. tempo de leitura\" \/>\n\t<meta name=\"twitter:data2\" content=\"10 minutos\" \/>\n<script type=\"application\/ld+json\" class=\"yoast-schema-graph\">{\"@context\":\"https:\/\/schema.org\",\"@graph\":[{\"@type\":\"NewsArticle\",\"@id\":\"https:\/\/www.suno.com.br\/noticias\/audios-conversas-bolsonaro-bebianno\/#article\",\"isPartOf\":{\"@id\":\"https:\/\/www.suno.com.br\/noticias\/audios-conversas-bolsonaro-bebianno\/\"},\"author\":{\"name\":\"Guilherme Caetano\",\"@id\":\"https:\/\/www.suno.com.br\/noticias\/#\/schema\/person\/0d0c9687cd2f600c564f25980c140de9\"},\"headline\":\"\u00c1udios confirmam conversas entre Bolsonaro e Bebianno, segundo revista\",\"datePublished\":\"2019-02-19T17:30:10+00:00\",\"dateModified\":\"2019-02-19T19:01:56+00:00\",\"mainEntityOfPage\":{\"@id\":\"https:\/\/www.suno.com.br\/noticias\/audios-conversas-bolsonaro-bebianno\/\"},\"wordCount\":2018,\"publisher\":{\"@id\":\"https:\/\/www.suno.com.br\/noticias\/#organization\"},\"image\":{\"@id\":\"https:\/\/www.suno.com.br\/noticias\/audios-conversas-bolsonaro-bebianno\/#primaryimage\"},\"thumbnailUrl\":\"https:\/\/files.sunoresearch.com.br\/n\/uploads\/2019\/02\/97f2209b-gustavo-bebianno-jpg.webp\",\"keywords\":[\"Gustavo Bebianno\",\"Jair Bolsonaro\"],\"articleSection\":[\"Pol\u00edtica\"],\"inLanguage\":\"pt-BR\"},{\"@type\":\"WebPage\",\"@id\":\"https:\/\/www.suno.com.br\/noticias\/audios-conversas-bolsonaro-bebianno\/\",\"url\":\"https:\/\/www.suno.com.br\/noticias\/audios-conversas-bolsonaro-bebianno\/\",\"name\":\"\u00c1udios confirmam conversas entre Bolsonaro e Bebianno, segundo revista\",\"isPartOf\":{\"@id\":\"https:\/\/www.suno.com.br\/noticias\/#website\"},\"primaryImageOfPage\":{\"@id\":\"https:\/\/www.suno.com.br\/noticias\/audios-conversas-bolsonaro-bebianno\/#primaryimage\"},\"image\":{\"@id\":\"https:\/\/www.suno.com.br\/noticias\/audios-conversas-bolsonaro-bebianno\/#primaryimage\"},\"thumbnailUrl\":\"https:\/\/files.sunoresearch.com.br\/n\/uploads\/2019\/02\/97f2209b-gustavo-bebianno-jpg.webp\",\"datePublished\":\"2019-02-19T17:30:10+00:00\",\"dateModified\":\"2019-02-19T19:01:56+00:00\",\"description\":\"\u00c1udios divulgados pela revista Veja mostram conversa pelo Whatsapp entre Bolsonaro e Bebianno em 12 de fevereiro. Clique e saiba mais\",\"breadcrumb\":{\"@id\":\"https:\/\/www.suno.com.br\/noticias\/audios-conversas-bolsonaro-bebianno\/#breadcrumb\"},\"inLanguage\":\"pt-BR\",\"potentialAction\":[{\"@type\":\"ReadAction\",\"target\":[\"https:\/\/www.suno.com.br\/noticias\/audios-conversas-bolsonaro-bebianno\/\"]}]},{\"@type\":\"ImageObject\",\"inLanguage\":\"pt-BR\",\"@id\":\"https:\/\/www.suno.com.br\/noticias\/audios-conversas-bolsonaro-bebianno\/#primaryimage\",\"url\":\"https:\/\/files.sunoresearch.com.br\/n\/uploads\/2019\/02\/97f2209b-gustavo-bebianno-jpg.webp\",\"contentUrl\":\"https:\/\/files.sunoresearch.com.br\/n\/uploads\/2019\/02\/97f2209b-gustavo-bebianno-jpg.webp\",\"width\":1140,\"height\":760,\"caption\":\"O ministro da Secretaria-Geral da Presid\u00eancia, Gustavo Bebianno. (Ag\u00eancia Brasil)\"},{\"@type\":\"BreadcrumbList\",\"@id\":\"https:\/\/www.suno.com.br\/noticias\/audios-conversas-bolsonaro-bebianno\/#breadcrumb\",\"itemListElement\":[{\"@type\":\"ListItem\",\"position\":1,\"name\":\"Not\u00edcias\",\"item\":\"https:\/\/www.suno.com.br\/noticias\/\"},{\"@type\":\"ListItem\",\"position\":2,\"name\":\"Pol\u00edtica\",\"item\":\"https:\/\/www.suno.com.br\/noticias\/politica\/\"},{\"@type\":\"ListItem\",\"position\":3,\"name\":\"\u00c1udios confirmam conversas entre Bolsonaro e Bebianno, segundo revista\"}]},{\"@type\":\"WebSite\",\"@id\":\"https:\/\/www.suno.com.br\/noticias\/#website\",\"url\":\"https:\/\/www.suno.com.br\/noticias\/\",\"name\":\"Suno Not\u00edcias\",\"description\":\"Seu portal de informa\u00e7\u00e3o sobre o mundo dos investimentos\",\"publisher\":{\"@id\":\"https:\/\/www.suno.com.br\/noticias\/#organization\"},\"potentialAction\":[{\"@type\":\"SearchAction\",\"target\":{\"@type\":\"EntryPoint\",\"urlTemplate\":\"https:\/\/www.suno.com.br\/noticias\/?s={search_term_string}\"},\"query-input\":{\"@type\":\"PropertyValueSpecification\",\"valueRequired\":true,\"valueName\":\"search_term_string\"}}],\"inLanguage\":\"pt-BR\"},{\"@type\":\"Organization\",\"@id\":\"https:\/\/www.suno.com.br\/noticias\/#organization\",\"name\":\"Suno Not\u00edcias\",\"url\":\"https:\/\/www.suno.com.br\/noticias\/\",\"logo\":{\"@type\":\"ImageObject\",\"inLanguage\":\"pt-BR\",\"@id\":\"https:\/\/www.suno.com.br\/noticias\/#\/schema\/logo\/image\/\",\"url\":\"https:\/\/files.sunoresearch.com.br\/n\/uploads\/2021\/09\/suno-logo.png\",\"contentUrl\":\"https:\/\/files.sunoresearch.com.br\/n\/uploads\/2021\/09\/suno-logo.png\",\"width\":180,\"height\":180,\"caption\":\"Suno Not\u00edcias\"},\"image\":{\"@id\":\"https:\/\/www.suno.com.br\/noticias\/#\/schema\/logo\/image\/\"},\"sameAs\":[\"https:\/\/facebook.com\/sunoresearch\",\"https:\/\/x.com\/sunoresearch\",\"https:\/\/www.instagram.com\/suno\",\"https:\/\/www.linkedin.com\/company\/suno-research\/\",\"https:\/\/www.youtube.com\/c\/sunoresearch\"]},{\"@type\":\"Person\",\"@id\":\"https:\/\/www.suno.com.br\/noticias\/#\/schema\/person\/0d0c9687cd2f600c564f25980c140de9\",\"name\":\"Guilherme Caetano\",\"image\":{\"@type\":\"ImageObject\",\"inLanguage\":\"pt-BR\",\"@id\":\"https:\/\/www.suno.com.br\/noticias\/#\/schema\/person\/image\/\",\"url\":\"https:\/\/secure.gravatar.com\/avatar\/e48357351a01702a0d19307070e081bf?s=96&r=g\",\"contentUrl\":\"https:\/\/secure.gravatar.com\/avatar\/e48357351a01702a0d19307070e081bf?s=96&r=g\",\"caption\":\"Guilherme Caetano\"},\"description\":\"Formado em jornalismo pela Escola de Comunica\u00e7\u00f5es e Artes da USP, Guilherme Caetano escreve para o portal de not\u00edcias da Suno Research. Passou pelas reda\u00e7\u00f5es da Folha de S.Paulo e da revista \u00c9poca.\",\"url\":\"https:\/\/www.suno.com.br\/noticias\/author\/guilherme-caetano\/\"}]}<\/script>\n<!-- \/ Yoast SEO plugin. -->","yoast_head_json":{"title":"\u00c1udios confirmam conversas entre Bolsonaro e Bebianno, segundo revista","description":"\u00c1udios divulgados pela revista Veja mostram conversa pelo Whatsapp entre Bolsonaro e Bebianno em 12 de fevereiro. Clique e saiba mais","robots":{"index":"index","follow":"follow","max-snippet":"max-snippet:-1","max-image-preview":"max-image-preview:large","max-video-preview":"max-video-preview:-1"},"canonical":"https:\/\/www.suno.com.br\/noticias\/audios-conversas-bolsonaro-bebianno\/","og_locale":"pt_BR","og_type":"article","og_title":"\u00c1udios confirmam conversas entre Bolsonaro e Bebianno, segundo revista","og_description":"\u00c1udios divulgados pela revista Veja mostram conversa pelo Whatsapp entre Bolsonaro e Bebianno em 12 de fevereiro. Clique e saiba mais","og_url":"https:\/\/www.suno.com.br\/noticias\/audios-conversas-bolsonaro-bebianno\/","og_site_name":"Suno Not\u00edcias","article_publisher":"https:\/\/facebook.com\/sunoresearch","og_image":[{"width":1140,"height":760,"url":"https:\/\/files.sunoresearch.com.br\/n\/uploads\/2019\/02\/97f2209b-gustavo-bebianno.jpg","type":"image\/jpeg"}],"author":"Guilherme Caetano","twitter_card":"summary_large_image","twitter_creator":"@sunoresearch","twitter_site":"@sunoresearch","twitter_misc":{"Escrito por":"Guilherme Caetano","Est. tempo de leitura":"10 minutos"},"schema":{"@context":"https:\/\/schema.org","@graph":[{"@type":"NewsArticle","@id":"https:\/\/www.suno.com.br\/noticias\/audios-conversas-bolsonaro-bebianno\/#article","isPartOf":{"@id":"https:\/\/www.suno.com.br\/noticias\/audios-conversas-bolsonaro-bebianno\/"},"author":{"name":"Guilherme Caetano","@id":"https:\/\/www.suno.com.br\/noticias\/#\/schema\/person\/0d0c9687cd2f600c564f25980c140de9"},"headline":"\u00c1udios confirmam conversas entre Bolsonaro e Bebianno, segundo revista","datePublished":"2019-02-19T17:30:10+00:00","dateModified":"2019-02-19T19:01:56+00:00","mainEntityOfPage":{"@id":"https:\/\/www.suno.com.br\/noticias\/audios-conversas-bolsonaro-bebianno\/"},"wordCount":2018,"publisher":{"@id":"https:\/\/www.suno.com.br\/noticias\/#organization"},"image":{"@id":"https:\/\/www.suno.com.br\/noticias\/audios-conversas-bolsonaro-bebianno\/#primaryimage"},"thumbnailUrl":"https:\/\/files.sunoresearch.com.br\/n\/uploads\/2019\/02\/97f2209b-gustavo-bebianno-jpg.webp","keywords":["Gustavo Bebianno","Jair Bolsonaro"],"articleSection":["Pol\u00edtica"],"inLanguage":"pt-BR"},{"@type":"WebPage","@id":"https:\/\/www.suno.com.br\/noticias\/audios-conversas-bolsonaro-bebianno\/","url":"https:\/\/www.suno.com.br\/noticias\/audios-conversas-bolsonaro-bebianno\/","name":"\u00c1udios confirmam conversas entre Bolsonaro e Bebianno, segundo revista","isPartOf":{"@id":"https:\/\/www.suno.com.br\/noticias\/#website"},"primaryImageOfPage":{"@id":"https:\/\/www.suno.com.br\/noticias\/audios-conversas-bolsonaro-bebianno\/#primaryimage"},"image":{"@id":"https:\/\/www.suno.com.br\/noticias\/audios-conversas-bolsonaro-bebianno\/#primaryimage"},"thumbnailUrl":"https:\/\/files.sunoresearch.com.br\/n\/uploads\/2019\/02\/97f2209b-gustavo-bebianno-jpg.webp","datePublished":"2019-02-19T17:30:10+00:00","dateModified":"2019-02-19T19:01:56+00:00","description":"\u00c1udios divulgados pela revista Veja mostram conversa pelo Whatsapp entre Bolsonaro e Bebianno em 12 de fevereiro. Clique e saiba mais","breadcrumb":{"@id":"https:\/\/www.suno.com.br\/noticias\/audios-conversas-bolsonaro-bebianno\/#breadcrumb"},"inLanguage":"pt-BR","potentialAction":[{"@type":"ReadAction","target":["https:\/\/www.suno.com.br\/noticias\/audios-conversas-bolsonaro-bebianno\/"]}]},{"@type":"ImageObject","inLanguage":"pt-BR","@id":"https:\/\/www.suno.com.br\/noticias\/audios-conversas-bolsonaro-bebianno\/#primaryimage","url":"https:\/\/files.sunoresearch.com.br\/n\/uploads\/2019\/02\/97f2209b-gustavo-bebianno-jpg.webp","contentUrl":"https:\/\/files.sunoresearch.com.br\/n\/uploads\/2019\/02\/97f2209b-gustavo-bebianno-jpg.webp","width":1140,"height":760,"caption":"O ministro da Secretaria-Geral da Presid\u00eancia, Gustavo Bebianno. (Ag\u00eancia Brasil)"},{"@type":"BreadcrumbList","@id":"https:\/\/www.suno.com.br\/noticias\/audios-conversas-bolsonaro-bebianno\/#breadcrumb","itemListElement":[{"@type":"ListItem","position":1,"name":"Not\u00edcias","item":"https:\/\/www.suno.com.br\/noticias\/"},{"@type":"ListItem","position":2,"name":"Pol\u00edtica","item":"https:\/\/www.suno.com.br\/noticias\/politica\/"},{"@type":"ListItem","position":3,"name":"\u00c1udios confirmam conversas entre Bolsonaro e Bebianno, segundo revista"}]},{"@type":"WebSite","@id":"https:\/\/www.suno.com.br\/noticias\/#website","url":"https:\/\/www.suno.com.br\/noticias\/","name":"Suno Not\u00edcias","description":"Seu portal de informa\u00e7\u00e3o sobre o mundo dos investimentos","publisher":{"@id":"https:\/\/www.suno.com.br\/noticias\/#organization"},"potentialAction":[{"@type":"SearchAction","target":{"@type":"EntryPoint","urlTemplate":"https:\/\/www.suno.com.br\/noticias\/?s={search_term_string}"},"query-input":{"@type":"PropertyValueSpecification","valueRequired":true,"valueName":"search_term_string"}}],"inLanguage":"pt-BR"},{"@type":"Organization","@id":"https:\/\/www.suno.com.br\/noticias\/#organization","name":"Suno Not\u00edcias","url":"https:\/\/www.suno.com.br\/noticias\/","logo":{"@type":"ImageObject","inLanguage":"pt-BR","@id":"https:\/\/www.suno.com.br\/noticias\/#\/schema\/logo\/image\/","url":"https:\/\/files.sunoresearch.com.br\/n\/uploads\/2021\/09\/suno-logo.png","contentUrl":"https:\/\/files.sunoresearch.com.br\/n\/uploads\/2021\/09\/suno-logo.png","width":180,"height":180,"caption":"Suno Not\u00edcias"},"image":{"@id":"https:\/\/www.suno.com.br\/noticias\/#\/schema\/logo\/image\/"},"sameAs":["https:\/\/facebook.com\/sunoresearch","https:\/\/x.com\/sunoresearch","https:\/\/www.instagram.com\/suno","https:\/\/www.linkedin.com\/company\/suno-research\/","https:\/\/www.youtube.com\/c\/sunoresearch"]},{"@type":"Person","@id":"https:\/\/www.suno.com.br\/noticias\/#\/schema\/person\/0d0c9687cd2f600c564f25980c140de9","name":"Guilherme Caetano","image":{"@type":"ImageObject","inLanguage":"pt-BR","@id":"https:\/\/www.suno.com.br\/noticias\/#\/schema\/person\/image\/","url":"https:\/\/secure.gravatar.com\/avatar\/e48357351a01702a0d19307070e081bf?s=96&r=g","contentUrl":"https:\/\/secure.gravatar.com\/avatar\/e48357351a01702a0d19307070e081bf?s=96&r=g","caption":"Guilherme Caetano"},"description":"Formado em jornalismo pela Escola de Comunica\u00e7\u00f5es e Artes da USP, Guilherme Caetano escreve para o portal de not\u00edcias da Suno Research. Passou pelas reda\u00e7\u00f5es da Folha de S.Paulo e da revista \u00c9poca.","url":"https:\/\/www.suno.com.br\/noticias\/author\/guilherme-caetano\/"}]}},"default_loop_html":"<div class=\"cardsPage__listCard__boxs\"><div class=\"cardsPage__listCard__boxs__img\"><a href=\"https:\/\/www.suno.com.br\/noticias\/audios-conversas-bolsonaro-bebianno\/\"><img class=\"mask\" src=\"https:\/\/www.suno.com.br\/noticias\/wp-content\/themes\/suno\/resources\/images\/spotlight\/spotlight1img\/bg-mask.png\" alt=\"Image Mask\"\/><img src=\"https:\/\/files.sunoresearch.com.br\/n\/uploads\/2019\/02\/97f2209b-gustavo-bebianno-400x200.webp\" alt=\"\u00c1udios confirmam conversas entre Bolsonaro e Bebianno, segundo revista\"\/><\/a><span class=\"spotlightCategory\"><a href=\"https:\/\/www.suno.com.br\/noticias\/politica\/\">Pol\u00edtica<\/a><\/span><\/div><div class=\"cardsPage__listCard__boxs__content\"><a href=\"https:\/\/www.suno.com.br\/noticias\/audios-conversas-bolsonaro-bebianno\/\"><h2 class=\"content__title\">\u00c1udios confirmam conversas entre Bolsonaro e Bebianno, segundo revista<\/h2><\/a><div class=\"newsContent__article__meta\"><div class=\"newsContent__article__meta__authorBox\"><a href=\"https:\/\/www.suno.com.br\/noticias\/author\/guilherme-caetano\/\" class=\"authorBox__avatar noMobi\"><img src=\"https:\/\/secure.gravatar.com\/avatar\/e48357351a01702a0d19307070e081bf?s=96&#038;r=g\" alt=\"Guilherme Caetano\"><\/a><div class=\"authorBox__name\"><span>por\n\t\t\t<a href=\"https:\/\/www.suno.com.br\/noticias\/author\/guilherme-caetano\/\"><span itemprop=\"author\">Guilherme Caetano<\/span><\/a><\/span><time datetime=\"2019-02-19T14:30:10-03:00\" itemprop=\"datePublished\">19\/02\/2019 14:30<\/time><\/div><\/div><\/div><\/div><\/div>","single_layout":"posts","amp_enabled":true,"_links":{"self":[{"href":"https:\/\/www.suno.com.br\/noticias\/wp-json\/wp\/v2\/posts\/15846"}],"collection":[{"href":"https:\/\/www.suno.com.br\/noticias\/wp-json\/wp\/v2\/posts"}],"about":[{"href":"https:\/\/www.suno.com.br\/noticias\/wp-json\/wp\/v2\/types\/post"}],"author":[{"embeddable":true,"href":"https:\/\/www.suno.com.br\/noticias\/wp-json\/wp\/v2\/users\/13"}],"replies":[{"embeddable":true,"href":"https:\/\/www.suno.com.br\/noticias\/wp-json\/wp\/v2\/comments?post=15846"}],"version-history":[{"count":0,"href":"https:\/\/www.suno.com.br\/noticias\/wp-json\/wp\/v2\/posts\/15846\/revisions"}],"wp:featuredmedia":[{"embeddable":true,"href":"https:\/\/www.suno.com.br\/noticias\/wp-json\/wp\/v2\/media\/15655"}],"wp:attachment":[{"href":"https:\/\/www.suno.com.br\/noticias\/wp-json\/wp\/v2\/media?parent=15846"}],"wp:term":[{"taxonomy":"category","embeddable":true,"href":"https:\/\/www.suno.com.br\/noticias\/wp-json\/wp\/v2\/categories?post=15846"},{"taxonomy":"post_tag","embeddable":true,"href":"https:\/\/www.suno.com.br\/noticias\/wp-json\/wp\/v2\/tags?post=15846"},{"taxonomy":"suno_strategy","embeddable":true,"href":"https:\/\/www.suno.com.br\/noticias\/wp-json\/wp\/v2\/suno_strategy?post=15846"}],"curies":[{"name":"wp","href":"https:\/\/api.w.org\/{rel}","templated":true}]}}