{"id":158329,"date":"2021-06-15T20:07:14","date_gmt":"2021-06-15T23:07:14","guid":{"rendered":"https:\/\/www.suno.com.br\/noticias\/?p=158329"},"modified":"2021-06-15T20:07:14","modified_gmt":"2021-06-15T23:07:14","slug":"minerva-beef3-aprova-homologacao-aumento-capital","status":"publish","type":"post","link":"https:\/\/www.suno.com.br\/noticias\/minerva-beef3-aprova-homologacao-aumento-capital\/","title":{"rendered":"Minerva (BEEF3) aprova homologa\u00e7\u00e3o do aumento do capital social"},"content":{"rendered":"<p>O conselho de administra\u00e7\u00e3o da <a href=\"https:\/\/www.suno.com.br\/acoes\/beef3\/\"><strong>Minerva<\/strong> (BEEF3)\u00a0<\/a>aprovou, nesta ter\u00e7a-feira (15), a homologa\u00e7\u00e3o do aumento do capital social da companhia, independente de reforma estatu\u00e1ria e dentro do limite do capital autorizado.<\/p>\t<div class=\"wrapper-featured-image\">\n\t\t<figure class=\"spotlightImg\">\n\n\t\t\t<picture>\n\t\t\t\t<source media=\"(max-width: 768px)\" srcset=\"https:\/\/files.sunoresearch.com.br\/n\/uploads\/2020\/07\/315b6261-whatsapp-image-2020-07-15-at-15.30.23-400x200.webp\">\n\t\t\t\t<img loading=\"lazy\" decoding=\"async\" class=\"newsContent__article__imgCapa lazyloadDisabled \" src=\"https:\/\/files.sunoresearch.com.br\/n\/uploads\/2020\/07\/315b6261-whatsapp-image-2020-07-15-at-15.30.23-800x450.webp\" width=\"800\" height=\"450\" alt=\"Minerva (BEEF3) aprova homologa\u00e7\u00e3o do aumento do capital social\" fetchpriority=high \/>\n\t\t\t<\/picture>\n\n\t\t\t<figcaption class=\"wp-caption-text wp-caption-text--show\">Minerva volta a negar fechamento de capital. Foto: Divulga\u00e7\u00e3o<\/figcaption>\n\t\t<\/figure>\n\t<\/div>\n\n\n\t<p>\n\t\t<a href=\"https:\/\/lp.suno.com.br\/planilha-controle-gastos\/\" target=\"_blank\" data-element=\"shortcode-suno-banner\" title=\"Banner SUNO, clique e saiba mais\">\n\t\t\t<picture>\n\t\t\t\t<source media=\"(max-width: 500px)\" srcset=\"https:\/\/files.sunoresearch.com.br\/n\/uploads\/2023\/03\/400x300-Planilha-controle-de-gastos.png\">\n\t\t\t\t<img class=\"newsContent__article__imgCapa newsContent__article__imgCapa--banner\"\n\t\t\t\t\tsrc=\"https:\/\/files.sunoresearch.com.br\/n\/uploads\/2023\/03\/1420x240-Planilha-controle-de-gastos.png\"\n\t\t\t\t\tdata-promo-id=\"101751\"\t\t\t\t\t\t\t\t\t\twidth='1420' height='240'\t\t\t\t\talt=\"https:\/\/files.sunoresearch.com.br\/n\/uploads\/2023\/03\/1420x240-Planilha-controle-de-gastos.png\"\n\t\t\t\t>\n\t\t\t<\/picture>\n\t\t<\/a>\n\t<\/p>\n\n\n<p>Em fato relevante arquivado na<a href=\"https:\/\/www.suno.com.br\/artigos\/cvm\/\"> Comiss\u00e3o de Valores Mobili\u00e1rios (CVM)<\/a>, a Minerva explica que seu capital social passar\u00e1 dos atuais R$ 1.371.393.343,46, divididos em 549.629.035 a\u00e7\u00f5es ordin\u00e1rias, para R$ 1.371.421.290,61, divididos em 549.634.220 pap\u00e9is ordin\u00e1rios.<\/p>\n<p>Nesse sentido, o aumento ser\u00e1 de R$ 27.947,15, mediante a emiss\u00e3o de 5.185 novas<strong> a\u00e7\u00f5es ordin\u00e1rias<\/strong>, com pre\u00e7o de emiss\u00e3o de R$ 5,39 cada uma.<\/p>\n<p><a href=\"https:\/\/lp.suno.com.br\/suno-one\/\">Suno One: acesse gratuitamente eBooks, Minicursos, Artigos e V\u00eddeo Aulas sobre investimentos com um \u00fanico cadastro. Clique para saber mais!<\/a><\/p>\n<p>&#8220;As a\u00e7\u00f5es emitidas em raz\u00e3o do aumento de capital social far\u00e3o jus ao recebimento de dividendos integrais, bem como a qualquer remunera\u00e7\u00e3o de capital que vierem a ser declarados pela Companhia a partir da data do exerc\u00edcio dos B\u00f4nus de Subscri\u00e7\u00e3o, e a todos os demais direitos e benef\u00edcios que forem conferidos aos demais detentores de a\u00e7\u00f5es ordin\u00e1rias de emiss\u00e3o da Companhia a partir de ent\u00e3o, em igualdade de condi\u00e7\u00f5es com as demais a\u00e7\u00f5es de emiss\u00e3o da Companhia&#8221;, destaca a Minerva.<\/p>\n<p>Vale destacar que o aumento do capital social da companhia decorre da convers\u00e3o dos B\u00f4nus de Subscri\u00e7\u00e3o, que foram emitidos como vantagem adicional aos subscritores do aumento de capital social aprovado e homologado em meados de 2018.<\/p>\n\t<p>\n\t\t<a href=\"https:\/\/lp.suno.com.br\/planilha-da-vida-financeira\/\" target=\"_blank\" data-element=\"shortcode-suno-banner\" title=\"Banner SUNO, clique e saiba mais\">\n\t\t\t<picture>\n\t\t\t\t<source media=\"(max-width: 500px)\" srcset=\"https:\/\/files.sunoresearch.com.br\/n\/uploads\/2023\/04\/400x300-Planilha-vida-financeira-true.png\">\n\t\t\t\t<img class=\"newsContent__article__imgCapa newsContent__article__imgCapa--banner\"\n\t\t\t\t\tsrc=\"https:\/\/files.sunoresearch.com.br\/n\/uploads\/2023\/04\/1420x240-Planilha-vida-financeira-true.png\"\n\t\t\t\t\tdata-promo-id=\"106682\"\t\t\t\t\t\t\t\t\t\twidth='1420' height='240'\t\t\t\t\talt=\"https:\/\/files.sunoresearch.com.br\/n\/uploads\/2023\/04\/1420x240-Planilha-vida-financeira-true.png\"\n\t\t\t\t>\n\t\t\t<\/picture>\n\t\t<\/a>\n\t<\/p>\n\n\n<h4>Veja tamb\u00e9m:<\/h4>\n<h2>Minerva compensa piora interna na venda de carne bovina com exporta\u00e7\u00f5es<\/h2>\n<p>Ao participar de uma live promovida pelo <strong>SUNO Not\u00edcias<\/strong> ao final de maio, o diretor financeiro da Minerva, Edison Ticle, afirmou que a empresa continua compensando a queda nas vendas de carne bovina no mercado interno com as exporta\u00e7\u00f5es aquecidas.<\/p>\n<p>Na ocasi\u00e3o, o executivo relembrou o resultado do primeiro trimestre do ano e comentou que o desempenho da companhia foi muito bom, apesar do cen\u00e1rio adverso, de press\u00e3o nos<a href=\"https:\/\/www.suno.com.br\/artigos\/custo-producao\/\"> custos de produ\u00e7\u00e3o.<\/a><\/p>\n\t<div data-element=\"shortcode-read-more\" class=\"knowMore\">\n\t\t\t\t<span class=\"knowMore__title\">Veja tamb\u00e9m<\/span>\n\t\t\t\t<a class=\"knowMore__link\" href=\"https:\/\/www.suno.com.br\/noticias\/minerva-beef3-clientes-internacionais-argentina\/\">\n\t\t\tMinerva (BEEF3) continuar\u00e1 abastecendo mercado externo ap\u00f3s restri\u00e7\u00e3o na Argentina\t\t<\/a>\n\t<\/div>\n\n\n<p>Segundo o diretor financeiro da <strong>Minerva<\/strong>, a principal aten\u00e7\u00e3o ainda \u00e9 o pre\u00e7o da<strong> arroba do boi gordo<\/strong>, que teve um incremento de mais de 50% no 1\u00ba trimestre do ano. &#8220;Isso levantou uma desconfian\u00e7a dos investidores sobre a nossa capacidade de repasse de custos aos pre\u00e7os dos produtos, que n\u00f3s provamos no \u00faltimo <a href=\"https:\/\/www.suno.com.br\/artigos\/o-que-e-balanco-patrimonial\/\">balan\u00e7o financeiro<\/a>&#8220;, disse.<\/p>\n\t<p>\n\t\t<a href=\"https:\/\/lp.suno.com.br\/planilha-de-controle-de-investimentos\/\" target=\"_blank\" data-element=\"shortcode-suno-banner\" title=\"Banner SUNO, clique e saiba mais\">\n\t\t\t<picture>\n\t\t\t\t<source media=\"(max-width: 500px)\" srcset=\"https:\/\/files.sunoresearch.com.br\/n\/uploads\/2023\/03\/400x300-Controle-de-Investimentos.png\">\n\t\t\t\t<img class=\"newsContent__article__imgCapa newsContent__article__imgCapa--banner\"\n\t\t\t\t\tsrc=\"https:\/\/files.sunoresearch.com.br\/n\/uploads\/2023\/03\/1420x240-Controle-de-Investimentos.png\"\n\t\t\t\t\tdata-promo-id=\"75934\"\t\t\t\t\t\t\t\t\t\twidth='1420' height='240'\t\t\t\t\talt=\"https:\/\/files.sunoresearch.com.br\/n\/uploads\/2023\/03\/1420x240-Controle-de-Investimentos.png\"\n\t\t\t\t>\n\t\t\t<\/picture>\n\t\t<\/a>\n\t<\/p>\n\n\n","protected":false},"excerpt":{"rendered":"<p>O conselho de administra\u00e7\u00e3o da Minerva (BEEF3)\u00a0aprovou, nesta ter\u00e7a-feira (15), a homologa\u00e7\u00e3o do aumento do capital social da companhia, independente de reforma estatu\u00e1ria e dentro do limite do capital autorizado. Minerva volta a negar fechamento de capital. Foto: Divulga\u00e7\u00e3o Em fato relevante arquivado na Comiss\u00e3o de Valores Mobili\u00e1rios (CVM), a Minerva explica que seu capital [&hellip;]<\/p>\n","protected":false},"author":39,"featured_media":73284,"comment_status":"closed","ping_status":"closed","sticky":false,"template":"","format":"standard","meta":[],"categories":[64],"tags":[563],"suno_strategy":[],"class_list":["post-158329","post","type-post","status-publish","format-standard","has-post-thumbnail","hentry","category-negocios","tag-minerva-beef11-beef3"],"yoast_head":"<!-- This site is optimized with the Yoast SEO plugin v24.4 - https:\/\/yoast.com\/wordpress\/plugins\/seo\/ -->\n<title>Minerva (BEEF3) aprova homologa\u00e7\u00e3o do aumento do capital social<\/title>\n<meta name=\"description\" content=\"O conselho de administra\u00e7\u00e3o da Minerva (BEEF3)\u00a0aprovou a homologa\u00e7\u00e3o do aumento do capital social da companhia. Clique e saiba mais!\" \/>\n<meta name=\"robots\" content=\"index, follow, max-snippet:-1, max-image-preview:large, max-video-preview:-1\" \/>\n<link rel=\"canonical\" href=\"https:\/\/www.suno.com.br\/noticias\/minerva-beef3-aprova-homologacao-aumento-capital\/\" \/>\n<meta property=\"og:locale\" content=\"pt_BR\" \/>\n<meta property=\"og:type\" content=\"article\" \/>\n<meta property=\"og:title\" content=\"Minerva (BEEF3) aprova homologa\u00e7\u00e3o do aumento do capital social\" \/>\n<meta property=\"og:description\" content=\"O conselho de administra\u00e7\u00e3o da Minerva (BEEF3)\u00a0aprovou a homologa\u00e7\u00e3o do aumento do capital social da companhia. Clique e saiba mais!\" \/>\n<meta property=\"og:url\" content=\"https:\/\/www.suno.com.br\/noticias\/minerva-beef3-aprova-homologacao-aumento-capital\/\" \/>\n<meta property=\"og:site_name\" content=\"Suno Not\u00edcias\" \/>\n<meta property=\"article:publisher\" content=\"https:\/\/facebook.com\/sunoresearch\" \/>\n<meta property=\"og:image\" content=\"https:\/\/files.sunoresearch.com.br\/n\/uploads\/2020\/07\/315b6261-whatsapp-image-2020-07-15-at-15.30.23.jpeg\" \/>\n\t<meta property=\"og:image:width\" content=\"1280\" \/>\n\t<meta property=\"og:image:height\" content=\"853\" \/>\n\t<meta property=\"og:image:type\" content=\"image\/jpeg\" \/>\n<meta name=\"author\" content=\"Laura Moutinho\" \/>\n<meta name=\"twitter:card\" content=\"summary_large_image\" \/>\n<meta name=\"twitter:creator\" content=\"@sunoresearch\" \/>\n<meta name=\"twitter:site\" content=\"@sunoresearch\" \/>\n<meta name=\"twitter:label1\" content=\"Escrito por\" \/>\n\t<meta name=\"twitter:data1\" content=\"Laura Moutinho\" \/>\n\t<meta name=\"twitter:label2\" content=\"Est. tempo de leitura\" \/>\n\t<meta name=\"twitter:data2\" content=\"2 minutos\" \/>\n<script type=\"application\/ld+json\" class=\"yoast-schema-graph\">{\"@context\":\"https:\/\/schema.org\",\"@graph\":[{\"@type\":\"NewsArticle\",\"@id\":\"https:\/\/www.suno.com.br\/noticias\/minerva-beef3-aprova-homologacao-aumento-capital\/#article\",\"isPartOf\":{\"@id\":\"https:\/\/www.suno.com.br\/noticias\/minerva-beef3-aprova-homologacao-aumento-capital\/\"},\"author\":{\"name\":\"Laura Moutinho\",\"@id\":\"https:\/\/www.suno.com.br\/noticias\/#\/schema\/person\/3df0d2808748b74496efe5dbeaef2c72\"},\"headline\":\"Minerva (BEEF3) aprova homologa\u00e7\u00e3o do aumento do capital social\",\"datePublished\":\"2021-06-15T23:07:14+00:00\",\"mainEntityOfPage\":{\"@id\":\"https:\/\/www.suno.com.br\/noticias\/minerva-beef3-aprova-homologacao-aumento-capital\/\"},\"wordCount\":434,\"publisher\":{\"@id\":\"https:\/\/www.suno.com.br\/noticias\/#organization\"},\"image\":{\"@id\":\"https:\/\/www.suno.com.br\/noticias\/minerva-beef3-aprova-homologacao-aumento-capital\/#primaryimage\"},\"thumbnailUrl\":\"https:\/\/files.sunoresearch.com.br\/n\/uploads\/2020\/07\/315b6261-whatsapp-image-2020-07-15-at-15.30.23-jpeg.webp\",\"keywords\":[\"Minerva (BEEF11\/BEEF3)\"],\"articleSection\":[\"Neg\u00f3cios\"],\"inLanguage\":\"pt-BR\"},{\"@type\":\"WebPage\",\"@id\":\"https:\/\/www.suno.com.br\/noticias\/minerva-beef3-aprova-homologacao-aumento-capital\/\",\"url\":\"https:\/\/www.suno.com.br\/noticias\/minerva-beef3-aprova-homologacao-aumento-capital\/\",\"name\":\"Minerva (BEEF3) aprova homologa\u00e7\u00e3o do aumento do capital social\",\"isPartOf\":{\"@id\":\"https:\/\/www.suno.com.br\/noticias\/#website\"},\"primaryImageOfPage\":{\"@id\":\"https:\/\/www.suno.com.br\/noticias\/minerva-beef3-aprova-homologacao-aumento-capital\/#primaryimage\"},\"image\":{\"@id\":\"https:\/\/www.suno.com.br\/noticias\/minerva-beef3-aprova-homologacao-aumento-capital\/#primaryimage\"},\"thumbnailUrl\":\"https:\/\/files.sunoresearch.com.br\/n\/uploads\/2020\/07\/315b6261-whatsapp-image-2020-07-15-at-15.30.23-jpeg.webp\",\"datePublished\":\"2021-06-15T23:07:14+00:00\",\"description\":\"O conselho de administra\u00e7\u00e3o da Minerva (BEEF3)\u00a0aprovou a homologa\u00e7\u00e3o do aumento do capital social da companhia. Clique e saiba mais!\",\"breadcrumb\":{\"@id\":\"https:\/\/www.suno.com.br\/noticias\/minerva-beef3-aprova-homologacao-aumento-capital\/#breadcrumb\"},\"inLanguage\":\"pt-BR\",\"potentialAction\":[{\"@type\":\"ReadAction\",\"target\":[\"https:\/\/www.suno.com.br\/noticias\/minerva-beef3-aprova-homologacao-aumento-capital\/\"]}]},{\"@type\":\"ImageObject\",\"inLanguage\":\"pt-BR\",\"@id\":\"https:\/\/www.suno.com.br\/noticias\/minerva-beef3-aprova-homologacao-aumento-capital\/#primaryimage\",\"url\":\"https:\/\/files.sunoresearch.com.br\/n\/uploads\/2020\/07\/315b6261-whatsapp-image-2020-07-15-at-15.30.23-jpeg.webp\",\"contentUrl\":\"https:\/\/files.sunoresearch.com.br\/n\/uploads\/2020\/07\/315b6261-whatsapp-image-2020-07-15-at-15.30.23-jpeg.webp\",\"width\":1280,\"height\":853,\"caption\":\"Minerva volta a negar fechamento de capital. Foto: Divulga\u00e7\u00e3o\"},{\"@type\":\"BreadcrumbList\",\"@id\":\"https:\/\/www.suno.com.br\/noticias\/minerva-beef3-aprova-homologacao-aumento-capital\/#breadcrumb\",\"itemListElement\":[{\"@type\":\"ListItem\",\"position\":1,\"name\":\"Not\u00edcias\",\"item\":\"https:\/\/www.suno.com.br\/noticias\/\"},{\"@type\":\"ListItem\",\"position\":2,\"name\":\"Neg\u00f3cios\",\"item\":\"https:\/\/www.suno.com.br\/noticias\/negocios\/\"},{\"@type\":\"ListItem\",\"position\":3,\"name\":\"Minerva (BEEF3) aprova homologa\u00e7\u00e3o do aumento do capital social\"}]},{\"@type\":\"WebSite\",\"@id\":\"https:\/\/www.suno.com.br\/noticias\/#website\",\"url\":\"https:\/\/www.suno.com.br\/noticias\/\",\"name\":\"Suno Not\u00edcias\",\"description\":\"Seu portal de informa\u00e7\u00e3o sobre o mundo dos investimentos\",\"publisher\":{\"@id\":\"https:\/\/www.suno.com.br\/noticias\/#organization\"},\"potentialAction\":[{\"@type\":\"SearchAction\",\"target\":{\"@type\":\"EntryPoint\",\"urlTemplate\":\"https:\/\/www.suno.com.br\/noticias\/?s={search_term_string}\"},\"query-input\":{\"@type\":\"PropertyValueSpecification\",\"valueRequired\":true,\"valueName\":\"search_term_string\"}}],\"inLanguage\":\"pt-BR\"},{\"@type\":\"Organization\",\"@id\":\"https:\/\/www.suno.com.br\/noticias\/#organization\",\"name\":\"Suno Not\u00edcias\",\"url\":\"https:\/\/www.suno.com.br\/noticias\/\",\"logo\":{\"@type\":\"ImageObject\",\"inLanguage\":\"pt-BR\",\"@id\":\"https:\/\/www.suno.com.br\/noticias\/#\/schema\/logo\/image\/\",\"url\":\"https:\/\/files.sunoresearch.com.br\/n\/uploads\/2021\/09\/suno-logo.png\",\"contentUrl\":\"https:\/\/files.sunoresearch.com.br\/n\/uploads\/2021\/09\/suno-logo.png\",\"width\":180,\"height\":180,\"caption\":\"Suno Not\u00edcias\"},\"image\":{\"@id\":\"https:\/\/www.suno.com.br\/noticias\/#\/schema\/logo\/image\/\"},\"sameAs\":[\"https:\/\/facebook.com\/sunoresearch\",\"https:\/\/x.com\/sunoresearch\",\"https:\/\/www.instagram.com\/suno\",\"https:\/\/www.linkedin.com\/company\/suno-research\/\",\"https:\/\/www.youtube.com\/c\/sunoresearch\"]},{\"@type\":\"Person\",\"@id\":\"https:\/\/www.suno.com.br\/noticias\/#\/schema\/person\/3df0d2808748b74496efe5dbeaef2c72\",\"name\":\"Laura Moutinho\",\"image\":{\"@type\":\"ImageObject\",\"inLanguage\":\"pt-BR\",\"@id\":\"https:\/\/www.suno.com.br\/noticias\/#\/schema\/person\/image\/\",\"url\":\"https:\/\/secure.gravatar.com\/avatar\/7571c7c8ca3a6fca5e41384ece5557ff?s=96&r=g\",\"contentUrl\":\"https:\/\/secure.gravatar.com\/avatar\/7571c7c8ca3a6fca5e41384ece5557ff?s=96&r=g\",\"caption\":\"Laura Moutinho\"},\"description\":\"Estagi\u00e1ria na Suno Not\u00edcias, escreve not\u00edcias que afetam o mercado financeiro. Estuda administra\u00e7\u00e3o na Universidade Presbiteriana Mackenzie.\",\"url\":\"https:\/\/www.suno.com.br\/noticias\/author\/laura-moutinho\/\"}]}<\/script>\n<!-- \/ Yoast SEO plugin. -->","yoast_head_json":{"title":"Minerva (BEEF3) aprova homologa\u00e7\u00e3o do aumento do capital social","description":"O conselho de administra\u00e7\u00e3o da Minerva (BEEF3)\u00a0aprovou a homologa\u00e7\u00e3o do aumento do capital social da companhia. Clique e saiba mais!","robots":{"index":"index","follow":"follow","max-snippet":"max-snippet:-1","max-image-preview":"max-image-preview:large","max-video-preview":"max-video-preview:-1"},"canonical":"https:\/\/www.suno.com.br\/noticias\/minerva-beef3-aprova-homologacao-aumento-capital\/","og_locale":"pt_BR","og_type":"article","og_title":"Minerva (BEEF3) aprova homologa\u00e7\u00e3o do aumento do capital social","og_description":"O conselho de administra\u00e7\u00e3o da Minerva (BEEF3)\u00a0aprovou a homologa\u00e7\u00e3o do aumento do capital social da companhia. Clique e saiba mais!","og_url":"https:\/\/www.suno.com.br\/noticias\/minerva-beef3-aprova-homologacao-aumento-capital\/","og_site_name":"Suno Not\u00edcias","article_publisher":"https:\/\/facebook.com\/sunoresearch","og_image":[{"width":1280,"height":853,"url":"https:\/\/files.sunoresearch.com.br\/n\/uploads\/2020\/07\/315b6261-whatsapp-image-2020-07-15-at-15.30.23.jpeg","type":"image\/jpeg"}],"author":"Laura Moutinho","twitter_card":"summary_large_image","twitter_creator":"@sunoresearch","twitter_site":"@sunoresearch","twitter_misc":{"Escrito por":"Laura Moutinho","Est. tempo de leitura":"2 minutos"},"schema":{"@context":"https:\/\/schema.org","@graph":[{"@type":"NewsArticle","@id":"https:\/\/www.suno.com.br\/noticias\/minerva-beef3-aprova-homologacao-aumento-capital\/#article","isPartOf":{"@id":"https:\/\/www.suno.com.br\/noticias\/minerva-beef3-aprova-homologacao-aumento-capital\/"},"author":{"name":"Laura Moutinho","@id":"https:\/\/www.suno.com.br\/noticias\/#\/schema\/person\/3df0d2808748b74496efe5dbeaef2c72"},"headline":"Minerva (BEEF3) aprova homologa\u00e7\u00e3o do aumento do capital social","datePublished":"2021-06-15T23:07:14+00:00","mainEntityOfPage":{"@id":"https:\/\/www.suno.com.br\/noticias\/minerva-beef3-aprova-homologacao-aumento-capital\/"},"wordCount":434,"publisher":{"@id":"https:\/\/www.suno.com.br\/noticias\/#organization"},"image":{"@id":"https:\/\/www.suno.com.br\/noticias\/minerva-beef3-aprova-homologacao-aumento-capital\/#primaryimage"},"thumbnailUrl":"https:\/\/files.sunoresearch.com.br\/n\/uploads\/2020\/07\/315b6261-whatsapp-image-2020-07-15-at-15.30.23-jpeg.webp","keywords":["Minerva (BEEF11\/BEEF3)"],"articleSection":["Neg\u00f3cios"],"inLanguage":"pt-BR"},{"@type":"WebPage","@id":"https:\/\/www.suno.com.br\/noticias\/minerva-beef3-aprova-homologacao-aumento-capital\/","url":"https:\/\/www.suno.com.br\/noticias\/minerva-beef3-aprova-homologacao-aumento-capital\/","name":"Minerva (BEEF3) aprova homologa\u00e7\u00e3o do aumento do capital social","isPartOf":{"@id":"https:\/\/www.suno.com.br\/noticias\/#website"},"primaryImageOfPage":{"@id":"https:\/\/www.suno.com.br\/noticias\/minerva-beef3-aprova-homologacao-aumento-capital\/#primaryimage"},"image":{"@id":"https:\/\/www.suno.com.br\/noticias\/minerva-beef3-aprova-homologacao-aumento-capital\/#primaryimage"},"thumbnailUrl":"https:\/\/files.sunoresearch.com.br\/n\/uploads\/2020\/07\/315b6261-whatsapp-image-2020-07-15-at-15.30.23-jpeg.webp","datePublished":"2021-06-15T23:07:14+00:00","description":"O conselho de administra\u00e7\u00e3o da Minerva (BEEF3)\u00a0aprovou a homologa\u00e7\u00e3o do aumento do capital social da companhia. Clique e saiba mais!","breadcrumb":{"@id":"https:\/\/www.suno.com.br\/noticias\/minerva-beef3-aprova-homologacao-aumento-capital\/#breadcrumb"},"inLanguage":"pt-BR","potentialAction":[{"@type":"ReadAction","target":["https:\/\/www.suno.com.br\/noticias\/minerva-beef3-aprova-homologacao-aumento-capital\/"]}]},{"@type":"ImageObject","inLanguage":"pt-BR","@id":"https:\/\/www.suno.com.br\/noticias\/minerva-beef3-aprova-homologacao-aumento-capital\/#primaryimage","url":"https:\/\/files.sunoresearch.com.br\/n\/uploads\/2020\/07\/315b6261-whatsapp-image-2020-07-15-at-15.30.23-jpeg.webp","contentUrl":"https:\/\/files.sunoresearch.com.br\/n\/uploads\/2020\/07\/315b6261-whatsapp-image-2020-07-15-at-15.30.23-jpeg.webp","width":1280,"height":853,"caption":"Minerva volta a negar fechamento de capital. Foto: Divulga\u00e7\u00e3o"},{"@type":"BreadcrumbList","@id":"https:\/\/www.suno.com.br\/noticias\/minerva-beef3-aprova-homologacao-aumento-capital\/#breadcrumb","itemListElement":[{"@type":"ListItem","position":1,"name":"Not\u00edcias","item":"https:\/\/www.suno.com.br\/noticias\/"},{"@type":"ListItem","position":2,"name":"Neg\u00f3cios","item":"https:\/\/www.suno.com.br\/noticias\/negocios\/"},{"@type":"ListItem","position":3,"name":"Minerva (BEEF3) aprova homologa\u00e7\u00e3o do aumento do capital social"}]},{"@type":"WebSite","@id":"https:\/\/www.suno.com.br\/noticias\/#website","url":"https:\/\/www.suno.com.br\/noticias\/","name":"Suno Not\u00edcias","description":"Seu portal de informa\u00e7\u00e3o sobre o mundo dos investimentos","publisher":{"@id":"https:\/\/www.suno.com.br\/noticias\/#organization"},"potentialAction":[{"@type":"SearchAction","target":{"@type":"EntryPoint","urlTemplate":"https:\/\/www.suno.com.br\/noticias\/?s={search_term_string}"},"query-input":{"@type":"PropertyValueSpecification","valueRequired":true,"valueName":"search_term_string"}}],"inLanguage":"pt-BR"},{"@type":"Organization","@id":"https:\/\/www.suno.com.br\/noticias\/#organization","name":"Suno Not\u00edcias","url":"https:\/\/www.suno.com.br\/noticias\/","logo":{"@type":"ImageObject","inLanguage":"pt-BR","@id":"https:\/\/www.suno.com.br\/noticias\/#\/schema\/logo\/image\/","url":"https:\/\/files.sunoresearch.com.br\/n\/uploads\/2021\/09\/suno-logo.png","contentUrl":"https:\/\/files.sunoresearch.com.br\/n\/uploads\/2021\/09\/suno-logo.png","width":180,"height":180,"caption":"Suno Not\u00edcias"},"image":{"@id":"https:\/\/www.suno.com.br\/noticias\/#\/schema\/logo\/image\/"},"sameAs":["https:\/\/facebook.com\/sunoresearch","https:\/\/x.com\/sunoresearch","https:\/\/www.instagram.com\/suno","https:\/\/www.linkedin.com\/company\/suno-research\/","https:\/\/www.youtube.com\/c\/sunoresearch"]},{"@type":"Person","@id":"https:\/\/www.suno.com.br\/noticias\/#\/schema\/person\/3df0d2808748b74496efe5dbeaef2c72","name":"Laura Moutinho","image":{"@type":"ImageObject","inLanguage":"pt-BR","@id":"https:\/\/www.suno.com.br\/noticias\/#\/schema\/person\/image\/","url":"https:\/\/secure.gravatar.com\/avatar\/7571c7c8ca3a6fca5e41384ece5557ff?s=96&r=g","contentUrl":"https:\/\/secure.gravatar.com\/avatar\/7571c7c8ca3a6fca5e41384ece5557ff?s=96&r=g","caption":"Laura Moutinho"},"description":"Estagi\u00e1ria na Suno Not\u00edcias, escreve not\u00edcias que afetam o mercado financeiro. Estuda administra\u00e7\u00e3o na Universidade Presbiteriana Mackenzie.","url":"https:\/\/www.suno.com.br\/noticias\/author\/laura-moutinho\/"}]}},"default_loop_html":"<div class=\"cardsPage__listCard__boxs\"><div class=\"cardsPage__listCard__boxs__img\"><a href=\"https:\/\/www.suno.com.br\/noticias\/minerva-beef3-aprova-homologacao-aumento-capital\/\"><img class=\"mask\" src=\"https:\/\/www.suno.com.br\/noticias\/wp-content\/themes\/suno\/resources\/images\/spotlight\/spotlight1img\/bg-mask.png\" alt=\"Image Mask\"\/><img src=\"https:\/\/files.sunoresearch.com.br\/n\/uploads\/2020\/07\/315b6261-whatsapp-image-2020-07-15-at-15.30.23-400x200.webp\" alt=\"Minerva (BEEF3) aprova homologa\u00e7\u00e3o do aumento do capital social\"\/><\/a><span class=\"spotlightCategory\"><a href=\"https:\/\/www.suno.com.br\/noticias\/negocios\/\">Neg\u00f3cios<\/a><\/span><\/div><div class=\"cardsPage__listCard__boxs__content\"><a href=\"https:\/\/www.suno.com.br\/noticias\/minerva-beef3-aprova-homologacao-aumento-capital\/\"><h2 class=\"content__title\">Minerva (BEEF3) aprova homologa\u00e7\u00e3o do aumento do capital social<\/h2><\/a><div class=\"newsContent__article__meta\"><div class=\"newsContent__article__meta__authorBox\"><a href=\"https:\/\/www.suno.com.br\/noticias\/author\/laura-moutinho\/\" class=\"authorBox__avatar noMobi\"><img src=\"https:\/\/files.sunoresearch.com.br\/n\/uploads\/2020\/08\/531ff69d-whatsapp-image-2020-08-03-at-14.54.38-150x150.webp\" alt=\"Laura Moutinho\"><\/a><div class=\"authorBox__name\"><span>por\n\t\t\t<a href=\"https:\/\/www.suno.com.br\/noticias\/author\/laura-moutinho\/\"><span itemprop=\"author\">Laura Moutinho<\/span><\/a><\/span><time datetime=\"2021-06-15T20:07:14-03:00\" itemprop=\"datePublished\">15\/06\/2021 20:07<\/time><\/div><\/div><\/div><\/div><\/div>","single_layout":"posts","amp_enabled":true,"_links":{"self":[{"href":"https:\/\/www.suno.com.br\/noticias\/wp-json\/wp\/v2\/posts\/158329"}],"collection":[{"href":"https:\/\/www.suno.com.br\/noticias\/wp-json\/wp\/v2\/posts"}],"about":[{"href":"https:\/\/www.suno.com.br\/noticias\/wp-json\/wp\/v2\/types\/post"}],"author":[{"embeddable":true,"href":"https:\/\/www.suno.com.br\/noticias\/wp-json\/wp\/v2\/users\/39"}],"replies":[{"embeddable":true,"href":"https:\/\/www.suno.com.br\/noticias\/wp-json\/wp\/v2\/comments?post=158329"}],"version-history":[{"count":2,"href":"https:\/\/www.suno.com.br\/noticias\/wp-json\/wp\/v2\/posts\/158329\/revisions"}],"predecessor-version":[{"id":158348,"href":"https:\/\/www.suno.com.br\/noticias\/wp-json\/wp\/v2\/posts\/158329\/revisions\/158348"}],"wp:featuredmedia":[{"embeddable":true,"href":"https:\/\/www.suno.com.br\/noticias\/wp-json\/wp\/v2\/media\/73284"}],"wp:attachment":[{"href":"https:\/\/www.suno.com.br\/noticias\/wp-json\/wp\/v2\/media?parent=158329"}],"wp:term":[{"taxonomy":"category","embeddable":true,"href":"https:\/\/www.suno.com.br\/noticias\/wp-json\/wp\/v2\/categories?post=158329"},{"taxonomy":"post_tag","embeddable":true,"href":"https:\/\/www.suno.com.br\/noticias\/wp-json\/wp\/v2\/tags?post=158329"},{"taxonomy":"suno_strategy","embeddable":true,"href":"https:\/\/www.suno.com.br\/noticias\/wp-json\/wp\/v2\/suno_strategy?post=158329"}],"curies":[{"name":"wp","href":"https:\/\/api.w.org\/{rel}","templated":true}]}}