{"id":158285,"date":"2021-06-15T18:56:42","date_gmt":"2021-06-15T21:56:42","guid":{"rendered":"https:\/\/www.suno.com.br\/noticias\/?p=158285"},"modified":"2021-06-15T18:56:42","modified_gmt":"2021-06-15T21:56:42","slug":"cvm-condena-irmao-eike-batista-insider-trading","status":"publish","type":"post","link":"https:\/\/www.suno.com.br\/noticias\/cvm-condena-irmao-eike-batista-insider-trading\/","title":{"rendered":"Irm\u00e3o de Eike Batista \u00e9 condenado pela CVM por insider trading com a\u00e7\u00f5es da CCX"},"content":{"rendered":"<p>Lars Batista, irm\u00e3o do empres\u00e1rio <strong><a class=\"suno-keyword\" href=\"https:\/\/www.suno.com.br\/tudo-sobre\/eike-batista\/\" target=\"_blank\" rel=\"noopener noreferrer\" data-force=\"no\" data-priority=\"2\">Eike Batista<\/a><\/strong>, foi condenado nesta ter\u00e7a-feira (15) pela Comiss\u00e3o de Valores Mobili\u00e1rios (CVM), por uso de informa\u00e7\u00e3o privilegiada (<a class=\"suno-keyword\" href=\"https:\/\/www.suno.com.br\/artigos\/insider-trading\/\" target=\"_blank\" rel=\"noopener noreferrer\" data-force=\"no\" data-priority=\"1\">insider trading<\/a>) na negocia\u00e7\u00e3o com a\u00e7\u00f5es da CCX Carv\u00e3o Col\u00f4mbia\u00a0em 2013.<\/p>\t<div class=\"wrapper-featured-image\">\n\t\t<figure class=\"spotlightImg\">\n\n\t\t\t<picture>\n\t\t\t\t<source media=\"(max-width: 768px)\" srcset=\"https:\/\/files.sunoresearch.com.br\/n\/uploads\/2021\/06\/8b604876-cvm-400x200.webp\">\n\t\t\t\t<img loading=\"lazy\" decoding=\"async\" class=\"newsContent__article__imgCapa lazyloadDisabled \" src=\"https:\/\/files.sunoresearch.com.br\/n\/uploads\/2021\/06\/8b604876-cvm-800x450.webp\" width=\"800\" height=\"450\" alt=\"Irm\u00e3o de Eike Batista \u00e9 condenado pela CVM por insider trading com a\u00e7\u00f5es da CCX\" fetchpriority=high \/>\n\t\t\t<\/picture>\n\n\t\t\t<figcaption class=\"wp-caption-text wp-caption-text--show\">CVM. Foto: Reprodu\u00e7\u00e3o Facebook<\/figcaption>\n\t\t<\/figure>\n\t<\/div>\n\n\n\t<p>\n\t\t<a href=\"https:\/\/lp.suno.com.br\/planilha-controle-gastos\/\" target=\"_blank\" data-element=\"shortcode-suno-banner\" title=\"Banner SUNO, clique e saiba mais\">\n\t\t\t<picture>\n\t\t\t\t<source media=\"(max-width: 500px)\" srcset=\"https:\/\/files.sunoresearch.com.br\/n\/uploads\/2023\/03\/400x300-Planilha-controle-de-gastos.png\">\n\t\t\t\t<img class=\"newsContent__article__imgCapa newsContent__article__imgCapa--banner\"\n\t\t\t\t\tsrc=\"https:\/\/files.sunoresearch.com.br\/n\/uploads\/2023\/03\/1420x240-Planilha-controle-de-gastos.png\"\n\t\t\t\t\tdata-promo-id=\"101751\"\t\t\t\t\t\t\t\t\t\twidth='1420' height='240'\t\t\t\t\talt=\"https:\/\/files.sunoresearch.com.br\/n\/uploads\/2023\/03\/1420x240-Planilha-controle-de-gastos.png\"\n\t\t\t\t>\n\t\t\t<\/picture>\n\t\t<\/a>\n\t<\/p>\n\n\n<p>o irm\u00e3o de Eike Batista foi multado em R$ 44.755,80, duas vezes os ganhos obtidos com as opera\u00e7\u00f5es. Al\u00e9m disso, no mesmo processo, mais sete acusados foram condenados, num total de R$ 3,21 milh\u00f5es em multas.<\/p>\n<p>As a\u00e7\u00f5es da <strong>CCX<\/strong> tiveram valoriza\u00e7\u00e3o de 64,74% de 17 a 21 de janeiro de 2013, per\u00edodo que antecedeu o an\u00fancio de <strong>fechamento de capital da companhia<\/strong> pelo ent\u00e3o controlador, Eike Batista &#8212; o <a class=\"suno-keyword\" href=\"https:\/\/www.suno.com.br\/artigos\/fato-relevante\/\" target=\"_blank\" rel=\"noopener noreferrer\" data-force=\"no\" data-priority=\"1\">fato relevante<\/a> foi divulgado na noite do dia 21.<\/p>\n<p><a href=\"https:\/\/lp.suno.com.br\/suno-one\/\">Suno One: acesse gratuitamente eBooks, Minicursos, Artigos e V\u00eddeo Aulas sobre investimentos com um \u00fanico cadastro. Clique para saber mais!<\/a><\/p>\n<p>O comportamento dos pap\u00e9is foi &#8220;fora do padr\u00e3o&#8221; na Bolsa, com volume de negocia\u00e7\u00e3o elevado. Com isso, <a href=\"https:\/\/www.suno.com.br\/artigos\/cvm\/\">a <strong>C<\/strong><strong>VM <\/strong><\/a>decidiu abrir, na \u00e9poca, um processo para investigar o poss\u00edvel <strong>vazamento de informa\u00e7\u00f5es.<\/strong><\/p>\n<p>O inqu\u00e9rito mostra que <strong>Lars Batista<\/strong> operou com <strong>pap\u00e9is da CCX<\/strong> em 21 de janeiro, horas antes da divulga\u00e7\u00e3o do fato relevante sobre o fechamento de capital. Ele adquiriu 21.800 a\u00e7\u00f5es da CCX de manh\u00e3 e vendeu as a\u00e7\u00f5es no mesmo dia, na parte da tarde, auferindo lucro de R$ 14.947. No processo, a Comiss\u00e3o de Inqu\u00e9rito da CVM lembrou que Lars possui &#8220;v\u00ednculos pessoais e profissionais&#8221; com o grupo EBX e com a pr\u00f3pria CCX.<\/p>\n<h2>Irm\u00e3o de Eike Batista tinha v\u00ednculo com assessor financeiro que sabia sobre fechamento de capital<\/h2>\n<p>Al\u00e9m do la\u00e7o familiar com Eike Batista, a CVM chamou aten\u00e7\u00e3o para os v\u00ednculos de Lars Batista com um dos assessores financeiros que tiveram acesso pr\u00e9vio \u00e0s informa\u00e7\u00f5es divulgadas no fato relevante do fechamento de capital. Lars integrou com esse assessor, identificado no processo como &#8220;L.A.C.&#8221;, entre 2008 e 2012, o <a class=\"suno-keyword\" href=\"https:\/\/www.suno.com.br\/artigos\/conselho-administracao\/\" target=\"_blank\" rel=\"noopener noreferrer\" data-force=\"no\" data-priority=\"1\">conselho de administra\u00e7\u00e3o<\/a> da Ideiasnet, empresa investida pelo grupo EBX.<\/p>\n<p>Segundo o inqu\u00e9rito, Lars teria apresentado fundamenta\u00e7\u00f5es contradit\u00f3rias para a realiza\u00e7\u00e3o da<strong> opera\u00e7\u00e3o <a href=\"https:\/\/www.suno.com.br\/artigos\/day-trade\/\">day-trade<\/a><\/strong><a href=\"https:\/\/www.suno.com.br\/artigos\/day-trade\/\">.<\/a> Primeiro, teria dito ao operador da XP, que executou a ordem, que a compra das a\u00e7\u00f5es teria sido fruto de um engano. Posteriormente, disse para a CVM que a opera\u00e7\u00e3o foi resultado de um processo de reflex\u00e3o e an\u00e1lise. Por fim, em depoimento para a Comiss\u00e3o de Inqu\u00e9rito da CVM, alegou n\u00e3o se recordar dos motivos.<\/p>\n\t<p>\n\t\t<a href=\"https:\/\/lp.suno.com.br\/planilha-da-vida-financeira\/\" target=\"_blank\" data-element=\"shortcode-suno-banner\" title=\"Banner SUNO, clique e saiba mais\">\n\t\t\t<picture>\n\t\t\t\t<source media=\"(max-width: 500px)\" srcset=\"https:\/\/files.sunoresearch.com.br\/n\/uploads\/2023\/04\/400x300-Planilha-vida-financeira-true.png\">\n\t\t\t\t<img class=\"newsContent__article__imgCapa newsContent__article__imgCapa--banner\"\n\t\t\t\t\tsrc=\"https:\/\/files.sunoresearch.com.br\/n\/uploads\/2023\/04\/1420x240-Planilha-vida-financeira-true.png\"\n\t\t\t\t\tdata-promo-id=\"106682\"\t\t\t\t\t\t\t\t\t\twidth='1420' height='240'\t\t\t\t\talt=\"https:\/\/files.sunoresearch.com.br\/n\/uploads\/2023\/04\/1420x240-Planilha-vida-financeira-true.png\"\n\t\t\t\t>\n\t\t\t<\/picture>\n\t\t<\/a>\n\t<\/p>\n\n\n<p>Respons\u00e1vel pela relatoria do caso, o diretor da CVM Henrique Machado voltou pela absolvi\u00e7\u00e3o de Lars Batista. Para ele, n\u00e3o consta nos autos qualquer troca de informa\u00e7\u00e3o entre os irm\u00e3os sobre os neg\u00f3cios da CCX ou de outra companhia do grupo. Por\u00e9m, os diretores Alexandre Rangel, Fl\u00e1via Perlingeiro e Marcelo Barbosa, presidente da CVM, divergiram do relator e decidiram pela condena\u00e7\u00e3o do irm\u00e3o de Eike Batista.<\/p>\n<h2><b>Condena\u00e7\u00f5es<\/b><\/h2>\n<p>A maior condena\u00e7\u00e3o do processo coube a Fernando Henrique Frare Bertin, com multa de R$ 949.193,48, equivalente a duas vezes o valor da vantagem obtida com negocia\u00e7\u00f5es nos pap\u00e9is da CCX. Empres\u00e1rio do ramo agropecu\u00e1rio, Bertin tinha como h\u00e1bito, at\u00e9 ent\u00e3o, operar focado no <a class=\"suno-keyword\" href=\"https:\/\/www.suno.com.br\/artigos\/contrato-futuro\/\" target=\"_blank\" rel=\"noopener noreferrer\" data-force=\"no\" data-priority=\"1\">mercado futuro<\/a>, especialmente em contratos de boi gordo.<\/p>\n<p>&#8220;Ressalte-se, tamb\u00e9m, o perfeito timing dessas aquisi\u00e7\u00f5es em rela\u00e7\u00e3o \u00e0 publica\u00e7\u00e3o do fato relevante, e a venda das a\u00e7\u00f5es no preg\u00e3o imediatamente seguinte, em t\u00edpico comportamento de insider&#8221;, segundo a CVM.<\/p>\n<p>Foram condenados tamb\u00e9m:<\/p>\n<ul>\n<li>Achilles Balsini (multa de R$ 846.746,46);<\/li>\n<li>Francisco Borges de Souza Dantas (multa de R$ 376.593,26);<\/li>\n<li>Francisco Eduardo de Souza Dantas (multa de R$ 243.142,20);<\/li>\n<li>Normandia Investimentos Ltda (multa de R$ 250.000);<\/li>\n<li>Bernardo Werther de Ara\u00fajo (multa de R$ 250.000);<\/li>\n<li>Marcelo dos Reis de Moraes (multa de R$ 250.000).<\/li>\n<\/ul>\n<p>No voto, seguido pelos demais diretores, o relator considerou uma s\u00e9rie de elementos para a condena\u00e7\u00e3o dos acusados, como a atipicidade de opera\u00e7\u00e3o e &#8220;perfeito timing&#8221; de neg\u00f3cios em rela\u00e7\u00e3o ao fato relevante.<\/p>\n\n\t<div data-element=\"shortcode-read-more\" class=\"readToo\">\n\t\t\t\t<span class=\"readToo__title\">Veja tamb\u00e9m <\/span>\n\t\t\t\t<ul class=\"readToo__list\">\n\t\t\t<li><a href=\"https:\/\/www.suno.com.br\/noticias\/cvm-absolve-eike-batista-falhas-curriculo\/\">CVM absolve Eike Batista em processo sobre falhas no curr\u00edculo<\/a><\/li><li><a href=\"https:\/\/www.suno.com.br\/noticias\/eike-batista-condenado-insider-trading-manipulacao-mercado\/\">Eike Batista \u00e9 condenado por insider trading e manipula\u00e7\u00e3o de mercado<\/a><\/li>\t\t<\/ul>\n\t<\/div>\n\n\n<p>&#8220;No presente caso, frente \u00e0 aus\u00eancia de prova direta do acesso \u00e0 informa\u00e7\u00e3o, a Comiss\u00e3o de Inqu\u00e9rito vale-se da prova indici\u00e1ria, relacionando, para cada um dos acusados, um conjunto de ind\u00edcios que comprovaria que suas negocia\u00e7\u00f5es com <strong>CCXC3<\/strong>, previamente \u00e0 divulga\u00e7\u00e3o do fato relevante, foram feitas com a ci\u00eancia pr\u00e9via da opera\u00e7\u00e3o de cancelamento de registro&#8221;, acrescentou o relator.<\/p>\n<p>Foram absolvidos das acusa\u00e7\u00f5es formuladas no processo Renato Andr\u00e9 Vodovoz; RAV 13 Administra\u00e7\u00f5es e Participa\u00e7\u00e3o Eireli, sucessora de GEB Participa\u00e7\u00f5es e Administra\u00e7\u00e3o S.A; Leonardo Brunet Mendes de Moraes; S\u00e9rgio Savielli de Menezes; F\u00e1bio Deslandes; e Marcos Aur\u00e9lio Virzi.<\/p>\n<p>At\u00e9 o fechamento deste texto, a reportagem n\u00e3o havia obtido o posicionamento do irm\u00e3o de <strong>Eike Batista<\/strong> e dos demais citados.<\/p>\n<p><em>Com informa\u00e7\u00f5es do Estad\u00e3o Conte\u00fado<\/em><\/p>\n\t<p>\n\t\t<a href=\"https:\/\/lp.suno.com.br\/planilha-de-controle-de-investimentos\/\" target=\"_blank\" data-element=\"shortcode-suno-banner\" title=\"Banner SUNO, clique e saiba mais\">\n\t\t\t<picture>\n\t\t\t\t<source media=\"(max-width: 500px)\" srcset=\"https:\/\/files.sunoresearch.com.br\/n\/uploads\/2023\/03\/400x300-Controle-de-Investimentos.png\">\n\t\t\t\t<img class=\"newsContent__article__imgCapa newsContent__article__imgCapa--banner\"\n\t\t\t\t\tsrc=\"https:\/\/files.sunoresearch.com.br\/n\/uploads\/2023\/03\/1420x240-Controle-de-Investimentos.png\"\n\t\t\t\t\tdata-promo-id=\"75934\"\t\t\t\t\t\t\t\t\t\twidth='1420' height='240'\t\t\t\t\talt=\"https:\/\/files.sunoresearch.com.br\/n\/uploads\/2023\/03\/1420x240-Controle-de-Investimentos.png\"\n\t\t\t\t>\n\t\t\t<\/picture>\n\t\t<\/a>\n\t<\/p>\n\n\n","protected":false},"excerpt":{"rendered":"<p>Lars Batista, irm\u00e3o do empres\u00e1rio Eike Batista, foi condenado nesta ter\u00e7a-feira (15) pela Comiss\u00e3o de Valores Mobili\u00e1rios (CVM), por uso de informa\u00e7\u00e3o privilegiada (insider trading) na negocia\u00e7\u00e3o com a\u00e7\u00f5es da CCX Carv\u00e3o Col\u00f4mbia\u00a0em 2013. Eike Batista. Foto: Lula Marques\/AGPT. o irm\u00e3o de Eike Batista foi multado em R$ 44.755,80, duas vezes os ganhos obtidos com [&hellip;]<\/p>\n","protected":false},"author":39,"featured_media":155484,"comment_status":"closed","ping_status":"closed","sticky":false,"template":"","format":"standard","meta":[],"categories":[64],"tags":[902,1415,2194],"suno_strategy":[],"class_list":["post-158285","post","type-post","status-publish","format-standard","has-post-thumbnail","hentry","category-negocios","tag-comissao-de-valores-mobiliarios-cvm","tag-eike-batista","tag-insider-trading"],"yoast_head":"<!-- This site is optimized with the Yoast SEO plugin v24.4 - https:\/\/yoast.com\/wordpress\/plugins\/seo\/ -->\n<title>Irm\u00e3o de Eike Batista \u00e9 condenado pela CVM por insider trading<\/title>\n<meta name=\"description\" content=\"Lars Batista, irm\u00e3o de Eike Batista, foi condenado pela CVM por insider trading com a\u00e7\u00f5es da CCX Carv\u00e3o Col\u00f4mbia\u00a0em 2013. Clique e saiba mais\" \/>\n<meta name=\"robots\" content=\"index, follow, max-snippet:-1, max-image-preview:large, max-video-preview:-1\" \/>\n<link rel=\"canonical\" href=\"https:\/\/www.suno.com.br\/noticias\/cvm-condena-irmao-eike-batista-insider-trading\/\" \/>\n<meta property=\"og:locale\" content=\"pt_BR\" \/>\n<meta property=\"og:type\" content=\"article\" \/>\n<meta property=\"og:title\" content=\"Irm\u00e3o de Eike Batista \u00e9 condenado pela CVM por insider trading\" \/>\n<meta property=\"og:description\" content=\"Lars Batista, irm\u00e3o de Eike Batista, foi condenado pela CVM por insider trading com a\u00e7\u00f5es da CCX Carv\u00e3o Col\u00f4mbia\u00a0em 2013. Clique e saiba mais\" \/>\n<meta property=\"og:url\" content=\"https:\/\/www.suno.com.br\/noticias\/cvm-condena-irmao-eike-batista-insider-trading\/\" \/>\n<meta property=\"og:site_name\" content=\"Suno Not\u00edcias\" \/>\n<meta property=\"article:publisher\" content=\"https:\/\/facebook.com\/sunoresearch\" \/>\n<meta property=\"og:image\" content=\"https:\/\/files.sunoresearch.com.br\/n\/uploads\/2021\/06\/8b604876-cvm.png\" \/>\n\t<meta property=\"og:image:width\" content=\"1200\" \/>\n\t<meta property=\"og:image:height\" content=\"828\" \/>\n\t<meta property=\"og:image:type\" content=\"image\/png\" \/>\n<meta name=\"author\" content=\"Laura Moutinho\" \/>\n<meta name=\"twitter:card\" content=\"summary_large_image\" \/>\n<meta name=\"twitter:creator\" content=\"@sunoresearch\" \/>\n<meta name=\"twitter:site\" content=\"@sunoresearch\" \/>\n<meta name=\"twitter:label1\" content=\"Escrito por\" \/>\n\t<meta name=\"twitter:data1\" content=\"Laura Moutinho\" \/>\n\t<meta name=\"twitter:label2\" content=\"Est. tempo de leitura\" \/>\n\t<meta name=\"twitter:data2\" content=\"4 minutos\" \/>\n<script type=\"application\/ld+json\" class=\"yoast-schema-graph\">{\"@context\":\"https:\/\/schema.org\",\"@graph\":[{\"@type\":\"NewsArticle\",\"@id\":\"https:\/\/www.suno.com.br\/noticias\/cvm-condena-irmao-eike-batista-insider-trading\/#article\",\"isPartOf\":{\"@id\":\"https:\/\/www.suno.com.br\/noticias\/cvm-condena-irmao-eike-batista-insider-trading\/\"},\"author\":{\"name\":\"Laura Moutinho\",\"@id\":\"https:\/\/www.suno.com.br\/noticias\/#\/schema\/person\/3df0d2808748b74496efe5dbeaef2c72\"},\"headline\":\"Irm\u00e3o de Eike Batista \u00e9 condenado pela CVM por insider trading com a\u00e7\u00f5es da CCX\",\"datePublished\":\"2021-06-15T21:56:42+00:00\",\"mainEntityOfPage\":{\"@id\":\"https:\/\/www.suno.com.br\/noticias\/cvm-condena-irmao-eike-batista-insider-trading\/\"},\"wordCount\":867,\"publisher\":{\"@id\":\"https:\/\/www.suno.com.br\/noticias\/#organization\"},\"image\":{\"@id\":\"https:\/\/www.suno.com.br\/noticias\/cvm-condena-irmao-eike-batista-insider-trading\/#primaryimage\"},\"thumbnailUrl\":\"https:\/\/files.sunoresearch.com.br\/n\/uploads\/2021\/06\/8b604876-cvm-png.webp\",\"keywords\":[\"Comiss\u00e3o de Valores Mobili\u00e1rios (CVM)\",\"Eike Batista\",\"insider trading\"],\"articleSection\":[\"Neg\u00f3cios\"],\"inLanguage\":\"pt-BR\"},{\"@type\":\"WebPage\",\"@id\":\"https:\/\/www.suno.com.br\/noticias\/cvm-condena-irmao-eike-batista-insider-trading\/\",\"url\":\"https:\/\/www.suno.com.br\/noticias\/cvm-condena-irmao-eike-batista-insider-trading\/\",\"name\":\"Irm\u00e3o de Eike Batista \u00e9 condenado pela CVM por insider trading\",\"isPartOf\":{\"@id\":\"https:\/\/www.suno.com.br\/noticias\/#website\"},\"primaryImageOfPage\":{\"@id\":\"https:\/\/www.suno.com.br\/noticias\/cvm-condena-irmao-eike-batista-insider-trading\/#primaryimage\"},\"image\":{\"@id\":\"https:\/\/www.suno.com.br\/noticias\/cvm-condena-irmao-eike-batista-insider-trading\/#primaryimage\"},\"thumbnailUrl\":\"https:\/\/files.sunoresearch.com.br\/n\/uploads\/2021\/06\/8b604876-cvm-png.webp\",\"datePublished\":\"2021-06-15T21:56:42+00:00\",\"description\":\"Lars Batista, irm\u00e3o de Eike Batista, foi condenado pela CVM por insider trading com a\u00e7\u00f5es da CCX Carv\u00e3o Col\u00f4mbia\u00a0em 2013. Clique e saiba mais\",\"breadcrumb\":{\"@id\":\"https:\/\/www.suno.com.br\/noticias\/cvm-condena-irmao-eike-batista-insider-trading\/#breadcrumb\"},\"inLanguage\":\"pt-BR\",\"potentialAction\":[{\"@type\":\"ReadAction\",\"target\":[\"https:\/\/www.suno.com.br\/noticias\/cvm-condena-irmao-eike-batista-insider-trading\/\"]}]},{\"@type\":\"ImageObject\",\"inLanguage\":\"pt-BR\",\"@id\":\"https:\/\/www.suno.com.br\/noticias\/cvm-condena-irmao-eike-batista-insider-trading\/#primaryimage\",\"url\":\"https:\/\/files.sunoresearch.com.br\/n\/uploads\/2021\/06\/8b604876-cvm-png.webp\",\"contentUrl\":\"https:\/\/files.sunoresearch.com.br\/n\/uploads\/2021\/06\/8b604876-cvm-png.webp\",\"width\":1200,\"height\":828,\"caption\":\"CVM. Foto: Reprodu\u00e7\u00e3o Facebook\"},{\"@type\":\"BreadcrumbList\",\"@id\":\"https:\/\/www.suno.com.br\/noticias\/cvm-condena-irmao-eike-batista-insider-trading\/#breadcrumb\",\"itemListElement\":[{\"@type\":\"ListItem\",\"position\":1,\"name\":\"Not\u00edcias\",\"item\":\"https:\/\/www.suno.com.br\/noticias\/\"},{\"@type\":\"ListItem\",\"position\":2,\"name\":\"Neg\u00f3cios\",\"item\":\"https:\/\/www.suno.com.br\/noticias\/negocios\/\"},{\"@type\":\"ListItem\",\"position\":3,\"name\":\"Irm\u00e3o de Eike Batista \u00e9 condenado pela CVM por insider trading com a\u00e7\u00f5es da CCX\"}]},{\"@type\":\"WebSite\",\"@id\":\"https:\/\/www.suno.com.br\/noticias\/#website\",\"url\":\"https:\/\/www.suno.com.br\/noticias\/\",\"name\":\"Suno Not\u00edcias\",\"description\":\"Seu portal de informa\u00e7\u00e3o sobre o mundo dos investimentos\",\"publisher\":{\"@id\":\"https:\/\/www.suno.com.br\/noticias\/#organization\"},\"potentialAction\":[{\"@type\":\"SearchAction\",\"target\":{\"@type\":\"EntryPoint\",\"urlTemplate\":\"https:\/\/www.suno.com.br\/noticias\/?s={search_term_string}\"},\"query-input\":{\"@type\":\"PropertyValueSpecification\",\"valueRequired\":true,\"valueName\":\"search_term_string\"}}],\"inLanguage\":\"pt-BR\"},{\"@type\":\"Organization\",\"@id\":\"https:\/\/www.suno.com.br\/noticias\/#organization\",\"name\":\"Suno Not\u00edcias\",\"url\":\"https:\/\/www.suno.com.br\/noticias\/\",\"logo\":{\"@type\":\"ImageObject\",\"inLanguage\":\"pt-BR\",\"@id\":\"https:\/\/www.suno.com.br\/noticias\/#\/schema\/logo\/image\/\",\"url\":\"https:\/\/files.sunoresearch.com.br\/n\/uploads\/2021\/09\/suno-logo.png\",\"contentUrl\":\"https:\/\/files.sunoresearch.com.br\/n\/uploads\/2021\/09\/suno-logo.png\",\"width\":180,\"height\":180,\"caption\":\"Suno Not\u00edcias\"},\"image\":{\"@id\":\"https:\/\/www.suno.com.br\/noticias\/#\/schema\/logo\/image\/\"},\"sameAs\":[\"https:\/\/facebook.com\/sunoresearch\",\"https:\/\/x.com\/sunoresearch\",\"https:\/\/www.instagram.com\/suno\",\"https:\/\/www.linkedin.com\/company\/suno-research\/\",\"https:\/\/www.youtube.com\/c\/sunoresearch\"]},{\"@type\":\"Person\",\"@id\":\"https:\/\/www.suno.com.br\/noticias\/#\/schema\/person\/3df0d2808748b74496efe5dbeaef2c72\",\"name\":\"Laura Moutinho\",\"image\":{\"@type\":\"ImageObject\",\"inLanguage\":\"pt-BR\",\"@id\":\"https:\/\/www.suno.com.br\/noticias\/#\/schema\/person\/image\/\",\"url\":\"https:\/\/secure.gravatar.com\/avatar\/7571c7c8ca3a6fca5e41384ece5557ff?s=96&r=g\",\"contentUrl\":\"https:\/\/secure.gravatar.com\/avatar\/7571c7c8ca3a6fca5e41384ece5557ff?s=96&r=g\",\"caption\":\"Laura Moutinho\"},\"description\":\"Estagi\u00e1ria na Suno Not\u00edcias, escreve not\u00edcias que afetam o mercado financeiro. Estuda administra\u00e7\u00e3o na Universidade Presbiteriana Mackenzie.\",\"url\":\"https:\/\/www.suno.com.br\/noticias\/author\/laura-moutinho\/\"}]}<\/script>\n<!-- \/ Yoast SEO plugin. -->","yoast_head_json":{"title":"Irm\u00e3o de Eike Batista \u00e9 condenado pela CVM por insider trading","description":"Lars Batista, irm\u00e3o de Eike Batista, foi condenado pela CVM por insider trading com a\u00e7\u00f5es da CCX Carv\u00e3o Col\u00f4mbia\u00a0em 2013. Clique e saiba mais","robots":{"index":"index","follow":"follow","max-snippet":"max-snippet:-1","max-image-preview":"max-image-preview:large","max-video-preview":"max-video-preview:-1"},"canonical":"https:\/\/www.suno.com.br\/noticias\/cvm-condena-irmao-eike-batista-insider-trading\/","og_locale":"pt_BR","og_type":"article","og_title":"Irm\u00e3o de Eike Batista \u00e9 condenado pela CVM por insider trading","og_description":"Lars Batista, irm\u00e3o de Eike Batista, foi condenado pela CVM por insider trading com a\u00e7\u00f5es da CCX Carv\u00e3o Col\u00f4mbia\u00a0em 2013. Clique e saiba mais","og_url":"https:\/\/www.suno.com.br\/noticias\/cvm-condena-irmao-eike-batista-insider-trading\/","og_site_name":"Suno Not\u00edcias","article_publisher":"https:\/\/facebook.com\/sunoresearch","og_image":[{"width":1200,"height":828,"url":"https:\/\/files.sunoresearch.com.br\/n\/uploads\/2021\/06\/8b604876-cvm.png","type":"image\/png"}],"author":"Laura Moutinho","twitter_card":"summary_large_image","twitter_creator":"@sunoresearch","twitter_site":"@sunoresearch","twitter_misc":{"Escrito por":"Laura Moutinho","Est. tempo de leitura":"4 minutos"},"schema":{"@context":"https:\/\/schema.org","@graph":[{"@type":"NewsArticle","@id":"https:\/\/www.suno.com.br\/noticias\/cvm-condena-irmao-eike-batista-insider-trading\/#article","isPartOf":{"@id":"https:\/\/www.suno.com.br\/noticias\/cvm-condena-irmao-eike-batista-insider-trading\/"},"author":{"name":"Laura Moutinho","@id":"https:\/\/www.suno.com.br\/noticias\/#\/schema\/person\/3df0d2808748b74496efe5dbeaef2c72"},"headline":"Irm\u00e3o de Eike Batista \u00e9 condenado pela CVM por insider trading com a\u00e7\u00f5es da CCX","datePublished":"2021-06-15T21:56:42+00:00","mainEntityOfPage":{"@id":"https:\/\/www.suno.com.br\/noticias\/cvm-condena-irmao-eike-batista-insider-trading\/"},"wordCount":867,"publisher":{"@id":"https:\/\/www.suno.com.br\/noticias\/#organization"},"image":{"@id":"https:\/\/www.suno.com.br\/noticias\/cvm-condena-irmao-eike-batista-insider-trading\/#primaryimage"},"thumbnailUrl":"https:\/\/files.sunoresearch.com.br\/n\/uploads\/2021\/06\/8b604876-cvm-png.webp","keywords":["Comiss\u00e3o de Valores Mobili\u00e1rios (CVM)","Eike Batista","insider trading"],"articleSection":["Neg\u00f3cios"],"inLanguage":"pt-BR"},{"@type":"WebPage","@id":"https:\/\/www.suno.com.br\/noticias\/cvm-condena-irmao-eike-batista-insider-trading\/","url":"https:\/\/www.suno.com.br\/noticias\/cvm-condena-irmao-eike-batista-insider-trading\/","name":"Irm\u00e3o de Eike Batista \u00e9 condenado pela CVM por insider trading","isPartOf":{"@id":"https:\/\/www.suno.com.br\/noticias\/#website"},"primaryImageOfPage":{"@id":"https:\/\/www.suno.com.br\/noticias\/cvm-condena-irmao-eike-batista-insider-trading\/#primaryimage"},"image":{"@id":"https:\/\/www.suno.com.br\/noticias\/cvm-condena-irmao-eike-batista-insider-trading\/#primaryimage"},"thumbnailUrl":"https:\/\/files.sunoresearch.com.br\/n\/uploads\/2021\/06\/8b604876-cvm-png.webp","datePublished":"2021-06-15T21:56:42+00:00","description":"Lars Batista, irm\u00e3o de Eike Batista, foi condenado pela CVM por insider trading com a\u00e7\u00f5es da CCX Carv\u00e3o Col\u00f4mbia\u00a0em 2013. Clique e saiba mais","breadcrumb":{"@id":"https:\/\/www.suno.com.br\/noticias\/cvm-condena-irmao-eike-batista-insider-trading\/#breadcrumb"},"inLanguage":"pt-BR","potentialAction":[{"@type":"ReadAction","target":["https:\/\/www.suno.com.br\/noticias\/cvm-condena-irmao-eike-batista-insider-trading\/"]}]},{"@type":"ImageObject","inLanguage":"pt-BR","@id":"https:\/\/www.suno.com.br\/noticias\/cvm-condena-irmao-eike-batista-insider-trading\/#primaryimage","url":"https:\/\/files.sunoresearch.com.br\/n\/uploads\/2021\/06\/8b604876-cvm-png.webp","contentUrl":"https:\/\/files.sunoresearch.com.br\/n\/uploads\/2021\/06\/8b604876-cvm-png.webp","width":1200,"height":828,"caption":"CVM. Foto: Reprodu\u00e7\u00e3o Facebook"},{"@type":"BreadcrumbList","@id":"https:\/\/www.suno.com.br\/noticias\/cvm-condena-irmao-eike-batista-insider-trading\/#breadcrumb","itemListElement":[{"@type":"ListItem","position":1,"name":"Not\u00edcias","item":"https:\/\/www.suno.com.br\/noticias\/"},{"@type":"ListItem","position":2,"name":"Neg\u00f3cios","item":"https:\/\/www.suno.com.br\/noticias\/negocios\/"},{"@type":"ListItem","position":3,"name":"Irm\u00e3o de Eike Batista \u00e9 condenado pela CVM por insider trading com a\u00e7\u00f5es da CCX"}]},{"@type":"WebSite","@id":"https:\/\/www.suno.com.br\/noticias\/#website","url":"https:\/\/www.suno.com.br\/noticias\/","name":"Suno Not\u00edcias","description":"Seu portal de informa\u00e7\u00e3o sobre o mundo dos investimentos","publisher":{"@id":"https:\/\/www.suno.com.br\/noticias\/#organization"},"potentialAction":[{"@type":"SearchAction","target":{"@type":"EntryPoint","urlTemplate":"https:\/\/www.suno.com.br\/noticias\/?s={search_term_string}"},"query-input":{"@type":"PropertyValueSpecification","valueRequired":true,"valueName":"search_term_string"}}],"inLanguage":"pt-BR"},{"@type":"Organization","@id":"https:\/\/www.suno.com.br\/noticias\/#organization","name":"Suno Not\u00edcias","url":"https:\/\/www.suno.com.br\/noticias\/","logo":{"@type":"ImageObject","inLanguage":"pt-BR","@id":"https:\/\/www.suno.com.br\/noticias\/#\/schema\/logo\/image\/","url":"https:\/\/files.sunoresearch.com.br\/n\/uploads\/2021\/09\/suno-logo.png","contentUrl":"https:\/\/files.sunoresearch.com.br\/n\/uploads\/2021\/09\/suno-logo.png","width":180,"height":180,"caption":"Suno Not\u00edcias"},"image":{"@id":"https:\/\/www.suno.com.br\/noticias\/#\/schema\/logo\/image\/"},"sameAs":["https:\/\/facebook.com\/sunoresearch","https:\/\/x.com\/sunoresearch","https:\/\/www.instagram.com\/suno","https:\/\/www.linkedin.com\/company\/suno-research\/","https:\/\/www.youtube.com\/c\/sunoresearch"]},{"@type":"Person","@id":"https:\/\/www.suno.com.br\/noticias\/#\/schema\/person\/3df0d2808748b74496efe5dbeaef2c72","name":"Laura Moutinho","image":{"@type":"ImageObject","inLanguage":"pt-BR","@id":"https:\/\/www.suno.com.br\/noticias\/#\/schema\/person\/image\/","url":"https:\/\/secure.gravatar.com\/avatar\/7571c7c8ca3a6fca5e41384ece5557ff?s=96&r=g","contentUrl":"https:\/\/secure.gravatar.com\/avatar\/7571c7c8ca3a6fca5e41384ece5557ff?s=96&r=g","caption":"Laura Moutinho"},"description":"Estagi\u00e1ria na Suno Not\u00edcias, escreve not\u00edcias que afetam o mercado financeiro. Estuda administra\u00e7\u00e3o na Universidade Presbiteriana Mackenzie.","url":"https:\/\/www.suno.com.br\/noticias\/author\/laura-moutinho\/"}]}},"default_loop_html":"<div class=\"cardsPage__listCard__boxs\"><div class=\"cardsPage__listCard__boxs__img\"><a href=\"https:\/\/www.suno.com.br\/noticias\/eike-batista-condenado-insider-trading-manipulacao-mercado\/\"><img class=\"mask\" src=\"https:\/\/www.suno.com.br\/noticias\/wp-content\/themes\/suno\/resources\/images\/spotlight\/spotlight1img\/bg-mask.png\" alt=\"Image Mask\"\/><img src=\"https:\/\/files.sunoresearch.com.br\/n\/uploads\/2021\/02\/8ec9eb15-38729044861_8b5ddd1a24_b-400x200.webp\" alt=\"Eike Batista \u00e9 condenado por insider trading e manipula\u00e7\u00e3o de mercado\"\/><\/a><span class=\"spotlightCategory\"><a href=\"https:\/\/www.suno.com.br\/noticias\/negocios\/\">Neg\u00f3cios<\/a><\/span><\/div><div class=\"cardsPage__listCard__boxs__content\"><a href=\"https:\/\/www.suno.com.br\/noticias\/eike-batista-condenado-insider-trading-manipulacao-mercado\/\"><h2 class=\"content__title\">Eike Batista \u00e9 condenado por insider trading e manipula\u00e7\u00e3o de mercado<\/h2><\/a><div class=\"newsContent__article__meta\"><div class=\"newsContent__article__meta__authorBox\"><a href=\"https:\/\/www.suno.com.br\/noticias\/author\/arthur-guimaraes\/\" class=\"authorBox__avatar noMobi\"><img src=\"https:\/\/files.sunoresearch.com.br\/n\/uploads\/2020\/02\/dfb40897-eu-150x150.webp\" alt=\"Arthur Guimar\u00e3es\"><\/a><div class=\"authorBox__name\"><span>por\n\t\t\t<a href=\"https:\/\/www.suno.com.br\/noticias\/author\/arthur-guimaraes\/\"><span itemprop=\"author\">Arthur Guimar\u00e3es<\/span><\/a><\/span><time datetime=\"2021-02-12T15:46:26-03:00\" itemprop=\"datePublished\">12\/02\/2021 15:46<\/time><\/div><\/div><\/div><\/div><\/div>","single_layout":"posts","amp_enabled":true,"_links":{"self":[{"href":"https:\/\/www.suno.com.br\/noticias\/wp-json\/wp\/v2\/posts\/158285"}],"collection":[{"href":"https:\/\/www.suno.com.br\/noticias\/wp-json\/wp\/v2\/posts"}],"about":[{"href":"https:\/\/www.suno.com.br\/noticias\/wp-json\/wp\/v2\/types\/post"}],"author":[{"embeddable":true,"href":"https:\/\/www.suno.com.br\/noticias\/wp-json\/wp\/v2\/users\/39"}],"replies":[{"embeddable":true,"href":"https:\/\/www.suno.com.br\/noticias\/wp-json\/wp\/v2\/comments?post=158285"}],"version-history":[{"count":2,"href":"https:\/\/www.suno.com.br\/noticias\/wp-json\/wp\/v2\/posts\/158285\/revisions"}],"predecessor-version":[{"id":158317,"href":"https:\/\/www.suno.com.br\/noticias\/wp-json\/wp\/v2\/posts\/158285\/revisions\/158317"}],"wp:featuredmedia":[{"embeddable":true,"href":"https:\/\/www.suno.com.br\/noticias\/wp-json\/wp\/v2\/media\/155484"}],"wp:attachment":[{"href":"https:\/\/www.suno.com.br\/noticias\/wp-json\/wp\/v2\/media?parent=158285"}],"wp:term":[{"taxonomy":"category","embeddable":true,"href":"https:\/\/www.suno.com.br\/noticias\/wp-json\/wp\/v2\/categories?post=158285"},{"taxonomy":"post_tag","embeddable":true,"href":"https:\/\/www.suno.com.br\/noticias\/wp-json\/wp\/v2\/tags?post=158285"},{"taxonomy":"suno_strategy","embeddable":true,"href":"https:\/\/www.suno.com.br\/noticias\/wp-json\/wp\/v2\/suno_strategy?post=158285"}],"curies":[{"name":"wp","href":"https:\/\/api.w.org\/{rel}","templated":true}]}}