{"id":158178,"date":"2021-06-15T16:13:22","date_gmt":"2021-06-15T19:13:22","guid":{"rendered":"https:\/\/www.suno.com.br\/noticias\/?p=158178"},"modified":"2021-06-15T16:13:31","modified_gmt":"2021-06-15T19:13:31","slug":"orfaos-da-covid-19-beneficio-mensal-governo","status":"publish","type":"post","link":"https:\/\/www.suno.com.br\/noticias\/orfaos-da-covid-19-beneficio-mensal-governo\/","title":{"rendered":"\u00d3rf\u00e3os da Covid-19 poder\u00e3o receber benef\u00edcio mensal de R$ 250 do governo"},"content":{"rendered":"<p>O governo estuda criar um benef\u00edcio mensal para <strong>\u00f3rf\u00e3os da Covid-19<\/strong>. Segundo o jornal <em>O Estado de S.Paulo<\/em>, o Minist\u00e9rio da Cidadania trabalha com o valor de R$ 240 a R$ 250 por crian\u00e7a e adolescente. A inclus\u00e3o aconteceria na reformula\u00e7\u00e3o do Bolsa Fam\u00edlia.<\/p>\t<div class=\"wrapper-featured-image\">\n\t\t<figure class=\"spotlightImg\">\n\n\t\t\t<picture>\n\t\t\t\t<source media=\"(max-width: 768px)\" srcset=\"https:\/\/files.sunoresearch.com.br\/n\/uploads\/2021\/06\/16ece9f4-woman-5716038_1920-400x200.webp\">\n\t\t\t\t<img loading=\"lazy\" decoding=\"async\" class=\"newsContent__article__imgCapa lazyloadDisabled \" src=\"https:\/\/files.sunoresearch.com.br\/n\/uploads\/2021\/06\/16ece9f4-woman-5716038_1920-800x450.webp\" width=\"800\" height=\"450\" alt=\"\u00d3rf\u00e3os da Covid-19 poder\u00e3o receber benef\u00edcio mensal de R$ 250 do governo\" fetchpriority=high \/>\n\t\t\t<\/picture>\n\n\t\t\t<figcaption class=\"wp-caption-text wp-caption-text--show\">Foto: Pixabay. <\/figcaption>\n\t\t<\/figure>\n\t<\/div>\n\n\n\t<p>\n\t\t<a href=\"https:\/\/lp.suno.com.br\/planilha-controle-gastos\/\" target=\"_blank\" data-element=\"shortcode-suno-banner\" title=\"Banner SUNO, clique e saiba mais\">\n\t\t\t<picture>\n\t\t\t\t<source media=\"(max-width: 500px)\" srcset=\"https:\/\/files.sunoresearch.com.br\/n\/uploads\/2023\/03\/400x300-Planilha-controle-de-gastos.png\">\n\t\t\t\t<img class=\"newsContent__article__imgCapa newsContent__article__imgCapa--banner\"\n\t\t\t\t\tsrc=\"https:\/\/files.sunoresearch.com.br\/n\/uploads\/2023\/03\/1420x240-Planilha-controle-de-gastos.png\"\n\t\t\t\t\tdata-promo-id=\"101751\"\t\t\t\t\t\t\t\t\t\twidth='1420' height='240'\t\t\t\t\talt=\"https:\/\/files.sunoresearch.com.br\/n\/uploads\/2023\/03\/1420x240-Planilha-controle-de-gastos.png\"\n\t\t\t\t>\n\t\t\t<\/picture>\n\t\t<\/a>\n\t<\/p>\n\n\n<p>O benef\u00edcio seria dado automaticamente para crian\u00e7as e adolescentes de fam\u00edlias inclu\u00eddas no programa de transfer\u00eancia de renda em que um respons\u00e1vel familiar, c\u00f4njuge ou adulto tenha falecido em decorr\u00eancia do novo coronav\u00edrus desde o in\u00edcio da pandemia. O benef\u00edcio seria pago aos <a href=\"https:\/\/www.suno.com.br\/noticias\/search\/coronavirus\">\u00f3rf\u00e3os da Covid-19<\/a> at\u00e9 os 18 anos.<\/p>\n<p>O Brasil se aproxima de 500 mil v\u00edtimas pelo v\u00edrus, e o pr\u00f3prio governo \u00e9 alvo de uma <strong>CPI<\/strong> no Senado, que investiga se houve neglig\u00eancia por parte de autoridades federais no trato da pandemia. Dependendo do relat\u00f3rio final, o presidente <strong>Jair Bolsonaro<\/strong> e o ex-ministro da Sa\u00fade Eduardo Panzuello podem ser responsabilizados.<\/p>\n<p><a href=\"https:\/\/lp.suno.com.br\/suno-one\/\"><span style=\"font-weight: 400;\">Suno One: acesse gratuitamente eBooks, Minicursos, Artigos e Video Aulas sobre investimentos com um \u00fanico cadastro. Clique para saber mais!<\/span><\/a><\/p>\n<p>O governo estima gastar R$ 196,2 milh\u00f5es em 2022 para ajudar 68 mil crian\u00e7as e adolescentes de 35 mil fam\u00edlias que, neste momento, se enquadram nesses crit\u00e9rios. O martelo final das regras do programa ainda n\u00e3o foi batido por Bolsonaro.<\/p>\n<p>A identifica\u00e7\u00e3o ser\u00e1 feita por meio do <strong>Cadastro \u00danico<\/strong> de programas sociais, um instrumento de coleta de informa\u00e7\u00f5es para identificar todas as fam\u00edlias de baixa renda existentes no Pa\u00eds para fins de inclus\u00e3o nos programas de assist\u00eancia social e redistribui\u00e7\u00e3o de renda. Com essas informa\u00e7\u00f5es, seriam feitos cruzamentos em base de dados adicionais, como as da DataPrev, para identificar os futuros benefici\u00e1rios.<\/p>\n\t<div data-element=\"shortcode-read-more\" class=\"knowMore\">\n\t\t\t\t<span class=\"knowMore__title\">Leia tamb\u00e9m<\/span>\n\t\t\t\t<a class=\"knowMore__link\" href=\"https:\/\/www.suno.com.br\/noticias\/bradesco-bbdc4-qualidade-ativos-xp\/\">\n\t\t\tBradesco (BBDC4) supera proje\u00e7\u00f5es mas qualidade dos ativos acende alerta, afirma XP\t\t<\/a>\n\t<\/div>\n\n\n<p>A ideia \u00e9 que esse benef\u00edcio n\u00e3o seja contabilizado na renda do Cadastro \u00danico para o acesso aos programas sociais &#8211; ou seja, o valor n\u00e3o seria inclu\u00eddo para o <a href=\"https:\/\/www.suno.com.br\/artigos\/orcamento-familiar\/\">c\u00e1lculo da renda familiar<\/a>. O munic\u00edpio faria o acompanhamento da nova fam\u00edlia da crian\u00e7a.re<\/p>\n<h2>\u00d3rf\u00e3os da Covid-19 receberiam maior valor que o atual Bolsa Fam\u00edlia<\/h2>\n<p>Para o consultor do Congresso Pedro Fernando Nery, o valor em discuss\u00e3o, entre R$ 240 e R$ 250, \u00e9 certamente um grande avan\u00e7o em rela\u00e7\u00e3o ao n\u00edvel do <strong>Bolsa Fam\u00edlia<\/strong>, cujo benef\u00edcio m\u00e9dio est\u00e1 em torno de R$ 190. &#8220;Fica a d\u00favida sobre quem ter\u00e1 direito e qual ser\u00e1 o limite por fam\u00edlia. Porque, se for R$ 250, mas s\u00f3 puder receber quem for muito pobre, seria problem\u00e1tico&#8221;, diz.<\/p>\n<p>Nery ressalta a necessidade de que o governo garanta que o benef\u00edcio possa ser acumulado dentro da mesma fam\u00edlia. Assim, o valor por pessoa se aproximaria da quantia recebida por fam\u00edlias pobres em que o falecido era empregado formal, deixando pens\u00e3o de um <a href=\"https:\/\/www.suno.com.br\/artigos\/salario-minimo\/\"><strong>sal\u00e1rio m\u00ednimo<\/strong><\/a> no INSS.<\/p>\n<p>Em artigo recente publicado no jornal sobre o tema, Nery chamou aten\u00e7\u00e3o para o problema dos \u00f3rf\u00e3os da covid-19. Por diversas raz\u00f5es, a pandemia vitima mais pessoas mais pobres. E suas fam\u00edlias podem n\u00e3o contar com uma rede de prote\u00e7\u00e3o que foi a base de onde se expandiram os Estados modernos: a pens\u00e3o por morte.<\/p>\n\t<p>\n\t\t<a href=\"https:\/\/lp.suno.com.br\/planilha-da-vida-financeira\/\" target=\"_blank\" data-element=\"shortcode-suno-banner\" title=\"Banner SUNO, clique e saiba mais\">\n\t\t\t<picture>\n\t\t\t\t<source media=\"(max-width: 500px)\" srcset=\"https:\/\/files.sunoresearch.com.br\/n\/uploads\/2023\/04\/400x300-Planilha-vida-financeira-true.png\">\n\t\t\t\t<img class=\"newsContent__article__imgCapa newsContent__article__imgCapa--banner\"\n\t\t\t\t\tsrc=\"https:\/\/files.sunoresearch.com.br\/n\/uploads\/2023\/04\/1420x240-Planilha-vida-financeira-true.png\"\n\t\t\t\t\tdata-promo-id=\"106682\"\t\t\t\t\t\t\t\t\t\twidth='1420' height='240'\t\t\t\t\talt=\"https:\/\/files.sunoresearch.com.br\/n\/uploads\/2023\/04\/1420x240-Planilha-vida-financeira-true.png\"\n\t\t\t\t>\n\t\t\t<\/picture>\n\t\t<\/a>\n\t<\/p>\n\n\n<p>Para deixar pens\u00e3o, \u00e9 preciso contribuir para o <a href=\"https:\/\/www.suno.com.br\/artigos\/sistema-previdenciario-brasileiro\/\">sistema previdenci\u00e1rio<\/a>, destacou o pesquisador. Empregados com carteira podem deixar o benef\u00edcio da pens\u00e3o, mas desempregados ou empregados informais n\u00e3o, mesmo que suas fam\u00edlias fiquem mais vulner\u00e1veis \u00e0 mis\u00e9ria.<\/p>\n<p>&#8220;Esse n\u00e3o seria um problema t\u00e3o grave se houvesse algum benef\u00edcio infantil robusto no Pa\u00eds, como existem em muitos pa\u00edses desenvolvidos. No Bolsa Fam\u00edlia, as crian\u00e7as \u00f3rf\u00e3s teriam direito somente a R$ 41 por m\u00eas cada, e apenas se a renda familiar fosse muito baixa&#8221;, ressalta.<\/p>\n<p>Nery alerta que, segundo a <strong>Fiocruz<\/strong>, foi na faixa et\u00e1ria entre 20 e 29 anos que os \u00f3bitos mais aumentaram entre o in\u00edcio do ano e o auge da segunda onda da doen\u00e7a. O crescimento foi de mais de 1.000% no per\u00edodo. A partir do momento em que mais jovens passam a morrer v\u00edtimas da pandemia, deve haver um aumento tamb\u00e9m do n\u00famero de crian\u00e7as que perdem o pai ou a m\u00e3e.<\/p>\n<p>Para a diretora institucional da Rede Brasileira de Renda B\u00e1sica, Paola Carvalho, o benef\u00edcio aos <strong>\u00f3rf\u00e3os da Covid-19<\/strong> j\u00e1 deveria ter sido estendido \u00e0s fam\u00edlias que perderam membros que as mantinham economicamente. &#8220;N\u00f3s reafirmamos isso ao governo, pois, se chegamos a quase 500 mil mortes, precisamos olhar com muito cuidado para a prote\u00e7\u00e3o social dessas fam\u00edlias, em particular atrav\u00e9s da assist\u00eancia social, com a finalidade de proteger de forma regular e cont\u00ednua os mais vulner\u00e1veis.&#8221;<\/p>\n<p><em>Com informa\u00e7\u00f5es do Estad\u00e3o Conte\u00fado.\u00a0<\/em><\/p>\n\t<p>\n\t\t<a href=\"https:\/\/lp.suno.com.br\/planilha-de-controle-de-investimentos\/\" target=\"_blank\" data-element=\"shortcode-suno-banner\" title=\"Banner SUNO, clique e saiba mais\">\n\t\t\t<picture>\n\t\t\t\t<source media=\"(max-width: 500px)\" srcset=\"https:\/\/files.sunoresearch.com.br\/n\/uploads\/2023\/03\/400x300-Controle-de-Investimentos.png\">\n\t\t\t\t<img class=\"newsContent__article__imgCapa newsContent__article__imgCapa--banner\"\n\t\t\t\t\tsrc=\"https:\/\/files.sunoresearch.com.br\/n\/uploads\/2023\/03\/1420x240-Controle-de-Investimentos.png\"\n\t\t\t\t\tdata-promo-id=\"75934\"\t\t\t\t\t\t\t\t\t\twidth='1420' height='240'\t\t\t\t\talt=\"https:\/\/files.sunoresearch.com.br\/n\/uploads\/2023\/03\/1420x240-Controle-de-Investimentos.png\"\n\t\t\t\t>\n\t\t\t<\/picture>\n\t\t<\/a>\n\t<\/p>\n\n\n","protected":false},"excerpt":{"rendered":"<p>O governo estuda criar um benef\u00edcio mensal para \u00f3rf\u00e3os da Covid-19. Segundo o jornal O Estado de S.Paulo, o Minist\u00e9rio da Cidadania trabalha com o valor de R$ 240 a R$ 250 por crian\u00e7a e adolescente. A inclus\u00e3o aconteceria na reformula\u00e7\u00e3o do Bolsa Fam\u00edlia. Foto: Pixabay. O benef\u00edcio seria dado automaticamente para crian\u00e7as e adolescentes [&hellip;]<\/p>\n","protected":false},"author":24,"featured_media":158239,"comment_status":"closed","ping_status":"closed","sticky":false,"template":"","format":"standard","meta":[],"categories":[62],"tags":[5255,740,1128,2748],"suno_strategy":[],"class_list":["post-158178","post","type-post","status-publish","format-standard","has-post-thumbnail","hentry","category-economia","tag-covid-19","tag-economia","tag-orcamento-publico","tag-pandemia"],"yoast_head":"<!-- This site is optimized with the Yoast SEO plugin v24.4 - https:\/\/yoast.com\/wordpress\/plugins\/seo\/ -->\n<title>\u00d3rf\u00e3os da Covid-19 poder\u00e3o receber benef\u00edcio mensal de R$ 250<\/title>\n<meta name=\"description\" content=\"O governo estuda criar um benef\u00edcio para \u00f3rf\u00e3os da Covid-19, de at\u00e9 R$ 250 mensais at\u00e9 os 18 anos de idade. Clique e saiba mais.\" \/>\n<meta name=\"robots\" content=\"index, follow, max-snippet:-1, max-image-preview:large, max-video-preview:-1\" \/>\n<link rel=\"canonical\" href=\"https:\/\/www.suno.com.br\/noticias\/orfaos-da-covid-19-beneficio-mensal-governo\/\" \/>\n<meta property=\"og:locale\" content=\"pt_BR\" \/>\n<meta property=\"og:type\" content=\"article\" \/>\n<meta property=\"og:title\" content=\"\u00d3rf\u00e3os da Covid-19 poder\u00e3o receber benef\u00edcio mensal de R$ 250\" \/>\n<meta property=\"og:description\" content=\"O governo estuda criar um benef\u00edcio para \u00f3rf\u00e3os da Covid-19, de at\u00e9 R$ 250 mensais at\u00e9 os 18 anos de idade. Clique e saiba mais.\" \/>\n<meta property=\"og:url\" content=\"https:\/\/www.suno.com.br\/noticias\/orfaos-da-covid-19-beneficio-mensal-governo\/\" \/>\n<meta property=\"og:site_name\" content=\"Suno Not\u00edcias\" \/>\n<meta property=\"article:publisher\" content=\"https:\/\/facebook.com\/sunoresearch\" \/>\n<meta property=\"og:image\" content=\"https:\/\/files.sunoresearch.com.br\/n\/uploads\/2021\/06\/16ece9f4-woman-5716038_1920.jpg\" \/>\n\t<meta property=\"og:image:width\" content=\"1920\" \/>\n\t<meta property=\"og:image:height\" content=\"1280\" \/>\n\t<meta property=\"og:image:type\" content=\"image\/jpeg\" \/>\n<meta name=\"author\" content=\"Jader Lazarini\" \/>\n<meta name=\"twitter:card\" content=\"summary_large_image\" \/>\n<meta name=\"twitter:creator\" content=\"@sunoresearch\" \/>\n<meta name=\"twitter:site\" content=\"@sunoresearch\" \/>\n<meta name=\"twitter:label1\" content=\"Escrito por\" \/>\n\t<meta name=\"twitter:data1\" content=\"Jader Lazarini\" \/>\n\t<meta name=\"twitter:label2\" content=\"Est. tempo de leitura\" \/>\n\t<meta name=\"twitter:data2\" content=\"4 minutos\" \/>\n<script type=\"application\/ld+json\" class=\"yoast-schema-graph\">{\"@context\":\"https:\/\/schema.org\",\"@graph\":[{\"@type\":\"NewsArticle\",\"@id\":\"https:\/\/www.suno.com.br\/noticias\/orfaos-da-covid-19-beneficio-mensal-governo\/#article\",\"isPartOf\":{\"@id\":\"https:\/\/www.suno.com.br\/noticias\/orfaos-da-covid-19-beneficio-mensal-governo\/\"},\"author\":{\"name\":\"Jader Lazarini\",\"@id\":\"https:\/\/www.suno.com.br\/noticias\/#\/schema\/person\/918d79de1f0281f01599b93f9ea6e23f\"},\"headline\":\"\u00d3rf\u00e3os da Covid-19 poder\u00e3o receber benef\u00edcio mensal de R$ 250 do governo\",\"datePublished\":\"2021-06-15T19:13:22+00:00\",\"dateModified\":\"2021-06-15T19:13:31+00:00\",\"mainEntityOfPage\":{\"@id\":\"https:\/\/www.suno.com.br\/noticias\/orfaos-da-covid-19-beneficio-mensal-governo\/\"},\"wordCount\":853,\"publisher\":{\"@id\":\"https:\/\/www.suno.com.br\/noticias\/#organization\"},\"image\":{\"@id\":\"https:\/\/www.suno.com.br\/noticias\/orfaos-da-covid-19-beneficio-mensal-governo\/#primaryimage\"},\"thumbnailUrl\":\"https:\/\/files.sunoresearch.com.br\/n\/uploads\/2021\/06\/16ece9f4-woman-5716038_1920-jpg.webp\",\"keywords\":[\"covid-19\",\"Economia\",\"Or\u00e7amento P\u00fablico\",\"pandemia\"],\"articleSection\":[\"Economia\"],\"inLanguage\":\"pt-BR\"},{\"@type\":\"WebPage\",\"@id\":\"https:\/\/www.suno.com.br\/noticias\/orfaos-da-covid-19-beneficio-mensal-governo\/\",\"url\":\"https:\/\/www.suno.com.br\/noticias\/orfaos-da-covid-19-beneficio-mensal-governo\/\",\"name\":\"\u00d3rf\u00e3os da Covid-19 poder\u00e3o receber benef\u00edcio mensal de R$ 250\",\"isPartOf\":{\"@id\":\"https:\/\/www.suno.com.br\/noticias\/#website\"},\"primaryImageOfPage\":{\"@id\":\"https:\/\/www.suno.com.br\/noticias\/orfaos-da-covid-19-beneficio-mensal-governo\/#primaryimage\"},\"image\":{\"@id\":\"https:\/\/www.suno.com.br\/noticias\/orfaos-da-covid-19-beneficio-mensal-governo\/#primaryimage\"},\"thumbnailUrl\":\"https:\/\/files.sunoresearch.com.br\/n\/uploads\/2021\/06\/16ece9f4-woman-5716038_1920-jpg.webp\",\"datePublished\":\"2021-06-15T19:13:22+00:00\",\"dateModified\":\"2021-06-15T19:13:31+00:00\",\"description\":\"O governo estuda criar um benef\u00edcio para \u00f3rf\u00e3os da Covid-19, de at\u00e9 R$ 250 mensais at\u00e9 os 18 anos de idade. Clique e saiba mais.\",\"breadcrumb\":{\"@id\":\"https:\/\/www.suno.com.br\/noticias\/orfaos-da-covid-19-beneficio-mensal-governo\/#breadcrumb\"},\"inLanguage\":\"pt-BR\",\"potentialAction\":[{\"@type\":\"ReadAction\",\"target\":[\"https:\/\/www.suno.com.br\/noticias\/orfaos-da-covid-19-beneficio-mensal-governo\/\"]}]},{\"@type\":\"ImageObject\",\"inLanguage\":\"pt-BR\",\"@id\":\"https:\/\/www.suno.com.br\/noticias\/orfaos-da-covid-19-beneficio-mensal-governo\/#primaryimage\",\"url\":\"https:\/\/files.sunoresearch.com.br\/n\/uploads\/2021\/06\/16ece9f4-woman-5716038_1920-jpg.webp\",\"contentUrl\":\"https:\/\/files.sunoresearch.com.br\/n\/uploads\/2021\/06\/16ece9f4-woman-5716038_1920-jpg.webp\",\"width\":1920,\"height\":1280,\"caption\":\"Foto: Pixabay.\"},{\"@type\":\"BreadcrumbList\",\"@id\":\"https:\/\/www.suno.com.br\/noticias\/orfaos-da-covid-19-beneficio-mensal-governo\/#breadcrumb\",\"itemListElement\":[{\"@type\":\"ListItem\",\"position\":1,\"name\":\"Not\u00edcias\",\"item\":\"https:\/\/www.suno.com.br\/noticias\/\"},{\"@type\":\"ListItem\",\"position\":2,\"name\":\"Economia\",\"item\":\"https:\/\/www.suno.com.br\/noticias\/economia\/\"},{\"@type\":\"ListItem\",\"position\":3,\"name\":\"\u00d3rf\u00e3os da Covid-19 poder\u00e3o receber benef\u00edcio mensal de R$ 250 do governo\"}]},{\"@type\":\"WebSite\",\"@id\":\"https:\/\/www.suno.com.br\/noticias\/#website\",\"url\":\"https:\/\/www.suno.com.br\/noticias\/\",\"name\":\"Suno Not\u00edcias\",\"description\":\"Seu portal de informa\u00e7\u00e3o sobre o mundo dos investimentos\",\"publisher\":{\"@id\":\"https:\/\/www.suno.com.br\/noticias\/#organization\"},\"potentialAction\":[{\"@type\":\"SearchAction\",\"target\":{\"@type\":\"EntryPoint\",\"urlTemplate\":\"https:\/\/www.suno.com.br\/noticias\/?s={search_term_string}\"},\"query-input\":{\"@type\":\"PropertyValueSpecification\",\"valueRequired\":true,\"valueName\":\"search_term_string\"}}],\"inLanguage\":\"pt-BR\"},{\"@type\":\"Organization\",\"@id\":\"https:\/\/www.suno.com.br\/noticias\/#organization\",\"name\":\"Suno Not\u00edcias\",\"url\":\"https:\/\/www.suno.com.br\/noticias\/\",\"logo\":{\"@type\":\"ImageObject\",\"inLanguage\":\"pt-BR\",\"@id\":\"https:\/\/www.suno.com.br\/noticias\/#\/schema\/logo\/image\/\",\"url\":\"https:\/\/files.sunoresearch.com.br\/n\/uploads\/2021\/09\/suno-logo.png\",\"contentUrl\":\"https:\/\/files.sunoresearch.com.br\/n\/uploads\/2021\/09\/suno-logo.png\",\"width\":180,\"height\":180,\"caption\":\"Suno Not\u00edcias\"},\"image\":{\"@id\":\"https:\/\/www.suno.com.br\/noticias\/#\/schema\/logo\/image\/\"},\"sameAs\":[\"https:\/\/facebook.com\/sunoresearch\",\"https:\/\/x.com\/sunoresearch\",\"https:\/\/www.instagram.com\/suno\",\"https:\/\/www.linkedin.com\/company\/suno-research\/\",\"https:\/\/www.youtube.com\/c\/sunoresearch\"]},{\"@type\":\"Person\",\"@id\":\"https:\/\/www.suno.com.br\/noticias\/#\/schema\/person\/918d79de1f0281f01599b93f9ea6e23f\",\"name\":\"Jader Lazarini\",\"image\":{\"@type\":\"ImageObject\",\"inLanguage\":\"pt-BR\",\"@id\":\"https:\/\/www.suno.com.br\/noticias\/#\/schema\/person\/image\/\",\"url\":\"https:\/\/secure.gravatar.com\/avatar\/3c1ad8caa51589841baeb923fcddea97?s=96&r=g\",\"contentUrl\":\"https:\/\/secure.gravatar.com\/avatar\/3c1ad8caa51589841baeb923fcddea97?s=96&r=g\",\"caption\":\"Jader Lazarini\"},\"description\":\"Jader Lazarini escreve sobre investimentos, finan\u00e7as, economia e neg\u00f3cios. \u00c9 bacharel em Rela\u00e7\u00f5es Internacionais e analista CNPI (2619).\",\"url\":\"https:\/\/www.suno.com.br\/noticias\/author\/jader-lazarini\/\"}]}<\/script>\n<!-- \/ Yoast SEO plugin. -->","yoast_head_json":{"title":"\u00d3rf\u00e3os da Covid-19 poder\u00e3o receber benef\u00edcio mensal de R$ 250","description":"O governo estuda criar um benef\u00edcio para \u00f3rf\u00e3os da Covid-19, de at\u00e9 R$ 250 mensais at\u00e9 os 18 anos de idade. Clique e saiba mais.","robots":{"index":"index","follow":"follow","max-snippet":"max-snippet:-1","max-image-preview":"max-image-preview:large","max-video-preview":"max-video-preview:-1"},"canonical":"https:\/\/www.suno.com.br\/noticias\/orfaos-da-covid-19-beneficio-mensal-governo\/","og_locale":"pt_BR","og_type":"article","og_title":"\u00d3rf\u00e3os da Covid-19 poder\u00e3o receber benef\u00edcio mensal de R$ 250","og_description":"O governo estuda criar um benef\u00edcio para \u00f3rf\u00e3os da Covid-19, de at\u00e9 R$ 250 mensais at\u00e9 os 18 anos de idade. Clique e saiba mais.","og_url":"https:\/\/www.suno.com.br\/noticias\/orfaos-da-covid-19-beneficio-mensal-governo\/","og_site_name":"Suno Not\u00edcias","article_publisher":"https:\/\/facebook.com\/sunoresearch","og_image":[{"width":1920,"height":1280,"url":"https:\/\/files.sunoresearch.com.br\/n\/uploads\/2021\/06\/16ece9f4-woman-5716038_1920.jpg","type":"image\/jpeg"}],"author":"Jader Lazarini","twitter_card":"summary_large_image","twitter_creator":"@sunoresearch","twitter_site":"@sunoresearch","twitter_misc":{"Escrito por":"Jader Lazarini","Est. tempo de leitura":"4 minutos"},"schema":{"@context":"https:\/\/schema.org","@graph":[{"@type":"NewsArticle","@id":"https:\/\/www.suno.com.br\/noticias\/orfaos-da-covid-19-beneficio-mensal-governo\/#article","isPartOf":{"@id":"https:\/\/www.suno.com.br\/noticias\/orfaos-da-covid-19-beneficio-mensal-governo\/"},"author":{"name":"Jader Lazarini","@id":"https:\/\/www.suno.com.br\/noticias\/#\/schema\/person\/918d79de1f0281f01599b93f9ea6e23f"},"headline":"\u00d3rf\u00e3os da Covid-19 poder\u00e3o receber benef\u00edcio mensal de R$ 250 do governo","datePublished":"2021-06-15T19:13:22+00:00","dateModified":"2021-06-15T19:13:31+00:00","mainEntityOfPage":{"@id":"https:\/\/www.suno.com.br\/noticias\/orfaos-da-covid-19-beneficio-mensal-governo\/"},"wordCount":853,"publisher":{"@id":"https:\/\/www.suno.com.br\/noticias\/#organization"},"image":{"@id":"https:\/\/www.suno.com.br\/noticias\/orfaos-da-covid-19-beneficio-mensal-governo\/#primaryimage"},"thumbnailUrl":"https:\/\/files.sunoresearch.com.br\/n\/uploads\/2021\/06\/16ece9f4-woman-5716038_1920-jpg.webp","keywords":["covid-19","Economia","Or\u00e7amento P\u00fablico","pandemia"],"articleSection":["Economia"],"inLanguage":"pt-BR"},{"@type":"WebPage","@id":"https:\/\/www.suno.com.br\/noticias\/orfaos-da-covid-19-beneficio-mensal-governo\/","url":"https:\/\/www.suno.com.br\/noticias\/orfaos-da-covid-19-beneficio-mensal-governo\/","name":"\u00d3rf\u00e3os da Covid-19 poder\u00e3o receber benef\u00edcio mensal de R$ 250","isPartOf":{"@id":"https:\/\/www.suno.com.br\/noticias\/#website"},"primaryImageOfPage":{"@id":"https:\/\/www.suno.com.br\/noticias\/orfaos-da-covid-19-beneficio-mensal-governo\/#primaryimage"},"image":{"@id":"https:\/\/www.suno.com.br\/noticias\/orfaos-da-covid-19-beneficio-mensal-governo\/#primaryimage"},"thumbnailUrl":"https:\/\/files.sunoresearch.com.br\/n\/uploads\/2021\/06\/16ece9f4-woman-5716038_1920-jpg.webp","datePublished":"2021-06-15T19:13:22+00:00","dateModified":"2021-06-15T19:13:31+00:00","description":"O governo estuda criar um benef\u00edcio para \u00f3rf\u00e3os da Covid-19, de at\u00e9 R$ 250 mensais at\u00e9 os 18 anos de idade. Clique e saiba mais.","breadcrumb":{"@id":"https:\/\/www.suno.com.br\/noticias\/orfaos-da-covid-19-beneficio-mensal-governo\/#breadcrumb"},"inLanguage":"pt-BR","potentialAction":[{"@type":"ReadAction","target":["https:\/\/www.suno.com.br\/noticias\/orfaos-da-covid-19-beneficio-mensal-governo\/"]}]},{"@type":"ImageObject","inLanguage":"pt-BR","@id":"https:\/\/www.suno.com.br\/noticias\/orfaos-da-covid-19-beneficio-mensal-governo\/#primaryimage","url":"https:\/\/files.sunoresearch.com.br\/n\/uploads\/2021\/06\/16ece9f4-woman-5716038_1920-jpg.webp","contentUrl":"https:\/\/files.sunoresearch.com.br\/n\/uploads\/2021\/06\/16ece9f4-woman-5716038_1920-jpg.webp","width":1920,"height":1280,"caption":"Foto: Pixabay."},{"@type":"BreadcrumbList","@id":"https:\/\/www.suno.com.br\/noticias\/orfaos-da-covid-19-beneficio-mensal-governo\/#breadcrumb","itemListElement":[{"@type":"ListItem","position":1,"name":"Not\u00edcias","item":"https:\/\/www.suno.com.br\/noticias\/"},{"@type":"ListItem","position":2,"name":"Economia","item":"https:\/\/www.suno.com.br\/noticias\/economia\/"},{"@type":"ListItem","position":3,"name":"\u00d3rf\u00e3os da Covid-19 poder\u00e3o receber benef\u00edcio mensal de R$ 250 do governo"}]},{"@type":"WebSite","@id":"https:\/\/www.suno.com.br\/noticias\/#website","url":"https:\/\/www.suno.com.br\/noticias\/","name":"Suno Not\u00edcias","description":"Seu portal de informa\u00e7\u00e3o sobre o mundo dos investimentos","publisher":{"@id":"https:\/\/www.suno.com.br\/noticias\/#organization"},"potentialAction":[{"@type":"SearchAction","target":{"@type":"EntryPoint","urlTemplate":"https:\/\/www.suno.com.br\/noticias\/?s={search_term_string}"},"query-input":{"@type":"PropertyValueSpecification","valueRequired":true,"valueName":"search_term_string"}}],"inLanguage":"pt-BR"},{"@type":"Organization","@id":"https:\/\/www.suno.com.br\/noticias\/#organization","name":"Suno Not\u00edcias","url":"https:\/\/www.suno.com.br\/noticias\/","logo":{"@type":"ImageObject","inLanguage":"pt-BR","@id":"https:\/\/www.suno.com.br\/noticias\/#\/schema\/logo\/image\/","url":"https:\/\/files.sunoresearch.com.br\/n\/uploads\/2021\/09\/suno-logo.png","contentUrl":"https:\/\/files.sunoresearch.com.br\/n\/uploads\/2021\/09\/suno-logo.png","width":180,"height":180,"caption":"Suno Not\u00edcias"},"image":{"@id":"https:\/\/www.suno.com.br\/noticias\/#\/schema\/logo\/image\/"},"sameAs":["https:\/\/facebook.com\/sunoresearch","https:\/\/x.com\/sunoresearch","https:\/\/www.instagram.com\/suno","https:\/\/www.linkedin.com\/company\/suno-research\/","https:\/\/www.youtube.com\/c\/sunoresearch"]},{"@type":"Person","@id":"https:\/\/www.suno.com.br\/noticias\/#\/schema\/person\/918d79de1f0281f01599b93f9ea6e23f","name":"Jader Lazarini","image":{"@type":"ImageObject","inLanguage":"pt-BR","@id":"https:\/\/www.suno.com.br\/noticias\/#\/schema\/person\/image\/","url":"https:\/\/secure.gravatar.com\/avatar\/3c1ad8caa51589841baeb923fcddea97?s=96&r=g","contentUrl":"https:\/\/secure.gravatar.com\/avatar\/3c1ad8caa51589841baeb923fcddea97?s=96&r=g","caption":"Jader Lazarini"},"description":"Jader Lazarini escreve sobre investimentos, finan\u00e7as, economia e neg\u00f3cios. \u00c9 bacharel em Rela\u00e7\u00f5es Internacionais e analista CNPI (2619).","url":"https:\/\/www.suno.com.br\/noticias\/author\/jader-lazarini\/"}]}},"default_loop_html":"<div class=\"cardsPage__listCard__boxs\"><div class=\"cardsPage__listCard__boxs__img\"><a href=\"https:\/\/www.suno.com.br\/noticias\/orfaos-da-covid-19-beneficio-mensal-governo\/\"><img class=\"mask\" src=\"https:\/\/www.suno.com.br\/noticias\/wp-content\/themes\/suno\/resources\/images\/spotlight\/spotlight1img\/bg-mask.png\" alt=\"Image Mask\"\/><img src=\"https:\/\/files.sunoresearch.com.br\/n\/uploads\/2021\/06\/16ece9f4-woman-5716038_1920-400x200.webp\" alt=\"\u00d3rf\u00e3os da Covid-19 poder\u00e3o receber benef\u00edcio mensal de R$ 250 do governo\"\/><\/a><span class=\"spotlightCategory\"><a href=\"https:\/\/www.suno.com.br\/noticias\/economia\/\">Economia<\/a><\/span><\/div><div class=\"cardsPage__listCard__boxs__content\"><a href=\"https:\/\/www.suno.com.br\/noticias\/orfaos-da-covid-19-beneficio-mensal-governo\/\"><h2 class=\"content__title\">\u00d3rf\u00e3os da Covid-19 poder\u00e3o receber benef\u00edcio mensal de R$ 250 do governo<\/h2><\/a><div class=\"newsContent__article__meta\"><div class=\"newsContent__article__meta__authorBox\"><a href=\"https:\/\/www.suno.com.br\/noticias\/author\/jader-lazarini\/\" class=\"authorBox__avatar noMobi\"><img src=\"https:\/\/files.sunoresearch.com.br\/n\/uploads\/2021\/01\/178e6598-foto-perfil-2-150x150.jpg\" alt=\"Jader Lazarini\"><\/a><div class=\"authorBox__name\"><span>por\n\t\t\t<a href=\"https:\/\/www.suno.com.br\/noticias\/author\/jader-lazarini\/\"><span itemprop=\"author\">Jader Lazarini<\/span><\/a><\/span><time datetime=\"2021-06-15T16:13:22-03:00\" itemprop=\"datePublished\">15\/06\/2021 16:13<\/time><\/div><\/div><\/div><\/div><\/div>","single_layout":"posts","amp_enabled":true,"_links":{"self":[{"href":"https:\/\/www.suno.com.br\/noticias\/wp-json\/wp\/v2\/posts\/158178"}],"collection":[{"href":"https:\/\/www.suno.com.br\/noticias\/wp-json\/wp\/v2\/posts"}],"about":[{"href":"https:\/\/www.suno.com.br\/noticias\/wp-json\/wp\/v2\/types\/post"}],"author":[{"embeddable":true,"href":"https:\/\/www.suno.com.br\/noticias\/wp-json\/wp\/v2\/users\/24"}],"replies":[{"embeddable":true,"href":"https:\/\/www.suno.com.br\/noticias\/wp-json\/wp\/v2\/comments?post=158178"}],"version-history":[{"count":2,"href":"https:\/\/www.suno.com.br\/noticias\/wp-json\/wp\/v2\/posts\/158178\/revisions"}],"predecessor-version":[{"id":158245,"href":"https:\/\/www.suno.com.br\/noticias\/wp-json\/wp\/v2\/posts\/158178\/revisions\/158245"}],"wp:featuredmedia":[{"embeddable":true,"href":"https:\/\/www.suno.com.br\/noticias\/wp-json\/wp\/v2\/media\/158239"}],"wp:attachment":[{"href":"https:\/\/www.suno.com.br\/noticias\/wp-json\/wp\/v2\/media?parent=158178"}],"wp:term":[{"taxonomy":"category","embeddable":true,"href":"https:\/\/www.suno.com.br\/noticias\/wp-json\/wp\/v2\/categories?post=158178"},{"taxonomy":"post_tag","embeddable":true,"href":"https:\/\/www.suno.com.br\/noticias\/wp-json\/wp\/v2\/tags?post=158178"},{"taxonomy":"suno_strategy","embeddable":true,"href":"https:\/\/www.suno.com.br\/noticias\/wp-json\/wp\/v2\/suno_strategy?post=158178"}],"curies":[{"name":"wp","href":"https:\/\/api.w.org\/{rel}","templated":true}]}}