{"id":15806,"date":"2019-02-19T12:01:18","date_gmt":"2019-02-19T15:01:18","guid":{"rendered":"https:\/\/www.suno.com.br\/noticias\/?p=15806"},"modified":"2019-02-19T12:38:16","modified_gmt":"2019-02-19T15:38:16","slug":"acoes-eletrobras-privatizacao-adiada","status":"publish","type":"post","link":"https:\/\/www.suno.com.br\/noticias\/acoes-eletrobras-privatizacao-adiada\/","title":{"rendered":"A\u00e7\u00f5es da Eletrobras lideram perdas ap\u00f3s privatiza\u00e7\u00e3o ser adiada"},"content":{"rendered":"<p>As a\u00e7\u00f5es da Eletrobras lideravam as perdas na manh\u00e3 desta ter\u00e7a-feira (19) na <strong>Bolsa de Valores<\/strong> de S\u00e3o Paulo. A queda ocorreu ap\u00f3s\u00a0a secret\u00e1ria-executiva do Minist\u00e9rio de Minas e Energia (MME), <strong>Marisete Pereira<\/strong>, informar que a <strong>privatiza\u00e7\u00e3o<\/strong> da <strong>estatal<\/strong> el\u00e9trica deve ser adiada para 2020.<\/p>\t<div class=\"wrapper-featured-image\">\n\t\t<figure class=\"spotlightImg\">\n\n\t\t\t<picture>\n\t\t\t\t<source media=\"(max-width: 768px)\" srcset=\"https:\/\/files.sunoresearch.com.br\/n\/uploads\/2019\/01\/ace044b3-eletrobras-400x200.webp\">\n\t\t\t\t<img loading=\"lazy\" decoding=\"async\" class=\"newsContent__article__imgCapa lazyloadDisabled newsContent__article__imgCapa--noCaption\" src=\"https:\/\/files.sunoresearch.com.br\/n\/uploads\/2019\/01\/ace044b3-eletrobras-800x450.webp\" width=\"800\" height=\"450\" alt=\"A\u00e7\u00f5es da Eletrobras lideram perdas ap\u00f3s privatiza\u00e7\u00e3o ser adiada\" fetchpriority=high \/>\n\t\t\t<\/picture>\n\n\t\t\t<figcaption class=\"wp-caption-text wp-caption-text--hide\">Uni\u00e3o ficar\u00e1 com cerca de 45% da Eletrobras ap\u00f3s privatiza\u00e7\u00e3o, diz CEO<\/figcaption>\n\t\t<\/figure>\n\t<\/div>\n\n\n<p>Confira abaixo as cota\u00e7\u00f5es dos papeis da <strong>Eletrobras<\/strong> por volta das 10h50:<\/p>\n<ul>\n<li>ELET6: alta de 3,75% a R$ 37,24<\/li>\n<li>ELET3: alta de 3,56% a R$ 34,17<\/li>\n<\/ul>\n<p>Marisete Pereira informou \u00e0 &#8220;Folha de S. Paulo&#8221; que o governo est\u00e1 reavaliando o modelo de capitaliza\u00e7\u00e3o da <strong>Eletrobras<\/strong>.<\/p>\n<p><a href=\"https:\/\/www.suno.com.br\/noticias\/cade-aprova-venda-distribuidora-eletrobras\/\">Saiba mais: Cade aprova venda da distribuidora Eletrobras Amazonas Energia\u00a0<\/a><\/p>\n<p>Por causa disso, o Executivo n\u00e3o ter\u00e1 tempo de realizar a venda das <strong>a\u00e7\u00f5es<\/strong> da estatal no mercado financeiro. Atrav\u00e9s desse processo o <strong>controle<\/strong> da companhia passaria da\u00a0<strong>Uni\u00e3o<\/strong> para particulares.<\/p>\n<p>&#8220;Essa \u00e9 uma <strong>pauta priorit\u00e1ria<\/strong> do minist\u00e9rio. \u00c9 certo que faremos a capitaliza\u00e7\u00e3o. O ministro [Bento Costa Lima Leite] j\u00e1 afirmou que o processo est\u00e1 mantido. O que estamos discutindo \u00e9 o modelo, como fazer. Pelo que vejo, deve ficar para 2020&#8243;, afirmou a secret\u00e1ria-executiva.<\/p>\n<p><a href=\"https:\/\/www.suno.com.br\/noticias\/eletrobras-modelo-de-capitalizacao-ainda-nao-foi-estipulado-diz-ministro\/\">Saiba mais &#8211;\u00a0Eletrobras: modelo de capitaliza\u00e7\u00e3o ainda n\u00e3o foi estipulado, diz ministro\u00a0<\/a><\/p>\n<h2>Receita da privatiza\u00e7\u00e3o<\/h2>\n<p>A equipe econ\u00f4mica decidiu retirar a <strong>receita<\/strong> de R$ 12 bilh\u00f5es prevista no <strong>Or\u00e7amento da Uni\u00e3o de 2019<\/strong>.<\/p>\n<p>Oficialmente, os <strong>recursos<\/strong> devem ser retirados da conta no final de mar\u00e7o. Ser\u00e1 ent\u00e3o que o <strong>governo<\/strong> far\u00e1 a primeira revis\u00e3o bimestral de <strong>receitas<\/strong> e <strong>despesas<\/strong>.<\/p>\n<p>Em 2018, o governo tamb\u00e9m chegou a contabilizar a entrada dos R$ 12 bilh\u00f5es em caixa. Por\u00e9m, devido \u00e0 <strong>resist\u00eancia<\/strong> pol\u00edtica \u00e0\u00a0<strong><a href=\"https:\/\/www.suno.com.br\/artigos\/privatizacao\/\">privatiza\u00e7\u00e3o\u00a0 <\/a><\/strong>a equipe econ\u00f4mica congelou as <strong>despesas<\/strong> que seriam pagas com esses <strong>recursos<\/strong>, at\u00e9 que tivesse certeza da <strong>opera\u00e7\u00e3o<\/strong>.<\/p>\n<p><a href=\"https:\/\/www.suno.com.br\/noticias\/eletrobras-precisa-capitalizada-presidente-estatal\/\">Saiba mais: A Eletrobras precisa ser capitalizada, diz presidente da estatal\u00a0<\/a><\/p>\n<p>O<strong> Tribunal de Contas da Uni\u00e3o<\/strong> (TCU) tem insistido para que o <a href=\"https:\/\/www.suno.com.br\/artigos\/tesouro-nacional\/\">Tesouro Nacional<\/a> seja mais cauteloso em suas estimativas de <strong>receita<\/strong>.<\/p>\n<p>&#8220;N\u00e3o dava para manter [no Or\u00e7amento] porque o projeto foi arquivado pelo <strong>Congresso Nacional.<\/strong> N\u00e3o \u00e9 mais uma <strong>receita prevista<\/strong>. Temos agora de enviar um <strong>novo projeto<\/strong>&#8220;, disse Marisete Pereira.<\/p>\n<p>De acordo com a secret\u00e1ria-executiva, a principal mudan\u00e7a do <strong>novo projeto<\/strong> \u00e9 que n\u00e3o ser\u00e1 necess\u00e1rio rever tantos detalhes. Diferente do texto que foi enviado ao <strong>Congresso<\/strong> pelo ex-presidente <strong>Michel Temer<\/strong> (MDB).<\/p>\n<p>&#8220;A gente s\u00f3 precisa de um marco legal permitindo que as <strong>usinas<\/strong> que hoje operam no regime de <strong>cotas<\/strong> possam gerar energia pelo sistema de <strong>produ\u00e7\u00e3o independente<\/strong> [<a href=\"https:\/\/www.suno.com.br\/artigos\/livre-mercado\/\">livre mercado<\/a>]. O restante a gente pode resolver no minist\u00e9rio&#8221;, afirmou Pereira.<\/p>\n<p>Contudo, ainda segundo a secret\u00e1ria, o projeto deve prever a <strong><a href=\"https:\/\/www.suno.com.br\/artigos\/golden-share\/\">golden share<\/a><\/strong>\u00a0(a\u00e7\u00e3o que d\u00e1 \u00e0 <strong>Uni\u00e3o<\/strong> poderes de veto em assuntos considerados estrat\u00e9gicos). E tamb\u00e9m incluir\u00e1 o limite de 10% de a\u00e7\u00f5es para voto em assembleias.<\/p>\n<p>A venda das a\u00e7\u00f5es da <strong>Eletrobras<\/strong> em Bolsa \u00e9 essencial para a companhia arrecadar dinheiro, e pagar \u00e0 <strong>Uni\u00e3o<\/strong> pelo direito de operar 14 <strong>usinas hidrel\u00e9tricas<\/strong> com regras e pre\u00e7os de <strong>mercado<\/strong>.<\/p>\n<p>Tal receita, denominada\u00a0<strong>outorga<\/strong>, ser\u00e1 contabilizada no <strong>Or\u00e7amento da Uni\u00e3o<\/strong> assim que o<strong> novo projeto<\/strong> da opera\u00e7\u00e3o seja ajustado e enviado ao Congresso Nacional.<\/p>\n<h2>Trava impede \u00fanico comprador<\/h2>\n<p>Na gest\u00e3o de <strong>Michel Temer<\/strong>, a ideia era destinar mais de 50% das a\u00e7\u00f5es em poder da Uni\u00e3o para serem vendidas ao <strong>mercado<\/strong>.<\/p>\n<p><a href=\"https:\/\/www.suno.com.br\/noticias\/tribunal-greve-privatizacao-ato-abusivo\/\">Saiba mais: Tribunal decide que greve contra privatiza\u00e7\u00e3o de estatal \u00e9 ato abusivo\u00a0<\/a><\/p>\n<p>Uma <strong>trava<\/strong> de 10% foi definida para impedir que, mesmo adquirindo um grande volume de papeis, um <strong>\u00fanico<\/strong> comprador n\u00e3o assuma o <strong>controle<\/strong> da empresa.<\/p>\n<p>Desta forma, objetiva-se que a <strong>Eletrobras<\/strong> tenha capital pulverizado e seu comando seja definido por uma administra\u00e7\u00e3o profissional.<\/p>\n","protected":false},"excerpt":{"rendered":"<p>As a\u00e7\u00f5es da Eletrobras lideravam as perdas na manh\u00e3 desta ter\u00e7a-feira (19) na Bolsa de Valores de S\u00e3o Paulo. A queda ocorreu ap\u00f3s\u00a0a secret\u00e1ria-executiva do Minist\u00e9rio de Minas e Energia (MME), Marisete Pereira, informar que a privatiza\u00e7\u00e3o da estatal el\u00e9trica deve ser adiada para 2020. Uni\u00e3o ficar\u00e1 com cerca de 45% da Eletrobras ap\u00f3s privatiza\u00e7\u00e3o, [&hellip;]<\/p>\n","protected":false},"author":12,"featured_media":10239,"comment_status":"closed","ping_status":"closed","sticky":false,"template":"","format":"standard","meta":[],"categories":[64],"tags":[455],"suno_strategy":[],"class_list":["post-15806","post","type-post","status-publish","format-standard","has-post-thumbnail","hentry","category-negocios","tag-eletrobras-elet3-elet5-elet6"],"yoast_head":"<!-- This site is optimized with the Yoast SEO plugin v24.4 - https:\/\/yoast.com\/wordpress\/plugins\/seo\/ -->\n<title>A\u00e7\u00f5es da Eletrobras lideram perdas ap\u00f3s privatiza\u00e7\u00e3o ser adiada<\/title>\n<meta name=\"description\" content=\"As a\u00e7\u00f5es da Eletrobras lideravam as perdas nesta ter\u00e7a-feira (19), ap\u00f3s informe com adiamento da privatiza\u00e7\u00e3o. Clique para saber mais.\" \/>\n<meta name=\"robots\" content=\"index, follow, max-snippet:-1, max-image-preview:large, max-video-preview:-1\" \/>\n<link rel=\"canonical\" href=\"https:\/\/www.suno.com.br\/noticias\/acoes-eletrobras-privatizacao-adiada\/\" \/>\n<meta property=\"og:locale\" content=\"pt_BR\" \/>\n<meta property=\"og:type\" content=\"article\" \/>\n<meta property=\"og:title\" content=\"A\u00e7\u00f5es da Eletrobras lideram perdas ap\u00f3s privatiza\u00e7\u00e3o ser adiada\" \/>\n<meta property=\"og:description\" content=\"As a\u00e7\u00f5es da Eletrobras lideravam as perdas nesta ter\u00e7a-feira (19), ap\u00f3s informe com adiamento da privatiza\u00e7\u00e3o. Clique para saber mais.\" \/>\n<meta property=\"og:url\" content=\"https:\/\/www.suno.com.br\/noticias\/acoes-eletrobras-privatizacao-adiada\/\" \/>\n<meta property=\"og:site_name\" content=\"Suno Not\u00edcias\" \/>\n<meta property=\"article:publisher\" content=\"https:\/\/facebook.com\/sunoresearch\" \/>\n<meta property=\"og:image\" content=\"https:\/\/files.sunoresearch.com.br\/n\/uploads\/2019\/01\/ace044b3-eletrobras.jpg\" \/>\n\t<meta property=\"og:image:width\" content=\"1140\" \/>\n\t<meta property=\"og:image:height\" content=\"760\" \/>\n\t<meta property=\"og:image:type\" content=\"image\/jpeg\" \/>\n<meta name=\"author\" content=\"Amanda Gushiken\" \/>\n<meta name=\"twitter:card\" content=\"summary_large_image\" \/>\n<meta name=\"twitter:creator\" content=\"@sunoresearch\" \/>\n<meta name=\"twitter:site\" content=\"@sunoresearch\" \/>\n<meta name=\"twitter:label1\" content=\"Escrito por\" \/>\n\t<meta name=\"twitter:data1\" content=\"Amanda Gushiken\" \/>\n\t<meta name=\"twitter:label2\" content=\"Est. tempo de leitura\" \/>\n\t<meta name=\"twitter:data2\" content=\"3 minutos\" \/>\n<script type=\"application\/ld+json\" class=\"yoast-schema-graph\">{\"@context\":\"https:\/\/schema.org\",\"@graph\":[{\"@type\":\"NewsArticle\",\"@id\":\"https:\/\/www.suno.com.br\/noticias\/acoes-eletrobras-privatizacao-adiada\/#article\",\"isPartOf\":{\"@id\":\"https:\/\/www.suno.com.br\/noticias\/acoes-eletrobras-privatizacao-adiada\/\"},\"author\":{\"name\":\"Amanda Gushiken\",\"@id\":\"https:\/\/www.suno.com.br\/noticias\/#\/schema\/person\/a5b06fa4e879d8e8e119c6ed3cd630d1\"},\"headline\":\"A\u00e7\u00f5es da Eletrobras lideram perdas ap\u00f3s privatiza\u00e7\u00e3o ser adiada\",\"datePublished\":\"2019-02-19T15:01:18+00:00\",\"dateModified\":\"2019-02-19T15:38:16+00:00\",\"mainEntityOfPage\":{\"@id\":\"https:\/\/www.suno.com.br\/noticias\/acoes-eletrobras-privatizacao-adiada\/\"},\"wordCount\":638,\"publisher\":{\"@id\":\"https:\/\/www.suno.com.br\/noticias\/#organization\"},\"image\":{\"@id\":\"https:\/\/www.suno.com.br\/noticias\/acoes-eletrobras-privatizacao-adiada\/#primaryimage\"},\"thumbnailUrl\":\"https:\/\/files.sunoresearch.com.br\/n\/uploads\/2019\/01\/ace044b3-eletrobras-jpg.webp\",\"keywords\":[\"Eletrobras (ELET3\/ELET5\/ELET6)\"],\"articleSection\":[\"Neg\u00f3cios\"],\"inLanguage\":\"pt-BR\"},{\"@type\":\"WebPage\",\"@id\":\"https:\/\/www.suno.com.br\/noticias\/acoes-eletrobras-privatizacao-adiada\/\",\"url\":\"https:\/\/www.suno.com.br\/noticias\/acoes-eletrobras-privatizacao-adiada\/\",\"name\":\"A\u00e7\u00f5es da Eletrobras lideram perdas ap\u00f3s privatiza\u00e7\u00e3o ser adiada\",\"isPartOf\":{\"@id\":\"https:\/\/www.suno.com.br\/noticias\/#website\"},\"primaryImageOfPage\":{\"@id\":\"https:\/\/www.suno.com.br\/noticias\/acoes-eletrobras-privatizacao-adiada\/#primaryimage\"},\"image\":{\"@id\":\"https:\/\/www.suno.com.br\/noticias\/acoes-eletrobras-privatizacao-adiada\/#primaryimage\"},\"thumbnailUrl\":\"https:\/\/files.sunoresearch.com.br\/n\/uploads\/2019\/01\/ace044b3-eletrobras-jpg.webp\",\"datePublished\":\"2019-02-19T15:01:18+00:00\",\"dateModified\":\"2019-02-19T15:38:16+00:00\",\"description\":\"As a\u00e7\u00f5es da Eletrobras lideravam as perdas nesta ter\u00e7a-feira (19), ap\u00f3s informe com adiamento da privatiza\u00e7\u00e3o. Clique para saber mais.\",\"breadcrumb\":{\"@id\":\"https:\/\/www.suno.com.br\/noticias\/acoes-eletrobras-privatizacao-adiada\/#breadcrumb\"},\"inLanguage\":\"pt-BR\",\"potentialAction\":[{\"@type\":\"ReadAction\",\"target\":[\"https:\/\/www.suno.com.br\/noticias\/acoes-eletrobras-privatizacao-adiada\/\"]}]},{\"@type\":\"ImageObject\",\"inLanguage\":\"pt-BR\",\"@id\":\"https:\/\/www.suno.com.br\/noticias\/acoes-eletrobras-privatizacao-adiada\/#primaryimage\",\"url\":\"https:\/\/files.sunoresearch.com.br\/n\/uploads\/2019\/01\/ace044b3-eletrobras-jpg.webp\",\"contentUrl\":\"https:\/\/files.sunoresearch.com.br\/n\/uploads\/2019\/01\/ace044b3-eletrobras-jpg.webp\",\"width\":1140,\"height\":760,\"caption\":\"Uni\u00e3o ficar\u00e1 com cerca de 45% da Eletrobras ap\u00f3s privatiza\u00e7\u00e3o, diz CEO\"},{\"@type\":\"BreadcrumbList\",\"@id\":\"https:\/\/www.suno.com.br\/noticias\/acoes-eletrobras-privatizacao-adiada\/#breadcrumb\",\"itemListElement\":[{\"@type\":\"ListItem\",\"position\":1,\"name\":\"Not\u00edcias\",\"item\":\"https:\/\/www.suno.com.br\/noticias\/\"},{\"@type\":\"ListItem\",\"position\":2,\"name\":\"Neg\u00f3cios\",\"item\":\"https:\/\/www.suno.com.br\/noticias\/negocios\/\"},{\"@type\":\"ListItem\",\"position\":3,\"name\":\"A\u00e7\u00f5es da Eletrobras lideram perdas ap\u00f3s privatiza\u00e7\u00e3o ser adiada\"}]},{\"@type\":\"WebSite\",\"@id\":\"https:\/\/www.suno.com.br\/noticias\/#website\",\"url\":\"https:\/\/www.suno.com.br\/noticias\/\",\"name\":\"Suno Not\u00edcias\",\"description\":\"Seu portal de informa\u00e7\u00e3o sobre o mundo dos investimentos\",\"publisher\":{\"@id\":\"https:\/\/www.suno.com.br\/noticias\/#organization\"},\"potentialAction\":[{\"@type\":\"SearchAction\",\"target\":{\"@type\":\"EntryPoint\",\"urlTemplate\":\"https:\/\/www.suno.com.br\/noticias\/?s={search_term_string}\"},\"query-input\":{\"@type\":\"PropertyValueSpecification\",\"valueRequired\":true,\"valueName\":\"search_term_string\"}}],\"inLanguage\":\"pt-BR\"},{\"@type\":\"Organization\",\"@id\":\"https:\/\/www.suno.com.br\/noticias\/#organization\",\"name\":\"Suno Not\u00edcias\",\"url\":\"https:\/\/www.suno.com.br\/noticias\/\",\"logo\":{\"@type\":\"ImageObject\",\"inLanguage\":\"pt-BR\",\"@id\":\"https:\/\/www.suno.com.br\/noticias\/#\/schema\/logo\/image\/\",\"url\":\"https:\/\/files.sunoresearch.com.br\/n\/uploads\/2021\/09\/suno-logo.png\",\"contentUrl\":\"https:\/\/files.sunoresearch.com.br\/n\/uploads\/2021\/09\/suno-logo.png\",\"width\":180,\"height\":180,\"caption\":\"Suno Not\u00edcias\"},\"image\":{\"@id\":\"https:\/\/www.suno.com.br\/noticias\/#\/schema\/logo\/image\/\"},\"sameAs\":[\"https:\/\/facebook.com\/sunoresearch\",\"https:\/\/x.com\/sunoresearch\",\"https:\/\/www.instagram.com\/suno\",\"https:\/\/www.linkedin.com\/company\/suno-research\/\",\"https:\/\/www.youtube.com\/c\/sunoresearch\"]},{\"@type\":\"Person\",\"@id\":\"https:\/\/www.suno.com.br\/noticias\/#\/schema\/person\/a5b06fa4e879d8e8e119c6ed3cd630d1\",\"name\":\"Amanda Gushiken\",\"image\":{\"@type\":\"ImageObject\",\"inLanguage\":\"pt-BR\",\"@id\":\"https:\/\/www.suno.com.br\/noticias\/#\/schema\/person\/image\/\",\"url\":\"https:\/\/secure.gravatar.com\/avatar\/ecd84705e6b65e3685ae80d725501fbe?s=96&r=g\",\"contentUrl\":\"https:\/\/secure.gravatar.com\/avatar\/ecd84705e6b65e3685ae80d725501fbe?s=96&r=g\",\"caption\":\"Amanda Gushiken\"},\"description\":\"Amanda Sayuri Gushiken escreve sobre finan\u00e7as e neg\u00f3cios para o portal Suno Not\u00edcias. Antes, trabalhou selecionando not\u00edcias da imprensa para clientes do mercado financeiro. Tamb\u00e9m desenvolveu pesquisa acad\u00eamica pela Universidade Anhembi Morumbi na \u00e1rea de Teorias da Comunica\u00e7\u00e3o e \u00e9 fot\u00f3grafa nas horas vagas.\",\"url\":\"https:\/\/www.suno.com.br\/noticias\/author\/amanda\/\"}]}<\/script>\n<!-- \/ Yoast SEO plugin. -->","yoast_head_json":{"title":"A\u00e7\u00f5es da Eletrobras lideram perdas ap\u00f3s privatiza\u00e7\u00e3o ser adiada","description":"As a\u00e7\u00f5es da Eletrobras lideravam as perdas nesta ter\u00e7a-feira (19), ap\u00f3s informe com adiamento da privatiza\u00e7\u00e3o. Clique para saber mais.","robots":{"index":"index","follow":"follow","max-snippet":"max-snippet:-1","max-image-preview":"max-image-preview:large","max-video-preview":"max-video-preview:-1"},"canonical":"https:\/\/www.suno.com.br\/noticias\/acoes-eletrobras-privatizacao-adiada\/","og_locale":"pt_BR","og_type":"article","og_title":"A\u00e7\u00f5es da Eletrobras lideram perdas ap\u00f3s privatiza\u00e7\u00e3o ser adiada","og_description":"As a\u00e7\u00f5es da Eletrobras lideravam as perdas nesta ter\u00e7a-feira (19), ap\u00f3s informe com adiamento da privatiza\u00e7\u00e3o. Clique para saber mais.","og_url":"https:\/\/www.suno.com.br\/noticias\/acoes-eletrobras-privatizacao-adiada\/","og_site_name":"Suno Not\u00edcias","article_publisher":"https:\/\/facebook.com\/sunoresearch","og_image":[{"width":1140,"height":760,"url":"https:\/\/files.sunoresearch.com.br\/n\/uploads\/2019\/01\/ace044b3-eletrobras.jpg","type":"image\/jpeg"}],"author":"Amanda Gushiken","twitter_card":"summary_large_image","twitter_creator":"@sunoresearch","twitter_site":"@sunoresearch","twitter_misc":{"Escrito por":"Amanda Gushiken","Est. tempo de leitura":"3 minutos"},"schema":{"@context":"https:\/\/schema.org","@graph":[{"@type":"NewsArticle","@id":"https:\/\/www.suno.com.br\/noticias\/acoes-eletrobras-privatizacao-adiada\/#article","isPartOf":{"@id":"https:\/\/www.suno.com.br\/noticias\/acoes-eletrobras-privatizacao-adiada\/"},"author":{"name":"Amanda Gushiken","@id":"https:\/\/www.suno.com.br\/noticias\/#\/schema\/person\/a5b06fa4e879d8e8e119c6ed3cd630d1"},"headline":"A\u00e7\u00f5es da Eletrobras lideram perdas ap\u00f3s privatiza\u00e7\u00e3o ser adiada","datePublished":"2019-02-19T15:01:18+00:00","dateModified":"2019-02-19T15:38:16+00:00","mainEntityOfPage":{"@id":"https:\/\/www.suno.com.br\/noticias\/acoes-eletrobras-privatizacao-adiada\/"},"wordCount":638,"publisher":{"@id":"https:\/\/www.suno.com.br\/noticias\/#organization"},"image":{"@id":"https:\/\/www.suno.com.br\/noticias\/acoes-eletrobras-privatizacao-adiada\/#primaryimage"},"thumbnailUrl":"https:\/\/files.sunoresearch.com.br\/n\/uploads\/2019\/01\/ace044b3-eletrobras-jpg.webp","keywords":["Eletrobras (ELET3\/ELET5\/ELET6)"],"articleSection":["Neg\u00f3cios"],"inLanguage":"pt-BR"},{"@type":"WebPage","@id":"https:\/\/www.suno.com.br\/noticias\/acoes-eletrobras-privatizacao-adiada\/","url":"https:\/\/www.suno.com.br\/noticias\/acoes-eletrobras-privatizacao-adiada\/","name":"A\u00e7\u00f5es da Eletrobras lideram perdas ap\u00f3s privatiza\u00e7\u00e3o ser adiada","isPartOf":{"@id":"https:\/\/www.suno.com.br\/noticias\/#website"},"primaryImageOfPage":{"@id":"https:\/\/www.suno.com.br\/noticias\/acoes-eletrobras-privatizacao-adiada\/#primaryimage"},"image":{"@id":"https:\/\/www.suno.com.br\/noticias\/acoes-eletrobras-privatizacao-adiada\/#primaryimage"},"thumbnailUrl":"https:\/\/files.sunoresearch.com.br\/n\/uploads\/2019\/01\/ace044b3-eletrobras-jpg.webp","datePublished":"2019-02-19T15:01:18+00:00","dateModified":"2019-02-19T15:38:16+00:00","description":"As a\u00e7\u00f5es da Eletrobras lideravam as perdas nesta ter\u00e7a-feira (19), ap\u00f3s informe com adiamento da privatiza\u00e7\u00e3o. Clique para saber mais.","breadcrumb":{"@id":"https:\/\/www.suno.com.br\/noticias\/acoes-eletrobras-privatizacao-adiada\/#breadcrumb"},"inLanguage":"pt-BR","potentialAction":[{"@type":"ReadAction","target":["https:\/\/www.suno.com.br\/noticias\/acoes-eletrobras-privatizacao-adiada\/"]}]},{"@type":"ImageObject","inLanguage":"pt-BR","@id":"https:\/\/www.suno.com.br\/noticias\/acoes-eletrobras-privatizacao-adiada\/#primaryimage","url":"https:\/\/files.sunoresearch.com.br\/n\/uploads\/2019\/01\/ace044b3-eletrobras-jpg.webp","contentUrl":"https:\/\/files.sunoresearch.com.br\/n\/uploads\/2019\/01\/ace044b3-eletrobras-jpg.webp","width":1140,"height":760,"caption":"Uni\u00e3o ficar\u00e1 com cerca de 45% da Eletrobras ap\u00f3s privatiza\u00e7\u00e3o, diz CEO"},{"@type":"BreadcrumbList","@id":"https:\/\/www.suno.com.br\/noticias\/acoes-eletrobras-privatizacao-adiada\/#breadcrumb","itemListElement":[{"@type":"ListItem","position":1,"name":"Not\u00edcias","item":"https:\/\/www.suno.com.br\/noticias\/"},{"@type":"ListItem","position":2,"name":"Neg\u00f3cios","item":"https:\/\/www.suno.com.br\/noticias\/negocios\/"},{"@type":"ListItem","position":3,"name":"A\u00e7\u00f5es da Eletrobras lideram perdas ap\u00f3s privatiza\u00e7\u00e3o ser adiada"}]},{"@type":"WebSite","@id":"https:\/\/www.suno.com.br\/noticias\/#website","url":"https:\/\/www.suno.com.br\/noticias\/","name":"Suno Not\u00edcias","description":"Seu portal de informa\u00e7\u00e3o sobre o mundo dos investimentos","publisher":{"@id":"https:\/\/www.suno.com.br\/noticias\/#organization"},"potentialAction":[{"@type":"SearchAction","target":{"@type":"EntryPoint","urlTemplate":"https:\/\/www.suno.com.br\/noticias\/?s={search_term_string}"},"query-input":{"@type":"PropertyValueSpecification","valueRequired":true,"valueName":"search_term_string"}}],"inLanguage":"pt-BR"},{"@type":"Organization","@id":"https:\/\/www.suno.com.br\/noticias\/#organization","name":"Suno Not\u00edcias","url":"https:\/\/www.suno.com.br\/noticias\/","logo":{"@type":"ImageObject","inLanguage":"pt-BR","@id":"https:\/\/www.suno.com.br\/noticias\/#\/schema\/logo\/image\/","url":"https:\/\/files.sunoresearch.com.br\/n\/uploads\/2021\/09\/suno-logo.png","contentUrl":"https:\/\/files.sunoresearch.com.br\/n\/uploads\/2021\/09\/suno-logo.png","width":180,"height":180,"caption":"Suno Not\u00edcias"},"image":{"@id":"https:\/\/www.suno.com.br\/noticias\/#\/schema\/logo\/image\/"},"sameAs":["https:\/\/facebook.com\/sunoresearch","https:\/\/x.com\/sunoresearch","https:\/\/www.instagram.com\/suno","https:\/\/www.linkedin.com\/company\/suno-research\/","https:\/\/www.youtube.com\/c\/sunoresearch"]},{"@type":"Person","@id":"https:\/\/www.suno.com.br\/noticias\/#\/schema\/person\/a5b06fa4e879d8e8e119c6ed3cd630d1","name":"Amanda Gushiken","image":{"@type":"ImageObject","inLanguage":"pt-BR","@id":"https:\/\/www.suno.com.br\/noticias\/#\/schema\/person\/image\/","url":"https:\/\/secure.gravatar.com\/avatar\/ecd84705e6b65e3685ae80d725501fbe?s=96&r=g","contentUrl":"https:\/\/secure.gravatar.com\/avatar\/ecd84705e6b65e3685ae80d725501fbe?s=96&r=g","caption":"Amanda Gushiken"},"description":"Amanda Sayuri Gushiken escreve sobre finan\u00e7as e neg\u00f3cios para o portal Suno Not\u00edcias. Antes, trabalhou selecionando not\u00edcias da imprensa para clientes do mercado financeiro. Tamb\u00e9m desenvolveu pesquisa acad\u00eamica pela Universidade Anhembi Morumbi na \u00e1rea de Teorias da Comunica\u00e7\u00e3o e \u00e9 fot\u00f3grafa nas horas vagas.","url":"https:\/\/www.suno.com.br\/noticias\/author\/amanda\/"}]}},"default_loop_html":"<div class=\"cardsPage__listCard__boxs\"><div class=\"cardsPage__listCard__boxs__img\"><a href=\"https:\/\/www.suno.com.br\/noticias\/acoes-eletrobras-privatizacao-adiada\/\"><img class=\"mask\" src=\"https:\/\/www.suno.com.br\/noticias\/wp-content\/themes\/suno\/resources\/images\/spotlight\/spotlight1img\/bg-mask.png\" alt=\"Image Mask\"\/><img src=\"https:\/\/files.sunoresearch.com.br\/n\/uploads\/2019\/01\/ace044b3-eletrobras-400x200.webp\" alt=\"A\u00e7\u00f5es da Eletrobras lideram perdas ap\u00f3s privatiza\u00e7\u00e3o ser adiada\"\/><\/a><span class=\"spotlightCategory\"><a href=\"https:\/\/www.suno.com.br\/noticias\/negocios\/\">Neg\u00f3cios<\/a><\/span><\/div><div class=\"cardsPage__listCard__boxs__content\"><a href=\"https:\/\/www.suno.com.br\/noticias\/acoes-eletrobras-privatizacao-adiada\/\"><h2 class=\"content__title\">A\u00e7\u00f5es da Eletrobras lideram perdas ap\u00f3s privatiza\u00e7\u00e3o ser adiada<\/h2><\/a><div class=\"newsContent__article__meta\"><div class=\"newsContent__article__meta__authorBox\"><a href=\"https:\/\/www.suno.com.br\/noticias\/author\/amanda\/\" class=\"authorBox__avatar noMobi\"><img src=\"https:\/\/files.sunoresearch.com.br\/n\/uploads\/2018\/11\/c6ad30be-amanda-150x150.webp\" alt=\"Amanda Gushiken\"><\/a><div class=\"authorBox__name\"><span>por\n\t\t\t<a href=\"https:\/\/www.suno.com.br\/noticias\/author\/amanda\/\"><span itemprop=\"author\">Amanda Gushiken<\/span><\/a><\/span><time datetime=\"2019-02-19T12:01:18-03:00\" itemprop=\"datePublished\">19\/02\/2019 12:01<\/time><\/div><\/div><\/div><\/div><\/div>","single_layout":"posts","amp_enabled":true,"_links":{"self":[{"href":"https:\/\/www.suno.com.br\/noticias\/wp-json\/wp\/v2\/posts\/15806"}],"collection":[{"href":"https:\/\/www.suno.com.br\/noticias\/wp-json\/wp\/v2\/posts"}],"about":[{"href":"https:\/\/www.suno.com.br\/noticias\/wp-json\/wp\/v2\/types\/post"}],"author":[{"embeddable":true,"href":"https:\/\/www.suno.com.br\/noticias\/wp-json\/wp\/v2\/users\/12"}],"replies":[{"embeddable":true,"href":"https:\/\/www.suno.com.br\/noticias\/wp-json\/wp\/v2\/comments?post=15806"}],"version-history":[{"count":0,"href":"https:\/\/www.suno.com.br\/noticias\/wp-json\/wp\/v2\/posts\/15806\/revisions"}],"wp:featuredmedia":[{"embeddable":true,"href":"https:\/\/www.suno.com.br\/noticias\/wp-json\/wp\/v2\/media\/10239"}],"wp:attachment":[{"href":"https:\/\/www.suno.com.br\/noticias\/wp-json\/wp\/v2\/media?parent=15806"}],"wp:term":[{"taxonomy":"category","embeddable":true,"href":"https:\/\/www.suno.com.br\/noticias\/wp-json\/wp\/v2\/categories?post=15806"},{"taxonomy":"post_tag","embeddable":true,"href":"https:\/\/www.suno.com.br\/noticias\/wp-json\/wp\/v2\/tags?post=15806"},{"taxonomy":"suno_strategy","embeddable":true,"href":"https:\/\/www.suno.com.br\/noticias\/wp-json\/wp\/v2\/suno_strategy?post=15806"}],"curies":[{"name":"wp","href":"https:\/\/api.w.org\/{rel}","templated":true}]}}